{"id":54790,"date":"2019-01-11T12:27:08","date_gmt":"2019-01-11T11:27:08","guid":{"rendered":"https:\/\/blog.euncet.com\/?p=54790"},"modified":"2023-02-24T13:36:24","modified_gmt":"2023-02-24T12:36:24","slug":"habilitats-directives","status":"publish","type":"post","link":"https:\/\/www.euncet.com\/blog\/ca\/habilitats-directives\/","title":{"rendered":"Classificaci\u00f3 de les habilitats directives m\u00e9s importants"},"content":{"rendered":"\t\t<div data-elementor-type=\"wp-post\" data-elementor-id=\"54790\" class=\"elementor elementor-54790\" data-elementor-post-type=\"post\">\n\t\t\t\t\t\t<section class=\"elementor-section elementor-top-section elementor-element elementor-element-efb42e3 elementor-section-boxed elementor-section-height-default elementor-section-height-default\" data-id=\"efb42e3\" data-element_type=\"section\" data-e-type=\"section\">\n\t\t\t\t\t\t<div class=\"elementor-container elementor-column-gap-default\">\n\t\t\t\t\t<div class=\"elementor-column elementor-col-100 elementor-top-column elementor-element elementor-element-14425a9\" data-id=\"14425a9\" data-element_type=\"column\" data-e-type=\"column\">\n\t\t\t<div class=\"elementor-widget-wrap elementor-element-populated\">\n\t\t\t\t\t\t<div class=\"elementor-element elementor-element-1ba6b1c elementor-widget elementor-widget-text-editor\" data-id=\"1ba6b1c\" data-element_type=\"widget\" data-e-type=\"widget\" data-widget_type=\"text-editor.default\">\n\t\t\t\t<div class=\"elementor-widget-container\">\n\t\t\t\t\t\t\t\t\t<p>En aquesta nova era, les empreses requereixen l\u00edders capa\u00e7os de portar a bon port cadascun dels seus projectes davant qualsevol adversitat. Busquen persones formades i preparades, capaces d&#8217;afrontar els nous reptes d&#8217;una societat en continu canvi i en un entorn incert. Per aix\u00f2, et presentem la <strong>classificaci\u00f3 de les habilitats directives m\u00e9s importants<\/strong>, aquelles que faran que la teva carrera professional sigui tot un \u00e8xit.<\/p><div id=\"ez-toc-container\" class=\"ez-toc-v2_0_82_2 counter-hierarchy ez-toc-counter ez-toc-custom ez-toc-container-direction\">\n<div class=\"ez-toc-title-container\">\n<p class=\"ez-toc-title\" style=\"cursor:inherit\">\u00cdNDEX DE CONTINGUTS<\/p>\n<span class=\"ez-toc-title-toggle\"><a href=\"#\" class=\"ez-toc-pull-right ez-toc-btn ez-toc-btn-xs ez-toc-btn-default ez-toc-toggle\" aria-label=\"Toggle Table of Content\"><span class=\"ez-toc-js-icon-con\"><span class=\"\"><span class=\"eztoc-hide\" style=\"display:none;\">Toggle<\/span><span class=\"ez-toc-icon-toggle-span\"><svg style=\"fill: #222222;color:#222222\" xmlns=\"http:\/\/www.w3.org\/2000\/svg\" class=\"list-377408\" width=\"20px\" height=\"20px\" viewBox=\"0 0 24 24\" fill=\"none\"><path d=\"M6 6H4v2h2V6zm14 0H8v2h12V6zM4 11h2v2H4v-2zm16 0H8v2h12v-2zM4 16h2v2H4v-2zm16 0H8v2h12v-2z\" fill=\"currentColor\"><\/path><\/svg><svg style=\"fill: #222222;color:#222222\" class=\"arrow-unsorted-368013\" xmlns=\"http:\/\/www.w3.org\/2000\/svg\" width=\"10px\" height=\"10px\" viewBox=\"0 0 24 24\" version=\"1.2\" baseProfile=\"tiny\"><path d=\"M18.2 9.3l-6.2-6.3-6.2 6.3c-.2.2-.3.4-.3.7s.1.5.3.7c.2.2.4.3.7.3h11c.3 0 .5-.1.7-.3.2-.2.3-.5.3-.7s-.1-.5-.3-.7zM5.8 14.7l6.2 6.3 6.2-6.3c.2-.2.3-.5.3-.7s-.1-.5-.3-.7c-.2-.2-.4-.3-.7-.3h-11c-.3 0-.5.1-.7.3-.2.2-.3.5-.3.7s.1.5.3.7z\"\/><\/svg><\/span><\/span><\/span><\/a><\/span><\/div>\n<nav><ul class='ez-toc-list ez-toc-list-level-1 ' ><li class='ez-toc-page-1 ez-toc-heading-level-2'><a class=\"ez-toc-link ez-toc-heading-1\" href=\"https:\/\/www.euncet.com\/blog\/ca\/habilitats-directives\/#Que_son_les_habilitats_directives\" >Qu\u00e8 s\u00f3n les habilitats directives?<\/a><\/li><li class='ez-toc-page-1 ez-toc-heading-level-2'><a class=\"ez-toc-link ez-toc-heading-2\" href=\"https:\/\/www.euncet.com\/blog\/ca\/habilitats-directives\/#Importancia_de_les_habilitats_directives_en_les_organitzacions\" >Import\u00e0ncia de les habilitats directives en les organitzacions<\/a><\/li><li class='ez-toc-page-1 ez-toc-heading-level-2'><a class=\"ez-toc-link ez-toc-heading-3\" href=\"https:\/\/www.euncet.com\/blog\/ca\/habilitats-directives\/#Classificacio_i_tipus_dhabilitats_directives\" >Classificaci\u00f3 i tipus d&#8217;habilitats directives<\/a><ul class='ez-toc-list-level-3' ><li class='ez-toc-heading-level-3'><a class=\"ez-toc-link ez-toc-heading-4\" href=\"https:\/\/www.euncet.com\/blog\/ca\/habilitats-directives\/#RESOLUCIO_DE_PROBLEMES\" >RESOLUCI\u00d3 DE PROBLEMES<\/a><\/li><li class='ez-toc-page-1 ez-toc-heading-level-3'><a class=\"ez-toc-link ez-toc-heading-5\" href=\"https:\/\/www.euncet.com\/blog\/ca\/habilitats-directives\/#PRESA_DE_DECISIONS\" >PRESA DE DECISIONS<\/a><\/li><li class='ez-toc-page-1 ez-toc-heading-level-3'><a class=\"ez-toc-link ez-toc-heading-6\" href=\"https:\/\/www.euncet.com\/blog\/ca\/habilitats-directives\/#FLEXIBILITAT_I_CAPACITAT_DADAPTACIO\" >FLEXIBILITAT I CAPACITAT D&#8217;ADAPTACI\u00d3<\/a><\/li><li class='ez-toc-page-1 ez-toc-heading-level-3'><a class=\"ez-toc-link ez-toc-heading-7\" href=\"https:\/\/www.euncet.com\/blog\/ca\/habilitats-directives\/#DESTRESES_INTERPERSONALS\" >DESTRESES INTERPERSONALS<\/a><\/li><\/ul><\/li><li class='ez-toc-page-1 ez-toc-heading-level-2'><a class=\"ez-toc-link ez-toc-heading-8\" href=\"https:\/\/www.euncet.com\/blog\/ca\/habilitats-directives\/#Les_habilitats_directives_mes_importants_per_a_tu\" >Les habilitats directives m\u00e9s importants per a tu<\/a><ul class='ez-toc-list-level-3' ><li class='ez-toc-heading-level-3'><a class=\"ez-toc-link ez-toc-heading-9\" href=\"https:\/\/www.euncet.com\/blog\/ca\/habilitats-directives\/#AUTOCONFIANCA_I_AUTOCONEIXEMENT\" >AUTOCONFIAN\u00c7A I AUTOCONEIXEMENT<\/a><\/li><li class='ez-toc-page-1 ez-toc-heading-level-3'><a class=\"ez-toc-link ez-toc-heading-10\" href=\"https:\/\/www.euncet.com\/blog\/ca\/habilitats-directives\/#PRUDENCIA\" >PRUD\u00c8NCIA<\/a><\/li><li class='ez-toc-page-1 ez-toc-heading-level-3'><a class=\"ez-toc-link ez-toc-heading-11\" href=\"https:\/\/www.euncet.com\/blog\/ca\/habilitats-directives\/#DELEGAR\" >DELEGAR<\/a><\/li><\/ul><\/li><\/ul><\/nav><\/div>\n<p><img fetchpriority=\"high\" decoding=\"async\" class=\"aligncenter size-full wp-image-54815\" src=\"https:\/\/blog.euncet.com\/wp-content\/uploads\/2022\/08\/habiltats-empresarials-cat.png\" alt=\"Qu\u00e8 s\u00f3n les habilitats directives\" width=\"750\" height=\"300\" srcset=\"https:\/\/www.euncet.com\/blog\/wp-content\/uploads\/2022\/08\/habiltats-empresarials-cat.png 750w, https:\/\/www.euncet.com\/blog\/wp-content\/uploads\/2022\/08\/habiltats-empresarials-cat-300x120.png 300w, https:\/\/www.euncet.com\/blog\/wp-content\/uploads\/2022\/08\/habiltats-empresarials-cat-80x32.png 80w\" sizes=\"(max-width: 750px) 100vw, 750px\" \/><\/p><h2><span class=\"ez-toc-section\" id=\"Que_son_les_habilitats_directives\"><\/span>Qu\u00e8 s\u00f3n les habilitats directives?<span class=\"ez-toc-section-end\"><\/span><\/h2><p>Quan parlem d&#8217;habilitats directives ens estem referint al <strong>conjunt de capacitats i coneixements que es consideren necess\u00e0ries per a l&#8217;acompliment de qualsevol activitat de gesti\u00f3 i lideratge<\/strong>. Ara b\u00e9, qu\u00e8 significa liderar?<\/p><p><strong>Fixar objectius, organitzar, comunicar i motivar, mesurar i avaluar, desenvolupar i formar persones <\/strong>s\u00f3n les 5 operacions b\u00e0siques en les quals <strong>Peter Drucker<\/strong> resumeix el treball d&#8217;un directiu.<\/p><p>Cada vegada els directius i directives s\u00f3n m\u00e9s conscients de la <strong>import\u00e0ncia d&#8217;inspirar al seu equip<\/strong>. Per a aix\u00f2, \u00e9s necessari que comptin amb una s\u00e8rie <strong>d&#8217;habilitats humanes que els permeti liderar, motivar i convertir-se en aquest referent<\/strong> al qual seguir. \u00c9s en aquest punt on <strong>la intel\u00b7lig\u00e8ncia social<\/strong> juga un paper clau. Qualsevol directiu ha de ser capa\u00e7 de dominar <strong>habilitats socials<\/strong> com la <strong>capacitat de comunicaci\u00f3<\/strong> o la <strong>resoluci\u00f3 de conflictes<\/strong> per a aconseguir els objectius.<\/p><p>Les habilitats directives poden <strong>classificar-se segons si s\u00f3n habilitats t\u00e8cniques, humanes o conceptuals<\/strong>. Unes bones capacitats i habilitats directives et permetran, a m\u00e9s d&#8217;afrontar els problemes de la forma m\u00e9s eficient, ser un bon l\u00edder.<\/p><p>\u2192 M\u00e9s sobre Lideratge empresarial: com ser un bon l\u00edder?<\/p><p><img decoding=\"async\" class=\"aligncenter size-full wp-image-54818\" src=\"https:\/\/blog.euncet.com\/wp-content\/uploads\/2022\/08\/Importancia-de-las-habilitats-directivas-en-les-organitzacions-cat.jpg\" alt=\"Import\u00e0ncia de les habilitats directives en les organitzacions\" width=\"750\" height=\"300\" srcset=\"https:\/\/www.euncet.com\/blog\/wp-content\/uploads\/2022\/08\/Importancia-de-las-habilitats-directivas-en-les-organitzacions-cat.jpg 750w, https:\/\/www.euncet.com\/blog\/wp-content\/uploads\/2022\/08\/Importancia-de-las-habilitats-directivas-en-les-organitzacions-cat-300x120.jpg 300w, https:\/\/www.euncet.com\/blog\/wp-content\/uploads\/2022\/08\/Importancia-de-las-habilitats-directivas-en-les-organitzacions-cat-80x32.jpg 80w\" sizes=\"(max-width: 750px) 100vw, 750px\" \/><\/p><h2><span class=\"ez-toc-section\" id=\"Importancia_de_les_habilitats_directives_en_les_organitzacions\"><\/span>Import\u00e0ncia de les habilitats directives en les organitzacions<span class=\"ez-toc-section-end\"><\/span><\/h2><p>Treballar les habilitats directives \u00e9s el que far\u00e0 que et converteixis en un millor professional capa\u00e7 de crear valor en una organitzaci\u00f3 amb qualsevol equip. I \u00e9s que, les habilitats directives permeten:<\/p><ul><li><strong>Crear sinergies<\/strong> amb altres l\u00edders dins de l&#8217;empresa i els seus equips de treball <strong>influint positivament.<\/strong><\/li><li><strong>Atreure, retenir i desenvolupar el talent<\/strong> del personal.<\/li><li><strong>Gestionar<\/strong> eficientment <strong>als empleats potenciant les seves fortaleses<\/strong>.<\/li><li>Aplicar t\u00e8cniques i recursos que permetin <strong>resoldre i mitigar conflictes<\/strong> que es donin en l&#8217;empresa.<\/li><li><strong>Crear valor i potenciar la competitivitat<\/strong> de la companyia conjuminant forces i recursos amb la resta de l&#8217;equip.<\/li><li>Tenir un <strong>equip motivat i comprom\u00e8s<\/strong> amb la consecuci\u00f3 dels objectius marcats.<\/li><li><strong>Enforteix la cultura comuna<\/strong>, alhora que millora les compet\u00e8ncies professionals dels empleats.<\/li><li><strong>Millora la satisfacci\u00f3 del servei<\/strong> al client, per la qual cosa s&#8217;obt\u00e9 un treball de major qualitat.<\/li><\/ul><p><img decoding=\"async\" class=\"aligncenter size-full wp-image-54821\" src=\"https:\/\/blog.euncet.com\/wp-content\/uploads\/2022\/08\/habilitats-directives-importants-cat.jpg\" alt=\"la importancia de les habilitats directives\" width=\"1755\" height=\"2048\" srcset=\"https:\/\/www.euncet.com\/blog\/wp-content\/uploads\/2022\/08\/habilitats-directives-importants-cat.jpg 1755w, https:\/\/www.euncet.com\/blog\/wp-content\/uploads\/2022\/08\/habilitats-directives-importants-cat-257x300.jpg 257w, https:\/\/www.euncet.com\/blog\/wp-content\/uploads\/2022\/08\/habilitats-directives-importants-cat-883x1030.jpg 883w, https:\/\/www.euncet.com\/blog\/wp-content\/uploads\/2022\/08\/habilitats-directives-importants-cat-69x80.jpg 69w, https:\/\/www.euncet.com\/blog\/wp-content\/uploads\/2022\/08\/habilitats-directives-importants-cat-768x896.jpg 768w, https:\/\/www.euncet.com\/blog\/wp-content\/uploads\/2022\/08\/habilitats-directives-importants-cat-1316x1536.jpg 1316w\" sizes=\"(max-width: 1755px) 100vw, 1755px\" \/><\/p><h2><span class=\"ez-toc-section\" id=\"Classificacio_i_tipus_dhabilitats_directives\"><\/span>Classificaci\u00f3 i tipus d&#8217;habilitats directives<span class=\"ez-toc-section-end\"><\/span><\/h2><h3><span class=\"ez-toc-section\" id=\"RESOLUCIO_DE_PROBLEMES\"><\/span>RESOLUCI\u00d3 DE PROBLEMES<span class=\"ez-toc-section-end\"><\/span><\/h3><p>Durant l&#8217;execuci\u00f3 d&#8217;un projecte, poden sorgir diversos<strong> conflictes<\/strong>, tant interns com externs. Poden generar-se disparitat d&#8217;opinions dins del grup de treball, o un GAP en el proc\u00e9s. S\u00f3n infinitat de situacions que conv\u00e9<strong> resoldre d&#8217;una forma \u00e0gil, r\u00e0pida i adequada.<\/strong><\/p><h3><span class=\"ez-toc-section\" id=\"PRESA_DE_DECISIONS\"><\/span>PRESA DE DECISIONS<span class=\"ez-toc-section-end\"><\/span><\/h3><p>Directament relacionada amb el punt anterior. Com a directiu, gran part del teu treball consistir\u00e0 <strong>a prendre diverses decisions<\/strong> que, a m\u00e9s, <strong>repercutiran directament sobre el resultat del teu treball<\/strong>. Per a saber com triar de manera correcta, \u00e9s imprescindible <strong>marcar-se uns objectius a complir<\/strong>, cenyir-se a ells i prendre el cam\u00ed que m\u00e9s t&#8217;aproximi als resultats que esperes aconseguir. A m\u00e9s, conv\u00e9<strong> evitar les decisions irreflexives<\/strong>, \u00e9s millor que et prenguis el teu temps per a pensar qu\u00e8 \u00e9s el millor per al teu treball.<\/p><h3><span class=\"ez-toc-section\" id=\"FLEXIBILITAT_I_CAPACITAT_DADAPTACIO\"><\/span>FLEXIBILITAT I CAPACITAT D&#8217;ADAPTACI\u00d3<span class=\"ez-toc-section-end\"><\/span><\/h3><p>Perqu\u00e8 moltes vegades les coses no s\u00f3n com ens agradaria que anessin, has de ser <strong>capa\u00e7 d&#8217;adaptar-te a les noves situacions<\/strong> sense que suposi un problema per a tu. Aix\u00f2 t&#8217;ajudar\u00e0, tamb\u00e9, a prendre decisions adequades.<\/p><p><br \/>\u2192 M\u00e9s sobre S\u00faper-Flexibilitat: Cam\u00ed d&#8217;Agilitat Estrat\u00e8gica<\/p><h3><span class=\"ez-toc-section\" id=\"DESTRESES_INTERPERSONALS\"><\/span>DESTRESES INTERPERSONALS<span class=\"ez-toc-section-end\"><\/span><\/h3><p>En el m\u00f3n laboral, quan es treballa com a directiu d&#8217;una empresa, \u00e9s important\u00edssim <strong>el tracte amb altres persones.<\/strong> Tant dins del personal a c\u00e0rrec teu, com amb possibles inversors, socis o col\u00b7laboradors externs. Per aix\u00f2, les seg\u00fcents destreses s\u00f3n imprescindibles en el dia a dia:<\/p><h4>Capacitat de lideratge<\/h4><p>Un alt lloc directiu ha de <strong>saber dirigir<\/strong> a les persones, <strong>per\u00f2 tamb\u00e9 motivar-les.<\/strong> D&#8217;aquesta manera, totes les persones que estiguin a c\u00e0rrec seu apostaran pel seu projecte com si fos propi. Un cap es dedica a manar, per\u00f2 <strong>un aut\u00e8ntic l\u00edder ha de ser capa\u00e7 de guiar al seu equip i treballar al costat d&#8217;ell.<\/strong> L&#8217;estil de lideratge \u00e9s una de les habilitats directives m\u00e9s importants per al teu futur.<\/p><h4>Comunicaci\u00f3 interpersonal<\/h4><p>Al llarg de la teva carrera professional, et trobar\u00e0s en multitud d&#8217;ocasions en les quals haur\u00e0s de presentar el teu projecte, la teva empresa o el teu equip a altres persones. Per aix\u00f2, has de desenvolupar les teves aptituds de comunicaci\u00f3 interpersonal. \u00c9s a dir, <strong>aprendre a expressar les teves idees, escoltar l&#8217;altre i fer un discurs propi<\/strong>. Sempre amb educaci\u00f3 i respecte.<\/p><h4>Intel\u00b7lig\u00e8ncia emocional<\/h4><p>Un equip de treball implica que el l\u00edder del projecte ha de bregar amb conjunts de persones. Cadascuna d&#8217;elles t\u00e9 emocions i sentiments. Com a directiu, has de saber gestionar-les amb delicadesa. <strong>Saber escoltar, ser emp\u00e0tic, assertiu i aprendre a comunicar emocionalment, evitar\u00e0 que el teu equip se senti frustrat<\/strong>. Dipositaran en tu tota la seva confian\u00e7a.<\/p><p>\u2192 M\u00e9s sobre Habilitats directives que t&#8217;ajudaran a adaptar-te als Nous Temps<\/p><h4>La capacitat de negociar<\/h4><p>La negociaci\u00f3 \u00e9s una de les habilitats directives i lideratge m\u00e9s important per a algunes empreses. La <strong>capacitat d&#8217;aconseguir les condicions m\u00e9s avantatjoses per a tu o el teu equip<\/strong>, et convertir\u00e0 en el l\u00edder que tota companyia voldr\u00e0 en les seves files.<\/p><p><img loading=\"lazy\" decoding=\"async\" class=\"aligncenter size-full wp-image-54824\" src=\"https:\/\/blog.euncet.com\/wp-content\/uploads\/2022\/08\/les-habilitats-directives-mes-importants-per-a-tu-cat.jpg\" alt=\"les habilitats directives amb m\u00e9s import\u00e0ncia per a t\u00fa\" width=\"750\" height=\"300\" srcset=\"https:\/\/www.euncet.com\/blog\/wp-content\/uploads\/2022\/08\/les-habilitats-directives-mes-importants-per-a-tu-cat.jpg 750w, https:\/\/www.euncet.com\/blog\/wp-content\/uploads\/2022\/08\/les-habilitats-directives-mes-importants-per-a-tu-cat-300x120.jpg 300w, https:\/\/www.euncet.com\/blog\/wp-content\/uploads\/2022\/08\/les-habilitats-directives-mes-importants-per-a-tu-cat-80x32.jpg 80w\" sizes=\"(max-width: 750px) 100vw, 750px\" \/><\/p><h2><span class=\"ez-toc-section\" id=\"Les_habilitats_directives_mes_importants_per_a_tu\"><\/span>Les habilitats directives m\u00e9s importants per a tu<span class=\"ez-toc-section-end\"><\/span><\/h2><h3><span class=\"ez-toc-section\" id=\"AUTOCONFIANCA_I_AUTOCONEIXEMENT\"><\/span>AUTOCONFIAN\u00c7A I AUTOCONEIXEMENT<span class=\"ez-toc-section-end\"><\/span><\/h3><p>A vegades, preocupar-nos pel funcionament de l&#8217;empresa o la correcta gesti\u00f3 d&#8217;emocions d&#8217;altres persones, pot fer que ens oblidem que tamb\u00e9 hem de treballar la nostra pr\u00f2pia confian\u00e7a. \u00c9s una de les habilitats directives m\u00e9s importants, ja que <strong>si no creus en tu mateix, ning\u00fa ho far\u00e0 per tu<\/strong>. A m\u00e9s, l&#8217;autoconeixement dels teus propis l\u00edmits, aix\u00ed com de les teves motivacions, t&#8217;ajudaran a no perdre l&#8217;entusiasme i l&#8217;amor al teu treball.<\/p><h3><span class=\"ez-toc-section\" id=\"PRUDENCIA\"><\/span>PRUD\u00c8NCIA<span class=\"ez-toc-section-end\"><\/span><\/h3><p>Aquesta destresa <strong>sol adquirir-se amb el temps i l&#8217;experi\u00e8ncia.<\/strong> No obstant aix\u00f2, <strong>ser prudent i saber quan demanar opinions<\/strong>, esperar a l&#8217;hora de prendre decisions i valorar totes les opcions disponibles, pot estalviar-te moltes situacions complicades a curt i llarg termini.<\/p><h3><span class=\"ez-toc-section\" id=\"DELEGAR\"><\/span>DELEGAR<span class=\"ez-toc-section-end\"><\/span><\/h3><p>Hem parlat molt de la gesti\u00f3 de l&#8217;equip de treball, i dins d&#8217;aix\u00f2 entra tamb\u00e9 la capacitat de delegar. <strong>Has de confiar plenament en totes les persones que t&#8217;envolten<\/strong>, per a poder assignar-los les tasques m\u00e9s adequades per a cadascun d&#8217;ells.<\/p><p>\u00a0<\/p><p>Si vols preparar-te per a convertir-te en el directiu que les companyies actuals necessiten, el postgrau en Habilitats Directives de Euncet Business School et formar\u00e0 per a desenvolupar les habilitats directives m\u00e9s importants i necess\u00e0ries per a la teva carrera.<\/p>\t\t\t\t\t\t\t\t<\/div>\n\t\t\t\t<\/div>\n\t\t\t\t\t<\/div>\n\t\t<\/div>\n\t\t\t\t\t<\/div>\n\t\t<\/section>\n\t\t\t\t<\/div>\n\t\t","protected":false},"excerpt":{"rendered":"<p>En aquesta nova era, les empreses requereixen l\u00edders capa\u00e7os de portar a bon port cadascun dels seus projectes davant qualsevol adversitat. Busquen persones formades i preparades, capaces d&#8217;afrontar els nous reptes d&#8217;una societat en continu canvi i en un entorn incert. Per aix\u00f2, et presentem la classificaci\u00f3 de les habilitats directives m\u00e9s importants, aquelles que [&hellip;]<\/p>\n","protected":false},"author":24,"featured_media":54815,"comment_status":"closed","ping_status":"closed","sticky":false,"template":"","format":"standard","meta":{"_acf_changed":false,"footnotes":""},"categories":[453],"tags":[],"class_list":["post-54790","post","type-post","status-publish","format-standard","has-post-thumbnail","hentry","category-leadership-management-ca"],"acf":[],"yoast_head":"<!-- This site is optimized with the Yoast SEO plugin v27.5 - https:\/\/yoast.com\/product\/yoast-seo-wordpress\/ -->\n<title>Hablititats directives: la importancia a l&#039;empresa - Euncet Business School<\/title>\n<meta name=\"description\" content=\"Descobreix qu\u00e8 s\u00f3n les habilitats directives i com dominar-les far\u00e0 que siguis un referent per als teus empleats.\" \/>\n<meta name=\"robots\" content=\"index, follow, max-snippet:-1, max-image-preview:large, max-video-preview:-1\" \/>\n<link rel=\"canonical\" href=\"https:\/\/www.euncet.com\/blog\/ca\/habilitats-directives\/\" \/>\n<meta property=\"og:locale\" content=\"ca_ES\" \/>\n<meta property=\"og:type\" content=\"article\" \/>\n<meta property=\"og:title\" content=\"Hablititats directives: la importancia a l&#039;empresa - Euncet Business School\" \/>\n<meta property=\"og:description\" content=\"Descobreix qu\u00e8 s\u00f3n les habilitats directives i com dominar-les far\u00e0 que siguis un referent per als teus empleats.\" \/>\n<meta property=\"og:url\" content=\"https:\/\/www.euncet.com\/blog\/ca\/habilitats-directives\/\" \/>\n<meta property=\"og:site_name\" content=\"Euncet Business School\" \/>\n<meta property=\"article:publisher\" content=\"https:\/\/www.facebook.com\/euncet\" \/>\n<meta property=\"article:published_time\" content=\"2019-01-11T11:27:08+00:00\" \/>\n<meta property=\"article:modified_time\" content=\"2023-02-24T12:36:24+00:00\" \/>\n<meta property=\"og:image\" content=\"https:\/\/www.euncet.com\/blog\/wp-content\/uploads\/2022\/08\/habiltats-empresarials-cat.png\" \/>\n\t<meta property=\"og:image:width\" content=\"750\" \/>\n\t<meta property=\"og:image:height\" content=\"300\" \/>\n\t<meta property=\"og:image:type\" content=\"image\/png\" \/>\n<meta name=\"author\" content=\"Auditoria Seo\" \/>\n<meta name=\"twitter:card\" content=\"summary_large_image\" \/>\n<meta name=\"twitter:creator\" content=\"@euncet\" \/>\n<meta name=\"twitter:site\" content=\"@euncet\" \/>\n<meta name=\"twitter:label1\" content=\"Escrit per\" \/>\n\t<meta name=\"twitter:data1\" content=\"Auditoria Seo\" \/>\n\t<meta name=\"twitter:label2\" content=\"Temps estimat de lectura\" \/>\n\t<meta name=\"twitter:data2\" content=\"6 minuts\" \/>\n<script type=\"application\/ld+json\" class=\"yoast-schema-graph\">{\"@context\":\"https:\\\/\\\/schema.org\",\"@graph\":[{\"@type\":\"Article\",\"@id\":\"https:\\\/\\\/www.euncet.com\\\/blog\\\/ca\\\/habilitats-directives\\\/#article\",\"isPartOf\":{\"@id\":\"https:\\\/\\\/www.euncet.com\\\/blog\\\/ca\\\/habilitats-directives\\\/\"},\"author\":{\"name\":\"Auditoria Seo\",\"@id\":\"https:\\\/\\\/www.euncet.com\\\/blog\\\/ca\\\/#\\\/schema\\\/person\\\/0ec3dcfcfedd4684271a0cabcc7b0d4b\"},\"headline\":\"Classificaci\u00f3 de les habilitats directives m\u00e9s importants\",\"datePublished\":\"2019-01-11T11:27:08+00:00\",\"dateModified\":\"2023-02-24T12:36:24+00:00\",\"mainEntityOfPage\":{\"@id\":\"https:\\\/\\\/www.euncet.com\\\/blog\\\/ca\\\/habilitats-directives\\\/\"},\"wordCount\":1211,\"image\":{\"@id\":\"https:\\\/\\\/www.euncet.com\\\/blog\\\/ca\\\/habilitats-directives\\\/#primaryimage\"},\"thumbnailUrl\":\"https:\\\/\\\/www.euncet.com\\\/blog\\\/wp-content\\\/uploads\\\/2022\\\/08\\\/habiltats-empresarials-cat.png\",\"articleSection\":[\"Leadership &amp; Management: tend\u00e8ncies\"],\"inLanguage\":\"ca\"},{\"@type\":\"WebPage\",\"@id\":\"https:\\\/\\\/www.euncet.com\\\/blog\\\/ca\\\/habilitats-directives\\\/\",\"url\":\"https:\\\/\\\/www.euncet.com\\\/blog\\\/ca\\\/habilitats-directives\\\/\",\"name\":\"Hablititats directives: la importancia a l'empresa - Euncet Business School\",\"isPartOf\":{\"@id\":\"https:\\\/\\\/www.euncet.com\\\/blog\\\/ca\\\/#website\"},\"primaryImageOfPage\":{\"@id\":\"https:\\\/\\\/www.euncet.com\\\/blog\\\/ca\\\/habilitats-directives\\\/#primaryimage\"},\"image\":{\"@id\":\"https:\\\/\\\/www.euncet.com\\\/blog\\\/ca\\\/habilitats-directives\\\/#primaryimage\"},\"thumbnailUrl\":\"https:\\\/\\\/www.euncet.com\\\/blog\\\/wp-content\\\/uploads\\\/2022\\\/08\\\/habiltats-empresarials-cat.png\",\"datePublished\":\"2019-01-11T11:27:08+00:00\",\"dateModified\":\"2023-02-24T12:36:24+00:00\",\"author\":{\"@id\":\"https:\\\/\\\/www.euncet.com\\\/blog\\\/ca\\\/#\\\/schema\\\/person\\\/0ec3dcfcfedd4684271a0cabcc7b0d4b\"},\"description\":\"Descobreix qu\u00e8 s\u00f3n les habilitats directives i com dominar-les far\u00e0 que siguis un referent per als teus empleats.\",\"breadcrumb\":{\"@id\":\"https:\\\/\\\/www.euncet.com\\\/blog\\\/ca\\\/habilitats-directives\\\/#breadcrumb\"},\"inLanguage\":\"ca\",\"potentialAction\":[{\"@type\":\"ReadAction\",\"target\":[\"https:\\\/\\\/www.euncet.com\\\/blog\\\/ca\\\/habilitats-directives\\\/\"]}]},{\"@type\":\"ImageObject\",\"inLanguage\":\"ca\",\"@id\":\"https:\\\/\\\/www.euncet.com\\\/blog\\\/ca\\\/habilitats-directives\\\/#primaryimage\",\"url\":\"https:\\\/\\\/www.euncet.com\\\/blog\\\/wp-content\\\/uploads\\\/2022\\\/08\\\/habiltats-empresarials-cat.png\",\"contentUrl\":\"https:\\\/\\\/www.euncet.com\\\/blog\\\/wp-content\\\/uploads\\\/2022\\\/08\\\/habiltats-empresarials-cat.png\",\"width\":750,\"height\":300,\"caption\":\"Qu\u00e8 s\u00f3n les habilitats directives\"},{\"@type\":\"BreadcrumbList\",\"@id\":\"https:\\\/\\\/www.euncet.com\\\/blog\\\/ca\\\/habilitats-directives\\\/#breadcrumb\",\"itemListElement\":[{\"@type\":\"ListItem\",\"position\":1,\"name\":\"Portada\",\"item\":\"https:\\\/\\\/www.euncet.com\\\/blog\\\/ca\\\/\"},{\"@type\":\"ListItem\",\"position\":2,\"name\":\"Classificaci\u00f3 de les habilitats directives m\u00e9s importants\"}]},{\"@type\":\"WebSite\",\"@id\":\"https:\\\/\\\/www.euncet.com\\\/blog\\\/ca\\\/#website\",\"url\":\"https:\\\/\\\/www.euncet.com\\\/blog\\\/ca\\\/\",\"name\":\"Euncet Business School\",\"description\":\"Escuela de negocios\",\"potentialAction\":[{\"@type\":\"SearchAction\",\"target\":{\"@type\":\"EntryPoint\",\"urlTemplate\":\"https:\\\/\\\/www.euncet.com\\\/blog\\\/ca\\\/?s={search_term_string}\"},\"query-input\":{\"@type\":\"PropertyValueSpecification\",\"valueRequired\":true,\"valueName\":\"search_term_string\"}}],\"inLanguage\":\"ca\"},{\"@type\":\"Person\",\"@id\":\"https:\\\/\\\/www.euncet.com\\\/blog\\\/ca\\\/#\\\/schema\\\/person\\\/0ec3dcfcfedd4684271a0cabcc7b0d4b\",\"name\":\"Auditoria Seo\",\"image\":{\"@type\":\"ImageObject\",\"inLanguage\":\"ca\",\"@id\":\"https:\\\/\\\/secure.gravatar.com\\\/avatar\\\/9a84d3ec4b3eea109b64fae1e81be9c0149ca0d074722e484bba93bdae1fb31e?s=96&d=mm&r=g\",\"url\":\"https:\\\/\\\/secure.gravatar.com\\\/avatar\\\/9a84d3ec4b3eea109b64fae1e81be9c0149ca0d074722e484bba93bdae1fb31e?s=96&d=mm&r=g\",\"contentUrl\":\"https:\\\/\\\/secure.gravatar.com\\\/avatar\\\/9a84d3ec4b3eea109b64fae1e81be9c0149ca0d074722e484bba93bdae1fb31e?s=96&d=mm&r=g\",\"caption\":\"Auditoria Seo\"},\"description\":\"Prueba de biografica\",\"url\":\"https:\\\/\\\/www.euncet.com\\\/blog\\\/ca\\\/author\\\/seo-euncet\\\/\"}]}<\/script>\n<!-- \/ Yoast SEO plugin. -->","yoast_head_json":{"title":"Hablititats directives: la importancia a l'empresa - Euncet Business School","description":"Descobreix qu\u00e8 s\u00f3n les habilitats directives i com dominar-les far\u00e0 que siguis un referent per als teus empleats.","robots":{"index":"index","follow":"follow","max-snippet":"max-snippet:-1","max-image-preview":"max-image-preview:large","max-video-preview":"max-video-preview:-1"},"canonical":"https:\/\/www.euncet.com\/blog\/ca\/habilitats-directives\/","og_locale":"ca_ES","og_type":"article","og_title":"Hablititats directives: la importancia a l'empresa - Euncet Business School","og_description":"Descobreix qu\u00e8 s\u00f3n les habilitats directives i com dominar-les far\u00e0 que siguis un referent per als teus empleats.","og_url":"https:\/\/www.euncet.com\/blog\/ca\/habilitats-directives\/","og_site_name":"Euncet Business School","article_publisher":"https:\/\/www.facebook.com\/euncet","article_published_time":"2019-01-11T11:27:08+00:00","article_modified_time":"2023-02-24T12:36:24+00:00","og_image":[{"width":750,"height":300,"url":"https:\/\/www.euncet.com\/blog\/wp-content\/uploads\/2022\/08\/habiltats-empresarials-cat.png","type":"image\/png"}],"author":"Auditoria Seo","twitter_card":"summary_large_image","twitter_creator":"@euncet","twitter_site":"@euncet","twitter_misc":{"Escrit per":"Auditoria Seo","Temps estimat de lectura":"6 minuts"},"schema":{"@context":"https:\/\/schema.org","@graph":[{"@type":"Article","@id":"https:\/\/www.euncet.com\/blog\/ca\/habilitats-directives\/#article","isPartOf":{"@id":"https:\/\/www.euncet.com\/blog\/ca\/habilitats-directives\/"},"author":{"name":"Auditoria Seo","@id":"https:\/\/www.euncet.com\/blog\/ca\/#\/schema\/person\/0ec3dcfcfedd4684271a0cabcc7b0d4b"},"headline":"Classificaci\u00f3 de les habilitats directives m\u00e9s importants","datePublished":"2019-01-11T11:27:08+00:00","dateModified":"2023-02-24T12:36:24+00:00","mainEntityOfPage":{"@id":"https:\/\/www.euncet.com\/blog\/ca\/habilitats-directives\/"},"wordCount":1211,"image":{"@id":"https:\/\/www.euncet.com\/blog\/ca\/habilitats-directives\/#primaryimage"},"thumbnailUrl":"https:\/\/www.euncet.com\/blog\/wp-content\/uploads\/2022\/08\/habiltats-empresarials-cat.png","articleSection":["Leadership &amp; Management: tend\u00e8ncies"],"inLanguage":"ca"},{"@type":"WebPage","@id":"https:\/\/www.euncet.com\/blog\/ca\/habilitats-directives\/","url":"https:\/\/www.euncet.com\/blog\/ca\/habilitats-directives\/","name":"Hablititats directives: la importancia a l'empresa - Euncet Business School","isPartOf":{"@id":"https:\/\/www.euncet.com\/blog\/ca\/#website"},"primaryImageOfPage":{"@id":"https:\/\/www.euncet.com\/blog\/ca\/habilitats-directives\/#primaryimage"},"image":{"@id":"https:\/\/www.euncet.com\/blog\/ca\/habilitats-directives\/#primaryimage"},"thumbnailUrl":"https:\/\/www.euncet.com\/blog\/wp-content\/uploads\/2022\/08\/habiltats-empresarials-cat.png","datePublished":"2019-01-11T11:27:08+00:00","dateModified":"2023-02-24T12:36:24+00:00","author":{"@id":"https:\/\/www.euncet.com\/blog\/ca\/#\/schema\/person\/0ec3dcfcfedd4684271a0cabcc7b0d4b"},"description":"Descobreix qu\u00e8 s\u00f3n les habilitats directives i com dominar-les far\u00e0 que siguis un referent per als teus empleats.","breadcrumb":{"@id":"https:\/\/www.euncet.com\/blog\/ca\/habilitats-directives\/#breadcrumb"},"inLanguage":"ca","potentialAction":[{"@type":"ReadAction","target":["https:\/\/www.euncet.com\/blog\/ca\/habilitats-directives\/"]}]},{"@type":"ImageObject","inLanguage":"ca","@id":"https:\/\/www.euncet.com\/blog\/ca\/habilitats-directives\/#primaryimage","url":"https:\/\/www.euncet.com\/blog\/wp-content\/uploads\/2022\/08\/habiltats-empresarials-cat.png","contentUrl":"https:\/\/www.euncet.com\/blog\/wp-content\/uploads\/2022\/08\/habiltats-empresarials-cat.png","width":750,"height":300,"caption":"Qu\u00e8 s\u00f3n les habilitats directives"},{"@type":"BreadcrumbList","@id":"https:\/\/www.euncet.com\/blog\/ca\/habilitats-directives\/#breadcrumb","itemListElement":[{"@type":"ListItem","position":1,"name":"Portada","item":"https:\/\/www.euncet.com\/blog\/ca\/"},{"@type":"ListItem","position":2,"name":"Classificaci\u00f3 de les habilitats directives m\u00e9s importants"}]},{"@type":"WebSite","@id":"https:\/\/www.euncet.com\/blog\/ca\/#website","url":"https:\/\/www.euncet.com\/blog\/ca\/","name":"Euncet Business School","description":"Escuela de negocios","potentialAction":[{"@type":"SearchAction","target":{"@type":"EntryPoint","urlTemplate":"https:\/\/www.euncet.com\/blog\/ca\/?s={search_term_string}"},"query-input":{"@type":"PropertyValueSpecification","valueRequired":true,"valueName":"search_term_string"}}],"inLanguage":"ca"},{"@type":"Person","@id":"https:\/\/www.euncet.com\/blog\/ca\/#\/schema\/person\/0ec3dcfcfedd4684271a0cabcc7b0d4b","name":"Auditoria Seo","image":{"@type":"ImageObject","inLanguage":"ca","@id":"https:\/\/secure.gravatar.com\/avatar\/9a84d3ec4b3eea109b64fae1e81be9c0149ca0d074722e484bba93bdae1fb31e?s=96&d=mm&r=g","url":"https:\/\/secure.gravatar.com\/avatar\/9a84d3ec4b3eea109b64fae1e81be9c0149ca0d074722e484bba93bdae1fb31e?s=96&d=mm&r=g","contentUrl":"https:\/\/secure.gravatar.com\/avatar\/9a84d3ec4b3eea109b64fae1e81be9c0149ca0d074722e484bba93bdae1fb31e?s=96&d=mm&r=g","caption":"Auditoria Seo"},"description":"Prueba de biografica","url":"https:\/\/www.euncet.com\/blog\/ca\/author\/seo-euncet\/"}]}},"_links":{"self":[{"href":"https:\/\/www.euncet.com\/blog\/ca\/wp-json\/wp\/v2\/posts\/54790","targetHints":{"allow":["GET"]}}],"collection":[{"href":"https:\/\/www.euncet.com\/blog\/ca\/wp-json\/wp\/v2\/posts"}],"about":[{"href":"https:\/\/www.euncet.com\/blog\/ca\/wp-json\/wp\/v2\/types\/post"}],"author":[{"embeddable":true,"href":"https:\/\/www.euncet.com\/blog\/ca\/wp-json\/wp\/v2\/users\/24"}],"replies":[{"embeddable":true,"href":"https:\/\/www.euncet.com\/blog\/ca\/wp-json\/wp\/v2\/comments?post=54790"}],"version-history":[{"count":0,"href":"https:\/\/www.euncet.com\/blog\/ca\/wp-json\/wp\/v2\/posts\/54790\/revisions"}],"wp:featuredmedia":[{"embeddable":true,"href":"https:\/\/www.euncet.com\/blog\/ca\/wp-json\/wp\/v2\/media\/54815"}],"wp:attachment":[{"href":"https:\/\/www.euncet.com\/blog\/ca\/wp-json\/wp\/v2\/media?parent=54790"}],"wp:term":[{"taxonomy":"category","embeddable":true,"href":"https:\/\/www.euncet.com\/blog\/ca\/wp-json\/wp\/v2\/categories?post=54790"},{"taxonomy":"post_tag","embeddable":true,"href":"https:\/\/www.euncet.com\/blog\/ca\/wp-json\/wp\/v2\/tags?post=54790"}],"curies":[{"name":"wp","href":"https:\/\/api.w.org\/{rel}","templated":true}]}}