{"id":58402,"date":"2022-05-31T11:40:18","date_gmt":"2022-05-31T09:40:18","guid":{"rendered":"https:\/\/blog.euncet.com\/?p=58402"},"modified":"2023-08-08T09:36:36","modified_gmt":"2023-08-08T07:36:36","slug":"compromis-colectiu","status":"publish","type":"post","link":"https:\/\/www.euncet.com\/blog\/ca\/compromis-colectiu\/","title":{"rendered":"Comprom\u00eds col\u00b7lectiu a la fam\u00edlia empres\u00e0ria"},"content":{"rendered":"<p><span data-contrast=\"auto\"><span class=\"TextRun SCXW220100318 BCX0\" lang=\"CA\" xml:lang=\"CA\" data-contrast=\"none\"><span class=\"NormalTextRun SCXW220100318 BCX0\">Per fomentar l&#8217;agilitaci\u00f3 estrat\u00e8gica de l&#8217;empresa familiar, \u00e9s fonamental que existeixi un comprom\u00eds col\u00b7lectiu. Els l\u00edders i la cultura organitzacional han de promoure aquest atribut per dotar a la companyia de s\u00faper-flexibilitat amb la implicaci\u00f3 del talent de l&#8217;organitzaci\u00f3 en els processos estrat\u00e8gics.<\/span><\/span><span class=\"LineBreakBlob BlobObject DragDrop SCXW220100318 BCX0\"><span class=\"SCXW220100318 BCX0\">\u00a0<\/span><br class=\"SCXW220100318 BCX0\" \/><\/span><span class=\"LineBreakBlob BlobObject DragDrop SCXW220100318 BCX0\"><span class=\"SCXW220100318 BCX0\">\u00a0<\/span><br class=\"SCXW220100318 BCX0\" \/><\/span><span class=\"TextRun SCXW220100318 BCX0\" lang=\"CA\" xml:lang=\"CA\" data-contrast=\"none\"><span class=\"NormalTextRun SCXW220100318 BCX0\">Sobre la import\u00e0ncia del comprom\u00eds col\u00b7lectiu en la fam\u00edlia empres\u00e0ria, <\/span><\/span><a class=\"Hyperlink SCXW220100318 BCX0\" href=\"https:\/\/www.linkedin.com\/in\/memogutierrez\/?originalSubdomain=mx\" target=\"_blank\" rel=\"noreferrer noopener\"><span class=\"TextRun Underlined SCXW220100318 BCX0\" lang=\"CA\" xml:lang=\"CA\" data-contrast=\"none\"><span class=\"NormalTextRun SCXW220100318 BCX0\" data-ccp-charstyle=\"Hyperlink\">Guillermo Guti\u00e9rrez<\/span><\/span><\/a><span class=\"TextRun SCXW220100318 BCX0\" lang=\"CA\" xml:lang=\"CA\" data-contrast=\"none\"><span class=\"NormalTextRun SCXW220100318 BCX0\">, soci conseller i cofundador de CEDEM, en reflexiona a la tercera sessi\u00f3 del programa d&#8217;inducci\u00f3 al <\/span><\/span><a class=\"Hyperlink SCXW220100318 BCX0\" href=\"https:\/\/www.euncet.com\/ca\/programes-online\/master-innovacio-emprenedoria-empresa-familiar\/\" target=\"_blank\" rel=\"noreferrer noopener\"><span class=\"TextRun Underlined SCXW220100318 BCX0\" lang=\"CA\" xml:lang=\"CA\" data-contrast=\"none\"><span class=\"NormalTextRun SCXW220100318 BCX0\" data-ccp-charstyle=\"Hyperlink\">m\u00e0ster en l\u00ednia en Innovaci\u00f3 i Emprenedoria a l&#8217;Empresa Familiar<\/span><\/span><\/a><span class=\"TextRun SCXW220100318 BCX0\" lang=\"CA\" xml:lang=\"CA\" data-contrast=\"none\"><span class=\"NormalTextRun SCXW220100318 BCX0\">, impartit per l\u2019<\/span><\/span><a class=\"Hyperlink SCXW220100318 BCX0\" href=\"https:\/\/www.euncet.es\/es\" target=\"_blank\" rel=\"noreferrer noopener\"><span class=\"TextRun Underlined SCXW220100318 BCX0\" lang=\"CA\" xml:lang=\"CA\" data-contrast=\"none\"><span class=\"NormalTextRun SCXW220100318 BCX0\" data-ccp-charstyle=\"Hyperlink\">Euncet Business School<\/span><\/span><\/a><span class=\"TextRun SCXW220100318 BCX0\" lang=\"CA\" xml:lang=\"CA\" data-contrast=\"none\"><span class=\"NormalTextRun SCXW220100318 BCX0\"> en alian\u00e7a amb <\/span><\/span><a class=\"Hyperlink SCXW220100318 BCX0\" href=\"https:\/\/www.cedem.com.mx\/\" target=\"_blank\" rel=\"noreferrer noopener\"><span class=\"TextRun Underlined SCXW220100318 BCX0\" lang=\"CA\" xml:lang=\"CA\" data-contrast=\"none\"><span class=\"NormalTextRun SCXW220100318 BCX0\" data-ccp-charstyle=\"Hyperlink\">CEDEM, Centro de Due\u00f1ez Empresaria<\/span><\/span><\/a><span class=\"TextRun SCXW220100318 BCX0\" lang=\"CA\" xml:lang=\"CA\" data-contrast=\"none\"><span class=\"NormalTextRun SCXW220100318 BCX0\">.<\/span><\/span><span class=\"LineBreakBlob BlobObject DragDrop SCXW220100318 BCX0\"><span class=\"SCXW220100318 BCX0\">\u00a0<\/span><br class=\"SCXW220100318 BCX0\" \/><\/span><span class=\"LineBreakBlob BlobObject DragDrop SCXW220100318 BCX0\"><span class=\"SCXW220100318 BCX0\">\u00a0<\/span><br class=\"SCXW220100318 BCX0\" \/><\/span><strong><span class=\"TextRun SCXW220100318 BCX0\" lang=\"CA\" xml:lang=\"CA\" data-contrast=\"none\"><span class=\"NormalTextRun SCXW220100318 BCX0\">Et pot interessar:<\/span><\/span> <\/strong><a class=\"Hyperlink SCXW220100318 BCX0\" href=\"https:\/\/blog.euncet.es\/sentido-estrategico-empresa-familiar\/\" target=\"_blank\" rel=\"noreferrer noopener\"><span class=\"TextRun Underlined SCXW220100318 BCX0\" lang=\"CA\" xml:lang=\"CA\" data-contrast=\"none\"><span class=\"NormalTextRun SCXW220100318 BCX0\" data-ccp-charstyle=\"Hyperlink\">Sentit Estrat\u00e8gic en l&#8217;Organitzaci\u00f3 Familiar<\/span><\/span><\/a><span class=\"TextRun SCXW220100318 BCX0\" lang=\"CA\" xml:lang=\"CA\" data-contrast=\"none\"><span class=\"NormalTextRun SCXW220100318 BCX0\">\u00a0<\/span><\/span><\/span><\/p><div id=\"ez-toc-container\" class=\"ez-toc-v2_0_82_2 counter-hierarchy ez-toc-counter ez-toc-custom ez-toc-container-direction\">\n<div class=\"ez-toc-title-container\">\n<p class=\"ez-toc-title\" style=\"cursor:inherit\">\u00cdNDEX DE CONTINGUTS<\/p>\n<span class=\"ez-toc-title-toggle\"><a href=\"#\" class=\"ez-toc-pull-right ez-toc-btn ez-toc-btn-xs ez-toc-btn-default ez-toc-toggle\" aria-label=\"Toggle Table of Content\"><span class=\"ez-toc-js-icon-con\"><span class=\"\"><span class=\"eztoc-hide\" style=\"display:none;\">Toggle<\/span><span class=\"ez-toc-icon-toggle-span\"><svg style=\"fill: #222222;color:#222222\" xmlns=\"http:\/\/www.w3.org\/2000\/svg\" class=\"list-377408\" width=\"20px\" height=\"20px\" viewBox=\"0 0 24 24\" fill=\"none\"><path d=\"M6 6H4v2h2V6zm14 0H8v2h12V6zM4 11h2v2H4v-2zm16 0H8v2h12v-2zM4 16h2v2H4v-2zm16 0H8v2h12v-2z\" fill=\"currentColor\"><\/path><\/svg><svg style=\"fill: #222222;color:#222222\" class=\"arrow-unsorted-368013\" xmlns=\"http:\/\/www.w3.org\/2000\/svg\" width=\"10px\" height=\"10px\" viewBox=\"0 0 24 24\" version=\"1.2\" baseProfile=\"tiny\"><path d=\"M18.2 9.3l-6.2-6.3-6.2 6.3c-.2.2-.3.4-.3.7s.1.5.3.7c.2.2.4.3.7.3h11c.3 0 .5-.1.7-.3.2-.2.3-.5.3-.7s-.1-.5-.3-.7zM5.8 14.7l6.2 6.3 6.2-6.3c.2-.2.3-.5.3-.7s-.1-.5-.3-.7c-.2-.2-.4-.3-.7-.3h-11c-.3 0-.5.1-.7.3-.2.2-.3.5-.3.7s.1.5.3.7z\"\/><\/svg><\/span><\/span><\/span><\/a><\/span><\/div>\n<nav><ul class='ez-toc-list ez-toc-list-level-1 ' ><li class='ez-toc-page-1 ez-toc-heading-level-2'><a class=\"ez-toc-link ez-toc-heading-1\" href=\"https:\/\/www.euncet.com\/blog\/ca\/compromis-colectiu\/#Que_es_el_compromis_collectiu\" >Qu\u00e8 \u00e9s el comprom\u00eds col\u00b7lectiu?<\/a><\/li><li class='ez-toc-page-1 ez-toc-heading-level-2'><a class=\"ez-toc-link ez-toc-heading-2\" href=\"https:\/\/www.euncet.com\/blog\/ca\/compromis-colectiu\/#Que_implica_el_compromis_collectiu\" >Qu\u00e8 implica el comprom\u00eds col\u00b7lectiu?\u00a0<\/a><\/li><li class='ez-toc-page-1 ez-toc-heading-level-2'><a class=\"ez-toc-link ez-toc-heading-3\" href=\"https:\/\/www.euncet.com\/blog\/ca\/compromis-colectiu\/#Mecanismes_del_compromis_collectiu\" >Mecanismes del comprom\u00eds col\u00b7lectiu<\/a><\/li><li class='ez-toc-page-1 ez-toc-heading-level-2'><a class=\"ez-toc-link ez-toc-heading-4\" href=\"https:\/\/www.euncet.com\/blog\/ca\/compromis-colectiu\/#El_desafiament_del_compromis_collectiu\" >El desafiament del comprom\u00eds col\u00b7lectiu<\/a><\/li><li class='ez-toc-page-1 ez-toc-heading-level-2'><a class=\"ez-toc-link ez-toc-heading-5\" href=\"https:\/\/www.euncet.com\/blog\/ca\/compromis-colectiu\/#Que_aporta_el_compromis_collectiu\" >Qu\u00e8 aporta el comprom\u00eds col\u00b7lectiu?<\/a><ul class='ez-toc-list-level-3' ><li class='ez-toc-heading-level-3'><a class=\"ez-toc-link ez-toc-heading-6\" href=\"https:\/\/www.euncet.com\/blog\/ca\/compromis-colectiu\/#Lestil_de_Duenez_i_lideratge\" >L&#8217;estil de Due\u00f1ez i lideratge<\/a><\/li><\/ul><\/li><li class='ez-toc-page-1 ez-toc-heading-level-2'><a class=\"ez-toc-link ez-toc-heading-7\" href=\"https:\/\/www.euncet.com\/blog\/ca\/compromis-colectiu\/#Com_respondre_amb_agilitat\" >Com respondre amb agilitat?<\/a><ul class='ez-toc-list-level-3' ><li class='ez-toc-heading-level-3'><a class=\"ez-toc-link ez-toc-heading-8\" href=\"https:\/\/www.euncet.com\/blog\/ca\/compromis-colectiu\/#Renovacio_de_lequip_directiu\" >Renovaci\u00f3 de l&#8217;equip directiu<\/a><\/li><li class='ez-toc-page-1 ez-toc-heading-level-3'><a class=\"ez-toc-link ez-toc-heading-9\" href=\"https:\/\/www.euncet.com\/blog\/ca\/compromis-colectiu\/#Interdependencia\" >Interdepend\u00e8ncia<\/a><\/li><\/ul><\/li><li class='ez-toc-page-1 ez-toc-heading-level-2'><a class=\"ez-toc-link ez-toc-heading-10\" href=\"https:\/\/www.euncet.com\/blog\/ca\/compromis-colectiu\/#Dificultats_a_les_organitzacions_familiars_per_agilitar_els_seus_compromisos_collectius\" >Dificultats a les organitzacions familiars per agilitar els seus compromisos col\u00b7lectius<\/a><\/li><\/ul><\/nav><\/div>\n\n<p><img fetchpriority=\"high\" decoding=\"async\" class=\"size-full wp-image-53604 aligncenter\" src=\"https:\/\/blog.euncet.com\/wp-content\/uploads\/2022\/05\/Que-es-el-compromiso-colectivo.png\" alt=\"\" width=\"750\" height=\"300\" srcset=\"https:\/\/www.euncet.com\/blog\/wp-content\/uploads\/2022\/05\/Que-es-el-compromiso-colectivo.png 750w, https:\/\/www.euncet.com\/blog\/wp-content\/uploads\/2022\/05\/Que-es-el-compromiso-colectivo-300x120.png 300w, https:\/\/www.euncet.com\/blog\/wp-content\/uploads\/2022\/05\/Que-es-el-compromiso-colectivo-80x32.png 80w\" sizes=\"(max-width: 750px) 100vw, 750px\" \/><\/p>\n<h2 aria-level=\"2\"><span class=\"ez-toc-section\" id=\"Que_es_el_compromis_collectiu\"><\/span><span class=\"TextRun SCXW101837919 BCX0\" lang=\"CA\" xml:lang=\"CA\" data-contrast=\"none\"><span class=\"NormalTextRun SCXW101837919 BCX0\">Qu\u00e8 \u00e9s el comprom\u00eds col\u00b7lectiu?<\/span><\/span><span class=\"ez-toc-section-end\"><\/span><\/h2>\n<p><span data-contrast=\"auto\"><span class=\"TextRun SCXW101837919 BCX0\" lang=\"CA\" xml:lang=\"CA\" data-contrast=\"none\"><span class=\"NormalTextRun SCXW101837919 BCX0\">Abans d&#8217;entendre la seva import\u00e0ncia a l&#8217;organitzaci\u00f3 familiar, cal con\u00e8ixer qu\u00e8 \u00e9s exactament el comprom\u00eds col\u00b7lectiu. Davant les din\u00e0miques de canvi, les empreses i, especialment, els familiars han de ser s\u00faper-flexibles. Qu\u00e8 vol dir aix\u00f2? Significa que han de ser <\/span><\/span><strong><span class=\"TextRun SCXW101837919 BCX0\" lang=\"CA\" xml:lang=\"CA\" data-contrast=\"none\"><span class=\"NormalTextRun SCXW101837919 BCX0\">capa\u00e7os d&#8217;adaptar-se a les noves circumst\u00e0ncies amb agilitat, per\u00f2 sense perdre de vista el rumb al qual es pret\u00e9n arribar<\/span><\/span><\/strong><span class=\"TextRun SCXW101837919 BCX0\" lang=\"CA\" xml:lang=\"CA\" data-contrast=\"none\"><span class=\"NormalTextRun SCXW101837919 BCX0\">. Aix\u00ed, doncs, aquest context obliga al fet que el pensament estrat\u00e8gic en els negocis acceleri els processos d&#8217;aprenentatge i d&#8217;adaptaci\u00f3 amb agilitat.<\/span><\/span><span class=\"LineBreakBlob BlobObject DragDrop SCXW101837919 BCX0\"><span class=\"SCXW101837919 BCX0\">\u00a0<\/span><br class=\"SCXW101837919 BCX0\" \/><\/span><span class=\"LineBreakBlob BlobObject DragDrop SCXW101837919 BCX0\"><span class=\"SCXW101837919 BCX0\">\u00a0<\/span><br class=\"SCXW101837919 BCX0\" \/><\/span><span class=\"TextRun SCXW101837919 BCX0\" lang=\"CA\" xml:lang=\"CA\" data-contrast=\"none\"><span class=\"NormalTextRun SCXW101837919 BCX0\">Dit d&#8217;una altra manera, cal ser capa\u00e7os de <\/span><\/span><span class=\"TextRun SCXW101837919 BCX0\" lang=\"CA\" xml:lang=\"CA\" data-contrast=\"none\"><strong><span class=\"NormalTextRun SCXW101837919 BCX0\">veure com no perdre la jugada detonadora de valor a trav\u00e9s de crear din\u00e0miques que contribueixin al comprom\u00eds col\u00b7lectiu dins dels equips de <\/span><span class=\"NormalTextRun SpellingErrorV2Themed SCXW101837919 BCX0\">Due\u00f1ez<\/span><\/strong><span class=\"NormalTextRun SCXW101837919 BCX0\"><strong> i el model de lideratge<\/strong>.<\/span><\/span><span class=\"TextRun SCXW101837919 BCX0\" lang=\"CA\" xml:lang=\"CA\" data-contrast=\"none\"><span class=\"NormalTextRun SCXW101837919 BCX0\"> Aix\u00f2 ajudar\u00e0 a dotar dels recursos suficients a l&#8217;organitzaci\u00f3 perqu\u00e8 l&#8217;orientaci\u00f3 estrat\u00e8gica es converteixi en resultats.<\/span><\/span><span class=\"LineBreakBlob BlobObject DragDrop SCXW101837919 BCX0\"><span class=\"SCXW101837919 BCX0\">\u00a0<\/span><\/span><\/span><\/p>\n<p><b><span data-contrast=\"auto\"><span class=\"TextRun SCXW101837919 BCX0\" lang=\"CA\" xml:lang=\"CA\" data-contrast=\"none\"><span class=\"NormalTextRun SCXW101837919 BCX0\">Et pot interessar: <\/span><\/span><a class=\"Hyperlink SCXW101837919 BCX0\" href=\"https:\/\/blog.euncet.es\/duenez-liderazgo-webinar-carlos-dumois\/\" target=\"_blank\" rel=\"noreferrer noopener\"><span class=\"TextRun Underlined SCXW101837919 BCX0\" lang=\"CA\" xml:lang=\"CA\" data-contrast=\"none\"><span class=\"NormalTextRun SCXW101837919 BCX0\" data-ccp-charstyle=\"Hyperlink\">Due\u00f1ez: Lideratge en el Cim, webinar a c\u00e0rrec de Carlos Dumois<\/span><\/span><\/a><\/span><\/b><\/p>\n<p><span data-contrast=\"auto\"><span class=\"TextRun SCXW25675658 BCX0\" lang=\"CA\" xml:lang=\"CA\" data-contrast=\"none\"><span class=\"NormalTextRun SCXW25675658 BCX0\">El comprom\u00eds col\u00b7lectiu \u00e9s la <\/span><\/span><strong><span class=\"TextRun SCXW25675658 BCX0\" lang=\"CA\" xml:lang=\"CA\" data-contrast=\"none\"><span class=\"NormalTextRun SCXW25675658 BCX0\">capacitat de posar-se d&#8217;acord amb agilitat en decisions transcendents amb les quals aportar creixement de valor al model de negoci<\/span><\/span><\/strong><span class=\"TextRun SCXW25675658 BCX0\" lang=\"CA\" xml:lang=\"CA\" data-contrast=\"none\"><span class=\"NormalTextRun SCXW25675658 BCX0\">. \u00c9s fruit d&#8217;una <\/span><\/span><strong><span class=\"TextRun SCXW25675658 BCX0\" lang=\"CA\" xml:lang=\"CA\" data-contrast=\"none\"><span class=\"NormalTextRun SCXW25675658 BCX0\">qualitat de di\u00e0leg superior<\/span><\/span><\/strong><span class=\"TextRun SCXW25675658 BCX0\" lang=\"CA\" xml:lang=\"CA\" data-contrast=\"none\"><span class=\"NormalTextRun SCXW25675658 BCX0\">, on es comparteixen raons, intencions i no sols arguments.<\/span><\/span><span class=\"LineBreakBlob BlobObject DragDrop SCXW25675658 BCX0\"><span class=\"SCXW25675658 BCX0\">\u00a0<\/span><br class=\"SCXW25675658 BCX0\" \/><\/span><span class=\"LineBreakBlob BlobObject DragDrop SCXW25675658 BCX0\"><span class=\"SCXW25675658 BCX0\">\u00a0<\/span><br class=\"SCXW25675658 BCX0\" \/><\/span><span class=\"TextRun SCXW25675658 BCX0\" lang=\"CA\" xml:lang=\"CA\" data-contrast=\"none\"><span class=\"NormalTextRun SCXW25675658 BCX0\">La import\u00e0ncia de <\/span><\/span><strong><span class=\"TextRun SCXW25675658 BCX0\" lang=\"CA\" xml:lang=\"CA\" data-contrast=\"none\"><span class=\"NormalTextRun SCXW25675658 BCX0\">fomentar el comprom\u00eds col\u00b7lectiu<\/span><\/span><\/strong><span class=\"TextRun SCXW25675658 BCX0\" lang=\"CA\" xml:lang=\"CA\" data-contrast=\"none\"><span class=\"NormalTextRun SCXW25675658 BCX0\"> radica en el fet que en moltes organitzacions encara existeix un mal h\u00e0bit de no generar espais en els quals fomentar el di\u00e0leg per a marcar el rumb del futur del negoci. Aix\u00f2 suposa una esquerda d&#8217;oportunitat, ja que no s&#8217;executen di\u00e0legs que condueixin a decisions concretes i que hi hagi un l\u00edder que les pugui assumir des de la <\/span><\/span><span class=\"TextRun SCXW25675658 BCX0\" lang=\"CA\" xml:lang=\"CA\" data-contrast=\"none\"><span class=\"NormalTextRun SpellingErrorV2Themed SCXW25675658 BCX0\">Due\u00f1ez<\/span> <\/span><span class=\"TextRun SCXW25675658 BCX0\" lang=\"CA\" xml:lang=\"CA\" data-contrast=\"none\"><span class=\"NormalTextRun SCXW25675658 BCX0\">per a fer-les realitat.<\/span><\/span><span class=\"LineBreakBlob BlobObject DragDrop SCXW25675658 BCX0\"><span class=\"SCXW25675658 BCX0\">\u00a0<\/span><br class=\"SCXW25675658 BCX0\" \/><\/span><span class=\"LineBreakBlob BlobObject DragDrop SCXW25675658 BCX0\"><span class=\"SCXW25675658 BCX0\">\u00a0<\/span><br class=\"SCXW25675658 BCX0\" \/><\/span><span class=\"TextRun SCXW25675658 BCX0\" lang=\"CA\" xml:lang=\"CA\" data-contrast=\"none\"><span class=\"NormalTextRun SCXW25675658 BCX0\">Aix\u00ed, doncs, amb aquest di\u00e0leg d&#8217;alta qualitat es produeixen acords i apreciacions molt m\u00e9s potenciadores, per\u00f2 aquest comprom\u00eds col\u00b7lectiu no sols consisteix en aquest di\u00e0leg puntual, sin\u00f3 en la <\/span><\/span><strong><span class=\"TextRun SCXW25675658 BCX0\" lang=\"CA\" xml:lang=\"CA\" data-contrast=\"none\"><span class=\"NormalTextRun SCXW25675658 BCX0\">continu\u00eftat de les seves accions per construir nous compromisos.<\/span><\/span><\/strong><\/span><\/p>\n<p><img decoding=\"async\" class=\"size-full wp-image-53607 aligncenter\" src=\"https:\/\/blog.euncet.com\/wp-content\/uploads\/2022\/05\/Que-implica-el-compromiso-colectivo.png\" alt=\"\" width=\"750\" height=\"300\" srcset=\"https:\/\/www.euncet.com\/blog\/wp-content\/uploads\/2022\/05\/Que-implica-el-compromiso-colectivo.png 750w, https:\/\/www.euncet.com\/blog\/wp-content\/uploads\/2022\/05\/Que-implica-el-compromiso-colectivo-300x120.png 300w, https:\/\/www.euncet.com\/blog\/wp-content\/uploads\/2022\/05\/Que-implica-el-compromiso-colectivo-80x32.png 80w\" sizes=\"(max-width: 750px) 100vw, 750px\" \/><\/p>\n<h2 aria-level=\"2\"><span class=\"ez-toc-section\" id=\"Que_implica_el_compromis_collectiu\"><\/span><span class=\"TextRun SCXW119096410 BCX0\" lang=\"CA\" xml:lang=\"CA\" data-contrast=\"none\"><span class=\"NormalTextRun SCXW119096410 BCX0\">Qu\u00e8 implica el comprom\u00eds col\u00b7lectiu?<\/span><\/span><span class=\"LineBreakBlob BlobObject DragDrop SCXW119096410 BCX0\"><span class=\"SCXW119096410 BCX0\">\u00a0<\/span><\/span><span class=\"LineBreakBlob BlobObject DragDrop SCXW119096410 BCX0\"><br class=\"SCXW119096410 BCX0\" \/><\/span><span class=\"ez-toc-section-end\"><\/span><\/h2>\n<p><span data-contrast=\"auto\"><span class=\"TextRun SCXW112652187 BCX0\" lang=\"CA\" xml:lang=\"CA\" data-contrast=\"none\"><span class=\"NormalTextRun SCXW112652187 BCX0\">El comprom\u00eds col\u00b7lectiu en els negocis familiars no sols tracta de les grans decisions discont\u00ednues, sin\u00f3 de <\/span><\/span><strong><span class=\"TextRun SCXW112652187 BCX0\" lang=\"CA\" xml:lang=\"CA\" data-contrast=\"none\"><span class=\"NormalTextRun SCXW112652187 BCX0\">totes les decisions d&#8217;ajust que en implementar-les generen altres discontinu\u00eftats<\/span><\/span><\/strong><span class=\"TextRun SCXW112652187 BCX0\" lang=\"CA\" xml:lang=\"CA\" data-contrast=\"none\"><span class=\"NormalTextRun SCXW112652187 BCX0\">, \u00e9s a dir, els <\/span><span class=\"NormalTextRun SCXW112652187 BCX0\">com <\/span><span class=\"NormalTextRun SCXW112652187 BCX0\">estrat\u00e8gics que es desprenen de la gran jugada discont\u00ednua.<\/span><\/span><span class=\"LineBreakBlob BlobObject DragDrop SCXW112652187 BCX0\"><span class=\"SCXW112652187 BCX0\">\u00a0<\/span><br class=\"SCXW112652187 BCX0\" \/><\/span><span class=\"LineBreakBlob BlobObject DragDrop SCXW112652187 BCX0\"><span class=\"SCXW112652187 BCX0\">\u00a0<\/span><br class=\"SCXW112652187 BCX0\" \/><\/span><span class=\"TextRun SCXW112652187 BCX0\" lang=\"CA\" xml:lang=\"CA\" data-contrast=\"none\"><span class=\"NormalTextRun SCXW112652187 BCX0\">La proposta de millora discont\u00ednua \u00e9s aquella que <\/span><\/span><strong><span class=\"TextRun SCXW112652187 BCX0\" lang=\"CA\" xml:lang=\"CA\" data-contrast=\"none\"><span class=\"NormalTextRun SCXW112652187 BCX0\">proporciona canvis estructurals que impliquen decisions d\u2019abandonaments estrat\u00e8gics i que anomenen a un <\/span><span class=\"NormalTextRun SpellingErrorV2Themed SCXW112652187 BCX0\">redisseny<\/span><span class=\"NormalTextRun SCXW112652187 BCX0\"> del model de negoci<\/span><\/span><span class=\"TextRun SCXW112652187 BCX0\" lang=\"CA\" xml:lang=\"CA\" data-contrast=\"none\"><span class=\"NormalTextRun SCXW112652187 BCX0\">.<\/span><\/span><span class=\"LineBreakBlob BlobObject DragDrop SCXW112652187 BCX0\"><span class=\"SCXW112652187 BCX0\">\u00a0<\/span><br class=\"SCXW112652187 BCX0\" \/><\/span><span class=\"LineBreakBlob BlobObject DragDrop SCXW112652187 BCX0\"><strong><span class=\"SCXW112652187 BCX0\">\u00a0<\/span><\/strong><br class=\"SCXW112652187 BCX0\" \/><\/span><span class=\"TextRun SCXW112652187 BCX0\" lang=\"CA\" xml:lang=\"CA\" data-contrast=\"none\"><span class=\"NormalTextRun SCXW112652187 BCX0\">Et pot interessar:<\/span><\/span> <\/strong><a class=\"Hyperlink SCXW112652187 BCX0\" href=\"https:\/\/blog.euncet.es\/mejora-discontinua-guillermo-gutierrez\/\" target=\"_blank\" rel=\"noreferrer noopener\"><span class=\"TextRun Underlined SCXW112652187 BCX0\" lang=\"CA\" xml:lang=\"CA\" data-contrast=\"none\"><span class=\"NormalTextRun SCXW112652187 BCX0\" data-ccp-charstyle=\"Hyperlink\">La Millora Discont\u00ednua: M\u00e8tode Disruptiu, webinar a c\u00e0rrec de Guillermo Guti\u00e9rrez<\/span><\/span><\/a><span class=\"TextRun SCXW112652187 BCX0\" lang=\"CA\" xml:lang=\"CA\" data-contrast=\"none\"><span class=\"NormalTextRun SCXW112652187 BCX0\">\u00a0<\/span><\/span><span class=\"EOP SCXW112652187 BCX0\" data-ccp-props=\"{&quot;201341983&quot;:1,&quot;335559740&quot;:338}\">\u00a0<\/span><\/span><\/p>\n<p><img decoding=\"async\" class=\"size-full wp-image-53637 aligncenter\" src=\"https:\/\/blog.euncet.com\/wp-content\/uploads\/2022\/05\/Mecanismos-del-compromiso-colectivo-1.png\" alt=\"\" width=\"750\" height=\"300\" srcset=\"https:\/\/www.euncet.com\/blog\/wp-content\/uploads\/2022\/05\/Mecanismos-del-compromiso-colectivo-1.png 750w, https:\/\/www.euncet.com\/blog\/wp-content\/uploads\/2022\/05\/Mecanismos-del-compromiso-colectivo-1-300x120.png 300w, https:\/\/www.euncet.com\/blog\/wp-content\/uploads\/2022\/05\/Mecanismos-del-compromiso-colectivo-1-80x32.png 80w\" sizes=\"(max-width: 750px) 100vw, 750px\" \/><\/p>\n<h2><span class=\"ez-toc-section\" id=\"Mecanismes_del_compromis_collectiu\"><\/span><span class=\"TextRun SCXW214653570 BCX0\" lang=\"CA\" xml:lang=\"CA\" data-contrast=\"none\"><span class=\"NormalTextRun SCXW214653570 BCX0\">Mecanismes del comprom\u00eds col\u00b7lectiu<\/span><\/span><span class=\"ez-toc-section-end\"><\/span><\/h2>\n<p><span data-contrast=\"none\">Per a entendre els mecanismes del comprom\u00eds col\u00b7lectiu cal partir de la base que <\/span><b><span data-contrast=\"none\">les organitzacions s\u00f3n optimizables<\/span><\/b><span data-contrast=\"none\">: pr\u00e0ctiques, pol\u00edtiques, visi\u00f3 de mercat, an\u00e0lisi de la fertilitat dels clients\u2026<\/span><\/p>\n<p><span data-contrast=\"none\">Alguns dels mecanismes del comprom\u00eds col\u00b7lectiu s\u00f3n:<\/span> <span data-ccp-props=\"{&quot;201341983&quot;:1,&quot;335559740&quot;:338}\">\u00a0<\/span><\/p>\n<ul>\n<li data-leveltext=\"\uf0b7\" data-font=\"Symbol\" data-listid=\"15\" data-list-defn-props=\"{&quot;335552541&quot;:1,&quot;335559684&quot;:-2,&quot;335559685&quot;:720,&quot;335559991&quot;:360,&quot;469769226&quot;:&quot;Symbol&quot;,&quot;469769242&quot;:[8226],&quot;469777803&quot;:&quot;left&quot;,&quot;469777804&quot;:&quot;\uf0b7&quot;,&quot;469777815&quot;:&quot;hybridMultilevel&quot;}\" aria-setsize=\"-1\" data-aria-posinset=\"1\" data-aria-level=\"1\"><span data-contrast=\"none\">El <\/span><b><span data-contrast=\"none\">redisseny dels governs en les organitzacions<\/span><\/b><span data-contrast=\"none\"> o com entendre les jerarquies i fer propostes de cultura que habilitin la participaci\u00f3 i l&#8217;intercanvi. El canvi de mentalitat dels l\u00edders juga un paper fonamental en aquest aspecte amb el qual impulsar les potencialitats de l&#8217;equip.<\/span><span data-ccp-props=\"{&quot;201341983&quot;:1,&quot;335559740&quot;:338}\">\u00a0<\/span><\/li>\n<li data-leveltext=\"\uf0b7\" data-font=\"Symbol\" data-listid=\"15\" data-list-defn-props=\"{&quot;335552541&quot;:1,&quot;335559684&quot;:-2,&quot;335559685&quot;:720,&quot;335559991&quot;:360,&quot;469769226&quot;:&quot;Symbol&quot;,&quot;469769242&quot;:[8226],&quot;469777803&quot;:&quot;left&quot;,&quot;469777804&quot;:&quot;\uf0b7&quot;,&quot;469777815&quot;:&quot;hybridMultilevel&quot;}\" aria-setsize=\"-1\" data-aria-posinset=\"2\" data-aria-level=\"1\"><span data-contrast=\"none\">Sumar-se a la <\/span><b><span data-contrast=\"none\">renovaci\u00f3 de la <\/span><\/b><b><i><span data-contrast=\"none\">Due\u00f1ez <\/span><\/i><\/b><b><span data-contrast=\"none\">construint<\/span><\/b><span data-contrast=\"none\"> sobre les idees, l&#8217;obertura i la disposici\u00f3 a explorar, indagar i provar.<\/span><span data-ccp-props=\"{&quot;201341983&quot;:1,&quot;335559740&quot;:338}\">\u00a0<\/span><\/li>\n<li data-leveltext=\"\uf0b7\" data-font=\"Symbol\" data-listid=\"15\" data-list-defn-props=\"{&quot;335552541&quot;:1,&quot;335559684&quot;:-2,&quot;335559685&quot;:720,&quot;335559991&quot;:360,&quot;469769226&quot;:&quot;Symbol&quot;,&quot;469769242&quot;:[8226],&quot;469777803&quot;:&quot;left&quot;,&quot;469777804&quot;:&quot;\uf0b7&quot;,&quot;469777815&quot;:&quot;hybridMultilevel&quot;}\" aria-setsize=\"-1\" data-aria-posinset=\"3\" data-aria-level=\"1\"><span data-contrast=\"none\">La capacitat de <\/span><b><span data-contrast=\"none\">dialogar amb l&#8217;exterior i la multiplicaci\u00f3 del di\u00e0leg<\/span><\/b><span data-contrast=\"none\">: clients, prove\u00efdors, aliats, ind\u00fastries adjacents, altres pa\u00efsos, competidors, etc.<\/span><span data-ccp-props=\"{&quot;201341983&quot;:1,&quot;335559740&quot;:338}\">\u00a0<\/span><\/li>\n<li data-leveltext=\"\uf0b7\" data-font=\"Symbol\" data-listid=\"15\" data-list-defn-props=\"{&quot;335552541&quot;:1,&quot;335559684&quot;:-2,&quot;335559685&quot;:720,&quot;335559991&quot;:360,&quot;469769226&quot;:&quot;Symbol&quot;,&quot;469769242&quot;:[8226],&quot;469777803&quot;:&quot;left&quot;,&quot;469777804&quot;:&quot;\uf0b7&quot;,&quot;469777815&quot;:&quot;hybridMultilevel&quot;}\" aria-setsize=\"-1\" data-aria-posinset=\"3\" data-aria-level=\"1\"><span data-contrast=\"none\">L&#8217;\u00fas de les <\/span><b><span data-contrast=\"none\">xarxes socials per a les comunicacions internes i externes<\/span><\/b><span data-contrast=\"none\">. La connectivitat s&#8217;ha incrementat de manera exponencial.<\/span><span data-ccp-props=\"{&quot;201341983&quot;:1,&quot;335559740&quot;:338}\">\u00a0<\/span><\/li>\n<li data-leveltext=\"\uf0b7\" data-font=\"Symbol\" data-listid=\"15\" data-list-defn-props=\"{&quot;335552541&quot;:1,&quot;335559684&quot;:-2,&quot;335559685&quot;:720,&quot;335559991&quot;:360,&quot;469769226&quot;:&quot;Symbol&quot;,&quot;469769242&quot;:[8226],&quot;469777803&quot;:&quot;left&quot;,&quot;469777804&quot;:&quot;\uf0b7&quot;,&quot;469777815&quot;:&quot;hybridMultilevel&quot;}\" aria-setsize=\"-1\" data-aria-posinset=\"3\" data-aria-level=\"1\"><span data-contrast=\"none\">Les <\/span><b><span data-contrast=\"none\">reunions peri\u00f2diques dedicades a temes estrat\u00e8gics<\/span><\/b><span data-contrast=\"none\"> i llunyanes del dia a dia per a atendre els riscos i oportunitats que es puguin presentar en el futur.<\/span><span data-ccp-props=\"{&quot;201341983&quot;:1,&quot;335559740&quot;:338}\">\u00a0<\/span><\/li>\n<li data-leveltext=\"\uf0b7\" data-font=\"Symbol\" data-listid=\"15\" data-list-defn-props=\"{&quot;335552541&quot;:1,&quot;335559684&quot;:-2,&quot;335559685&quot;:720,&quot;335559991&quot;:360,&quot;469769226&quot;:&quot;Symbol&quot;,&quot;469769242&quot;:[8226],&quot;469777803&quot;:&quot;left&quot;,&quot;469777804&quot;:&quot;\uf0b7&quot;,&quot;469777815&quot;:&quot;hybridMultilevel&quot;}\" aria-setsize=\"-1\" data-aria-posinset=\"3\" data-aria-level=\"1\"><b><span data-contrast=\"none\">Q\u00fcestionament sistem\u00e0tic<\/span><\/b><span data-contrast=\"none\"> dels sistemes, pr\u00e0ctiques i processos.<\/span><span data-ccp-props=\"{&quot;201341983&quot;:1,&quot;335559740&quot;:338}\">\u00a0<\/span><\/li>\n<\/ul>\n<p><img loading=\"lazy\" decoding=\"async\" class=\"size-full wp-image-53613 aligncenter\" src=\"https:\/\/blog.euncet.com\/wp-content\/uploads\/2022\/05\/El-desafio-del-compromiso-colectivo.png\" alt=\"\" width=\"750\" height=\"300\" srcset=\"https:\/\/www.euncet.com\/blog\/wp-content\/uploads\/2022\/05\/El-desafio-del-compromiso-colectivo.png 750w, https:\/\/www.euncet.com\/blog\/wp-content\/uploads\/2022\/05\/El-desafio-del-compromiso-colectivo-300x120.png 300w, https:\/\/www.euncet.com\/blog\/wp-content\/uploads\/2022\/05\/El-desafio-del-compromiso-colectivo-80x32.png 80w\" sizes=\"(max-width: 750px) 100vw, 750px\" \/><\/p>\n<h2><span class=\"ez-toc-section\" id=\"El_desafiament_del_compromis_collectiu\"><\/span><span class=\"TextRun SCXW199222196 BCX0\" lang=\"CA\" xml:lang=\"CA\" data-contrast=\"none\"><span class=\"NormalTextRun SCXW199222196 BCX0\">El desafiament del comprom\u00eds col\u00b7lectiu<\/span><\/span><span class=\"ez-toc-section-end\"><\/span><\/h2>\n<p><span class=\"TextRun SCXW199222196 BCX0\" lang=\"CA\" xml:lang=\"CA\" data-contrast=\"none\"><span class=\"NormalTextRun SCXW199222196 BCX0\">Implementar models de lideratge que apostin pel comprom\u00eds col\u00b7lectiu pot reportar grans beneficis al negoci familiar, per\u00f2 tamb\u00e9 presenta desafiaments que cal tenir en compte:<\/span><\/span><span class=\"LineBreakBlob BlobObject DragDrop SCXW199222196 BCX0\"><span class=\"SCXW199222196 BCX0\">\u00a0<\/span><\/span><span class=\"LineBreakBlob BlobObject DragDrop SCXW199222196 BCX0\"><br class=\"SCXW199222196 BCX0\" \/><\/span><\/p>\n<p><b><span data-contrast=\"none\">Et pot interessar:<\/span><\/b> <a href=\"https:\/\/blog.euncet.es\/tag\/cedem\/#:~:text=Liderazgo%20en%20situaci%C3%B3n%20de%20crisis%2C%20webinar%20a%20cargo%20de%20Alfonso%20Pompa\" target=\"_blank\" rel=\"noopener noreferrer\"><span data-contrast=\"none\">Lideratge en situaci\u00f3 de crisi, webinar a c\u00e0rrec d\u2019Alfonso Pompa<\/span><\/a> <span data-ccp-props=\"{&quot;201341983&quot;:1,&quot;335559740&quot;:338}\">\u00a0<\/span><\/p>\n<ul>\n<li data-leveltext=\"\uf0b7\" data-font=\"Symbol\" data-listid=\"16\" data-list-defn-props=\"{&quot;335552541&quot;:1,&quot;335559684&quot;:-2,&quot;335559685&quot;:720,&quot;335559991&quot;:360,&quot;469769226&quot;:&quot;Symbol&quot;,&quot;469769242&quot;:[8226],&quot;469777803&quot;:&quot;left&quot;,&quot;469777804&quot;:&quot;\uf0b7&quot;,&quot;469777815&quot;:&quot;hybridMultilevel&quot;}\" aria-setsize=\"-1\" data-aria-posinset=\"1\" data-aria-level=\"1\"><b><span data-contrast=\"none\">Decidir en ambients VUCA<\/span><\/b><span data-contrast=\"none\">. Davant una situaci\u00f3 de car\u00e0cter VUCA, s&#8217;ha de desenvolupar una postura basada en l&#8217;agilitat i la flexibilitat per no perdre el rumb de l&#8217;organitzaci\u00f3.<\/span><span data-ccp-props=\"{&quot;201341983&quot;:1,&quot;335559740&quot;:338}\">\u00a0<\/span><\/li>\n<li data-leveltext=\"\uf0b7\" data-font=\"Symbol\" data-listid=\"16\" data-list-defn-props=\"{&quot;335552541&quot;:1,&quot;335559684&quot;:-2,&quot;335559685&quot;:720,&quot;335559991&quot;:360,&quot;469769226&quot;:&quot;Symbol&quot;,&quot;469769242&quot;:[8226],&quot;469777803&quot;:&quot;left&quot;,&quot;469777804&quot;:&quot;\uf0b7&quot;,&quot;469777815&quot;:&quot;hybridMultilevel&quot;}\" aria-setsize=\"-1\" data-aria-posinset=\"2\" data-aria-level=\"1\"><b><span data-contrast=\"none\">Alternatives estrat\u00e8giques independents. <\/span><\/b><span data-contrast=\"none\">\u00c9s important que tots els actors de l&#8217;organitzaci\u00f3 estiguin informats davant l&#8217;impacte dels canvis per a obtenir els resultats desitjats.<\/span><span data-ccp-props=\"{&quot;201341983&quot;:1,&quot;335559740&quot;:338}\">\u00a0<\/span><\/li>\n<li data-leveltext=\"\uf0b7\" data-font=\"Symbol\" data-listid=\"16\" data-list-defn-props=\"{&quot;335552541&quot;:1,&quot;335559684&quot;:-2,&quot;335559685&quot;:720,&quot;335559991&quot;:360,&quot;469769226&quot;:&quot;Symbol&quot;,&quot;469769242&quot;:[8226],&quot;469777803&quot;:&quot;left&quot;,&quot;469777804&quot;:&quot;\uf0b7&quot;,&quot;469777815&quot;:&quot;hybridMultilevel&quot;}\" aria-setsize=\"-1\" data-aria-posinset=\"3\" data-aria-level=\"1\"><b><span data-contrast=\"none\">Complicada l\u00f2gica de creaci\u00f3 de valor.<\/span><\/b><span data-contrast=\"none\"> Tothom en l&#8217;empresa, una vegada que ent\u00e9n com es crea la riquesa, pot alinear els seus acompliments i ajudar al fet que es generi creaci\u00f3 de valor. Les l\u00f2giques de creaci\u00f3 de valor s\u00f3n din\u00e0miques i ha de fer-se part\u00edcip a altres integrants de l&#8217;empresa familiar.<\/span><span data-ccp-props=\"{&quot;201341983&quot;:1,&quot;335559740&quot;:338}\">\u00a0<\/span><\/li>\n<li data-leveltext=\"\uf0b7\" data-font=\"Symbol\" data-listid=\"16\" data-list-defn-props=\"{&quot;335552541&quot;:1,&quot;335559684&quot;:-2,&quot;335559685&quot;:720,&quot;335559991&quot;:360,&quot;469769226&quot;:&quot;Symbol&quot;,&quot;469769242&quot;:[8226],&quot;469777803&quot;:&quot;left&quot;,&quot;469777804&quot;:&quot;\uf0b7&quot;,&quot;469777815&quot;:&quot;hybridMultilevel&quot;}\" aria-setsize=\"-1\" data-aria-posinset=\"4\" data-aria-level=\"1\"><b><span data-contrast=\"none\">L\u00edders no preparats per a bregar amb el nou. <\/span><\/b><span data-contrast=\"none\">Existeix una certa resist\u00e8ncia per a adoptar la innovaci\u00f3 i les noves tecnologies dels l\u00edders del negoci. Un altre dels reptes que presenta \u00e9s com habilitar als l\u00edders actuals perqu\u00e8 dediquin temps a buscar nous camins.<\/span><span data-ccp-props=\"{&quot;201341983&quot;:1,&quot;335559740&quot;:338}\">\u00a0<\/span><\/li>\n<li data-leveltext=\"\uf0b7\" data-font=\"Symbol\" data-listid=\"16\" data-list-defn-props=\"{&quot;335552541&quot;:1,&quot;335559684&quot;:-2,&quot;335559685&quot;:720,&quot;335559991&quot;:360,&quot;469769226&quot;:&quot;Symbol&quot;,&quot;469769242&quot;:[8226],&quot;469777803&quot;:&quot;left&quot;,&quot;469777804&quot;:&quot;\uf0b7&quot;,&quot;469777815&quot;:&quot;hybridMultilevel&quot;}\" aria-setsize=\"-1\" data-aria-posinset=\"4\" data-aria-level=\"1\"><b><span data-contrast=\"none\">Relaci\u00f3 vertical entre directius. <\/span><\/b><span data-contrast=\"none\">Cal trencar amb les din\u00e0miques de les organitzacions dissenyades de manera jer\u00e0rquica que no fomenten la interconnectivitat entre tots els membres.<\/span><span data-ccp-props=\"{&quot;201341983&quot;:1,&quot;335559740&quot;:338}\">\u00a0<\/span><\/li>\n<li data-leveltext=\"\uf0b7\" data-font=\"Symbol\" data-listid=\"16\" data-list-defn-props=\"{&quot;335552541&quot;:1,&quot;335559684&quot;:-2,&quot;335559685&quot;:720,&quot;335559991&quot;:360,&quot;469769226&quot;:&quot;Symbol&quot;,&quot;469769242&quot;:[8226],&quot;469777803&quot;:&quot;left&quot;,&quot;469777804&quot;:&quot;\uf0b7&quot;,&quot;469777815&quot;:&quot;hybridMultilevel&quot;}\" aria-setsize=\"-1\" data-aria-posinset=\"4\" data-aria-level=\"1\"><b><span data-contrast=\"none\">P\u00e8rdua de confian\u00e7a i operaci\u00f3 com a prioritat.<\/span><\/b><span data-contrast=\"none\"> Davant aquestes situacions, les empreses perden confian\u00e7a i prioritzen l&#8217;operaci\u00f3 enfront de la visi\u00f3 de futur.<\/span><span data-ccp-props=\"{&quot;201341983&quot;:1,&quot;335559740&quot;:338}\">\u00a0<\/span><\/li>\n<li data-leveltext=\"\uf0b7\" data-font=\"Symbol\" data-listid=\"16\" data-list-defn-props=\"{&quot;335552541&quot;:1,&quot;335559684&quot;:-2,&quot;335559685&quot;:720,&quot;335559991&quot;:360,&quot;469769226&quot;:&quot;Symbol&quot;,&quot;469769242&quot;:[8226],&quot;469777803&quot;:&quot;left&quot;,&quot;469777804&quot;:&quot;\uf0b7&quot;,&quot;469777815&quot;:&quot;hybridMultilevel&quot;}\" aria-setsize=\"-1\" data-aria-posinset=\"4\" data-aria-level=\"1\"><b><span data-contrast=\"none\">Afectivitats com a barrera limitant per aprofitar oportunitats. <\/span><\/b><span data-contrast=\"none\">En els negocis familiars, a vegades per afectivitats i per no ferir sensibilitats, no es creen les condicions de confian\u00e7a de di\u00e0leg per a poder treballar el projecte com\u00fa de futur i aprofitar aix\u00ed les oportunitats detonadores de valor.<\/span><span data-ccp-props=\"{&quot;201341983&quot;:1,&quot;335559740&quot;:338}\">\u00a0<\/span><\/li>\n<\/ul>\n<p><img loading=\"lazy\" decoding=\"async\" class=\"size-full wp-image-53616 aligncenter\" src=\"https:\/\/blog.euncet.com\/wp-content\/uploads\/2022\/05\/Que-aporta-el-compromiso-colectivo.png\" alt=\"\" width=\"750\" height=\"300\" srcset=\"https:\/\/www.euncet.com\/blog\/wp-content\/uploads\/2022\/05\/Que-aporta-el-compromiso-colectivo.png 750w, https:\/\/www.euncet.com\/blog\/wp-content\/uploads\/2022\/05\/Que-aporta-el-compromiso-colectivo-300x120.png 300w, https:\/\/www.euncet.com\/blog\/wp-content\/uploads\/2022\/05\/Que-aporta-el-compromiso-colectivo-80x32.png 80w\" sizes=\"(max-width: 750px) 100vw, 750px\" \/><\/p>\n<h2><span class=\"ez-toc-section\" id=\"Que_aporta_el_compromis_collectiu\"><\/span><span class=\"TextRun SCXW230743017 BCX0\" lang=\"CA\" xml:lang=\"CA\" data-contrast=\"none\"><span class=\"NormalTextRun SCXW230743017 BCX0\">Qu\u00e8 aporta el comprom\u00eds col\u00b7lectiu?<\/span><\/span><span class=\"ez-toc-section-end\"><\/span><\/h2>\n<p><span data-contrast=\"auto\"><span class=\"TextRun SCXW230743017 BCX0\" lang=\"CA\" xml:lang=\"CA\" data-contrast=\"none\"><span class=\"NormalTextRun SCXW230743017 BCX0\">Crear entorns en els quals s&#8217;afavoreixi el comprom\u00eds col\u00b7lectiu fa que s&#8217;<\/span><\/span><strong><span class=\"TextRun SCXW230743017 BCX0\" lang=\"CA\" xml:lang=\"CA\" data-contrast=\"none\"><span class=\"NormalTextRun SCXW230743017 BCX0\">arribi a s\u00edntesis <\/span><span class=\"NormalTextRun SpellingErrorV2Themed SCXW230743017 BCX0\">habilitadores<\/span><span class=\"NormalTextRun SCXW230743017 BCX0\"> de possibilitats a trav\u00e9s de la diversitat de visions<\/span><\/span><\/strong><span class=\"TextRun SCXW230743017 BCX0\" lang=\"CA\" xml:lang=\"CA\" data-contrast=\"none\"><span class=\"NormalTextRun SCXW230743017 BCX0\"><strong>.<\/strong> Dit d&#8217;una altra manera, s&#8217;enriqueix la qualitat del di\u00e0leg i decis\u00f2ria.<\/span><\/span><span class=\"LineBreakBlob BlobObject DragDrop SCXW230743017 BCX0\"><span class=\"SCXW230743017 BCX0\">\u00a0<\/span><br class=\"SCXW230743017 BCX0\" \/><\/span><span class=\"LineBreakBlob BlobObject DragDrop SCXW230743017 BCX0\"><span class=\"SCXW230743017 BCX0\">\u00a0<\/span><br class=\"SCXW230743017 BCX0\" \/><\/span><span class=\"TextRun SCXW230743017 BCX0\" lang=\"CA\" xml:lang=\"CA\" data-contrast=\"none\"><span class=\"NormalTextRun SCXW230743017 BCX0\">El comprom\u00eds col\u00b7lectiu \u00e9s tamb\u00e9 un<\/span><\/span><strong><span class=\"TextRun SCXW230743017 BCX0\" lang=\"CA\" xml:lang=\"CA\" data-contrast=\"none\"><span class=\"NormalTextRun SCXW230743017 BCX0\"> mecanisme per a superar els prejudicis i combatre la in\u00e8rcia i visions lleugeres<\/span><\/span><\/strong><span class=\"TextRun SCXW230743017 BCX0\" lang=\"CA\" xml:lang=\"CA\" data-contrast=\"none\"><span class=\"NormalTextRun SCXW230743017 BCX0\">,<\/span><span class=\"NormalTextRun SCXW230743017 BCX0\"> facilitant aix\u00ed respostes integrals a problemes i reptes complexos amb implementacions \u00e0gils.<\/span><\/span><span class=\"LineBreakBlob BlobObject DragDrop SCXW230743017 BCX0\"><span class=\"SCXW230743017 BCX0\">\u00a0<\/span><br class=\"SCXW230743017 BCX0\" \/><\/span><span class=\"LineBreakBlob BlobObject DragDrop SCXW230743017 BCX0\"><span class=\"SCXW230743017 BCX0\">\u00a0<\/span><br class=\"SCXW230743017 BCX0\" \/><\/span><span class=\"TextRun SCXW230743017 BCX0\" lang=\"CA\" xml:lang=\"CA\" data-contrast=\"none\"><span class=\"NormalTextRun SCXW230743017 BCX0\">A continuaci\u00f3, et mostrem les tres capacitats del comprom\u00eds col\u00b7lectiu:<\/span><\/span><span class=\"TextRun SCXW230743017 BCX0\" lang=\"CA\" xml:lang=\"CA\" data-contrast=\"auto\"><span class=\"NormalTextRun SCXW230743017 BCX0\">\u00a0<\/span><\/span><\/span><\/p>\n<h3><span class=\"ez-toc-section\" id=\"Lestil_de_Duenez_i_lideratge\"><\/span><span class=\"TextRun SCXW203793695 BCX0\" lang=\"CA\" xml:lang=\"CA\" data-contrast=\"none\"><span class=\"NormalTextRun SCXW203793695 BCX0\" data-ccp-parastyle=\"heading 3\">L&#8217;estil de Due\u00f1ez i lideratge<\/span><\/span><span class=\"ez-toc-section-end\"><\/span><\/h3>\n<p><span data-contrast=\"auto\"><span class=\"TextRun SCXW203082707 BCX0\" lang=\"CA\" xml:lang=\"CA\" data-contrast=\"none\"><span class=\"NormalTextRun SCXW203082707 BCX0\" data-ccp-parastyle=\"heading 3\">Existeixen moltes maneres de lideratge, encara que simplificant-ho podr\u00edem trobar dos paradigmes: la <\/span><\/span><strong><span class=\"TextRun SCXW203082707 BCX0\" lang=\"CA\" xml:lang=\"CA\" data-contrast=\"none\"><span class=\"NormalTextRun SCXW203082707 BCX0\" data-ccp-parastyle=\"heading 3\">visi\u00f3 centralitzada unipersonal<\/span><\/span><\/strong><span class=\"TextRun SCXW203082707 BCX0\" lang=\"CA\" xml:lang=\"CA\" data-contrast=\"none\"><span class=\"NormalTextRun SCXW203082707 BCX0\" data-ccp-parastyle=\"heading 3\">, \u00e9s a dir, la visi\u00f3 \u00fanica; i la <\/span><\/span><strong><span class=\"TextRun SCXW203082707 BCX0\" lang=\"CA\" xml:lang=\"CA\" data-contrast=\"none\"><span class=\"NormalTextRun SCXW203082707 BCX0\" data-ccp-parastyle=\"heading 3\">visi\u00f3 m\u00faltiple<\/span><\/span><\/strong><span class=\"TextRun SCXW203082707 BCX0\" lang=\"CA\" xml:lang=\"CA\" data-contrast=\"none\"><span class=\"NormalTextRun SCXW203082707 BCX0\" data-ccp-parastyle=\"heading 3\">, la de conjunt.<\/span><\/span><span class=\"LineBreakBlob BlobObject DragDrop SCXW203082707 BCX0\"><span class=\"SCXW203082707 BCX0\">\u00a0<\/span><br class=\"SCXW203082707 BCX0\" \/><\/span><span class=\"LineBreakBlob BlobObject DragDrop SCXW203082707 BCX0\"><span class=\"SCXW203082707 BCX0\">\u00a0<\/span><br class=\"SCXW203082707 BCX0\" \/><\/span><span class=\"TextRun SCXW203082707 BCX0\" lang=\"CA\" xml:lang=\"CA\" data-contrast=\"none\"><span class=\"NormalTextRun SCXW203082707 BCX0\" data-ccp-parastyle=\"heading 3\">Hi ha l\u00edders que prefereixen <\/span><\/span><strong><span class=\"TextRun SCXW203082707 BCX0\" lang=\"CA\" xml:lang=\"CA\" data-contrast=\"none\"><span class=\"NormalTextRun SCXW203082707 BCX0\" data-ccp-parastyle=\"heading 3\">centralitzar els esfor\u00e7os en la seva pr\u00f2pia confian\u00e7a i experi\u00e8ncia i consideren l&#8217;organitzaci\u00f3 en el seu conjunt<\/span><\/span><\/strong><span class=\"TextRun SCXW203082707 BCX0\" lang=\"CA\" xml:lang=\"CA\" data-contrast=\"none\"><span class=\"NormalTextRun SCXW203082707 BCX0\" data-ccp-parastyle=\"heading 3\"> com a bra\u00e7 executor. Aquest model de lideratge \u00e9s com\u00fa en empreses emergents, aix\u00ed com en situacions de crisis.<\/span><\/span><span class=\"LineBreakBlob BlobObject DragDrop SCXW203082707 BCX0\"><span class=\"SCXW203082707 BCX0\">\u00a0<\/span><br class=\"SCXW203082707 BCX0\" \/><\/span><span class=\"LineBreakBlob BlobObject DragDrop SCXW203082707 BCX0\"><span class=\"SCXW203082707 BCX0\">\u00a0<\/span><br class=\"SCXW203082707 BCX0\" \/><\/span><span class=\"TextRun SCXW203082707 BCX0\" lang=\"CA\" xml:lang=\"CA\" data-contrast=\"none\"><span class=\"NormalTextRun SCXW203082707 BCX0\" data-ccp-parastyle=\"heading 3\">Segons el projecte que s&#8217;est\u00e0 construint i la visi\u00f3 de continu\u00eftat s&#8217;ha de q\u00fcestionar fins a quin punt \u00e9s benefici\u00f3s aquest lideratge centralitzat o s&#8217;avan\u00e7a cap a unes visions de conjunt m\u00e9s integradores.<\/span><\/span><span class=\"LineBreakBlob BlobObject DragDrop SCXW203082707 BCX0\"><span class=\"SCXW203082707 BCX0\">\u00a0<\/span><br class=\"SCXW203082707 BCX0\" \/><\/span><span class=\"LineBreakBlob BlobObject DragDrop SCXW203082707 BCX0\"><span class=\"SCXW203082707 BCX0\">\u00a0<\/span><br class=\"SCXW203082707 BCX0\" \/><\/span><span class=\"TextRun SCXW203082707 BCX0\" lang=\"CA\" xml:lang=\"CA\" data-contrast=\"none\"><span class=\"NormalTextRun SCXW203082707 BCX0\" data-ccp-parastyle=\"heading 3\">Un altre estil de <\/span><\/span><span class=\"TextRun SCXW203082707 BCX0\" lang=\"CA\" xml:lang=\"CA\" data-contrast=\"none\"><span class=\"NormalTextRun SpellingErrorV2Themed SCXW203082707 BCX0\" data-ccp-parastyle=\"heading 3\">Due\u00f1ez<\/span> <\/span><span class=\"TextRun SCXW203082707 BCX0\" lang=\"CA\" xml:lang=\"CA\" data-contrast=\"none\"><span class=\"NormalTextRun SCXW203082707 BCX0\" data-ccp-parastyle=\"heading 3\">\u00e9s el <\/span><\/span><strong><span class=\"TextRun SCXW203082707 BCX0\" lang=\"CA\" xml:lang=\"CA\" data-contrast=\"none\"><span class=\"NormalTextRun SCXW203082707 BCX0\" data-ccp-parastyle=\"heading 3\">bipolar<\/span><\/span><\/strong><span class=\"TextRun SCXW203082707 BCX0\" lang=\"CA\" xml:lang=\"CA\" data-contrast=\"none\"><span class=\"NormalTextRun SCXW203082707 BCX0\" data-ccp-parastyle=\"heading 3\">, basat en la capacitat dels l\u00edders a atendre el present, amb tot el que suposa aquest repte alhora que estan atents al futur. Aquest estil de lideratge requereix d&#8217;una <\/span><\/span><span class=\"TextRun SCXW203082707 BCX0\" lang=\"CA\" xml:lang=\"CA\" data-contrast=\"none\"><span class=\"NormalTextRun SCXW203082707 BCX0\" data-ccp-parastyle=\"heading 3\"><strong>gesti\u00f3 ambidextra<\/strong>.<\/span><\/span><span class=\"TextRun SCXW203082707 BCX0\" lang=\"CA\" xml:lang=\"CA\" data-contrast=\"none\"><span class=\"NormalTextRun SCXW203082707 BCX0\" data-ccp-parastyle=\"heading 3\"> Les organitzacions multidimensionals no s&#8217;aferren a una estructura \u00fanica i estan orientades a les oportunitats.\u00a0<\/span><\/span><span class=\"EOP SCXW203082707 BCX0\" data-ccp-props=\"{&quot;134245418&quot;:true,&quot;134245529&quot;:true,&quot;201341983&quot;:0,&quot;335559738&quot;:320,&quot;335559739&quot;:80,&quot;335559740&quot;:276}\">\u00a0<\/span><\/span><\/p>\n<p><img loading=\"lazy\" decoding=\"async\" class=\"size-full wp-image-53619 aligncenter\" src=\"https:\/\/blog.euncet.com\/wp-content\/uploads\/2022\/05\/Como-responder-con-agilidad.png\" alt=\"\" width=\"750\" height=\"300\" srcset=\"https:\/\/www.euncet.com\/blog\/wp-content\/uploads\/2022\/05\/Como-responder-con-agilidad.png 750w, https:\/\/www.euncet.com\/blog\/wp-content\/uploads\/2022\/05\/Como-responder-con-agilidad-300x120.png 300w, https:\/\/www.euncet.com\/blog\/wp-content\/uploads\/2022\/05\/Como-responder-con-agilidad-80x32.png 80w\" sizes=\"(max-width: 750px) 100vw, 750px\" \/><\/p>\n<h2><span class=\"ez-toc-section\" id=\"Com_respondre_amb_agilitat\"><\/span><span class=\"TextRun SCXW243175277 BCX0\" lang=\"CA\" xml:lang=\"CA\" data-contrast=\"none\"><span class=\"NormalTextRun SCXW243175277 BCX0\">Com respondre amb agilitat?<\/span><\/span><span class=\"ez-toc-section-end\"><\/span><\/h2>\n<p><span data-contrast=\"auto\"><span class=\"TextRun SCXW82949102 BCX0\" lang=\"CA\" xml:lang=\"CA\" data-contrast=\"none\"><span class=\"NormalTextRun SCXW82949102 BCX0\">Liderar amb agilitat implica donar resposta a dues q\u00fcestions: <\/span><\/span><span class=\"TextRun SCXW82949102 BCX0\" lang=\"CA\" xml:lang=\"CA\" data-contrast=\"none\"><span class=\"NormalTextRun SCXW82949102 BCX0\"><strong>buscar jugades de generaci\u00f3 de valor (m\u00e0rqueting extern) i fer-ho per a posar-se d&#8217;acord (m\u00e0rqueting intern)<\/strong>. <\/span><\/span><span class=\"TextRun SCXW82949102 BCX0\" lang=\"CA\" xml:lang=\"CA\" data-contrast=\"none\"><span class=\"NormalTextRun SCXW82949102 BCX0\">Per a aquest \u00faltim \u00e9s necessari <\/span><\/span><strong><span class=\"TextRun SCXW82949102 BCX0\" lang=\"CA\" xml:lang=\"CA\" data-contrast=\"none\"><span class=\"NormalTextRun SCXW82949102 BCX0\">unir talents i voluntats<\/span><\/span><\/strong><span class=\"TextRun SCXW82949102 BCX0\" lang=\"CA\" xml:lang=\"CA\" data-contrast=\"none\"><span class=\"NormalTextRun SCXW82949102 BCX0\"> i aix\u00f2 implica que <\/span><\/span><strong><span class=\"TextRun SCXW82949102 BCX0\" lang=\"CA\" xml:lang=\"CA\" data-contrast=\"none\"><span class=\"NormalTextRun SCXW82949102 BCX0\">el l\u00edder ha de gestionar emocions que habilitin<\/span><\/span><\/strong><span class=\"TextRun SCXW82949102 BCX0\" lang=\"CA\" xml:lang=\"CA\" data-contrast=\"none\"><span class=\"NormalTextRun SCXW82949102 BCX0\"> i impulsin a treballar en com\u00fa pel prop\u00f2sit empresarial. Tot aix\u00f2 ho ha de fer construint confian\u00e7a i mostrant un inter\u00e8s genu\u00ed en les persones (<\/span><\/span><span class=\"TextRun SCXW82949102 BCX0\" lang=\"CA\" xml:lang=\"CA\" data-contrast=\"none\"><span class=\"NormalTextRun SpellingErrorV2Themed SCXW82949102 BCX0\">caring<\/span><span class=\"NormalTextRun SCXW82949102 BCX0\"> for <\/span><span class=\"NormalTextRun SpellingErrorV2Themed SCXW82949102 BCX0\">others<\/span><\/span><span class=\"TextRun SCXW82949102 BCX0\" lang=\"CA\" xml:lang=\"CA\" data-contrast=\"none\"><span class=\"NormalTextRun SCXW82949102 BCX0\">).<\/span><\/span><span class=\"LineBreakBlob BlobObject DragDrop SCXW82949102 BCX0\"><span class=\"SCXW82949102 BCX0\">\u00a0<\/span><br class=\"SCXW82949102 BCX0\" \/><\/span><span class=\"LineBreakBlob BlobObject DragDrop SCXW82949102 BCX0\"><span class=\"SCXW82949102 BCX0\">\u00a0<\/span><br class=\"SCXW82949102 BCX0\" \/><\/span><strong><span class=\"TextRun SCXW82949102 BCX0\" lang=\"CA\" xml:lang=\"CA\" data-contrast=\"none\"><span class=\"NormalTextRun SCXW82949102 BCX0\">Et pot interessar:<\/span><\/span> <\/strong><a class=\"Hyperlink SCXW82949102 BCX0\" href=\"https:\/\/blog.euncet.es\/super-flexibilidad-carlos-dumois\/\" target=\"_blank\" rel=\"noreferrer noopener\"><span class=\"TextRun Underlined SCXW82949102 BCX0\" lang=\"CA\" xml:lang=\"CA\" data-contrast=\"none\"><span class=\"NormalTextRun SCXW82949102 BCX0\" data-ccp-charstyle=\"Hyperlink\">S\u00faper-Flexibilitat: Cam\u00ed d&#8217;Agilitat Estrat\u00e8gica, webinar a c\u00e0rrec de Carlos Dumois<\/span><\/span><\/a><span class=\"TextRun SCXW82949102 BCX0\" lang=\"CA\" xml:lang=\"CA\" data-contrast=\"none\"><span class=\"NormalTextRun SCXW82949102 BCX0\">\u00a0<\/span><\/span><span class=\"EOP SCXW82949102 BCX0\" data-ccp-props=\"{&quot;201341983&quot;:1,&quot;335559740&quot;:338}\">\u00a0<\/span><\/span><\/p>\n<h3><span class=\"ez-toc-section\" id=\"Renovacio_de_lequip_directiu\"><\/span><span class=\"TextRun SCXW76126643 BCX0\" lang=\"CA\" xml:lang=\"CA\" data-contrast=\"none\"><span class=\"NormalTextRun SCXW76126643 BCX0\" data-ccp-parastyle=\"heading 3\">Renovaci\u00f3 de l&#8217;equip directiu<\/span><\/span><span class=\"ez-toc-section-end\"><\/span><\/h3>\n<p><span data-contrast=\"auto\"><span class=\"TextRun SCXW139777503 BCX0\" lang=\"CA\" xml:lang=\"CA\" data-contrast=\"none\"><span class=\"NormalTextRun SCXW139777503 BCX0\" data-ccp-parastyle=\"heading 3\">La segona capacitat del comprom\u00eds col\u00b7lectiu \u00e9s la renovaci\u00f3 de l&#8217;equip directiu:<\/span><\/span><span class=\"LineBreakBlob BlobObject DragDrop SCXW139777503 BCX0\"><span class=\"SCXW139777503 BCX0\">\u00a0<\/span><br class=\"SCXW139777503 BCX0\" \/><\/span><span class=\"LineBreakBlob BlobObject DragDrop SCXW139777503 BCX0\"><span class=\"SCXW139777503 BCX0\">\u00a0<\/span><br class=\"SCXW139777503 BCX0\" \/><\/span><strong><span class=\"TextRun SCXW139777503 BCX0\" lang=\"CA\" xml:lang=\"CA\" data-contrast=\"none\"><span class=\"NormalTextRun SCXW139777503 BCX0\" data-ccp-parastyle=\"heading 3\">1. Desenvolupar una nova manera de treballar com a equip que estimuli.<\/span><\/span><\/strong><span class=\"TextRun SCXW139777503 BCX0\" lang=\"CA\" xml:lang=\"CA\" data-contrast=\"none\"><span class=\"NormalTextRun SCXW139777503 BCX0\" data-ccp-parastyle=\"heading 3\"> Implica la participaci\u00f3 amb obertura, \u00e9s a dir, crear entorns de confian\u00e7a i coneixement mutu per a extreure riquesa de l&#8217;equip alhora que s&#8217;ent\u00e9n el marc estrat\u00e8gic del negoci. Tot aix\u00f2 ho ha de realitzar el l\u00edder des d&#8217;una postura de <\/span><\/span><span class=\"TextRun SCXW139777503 BCX0\" lang=\"CA\" xml:lang=\"CA\" data-contrast=\"none\"><span class=\"NormalTextRun SpellingErrorV2Themed SCXW139777503 BCX0\" data-ccp-parastyle=\"heading 3\">Due\u00f1ez<\/span> <\/span><span class=\"TextRun SCXW139777503 BCX0\" lang=\"CA\" xml:lang=\"CA\" data-contrast=\"none\"><span class=\"NormalTextRun SCXW139777503 BCX0\" data-ccp-parastyle=\"heading 3\">(<\/span><span class=\"NormalTextRun SpellingErrorV2Themed SCXW139777503 BCX0\" data-ccp-parastyle=\"heading 3\">Accountability<\/span><span class=\"NormalTextRun SCXW139777503 BCX0\" data-ccp-parastyle=\"heading 3\">) que respongui pels resultats i la perman\u00e8ncia.<\/span><\/span><span class=\"LineBreakBlob BlobObject DragDrop SCXW139777503 BCX0\"><span class=\"SCXW139777503 BCX0\">\u00a0<\/span><br class=\"SCXW139777503 BCX0\" \/><\/span><span class=\"LineBreakBlob BlobObject DragDrop SCXW139777503 BCX0\"><span class=\"SCXW139777503 BCX0\">\u00a0<\/span><br class=\"SCXW139777503 BCX0\" \/><\/span><span class=\"TextRun SCXW139777503 BCX0\" lang=\"CA\" xml:lang=\"CA\" data-contrast=\"none\"><span class=\"NormalTextRun SCXW139777503 BCX0\" data-ccp-parastyle=\"heading 3\"><strong>Et pot interessar:<\/strong> <\/span><\/span><a class=\"Hyperlink SCXW139777503 BCX0\" href=\"https:\/\/blog.euncet.es\/estrategia-talento-webinar\/\" target=\"_blank\" rel=\"noreferrer noopener\"><span class=\"TextRun Underlined SCXW139777503 BCX0\" lang=\"CA\" xml:lang=\"CA\" data-contrast=\"none\"><span class=\"NormalTextRun SCXW139777503 BCX0\" data-ccp-charstyle=\"Hyperlink\">El Talent: Concepte vs. Estrat\u00e8gia, webinar a c\u00e0rrec de Patricio Morales<\/span><\/span><\/a><span class=\"LineBreakBlob BlobObject DragDrop SCXW139777503 BCX0\"><span class=\"SCXW139777503 BCX0\">\u00a0<\/span><br class=\"SCXW139777503 BCX0\" \/><\/span><span class=\"LineBreakBlob BlobObject DragDrop SCXW139777503 BCX0\"><span class=\"SCXW139777503 BCX0\">\u00a0<\/span><br class=\"SCXW139777503 BCX0\" \/><\/span><strong><span class=\"TextRun SCXW139777503 BCX0\" lang=\"CA\" xml:lang=\"CA\" data-contrast=\"none\"><span class=\"NormalTextRun SCXW139777503 BCX0\" data-ccp-parastyle=\"heading 3\">2. <\/span><span class=\"NormalTextRun SpellingErrorV2Themed SCXW139777503 BCX0\" data-ccp-parastyle=\"heading 3\">Reacomodar<\/span><span class=\"NormalTextRun SCXW139777503 BCX0\" data-ccp-parastyle=\"heading 3\"> talents dins de l&#8217;organitzaci\u00f3 per a aconseguir equips d&#8217;alt rendiment.<\/span><\/span><\/strong><span class=\"TextRun SCXW139777503 BCX0\" lang=\"CA\" xml:lang=\"CA\" data-contrast=\"none\"><span class=\"NormalTextRun SCXW139777503 BCX0\" data-ccp-parastyle=\"heading 3\"> Per a aprofitar el talent hum\u00e0 \u00e9s important identificar els <\/span><\/span><span class=\"TextRun SCXW139777503 BCX0\" lang=\"CA\" xml:lang=\"CA\" data-contrast=\"none\"><span class=\"NormalTextRun SpellingErrorV2Themed SCXW139777503 BCX0\" data-ccp-parastyle=\"heading 3\">high<\/span> <span class=\"NormalTextRun SpellingErrorV2Themed SCXW139777503 BCX0\" data-ccp-parastyle=\"heading 3\">potentials<\/span><\/span><span class=\"TextRun SCXW139777503 BCX0\" lang=\"CA\" xml:lang=\"CA\" data-contrast=\"none\"><span class=\"NormalTextRun SCXW139777503 BCX0\" data-ccp-parastyle=\"heading 3\"> i crear carreres personalitzades perqu\u00e8 avancin r\u00e0pid en els coneixements de l&#8217;organitzaci\u00f3 i que puguin aportar aix\u00ed resultats. El que m\u00e9s aporta al creixement i al desenvolupament del talent s\u00f3n els reptes, d&#8217;aqu\u00ed la import\u00e0ncia de la <\/span><span class=\"NormalTextRun SCXW139777503 BCX0\" data-ccp-parastyle=\"heading 3\">formaci\u00f3<\/span><span class=\"NormalTextRun SCXW139777503 BCX0\" data-ccp-parastyle=\"heading 3\"> en la pr\u00e0ctica.\u00a0<\/span><\/span><span class=\"EOP SCXW139777503 BCX0\" data-ccp-props=\"{&quot;134245418&quot;:true,&quot;134245529&quot;:true,&quot;201341983&quot;:0,&quot;335559738&quot;:320,&quot;335559739&quot;:80,&quot;335559740&quot;:276}\">\u00a0<\/span><\/span><\/p>\n<blockquote><p><span class=\"TextRun SCXW76919706 BCX0\" lang=\"CA\" xml:lang=\"CA\" data-contrast=\"none\"><span class=\"NormalTextRun SCXW76919706 BCX0\">\u00a0Creixement = f (reptes 70%, <\/span><span class=\"NormalTextRun SpellingErrorV2Themed SCXW76919706 BCX0\">coaching<\/span><span class=\"NormalTextRun SCXW76919706 BCX0\"> 20%, formaci\u00f3 10%)<\/span><\/span><span class=\"EOP SCXW76919706 BCX0\" data-ccp-props=\"{&quot;201341983&quot;:1,&quot;335551550&quot;:2,&quot;335551620&quot;:2,&quot;335559740&quot;:360}\">\u00a0<\/span><\/p><\/blockquote>\n<p><b><span data-contrast=\"auto\"><span class=\"TextRun SCXW98477489 BCX0\" lang=\"CA\" xml:lang=\"CA\" data-contrast=\"none\"><span class=\"NormalTextRun SCXW98477489 BCX0\">3. Portant nous talents. <\/span><\/span><\/span><\/b><span class=\"TextRun SCXW98477489 BCX0\" lang=\"CA\" xml:lang=\"CA\" data-contrast=\"none\"><span class=\"NormalTextRun SCXW98477489 BCX0\">L&#8217;aposta pel talent extern ha de ser una eina m\u00e9s per al creixement de l&#8217;organitzaci\u00f3. Ha d&#8217;existir una disposici\u00f3 per trencar l&#8217;estructura de les remuneracions per a atreure a talents amb alt rendiment.<\/span><\/span><span class=\"LineBreakBlob BlobObject DragDrop SCXW98477489 BCX0\"><br class=\"SCXW98477489 BCX0\" \/><\/span><span class=\"LineBreakBlob BlobObject DragDrop SCXW98477489 BCX0\"><span class=\"SCXW98477489 BCX0\">\u00a0<\/span><\/span><b><span data-contrast=\"auto\"><span class=\"LineBreakBlob BlobObject DragDrop SCXW98477489 BCX0\"><br class=\"SCXW98477489 BCX0\" \/><\/span><span class=\"TextRun SCXW98477489 BCX0\" lang=\"CA\" xml:lang=\"CA\" data-contrast=\"none\"><span class=\"NormalTextRun SCXW98477489 BCX0\">4. La diversitat com oportunitat.<\/span><\/span><\/span><\/b><span class=\"TextRun SCXW98477489 BCX0\" lang=\"CA\" xml:lang=\"CA\" data-contrast=\"none\"><span class=\"NormalTextRun SCXW98477489 BCX0\"> El respecte a les difer\u00e8ncies, a m\u00e9s d&#8217;enriquir a l&#8217;organitzaci\u00f3, enfortir\u00e0 la seguretat psicol\u00f2gica dels col\u00b7laboradors en sentir que formen part del projecte i que les seves consideracions s\u00f3n tingudes en compte.<\/span><\/span><\/p>\n<h3><span class=\"ez-toc-section\" id=\"Interdependencia\"><\/span><span class=\"TextRun SCXW47979125 BCX0\" lang=\"CA\" xml:lang=\"CA\" data-contrast=\"none\"><span class=\"NormalTextRun SCXW47979125 BCX0\" data-ccp-parastyle=\"heading 3\">Interdepend\u00e8ncia<\/span><\/span><span class=\"ez-toc-section-end\"><\/span><\/h3>\n<p><span data-contrast=\"auto\"><span class=\"TextRun SCXW198944341 BCX0\" lang=\"CA\" xml:lang=\"CA\" data-contrast=\"none\"><span class=\"NormalTextRun SCXW198944341 BCX0\">La interdepend\u00e8ncia \u00e9s la tercera capacitat del comprom\u00eds col\u00b7lectiu i sorgeix de la convicci\u00f3, una postura de vida davant el fenomen del lideratge. <\/span><\/span><strong><span class=\"TextRun SCXW198944341 BCX0\" lang=\"CA\" xml:lang=\"CA\" data-contrast=\"none\"><span class=\"NormalTextRun SCXW198944341 BCX0\">No es pot aprendre nom\u00e9s si es vol aprendre r\u00e0pid<\/span><\/span><\/strong><span class=\"TextRun SCXW198944341 BCX0\" lang=\"CA\" xml:lang=\"CA\" data-contrast=\"none\"><span class=\"NormalTextRun SCXW198944341 BCX0\">. Per a aix\u00f2, cal <\/span><\/span><strong><span class=\"TextRun SCXW198944341 BCX0\" lang=\"CA\" xml:lang=\"CA\" data-contrast=\"none\"><span class=\"NormalTextRun SCXW198944341 BCX0\">fomentar la cultura de <\/span><\/span><span class=\"TextRun SCXW198944341 BCX0\" lang=\"CA\" xml:lang=\"CA\" data-contrast=\"none\"><span class=\"NormalTextRun SpellingErrorV2Themed SCXW198944341 BCX0\">leaderships<\/span> <\/span><span class=\"TextRun SCXW198944341 BCX0\" lang=\"CA\" xml:lang=\"CA\" data-contrast=\"none\"><span class=\"NormalTextRun SCXW198944341 BCX0\">i <\/span><\/span><span class=\"TextRun SCXW198944341 BCX0\" lang=\"CA\" xml:lang=\"CA\" data-contrast=\"none\"><span class=\"NormalTextRun SpellingErrorV2Themed SCXW198944341 BCX0\">followerships<\/span><\/span><\/strong> <span class=\"TextRun SCXW198944341 BCX0\" lang=\"CA\" xml:lang=\"CA\" data-contrast=\"none\"><span class=\"NormalTextRun SCXW198944341 BCX0\">i que aquests equips respecten l&#8217;autonomia, treballen en equip i vetllen pel total. Ha d&#8217;existir la convicci\u00f3 de crear equips i cultures en les quals els col\u00b7laboradors puguin posar en pr\u00e0ctica el seu talent.<\/span><span class=\"NormalTextRun SCXW198944341 BCX0\">\u00a0<\/span><\/span><\/span><\/p>\n<p><img loading=\"lazy\" decoding=\"async\" class=\"size-full wp-image-53622 aligncenter\" src=\"https:\/\/blog.euncet.com\/wp-content\/uploads\/2022\/05\/Dificultades-en-las-organizaciones-familiares-para-agilizar-sus-compromisos-colectivos.png\" alt=\"\" width=\"750\" height=\"300\" srcset=\"https:\/\/www.euncet.com\/blog\/wp-content\/uploads\/2022\/05\/Dificultades-en-las-organizaciones-familiares-para-agilizar-sus-compromisos-colectivos.png 750w, https:\/\/www.euncet.com\/blog\/wp-content\/uploads\/2022\/05\/Dificultades-en-las-organizaciones-familiares-para-agilizar-sus-compromisos-colectivos-300x120.png 300w, https:\/\/www.euncet.com\/blog\/wp-content\/uploads\/2022\/05\/Dificultades-en-las-organizaciones-familiares-para-agilizar-sus-compromisos-colectivos-80x32.png 80w\" sizes=\"(max-width: 750px) 100vw, 750px\" \/><\/p>\n<h2><span class=\"ez-toc-section\" id=\"Dificultats_a_les_organitzacions_familiars_per_agilitar_els_seus_compromisos_collectius\"><\/span><span class=\"TextRun SCXW124539834 BCX0\" lang=\"CA\" xml:lang=\"CA\" data-contrast=\"none\"><span class=\"NormalTextRun SCXW124539834 BCX0\">Dificultats a les organitzacions familiars per agilitar els seus compromisos col\u00b7lectius<\/span><\/span><span class=\"ez-toc-section-end\"><\/span><\/h2>\n<p><span data-contrast=\"none\">Gestionar una empresa o una organitzaci\u00f3 familiar no \u00e9s una feina f\u00e0cil i, m\u00e9s, despr\u00e9s dels temps actuals i desafiaments analitzats es presenten les seg\u00fcents dificultats per agilitar els compromisos col\u00b7lectius:<\/span><span data-ccp-props=\"{&quot;201341983&quot;:1,&quot;335559740&quot;:338}\">\u00a0<\/span><span data-ccp-props=\"{&quot;201341983&quot;:1,&quot;335559740&quot;:338}\">\u00a0<\/span><\/p>\n<ul>\n<li data-leveltext=\"\uf0b7\" data-font=\"Symbol\" data-listid=\"17\" data-list-defn-props=\"{&quot;335552541&quot;:1,&quot;335559684&quot;:-2,&quot;335559685&quot;:720,&quot;335559991&quot;:360,&quot;469769226&quot;:&quot;Symbol&quot;,&quot;469769242&quot;:[8226],&quot;469777803&quot;:&quot;left&quot;,&quot;469777804&quot;:&quot;\uf0b7&quot;,&quot;469777815&quot;:&quot;hybridMultilevel&quot;}\" aria-setsize=\"-1\" data-aria-posinset=\"1\" data-aria-level=\"1\"><span data-contrast=\"none\">Manera en la qual actua el l\u00edder.<\/span><span data-ccp-props=\"{&quot;134233117&quot;:false,&quot;134233118&quot;:false,&quot;201341983&quot;:0,&quot;335551550&quot;:1,&quot;335551620&quot;:1,&quot;335559685&quot;:720,&quot;335559737&quot;:0,&quot;335559738&quot;:0,&quot;335559739&quot;:0,&quot;335559740&quot;:240,&quot;335559991&quot;:360}\">\u00a0<\/span><\/li>\n<li data-leveltext=\"\uf0b7\" data-font=\"Symbol\" data-listid=\"17\" data-list-defn-props=\"{&quot;335552541&quot;:1,&quot;335559684&quot;:-2,&quot;335559685&quot;:720,&quot;335559991&quot;:360,&quot;469769226&quot;:&quot;Symbol&quot;,&quot;469769242&quot;:[8226],&quot;469777803&quot;:&quot;left&quot;,&quot;469777804&quot;:&quot;\uf0b7&quot;,&quot;469777815&quot;:&quot;hybridMultilevel&quot;}\" aria-setsize=\"-1\" data-aria-posinset=\"1\" data-aria-level=\"1\"><span data-contrast=\"none\">Cultura familiar: h\u00e0bits i comportaments que no afavoreixen la construcci\u00f3.<\/span><span data-ccp-props=\"{&quot;134233117&quot;:false,&quot;134233118&quot;:false,&quot;201341983&quot;:0,&quot;335551550&quot;:1,&quot;335551620&quot;:1,&quot;335559685&quot;:720,&quot;335559737&quot;:0,&quot;335559738&quot;:0,&quot;335559739&quot;:0,&quot;335559740&quot;:240,&quot;335559991&quot;:360}\">\u00a0<\/span><\/li>\n<li data-leveltext=\"\uf0b7\" data-font=\"Symbol\" data-listid=\"17\" data-list-defn-props=\"{&quot;335552541&quot;:1,&quot;335559684&quot;:-2,&quot;335559685&quot;:720,&quot;335559991&quot;:360,&quot;469769226&quot;:&quot;Symbol&quot;,&quot;469769242&quot;:[8226],&quot;469777803&quot;:&quot;left&quot;,&quot;469777804&quot;:&quot;\uf0b7&quot;,&quot;469777815&quot;:&quot;hybridMultilevel&quot;}\" aria-setsize=\"-1\" data-aria-posinset=\"1\" data-aria-level=\"1\"><span data-contrast=\"none\">Inseguretat psicol\u00f2gica: no hi ha condicions d&#8217;aportaci\u00f3 perqu\u00e8 flueixin les capacitats de sumar a l&#8217;equip.<\/span><span data-ccp-props=\"{&quot;134233117&quot;:false,&quot;134233118&quot;:false,&quot;201341983&quot;:0,&quot;335551550&quot;:1,&quot;335551620&quot;:1,&quot;335559685&quot;:720,&quot;335559737&quot;:0,&quot;335559738&quot;:0,&quot;335559739&quot;:0,&quot;335559740&quot;:240,&quot;335559991&quot;:360}\">\u00a0<\/span><\/li>\n<li data-leveltext=\"\uf0b7\" data-font=\"Symbol\" data-listid=\"17\" data-list-defn-props=\"{&quot;335552541&quot;:1,&quot;335559684&quot;:-2,&quot;335559685&quot;:720,&quot;335559991&quot;:360,&quot;469769226&quot;:&quot;Symbol&quot;,&quot;469769242&quot;:[8226],&quot;469777803&quot;:&quot;left&quot;,&quot;469777804&quot;:&quot;\uf0b7&quot;,&quot;469777815&quot;:&quot;hybridMultilevel&quot;}\" aria-setsize=\"-1\" data-aria-posinset=\"1\" data-aria-level=\"1\"><span data-contrast=\"none\">Resignaci\u00f3, creen\u00e7a que no canviaran les coses.<\/span><span data-ccp-props=\"{&quot;134233117&quot;:false,&quot;134233118&quot;:false,&quot;201341983&quot;:0,&quot;335551550&quot;:1,&quot;335551620&quot;:1,&quot;335559685&quot;:720,&quot;335559737&quot;:0,&quot;335559738&quot;:0,&quot;335559739&quot;:0,&quot;335559740&quot;:240,&quot;335559991&quot;:360}\">\u00a0<\/span><\/li>\n<\/ul>\n<p><span data-ccp-props=\"{&quot;201341983&quot;:0,&quot;335559740&quot;:276}\"> <a href=\"https:\/\/www.euncet.com\/ca\/programes-online\/master-innovacio-emprenedoria-empresa-familiar\/\" target=\"_blank\" rel=\"noopener noreferrer\"><img loading=\"lazy\" decoding=\"async\" class=\"alignleft wp-image-56628 size-full\" src=\"https:\/\/blog.euncet.com\/wp-content\/uploads\/2022\/06\/executive-master-en-innovacio-emprenedoria-en-empresa-familiar-comp.gif\" alt=\"M\u00e0ster online en Innovaci\u00f3 i Emprenedoria en l'Empresa Familiar impartit per l\u2019 Euncet Business School.\" width=\"750\" height=\"265\" \/><\/a><\/span><\/p>\n","protected":false},"excerpt":{"rendered":"<p>Per fomentar l&#8217;agilitaci\u00f3 estrat\u00e8gica de l&#8217;empresa familiar, \u00e9s fonamental que existeixi un comprom\u00eds col\u00b7lectiu. Els l\u00edders i la cultura organitzacional han de promoure aquest atribut per dotar a la companyia de s\u00faper-flexibilitat amb la implicaci\u00f3 del talent de l&#8217;organitzaci\u00f3 en els processos estrat\u00e8gics.\u00a0\u00a0Sobre la import\u00e0ncia del comprom\u00eds col\u00b7lectiu en la fam\u00edlia empres\u00e0ria, Guillermo Guti\u00e9rrez, soci [&hellip;]<\/p>\n","protected":false},"author":28,"featured_media":53626,"comment_status":"closed","ping_status":"closed","sticky":false,"template":"","format":"standard","meta":{"_acf_changed":false,"footnotes":""},"categories":[443],"tags":[],"class_list":["post-58402","post","type-post","status-publish","format-standard","has-post-thumbnail","hentry","category-business-ca"],"acf":[],"yoast_head":"<!-- This site is optimized with the Yoast SEO plugin v27.5 - https:\/\/yoast.com\/product\/yoast-seo-wordpress\/ -->\n<title>Comprom\u00eds Col\u00b7lectiu a la Fam\u00edlia Empres\u00e0ria | Euncet Business School<\/title>\n<meta name=\"description\" content=\"Carlos Dumois i Guillermo Gutierrez revelen un element clau del model &quot;Flexibilitat a l&#039;Empresa Familiar&quot;. Descobreix com posar-se d&#039;acord.\" \/>\n<meta name=\"robots\" content=\"index, follow, max-snippet:-1, max-image-preview:large, max-video-preview:-1\" \/>\n<link rel=\"canonical\" href=\"https:\/\/www.euncet.com\/blog\/ca\/compromis-colectiu\/\" \/>\n<meta property=\"og:locale\" content=\"ca_ES\" \/>\n<meta property=\"og:type\" content=\"article\" \/>\n<meta property=\"og:title\" content=\"Comprom\u00eds Col\u00b7lectiu a la Fam\u00edlia Empres\u00e0ria | Euncet Business School\" \/>\n<meta property=\"og:description\" content=\"Carlos Dumois i Guillermo Gutierrez revelen un element clau del model &quot;Flexibilitat a l&#039;Empresa Familiar&quot;. Descobreix com posar-se d&#039;acord.\" \/>\n<meta property=\"og:url\" content=\"https:\/\/www.euncet.com\/blog\/ca\/compromis-colectiu\/\" \/>\n<meta property=\"og:site_name\" content=\"Euncet Business School\" \/>\n<meta property=\"article:publisher\" content=\"https:\/\/www.facebook.com\/euncet\" \/>\n<meta property=\"article:published_time\" content=\"2022-05-31T09:40:18+00:00\" \/>\n<meta property=\"article:modified_time\" content=\"2023-08-08T07:36:36+00:00\" \/>\n<meta property=\"og:image\" content=\"https:\/\/www.euncet.com\/blog\/wp-content\/uploads\/2022\/05\/CompromisoColectivo.png\" \/>\n\t<meta property=\"og:image:width\" content=\"560\" \/>\n\t<meta property=\"og:image:height\" content=\"416\" \/>\n\t<meta property=\"og:image:type\" content=\"image\/png\" \/>\n<meta name=\"author\" content=\"euncet\" \/>\n<meta name=\"twitter:card\" content=\"summary_large_image\" \/>\n<meta name=\"twitter:creator\" content=\"@euncet\" \/>\n<meta name=\"twitter:site\" content=\"@euncet\" \/>\n<meta name=\"twitter:label1\" content=\"Escrit per\" \/>\n\t<meta name=\"twitter:data1\" content=\"euncet\" \/>\n\t<meta name=\"twitter:label2\" content=\"Temps estimat de lectura\" \/>\n\t<meta name=\"twitter:data2\" content=\"10 minuts\" \/>\n<script type=\"application\/ld+json\" class=\"yoast-schema-graph\">{\"@context\":\"https:\\\/\\\/schema.org\",\"@graph\":[{\"@type\":\"Article\",\"@id\":\"https:\\\/\\\/www.euncet.com\\\/blog\\\/ca\\\/compromis-colectiu\\\/#article\",\"isPartOf\":{\"@id\":\"https:\\\/\\\/www.euncet.com\\\/blog\\\/ca\\\/compromis-colectiu\\\/\"},\"author\":{\"name\":\"euncet\",\"@id\":\"https:\\\/\\\/www.euncet.com\\\/blog\\\/ca\\\/#\\\/schema\\\/person\\\/8253e592273eb1f7a48788902ca03268\"},\"headline\":\"Comprom\u00eds col\u00b7lectiu a la fam\u00edlia empres\u00e0ria\",\"datePublished\":\"2022-05-31T09:40:18+00:00\",\"dateModified\":\"2023-08-08T07:36:36+00:00\",\"mainEntityOfPage\":{\"@id\":\"https:\\\/\\\/www.euncet.com\\\/blog\\\/ca\\\/compromis-colectiu\\\/\"},\"wordCount\":1955,\"image\":{\"@id\":\"https:\\\/\\\/www.euncet.com\\\/blog\\\/ca\\\/compromis-colectiu\\\/#primaryimage\"},\"thumbnailUrl\":\"https:\\\/\\\/www.euncet.com\\\/blog\\\/wp-content\\\/uploads\\\/2022\\\/05\\\/CompromisoColectivo.png\",\"articleSection\":[\"Business: tend\u00e8ncies i novetats\"],\"inLanguage\":\"ca\"},{\"@type\":\"WebPage\",\"@id\":\"https:\\\/\\\/www.euncet.com\\\/blog\\\/ca\\\/compromis-colectiu\\\/\",\"url\":\"https:\\\/\\\/www.euncet.com\\\/blog\\\/ca\\\/compromis-colectiu\\\/\",\"name\":\"Comprom\u00eds Col\u00b7lectiu a la Fam\u00edlia Empres\u00e0ria | Euncet Business School\",\"isPartOf\":{\"@id\":\"https:\\\/\\\/www.euncet.com\\\/blog\\\/ca\\\/#website\"},\"primaryImageOfPage\":{\"@id\":\"https:\\\/\\\/www.euncet.com\\\/blog\\\/ca\\\/compromis-colectiu\\\/#primaryimage\"},\"image\":{\"@id\":\"https:\\\/\\\/www.euncet.com\\\/blog\\\/ca\\\/compromis-colectiu\\\/#primaryimage\"},\"thumbnailUrl\":\"https:\\\/\\\/www.euncet.com\\\/blog\\\/wp-content\\\/uploads\\\/2022\\\/05\\\/CompromisoColectivo.png\",\"datePublished\":\"2022-05-31T09:40:18+00:00\",\"dateModified\":\"2023-08-08T07:36:36+00:00\",\"author\":{\"@id\":\"https:\\\/\\\/www.euncet.com\\\/blog\\\/ca\\\/#\\\/schema\\\/person\\\/8253e592273eb1f7a48788902ca03268\"},\"description\":\"Carlos Dumois i Guillermo Gutierrez revelen un element clau del model \\\"Flexibilitat a l'Empresa Familiar\\\". Descobreix com posar-se d'acord.\",\"breadcrumb\":{\"@id\":\"https:\\\/\\\/www.euncet.com\\\/blog\\\/ca\\\/compromis-colectiu\\\/#breadcrumb\"},\"inLanguage\":\"ca\",\"potentialAction\":[{\"@type\":\"ReadAction\",\"target\":[\"https:\\\/\\\/www.euncet.com\\\/blog\\\/ca\\\/compromis-colectiu\\\/\"]}]},{\"@type\":\"ImageObject\",\"inLanguage\":\"ca\",\"@id\":\"https:\\\/\\\/www.euncet.com\\\/blog\\\/ca\\\/compromis-colectiu\\\/#primaryimage\",\"url\":\"https:\\\/\\\/www.euncet.com\\\/blog\\\/wp-content\\\/uploads\\\/2022\\\/05\\\/CompromisoColectivo.png\",\"contentUrl\":\"https:\\\/\\\/www.euncet.com\\\/blog\\\/wp-content\\\/uploads\\\/2022\\\/05\\\/CompromisoColectivo.png\",\"width\":560,\"height\":416},{\"@type\":\"BreadcrumbList\",\"@id\":\"https:\\\/\\\/www.euncet.com\\\/blog\\\/ca\\\/compromis-colectiu\\\/#breadcrumb\",\"itemListElement\":[{\"@type\":\"ListItem\",\"position\":1,\"name\":\"Portada\",\"item\":\"https:\\\/\\\/www.euncet.com\\\/blog\\\/ca\\\/\"},{\"@type\":\"ListItem\",\"position\":2,\"name\":\"Comprom\u00eds col\u00b7lectiu a la fam\u00edlia empres\u00e0ria\"}]},{\"@type\":\"WebSite\",\"@id\":\"https:\\\/\\\/www.euncet.com\\\/blog\\\/ca\\\/#website\",\"url\":\"https:\\\/\\\/www.euncet.com\\\/blog\\\/ca\\\/\",\"name\":\"Euncet Business School\",\"description\":\"Escuela de negocios\",\"potentialAction\":[{\"@type\":\"SearchAction\",\"target\":{\"@type\":\"EntryPoint\",\"urlTemplate\":\"https:\\\/\\\/www.euncet.com\\\/blog\\\/ca\\\/?s={search_term_string}\"},\"query-input\":{\"@type\":\"PropertyValueSpecification\",\"valueRequired\":true,\"valueName\":\"search_term_string\"}}],\"inLanguage\":\"ca\"},{\"@type\":\"Person\",\"@id\":\"https:\\\/\\\/www.euncet.com\\\/blog\\\/ca\\\/#\\\/schema\\\/person\\\/8253e592273eb1f7a48788902ca03268\",\"name\":\"euncet\",\"image\":{\"@type\":\"ImageObject\",\"inLanguage\":\"ca\",\"@id\":\"https:\\\/\\\/secure.gravatar.com\\\/avatar\\\/ee2ce5f049e82b74bcc6b8db4c5e9c717e35544f3cde91d14a3daa9827fe21f0?s=96&d=mm&r=g\",\"url\":\"https:\\\/\\\/secure.gravatar.com\\\/avatar\\\/ee2ce5f049e82b74bcc6b8db4c5e9c717e35544f3cde91d14a3daa9827fe21f0?s=96&d=mm&r=g\",\"contentUrl\":\"https:\\\/\\\/secure.gravatar.com\\\/avatar\\\/ee2ce5f049e82b74bcc6b8db4c5e9c717e35544f3cde91d14a3daa9827fe21f0?s=96&d=mm&r=g\",\"caption\":\"euncet\"},\"url\":\"https:\\\/\\\/www.euncet.com\\\/blog\\\/ca\\\/author\\\/euncet\\\/\"}]}<\/script>\n<!-- \/ Yoast SEO plugin. -->","yoast_head_json":{"title":"Comprom\u00eds Col\u00b7lectiu a la Fam\u00edlia Empres\u00e0ria | Euncet Business School","description":"Carlos Dumois i Guillermo Gutierrez revelen un element clau del model \"Flexibilitat a l'Empresa Familiar\". Descobreix com posar-se d'acord.","robots":{"index":"index","follow":"follow","max-snippet":"max-snippet:-1","max-image-preview":"max-image-preview:large","max-video-preview":"max-video-preview:-1"},"canonical":"https:\/\/www.euncet.com\/blog\/ca\/compromis-colectiu\/","og_locale":"ca_ES","og_type":"article","og_title":"Comprom\u00eds Col\u00b7lectiu a la Fam\u00edlia Empres\u00e0ria | Euncet Business School","og_description":"Carlos Dumois i Guillermo Gutierrez revelen un element clau del model \"Flexibilitat a l'Empresa Familiar\". Descobreix com posar-se d'acord.","og_url":"https:\/\/www.euncet.com\/blog\/ca\/compromis-colectiu\/","og_site_name":"Euncet Business School","article_publisher":"https:\/\/www.facebook.com\/euncet","article_published_time":"2022-05-31T09:40:18+00:00","article_modified_time":"2023-08-08T07:36:36+00:00","og_image":[{"width":560,"height":416,"url":"https:\/\/www.euncet.com\/blog\/wp-content\/uploads\/2022\/05\/CompromisoColectivo.png","type":"image\/png"}],"author":"euncet","twitter_card":"summary_large_image","twitter_creator":"@euncet","twitter_site":"@euncet","twitter_misc":{"Escrit per":"euncet","Temps estimat de lectura":"10 minuts"},"schema":{"@context":"https:\/\/schema.org","@graph":[{"@type":"Article","@id":"https:\/\/www.euncet.com\/blog\/ca\/compromis-colectiu\/#article","isPartOf":{"@id":"https:\/\/www.euncet.com\/blog\/ca\/compromis-colectiu\/"},"author":{"name":"euncet","@id":"https:\/\/www.euncet.com\/blog\/ca\/#\/schema\/person\/8253e592273eb1f7a48788902ca03268"},"headline":"Comprom\u00eds col\u00b7lectiu a la fam\u00edlia empres\u00e0ria","datePublished":"2022-05-31T09:40:18+00:00","dateModified":"2023-08-08T07:36:36+00:00","mainEntityOfPage":{"@id":"https:\/\/www.euncet.com\/blog\/ca\/compromis-colectiu\/"},"wordCount":1955,"image":{"@id":"https:\/\/www.euncet.com\/blog\/ca\/compromis-colectiu\/#primaryimage"},"thumbnailUrl":"https:\/\/www.euncet.com\/blog\/wp-content\/uploads\/2022\/05\/CompromisoColectivo.png","articleSection":["Business: tend\u00e8ncies i novetats"],"inLanguage":"ca"},{"@type":"WebPage","@id":"https:\/\/www.euncet.com\/blog\/ca\/compromis-colectiu\/","url":"https:\/\/www.euncet.com\/blog\/ca\/compromis-colectiu\/","name":"Comprom\u00eds Col\u00b7lectiu a la Fam\u00edlia Empres\u00e0ria | Euncet Business School","isPartOf":{"@id":"https:\/\/www.euncet.com\/blog\/ca\/#website"},"primaryImageOfPage":{"@id":"https:\/\/www.euncet.com\/blog\/ca\/compromis-colectiu\/#primaryimage"},"image":{"@id":"https:\/\/www.euncet.com\/blog\/ca\/compromis-colectiu\/#primaryimage"},"thumbnailUrl":"https:\/\/www.euncet.com\/blog\/wp-content\/uploads\/2022\/05\/CompromisoColectivo.png","datePublished":"2022-05-31T09:40:18+00:00","dateModified":"2023-08-08T07:36:36+00:00","author":{"@id":"https:\/\/www.euncet.com\/blog\/ca\/#\/schema\/person\/8253e592273eb1f7a48788902ca03268"},"description":"Carlos Dumois i Guillermo Gutierrez revelen un element clau del model \"Flexibilitat a l'Empresa Familiar\". Descobreix com posar-se d'acord.","breadcrumb":{"@id":"https:\/\/www.euncet.com\/blog\/ca\/compromis-colectiu\/#breadcrumb"},"inLanguage":"ca","potentialAction":[{"@type":"ReadAction","target":["https:\/\/www.euncet.com\/blog\/ca\/compromis-colectiu\/"]}]},{"@type":"ImageObject","inLanguage":"ca","@id":"https:\/\/www.euncet.com\/blog\/ca\/compromis-colectiu\/#primaryimage","url":"https:\/\/www.euncet.com\/blog\/wp-content\/uploads\/2022\/05\/CompromisoColectivo.png","contentUrl":"https:\/\/www.euncet.com\/blog\/wp-content\/uploads\/2022\/05\/CompromisoColectivo.png","width":560,"height":416},{"@type":"BreadcrumbList","@id":"https:\/\/www.euncet.com\/blog\/ca\/compromis-colectiu\/#breadcrumb","itemListElement":[{"@type":"ListItem","position":1,"name":"Portada","item":"https:\/\/www.euncet.com\/blog\/ca\/"},{"@type":"ListItem","position":2,"name":"Comprom\u00eds col\u00b7lectiu a la fam\u00edlia empres\u00e0ria"}]},{"@type":"WebSite","@id":"https:\/\/www.euncet.com\/blog\/ca\/#website","url":"https:\/\/www.euncet.com\/blog\/ca\/","name":"Euncet Business School","description":"Escuela de negocios","potentialAction":[{"@type":"SearchAction","target":{"@type":"EntryPoint","urlTemplate":"https:\/\/www.euncet.com\/blog\/ca\/?s={search_term_string}"},"query-input":{"@type":"PropertyValueSpecification","valueRequired":true,"valueName":"search_term_string"}}],"inLanguage":"ca"},{"@type":"Person","@id":"https:\/\/www.euncet.com\/blog\/ca\/#\/schema\/person\/8253e592273eb1f7a48788902ca03268","name":"euncet","image":{"@type":"ImageObject","inLanguage":"ca","@id":"https:\/\/secure.gravatar.com\/avatar\/ee2ce5f049e82b74bcc6b8db4c5e9c717e35544f3cde91d14a3daa9827fe21f0?s=96&d=mm&r=g","url":"https:\/\/secure.gravatar.com\/avatar\/ee2ce5f049e82b74bcc6b8db4c5e9c717e35544f3cde91d14a3daa9827fe21f0?s=96&d=mm&r=g","contentUrl":"https:\/\/secure.gravatar.com\/avatar\/ee2ce5f049e82b74bcc6b8db4c5e9c717e35544f3cde91d14a3daa9827fe21f0?s=96&d=mm&r=g","caption":"euncet"},"url":"https:\/\/www.euncet.com\/blog\/ca\/author\/euncet\/"}]}},"_links":{"self":[{"href":"https:\/\/www.euncet.com\/blog\/ca\/wp-json\/wp\/v2\/posts\/58402","targetHints":{"allow":["GET"]}}],"collection":[{"href":"https:\/\/www.euncet.com\/blog\/ca\/wp-json\/wp\/v2\/posts"}],"about":[{"href":"https:\/\/www.euncet.com\/blog\/ca\/wp-json\/wp\/v2\/types\/post"}],"author":[{"embeddable":true,"href":"https:\/\/www.euncet.com\/blog\/ca\/wp-json\/wp\/v2\/users\/28"}],"replies":[{"embeddable":true,"href":"https:\/\/www.euncet.com\/blog\/ca\/wp-json\/wp\/v2\/comments?post=58402"}],"version-history":[{"count":0,"href":"https:\/\/www.euncet.com\/blog\/ca\/wp-json\/wp\/v2\/posts\/58402\/revisions"}],"wp:featuredmedia":[{"embeddable":true,"href":"https:\/\/www.euncet.com\/blog\/ca\/wp-json\/wp\/v2\/media\/53626"}],"wp:attachment":[{"href":"https:\/\/www.euncet.com\/blog\/ca\/wp-json\/wp\/v2\/media?parent=58402"}],"wp:term":[{"taxonomy":"category","embeddable":true,"href":"https:\/\/www.euncet.com\/blog\/ca\/wp-json\/wp\/v2\/categories?post=58402"},{"taxonomy":"post_tag","embeddable":true,"href":"https:\/\/www.euncet.com\/blog\/ca\/wp-json\/wp\/v2\/tags?post=58402"}],"curies":[{"name":"wp","href":"https:\/\/api.w.org\/{rel}","templated":true}]}}