{"id":58407,"date":"2022-05-25T12:06:33","date_gmt":"2022-05-25T10:06:33","guid":{"rendered":"https:\/\/blog.euncet.com\/?p=58407"},"modified":"2023-02-27T13:15:18","modified_gmt":"2023-02-27T12:15:18","slug":"transformacio-tecnologica","status":"publish","type":"post","link":"https:\/\/www.euncet.com\/blog\/ca\/transformacio-tecnologica\/","title":{"rendered":"Transformaci\u00f3 tecnol\u00f2gica en els negocis, d&#8217;opci\u00f3 a obligaci\u00f3"},"content":{"rendered":"<p><span class=\"TextRun SCXW92748109 BCX0\" lang=\"CA-ES\" xml:lang=\"CA-ES\" data-contrast=\"none\"><span class=\"NormalTextRun SCXW92748109 BCX0\" data-ccp-parastyle=\"heading 1\">Big Data? <\/span><span class=\"NormalTextRun SpellingErrorV2Themed SCXW92748109 BCX0\" data-ccp-parastyle=\"heading 1\">Metavers<\/span><span class=\"NormalTextRun SCXW92748109 BCX0\" data-ccp-parastyle=\"heading 1\">? Intel\u00b7lig\u00e8ncia Artificial? Encara que s\u00f3n conceptes recurrents, la societat i, especialment, les empreses no les perceben com una realitat, sin\u00f3 com una transformaci\u00f3 tecnol\u00f2gica amb opci\u00f3 d&#8217;adoptar a mitj\u00e0 o llarg termini.<\/span><\/span><span class=\"LineBreakBlob BlobObject DragDrop SCXW92748109 BCX0\"><span class=\"SCXW92748109 BCX0\">\u00a0<\/span><br class=\"SCXW92748109 BCX0\" \/><\/span><span class=\"LineBreakBlob BlobObject DragDrop SCXW92748109 BCX0\"><span class=\"SCXW92748109 BCX0\">\u00a0<\/span><br class=\"SCXW92748109 BCX0\" \/><\/span><a class=\"Hyperlink SCXW92748109 BCX0\" href=\"https:\/\/www.marcvidal.net\/\" target=\"_blank\" rel=\"noreferrer noopener\"><span class=\"TextRun Underlined SCXW92748109 BCX0\" lang=\"CA-ES\" xml:lang=\"CA-ES\" data-contrast=\"none\"><span class=\"NormalTextRun SCXW92748109 BCX0\" data-ccp-charstyle=\"Hyperlink\">Marc Vidal,<\/span><\/span><\/a><span class=\"TextRun SCXW92748109 BCX0\" lang=\"CA-ES\" xml:lang=\"CA-ES\" data-contrast=\"none\"><span class=\"NormalTextRun SCXW92748109 BCX0\" data-ccp-parastyle=\"heading 1\"> fundador d\u2019<\/span><\/span><a class=\"Hyperlink SCXW92748109 BCX0\" href=\"https:\/\/www.allrework.com\/\" target=\"_blank\" rel=\"noreferrer noopener\"><span class=\"TextRun Underlined SCXW92748109 BCX0\" lang=\"CA-ES\" xml:lang=\"CA-ES\" data-contrast=\"none\"><span class=\"NormalTextRun SCXW92748109 BCX0\" data-ccp-charstyle=\"Hyperlink\">Allrework<\/span><\/span><\/a><span class=\"TextRun SCXW92748109 BCX0\" lang=\"CA-ES\" xml:lang=\"CA-ES\" data-contrast=\"none\"><span class=\"NormalTextRun SCXW92748109 BCX0\" data-ccp-parastyle=\"heading 1\">, <\/span><span class=\"NormalTextRun SpellingErrorV2Themed SCXW92748109 BCX0\" data-ccp-parastyle=\"heading 1\">LinkedIn<\/span><span class=\"NormalTextRun SCXW92748109 BCX0\" data-ccp-parastyle=\"heading 1\"> Top <\/span><span class=\"NormalTextRun SpellingErrorV2Themed SCXW92748109 BCX0\" data-ccp-parastyle=\"heading 1\">Voices<\/span><span class=\"NormalTextRun SCXW92748109 BCX0\" data-ccp-parastyle=\"heading 1\">, Top100 <\/span><span class=\"NormalTextRun SpellingErrorV2Themed SCXW92748109 BCX0\" data-ccp-parastyle=\"heading 1\">Forbes<\/span> <span class=\"NormalTextRun SpellingErrorV2Themed SCXW92748109 BCX0\" data-ccp-parastyle=\"heading 1\">Influencers<\/span><span class=\"NormalTextRun SCXW92748109 BCX0\" data-ccp-parastyle=\"heading 1\"> i considerat com una de les figures m\u00e9s influents en economia digital d&#8217;Espanya, en col\u00b7laboraci\u00f3 amb <\/span><span class=\"NormalTextRun SpellingErrorV2Themed SCXW92748109 BCX0\" data-ccp-parastyle=\"heading 1\">l\u2019Euncet<\/span><span class=\"NormalTextRun SCXW92748109 BCX0\" data-ccp-parastyle=\"heading 1\"> Business <\/span><span class=\"NormalTextRun SpellingErrorV2Themed SCXW92748109 BCX0\" data-ccp-parastyle=\"heading 1\">School<\/span><span class=\"NormalTextRun SCXW92748109 BCX0\" data-ccp-parastyle=\"heading 1\"> va tractar la necessitat urgent d&#8217;abra\u00e7ar les tecnologies des de l&#8217;oportunitat i no des de la por i el desafiament en la pon\u00e8ncia <\/span><\/span><span class=\"TextRun SCXW92748109 BCX0\" lang=\"CA-ES\" xml:lang=\"CA-ES\" data-contrast=\"none\"><span class=\"NormalTextRun SCXW92748109 BCX0\" data-ccp-parastyle=\"heading 1\">\u201cArribes a temps al futur?\u201d<\/span><\/span><span class=\"TextRun SCXW92748109 BCX0\" lang=\"CA-ES\" xml:lang=\"CA-ES\" data-contrast=\"none\"><span class=\"NormalTextRun SCXW92748109 BCX0\" data-ccp-parastyle=\"heading 1\">, que s&#8217;engloba dins del cicle de pon\u00e8ncies magistrals gratu\u00eftes i presencials realitzades al Campus de Terrassa, en les quals ja han participat Xavier Sala-i-Mart\u00edn, Emilio <\/span><span class=\"NormalTextRun SpellingErrorV2Themed SCXW92748109 BCX0\" data-ccp-parastyle=\"heading 1\">Dur\u00f3<\/span><span class=\"NormalTextRun SCXW92748109 BCX0\" data-ccp-parastyle=\"heading 1\">, el Dr. Mario Alonso i Marc Garc\u00eda.<\/span><\/span><span class=\"LineBreakBlob BlobObject DragDrop SCXW92748109 BCX0\"><span class=\"SCXW92748109 BCX0\">\u00a0<\/span><br class=\"SCXW92748109 BCX0\" \/><\/span><span class=\"LineBreakBlob BlobObject DragDrop SCXW92748109 BCX0\"><span class=\"SCXW92748109 BCX0\">\u00a0<\/span><br class=\"SCXW92748109 BCX0\" \/><\/span><span class=\"TextRun SCXW92748109 BCX0\" lang=\"CA-ES\" xml:lang=\"CA-ES\" data-contrast=\"none\"><span class=\"NormalTextRun SCXW92748109 BCX0\" data-ccp-parastyle=\"heading 1\">En el seg\u00fcent article, et mostrem algunes de les reflexions que va fer Marc Vidal i <\/span><\/span><strong><span class=\"TextRun SCXW92748109 BCX0\" lang=\"CA-ES\" xml:lang=\"CA-ES\" data-contrast=\"none\"><span class=\"NormalTextRun SCXW92748109 BCX0\" data-ccp-parastyle=\"heading 1\">per qu\u00e8 \u00e9s m\u00e9s important entendre les seves possibilitats en la ind\u00fastria que centrar-se en els reptes o pors que presenta que sigui tan incerta la seva evoluci\u00f3.\u00a0<\/span><\/span><span class=\"EOP SCXW92748109 BCX0\" data-ccp-props=\"{&quot;134245418&quot;:true,&quot;134245529&quot;:true,&quot;201341983&quot;:0,&quot;335559738&quot;:240,&quot;335559739&quot;:0,&quot;335559740&quot;:259}\">\u00a0<\/span><\/strong><\/p><div id=\"ez-toc-container\" class=\"ez-toc-v2_0_82_2 counter-hierarchy ez-toc-counter ez-toc-custom ez-toc-container-direction\">\n<div class=\"ez-toc-title-container\">\n<p class=\"ez-toc-title\" style=\"cursor:inherit\">\u00cdNDEX DE CONTINGUTS<\/p>\n<span class=\"ez-toc-title-toggle\"><a href=\"#\" class=\"ez-toc-pull-right ez-toc-btn ez-toc-btn-xs ez-toc-btn-default ez-toc-toggle\" aria-label=\"Toggle Table of Content\"><span class=\"ez-toc-js-icon-con\"><span class=\"\"><span class=\"eztoc-hide\" style=\"display:none;\">Toggle<\/span><span class=\"ez-toc-icon-toggle-span\"><svg style=\"fill: #222222;color:#222222\" xmlns=\"http:\/\/www.w3.org\/2000\/svg\" class=\"list-377408\" width=\"20px\" height=\"20px\" viewBox=\"0 0 24 24\" fill=\"none\"><path d=\"M6 6H4v2h2V6zm14 0H8v2h12V6zM4 11h2v2H4v-2zm16 0H8v2h12v-2zM4 16h2v2H4v-2zm16 0H8v2h12v-2z\" fill=\"currentColor\"><\/path><\/svg><svg style=\"fill: #222222;color:#222222\" class=\"arrow-unsorted-368013\" xmlns=\"http:\/\/www.w3.org\/2000\/svg\" width=\"10px\" height=\"10px\" viewBox=\"0 0 24 24\" version=\"1.2\" baseProfile=\"tiny\"><path d=\"M18.2 9.3l-6.2-6.3-6.2 6.3c-.2.2-.3.4-.3.7s.1.5.3.7c.2.2.4.3.7.3h11c.3 0 .5-.1.7-.3.2-.2.3-.5.3-.7s-.1-.5-.3-.7zM5.8 14.7l6.2 6.3 6.2-6.3c.2-.2.3-.5.3-.7s-.1-.5-.3-.7c-.2-.2-.4-.3-.7-.3h-11c-.3 0-.5.1-.7.3-.2.2-.3.5-.3.7s.1.5.3.7z\"\/><\/svg><\/span><\/span><\/span><\/a><\/span><\/div>\n<nav><ul class='ez-toc-list ez-toc-list-level-1 ' ><li class='ez-toc-page-1 ez-toc-heading-level-2'><a class=\"ez-toc-link ez-toc-heading-1\" href=\"https:\/\/www.euncet.com\/blog\/ca\/transformacio-tecnologica\/#Revolucio_o_transformacio\" >Revoluci\u00f3 o transformaci\u00f3?<\/a><\/li><li class='ez-toc-page-1 ez-toc-heading-level-2'><a class=\"ez-toc-link ez-toc-heading-2\" href=\"https:\/\/www.euncet.com\/blog\/ca\/transformacio-tecnologica\/#La_flexibilitat_com_a_valor_de_canvi\" >La flexibilitat com a valor de canvi\u00a0<\/a><\/li><li class='ez-toc-page-1 ez-toc-heading-level-2'><a class=\"ez-toc-link ez-toc-heading-3\" href=\"https:\/\/www.euncet.com\/blog\/ca\/transformacio-tecnologica\/#4_claus_per_abordar_el_desafiament_digital\" >4 claus per abordar el desafiament digital<\/a><ul class='ez-toc-list-level-3' ><li class='ez-toc-heading-level-3'><a class=\"ez-toc-link ez-toc-heading-4\" href=\"https:\/\/www.euncet.com\/blog\/ca\/transformacio-tecnologica\/#1_El_client_en_el_centre_%E2%80%93_Customer_Centricity\" >1. El client en el centre &#8211; Customer Centricity\u00a0<\/a><\/li><li class='ez-toc-page-1 ez-toc-heading-level-3'><a class=\"ez-toc-link ez-toc-heading-5\" href=\"https:\/\/www.euncet.com\/blog\/ca\/transformacio-tecnologica\/#2_Optimitzacio_de_processos\" >2. Optimitzaci\u00f3 de processos<\/a><\/li><li class='ez-toc-page-1 ez-toc-heading-level-3'><a class=\"ez-toc-link ez-toc-heading-6\" href=\"https:\/\/www.euncet.com\/blog\/ca\/transformacio-tecnologica\/#3_Nous_models_de_negoci\" >3. Nous models de negoci<\/a><\/li><li class='ez-toc-page-1 ez-toc-heading-level-3'><a class=\"ez-toc-link ez-toc-heading-7\" href=\"https:\/\/www.euncet.com\/blog\/ca\/transformacio-tecnologica\/#4_Noves_habilitats\" >4. Noves habilitats<\/a><\/li><\/ul><\/li><\/ul><\/nav><\/div>\n\n<p><img fetchpriority=\"high\" decoding=\"async\" class=\"aligncenter\" src=\"https:\/\/blog.euncet.com\/wp-content\/uploads\/2022\/05\/Revolucion-o-transformacion.png\" sizes=\"(max-width: 750px) 100vw, 750px\" srcset=\"https:\/\/blog.euncet.com\/wp-content\/uploads\/2022\/05\/Revolucion-o-transformacion.png 750w, https:\/\/blog.euncet.com\/wp-content\/uploads\/2022\/05\/Revolucion-o-transformacion-300x120.png 300w, https:\/\/blog.euncet.com\/wp-content\/uploads\/2022\/05\/Revolucion-o-transformacion-80x32.png 80w\" alt=\"\" width=\"750\" height=\"300\" \/><\/p>\n<h2><span class=\"ez-toc-section\" id=\"Revolucio_o_transformacio\"><\/span><span class=\"TextRun SCXW263225232 BCX0\" lang=\"CA-ES\" xml:lang=\"CA-ES\" data-contrast=\"none\"><span class=\"NormalTextRun SCXW263225232 BCX0\" data-ccp-parastyle=\"heading 2\">Revoluci\u00f3 o transformaci\u00f3?<\/span><\/span><span class=\"ez-toc-section-end\"><\/span><\/h2>\n<p><span class=\"TextRun SCXW263225232 BCX0\" lang=\"CA-ES\" xml:lang=\"CA-ES\" data-contrast=\"none\"><span class=\"NormalTextRun SCXW263225232 BCX0\" data-ccp-parastyle=\"heading 2\">La <\/span><\/span><strong><span class=\"TextRun SCXW263225232 BCX0\" lang=\"CA-ES\" xml:lang=\"CA-ES\" data-contrast=\"none\"><span class=\"NormalTextRun SpellingErrorV2Themed SCXW263225232 BCX0\" data-ccp-parastyle=\"heading 2\">hiperconnectivitat<\/span><span class=\"NormalTextRun SCXW263225232 BCX0\" data-ccp-parastyle=\"heading 2\"> i l&#8217;alta competitivitat<\/span><\/span><\/strong><span class=\"TextRun SCXW263225232 BCX0\" lang=\"CA-ES\" xml:lang=\"CA-ES\" data-contrast=\"none\"><span class=\"NormalTextRun SCXW263225232 BCX0\" data-ccp-parastyle=\"heading 2\"> en els mercats fa que els usuaris cada vegada siguin m\u00e9s exigents. La m\u00e0xima de les organitzacions per ser competitives \u00e9s precisament <\/span><\/span><strong><span class=\"TextRun SCXW263225232 BCX0\" lang=\"CA-ES\" xml:lang=\"CA-ES\" data-contrast=\"none\"><span class=\"NormalTextRun SCXW263225232 BCX0\" data-ccp-parastyle=\"heading 2\">aportar aquest valor diferencial que les converteixi en l&#8217;elecci\u00f3 dels consumidors<\/span><\/span><\/strong><span class=\"TextRun SCXW263225232 BCX0\" lang=\"CA-ES\" xml:lang=\"CA-ES\" data-contrast=\"none\"><span class=\"NormalTextRun SCXW263225232 BCX0\" data-ccp-parastyle=\"heading 2\">. Per aconseguir-ho, \u00e9s clau <\/span><\/span><strong><span class=\"TextRun SCXW263225232 BCX0\" lang=\"CA-ES\" xml:lang=\"CA-ES\" data-contrast=\"none\"><span class=\"NormalTextRun SCXW263225232 BCX0\" data-ccp-parastyle=\"heading 2\">diferenciar el nou consumidor del client i de l&#8217;usuari<\/span><\/span><\/strong><span class=\"TextRun SCXW263225232 BCX0\" lang=\"CA-ES\" xml:lang=\"CA-ES\" data-contrast=\"none\"><span class=\"NormalTextRun SCXW263225232 BCX0\" data-ccp-parastyle=\"heading 2\">, i aix\u00f2 es pot aconseguir amb l&#8217;ajuda de la tecnologia. El que per a molts es presenta com un escenari de crisi, <\/span><\/span><strong><span class=\"TextRun SCXW263225232 BCX0\" lang=\"CA-ES\" xml:lang=\"CA-ES\" data-contrast=\"none\"><span class=\"NormalTextRun SCXW263225232 BCX0\" data-ccp-parastyle=\"heading 2\">si se sap aprofitar, pot ser una gran oportunitat.<\/span><\/span><\/strong><\/p>\n<blockquote><p><span class=\"TextRun SCXW255179211 BCX0\" lang=\"CA-ES\" xml:lang=\"CA-ES\" data-contrast=\"none\"><span class=\"NormalTextRun SCXW255179211 BCX0\" data-ccp-parastyle=\"heading 2\">\u201cL&#8217;\u00e9sser hum\u00e0 viu les revolucions industrials com a grans crisis.\u201d &#8211; Marc Vidal<\/span><\/span><\/p><\/blockquote>\n<p dir=\"ltr\" style=\"line-height: 1.38; margin-top: 0pt; margin-bottom: 0pt;\"><span class=\"TextRun SCXW200215034 BCX0\" lang=\"CA-ES\" xml:lang=\"CA-ES\" data-contrast=\"none\"><span class=\"NormalTextRun SCXW200215034 BCX0\" data-ccp-parastyle=\"heading 2\">Situacions com la pand\u00e8mia han posat de manifest la falsa creen\u00e7a que es tenia sobre l&#8217;adopci\u00f3 tecnol\u00f2gica per part de les empreses, les quals consideraven que es trobaven en un punt evolucionat, quan la realitat ha estat ben diferent despr\u00e9s de la situaci\u00f3 actual marcada per la incertesa.<\/span><\/span><span class=\"LineBreakBlob BlobObject DragDrop SCXW200215034 BCX0\"><span class=\"SCXW200215034 BCX0\">\u00a0<\/span><br class=\"SCXW200215034 BCX0\" \/><\/span><span class=\"LineBreakBlob BlobObject DragDrop SCXW200215034 BCX0\"><span class=\"SCXW200215034 BCX0\">\u00a0<\/span><br class=\"SCXW200215034 BCX0\" \/><\/span><span class=\"TextRun SCXW200215034 BCX0\" lang=\"CA-ES\" xml:lang=\"CA-ES\" data-contrast=\"none\"><span class=\"NormalTextRun SCXW200215034 BCX0\" data-ccp-parastyle=\"heading 2\">Encara aix\u00ed, tend\u00e8ncies laborals com el teletreball, la gesti\u00f3 de projectes i les metodologies \u00e0gils s&#8217;han anat establint en la <strong>cultura organitzacional<\/strong> de moltes empreses que han aprofitat aquesta alerta per <strong>acceptar, incorporar i potenciar l&#8217;\u00fas d&#8217;aquestes tecnologies en els seus processos.<\/strong><\/span><\/span><span class=\"LineBreakBlob BlobObject DragDrop SCXW200215034 BCX0\"><strong><span class=\"SCXW200215034 BCX0\">\u00a0<\/span><\/strong><\/span><\/p>\n<blockquote><p><span class=\"TextRun SCXW40553667 BCX0\" lang=\"CA-ES\" xml:lang=\"CA-ES\" data-contrast=\"none\"><span class=\"NormalTextRun SCXW40553667 BCX0\" data-ccp-parastyle=\"heading 2\">\u201cEl que \u00e9s incert genera canvis i els canvis, innovacions<span class=\"TextRun SCXW255179211 BCX0\" lang=\"CA-ES\" xml:lang=\"CA-ES\" data-contrast=\"none\"><span class=\"NormalTextRun SCXW255179211 BCX0\" data-ccp-parastyle=\"heading 2\">.\u201d &#8211; <\/span><\/span>Marc Vidal\u00a0<\/span><\/span><\/p><\/blockquote>\n<p><strong><img decoding=\"async\" class=\"aligncenter\" src=\"https:\/\/blog.euncet.com\/wp-content\/uploads\/2022\/05\/La-flexibilidad-como-valor-de-cambio.png\" sizes=\"(max-width: 750px) 100vw, 750px\" srcset=\"https:\/\/blog.euncet.com\/wp-content\/uploads\/2022\/05\/La-flexibilidad-como-valor-de-cambio.png 750w, https:\/\/blog.euncet.com\/wp-content\/uploads\/2022\/05\/La-flexibilidad-como-valor-de-cambio-300x120.png 300w, https:\/\/blog.euncet.com\/wp-content\/uploads\/2022\/05\/La-flexibilidad-como-valor-de-cambio-80x32.png 80w\" alt=\"\" width=\"750\" height=\"300\" \/><\/strong><\/p>\n<h2><span class=\"ez-toc-section\" id=\"La_flexibilitat_com_a_valor_de_canvi\"><\/span><span class=\"TextRun SCXW47750943 BCX0\" lang=\"CA-ES\" xml:lang=\"CA-ES\" data-contrast=\"none\"><span class=\"NormalTextRun SCXW47750943 BCX0\">La flexibilitat com a valor de canvi<\/span><\/span><span class=\"LineBreakBlob BlobObject DragDrop SCXW47750943 BCX0\"><span class=\"SCXW47750943 BCX0\">\u00a0<\/span><br class=\"SCXW47750943 BCX0\" \/><\/span><span class=\"ez-toc-section-end\"><\/span><\/h2>\n<p><strong><span class=\"TextRun SCXW29578081 BCX0\" lang=\"CA-ES\" xml:lang=\"CA-ES\" data-contrast=\"none\"><span class=\"NormalTextRun SCXW29578081 BCX0\">L&#8217;economia es basa en quatre pilars: inversi\u00f3, creixement, exportacions i\u00a0 despesa p\u00fablica<\/span><\/span><span class=\"TextRun SCXW29578081 BCX0\" lang=\"CA-ES\" xml:lang=\"CA-ES\" data-contrast=\"none\"><span class=\"NormalTextRun SCXW29578081 BCX0\">.<\/span><\/span><\/strong><span class=\"TextRun SCXW29578081 BCX0\" lang=\"CA-ES\" xml:lang=\"CA-ES\" data-contrast=\"none\"><span class=\"NormalTextRun SCXW29578081 BCX0\"> La situaci\u00f3 socioecon\u00f2mica actual marcada per la crisi fa que el model de recuperaci\u00f3 econ\u00f2mica hagi canviat i molts considerin que, <\/span><\/span><strong><span class=\"TextRun SCXW29578081 BCX0\" lang=\"CA-ES\" xml:lang=\"CA-ES\" data-contrast=\"none\"><span class=\"NormalTextRun SCXW29578081 BCX0\">el que m\u00e9s s&#8217;ajusta al paradigma actual, \u00e9s en forma de K<\/span><\/span><\/strong><span class=\"TextRun SCXW29578081 BCX0\" lang=\"CA-ES\" xml:lang=\"CA-ES\" data-contrast=\"none\"><span class=\"NormalTextRun SCXW29578081 BCX0\">, en el qual convergeixen dues vies: la que<\/span><\/span><strong><span class=\"TextRun SCXW29578081 BCX0\" lang=\"CA-ES\" xml:lang=\"CA-ES\" data-contrast=\"none\"><span class=\"NormalTextRun SCXW29578081 BCX0\"> inclou la tecnologia i es mostra flexible als canvis, i la que aposta per l&#8217;immobilisme c\u00edclic.<\/span><\/span><\/strong><\/p>\n<p><img decoding=\"async\" class=\"wp-image-58414 size-large aligncenter\" src=\"https:\/\/blog.euncet.com\/wp-content\/uploads\/2022\/05\/Infografia-MarcVidal-CAT-1030x628.png\" alt=\"\" width=\"600\" height=\"366\" srcset=\"https:\/\/www.euncet.com\/blog\/wp-content\/uploads\/2022\/05\/Infografia-MarcVidal-CAT-1030x628.png 1030w, https:\/\/www.euncet.com\/blog\/wp-content\/uploads\/2022\/05\/Infografia-MarcVidal-CAT-300x183.png 300w, https:\/\/www.euncet.com\/blog\/wp-content\/uploads\/2022\/05\/Infografia-MarcVidal-CAT-80x49.png 80w, https:\/\/www.euncet.com\/blog\/wp-content\/uploads\/2022\/05\/Infografia-MarcVidal-CAT-768x468.png 768w, https:\/\/www.euncet.com\/blog\/wp-content\/uploads\/2022\/05\/Infografia-MarcVidal-CAT-1536x936.png 1536w, https:\/\/www.euncet.com\/blog\/wp-content\/uploads\/2022\/05\/Infografia-MarcVidal-CAT-2048x1248.png 2048w\" sizes=\"(max-width: 600px) 100vw, 600px\" \/><\/p>\n<p><b><span data-contrast=\"none\">Et pot interessar: <\/span><\/b><a href=\"https:\/\/blog.euncet.es\/impacto-economia-global-xavier-sala-i-martin\/\" target=\"_blank\" rel=\"noopener noreferrer\"><span data-contrast=\"none\">Radar Econ\u00f2mic Global 2022, els factors que m\u00e9s impacte tindran en l&#8217;economia global<\/span><\/a><span data-ccp-props=\"{&quot;201341983&quot;:1,&quot;335559739&quot;:160,&quot;335559740&quot;:338}\">\u00a0<\/span><\/p>\n<p><span data-contrast=\"none\">Les organitzacions i la societat han de ser esc\u00e8ptiques amb les cr\u00edtiques cap a l&#8217;automatitzaci\u00f3 i les seves conseq\u00fc\u00e8ncies en els llocs de treball, ja que exemples com Corea del Sud o Alemanya demostren que, com m\u00e9s gran \u00e9s la complexitat econ\u00f2mica, m\u00e9s f\u00e0cil resulta sortir de la crisi perqu\u00e8 aquesta \u00e9s menys profunda i m\u00e9s breu.<\/span><\/p>\n<p><span data-contrast=\"none\">Tots dos pa\u00efsos coincideixen en apostar per la innovaci\u00f3 sent Corea del Sud el pa\u00eds amb major nombre de robots per cada 10.000 empleats en la ind\u00fastria, i Alemanya a Europa.<\/span><\/p>\n<p><span data-contrast=\"none\">Aquests pa\u00efsos han vist l&#8217;automatitzaci\u00f3 com un privilegi i una oportunitat de millora, tant en l&#8217;optimitzaci\u00f3 dels processos com en el benestar de la societat, ja que tots dos compten amb taxes d&#8217;atur molt baixes. A qu\u00e8 es deu aix\u00f2? L&#8217;automatitzaci\u00f3 genera productivitat i aix\u00f2 fa que les ocupacions es transformin de manera estrat\u00e8gica creant nous perfils professionals, fet que es tradueix en oportunitats.<\/span><span data-ccp-props=\"{&quot;201341983&quot;:1,&quot;335559739&quot;:160,&quot;335559740&quot;:338}\">\u00a0<\/span><\/p>\n<blockquote><p>\u201c<span class=\"TextRun SCXW251382810 BCX0\" lang=\"CA-ES\" xml:lang=\"CA-ES\" data-contrast=\"none\"><span class=\"NormalTextRun SCXW251382810 BCX0\">Quan tot canvia, no es guanya sempre, per\u00f2 el que no canvia perd segur<span class=\"TextRun SCXW255179211 BCX0\" lang=\"CA-ES\" xml:lang=\"CA-ES\" data-contrast=\"none\"><span class=\"NormalTextRun SCXW255179211 BCX0\" data-ccp-parastyle=\"heading 2\">.\u201d &#8211; <\/span><\/span>Marc Vidal<\/span><\/span><span class=\"EOP SCXW251382810 BCX0\" data-ccp-props=\"{&quot;201341983&quot;:1,&quot;335551550&quot;:2,&quot;335551620&quot;:2,&quot;335559739&quot;:160,&quot;335559740&quot;:338}\">\u00a0<\/span><\/p><\/blockquote>\n<p><span class=\"TextRun SCXW225414514 BCX0\" lang=\"CA-ES\" xml:lang=\"CA-ES\" data-contrast=\"none\"><span class=\"NormalTextRun SCXW225414514 BCX0\">Implementar tecnologies predictives i Big Data en els quefers de les organitzacions \u00e9s clau per gestionar de manera flexible aquesta incertesa.<\/span><\/span><span class=\"TextRun SCXW225414514 BCX0\" lang=\"CA-ES\" xml:lang=\"CA-ES\" data-contrast=\"auto\"><span class=\"NormalTextRun SCXW225414514 BCX0\">\u00a0<\/span><\/span><\/p>\n<p><img loading=\"lazy\" decoding=\"async\" class=\"aligncenter\" src=\"https:\/\/blog.euncet.com\/wp-content\/uploads\/2022\/05\/4-claves-para-abordar-el-desafio-digital.png\" sizes=\"(max-width: 750px) 100vw, 750px\" srcset=\"https:\/\/blog.euncet.com\/wp-content\/uploads\/2022\/05\/4-claves-para-abordar-el-desafio-digital.png 750w, https:\/\/blog.euncet.com\/wp-content\/uploads\/2022\/05\/4-claves-para-abordar-el-desafio-digital-300x120.png 300w, https:\/\/blog.euncet.com\/wp-content\/uploads\/2022\/05\/4-claves-para-abordar-el-desafio-digital-80x32.png 80w\" alt=\"\" width=\"750\" height=\"300\" \/><\/p>\n<h2><span class=\"ez-toc-section\" id=\"4_claus_per_abordar_el_desafiament_digital\"><\/span><span class=\"TextRun SCXW14424981 BCX0\" lang=\"CA-ES\" xml:lang=\"CA-ES\" data-contrast=\"none\"><span class=\"NormalTextRun SCXW14424981 BCX0\" data-ccp-parastyle=\"heading 2\">4 claus per abordar el desafiament digital<\/span><\/span><span class=\"ez-toc-section-end\"><\/span><\/h2>\n<p><span class=\"TextRun SCXW14424981 BCX0\" lang=\"CA-ES\" xml:lang=\"CA-ES\" data-contrast=\"none\"><span class=\"NormalTextRun SCXW14424981 BCX0\" data-ccp-parastyle=\"heading 2\">Existeixen quatre punts d&#8217;inflexi\u00f3 que seran clau per abordar amb \u00e8xit el desafiament digital que est\u00e0 suposant el moment de disrupci\u00f3 actual en el qual convergeixen tecnologies com la intel\u00b7lig\u00e8ncia artificial i la realitat augmentada. El <\/span><\/span><strong><span class=\"TextRun SCXW14424981 BCX0\" lang=\"CA-ES\" xml:lang=\"CA-ES\" data-contrast=\"none\"><span class=\"NormalTextRun SCXW14424981 BCX0\" data-ccp-parastyle=\"heading 2\">Big Data<\/span><\/span><\/strong><span class=\"TextRun SCXW14424981 BCX0\" lang=\"CA-ES\" xml:lang=\"CA-ES\" data-contrast=\"none\"><span class=\"NormalTextRun SCXW14424981 BCX0\" data-ccp-parastyle=\"heading 2\"> est\u00e0 suposant un gran aven\u00e7 i \u00e9s una <\/span><\/span><strong><span class=\"TextRun SCXW14424981 BCX0\" lang=\"CA-ES\" xml:lang=\"CA-ES\" data-contrast=\"none\"><span class=\"NormalTextRun SCXW14424981 BCX0\" data-ccp-parastyle=\"heading 2\">eina amb la qual fer m\u00e9s eficients els processos empresarials, explotar nous models de negoci, estimular el talent en les organitzacions i posar en valor l&#8217;experi\u00e8ncia del client en el centre de l&#8217;economia i la responsabilitat dels professionals<\/span><\/span><\/strong><span class=\"TextRun SCXW14424981 BCX0\" lang=\"CA-ES\" xml:lang=\"CA-ES\" data-contrast=\"none\"><span class=\"NormalTextRun SCXW14424981 BCX0\" data-ccp-parastyle=\"heading 2\"> implicats a aconseguir-lo.<\/span><\/span><\/p>\n<h3><span class=\"ez-toc-section\" id=\"1_El_client_en_el_centre_%E2%80%93_Customer_Centricity\"><\/span><span class=\"TextRun SCXW14424981 BCX0\" lang=\"CA-ES\" xml:lang=\"CA-ES\" data-contrast=\"none\"><span class=\"NormalTextRun SCXW14424981 BCX0\" data-ccp-parastyle=\"heading 2\">1. El client en el centre &#8211; Customer Centricity\u00a0<\/span><\/span><span class=\"ez-toc-section-end\"><\/span><\/h3>\n<p><span class=\"TextRun SCXW218600336 BCX0\" lang=\"CA-ES\" xml:lang=\"CA-ES\" data-contrast=\"none\"><span class=\"NormalTextRun SCXW218600336 BCX0\" data-ccp-parastyle=\"heading 2\">La import\u00e0ncia de la <\/span><\/span><strong><span class=\"TextRun SCXW218600336 BCX0\" lang=\"CA-ES\" xml:lang=\"CA-ES\" data-contrast=\"none\"><span class=\"NormalTextRun SCXW218600336 BCX0\" data-ccp-parastyle=\"heading 2\">qualitat dels serveis<\/span><\/span><\/strong><span class=\"TextRun SCXW218600336 BCX0\" lang=\"CA-ES\" xml:lang=\"CA-ES\" data-contrast=\"none\"><span class=\"NormalTextRun SCXW218600336 BCX0\" data-ccp-parastyle=\"heading 2\"> no \u00e9s una cosa nova, per\u00f2 cada vegada s&#8217;est\u00e0 <\/span><\/span><span class=\"TextRun SCXW218600336 BCX0\" lang=\"CA-ES\" xml:lang=\"CA-ES\" data-contrast=\"none\"><span class=\"NormalTextRun SCXW218600336 BCX0\" data-ccp-parastyle=\"heading 2\"><strong>posicionant com un dels avantatges competitius m\u00e9s importants<\/strong>.<\/span><\/span><span class=\"TextRun SCXW218600336 BCX0\" lang=\"CA-ES\" xml:lang=\"CA-ES\" data-contrast=\"none\"><span class=\"NormalTextRun SCXW218600336 BCX0\" data-ccp-parastyle=\"heading 2\"> Un dels majors reptes als quals s&#8217;enfronten les organitzacions \u00e9s <\/span><\/span><strong><span class=\"TextRun SCXW218600336 BCX0\" lang=\"CA-ES\" xml:lang=\"CA-ES\" data-contrast=\"none\"><span class=\"NormalTextRun SCXW218600336 BCX0\" data-ccp-parastyle=\"heading 2\">crear valor afegit davant l&#8217;evoluci\u00f3 de consumidor a <\/span><span class=\"NormalTextRun SpellingErrorV2Themed SCXW218600336 BCX0\" data-ccp-parastyle=\"heading 2\">prosumidor<\/span><span class=\"NormalTextRun SCXW218600336 BCX0\" data-ccp-parastyle=\"heading 2\"> i donar resposta els seus <\/span><\/span><span class=\"TextRun SCXW218600336 BCX0\" lang=\"CA-ES\" xml:lang=\"CA-ES\" data-contrast=\"none\"><span class=\"NormalTextRun SCXW218600336 BCX0\" data-ccp-parastyle=\"heading 2\">paint <\/span><span class=\"NormalTextRun SpellingErrorV2Themed SpellingErrorHighlight SCXW218600336 BCX0\" data-ccp-parastyle=\"heading 2\">points<\/span><\/span><span class=\"TextRun SCXW218600336 BCX0\" lang=\"CA-ES\" xml:lang=\"CA-ES\" data-contrast=\"none\"><span class=\"NormalTextRun SCXW218600336 BCX0\" data-ccp-parastyle=\"heading 2\">.<\/span><\/span><span class=\"LineBreakBlob BlobObject DragDrop SCXW218600336 BCX0\"><span class=\"SCXW218600336 BCX0\">\u00a0<\/span><br class=\"SCXW218600336 BCX0\" \/><\/span><\/strong><span class=\"LineBreakBlob BlobObject DragDrop SCXW218600336 BCX0\"><strong><span class=\"SCXW218600336 BCX0\">\u00a0<\/span><\/strong><br class=\"SCXW218600336 BCX0\" \/><\/span><span class=\"TextRun SCXW218600336 BCX0\" lang=\"CA-ES\" xml:lang=\"CA-ES\" data-contrast=\"none\"><span class=\"NormalTextRun SCXW218600336 BCX0\" data-ccp-parastyle=\"heading 2\">\u00c9s en aquest context on \u00e9s <\/span><\/span><span class=\"TextRun SCXW218600336 BCX0\" lang=\"CA-ES\" xml:lang=\"CA-ES\" data-contrast=\"none\"><span class=\"NormalTextRun SCXW218600336 BCX0\" data-ccp-parastyle=\"heading 2\"><strong>clau transformar les dades en informaci\u00f3 i aquesta en coneixement perqu\u00e8 pugui traduir-se en accions<\/strong><\/span><\/span><span class=\"TextRun SCXW218600336 BCX0\" lang=\"CA-ES\" xml:lang=\"CA-ES\" data-contrast=\"none\"><span class=\"NormalTextRun SCXW218600336 BCX0\" data-ccp-parastyle=\"heading 2\">. Per poder aprofitar el potencial de les dades, <\/span><\/span><strong><span class=\"TextRun SCXW218600336 BCX0\" lang=\"CA-ES\" xml:lang=\"CA-ES\" data-contrast=\"none\"><span class=\"NormalTextRun SCXW218600336 BCX0\" data-ccp-parastyle=\"heading 2\">les organitzacions han de prendre consci\u00e8ncia de la import\u00e0ncia de donar sentit a la informaci\u00f3 recopilada, posant en el focus al client.\u00a0<\/span><\/span><span class=\"EOP SCXW218600336 BCX0\" data-ccp-props=\"{&quot;134245418&quot;:true,&quot;134245529&quot;:true,&quot;201341983&quot;:0,&quot;335559738&quot;:40,&quot;335559739&quot;:0,&quot;335559740&quot;:259}\">\u00a0<\/span><\/strong><\/p>\n<h3><span class=\"ez-toc-section\" id=\"2_Optimitzacio_de_processos\"><\/span><span class=\"TextRun SCXW70434226 BCX0\" lang=\"CA-ES\" xml:lang=\"CA-ES\" data-contrast=\"none\"><span class=\"NormalTextRun SCXW70434226 BCX0\" data-ccp-parastyle=\"heading 3\">2. Optimitzaci\u00f3 de processos<\/span><\/span><span class=\"ez-toc-section-end\"><\/span><\/h3>\n<p><span class=\"TextRun SCXW70434226 BCX0\" lang=\"CA-ES\" xml:lang=\"CA-ES\" data-contrast=\"none\"><span class=\"NormalTextRun SCXW70434226 BCX0\" data-ccp-parastyle=\"heading 3\">Un altre aspectes que pot marcar la difer\u00e8ncia en l&#8217;adaptaci\u00f3 de les organitzacions en aquest nou paradigma<\/span><\/span><span class=\"TextRun SCXW70434226 BCX0\" lang=\"CA-ES\" xml:lang=\"CA-ES\" data-contrast=\"none\"><span class=\"NormalTextRun SCXW70434226 BCX0\" data-ccp-parastyle=\"heading 3\"> \u00e9s <strong>prestar atenci\u00f3 als processos de poc inter\u00e8s que existeixen a l&#8217;organitzaci\u00f3, per\u00f2 que s\u00f3n fonamentals per a l&#8217;activitat del negoci, i automatitzar-los.<\/strong><\/span><\/span><\/p>\n<h3><span class=\"ez-toc-section\" id=\"3_Nous_models_de_negoci\"><\/span><span class=\"TextRun SCXW70434226 BCX0\" lang=\"CA-ES\" xml:lang=\"CA-ES\" data-contrast=\"none\"><span class=\"NormalTextRun SCXW70434226 BCX0\" data-ccp-parastyle=\"heading 3\">3. Nous models de negoci<\/span><\/span><span class=\"ez-toc-section-end\"><\/span><\/h3>\n<p><span class=\"TextRun SCXW172387255 BCX0\" lang=\"CA-ES\" xml:lang=\"CA-ES\" data-contrast=\"none\"><span class=\"NormalTextRun SCXW172387255 BCX0\" data-ccp-parastyle=\"heading 3\">Les exig\u00e8ncies actuals estan portant a les <\/span><\/span><strong><span class=\"TextRun SCXW172387255 BCX0\" lang=\"CA-ES\" xml:lang=\"CA-ES\" data-contrast=\"none\"><span class=\"NormalTextRun SCXW172387255 BCX0\" data-ccp-parastyle=\"heading 3\">organitzacions a ser duals. A m\u00e9s de treballar per l&#8217;activitat actual i la solv\u00e8ncia<\/span><\/span><span class=\"TextRun SCXW172387255 BCX0\" lang=\"CA-ES\" xml:lang=\"CA-ES\" data-contrast=\"none\"><span class=\"NormalTextRun SCXW172387255 BCX0\" data-ccp-parastyle=\"heading 3\"> de l&#8217;empresa, aquestes han d&#8217;<\/span><\/span><span class=\"TextRun SCXW172387255 BCX0\" lang=\"CA-ES\" xml:lang=\"CA-ES\" data-contrast=\"none\"><span class=\"NormalTextRun SCXW172387255 BCX0\" data-ccp-parastyle=\"heading 3\">analitzar i detectar com crear f\u00f3rmules de negoci incorporant les disrupcions tecnol\u00f2giques per tenir aquest valor afegit.<\/span><\/span><\/strong><span class=\"LineBreakBlob BlobObject DragDrop SCXW172387255 BCX0\"><strong><span class=\"SCXW172387255 BCX0\">\u00a0<\/span><\/strong><br class=\"SCXW172387255 BCX0\" \/><\/span><span class=\"LineBreakBlob BlobObject DragDrop SCXW172387255 BCX0\"><span class=\"SCXW172387255 BCX0\">\u00a0<\/span><br class=\"SCXW172387255 BCX0\" \/><\/span><span class=\"TextRun SCXW172387255 BCX0\" lang=\"CA-ES\" xml:lang=\"CA-ES\" data-contrast=\"none\"><span class=\"NormalTextRun SCXW172387255 BCX0\" data-ccp-parastyle=\"heading 3\">Un exemple d&#8217;aix\u00f2 el trobem amb els negocis que comencen a n\u00e9ixer despr\u00e9s de la creaci\u00f3 i del desenvolupament del <\/span><span class=\"NormalTextRun SpellingErrorV2Themed SCXW172387255 BCX0\" data-ccp-parastyle=\"heading 3\">metavers<\/span><span class=\"NormalTextRun SCXW172387255 BCX0\" data-ccp-parastyle=\"heading 3\">. <\/span><\/span><strong><span class=\"TextRun SCXW172387255 BCX0\" lang=\"CA-ES\" xml:lang=\"CA-ES\" data-contrast=\"none\"><span class=\"NormalTextRun SCXW172387255 BCX0\" data-ccp-parastyle=\"heading 3\">Les organitzacions han de comen\u00e7ar a plantejar-se com poden adaptar els seus models a aquesta nova era marcada per la realitat augmentada i la realitat virtual.<\/span><\/span><span class=\"EOP SCXW172387255 BCX0\" data-ccp-props=\"{&quot;134245418&quot;:true,&quot;134245529&quot;:true,&quot;201341983&quot;:0,&quot;335559738&quot;:40,&quot;335559739&quot;:0,&quot;335559740&quot;:259}\">\u00a0<\/span><\/strong><\/p>\n<blockquote><p><span class=\"TextRun SCXW73345091 BCX0\" lang=\"CA-ES\" xml:lang=\"CA-ES\" data-contrast=\"none\"><span class=\"NormalTextRun SCXW73345091 BCX0\" data-ccp-parastyle=\"heading 3\">\u201cCal estar en beta constant prop de la tecnologia<span class=\"TextRun SCXW255179211 BCX0\" lang=\"CA-ES\" xml:lang=\"CA-ES\" data-contrast=\"none\"><span class=\"NormalTextRun SCXW255179211 BCX0\" data-ccp-parastyle=\"heading 2\">.\u201d &#8211; <\/span><\/span>Marc Vidal<\/span><\/span><\/p><\/blockquote>\n<h3><span class=\"ez-toc-section\" id=\"4_Noves_habilitats\"><\/span><span class=\"TextRun SCXW113403162 BCX0\" lang=\"CA-ES\" xml:lang=\"CA-ES\" data-contrast=\"none\"><span class=\"NormalTextRun SCXW113403162 BCX0\" data-ccp-parastyle=\"heading 3\">4. Noves habilitats<\/span><\/span><span class=\"ez-toc-section-end\"><\/span><\/h3>\n<p aria-level=\"3\"><span data-contrast=\"none\">Despr\u00e9s del pensament catastrofista sobre per qu\u00e8 esfor\u00e7ar-se a competir contra les tecnologies, neix l&#8217;<\/span><b><span data-contrast=\"none\">oportunitat de pensar sobre qu\u00e8 no es pot automatitzar<\/span><\/b><span data-contrast=\"none\">. Descobrir-ho suposar\u00e0 un valor incalculable perqu\u00e8 <\/span><b><span data-contrast=\"none\">\u00e9s clau entendre que, com diu Marc Vidal \u201cles tecnologies s\u00f3n el com, l&#8217;hum\u00e0 \u00e9s el perqu\u00e8\u201d.<\/span><\/b><\/p>\n<p><span data-contrast=\"none\">Per aix\u00f2, s&#8217;hauran de potenciar les seg\u00fcents habilitats que la tecnologia i les m\u00e0quines no tindran mai:<\/span> <span data-ccp-props=\"{&quot;134245418&quot;:true,&quot;134245529&quot;:true,&quot;201341983&quot;:0,&quot;335559738&quot;:40,&quot;335559739&quot;:0,&quot;335559740&quot;:259}\">\u00a0<\/span><\/p>\n<ul>\n<li data-leveltext=\"\uf0b7\" data-font=\"Symbol\" data-listid=\"3\" data-list-defn-props=\"{&quot;335552541&quot;:1,&quot;335559684&quot;:-2,&quot;335559685&quot;:720,&quot;335559991&quot;:360,&quot;469769226&quot;:&quot;Symbol&quot;,&quot;469769242&quot;:[8226],&quot;469777803&quot;:&quot;left&quot;,&quot;469777804&quot;:&quot;\uf0b7&quot;,&quot;469777815&quot;:&quot;hybridMultilevel&quot;}\" aria-setsize=\"-1\" data-aria-posinset=\"1\" data-aria-level=\"1\"><b><span data-contrast=\"none\">Capacitat per desaprendre.<\/span><\/b><span data-contrast=\"none\"> La tecnologia \u00e9s incapa\u00e7 de recuperar el que s&#8217;elimina definitivament, mentre que les persones som capaces de recordar el que sab\u00edem, encara que no s&#8217;utilitzi.<\/span><span data-ccp-props=\"{&quot;134245418&quot;:true,&quot;134245529&quot;:true,&quot;201341983&quot;:0,&quot;335559738&quot;:40,&quot;335559739&quot;:0,&quot;335559740&quot;:259}\">\u00a0<\/span><\/li>\n<li data-leveltext=\"\uf0b7\" data-font=\"Symbol\" data-listid=\"3\" data-list-defn-props=\"{&quot;335552541&quot;:1,&quot;335559684&quot;:-2,&quot;335559685&quot;:720,&quot;335559991&quot;:360,&quot;469769226&quot;:&quot;Symbol&quot;,&quot;469769242&quot;:[8226],&quot;469777803&quot;:&quot;left&quot;,&quot;469777804&quot;:&quot;\uf0b7&quot;,&quot;469777815&quot;:&quot;hybridMultilevel&quot;}\" aria-setsize=\"-1\" data-aria-posinset=\"2\" data-aria-level=\"1\"><b><span data-contrast=\"none\">Pensament cr\u00edtic.<\/span><\/b><span data-contrast=\"none\"> La capacitat de pensar diferent mai es podr\u00e0 desenvolupar en les tecnologies perqu\u00e8 el pensament racional s&#8217;ha de programar. En canvi, els humans s\u00ed que podem q\u00fcestionar.<\/span><span data-ccp-props=\"{&quot;134245418&quot;:true,&quot;134245529&quot;:true,&quot;201341983&quot;:0,&quot;335559738&quot;:40,&quot;335559739&quot;:0,&quot;335559740&quot;:259}\">\u00a0<\/span><\/li>\n<li data-leveltext=\"\uf0b7\" data-font=\"Symbol\" data-listid=\"3\" data-list-defn-props=\"{&quot;335552541&quot;:1,&quot;335559684&quot;:-2,&quot;335559685&quot;:720,&quot;335559991&quot;:360,&quot;469769226&quot;:&quot;Symbol&quot;,&quot;469769242&quot;:[8226],&quot;469777803&quot;:&quot;left&quot;,&quot;469777804&quot;:&quot;\uf0b7&quot;,&quot;469777815&quot;:&quot;hybridMultilevel&quot;}\" aria-setsize=\"-1\" data-aria-posinset=\"3\" data-aria-level=\"1\"><b><span data-contrast=\"none\">Intel\u00b7lig\u00e8ncia emocional. <\/span><\/b><span data-contrast=\"none\">L\u2019empatia \u00e9s una habilitat purament humana.<\/span><span data-ccp-props=\"{&quot;134245418&quot;:true,&quot;134245529&quot;:true,&quot;201341983&quot;:0,&quot;335559738&quot;:40,&quot;335559739&quot;:0,&quot;335559740&quot;:259}\">\u00a0<\/span><\/li>\n<li data-leveltext=\"\uf0b7\" data-font=\"Symbol\" data-listid=\"3\" data-list-defn-props=\"{&quot;335552541&quot;:1,&quot;335559684&quot;:-2,&quot;335559685&quot;:720,&quot;335559991&quot;:360,&quot;469769226&quot;:&quot;Symbol&quot;,&quot;469769242&quot;:[8226],&quot;469777803&quot;:&quot;left&quot;,&quot;469777804&quot;:&quot;\uf0b7&quot;,&quot;469777815&quot;:&quot;hybridMultilevel&quot;}\" aria-setsize=\"-1\" data-aria-posinset=\"4\" data-aria-level=\"1\"><b><span data-contrast=\"none\">Creativitat tecnol\u00f2gica. <\/span><\/b><span data-contrast=\"none\">Aquesta habilitat \u00e9s la combinaci\u00f3 del pensament i la creaci\u00f3 aplicant les possibilitats que ofereix la tecnologia.<\/span><\/li>\n<\/ul>\n<p><span data-ccp-props=\"{&quot;134245418&quot;:true,&quot;134245529&quot;:true,&quot;201341983&quot;:0,&quot;335559738&quot;:40,&quot;335559739&quot;:0,&quot;335559740&quot;:259}\">\u00a0<\/span>Davant aquesta radiografia, podem concloure que el factor hum\u00e0 continuar\u00e0 sent clau davant el repte que suposa la tecnologia.<span style=\"font-family: Lato, sans-serif; font-size: 15px;\" data-contrast=\"none\">\u00a0<\/span><span style=\"font-family: Lato, sans-serif; font-size: 15px;\" data-ccp-props=\"{&quot;134245418&quot;:true,&quot;134245529&quot;:true,&quot;201341983&quot;:0,&quot;335559738&quot;:40,&quot;335559739&quot;:0,&quot;335559740&quot;:259}\">\u00a0<\/span><\/p>\n<p><a href=\"https:\/\/www.euncet.com\/ca\/executive-education\/postgrau-innovacio-emprenedoria\/\" target=\"_blank\" rel=\"noopener noreferrer\"><img loading=\"lazy\" decoding=\"async\" class=\"aligncenter wp-image-58341\" src=\"https:\/\/blog.euncet.com\/wp-content\/uploads\/2023\/02\/7-PIE-H.png\" alt=\"\" width=\"749\" height=\"264\" srcset=\"https:\/\/www.euncet.com\/blog\/wp-content\/uploads\/2023\/02\/7-PIE-H.png 1575w, https:\/\/www.euncet.com\/blog\/wp-content\/uploads\/2023\/02\/7-PIE-H-300x106.png 300w, https:\/\/www.euncet.com\/blog\/wp-content\/uploads\/2023\/02\/7-PIE-H-1030x363.png 1030w, https:\/\/www.euncet.com\/blog\/wp-content\/uploads\/2023\/02\/7-PIE-H-80x28.png 80w, https:\/\/www.euncet.com\/blog\/wp-content\/uploads\/2023\/02\/7-PIE-H-768x271.png 768w, https:\/\/www.euncet.com\/blog\/wp-content\/uploads\/2023\/02\/7-PIE-H-1536x541.png 1536w\" sizes=\"(max-width: 749px) 100vw, 749px\" \/><\/a><\/p>\n<p><span class=\"TextRun SCXW166561885 BCX0\" lang=\"CA-ES\" xml:lang=\"CA-ES\" data-contrast=\"none\"><span class=\"NormalTextRun SCXW166561885 BCX0\">Si vols saber m\u00e9s sobre com automatitzar processos en el teu negoci, no et pots perdre el <\/span><\/span><a class=\"Hyperlink SCXW166561885 BCX0\" href=\"https:\/\/www.euncet.com\/ca\/executive-education\/postgrau-innovacio-emprenedoria\/\" target=\"_blank\" rel=\"noreferrer noopener\"><span class=\"TextRun Underlined SCXW166561885 BCX0\" lang=\"CA-ES\" xml:lang=\"CA-ES\" data-contrast=\"none\"><span class=\"NormalTextRun SCXW166561885 BCX0\" data-ccp-charstyle=\"Hyperlink\">postgrau en Innovaci\u00f3 i Emprenedoria de l\u2019Euncet Business School.<\/span><\/span><\/a><\/p>\n","protected":false},"excerpt":{"rendered":"<p>Big Data? Metavers? Intel\u00b7lig\u00e8ncia Artificial? Encara que s\u00f3n conceptes recurrents, la societat i, especialment, les empreses no les perceben com una realitat, sin\u00f3 com una transformaci\u00f3 tecnol\u00f2gica amb opci\u00f3 d&#8217;adoptar a mitj\u00e0 o llarg termini.\u00a0\u00a0Marc Vidal, fundador d\u2019Allrework, LinkedIn Top Voices, Top100 Forbes Influencers i considerat com una de les figures m\u00e9s influents en economia [&hellip;]<\/p>\n","protected":false},"author":28,"featured_media":53552,"comment_status":"closed","ping_status":"closed","sticky":false,"template":"","format":"standard","meta":{"_acf_changed":false,"footnotes":""},"categories":[452],"tags":[],"class_list":["post-58407","post","type-post","status-publish","format-standard","has-post-thumbnail","hentry","category-innovacio-i-tecnologia"],"acf":[],"yoast_head":"<!-- This site is optimized with the Yoast SEO plugin v27.5 - https:\/\/yoast.com\/product\/yoast-seo-wordpress\/ -->\n<title>Transformaci\u00f3n tecnol\u00f3gica en los negocios, de opci\u00f3n a obligaci\u00f3n<\/title>\n<meta name=\"description\" content=\"Marc Vidal tracta la necessitat d&#039;abra\u00e7ar les tecnologies des de l&#039;oportunitat en la pon\u00e8ncia sobre transformaci\u00f3 digital \u201cArribes a temps al futur?\u201d.\" \/>\n<meta name=\"robots\" content=\"index, follow, max-snippet:-1, max-image-preview:large, max-video-preview:-1\" \/>\n<link rel=\"canonical\" href=\"https:\/\/www.euncet.com\/blog\/ca\/transformacio-tecnologica\/\" \/>\n<meta property=\"og:locale\" content=\"ca_ES\" \/>\n<meta property=\"og:type\" content=\"article\" \/>\n<meta property=\"og:title\" content=\"Transformaci\u00f3n tecnol\u00f3gica en los negocios, de opci\u00f3n a obligaci\u00f3n\" \/>\n<meta property=\"og:description\" content=\"Marc Vidal tracta la necessitat d&#039;abra\u00e7ar les tecnologies des de l&#039;oportunitat en la pon\u00e8ncia sobre transformaci\u00f3 digital \u201cArribes a temps al futur?\u201d.\" \/>\n<meta property=\"og:url\" content=\"https:\/\/www.euncet.com\/blog\/ca\/transformacio-tecnologica\/\" \/>\n<meta property=\"og:site_name\" content=\"Euncet Business School\" \/>\n<meta property=\"article:publisher\" content=\"https:\/\/www.facebook.com\/euncet\" \/>\n<meta property=\"article:published_time\" content=\"2022-05-25T10:06:33+00:00\" \/>\n<meta property=\"article:modified_time\" content=\"2023-02-27T12:15:18+00:00\" \/>\n<meta property=\"og:image\" content=\"https:\/\/www.euncet.com\/blog\/wp-content\/uploads\/2022\/05\/Transformacion-tecnologica-en-los-negocios-de-opcion-a-obligacion.png\" \/>\n\t<meta property=\"og:image:width\" content=\"560\" \/>\n\t<meta property=\"og:image:height\" content=\"416\" \/>\n\t<meta property=\"og:image:type\" content=\"image\/png\" \/>\n<meta name=\"author\" content=\"euncet\" \/>\n<meta name=\"twitter:card\" content=\"summary_large_image\" \/>\n<meta name=\"twitter:creator\" content=\"@euncet\" \/>\n<meta name=\"twitter:site\" content=\"@euncet\" \/>\n<meta name=\"twitter:label1\" content=\"Escrit per\" \/>\n\t<meta name=\"twitter:data1\" content=\"euncet\" \/>\n\t<meta name=\"twitter:label2\" content=\"Temps estimat de lectura\" \/>\n\t<meta name=\"twitter:data2\" content=\"6 minuts\" \/>\n<script type=\"application\/ld+json\" class=\"yoast-schema-graph\">{\"@context\":\"https:\\\/\\\/schema.org\",\"@graph\":[{\"@type\":\"Article\",\"@id\":\"https:\\\/\\\/www.euncet.com\\\/blog\\\/ca\\\/transformacio-tecnologica\\\/#article\",\"isPartOf\":{\"@id\":\"https:\\\/\\\/www.euncet.com\\\/blog\\\/ca\\\/transformacio-tecnologica\\\/\"},\"author\":{\"name\":\"euncet\",\"@id\":\"https:\\\/\\\/www.euncet.com\\\/blog\\\/ca\\\/#\\\/schema\\\/person\\\/8253e592273eb1f7a48788902ca03268\"},\"headline\":\"Transformaci\u00f3 tecnol\u00f2gica en els negocis, d&#8217;opci\u00f3 a obligaci\u00f3\",\"datePublished\":\"2022-05-25T10:06:33+00:00\",\"dateModified\":\"2023-02-27T12:15:18+00:00\",\"mainEntityOfPage\":{\"@id\":\"https:\\\/\\\/www.euncet.com\\\/blog\\\/ca\\\/transformacio-tecnologica\\\/\"},\"wordCount\":1323,\"image\":{\"@id\":\"https:\\\/\\\/www.euncet.com\\\/blog\\\/ca\\\/transformacio-tecnologica\\\/#primaryimage\"},\"thumbnailUrl\":\"https:\\\/\\\/www.euncet.com\\\/blog\\\/wp-content\\\/uploads\\\/2022\\\/05\\\/Transformacion-tecnologica-en-los-negocios-de-opcion-a-obligacion.png\",\"articleSection\":[\"Innovaci\u00f3 i Tecnologia\"],\"inLanguage\":\"ca\"},{\"@type\":\"WebPage\",\"@id\":\"https:\\\/\\\/www.euncet.com\\\/blog\\\/ca\\\/transformacio-tecnologica\\\/\",\"url\":\"https:\\\/\\\/www.euncet.com\\\/blog\\\/ca\\\/transformacio-tecnologica\\\/\",\"name\":\"Transformaci\u00f3n tecnol\u00f3gica en los negocios, de opci\u00f3n a obligaci\u00f3n\",\"isPartOf\":{\"@id\":\"https:\\\/\\\/www.euncet.com\\\/blog\\\/ca\\\/#website\"},\"primaryImageOfPage\":{\"@id\":\"https:\\\/\\\/www.euncet.com\\\/blog\\\/ca\\\/transformacio-tecnologica\\\/#primaryimage\"},\"image\":{\"@id\":\"https:\\\/\\\/www.euncet.com\\\/blog\\\/ca\\\/transformacio-tecnologica\\\/#primaryimage\"},\"thumbnailUrl\":\"https:\\\/\\\/www.euncet.com\\\/blog\\\/wp-content\\\/uploads\\\/2022\\\/05\\\/Transformacion-tecnologica-en-los-negocios-de-opcion-a-obligacion.png\",\"datePublished\":\"2022-05-25T10:06:33+00:00\",\"dateModified\":\"2023-02-27T12:15:18+00:00\",\"author\":{\"@id\":\"https:\\\/\\\/www.euncet.com\\\/blog\\\/ca\\\/#\\\/schema\\\/person\\\/8253e592273eb1f7a48788902ca03268\"},\"description\":\"Marc Vidal tracta la necessitat d'abra\u00e7ar les tecnologies des de l'oportunitat en la pon\u00e8ncia sobre transformaci\u00f3 digital \u201cArribes a temps al futur?\u201d.\",\"breadcrumb\":{\"@id\":\"https:\\\/\\\/www.euncet.com\\\/blog\\\/ca\\\/transformacio-tecnologica\\\/#breadcrumb\"},\"inLanguage\":\"ca\",\"potentialAction\":[{\"@type\":\"ReadAction\",\"target\":[\"https:\\\/\\\/www.euncet.com\\\/blog\\\/ca\\\/transformacio-tecnologica\\\/\"]}]},{\"@type\":\"ImageObject\",\"inLanguage\":\"ca\",\"@id\":\"https:\\\/\\\/www.euncet.com\\\/blog\\\/ca\\\/transformacio-tecnologica\\\/#primaryimage\",\"url\":\"https:\\\/\\\/www.euncet.com\\\/blog\\\/wp-content\\\/uploads\\\/2022\\\/05\\\/Transformacion-tecnologica-en-los-negocios-de-opcion-a-obligacion.png\",\"contentUrl\":\"https:\\\/\\\/www.euncet.com\\\/blog\\\/wp-content\\\/uploads\\\/2022\\\/05\\\/Transformacion-tecnologica-en-los-negocios-de-opcion-a-obligacion.png\",\"width\":560,\"height\":416,\"caption\":\"Transformaci\u00f3n-tecnol\u00f3gica-en-los-negocios-de-opci\u00f3n-a-obligaci\u00f3n\"},{\"@type\":\"BreadcrumbList\",\"@id\":\"https:\\\/\\\/www.euncet.com\\\/blog\\\/ca\\\/transformacio-tecnologica\\\/#breadcrumb\",\"itemListElement\":[{\"@type\":\"ListItem\",\"position\":1,\"name\":\"Portada\",\"item\":\"https:\\\/\\\/www.euncet.com\\\/blog\\\/ca\\\/\"},{\"@type\":\"ListItem\",\"position\":2,\"name\":\"Transformaci\u00f3 tecnol\u00f2gica en els negocis, d&#8217;opci\u00f3 a obligaci\u00f3\"}]},{\"@type\":\"WebSite\",\"@id\":\"https:\\\/\\\/www.euncet.com\\\/blog\\\/ca\\\/#website\",\"url\":\"https:\\\/\\\/www.euncet.com\\\/blog\\\/ca\\\/\",\"name\":\"Euncet Business School\",\"description\":\"Escuela de negocios\",\"potentialAction\":[{\"@type\":\"SearchAction\",\"target\":{\"@type\":\"EntryPoint\",\"urlTemplate\":\"https:\\\/\\\/www.euncet.com\\\/blog\\\/ca\\\/?s={search_term_string}\"},\"query-input\":{\"@type\":\"PropertyValueSpecification\",\"valueRequired\":true,\"valueName\":\"search_term_string\"}}],\"inLanguage\":\"ca\"},{\"@type\":\"Person\",\"@id\":\"https:\\\/\\\/www.euncet.com\\\/blog\\\/ca\\\/#\\\/schema\\\/person\\\/8253e592273eb1f7a48788902ca03268\",\"name\":\"euncet\",\"image\":{\"@type\":\"ImageObject\",\"inLanguage\":\"ca\",\"@id\":\"https:\\\/\\\/secure.gravatar.com\\\/avatar\\\/ee2ce5f049e82b74bcc6b8db4c5e9c717e35544f3cde91d14a3daa9827fe21f0?s=96&d=mm&r=g\",\"url\":\"https:\\\/\\\/secure.gravatar.com\\\/avatar\\\/ee2ce5f049e82b74bcc6b8db4c5e9c717e35544f3cde91d14a3daa9827fe21f0?s=96&d=mm&r=g\",\"contentUrl\":\"https:\\\/\\\/secure.gravatar.com\\\/avatar\\\/ee2ce5f049e82b74bcc6b8db4c5e9c717e35544f3cde91d14a3daa9827fe21f0?s=96&d=mm&r=g\",\"caption\":\"euncet\"},\"url\":\"https:\\\/\\\/www.euncet.com\\\/blog\\\/ca\\\/author\\\/euncet\\\/\"}]}<\/script>\n<!-- \/ Yoast SEO plugin. -->","yoast_head_json":{"title":"Transformaci\u00f3n tecnol\u00f3gica en los negocios, de opci\u00f3n a obligaci\u00f3n","description":"Marc Vidal tracta la necessitat d'abra\u00e7ar les tecnologies des de l'oportunitat en la pon\u00e8ncia sobre transformaci\u00f3 digital \u201cArribes a temps al futur?\u201d.","robots":{"index":"index","follow":"follow","max-snippet":"max-snippet:-1","max-image-preview":"max-image-preview:large","max-video-preview":"max-video-preview:-1"},"canonical":"https:\/\/www.euncet.com\/blog\/ca\/transformacio-tecnologica\/","og_locale":"ca_ES","og_type":"article","og_title":"Transformaci\u00f3n tecnol\u00f3gica en los negocios, de opci\u00f3n a obligaci\u00f3n","og_description":"Marc Vidal tracta la necessitat d'abra\u00e7ar les tecnologies des de l'oportunitat en la pon\u00e8ncia sobre transformaci\u00f3 digital \u201cArribes a temps al futur?\u201d.","og_url":"https:\/\/www.euncet.com\/blog\/ca\/transformacio-tecnologica\/","og_site_name":"Euncet Business School","article_publisher":"https:\/\/www.facebook.com\/euncet","article_published_time":"2022-05-25T10:06:33+00:00","article_modified_time":"2023-02-27T12:15:18+00:00","og_image":[{"width":560,"height":416,"url":"https:\/\/www.euncet.com\/blog\/wp-content\/uploads\/2022\/05\/Transformacion-tecnologica-en-los-negocios-de-opcion-a-obligacion.png","type":"image\/png"}],"author":"euncet","twitter_card":"summary_large_image","twitter_creator":"@euncet","twitter_site":"@euncet","twitter_misc":{"Escrit per":"euncet","Temps estimat de lectura":"6 minuts"},"schema":{"@context":"https:\/\/schema.org","@graph":[{"@type":"Article","@id":"https:\/\/www.euncet.com\/blog\/ca\/transformacio-tecnologica\/#article","isPartOf":{"@id":"https:\/\/www.euncet.com\/blog\/ca\/transformacio-tecnologica\/"},"author":{"name":"euncet","@id":"https:\/\/www.euncet.com\/blog\/ca\/#\/schema\/person\/8253e592273eb1f7a48788902ca03268"},"headline":"Transformaci\u00f3 tecnol\u00f2gica en els negocis, d&#8217;opci\u00f3 a obligaci\u00f3","datePublished":"2022-05-25T10:06:33+00:00","dateModified":"2023-02-27T12:15:18+00:00","mainEntityOfPage":{"@id":"https:\/\/www.euncet.com\/blog\/ca\/transformacio-tecnologica\/"},"wordCount":1323,"image":{"@id":"https:\/\/www.euncet.com\/blog\/ca\/transformacio-tecnologica\/#primaryimage"},"thumbnailUrl":"https:\/\/www.euncet.com\/blog\/wp-content\/uploads\/2022\/05\/Transformacion-tecnologica-en-los-negocios-de-opcion-a-obligacion.png","articleSection":["Innovaci\u00f3 i Tecnologia"],"inLanguage":"ca"},{"@type":"WebPage","@id":"https:\/\/www.euncet.com\/blog\/ca\/transformacio-tecnologica\/","url":"https:\/\/www.euncet.com\/blog\/ca\/transformacio-tecnologica\/","name":"Transformaci\u00f3n tecnol\u00f3gica en los negocios, de opci\u00f3n a obligaci\u00f3n","isPartOf":{"@id":"https:\/\/www.euncet.com\/blog\/ca\/#website"},"primaryImageOfPage":{"@id":"https:\/\/www.euncet.com\/blog\/ca\/transformacio-tecnologica\/#primaryimage"},"image":{"@id":"https:\/\/www.euncet.com\/blog\/ca\/transformacio-tecnologica\/#primaryimage"},"thumbnailUrl":"https:\/\/www.euncet.com\/blog\/wp-content\/uploads\/2022\/05\/Transformacion-tecnologica-en-los-negocios-de-opcion-a-obligacion.png","datePublished":"2022-05-25T10:06:33+00:00","dateModified":"2023-02-27T12:15:18+00:00","author":{"@id":"https:\/\/www.euncet.com\/blog\/ca\/#\/schema\/person\/8253e592273eb1f7a48788902ca03268"},"description":"Marc Vidal tracta la necessitat d'abra\u00e7ar les tecnologies des de l'oportunitat en la pon\u00e8ncia sobre transformaci\u00f3 digital \u201cArribes a temps al futur?\u201d.","breadcrumb":{"@id":"https:\/\/www.euncet.com\/blog\/ca\/transformacio-tecnologica\/#breadcrumb"},"inLanguage":"ca","potentialAction":[{"@type":"ReadAction","target":["https:\/\/www.euncet.com\/blog\/ca\/transformacio-tecnologica\/"]}]},{"@type":"ImageObject","inLanguage":"ca","@id":"https:\/\/www.euncet.com\/blog\/ca\/transformacio-tecnologica\/#primaryimage","url":"https:\/\/www.euncet.com\/blog\/wp-content\/uploads\/2022\/05\/Transformacion-tecnologica-en-los-negocios-de-opcion-a-obligacion.png","contentUrl":"https:\/\/www.euncet.com\/blog\/wp-content\/uploads\/2022\/05\/Transformacion-tecnologica-en-los-negocios-de-opcion-a-obligacion.png","width":560,"height":416,"caption":"Transformaci\u00f3n-tecnol\u00f3gica-en-los-negocios-de-opci\u00f3n-a-obligaci\u00f3n"},{"@type":"BreadcrumbList","@id":"https:\/\/www.euncet.com\/blog\/ca\/transformacio-tecnologica\/#breadcrumb","itemListElement":[{"@type":"ListItem","position":1,"name":"Portada","item":"https:\/\/www.euncet.com\/blog\/ca\/"},{"@type":"ListItem","position":2,"name":"Transformaci\u00f3 tecnol\u00f2gica en els negocis, d&#8217;opci\u00f3 a obligaci\u00f3"}]},{"@type":"WebSite","@id":"https:\/\/www.euncet.com\/blog\/ca\/#website","url":"https:\/\/www.euncet.com\/blog\/ca\/","name":"Euncet Business School","description":"Escuela de negocios","potentialAction":[{"@type":"SearchAction","target":{"@type":"EntryPoint","urlTemplate":"https:\/\/www.euncet.com\/blog\/ca\/?s={search_term_string}"},"query-input":{"@type":"PropertyValueSpecification","valueRequired":true,"valueName":"search_term_string"}}],"inLanguage":"ca"},{"@type":"Person","@id":"https:\/\/www.euncet.com\/blog\/ca\/#\/schema\/person\/8253e592273eb1f7a48788902ca03268","name":"euncet","image":{"@type":"ImageObject","inLanguage":"ca","@id":"https:\/\/secure.gravatar.com\/avatar\/ee2ce5f049e82b74bcc6b8db4c5e9c717e35544f3cde91d14a3daa9827fe21f0?s=96&d=mm&r=g","url":"https:\/\/secure.gravatar.com\/avatar\/ee2ce5f049e82b74bcc6b8db4c5e9c717e35544f3cde91d14a3daa9827fe21f0?s=96&d=mm&r=g","contentUrl":"https:\/\/secure.gravatar.com\/avatar\/ee2ce5f049e82b74bcc6b8db4c5e9c717e35544f3cde91d14a3daa9827fe21f0?s=96&d=mm&r=g","caption":"euncet"},"url":"https:\/\/www.euncet.com\/blog\/ca\/author\/euncet\/"}]}},"_links":{"self":[{"href":"https:\/\/www.euncet.com\/blog\/ca\/wp-json\/wp\/v2\/posts\/58407","targetHints":{"allow":["GET"]}}],"collection":[{"href":"https:\/\/www.euncet.com\/blog\/ca\/wp-json\/wp\/v2\/posts"}],"about":[{"href":"https:\/\/www.euncet.com\/blog\/ca\/wp-json\/wp\/v2\/types\/post"}],"author":[{"embeddable":true,"href":"https:\/\/www.euncet.com\/blog\/ca\/wp-json\/wp\/v2\/users\/28"}],"replies":[{"embeddable":true,"href":"https:\/\/www.euncet.com\/blog\/ca\/wp-json\/wp\/v2\/comments?post=58407"}],"version-history":[{"count":0,"href":"https:\/\/www.euncet.com\/blog\/ca\/wp-json\/wp\/v2\/posts\/58407\/revisions"}],"wp:featuredmedia":[{"embeddable":true,"href":"https:\/\/www.euncet.com\/blog\/ca\/wp-json\/wp\/v2\/media\/53552"}],"wp:attachment":[{"href":"https:\/\/www.euncet.com\/blog\/ca\/wp-json\/wp\/v2\/media?parent=58407"}],"wp:term":[{"taxonomy":"category","embeddable":true,"href":"https:\/\/www.euncet.com\/blog\/ca\/wp-json\/wp\/v2\/categories?post=58407"},{"taxonomy":"post_tag","embeddable":true,"href":"https:\/\/www.euncet.com\/blog\/ca\/wp-json\/wp\/v2\/tags?post=58407"}],"curies":[{"name":"wp","href":"https:\/\/api.w.org\/{rel}","templated":true}]}}