{"id":58651,"date":"2022-03-22T17:42:31","date_gmt":"2022-03-22T16:42:31","guid":{"rendered":"https:\/\/blog.euncet.com\/?p=58651"},"modified":"2025-08-30T13:23:48","modified_gmt":"2025-08-30T11:23:48","slug":"beques-i-ajuts-universitaris-publics-i-privats-que-son-i-com-demanar-les","status":"publish","type":"post","link":"https:\/\/www.euncet.com\/blog\/ca\/beques-i-ajuts-universitaris-publics-i-privats-que-son-i-com-demanar-les\/","title":{"rendered":"Beques i ajuts universitaris p\u00fablics i privats: qu\u00e8 s\u00f3n i com demanar-les"},"content":{"rendered":"<p><span data-contrast=\"none\">Si has arribat a aquest article segurament \u00e9s perqu\u00e8 est\u00e0s plantejant-te cursar un grau o m\u00e0ster universitari oficial i vols saber m\u00e9s sobre les ajudes econ\u00f2miques que s&#8217;ofereixen des del Ministeri d&#8217;Educaci\u00f3 i Formaci\u00f3 Professional i les ofertes per les universitats privades. Per al curs 2023-2024 s&#8217;han produ\u00eft alguns canvis en les data de sol\u00b7licitud per tal de garantir la resoluci\u00f3 d&#8217;aquestes abans d&#8217;iniciar els estudis.<\/span><span data-ccp-props=\"{&quot;201341983&quot;:2,&quot;335559739&quot;:0,&quot;335559740&quot;:338}\">\u00a0<\/span><span data-ccp-props=\"{&quot;201341983&quot;:2,&quot;335559739&quot;:0,&quot;335559740&quot;:338}\">\u00a0<\/span><\/p><div id=\"ez-toc-container\" class=\"ez-toc-v2_0_82_2 counter-hierarchy ez-toc-counter ez-toc-custom ez-toc-container-direction\">\n<div class=\"ez-toc-title-container\">\n<p class=\"ez-toc-title\" style=\"cursor:inherit\">\u00cdNDEX DE CONTINGUTS<\/p>\n<span class=\"ez-toc-title-toggle\"><a href=\"#\" class=\"ez-toc-pull-right ez-toc-btn ez-toc-btn-xs ez-toc-btn-default ez-toc-toggle\" aria-label=\"Toggle Table of Content\"><span class=\"ez-toc-js-icon-con\"><span class=\"\"><span class=\"eztoc-hide\" style=\"display:none;\">Toggle<\/span><span class=\"ez-toc-icon-toggle-span\"><svg style=\"fill: #222222;color:#222222\" xmlns=\"http:\/\/www.w3.org\/2000\/svg\" class=\"list-377408\" width=\"20px\" height=\"20px\" viewBox=\"0 0 24 24\" fill=\"none\"><path d=\"M6 6H4v2h2V6zm14 0H8v2h12V6zM4 11h2v2H4v-2zm16 0H8v2h12v-2zM4 16h2v2H4v-2zm16 0H8v2h12v-2z\" fill=\"currentColor\"><\/path><\/svg><svg style=\"fill: #222222;color:#222222\" class=\"arrow-unsorted-368013\" xmlns=\"http:\/\/www.w3.org\/2000\/svg\" width=\"10px\" height=\"10px\" viewBox=\"0 0 24 24\" version=\"1.2\" baseProfile=\"tiny\"><path d=\"M18.2 9.3l-6.2-6.3-6.2 6.3c-.2.2-.3.4-.3.7s.1.5.3.7c.2.2.4.3.7.3h11c.3 0 .5-.1.7-.3.2-.2.3-.5.3-.7s-.1-.5-.3-.7zM5.8 14.7l6.2 6.3 6.2-6.3c.2-.2.3-.5.3-.7s-.1-.5-.3-.7c-.2-.2-.4-.3-.7-.3h-11c-.3 0-.5.1-.7.3-.2.2-.3.5-.3.7s.1.5.3.7z\"\/><\/svg><\/span><\/span><\/span><\/a><\/span><\/div>\n<nav><ul class='ez-toc-list ez-toc-list-level-1 ' ><li class='ez-toc-page-1 ez-toc-heading-level-2'><a class=\"ez-toc-link ez-toc-heading-1\" href=\"https:\/\/www.euncet.com\/blog\/ca\/beques-i-ajuts-universitaris-publics-i-privats-que-son-i-com-demanar-les\/#Beques_publiques_beca_MEC\" >Beques p\u00fabliques: beca MEC\u00a0<\/a><ul class='ez-toc-list-level-3' ><li class='ez-toc-heading-level-3'><a class=\"ez-toc-link ez-toc-heading-2\" href=\"https:\/\/www.euncet.com\/blog\/ca\/beques-i-ajuts-universitaris-publics-i-privats-que-son-i-com-demanar-les\/#Termini_de_presentacio_i_altres_novetats_per_al_curs_2023-2024\" >Termini de presentaci\u00f3 i altres novetats per al curs 2023-2024 \u00a0<\/a><\/li><\/ul><\/li><li class='ez-toc-page-1 ez-toc-heading-level-2'><a class=\"ez-toc-link ez-toc-heading-3\" href=\"https:\/\/www.euncet.com\/blog\/ca\/beques-i-ajuts-universitaris-publics-i-privats-que-son-i-com-demanar-les\/#Beques_i_ajuts_privats_Euncet_Business_School\" >Beques i ajuts privats: Euncet Business School\u00a0<\/a><\/li><\/ul><\/nav><\/div>\n\n<p><b><span data-contrast=\"none\">Et pot interessar: <\/span><\/b><a href=\"https:\/\/blog.euncet.com\/por-que-estudiar-un-grado-universitario\/\" target=\"_blank\" rel=\"noopener noreferrer\"><span data-contrast=\"none\">5 motius pels quals estudiar una carrera universit\u00e0ria<\/span><\/a><span data-ccp-props=\"{&quot;201341983&quot;:2,&quot;335559739&quot;:0,&quot;335559740&quot;:338}\">\u00a0<\/span><span data-ccp-props=\"{&quot;201341983&quot;:2,&quot;335559739&quot;:0,&quot;335559740&quot;:338}\">\u00a0<\/span><\/p>\n<p><span data-contrast=\"none\">En el seg\u00fcent article et comptem quines novetats hi ha per al curs acad\u00e8mic 2023-2024, quines beques i ajudes p\u00fabliques pots sol\u00b7licitar i com combinar-les amb el programa d&#8217;ajudes i beques que oferim des de l\u2019Euncet Business School.<\/span><span data-ccp-props=\"{&quot;201341983&quot;:2,&quot;335559739&quot;:30,&quot;335559740&quot;:338}\">\u00a0<\/span><\/p>\n<p><img fetchpriority=\"high\" decoding=\"async\" src=\"https:\/\/blog.euncet.com\/wp-content\/uploads\/2022\/03\/Becas-publicas-beca-MEC.png\" sizes=\"(max-width: 750px) 100vw, 750px\" srcset=\"https:\/\/blog.euncet.com\/wp-content\/uploads\/2022\/03\/Becas-publicas-beca-MEC.png 750w, https:\/\/blog.euncet.com\/wp-content\/uploads\/2022\/03\/Becas-publicas-beca-MEC-300x120.png 300w, https:\/\/blog.euncet.com\/wp-content\/uploads\/2022\/03\/Becas-publicas-beca-MEC-80x32.png 80w\" alt=\"\" width=\"750\" height=\"300\" \/><\/p>\n<h2><span class=\"ez-toc-section\" id=\"Beques_publiques_beca_MEC\"><\/span><span data-contrast=\"none\">Beques p\u00fabliques: beca MEC<\/span><span data-ccp-props=\"{&quot;201341983&quot;:2,&quot;335559738&quot;:300,&quot;335559739&quot;:0,&quot;335559740&quot;:690}\">\u00a0<\/span><span class=\"ez-toc-section-end\"><\/span><\/h2>\n<h3><span class=\"ez-toc-section\" id=\"Termini_de_presentacio_i_altres_novetats_per_al_curs_2023-2024\"><\/span><span class=\"TextRun SCXW230112117 BCX0\" lang=\"CA\" xml:lang=\"CA\" data-contrast=\"none\"><span class=\"NormalTextRun SCXW230112117 BCX0\">Termini de presentaci\u00f3 i altres novetats per al curs 2023-2024 <\/span><\/span><span class=\"EOP SCXW230112117 BCX0\" data-ccp-props=\"{&quot;201341983&quot;:2,&quot;335559738&quot;:300,&quot;335559739&quot;:0,&quot;335559740&quot;:495}\">\u00a0<\/span><span class=\"ez-toc-section-end\"><\/span><\/h3>\n<p><span class=\"TextRun SCXW242499582 BCX0\" lang=\"CA\" xml:lang=\"CA\" data-contrast=\"none\"><span class=\"NormalTextRun SCXW242499582 BCX0\">Tingues clar o no voler accedir a una formaci\u00f3 universit\u00e0ria, ja sigui un grau o un m\u00e0ster oficial, aquesta dada t&#8217;interessa&#8230; P<\/span><\/span><span class=\"TextRun SCXW242499582 BCX0\" lang=\"CA\" xml:lang=\"CA\" data-contrast=\"none\"><span class=\"NormalTextRun SCXW242499582 BCX0\">ots sol\u00b7licitar-la des del <b>27 de mar\u00e7 fins el 16 de maig<\/b>.\u00a0<strong>\u00a0<\/strong><\/span><\/span><\/p>\n<p><b><span data-contrast=\"none\">Et pot interessar:<\/span><\/b><a href=\"https:\/\/blog.euncet.com\/como-estudiar-aprobar-selectividad-pau-evau\/\" target=\"_blank\" rel=\"noopener noreferrer\"><span data-contrast=\"none\"> Com preparar-se la selectivitat, PAU o EVAU amb \u00e8xit<\/span><\/a><span data-ccp-props=\"{&quot;201341983&quot;:2,&quot;335559739&quot;:0,&quot;335559740&quot;:338}\">\u00a0<\/span><\/p>\n<h4><span class=\"TextRun SCXW152108206 BCX0\" lang=\"CA\" xml:lang=\"CA\" data-contrast=\"none\"><span class=\"NormalTextRun SCXW152108206 BCX0\">Qui pot sol\u00b7licitar la beca MEC?<\/span><\/span><\/h4>\n<p><span data-contrast=\"none\">Poden sol\u00b7licitar una beca tots aquells<\/span><b><span data-contrast=\"none\"> estudiants que creguin que es matricularan en el curs acad\u00e8mic 2023-2024<\/span><\/b><span data-contrast=\"none\">:\u00a0<\/span><span data-ccp-props=\"{&quot;201341983&quot;:2,&quot;335559739&quot;:0,&quot;335559740&quot;:338}\">\u00a0<\/span><\/p>\n<ul>\n<li data-leveltext=\"o\" data-font=\"Courier New\" data-listid=\"2\" data-list-defn-props=\"{&quot;335552541&quot;:1,&quot;335559684&quot;:-2,&quot;335559685&quot;:720,&quot;335559991&quot;:360,&quot;469769226&quot;:&quot;Courier New&quot;,&quot;469769242&quot;:[9675],&quot;469777803&quot;:&quot;left&quot;,&quot;469777804&quot;:&quot;o&quot;,&quot;469777815&quot;:&quot;multilevel&quot;}\" aria-setsize=\"-1\" data-aria-posinset=\"1\" data-aria-level=\"1\"><span data-contrast=\"none\">1r i 2n de batxillerat.<\/span><span data-ccp-props=\"{&quot;134233117&quot;:true,&quot;201341983&quot;:0,&quot;335559685&quot;:975,&quot;335559737&quot;:255,&quot;335559739&quot;:0,&quot;335559740&quot;:240}\">\u00a0<\/span><\/li>\n<li data-leveltext=\"o\" data-font=\"Courier New\" data-listid=\"2\" data-list-defn-props=\"{&quot;335552541&quot;:1,&quot;335559684&quot;:-2,&quot;335559685&quot;:720,&quot;335559991&quot;:360,&quot;469769226&quot;:&quot;Courier New&quot;,&quot;469769242&quot;:[9675],&quot;469777803&quot;:&quot;left&quot;,&quot;469777804&quot;:&quot;o&quot;,&quot;469777815&quot;:&quot;multilevel&quot;}\" aria-setsize=\"-1\" data-aria-posinset=\"2\" data-aria-level=\"1\"><span data-contrast=\"none\">FP de grau b\u00e0sic.<\/span><span data-ccp-props=\"{&quot;134233117&quot;:true,&quot;201341983&quot;:0,&quot;335559685&quot;:975,&quot;335559737&quot;:255,&quot;335559739&quot;:0,&quot;335559740&quot;:240}\">\u00a0<\/span><\/li>\n<li data-leveltext=\"o\" data-font=\"Courier New\" data-listid=\"2\" data-list-defn-props=\"{&quot;335552541&quot;:1,&quot;335559684&quot;:-2,&quot;335559685&quot;:720,&quot;335559991&quot;:360,&quot;469769226&quot;:&quot;Courier New&quot;,&quot;469769242&quot;:[9675],&quot;469777803&quot;:&quot;left&quot;,&quot;469777804&quot;:&quot;o&quot;,&quot;469777815&quot;:&quot;multilevel&quot;}\" aria-setsize=\"-1\" data-aria-posinset=\"3\" data-aria-level=\"1\"><span data-contrast=\"none\">FP de grau mitj\u00e0 i superior.<\/span><span data-ccp-props=\"{&quot;134233117&quot;:true,&quot;201341983&quot;:0,&quot;335559685&quot;:975,&quot;335559737&quot;:255,&quot;335559739&quot;:0,&quot;335559740&quot;:240}\">\u00a0<\/span><\/li>\n<li data-leveltext=\"o\" data-font=\"Courier New\" data-listid=\"2\" data-list-defn-props=\"{&quot;335552541&quot;:1,&quot;335559684&quot;:-2,&quot;335559685&quot;:720,&quot;335559991&quot;:360,&quot;469769226&quot;:&quot;Courier New&quot;,&quot;469769242&quot;:[9675],&quot;469777803&quot;:&quot;left&quot;,&quot;469777804&quot;:&quot;o&quot;,&quot;469777815&quot;:&quot;multilevel&quot;}\" aria-setsize=\"-1\" data-aria-posinset=\"3\" data-aria-level=\"1\"><span data-contrast=\"none\">Cursos per preparar i accedir a les proves d&#8217; acc\u00e9s a FP.<\/span><span data-ccp-props=\"{&quot;134233117&quot;:true,&quot;201341983&quot;:0,&quot;335559685&quot;:975,&quot;335559737&quot;:255,&quot;335559739&quot;:0,&quot;335559740&quot;:240}\">\u00a0<\/span><\/li>\n<li data-leveltext=\"o\" data-font=\"Courier New\" data-listid=\"2\" data-list-defn-props=\"{&quot;335552541&quot;:1,&quot;335559684&quot;:-2,&quot;335559685&quot;:720,&quot;335559991&quot;:360,&quot;469769226&quot;:&quot;Courier New&quot;,&quot;469769242&quot;:[9675],&quot;469777803&quot;:&quot;left&quot;,&quot;469777804&quot;:&quot;o&quot;,&quot;469777815&quot;:&quot;multilevel&quot;}\" aria-setsize=\"-1\" data-aria-posinset=\"3\" data-aria-level=\"1\"><span data-contrast=\"none\">Ensenyament art\u00edstic professional i superior.<\/span><span data-ccp-props=\"{&quot;134233117&quot;:true,&quot;201341983&quot;:0,&quot;335559685&quot;:975,&quot;335559737&quot;:255,&quot;335559739&quot;:0,&quot;335559740&quot;:240}\">\u00a0<\/span><\/li>\n<li data-leveltext=\"o\" data-font=\"Courier New\" data-listid=\"2\" data-list-defn-props=\"{&quot;335552541&quot;:1,&quot;335559684&quot;:-2,&quot;335559685&quot;:720,&quot;335559991&quot;:360,&quot;469769226&quot;:&quot;Courier New&quot;,&quot;469769242&quot;:[9675],&quot;469777803&quot;:&quot;left&quot;,&quot;469777804&quot;:&quot;o&quot;,&quot;469777815&quot;:&quot;multilevel&quot;}\" aria-setsize=\"-1\" data-aria-posinset=\"3\" data-aria-level=\"1\"><span data-contrast=\"none\">Ensenyament d&#8217; idiomes en Escola Oficial.<\/span><span data-ccp-props=\"{&quot;134233117&quot;:true,&quot;201341983&quot;:0,&quot;335559685&quot;:975,&quot;335559737&quot;:255,&quot;335559739&quot;:0,&quot;335559740&quot;:240}\">\u00a0<\/span><\/li>\n<li data-leveltext=\"o\" data-font=\"Courier New\" data-listid=\"2\" data-list-defn-props=\"{&quot;335552541&quot;:1,&quot;335559684&quot;:-2,&quot;335559685&quot;:720,&quot;335559991&quot;:360,&quot;469769226&quot;:&quot;Courier New&quot;,&quot;469769242&quot;:[9675],&quot;469777803&quot;:&quot;left&quot;,&quot;469777804&quot;:&quot;o&quot;,&quot;469777815&quot;:&quot;multilevel&quot;}\" aria-setsize=\"-1\" data-aria-posinset=\"3\" data-aria-level=\"1\"><span data-contrast=\"none\">Ensenyament esportiu.<\/span><span data-ccp-props=\"{&quot;134233117&quot;:true,&quot;201341983&quot;:0,&quot;335559685&quot;:975,&quot;335559737&quot;:255,&quot;335559739&quot;:0,&quot;335559740&quot;:240}\">\u00a0<\/span><\/li>\n<li data-leveltext=\"o\" data-font=\"Courier New\" data-listid=\"2\" data-list-defn-props=\"{&quot;335552541&quot;:1,&quot;335559684&quot;:-2,&quot;335559685&quot;:720,&quot;335559991&quot;:360,&quot;469769226&quot;:&quot;Courier New&quot;,&quot;469769242&quot;:[9675],&quot;469777803&quot;:&quot;left&quot;,&quot;469777804&quot;:&quot;o&quot;,&quot;469777815&quot;:&quot;multilevel&quot;}\" aria-setsize=\"-1\" data-aria-posinset=\"3\" data-aria-level=\"1\"><span data-contrast=\"none\">Estudis religiosos superiors.<\/span><span data-ccp-props=\"{&quot;134233117&quot;:true,&quot;201341983&quot;:0,&quot;335559685&quot;:975,&quot;335559737&quot;:255,&quot;335559739&quot;:0,&quot;335559740&quot;:240}\">\u00a0<\/span><\/li>\n<li data-leveltext=\"o\" data-font=\"Courier New\" data-listid=\"2\" data-list-defn-props=\"{&quot;335552541&quot;:1,&quot;335559684&quot;:-2,&quot;335559685&quot;:720,&quot;335559991&quot;:360,&quot;469769226&quot;:&quot;Courier New&quot;,&quot;469769242&quot;:[9675],&quot;469777803&quot;:&quot;left&quot;,&quot;469777804&quot;:&quot;o&quot;,&quot;469777815&quot;:&quot;multilevel&quot;}\" aria-setsize=\"-1\" data-aria-posinset=\"3\" data-aria-level=\"1\"><span data-contrast=\"none\">Curs de preparaci\u00f3 per a l&#8217; acc\u00e9s a universitat per a majors de 25 anys universitat p\u00fablica).<\/span><span data-ccp-props=\"{&quot;134233117&quot;:true,&quot;201341983&quot;:0,&quot;335559685&quot;:975,&quot;335559737&quot;:255,&quot;335559739&quot;:0,&quot;335559740&quot;:240}\">\u00a0<\/span><\/li>\n<li data-leveltext=\"o\" data-font=\"Courier New\" data-listid=\"2\" data-list-defn-props=\"{&quot;335552541&quot;:1,&quot;335559684&quot;:-2,&quot;335559685&quot;:720,&quot;335559991&quot;:360,&quot;469769226&quot;:&quot;Courier New&quot;,&quot;469769242&quot;:[9675],&quot;469777803&quot;:&quot;left&quot;,&quot;469777804&quot;:&quot;o&quot;,&quot;469777815&quot;:&quot;multilevel&quot;}\" aria-setsize=\"-1\" data-aria-posinset=\"3\" data-aria-level=\"1\"><span data-contrast=\"none\">Matriculats en un grau universitari.<\/span><span data-ccp-props=\"{&quot;134233117&quot;:true,&quot;201341983&quot;:0,&quot;335559685&quot;:975,&quot;335559737&quot;:255,&quot;335559739&quot;:30,&quot;335559740&quot;:240}\">\u00a0<\/span><\/li>\n<\/ul>\n<p><span class=\"TextRun SCXW252580176 BCX0\" lang=\"CA\" xml:lang=\"CA\" data-contrast=\"none\"><span class=\"NormalTextRun SCXW252580176 BCX0\">A m\u00e9s de complir aquest requisit tamb\u00e9 haur\u00e0s de<\/span><\/span><strong><span class=\"TextRun SCXW252580176 BCX0\" lang=\"CA\" xml:lang=\"CA\" data-contrast=\"none\"><span class=\"NormalTextRun SCXW252580176 BCX0\"> complir amb certs requisits acad\u00e8mics i econ\u00f2mics, aquests \u00faltims classificats segons 3 tipus de llindars o l\u00edmits de renda.<\/span><\/span><span class=\"EOP SCXW252580176 BCX0\" data-ccp-props=\"{&quot;201341983&quot;:2,&quot;335559739&quot;:0,&quot;335559740&quot;:338}\">\u00a0<\/span><\/strong><\/p>\n<p><strong><a href=\"https:\/\/www.becaseducacion.gob.es\/becas-y-ayudas\/universidad-grado-master\/que-necesitas.html#requisitos-economicos\" target=\"_blank\" rel=\"noopener noreferrer\">\u2192 <\/a><a class=\"Hyperlink SCXW88829746 BCX0\" href=\"https:\/\/www.becaseducacion.gob.es\/becas-y-ayudas\/universidad-grado-master\/que-necesitas.html#requisitos-economicos\" target=\"_blank\" rel=\"noreferrer noopener\"><span class=\"TextRun Underlined SCXW88829746 BCX0\" lang=\"CA\" xml:lang=\"CA\" data-contrast=\"none\"><span class=\"NormalTextRun SCXW88829746 BCX0\">Consulta els requisits per poder sol\u00b7licitar-la<\/span><\/span><\/a><\/strong><\/p>\n<p><span class=\"TextRun SCXW248551953 BCX0\" lang=\"CA\" xml:lang=\"CA\" data-contrast=\"none\"><span class=\"NormalTextRun SCXW248551953 BCX0\">A Catalunya \u00e9s <\/span><\/span><a class=\"Hyperlink SCXW248551953 BCX0\" href=\"https:\/\/agaur.gencat.cat\/ca\/beques-i-ajuts\/pagines-especials\/beques-i-ajuts-per-estudis-universitaris1\/beca-general-ministeri\/index.html\" target=\"_blank\" rel=\"noreferrer noopener\"><span class=\"TextRun Underlined SCXW248551953 BCX0\" lang=\"CA\" xml:lang=\"CA\" data-contrast=\"none\"><span class=\"NormalTextRun SCXW248551953 BCX0\">l&#8217;Ag\u00e8ncia de Gesti\u00f3 d&#8217;Ajuts Universitaris i de Recerca (AGAUR)<\/span><\/span><\/a><span class=\"TextRun SCXW248551953 BCX0\" lang=\"CA\" xml:lang=\"CA\" data-contrast=\"none\"><span class=\"NormalTextRun SCXW248551953 BCX0\"> l&#8217;organisme que gestiona la convocat\u00f2ria de beques de car\u00e0cter general per a estudis universitari (GRAL) que publica cada any el Ministeri d&#8217;Educaci\u00f3 i Formaci\u00f3 Professional per a aquells estudiants que cursin estudis universitaris oficials de grau i\/o de m\u00e0ster universitari en una universitat de Catalunya i a la UOC.<\/span><\/span><span class=\"EOP SCXW248551953 BCX0\" data-ccp-props=\"{&quot;201341983&quot;:2,&quot;335559739&quot;:0,&quot;335559740&quot;:338}\">\u00a0<\/span><\/p>\n<h4><span class=\"TextRun SCXW135074450 BCX0\" lang=\"CA\" xml:lang=\"CA\" data-contrast=\"none\"><span class=\"NormalTextRun SCXW135074450 BCX0\">Quin tipus d&#8217;ajudes econ\u00f2miques pots obtenir?<\/span><\/span><span class=\"EOP SCXW135074450 BCX0\" data-ccp-props=\"{&quot;201341983&quot;:2,&quot;335559738&quot;:150,&quot;335559739&quot;:0,&quot;335559740&quot;:488}\">\u00a0<\/span><\/h4>\n<p><span data-contrast=\"none\">La quantitat total atorgada amb <\/span><b><span data-contrast=\"none\">la beca MEC \u00e9s la suma de la quantitat de diners fixa i la quantitat de diners variables<\/span><\/b><span data-contrast=\"none\">. Aquests components varien en funci\u00f3 del tipus de requisits que compleix el sol\u00b7licitant, encara que per obtenir alguna d&#8217;aquestes ajudes \u00e9s obligatori complir amb certs requisits generals, econ\u00f2mics i acad\u00e8mics.\u202f<\/span><span data-ccp-props=\"{&quot;201341983&quot;:2,&quot;335559739&quot;:0,&quot;335559740&quot;:338}\">\u00a0<\/span><\/p>\n<p><a href=\"https:\/\/sede.educacion.gob.es\/sede\/login\/inicio.jjsp?idConvocatoria=1557\" target=\"_blank\" rel=\"noopener noreferrer\"><b>\u2192 Demana la beca MEC<\/b><\/a><\/p>\n<ul>\n<li data-leveltext=\"o\" data-font=\"Courier New\" data-listid=\"3\" data-list-defn-props=\"{&quot;335552541&quot;:1,&quot;335559684&quot;:-2,&quot;335559685&quot;:720,&quot;335559991&quot;:360,&quot;469769226&quot;:&quot;Courier New&quot;,&quot;469769242&quot;:[9675],&quot;469777803&quot;:&quot;left&quot;,&quot;469777804&quot;:&quot;o&quot;,&quot;469777815&quot;:&quot;multilevel&quot;}\" aria-setsize=\"-1\" data-aria-posinset=\"1\" data-aria-level=\"1\"><b><span data-contrast=\"none\">Beca de matr\u00edcula: <\/span><\/b><span data-contrast=\"none\">exempci\u00f3 del preu p\u00fablic dels serveis acad\u00e8mics dels cr\u00e8dits matriculats per primera vegada i d&#8217; acord amb les condicions que estableix la convocat\u00f2ria.<\/span><span data-ccp-props=\"{&quot;134233117&quot;:true,&quot;201341983&quot;:0,&quot;335559685&quot;:975,&quot;335559737&quot;:255,&quot;335559739&quot;:0,&quot;335559740&quot;:240}\">\u00a0<\/span><\/li>\n<li data-leveltext=\"o\" data-font=\"Courier New\" data-listid=\"3\" data-list-defn-props=\"{&quot;335552541&quot;:1,&quot;335559684&quot;:-2,&quot;335559685&quot;:720,&quot;335559991&quot;:360,&quot;469769226&quot;:&quot;Courier New&quot;,&quot;469769242&quot;:[9675],&quot;469777803&quot;:&quot;left&quot;,&quot;469777804&quot;:&quot;o&quot;,&quot;469777815&quot;:&quot;multilevel&quot;}\" aria-setsize=\"-1\" data-aria-posinset=\"2\" data-aria-level=\"1\"><b><span data-contrast=\"none\">Quantia variable:<\/span><\/b><span data-contrast=\"none\"> pot ser la m\u00ednima de 60 \u20ac o la variable mitjan\u00e7ant un c\u00e0lcul on hi ha tres factors implicats: renda familiar, nota mitjana dels estudis que curses i el pressupost que tingui el Ministeri per repartir.<\/span><span data-ccp-props=\"{&quot;134233117&quot;:true,&quot;201341983&quot;:0,&quot;335559685&quot;:975,&quot;335559737&quot;:255,&quot;335559739&quot;:0,&quot;335559740&quot;:240}\">\u00a0<\/span><\/li>\n<li data-leveltext=\"o\" data-font=\"Courier New\" data-listid=\"3\" data-list-defn-props=\"{&quot;335552541&quot;:1,&quot;335559684&quot;:-2,&quot;335559685&quot;:720,&quot;335559991&quot;:360,&quot;469769226&quot;:&quot;Courier New&quot;,&quot;469769242&quot;:[9675],&quot;469777803&quot;:&quot;left&quot;,&quot;469777804&quot;:&quot;o&quot;,&quot;469777815&quot;:&quot;multilevel&quot;}\" aria-setsize=\"-1\" data-aria-posinset=\"3\" data-aria-level=\"1\"><b><span data-contrast=\"none\">Quantia fixa lligada a la renda:<\/span><\/b><span data-contrast=\"none\"> 1.700 \u20ac.<\/span><span data-ccp-props=\"{&quot;134233117&quot;:true,&quot;201341983&quot;:0,&quot;335559685&quot;:975,&quot;335559737&quot;:255,&quot;335559739&quot;:0,&quot;335559740&quot;:240}\">\u00a0<\/span><\/li>\n<li data-leveltext=\"o\" data-font=\"Courier New\" data-listid=\"3\" data-list-defn-props=\"{&quot;335552541&quot;:1,&quot;335559684&quot;:-2,&quot;335559685&quot;:720,&quot;335559991&quot;:360,&quot;469769226&quot;:&quot;Courier New&quot;,&quot;469769242&quot;:[9675],&quot;469777803&quot;:&quot;left&quot;,&quot;469777804&quot;:&quot;o&quot;,&quot;469777815&quot;:&quot;multilevel&quot;}\" aria-setsize=\"-1\" data-aria-posinset=\"3\" data-aria-level=\"1\"><b><span data-contrast=\"none\">Quantia fixa lligada a la resid\u00e8ncia:<\/span><\/b><span data-contrast=\"none\"> 1.600 \u20ac.<\/span><span data-ccp-props=\"{&quot;134233117&quot;:true,&quot;201341983&quot;:0,&quot;335559685&quot;:975,&quot;335559737&quot;:255,&quot;335559739&quot;:0,&quot;335559740&quot;:240}\">\u00a0<\/span><\/li>\n<li data-leveltext=\"o\" data-font=\"Courier New\" data-listid=\"3\" data-list-defn-props=\"{&quot;335552541&quot;:1,&quot;335559684&quot;:-2,&quot;335559685&quot;:720,&quot;335559991&quot;:360,&quot;469769226&quot;:&quot;Courier New&quot;,&quot;469769242&quot;:[9675],&quot;469777803&quot;:&quot;left&quot;,&quot;469777804&quot;:&quot;o&quot;,&quot;469777815&quot;:&quot;multilevel&quot;}\" aria-setsize=\"-1\" data-aria-posinset=\"3\" data-aria-level=\"1\"><b><span data-contrast=\"none\">Quantia fixa lligada a l&#8217;excel\u00b7l\u00e8ncia en el rendiment acad\u00e8mic:<\/span><\/b><span data-contrast=\"none\"> entre 50 i 125 \u20ac.<\/span><span data-ccp-props=\"{&quot;134233117&quot;:true,&quot;201341983&quot;:0,&quot;335559685&quot;:975,&quot;335559737&quot;:255,&quot;335559739&quot;:0,&quot;335559740&quot;:240}\">\u00a0<\/span><\/li>\n<li data-leveltext=\"o\" data-font=\"Courier New\" data-listid=\"3\" data-list-defn-props=\"{&quot;335552541&quot;:1,&quot;335559684&quot;:-2,&quot;335559685&quot;:720,&quot;335559991&quot;:360,&quot;469769226&quot;:&quot;Courier New&quot;,&quot;469769242&quot;:[9675],&quot;469777803&quot;:&quot;left&quot;,&quot;469777804&quot;:&quot;o&quot;,&quot;469777815&quot;:&quot;multilevel&quot;}\" aria-setsize=\"-1\" data-aria-posinset=\"3\" data-aria-level=\"1\"><b><span data-contrast=\"none\">Ajuts per insularitat<\/span><\/b><span data-contrast=\"none\"> (\u00fanicament per a estudiants de les Illes Balears, les Illes Can\u00e0ries, Ceuta o Melilla).<\/span><span data-ccp-props=\"{&quot;134233117&quot;:true,&quot;201341983&quot;:0,&quot;335559685&quot;:975,&quot;335559737&quot;:255,&quot;335559739&quot;:0,&quot;335559740&quot;:240}\">\u00a0<\/span><\/li>\n<\/ul>\n<p><a href=\"https:\/\/sede.educacion.gob.es\/sede\/login\/inicio.jjsp?idConvocatoria=1557\"><b>\u2192 <\/b><\/a><a href=\"https:\/\/sede.educacion.gob.es\/portada.html\" target=\"_blank\" rel=\"noopener noreferrer\"><b>Consulta l&#8217;estat de la teva sol\u00b7licitud<\/b><\/a><\/p>\n<p><img decoding=\"async\" src=\"https:\/\/blog.euncet.com\/wp-content\/uploads\/2022\/03\/Becas-y-ayudas-privadas-Euncet-Business-School.png\" sizes=\"(max-width: 750px) 100vw, 750px\" srcset=\"https:\/\/blog.euncet.com\/wp-content\/uploads\/2022\/03\/Becas-y-ayudas-privadas-Euncet-Business-School.png 750w, https:\/\/blog.euncet.com\/wp-content\/uploads\/2022\/03\/Becas-y-ayudas-privadas-Euncet-Business-School-300x120.png 300w, https:\/\/blog.euncet.com\/wp-content\/uploads\/2022\/03\/Becas-y-ayudas-privadas-Euncet-Business-School-80x32.png 80w\" alt=\"\" width=\"750\" height=\"300\" \/><\/p>\n<h2><span class=\"ez-toc-section\" id=\"Beques_i_ajuts_privats_Euncet_Business_School\"><\/span><span class=\"TextRun SCXW106457237 BCX0\" lang=\"CA\" xml:lang=\"CA\" data-contrast=\"none\"><span class=\"NormalTextRun SCXW106457237 BCX0\">Beques i ajuts privats: <\/span><span class=\"NormalTextRun SpellingErrorV2Themed SCXW106457237 BCX0\">Euncet<\/span><span class=\"NormalTextRun SCXW106457237 BCX0\"> Business <\/span><span class=\"NormalTextRun SpellingErrorV2Themed SCXW106457237 BCX0\">School<\/span><\/span><span class=\"EOP SCXW106457237 BCX0\" data-ccp-props=\"{&quot;201341983&quot;:2,&quot;335559738&quot;:300,&quot;335559739&quot;:30,&quot;335559740&quot;:690}\">\u00a0<\/span><span class=\"ez-toc-section-end\"><\/span><\/h2>\n<p><span data-contrast=\"none\">Demanar beques i ajudes p\u00fabliques i privades alhora? S\u00ed. \u00c9s possible. Tot i que molts estudiants creuen que s\u00f3n incompatibles la realitat \u00e9s que <\/span><b><span data-contrast=\"none\">a m\u00e9s de demanar la beca p\u00fablica per cursar estudis universitaris oficials tamb\u00e9 es pot optar al programa de beques i ajuts propi de les universitats<\/span><\/b><span data-contrast=\"none\">. En aquest cas, \u00e9s important saber que <\/span><b><span data-contrast=\"none\">la beca p\u00fablica nom\u00e9s cobreix el preu que fixi la comunitat aut\u00f2noma on s&#8217;hagi d&#8217; estudiar el t\u00edtol.<\/span><\/b><span data-ccp-props=\"{&quot;201341983&quot;:2,&quot;335559739&quot;:0,&quot;335559740&quot;:338}\">\u00a0<\/span><\/p>\n<p><span data-contrast=\"none\">A l&#8217;Euncet Business School <\/span><b><span data-contrast=\"none\">apostem per potenciar el talent dels nostres estudiants ajudant a minimitzar qualsevol obstacle o barrera que es puguin trobar<\/span><\/b><span data-contrast=\"none\"> en el moment d&#8217;iniciar la seva etapa universit\u00e0ria.\u00a0<\/span><span data-ccp-props=\"{&quot;201341983&quot;:2,&quot;335559739&quot;:0,&quot;335559740&quot;:338}\">\u00a0<\/span><\/p>\n<p><span data-contrast=\"none\">Per a aix\u00f2, oferim un programa de beques i ajudes pr\u00f2pies tant per a estudiants de graus com de m\u00e0sters universitaris, no acumulables entre si, per\u00f2<\/span><b><span data-contrast=\"none\"> compatibles amb el descompte de pagament \u00fanic (5 % addicional).<\/span><\/b><span data-ccp-props=\"{&quot;201341983&quot;:2,&quot;335559739&quot;:30,&quot;335559740&quot;:338}\">\u00a0<\/span><\/p>\n<p><b><span data-contrast=\"none\">Beca acc\u00e9s<\/span><\/b><span data-ccp-props=\"{&quot;201341983&quot;:0,&quot;335559739&quot;:0,&quot;335559740&quot;:240}\">\u00a0<\/span><\/p>\n<p><b><span data-contrast=\"none\">18 % a descomptar de l&#8217;import total de la matr\u00edcula<\/span><\/b><span data-ccp-props=\"{&quot;201341983&quot;:2,&quot;335559739&quot;:0,&quot;335559740&quot;:338}\">\u00a0<\/span><\/p>\n<p><span data-contrast=\"none\">Adre\u00e7ada a estudiants de nou acc\u00e9s procedents de batxillerat amb una nota d&#8217; acc\u00e9s igual o superior a 10 sobre 14, i a estudiants procedents de cicle formatius de grau superior amb nota igual o superior a 9 sobre 10.<\/span><span data-ccp-props=\"{&quot;201341983&quot;:2,&quot;335559739&quot;:30,&quot;335559740&quot;:338}\">\u00a0<\/span><\/p>\n<p><b><span data-contrast=\"none\">Ajuts familiars<\/span><\/b><span data-ccp-props=\"{&quot;201341983&quot;:0,&quot;335559739&quot;:30,&quot;335559740&quot;:240}\">\u00a0<\/span><\/p>\n<p><b><span data-contrast=\"none\">14 % a descomptar de l&#8217;import total de la matr\u00edcula<\/span><\/b><span data-ccp-props=\"{&quot;201341983&quot;:2,&quot;335559739&quot;:0,&quot;335559740&quot;:338}\">\u00a0<\/span><\/p>\n<p><span data-contrast=\"none\">Adre\u00e7ada a estudiants de nou ingr\u00e9s o ja membres de la comunitat universit\u00e0ria Euncet que puguin acreditar una de les seg\u00fcents situacions (aplicable durant tots els anys de formaci\u00f3):<\/span><span data-ccp-props=\"{&quot;201341983&quot;:2,&quot;335559739&quot;:0,&quot;335559740&quot;:338}\">\u00a0<\/span><\/p>\n<ul>\n<li data-leveltext=\"o\" data-font=\"Courier New\" data-listid=\"4\" data-list-defn-props=\"{&quot;335552541&quot;:1,&quot;335559684&quot;:-2,&quot;335559685&quot;:720,&quot;335559991&quot;:360,&quot;469769226&quot;:&quot;Courier New&quot;,&quot;469769242&quot;:[9675],&quot;469777803&quot;:&quot;left&quot;,&quot;469777804&quot;:&quot;o&quot;,&quot;469777815&quot;:&quot;multilevel&quot;}\" aria-setsize=\"-1\" data-aria-posinset=\"1\" data-aria-level=\"1\"><span data-contrast=\"none\">Estudiant amb un o m\u00e9s germans matriculats en el mateix curs acad\u00e8mic d&#8217; un grau o m\u00e0ster universitari d&#8217; Euncet Business School.<\/span><span data-ccp-props=\"{&quot;134233117&quot;:true,&quot;201341983&quot;:0,&quot;335559685&quot;:1200,&quot;335559737&quot;:480,&quot;335559739&quot;:0,&quot;335559740&quot;:240}\">\u00a0<\/span><\/li>\n<li data-leveltext=\"o\" data-font=\"Courier New\" data-listid=\"4\" data-list-defn-props=\"{&quot;335552541&quot;:1,&quot;335559684&quot;:-2,&quot;335559685&quot;:720,&quot;335559991&quot;:360,&quot;469769226&quot;:&quot;Courier New&quot;,&quot;469769242&quot;:[9675],&quot;469777803&quot;:&quot;left&quot;,&quot;469777804&quot;:&quot;o&quot;,&quot;469777815&quot;:&quot;multilevel&quot;}\" aria-setsize=\"-1\" data-aria-posinset=\"2\" data-aria-level=\"1\"><span data-contrast=\"none\">Estudiant amb carnet vigent de fam\u00edlia nombrosa o monoparental.<\/span><span data-ccp-props=\"{&quot;134233117&quot;:true,&quot;201341983&quot;:0,&quot;335559685&quot;:1200,&quot;335559737&quot;:480,&quot;335559739&quot;:0,&quot;335559740&quot;:240}\">\u00a0<\/span><\/li>\n<li data-leveltext=\"o\" data-font=\"Courier New\" data-listid=\"4\" data-list-defn-props=\"{&quot;335552541&quot;:1,&quot;335559684&quot;:-2,&quot;335559685&quot;:720,&quot;335559991&quot;:360,&quot;469769226&quot;:&quot;Courier New&quot;,&quot;469769242&quot;:[9675],&quot;469777803&quot;:&quot;left&quot;,&quot;469777804&quot;:&quot;o&quot;,&quot;469777815&quot;:&quot;multilevel&quot;}\" aria-setsize=\"-1\" data-aria-posinset=\"3\" data-aria-level=\"1\"><span data-contrast=\"none\">Estudiant amb renda familiar inferior a 30.000 \u20ac anuals\/bruts per unitat familiar.<\/span><span data-ccp-props=\"{&quot;134233117&quot;:true,&quot;201341983&quot;:0,&quot;335559685&quot;:1200,&quot;335559737&quot;:480,&quot;335559739&quot;:0,&quot;335559740&quot;:240}\">\u00a0<\/span><\/li>\n<\/ul>\n<p><b><span data-contrast=\"none\">Ajuts professionals<\/span><\/b><span data-ccp-props=\"{&quot;201341983&quot;:0,&quot;335559739&quot;:30,&quot;335559740&quot;:240}\">\u00a0<\/span><\/p>\n<p><b><span data-contrast=\"none\">9 % a descomptar<\/span><\/b><span data-contrast=\"auto\"> de <\/span><b><span data-contrast=\"none\">l&#8217;import total de la matr\u00edcula\u00a0<\/span><\/b><span data-ccp-props=\"{&quot;134233117&quot;:false,&quot;134233118&quot;:false,&quot;201341983&quot;:2,&quot;335559738&quot;:0,&quot;335559739&quot;:0,&quot;335559740&quot;:338}\">\u00a0<\/span><\/p>\n<p><span data-contrast=\"none\">Aquest ajut va adre\u00e7at a estudiants que puguin acreditar m\u00e9s d&#8217; un any com\u00a0<\/span><span data-contrast=\"auto\"> a <\/span><span data-contrast=\"none\">treballador aut\u00f2nom, aix\u00ed com estudiants que es trobin en situaci\u00f3 legal d&#8217; atur.<\/span><span data-ccp-props=\"{&quot;134233117&quot;:false,&quot;134233118&quot;:false,&quot;201341983&quot;:2,&quot;335559738&quot;:0,&quot;335559739&quot;:0,&quot;335559740&quot;:338}\">\u00a0<\/span><\/p>\n<p><b><span data-contrast=\"none\">Ajuts UFEC<\/span><\/b><span data-ccp-props=\"{&quot;201341983&quot;:0,&quot;335559739&quot;:30,&quot;335559740&quot;:240}\">\u00a0<\/span><\/p>\n<p><b><span data-contrast=\"none\">9 % a descomptar<\/span><\/b><span data-contrast=\"auto\"> de <\/span><b><span data-contrast=\"none\">l&#8217;import total de la matr\u00edcula\u00a0<\/span><\/b><span data-ccp-props=\"{&quot;134233117&quot;:false,&quot;134233118&quot;:false,&quot;201341983&quot;:2,&quot;335559738&quot;:0,&quot;335559739&quot;:0,&quot;335559740&quot;:338}\">\u00a0<\/span><\/p>\n<p><span data-contrast=\"none\">Despr\u00e9s de l&#8217;alian\u00e7a com\u00a0<\/span><span data-contrast=\"auto\"> a<\/span><span data-contrast=\"none\"> socis amb la Uni\u00f3 de Federacions Esportives de Catalunya (UFEC), des d&#8217;Euncet Business School tamb\u00e9 oferim un programa d&#8217;ajuts a aquells estudiants que posseeixin un carnet de federat d&#8217;alguna de les federacions catalanes , espanyoles i internacionals d<\/span><span data-contrast=\"auto\">&#8216; <\/span><span data-contrast=\"none\">esport amb una antiguitat m\u00ednima de 3 anys.<\/span><span data-ccp-props=\"{&quot;134233117&quot;:false,&quot;134233118&quot;:false,&quot;201341983&quot;:2,&quot;335559738&quot;:0,&quot;335559739&quot;:0,&quot;335559740&quot;:338}\">\u00a0<\/span><span data-ccp-props=\"{&quot;201341983&quot;:0,&quot;335559739&quot;:30,&quot;335559740&quot;:240}\">\u00a0<\/span><\/p>\n<p><b><span data-contrast=\"none\">Ajuts Centres de Formaci\u00f3<\/span><\/b><span data-ccp-props=\"{&quot;201341983&quot;:0,&quot;335559739&quot;:30,&quot;335559740&quot;:240}\">\u00a0<\/span><\/p>\n<p><b><span data-contrast=\"none\">18 % a descomptar<\/span><\/b><span data-contrast=\"auto\"> de <\/span><b><span data-contrast=\"none\">l&#8217;import total de la matr\u00edcula v\u00e0lid per al primer curs\u00a0<\/span><\/b><span data-ccp-props=\"{&quot;134233117&quot;:false,&quot;134233118&quot;:false,&quot;201341983&quot;:2,&quot;335559738&quot;:0,&quot;335559739&quot;:0,&quot;335559740&quot;:338}\">\u00a0<\/span><\/p>\n<p><span data-contrast=\"none\">Dirigida a estudiants de batxillerat o de cicles formatius dels centres formatius amb els quals Euncet Business School t\u00e9 un acord de col\u00b7laboraci\u00f3 signat: <\/span><a href=\"https:\/\/ramarfp.com\/\"><span data-contrast=\"none\">Ramar 2 (<\/span><\/a><a href=\"https:\/\/ramarfp.com\/\"><span data-contrast=\"none\">Taul\u00e9<\/span><\/a><a href=\"https:\/\/ramarfp.com\/\"><span data-contrast=\"none\"> Vi\u00f1as)<\/span><\/a><span data-contrast=\"none\"> i <\/span><span data-contrast=\"none\">Eurofitness Edu<\/span><span data-contrast=\"none\">.<\/span><span data-ccp-props=\"{&quot;134233117&quot;:false,&quot;134233118&quot;:false,&quot;201341983&quot;:2,&quot;335559738&quot;:0,&quot;335559739&quot;:0,&quot;335559740&quot;:338}\">\u00a0<\/span><\/p>\n<p><b><span data-contrast=\"none\">Ajuts Empleats Eurofitness, Leitat i UFEC<\/span><\/b><span data-ccp-props=\"{&quot;201341983&quot;:0,&quot;335559739&quot;:30,&quot;335559740&quot;:240}\">\u00a0<\/span><\/p>\n<p><b><span data-contrast=\"none\">18 % a descomptar<\/span><\/b><span data-contrast=\"auto\"> de <\/span><b><span data-contrast=\"none\">l&#8217;import total de la matr\u00edcula\u00a0<\/span><\/b><span data-ccp-props=\"{&quot;134233117&quot;:false,&quot;134233118&quot;:false,&quot;201341983&quot;:2,&quot;335559738&quot;:0,&quot;335559739&quot;:0,&quot;335559740&quot;:338}\">\u00a0<\/span><\/p>\n<p><span data-contrast=\"none\">Finalment, aquestes ajudes van dirigides a aquells estudiants que tinguen un contracte laboral amb alguna de les institucions s\u00f2cies d&#8217;Euncet Business School en el moment de realitzar la matr\u00edcula: <\/span><a href=\"https:\/\/eurofitness.com\/\"><span data-contrast=\"none\">Eurofitness<\/span><\/a><span data-contrast=\"none\">, <\/span><a href=\"https:\/\/www.leitat.org\/\"><span data-contrast=\"none\"> Leitat<\/span><\/a><span data-contrast=\"none\"> o <\/span><a href=\"https:\/\/www.ufec.cat\/\"><span data-contrast=\"none\">UFEC<\/span><\/a><span data-contrast=\"none\">.<\/span><span data-ccp-props=\"{&quot;134233117&quot;:false,&quot;134233118&quot;:false,&quot;201341983&quot;:2,&quot;335559738&quot;:0,&quot;335559739&quot;:0,&quot;335559740&quot;:338}\">\u00a0<\/span><span data-ccp-props=\"{&quot;201341983&quot;:2,&quot;335559739&quot;:30,&quot;335559740&quot;:338}\">\u00a0<\/span><\/p>\n<p><span data-contrast=\"none\">Si vols saber m\u00e9s sobre el nostre programa de beques i ajudes o necessites m\u00e9s informaci\u00f3 sobre el proc\u00e9s de preinscripci\u00f3 a l&#8217;Euncet Business School pots fer-nos arribar la teva petici\u00f3 a <\/span><a href=\"mailto:grados@euncet.es\"><b><span data-contrast=\"none\">grados@euncet.com<\/span><\/b><\/a><span data-ccp-props=\"{&quot;201341983&quot;:2,&quot;335559739&quot;:30,&quot;335559740&quot;:338}\">\u00a0<\/span><\/p>\n<p><img decoding=\"async\" class=\"size-full wp-image-59412 aligncenter\" src=\"https:\/\/blog.euncet.com\/wp-content\/uploads\/2022\/03\/DDMesa-de-trabajo-1.png\" alt=\"\" width=\"500\" height=\"739\" srcset=\"https:\/\/www.euncet.com\/blog\/wp-content\/uploads\/2022\/03\/DDMesa-de-trabajo-1.png 500w, https:\/\/www.euncet.com\/blog\/wp-content\/uploads\/2022\/03\/DDMesa-de-trabajo-1-203x300.png 203w, https:\/\/www.euncet.com\/blog\/wp-content\/uploads\/2022\/03\/DDMesa-de-trabajo-1-54x80.png 54w\" sizes=\"(max-width: 500px) 100vw, 500px\" \/><\/p>\n","protected":false},"excerpt":{"rendered":"<p>Si has arribat a aquest article segurament \u00e9s perqu\u00e8 est\u00e0s plantejant-te cursar un grau o m\u00e0ster universitari oficial i vols saber m\u00e9s sobre les ajudes econ\u00f2miques que s&#8217;ofereixen des del Ministeri d&#8217;Educaci\u00f3 i Formaci\u00f3 Professional i les ofertes per les universitats privades. Per al curs 2023-2024 s&#8217;han produ\u00eft alguns canvis en les data de sol\u00b7licitud [&hellip;]<\/p>\n","protected":false},"author":28,"featured_media":52844,"comment_status":"closed","ping_status":"closed","sticky":false,"template":"","format":"standard","meta":{"_acf_changed":false,"footnotes":""},"categories":[444],"tags":[],"class_list":["post-58651","post","type-post","status-publish","format-standard","has-post-thumbnail","hentry","category-comunitat-euncet-posts"],"acf":[],"yoast_head":"<!-- This site is optimized with the Yoast SEO plugin v27.4 - https:\/\/yoast.com\/product\/yoast-seo-wordpress\/ -->\n<title>Beques i ajuts universitaris p\u00fablics i privats - Euncet<\/title>\n<meta name=\"description\" content=\"Descobreix les novetats per a sol\u00b7licitar les beques universit\u00e0ries p\u00fabliques i privades per a graus i\/o m\u00e0sters oficials per al curs 2022-2023.\" \/>\n<meta name=\"robots\" content=\"index, follow, max-snippet:-1, max-image-preview:large, max-video-preview:-1\" \/>\n<link rel=\"canonical\" href=\"https:\/\/www.euncet.com\/blog\/ca\/beques-i-ajuts-universitaris-publics-i-privats-que-son-i-com-demanar-les\/\" \/>\n<meta property=\"og:locale\" content=\"ca_ES\" \/>\n<meta property=\"og:type\" content=\"article\" \/>\n<meta property=\"og:title\" content=\"Beques i ajuts universitaris p\u00fablics i privats - Euncet\" \/>\n<meta property=\"og:description\" content=\"Descobreix les novetats per a sol\u00b7licitar les beques universit\u00e0ries p\u00fabliques i privades per a graus i\/o m\u00e0sters oficials per al curs 2022-2023.\" \/>\n<meta property=\"og:url\" content=\"https:\/\/www.euncet.com\/blog\/ca\/beques-i-ajuts-universitaris-publics-i-privats-que-son-i-com-demanar-les\/\" \/>\n<meta property=\"og:site_name\" content=\"Euncet Business School\" \/>\n<meta property=\"article:publisher\" content=\"https:\/\/www.facebook.com\/euncet\" \/>\n<meta property=\"article:published_time\" content=\"2022-03-22T16:42:31+00:00\" \/>\n<meta property=\"article:modified_time\" content=\"2025-08-30T11:23:48+00:00\" \/>\n<meta property=\"og:image\" content=\"https:\/\/www.euncet.com\/blog\/wp-content\/uploads\/2022\/03\/Becas-y-ayudas-universitarias-publicas-y-privadas-que-son-y-como-solicitarlas-.png\" \/>\n\t<meta property=\"og:image:width\" content=\"560\" \/>\n\t<meta property=\"og:image:height\" content=\"416\" \/>\n\t<meta property=\"og:image:type\" content=\"image\/png\" \/>\n<meta name=\"author\" content=\"euncet\" \/>\n<meta name=\"twitter:card\" content=\"summary_large_image\" \/>\n<meta name=\"twitter:creator\" content=\"@euncet\" \/>\n<meta name=\"twitter:site\" content=\"@euncet\" \/>\n<meta name=\"twitter:label1\" content=\"Escrit per\" \/>\n\t<meta name=\"twitter:data1\" content=\"euncet\" \/>\n\t<meta name=\"twitter:label2\" content=\"Temps estimat de lectura\" \/>\n\t<meta name=\"twitter:data2\" content=\"6 minuts\" \/>\n<script type=\"application\/ld+json\" class=\"yoast-schema-graph\">{\"@context\":\"https:\\\/\\\/schema.org\",\"@graph\":[{\"@type\":\"Article\",\"@id\":\"https:\\\/\\\/www.euncet.com\\\/blog\\\/ca\\\/beques-i-ajuts-universitaris-publics-i-privats-que-son-i-com-demanar-les\\\/#article\",\"isPartOf\":{\"@id\":\"https:\\\/\\\/www.euncet.com\\\/blog\\\/ca\\\/beques-i-ajuts-universitaris-publics-i-privats-que-son-i-com-demanar-les\\\/\"},\"author\":{\"name\":\"euncet\",\"@id\":\"https:\\\/\\\/www.euncet.com\\\/blog\\\/ca\\\/#\\\/schema\\\/person\\\/8253e592273eb1f7a48788902ca03268\"},\"headline\":\"Beques i ajuts universitaris p\u00fablics i privats: qu\u00e8 s\u00f3n i com demanar-les\",\"datePublished\":\"2022-03-22T16:42:31+00:00\",\"dateModified\":\"2025-08-30T11:23:48+00:00\",\"mainEntityOfPage\":{\"@id\":\"https:\\\/\\\/www.euncet.com\\\/blog\\\/ca\\\/beques-i-ajuts-universitaris-publics-i-privats-que-son-i-com-demanar-les\\\/\"},\"wordCount\":1164,\"image\":{\"@id\":\"https:\\\/\\\/www.euncet.com\\\/blog\\\/ca\\\/beques-i-ajuts-universitaris-publics-i-privats-que-son-i-com-demanar-les\\\/#primaryimage\"},\"thumbnailUrl\":\"https:\\\/\\\/www.euncet.com\\\/blog\\\/wp-content\\\/uploads\\\/2022\\\/03\\\/Becas-y-ayudas-universitarias-publicas-y-privadas-que-son-y-como-solicitarlas-.png\",\"articleSection\":[\"Comunitat Euncet\"],\"inLanguage\":\"ca\"},{\"@type\":\"WebPage\",\"@id\":\"https:\\\/\\\/www.euncet.com\\\/blog\\\/ca\\\/beques-i-ajuts-universitaris-publics-i-privats-que-son-i-com-demanar-les\\\/\",\"url\":\"https:\\\/\\\/www.euncet.com\\\/blog\\\/ca\\\/beques-i-ajuts-universitaris-publics-i-privats-que-son-i-com-demanar-les\\\/\",\"name\":\"Beques i ajuts universitaris p\u00fablics i privats - Euncet\",\"isPartOf\":{\"@id\":\"https:\\\/\\\/www.euncet.com\\\/blog\\\/ca\\\/#website\"},\"primaryImageOfPage\":{\"@id\":\"https:\\\/\\\/www.euncet.com\\\/blog\\\/ca\\\/beques-i-ajuts-universitaris-publics-i-privats-que-son-i-com-demanar-les\\\/#primaryimage\"},\"image\":{\"@id\":\"https:\\\/\\\/www.euncet.com\\\/blog\\\/ca\\\/beques-i-ajuts-universitaris-publics-i-privats-que-son-i-com-demanar-les\\\/#primaryimage\"},\"thumbnailUrl\":\"https:\\\/\\\/www.euncet.com\\\/blog\\\/wp-content\\\/uploads\\\/2022\\\/03\\\/Becas-y-ayudas-universitarias-publicas-y-privadas-que-son-y-como-solicitarlas-.png\",\"datePublished\":\"2022-03-22T16:42:31+00:00\",\"dateModified\":\"2025-08-30T11:23:48+00:00\",\"author\":{\"@id\":\"https:\\\/\\\/www.euncet.com\\\/blog\\\/ca\\\/#\\\/schema\\\/person\\\/8253e592273eb1f7a48788902ca03268\"},\"description\":\"Descobreix les novetats per a sol\u00b7licitar les beques universit\u00e0ries p\u00fabliques i privades per a graus i\\\/o m\u00e0sters oficials per al curs 2022-2023.\",\"breadcrumb\":{\"@id\":\"https:\\\/\\\/www.euncet.com\\\/blog\\\/ca\\\/beques-i-ajuts-universitaris-publics-i-privats-que-son-i-com-demanar-les\\\/#breadcrumb\"},\"inLanguage\":\"ca\",\"potentialAction\":[{\"@type\":\"ReadAction\",\"target\":[\"https:\\\/\\\/www.euncet.com\\\/blog\\\/ca\\\/beques-i-ajuts-universitaris-publics-i-privats-que-son-i-com-demanar-les\\\/\"]}]},{\"@type\":\"ImageObject\",\"inLanguage\":\"ca\",\"@id\":\"https:\\\/\\\/www.euncet.com\\\/blog\\\/ca\\\/beques-i-ajuts-universitaris-publics-i-privats-que-son-i-com-demanar-les\\\/#primaryimage\",\"url\":\"https:\\\/\\\/www.euncet.com\\\/blog\\\/wp-content\\\/uploads\\\/2022\\\/03\\\/Becas-y-ayudas-universitarias-publicas-y-privadas-que-son-y-como-solicitarlas-.png\",\"contentUrl\":\"https:\\\/\\\/www.euncet.com\\\/blog\\\/wp-content\\\/uploads\\\/2022\\\/03\\\/Becas-y-ayudas-universitarias-publicas-y-privadas-que-son-y-como-solicitarlas-.png\",\"width\":560,\"height\":416},{\"@type\":\"BreadcrumbList\",\"@id\":\"https:\\\/\\\/www.euncet.com\\\/blog\\\/ca\\\/beques-i-ajuts-universitaris-publics-i-privats-que-son-i-com-demanar-les\\\/#breadcrumb\",\"itemListElement\":[{\"@type\":\"ListItem\",\"position\":1,\"name\":\"Portada\",\"item\":\"https:\\\/\\\/www.euncet.com\\\/blog\\\/ca\\\/\"},{\"@type\":\"ListItem\",\"position\":2,\"name\":\"Beques i ajuts universitaris p\u00fablics i privats: qu\u00e8 s\u00f3n i com demanar-les\"}]},{\"@type\":\"WebSite\",\"@id\":\"https:\\\/\\\/www.euncet.com\\\/blog\\\/ca\\\/#website\",\"url\":\"https:\\\/\\\/www.euncet.com\\\/blog\\\/ca\\\/\",\"name\":\"Euncet Business School\",\"description\":\"Escuela de negocios\",\"potentialAction\":[{\"@type\":\"SearchAction\",\"target\":{\"@type\":\"EntryPoint\",\"urlTemplate\":\"https:\\\/\\\/www.euncet.com\\\/blog\\\/ca\\\/?s={search_term_string}\"},\"query-input\":{\"@type\":\"PropertyValueSpecification\",\"valueRequired\":true,\"valueName\":\"search_term_string\"}}],\"inLanguage\":\"ca\"},{\"@type\":\"Person\",\"@id\":\"https:\\\/\\\/www.euncet.com\\\/blog\\\/ca\\\/#\\\/schema\\\/person\\\/8253e592273eb1f7a48788902ca03268\",\"name\":\"euncet\",\"image\":{\"@type\":\"ImageObject\",\"inLanguage\":\"ca\",\"@id\":\"https:\\\/\\\/secure.gravatar.com\\\/avatar\\\/ee2ce5f049e82b74bcc6b8db4c5e9c717e35544f3cde91d14a3daa9827fe21f0?s=96&d=mm&r=g\",\"url\":\"https:\\\/\\\/secure.gravatar.com\\\/avatar\\\/ee2ce5f049e82b74bcc6b8db4c5e9c717e35544f3cde91d14a3daa9827fe21f0?s=96&d=mm&r=g\",\"contentUrl\":\"https:\\\/\\\/secure.gravatar.com\\\/avatar\\\/ee2ce5f049e82b74bcc6b8db4c5e9c717e35544f3cde91d14a3daa9827fe21f0?s=96&d=mm&r=g\",\"caption\":\"euncet\"},\"url\":\"https:\\\/\\\/www.euncet.com\\\/blog\\\/ca\\\/author\\\/euncet\\\/\"}]}<\/script>\n<!-- \/ Yoast SEO plugin. -->","yoast_head_json":{"title":"Beques i ajuts universitaris p\u00fablics i privats - Euncet","description":"Descobreix les novetats per a sol\u00b7licitar les beques universit\u00e0ries p\u00fabliques i privades per a graus i\/o m\u00e0sters oficials per al curs 2022-2023.","robots":{"index":"index","follow":"follow","max-snippet":"max-snippet:-1","max-image-preview":"max-image-preview:large","max-video-preview":"max-video-preview:-1"},"canonical":"https:\/\/www.euncet.com\/blog\/ca\/beques-i-ajuts-universitaris-publics-i-privats-que-son-i-com-demanar-les\/","og_locale":"ca_ES","og_type":"article","og_title":"Beques i ajuts universitaris p\u00fablics i privats - Euncet","og_description":"Descobreix les novetats per a sol\u00b7licitar les beques universit\u00e0ries p\u00fabliques i privades per a graus i\/o m\u00e0sters oficials per al curs 2022-2023.","og_url":"https:\/\/www.euncet.com\/blog\/ca\/beques-i-ajuts-universitaris-publics-i-privats-que-son-i-com-demanar-les\/","og_site_name":"Euncet Business School","article_publisher":"https:\/\/www.facebook.com\/euncet","article_published_time":"2022-03-22T16:42:31+00:00","article_modified_time":"2025-08-30T11:23:48+00:00","og_image":[{"width":560,"height":416,"url":"https:\/\/www.euncet.com\/blog\/wp-content\/uploads\/2022\/03\/Becas-y-ayudas-universitarias-publicas-y-privadas-que-son-y-como-solicitarlas-.png","type":"image\/png"}],"author":"euncet","twitter_card":"summary_large_image","twitter_creator":"@euncet","twitter_site":"@euncet","twitter_misc":{"Escrit per":"euncet","Temps estimat de lectura":"6 minuts"},"schema":{"@context":"https:\/\/schema.org","@graph":[{"@type":"Article","@id":"https:\/\/www.euncet.com\/blog\/ca\/beques-i-ajuts-universitaris-publics-i-privats-que-son-i-com-demanar-les\/#article","isPartOf":{"@id":"https:\/\/www.euncet.com\/blog\/ca\/beques-i-ajuts-universitaris-publics-i-privats-que-son-i-com-demanar-les\/"},"author":{"name":"euncet","@id":"https:\/\/www.euncet.com\/blog\/ca\/#\/schema\/person\/8253e592273eb1f7a48788902ca03268"},"headline":"Beques i ajuts universitaris p\u00fablics i privats: qu\u00e8 s\u00f3n i com demanar-les","datePublished":"2022-03-22T16:42:31+00:00","dateModified":"2025-08-30T11:23:48+00:00","mainEntityOfPage":{"@id":"https:\/\/www.euncet.com\/blog\/ca\/beques-i-ajuts-universitaris-publics-i-privats-que-son-i-com-demanar-les\/"},"wordCount":1164,"image":{"@id":"https:\/\/www.euncet.com\/blog\/ca\/beques-i-ajuts-universitaris-publics-i-privats-que-son-i-com-demanar-les\/#primaryimage"},"thumbnailUrl":"https:\/\/www.euncet.com\/blog\/wp-content\/uploads\/2022\/03\/Becas-y-ayudas-universitarias-publicas-y-privadas-que-son-y-como-solicitarlas-.png","articleSection":["Comunitat Euncet"],"inLanguage":"ca"},{"@type":"WebPage","@id":"https:\/\/www.euncet.com\/blog\/ca\/beques-i-ajuts-universitaris-publics-i-privats-que-son-i-com-demanar-les\/","url":"https:\/\/www.euncet.com\/blog\/ca\/beques-i-ajuts-universitaris-publics-i-privats-que-son-i-com-demanar-les\/","name":"Beques i ajuts universitaris p\u00fablics i privats - Euncet","isPartOf":{"@id":"https:\/\/www.euncet.com\/blog\/ca\/#website"},"primaryImageOfPage":{"@id":"https:\/\/www.euncet.com\/blog\/ca\/beques-i-ajuts-universitaris-publics-i-privats-que-son-i-com-demanar-les\/#primaryimage"},"image":{"@id":"https:\/\/www.euncet.com\/blog\/ca\/beques-i-ajuts-universitaris-publics-i-privats-que-son-i-com-demanar-les\/#primaryimage"},"thumbnailUrl":"https:\/\/www.euncet.com\/blog\/wp-content\/uploads\/2022\/03\/Becas-y-ayudas-universitarias-publicas-y-privadas-que-son-y-como-solicitarlas-.png","datePublished":"2022-03-22T16:42:31+00:00","dateModified":"2025-08-30T11:23:48+00:00","author":{"@id":"https:\/\/www.euncet.com\/blog\/ca\/#\/schema\/person\/8253e592273eb1f7a48788902ca03268"},"description":"Descobreix les novetats per a sol\u00b7licitar les beques universit\u00e0ries p\u00fabliques i privades per a graus i\/o m\u00e0sters oficials per al curs 2022-2023.","breadcrumb":{"@id":"https:\/\/www.euncet.com\/blog\/ca\/beques-i-ajuts-universitaris-publics-i-privats-que-son-i-com-demanar-les\/#breadcrumb"},"inLanguage":"ca","potentialAction":[{"@type":"ReadAction","target":["https:\/\/www.euncet.com\/blog\/ca\/beques-i-ajuts-universitaris-publics-i-privats-que-son-i-com-demanar-les\/"]}]},{"@type":"ImageObject","inLanguage":"ca","@id":"https:\/\/www.euncet.com\/blog\/ca\/beques-i-ajuts-universitaris-publics-i-privats-que-son-i-com-demanar-les\/#primaryimage","url":"https:\/\/www.euncet.com\/blog\/wp-content\/uploads\/2022\/03\/Becas-y-ayudas-universitarias-publicas-y-privadas-que-son-y-como-solicitarlas-.png","contentUrl":"https:\/\/www.euncet.com\/blog\/wp-content\/uploads\/2022\/03\/Becas-y-ayudas-universitarias-publicas-y-privadas-que-son-y-como-solicitarlas-.png","width":560,"height":416},{"@type":"BreadcrumbList","@id":"https:\/\/www.euncet.com\/blog\/ca\/beques-i-ajuts-universitaris-publics-i-privats-que-son-i-com-demanar-les\/#breadcrumb","itemListElement":[{"@type":"ListItem","position":1,"name":"Portada","item":"https:\/\/www.euncet.com\/blog\/ca\/"},{"@type":"ListItem","position":2,"name":"Beques i ajuts universitaris p\u00fablics i privats: qu\u00e8 s\u00f3n i com demanar-les"}]},{"@type":"WebSite","@id":"https:\/\/www.euncet.com\/blog\/ca\/#website","url":"https:\/\/www.euncet.com\/blog\/ca\/","name":"Euncet Business School","description":"Escuela de negocios","potentialAction":[{"@type":"SearchAction","target":{"@type":"EntryPoint","urlTemplate":"https:\/\/www.euncet.com\/blog\/ca\/?s={search_term_string}"},"query-input":{"@type":"PropertyValueSpecification","valueRequired":true,"valueName":"search_term_string"}}],"inLanguage":"ca"},{"@type":"Person","@id":"https:\/\/www.euncet.com\/blog\/ca\/#\/schema\/person\/8253e592273eb1f7a48788902ca03268","name":"euncet","image":{"@type":"ImageObject","inLanguage":"ca","@id":"https:\/\/secure.gravatar.com\/avatar\/ee2ce5f049e82b74bcc6b8db4c5e9c717e35544f3cde91d14a3daa9827fe21f0?s=96&d=mm&r=g","url":"https:\/\/secure.gravatar.com\/avatar\/ee2ce5f049e82b74bcc6b8db4c5e9c717e35544f3cde91d14a3daa9827fe21f0?s=96&d=mm&r=g","contentUrl":"https:\/\/secure.gravatar.com\/avatar\/ee2ce5f049e82b74bcc6b8db4c5e9c717e35544f3cde91d14a3daa9827fe21f0?s=96&d=mm&r=g","caption":"euncet"},"url":"https:\/\/www.euncet.com\/blog\/ca\/author\/euncet\/"}]}},"_links":{"self":[{"href":"https:\/\/www.euncet.com\/blog\/ca\/wp-json\/wp\/v2\/posts\/58651","targetHints":{"allow":["GET"]}}],"collection":[{"href":"https:\/\/www.euncet.com\/blog\/ca\/wp-json\/wp\/v2\/posts"}],"about":[{"href":"https:\/\/www.euncet.com\/blog\/ca\/wp-json\/wp\/v2\/types\/post"}],"author":[{"embeddable":true,"href":"https:\/\/www.euncet.com\/blog\/ca\/wp-json\/wp\/v2\/users\/28"}],"replies":[{"embeddable":true,"href":"https:\/\/www.euncet.com\/blog\/ca\/wp-json\/wp\/v2\/comments?post=58651"}],"version-history":[{"count":0,"href":"https:\/\/www.euncet.com\/blog\/ca\/wp-json\/wp\/v2\/posts\/58651\/revisions"}],"wp:featuredmedia":[{"embeddable":true,"href":"https:\/\/www.euncet.com\/blog\/ca\/wp-json\/wp\/v2\/media\/52844"}],"wp:attachment":[{"href":"https:\/\/www.euncet.com\/blog\/ca\/wp-json\/wp\/v2\/media?parent=58651"}],"wp:term":[{"taxonomy":"category","embeddable":true,"href":"https:\/\/www.euncet.com\/blog\/ca\/wp-json\/wp\/v2\/categories?post=58651"},{"taxonomy":"post_tag","embeddable":true,"href":"https:\/\/www.euncet.com\/blog\/ca\/wp-json\/wp\/v2\/tags?post=58651"}],"curies":[{"name":"wp","href":"https:\/\/api.w.org\/{rel}","templated":true}]}}