{"id":59296,"date":"2019-01-13T17:15:36","date_gmt":"2019-01-13T16:15:36","guid":{"rendered":"https:\/\/blog.euncet.com\/?p=59296"},"modified":"2023-06-09T13:09:30","modified_gmt":"2023-06-09T11:09:30","slug":"sortides-professionals-marqueting-digital","status":"publish","type":"post","link":"https:\/\/www.euncet.com\/blog\/ca\/sortides-professionals-marqueting-digital\/","title":{"rendered":"Les millors sortides professionals del m\u00e0rqueting digital del moment"},"content":{"rendered":"<p><span data-contrast=\"none\">La <\/span><b><span data-contrast=\"none\">transformaci\u00f3 digital<\/span><\/b><span data-contrast=\"none\"> ha fet que la pres\u00e8ncia online de les empreses sigui essencial. \u00c9s conegut per tots que si no comuniques, no existeixes, per\u00f2, Qu\u00e8 succeeix a Internet? \u00bfQualsevol pot publicar per obtenir visibilitat?<\/span><span data-ccp-props=\"{&quot;201341983&quot;:2,&quot;335559739&quot;:0,&quot;335559740&quot;:338}\">\u00a0<\/span><span data-ccp-props=\"{&quot;201341983&quot;:2,&quot;335559739&quot;:0,&quot;335559740&quot;:338}\">\u00a0<\/span><\/p><div id=\"ez-toc-container\" class=\"ez-toc-v2_0_82_2 counter-hierarchy ez-toc-counter ez-toc-custom ez-toc-container-direction\">\n<div class=\"ez-toc-title-container\">\n<p class=\"ez-toc-title\" style=\"cursor:inherit\">\u00cdNDEX DE CONTINGUTS<\/p>\n<span class=\"ez-toc-title-toggle\"><a href=\"#\" class=\"ez-toc-pull-right ez-toc-btn ez-toc-btn-xs ez-toc-btn-default ez-toc-toggle\" aria-label=\"Toggle Table of Content\"><span class=\"ez-toc-js-icon-con\"><span class=\"\"><span class=\"eztoc-hide\" style=\"display:none;\">Toggle<\/span><span class=\"ez-toc-icon-toggle-span\"><svg style=\"fill: #222222;color:#222222\" xmlns=\"http:\/\/www.w3.org\/2000\/svg\" class=\"list-377408\" width=\"20px\" height=\"20px\" viewBox=\"0 0 24 24\" fill=\"none\"><path d=\"M6 6H4v2h2V6zm14 0H8v2h12V6zM4 11h2v2H4v-2zm16 0H8v2h12v-2zM4 16h2v2H4v-2zm16 0H8v2h12v-2z\" fill=\"currentColor\"><\/path><\/svg><svg style=\"fill: #222222;color:#222222\" class=\"arrow-unsorted-368013\" xmlns=\"http:\/\/www.w3.org\/2000\/svg\" width=\"10px\" height=\"10px\" viewBox=\"0 0 24 24\" version=\"1.2\" baseProfile=\"tiny\"><path d=\"M18.2 9.3l-6.2-6.3-6.2 6.3c-.2.2-.3.4-.3.7s.1.5.3.7c.2.2.4.3.7.3h11c.3 0 .5-.1.7-.3.2-.2.3-.5.3-.7s-.1-.5-.3-.7zM5.8 14.7l6.2 6.3 6.2-6.3c.2-.2.3-.5.3-.7s-.1-.5-.3-.7c-.2-.2-.4-.3-.7-.3h-11c-.3 0-.5.1-.7.3-.2.2-.3.5-.3.7s.1.5.3.7z\"\/><\/svg><\/span><\/span><\/span><\/a><\/span><\/div>\n<nav><ul class='ez-toc-list ez-toc-list-level-1 ' ><li class='ez-toc-page-1 ez-toc-heading-level-2'><a class=\"ez-toc-link ez-toc-heading-1\" href=\"https:\/\/www.euncet.com\/blog\/ca\/sortides-professionals-marqueting-digital\/#Tens_el_que_es_necessita_per_ser_un_bon_professional_del_Marqueting_Digital\" >Tens el que es necessita\u00a0per ser un bon professional del M\u00e0rqueting Digital?\u00a0<\/a><ul class='ez-toc-list-level-3' ><li class='ez-toc-heading-level-3'><a class=\"ez-toc-link ez-toc-heading-2\" href=\"https:\/\/www.euncet.com\/blog\/ca\/sortides-professionals-marqueting-digital\/#Community_manager\" >Community manager<\/a><\/li><li class='ez-toc-page-1 ez-toc-heading-level-3'><a class=\"ez-toc-link ez-toc-heading-3\" href=\"https:\/\/www.euncet.com\/blog\/ca\/sortides-professionals-marqueting-digital\/#Social_media_manager\" >Social media manager<\/a><\/li><li class='ez-toc-page-1 ez-toc-heading-level-3'><a class=\"ez-toc-link ez-toc-heading-4\" href=\"https:\/\/www.euncet.com\/blog\/ca\/sortides-professionals-marqueting-digital\/#Especialista_en_SEO\" >Especialista en SEO<\/a><\/li><li class='ez-toc-page-1 ez-toc-heading-level-3'><a class=\"ez-toc-link ez-toc-heading-5\" href=\"https:\/\/www.euncet.com\/blog\/ca\/sortides-professionals-marqueting-digital\/#Especialista_en_SEM\" >Especialista en SEM\u00a0<\/a><\/li><li class='ez-toc-page-1 ez-toc-heading-level-3'><a class=\"ez-toc-link ez-toc-heading-6\" href=\"https:\/\/www.euncet.com\/blog\/ca\/sortides-professionals-marqueting-digital\/#Analista_web\" >Analista web<\/a><\/li><li class='ez-toc-page-1 ez-toc-heading-level-3'><a class=\"ez-toc-link ez-toc-heading-7\" href=\"https:\/\/www.euncet.com\/blog\/ca\/sortides-professionals-marqueting-digital\/#Copywriter\" >Copywriter<\/a><\/li><li class='ez-toc-page-1 ez-toc-heading-level-3'><a class=\"ez-toc-link ez-toc-heading-8\" href=\"https:\/\/www.euncet.com\/blog\/ca\/sortides-professionals-marqueting-digital\/#Redactor_de_continguts\" >Redactor de continguts<\/a><\/li><li class='ez-toc-page-1 ez-toc-heading-level-3'><a class=\"ez-toc-link ez-toc-heading-9\" href=\"https:\/\/www.euncet.com\/blog\/ca\/sortides-professionals-marqueting-digital\/#Content_curator\" >Content curator<\/a><\/li><li class='ez-toc-page-1 ez-toc-heading-level-3'><a class=\"ez-toc-link ez-toc-heading-10\" href=\"https:\/\/www.euncet.com\/blog\/ca\/sortides-professionals-marqueting-digital\/#Especialista_en_Inbound_MArketing\" >Especialista en Inbound MArketing<\/a><\/li><li class='ez-toc-page-1 ez-toc-heading-level-3'><a class=\"ez-toc-link ez-toc-heading-11\" href=\"https:\/\/www.euncet.com\/blog\/ca\/sortides-professionals-marqueting-digital\/#Digital_Marketing_Manager_Director_de_Marqueting_Digital\" >Digital Marketing Manager | Director de M\u00e0rqueting Digital<\/a><\/li><\/ul><\/li><\/ul><\/nav><\/div>\n\n<p><span data-contrast=\"none\">La bona gesti\u00f3 d&#8217;aquesta <\/span><b><span data-contrast=\"none\">pres\u00e8ncia digital<\/span><\/b><span data-contrast=\"none\"> s&#8217;ha convertit en el b\u00e9 m\u00e9s preuat per les companyies, per\u00f2, tal com succeeix en altres aspectes empresarials, requereix de professionals capacitats per gestionar-la.\u00a0<\/span><span data-ccp-props=\"{&quot;201341983&quot;:2,&quot;335559739&quot;:0,&quot;335559740&quot;:338}\">\u00a0<\/span><span data-ccp-props=\"{&quot;201341983&quot;:2,&quot;335559739&quot;:0,&quot;335559740&quot;:338}\">\u00a0<\/span><\/p>\n<p><span data-contrast=\"none\">El <\/span><b><span data-contrast=\"none\">m\u00e0rqueting digital<\/span><\/b><span data-contrast=\"none\"> \u00e9s la disciplina que se n&#8217;encarrega, per\u00f2 no nom\u00e9s consisteix a publicar contingut a la Xarxa. Hi ha un ampli ventall de perfils professionals. Despr\u00e9s de la pand\u00e8mia per la covid-19 molts negocis han hagut d&#8217;invertir per transformar els seus models a <\/span><b><span data-contrast=\"none\">l&#8217;entorn digital<\/span><\/b><span data-contrast=\"none\">. Aix\u00f2 ha suposat que hi hagi una gran demanda d&#8217;experts del sector per dur a terme aquests projectes. Si vols saber m\u00e9s sobre <\/span><a href=\"https:\/\/blog.euncet.com\/marketing-post-covid-19\/\" target=\"_blank\" rel=\"noopener noreferrer\"><span data-contrast=\"none\">l&#8217;impacte de la covid-19 en el m\u00e0rqueting descobreix el webinar impartit per Jordi Sacrist\u00e1n<\/span><\/a><span data-contrast=\"none\"> i el <\/span><a href=\"https:\/\/blog.euncet.com\/marketing-digital-webinar\/\" target=\"_blank\" rel=\"noopener noreferrer\"><span data-contrast=\"none\">webinar que va impartir Carles Argem\u00ed sobre m\u00e0rqueting digital efectiu en temps dif\u00edcils.\u00a0<\/span><\/a><span data-ccp-props=\"{&quot;201341983&quot;:2,&quot;335559739&quot;:0,&quot;335559740&quot;:338}\">\u00a0<\/span><\/p>\n<p><span data-contrast=\"none\">Ara s\u00ed, descobreix quines sortides professionals ofereix el m\u00e0rqueting digital en l&#8217;actualitat i quines s&#8217;adapten millor a tu.<\/span><span data-ccp-props=\"{&quot;201341983&quot;:2,&quot;335559739&quot;:0,&quot;335559740&quot;:338}\">\u00a0<\/span><\/p>\n<p><a href=\"https:\/\/www.euncet.com\/ca\/graus\/grau-marqueting-i-comunicacio-digital\/\" target=\"_blank\" rel=\"noopener noreferrer\"><img fetchpriority=\"high\" decoding=\"async\" class=\"aligncenter wp-image-58960 size-full\" src=\"https:\/\/blog.euncet.com\/wp-content\/uploads\/2023\/03\/MKT-H.gif\" alt=\"\" width=\"755\" height=\"240\" \/><\/a><\/p>\n<h2><span class=\"ez-toc-section\" id=\"Tens_el_que_es_necessita_per_ser_un_bon_professional_del_Marqueting_Digital\"><\/span><span style=\"font-weight: 400;\"><span class=\"TextRun SCXW144375250 BCX0\" lang=\"CA\" xml:lang=\"CA\" data-contrast=\"none\"><span class=\"NormalTextRun SCXW144375250 BCX0\">Tens el que es necessita<\/span><\/span><\/span><span style=\"font-weight: 400;\"><span class=\"TextRun SCXW144375250 BCX0\" lang=\"CA\" xml:lang=\"CA\" data-contrast=\"none\"><span class=\"NormalTextRun SCXW144375250 BCX0\">\u00a0per ser un bon professional del M\u00e0rqueting Digital?<\/span><\/span><span class=\"EOP SCXW144375250 BCX0\" data-ccp-props=\"{&quot;201341983&quot;:2,&quot;335559738&quot;:300,&quot;335559739&quot;:0,&quot;335559740&quot;:690}\">\u00a0<\/span><\/span><span class=\"ez-toc-section-end\"><\/span><\/h2>\n<p><span data-contrast=\"none\">Pblement, si t&#8217;interessa el m\u00e0rqueting digital aquesta pregunta t&#8217;estar\u00e0 rondant des de fa temps. Ara b\u00e9, actualment vivim en constant evoluci\u00f3 i canvi. Totes les empreses necessiten del m\u00e0rqueting per arribar als seus clients i m\u00e9s en el context digital en qu\u00e8 vivim avui. Hi ha una gran quantitat de <\/span><b><span data-contrast=\"none\">sortides professionals de m\u00e0rqueting a Espanya.<\/span><\/b><span data-contrast=\"auto\">\u00a0<\/span><span data-contrast=\"none\">I \u00e9s que, els <\/span><b><span data-contrast=\"none\">graus de m\u00e0rqueting<\/span><\/b><span data-contrast=\"none\"> s\u00f3n, actualment, els que tenen les taxes m\u00e9s baixes d&#8217;atur.<\/span><span data-ccp-props=\"{&quot;201341983&quot;:2,&quot;335559739&quot;:0,&quot;335559740&quot;:338}\">\u00a0<\/span><span data-ccp-props=\"{&quot;201341983&quot;:2,&quot;335559739&quot;:0,&quot;335559740&quot;:338}\">\u00a0<\/span><\/p>\n<p><span data-contrast=\"none\">No hi ha cap dubte, l&#8217;auge digital ha creat una gran varietat de <\/span><b><span data-contrast=\"none\">sortides professionals del m\u00e0rqueting digital<\/span><\/b><span data-contrast=\"none\">, que fa 10 anys ni tan sols existien, per\u00f2, Com saber si es t\u00e9 el necessari per ser un bon professional del m\u00e0rqueting digital? A continuaci\u00f3, et mostrem els perfils professionals m\u00e9s demandats i que estan en auge.\u202f<\/span><span data-ccp-props=\"{&quot;201341983&quot;:2,&quot;335559739&quot;:0,&quot;335559740&quot;:338}\">\u00a0<\/span><\/p>\n<p><img decoding=\"async\" class=\"size-full wp-image-47565 aligncenter\" src=\"https:\/\/blog.euncet.com\/wp-content\/uploads\/2019\/01\/Algunas-de-las-salidas-profesionales-del-marketing-digital.jpg\" alt=\"Algunas de las salidas profesionales del marketing digital\" width=\"750\" height=\"300\" srcset=\"https:\/\/www.euncet.com\/blog\/wp-content\/uploads\/2019\/01\/Algunas-de-las-salidas-profesionales-del-marketing-digital.jpg 750w, https:\/\/www.euncet.com\/blog\/wp-content\/uploads\/2019\/01\/Algunas-de-las-salidas-profesionales-del-marketing-digital-300x120.jpg 300w, https:\/\/www.euncet.com\/blog\/wp-content\/uploads\/2019\/01\/Algunas-de-las-salidas-profesionales-del-marketing-digital-80x32.jpg 80w\" sizes=\"(max-width: 750px) 100vw, 750px\" \/><\/p>\n<p><span class=\"TextRun SCXW87423696 BCX0\" lang=\"CA\" xml:lang=\"CA\" data-contrast=\"none\"><span class=\"NormalTextRun SCXW87423696 BCX0\">Hi ha empreses que, no nom\u00e9s aposten per incorporar el m\u00e0rqueting digital a les seves estrat\u00e8gies, sin\u00f3 que dins del seu organigrama ja inclouen un departament espec\u00edfic per a aix\u00f2.<\/span><\/span><\/p>\n<h3><span class=\"ez-toc-section\" id=\"Community_manager\"><\/span><b>Community manager<\/b><span class=\"ez-toc-section-end\"><\/span><\/h3>\n<p><span data-contrast=\"none\">La figura del <\/span><b><span data-contrast=\"none\">community manager o CM<\/span><\/b><span data-contrast=\"none\"> \u00e9s, possiblement, la m\u00e9s popularitzada. \u00c9s una de les sortides professionals del m\u00e0rqueting digital m\u00e9s reconegudes en la societat, i la m\u00e9s sol\u00b7licitada. Ara b\u00e9, qu\u00e8 \u00e9s un CM? Un community manager \u00e9s la <\/span><b><span data-contrast=\"none\">persona encarregada de gestionar i dinamitzar la participaci\u00f3 de l&#8217;empresa en les diferents xarxes socials en les quals t\u00e9 pres\u00e8ncia<\/span><\/b><span data-contrast=\"none\">. Si t&#8217;agradaria ser un enlla\u00e7 molt important entre el client i la teva organitzaci\u00f3, \u00e9s el lloc indicat per a tu.\u202f<\/span><span data-ccp-props=\"{&quot;201341983&quot;:2,&quot;335559739&quot;:0,&quot;335559740&quot;:338}\">\u00a0<\/span><span data-ccp-props=\"{&quot;201341983&quot;:2,&quot;335559739&quot;:0,&quot;335559740&quot;:338}\">\u00a0<\/span><\/p>\n<p><span data-contrast=\"none\">Molt bona part de la imatge empresarial es posa en joc i est\u00e0 a c\u00e0rrec d&#8217;aquest professional. \u00c9s l<\/span><b><span data-contrast=\"none\">&#8216;actor que uneix el p\u00fablic amb l&#8217; empresa<\/span><\/b><span data-contrast=\"none\"> i \u00e9s perfecte per <\/span><b><span data-contrast=\"none\">detectar tend\u00e8ncies i nous h\u00e0bits<\/span><\/b><span data-contrast=\"none\">, aix\u00ed com per <\/span><b><span data-contrast=\"none\">apropar la marca<\/span><\/b><span data-contrast=\"none\"> a tot el p\u00fablic mitjan\u00e7ant contingut d&#8217; inter\u00e8s.\u00a0<\/span><span data-ccp-props=\"{&quot;201341983&quot;:2,&quot;335559739&quot;:0,&quot;335559740&quot;:338}\">\u00a0<\/span><\/p>\n<p><span data-contrast=\"none\">S&#8217;encarrega de realitzar<\/span><b><span data-contrast=\"none\"> publicacions amb certa periodicitat amb contingut que afegeixi valor a l&#8217;usuari<\/span><\/b><span data-contrast=\"none\">. A m\u00e9s, \u00e9s el canal ideal per fer arribar als departaments la percepci\u00f3 que tenen els usuaris, i potencials clients, sobre la marca i els seus productes o serveis.\u202f<\/span><span data-ccp-props=\"{&quot;201341983&quot;:2,&quot;335559739&quot;:0,&quot;335559740&quot;:338}\">\u00a0<\/span><\/p>\n<h3><span class=\"ez-toc-section\" id=\"Social_media_manager\"><\/span><b>Social media manager<\/b><span class=\"ez-toc-section-end\"><\/span><\/h3>\n<p><span style=\"font-weight: 400;\"><span class=\"TextRun SCXW23992751 BCX0\" lang=\"CA\" xml:lang=\"CA\" data-contrast=\"none\"><span class=\"NormalTextRun SCXW23992751 BCX0\">\u00c9s molt com\u00fa pensar que el <\/span><\/span><strong><span class=\"TextRun SCXW23992751 BCX0\" lang=\"CA\" xml:lang=\"CA\" data-contrast=\"none\"><span class=\"NormalTextRun SCXW23992751 BCX0\">social media manager o SMM<\/span><\/span><\/strong><span class=\"TextRun SCXW23992751 BCX0\" lang=\"CA\" xml:lang=\"CA\" data-contrast=\"none\"><span class=\"NormalTextRun SCXW23992751 BCX0\"> \u00e9s el mateix que el community manager. La veritat \u00e9s que, tot i que estan vinculats de certa manera, aquest perfil va una mica m\u00e9s enll\u00e0 de la presa d&#8217;acci\u00f3 en xarxes socials. Com s&#8217;ha de tenir la tasca de <\/span><\/span><span class=\"TextRun SCXW23992751 BCX0\" lang=\"CA\" xml:lang=\"CA\" data-contrast=\"none\"><span class=\"NormalTextRun SCXW23992751 BCX0\"><strong>desenvolupar l&#8217;estrat\u00e8gia i prendre decisions sobre les accions a prendre en xarxes socials<\/strong>.<\/span> <\/span><span class=\"TextRun SCXW23992751 BCX0\" lang=\"CA\" xml:lang=\"CA\" data-contrast=\"none\"><span class=\"NormalTextRun SCXW23992751 BCX0\">Ser\u00e0s la persona encarregada d&#8217;<strong>idear <\/strong><\/span><\/span><strong><span class=\"TextRun SCXW23992751 BCX0\" lang=\"CA\" xml:lang=\"CA\" data-contrast=\"none\"><span class=\"NormalTextRun SCXW23992751 BCX0\">les estrat\u00e8gies a seguir en les campanyes de m\u00e0rqueting digital dutes a terme a les xarxes socials pel CM<\/span><\/span><\/strong><span class=\"TextRun SCXW23992751 BCX0\" lang=\"CA\" xml:lang=\"CA\" data-contrast=\"none\"><span class=\"NormalTextRun SCXW23992751 BCX0\">. Aix\u00ed doncs, a difer\u00e8ncia del CM, com SMM tindr\u00e0s m\u00e9s responsabilitats, ja que ser\u00e0s qui<\/span><\/span><strong><span class=\"TextRun SCXW23992751 BCX0\" lang=\"CA\" xml:lang=\"CA\" data-contrast=\"none\"><span class=\"NormalTextRun SCXW23992751 BCX0\"> liderar\u00e0 el pla de m\u00e0rqueting digital en xarxes socials.\u202f\u202f<\/span><\/span><span class=\"EOP SCXW23992751 BCX0\" data-ccp-props=\"{&quot;201341983&quot;:2,&quot;335559739&quot;:0,&quot;335559740&quot;:338}\">\u00a0<\/span><\/strong><\/span><\/p>\n<p><img decoding=\"async\" class=\"aligncenter wp-image-47568 size-full\" src=\"https:\/\/blog.euncet.com\/wp-content\/uploads\/2019\/01\/Especialista-en-SEO.jpg\" alt=\"Especialista en SEO - salida profesional marketing digital\" width=\"750\" height=\"300\" srcset=\"https:\/\/www.euncet.com\/blog\/wp-content\/uploads\/2019\/01\/Especialista-en-SEO.jpg 750w, https:\/\/www.euncet.com\/blog\/wp-content\/uploads\/2019\/01\/Especialista-en-SEO-300x120.jpg 300w, https:\/\/www.euncet.com\/blog\/wp-content\/uploads\/2019\/01\/Especialista-en-SEO-80x32.jpg 80w\" sizes=\"(max-width: 750px) 100vw, 750px\" \/><\/p>\n<h3><span class=\"ez-toc-section\" id=\"Especialista_en_SEO\"><\/span><b>Especialista en SEO<\/b><span class=\"ez-toc-section-end\"><\/span><\/h3>\n<p><span style=\"font-weight: 400;\"><span class=\"TextRun SCXW186926652 BCX0\" lang=\"CA\" xml:lang=\"CA\" data-contrast=\"none\"><span class=\"NormalTextRun SCXW186926652 BCX0\">Segur que has escoltat aquest terme. Saps el que significa? Parlar de <\/span><\/span><strong><span class=\"TextRun SCXW186926652 BCX0\" lang=\"CA\" xml:lang=\"CA\" data-contrast=\"none\"><span class=\"NormalTextRun SCXW186926652 BCX0\">SEO (<\/span><span class=\"NormalTextRun SCXW186926652 BCX0\">Search<\/span> <span class=\"NormalTextRun SCXW186926652 BCX0\">Engine<\/span> <span class=\"NormalTextRun SCXW186926652 BCX0\">Optimization<\/span><span class=\"NormalTextRun SCXW186926652 BCX0\">) \u00e9s fer refer\u00e8ncia a l&#8217;optimitzaci\u00f3 dels continguts en motors de recerca<\/span><\/span><\/strong><span class=\"TextRun SCXW186926652 BCX0\" lang=\"CA\" xml:lang=\"CA\" data-contrast=\"none\"><span class=\"NormalTextRun SCXW186926652 BCX0\">. Altrament dit, qu\u00e8 \u00e9s el primer que fas quan tens un dubte sobre un tema en espec\u00edfic? Cercar-lo a Internet. Vas a Google o al teu motor de recerca favorit i tractes <\/span><span class=\"NormalTextRun SCXW186926652 BCX0\">de donar resposta a la teva consulta a trav\u00e9s d&#8217;Internet. Ara b\u00e9, qu\u00e8 passa si no trobes el resultat esperat a la primera p\u00e0gina del cercador? Fas una nova recerca canviant les paraules de la teva consulta.<strong>\u202f<\/strong><\/span><\/span><strong><span class=\"TextRun SCXW186926652 BCX0\" lang=\"CA\" xml:lang=\"CA\" data-contrast=\"none\"><span class=\"NormalTextRun SCXW186926652 BCX0\">Sabies que el 91% de les persones no passa mai a la segona p\u00e0gina?<\/span><\/span><\/strong><span class=\"TextRun SCXW186926652 BCX0\" lang=\"CA\" xml:lang=\"CA\" data-contrast=\"auto\"><span class=\"NormalTextRun SCXW186926652 BCX0\">\u00a0<\/span><\/span><span class=\"TextRun SCXW186926652 BCX0\" lang=\"CA\" xml:lang=\"CA\" data-contrast=\"none\"><span class=\"NormalTextRun SCXW186926652 BCX0\"> B\u00e9. Aqu\u00ed \u00e9s on hi ha el gruix de la feina d&#8217;un especialista SEO. I \u00e9s que fer<\/span><\/span><strong><span class=\"TextRun SCXW186926652 BCX0\" lang=\"CA\" xml:lang=\"CA\" data-contrast=\"none\"><span class=\"NormalTextRun SCXW186926652 BCX0\"> que la marca, producte o empresa aparegui en els primers resultats ser\u00e0 la seva m\u00e0xima prioritat<\/span><\/span><\/strong><span class=\"TextRun SCXW186926652 BCX0\" lang=\"CA\" xml:lang=\"CA\" data-contrast=\"none\"><span class=\"NormalTextRun SCXW186926652 BCX0\"><strong>.<\/strong> Per a aix\u00f2, no tot val i \u00e9s fonamental reciclar els coneixements constantment<\/span><\/span><span class=\"TextRun SCXW186926652 BCX0\" lang=\"CA\" xml:lang=\"CA\" data-contrast=\"none\"><span class=\"NormalTextRun SCXW186926652 BCX0\">. <strong>Els algoritmes dels motors de recerca evolucionen a la par que ho fan els h\u00e0bits de la societat,<\/strong><\/span><\/span><span class=\"TextRun SCXW186926652 BCX0\" lang=\"CA\" xml:lang=\"CA\" data-contrast=\"none\"><span class=\"NormalTextRun SCXW186926652 BCX0\">\u00a0i aquest perfil requereix estar a l&#8217;\u00faltima sobre aquestes noves tend\u00e8ncies.<\/span><\/span><span class=\"EOP SCXW186926652 BCX0\" data-ccp-props=\"{&quot;201341983&quot;:2,&quot;335559739&quot;:0,&quot;335559740&quot;:338}\">\u00a0<\/span><\/span><\/p>\n<h3><span class=\"ez-toc-section\" id=\"Especialista_en_SEM\"><\/span><b>Especialista en SEM\u00a0<\/b><span class=\"ez-toc-section-end\"><\/span><\/h3>\n<p><span style=\"font-weight: 400;\"><span class=\"TextRun SCXW36208283 BCX0\" lang=\"CA\" xml:lang=\"CA\" data-contrast=\"none\"><span class=\"NormalTextRun SCXW36208283 BCX0\">Seguint amb els motors de recerca i els seus resultats, hi ha <\/span><\/span><span class=\"TextRun SCXW36208283 BCX0\" lang=\"CA\" xml:lang=\"CA\" data-contrast=\"none\"><span class=\"NormalTextRun SCXW36208283 BCX0\">meca<\/span><span class=\"NormalTextRun SCXW36208283 BCX0\">nismes de pagament que poden donar una empenta perqu\u00e8 es <\/span><span class=\"NormalTextRun SCXW36208283 BCX0\">visibilitzi<\/span><span class=\"NormalTextRun SCXW36208283 BCX0\"> m\u00e9s el teu missatge<\/span><\/span><span class=\"TextRun SCXW36208283 BCX0\" lang=\"CA\" xml:lang=\"CA\" data-contrast=\"none\"><span class=\"NormalTextRun SCXW36208283 BCX0\">. S\u00f3n una alternativa a les estrat\u00e8gies de recerca &#8216;org\u00e0nica&#8217; (gratu\u00eftes). <strong>L&#8217;especialista<\/strong><\/span><\/span><strong><span class=\"TextRun SCXW36208283 BCX0\" lang=\"CA\" xml:lang=\"CA\" data-contrast=\"none\"><span class=\"NormalTextRun SCXW36208283 BCX0\"> SEM \u00e9s l&#8217;encarregat de gestionar les estrat\u00e8gies i campanyes Socials Ads i Paid Media<\/span><\/span><\/strong><span class=\"TextRun SCXW36208283 BCX0\" lang=\"CA\" xml:lang=\"CA\" data-contrast=\"none\"><span class=\"NormalTextRun SCXW36208283 BCX0\">, entre d&#8217;altres. Dit d&#8217;una altra manera, \u00e9s <\/span><\/span><span class=\"TextRun SCXW36208283 BCX0\" lang=\"CA\" xml:lang=\"CA\" data-contrast=\"none\"><span class=\"NormalTextRun SCXW36208283 BCX0\">l&#8217;<strong>encarregat d&#8217;implementar l&#8217;estrat\u00e8gia de campanyes de pagament per pujar per les <\/strong><\/span><strong><span class=\"NormalTextRun SCXW36208283 BCX0\">keywords<\/span><span class=\"NormalTextRun SCXW36208283 BCX0\"> o paraules clau m\u00e9s buscades<\/span><\/strong><\/span><span class=\"TextRun SCXW36208283 BCX0\" lang=\"CA\" xml:lang=\"CA\" data-contrast=\"none\"><span class=\"NormalTextRun SCXW36208283 BCX0\"> i aix\u00ed<\/span><\/span><strong><span class=\"TextRun SCXW36208283 BCX0\" lang=\"CA\" xml:lang=\"CA\" data-contrast=\"none\"><span class=\"NormalTextRun SCXW36208283 BCX0\"> posicionar la marca entre els primers resultats<\/span><\/span><\/strong><span class=\"TextRun SCXW36208283 BCX0\" lang=\"CA\" xml:lang=\"CA\" data-contrast=\"none\"><span class=\"NormalTextRun SCXW36208283 BCX0\"> mostrats.\u00a0<\/span><\/span><span class=\"EOP SCXW36208283 BCX0\" data-ccp-props=\"{&quot;201341983&quot;:2,&quot;335559739&quot;:0,&quot;335559740&quot;:338}\">\u00a0<\/span><\/span><\/p>\n<p><img loading=\"lazy\" decoding=\"async\" class=\"aligncenter wp-image-47571 size-full\" src=\"https:\/\/blog.euncet.com\/wp-content\/uploads\/2019\/01\/analista-web.jpg\" alt=\"analista web - salida profesional marketing digital\" width=\"750\" height=\"300\" srcset=\"https:\/\/www.euncet.com\/blog\/wp-content\/uploads\/2019\/01\/analista-web.jpg 750w, https:\/\/www.euncet.com\/blog\/wp-content\/uploads\/2019\/01\/analista-web-300x120.jpg 300w, https:\/\/www.euncet.com\/blog\/wp-content\/uploads\/2019\/01\/analista-web-80x32.jpg 80w\" sizes=\"(max-width: 750px) 100vw, 750px\" \/><\/p>\n<h3><span class=\"ez-toc-section\" id=\"Analista_web\"><\/span><b>Analista web<\/b><span class=\"ez-toc-section-end\"><\/span><\/h3>\n<p><span data-contrast=\"none\">La figura de <\/span><b><span data-contrast=\"none\">l&#8217;analista web<\/span><\/b><span data-contrast=\"none\"> est\u00e0 enfocada per a aquells amants de les dades. Aquest perfil professional \u00e9s l<\/span><b><span data-contrast=\"none\">&#8216;encarregat de mesurar, recollir i analitzar totes les dades que s\u00f3n necess\u00e0ries per verificar el compliment dels objectius marcats<\/span><\/b><span data-contrast=\"none\">. L&#8217;anal\u00edtica web \u00e9s una <\/span><b><span data-contrast=\"none\">eina essencial per detectar els punts febles de la pres\u00e8ncia online de la companyia<\/span><\/b><span data-contrast=\"none\">, aix\u00ed com un recurs per <\/span><b><span data-contrast=\"none\">analitzar tend\u00e8ncies i explotar les oportunitats<\/span><\/b><span data-contrast=\"none\">.\u00a0<\/span><span data-ccp-props=\"{&quot;201341983&quot;:2,&quot;335559739&quot;:0,&quot;335559740&quot;:338}\">\u00a0<\/span><\/p>\n<p><span data-contrast=\"none\">Aix\u00ed doncs, <\/span><b><span data-contrast=\"none\">com a analista web haur\u00e0s de mesurar, processar, analitzar i reportar el tr\u00e0nsit d&#8217;internet per tal d&#8217;optimitzar les accions digitals<\/span><\/b><span data-contrast=\"none\">. Una bona an\u00e0lisi et permetr\u00e0, a m\u00e9s d&#8217;optimitzar <\/span><b><span data-contrast=\"none\">la p\u00e0gina web, vendre o captar m\u00e9s clients, millorar les accions de m\u00e0rqueting i identificar l&#8217;audi\u00e8ncia correcta<\/span><\/b><span data-contrast=\"none\"> per al teu negoci.<\/span><span data-ccp-props=\"{&quot;201341983&quot;:2,&quot;335559739&quot;:0,&quot;335559740&quot;:338}\">\u00a0<\/span><\/p>\n<h3><span class=\"ez-toc-section\" id=\"Copywriter\"><\/span><b>Copywriter<\/b><span class=\"ez-toc-section-end\"><\/span><\/h3>\n<p><span style=\"font-weight: 400;\"><span class=\"TextRun SCXW232451812 BCX0\" lang=\"CA\" xml:lang=\"CA\" data-contrast=\"none\"><span class=\"NormalTextRun SCXW232451812 BCX0\">T&#8217;adones del que va aix\u00f2? En m\u00e0rqueting digital has de ser visible per als teus clients. I tot, fins al m\u00e9s m\u00ednim detall, \u00e9s tingut en compte. Tant la forma com el contingut \u00e9s important. Davant tanta compet\u00e8ncia s&#8217; ha de tenir cura dels missatges que es publiquen. Per a aix\u00f2, la figura del <\/span><\/span><span class=\"TextRun SCXW232451812 BCX0\" lang=\"CA\" xml:lang=\"CA\" data-contrast=\"none\"><span class=\"NormalTextRun SCXW232451812 BCX0\">copywriter<\/span><\/span><span class=\"TextRun SCXW232451812 BCX0\" lang=\"CA\" xml:lang=\"CA\" data-contrast=\"none\"><span class=\"NormalTextRun SCXW232451812 BCX0\"> \u00e9s fonamental. Aquest perfil <\/span><\/span><span class=\"TextRun SCXW232451812 BCX0\" lang=\"CA\" xml:lang=\"CA\" data-contrast=\"none\"><span class=\"NormalTextRun SCXW232451812 BCX0\"><strong>ha de tenir una gran capacitat de s\u00edntesi, aix\u00ed com un vocabulari ric i un excel\u00b7lent domini de l&#8217;escriptura<\/strong>.\u00a0<\/span><\/span><span class=\"TextRun SCXW232451812 BCX0\" lang=\"CA\" xml:lang=\"CA\" data-contrast=\"none\"><span class=\"NormalTextRun SCXW232451812 BCX0\">\u00c9s la persona <\/span><\/span><strong><span class=\"TextRun SCXW232451812 BCX0\" lang=\"CA\" xml:lang=\"CA\" data-contrast=\"none\"><span class=\"NormalTextRun SCXW232451812 BCX0\">encarregada de donar forma als missatges amb creativitat, atracci\u00f3 i correcci\u00f3 ling\u00fc\u00edstica<\/span><\/span><span class=\"TextRun SCXW232451812 BCX0\" lang=\"CA\" xml:lang=\"CA\" data-contrast=\"none\"><span class=\"NormalTextRun SCXW232451812 BCX0\">.\u00a0<\/span><\/span><span class=\"EOP SCXW232451812 BCX0\" data-ccp-props=\"{&quot;201341983&quot;:2,&quot;335559739&quot;:0,&quot;335559740&quot;:338}\">\u00a0<\/span><\/strong><\/span><\/p>\n<p><img loading=\"lazy\" decoding=\"async\" class=\"aligncenter wp-image-47574 size-full\" src=\"https:\/\/blog.euncet.com\/wp-content\/uploads\/2019\/01\/community-manager.jpg\" alt=\"Redactor de contenido - salida profesional marketing digital\" width=\"750\" height=\"300\" srcset=\"https:\/\/www.euncet.com\/blog\/wp-content\/uploads\/2019\/01\/community-manager.jpg 750w, https:\/\/www.euncet.com\/blog\/wp-content\/uploads\/2019\/01\/community-manager-300x120.jpg 300w, https:\/\/www.euncet.com\/blog\/wp-content\/uploads\/2019\/01\/community-manager-80x32.jpg 80w\" sizes=\"(max-width: 750px) 100vw, 750px\" \/><\/p>\n<h3><span class=\"ez-toc-section\" id=\"Redactor_de_continguts\"><\/span><b>Redactor de continguts<\/b><span class=\"ez-toc-section-end\"><\/span><\/h3>\n<p><span data-contrast=\"none\">Continuem amb la import\u00e0ncia dels textos i del bon maneig del vocabulari.\u202f<\/span><b><span data-contrast=\"none\">Si b\u00e9 el contingut \u00e9s el rei, el redactor de continguts \u00e9s el seu vassall<\/span><\/b><span data-contrast=\"none\">. Aquesta figura \u00e9s l&#8217;encarregada <\/span><b><span data-contrast=\"none\">d&#8217;aportar valor als usuaris amb contingut de qualitat i que els resulti d&#8217;inter\u00e8s<\/span><\/b><span data-contrast=\"none\">. Ha d&#8217;<\/span><b><span data-contrast=\"none\">atreure<\/span><\/b><span data-contrast=\"none\"> amb les seves publicacions els usuaris. Per <\/span><b><span data-contrast=\"none\">guanyar visibilitat<\/span><\/b><span data-contrast=\"none\"> i, per tant, <\/span><b><span data-contrast=\"none\">pres\u00e8ncia en els motors de recerca \u00e9s imprescindible crear contingut de qualitat constantment<\/span><\/b><span data-contrast=\"none\">. \u00c9s una cursa de fons sense final que permetr\u00e0 als cercadors recopilar dades sobre la marca i escalar-la entre els seus \u00edndexs de resultats.\u202f<\/span><span data-ccp-props=\"{&quot;201341983&quot;:2,&quot;335559739&quot;:0,&quot;335559740&quot;:338}\">\u00a0<\/span><\/p>\n<p><span data-contrast=\"none\">Sent redactor de continguts explotar\u00e0s les teves habilitats ling\u00fc\u00edstiques en pro d&#8217;una bona estrat\u00e8gia de m\u00e0rqueting digital.<\/span><span data-ccp-props=\"{&quot;201341983&quot;:2,&quot;335559739&quot;:0,&quot;335559740&quot;:338}\">\u00a0<\/span><\/p>\n<h3><span class=\"ez-toc-section\" id=\"Content_curator\"><\/span><b>Content curator<\/b><span class=\"ez-toc-section-end\"><\/span><\/h3>\n<p><span data-contrast=\"none\">Seguint amb el que es coneix com a <\/span><a href=\"https:\/\/blog.euncet.com\/marketing-de-contenidos-posicionamiento-web\/\"><b><span data-contrast=\"none\">m\u00e0rqueting de continguts<\/span><\/b><\/a><span data-contrast=\"none\">, el content curator \u00e9s un altre dels perfils als quals pots aspirar si vols treballar en el m\u00e0rqueting digital. Com\u00a0<\/span><span data-contrast=\"auto\"> a <\/span><b><span data-contrast=\"none\">content curator, documentalista per a molts<\/span><\/b><span data-contrast=\"none\">, tindr\u00e0s com a missi\u00f3<\/span><b><span data-contrast=\"none\"> saber quin \u00e9s el contingut m\u00e9s rellevant i de millor qualitat per atraure el teu p\u00fablic objectiu<\/span><\/b><span data-contrast=\"none\">. \u00c9s a dir, actuar\u00e0s com <\/span><b><span data-contrast=\"none\">a filtre que fa control de qualitat<\/span><\/b><span data-contrast=\"none\">, aconseguint veracitat i augmentant la confian\u00e7a dels usuaris, un b\u00e9 cada vegada m\u00e9s preuat.\u00a0<\/span><span data-ccp-props=\"{&quot;201341983&quot;:2,&quot;335559739&quot;:0,&quot;335559740&quot;:338}\">\u00a0<\/span><span data-ccp-props=\"{&quot;201341983&quot;:2,&quot;335559739&quot;:0,&quot;335559740&quot;:338}\">\u00a0<\/span><\/p>\n<p><span data-contrast=\"none\">Aquest perfil \u00e9s interessant ja que qualsevol persona que tingui acc\u00e9s a Internet pot publicar o rebre qualsevol tipus d&#8217; informaci\u00f3.\u202f<\/span><b><span data-contrast=\"none\">Saber detectar fake news o contingut dubt\u00f3s, aix\u00ed com publicar contingut verificat, \u00e9s un dels aspectes m\u00e9s valorats pels usuaris.\u00a0<\/span><\/b><span data-ccp-props=\"{&quot;201341983&quot;:2,&quot;335559739&quot;:0,&quot;335559740&quot;:338}\">\u00a0<\/span><\/p>\n<p><img loading=\"lazy\" decoding=\"async\" class=\"aligncenter wp-image-47577 size-full\" src=\"https:\/\/blog.euncet.com\/wp-content\/uploads\/2019\/01\/content-curator.jpg\" alt=\"Content curator\" width=\"750\" height=\"300\" srcset=\"https:\/\/www.euncet.com\/blog\/wp-content\/uploads\/2019\/01\/content-curator.jpg 750w, https:\/\/www.euncet.com\/blog\/wp-content\/uploads\/2019\/01\/content-curator-300x120.jpg 300w, https:\/\/www.euncet.com\/blog\/wp-content\/uploads\/2019\/01\/content-curator-80x32.jpg 80w\" sizes=\"(max-width: 750px) 100vw, 750px\" \/><\/p>\n<h3><span class=\"ez-toc-section\" id=\"Especialista_en_Inbound_MArketing\"><\/span><b>Especialista en Inbound MArketing<\/b><span class=\"ez-toc-section-end\"><\/span><\/h3>\n<p><span data-contrast=\"none\">Un altre dels perfils dedicats al <\/span><b><span data-contrast=\"none\">m\u00e0rqueting de contingut<\/span><\/b><span data-contrast=\"none\"> \u00e9s l&#8217;especialista <\/span><span data-contrast=\"none\">inbound marketing<\/span><span data-contrast=\"none\">. Basant-se en <\/span><b><span data-contrast=\"none\">t\u00e8cniques de m\u00e0rqueting i publicitat no intrusiva<\/span><\/b><span data-contrast=\"none\">, aquest especialista s&#8217;encarrega de <\/span><b><span data-contrast=\"none\">contactar amb un usuari i roman amb ell durant tot el proc\u00e9s de venda<\/span><\/b><span data-contrast=\"none\">. L&#8217;inbound m\u00e0rqueting es basa a <\/span><b><span data-contrast=\"none\">atraure clients mitjan\u00e7ant contingut \u00fatil i rellevant<\/span><\/b><span data-contrast=\"none\"> durant tota l&#8217;experi\u00e8ncia de l&#8217;usuari fins a convertir-se en comprador. Una de les estrat\u00e8gies m\u00e9s conegudes \u00e9s <\/span><a href=\"https:\/\/blog.euncet.com\/estrategia-de-email-marketing-triunfar\/\"><span data-contrast=\"none\">l&#8217;emai<\/span><\/a><span data-contrast=\"none\">l<\/span><a href=\"https:\/\/blog.euncet.com\/estrategia-de-email-marketing-triunfar\/\"><span data-contrast=\"none\"> m<\/span><\/a>arketing<span data-contrast=\"none\">.\u00a0<\/span><span data-ccp-props=\"{&quot;201341983&quot;:2,&quot;335559739&quot;:0,&quot;335559740&quot;:338}\">\u00a0<\/span><span data-ccp-props=\"{&quot;201341983&quot;:2,&quot;335559739&quot;:0,&quot;335559740&quot;:338}\">\u00a0<\/span><\/p>\n<p><span data-contrast=\"none\">Sempre<\/span><b><span data-contrast=\"none\"> de forma amigable<\/span><\/b><span data-contrast=\"none\">, els mecanismes utilitzats en l&#8217;inbound m\u00e0rqueting<\/span><b><span data-contrast=\"none\"> permeten crear estrat\u00e8gies per fidelitzar els clients<\/span><\/b><span data-contrast=\"none\">. Com a especialista en inbound m\u00e0rqueting ser\u00e0s l&#8217;encarregat de gestionar l&#8217;estrat\u00e8gia per captar clients sense ser intrusiu. Per a aix\u00f2, far\u00e0s un bon \u00fas dels continguts basant-te a <\/span><b><span data-contrast=\"none\">atraure usuaris, convertir-los en oportunitats de venda, tancar-lo afegint la seva informaci\u00f3 a les teves bases de dades i fidelitzar-los amb accions que siguin del seu inter\u00e8s.\u00a0<\/span><\/b><span data-ccp-props=\"{&quot;201341983&quot;:2,&quot;335559739&quot;:0,&quot;335559740&quot;:338}\">\u00a0<\/span><\/p>\n<h3><span class=\"ez-toc-section\" id=\"Digital_Marketing_Manager_Director_de_Marqueting_Digital\"><\/span><b>Digital Marketing Manager | Director de M\u00e0rqueting Digital<\/b><span class=\"ez-toc-section-end\"><\/span><\/h3>\n<p><span data-contrast=\"none\">Finalment, trobem el <\/span><a href=\"https:\/\/blog.euncet.com\/digital-marketing-manager-cual-es-su-funcion-en-la-empresa\/\" target=\"_blank\" rel=\"noopener noreferrer\"><b><span data-contrast=\"none\">digital m\u00e0rqueting manager o director de m\u00e0rqueting digital<\/span><\/b><\/a><span data-contrast=\"none\">. Aquest perfil \u00e9s la sortida professional del m\u00e0rqueting digital que <\/span><b><span data-contrast=\"none\">m\u00e9s responsabilitat t\u00e9 dins del departament<\/span><\/b><span data-contrast=\"none\">, i \u00e9s qui reportar\u00e0 a la resta de directius. Aquest lloc de <\/span><b><span data-contrast=\"none\">treball\u00e9s una gran capacitat de gesti\u00f3 i un excel\u00b7lent lideratge<\/span><\/b><span data-contrast=\"none\">. Com a director de departament ser\u00e0s el <\/span><b><span data-contrast=\"none\">m\u00e0xim responsable de tot l&#8217;equip i de totes les accions que es duguin a terme dins del pla de m\u00e0rqueting<\/span><\/b><span data-contrast=\"none\"> i <\/span><b><span data-contrast=\"none\">comunicaci\u00f3 online.<\/span><\/b><span data-ccp-props=\"{&quot;201341983&quot;:2,&quot;335559739&quot;:0,&quot;335559740&quot;:338}\">\u00a0<\/span><\/p>\n<p><span data-ccp-props=\"{&quot;201341983&quot;:2,&quot;335559739&quot;:0,&quot;335559740&quot;:338}\">\u00a0<\/span><span data-contrast=\"none\">Com veus, s\u00f3n moltes les sortides professionals dins del m\u00f3n del m\u00e0rqueting digital. Per\u00f2 com hem dit al principi, el canvi \u00e9s la constant. Segurament, apareixeran amb el temps noves sortides professionals que remullaran les actuals. Si vols formar part d&#8217;un dels sectors amb m\u00e9s ocupabilitat, no ho dubtis. Forma\u2019t amb el <\/span><a href=\"https:\/\/www.euncet.com\/ca\/graus\/grau-marqueting-i-comunicacio-digital\/\" target=\"_blank\" rel=\"noopener noreferrer\"><b><span data-contrast=\"none\">grau universitari en M\u00e0rqueting i Comunicaci\u00f3 Digital<\/span><\/b><\/a> <b><span data-contrast=\"none\">de l&#8217;Euncet Business School<\/span><\/b><span data-contrast=\"none\"> i \u00a1lidera la revoluci\u00f3 digital!<\/span><span data-ccp-props=\"{&quot;201341983&quot;:2,&quot;335559739&quot;:30,&quot;335559740&quot;:338}\">\u00a0<\/span><\/p>\n","protected":false},"excerpt":{"rendered":"<p>La transformaci\u00f3 digital ha fet que la pres\u00e8ncia online de les empreses sigui essencial. \u00c9s conegut per tots que si no comuniques, no existeixes, per\u00f2, Qu\u00e8 succeeix a Internet? \u00bfQualsevol pot publicar per obtenir visibilitat?\u00a0\u00a0 La bona gesti\u00f3 d&#8217;aquesta pres\u00e8ncia digital s&#8217;ha convertit en el b\u00e9 m\u00e9s preuat per les companyies, per\u00f2, tal com succeeix [&hellip;]<\/p>\n","protected":false},"author":28,"featured_media":38035,"comment_status":"closed","ping_status":"open","sticky":false,"template":"","format":"standard","meta":{"_acf_changed":false,"footnotes":""},"categories":[454],"tags":[480],"class_list":["post-59296","post","type-post","status-publish","format-standard","has-post-thumbnail","hentry","category-marqueting-comunicacio-i-vendes","tag-marketing-digital-ca"],"acf":[],"yoast_head":"<!-- This site is optimized with the Yoast SEO plugin v27.4 - https:\/\/yoast.com\/product\/yoast-seo-wordpress\/ -->\n<title>Sortides professionals del m\u00e0rqueting digital | Blog Euncet<\/title>\n<meta name=\"description\" content=\"Despr\u00e9s de la pand\u00e8mia, la transformaci\u00f3 digital s&#039;ha convertit en una obligaci\u00f3. Descobreix les sortides professionals en m\u00e0rqueting digital.\" \/>\n<meta name=\"robots\" content=\"index, follow, max-snippet:-1, max-image-preview:large, max-video-preview:-1\" \/>\n<link rel=\"canonical\" href=\"https:\/\/www.euncet.com\/blog\/ca\/sortides-professionals-marqueting-digital\/\" \/>\n<meta property=\"og:locale\" content=\"ca_ES\" \/>\n<meta property=\"og:type\" content=\"article\" \/>\n<meta property=\"og:title\" content=\"Sortides professionals del m\u00e0rqueting digital | Blog Euncet\" \/>\n<meta property=\"og:description\" content=\"Despr\u00e9s de la pand\u00e8mia, la transformaci\u00f3 digital s&#039;ha convertit en una obligaci\u00f3. Descobreix les sortides professionals en m\u00e0rqueting digital.\" \/>\n<meta property=\"og:url\" content=\"https:\/\/www.euncet.com\/blog\/ca\/sortides-professionals-marqueting-digital\/\" \/>\n<meta property=\"og:site_name\" content=\"Euncet Business School\" \/>\n<meta property=\"article:publisher\" content=\"https:\/\/www.facebook.com\/euncet\" \/>\n<meta property=\"article:published_time\" content=\"2019-01-13T16:15:36+00:00\" \/>\n<meta property=\"article:modified_time\" content=\"2023-06-09T11:09:30+00:00\" \/>\n<meta property=\"og:image\" content=\"https:\/\/www.euncet.com\/blog\/wp-content\/uploads\/2019\/02\/las-mejores-salidas-profesionales-del-marketing-digital-del-momento.jpg\" \/>\n\t<meta property=\"og:image:width\" content=\"1000\" \/>\n\t<meta property=\"og:image:height\" content=\"667\" \/>\n\t<meta property=\"og:image:type\" content=\"image\/jpeg\" \/>\n<meta name=\"author\" content=\"euncet\" \/>\n<meta name=\"twitter:card\" content=\"summary_large_image\" \/>\n<meta name=\"twitter:creator\" content=\"@euncet\" \/>\n<meta name=\"twitter:site\" content=\"@euncet\" \/>\n<meta name=\"twitter:label1\" content=\"Escrit per\" \/>\n\t<meta name=\"twitter:data1\" content=\"euncet\" \/>\n\t<meta name=\"twitter:label2\" content=\"Temps estimat de lectura\" \/>\n\t<meta name=\"twitter:data2\" content=\"9 minuts\" \/>\n<script type=\"application\/ld+json\" class=\"yoast-schema-graph\">{\"@context\":\"https:\\\/\\\/schema.org\",\"@graph\":[{\"@type\":\"Article\",\"@id\":\"https:\\\/\\\/www.euncet.com\\\/blog\\\/ca\\\/sortides-professionals-marqueting-digital\\\/#article\",\"isPartOf\":{\"@id\":\"https:\\\/\\\/www.euncet.com\\\/blog\\\/ca\\\/sortides-professionals-marqueting-digital\\\/\"},\"author\":{\"name\":\"euncet\",\"@id\":\"https:\\\/\\\/www.euncet.com\\\/blog\\\/ca\\\/#\\\/schema\\\/person\\\/8253e592273eb1f7a48788902ca03268\"},\"headline\":\"Les millors sortides professionals del m\u00e0rqueting digital del moment\",\"datePublished\":\"2019-01-13T16:15:36+00:00\",\"dateModified\":\"2023-06-09T11:09:30+00:00\",\"mainEntityOfPage\":{\"@id\":\"https:\\\/\\\/www.euncet.com\\\/blog\\\/ca\\\/sortides-professionals-marqueting-digital\\\/\"},\"wordCount\":1889,\"image\":{\"@id\":\"https:\\\/\\\/www.euncet.com\\\/blog\\\/ca\\\/sortides-professionals-marqueting-digital\\\/#primaryimage\"},\"thumbnailUrl\":\"https:\\\/\\\/www.euncet.com\\\/blog\\\/wp-content\\\/uploads\\\/2019\\\/02\\\/las-mejores-salidas-profesionales-del-marketing-digital-del-momento.jpg\",\"keywords\":[\"Marketing Digital\"],\"articleSection\":[\"M\u00e0rqueting, Comunicaci\u00f3 i Vendes\"],\"inLanguage\":\"ca\"},{\"@type\":\"WebPage\",\"@id\":\"https:\\\/\\\/www.euncet.com\\\/blog\\\/ca\\\/sortides-professionals-marqueting-digital\\\/\",\"url\":\"https:\\\/\\\/www.euncet.com\\\/blog\\\/ca\\\/sortides-professionals-marqueting-digital\\\/\",\"name\":\"Sortides professionals del m\u00e0rqueting digital | Blog Euncet\",\"isPartOf\":{\"@id\":\"https:\\\/\\\/www.euncet.com\\\/blog\\\/ca\\\/#website\"},\"primaryImageOfPage\":{\"@id\":\"https:\\\/\\\/www.euncet.com\\\/blog\\\/ca\\\/sortides-professionals-marqueting-digital\\\/#primaryimage\"},\"image\":{\"@id\":\"https:\\\/\\\/www.euncet.com\\\/blog\\\/ca\\\/sortides-professionals-marqueting-digital\\\/#primaryimage\"},\"thumbnailUrl\":\"https:\\\/\\\/www.euncet.com\\\/blog\\\/wp-content\\\/uploads\\\/2019\\\/02\\\/las-mejores-salidas-profesionales-del-marketing-digital-del-momento.jpg\",\"datePublished\":\"2019-01-13T16:15:36+00:00\",\"dateModified\":\"2023-06-09T11:09:30+00:00\",\"author\":{\"@id\":\"https:\\\/\\\/www.euncet.com\\\/blog\\\/ca\\\/#\\\/schema\\\/person\\\/8253e592273eb1f7a48788902ca03268\"},\"description\":\"Despr\u00e9s de la pand\u00e8mia, la transformaci\u00f3 digital s'ha convertit en una obligaci\u00f3. Descobreix les sortides professionals en m\u00e0rqueting digital.\",\"breadcrumb\":{\"@id\":\"https:\\\/\\\/www.euncet.com\\\/blog\\\/ca\\\/sortides-professionals-marqueting-digital\\\/#breadcrumb\"},\"inLanguage\":\"ca\",\"potentialAction\":[{\"@type\":\"ReadAction\",\"target\":[\"https:\\\/\\\/www.euncet.com\\\/blog\\\/ca\\\/sortides-professionals-marqueting-digital\\\/\"]}]},{\"@type\":\"ImageObject\",\"inLanguage\":\"ca\",\"@id\":\"https:\\\/\\\/www.euncet.com\\\/blog\\\/ca\\\/sortides-professionals-marqueting-digital\\\/#primaryimage\",\"url\":\"https:\\\/\\\/www.euncet.com\\\/blog\\\/wp-content\\\/uploads\\\/2019\\\/02\\\/las-mejores-salidas-profesionales-del-marketing-digital-del-momento.jpg\",\"contentUrl\":\"https:\\\/\\\/www.euncet.com\\\/blog\\\/wp-content\\\/uploads\\\/2019\\\/02\\\/las-mejores-salidas-profesionales-del-marketing-digital-del-momento.jpg\",\"width\":1000,\"height\":667,\"caption\":\"Digital Gadget Innovation Sharing Media Concept\"},{\"@type\":\"BreadcrumbList\",\"@id\":\"https:\\\/\\\/www.euncet.com\\\/blog\\\/ca\\\/sortides-professionals-marqueting-digital\\\/#breadcrumb\",\"itemListElement\":[{\"@type\":\"ListItem\",\"position\":1,\"name\":\"Portada\",\"item\":\"https:\\\/\\\/www.euncet.com\\\/blog\\\/ca\\\/\"},{\"@type\":\"ListItem\",\"position\":2,\"name\":\"Les millors sortides professionals del m\u00e0rqueting digital del moment\"}]},{\"@type\":\"WebSite\",\"@id\":\"https:\\\/\\\/www.euncet.com\\\/blog\\\/ca\\\/#website\",\"url\":\"https:\\\/\\\/www.euncet.com\\\/blog\\\/ca\\\/\",\"name\":\"Euncet Business School\",\"description\":\"Escuela de negocios\",\"potentialAction\":[{\"@type\":\"SearchAction\",\"target\":{\"@type\":\"EntryPoint\",\"urlTemplate\":\"https:\\\/\\\/www.euncet.com\\\/blog\\\/ca\\\/?s={search_term_string}\"},\"query-input\":{\"@type\":\"PropertyValueSpecification\",\"valueRequired\":true,\"valueName\":\"search_term_string\"}}],\"inLanguage\":\"ca\"},{\"@type\":\"Person\",\"@id\":\"https:\\\/\\\/www.euncet.com\\\/blog\\\/ca\\\/#\\\/schema\\\/person\\\/8253e592273eb1f7a48788902ca03268\",\"name\":\"euncet\",\"image\":{\"@type\":\"ImageObject\",\"inLanguage\":\"ca\",\"@id\":\"https:\\\/\\\/secure.gravatar.com\\\/avatar\\\/ee2ce5f049e82b74bcc6b8db4c5e9c717e35544f3cde91d14a3daa9827fe21f0?s=96&d=mm&r=g\",\"url\":\"https:\\\/\\\/secure.gravatar.com\\\/avatar\\\/ee2ce5f049e82b74bcc6b8db4c5e9c717e35544f3cde91d14a3daa9827fe21f0?s=96&d=mm&r=g\",\"contentUrl\":\"https:\\\/\\\/secure.gravatar.com\\\/avatar\\\/ee2ce5f049e82b74bcc6b8db4c5e9c717e35544f3cde91d14a3daa9827fe21f0?s=96&d=mm&r=g\",\"caption\":\"euncet\"},\"url\":\"https:\\\/\\\/www.euncet.com\\\/blog\\\/ca\\\/author\\\/euncet\\\/\"}]}<\/script>\n<!-- \/ Yoast SEO plugin. -->","yoast_head_json":{"title":"Sortides professionals del m\u00e0rqueting digital | Blog Euncet","description":"Despr\u00e9s de la pand\u00e8mia, la transformaci\u00f3 digital s'ha convertit en una obligaci\u00f3. Descobreix les sortides professionals en m\u00e0rqueting digital.","robots":{"index":"index","follow":"follow","max-snippet":"max-snippet:-1","max-image-preview":"max-image-preview:large","max-video-preview":"max-video-preview:-1"},"canonical":"https:\/\/www.euncet.com\/blog\/ca\/sortides-professionals-marqueting-digital\/","og_locale":"ca_ES","og_type":"article","og_title":"Sortides professionals del m\u00e0rqueting digital | Blog Euncet","og_description":"Despr\u00e9s de la pand\u00e8mia, la transformaci\u00f3 digital s'ha convertit en una obligaci\u00f3. Descobreix les sortides professionals en m\u00e0rqueting digital.","og_url":"https:\/\/www.euncet.com\/blog\/ca\/sortides-professionals-marqueting-digital\/","og_site_name":"Euncet Business School","article_publisher":"https:\/\/www.facebook.com\/euncet","article_published_time":"2019-01-13T16:15:36+00:00","article_modified_time":"2023-06-09T11:09:30+00:00","og_image":[{"width":1000,"height":667,"url":"https:\/\/www.euncet.com\/blog\/wp-content\/uploads\/2019\/02\/las-mejores-salidas-profesionales-del-marketing-digital-del-momento.jpg","type":"image\/jpeg"}],"author":"euncet","twitter_card":"summary_large_image","twitter_creator":"@euncet","twitter_site":"@euncet","twitter_misc":{"Escrit per":"euncet","Temps estimat de lectura":"9 minuts"},"schema":{"@context":"https:\/\/schema.org","@graph":[{"@type":"Article","@id":"https:\/\/www.euncet.com\/blog\/ca\/sortides-professionals-marqueting-digital\/#article","isPartOf":{"@id":"https:\/\/www.euncet.com\/blog\/ca\/sortides-professionals-marqueting-digital\/"},"author":{"name":"euncet","@id":"https:\/\/www.euncet.com\/blog\/ca\/#\/schema\/person\/8253e592273eb1f7a48788902ca03268"},"headline":"Les millors sortides professionals del m\u00e0rqueting digital del moment","datePublished":"2019-01-13T16:15:36+00:00","dateModified":"2023-06-09T11:09:30+00:00","mainEntityOfPage":{"@id":"https:\/\/www.euncet.com\/blog\/ca\/sortides-professionals-marqueting-digital\/"},"wordCount":1889,"image":{"@id":"https:\/\/www.euncet.com\/blog\/ca\/sortides-professionals-marqueting-digital\/#primaryimage"},"thumbnailUrl":"https:\/\/www.euncet.com\/blog\/wp-content\/uploads\/2019\/02\/las-mejores-salidas-profesionales-del-marketing-digital-del-momento.jpg","keywords":["Marketing Digital"],"articleSection":["M\u00e0rqueting, Comunicaci\u00f3 i Vendes"],"inLanguage":"ca"},{"@type":"WebPage","@id":"https:\/\/www.euncet.com\/blog\/ca\/sortides-professionals-marqueting-digital\/","url":"https:\/\/www.euncet.com\/blog\/ca\/sortides-professionals-marqueting-digital\/","name":"Sortides professionals del m\u00e0rqueting digital | Blog Euncet","isPartOf":{"@id":"https:\/\/www.euncet.com\/blog\/ca\/#website"},"primaryImageOfPage":{"@id":"https:\/\/www.euncet.com\/blog\/ca\/sortides-professionals-marqueting-digital\/#primaryimage"},"image":{"@id":"https:\/\/www.euncet.com\/blog\/ca\/sortides-professionals-marqueting-digital\/#primaryimage"},"thumbnailUrl":"https:\/\/www.euncet.com\/blog\/wp-content\/uploads\/2019\/02\/las-mejores-salidas-profesionales-del-marketing-digital-del-momento.jpg","datePublished":"2019-01-13T16:15:36+00:00","dateModified":"2023-06-09T11:09:30+00:00","author":{"@id":"https:\/\/www.euncet.com\/blog\/ca\/#\/schema\/person\/8253e592273eb1f7a48788902ca03268"},"description":"Despr\u00e9s de la pand\u00e8mia, la transformaci\u00f3 digital s'ha convertit en una obligaci\u00f3. Descobreix les sortides professionals en m\u00e0rqueting digital.","breadcrumb":{"@id":"https:\/\/www.euncet.com\/blog\/ca\/sortides-professionals-marqueting-digital\/#breadcrumb"},"inLanguage":"ca","potentialAction":[{"@type":"ReadAction","target":["https:\/\/www.euncet.com\/blog\/ca\/sortides-professionals-marqueting-digital\/"]}]},{"@type":"ImageObject","inLanguage":"ca","@id":"https:\/\/www.euncet.com\/blog\/ca\/sortides-professionals-marqueting-digital\/#primaryimage","url":"https:\/\/www.euncet.com\/blog\/wp-content\/uploads\/2019\/02\/las-mejores-salidas-profesionales-del-marketing-digital-del-momento.jpg","contentUrl":"https:\/\/www.euncet.com\/blog\/wp-content\/uploads\/2019\/02\/las-mejores-salidas-profesionales-del-marketing-digital-del-momento.jpg","width":1000,"height":667,"caption":"Digital Gadget Innovation Sharing Media Concept"},{"@type":"BreadcrumbList","@id":"https:\/\/www.euncet.com\/blog\/ca\/sortides-professionals-marqueting-digital\/#breadcrumb","itemListElement":[{"@type":"ListItem","position":1,"name":"Portada","item":"https:\/\/www.euncet.com\/blog\/ca\/"},{"@type":"ListItem","position":2,"name":"Les millors sortides professionals del m\u00e0rqueting digital del moment"}]},{"@type":"WebSite","@id":"https:\/\/www.euncet.com\/blog\/ca\/#website","url":"https:\/\/www.euncet.com\/blog\/ca\/","name":"Euncet Business School","description":"Escuela de negocios","potentialAction":[{"@type":"SearchAction","target":{"@type":"EntryPoint","urlTemplate":"https:\/\/www.euncet.com\/blog\/ca\/?s={search_term_string}"},"query-input":{"@type":"PropertyValueSpecification","valueRequired":true,"valueName":"search_term_string"}}],"inLanguage":"ca"},{"@type":"Person","@id":"https:\/\/www.euncet.com\/blog\/ca\/#\/schema\/person\/8253e592273eb1f7a48788902ca03268","name":"euncet","image":{"@type":"ImageObject","inLanguage":"ca","@id":"https:\/\/secure.gravatar.com\/avatar\/ee2ce5f049e82b74bcc6b8db4c5e9c717e35544f3cde91d14a3daa9827fe21f0?s=96&d=mm&r=g","url":"https:\/\/secure.gravatar.com\/avatar\/ee2ce5f049e82b74bcc6b8db4c5e9c717e35544f3cde91d14a3daa9827fe21f0?s=96&d=mm&r=g","contentUrl":"https:\/\/secure.gravatar.com\/avatar\/ee2ce5f049e82b74bcc6b8db4c5e9c717e35544f3cde91d14a3daa9827fe21f0?s=96&d=mm&r=g","caption":"euncet"},"url":"https:\/\/www.euncet.com\/blog\/ca\/author\/euncet\/"}]}},"_links":{"self":[{"href":"https:\/\/www.euncet.com\/blog\/ca\/wp-json\/wp\/v2\/posts\/59296","targetHints":{"allow":["GET"]}}],"collection":[{"href":"https:\/\/www.euncet.com\/blog\/ca\/wp-json\/wp\/v2\/posts"}],"about":[{"href":"https:\/\/www.euncet.com\/blog\/ca\/wp-json\/wp\/v2\/types\/post"}],"author":[{"embeddable":true,"href":"https:\/\/www.euncet.com\/blog\/ca\/wp-json\/wp\/v2\/users\/28"}],"replies":[{"embeddable":true,"href":"https:\/\/www.euncet.com\/blog\/ca\/wp-json\/wp\/v2\/comments?post=59296"}],"version-history":[{"count":0,"href":"https:\/\/www.euncet.com\/blog\/ca\/wp-json\/wp\/v2\/posts\/59296\/revisions"}],"wp:featuredmedia":[{"embeddable":true,"href":"https:\/\/www.euncet.com\/blog\/ca\/wp-json\/wp\/v2\/media\/38035"}],"wp:attachment":[{"href":"https:\/\/www.euncet.com\/blog\/ca\/wp-json\/wp\/v2\/media?parent=59296"}],"wp:term":[{"taxonomy":"category","embeddable":true,"href":"https:\/\/www.euncet.com\/blog\/ca\/wp-json\/wp\/v2\/categories?post=59296"},{"taxonomy":"post_tag","embeddable":true,"href":"https:\/\/www.euncet.com\/blog\/ca\/wp-json\/wp\/v2\/tags?post=59296"}],"curies":[{"name":"wp","href":"https:\/\/api.w.org\/{rel}","templated":true}]}}