{"id":61877,"date":"2020-03-16T10:33:46","date_gmt":"2020-03-16T09:33:46","guid":{"rendered":"https:\/\/blog.euncet.com\/?p=61877"},"modified":"2025-08-30T13:25:05","modified_gmt":"2025-08-30T11:25:05","slug":"entrevista-a-martin-tribaldos-responsable-de-comunicacio-de-gaem","status":"publish","type":"post","link":"https:\/\/www.euncet.com\/blog\/ca\/entrevista-a-martin-tribaldos-responsable-de-comunicacio-de-gaem\/","title":{"rendered":"Entrevista a Mart\u00edn Tribaldos, responsable de Comunicaci\u00f3 de GAEM"},"content":{"rendered":"\n<p><span data-contrast=\"none\">Mart\u00edn Tribaldos, responsable de Comunicaci\u00f3 de la<\/span><a href=\"https:\/\/fundaciongaem.org\/ca\/\" target=\"_blank\" rel=\"noopener\"><span data-contrast=\"none\"> Fundaci\u00f3 GAEM: Grup d&#8217;Afectats per l&#8217;Esclerosi M\u00faltiple<\/span><\/a><span data-contrast=\"none\">, ha anat a l\u2019<\/span><b><span data-contrast=\"none\">Euncet Business School <\/span><\/b><span data-contrast=\"none\">per donar a con\u00e8ixer la fundaci\u00f3 i la campanya de sensibilitzaci\u00f3 <\/span><b><span data-contrast=\"none\">#YoDoyMisPasos<\/span><\/b><span data-contrast=\"none\"> als estudiants de tercer de carrera del grau en M\u00e0rqueting. L&#8217;activitat, impulsada pel professor <\/span><a href=\"https:\/\/www.linkedin.com\/in\/carlosargemimarketingdigital\/\" target=\"_blank\" rel=\"noopener\"><span data-contrast=\"none\">Carles Argem\u00ed<\/span><\/a><span data-contrast=\"none\">, ser\u00e0 avaluable i permetr\u00e0 als estudiants idear un Pla de Comunicaci\u00f3 sobre un cas real, que ser\u00e0 implementat per la fundaci\u00f3.<\/span><span data-ccp-props=\"{&quot;134233117&quot;:false,&quot;134233118&quot;:false,&quot;201341983&quot;:2,&quot;335559738&quot;:0,&quot;335559739&quot;:0,&quot;335559740&quot;:338}\">&nbsp;<\/span> <span data-contrast=\"none\">La Fundaci\u00f3 GAEM \u00e9s la primera i \u00fanica <\/span><b><span data-contrast=\"none\">fundaci\u00f3 privada sense \u00e0nim de lucre <\/span><\/b><span data-contrast=\"none\">constitu\u00efda per pacients <\/span><b><span data-contrast=\"none\">afectats per l&#8217;Esclerosi M\u00faltiple<\/span><\/b><span data-contrast=\"none\">. Des de l&#8217;organitzaci\u00f3 s&#8217;aposta per impulsar la <\/span><b><span data-contrast=\"none\">innovaci\u00f3 biom\u00e8dica<\/span><\/b><span data-contrast=\"none\"> per aconseguir l&#8217;objectiu principal, una <\/span><b><span data-contrast=\"none\">cura per a l&#8217;Esclerosi M\u00faltiple<\/span><\/b><span data-contrast=\"none\">. Des de l&#8217;organitzaci\u00f3 <\/span><b><span data-contrast=\"none\">s&#8217;informa i sensibilitza<\/span><\/b><span data-contrast=\"none\"> la societat sobre la malaltia i les condicions de vida dels afectats.&nbsp;<\/span><span data-ccp-props=\"{&quot;134233117&quot;:false,&quot;134233118&quot;:false,&quot;201341983&quot;:2,&quot;335559738&quot;:0,&quot;335559739&quot;:0,&quot;335559740&quot;:338}\">&nbsp;<\/span><\/p><div id=\"ez-toc-container\" class=\"ez-toc-v2_0_82_2 counter-hierarchy ez-toc-counter ez-toc-custom ez-toc-container-direction\">\n<div class=\"ez-toc-title-container\">\n<p class=\"ez-toc-title\" style=\"cursor:inherit\">\u00cdNDEX DE CONTINGUTS<\/p>\n<span class=\"ez-toc-title-toggle\"><a href=\"#\" class=\"ez-toc-pull-right ez-toc-btn ez-toc-btn-xs ez-toc-btn-default ez-toc-toggle\" aria-label=\"Toggle Table of Content\"><span class=\"ez-toc-js-icon-con\"><span class=\"\"><span class=\"eztoc-hide\" style=\"display:none;\">Toggle<\/span><span class=\"ez-toc-icon-toggle-span\"><svg style=\"fill: #222222;color:#222222\" xmlns=\"http:\/\/www.w3.org\/2000\/svg\" class=\"list-377408\" width=\"20px\" height=\"20px\" viewBox=\"0 0 24 24\" fill=\"none\"><path d=\"M6 6H4v2h2V6zm14 0H8v2h12V6zM4 11h2v2H4v-2zm16 0H8v2h12v-2zM4 16h2v2H4v-2zm16 0H8v2h12v-2z\" fill=\"currentColor\"><\/path><\/svg><svg style=\"fill: #222222;color:#222222\" class=\"arrow-unsorted-368013\" xmlns=\"http:\/\/www.w3.org\/2000\/svg\" width=\"10px\" height=\"10px\" viewBox=\"0 0 24 24\" version=\"1.2\" baseProfile=\"tiny\"><path d=\"M18.2 9.3l-6.2-6.3-6.2 6.3c-.2.2-.3.4-.3.7s.1.5.3.7c.2.2.4.3.7.3h11c.3 0 .5-.1.7-.3.2-.2.3-.5.3-.7s-.1-.5-.3-.7zM5.8 14.7l6.2 6.3 6.2-6.3c.2-.2.3-.5.3-.7s-.1-.5-.3-.7c-.2-.2-.4-.3-.7-.3h-11c-.3 0-.5.1-.7.3-.2.2-.3.5-.3.7s.1.5.3.7z\"\/><\/svg><\/span><\/span><\/span><\/a><\/span><\/div>\n<nav><ul class='ez-toc-list ez-toc-list-level-1 ' ><li class='ez-toc-page-1 ez-toc-heading-level-2'><a class=\"ez-toc-link ez-toc-heading-1\" href=\"https:\/\/www.euncet.com\/blog\/ca\/entrevista-a-martin-tribaldos-responsable-de-comunicacio-de-gaem\/#Com_neix_GAEM\" >Com neix GAEM?\u00a0<\/a><\/li><li class='ez-toc-page-1 ez-toc-heading-level-2'><a class=\"ez-toc-link ez-toc-heading-2\" href=\"https:\/\/www.euncet.com\/blog\/ca\/entrevista-a-martin-tribaldos-responsable-de-comunicacio-de-gaem\/#Amb_quins_obstacles_us_heu_trobat\" >Amb quins obstacles us heu trobat?\u00a0<\/a><\/li><li class='ez-toc-page-1 ez-toc-heading-level-2'><a class=\"ez-toc-link ez-toc-heading-3\" href=\"https:\/\/www.euncet.com\/blog\/ca\/entrevista-a-martin-tribaldos-responsable-de-comunicacio-de-gaem\/#I_pel_que_fa_a_les_institucions_creus_que_hi_ha_una_manca_de_recursos\" >I, pel que fa a les institucions, creus que hi ha una manca de recursos?\u00a0<\/a><\/li><li class='ez-toc-page-1 ez-toc-heading-level-2'><a class=\"ez-toc-link ez-toc-heading-4\" href=\"https:\/\/www.euncet.com\/blog\/ca\/entrevista-a-martin-tribaldos-responsable-de-comunicacio-de-gaem\/#Creus_que_la_societat_encara_no_esta_prou_sensibilitzada_davant_daixo\" >Creus que la societat encara no est\u00e0 prou sensibilitzada davant d&#8217;aix\u00f2?\u00a0<\/a><\/li><li class='ez-toc-page-1 ez-toc-heading-level-2'><a class=\"ez-toc-link ez-toc-heading-5\" href=\"https:\/\/www.euncet.com\/blog\/ca\/entrevista-a-martin-tribaldos-responsable-de-comunicacio-de-gaem\/#Per_que_costa_tant\" >Per qu\u00e8 costa tant?\u00a0<\/a><\/li><li class='ez-toc-page-1 ez-toc-heading-level-2'><a class=\"ez-toc-link ez-toc-heading-6\" href=\"https:\/\/www.euncet.com\/blog\/ca\/entrevista-a-martin-tribaldos-responsable-de-comunicacio-de-gaem\/#Que_suposa_aixo_per_als_afectats_per_Esclerosi_Multiple\" >Qu\u00e8 suposa aix\u00f2 per als afectats per Esclerosi M\u00faltiple?\u00a0<\/a><\/li><li class='ez-toc-page-1 ez-toc-heading-level-2'><a class=\"ez-toc-link ez-toc-heading-7\" href=\"https:\/\/www.euncet.com\/blog\/ca\/entrevista-a-martin-tribaldos-responsable-de-comunicacio-de-gaem\/#En_que_consisteix_la_campanya_YoDoyMisPasos\" >En qu\u00e8 consisteix la campanya #YoDoyMisPasos?\u00a0<\/a><\/li><li class='ez-toc-page-1 ez-toc-heading-level-2'><a class=\"ez-toc-link ez-toc-heading-8\" href=\"https:\/\/www.euncet.com\/blog\/ca\/entrevista-a-martin-tribaldos-responsable-de-comunicacio-de-gaem\/#A_qui_va_dirigida\" >A qui va dirigida?\u00a0<\/a><\/li><li class='ez-toc-page-1 ez-toc-heading-level-2'><a class=\"ez-toc-link ez-toc-heading-9\" href=\"https:\/\/www.euncet.com\/blog\/ca\/entrevista-a-martin-tribaldos-responsable-de-comunicacio-de-gaem\/#Com_sorgeix_la_collaboracio_amb_lEuncet\" >Com sorgeix la col\u00b7laboraci\u00f3 amb l\u2019Euncet?\u00a0<\/a><\/li><li class='ez-toc-page-1 ez-toc-heading-level-2'><a class=\"ez-toc-link ez-toc-heading-10\" href=\"https:\/\/www.euncet.com\/blog\/ca\/entrevista-a-martin-tribaldos-responsable-de-comunicacio-de-gaem\/#Que_tha_semblat_la_sessio\" >Qu\u00e8 t&#8217;ha semblat la sessi\u00f3?\u00a0<\/a><\/li><li class='ez-toc-page-1 ez-toc-heading-level-2'><a class=\"ez-toc-link ez-toc-heading-11\" href=\"https:\/\/www.euncet.com\/blog\/ca\/entrevista-a-martin-tribaldos-responsable-de-comunicacio-de-gaem\/#I_els_estudiants_com_els_has_vist\" >I els estudiants, com els has vist?\u00a0<\/a><\/li><li class='ez-toc-page-1 ez-toc-heading-level-2'><a class=\"ez-toc-link ez-toc-heading-12\" href=\"https:\/\/www.euncet.com\/blog\/ca\/entrevista-a-martin-tribaldos-responsable-de-comunicacio-de-gaem\/#Que_poden_aportar\" >Qu\u00e8 poden aportar?\u00a0<\/a><\/li><li class='ez-toc-page-1 ez-toc-heading-level-2'><a class=\"ez-toc-link ez-toc-heading-13\" href=\"https:\/\/www.euncet.com\/blog\/ca\/entrevista-a-martin-tribaldos-responsable-de-comunicacio-de-gaem\/#Quines_son_les_metes_marcades_per_al_projecte_YoDoyMisPasos\" >Quines s\u00f3n les metes marcades per al projecte #YoDoyMisPasos?\u00a0<\/a><\/li><li class='ez-toc-page-1 ez-toc-heading-level-2'><a class=\"ez-toc-link ez-toc-heading-14\" href=\"https:\/\/www.euncet.com\/blog\/ca\/entrevista-a-martin-tribaldos-responsable-de-comunicacio-de-gaem\/#Et_replanteges_modificar_alguns_aspectes_del_pla_despres_de_la_posada_en_comu_amb_els_estudiants\" >Et replanteges modificar alguns aspectes del pla despr\u00e9s de la posada en com\u00fa amb els estudiants?\u00a0<\/a><\/li><li class='ez-toc-page-1 ez-toc-heading-level-2'><a class=\"ez-toc-link ez-toc-heading-15\" href=\"https:\/\/www.euncet.com\/blog\/ca\/entrevista-a-martin-tribaldos-responsable-de-comunicacio-de-gaem\/#I_per_acabar_Que_destacaries_de_la_sessio\" >I, per acabar, Qu\u00e8 destacaries de la sessi\u00f3?\u00a0<\/a><\/li><\/ul><\/nav><\/div>\n\n\n\n\n<p><h2 aria-level=\"2\"><span class=\"ez-toc-section\" id=\"Com_neix_GAEM\"><\/span><b><span data-contrast=\"none\">Com neix GAEM?<\/span><\/b><span data-ccp-props=\"{&quot;134233117&quot;:false,&quot;134233118&quot;:false,&quot;201341983&quot;:2,&quot;335559738&quot;:300,&quot;335559739&quot;:0,&quot;335559740&quot;:690}\">\u00a0<\/span><span class=\"ez-toc-section-end\"><\/span><\/h2><br><p><span data-contrast=\"none\">Abans d&#8217;impulsar la Fundaci\u00f3 GAEM, <\/span><b><span data-contrast=\"none\">Vicens Oliver<\/span><\/b><span data-contrast=\"none\">, afectat d&#8217;Esclerosi M\u00faltiple, va formar part d&#8217;una altra organitzaci\u00f3 dedicada a la mateixa malaltia. Oliver tenia el sentiment que, des d&#8217;aquesta organitzaci\u00f3, no es destinaven els recursos suficients a la investigaci\u00f3.\u202f\u00a0\u00a0<\/span> <span data-contrast=\"none\">Considerava que hi havia massa cura pal\u00b7liativa i poca inversi\u00f3 per al desenvolupament d&#8217;investigacions sobre la seva cura, la qual encara no existeix. Ell, juntament amb altres afectats, van decidir fundar, el 2006, aquesta organitzaci\u00f3 tenint com a principal objectiu la recerca, desenvolupament i innovaci\u00f3 per trobar aquesta cura.\u00a0<\/span><\/p><br><h2 aria-level=\"2\"><span class=\"ez-toc-section\" id=\"Amb_quins_obstacles_us_heu_trobat\"><\/span><b><span data-contrast=\"none\">Amb quins obstacles us heu trobat?<\/span><\/b><span data-ccp-props=\"{&quot;134233117&quot;:false,&quot;134233118&quot;:false,&quot;201341983&quot;:2,&quot;335559738&quot;:300,&quot;335559739&quot;:0,&quot;335559740&quot;:690}\">\u00a0<\/span><span class=\"ez-toc-section-end\"><\/span><\/h2><br><p><span data-contrast=\"none\">La dedicaci\u00f3 a la investigaci\u00f3 \u00e9s un proc\u00e9s que costa molts diners i temps. Des de GAEM, es va voler destinar totes les forces i recursos a aquesta fase i, des d&#8217;aleshores, estem molt contents d&#8217;anunciar que ja s&#8217;ha aconseguit 2 tractaments en pacients en fase cl\u00ednica B. Aquesta not\u00edcia \u00e9s molt positiva, ja que costa molt arribar fins aqu\u00ed.\u00a0<\/span> <span data-contrast=\"none\">Des de la fundaci\u00f3 no aturem i, \u00e9s per aix\u00f2, per la qual cosa totes les nostres campanyes de comunicaci\u00f3 i m\u00e0rqueting van enfocades a la sensibilitzaci\u00f3 i recaptaci\u00f3 de fons per seguir aquesta l\u00ednia.\u00a0<\/span><\/p><br><h2 aria-level=\"2\"><span class=\"ez-toc-section\" id=\"I_pel_que_fa_a_les_institucions_creus_que_hi_ha_una_manca_de_recursos\"><\/span><b><span data-contrast=\"none\">I, pel que fa a les institucions, creus que hi ha una manca de recursos?<\/span><\/b><span data-ccp-props=\"{&quot;134233117&quot;:false,&quot;134233118&quot;:false,&quot;201341983&quot;:2,&quot;335559738&quot;:300,&quot;335559739&quot;:0,&quot;335559740&quot;:690}\">\u00a0<\/span><span class=\"ez-toc-section-end\"><\/span><\/h2><br><p><span data-contrast=\"none\">Nosaltres intentem aconseguir finan\u00e7ament tant de fons p\u00fablics com de les empreses. Pel que fa al finan\u00e7ament p\u00fablic, tenim un <\/span><a href=\"https:\/\/fundaciongaem.org\/firmas\/manifiesto\"><b><span data-contrast=\"none\">manifest<\/span><\/b><\/a><span data-contrast=\"none\"> a la web amb el qual demanem <\/span><b><span data-contrast=\"none\">signatures<\/span><\/b><span data-contrast=\"none\"> al p\u00fablic perqu\u00e8 s&#8217;augmenti el pressupost en la investigaci\u00f3 de l&#8217;Esclerosi M\u00faltiple en el PIB.\u00a0<\/span> <span data-ccp-props=\"{&quot;134233117&quot;:false,&quot;134233118&quot;:false,&quot;201341983&quot;:2,&quot;335559738&quot;:0,&quot;335559739&quot;:0,&quot;335559740&quot;:338}\">\u00a0<\/span> <span data-contrast=\"none\">\u00c9s una malaltia que afecta 55.000 persones a Espanya que cada 8 h es detecta un nou cas i no es dediquen prou recursos a esbrinar la seva aparici\u00f3, que a dia d&#8217;avui encara es desconeix.\u00a0<\/span><\/p><br><h2 aria-level=\"2\"><span class=\"ez-toc-section\" id=\"Creus_que_la_societat_encara_no_esta_prou_sensibilitzada_davant_daixo\"><\/span><b><span data-contrast=\"none\">Creus que la societat encara no est\u00e0 prou sensibilitzada davant d&#8217;aix\u00f2?<\/span><\/b><span data-ccp-props=\"{&quot;134233117&quot;:false,&quot;134233118&quot;:false,&quot;201341983&quot;:2,&quot;335559738&quot;:300,&quot;335559739&quot;:0,&quot;335559740&quot;:690}\">\u00a0<\/span><span class=\"ez-toc-section-end\"><\/span><\/h2><br><p><span data-contrast=\"none\">Crec que encara falta molt per explicar i per con\u00e8ixer. Per exemple, en el meu cas, abans d&#8217;entrar a formar part de l&#8217;equip de GAEM no tenia gaire clar en qu\u00e8 consistia l&#8217;Esclerosi M\u00faltiple.\u00a0<\/span> <span data-contrast=\"none\">Hi ha molta confusi\u00f3 amb altres malalties com \u00e9s l&#8217;esclerosi lateral amiotr\u00f2fica (ELA). Ens hem trobat tamb\u00e9 amb not\u00edcies que infonen dades que s\u00f3n err\u00f2nies com ara que alg\u00fa va morir per Esclerosi M\u00faltiple, quan aquesta malaltia no \u00e9s mortal.\u00a0<\/span><\/p><br><h2 aria-level=\"2\"><span class=\"ez-toc-section\" id=\"Per_que_costa_tant\"><\/span><b><span data-contrast=\"none\">Per qu\u00e8 costa tant?<\/span><\/b><span data-ccp-props=\"{&quot;134233117&quot;:false,&quot;134233118&quot;:false,&quot;201341983&quot;:2,&quot;335559738&quot;:300,&quot;335559739&quot;:0,&quot;335559740&quot;:690}\">\u00a0<\/span><span class=\"ez-toc-section-end\"><\/span><\/h2><br><p><span data-contrast=\"none\">Costa perqu\u00e8 els s\u00edmptomes de l&#8217;Esclerosi M\u00faltiple no s\u00f3n tan visibles com ara pot ser una altra malaltia que obligui l&#8217;afectat a anar en cadira de rodes o crosses.\u00a0<\/span> <span data-contrast=\"none\">No pots saber que la persona est\u00e0 patint en aquell moment per la malaltia tret que se li pregunti.\u00a0<\/span><\/p><br><h2 aria-level=\"2\"><span class=\"ez-toc-section\" id=\"Que_suposa_aixo_per_als_afectats_per_Esclerosi_Multiple\"><\/span><b><span data-contrast=\"none\">Qu\u00e8 suposa aix\u00f2 per als afectats per Esclerosi M\u00faltiple?<\/span><\/b><span data-ccp-props=\"{&quot;134233117&quot;:false,&quot;134233118&quot;:false,&quot;201341983&quot;:2,&quot;335559738&quot;:300,&quot;335559739&quot;:0,&quot;335559740&quot;:690}\">\u00a0<\/span><span class=\"ez-toc-section-end\"><\/span><\/h2><br><p><span data-contrast=\"none\">L&#8217;Esclerosi M\u00faltiple \u00e9s coneguda tamb\u00e9 com &#8220;la malaltia de les mil cares&#8221;, precisament pels m\u00faltiples s\u00edmptomes que poden patir els afectats.\u00a0<\/span> <span data-contrast=\"none\">Molts pacients es troben que la gent que desconeix que la pateix els diu: &#8220;tu est\u00e0s b\u00e9, no sembla que la tinguis&#8221;, per\u00f2 com es diu, la process\u00f3 va per dins.\u00a0<\/span> <span data-contrast=\"none\">En aquest context, la sensibilitzaci\u00f3 se&#8217;ns planteja com un gran repte.\u00a0<\/span><\/p><br><h2 aria-level=\"2\"><span class=\"ez-toc-section\" id=\"En_que_consisteix_la_campanya_YoDoyMisPasos\"><\/span><b><span data-contrast=\"none\">En qu\u00e8 consisteix la campanya #YoDoyMisPasos?<\/span><\/b><span data-ccp-props=\"{&quot;134233117&quot;:false,&quot;134233118&quot;:false,&quot;201341983&quot;:2,&quot;335559738&quot;:300,&quot;335559739&quot;:0,&quot;335559740&quot;:690}\">\u00a0<\/span><span class=\"ez-toc-section-end\"><\/span><\/h2><br><p><b><span data-contrast=\"none\">#YoDoyMisPasos<\/span><\/b><span data-contrast=\"none\"> \u00e9s una campanya de sensibilitzaci\u00f3 amb la qual des de GAEM pretenem recaptar fons amb una activitat accessible per a tothom: fer passos. Es pret\u00e9n convertir metres recorreguts en diners donats.\u202f\u00a0<\/span><\/p><br><h2 aria-level=\"2\"><span class=\"ez-toc-section\" id=\"A_qui_va_dirigida\"><\/span><b><span data-contrast=\"none\">A qui va dirigida?<\/span><\/b><span data-ccp-props=\"{&quot;134233117&quot;:false,&quot;134233118&quot;:false,&quot;201341983&quot;:2,&quot;335559738&quot;:300,&quot;335559739&quot;:0,&quot;335559740&quot;:690}\">\u00a0<\/span><span class=\"ez-toc-section-end\"><\/span><\/h2><br><p><span data-contrast=\"none\">La campanya va dirigida tant a ciutadans com a empreses. L&#8217;objectiu continua sent recaptar diners per destinar-lo al desenvolupament i investigaci\u00f3 d&#8217;una cura per a l&#8217;Esclerosi M\u00faltiple.\u00a0<\/span><\/p><br><h2 aria-level=\"2\"><span class=\"ez-toc-section\" id=\"Com_sorgeix_la_collaboracio_amb_lEuncet\"><\/span><b><span data-contrast=\"none\">Com sorgeix la col\u00b7laboraci\u00f3 amb l\u2019Euncet?<\/span><\/b><span data-ccp-props=\"{&quot;134233117&quot;:false,&quot;134233118&quot;:false,&quot;201341983&quot;:2,&quot;335559738&quot;:300,&quot;335559739&quot;:0,&quot;335559740&quot;:690}\">\u00a0<\/span><span class=\"ez-toc-section-end\"><\/span><\/h2><br><p><span data-contrast=\"none\">Tot sorgeix amb la iniciativa de Carles Argem\u00ed, professor del grau de M\u00e0rqueting de l&#8217;Euncet. En el moment de la trucada, la fundaci\u00f3 es trobava en un proc\u00e9s de redisseny i millora del web. Ens ha vingut perfecte!\u00a0<\/span><\/p><br><h2 aria-level=\"2\"><span class=\"ez-toc-section\" id=\"Que_tha_semblat_la_sessio\"><\/span><b><span data-contrast=\"none\">Qu\u00e8 t&#8217;ha semblat la sessi\u00f3?<\/span><\/b><span data-ccp-props=\"{&quot;134233117&quot;:false,&quot;134233118&quot;:false,&quot;201341983&quot;:2,&quot;335559738&quot;:300,&quot;335559739&quot;:0,&quot;335559740&quot;:690}\">\u00a0<\/span><span class=\"ez-toc-section-end\"><\/span><\/h2><br><p><span data-contrast=\"none\">La sessi\u00f3 d&#8217;avui ha anat millor del que esper\u00e0vem. Crec que l&#8217;ajuda pot ser m\u00fatua. Nosaltres oferim col\u00b7laborar amb una ONG, una fundaci\u00f3 que ho necessita, alhora que els alumnes es motiven perqu\u00e8 treballen per un projecte que es dur\u00e0 a terme.\u00a0<\/span> <span data-contrast=\"none\">Moltes idees de les quals s&#8217;han parlat avui s&#8217;incorporaran des de ja a la fundaci\u00f3.\u00a0<\/span><\/p><br><h2 aria-level=\"2\"><span class=\"ez-toc-section\" id=\"I_els_estudiants_com_els_has_vist\"><\/span><b><span data-contrast=\"none\">I els estudiants, com els has vist?<\/span><\/b><span data-ccp-props=\"{&quot;134233117&quot;:false,&quot;134233118&quot;:false,&quot;201341983&quot;:2,&quot;335559738&quot;:300,&quot;335559739&quot;:0,&quot;335559740&quot;:690}\">\u00a0<\/span><span class=\"ez-toc-section-end\"><\/span><\/h2><br><p><span data-contrast=\"none\">Com a estudiant hagu\u00e9s agra\u00eft un exercici tan pr\u00e0ctic i real. \u00c9s veritat que, moltes vegades fas classes amb mockups, per\u00f2 saps que s\u00f3n coses que no porten a cap part. Amb aquesta proposta crec que els estudiants han pogut veure que, en la nostra manera de comunicar, hi ha moltes coses a millorar i que ells poden aportar.\u00a0<\/span> <span data-contrast=\"none\">La seva feina ha de servir per ajudar molta gent, i en el nostre cas, la fundaci\u00f3.\u00a0<\/span><\/p><br><h2 aria-level=\"2\"><span class=\"ez-toc-section\" id=\"Que_poden_aportar\"><\/span><b><span data-contrast=\"none\">Qu\u00e8 poden aportar?<\/span><\/b><span data-ccp-props=\"{&quot;134233117&quot;:false,&quot;134233118&quot;:false,&quot;201341983&quot;:2,&quot;335559738&quot;:300,&quot;335559739&quot;:0,&quot;335559740&quot;:690}\">\u00a0<\/span><span class=\"ez-toc-section-end\"><\/span><\/h2><br><p><span data-contrast=\"none\">En tots els passos exposats en aquesta primera fase del pla de comunicaci\u00f3 es veu que els grups formats saben del que parlen. Estan ben treballats i fins i tot hi ha termes tractats en l&#8217;activitat que des de la fundaci\u00f3 desconeixem. Aquesta col\u00b7laboraci\u00f3 far\u00e0 que l&#8217;organitzaci\u00f3 creixi i doni un pas m\u00e9s en aquest proc\u00e9s de professionalitzaci\u00f3.\u00a0<\/span><\/p><br><h2 aria-level=\"2\"><span class=\"ez-toc-section\" id=\"Quines_son_les_metes_marcades_per_al_projecte_YoDoyMisPasos\"><\/span><b><span data-contrast=\"none\">Quines s\u00f3n les metes marcades per al projecte #YoDoyMisPasos?<\/span><\/b><span data-ccp-props=\"{&quot;134233117&quot;:false,&quot;134233118&quot;:false,&quot;201341983&quot;:2,&quot;335559738&quot;:300,&quot;335559739&quot;:0,&quot;335559740&quot;:690}\">\u00a0<\/span><span class=\"ez-toc-section-end\"><\/span><\/h2><br><p><span data-contrast=\"none\">L&#8217;objectiu inicial de la campanya consistia a aconseguir un mili\u00f3 d&#8217;euros per a la investigaci\u00f3 per assolir la cura de la malaltia. A partir d&#8217;aquesta col\u00b7laboraci\u00f3 amb els estudiants de l&#8217;Euncet Business School, crec que estem una mica m\u00e9s a prop i no nom\u00e9s en l&#8217;objectiu monetari. Crec que podrem millorar els continguts del web, aix\u00ed com la relaci\u00f3 i accions que duem a terme per a socis i inscrits.\u00a0<\/span><\/p><br><h2 aria-level=\"2\"><span class=\"ez-toc-section\" id=\"Et_replanteges_modificar_alguns_aspectes_del_pla_despres_de_la_posada_en_comu_amb_els_estudiants\"><\/span><b><span data-contrast=\"none\">Et replanteges modificar alguns aspectes del pla despr\u00e9s de la posada en com\u00fa amb els estudiants?<\/span><\/b><span data-ccp-props=\"{&quot;134233117&quot;:false,&quot;134233118&quot;:false,&quot;201341983&quot;:2,&quot;335559738&quot;:300,&quot;335559739&quot;:0,&quot;335559740&quot;:690}\">\u00a0<\/span><span class=\"ez-toc-section-end\"><\/span><\/h2><br><p><span data-contrast=\"none\">S\u00ed. Caldr\u00e0 reavaluar els objectius amb tots els <\/span><i><span data-contrast=\"none\">inputs <\/span><\/i><span data-contrast=\"none\">rebuts en aquesta posada en com\u00fa. Crec que a poc a poc anem avan\u00e7ant cap a aquest cam\u00ed marcat.\u202f\u00a0<\/span><\/p><br><h2 aria-level=\"2\"><span class=\"ez-toc-section\" id=\"I_per_acabar_Que_destacaries_de_la_sessio\"><\/span><strong>I, per acabar, Qu\u00e8 destacaries de la sessi\u00f3?\u00a0<\/strong><span class=\"ez-toc-section-end\"><\/span><\/h2><br><p><span data-contrast=\"none\">Me&#8217;n vaig amb una sensaci\u00f3 molt positiva. Destaco les ganes d&#8217;ajudar que han mostrat els alumnes, aix\u00ed com la feina que s&#8217;est\u00e0 realitzant i que es far\u00e0.\u00a0<\/span> <span data-contrast=\"none\">\u00c9s un exercici que ha d&#8217;ajudar-nos molt a cr\u00e9ixer com a organitzaci\u00f3 i a com comunicar les nostres campanyes de sensibilitzaci\u00f3.\u00a0<\/span><\/p><\/p>\n","protected":false},"excerpt":{"rendered":"<p>Mart\u00edn Tribaldos, Responsable de Comunicaci\u00f3n de la Fundaci\u00f3n GAEM: Grupo de Afectados por la Esclerosis M\u00faltiple, ha ido a la Euncet Business School para dar a conocer la fundaci\u00f3n y la campa\u00f1a de sensibilizaci\u00f3n #YoDoyMisPasos a los estudiantes de tercero de carrera del Grado en Marketing.<\/p>\n","protected":false},"author":28,"featured_media":43367,"comment_status":"closed","ping_status":"open","sticky":false,"template":"","format":"standard","meta":{"_acf_changed":false,"footnotes":""},"categories":[449],"tags":[],"class_list":["post-61877","post","type-post","status-publish","format-standard","has-post-thumbnail","hentry","category-entrevistes-posts"],"acf":[],"yoast_head":"<!-- This site is optimized with the Yoast SEO plugin v27.5 - https:\/\/yoast.com\/product\/yoast-seo-wordpress\/ -->\n<title>Mart\u00edn Tribaldos, responsable de Comunicaci\u00f3 de GAEM | Euncet<\/title>\n<meta name=\"description\" content=\"Alumnes del grau en M\u00e0rqueting de l&#039;Euncet Business School col\u00b7laboren en el Pla de Comunicaci\u00f3 per a la campanya #YoDoyMisPasos de la fundaci\u00f3 GAEM.\" \/>\n<meta name=\"robots\" content=\"index, follow, max-snippet:-1, max-image-preview:large, max-video-preview:-1\" \/>\n<link rel=\"canonical\" href=\"https:\/\/www.euncet.com\/blog\/ca\/entrevista-a-martin-tribaldos-responsable-de-comunicacio-de-gaem\/\" \/>\n<meta property=\"og:locale\" content=\"ca_ES\" \/>\n<meta property=\"og:type\" content=\"article\" \/>\n<meta property=\"og:title\" content=\"Mart\u00edn Tribaldos, responsable de Comunicaci\u00f3 de GAEM | Euncet\" \/>\n<meta property=\"og:description\" content=\"Alumnes del grau en M\u00e0rqueting de l&#039;Euncet Business School col\u00b7laboren en el Pla de Comunicaci\u00f3 per a la campanya #YoDoyMisPasos de la fundaci\u00f3 GAEM.\" \/>\n<meta property=\"og:url\" content=\"https:\/\/www.euncet.com\/blog\/ca\/entrevista-a-martin-tribaldos-responsable-de-comunicacio-de-gaem\/\" \/>\n<meta property=\"og:site_name\" content=\"Euncet Business School\" \/>\n<meta property=\"article:publisher\" content=\"https:\/\/www.facebook.com\/euncet\" \/>\n<meta property=\"article:published_time\" content=\"2020-03-16T09:33:46+00:00\" \/>\n<meta property=\"article:modified_time\" content=\"2025-08-30T11:25:05+00:00\" \/>\n<meta property=\"og:image\" content=\"https:\/\/www.euncet.com\/blog\/wp-content\/uploads\/2020\/03\/entrevista-martin-tribaldos-responsable-comunicacion-yodoymispasos-fundacion-gaem-euncet.jpg\" \/>\n\t<meta property=\"og:image:width\" content=\"958\" \/>\n\t<meta property=\"og:image:height\" content=\"360\" \/>\n\t<meta property=\"og:image:type\" content=\"image\/jpeg\" \/>\n<meta name=\"author\" content=\"euncet\" \/>\n<meta name=\"twitter:card\" content=\"summary_large_image\" \/>\n<meta name=\"twitter:creator\" content=\"@euncet\" \/>\n<meta name=\"twitter:site\" content=\"@euncet\" \/>\n<meta name=\"twitter:label1\" content=\"Escrit per\" \/>\n\t<meta name=\"twitter:data1\" content=\"euncet\" \/>\n\t<meta name=\"twitter:label2\" content=\"Temps estimat de lectura\" \/>\n\t<meta name=\"twitter:data2\" content=\"6 minuts\" \/>\n<script type=\"application\/ld+json\" class=\"yoast-schema-graph\">{\"@context\":\"https:\\\/\\\/schema.org\",\"@graph\":[{\"@type\":\"Article\",\"@id\":\"https:\\\/\\\/www.euncet.com\\\/blog\\\/ca\\\/entrevista-a-martin-tribaldos-responsable-de-comunicacio-de-gaem\\\/#article\",\"isPartOf\":{\"@id\":\"https:\\\/\\\/www.euncet.com\\\/blog\\\/ca\\\/entrevista-a-martin-tribaldos-responsable-de-comunicacio-de-gaem\\\/\"},\"author\":{\"name\":\"euncet\",\"@id\":\"https:\\\/\\\/www.euncet.com\\\/blog\\\/ca\\\/#\\\/schema\\\/person\\\/8253e592273eb1f7a48788902ca03268\"},\"headline\":\"Entrevista a Mart\u00edn Tribaldos, responsable de Comunicaci\u00f3 de GAEM\",\"datePublished\":\"2020-03-16T09:33:46+00:00\",\"dateModified\":\"2025-08-30T11:25:05+00:00\",\"mainEntityOfPage\":{\"@id\":\"https:\\\/\\\/www.euncet.com\\\/blog\\\/ca\\\/entrevista-a-martin-tribaldos-responsable-de-comunicacio-de-gaem\\\/\"},\"wordCount\":1239,\"image\":{\"@id\":\"https:\\\/\\\/www.euncet.com\\\/blog\\\/ca\\\/entrevista-a-martin-tribaldos-responsable-de-comunicacio-de-gaem\\\/#primaryimage\"},\"thumbnailUrl\":\"https:\\\/\\\/www.euncet.com\\\/blog\\\/wp-content\\\/uploads\\\/2020\\\/03\\\/entrevista-martin-tribaldos-responsable-comunicacion-yodoymispasos-fundacion-gaem-euncet.jpg\",\"articleSection\":[\"Entrevistes\"],\"inLanguage\":\"ca\"},{\"@type\":\"WebPage\",\"@id\":\"https:\\\/\\\/www.euncet.com\\\/blog\\\/ca\\\/entrevista-a-martin-tribaldos-responsable-de-comunicacio-de-gaem\\\/\",\"url\":\"https:\\\/\\\/www.euncet.com\\\/blog\\\/ca\\\/entrevista-a-martin-tribaldos-responsable-de-comunicacio-de-gaem\\\/\",\"name\":\"Mart\u00edn Tribaldos, responsable de Comunicaci\u00f3 de GAEM | Euncet\",\"isPartOf\":{\"@id\":\"https:\\\/\\\/www.euncet.com\\\/blog\\\/ca\\\/#website\"},\"primaryImageOfPage\":{\"@id\":\"https:\\\/\\\/www.euncet.com\\\/blog\\\/ca\\\/entrevista-a-martin-tribaldos-responsable-de-comunicacio-de-gaem\\\/#primaryimage\"},\"image\":{\"@id\":\"https:\\\/\\\/www.euncet.com\\\/blog\\\/ca\\\/entrevista-a-martin-tribaldos-responsable-de-comunicacio-de-gaem\\\/#primaryimage\"},\"thumbnailUrl\":\"https:\\\/\\\/www.euncet.com\\\/blog\\\/wp-content\\\/uploads\\\/2020\\\/03\\\/entrevista-martin-tribaldos-responsable-comunicacion-yodoymispasos-fundacion-gaem-euncet.jpg\",\"datePublished\":\"2020-03-16T09:33:46+00:00\",\"dateModified\":\"2025-08-30T11:25:05+00:00\",\"author\":{\"@id\":\"https:\\\/\\\/www.euncet.com\\\/blog\\\/ca\\\/#\\\/schema\\\/person\\\/8253e592273eb1f7a48788902ca03268\"},\"description\":\"Alumnes del grau en M\u00e0rqueting de l'Euncet Business School col\u00b7laboren en el Pla de Comunicaci\u00f3 per a la campanya #YoDoyMisPasos de la fundaci\u00f3 GAEM.\",\"breadcrumb\":{\"@id\":\"https:\\\/\\\/www.euncet.com\\\/blog\\\/ca\\\/entrevista-a-martin-tribaldos-responsable-de-comunicacio-de-gaem\\\/#breadcrumb\"},\"inLanguage\":\"ca\",\"potentialAction\":[{\"@type\":\"ReadAction\",\"target\":[\"https:\\\/\\\/www.euncet.com\\\/blog\\\/ca\\\/entrevista-a-martin-tribaldos-responsable-de-comunicacio-de-gaem\\\/\"]}]},{\"@type\":\"ImageObject\",\"inLanguage\":\"ca\",\"@id\":\"https:\\\/\\\/www.euncet.com\\\/blog\\\/ca\\\/entrevista-a-martin-tribaldos-responsable-de-comunicacio-de-gaem\\\/#primaryimage\",\"url\":\"https:\\\/\\\/www.euncet.com\\\/blog\\\/wp-content\\\/uploads\\\/2020\\\/03\\\/entrevista-martin-tribaldos-responsable-comunicacion-yodoymispasos-fundacion-gaem-euncet.jpg\",\"contentUrl\":\"https:\\\/\\\/www.euncet.com\\\/blog\\\/wp-content\\\/uploads\\\/2020\\\/03\\\/entrevista-martin-tribaldos-responsable-comunicacion-yodoymispasos-fundacion-gaem-euncet.jpg\",\"width\":958,\"height\":360,\"caption\":\"Mart\u00edn Tribaldos explica en una entrevista a Euncet qu\u00e9 es la fundaci\u00f3n Gaem y su colaboraci\u00f3n con los alumnos del Grado en Marketing para crear el plan de comunicaci\u00f3n de la campa\u00f1a de sensibilizaci\u00f3n.\"},{\"@type\":\"BreadcrumbList\",\"@id\":\"https:\\\/\\\/www.euncet.com\\\/blog\\\/ca\\\/entrevista-a-martin-tribaldos-responsable-de-comunicacio-de-gaem\\\/#breadcrumb\",\"itemListElement\":[{\"@type\":\"ListItem\",\"position\":1,\"name\":\"Portada\",\"item\":\"https:\\\/\\\/www.euncet.com\\\/blog\\\/ca\\\/\"},{\"@type\":\"ListItem\",\"position\":2,\"name\":\"Entrevista a Mart\u00edn Tribaldos, responsable de Comunicaci\u00f3 de GAEM\"}]},{\"@type\":\"WebSite\",\"@id\":\"https:\\\/\\\/www.euncet.com\\\/blog\\\/ca\\\/#website\",\"url\":\"https:\\\/\\\/www.euncet.com\\\/blog\\\/ca\\\/\",\"name\":\"Euncet Business School\",\"description\":\"Escuela de negocios\",\"potentialAction\":[{\"@type\":\"SearchAction\",\"target\":{\"@type\":\"EntryPoint\",\"urlTemplate\":\"https:\\\/\\\/www.euncet.com\\\/blog\\\/ca\\\/?s={search_term_string}\"},\"query-input\":{\"@type\":\"PropertyValueSpecification\",\"valueRequired\":true,\"valueName\":\"search_term_string\"}}],\"inLanguage\":\"ca\"},{\"@type\":\"Person\",\"@id\":\"https:\\\/\\\/www.euncet.com\\\/blog\\\/ca\\\/#\\\/schema\\\/person\\\/8253e592273eb1f7a48788902ca03268\",\"name\":\"euncet\",\"image\":{\"@type\":\"ImageObject\",\"inLanguage\":\"ca\",\"@id\":\"https:\\\/\\\/secure.gravatar.com\\\/avatar\\\/ee2ce5f049e82b74bcc6b8db4c5e9c717e35544f3cde91d14a3daa9827fe21f0?s=96&d=mm&r=g\",\"url\":\"https:\\\/\\\/secure.gravatar.com\\\/avatar\\\/ee2ce5f049e82b74bcc6b8db4c5e9c717e35544f3cde91d14a3daa9827fe21f0?s=96&d=mm&r=g\",\"contentUrl\":\"https:\\\/\\\/secure.gravatar.com\\\/avatar\\\/ee2ce5f049e82b74bcc6b8db4c5e9c717e35544f3cde91d14a3daa9827fe21f0?s=96&d=mm&r=g\",\"caption\":\"euncet\"},\"url\":\"https:\\\/\\\/www.euncet.com\\\/blog\\\/ca\\\/author\\\/euncet\\\/\"}]}<\/script>\n<!-- \/ Yoast SEO plugin. -->","yoast_head_json":{"title":"Mart\u00edn Tribaldos, responsable de Comunicaci\u00f3 de GAEM | Euncet","description":"Alumnes del grau en M\u00e0rqueting de l'Euncet Business School col\u00b7laboren en el Pla de Comunicaci\u00f3 per a la campanya #YoDoyMisPasos de la fundaci\u00f3 GAEM.","robots":{"index":"index","follow":"follow","max-snippet":"max-snippet:-1","max-image-preview":"max-image-preview:large","max-video-preview":"max-video-preview:-1"},"canonical":"https:\/\/www.euncet.com\/blog\/ca\/entrevista-a-martin-tribaldos-responsable-de-comunicacio-de-gaem\/","og_locale":"ca_ES","og_type":"article","og_title":"Mart\u00edn Tribaldos, responsable de Comunicaci\u00f3 de GAEM | Euncet","og_description":"Alumnes del grau en M\u00e0rqueting de l'Euncet Business School col\u00b7laboren en el Pla de Comunicaci\u00f3 per a la campanya #YoDoyMisPasos de la fundaci\u00f3 GAEM.","og_url":"https:\/\/www.euncet.com\/blog\/ca\/entrevista-a-martin-tribaldos-responsable-de-comunicacio-de-gaem\/","og_site_name":"Euncet Business School","article_publisher":"https:\/\/www.facebook.com\/euncet","article_published_time":"2020-03-16T09:33:46+00:00","article_modified_time":"2025-08-30T11:25:05+00:00","og_image":[{"width":958,"height":360,"url":"https:\/\/www.euncet.com\/blog\/wp-content\/uploads\/2020\/03\/entrevista-martin-tribaldos-responsable-comunicacion-yodoymispasos-fundacion-gaem-euncet.jpg","type":"image\/jpeg"}],"author":"euncet","twitter_card":"summary_large_image","twitter_creator":"@euncet","twitter_site":"@euncet","twitter_misc":{"Escrit per":"euncet","Temps estimat de lectura":"6 minuts"},"schema":{"@context":"https:\/\/schema.org","@graph":[{"@type":"Article","@id":"https:\/\/www.euncet.com\/blog\/ca\/entrevista-a-martin-tribaldos-responsable-de-comunicacio-de-gaem\/#article","isPartOf":{"@id":"https:\/\/www.euncet.com\/blog\/ca\/entrevista-a-martin-tribaldos-responsable-de-comunicacio-de-gaem\/"},"author":{"name":"euncet","@id":"https:\/\/www.euncet.com\/blog\/ca\/#\/schema\/person\/8253e592273eb1f7a48788902ca03268"},"headline":"Entrevista a Mart\u00edn Tribaldos, responsable de Comunicaci\u00f3 de GAEM","datePublished":"2020-03-16T09:33:46+00:00","dateModified":"2025-08-30T11:25:05+00:00","mainEntityOfPage":{"@id":"https:\/\/www.euncet.com\/blog\/ca\/entrevista-a-martin-tribaldos-responsable-de-comunicacio-de-gaem\/"},"wordCount":1239,"image":{"@id":"https:\/\/www.euncet.com\/blog\/ca\/entrevista-a-martin-tribaldos-responsable-de-comunicacio-de-gaem\/#primaryimage"},"thumbnailUrl":"https:\/\/www.euncet.com\/blog\/wp-content\/uploads\/2020\/03\/entrevista-martin-tribaldos-responsable-comunicacion-yodoymispasos-fundacion-gaem-euncet.jpg","articleSection":["Entrevistes"],"inLanguage":"ca"},{"@type":"WebPage","@id":"https:\/\/www.euncet.com\/blog\/ca\/entrevista-a-martin-tribaldos-responsable-de-comunicacio-de-gaem\/","url":"https:\/\/www.euncet.com\/blog\/ca\/entrevista-a-martin-tribaldos-responsable-de-comunicacio-de-gaem\/","name":"Mart\u00edn Tribaldos, responsable de Comunicaci\u00f3 de GAEM | Euncet","isPartOf":{"@id":"https:\/\/www.euncet.com\/blog\/ca\/#website"},"primaryImageOfPage":{"@id":"https:\/\/www.euncet.com\/blog\/ca\/entrevista-a-martin-tribaldos-responsable-de-comunicacio-de-gaem\/#primaryimage"},"image":{"@id":"https:\/\/www.euncet.com\/blog\/ca\/entrevista-a-martin-tribaldos-responsable-de-comunicacio-de-gaem\/#primaryimage"},"thumbnailUrl":"https:\/\/www.euncet.com\/blog\/wp-content\/uploads\/2020\/03\/entrevista-martin-tribaldos-responsable-comunicacion-yodoymispasos-fundacion-gaem-euncet.jpg","datePublished":"2020-03-16T09:33:46+00:00","dateModified":"2025-08-30T11:25:05+00:00","author":{"@id":"https:\/\/www.euncet.com\/blog\/ca\/#\/schema\/person\/8253e592273eb1f7a48788902ca03268"},"description":"Alumnes del grau en M\u00e0rqueting de l'Euncet Business School col\u00b7laboren en el Pla de Comunicaci\u00f3 per a la campanya #YoDoyMisPasos de la fundaci\u00f3 GAEM.","breadcrumb":{"@id":"https:\/\/www.euncet.com\/blog\/ca\/entrevista-a-martin-tribaldos-responsable-de-comunicacio-de-gaem\/#breadcrumb"},"inLanguage":"ca","potentialAction":[{"@type":"ReadAction","target":["https:\/\/www.euncet.com\/blog\/ca\/entrevista-a-martin-tribaldos-responsable-de-comunicacio-de-gaem\/"]}]},{"@type":"ImageObject","inLanguage":"ca","@id":"https:\/\/www.euncet.com\/blog\/ca\/entrevista-a-martin-tribaldos-responsable-de-comunicacio-de-gaem\/#primaryimage","url":"https:\/\/www.euncet.com\/blog\/wp-content\/uploads\/2020\/03\/entrevista-martin-tribaldos-responsable-comunicacion-yodoymispasos-fundacion-gaem-euncet.jpg","contentUrl":"https:\/\/www.euncet.com\/blog\/wp-content\/uploads\/2020\/03\/entrevista-martin-tribaldos-responsable-comunicacion-yodoymispasos-fundacion-gaem-euncet.jpg","width":958,"height":360,"caption":"Mart\u00edn Tribaldos explica en una entrevista a Euncet qu\u00e9 es la fundaci\u00f3n Gaem y su colaboraci\u00f3n con los alumnos del Grado en Marketing para crear el plan de comunicaci\u00f3n de la campa\u00f1a de sensibilizaci\u00f3n."},{"@type":"BreadcrumbList","@id":"https:\/\/www.euncet.com\/blog\/ca\/entrevista-a-martin-tribaldos-responsable-de-comunicacio-de-gaem\/#breadcrumb","itemListElement":[{"@type":"ListItem","position":1,"name":"Portada","item":"https:\/\/www.euncet.com\/blog\/ca\/"},{"@type":"ListItem","position":2,"name":"Entrevista a Mart\u00edn Tribaldos, responsable de Comunicaci\u00f3 de GAEM"}]},{"@type":"WebSite","@id":"https:\/\/www.euncet.com\/blog\/ca\/#website","url":"https:\/\/www.euncet.com\/blog\/ca\/","name":"Euncet Business School","description":"Escuela de negocios","potentialAction":[{"@type":"SearchAction","target":{"@type":"EntryPoint","urlTemplate":"https:\/\/www.euncet.com\/blog\/ca\/?s={search_term_string}"},"query-input":{"@type":"PropertyValueSpecification","valueRequired":true,"valueName":"search_term_string"}}],"inLanguage":"ca"},{"@type":"Person","@id":"https:\/\/www.euncet.com\/blog\/ca\/#\/schema\/person\/8253e592273eb1f7a48788902ca03268","name":"euncet","image":{"@type":"ImageObject","inLanguage":"ca","@id":"https:\/\/secure.gravatar.com\/avatar\/ee2ce5f049e82b74bcc6b8db4c5e9c717e35544f3cde91d14a3daa9827fe21f0?s=96&d=mm&r=g","url":"https:\/\/secure.gravatar.com\/avatar\/ee2ce5f049e82b74bcc6b8db4c5e9c717e35544f3cde91d14a3daa9827fe21f0?s=96&d=mm&r=g","contentUrl":"https:\/\/secure.gravatar.com\/avatar\/ee2ce5f049e82b74bcc6b8db4c5e9c717e35544f3cde91d14a3daa9827fe21f0?s=96&d=mm&r=g","caption":"euncet"},"url":"https:\/\/www.euncet.com\/blog\/ca\/author\/euncet\/"}]}},"_links":{"self":[{"href":"https:\/\/www.euncet.com\/blog\/ca\/wp-json\/wp\/v2\/posts\/61877","targetHints":{"allow":["GET"]}}],"collection":[{"href":"https:\/\/www.euncet.com\/blog\/ca\/wp-json\/wp\/v2\/posts"}],"about":[{"href":"https:\/\/www.euncet.com\/blog\/ca\/wp-json\/wp\/v2\/types\/post"}],"author":[{"embeddable":true,"href":"https:\/\/www.euncet.com\/blog\/ca\/wp-json\/wp\/v2\/users\/28"}],"replies":[{"embeddable":true,"href":"https:\/\/www.euncet.com\/blog\/ca\/wp-json\/wp\/v2\/comments?post=61877"}],"version-history":[{"count":0,"href":"https:\/\/www.euncet.com\/blog\/ca\/wp-json\/wp\/v2\/posts\/61877\/revisions"}],"wp:featuredmedia":[{"embeddable":true,"href":"https:\/\/www.euncet.com\/blog\/ca\/wp-json\/wp\/v2\/media\/43367"}],"wp:attachment":[{"href":"https:\/\/www.euncet.com\/blog\/ca\/wp-json\/wp\/v2\/media?parent=61877"}],"wp:term":[{"taxonomy":"category","embeddable":true,"href":"https:\/\/www.euncet.com\/blog\/ca\/wp-json\/wp\/v2\/categories?post=61877"},{"taxonomy":"post_tag","embeddable":true,"href":"https:\/\/www.euncet.com\/blog\/ca\/wp-json\/wp\/v2\/tags?post=61877"}],"curies":[{"name":"wp","href":"https:\/\/api.w.org\/{rel}","templated":true}]}}