{"id":63006,"date":"2019-01-29T15:20:30","date_gmt":"2019-01-29T14:20:30","guid":{"rendered":"https:\/\/blog.euncet.com\/?p=63006"},"modified":"2024-11-28T11:52:45","modified_gmt":"2024-11-28T10:52:45","slug":"lideratge-empresarial-com-ser-un-bon-lider","status":"publish","type":"post","link":"https:\/\/www.euncet.com\/blog\/ca\/lideratge-empresarial-com-ser-un-bon-lider\/","title":{"rendered":"Lideratge empresarial: com ser un bon l\u00edder?"},"content":{"rendered":"<p><span class=\"TextRun SCXW21141701 BCX0\" lang=\"ES-ES\" xml:lang=\"ES-ES\" data-contrast=\"none\"><span class=\"NormalTextRun SCXW21141701 BCX0\">A <\/span><span class=\"NormalTextRun SpellingErrorV2Themed SCXW21141701 BCX0\">l\u2019<\/span><\/span><strong><span class=\"TextRun SCXW21141701 BCX0\" lang=\"ES-ES\" xml:lang=\"ES-ES\" data-contrast=\"none\"><span class=\"NormalTextRun SpellingErrorV2Themed SCXW21141701 BCX0\">Euncet<\/span><span class=\"NormalTextRun SCXW21141701 BCX0\"> Business <\/span><span class=\"NormalTextRun SpellingErrorV2Themed SCXW21141701 BCX0\">School<\/span> <\/span><\/strong><span class=\"TextRun SCXW21141701 BCX0\" lang=\"ES-ES\" xml:lang=\"ES-ES\" data-contrast=\"none\"><span class=\"NormalTextRun SpellingErrorV2Themed SCXW21141701 BCX0\">sabem<\/span> <span class=\"NormalTextRun SpellingErrorV2Themed SCXW21141701 BCX0\">l&#8217;important<\/span><span class=\"NormalTextRun SCXW21141701 BCX0\"> que <\/span><span class=\"NormalTextRun SpellingErrorV2Themed SCXW21141701 BCX0\">\u00e9s<\/span><span class=\"NormalTextRun SCXW21141701 BCX0\"> el<\/span><\/span><strong><span class=\"TextRun SCXW21141701 BCX0\" lang=\"ES-ES\" xml:lang=\"ES-ES\" data-contrast=\"none\"> <span class=\"NormalTextRun SpellingErrorV2Themed SCXW21141701 BCX0\">lideratge<\/span><span class=\"NormalTextRun SCXW21141701 BCX0\"> empresarial<\/span><\/span><\/strong><span class=\"TextRun SCXW21141701 BCX0\" lang=\"ES-ES\" xml:lang=\"ES-ES\" data-contrast=\"none\"><span class=\"NormalTextRun SCXW21141701 BCX0\">. Per <\/span><span class=\"NormalTextRun SpellingErrorV2Themed SCXW21141701 BCX0\">aix\u00f2<\/span> <span class=\"NormalTextRun SpellingErrorV2Themed SCXW21141701 BCX0\">podem<\/span> <span class=\"NormalTextRun SpellingErrorV2Themed SCXW21141701 BCX0\">oferir<\/span><span class=\"NormalTextRun SCXW21141701 BCX0\">-te la <\/span><span class=\"NormalTextRun SpellingErrorV2Themed SCXW21141701 BCX0\">millor<\/span> <span class=\"NormalTextRun SpellingErrorV2Themed SCXW21141701 BCX0\">formaci\u00f3<\/span><span class=\"NormalTextRun SCXW21141701 BCX0\"> relacionada <\/span><span class=\"NormalTextRun SpellingErrorV2Themed SCXW21141701 BCX0\">amb<\/span> <span class=\"NormalTextRun SpellingErrorV2Themed SCXW21141701 BCX0\">aix\u00f2<\/span><span class=\"NormalTextRun SCXW21141701 BCX0\">. <\/span><span class=\"NormalTextRun SpellingErrorV2Themed SpellingErrorHighlight SCXW21141701 BCX0\">Com<\/span><span class=\"NormalTextRun SCXW21141701 BCX0\"> a <\/span><span class=\"NormalTextRun SpellingErrorV2Themed SCXW21141701 BCX0\">exemple<\/span><span class=\"NormalTextRun SCXW21141701 BCX0\">, <\/span><\/span><a class=\"Hyperlink SCXW21141701 BCX0\" href=\"https:\/\/www.euncet.es\/es\/executive-education\/posgrado-liderazgo-habilidades-directivas\" target=\"_blank\" rel=\"noreferrer noopener\"><span class=\"TextRun SCXW21141701 BCX0\" lang=\"ES-ES\" xml:lang=\"ES-ES\" data-contrast=\"none\"><span class=\"NormalTextRun SCXW21141701 BCX0\" data-ccp-charstyle=\"Hyperlink\">el nostre postgrau en Lideratge i Habilitats Directives<\/span><\/span><\/a><span class=\"TextRun SCXW21141701 BCX0\" lang=\"ES-ES\" xml:lang=\"ES-ES\" data-contrast=\"none\"><span class=\"NormalTextRun SCXW21141701 BCX0\">. Totes elles <\/span><span class=\"NormalTextRun SpellingErrorV2Themed SCXW21141701 BCX0\">amb<\/span><span class=\"NormalTextRun SCXW21141701 BCX0\"> el <\/span><span class=\"NormalTextRun SpellingErrorV2Themed SCXW21141701 BCX0\">millor<\/span> <span class=\"NormalTextRun SpellingErrorV2Themed SCXW21141701 BCX0\">equip<\/span><span class=\"NormalTextRun SCXW21141701 BCX0\"> de <\/span><span class=\"NormalTextRun SpellingErrorV2Themed SCXW21141701 BCX0\">docents<\/span><span class=\"NormalTextRun SCXW21141701 BCX0\"> i el <\/span><span class=\"NormalTextRun SpellingErrorV2Themed SCXW21141701 BCX0\">m\u00e0xim<\/span> <span class=\"NormalTextRun SpellingErrorV2Themed SCXW21141701 BCX0\">enfocament<\/span><span class=\"NormalTextRun SCXW21141701 BCX0\"> al <\/span><span class=\"NormalTextRun SpellingErrorV2Themed SCXW21141701 BCX0\">m\u00f3n<\/span><span class=\"NormalTextRun SCXW21141701 BCX0\"> empresarial. <\/span><span class=\"NormalTextRun SpellingErrorV2Themed SCXW21141701 BCX0\">Deixa<\/span><span class=\"NormalTextRun SCXW21141701 BCX0\"> que et <\/span><span class=\"NormalTextRun SpellingErrorV2Themed SCXW21141701 BCX0\">parlem<\/span><span class=\"NormalTextRun SCXW21141701 BCX0\"> ara de <\/span><span class=\"NormalTextRun SpellingErrorV2Themed SCXW21141701 BCX0\">lideratge<\/span><span class=\"NormalTextRun SCXW21141701 BCX0\"> empresarial.<\/span><\/span><span class=\"EOP SCXW21141701 BCX0\" data-ccp-props=\"{&quot;134233117&quot;:false,&quot;134233118&quot;:false,&quot;201341983&quot;:1,&quot;335557856&quot;:16777215,&quot;335559685&quot;:-225,&quot;335559737&quot;:-225,&quot;335559738&quot;:0,&quot;335559739&quot;:338,&quot;335559740&quot;:360}\">\u00a0<\/span><\/p><div id=\"ez-toc-container\" class=\"ez-toc-v2_0_82_2 counter-hierarchy ez-toc-counter ez-toc-custom ez-toc-container-direction\">\n<div class=\"ez-toc-title-container\">\n<p class=\"ez-toc-title\" style=\"cursor:inherit\">\u00cdNDEX DE CONTINGUTS<\/p>\n<span class=\"ez-toc-title-toggle\"><a href=\"#\" class=\"ez-toc-pull-right ez-toc-btn ez-toc-btn-xs ez-toc-btn-default ez-toc-toggle\" aria-label=\"Toggle Table of Content\"><span class=\"ez-toc-js-icon-con\"><span class=\"\"><span class=\"eztoc-hide\" style=\"display:none;\">Toggle<\/span><span class=\"ez-toc-icon-toggle-span\"><svg style=\"fill: #222222;color:#222222\" xmlns=\"http:\/\/www.w3.org\/2000\/svg\" class=\"list-377408\" width=\"20px\" height=\"20px\" viewBox=\"0 0 24 24\" fill=\"none\"><path d=\"M6 6H4v2h2V6zm14 0H8v2h12V6zM4 11h2v2H4v-2zm16 0H8v2h12v-2zM4 16h2v2H4v-2zm16 0H8v2h12v-2z\" fill=\"currentColor\"><\/path><\/svg><svg style=\"fill: #222222;color:#222222\" class=\"arrow-unsorted-368013\" xmlns=\"http:\/\/www.w3.org\/2000\/svg\" width=\"10px\" height=\"10px\" viewBox=\"0 0 24 24\" version=\"1.2\" baseProfile=\"tiny\"><path d=\"M18.2 9.3l-6.2-6.3-6.2 6.3c-.2.2-.3.4-.3.7s.1.5.3.7c.2.2.4.3.7.3h11c.3 0 .5-.1.7-.3.2-.2.3-.5.3-.7s-.1-.5-.3-.7zM5.8 14.7l6.2 6.3 6.2-6.3c.2-.2.3-.5.3-.7s-.1-.5-.3-.7c-.2-.2-.4-.3-.7-.3h-11c-.3 0-.5.1-.7.3-.2.2-.3.5-.3.7s.1.5.3.7z\"\/><\/svg><\/span><\/span><\/span><\/a><\/span><\/div>\n<nav><ul class='ez-toc-list ez-toc-list-level-1 ' ><li class='ez-toc-page-1 ez-toc-heading-level-2'><a class=\"ez-toc-link ez-toc-heading-1\" href=\"https:\/\/www.euncet.com\/blog\/ca\/lideratge-empresarial-com-ser-un-bon-lider\/#Lideratge_empresarial_qualitats_dun_lider_perfecte\" >Lideratge empresarial: qualitats d&#8217;un l\u00edder perfecte\u00a0<\/a><\/li><\/ul><\/nav><\/div>\n\n<h2><span class=\"ez-toc-section\" id=\"Lideratge_empresarial_qualitats_dun_lider_perfecte\"><\/span><span class=\"TextRun SCXW60796110 BCX0\" lang=\"ES-ES\" xml:lang=\"ES-ES\" data-contrast=\"none\"><span class=\"NormalTextRun SpellingErrorV2Themed SCXW60796110 BCX0\" data-ccp-parastyle=\"heading 2\">Lideratge<\/span><span class=\"NormalTextRun SCXW60796110 BCX0\" data-ccp-parastyle=\"heading 2\"> empresarial: <\/span><span class=\"NormalTextRun SpellingErrorV2Themed SCXW60796110 BCX0\" data-ccp-parastyle=\"heading 2\">qualitats<\/span> <span class=\"NormalTextRun SpellingErrorV2Themed SCXW60796110 BCX0\" data-ccp-parastyle=\"heading 2\">d&#8217;un<\/span><span class=\"NormalTextRun SCXW60796110 BCX0\" data-ccp-parastyle=\"heading 2\"> l\u00edder perfecte<\/span><\/span><span class=\"EOP SCXW60796110 BCX0\" data-ccp-props=\"{&quot;134233117&quot;:false,&quot;134233118&quot;:false,&quot;134245418&quot;:true,&quot;134245529&quot;:true,&quot;201341983&quot;:1,&quot;335557856&quot;:16777215,&quot;335559685&quot;:-225,&quot;335559737&quot;:-225,&quot;335559738&quot;:300,&quot;335559739&quot;:150,&quot;335559740&quot;:540}\">\u00a0<\/span><span class=\"ez-toc-section-end\"><\/span><\/h2>\n<p><span class=\"TextRun SCXW252964217 BCX0\" lang=\"ES-ES\" xml:lang=\"ES-ES\" data-contrast=\"none\"><span class=\"NormalTextRun SCXW252964217 BCX0\">Un l\u00edder <\/span><span class=\"NormalTextRun SpellingErrorV2Themed SCXW252964217 BCX0\">\u00e9s<\/span><span class=\"NormalTextRun SCXW252964217 BCX0\"> una persona que <\/span><\/span><strong><span class=\"TextRun SCXW252964217 BCX0\" lang=\"ES-ES\" xml:lang=\"ES-ES\" data-contrast=\"none\"><span class=\"NormalTextRun SpellingErrorV2Themed SCXW252964217 BCX0\">pot<\/span> <span class=\"NormalTextRun SpellingErrorV2Themed SCXW252964217 BCX0\">treure-li<\/span><span class=\"NormalTextRun SCXW252964217 BCX0\"> el <\/span><span class=\"NormalTextRun SpellingErrorV2Themed SCXW252964217 BCX0\">m\u00e0xim<\/span> <span class=\"NormalTextRun SpellingErrorV2Themed SCXW252964217 BCX0\">partit<\/span><span class=\"NormalTextRun SCXW252964217 BCX0\"> a un <\/span><span class=\"NormalTextRun SpellingErrorV2Themed SCXW252964217 BCX0\">grup<\/span> <span class=\"NormalTextRun SpellingErrorV2Themed SCXW252964217 BCX0\">hum\u00e0<\/span><span class=\"NormalTextRun SCXW252964217 BCX0\"> i\/o <\/span><span class=\"NormalTextRun SpellingErrorV2Themed SCXW252964217 BCX0\">t\u00e8cnic<\/span><\/span><\/strong><span class=\"TextRun SCXW252964217 BCX0\" lang=\"ES-ES\" xml:lang=\"ES-ES\" data-contrast=\"none\"><span class=\"NormalTextRun SCXW252964217 BCX0\"> i, <\/span><span class=\"NormalTextRun SpellingErrorV2Themed SCXW252964217 BCX0\">alhora<\/span><span class=\"NormalTextRun SCXW252964217 BCX0\">, <\/span><span class=\"NormalTextRun SpellingErrorV2Themed SCXW252964217 BCX0\">fer<\/span> <span class=\"NormalTextRun SpellingErrorV2Themed SCXW252964217 BCX0\">amb<\/span> <span class=\"NormalTextRun SpellingErrorV2Themed SCXW252964217 BCX0\">aix\u00f2<\/span><span class=\"NormalTextRun SCXW252964217 BCX0\"> que <\/span><span class=\"NormalTextRun SpellingErrorV2Themed SCXW252964217 BCX0\">s&#8217;interioritzi<\/span><span class=\"NormalTextRun SCXW252964217 BCX0\"> un <\/span><span class=\"NormalTextRun SpellingErrorV2Themed SCXW252964217 BCX0\">m\u00e8tode<\/span> <span class=\"NormalTextRun SpellingErrorV2Themed SCXW252964217 BCX0\">pel<\/span> <span class=\"NormalTextRun SpellingErrorV2Themed SCXW252964217 BCX0\">qual<\/span> <span class=\"NormalTextRun SpellingErrorV2Themed SCXW252964217 BCX0\">els<\/span> <span class=\"NormalTextRun SpellingErrorV2Themed SCXW252964217 BCX0\">rendiments<\/span><span class=\"NormalTextRun SCXW252964217 BCX0\"> no <\/span><span class=\"NormalTextRun SpellingErrorV2Themed SCXW252964217 BCX0\">nom\u00e9s<\/span> <span class=\"NormalTextRun SpellingErrorV2Themed SCXW252964217 BCX0\">s&#8217;optimitzen<\/span><span class=\"NormalTextRun SCXW252964217 BCX0\"> a <\/span><span class=\"NormalTextRun SpellingErrorV2Themed SCXW252964217 BCX0\">curt<\/span> <span class=\"NormalTextRun SpellingErrorV2Themed SCXW252964217 BCX0\">termini<\/span> <span class=\"NormalTextRun SpellingErrorV2Themed SCXW252964217 BCX0\">sin\u00f3<\/span> <span class=\"NormalTextRun SpellingErrorV2Themed SCXW252964217 BCX0\">sobretot<\/span><span class=\"NormalTextRun SCXW252964217 BCX0\"> i <\/span><span class=\"NormalTextRun SpellingErrorV2Themed SCXW252964217 BCX0\">m\u00e9s<\/span> <span class=\"NormalTextRun SpellingErrorV2Themed SCXW252964217 BCX0\">important<\/span><span class=\"NormalTextRun SCXW252964217 BCX0\"> tamb\u00e9 a <\/span><span class=\"NormalTextRun SpellingErrorV2Themed SCXW252964217 BCX0\">mitj\u00e0<\/span><span class=\"NormalTextRun SCXW252964217 BCX0\"> i <\/span><span class=\"NormalTextRun SpellingErrorV2Themed SCXW252964217 BCX0\">llarg<\/span><span class=\"NormalTextRun SCXW252964217 BCX0\">.<\/span><\/span><span class=\"EOP SCXW252964217 BCX0\" data-ccp-props=\"{&quot;134233117&quot;:false,&quot;134233118&quot;:false,&quot;201341983&quot;:1,&quot;335557856&quot;:16777215,&quot;335559685&quot;:-225,&quot;335559737&quot;:-225,&quot;335559738&quot;:0,&quot;335559739&quot;:338,&quot;335559740&quot;:360}\">\u00a0<\/span><\/p>\n<h3>1.- Treballar m\u00e9s que els altres<\/h3>\n<p><span data-contrast=\"none\">Un l\u00edder ha de ser sempre un exemple per al seu equip. En certa manera, ha de controlar m\u00faltiples detalls alhora, coordinar-los i fer veure als altres que <\/span><b><span data-contrast=\"none\">compta amb la suficient seguretat com per fer-ho.<\/span><\/b><span data-contrast=\"none\"> Nom\u00e9s hi ha un m\u00e8tode per aconseguir-ho i consisteix a treballar m\u00e9s que la resta dels membres d&#8217;aquest equip.<\/span><span data-ccp-props=\"{&quot;134233117&quot;:false,&quot;134233118&quot;:false,&quot;201341983&quot;:1,&quot;335557856&quot;:16777215,&quot;335559685&quot;:-225,&quot;335559737&quot;:-225,&quot;335559738&quot;:0,&quot;335559739&quot;:338,&quot;335559740&quot;:360}\">\u00a0<\/span><\/p>\n<p><span data-contrast=\"none\">En efecte, moltes persones pensen que un l\u00edder treballa m\u00e9s per donar exemple: per\u00f2, no \u00e9s que el l\u00edder faci m\u00e9s feina, sin\u00f3 que fer m\u00e9s feina fa un l\u00edder. El nivell d&#8217;informaci\u00f3 que requereix per coordinar el seu equip i les responsabilitats que haur\u00e0 d&#8217;assumir fan necessari que treballi m\u00e9s que els altres: d&#8217;aqu\u00ed, a m\u00e9s de la seva bona tasca naixer\u00e0 l&#8217;exemple per als altres.<\/span><span data-ccp-props=\"{&quot;134233117&quot;:false,&quot;134233118&quot;:false,&quot;201341983&quot;:1,&quot;335557856&quot;:16777215,&quot;335559685&quot;:-225,&quot;335559737&quot;:-225,&quot;335559738&quot;:0,&quot;335559739&quot;:338,&quot;335559740&quot;:360}\">\u00a0<\/span><\/p>\n<h3>2.- Capacitat organitzativa<\/h3>\n<p><span data-contrast=\"none\">Com hem dit, un l\u00edder ha de manejar gran quantitat d&#8217;informaci\u00f3 en la gesti\u00f3 d&#8217;un equip. Per\u00f2 <strong>tamb\u00e9 ha de poder donar-li sentit i organitzar-la<\/strong> per poder treure-li el m\u00e0xim partit al seu equip i a les seves decisions. Per aix\u00f2, ha de tenir capacitat per visualitzar els objectius i les estrat\u00e8gies m\u00e9s adequades per aconseguir-los.<\/span><span data-ccp-props=\"{&quot;134233117&quot;:false,&quot;134233118&quot;:false,&quot;201341983&quot;:1,&quot;335557856&quot;:16777215,&quot;335559685&quot;:-225,&quot;335559737&quot;:-225,&quot;335559738&quot;:0,&quot;335559739&quot;:338,&quot;335559740&quot;:360}\">\u00a0<\/span><\/p>\n<p><span data-contrast=\"none\">Aquest \u00e9s el segon pas del que ha de considerar el lideratge empresarial: obtenir la informaci\u00f3 necess\u00e0ria per fer <strong>una gesti\u00f3 id\u00f2nia dels recursos de qu\u00e8 es disposen.\u00a0<\/strong><\/span><strong>\u00a0<\/strong><\/p>\n<h3>3.- Versatilitat emocional<\/h3>\n<p><span data-contrast=\"none\">En aquest punt el que el lideratge empresarial ha de buscar \u00e9s una capacitat per dominar cada situaci\u00f3. Un l\u00edder empresarial ha de saber relacionar-se en qualsevol situaci\u00f3 possible. Aix\u00f2 requereix de<\/span><b><span data-contrast=\"none\"> l&#8217;anomenada <\/span><\/b><a href=\"https:\/\/es.wikipedia.org\/wiki\/Inteligencia_emocional\" target=\"_blank\" rel=\"noopener\"><span data-contrast=\"none\">intel\u00b7lig\u00e8ncia emocional<\/span><\/a><span data-contrast=\"none\"> o empatia per poder recon\u00e8ixer el perfil de l&#8217;altra persona i els punts en qu\u00e8 podem incidir per obtenir bons resultats.<\/span><span data-ccp-props=\"{&quot;134233117&quot;:false,&quot;134233118&quot;:false,&quot;201341983&quot;:1,&quot;335557856&quot;:16777215,&quot;335559685&quot;:-225,&quot;335559737&quot;:-225,&quot;335559738&quot;:0,&quot;335559739&quot;:338,&quot;335559740&quot;:360}\">\u00a0<\/span><\/p>\n<p><span data-contrast=\"none\">\u00c9s un aspecte fonamental si el que volem \u00e9s formar equips i ambients de treball competitius i amb una atmosfera on tots poden sentir-se part\u00edcips i sumar.<\/span><span data-ccp-props=\"{&quot;134233117&quot;:false,&quot;134233118&quot;:false,&quot;201341983&quot;:1,&quot;335557856&quot;:16777215,&quot;335559685&quot;:-225,&quot;335559737&quot;:-225,&quot;335559738&quot;:0,&quot;335559739&quot;:338,&quot;335559740&quot;:360}\">\u00a0<\/span><\/p>\n<h3>4.- Decisi\u00f3 i inseguretat<\/h3>\n<p><span data-contrast=\"none\">Una cosa important que atorga la formaci\u00f3 especialitzada de l&#8217;Euncet Business School \u00e9s la seguretat que dona als qui la reben. En efecte, amb la nostra formaci\u00f3 <\/span><b><span data-contrast=\"none\">creem professionals amb totes les eines i recursos provinents del m\u00f3n real i empresarial,<\/span><\/b><span data-contrast=\"none\"> capa\u00e7os de prendre decisions amb seguretat i capacitats suficients.<\/span><span data-ccp-props=\"{&quot;134233117&quot;:false,&quot;134233118&quot;:false,&quot;201341983&quot;:1,&quot;335557856&quot;:16777215,&quot;335559685&quot;:-225,&quot;335559737&quot;:-225,&quot;335559738&quot;:0,&quot;335559739&quot;:338,&quot;335559740&quot;:360}\">\u00a0<\/span><\/p>\n<p><span data-contrast=\"none\">En el lideratge empresarial aquesta \u00e9s crucial que fa l\u00edder una persona: qui totes les altres hi confi\u00efn. \u00c9s un valor intangible que suma molt\u00edssim a qualsevol companyia i qualsevol grup hum\u00e0.<\/span><span data-ccp-props=\"{&quot;134233117&quot;:false,&quot;134233118&quot;:false,&quot;201341983&quot;:1,&quot;335557856&quot;:16777215,&quot;335559685&quot;:-225,&quot;335559737&quot;:-225,&quot;335559738&quot;:0,&quot;335559739&quot;:338,&quot;335559740&quot;:360}\">\u00a0<\/span><\/p>\n<h3>5.- Responsabilitat<\/h3>\n<p><span data-contrast=\"none\">El paper de l\u00edder pot ser apassionant. \u00c9s un rol que exigeix una gran capacitat, grans oportunitats i, alhora, una gran responsabilitat. En efecte, si reunim les caracter\u00edstiques i tasques de les quals venim parlant, ens adonem que totes engendren una gran responsabilitat.<\/span><span data-ccp-props=\"{&quot;134233117&quot;:false,&quot;134233118&quot;:false,&quot;201341983&quot;:1,&quot;335557856&quot;:16777215,&quot;335559685&quot;:-225,&quot;335559737&quot;:-225,&quot;335559738&quot;:0,&quot;335559739&quot;:338,&quot;335559740&quot;:360}\">\u00a0<\/span><\/p>\n<p><span data-contrast=\"none\">Un l\u00edder l&#8217;ha d&#8217;assumir,<\/span><b><span data-contrast=\"none\"> fins i tot quan hagi pres decisions equivocades<\/span><\/b><span data-contrast=\"none\">. \u00c9s molt important que una persona que assumeixi el lideratge empresarial estigui posteriorment disposada a assumir la seva responsabilitat sense delegar en d&#8217;altres. Fer-ho suposaria un deteriorament en la confian\u00e7a que l&#8217;equip diposita en ell i que, al cap i a la fi, \u00e9s la que fa possible la seva tasca.<\/span><span data-ccp-props=\"{&quot;134233117&quot;:false,&quot;134233118&quot;:false,&quot;201341983&quot;:1,&quot;335557856&quot;:16777215,&quot;335559685&quot;:-225,&quot;335559737&quot;:-225,&quot;335559738&quot;:0,&quot;335559739&quot;:338,&quot;335559740&quot;:360}\">\u00a0<\/span><\/p>\n<p><a href=\"https:\/\/www.euncet.es\/es\/executive-education\/posgrado-liderazgo-habilidades-directivas\" target=\"_blank\" rel=\"noopener noreferrer\"><img fetchpriority=\"high\" decoding=\"async\" class=\"aligncenter wp-image-52423 size-full\" src=\"https:\/\/blog.euncet.com\/wp-content\/uploads\/2019\/01\/9-PLHD-H-1.gif\" alt=\"\" width=\"750\" height=\"230\" \/><\/a><\/p>\n<p><span class=\"TextRun SCXW123676235 BCX0\" lang=\"ES-ES\" xml:lang=\"ES-ES\" data-contrast=\"none\"><span class=\"NormalTextRun SCXW123676235 BCX0\">En definitiva, un l\u00edder ha de ser un gestor responsable de m\u00faltiples <\/span><span class=\"NormalTextRun SpellingErrorV2Themed SCXW123676235 BCX0\">nivells<\/span><span class=\"NormalTextRun SCXW123676235 BCX0\">. <\/span><span class=\"NormalTextRun SpellingErrorV2Themed SCXW123676235 BCX0\">Alguns<\/span> <span class=\"NormalTextRun SpellingErrorV2Themed SCXW123676235 BCX0\">d&#8217;ells<\/span> <span class=\"NormalTextRun SpellingErrorV2Themed SCXW123676235 BCX0\">inclouen<\/span> <span class=\"NormalTextRun SpellingErrorV2Themed SCXW123676235 BCX0\">els<\/span> <span class=\"NormalTextRun SpellingErrorV2Themed SCXW123676235 BCX0\">dels<\/span> <span class=\"NormalTextRun SpellingErrorV2Themed SCXW123676235 BCX0\">equips<\/span> <span class=\"NormalTextRun SpellingErrorV2Themed SCXW123676235 BCX0\">humans<\/span> <span class=\"NormalTextRun SpellingErrorV2Themed SCXW123676235 BCX0\">involucrats<\/span><span class=\"NormalTextRun SCXW123676235 BCX0\">, <\/span><span class=\"NormalTextRun SpellingErrorV2Themed SCXW123676235 BCX0\">altres<\/span> <span class=\"NormalTextRun SpellingErrorV2Themed SCXW123676235 BCX0\">els<\/span><span class=\"NormalTextRun SCXW123676235 BCX0\"> de les tasques <\/span><span class=\"NormalTextRun SpellingErrorV2Themed SCXW123676235 BCX0\">organitzatives<\/span> <span class=\"NormalTextRun SpellingErrorV2Themed SCXW123676235 BCX0\">associades<\/span><span class=\"NormalTextRun SCXW123676235 BCX0\"> a les tasques de <\/span><span class=\"NormalTextRun SpellingErrorV2Themed SCXW123676235 BCX0\">l&#8217;empresa<\/span><span class=\"NormalTextRun SCXW123676235 BCX0\">. <\/span><span class=\"NormalTextRun SpellingErrorV2Themed SCXW123676235 BCX0\">D&#8217;altres<\/span><span class=\"NormalTextRun SCXW123676235 BCX0\">, en definitiva, a les <\/span><span class=\"NormalTextRun SpellingErrorV2Themed SCXW123676235 BCX0\">emocions<\/span><span class=\"NormalTextRun SCXW123676235 BCX0\"> i <\/span><span class=\"NormalTextRun SpellingErrorV2Themed SCXW123676235 BCX0\">habilitats<\/span> <span class=\"NormalTextRun SpellingErrorV2Themed SCXW123676235 BCX0\">socials<\/span><span class=\"NormalTextRun SCXW123676235 BCX0\"> involucrades en <\/span><span class=\"NormalTextRun SpellingErrorV2Themed SCXW123676235 BCX0\">qualsevol<\/span> <span class=\"NormalTextRun SpellingErrorV2Themed SCXW123676235 BCX0\">proc\u00e9s<\/span><span class=\"NormalTextRun SCXW123676235 BCX0\"> empresarial i\/o de <\/span><span class=\"NormalTextRun SpellingErrorV2Themed SCXW123676235 BCX0\">negociaci\u00f3<\/span><span class=\"NormalTextRun SCXW123676235 BCX0\">. Un <\/span><span class=\"NormalTextRun SpellingErrorV2Themed SCXW123676235 BCX0\">professional<\/span> <span class=\"NormalTextRun SpellingErrorV2Themed SCXW123676235 BCX0\">vers\u00e0til<\/span><span class=\"NormalTextRun SCXW123676235 BCX0\"> que a <\/span><span class=\"NormalTextRun SpellingErrorV2Themed SCXW123676235 BCX0\">l\u2019<\/span><span class=\"NormalTextRun SpellingErrorV2Themed SCXW123676235 BCX0\">Euncet<\/span><span class=\"NormalTextRun SCXW123676235 BCX0\"> Business <\/span><span class=\"NormalTextRun SpellingErrorV2Themed SCXW123676235 BCX0\">School<\/span> <span class=\"NormalTextRun SpellingErrorV2Themed SCXW123676235 BCX0\">som<\/span> <span class=\"NormalTextRun SpellingErrorV2Themed SCXW123676235 BCX0\">especialistes<\/span><span class=\"NormalTextRun SCXW123676235 BCX0\"> a formar.<\/span><\/span><span class=\"EOP SCXW123676235 BCX0\" data-ccp-props=\"{&quot;134233117&quot;:false,&quot;134233118&quot;:false,&quot;201341983&quot;:1,&quot;335557856&quot;:16777215,&quot;335559685&quot;:-225,&quot;335559737&quot;:-225,&quot;335559738&quot;:0,&quot;335559739&quot;:338,&quot;335559740&quot;:360}\">\u00a0<\/span><\/p>\n","protected":false},"excerpt":{"rendered":"<p>A l\u2019Euncet Business School sabem l&#8217;important que \u00e9s el lideratge empresarial. Per aix\u00f2 podem oferir-te la millor formaci\u00f3 relacionada amb aix\u00f2. Com a exemple, el nostre postgrau en Lideratge i Habilitats Directives. Totes elles amb el millor equip de docents i el m\u00e0xim enfocament al m\u00f3n empresarial. Deixa que et parlem ara de lideratge empresarial.\u00a0 [&hellip;]<\/p>\n","protected":false},"author":28,"featured_media":38802,"comment_status":"closed","ping_status":"closed","sticky":false,"template":"","format":"standard","meta":{"_acf_changed":false,"footnotes":""},"categories":[453],"tags":[],"class_list":["post-63006","post","type-post","status-publish","format-standard","has-post-thumbnail","hentry","category-leadership-management-ca"],"acf":[],"yoast_head":"<!-- This site is optimized with the Yoast SEO plugin v27.5 - https:\/\/yoast.com\/product\/yoast-seo-wordpress\/ -->\n<title>Lideratge empresarial: com ser un bon l\u00edder? - Euncet Business School<\/title>\n<meta name=\"description\" content=\"Descobreix les claus del lideratge empresarial i apr\u00e8n a desenvolupar confian\u00e7a, empatia i responsabilitat per gestionar equips amb \u00e8xit.\" \/>\n<meta name=\"robots\" content=\"index, follow, max-snippet:-1, max-image-preview:large, max-video-preview:-1\" \/>\n<link rel=\"canonical\" href=\"https:\/\/www.euncet.com\/blog\/ca\/lideratge-empresarial-com-ser-un-bon-lider\/\" \/>\n<meta property=\"og:locale\" content=\"ca_ES\" \/>\n<meta property=\"og:type\" content=\"article\" \/>\n<meta property=\"og:title\" content=\"Lideratge empresarial: com ser un bon l\u00edder? - Euncet Business School\" \/>\n<meta property=\"og:description\" content=\"Descobreix les claus del lideratge empresarial i apr\u00e8n a desenvolupar confian\u00e7a, empatia i responsabilitat per gestionar equips amb \u00e8xit.\" \/>\n<meta property=\"og:url\" content=\"https:\/\/www.euncet.com\/blog\/ca\/lideratge-empresarial-com-ser-un-bon-lider\/\" \/>\n<meta property=\"og:site_name\" content=\"Euncet Business School\" \/>\n<meta property=\"article:publisher\" content=\"https:\/\/www.facebook.com\/euncet\" \/>\n<meta property=\"article:published_time\" content=\"2019-01-29T14:20:30+00:00\" \/>\n<meta property=\"article:modified_time\" content=\"2024-11-28T10:52:45+00:00\" \/>\n<meta property=\"og:image\" content=\"https:\/\/www.euncet.com\/blog\/wp-content\/uploads\/2019\/02\/liderazgo-empresarial-como-ser-un-buen-lider.jpg\" \/>\n\t<meta property=\"og:image:width\" content=\"900\" \/>\n\t<meta property=\"og:image:height\" content=\"600\" \/>\n\t<meta property=\"og:image:type\" content=\"image\/jpeg\" \/>\n<meta name=\"author\" content=\"euncet\" \/>\n<meta name=\"twitter:card\" content=\"summary_large_image\" \/>\n<meta name=\"twitter:creator\" content=\"@euncet\" \/>\n<meta name=\"twitter:site\" content=\"@euncet\" \/>\n<meta name=\"twitter:label1\" content=\"Escrit per\" \/>\n\t<meta name=\"twitter:data1\" content=\"euncet\" \/>\n\t<meta name=\"twitter:label2\" content=\"Temps estimat de lectura\" \/>\n\t<meta name=\"twitter:data2\" content=\"4 minuts\" \/>\n<script type=\"application\/ld+json\" class=\"yoast-schema-graph\">{\"@context\":\"https:\\\/\\\/schema.org\",\"@graph\":[{\"@type\":\"Article\",\"@id\":\"https:\\\/\\\/www.euncet.com\\\/blog\\\/ca\\\/lideratge-empresarial-com-ser-un-bon-lider\\\/#article\",\"isPartOf\":{\"@id\":\"https:\\\/\\\/www.euncet.com\\\/blog\\\/ca\\\/lideratge-empresarial-com-ser-un-bon-lider\\\/\"},\"author\":{\"name\":\"euncet\",\"@id\":\"https:\\\/\\\/www.euncet.com\\\/blog\\\/ca\\\/#\\\/schema\\\/person\\\/8253e592273eb1f7a48788902ca03268\"},\"headline\":\"Lideratge empresarial: com ser un bon l\u00edder?\",\"datePublished\":\"2019-01-29T14:20:30+00:00\",\"dateModified\":\"2024-11-28T10:52:45+00:00\",\"mainEntityOfPage\":{\"@id\":\"https:\\\/\\\/www.euncet.com\\\/blog\\\/ca\\\/lideratge-empresarial-com-ser-un-bon-lider\\\/\"},\"wordCount\":745,\"image\":{\"@id\":\"https:\\\/\\\/www.euncet.com\\\/blog\\\/ca\\\/lideratge-empresarial-com-ser-un-bon-lider\\\/#primaryimage\"},\"thumbnailUrl\":\"https:\\\/\\\/www.euncet.com\\\/blog\\\/wp-content\\\/uploads\\\/2019\\\/02\\\/liderazgo-empresarial-como-ser-un-buen-lider.jpg\",\"articleSection\":[\"Leadership &amp; Management: tend\u00e8ncies\"],\"inLanguage\":\"ca\"},{\"@type\":\"WebPage\",\"@id\":\"https:\\\/\\\/www.euncet.com\\\/blog\\\/ca\\\/lideratge-empresarial-com-ser-un-bon-lider\\\/\",\"url\":\"https:\\\/\\\/www.euncet.com\\\/blog\\\/ca\\\/lideratge-empresarial-com-ser-un-bon-lider\\\/\",\"name\":\"Lideratge empresarial: com ser un bon l\u00edder? - Euncet Business School\",\"isPartOf\":{\"@id\":\"https:\\\/\\\/www.euncet.com\\\/blog\\\/ca\\\/#website\"},\"primaryImageOfPage\":{\"@id\":\"https:\\\/\\\/www.euncet.com\\\/blog\\\/ca\\\/lideratge-empresarial-com-ser-un-bon-lider\\\/#primaryimage\"},\"image\":{\"@id\":\"https:\\\/\\\/www.euncet.com\\\/blog\\\/ca\\\/lideratge-empresarial-com-ser-un-bon-lider\\\/#primaryimage\"},\"thumbnailUrl\":\"https:\\\/\\\/www.euncet.com\\\/blog\\\/wp-content\\\/uploads\\\/2019\\\/02\\\/liderazgo-empresarial-como-ser-un-buen-lider.jpg\",\"datePublished\":\"2019-01-29T14:20:30+00:00\",\"dateModified\":\"2024-11-28T10:52:45+00:00\",\"author\":{\"@id\":\"https:\\\/\\\/www.euncet.com\\\/blog\\\/ca\\\/#\\\/schema\\\/person\\\/8253e592273eb1f7a48788902ca03268\"},\"description\":\"Descobreix les claus del lideratge empresarial i apr\u00e8n a desenvolupar confian\u00e7a, empatia i responsabilitat per gestionar equips amb \u00e8xit.\",\"breadcrumb\":{\"@id\":\"https:\\\/\\\/www.euncet.com\\\/blog\\\/ca\\\/lideratge-empresarial-com-ser-un-bon-lider\\\/#breadcrumb\"},\"inLanguage\":\"ca\",\"potentialAction\":[{\"@type\":\"ReadAction\",\"target\":[\"https:\\\/\\\/www.euncet.com\\\/blog\\\/ca\\\/lideratge-empresarial-com-ser-un-bon-lider\\\/\"]}]},{\"@type\":\"ImageObject\",\"inLanguage\":\"ca\",\"@id\":\"https:\\\/\\\/www.euncet.com\\\/blog\\\/ca\\\/lideratge-empresarial-com-ser-un-bon-lider\\\/#primaryimage\",\"url\":\"https:\\\/\\\/www.euncet.com\\\/blog\\\/wp-content\\\/uploads\\\/2019\\\/02\\\/liderazgo-empresarial-como-ser-un-buen-lider.jpg\",\"contentUrl\":\"https:\\\/\\\/www.euncet.com\\\/blog\\\/wp-content\\\/uploads\\\/2019\\\/02\\\/liderazgo-empresarial-como-ser-un-buen-lider.jpg\",\"width\":900,\"height\":600,\"caption\":\"liderazgo empresarial\"},{\"@type\":\"BreadcrumbList\",\"@id\":\"https:\\\/\\\/www.euncet.com\\\/blog\\\/ca\\\/lideratge-empresarial-com-ser-un-bon-lider\\\/#breadcrumb\",\"itemListElement\":[{\"@type\":\"ListItem\",\"position\":1,\"name\":\"Portada\",\"item\":\"https:\\\/\\\/www.euncet.com\\\/blog\\\/ca\\\/\"},{\"@type\":\"ListItem\",\"position\":2,\"name\":\"Lideratge empresarial: com ser un bon l\u00edder?\"}]},{\"@type\":\"WebSite\",\"@id\":\"https:\\\/\\\/www.euncet.com\\\/blog\\\/ca\\\/#website\",\"url\":\"https:\\\/\\\/www.euncet.com\\\/blog\\\/ca\\\/\",\"name\":\"Euncet Business School\",\"description\":\"Escuela de negocios\",\"potentialAction\":[{\"@type\":\"SearchAction\",\"target\":{\"@type\":\"EntryPoint\",\"urlTemplate\":\"https:\\\/\\\/www.euncet.com\\\/blog\\\/ca\\\/?s={search_term_string}\"},\"query-input\":{\"@type\":\"PropertyValueSpecification\",\"valueRequired\":true,\"valueName\":\"search_term_string\"}}],\"inLanguage\":\"ca\"},{\"@type\":\"Person\",\"@id\":\"https:\\\/\\\/www.euncet.com\\\/blog\\\/ca\\\/#\\\/schema\\\/person\\\/8253e592273eb1f7a48788902ca03268\",\"name\":\"euncet\",\"image\":{\"@type\":\"ImageObject\",\"inLanguage\":\"ca\",\"@id\":\"https:\\\/\\\/secure.gravatar.com\\\/avatar\\\/ee2ce5f049e82b74bcc6b8db4c5e9c717e35544f3cde91d14a3daa9827fe21f0?s=96&d=mm&r=g\",\"url\":\"https:\\\/\\\/secure.gravatar.com\\\/avatar\\\/ee2ce5f049e82b74bcc6b8db4c5e9c717e35544f3cde91d14a3daa9827fe21f0?s=96&d=mm&r=g\",\"contentUrl\":\"https:\\\/\\\/secure.gravatar.com\\\/avatar\\\/ee2ce5f049e82b74bcc6b8db4c5e9c717e35544f3cde91d14a3daa9827fe21f0?s=96&d=mm&r=g\",\"caption\":\"euncet\"},\"url\":\"https:\\\/\\\/www.euncet.com\\\/blog\\\/ca\\\/author\\\/euncet\\\/\"}]}<\/script>\n<!-- \/ Yoast SEO plugin. -->","yoast_head_json":{"title":"Lideratge empresarial: com ser un bon l\u00edder? - Euncet Business School","description":"Descobreix les claus del lideratge empresarial i apr\u00e8n a desenvolupar confian\u00e7a, empatia i responsabilitat per gestionar equips amb \u00e8xit.","robots":{"index":"index","follow":"follow","max-snippet":"max-snippet:-1","max-image-preview":"max-image-preview:large","max-video-preview":"max-video-preview:-1"},"canonical":"https:\/\/www.euncet.com\/blog\/ca\/lideratge-empresarial-com-ser-un-bon-lider\/","og_locale":"ca_ES","og_type":"article","og_title":"Lideratge empresarial: com ser un bon l\u00edder? - Euncet Business School","og_description":"Descobreix les claus del lideratge empresarial i apr\u00e8n a desenvolupar confian\u00e7a, empatia i responsabilitat per gestionar equips amb \u00e8xit.","og_url":"https:\/\/www.euncet.com\/blog\/ca\/lideratge-empresarial-com-ser-un-bon-lider\/","og_site_name":"Euncet Business School","article_publisher":"https:\/\/www.facebook.com\/euncet","article_published_time":"2019-01-29T14:20:30+00:00","article_modified_time":"2024-11-28T10:52:45+00:00","og_image":[{"width":900,"height":600,"url":"https:\/\/www.euncet.com\/blog\/wp-content\/uploads\/2019\/02\/liderazgo-empresarial-como-ser-un-buen-lider.jpg","type":"image\/jpeg"}],"author":"euncet","twitter_card":"summary_large_image","twitter_creator":"@euncet","twitter_site":"@euncet","twitter_misc":{"Escrit per":"euncet","Temps estimat de lectura":"4 minuts"},"schema":{"@context":"https:\/\/schema.org","@graph":[{"@type":"Article","@id":"https:\/\/www.euncet.com\/blog\/ca\/lideratge-empresarial-com-ser-un-bon-lider\/#article","isPartOf":{"@id":"https:\/\/www.euncet.com\/blog\/ca\/lideratge-empresarial-com-ser-un-bon-lider\/"},"author":{"name":"euncet","@id":"https:\/\/www.euncet.com\/blog\/ca\/#\/schema\/person\/8253e592273eb1f7a48788902ca03268"},"headline":"Lideratge empresarial: com ser un bon l\u00edder?","datePublished":"2019-01-29T14:20:30+00:00","dateModified":"2024-11-28T10:52:45+00:00","mainEntityOfPage":{"@id":"https:\/\/www.euncet.com\/blog\/ca\/lideratge-empresarial-com-ser-un-bon-lider\/"},"wordCount":745,"image":{"@id":"https:\/\/www.euncet.com\/blog\/ca\/lideratge-empresarial-com-ser-un-bon-lider\/#primaryimage"},"thumbnailUrl":"https:\/\/www.euncet.com\/blog\/wp-content\/uploads\/2019\/02\/liderazgo-empresarial-como-ser-un-buen-lider.jpg","articleSection":["Leadership &amp; Management: tend\u00e8ncies"],"inLanguage":"ca"},{"@type":"WebPage","@id":"https:\/\/www.euncet.com\/blog\/ca\/lideratge-empresarial-com-ser-un-bon-lider\/","url":"https:\/\/www.euncet.com\/blog\/ca\/lideratge-empresarial-com-ser-un-bon-lider\/","name":"Lideratge empresarial: com ser un bon l\u00edder? - Euncet Business School","isPartOf":{"@id":"https:\/\/www.euncet.com\/blog\/ca\/#website"},"primaryImageOfPage":{"@id":"https:\/\/www.euncet.com\/blog\/ca\/lideratge-empresarial-com-ser-un-bon-lider\/#primaryimage"},"image":{"@id":"https:\/\/www.euncet.com\/blog\/ca\/lideratge-empresarial-com-ser-un-bon-lider\/#primaryimage"},"thumbnailUrl":"https:\/\/www.euncet.com\/blog\/wp-content\/uploads\/2019\/02\/liderazgo-empresarial-como-ser-un-buen-lider.jpg","datePublished":"2019-01-29T14:20:30+00:00","dateModified":"2024-11-28T10:52:45+00:00","author":{"@id":"https:\/\/www.euncet.com\/blog\/ca\/#\/schema\/person\/8253e592273eb1f7a48788902ca03268"},"description":"Descobreix les claus del lideratge empresarial i apr\u00e8n a desenvolupar confian\u00e7a, empatia i responsabilitat per gestionar equips amb \u00e8xit.","breadcrumb":{"@id":"https:\/\/www.euncet.com\/blog\/ca\/lideratge-empresarial-com-ser-un-bon-lider\/#breadcrumb"},"inLanguage":"ca","potentialAction":[{"@type":"ReadAction","target":["https:\/\/www.euncet.com\/blog\/ca\/lideratge-empresarial-com-ser-un-bon-lider\/"]}]},{"@type":"ImageObject","inLanguage":"ca","@id":"https:\/\/www.euncet.com\/blog\/ca\/lideratge-empresarial-com-ser-un-bon-lider\/#primaryimage","url":"https:\/\/www.euncet.com\/blog\/wp-content\/uploads\/2019\/02\/liderazgo-empresarial-como-ser-un-buen-lider.jpg","contentUrl":"https:\/\/www.euncet.com\/blog\/wp-content\/uploads\/2019\/02\/liderazgo-empresarial-como-ser-un-buen-lider.jpg","width":900,"height":600,"caption":"liderazgo empresarial"},{"@type":"BreadcrumbList","@id":"https:\/\/www.euncet.com\/blog\/ca\/lideratge-empresarial-com-ser-un-bon-lider\/#breadcrumb","itemListElement":[{"@type":"ListItem","position":1,"name":"Portada","item":"https:\/\/www.euncet.com\/blog\/ca\/"},{"@type":"ListItem","position":2,"name":"Lideratge empresarial: com ser un bon l\u00edder?"}]},{"@type":"WebSite","@id":"https:\/\/www.euncet.com\/blog\/ca\/#website","url":"https:\/\/www.euncet.com\/blog\/ca\/","name":"Euncet Business School","description":"Escuela de negocios","potentialAction":[{"@type":"SearchAction","target":{"@type":"EntryPoint","urlTemplate":"https:\/\/www.euncet.com\/blog\/ca\/?s={search_term_string}"},"query-input":{"@type":"PropertyValueSpecification","valueRequired":true,"valueName":"search_term_string"}}],"inLanguage":"ca"},{"@type":"Person","@id":"https:\/\/www.euncet.com\/blog\/ca\/#\/schema\/person\/8253e592273eb1f7a48788902ca03268","name":"euncet","image":{"@type":"ImageObject","inLanguage":"ca","@id":"https:\/\/secure.gravatar.com\/avatar\/ee2ce5f049e82b74bcc6b8db4c5e9c717e35544f3cde91d14a3daa9827fe21f0?s=96&d=mm&r=g","url":"https:\/\/secure.gravatar.com\/avatar\/ee2ce5f049e82b74bcc6b8db4c5e9c717e35544f3cde91d14a3daa9827fe21f0?s=96&d=mm&r=g","contentUrl":"https:\/\/secure.gravatar.com\/avatar\/ee2ce5f049e82b74bcc6b8db4c5e9c717e35544f3cde91d14a3daa9827fe21f0?s=96&d=mm&r=g","caption":"euncet"},"url":"https:\/\/www.euncet.com\/blog\/ca\/author\/euncet\/"}]}},"_links":{"self":[{"href":"https:\/\/www.euncet.com\/blog\/ca\/wp-json\/wp\/v2\/posts\/63006","targetHints":{"allow":["GET"]}}],"collection":[{"href":"https:\/\/www.euncet.com\/blog\/ca\/wp-json\/wp\/v2\/posts"}],"about":[{"href":"https:\/\/www.euncet.com\/blog\/ca\/wp-json\/wp\/v2\/types\/post"}],"author":[{"embeddable":true,"href":"https:\/\/www.euncet.com\/blog\/ca\/wp-json\/wp\/v2\/users\/28"}],"replies":[{"embeddable":true,"href":"https:\/\/www.euncet.com\/blog\/ca\/wp-json\/wp\/v2\/comments?post=63006"}],"version-history":[{"count":0,"href":"https:\/\/www.euncet.com\/blog\/ca\/wp-json\/wp\/v2\/posts\/63006\/revisions"}],"wp:featuredmedia":[{"embeddable":true,"href":"https:\/\/www.euncet.com\/blog\/ca\/wp-json\/wp\/v2\/media\/38802"}],"wp:attachment":[{"href":"https:\/\/www.euncet.com\/blog\/ca\/wp-json\/wp\/v2\/media?parent=63006"}],"wp:term":[{"taxonomy":"category","embeddable":true,"href":"https:\/\/www.euncet.com\/blog\/ca\/wp-json\/wp\/v2\/categories?post=63006"},{"taxonomy":"post_tag","embeddable":true,"href":"https:\/\/www.euncet.com\/blog\/ca\/wp-json\/wp\/v2\/tags?post=63006"}],"curies":[{"name":"wp","href":"https:\/\/api.w.org\/{rel}","templated":true}]}}