{"id":63920,"date":"2024-09-09T09:50:04","date_gmt":"2024-09-09T07:50:04","guid":{"rendered":"https:\/\/blog.euncet.com\/?p=63920"},"modified":"2024-11-28T11:21:20","modified_gmt":"2024-11-28T10:21:20","slug":"formacio-per-a-executius-i-professionals","status":"publish","type":"post","link":"https:\/\/www.euncet.com\/blog\/ca\/formacio-per-a-executius-i-professionals\/","title":{"rendered":"Formaci\u00f3 per a executius i professionals | Blog de l&#8217;Euncet"},"content":{"rendered":"\n<p>Qui ha dit que els estudis universitaris o l&#8217;arribada al mercat laboral s\u00f3n el final de la teva traject\u00f2ria formativa? Cada vegada s\u00f3n m\u00e9s les <strong>escoles de negocis<\/strong> que estan sent conscients de la necessitat d&#8217;incorporar a la seva oferta formativa programes dirigits tant a <strong>professionals<\/strong> que encara estan desenvolupant la seva traject\u00f2ria acad\u00e8mica com a aquelles persones que ja es troben al <strong>mercat laboral<\/strong> i desitgen assumir <strong>posicions de m\u00e9s responsabilitat<\/strong>.<\/p><div id=\"ez-toc-container\" class=\"ez-toc-v2_0_82_2 counter-hierarchy ez-toc-counter ez-toc-custom ez-toc-container-direction\">\n<div class=\"ez-toc-title-container\">\n<p class=\"ez-toc-title\" style=\"cursor:inherit\">\u00cdNDEX DE CONTINGUTS<\/p>\n<span class=\"ez-toc-title-toggle\"><a href=\"#\" class=\"ez-toc-pull-right ez-toc-btn ez-toc-btn-xs ez-toc-btn-default ez-toc-toggle\" aria-label=\"Toggle Table of Content\"><span class=\"ez-toc-js-icon-con\"><span class=\"\"><span class=\"eztoc-hide\" style=\"display:none;\">Toggle<\/span><span class=\"ez-toc-icon-toggle-span\"><svg style=\"fill: #222222;color:#222222\" xmlns=\"http:\/\/www.w3.org\/2000\/svg\" class=\"list-377408\" width=\"20px\" height=\"20px\" viewBox=\"0 0 24 24\" fill=\"none\"><path d=\"M6 6H4v2h2V6zm14 0H8v2h12V6zM4 11h2v2H4v-2zm16 0H8v2h12v-2zM4 16h2v2H4v-2zm16 0H8v2h12v-2z\" fill=\"currentColor\"><\/path><\/svg><svg style=\"fill: #222222;color:#222222\" class=\"arrow-unsorted-368013\" xmlns=\"http:\/\/www.w3.org\/2000\/svg\" width=\"10px\" height=\"10px\" viewBox=\"0 0 24 24\" version=\"1.2\" baseProfile=\"tiny\"><path d=\"M18.2 9.3l-6.2-6.3-6.2 6.3c-.2.2-.3.4-.3.7s.1.5.3.7c.2.2.4.3.7.3h11c.3 0 .5-.1.7-.3.2-.2.3-.5.3-.7s-.1-.5-.3-.7zM5.8 14.7l6.2 6.3 6.2-6.3c.2-.2.3-.5.3-.7s-.1-.5-.3-.7c-.2-.2-.4-.3-.7-.3h-11c-.3 0-.5.1-.7.3-.2.2-.3.5-.3.7s.1.5.3.7z\"\/><\/svg><\/span><\/span><\/span><\/a><\/span><\/div>\n<nav><ul class='ez-toc-list ez-toc-list-level-1 ' ><li class='ez-toc-page-1 ez-toc-heading-level-2'><a class=\"ez-toc-link ez-toc-heading-1\" href=\"https:\/\/www.euncet.com\/blog\/ca\/formacio-per-a-executius-i-professionals\/#La_diferencia_entre_un_master_i_un_postgrau\" >La difer\u00e8ncia entre un m\u00e0ster i un postgrau<\/a><\/li><li class='ez-toc-page-1 ez-toc-heading-level-2'><a class=\"ez-toc-link ez-toc-heading-2\" href=\"https:\/\/www.euncet.com\/blog\/ca\/formacio-per-a-executius-i-professionals\/#Descobreix_els_programes_dExecutive_Education\" >Descobreix els programes d&#8217;Executive Education<\/a><\/li><li class='ez-toc-page-1 ez-toc-heading-level-2'><a class=\"ez-toc-link ez-toc-heading-3\" href=\"https:\/\/www.euncet.com\/blog\/ca\/formacio-per-a-executius-i-professionals\/#Coneixes_lEuncet_Business_School\" >Coneixes l\u2019Euncet Business School?<\/a><\/li><\/ul><\/nav><\/div>\n\n\n\n\n<p>En aquest context, la <strong>formaci\u00f3 per a executius i professionals<\/strong> de l\u2019<strong>Euncet Business School<\/strong>, anomenada <strong>Executive Education<\/strong>, compta amb una s\u00e8rie de postgraus i m\u00e0sters dissenyats perqu\u00e8 portin l&#8217;<strong>excel\u00b7l\u00e8ncia al teu desenvolupament directiu<\/strong>. Aquests programes, que anomenem de \u201c<strong>formaci\u00f3 permanent<\/strong>\u201d, suposen una formaci\u00f3 cont\u00ednua per a l&#8217;estudiant que decideix cursar-los i estan actualitzats tenint en compte les <strong>darreres tend\u00e8ncies<\/strong> a l&#8217;ecosistema empresarial global.<\/p>\n\n\n\n<h2 class=\"wp-block-heading\"><span class=\"ez-toc-section\" id=\"La_diferencia_entre_un_master_i_un_postgrau\"><\/span>La difer\u00e8ncia entre un m\u00e0ster i un postgrau<span class=\"ez-toc-section-end\"><\/span><\/h2>\n\n\n\n<p>La formaci\u00f3 per a executius de l\u2019Euncet Business School est\u00e0 composta pel <strong>Global Executive Master in Business Administration<\/strong> i l&#8217;<strong>Executive Master en Lideratge Org\u00e0nic i Transformaci\u00f3 Conscient, <\/strong>en l&#8217;\u00e0mbit dels m\u00e0sters, i pel <strong>Postgrau en Direcci\u00f3 de Projectes<\/strong>, el <strong>Postgrau en Direcci\u00f3 de M\u00e0rqueting<\/strong>, el <strong>Postgrau en Innovaci\u00f3<\/strong>, el <strong>Postgrau en Management<\/strong> i el <strong>Postgrau en Lideratge Org\u00e0nic<\/strong>, en l\u2019\u00e0mbit dels postgraus.<\/p>\n\n\n\n<p>Per\u00f2, saps quina \u00e9s la <strong>difer\u00e8ncia<\/strong> entre un m\u00e0ster i un postgrau? Les dues difer\u00e8ncies principals s\u00f3n la durada i l\u2019especialitzaci\u00f3 d\u2019aquests. D&#8217;una banda, un m\u00e0ster \u00e9s un programa amb contingut equivalent a <strong>60 cr\u00e8dits<\/strong> ECTS, mentre que un postgrau consta de <strong>30 cr\u00e8dits<\/strong> ECTS.<\/p>\n\n\n\n<p>Pel que fa a l&#8217;especialitzaci\u00f3, els postgraus solen estar enfocats cap a una <strong>tem\u00e0tica concreta<\/strong>, mentre que els plans d&#8217;estudi dels m\u00e0sters solen estar formats per un contingut m\u00e9s <strong>transversal<\/strong> vinculat al m\u00f3n de l&#8217;empresa i el m\u00e0rqueting.<\/p>\n\n\n\n<p>Et pot interessar: <a href=\"https:\/\/blog.euncet.com\/ca\/job-shadowing\/\">Job shadowing: avantatges per als nous empleats<\/a><\/p>\n\n\n\n<h2 class=\"wp-block-heading\"><span class=\"ez-toc-section\" id=\"Descobreix_els_programes_dExecutive_Education\"><\/span>Descobreix els programes d&#8217;Executive Education<span class=\"ez-toc-section-end\"><\/span><\/h2>\n\n\n\n<p>A continuaci\u00f3, es llisten els diferents programes d&#8217;Executive Education que ofereix l&#8217;escola de negocis a la seva oferta formativa. Amb ells obtindr\u00e0s un <strong>t\u00edtol propi<\/strong> de l\u2019Euncet Business School <strong>reconegut<\/strong> per la prestigiosa <strong>Universitat Polit\u00e8cnica de Catalunya<\/strong> (UPC).<\/p>\n\n\n\n<h3 class=\"wp-block-heading\">Global Executive MBA<\/h3>\n\n\n\n<p>El <strong><a href=\"https:\/\/www.euncet.com\/ca\/executive-education\/mba-barcelona\/\">Global Executive MBA<\/a><\/strong> \u00e9s un programa integral i complet que et permetr\u00e0 aprendre a <strong>gestionar negocis i a liderar equips amb agilitat i efic\u00e0cia<\/strong> a l&#8217;escenari actual, cada vegada m\u00e9s digitalitzat i dependent d&#8217;un ecosistema global. El programa t\u00e9 una durada de <strong>9 mesos<\/strong> i s&#8217;ofereix tant en <strong>modalitat 100% online<\/strong> (en castell\u00e0 o angl\u00e8s) com en <strong>modalitat presencial<\/strong> (en castell\u00e0). Consta de <strong>60 cr\u00e8dits<\/strong> ECTS.<\/p>\n\n\n\n<h3 class=\"wp-block-heading\">Postgrau en Direcci\u00f3 de Projectes<\/h3>\n\n\n\n<p>El <strong><a href=\"https:\/\/www.euncet.com\/ca\/executive-education\/postgrau-direccio-de-projectes\/\">Postgrau en Direcci\u00f3 de Projectes<\/a><\/strong> ofereix a l&#8217;estudiant tots els coneixements i les <strong>habilitats necess\u00e0ries per a la creaci\u00f3, seguiment i control de qualsevol tipus de projecte<\/strong>. Les eines que aporta el programa permeten al participant aprofundir en la disciplina del <strong>Project Management<\/strong>, aprenent a assolir els objectius demanats per qualsevol empresa dins dels terminis establerts.<\/p>\n\n\n\n<p>S&#8217;imparteix en una <strong>modalitat presencial<\/strong> en castell\u00e0 al Campus Terrassa de l\u2019Euncet Business School i t\u00e9 una durada de <strong>4 mesos<\/strong>. Consta de <strong>30 cr\u00e8dits<\/strong> ECTS.<\/p>\n\n\n\n<h3 class=\"wp-block-heading\">Postgrau en Lideratge Org\u00e0nic<\/h3>\n\n\n\n<p>El <strong><a href=\"https:\/\/www.euncet.com\/ca\/executive-education\/postgrau-lideratge-organic\/\">Postgrau en Lideratge Org\u00e0nic<\/a><\/strong> \u00e9s la formaci\u00f3 que necessites <strong>si ets el responsable d&#8217;una empresa o un equip de persones<\/strong> i vols aprendre a liderar organitzacions fent servir un enfocament innovador. El programa, que consta de 30 cr\u00e8dits ECTS, s&#8217;imparteix en castell\u00e0 en modalitat online i t\u00e9 una durada de <strong>6 mesos<\/strong>.<\/p>\n\n\n\n<h3 class=\"wp-block-heading\">Postgrau en Management<\/h3>\n\n\n\n<p>El <strong><a href=\"https:\/\/www.euncet.com\/es\/executive-education\/posgrado-management\/\">Postgrau en Management<\/a><\/strong> ofereix una visi\u00f3 hol\u00edstica de l&#8217;empresa i les seves \u00e0rees de gesti\u00f3, preparant els estudiants per exercir <strong>rols gerencials<\/strong> que requereixin la capacitat de comunicar-se amb <strong>especialistes en diferents camps<\/strong> de gesti\u00f3. A m\u00e9s, s&#8217;enfoca a l&#8217;estudi de <strong>casos empresarials<\/strong>, entorns i mercats per enfortir la <strong>presa de decisions<\/strong> informades i minimitzar els riscos associats.<\/p>\n\n\n\n<p>Com la resta de postgraus, consta de <strong>30 cr\u00e8dits<\/strong> ECTS. S&#8217;imparteix en <strong>modalitat 100% online<\/strong> (tant en castell\u00e0 com en angl\u00e8s) i t\u00e9 una durada de <strong>6 mesos<\/strong>.<\/p>\n\n\n\n<figure class=\"wp-block-image size-full\"><img fetchpriority=\"high\" decoding=\"async\" width=\"750\" height=\"300\" src=\"https:\/\/blog.euncet.com\/wp-content\/uploads\/2024\/09\/Diseno-sin-titulo-17-3.png\" alt=\"Euncet Business School\" class=\"wp-image-63924\" srcset=\"https:\/\/www.euncet.com\/blog\/wp-content\/uploads\/2024\/09\/Diseno-sin-titulo-17-3.png 750w, https:\/\/www.euncet.com\/blog\/wp-content\/uploads\/2024\/09\/Diseno-sin-titulo-17-3-300x120.png 300w, https:\/\/www.euncet.com\/blog\/wp-content\/uploads\/2024\/09\/Diseno-sin-titulo-17-3-80x32.png 80w\" sizes=\"(max-width: 750px) 100vw, 750px\" \/><\/figure>\n\n\n\n<h2 class=\"wp-block-heading\"><span class=\"ez-toc-section\" id=\"Coneixes_lEuncet_Business_School\"><\/span>Coneixes l\u2019Euncet Business School?<span class=\"ez-toc-section-end\"><\/span><\/h2>\n\n\n\n<p><strong>Descobreix m\u00e9s<\/strong> sobre els objectius i les caracter\u00edstiques dels programes de formaci\u00f3 per a executius de l\u2019Euncet Business School a trav\u00e9s de l&#8217;<strong>entrevista<\/strong> de v\u00eddeo que es mostra a continuaci\u00f3 i decideix-te a<strong> impulsar la teva carrera professional<\/strong>.<\/p>\n\n\n\n<p>Per rebre m\u00e9s informaci\u00f3 sobre les formacions d&#8217;Executive Education, no dubtis a posar-te en contacte amb la universitat a trav\u00e9s del correu <strong><a href=\"mailto:info@euncet.com\">info@euncet.com<\/a><\/strong> o el n\u00famero de tel\u00e8fon <strong>935 47 60 66<\/strong>. Els assessors del centre estaran encantats de resoldre tots els teus dubtes i atendre&#8217;t de manera personalitzada.<\/p>\n\n\n\n<figure class=\"wp-block-embed is-type-video is-provider-youtube wp-block-embed-youtube wp-embed-aspect-16-9 wp-has-aspect-ratio\"><div class=\"wp-block-embed__wrapper\">\n<iframe title=\"Descubre la formaci\u00f3n Executive Education\" width=\"800\" height=\"450\" src=\"https:\/\/www.youtube.com\/embed\/UFqIiw8QjXc?feature=oembed&#038;enablejsapi=1&#038;origin=https:\/\/blog.euncet.com\" frameborder=\"0\" allow=\"accelerometer; autoplay; clipboard-write; encrypted-media; gyroscope; picture-in-picture; web-share\" referrerpolicy=\"strict-origin-when-cross-origin\" allowfullscreen><\/iframe>\n<\/div><\/figure>\n","protected":false},"excerpt":{"rendered":"<p>Qui ha dit que els estudis universitaris o l&#8217;arribada al mercat laboral s\u00f3n el final de la teva traject\u00f2ria formativa? Cada vegada s\u00f3n m\u00e9s les escoles de negocis que estan sent conscients de la necessitat d&#8217;incorporar a la seva oferta formativa programes dirigits tant a professionals que encara estan desenvolupant la seva traject\u00f2ria acad\u00e8mica com [&hellip;]<\/p>\n","protected":false},"author":28,"featured_media":63921,"comment_status":"open","ping_status":"open","sticky":false,"template":"","format":"standard","meta":{"_acf_changed":false,"footnotes":""},"categories":[],"tags":[],"class_list":["post-63920","post","type-post","status-publish","format-standard","has-post-thumbnail","hentry"],"acf":[],"yoast_head":"<!-- This site is optimized with the Yoast SEO plugin v27.5 - https:\/\/yoast.com\/product\/yoast-seo-wordpress\/ -->\n<title>Formaci\u00f3 per a executius i professionals | Blog de l&#039;Euncet<\/title>\n<meta name=\"description\" content=\"A l&#039;Euncet Business School oferim diferents opcions de formaci\u00f3 per a executius i professionals. Explora la formaci\u00f3 Executive i tria la teva.\" \/>\n<meta name=\"robots\" content=\"index, follow, max-snippet:-1, max-image-preview:large, max-video-preview:-1\" \/>\n<link rel=\"canonical\" href=\"https:\/\/www.euncet.com\/blog\/ca\/formacio-per-a-executius-i-professionals\/\" \/>\n<meta property=\"og:locale\" content=\"ca_ES\" \/>\n<meta property=\"og:type\" content=\"article\" \/>\n<meta property=\"og:title\" content=\"Formaci\u00f3 per a executius i professionals | Blog de l&#039;Euncet\" \/>\n<meta property=\"og:description\" content=\"A l&#039;Euncet Business School oferim diferents opcions de formaci\u00f3 per a executius i professionals. Explora la formaci\u00f3 Executive i tria la teva.\" \/>\n<meta property=\"og:url\" content=\"https:\/\/www.euncet.com\/blog\/ca\/formacio-per-a-executius-i-professionals\/\" \/>\n<meta property=\"og:site_name\" content=\"Euncet Business School\" \/>\n<meta property=\"article:publisher\" content=\"https:\/\/www.facebook.com\/euncet\" \/>\n<meta property=\"article:published_time\" content=\"2024-09-09T07:50:04+00:00\" \/>\n<meta property=\"article:modified_time\" content=\"2024-11-28T10:21:20+00:00\" \/>\n<meta property=\"og:image\" content=\"https:\/\/www.euncet.com\/blog\/wp-content\/uploads\/2024\/09\/Diseno-sin-titulo-19.png\" \/>\n\t<meta property=\"og:image:width\" content=\"560\" \/>\n\t<meta property=\"og:image:height\" content=\"416\" \/>\n\t<meta property=\"og:image:type\" content=\"image\/png\" \/>\n<meta name=\"author\" content=\"euncet\" \/>\n<meta name=\"twitter:card\" content=\"summary_large_image\" \/>\n<meta name=\"twitter:creator\" content=\"@euncet\" \/>\n<meta name=\"twitter:site\" content=\"@euncet\" \/>\n<meta name=\"twitter:label1\" content=\"Escrit per\" \/>\n\t<meta name=\"twitter:data1\" content=\"euncet\" \/>\n\t<meta name=\"twitter:label2\" content=\"Temps estimat de lectura\" \/>\n\t<meta name=\"twitter:data2\" content=\"4 minuts\" \/>\n<script type=\"application\/ld+json\" class=\"yoast-schema-graph\">{\"@context\":\"https:\\\/\\\/schema.org\",\"@graph\":[{\"@type\":\"Article\",\"@id\":\"https:\\\/\\\/www.euncet.com\\\/blog\\\/ca\\\/formacio-per-a-executius-i-professionals\\\/#article\",\"isPartOf\":{\"@id\":\"https:\\\/\\\/www.euncet.com\\\/blog\\\/ca\\\/formacio-per-a-executius-i-professionals\\\/\"},\"author\":{\"name\":\"euncet\",\"@id\":\"https:\\\/\\\/www.euncet.com\\\/blog\\\/ca\\\/#\\\/schema\\\/person\\\/8253e592273eb1f7a48788902ca03268\"},\"headline\":\"Formaci\u00f3 per a executius i professionals | Blog de l&#8217;Euncet\",\"datePublished\":\"2024-09-09T07:50:04+00:00\",\"dateModified\":\"2024-11-28T10:21:20+00:00\",\"mainEntityOfPage\":{\"@id\":\"https:\\\/\\\/www.euncet.com\\\/blog\\\/ca\\\/formacio-per-a-executius-i-professionals\\\/\"},\"wordCount\":833,\"commentCount\":0,\"image\":{\"@id\":\"https:\\\/\\\/www.euncet.com\\\/blog\\\/ca\\\/formacio-per-a-executius-i-professionals\\\/#primaryimage\"},\"thumbnailUrl\":\"https:\\\/\\\/www.euncet.com\\\/blog\\\/wp-content\\\/uploads\\\/2024\\\/09\\\/Diseno-sin-titulo-19.png\",\"inLanguage\":\"ca\",\"potentialAction\":[{\"@type\":\"CommentAction\",\"name\":\"Comment\",\"target\":[\"https:\\\/\\\/www.euncet.com\\\/blog\\\/ca\\\/formacio-per-a-executius-i-professionals\\\/#respond\"]}]},{\"@type\":\"WebPage\",\"@id\":\"https:\\\/\\\/www.euncet.com\\\/blog\\\/ca\\\/formacio-per-a-executius-i-professionals\\\/\",\"url\":\"https:\\\/\\\/www.euncet.com\\\/blog\\\/ca\\\/formacio-per-a-executius-i-professionals\\\/\",\"name\":\"Formaci\u00f3 per a executius i professionals | Blog de l'Euncet\",\"isPartOf\":{\"@id\":\"https:\\\/\\\/www.euncet.com\\\/blog\\\/ca\\\/#website\"},\"primaryImageOfPage\":{\"@id\":\"https:\\\/\\\/www.euncet.com\\\/blog\\\/ca\\\/formacio-per-a-executius-i-professionals\\\/#primaryimage\"},\"image\":{\"@id\":\"https:\\\/\\\/www.euncet.com\\\/blog\\\/ca\\\/formacio-per-a-executius-i-professionals\\\/#primaryimage\"},\"thumbnailUrl\":\"https:\\\/\\\/www.euncet.com\\\/blog\\\/wp-content\\\/uploads\\\/2024\\\/09\\\/Diseno-sin-titulo-19.png\",\"datePublished\":\"2024-09-09T07:50:04+00:00\",\"dateModified\":\"2024-11-28T10:21:20+00:00\",\"author\":{\"@id\":\"https:\\\/\\\/www.euncet.com\\\/blog\\\/ca\\\/#\\\/schema\\\/person\\\/8253e592273eb1f7a48788902ca03268\"},\"description\":\"A l'Euncet Business School oferim diferents opcions de formaci\u00f3 per a executius i professionals. Explora la formaci\u00f3 Executive i tria la teva.\",\"breadcrumb\":{\"@id\":\"https:\\\/\\\/www.euncet.com\\\/blog\\\/ca\\\/formacio-per-a-executius-i-professionals\\\/#breadcrumb\"},\"inLanguage\":\"ca\",\"potentialAction\":[{\"@type\":\"ReadAction\",\"target\":[\"https:\\\/\\\/www.euncet.com\\\/blog\\\/ca\\\/formacio-per-a-executius-i-professionals\\\/\"]}]},{\"@type\":\"ImageObject\",\"inLanguage\":\"ca\",\"@id\":\"https:\\\/\\\/www.euncet.com\\\/blog\\\/ca\\\/formacio-per-a-executius-i-professionals\\\/#primaryimage\",\"url\":\"https:\\\/\\\/www.euncet.com\\\/blog\\\/wp-content\\\/uploads\\\/2024\\\/09\\\/Diseno-sin-titulo-19.png\",\"contentUrl\":\"https:\\\/\\\/www.euncet.com\\\/blog\\\/wp-content\\\/uploads\\\/2024\\\/09\\\/Diseno-sin-titulo-19.png\",\"width\":560,\"height\":416,\"caption\":\"Formaci\u00f3n para ejecutivos y profesionales\"},{\"@type\":\"BreadcrumbList\",\"@id\":\"https:\\\/\\\/www.euncet.com\\\/blog\\\/ca\\\/formacio-per-a-executius-i-professionals\\\/#breadcrumb\",\"itemListElement\":[{\"@type\":\"ListItem\",\"position\":1,\"name\":\"Portada\",\"item\":\"https:\\\/\\\/www.euncet.com\\\/blog\\\/ca\\\/\"},{\"@type\":\"ListItem\",\"position\":2,\"name\":\"Formaci\u00f3 per a executius i professionals | Blog de l&#8217;Euncet\"}]},{\"@type\":\"WebSite\",\"@id\":\"https:\\\/\\\/www.euncet.com\\\/blog\\\/ca\\\/#website\",\"url\":\"https:\\\/\\\/www.euncet.com\\\/blog\\\/ca\\\/\",\"name\":\"Euncet Business School\",\"description\":\"Escuela de negocios\",\"potentialAction\":[{\"@type\":\"SearchAction\",\"target\":{\"@type\":\"EntryPoint\",\"urlTemplate\":\"https:\\\/\\\/www.euncet.com\\\/blog\\\/ca\\\/?s={search_term_string}\"},\"query-input\":{\"@type\":\"PropertyValueSpecification\",\"valueRequired\":true,\"valueName\":\"search_term_string\"}}],\"inLanguage\":\"ca\"},{\"@type\":\"Person\",\"@id\":\"https:\\\/\\\/www.euncet.com\\\/blog\\\/ca\\\/#\\\/schema\\\/person\\\/8253e592273eb1f7a48788902ca03268\",\"name\":\"euncet\",\"image\":{\"@type\":\"ImageObject\",\"inLanguage\":\"ca\",\"@id\":\"https:\\\/\\\/secure.gravatar.com\\\/avatar\\\/ee2ce5f049e82b74bcc6b8db4c5e9c717e35544f3cde91d14a3daa9827fe21f0?s=96&d=mm&r=g\",\"url\":\"https:\\\/\\\/secure.gravatar.com\\\/avatar\\\/ee2ce5f049e82b74bcc6b8db4c5e9c717e35544f3cde91d14a3daa9827fe21f0?s=96&d=mm&r=g\",\"contentUrl\":\"https:\\\/\\\/secure.gravatar.com\\\/avatar\\\/ee2ce5f049e82b74bcc6b8db4c5e9c717e35544f3cde91d14a3daa9827fe21f0?s=96&d=mm&r=g\",\"caption\":\"euncet\"},\"url\":\"https:\\\/\\\/www.euncet.com\\\/blog\\\/ca\\\/author\\\/euncet\\\/\"}]}<\/script>\n<!-- \/ Yoast SEO plugin. -->","yoast_head_json":{"title":"Formaci\u00f3 per a executius i professionals | Blog de l'Euncet","description":"A l'Euncet Business School oferim diferents opcions de formaci\u00f3 per a executius i professionals. Explora la formaci\u00f3 Executive i tria la teva.","robots":{"index":"index","follow":"follow","max-snippet":"max-snippet:-1","max-image-preview":"max-image-preview:large","max-video-preview":"max-video-preview:-1"},"canonical":"https:\/\/www.euncet.com\/blog\/ca\/formacio-per-a-executius-i-professionals\/","og_locale":"ca_ES","og_type":"article","og_title":"Formaci\u00f3 per a executius i professionals | Blog de l'Euncet","og_description":"A l'Euncet Business School oferim diferents opcions de formaci\u00f3 per a executius i professionals. Explora la formaci\u00f3 Executive i tria la teva.","og_url":"https:\/\/www.euncet.com\/blog\/ca\/formacio-per-a-executius-i-professionals\/","og_site_name":"Euncet Business School","article_publisher":"https:\/\/www.facebook.com\/euncet","article_published_time":"2024-09-09T07:50:04+00:00","article_modified_time":"2024-11-28T10:21:20+00:00","og_image":[{"width":560,"height":416,"url":"https:\/\/www.euncet.com\/blog\/wp-content\/uploads\/2024\/09\/Diseno-sin-titulo-19.png","type":"image\/png"}],"author":"euncet","twitter_card":"summary_large_image","twitter_creator":"@euncet","twitter_site":"@euncet","twitter_misc":{"Escrit per":"euncet","Temps estimat de lectura":"4 minuts"},"schema":{"@context":"https:\/\/schema.org","@graph":[{"@type":"Article","@id":"https:\/\/www.euncet.com\/blog\/ca\/formacio-per-a-executius-i-professionals\/#article","isPartOf":{"@id":"https:\/\/www.euncet.com\/blog\/ca\/formacio-per-a-executius-i-professionals\/"},"author":{"name":"euncet","@id":"https:\/\/www.euncet.com\/blog\/ca\/#\/schema\/person\/8253e592273eb1f7a48788902ca03268"},"headline":"Formaci\u00f3 per a executius i professionals | Blog de l&#8217;Euncet","datePublished":"2024-09-09T07:50:04+00:00","dateModified":"2024-11-28T10:21:20+00:00","mainEntityOfPage":{"@id":"https:\/\/www.euncet.com\/blog\/ca\/formacio-per-a-executius-i-professionals\/"},"wordCount":833,"commentCount":0,"image":{"@id":"https:\/\/www.euncet.com\/blog\/ca\/formacio-per-a-executius-i-professionals\/#primaryimage"},"thumbnailUrl":"https:\/\/www.euncet.com\/blog\/wp-content\/uploads\/2024\/09\/Diseno-sin-titulo-19.png","inLanguage":"ca","potentialAction":[{"@type":"CommentAction","name":"Comment","target":["https:\/\/www.euncet.com\/blog\/ca\/formacio-per-a-executius-i-professionals\/#respond"]}]},{"@type":"WebPage","@id":"https:\/\/www.euncet.com\/blog\/ca\/formacio-per-a-executius-i-professionals\/","url":"https:\/\/www.euncet.com\/blog\/ca\/formacio-per-a-executius-i-professionals\/","name":"Formaci\u00f3 per a executius i professionals | Blog de l'Euncet","isPartOf":{"@id":"https:\/\/www.euncet.com\/blog\/ca\/#website"},"primaryImageOfPage":{"@id":"https:\/\/www.euncet.com\/blog\/ca\/formacio-per-a-executius-i-professionals\/#primaryimage"},"image":{"@id":"https:\/\/www.euncet.com\/blog\/ca\/formacio-per-a-executius-i-professionals\/#primaryimage"},"thumbnailUrl":"https:\/\/www.euncet.com\/blog\/wp-content\/uploads\/2024\/09\/Diseno-sin-titulo-19.png","datePublished":"2024-09-09T07:50:04+00:00","dateModified":"2024-11-28T10:21:20+00:00","author":{"@id":"https:\/\/www.euncet.com\/blog\/ca\/#\/schema\/person\/8253e592273eb1f7a48788902ca03268"},"description":"A l'Euncet Business School oferim diferents opcions de formaci\u00f3 per a executius i professionals. Explora la formaci\u00f3 Executive i tria la teva.","breadcrumb":{"@id":"https:\/\/www.euncet.com\/blog\/ca\/formacio-per-a-executius-i-professionals\/#breadcrumb"},"inLanguage":"ca","potentialAction":[{"@type":"ReadAction","target":["https:\/\/www.euncet.com\/blog\/ca\/formacio-per-a-executius-i-professionals\/"]}]},{"@type":"ImageObject","inLanguage":"ca","@id":"https:\/\/www.euncet.com\/blog\/ca\/formacio-per-a-executius-i-professionals\/#primaryimage","url":"https:\/\/www.euncet.com\/blog\/wp-content\/uploads\/2024\/09\/Diseno-sin-titulo-19.png","contentUrl":"https:\/\/www.euncet.com\/blog\/wp-content\/uploads\/2024\/09\/Diseno-sin-titulo-19.png","width":560,"height":416,"caption":"Formaci\u00f3n para ejecutivos y profesionales"},{"@type":"BreadcrumbList","@id":"https:\/\/www.euncet.com\/blog\/ca\/formacio-per-a-executius-i-professionals\/#breadcrumb","itemListElement":[{"@type":"ListItem","position":1,"name":"Portada","item":"https:\/\/www.euncet.com\/blog\/ca\/"},{"@type":"ListItem","position":2,"name":"Formaci\u00f3 per a executius i professionals | Blog de l&#8217;Euncet"}]},{"@type":"WebSite","@id":"https:\/\/www.euncet.com\/blog\/ca\/#website","url":"https:\/\/www.euncet.com\/blog\/ca\/","name":"Euncet Business School","description":"Escuela de negocios","potentialAction":[{"@type":"SearchAction","target":{"@type":"EntryPoint","urlTemplate":"https:\/\/www.euncet.com\/blog\/ca\/?s={search_term_string}"},"query-input":{"@type":"PropertyValueSpecification","valueRequired":true,"valueName":"search_term_string"}}],"inLanguage":"ca"},{"@type":"Person","@id":"https:\/\/www.euncet.com\/blog\/ca\/#\/schema\/person\/8253e592273eb1f7a48788902ca03268","name":"euncet","image":{"@type":"ImageObject","inLanguage":"ca","@id":"https:\/\/secure.gravatar.com\/avatar\/ee2ce5f049e82b74bcc6b8db4c5e9c717e35544f3cde91d14a3daa9827fe21f0?s=96&d=mm&r=g","url":"https:\/\/secure.gravatar.com\/avatar\/ee2ce5f049e82b74bcc6b8db4c5e9c717e35544f3cde91d14a3daa9827fe21f0?s=96&d=mm&r=g","contentUrl":"https:\/\/secure.gravatar.com\/avatar\/ee2ce5f049e82b74bcc6b8db4c5e9c717e35544f3cde91d14a3daa9827fe21f0?s=96&d=mm&r=g","caption":"euncet"},"url":"https:\/\/www.euncet.com\/blog\/ca\/author\/euncet\/"}]}},"_links":{"self":[{"href":"https:\/\/www.euncet.com\/blog\/ca\/wp-json\/wp\/v2\/posts\/63920","targetHints":{"allow":["GET"]}}],"collection":[{"href":"https:\/\/www.euncet.com\/blog\/ca\/wp-json\/wp\/v2\/posts"}],"about":[{"href":"https:\/\/www.euncet.com\/blog\/ca\/wp-json\/wp\/v2\/types\/post"}],"author":[{"embeddable":true,"href":"https:\/\/www.euncet.com\/blog\/ca\/wp-json\/wp\/v2\/users\/28"}],"replies":[{"embeddable":true,"href":"https:\/\/www.euncet.com\/blog\/ca\/wp-json\/wp\/v2\/comments?post=63920"}],"version-history":[{"count":0,"href":"https:\/\/www.euncet.com\/blog\/ca\/wp-json\/wp\/v2\/posts\/63920\/revisions"}],"wp:featuredmedia":[{"embeddable":true,"href":"https:\/\/www.euncet.com\/blog\/ca\/wp-json\/wp\/v2\/media\/63921"}],"wp:attachment":[{"href":"https:\/\/www.euncet.com\/blog\/ca\/wp-json\/wp\/v2\/media?parent=63920"}],"wp:term":[{"taxonomy":"category","embeddable":true,"href":"https:\/\/www.euncet.com\/blog\/ca\/wp-json\/wp\/v2\/categories?post=63920"},{"taxonomy":"post_tag","embeddable":true,"href":"https:\/\/www.euncet.com\/blog\/ca\/wp-json\/wp\/v2\/tags?post=63920"}],"curies":[{"name":"wp","href":"https:\/\/api.w.org\/{rel}","templated":true}]}}