{"id":64327,"date":"2024-11-14T17:41:41","date_gmt":"2024-11-14T16:41:41","guid":{"rendered":"https:\/\/blog.euncet.com\/?p=64327"},"modified":"2024-11-28T12:22:07","modified_gmt":"2024-11-28T11:22:07","slug":"mba-global-executive-euncet","status":"publish","type":"post","link":"https:\/\/www.euncet.com\/blog\/ca\/mba-global-executive-euncet\/","title":{"rendered":"Descobreix el Global Executive MBA \u2013 Blog de l\u2019Euncet Business School"},"content":{"rendered":"\n<p>Tot i que \u00e9s sabut que estudiar un <strong>MBA<\/strong> (Master in Business Administration) pot ser una gran inversi\u00f3 de temps, esfor\u00e7os i recursos, la veritat \u00e9s que pot suposar l&#8217;element clau a l&#8217;hora de portar la teva carrera professional al nivell seg\u00fcent. Cerques una millor posici\u00f3 a la teva empresa? T&#8217;agradaria aprendre a dirigir equips i projectes tenint en compte totes les \u00e0rees de la gesti\u00f3 empresarial?&nbsp;<\/p><div id=\"ez-toc-container\" class=\"ez-toc-v2_0_82_2 counter-hierarchy ez-toc-counter ez-toc-custom ez-toc-container-direction\">\n<div class=\"ez-toc-title-container\">\n<p class=\"ez-toc-title\" style=\"cursor:inherit\">\u00cdNDEX DE CONTINGUTS<\/p>\n<span class=\"ez-toc-title-toggle\"><a href=\"#\" class=\"ez-toc-pull-right ez-toc-btn ez-toc-btn-xs ez-toc-btn-default ez-toc-toggle\" aria-label=\"Toggle Table of Content\"><span class=\"ez-toc-js-icon-con\"><span class=\"\"><span class=\"eztoc-hide\" style=\"display:none;\">Toggle<\/span><span class=\"ez-toc-icon-toggle-span\"><svg style=\"fill: #222222;color:#222222\" xmlns=\"http:\/\/www.w3.org\/2000\/svg\" class=\"list-377408\" width=\"20px\" height=\"20px\" viewBox=\"0 0 24 24\" fill=\"none\"><path d=\"M6 6H4v2h2V6zm14 0H8v2h12V6zM4 11h2v2H4v-2zm16 0H8v2h12v-2zM4 16h2v2H4v-2zm16 0H8v2h12v-2z\" fill=\"currentColor\"><\/path><\/svg><svg style=\"fill: #222222;color:#222222\" class=\"arrow-unsorted-368013\" xmlns=\"http:\/\/www.w3.org\/2000\/svg\" width=\"10px\" height=\"10px\" viewBox=\"0 0 24 24\" version=\"1.2\" baseProfile=\"tiny\"><path d=\"M18.2 9.3l-6.2-6.3-6.2 6.3c-.2.2-.3.4-.3.7s.1.5.3.7c.2.2.4.3.7.3h11c.3 0 .5-.1.7-.3.2-.2.3-.5.3-.7s-.1-.5-.3-.7zM5.8 14.7l6.2 6.3 6.2-6.3c.2-.2.3-.5.3-.7s-.1-.5-.3-.7c-.2-.2-.4-.3-.7-.3h-11c-.3 0-.5.1-.7.3-.2.2-.3.5-.3.7s.1.5.3.7z\"\/><\/svg><\/span><\/span><\/span><\/a><\/span><\/div>\n<nav><ul class='ez-toc-list ez-toc-list-level-1 ' ><li class='ez-toc-page-1 ez-toc-heading-level-2'><a class=\"ez-toc-link ez-toc-heading-1\" href=\"https:\/\/www.euncet.com\/blog\/ca\/mba-global-executive-euncet\/#Un_MBA_actualitzat\" >Un MBA actualitzat\u00a0<\/a><\/li><li class='ez-toc-page-1 ez-toc-heading-level-2'><a class=\"ez-toc-link ez-toc-heading-2\" href=\"https:\/\/www.euncet.com\/blog\/ca\/mba-global-executive-euncet\/#Un_MBA_en_modalitat_online_i_presencial\" >Un MBA en modalitat online i presencial\u00a0<\/a><\/li><li class='ez-toc-page-1 ez-toc-heading-level-2'><a class=\"ez-toc-link ez-toc-heading-3\" href=\"https:\/\/www.euncet.com\/blog\/ca\/mba-global-executive-euncet\/#Estructura_del_Global_Executive_MBA\" >Estructura del Global Executive MBA\u00a0<\/a><\/li><li class='ez-toc-page-1 ez-toc-heading-level-2'><a class=\"ez-toc-link ez-toc-heading-4\" href=\"https:\/\/www.euncet.com\/blog\/ca\/mba-global-executive-euncet\/#Demana_informacio_sobre_el_Global_Executive_MBA\" >Demana informaci\u00f3 sobre el Global Executive MBA\u00a0<\/a><\/li><\/ul><\/nav><\/div>\n\n\n\n\n<p>En aquest escenari, l&#8217;escola de negocis Euncet Business School presenta el seu <a href=\"https:\/\/www.euncet.com\/ca\/executive-education\/mba-barcelona\/\" target=\"_blank\" rel=\"noreferrer noopener\"><strong>Global Executive MBA<\/strong><\/a>. Es tracta d&#8217;un programa de <strong>9 mesos<\/strong> de durada disponible tant en modalitat <strong>online<\/strong> com <strong>presencial<\/strong> i dissenyat per adaptar-se a les necessitats de professionals en actiu.&nbsp;<\/p>\n\n\n\n<p>El m\u00e0ster est\u00e0 dirigit per <strong>Enric Bay\u00f3<\/strong>, un professional amb m\u00e9s de vint anys d\u2019experi\u00e8ncia assessorant empreses en \u00e0mbits com l\u2019estrat\u00e8gia, els models de negoci o la innovaci\u00f3. Hem pogut conversar amb ell per tal de con\u00e8ixer els detalls de la formaci\u00f3. T\u2019interessa?&nbsp;<\/p>\n\n\n\n<figure class=\"wp-block-image size-large\"><img fetchpriority=\"high\" decoding=\"async\" width=\"1030\" height=\"687\" src=\"https:\/\/blog.euncet.com\/wp-content\/uploads\/2024\/11\/pexels-fauxels-3184416-1-1030x687.webp\" alt=\"\" class=\"wp-image-64341\" srcset=\"https:\/\/www.euncet.com\/blog\/wp-content\/uploads\/2024\/11\/pexels-fauxels-3184416-1-1030x687.webp 1030w, https:\/\/www.euncet.com\/blog\/wp-content\/uploads\/2024\/11\/pexels-fauxels-3184416-1-300x200.webp 300w, https:\/\/www.euncet.com\/blog\/wp-content\/uploads\/2024\/11\/pexels-fauxels-3184416-1-80x53.webp 80w, https:\/\/www.euncet.com\/blog\/wp-content\/uploads\/2024\/11\/pexels-fauxels-3184416-1-768x512.webp 768w, https:\/\/www.euncet.com\/blog\/wp-content\/uploads\/2024\/11\/pexels-fauxels-3184416-1-391x260.webp 391w, https:\/\/www.euncet.com\/blog\/wp-content\/uploads\/2024\/11\/pexels-fauxels-3184416-1-1536x1024.webp 1536w, https:\/\/www.euncet.com\/blog\/wp-content\/uploads\/2024\/11\/pexels-fauxels-3184416-1-2048x1365.webp 2048w\" sizes=\"(max-width: 1030px) 100vw, 1030px\" \/><\/figure>\n\n\n\n<h2 class=\"wp-block-heading\"><span class=\"ez-toc-section\" id=\"Un_MBA_actualitzat\"><\/span><strong>Un MBA actualitzat<\/strong>\u00a0<span class=\"ez-toc-section-end\"><\/span><\/h2>\n\n\n\n<h3 class=\"wp-block-heading\"><strong>El Global Executive MBA \u00e9s un m\u00e0ster empresarial transversal. Quines diferents \u00e0rees de coneixement trobar\u00e0 l\u2019estudiant?\u00a0<\/strong>\u00a0<\/h3>\n\n\n\n<p>El Global Executive MBA est\u00e0 dissenyat per a formar professionals capa\u00e7os de liderar en aquesta nova era digital, on el canvi \u00e9s una constant. L\u2019objectiu \u00e9s dotar-los de la mentalitat, eines, coneixement i metodologies necess\u00e0ries per convertir-se en agents de transformaci\u00f3 dins les seves organitzacions. El programa cobreix \u00e0rees clau com l\u2019estrat\u00e8gia empresarial, la gesti\u00f3 del canvi (\u00f2bviament), el lideratge, el m\u00e0rqueting avan\u00e7at, la innovaci\u00f3, l\u2019emprenedoria i la tecnologia aplicada. \u00c9s un m\u00e0ster amb una visi\u00f3 global per\u00f2 un enfocament molt pr\u00e0ctic pensat per generar un impacte immediat en qualsevol context empresarial.&nbsp;<\/p>\n\n\n\n<h3 class=\"wp-block-heading\"><strong>Els programes d\u2019Executive Education s\u00f3n de \u201cformaci\u00f3 permanent\u201d i estan en constant actualitzaci\u00f3. Quines noves tend\u00e8ncies del m\u00f3n empresarial heu incorporat enguany al pla d\u2019estudis del Global Executive MBA?<\/strong>\u00a0<\/h3>\n\n\n\n<p>El programa est\u00e0 dissenyat per a respondre a reptes actuals i futurs de les empreses. Aquest any hem incorporat noves eines i metodologies centrades, per exemple, en la innovaci\u00f3 i la sostenibilitat, factors clau en la competitivitat de qualsevol empresa. A m\u00e9s, hem posat \u00e8mfasi en el lideratge en entorns digitals i en l\u2019aprofitament al m\u00e0xim de les possibilitats que ofereixen les eines d\u2019intel\u00b7lig\u00e8ncia artificial generativa.&nbsp;&nbsp;<\/p>\n\n\n\n<p>Aquestes incorporacions permeten als professionals mantenir-se al dia de les \u00faltimes tend\u00e8ncies, aprofitar les \u00faltimes tecnologies per a generar un impacte immediat i ajudar a les seves organitzacions a donar resposta a reptes futurs definint noves estrat\u00e8gies i models de negoci.\u00a0<\/p>\n\n\n\n<figure class=\"wp-block-image size-large\"><img decoding=\"async\" width=\"1076\" height=\"605\" src=\"https:\/\/blog.euncet.com\/wp-content\/uploads\/2024\/11\/Enric-Bayo-_1_-edited.webp\" alt=\"\" class=\"wp-image-64339\" srcset=\"https:\/\/www.euncet.com\/blog\/wp-content\/uploads\/2024\/11\/Enric-Bayo-_1_-edited.webp 1076w, https:\/\/www.euncet.com\/blog\/wp-content\/uploads\/2024\/11\/Enric-Bayo-_1_-edited-300x169.webp 300w, https:\/\/www.euncet.com\/blog\/wp-content\/uploads\/2024\/11\/Enric-Bayo-_1_-edited-1030x579.webp 1030w, https:\/\/www.euncet.com\/blog\/wp-content\/uploads\/2024\/11\/Enric-Bayo-_1_-edited-80x45.webp 80w, https:\/\/www.euncet.com\/blog\/wp-content\/uploads\/2024\/11\/Enric-Bayo-_1_-edited-768x432.webp 768w\" sizes=\"(max-width: 1076px) 100vw, 1076px\" \/><\/figure>\n\n\n\n<h2 class=\"wp-block-heading\"><span class=\"ez-toc-section\" id=\"Un_MBA_en_modalitat_online_i_presencial\"><\/span><strong>Un MBA en modalitat online i presencial<\/strong>\u00a0<span class=\"ez-toc-section-end\"><\/span><\/h2>\n\n\n\n<h3 class=\"wp-block-heading\"><strong>Quin \u00e9s el perfil dels professionals que estudien el m\u00e0ster?<\/strong>\u00a0<\/h3>\n\n\n\n<p>El perfil dels nostres estudiants \u00e9s molt divers. S\u00f3n professionals amb una \u00e0mplia experi\u00e8ncia pr\u00e8via. Molts ocupen c\u00e0rrecs de responsabilitat i volen adquirir una visi\u00f3 empresarial global i refor\u00e7ar les seves capacitats de lideratge en un entorn en constant transformaci\u00f3. Provenen de sectors molt variats, com els serveis, el sector tecnol\u00f2gic i el sector industrial, tant en entorns B2C com B2B. Precisament aquesta diversitat enriqueix enormement el programa, ja que permet als participants compartir perspectives i experi\u00e8ncies diferents, fomentant un aprenentatge col\u00b7laboratiu i pr\u00e0ctic.&nbsp;&nbsp;&nbsp;&nbsp;<\/p>\n\n\n\n<h3 class=\"wp-block-heading\"><strong>El Global Executive MBA es porta a terme tant en modalitat online com presencial. Quines difer\u00e8ncies hi ha entre una modalitat i l\u2019altra?<\/strong>\u00a0<\/h3>\n\n\n\n<p>L\u2019opci\u00f3 en l\u00ednia ofereix gran flexibilitat i \u00e9s ideal per als professionals amb compromisos laborals exigents (com per exemple viatges freq\u00fcents), responsabilitats familiars&nbsp; o amb una resid\u00e8ncia allunyada de Terrassa. Tant la modalitat en l\u00ednia com la modalitat presencial comparteixen el mateix rigor acad\u00e8mic i les mateixes oportunitats per fer <a href=\"https:\/\/blog.euncet.com\/ca\/networking\/\" target=\"_blank\" rel=\"noreferrer noopener\"><em>networking<\/em><\/a>. Ara b\u00e9, \u00e9s cert que a la modalitat presencial l\u2019experi\u00e8ncia de compartir l\u2019aula amb m\u00e9s professionals fomenta una interacci\u00f3 directa i din\u00e0mica molt enriquidora. Per la seva banda, la modalitat en l\u00ednia permet als estudiants avan\u00e7ar al seu propi ritme, amb acc\u00e9s a un contingut estructurat i a activitats pr\u00e0ctiques, entre les quals es troben l\u2019estudi de casos reals i tests, oferint una major autonomia i flexibilitat per gestionar el seu aprenentatge.&nbsp;&nbsp;<\/p>\n\n\n\n<h3 class=\"wp-block-heading\"><strong>Qu\u00e8 ens pots explicar de l\u2019equip docent del Global Executive MBA?<\/strong>\u00a0<\/h3>\n\n\n\n<p>El nostre equip docent est\u00e0 format exclusivament per professionals actius amb una llarga traject\u00f2ria en el m\u00f3n empresarial. S\u00f3n experts amb una experi\u00e8ncia destacada en els seus camps, cosa que permet aportar no nom\u00e9s coneixements te\u00f2rics, sin\u00f3 tamb\u00e9 exemples reals del dia a dia empresarial. Aquesta proximitat a la realitat fa que el que s\u2019apr\u00e8n a l\u2019aula sigui pr\u00e0ctic i aplicable immediatament. A m\u00e9s, s\u00f3n persones amb una gran passi\u00f3 per la doc\u00e8ncia, per compartir els seus aprenentatges i contribuir al desenvolupament dels futurs professionals.\u00a0\u00a0<\/p>\n\n\n\n<figure class=\"wp-block-image size-large\"><img decoding=\"async\" width=\"1030\" height=\"464\" src=\"https:\/\/blog.euncet.com\/wp-content\/uploads\/2024\/11\/Movilidadinternacional_2-1-1030x464.webp\" alt=\"\" class=\"wp-image-64335\" srcset=\"https:\/\/www.euncet.com\/blog\/wp-content\/uploads\/2024\/11\/Movilidadinternacional_2-1-1030x464.webp 1030w, https:\/\/www.euncet.com\/blog\/wp-content\/uploads\/2024\/11\/Movilidadinternacional_2-1-300x135.webp 300w, https:\/\/www.euncet.com\/blog\/wp-content\/uploads\/2024\/11\/Movilidadinternacional_2-1-80x36.webp 80w, https:\/\/www.euncet.com\/blog\/wp-content\/uploads\/2024\/11\/Movilidadinternacional_2-1-768x346.webp 768w, https:\/\/www.euncet.com\/blog\/wp-content\/uploads\/2024\/11\/Movilidadinternacional_2-1-1536x691.webp 1536w, https:\/\/www.euncet.com\/blog\/wp-content\/uploads\/2024\/11\/Movilidadinternacional_2-1.webp 1920w\" sizes=\"(max-width: 1030px) 100vw, 1030px\" \/><\/figure>\n\n\n\n<h2 class=\"wp-block-heading\"><span class=\"ez-toc-section\" id=\"Estructura_del_Global_Executive_MBA\"><\/span><strong>Estructura del Global Executive MBA<\/strong>\u00a0<span class=\"ez-toc-section-end\"><\/span><\/h2>\n\n\n\n<h3 class=\"wp-block-heading\"><strong>Quina \u00e9s la durada i estructura del m\u00e0ster?<\/strong>\u00a0<\/h3>\n\n\n\n<p>El m\u00e0ster t\u00e9 una durada de 9 mesos i est\u00e0 estructurat en 6 m\u00f2duls que cobreixen totes les \u00e0rees essencials de la gesti\u00f3 empresarial, a m\u00e9s del Treball de Fi de M\u00e0ster. Els m\u00f2duls inclouen Estrat\u00e8gia i Desenvolupament Empresarial, <a href=\"https:\/\/blog.euncet.com\/ca\/lideratge-personal-gestionar-lempresa-posant-davant-les-persones\/\" target=\"_blank\" rel=\"noreferrer noopener\">Lideratge i Gesti\u00f3 del Canvi<\/a>, M\u00e0rqueting i Creaci\u00f3 de Valor, Innovaci\u00f3, Emprenedoria i Tecnologies Aplicades a l\u2019Empresa.&nbsp;&nbsp;<\/p>\n\n\n\n<p>L\u2019estructura del programa combina continguts te\u00f2rics amb casos pr\u00e0ctics, activitats i projectes en equip, assegurant una experi\u00e8ncia d\u2019aprenentatge completa i aplicable al m\u00f3n professional.<strong>&nbsp;<\/strong>&nbsp;<\/p>\n\n\n\n<h3 class=\"wp-block-heading\"><strong>Per obtenir el t\u00edtol, l\u2019estudiant ha de realitzar un Treball de Fi de M\u00e0ster. Quina classe de projecte pot dur a terme?<\/strong>\u00a0<\/h3>\n\n\n\n<p>El Treball de Fi de M\u00e0ster \u00e9s una oportunitat perqu\u00e8 els estudiants puguin aplicar tots els coneixements, eines i metodologies adquirides durant el programa. Es tracta d\u2019un projecte idealment en equip en el qual poden optar per dues opcions: desenvolupar una soluci\u00f3 innovadora per a una empresa existent (inclosa la seva pr\u00f2pia) o crear una nova empresa. L\u2019objectiu \u00e9s que el projecte tingui una aplicabilitat pr\u00e0ctica i un impacte real en el mercat.&nbsp;&nbsp;<\/p>\n\n\n\n<h3 class=\"wp-block-heading\"><strong>Qu\u00e8 diries als interessats en el m\u00e0ster per animar-los a cursar-lo?<\/strong>\u00a0<\/h3>\n\n\n\n<p>Aquest m\u00e0ster \u00e9s una gran oportunitat per al creixement professional real. Proporciona una xarxa de contactes potent i l\u2019impuls necessari per desenvolupar una carrera d\u2019\u00e8xit. \u00c9s una inversi\u00f3 en el futur que permet als professionals no nom\u00e9s liderar amb confian\u00e7a, sin\u00f3 tamb\u00e9 adaptar-se de manera resilient als reptes i oportunitats del m\u00f3n empresarial.&nbsp;&nbsp;<\/p>\n\n\n\n<h3 class=\"wp-block-heading\"><strong>Amb quina paraula descriuries el Global Executive MBA?<\/strong>\u00a0<\/h3>\n\n\n\n<p>Transformaci\u00f3. El GEMBA est\u00e0 dissenyat per ser un catalitzador del canvi, equipant als professionals amb la mentalitat i les habilitats necess\u00e0ries per liderar la transformaci\u00f3 dins de les seves organitzacions i afrontar amb seguretat els reptes futurs.\u00a0<\/p>\n\n\n\n<figure class=\"wp-block-embed is-type-video is-provider-youtube wp-block-embed-youtube wp-embed-aspect-16-9 wp-has-aspect-ratio\"><div class=\"wp-block-embed__wrapper\">\n<iframe title=\"Descobreix el Global Executive MBA de l\u2019Euncet Business School\" width=\"800\" height=\"450\" src=\"https:\/\/www.youtube.com\/embed\/2QqZxV79BOY?feature=oembed\" frameborder=\"0\" allow=\"accelerometer; autoplay; clipboard-write; encrypted-media; gyroscope; picture-in-picture; web-share\" referrerpolicy=\"strict-origin-when-cross-origin\" allowfullscreen><\/iframe>\n<\/div><\/figure>\n\n\n\n<h2 class=\"wp-block-heading\"><span class=\"ez-toc-section\" id=\"Demana_informacio_sobre_el_Global_Executive_MBA\"><\/span><strong>Demana informaci\u00f3 sobre el Global Executive MBA<\/strong>\u00a0<span class=\"ez-toc-section-end\"><\/span><\/h2>\n\n\n\n<p>T\u2019agradaria cursar el <a href=\"https:\/\/www.euncet.com\/ca\/executive-education\/mba-barcelona\/\" target=\"_blank\" rel=\"noreferrer noopener\"><strong>Global Executive MBA<\/strong><\/a>? Per rebre m\u00e9s informaci\u00f3 sobre aquesta i la resta de les formacions d&#8217;Executive Education de l\u2019Euncet Business School, no dubtis a posar-vos en contacte amb l\u2019escola de negocis a trav\u00e9s del correu <a href=\"mailto:executive@euncet.com\" target=\"_blank\" rel=\"noreferrer noopener\"><strong>executive@euncet.com<\/strong><\/a> o el n\u00famero de tel\u00e8fon <strong>935 47 60 66<\/strong>.&nbsp;&nbsp;<\/p>\n\n\n\n<p>Els assessors del centre universitari estaran encantats de resoldre tots els teus dubtes i atendre&#8217;t de manera personalitzada. A m\u00e9s, tamb\u00e9 et convidem a demanar una entrevista amb el nostre equip per poder con\u00e8ixer les instal\u00b7lacions del nostre <strong>Campus Terrassa<\/strong> en primera persona!&nbsp;<\/p>\n","protected":false},"excerpt":{"rendered":"<p>Tot i que \u00e9s sabut que estudiar un MBA (Master in Business Administration) pot ser una gran inversi\u00f3 de temps, esfor\u00e7os i recursos, la veritat \u00e9s que pot suposar l&#8217;element clau a l&#8217;hora de portar la teva carrera professional al nivell seg\u00fcent. Cerques una millor posici\u00f3 a la teva empresa? T&#8217;agradaria aprendre a dirigir equips [&hellip;]<\/p>\n","protected":false},"author":28,"featured_media":64344,"comment_status":"open","ping_status":"open","sticky":false,"template":"","format":"standard","meta":{"_acf_changed":false,"footnotes":""},"categories":[288],"tags":[],"class_list":["post-64327","post","type-post","status-publish","format-standard","has-post-thumbnail","hentry","category-entrevistas"],"acf":[],"yoast_head":"<!-- This site is optimized with the Yoast SEO plugin v27.5 - https:\/\/yoast.com\/product\/yoast-seo-wordpress\/ -->\n<title>Descobreix el Global Executive MBA de l&#039;Euncet Business School<\/title>\n<meta name=\"description\" content=\"Descobreix el Global Executive MBA d\u2019Euncet Business School. Un programa innovador de 9 mesos dissenyat per a professionals en actiu, amb modalitat en l\u00ednia i presencial. Impulsa la teva carrera professional!\" \/>\n<meta name=\"robots\" content=\"index, follow, max-snippet:-1, max-image-preview:large, max-video-preview:-1\" \/>\n<link rel=\"canonical\" href=\"https:\/\/www.euncet.com\/blog\/ca\/mba-global-executive-euncet\/\" \/>\n<meta property=\"og:locale\" content=\"ca_ES\" \/>\n<meta property=\"og:type\" content=\"article\" \/>\n<meta property=\"og:title\" content=\"Descobreix el Global Executive MBA de l&#039;Euncet Business School\" \/>\n<meta property=\"og:description\" content=\"Descobreix el Global Executive MBA d\u2019Euncet Business School. Un programa innovador de 9 mesos dissenyat per a professionals en actiu, amb modalitat en l\u00ednia i presencial. Impulsa la teva carrera professional!\" \/>\n<meta property=\"og:url\" content=\"https:\/\/www.euncet.com\/blog\/ca\/mba-global-executive-euncet\/\" \/>\n<meta property=\"og:site_name\" content=\"Euncet Business School\" \/>\n<meta property=\"article:publisher\" content=\"https:\/\/www.facebook.com\/euncet\" \/>\n<meta property=\"article:published_time\" content=\"2024-11-14T16:41:41+00:00\" \/>\n<meta property=\"article:modified_time\" content=\"2024-11-28T11:22:07+00:00\" \/>\n<meta property=\"og:image\" content=\"https:\/\/www.euncet.com\/blog\/wp-content\/uploads\/2024\/11\/Diseno-sin-titulo-_28_.webp\" \/>\n\t<meta property=\"og:image:width\" content=\"1152\" \/>\n\t<meta property=\"og:image:height\" content=\"768\" \/>\n\t<meta property=\"og:image:type\" content=\"image\/webp\" \/>\n<meta name=\"author\" content=\"euncet\" \/>\n<meta name=\"twitter:card\" content=\"summary_large_image\" \/>\n<meta name=\"twitter:creator\" content=\"@euncet\" \/>\n<meta name=\"twitter:site\" content=\"@euncet\" \/>\n<meta name=\"twitter:label1\" content=\"Escrit per\" \/>\n\t<meta name=\"twitter:data1\" content=\"euncet\" \/>\n\t<meta name=\"twitter:label2\" content=\"Temps estimat de lectura\" \/>\n\t<meta name=\"twitter:data2\" content=\"6 minuts\" \/>\n<script type=\"application\/ld+json\" class=\"yoast-schema-graph\">{\"@context\":\"https:\\\/\\\/schema.org\",\"@graph\":[{\"@type\":\"Article\",\"@id\":\"https:\\\/\\\/www.euncet.com\\\/blog\\\/ca\\\/mba-global-executive-euncet\\\/#article\",\"isPartOf\":{\"@id\":\"https:\\\/\\\/www.euncet.com\\\/blog\\\/ca\\\/mba-global-executive-euncet\\\/\"},\"author\":{\"name\":\"euncet\",\"@id\":\"https:\\\/\\\/www.euncet.com\\\/blog\\\/ca\\\/#\\\/schema\\\/person\\\/8253e592273eb1f7a48788902ca03268\"},\"headline\":\"Descobreix el Global Executive MBA \u2013 Blog de l\u2019Euncet Business School\",\"datePublished\":\"2024-11-14T16:41:41+00:00\",\"dateModified\":\"2024-11-28T11:22:07+00:00\",\"mainEntityOfPage\":{\"@id\":\"https:\\\/\\\/www.euncet.com\\\/blog\\\/ca\\\/mba-global-executive-euncet\\\/\"},\"wordCount\":1303,\"commentCount\":0,\"image\":{\"@id\":\"https:\\\/\\\/www.euncet.com\\\/blog\\\/ca\\\/mba-global-executive-euncet\\\/#primaryimage\"},\"thumbnailUrl\":\"https:\\\/\\\/www.euncet.com\\\/blog\\\/wp-content\\\/uploads\\\/2024\\\/11\\\/Diseno-sin-titulo-_28_.webp\",\"articleSection\":[\"Entrevistas\"],\"inLanguage\":\"ca\",\"potentialAction\":[{\"@type\":\"CommentAction\",\"name\":\"Comment\",\"target\":[\"https:\\\/\\\/www.euncet.com\\\/blog\\\/ca\\\/mba-global-executive-euncet\\\/#respond\"]}]},{\"@type\":\"WebPage\",\"@id\":\"https:\\\/\\\/www.euncet.com\\\/blog\\\/ca\\\/mba-global-executive-euncet\\\/\",\"url\":\"https:\\\/\\\/www.euncet.com\\\/blog\\\/ca\\\/mba-global-executive-euncet\\\/\",\"name\":\"Descobreix el Global Executive MBA de l'Euncet Business School\",\"isPartOf\":{\"@id\":\"https:\\\/\\\/www.euncet.com\\\/blog\\\/ca\\\/#website\"},\"primaryImageOfPage\":{\"@id\":\"https:\\\/\\\/www.euncet.com\\\/blog\\\/ca\\\/mba-global-executive-euncet\\\/#primaryimage\"},\"image\":{\"@id\":\"https:\\\/\\\/www.euncet.com\\\/blog\\\/ca\\\/mba-global-executive-euncet\\\/#primaryimage\"},\"thumbnailUrl\":\"https:\\\/\\\/www.euncet.com\\\/blog\\\/wp-content\\\/uploads\\\/2024\\\/11\\\/Diseno-sin-titulo-_28_.webp\",\"datePublished\":\"2024-11-14T16:41:41+00:00\",\"dateModified\":\"2024-11-28T11:22:07+00:00\",\"author\":{\"@id\":\"https:\\\/\\\/www.euncet.com\\\/blog\\\/ca\\\/#\\\/schema\\\/person\\\/8253e592273eb1f7a48788902ca03268\"},\"description\":\"Descobreix el Global Executive MBA d\u2019Euncet Business School. Un programa innovador de 9 mesos dissenyat per a professionals en actiu, amb modalitat en l\u00ednia i presencial. Impulsa la teva carrera professional!\",\"breadcrumb\":{\"@id\":\"https:\\\/\\\/www.euncet.com\\\/blog\\\/ca\\\/mba-global-executive-euncet\\\/#breadcrumb\"},\"inLanguage\":\"ca\",\"potentialAction\":[{\"@type\":\"ReadAction\",\"target\":[\"https:\\\/\\\/www.euncet.com\\\/blog\\\/ca\\\/mba-global-executive-euncet\\\/\"]}]},{\"@type\":\"ImageObject\",\"inLanguage\":\"ca\",\"@id\":\"https:\\\/\\\/www.euncet.com\\\/blog\\\/ca\\\/mba-global-executive-euncet\\\/#primaryimage\",\"url\":\"https:\\\/\\\/www.euncet.com\\\/blog\\\/wp-content\\\/uploads\\\/2024\\\/11\\\/Diseno-sin-titulo-_28_.webp\",\"contentUrl\":\"https:\\\/\\\/www.euncet.com\\\/blog\\\/wp-content\\\/uploads\\\/2024\\\/11\\\/Diseno-sin-titulo-_28_.webp\",\"width\":1152,\"height\":768,\"caption\":\"Mujer profesional sonriente con traje gris, representando el perfil de los estudiantes del Global Executive MBA de Euncet Business School.\"},{\"@type\":\"BreadcrumbList\",\"@id\":\"https:\\\/\\\/www.euncet.com\\\/blog\\\/ca\\\/mba-global-executive-euncet\\\/#breadcrumb\",\"itemListElement\":[{\"@type\":\"ListItem\",\"position\":1,\"name\":\"Portada\",\"item\":\"https:\\\/\\\/www.euncet.com\\\/blog\\\/ca\\\/\"},{\"@type\":\"ListItem\",\"position\":2,\"name\":\"Descobreix el Global Executive MBA \u2013 Blog de l\u2019Euncet Business School\"}]},{\"@type\":\"WebSite\",\"@id\":\"https:\\\/\\\/www.euncet.com\\\/blog\\\/ca\\\/#website\",\"url\":\"https:\\\/\\\/www.euncet.com\\\/blog\\\/ca\\\/\",\"name\":\"Euncet Business School\",\"description\":\"Escuela de negocios\",\"potentialAction\":[{\"@type\":\"SearchAction\",\"target\":{\"@type\":\"EntryPoint\",\"urlTemplate\":\"https:\\\/\\\/www.euncet.com\\\/blog\\\/ca\\\/?s={search_term_string}\"},\"query-input\":{\"@type\":\"PropertyValueSpecification\",\"valueRequired\":true,\"valueName\":\"search_term_string\"}}],\"inLanguage\":\"ca\"},{\"@type\":\"Person\",\"@id\":\"https:\\\/\\\/www.euncet.com\\\/blog\\\/ca\\\/#\\\/schema\\\/person\\\/8253e592273eb1f7a48788902ca03268\",\"name\":\"euncet\",\"image\":{\"@type\":\"ImageObject\",\"inLanguage\":\"ca\",\"@id\":\"https:\\\/\\\/secure.gravatar.com\\\/avatar\\\/ee2ce5f049e82b74bcc6b8db4c5e9c717e35544f3cde91d14a3daa9827fe21f0?s=96&d=mm&r=g\",\"url\":\"https:\\\/\\\/secure.gravatar.com\\\/avatar\\\/ee2ce5f049e82b74bcc6b8db4c5e9c717e35544f3cde91d14a3daa9827fe21f0?s=96&d=mm&r=g\",\"contentUrl\":\"https:\\\/\\\/secure.gravatar.com\\\/avatar\\\/ee2ce5f049e82b74bcc6b8db4c5e9c717e35544f3cde91d14a3daa9827fe21f0?s=96&d=mm&r=g\",\"caption\":\"euncet\"},\"url\":\"https:\\\/\\\/www.euncet.com\\\/blog\\\/ca\\\/author\\\/euncet\\\/\"}]}<\/script>\n<!-- \/ Yoast SEO plugin. -->","yoast_head_json":{"title":"Descobreix el Global Executive MBA de l'Euncet Business School","description":"Descobreix el Global Executive MBA d\u2019Euncet Business School. Un programa innovador de 9 mesos dissenyat per a professionals en actiu, amb modalitat en l\u00ednia i presencial. Impulsa la teva carrera professional!","robots":{"index":"index","follow":"follow","max-snippet":"max-snippet:-1","max-image-preview":"max-image-preview:large","max-video-preview":"max-video-preview:-1"},"canonical":"https:\/\/www.euncet.com\/blog\/ca\/mba-global-executive-euncet\/","og_locale":"ca_ES","og_type":"article","og_title":"Descobreix el Global Executive MBA de l'Euncet Business School","og_description":"Descobreix el Global Executive MBA d\u2019Euncet Business School. Un programa innovador de 9 mesos dissenyat per a professionals en actiu, amb modalitat en l\u00ednia i presencial. Impulsa la teva carrera professional!","og_url":"https:\/\/www.euncet.com\/blog\/ca\/mba-global-executive-euncet\/","og_site_name":"Euncet Business School","article_publisher":"https:\/\/www.facebook.com\/euncet","article_published_time":"2024-11-14T16:41:41+00:00","article_modified_time":"2024-11-28T11:22:07+00:00","og_image":[{"width":1152,"height":768,"url":"https:\/\/www.euncet.com\/blog\/wp-content\/uploads\/2024\/11\/Diseno-sin-titulo-_28_.webp","type":"image\/webp"}],"author":"euncet","twitter_card":"summary_large_image","twitter_creator":"@euncet","twitter_site":"@euncet","twitter_misc":{"Escrit per":"euncet","Temps estimat de lectura":"6 minuts"},"schema":{"@context":"https:\/\/schema.org","@graph":[{"@type":"Article","@id":"https:\/\/www.euncet.com\/blog\/ca\/mba-global-executive-euncet\/#article","isPartOf":{"@id":"https:\/\/www.euncet.com\/blog\/ca\/mba-global-executive-euncet\/"},"author":{"name":"euncet","@id":"https:\/\/www.euncet.com\/blog\/ca\/#\/schema\/person\/8253e592273eb1f7a48788902ca03268"},"headline":"Descobreix el Global Executive MBA \u2013 Blog de l\u2019Euncet Business School","datePublished":"2024-11-14T16:41:41+00:00","dateModified":"2024-11-28T11:22:07+00:00","mainEntityOfPage":{"@id":"https:\/\/www.euncet.com\/blog\/ca\/mba-global-executive-euncet\/"},"wordCount":1303,"commentCount":0,"image":{"@id":"https:\/\/www.euncet.com\/blog\/ca\/mba-global-executive-euncet\/#primaryimage"},"thumbnailUrl":"https:\/\/www.euncet.com\/blog\/wp-content\/uploads\/2024\/11\/Diseno-sin-titulo-_28_.webp","articleSection":["Entrevistas"],"inLanguage":"ca","potentialAction":[{"@type":"CommentAction","name":"Comment","target":["https:\/\/www.euncet.com\/blog\/ca\/mba-global-executive-euncet\/#respond"]}]},{"@type":"WebPage","@id":"https:\/\/www.euncet.com\/blog\/ca\/mba-global-executive-euncet\/","url":"https:\/\/www.euncet.com\/blog\/ca\/mba-global-executive-euncet\/","name":"Descobreix el Global Executive MBA de l'Euncet Business School","isPartOf":{"@id":"https:\/\/www.euncet.com\/blog\/ca\/#website"},"primaryImageOfPage":{"@id":"https:\/\/www.euncet.com\/blog\/ca\/mba-global-executive-euncet\/#primaryimage"},"image":{"@id":"https:\/\/www.euncet.com\/blog\/ca\/mba-global-executive-euncet\/#primaryimage"},"thumbnailUrl":"https:\/\/www.euncet.com\/blog\/wp-content\/uploads\/2024\/11\/Diseno-sin-titulo-_28_.webp","datePublished":"2024-11-14T16:41:41+00:00","dateModified":"2024-11-28T11:22:07+00:00","author":{"@id":"https:\/\/www.euncet.com\/blog\/ca\/#\/schema\/person\/8253e592273eb1f7a48788902ca03268"},"description":"Descobreix el Global Executive MBA d\u2019Euncet Business School. Un programa innovador de 9 mesos dissenyat per a professionals en actiu, amb modalitat en l\u00ednia i presencial. Impulsa la teva carrera professional!","breadcrumb":{"@id":"https:\/\/www.euncet.com\/blog\/ca\/mba-global-executive-euncet\/#breadcrumb"},"inLanguage":"ca","potentialAction":[{"@type":"ReadAction","target":["https:\/\/www.euncet.com\/blog\/ca\/mba-global-executive-euncet\/"]}]},{"@type":"ImageObject","inLanguage":"ca","@id":"https:\/\/www.euncet.com\/blog\/ca\/mba-global-executive-euncet\/#primaryimage","url":"https:\/\/www.euncet.com\/blog\/wp-content\/uploads\/2024\/11\/Diseno-sin-titulo-_28_.webp","contentUrl":"https:\/\/www.euncet.com\/blog\/wp-content\/uploads\/2024\/11\/Diseno-sin-titulo-_28_.webp","width":1152,"height":768,"caption":"Mujer profesional sonriente con traje gris, representando el perfil de los estudiantes del Global Executive MBA de Euncet Business School."},{"@type":"BreadcrumbList","@id":"https:\/\/www.euncet.com\/blog\/ca\/mba-global-executive-euncet\/#breadcrumb","itemListElement":[{"@type":"ListItem","position":1,"name":"Portada","item":"https:\/\/www.euncet.com\/blog\/ca\/"},{"@type":"ListItem","position":2,"name":"Descobreix el Global Executive MBA \u2013 Blog de l\u2019Euncet Business School"}]},{"@type":"WebSite","@id":"https:\/\/www.euncet.com\/blog\/ca\/#website","url":"https:\/\/www.euncet.com\/blog\/ca\/","name":"Euncet Business School","description":"Escuela de negocios","potentialAction":[{"@type":"SearchAction","target":{"@type":"EntryPoint","urlTemplate":"https:\/\/www.euncet.com\/blog\/ca\/?s={search_term_string}"},"query-input":{"@type":"PropertyValueSpecification","valueRequired":true,"valueName":"search_term_string"}}],"inLanguage":"ca"},{"@type":"Person","@id":"https:\/\/www.euncet.com\/blog\/ca\/#\/schema\/person\/8253e592273eb1f7a48788902ca03268","name":"euncet","image":{"@type":"ImageObject","inLanguage":"ca","@id":"https:\/\/secure.gravatar.com\/avatar\/ee2ce5f049e82b74bcc6b8db4c5e9c717e35544f3cde91d14a3daa9827fe21f0?s=96&d=mm&r=g","url":"https:\/\/secure.gravatar.com\/avatar\/ee2ce5f049e82b74bcc6b8db4c5e9c717e35544f3cde91d14a3daa9827fe21f0?s=96&d=mm&r=g","contentUrl":"https:\/\/secure.gravatar.com\/avatar\/ee2ce5f049e82b74bcc6b8db4c5e9c717e35544f3cde91d14a3daa9827fe21f0?s=96&d=mm&r=g","caption":"euncet"},"url":"https:\/\/www.euncet.com\/blog\/ca\/author\/euncet\/"}]}},"_links":{"self":[{"href":"https:\/\/www.euncet.com\/blog\/ca\/wp-json\/wp\/v2\/posts\/64327","targetHints":{"allow":["GET"]}}],"collection":[{"href":"https:\/\/www.euncet.com\/blog\/ca\/wp-json\/wp\/v2\/posts"}],"about":[{"href":"https:\/\/www.euncet.com\/blog\/ca\/wp-json\/wp\/v2\/types\/post"}],"author":[{"embeddable":true,"href":"https:\/\/www.euncet.com\/blog\/ca\/wp-json\/wp\/v2\/users\/28"}],"replies":[{"embeddable":true,"href":"https:\/\/www.euncet.com\/blog\/ca\/wp-json\/wp\/v2\/comments?post=64327"}],"version-history":[{"count":0,"href":"https:\/\/www.euncet.com\/blog\/ca\/wp-json\/wp\/v2\/posts\/64327\/revisions"}],"wp:featuredmedia":[{"embeddable":true,"href":"https:\/\/www.euncet.com\/blog\/ca\/wp-json\/wp\/v2\/media\/64344"}],"wp:attachment":[{"href":"https:\/\/www.euncet.com\/blog\/ca\/wp-json\/wp\/v2\/media?parent=64327"}],"wp:term":[{"taxonomy":"category","embeddable":true,"href":"https:\/\/www.euncet.com\/blog\/ca\/wp-json\/wp\/v2\/categories?post=64327"},{"taxonomy":"post_tag","embeddable":true,"href":"https:\/\/www.euncet.com\/blog\/ca\/wp-json\/wp\/v2\/tags?post=64327"}],"curies":[{"name":"wp","href":"https:\/\/api.w.org\/{rel}","templated":true}]}}