{"id":64402,"date":"2024-11-19T18:58:13","date_gmt":"2024-11-19T17:58:13","guid":{"rendered":"https:\/\/blog.euncet.com\/?p=64402"},"modified":"2024-11-19T18:58:14","modified_gmt":"2024-11-19T17:58:14","slug":"formacio-executive-education-euncet","status":"publish","type":"post","link":"https:\/\/www.euncet.com\/blog\/ca\/formacio-executive-education-euncet\/","title":{"rendered":"Formaci\u00f3 per a executius o Executive Education \u2013 Blog de l\u2019Euncet Business School"},"content":{"rendered":"\n<p>Decidir <strong>continuar formant-se<\/strong> una vegada ja comptem amb experi\u00e8ncia o una posici\u00f3 en una empresa no \u00e9s un pas senzill. Si t&#8217;ho est\u00e0s plantejant, no s\u00f3n poques les preguntes que han d&#8217;estar passant pel teu cap ara mateix. En quines&nbsp; <strong>\u00e0rees<\/strong>&nbsp;<strong> <\/strong>o <strong>habilitats<\/strong> hauria de millorar? Quins <strong>objectius<\/strong>&nbsp; vull aconseguir a curt i llarg termini? Quina <strong>formaci\u00f3 espec\u00edfica<\/strong> necessito i com la <strong>conciliar\u00e9 <\/strong>amb la meva<strong> <\/strong>vida personal<strong> <\/strong>i<strong> <\/strong>professional?&nbsp;<\/p><div id=\"ez-toc-container\" class=\"ez-toc-v2_0_82_2 counter-hierarchy ez-toc-counter ez-toc-custom ez-toc-container-direction\">\n<div class=\"ez-toc-title-container\">\n<p class=\"ez-toc-title\" style=\"cursor:inherit\">\u00cdNDEX DE CONTINGUTS<\/p>\n<span class=\"ez-toc-title-toggle\"><a href=\"#\" class=\"ez-toc-pull-right ez-toc-btn ez-toc-btn-xs ez-toc-btn-default ez-toc-toggle\" aria-label=\"Toggle Table of Content\"><span class=\"ez-toc-js-icon-con\"><span class=\"\"><span class=\"eztoc-hide\" style=\"display:none;\">Toggle<\/span><span class=\"ez-toc-icon-toggle-span\"><svg style=\"fill: #222222;color:#222222\" xmlns=\"http:\/\/www.w3.org\/2000\/svg\" class=\"list-377408\" width=\"20px\" height=\"20px\" viewBox=\"0 0 24 24\" fill=\"none\"><path d=\"M6 6H4v2h2V6zm14 0H8v2h12V6zM4 11h2v2H4v-2zm16 0H8v2h12v-2zM4 16h2v2H4v-2zm16 0H8v2h12v-2z\" fill=\"currentColor\"><\/path><\/svg><svg style=\"fill: #222222;color:#222222\" class=\"arrow-unsorted-368013\" xmlns=\"http:\/\/www.w3.org\/2000\/svg\" width=\"10px\" height=\"10px\" viewBox=\"0 0 24 24\" version=\"1.2\" baseProfile=\"tiny\"><path d=\"M18.2 9.3l-6.2-6.3-6.2 6.3c-.2.2-.3.4-.3.7s.1.5.3.7c.2.2.4.3.7.3h11c.3 0 .5-.1.7-.3.2-.2.3-.5.3-.7s-.1-.5-.3-.7zM5.8 14.7l6.2 6.3 6.2-6.3c.2-.2.3-.5.3-.7s-.1-.5-.3-.7c-.2-.2-.4-.3-.7-.3h-11c-.3 0-.5.1-.7.3-.2.2-.3.5-.3.7s.1.5.3.7z\"\/><\/svg><\/span><\/span><\/span><\/a><\/span><\/div>\n<nav><ul class='ez-toc-list ez-toc-list-level-1 ' ><li class='ez-toc-page-1 ez-toc-heading-level-2'><a class=\"ez-toc-link ez-toc-heading-1\" href=\"https:\/\/www.euncet.com\/blog\/ca\/formacio-executive-education-euncet\/#La_directora_dExecutive_Education\" >La directora d&#8217;Executive Education\u00a0<\/a><\/li><li class='ez-toc-page-1 ez-toc-heading-level-2'><a class=\"ez-toc-link ez-toc-heading-2\" href=\"https:\/\/www.euncet.com\/blog\/ca\/formacio-executive-education-euncet\/#Executive_Education_o_formacio_per_a_executius\" >Executive Education o formaci\u00f3 per a executius\u00a0\u00a0<\/a><\/li><li class='ez-toc-page-1 ez-toc-heading-level-2'><a class=\"ez-toc-link ez-toc-heading-3\" href=\"https:\/\/www.euncet.com\/blog\/ca\/formacio-executive-education-euncet\/#Grups_reduits_i_possibilitat_de_networking\" >Grups redu\u00efts i possibilitat de networking\u00a0\u00a0<\/a><\/li><li class='ez-toc-page-1 ez-toc-heading-level-2'><a class=\"ez-toc-link ez-toc-heading-4\" href=\"https:\/\/www.euncet.com\/blog\/ca\/formacio-executive-education-euncet\/#Creixer_professionalment_de_la_ma_de_lequip_docent\" >Cr\u00e9ixer professionalment de la m\u00e0 de l&#8217;equip docent\u00a0<\/a><\/li><li class='ez-toc-page-1 ez-toc-heading-level-2'><a class=\"ez-toc-link ez-toc-heading-5\" href=\"https:\/\/www.euncet.com\/blog\/ca\/formacio-executive-education-euncet\/#Escull_la_teva_formacio_Executive_Education\" >Escull la teva formaci\u00f3 Executive Education\u00a0<\/a><\/li><\/ul><\/nav><\/div>\n\n\n\n\n<p>Per resoldre tots els dubtes que puguis tenir, hem conversat amb <a href=\"https:\/\/es.linkedin.com\/in\/annallacher\" target=\"_blank\" rel=\"noreferrer noopener\"><strong>Anna Llacher<\/strong><\/a>, la directora de la formaci\u00f3 <a href=\"https:\/\/www.euncet.com\/ca\/executive-education\/\" target=\"_blank\" rel=\"noreferrer noopener\"><strong>Executive Education<\/strong><\/a> de l\u2019<a href=\"https:\/\/www.euncet.com\/ca\/\" target=\"_blank\" rel=\"noreferrer noopener\"><strong>Euncet Business School<\/strong><\/a>, una \u00e0rea de formaci\u00f3 per a executius pensada especialment per donar-te l&#8217;impuls que necessites a la teva empresa o \u00e0mbit professional. T&#8217;animes a llegir l&#8217;entrevista completa?&nbsp;<\/p>\n\n\n\n<figure class=\"wp-block-image size-large\"><img fetchpriority=\"high\" decoding=\"async\" width=\"1080\" height=\"607\" src=\"https:\/\/blog.euncet.com\/wp-content\/uploads\/2024\/11\/Anna-Llacher-1-edited.webp\" alt=\"Dona asseguda en una aula, amb vestit negre i accessoris daurats, al costat d'un recipient amb boles vermelles i un got amb bol\u00edgrafs sobre la taula.\" class=\"wp-image-64405\" srcset=\"https:\/\/www.euncet.com\/blog\/wp-content\/uploads\/2024\/11\/Anna-Llacher-1-edited.webp 1080w, https:\/\/www.euncet.com\/blog\/wp-content\/uploads\/2024\/11\/Anna-Llacher-1-edited-300x169.webp 300w, https:\/\/www.euncet.com\/blog\/wp-content\/uploads\/2024\/11\/Anna-Llacher-1-edited-1030x579.webp 1030w, https:\/\/www.euncet.com\/blog\/wp-content\/uploads\/2024\/11\/Anna-Llacher-1-edited-80x45.webp 80w, https:\/\/www.euncet.com\/blog\/wp-content\/uploads\/2024\/11\/Anna-Llacher-1-edited-768x432.webp 768w\" sizes=\"(max-width: 1080px) 100vw, 1080px\" \/><\/figure>\n\n\n\n<h2 class=\"wp-block-heading\"><span class=\"ez-toc-section\" id=\"La_directora_dExecutive_Education\"><\/span><strong>La directora d&#8217;Executive Education<\/strong>\u00a0<span class=\"ez-toc-section-end\"><\/span><\/h2>\n\n\n\n<p>Durant la seva carrera, Anna Llacher ha combinat la doc\u00e8ncia, que assegura que \u00e9s el que m\u00e9s l&#8217;apassiona, amb una carrera als <strong>mitjans de comunicaci\u00f3<\/strong>, on ha treballat durant molts anys en productores audiovisuals d&#8217;humor. Ha dirigit projectes en diferents departaments de <strong>m\u00e0rqueting<\/strong> i <strong>comunicaci\u00f3<\/strong>.&nbsp;<\/p>\n\n\n\n<p>&#8220;Quan el m\u00f3n de la <strong>publicitat<\/strong> va comen\u00e7ar a necessitar entrar en els continguts i no nom\u00e9s en els espais reservats per a aix\u00f2, em vaig especialitzar molt en publicitat per a marques&#8221;, explica Llacher. En l&#8217;\u00e0mbit de l&#8217;educaci\u00f3, la docent assenyala que la formaci\u00f3 Executive \u00e9s la que m\u00e9s contacte t\u00e9 amb la ind\u00fastria.&nbsp;&nbsp;<\/p>\n\n\n\n<h2 class=\"wp-block-heading\"><span class=\"ez-toc-section\" id=\"Executive_Education_o_formacio_per_a_executius\"><\/span><strong>Executive Education o formaci\u00f3 per a executius\u00a0<\/strong>\u00a0<span class=\"ez-toc-section-end\"><\/span><\/h2>\n\n\n\n<h3 class=\"wp-block-heading\"><strong>Amb quins programes compta la formaci\u00f3 Executive Education de l\u2019Euncet Business School?<\/strong>\u00a0<\/h3>\n\n\n\n<p>Tenim tres blocs de continguts. D&#8217;una banda, tenim el nostre <a href=\"https:\/\/www.euncet.com\/ca\/executive-education\/mba-barcelona\/\" target=\"_blank\" rel=\"noreferrer noopener\"><strong>Global Executive MBA (GEMBA)<\/strong><\/a>, que dura tot l&#8217;any i s&#8217;imparteix tant en modalitat online com presencial. A m\u00e9s, la modalitat online l\u2019impartim en castell\u00e0 i en angl\u00e8s.&nbsp;&nbsp;<\/p>\n\n\n\n<p>Tamb\u00e9 comptem amb el <a href=\"https:\/\/www.euncet.com\/ca\/executive-education\/postgrau-management\/\" target=\"_blank\" rel=\"noreferrer noopener\"><strong>Postgrau en Management<\/strong><\/a> que s\u2019imparteix en modalitat online en castell\u00e0 i en angl\u00e8s. A m\u00e9s, tenim un <a href=\"https:\/\/www.euncet.com\/ca\/executive-education\/postgrau-direccio-de-projectes\/\" target=\"_blank\" rel=\"noreferrer noopener\"><strong>Postgrau en Direcci\u00f3 de Projectes<\/strong><\/a> en modalitat presencial.&nbsp;&nbsp;<\/p>\n\n\n\n<p>A m\u00e9s d&#8217;aquests programes amb un pla docent i una estructura establerta, tenim la via de la formaci\u00f3 <a href=\"https:\/\/www.euncet.com\/es\/in-company\/\" target=\"_blank\" rel=\"noreferrer noopener\"><strong>In Company<\/strong><\/a> (una formaci\u00f3 a mida i personalitzada per a empreses concretes) i de <a href=\"https:\/\/www.euncet.com\/ca\/curs-negociacio-comunicacio-persuasio\/\" target=\"_blank\" rel=\"noreferrer noopener\"><strong>cursos de curta durada<\/strong><\/a> sobre \u00e0rees espec\u00edfiques del m\u00f3n de l&#8217;empresa.&nbsp;&nbsp;<\/p>\n\n\n\n<h3 class=\"wp-block-heading\"><strong>Quins reptes planteja enguany l&#8217;\u00e0rea d&#8217;Executive Education?<\/strong>\u00a0<\/h3>\n\n\n\n<p>Com a repte, des de l\u2019Euncet Business School volem seguir demostrant la missi\u00f3 que tenim, que \u00e9s creure fermament en la <strong>formaci\u00f3 permanent<\/strong> per a empreses i persones. Enguany estem posant especial focus en les formacions per a empreses. Una cosa \u00e9s que vinguin professionals a l&#8217;escola a rebre els nostres programes, que \u00e9s molt interessant, i una altra que nosaltres puguem anar a empreses i impartir una formaci\u00f3 a tot un departament, per exemple.&nbsp;&nbsp;<\/p>\n\n\n\n<p>Aix\u00f2 ajuda molt les empreses pel que fa a la <strong>retenci\u00f3 de talent<\/strong> i pel que fa a la creaci\u00f3 d&#8217;una<strong> cultura corporativa<\/strong>. No est\u00e0s formant nom\u00e9s un executiu o una directora de departament (tot i que tamb\u00e9 \u00e9s molt important, ja que qui dirigeix equips de persones tamb\u00e9 promou cultures i maneres de fer).&nbsp;<\/p>\n\n\n\n<p><strong>Et podria interessar: <\/strong><a href=\"https:\/\/blog.euncet.com\/ca\/mba-global-executive-euncet\/\" target=\"_blank\" rel=\"noreferrer noopener\"><strong>Descobreix el Global Executive MBA \u2013 Blog de l\u2019Euncet Business School<\/strong><\/a><strong><\/strong>&nbsp;<\/p>\n\n\n\n<figure class=\"wp-block-image size-large\"><img decoding=\"async\" width=\"1030\" height=\"464\" src=\"https:\/\/blog.euncet.com\/wp-content\/uploads\/2024\/11\/Movilidadinternacional_2-1-2-1030x464.webp\" alt=\"Vista a\u00e8ria d\u00b4un campus envoltat d\u00b4arbres, amb edificis de sostres vermells en un entorn natural.\" class=\"wp-image-64407\" srcset=\"https:\/\/www.euncet.com\/blog\/wp-content\/uploads\/2024\/11\/Movilidadinternacional_2-1-2-1030x464.webp 1030w, https:\/\/www.euncet.com\/blog\/wp-content\/uploads\/2024\/11\/Movilidadinternacional_2-1-2-300x135.webp 300w, https:\/\/www.euncet.com\/blog\/wp-content\/uploads\/2024\/11\/Movilidadinternacional_2-1-2-80x36.webp 80w, https:\/\/www.euncet.com\/blog\/wp-content\/uploads\/2024\/11\/Movilidadinternacional_2-1-2-768x346.webp 768w, https:\/\/www.euncet.com\/blog\/wp-content\/uploads\/2024\/11\/Movilidadinternacional_2-1-2-1536x691.webp 1536w, https:\/\/www.euncet.com\/blog\/wp-content\/uploads\/2024\/11\/Movilidadinternacional_2-1-2.webp 1920w\" sizes=\"(max-width: 1030px) 100vw, 1030px\" \/><\/figure>\n\n\n\n<h2 class=\"wp-block-heading\"><span class=\"ez-toc-section\" id=\"Grups_reduits_i_possibilitat_de_networking\"><\/span><strong>Grups redu\u00efts i possibilitat de <em>networking\u00a0<\/em><\/strong>\u00a0<span class=\"ez-toc-section-end\"><\/span><\/h2>\n\n\n\n<h3 class=\"wp-block-heading\"><strong>Quins trets diferencials t\u00e9 l\u2019Euncet Business School respecte a altres escoles de negocis?<\/strong>\u00a0<\/h3>\n\n\n\n<p>El principal, per a mi, s\u00f3n els <strong>grups redu\u00efts<\/strong>. Fem un acompanyament molt personalitzat tant en els nostres programes online com en els presencials, atenent les necessitats de cada professional.&nbsp;&nbsp;<\/p>\n\n\n\n<p>Tamb\u00e9 destacaria molt el que s\u00f3n els nostres <strong>perfils s\u00e8nior<\/strong>. Cada any \u00e9s important per a nosaltres saber qui vindr\u00e0 a formar-se a la nostra escola de negocis i ens assegurem que qui vingui ja porti uns anys treballant.&nbsp;<\/p>\n\n\n\n<p>Aix\u00f2 fa que les classes no consisteixin simplement en un docent impartint una classe magistral i que els mateixos estudiants puguin crear sinergias i fer <strong><em>networking<\/em><\/strong>. Les nostres aules de m\u00e0ster i postgrau s\u00f3n en moltes ocasions el lloc de naixement de <strong>noves l\u00ednies de negoci<\/strong> i <strong>projectes<\/strong>.&nbsp;&nbsp;<\/p>\n\n\n\n<p>Cal recordar que els docents dels nostres programes executius s\u00f3n professionals del sector especialitzats en l\u2019\u00e0rea que imparteixen. Per aix\u00f2, en tot el nostre material docent hi ha molta evid\u00e8ncia cient\u00edfica i molt treball de camp.&nbsp;&nbsp;<\/p>\n\n\n\n<h3 class=\"wp-block-heading\"><strong>Quina \u00e9s la difer\u00e8ncia entre la modalitat online i presencial dels programes d&#8217;Executive Education?\u00a0<\/strong>\u00a0<\/h3>\n\n\n\n<p>Jo sempre dic que, si pots fer-ho, estudi\u00efs en modalitat presencial, ja que l&#8217;experi\u00e8ncia \u00e9s m\u00e9s <strong>immersiva<\/strong>. No obstant aix\u00f2, els nostres programes online compten amb un gran acompanyament.&nbsp;&nbsp;<\/p>\n\n\n\n<p>Adjudiquem <strong>tutors<\/strong> i hi ha tutories. Els docents acompanyen i no es limiten a pujar un contingut perqu\u00e8 la gent pugui anar avan\u00e7ant quan vulgui (tot i que tamb\u00e9 ho poden fer).&nbsp;<\/p>\n\n\n\n<p>Molts dels nostres estudiants treballen en la ind\u00fastria i viatgen freq\u00fcentment. Per aix\u00f2, una cosa bona que tenen els programes online \u00e9s que <strong>l&#8217;estudiant marca el seu ritme<\/strong>, la qual cosa afavoreix la <strong>conciliaci\u00f3<\/strong> tant professional com familiar.&nbsp;<\/p>\n\n\n\n<figure class=\"wp-block-image size-large\"><img decoding=\"async\" width=\"2560\" height=\"1441\" src=\"https:\/\/blog.euncet.com\/wp-content\/uploads\/2024\/11\/pexels-paul-loh-65233-233698-1-edited-1-scaled.webp\" alt=\"Vista cap amunt de dos gratacels amb fa\u00e7anes de vidre reflectint el cel cap al tard.\" class=\"wp-image-64413\" srcset=\"https:\/\/www.euncet.com\/blog\/wp-content\/uploads\/2024\/11\/pexels-paul-loh-65233-233698-1-edited-1-scaled.webp 2560w, https:\/\/www.euncet.com\/blog\/wp-content\/uploads\/2024\/11\/pexels-paul-loh-65233-233698-1-edited-1-300x169.webp 300w, https:\/\/www.euncet.com\/blog\/wp-content\/uploads\/2024\/11\/pexels-paul-loh-65233-233698-1-edited-1-1030x580.webp 1030w, https:\/\/www.euncet.com\/blog\/wp-content\/uploads\/2024\/11\/pexels-paul-loh-65233-233698-1-edited-1-80x45.webp 80w, https:\/\/www.euncet.com\/blog\/wp-content\/uploads\/2024\/11\/pexels-paul-loh-65233-233698-1-edited-1-768x432.webp 768w, https:\/\/www.euncet.com\/blog\/wp-content\/uploads\/2024\/11\/pexels-paul-loh-65233-233698-1-edited-1-1536x865.webp 1536w, https:\/\/www.euncet.com\/blog\/wp-content\/uploads\/2024\/11\/pexels-paul-loh-65233-233698-1-edited-1-2048x1153.webp 2048w\" sizes=\"(max-width: 2560px) 100vw, 2560px\" \/><\/figure>\n\n\n\n<h2 class=\"wp-block-heading\"><span class=\"ez-toc-section\" id=\"Creixer_professionalment_de_la_ma_de_lequip_docent\"><\/span><strong>Cr\u00e9ixer professionalment de la m\u00e0 de l&#8217;equip docent<\/strong>\u00a0<span class=\"ez-toc-section-end\"><\/span><\/h2>\n\n\n\n<h3 class=\"wp-block-heading\"><strong>Quina \u00e9s la difer\u00e8ncia entre impartir classe a estudiants de grau i impartir classe a professionals en actiu?<\/strong>\u00a0<\/h3>\n\n\n\n<p>La principal difer\u00e8ncia \u00e9s l&#8217;experi\u00e8ncia. Als estudiants de grau els est\u00e0s ajudant a descobrir un m\u00f3n i, en canvi, a les aules de programes Executive et trobes amb professionals que saben molt del sector en el qual s&#8217;estan formant. D&#8217;aquesta manera, estudiants i professors es veuen m\u00e9s com a iguals.&nbsp;<\/p>\n\n\n\n<h3 class=\"wp-block-heading\"><strong>Qu\u00e8 li diries a un executiu per animar-lo a formar-se a l\u2019Euncet Business School?<\/strong>\u00a0<\/h3>\n\n\n\n<p>Jo li diria que, si se li est\u00e0 passant pel cap fer una formaci\u00f3, la faci, perqu\u00e8 \u00e9s el moment. A l\u2019Euncet diem molt a venir a formar-te \u00e9s una forma d&#8217;<strong>&#8220;autocura<\/strong>&#8220;, una paraula que ara est\u00e0 molt de moda.&nbsp;&nbsp;<\/p>\n\n\n\n<p>Curar-se i esperar per despr\u00e9s poder continuar. Ens ho diuen els estudiants, que s&#8217;alegren d&#8217;haver pres la decisi\u00f3 de venir a formar-se amb nosaltres malgrat l&#8217;esfor\u00e7 i les hores.&nbsp;<\/p>\n\n\n\n<h3 class=\"wp-block-heading\"><strong>Descriu la formaci\u00f3 Executive Education en una paraula.<\/strong>\u00a0<\/h3>\n\n\n\n<p>&#8220;<strong>Creixement<\/strong>&#8220;, i, a m\u00e9s, amb dos matisos: creixement professional i creixement personal. Decidir formar-te quan ja est\u00e0s treballant i ja tens un c\u00e0rrec \u00e9s molt valent i vital. \u00c9s un desig de continuar evolucionant per la teva empresa i per la teva professi\u00f3, evidentment, per\u00f2 tamb\u00e9 per la teva autoestima, per sentir-te realitzat o realitzada.&nbsp;&nbsp;<\/p>\n\n\n\n<p><strong>Et podria interessar: <\/strong><a href=\"https:\/\/blog.euncet.com\/ca\/descobreix-el-postgrau-en-direccio-de-projectes\/\" target=\"_blank\" rel=\"noreferrer noopener\"><strong>Descobreix com formar-te en Direcci\u00f3 de Projectes a Euncet<\/strong><\/a><strong><\/strong>&nbsp;<\/p>\n\n\n\n<figure class=\"wp-block-embed is-type-video is-provider-youtube wp-block-embed-youtube wp-embed-aspect-16-9 wp-has-aspect-ratio\"><div class=\"wp-block-embed__wrapper\">\n<iframe title=\"Formaci\u00f3 per a executius \u2013 Executive Education a l\u2019Euncet Business School\" width=\"800\" height=\"450\" src=\"https:\/\/www.youtube.com\/embed\/tRHxIEoL39o?feature=oembed\" frameborder=\"0\" allow=\"accelerometer; autoplay; clipboard-write; encrypted-media; gyroscope; picture-in-picture; web-share\" referrerpolicy=\"strict-origin-when-cross-origin\" allowfullscreen><\/iframe>\n<\/div><\/figure>\n\n\n\n<h2 class=\"wp-block-heading\"><span class=\"ez-toc-section\" id=\"Escull_la_teva_formacio_Executive_Education\"><\/span><strong>Escull la teva formaci\u00f3 Executive Education<\/strong>\u00a0<span class=\"ez-toc-section-end\"><\/span><\/h2>\n\n\n\n<p>T&#8217;est\u00e0s plantejant estudiar una formaci\u00f3 per a executius i portar al seg\u00fcent nivell la teva carrera professional? Per rebre m\u00e9s informaci\u00f3 sobre les formacions Executive Education de l\u2019Euncet Business School, no dubtis a posar-te en contacte amb l&#8217;escola de negocis a trav\u00e9s del correu <a href=\"mailto:executive@euncet.com\" target=\"_blank\" rel=\"noreferrer noopener\"><strong>executive@euncet.com<\/strong><\/a> o el n\u00famero de tel\u00e8fon <strong>935 47 60 66<\/strong>.&nbsp;&nbsp;<\/p>\n\n\n\n<p>Els assessors del centre universitari estaran encantats de resoldre tots els teus dubtes i atendre&#8217;t de manera personalitzada!&nbsp;<\/p>\n","protected":false},"excerpt":{"rendered":"<p>Decidir continuar formant-se una vegada ja comptem amb experi\u00e8ncia o una posici\u00f3 en una empresa no \u00e9s un pas senzill. Si t&#8217;ho est\u00e0s plantejant, no s\u00f3n poques les preguntes que han d&#8217;estar passant pel teu cap ara mateix. En quines&nbsp; \u00e0rees&nbsp; o habilitats hauria de millorar? Quins objectius&nbsp; vull aconseguir a curt i llarg termini? [&hellip;]<\/p>\n","protected":false},"author":28,"featured_media":64400,"comment_status":"open","ping_status":"open","sticky":false,"template":"","format":"standard","meta":{"_acf_changed":false,"footnotes":""},"categories":[288],"tags":[],"class_list":["post-64402","post","type-post","status-publish","format-standard","has-post-thumbnail","hentry","category-entrevistas"],"acf":[],"yoast_head":"<!-- This site is optimized with the Yoast SEO plugin v27.4 - https:\/\/yoast.com\/product\/yoast-seo-wordpress\/ -->\n<title>Formaci\u00f3 Executive Education \u2013 Blog de l\u2019Euncet Business School<\/title>\n<meta name=\"description\" content=\"Programes per a professionals que busquen cr\u00e9ixer i liderar. Modalitats en l\u00ednia i presencials adaptades a les teves necessitats. Informa&#039;t ara!\" \/>\n<meta name=\"robots\" content=\"index, follow, max-snippet:-1, max-image-preview:large, max-video-preview:-1\" \/>\n<link rel=\"canonical\" href=\"https:\/\/www.euncet.com\/blog\/ca\/formacio-executive-education-euncet\/\" \/>\n<meta property=\"og:locale\" content=\"ca_ES\" \/>\n<meta property=\"og:type\" content=\"article\" \/>\n<meta property=\"og:title\" content=\"Formaci\u00f3 Executive Education \u2013 Blog de l\u2019Euncet Business School\" \/>\n<meta property=\"og:description\" content=\"Programes per a professionals que busquen cr\u00e9ixer i liderar. Modalitats en l\u00ednia i presencials adaptades a les teves necessitats. Informa&#039;t ara!\" \/>\n<meta property=\"og:url\" content=\"https:\/\/www.euncet.com\/blog\/ca\/formacio-executive-education-euncet\/\" \/>\n<meta property=\"og:site_name\" content=\"Euncet Business School\" \/>\n<meta property=\"article:publisher\" content=\"https:\/\/www.facebook.com\/euncet\" \/>\n<meta property=\"article:published_time\" content=\"2024-11-19T17:58:13+00:00\" \/>\n<meta property=\"article:modified_time\" content=\"2024-11-19T17:58:14+00:00\" \/>\n<meta property=\"og:image\" content=\"https:\/\/www.euncet.com\/blog\/wp-content\/uploads\/2024\/11\/Web_Euncet-_25_.webp\" \/>\n\t<meta property=\"og:image:width\" content=\"1900\" \/>\n\t<meta property=\"og:image:height\" content=\"700\" \/>\n\t<meta property=\"og:image:type\" content=\"image\/webp\" \/>\n<meta name=\"author\" content=\"euncet\" \/>\n<meta name=\"twitter:card\" content=\"summary_large_image\" \/>\n<meta name=\"twitter:creator\" content=\"@euncet\" \/>\n<meta name=\"twitter:site\" content=\"@euncet\" \/>\n<meta name=\"twitter:label1\" content=\"Escrit per\" \/>\n\t<meta name=\"twitter:data1\" content=\"euncet\" \/>\n\t<meta name=\"twitter:label2\" content=\"Temps estimat de lectura\" \/>\n\t<meta name=\"twitter:data2\" content=\"6 minuts\" \/>\n<script type=\"application\/ld+json\" class=\"yoast-schema-graph\">{\"@context\":\"https:\\\/\\\/schema.org\",\"@graph\":[{\"@type\":\"Article\",\"@id\":\"https:\\\/\\\/www.euncet.com\\\/blog\\\/ca\\\/formacio-executive-education-euncet\\\/#article\",\"isPartOf\":{\"@id\":\"https:\\\/\\\/www.euncet.com\\\/blog\\\/ca\\\/formacio-executive-education-euncet\\\/\"},\"author\":{\"name\":\"euncet\",\"@id\":\"https:\\\/\\\/www.euncet.com\\\/blog\\\/ca\\\/#\\\/schema\\\/person\\\/8253e592273eb1f7a48788902ca03268\"},\"headline\":\"Formaci\u00f3 per a executius o Executive Education \u2013 Blog de l\u2019Euncet Business School\",\"datePublished\":\"2024-11-19T17:58:13+00:00\",\"dateModified\":\"2024-11-19T17:58:14+00:00\",\"mainEntityOfPage\":{\"@id\":\"https:\\\/\\\/www.euncet.com\\\/blog\\\/ca\\\/formacio-executive-education-euncet\\\/\"},\"wordCount\":1258,\"commentCount\":0,\"image\":{\"@id\":\"https:\\\/\\\/www.euncet.com\\\/blog\\\/ca\\\/formacio-executive-education-euncet\\\/#primaryimage\"},\"thumbnailUrl\":\"https:\\\/\\\/www.euncet.com\\\/blog\\\/wp-content\\\/uploads\\\/2024\\\/11\\\/Web_Euncet-_25_.webp\",\"articleSection\":[\"Entrevistas\"],\"inLanguage\":\"ca\",\"potentialAction\":[{\"@type\":\"CommentAction\",\"name\":\"Comment\",\"target\":[\"https:\\\/\\\/www.euncet.com\\\/blog\\\/ca\\\/formacio-executive-education-euncet\\\/#respond\"]}]},{\"@type\":\"WebPage\",\"@id\":\"https:\\\/\\\/www.euncet.com\\\/blog\\\/ca\\\/formacio-executive-education-euncet\\\/\",\"url\":\"https:\\\/\\\/www.euncet.com\\\/blog\\\/ca\\\/formacio-executive-education-euncet\\\/\",\"name\":\"Formaci\u00f3 Executive Education \u2013 Blog de l\u2019Euncet Business School\",\"isPartOf\":{\"@id\":\"https:\\\/\\\/www.euncet.com\\\/blog\\\/ca\\\/#website\"},\"primaryImageOfPage\":{\"@id\":\"https:\\\/\\\/www.euncet.com\\\/blog\\\/ca\\\/formacio-executive-education-euncet\\\/#primaryimage\"},\"image\":{\"@id\":\"https:\\\/\\\/www.euncet.com\\\/blog\\\/ca\\\/formacio-executive-education-euncet\\\/#primaryimage\"},\"thumbnailUrl\":\"https:\\\/\\\/www.euncet.com\\\/blog\\\/wp-content\\\/uploads\\\/2024\\\/11\\\/Web_Euncet-_25_.webp\",\"datePublished\":\"2024-11-19T17:58:13+00:00\",\"dateModified\":\"2024-11-19T17:58:14+00:00\",\"author\":{\"@id\":\"https:\\\/\\\/www.euncet.com\\\/blog\\\/ca\\\/#\\\/schema\\\/person\\\/8253e592273eb1f7a48788902ca03268\"},\"description\":\"Programes per a professionals que busquen cr\u00e9ixer i liderar. Modalitats en l\u00ednia i presencials adaptades a les teves necessitats. Informa't ara!\",\"breadcrumb\":{\"@id\":\"https:\\\/\\\/www.euncet.com\\\/blog\\\/ca\\\/formacio-executive-education-euncet\\\/#breadcrumb\"},\"inLanguage\":\"ca\",\"potentialAction\":[{\"@type\":\"ReadAction\",\"target\":[\"https:\\\/\\\/www.euncet.com\\\/blog\\\/ca\\\/formacio-executive-education-euncet\\\/\"]}]},{\"@type\":\"ImageObject\",\"inLanguage\":\"ca\",\"@id\":\"https:\\\/\\\/www.euncet.com\\\/blog\\\/ca\\\/formacio-executive-education-euncet\\\/#primaryimage\",\"url\":\"https:\\\/\\\/www.euncet.com\\\/blog\\\/wp-content\\\/uploads\\\/2024\\\/11\\\/Web_Euncet-_25_.webp\",\"contentUrl\":\"https:\\\/\\\/www.euncet.com\\\/blog\\\/wp-content\\\/uploads\\\/2024\\\/11\\\/Web_Euncet-_25_.webp\",\"width\":1900,\"height\":700,\"caption\":\"Hombre joven con gafas y camisa azul claro, sonriente mientras trabaja en un port\u00e1til al aire libre en un entorno moderno y luminoso.\"},{\"@type\":\"BreadcrumbList\",\"@id\":\"https:\\\/\\\/www.euncet.com\\\/blog\\\/ca\\\/formacio-executive-education-euncet\\\/#breadcrumb\",\"itemListElement\":[{\"@type\":\"ListItem\",\"position\":1,\"name\":\"Portada\",\"item\":\"https:\\\/\\\/www.euncet.com\\\/blog\\\/ca\\\/\"},{\"@type\":\"ListItem\",\"position\":2,\"name\":\"Formaci\u00f3 per a executius o Executive Education \u2013 Blog de l\u2019Euncet Business School\"}]},{\"@type\":\"WebSite\",\"@id\":\"https:\\\/\\\/www.euncet.com\\\/blog\\\/ca\\\/#website\",\"url\":\"https:\\\/\\\/www.euncet.com\\\/blog\\\/ca\\\/\",\"name\":\"Euncet Business School\",\"description\":\"Escuela de negocios\",\"potentialAction\":[{\"@type\":\"SearchAction\",\"target\":{\"@type\":\"EntryPoint\",\"urlTemplate\":\"https:\\\/\\\/www.euncet.com\\\/blog\\\/ca\\\/?s={search_term_string}\"},\"query-input\":{\"@type\":\"PropertyValueSpecification\",\"valueRequired\":true,\"valueName\":\"search_term_string\"}}],\"inLanguage\":\"ca\"},{\"@type\":\"Person\",\"@id\":\"https:\\\/\\\/www.euncet.com\\\/blog\\\/ca\\\/#\\\/schema\\\/person\\\/8253e592273eb1f7a48788902ca03268\",\"name\":\"euncet\",\"image\":{\"@type\":\"ImageObject\",\"inLanguage\":\"ca\",\"@id\":\"https:\\\/\\\/secure.gravatar.com\\\/avatar\\\/ee2ce5f049e82b74bcc6b8db4c5e9c717e35544f3cde91d14a3daa9827fe21f0?s=96&d=mm&r=g\",\"url\":\"https:\\\/\\\/secure.gravatar.com\\\/avatar\\\/ee2ce5f049e82b74bcc6b8db4c5e9c717e35544f3cde91d14a3daa9827fe21f0?s=96&d=mm&r=g\",\"contentUrl\":\"https:\\\/\\\/secure.gravatar.com\\\/avatar\\\/ee2ce5f049e82b74bcc6b8db4c5e9c717e35544f3cde91d14a3daa9827fe21f0?s=96&d=mm&r=g\",\"caption\":\"euncet\"},\"url\":\"https:\\\/\\\/www.euncet.com\\\/blog\\\/ca\\\/author\\\/euncet\\\/\"}]}<\/script>\n<!-- \/ Yoast SEO plugin. -->","yoast_head_json":{"title":"Formaci\u00f3 Executive Education \u2013 Blog de l\u2019Euncet Business School","description":"Programes per a professionals que busquen cr\u00e9ixer i liderar. Modalitats en l\u00ednia i presencials adaptades a les teves necessitats. Informa't ara!","robots":{"index":"index","follow":"follow","max-snippet":"max-snippet:-1","max-image-preview":"max-image-preview:large","max-video-preview":"max-video-preview:-1"},"canonical":"https:\/\/www.euncet.com\/blog\/ca\/formacio-executive-education-euncet\/","og_locale":"ca_ES","og_type":"article","og_title":"Formaci\u00f3 Executive Education \u2013 Blog de l\u2019Euncet Business School","og_description":"Programes per a professionals que busquen cr\u00e9ixer i liderar. Modalitats en l\u00ednia i presencials adaptades a les teves necessitats. Informa't ara!","og_url":"https:\/\/www.euncet.com\/blog\/ca\/formacio-executive-education-euncet\/","og_site_name":"Euncet Business School","article_publisher":"https:\/\/www.facebook.com\/euncet","article_published_time":"2024-11-19T17:58:13+00:00","article_modified_time":"2024-11-19T17:58:14+00:00","og_image":[{"width":1900,"height":700,"url":"https:\/\/www.euncet.com\/blog\/wp-content\/uploads\/2024\/11\/Web_Euncet-_25_.webp","type":"image\/webp"}],"author":"euncet","twitter_card":"summary_large_image","twitter_creator":"@euncet","twitter_site":"@euncet","twitter_misc":{"Escrit per":"euncet","Temps estimat de lectura":"6 minuts"},"schema":{"@context":"https:\/\/schema.org","@graph":[{"@type":"Article","@id":"https:\/\/www.euncet.com\/blog\/ca\/formacio-executive-education-euncet\/#article","isPartOf":{"@id":"https:\/\/www.euncet.com\/blog\/ca\/formacio-executive-education-euncet\/"},"author":{"name":"euncet","@id":"https:\/\/www.euncet.com\/blog\/ca\/#\/schema\/person\/8253e592273eb1f7a48788902ca03268"},"headline":"Formaci\u00f3 per a executius o Executive Education \u2013 Blog de l\u2019Euncet Business School","datePublished":"2024-11-19T17:58:13+00:00","dateModified":"2024-11-19T17:58:14+00:00","mainEntityOfPage":{"@id":"https:\/\/www.euncet.com\/blog\/ca\/formacio-executive-education-euncet\/"},"wordCount":1258,"commentCount":0,"image":{"@id":"https:\/\/www.euncet.com\/blog\/ca\/formacio-executive-education-euncet\/#primaryimage"},"thumbnailUrl":"https:\/\/www.euncet.com\/blog\/wp-content\/uploads\/2024\/11\/Web_Euncet-_25_.webp","articleSection":["Entrevistas"],"inLanguage":"ca","potentialAction":[{"@type":"CommentAction","name":"Comment","target":["https:\/\/www.euncet.com\/blog\/ca\/formacio-executive-education-euncet\/#respond"]}]},{"@type":"WebPage","@id":"https:\/\/www.euncet.com\/blog\/ca\/formacio-executive-education-euncet\/","url":"https:\/\/www.euncet.com\/blog\/ca\/formacio-executive-education-euncet\/","name":"Formaci\u00f3 Executive Education \u2013 Blog de l\u2019Euncet Business School","isPartOf":{"@id":"https:\/\/www.euncet.com\/blog\/ca\/#website"},"primaryImageOfPage":{"@id":"https:\/\/www.euncet.com\/blog\/ca\/formacio-executive-education-euncet\/#primaryimage"},"image":{"@id":"https:\/\/www.euncet.com\/blog\/ca\/formacio-executive-education-euncet\/#primaryimage"},"thumbnailUrl":"https:\/\/www.euncet.com\/blog\/wp-content\/uploads\/2024\/11\/Web_Euncet-_25_.webp","datePublished":"2024-11-19T17:58:13+00:00","dateModified":"2024-11-19T17:58:14+00:00","author":{"@id":"https:\/\/www.euncet.com\/blog\/ca\/#\/schema\/person\/8253e592273eb1f7a48788902ca03268"},"description":"Programes per a professionals que busquen cr\u00e9ixer i liderar. Modalitats en l\u00ednia i presencials adaptades a les teves necessitats. Informa't ara!","breadcrumb":{"@id":"https:\/\/www.euncet.com\/blog\/ca\/formacio-executive-education-euncet\/#breadcrumb"},"inLanguage":"ca","potentialAction":[{"@type":"ReadAction","target":["https:\/\/www.euncet.com\/blog\/ca\/formacio-executive-education-euncet\/"]}]},{"@type":"ImageObject","inLanguage":"ca","@id":"https:\/\/www.euncet.com\/blog\/ca\/formacio-executive-education-euncet\/#primaryimage","url":"https:\/\/www.euncet.com\/blog\/wp-content\/uploads\/2024\/11\/Web_Euncet-_25_.webp","contentUrl":"https:\/\/www.euncet.com\/blog\/wp-content\/uploads\/2024\/11\/Web_Euncet-_25_.webp","width":1900,"height":700,"caption":"Hombre joven con gafas y camisa azul claro, sonriente mientras trabaja en un port\u00e1til al aire libre en un entorno moderno y luminoso."},{"@type":"BreadcrumbList","@id":"https:\/\/www.euncet.com\/blog\/ca\/formacio-executive-education-euncet\/#breadcrumb","itemListElement":[{"@type":"ListItem","position":1,"name":"Portada","item":"https:\/\/www.euncet.com\/blog\/ca\/"},{"@type":"ListItem","position":2,"name":"Formaci\u00f3 per a executius o Executive Education \u2013 Blog de l\u2019Euncet Business School"}]},{"@type":"WebSite","@id":"https:\/\/www.euncet.com\/blog\/ca\/#website","url":"https:\/\/www.euncet.com\/blog\/ca\/","name":"Euncet Business School","description":"Escuela de negocios","potentialAction":[{"@type":"SearchAction","target":{"@type":"EntryPoint","urlTemplate":"https:\/\/www.euncet.com\/blog\/ca\/?s={search_term_string}"},"query-input":{"@type":"PropertyValueSpecification","valueRequired":true,"valueName":"search_term_string"}}],"inLanguage":"ca"},{"@type":"Person","@id":"https:\/\/www.euncet.com\/blog\/ca\/#\/schema\/person\/8253e592273eb1f7a48788902ca03268","name":"euncet","image":{"@type":"ImageObject","inLanguage":"ca","@id":"https:\/\/secure.gravatar.com\/avatar\/ee2ce5f049e82b74bcc6b8db4c5e9c717e35544f3cde91d14a3daa9827fe21f0?s=96&d=mm&r=g","url":"https:\/\/secure.gravatar.com\/avatar\/ee2ce5f049e82b74bcc6b8db4c5e9c717e35544f3cde91d14a3daa9827fe21f0?s=96&d=mm&r=g","contentUrl":"https:\/\/secure.gravatar.com\/avatar\/ee2ce5f049e82b74bcc6b8db4c5e9c717e35544f3cde91d14a3daa9827fe21f0?s=96&d=mm&r=g","caption":"euncet"},"url":"https:\/\/www.euncet.com\/blog\/ca\/author\/euncet\/"}]}},"_links":{"self":[{"href":"https:\/\/www.euncet.com\/blog\/ca\/wp-json\/wp\/v2\/posts\/64402","targetHints":{"allow":["GET"]}}],"collection":[{"href":"https:\/\/www.euncet.com\/blog\/ca\/wp-json\/wp\/v2\/posts"}],"about":[{"href":"https:\/\/www.euncet.com\/blog\/ca\/wp-json\/wp\/v2\/types\/post"}],"author":[{"embeddable":true,"href":"https:\/\/www.euncet.com\/blog\/ca\/wp-json\/wp\/v2\/users\/28"}],"replies":[{"embeddable":true,"href":"https:\/\/www.euncet.com\/blog\/ca\/wp-json\/wp\/v2\/comments?post=64402"}],"version-history":[{"count":0,"href":"https:\/\/www.euncet.com\/blog\/ca\/wp-json\/wp\/v2\/posts\/64402\/revisions"}],"wp:featuredmedia":[{"embeddable":true,"href":"https:\/\/www.euncet.com\/blog\/ca\/wp-json\/wp\/v2\/media\/64400"}],"wp:attachment":[{"href":"https:\/\/www.euncet.com\/blog\/ca\/wp-json\/wp\/v2\/media?parent=64402"}],"wp:term":[{"taxonomy":"category","embeddable":true,"href":"https:\/\/www.euncet.com\/blog\/ca\/wp-json\/wp\/v2\/categories?post=64402"},{"taxonomy":"post_tag","embeddable":true,"href":"https:\/\/www.euncet.com\/blog\/ca\/wp-json\/wp\/v2\/tags?post=64402"}],"curies":[{"name":"wp","href":"https:\/\/api.w.org\/{rel}","templated":true}]}}