{"id":64431,"date":"2024-11-22T18:11:36","date_gmt":"2024-11-22T17:11:36","guid":{"rendered":"https:\/\/blog.euncet.com\/?p=64431"},"modified":"2024-11-22T18:11:39","modified_gmt":"2024-11-22T17:11:39","slug":"doble-grau-empresa-marqueting","status":"publish","type":"post","link":"https:\/\/www.euncet.com\/blog\/ca\/doble-grau-empresa-marqueting\/","title":{"rendered":"Com \u00e9s estudiar un Doble Grau en Empresa i M\u00e0rqueting? Entrevista a un alumne de l\u2019Euncet"},"content":{"rendered":"\n<p>Est\u00e0s interessat en el m\u00f3n de l <strong>&#8216;empresa<\/strong> i el <strong>m\u00e0rqueting<\/strong> i et planteges <strong>estudiar un doble grau<\/strong> universitari? En aquest cas, \u00e9s possible que se&#8217;t passin molts dubtes pel cap. Quants anys dura una doble titulaci\u00f3 universit\u00e0ria? Quina \u00e9s la c\u00e0rrega de treball que m&#8217;espera? Un doble grau implica el doble d&#8217;<strong>oportunitats professionals<\/strong>?&nbsp;<\/p><div id=\"ez-toc-container\" class=\"ez-toc-v2_0_82_2 counter-hierarchy ez-toc-counter ez-toc-custom ez-toc-container-direction\">\n<div class=\"ez-toc-title-container\">\n<p class=\"ez-toc-title\" style=\"cursor:inherit\">\u00cdNDEX DE CONTINGUTS<\/p>\n<span class=\"ez-toc-title-toggle\"><a href=\"#\" class=\"ez-toc-pull-right ez-toc-btn ez-toc-btn-xs ez-toc-btn-default ez-toc-toggle\" aria-label=\"Toggle Table of Content\"><span class=\"ez-toc-js-icon-con\"><span class=\"\"><span class=\"eztoc-hide\" style=\"display:none;\">Toggle<\/span><span class=\"ez-toc-icon-toggle-span\"><svg style=\"fill: #222222;color:#222222\" xmlns=\"http:\/\/www.w3.org\/2000\/svg\" class=\"list-377408\" width=\"20px\" height=\"20px\" viewBox=\"0 0 24 24\" fill=\"none\"><path d=\"M6 6H4v2h2V6zm14 0H8v2h12V6zM4 11h2v2H4v-2zm16 0H8v2h12v-2zM4 16h2v2H4v-2zm16 0H8v2h12v-2z\" fill=\"currentColor\"><\/path><\/svg><svg style=\"fill: #222222;color:#222222\" class=\"arrow-unsorted-368013\" xmlns=\"http:\/\/www.w3.org\/2000\/svg\" width=\"10px\" height=\"10px\" viewBox=\"0 0 24 24\" version=\"1.2\" baseProfile=\"tiny\"><path d=\"M18.2 9.3l-6.2-6.3-6.2 6.3c-.2.2-.3.4-.3.7s.1.5.3.7c.2.2.4.3.7.3h11c.3 0 .5-.1.7-.3.2-.2.3-.5.3-.7s-.1-.5-.3-.7zM5.8 14.7l6.2 6.3 6.2-6.3c.2-.2.3-.5.3-.7s-.1-.5-.3-.7c-.2-.2-.4-.3-.7-.3h-11c-.3 0-.5.1-.7.3-.2.2-.3.5-.3.7s.1.5.3.7z\"\/><\/svg><\/span><\/span><\/span><\/a><\/span><\/div>\n<nav><ul class='ez-toc-list ez-toc-list-level-1 ' ><li class='ez-toc-page-1 ez-toc-heading-level-2'><a class=\"ez-toc-link ez-toc-heading-1\" href=\"https:\/\/www.euncet.com\/blog\/ca\/doble-grau-empresa-marqueting\/#Dues_carreres_en_5_anys\" >Dues carreres en 5 anys\u00a0<\/a><\/li><li class='ez-toc-page-1 ez-toc-heading-level-2'><a class=\"ez-toc-link ez-toc-heading-2\" href=\"https:\/\/www.euncet.com\/blog\/ca\/doble-grau-empresa-marqueting\/#Que_et_van_semblar_les_installacions_del_Campus_Terrassa\" >Qu\u00e8 et van semblar les instal\u00b7lacions del Campus Terrassa?\u00a0\u00a0<\/a><\/li><li class='ez-toc-page-1 ez-toc-heading-level-2'><a class=\"ez-toc-link ez-toc-heading-3\" href=\"https:\/\/www.euncet.com\/blog\/ca\/doble-grau-empresa-marqueting\/#Entrar_al_mon_laboral_despres_destudiar_un_doble_grau\" >Entrar al m\u00f3n laboral despr\u00e9s d&#8217;estudiar un doble grau\u00a0<\/a><\/li><li class='ez-toc-page-1 ez-toc-heading-level-2'><a class=\"ez-toc-link ez-toc-heading-4\" href=\"https:\/\/www.euncet.com\/blog\/ca\/doble-grau-empresa-marqueting\/#Informat_sobre_el_Doble_Grau_en_Empresa_i_Marqueting_de_lEuncet\" >Informa&#8217;t sobre el Doble Grau en Empresa i M\u00e0rqueting de l\u2019Euncet\u00a0<\/a><\/li><\/ul><\/nav><\/div>\n\n\n\n\n<p>La realitat \u00e9s que un doble grau pot ser l&#8217;opci\u00f3 de formaci\u00f3 perfecta si sents passi\u00f3 per diferents \u00e0mbits professionals. Des de l\u2019Euncet Business School, et convidem a considerar el nostre <a href=\"https:\/\/www.euncet.com\/ca\/graus\/doble-grau-empresa-marqueting-innovacio-i-tecnologia\/\" target=\"_blank\" rel=\"noreferrer noopener\"><strong>Doble Grau en Empresa, Innovaci\u00f3 i Tecnologia i M\u00e0rqueting, Innovaci\u00f3 i Tecnologia<\/strong><\/a>.&nbsp;&nbsp;<\/p>\n\n\n\n<p>No obstant, davant del dubte no hi ha res millor que escoltar el testimoni directe d&#8217;alg\u00fa que ha viscut l&#8217;experi\u00e8ncia d&#8217;estudiar una doble titulaci\u00f3. En aquest article del blog de la nostra escola de negocis hem tingut l&#8217;oportunitat de conversar amb <strong>Joel Medr\u00e1n<\/strong>, qui ens ha explicat les seves viv\u00e8ncies com a antic estudiant del Doble Grau en ADE i M\u00e0rqueting a la universitat. \u00bfEst\u00e0s llest per sortir de dubtes?<\/p>\n\n\n\n<figure class=\"wp-block-image size-large\"><img fetchpriority=\"high\" decoding=\"async\" width=\"1030\" height=\"464\" src=\"https:\/\/blog.euncet.com\/wp-content\/uploads\/2024\/11\/Movilidadinternacional_2-1-2-1030x464.webp\" alt=\"Vista a\u00e9rea de un edificio rodeado de \u00e1rboles, con tejados rojos y estructura rectangular.&quot;\n\nSi necesitas algo m\u00e1s espec\u00edfico o enfocado a un contexto, h\u00e1zmelo saber.\" class=\"wp-image-64408\" srcset=\"https:\/\/www.euncet.com\/blog\/wp-content\/uploads\/2024\/11\/Movilidadinternacional_2-1-2-1030x464.webp 1030w, https:\/\/www.euncet.com\/blog\/wp-content\/uploads\/2024\/11\/Movilidadinternacional_2-1-2-300x135.webp 300w, https:\/\/www.euncet.com\/blog\/wp-content\/uploads\/2024\/11\/Movilidadinternacional_2-1-2-80x36.webp 80w, https:\/\/www.euncet.com\/blog\/wp-content\/uploads\/2024\/11\/Movilidadinternacional_2-1-2-768x346.webp 768w, https:\/\/www.euncet.com\/blog\/wp-content\/uploads\/2024\/11\/Movilidadinternacional_2-1-2-1536x691.webp 1536w, https:\/\/www.euncet.com\/blog\/wp-content\/uploads\/2024\/11\/Movilidadinternacional_2-1-2.webp 1920w\" sizes=\"(max-width: 1030px) 100vw, 1030px\" \/><\/figure>\n\n\n\n<h2 class=\"wp-block-heading\"><span class=\"ez-toc-section\" id=\"Dues_carreres_en_5_anys\"><\/span><strong>Dues carreres en 5 anys<\/strong>\u00a0<span class=\"ez-toc-section-end\"><\/span><\/h2>\n\n\n\n<h3 class=\"wp-block-heading\"><strong>Per qu\u00e8 vas decidir estudiar el Doble Grau en ADE + M\u00e0rqueting a l\u2019Euncet Business School? \u00bfVas valorar altres opcions abans?\u00a0<\/strong>\u00a0<\/h3>\n\n\n\n<p>Em vaig decantar per estudiar el Doble Grau perqu\u00e8 encara estava indec\u00eds sobre en qu\u00e8 volia enfocar-me exactament. M&#8217;agradava el m\u00e0rqueting i no l&#8217;havia tocat gaire a l&#8217;institut, per\u00f2 la meva passi\u00f3 eren els n\u00fameros i tenia decidit estudiar ADE. El fet d&#8217;estudiar 2 carreres i tenir m\u00e9s sortides al mercat laboral va ser un factor significatiu per acabar de decantar-me. Havia valorat altres opcions, per\u00f2, quan vaig veure el que oferia l\u2019Euncet i vaig veure que estava a prop de casa meva, em vaig decantar r\u00e0pidament per estudiar aqu\u00ed.&nbsp;<\/p>\n\n\n\n<h3 class=\"wp-block-heading\"><strong>Quin \u00e9s el balan\u00e7 que fas dels teus 5 anys de carrera? Tornaries a escollir els mateixos graus?\u00a0<\/strong>\u00a0<\/h3>\n\n\n\n<p>Durant aquests 5 anys he apr\u00e8s moltes coses. M&#8217;han servit per cr\u00e9ixer professionalment, sobretot amb el seguiment que ens fan als alumnes i l&#8217;estructura de l&#8217;activitat docent. Un punt que m&#8217;agradaria remarcar \u00e9s el tema de les pr\u00e0ctiques. L\u2019Euncet em va oferir la possibilitat de comen\u00e7ar en el mercat laboral molt abans que altres universitats i en una gran empresa en la qual tamb\u00e9 vaig aprendre molt com a professional.&nbsp;&nbsp;<\/p>\n\n\n\n<h2 class=\"wp-block-heading\"><span class=\"ez-toc-section\" id=\"Que_et_van_semblar_les_installacions_del_Campus_Terrassa\"><\/span><strong>Qu\u00e8 et van semblar les instal\u00b7lacions del Campus Terrassa?\u00a0<\/strong>\u00a0<span class=\"ez-toc-section-end\"><\/span><\/h2>\n\n\n\n<p>Tenen un encant diferent del que \u00e9s una universitat. Per a mi s\u00f3n instal\u00b7lacions atractives i estan molt ben cuidades.&nbsp;<\/p>\n\n\n\n<p>Et podria interessar: <a href=\"https:\/\/blog.euncet.com\/ca\/estudiar-un-master-en-marqueting\/\" target=\"_blank\" rel=\"noreferrer noopener\"><strong>Per qu\u00e8 estudiar un M\u00e0ster en M\u00e0rqueting<\/strong><\/a>&nbsp;&nbsp;<\/p>\n\n\n\n<h2 class=\"wp-block-heading\"><span class=\"ez-toc-section\" id=\"Entrar_al_mon_laboral_despres_destudiar_un_doble_grau\"><\/span><strong>Entrar al m\u00f3n laboral despr\u00e9s d&#8217;estudiar un doble grau<\/strong>\u00a0<span class=\"ez-toc-section-end\"><\/span><\/h2>\n\n\n\n<h3 class=\"wp-block-heading\"><strong>Tens alguna experi\u00e8ncia o relaci\u00f3 concreta amb algun professor o assignatura que destacaries?\u00a0<\/strong>\u00a0<\/h3>\n\n\n\n<p>He tingut grans professors al llarg de les carreres. Amb alguns segueixo mantenint contacte i tinc molta confian\u00e7a. M&#8217;enorgulleix que, passat el temps, pugui continuar mantenint contacte amb ells i que molts d&#8217;ells m&#8217;hagin ofert ajuda quan l&#8217;he necessitat. A l\u2019Euncet hi ha docents molt preparats i, sobretot, grans persones, que \u00e9s una cosa important tamb\u00e9.&nbsp;<\/p>\n\n\n\n<h3 class=\"wp-block-heading\"><strong>En quina empresa est\u00e0s treballant actualment? Quina \u00e9s la teva posici\u00f3 i com descriuries les teves funcions?\u00a0<\/strong>\u00a0<\/h3>\n\n\n\n<p>Estic treballant a Brafim Mecplast i ara mateix m&#8217;encarrego de les compres de la mat\u00e8ria primera i la planificaci\u00f3 de la producci\u00f3. El meu dia a dia es basa a comprar el material que es necessiti per elaborar el producte, planificar quines produccions dur a terme abans i tractar amb els clients per a les comandes. L&#8217;empresa es dedica a l&#8217;enginyeria de l&#8217;embalatge i des de fa uns anys ens estem enfocant molt en l&#8217;embalatge sostenible, fet de cartr\u00f3 i amb una gran taxa de satisfacci\u00f3 per part de grans clients a nivell nacional i internacional.&nbsp;<\/p>\n\n\n\n<h3 class=\"wp-block-heading\"><strong>Comparteix un ensenyament que t&#8217;ha mostrat el m\u00f3n laboral que no aprens durant la carrera.<\/strong>\u00a0<\/h3>\n\n\n\n<p>El que m\u00e9s he apr\u00e8s en el m\u00f3n laboral i m&#8217;ha portat diversos anys gestionar \u00e9s el control de l&#8217;estr\u00e8s i les emocions. \u00c9s cert que a la universitat es tracten aquests assumptes, per\u00f2 fins que no et veus en una situaci\u00f3 d&#8217;aquest tipus no l&#8217;aprens a portar.&nbsp;<\/p>\n\n\n\n<h3 class=\"wp-block-heading\"><strong>Diries que estudiar una doble titulaci\u00f3 t&#8217;ha obert m\u00e9s portes en l&#8217;\u00e0mbit professional?\u00a0<\/strong>\u00a0<\/h3>\n\n\n\n<p>S\u00ed, i ja no a nivell de poder englobar diverses posicions, ja que sempre he volgut acabar centrant-me en el que he vist en les carreres que m\u00e9s m&#8217;ha agradat. Crec que estudiar un doble grau \u00e9s una demostraci\u00f3 per als <em>recruiters<\/em> que ets una persona organitzada, amb molta disciplina, amb ganes d&#8217;aprendre (\u00e9s important perqu\u00e8 mai deixes d&#8217;aprendre coses noves) i, sobretot, que t&#8217;agraden els reptes.&nbsp;<\/p>\n\n\n\n<h3 class=\"wp-block-heading\"><strong>Qu\u00e8 \u00e9s el que m\u00e9s trobes a faltar de la universitat?\u00a0<\/strong>\u00a0<\/h3>\n\n\n\n<p>Sincerament, veure di\u00e0riament les grans amistats que vaig fer. S\u00ed que \u00e9s veritat que segueixo mantenint contacte i veient els meus amics, per\u00f2 no tot el que m&#8217;agradaria. Afrontava l&#8217;etapa de la universitat amb incertesa perqu\u00e8 deixava enrere moltes amistats de l&#8217;institut i no sabia si anava a congeniar tan b\u00e9 amb altres persones, per\u00f2 a l\u2019Euncet he acabat tenint companys genials als quals tinc molta estima.&nbsp;<\/p>\n\n\n\n<h3 class=\"wp-block-heading\"><strong>Qu\u00e8 diries a aquells joves estudiants que s&#8217;estiguin plantejant estudiar el Doble Grau per\u00f2 no s&#8217;acaben de decidir?\u00a0<\/strong>\u00a0<\/h3>\n\n\n\n<p>Si estan indecisos, jo els aconsellaria que provin, ho intentin i s&#8217;equivoquin. Sempre s\u00f3n a temps de veure qu\u00e8 \u00e9s el que realment els apassiona. En el meu cas, estava indec\u00eds sobre en qu\u00e8 enfocar-me i, tenint un gran ventall de possibilitats en els meus estudis, he sabut qu\u00e8 \u00e9s el que realment m&#8217;apassiona i el que no m&#8217;agradaria fer en el meu dia a dia. El major consell que podria donar-los \u00e9s que ho intentin i vegin qu\u00e8 els agrada dins de totes les sortides que els ofereix el Doble Grau.&nbsp;<\/p>\n\n\n\n<h3 class=\"wp-block-heading\"><strong>Et planteges tornar a estudiar a l\u2019Euncet Business School amb un postgrau o un m\u00e0ster?\u00a0<\/strong>\u00a0<\/h3>\n\n\n\n<p>Sens dubte, m&#8217;encantaria tornar a estudiar a l\u2019Euncet, on m&#8217;he trobat amb grans professionals com a docents i com a companys. Sempre cal tenir expectatives de continuar creixent com a professional i considero que Euncet sempre m&#8217;oferir\u00e0 aquesta oportunitat.<\/p>\n\n\n\n<figure class=\"wp-block-image size-full\"><img decoding=\"async\" width=\"800\" height=\"450\" src=\"https:\/\/blog.euncet.com\/wp-content\/uploads\/2024\/11\/HDR-43-1-edited-1.webp\" alt=\"Aula moderna con mesas y sillas, grandes ventanales que dan a un patio exterior con paredes de color naranja.\" class=\"wp-image-64432\" srcset=\"https:\/\/www.euncet.com\/blog\/wp-content\/uploads\/2024\/11\/HDR-43-1-edited-1.webp 800w, https:\/\/www.euncet.com\/blog\/wp-content\/uploads\/2024\/11\/HDR-43-1-edited-1-300x169.webp 300w, https:\/\/www.euncet.com\/blog\/wp-content\/uploads\/2024\/11\/HDR-43-1-edited-1-80x45.webp 80w, https:\/\/www.euncet.com\/blog\/wp-content\/uploads\/2024\/11\/HDR-43-1-edited-1-768x432.webp 768w\" sizes=\"(max-width: 800px) 100vw, 800px\" \/><\/figure>\n\n\n\n<h2 class=\"wp-block-heading\"><span class=\"ez-toc-section\" id=\"Informat_sobre_el_Doble_Grau_en_Empresa_i_Marqueting_de_lEuncet\"><\/span><strong>Informa&#8217;t sobre el Doble Grau en Empresa i M\u00e0rqueting de l\u2019Euncet<\/strong>\u00a0<span class=\"ez-toc-section-end\"><\/span><\/h2>\n\n\n\n<p>T&#8217;has plantejat estudiar el <a href=\"https:\/\/www.euncet.com\/ca\/graus\/doble-grau-empresa-marqueting-innovacio-i-tecnologia\/\" target=\"_blank\" rel=\"noreferrer noopener\"><strong>Doble Grau en Empresa, Innovaci\u00f3 i Tecnologia i Marketing, Innovaci\u00f3 i Tecnologia de l\u2019Euncet Business School<\/strong><\/a>? No t&#8217;ho pensis m\u00e9s! Per rebre m\u00e9s informaci\u00f3, no dubtis a posar-te en contacte amb la universitat a trav\u00e9s del correu <a href=\"mailto:info@euncet.com\" target=\"_blank\" rel=\"noreferrer noopener\"><strong>info@euncet.com<\/strong><\/a> o el n\u00famero de tel\u00e8fon <strong>935 47 60 66<\/strong>.&nbsp;&nbsp;<\/p>\n\n\n\n<p>Els assessors del centre universitari estaran encantats de resoldre tots els teus dubtes i atendre&#8217;t de manera personalitzada. A m\u00e9s, tamb\u00e9 et convidem a demanar una entrevista amb el nostre equip per poder con\u00e8ixer en primera persona les instal\u00b7lacions dels nostres diferents campus: el <strong>Campus Terrassa<\/strong>, el <strong>Campus Barcelona 22@<\/strong> i el <strong>Campus Barcelona Can Drag\u00f3.<\/strong>&nbsp;<\/p>\n","protected":false},"excerpt":{"rendered":"<p>Est\u00e0s interessat en el m\u00f3n de l &#8216;empresa i el m\u00e0rqueting i et planteges estudiar un doble grau universitari? En aquest cas, \u00e9s possible que se&#8217;t passin molts dubtes pel cap. Quants anys dura una doble titulaci\u00f3 universit\u00e0ria? Quina \u00e9s la c\u00e0rrega de treball que m&#8217;espera? Un doble grau implica el doble d&#8217;oportunitats professionals?&nbsp; La [&hellip;]<\/p>\n","protected":false},"author":28,"featured_media":63789,"comment_status":"open","ping_status":"open","sticky":false,"template":"","format":"standard","meta":{"_acf_changed":false,"footnotes":""},"categories":[288],"tags":[],"class_list":["post-64431","post","type-post","status-publish","format-standard","has-post-thumbnail","hentry","category-entrevistas"],"acf":[],"yoast_head":"<!-- This site is optimized with the Yoast SEO plugin v27.4 - https:\/\/yoast.com\/product\/yoast-seo-wordpress\/ -->\n<title>Doble Grau en Empresa i M\u00e0rqueting - Blog Euncet<\/title>\n<meta name=\"description\" content=\"Dubtes sobre estudiar un doble grau? Coneix l&#039;experi\u00e8ncia de Joel Medr\u00e1n, exalumne del Doble Grau en Empresa i M\u00e0rqueting d&#039;Euncet Business School.\" \/>\n<meta name=\"robots\" content=\"index, follow, max-snippet:-1, max-image-preview:large, max-video-preview:-1\" \/>\n<link rel=\"canonical\" href=\"https:\/\/www.euncet.com\/blog\/ca\/doble-grau-empresa-marqueting\/\" \/>\n<meta property=\"og:locale\" content=\"ca_ES\" \/>\n<meta property=\"og:type\" content=\"article\" \/>\n<meta property=\"og:title\" content=\"Doble Grau en Empresa i M\u00e0rqueting - Blog Euncet\" \/>\n<meta property=\"og:description\" content=\"Dubtes sobre estudiar un doble grau? Coneix l&#039;experi\u00e8ncia de Joel Medr\u00e1n, exalumne del Doble Grau en Empresa i M\u00e0rqueting d&#039;Euncet Business School.\" \/>\n<meta property=\"og:url\" content=\"https:\/\/www.euncet.com\/blog\/ca\/doble-grau-empresa-marqueting\/\" \/>\n<meta property=\"og:site_name\" content=\"Euncet Business School\" \/>\n<meta property=\"article:publisher\" content=\"https:\/\/www.facebook.com\/euncet\" \/>\n<meta property=\"article:published_time\" content=\"2024-11-22T17:11:36+00:00\" \/>\n<meta property=\"article:modified_time\" content=\"2024-11-22T17:11:39+00:00\" \/>\n<meta property=\"og:image\" content=\"https:\/\/www.euncet.com\/blog\/wp-content\/uploads\/2019\/03\/5709-USA-New-Jersey-Jersey-City-Man-using-tablet-pc-laptop-and-smartphone-B2B.webp\" \/>\n\t<meta property=\"og:image:width\" content=\"1040\" \/>\n\t<meta property=\"og:image:height\" content=\"400\" \/>\n\t<meta property=\"og:image:type\" content=\"image\/webp\" \/>\n<meta name=\"author\" content=\"euncet\" \/>\n<meta name=\"twitter:card\" content=\"summary_large_image\" \/>\n<meta name=\"twitter:creator\" content=\"@euncet\" \/>\n<meta name=\"twitter:site\" content=\"@euncet\" \/>\n<meta name=\"twitter:label1\" content=\"Escrit per\" \/>\n\t<meta name=\"twitter:data1\" content=\"euncet\" \/>\n\t<meta name=\"twitter:label2\" content=\"Temps estimat de lectura\" \/>\n\t<meta name=\"twitter:data2\" content=\"6 minuts\" \/>\n<script type=\"application\/ld+json\" class=\"yoast-schema-graph\">{\"@context\":\"https:\\\/\\\/schema.org\",\"@graph\":[{\"@type\":\"Article\",\"@id\":\"https:\\\/\\\/www.euncet.com\\\/blog\\\/ca\\\/doble-grau-empresa-marqueting\\\/#article\",\"isPartOf\":{\"@id\":\"https:\\\/\\\/www.euncet.com\\\/blog\\\/ca\\\/doble-grau-empresa-marqueting\\\/\"},\"author\":{\"name\":\"euncet\",\"@id\":\"https:\\\/\\\/www.euncet.com\\\/blog\\\/ca\\\/#\\\/schema\\\/person\\\/8253e592273eb1f7a48788902ca03268\"},\"headline\":\"Com \u00e9s estudiar un Doble Grau en Empresa i M\u00e0rqueting? Entrevista a un alumne de l\u2019Euncet\",\"datePublished\":\"2024-11-22T17:11:36+00:00\",\"dateModified\":\"2024-11-22T17:11:39+00:00\",\"mainEntityOfPage\":{\"@id\":\"https:\\\/\\\/www.euncet.com\\\/blog\\\/ca\\\/doble-grau-empresa-marqueting\\\/\"},\"wordCount\":1247,\"commentCount\":0,\"image\":{\"@id\":\"https:\\\/\\\/www.euncet.com\\\/blog\\\/ca\\\/doble-grau-empresa-marqueting\\\/#primaryimage\"},\"thumbnailUrl\":\"https:\\\/\\\/www.euncet.com\\\/blog\\\/wp-content\\\/uploads\\\/2019\\\/03\\\/5709-USA-New-Jersey-Jersey-City-Man-using-tablet-pc-laptop-and-smartphone-B2B.webp\",\"articleSection\":[\"Entrevistas\"],\"inLanguage\":\"ca\",\"potentialAction\":[{\"@type\":\"CommentAction\",\"name\":\"Comment\",\"target\":[\"https:\\\/\\\/www.euncet.com\\\/blog\\\/ca\\\/doble-grau-empresa-marqueting\\\/#respond\"]}]},{\"@type\":\"WebPage\",\"@id\":\"https:\\\/\\\/www.euncet.com\\\/blog\\\/ca\\\/doble-grau-empresa-marqueting\\\/\",\"url\":\"https:\\\/\\\/www.euncet.com\\\/blog\\\/ca\\\/doble-grau-empresa-marqueting\\\/\",\"name\":\"Doble Grau en Empresa i M\u00e0rqueting - Blog Euncet\",\"isPartOf\":{\"@id\":\"https:\\\/\\\/www.euncet.com\\\/blog\\\/ca\\\/#website\"},\"primaryImageOfPage\":{\"@id\":\"https:\\\/\\\/www.euncet.com\\\/blog\\\/ca\\\/doble-grau-empresa-marqueting\\\/#primaryimage\"},\"image\":{\"@id\":\"https:\\\/\\\/www.euncet.com\\\/blog\\\/ca\\\/doble-grau-empresa-marqueting\\\/#primaryimage\"},\"thumbnailUrl\":\"https:\\\/\\\/www.euncet.com\\\/blog\\\/wp-content\\\/uploads\\\/2019\\\/03\\\/5709-USA-New-Jersey-Jersey-City-Man-using-tablet-pc-laptop-and-smartphone-B2B.webp\",\"datePublished\":\"2024-11-22T17:11:36+00:00\",\"dateModified\":\"2024-11-22T17:11:39+00:00\",\"author\":{\"@id\":\"https:\\\/\\\/www.euncet.com\\\/blog\\\/ca\\\/#\\\/schema\\\/person\\\/8253e592273eb1f7a48788902ca03268\"},\"description\":\"Dubtes sobre estudiar un doble grau? Coneix l'experi\u00e8ncia de Joel Medr\u00e1n, exalumne del Doble Grau en Empresa i M\u00e0rqueting d'Euncet Business School.\",\"breadcrumb\":{\"@id\":\"https:\\\/\\\/www.euncet.com\\\/blog\\\/ca\\\/doble-grau-empresa-marqueting\\\/#breadcrumb\"},\"inLanguage\":\"ca\",\"potentialAction\":[{\"@type\":\"ReadAction\",\"target\":[\"https:\\\/\\\/www.euncet.com\\\/blog\\\/ca\\\/doble-grau-empresa-marqueting\\\/\"]}]},{\"@type\":\"ImageObject\",\"inLanguage\":\"ca\",\"@id\":\"https:\\\/\\\/www.euncet.com\\\/blog\\\/ca\\\/doble-grau-empresa-marqueting\\\/#primaryimage\",\"url\":\"https:\\\/\\\/www.euncet.com\\\/blog\\\/wp-content\\\/uploads\\\/2019\\\/03\\\/5709-USA-New-Jersey-Jersey-City-Man-using-tablet-pc-laptop-and-smartphone-B2B.webp\",\"contentUrl\":\"https:\\\/\\\/www.euncet.com\\\/blog\\\/wp-content\\\/uploads\\\/2019\\\/03\\\/5709-USA-New-Jersey-Jersey-City-Man-using-tablet-pc-laptop-and-smartphone-B2B.webp\",\"width\":1040,\"height\":400,\"caption\":\"certificaci\u00f3n Kinaxis\"},{\"@type\":\"BreadcrumbList\",\"@id\":\"https:\\\/\\\/www.euncet.com\\\/blog\\\/ca\\\/doble-grau-empresa-marqueting\\\/#breadcrumb\",\"itemListElement\":[{\"@type\":\"ListItem\",\"position\":1,\"name\":\"Portada\",\"item\":\"https:\\\/\\\/www.euncet.com\\\/blog\\\/ca\\\/\"},{\"@type\":\"ListItem\",\"position\":2,\"name\":\"Com \u00e9s estudiar un Doble Grau en Empresa i M\u00e0rqueting? Entrevista a un alumne de l\u2019Euncet\"}]},{\"@type\":\"WebSite\",\"@id\":\"https:\\\/\\\/www.euncet.com\\\/blog\\\/ca\\\/#website\",\"url\":\"https:\\\/\\\/www.euncet.com\\\/blog\\\/ca\\\/\",\"name\":\"Euncet Business School\",\"description\":\"Escuela de negocios\",\"potentialAction\":[{\"@type\":\"SearchAction\",\"target\":{\"@type\":\"EntryPoint\",\"urlTemplate\":\"https:\\\/\\\/www.euncet.com\\\/blog\\\/ca\\\/?s={search_term_string}\"},\"query-input\":{\"@type\":\"PropertyValueSpecification\",\"valueRequired\":true,\"valueName\":\"search_term_string\"}}],\"inLanguage\":\"ca\"},{\"@type\":\"Person\",\"@id\":\"https:\\\/\\\/www.euncet.com\\\/blog\\\/ca\\\/#\\\/schema\\\/person\\\/8253e592273eb1f7a48788902ca03268\",\"name\":\"euncet\",\"image\":{\"@type\":\"ImageObject\",\"inLanguage\":\"ca\",\"@id\":\"https:\\\/\\\/secure.gravatar.com\\\/avatar\\\/ee2ce5f049e82b74bcc6b8db4c5e9c717e35544f3cde91d14a3daa9827fe21f0?s=96&d=mm&r=g\",\"url\":\"https:\\\/\\\/secure.gravatar.com\\\/avatar\\\/ee2ce5f049e82b74bcc6b8db4c5e9c717e35544f3cde91d14a3daa9827fe21f0?s=96&d=mm&r=g\",\"contentUrl\":\"https:\\\/\\\/secure.gravatar.com\\\/avatar\\\/ee2ce5f049e82b74bcc6b8db4c5e9c717e35544f3cde91d14a3daa9827fe21f0?s=96&d=mm&r=g\",\"caption\":\"euncet\"},\"url\":\"https:\\\/\\\/www.euncet.com\\\/blog\\\/ca\\\/author\\\/euncet\\\/\"}]}<\/script>\n<!-- \/ Yoast SEO plugin. -->","yoast_head_json":{"title":"Doble Grau en Empresa i M\u00e0rqueting - Blog Euncet","description":"Dubtes sobre estudiar un doble grau? Coneix l'experi\u00e8ncia de Joel Medr\u00e1n, exalumne del Doble Grau en Empresa i M\u00e0rqueting d'Euncet Business School.","robots":{"index":"index","follow":"follow","max-snippet":"max-snippet:-1","max-image-preview":"max-image-preview:large","max-video-preview":"max-video-preview:-1"},"canonical":"https:\/\/www.euncet.com\/blog\/ca\/doble-grau-empresa-marqueting\/","og_locale":"ca_ES","og_type":"article","og_title":"Doble Grau en Empresa i M\u00e0rqueting - Blog Euncet","og_description":"Dubtes sobre estudiar un doble grau? Coneix l'experi\u00e8ncia de Joel Medr\u00e1n, exalumne del Doble Grau en Empresa i M\u00e0rqueting d'Euncet Business School.","og_url":"https:\/\/www.euncet.com\/blog\/ca\/doble-grau-empresa-marqueting\/","og_site_name":"Euncet Business School","article_publisher":"https:\/\/www.facebook.com\/euncet","article_published_time":"2024-11-22T17:11:36+00:00","article_modified_time":"2024-11-22T17:11:39+00:00","og_image":[{"width":1040,"height":400,"url":"https:\/\/www.euncet.com\/blog\/wp-content\/uploads\/2019\/03\/5709-USA-New-Jersey-Jersey-City-Man-using-tablet-pc-laptop-and-smartphone-B2B.webp","type":"image\/webp"}],"author":"euncet","twitter_card":"summary_large_image","twitter_creator":"@euncet","twitter_site":"@euncet","twitter_misc":{"Escrit per":"euncet","Temps estimat de lectura":"6 minuts"},"schema":{"@context":"https:\/\/schema.org","@graph":[{"@type":"Article","@id":"https:\/\/www.euncet.com\/blog\/ca\/doble-grau-empresa-marqueting\/#article","isPartOf":{"@id":"https:\/\/www.euncet.com\/blog\/ca\/doble-grau-empresa-marqueting\/"},"author":{"name":"euncet","@id":"https:\/\/www.euncet.com\/blog\/ca\/#\/schema\/person\/8253e592273eb1f7a48788902ca03268"},"headline":"Com \u00e9s estudiar un Doble Grau en Empresa i M\u00e0rqueting? Entrevista a un alumne de l\u2019Euncet","datePublished":"2024-11-22T17:11:36+00:00","dateModified":"2024-11-22T17:11:39+00:00","mainEntityOfPage":{"@id":"https:\/\/www.euncet.com\/blog\/ca\/doble-grau-empresa-marqueting\/"},"wordCount":1247,"commentCount":0,"image":{"@id":"https:\/\/www.euncet.com\/blog\/ca\/doble-grau-empresa-marqueting\/#primaryimage"},"thumbnailUrl":"https:\/\/www.euncet.com\/blog\/wp-content\/uploads\/2019\/03\/5709-USA-New-Jersey-Jersey-City-Man-using-tablet-pc-laptop-and-smartphone-B2B.webp","articleSection":["Entrevistas"],"inLanguage":"ca","potentialAction":[{"@type":"CommentAction","name":"Comment","target":["https:\/\/www.euncet.com\/blog\/ca\/doble-grau-empresa-marqueting\/#respond"]}]},{"@type":"WebPage","@id":"https:\/\/www.euncet.com\/blog\/ca\/doble-grau-empresa-marqueting\/","url":"https:\/\/www.euncet.com\/blog\/ca\/doble-grau-empresa-marqueting\/","name":"Doble Grau en Empresa i M\u00e0rqueting - Blog Euncet","isPartOf":{"@id":"https:\/\/www.euncet.com\/blog\/ca\/#website"},"primaryImageOfPage":{"@id":"https:\/\/www.euncet.com\/blog\/ca\/doble-grau-empresa-marqueting\/#primaryimage"},"image":{"@id":"https:\/\/www.euncet.com\/blog\/ca\/doble-grau-empresa-marqueting\/#primaryimage"},"thumbnailUrl":"https:\/\/www.euncet.com\/blog\/wp-content\/uploads\/2019\/03\/5709-USA-New-Jersey-Jersey-City-Man-using-tablet-pc-laptop-and-smartphone-B2B.webp","datePublished":"2024-11-22T17:11:36+00:00","dateModified":"2024-11-22T17:11:39+00:00","author":{"@id":"https:\/\/www.euncet.com\/blog\/ca\/#\/schema\/person\/8253e592273eb1f7a48788902ca03268"},"description":"Dubtes sobre estudiar un doble grau? Coneix l'experi\u00e8ncia de Joel Medr\u00e1n, exalumne del Doble Grau en Empresa i M\u00e0rqueting d'Euncet Business School.","breadcrumb":{"@id":"https:\/\/www.euncet.com\/blog\/ca\/doble-grau-empresa-marqueting\/#breadcrumb"},"inLanguage":"ca","potentialAction":[{"@type":"ReadAction","target":["https:\/\/www.euncet.com\/blog\/ca\/doble-grau-empresa-marqueting\/"]}]},{"@type":"ImageObject","inLanguage":"ca","@id":"https:\/\/www.euncet.com\/blog\/ca\/doble-grau-empresa-marqueting\/#primaryimage","url":"https:\/\/www.euncet.com\/blog\/wp-content\/uploads\/2019\/03\/5709-USA-New-Jersey-Jersey-City-Man-using-tablet-pc-laptop-and-smartphone-B2B.webp","contentUrl":"https:\/\/www.euncet.com\/blog\/wp-content\/uploads\/2019\/03\/5709-USA-New-Jersey-Jersey-City-Man-using-tablet-pc-laptop-and-smartphone-B2B.webp","width":1040,"height":400,"caption":"certificaci\u00f3n Kinaxis"},{"@type":"BreadcrumbList","@id":"https:\/\/www.euncet.com\/blog\/ca\/doble-grau-empresa-marqueting\/#breadcrumb","itemListElement":[{"@type":"ListItem","position":1,"name":"Portada","item":"https:\/\/www.euncet.com\/blog\/ca\/"},{"@type":"ListItem","position":2,"name":"Com \u00e9s estudiar un Doble Grau en Empresa i M\u00e0rqueting? Entrevista a un alumne de l\u2019Euncet"}]},{"@type":"WebSite","@id":"https:\/\/www.euncet.com\/blog\/ca\/#website","url":"https:\/\/www.euncet.com\/blog\/ca\/","name":"Euncet Business School","description":"Escuela de negocios","potentialAction":[{"@type":"SearchAction","target":{"@type":"EntryPoint","urlTemplate":"https:\/\/www.euncet.com\/blog\/ca\/?s={search_term_string}"},"query-input":{"@type":"PropertyValueSpecification","valueRequired":true,"valueName":"search_term_string"}}],"inLanguage":"ca"},{"@type":"Person","@id":"https:\/\/www.euncet.com\/blog\/ca\/#\/schema\/person\/8253e592273eb1f7a48788902ca03268","name":"euncet","image":{"@type":"ImageObject","inLanguage":"ca","@id":"https:\/\/secure.gravatar.com\/avatar\/ee2ce5f049e82b74bcc6b8db4c5e9c717e35544f3cde91d14a3daa9827fe21f0?s=96&d=mm&r=g","url":"https:\/\/secure.gravatar.com\/avatar\/ee2ce5f049e82b74bcc6b8db4c5e9c717e35544f3cde91d14a3daa9827fe21f0?s=96&d=mm&r=g","contentUrl":"https:\/\/secure.gravatar.com\/avatar\/ee2ce5f049e82b74bcc6b8db4c5e9c717e35544f3cde91d14a3daa9827fe21f0?s=96&d=mm&r=g","caption":"euncet"},"url":"https:\/\/www.euncet.com\/blog\/ca\/author\/euncet\/"}]}},"_links":{"self":[{"href":"https:\/\/www.euncet.com\/blog\/ca\/wp-json\/wp\/v2\/posts\/64431","targetHints":{"allow":["GET"]}}],"collection":[{"href":"https:\/\/www.euncet.com\/blog\/ca\/wp-json\/wp\/v2\/posts"}],"about":[{"href":"https:\/\/www.euncet.com\/blog\/ca\/wp-json\/wp\/v2\/types\/post"}],"author":[{"embeddable":true,"href":"https:\/\/www.euncet.com\/blog\/ca\/wp-json\/wp\/v2\/users\/28"}],"replies":[{"embeddable":true,"href":"https:\/\/www.euncet.com\/blog\/ca\/wp-json\/wp\/v2\/comments?post=64431"}],"version-history":[{"count":0,"href":"https:\/\/www.euncet.com\/blog\/ca\/wp-json\/wp\/v2\/posts\/64431\/revisions"}],"wp:featuredmedia":[{"embeddable":true,"href":"https:\/\/www.euncet.com\/blog\/ca\/wp-json\/wp\/v2\/media\/63789"}],"wp:attachment":[{"href":"https:\/\/www.euncet.com\/blog\/ca\/wp-json\/wp\/v2\/media?parent=64431"}],"wp:term":[{"taxonomy":"category","embeddable":true,"href":"https:\/\/www.euncet.com\/blog\/ca\/wp-json\/wp\/v2\/categories?post=64431"},{"taxonomy":"post_tag","embeddable":true,"href":"https:\/\/www.euncet.com\/blog\/ca\/wp-json\/wp\/v2\/tags?post=64431"}],"curies":[{"name":"wp","href":"https:\/\/api.w.org\/{rel}","templated":true}]}}