{"id":64713,"date":"2025-04-10T18:35:21","date_gmt":"2025-04-10T16:35:21","guid":{"rendered":"https:\/\/blog.euncet.com\/?p=64713"},"modified":"2025-05-26T16:37:04","modified_gmt":"2025-05-26T14:37:04","slug":"que-es-un-ceo-blog-de-leuncet-business-school","status":"publish","type":"post","link":"https:\/\/www.euncet.com\/blog\/ca\/que-es-un-ceo-blog-de-leuncet-business-school\/","title":{"rendered":"Qu\u00e8 \u00e9s un CEO?"},"content":{"rendered":"\n<p>Si est\u00e0s interessat en el m\u00f3n de l&#8217;empresa i l&#8217;economia, \u00e9s probable que hagis sentit parlar del concepte de <strong>CEO<\/strong>. No obstant aix\u00f2, s\u00f3n molts els que, tot i coneixent el terme, no estan familiaritzats amb el paper i funcions que aquesta figura compleix en l&#8217;estructura dels negocis. Per aix\u00f2, ens hem de fer la seg\u00fcent pregunta: <strong>qu\u00e8 \u00e9s un CEO?&nbsp;<\/strong>&nbsp;<\/p><div id=\"ez-toc-container\" class=\"ez-toc-v2_0_82_2 counter-hierarchy ez-toc-counter ez-toc-custom ez-toc-container-direction\">\n<div class=\"ez-toc-title-container\">\n<p class=\"ez-toc-title\" style=\"cursor:inherit\">\u00cdNDEX DE CONTINGUTS<\/p>\n<span class=\"ez-toc-title-toggle\"><a href=\"#\" class=\"ez-toc-pull-right ez-toc-btn ez-toc-btn-xs ez-toc-btn-default ez-toc-toggle\" aria-label=\"Toggle Table of Content\"><span class=\"ez-toc-js-icon-con\"><span class=\"\"><span class=\"eztoc-hide\" style=\"display:none;\">Toggle<\/span><span class=\"ez-toc-icon-toggle-span\"><svg style=\"fill: #222222;color:#222222\" xmlns=\"http:\/\/www.w3.org\/2000\/svg\" class=\"list-377408\" width=\"20px\" height=\"20px\" viewBox=\"0 0 24 24\" fill=\"none\"><path d=\"M6 6H4v2h2V6zm14 0H8v2h12V6zM4 11h2v2H4v-2zm16 0H8v2h12v-2zM4 16h2v2H4v-2zm16 0H8v2h12v-2z\" fill=\"currentColor\"><\/path><\/svg><svg style=\"fill: #222222;color:#222222\" class=\"arrow-unsorted-368013\" xmlns=\"http:\/\/www.w3.org\/2000\/svg\" width=\"10px\" height=\"10px\" viewBox=\"0 0 24 24\" version=\"1.2\" baseProfile=\"tiny\"><path d=\"M18.2 9.3l-6.2-6.3-6.2 6.3c-.2.2-.3.4-.3.7s.1.5.3.7c.2.2.4.3.7.3h11c.3 0 .5-.1.7-.3.2-.2.3-.5.3-.7s-.1-.5-.3-.7zM5.8 14.7l6.2 6.3 6.2-6.3c.2-.2.3-.5.3-.7s-.1-.5-.3-.7c-.2-.2-.4-.3-.7-.3h-11c-.3 0-.5.1-.7.3-.2.2-.3.5-.3.7s.1.5.3.7z\"\/><\/svg><\/span><\/span><\/span><\/a><\/span><\/div>\n<nav><ul class='ez-toc-list ez-toc-list-level-1 ' ><li class='ez-toc-page-1 ez-toc-heading-level-2'><a class=\"ez-toc-link ez-toc-heading-1\" href=\"https:\/\/www.euncet.com\/blog\/ca\/que-es-un-ceo-blog-de-leuncet-business-school\/#Que_es_un_CEO\" >Qu\u00e8 \u00e9s un CEO?\u00a0<\/a><\/li><li class='ez-toc-page-1 ez-toc-heading-level-2'><a class=\"ez-toc-link ez-toc-heading-2\" href=\"https:\/\/www.euncet.com\/blog\/ca\/que-es-un-ceo-blog-de-leuncet-business-school\/#Funcions_del_CEO\" >Funcions del CEO<\/a><\/li><li class='ez-toc-page-1 ez-toc-heading-level-2'><a class=\"ez-toc-link ez-toc-heading-3\" href=\"https:\/\/www.euncet.com\/blog\/ca\/que-es-un-ceo-blog-de-leuncet-business-school\/#Historia_de_la_figura_del_CEO\" >Hist\u00f2ria de la figura del CEO<\/a><\/li><li class='ez-toc-page-1 ez-toc-heading-level-2'><a class=\"ez-toc-link ez-toc-heading-4\" href=\"https:\/\/www.euncet.com\/blog\/ca\/que-es-un-ceo-blog-de-leuncet-business-school\/#Els_10_CEO_mes_ben_valorats_del_mon\" >Els 10 CEO m\u00e9s ben valorats del m\u00f3n<\/a><\/li><li class='ez-toc-page-1 ez-toc-heading-level-2'><a class=\"ez-toc-link ez-toc-heading-5\" href=\"https:\/\/www.euncet.com\/blog\/ca\/que-es-un-ceo-blog-de-leuncet-business-school\/#Converteix-te_en_un_gran_CEO\" >Converteix-te en un gran CEO\u00a0<\/a><\/li><\/ul><\/nav><\/div>\n\n\n\n\n<p>En aquest article del blog de l&#8217;escola de negocis Euncet Business School descobrir\u00e0s les <strong>funcions<\/strong> que compleix aquest rol dins de l&#8217;estructura organitzativa de les grans companyies. Tamb\u00e9 rebr\u00e0s alguns consells empresarials i coneixer\u00e0s l&#8217;apassionant <strong>hist\u00f2ria<\/strong> d&#8217;una de les posicions m\u00e9s desitjades en l&#8217;\u00e0mbit de l&#8217;<strong>alta direcci\u00f3<\/strong>.&nbsp;<\/p>\n\n\n\n<figure class=\"wp-block-image size-large\"><img fetchpriority=\"high\" decoding=\"async\" width=\"1030\" height=\"688\" src=\"https:\/\/blog.euncet.com\/wp-content\/uploads\/2025\/04\/pexels-pavel-danilyuk-8761534-1-1-1030x688.jpg\" alt=\"\" class=\"wp-image-64714\" srcset=\"https:\/\/www.euncet.com\/blog\/wp-content\/uploads\/2025\/04\/pexels-pavel-danilyuk-8761534-1-1-1030x688.jpg 1030w, https:\/\/www.euncet.com\/blog\/wp-content\/uploads\/2025\/04\/pexels-pavel-danilyuk-8761534-1-1-300x200.jpg 300w, https:\/\/www.euncet.com\/blog\/wp-content\/uploads\/2025\/04\/pexels-pavel-danilyuk-8761534-1-1-80x53.jpg 80w, https:\/\/www.euncet.com\/blog\/wp-content\/uploads\/2025\/04\/pexels-pavel-danilyuk-8761534-1-1-768x513.jpg 768w, https:\/\/www.euncet.com\/blog\/wp-content\/uploads\/2025\/04\/pexels-pavel-danilyuk-8761534-1-1-391x260.jpg 391w, https:\/\/www.euncet.com\/blog\/wp-content\/uploads\/2025\/04\/pexels-pavel-danilyuk-8761534-1-1-1536x1025.jpg 1536w, https:\/\/www.euncet.com\/blog\/wp-content\/uploads\/2025\/04\/pexels-pavel-danilyuk-8761534-1-1-2048x1367.jpg 2048w\" sizes=\"(max-width: 1030px) 100vw, 1030px\" \/><\/figure>\n\n\n\n<h2 class=\"wp-block-heading\"><span class=\"ez-toc-section\" id=\"Que_es_un_CEO\"><\/span><strong>Qu\u00e8 \u00e9s un CEO?<\/strong>\u00a0<span class=\"ez-toc-section-end\"><\/span><\/h2>\n\n\n\n<p><em>First things first<\/em>. Quin \u00e9s el significat de CEO? CEO \u00e9s l&#8217;acr\u00f2nim de <strong><em>Chief Executive Officer<\/em><\/strong>, que solem traduir en espanyol com a &#8220;<strong>director executiu<\/strong>&#8220;. Es tracta del m\u00e0xim responsable de l&#8217;administraci\u00f3 i direcci\u00f3 d&#8217;una organitzaci\u00f3. \u00c9s, a m\u00e9s, la persona que pren les decisions estrat\u00e8giques m\u00e9s rellevants i s&#8217;encarrega de planificar les operacions de la companyia per assolir les fites d&#8217;aquesta.&nbsp;&nbsp;<\/p>\n\n\n\n<p>L&#8217;\u00f2rgan encarregat de designar el CEO \u00e9s el <strong>consell d&#8217;administraci\u00f3<\/strong> de l\u2019empresa, que en les empreses privades est\u00e0 format per professionals que supervisen la direcci\u00f3 i activitat de la firma i estan escollits pels <strong>accionistes<\/strong> d&#8217;aquesta.&nbsp;&nbsp;<\/p>\n\n\n\n<p>Un cop s&#8217;acaba el mandat de l&#8217;anterior director executiu, els membres d&#8217;aquest obren un <strong>proc\u00e9s de selecci\u00f3<\/strong> tant intern com extern per trobar un directiu que s&#8217;ajusti a les demandes i visi\u00f3 de la companyia i, finalment, prenen una decisi\u00f3 final.\u00a0<\/p>\n\n\n\n<h3 class=\"wp-block-heading\"><strong>Habilitats d&#8217;un CEO<\/strong><\/h3>\n\n\n\n<p>Un bon director executiu ha de tenir una gran <strong>capacitat de lideratge<\/strong>, ja que ha de ser capa\u00e7 de coordinar i motivar grans equips de persones, coneixent les seves inquietuds, fortaleses i debilitats. Per a aix\u00f2 \u00e9s indispensable comptar amb una<strong> intel\u00b7lig\u00e8ncia emocional <\/strong>altament desenvolupada.&nbsp;&nbsp;<\/p>\n\n\n\n<p>Ha de ser un professional \u00edntegre i comprom\u00e8s amb l&#8217;<strong>\u00e8tica<\/strong> i la <strong>responsabilitat<\/strong> empresarial i social. A m\u00e9s, en el camp de l&#8217;administraci\u00f3 d&#8217;empreses, ha de disposar d&#8217;una bona capacitat de <strong>gesti\u00f3 del temps i els recursos<\/strong>, sent capa\u00e7 de <strong>delegar tasques <\/strong>per optimitzar la producci\u00f3.&nbsp;&nbsp;<\/p>\n\n\n\n<p>Per\u00f2 no totes les qualitats del CEO estan relacionades amb les seves habilitats de comunicaci\u00f3 i els negocis, ja que tamb\u00e9 ha de posseir una important <strong>formaci\u00f3 t\u00e8cnica <\/strong>en l&#8217;\u00e0rea en la qual opera la seva empresa. Si l&#8217;empresa pertany al sector tecnol\u00f2gic, per exemple, haur\u00e0 de ser una persona amb un bagatge transversal en aquesta disciplina, a m\u00e9s de comptar amb un profund <strong>coneixement financer<\/strong>.<\/p>\n\n\n\n<figure class=\"wp-block-image size-full is-resized\"><img decoding=\"async\" width=\"800\" height=\"533\" src=\"https:\/\/blog.euncet.com\/wp-content\/uploads\/2025\/04\/pexels-cottonbro-5990037-1.jpg\" alt=\"\" class=\"wp-image-64716\" style=\"width:842px;height:auto\" srcset=\"https:\/\/www.euncet.com\/blog\/wp-content\/uploads\/2025\/04\/pexels-cottonbro-5990037-1.jpg 800w, https:\/\/www.euncet.com\/blog\/wp-content\/uploads\/2025\/04\/pexels-cottonbro-5990037-1-300x200.jpg 300w, https:\/\/www.euncet.com\/blog\/wp-content\/uploads\/2025\/04\/pexels-cottonbro-5990037-1-80x53.jpg 80w, https:\/\/www.euncet.com\/blog\/wp-content\/uploads\/2025\/04\/pexels-cottonbro-5990037-1-768x512.jpg 768w, https:\/\/www.euncet.com\/blog\/wp-content\/uploads\/2025\/04\/pexels-cottonbro-5990037-1-391x260.jpg 391w\" sizes=\"(max-width: 800px) 100vw, 800px\" \/><\/figure>\n\n\n\n<h2 class=\"wp-block-heading\"><span class=\"ez-toc-section\" id=\"Funcions_del_CEO\"><\/span><strong>Funcions del CEO<\/strong><span class=\"ez-toc-section-end\"><\/span><\/h2>\n\n\n\n<h3 class=\"wp-block-heading\"><span data-contrast=\"auto\" xml:lang=\"ES-ES\" lang=\"ES-ES\" class=\"TextRun SCXW201057714 BCX0\" style=\"-webkit-user-drag: none; -webkit-tap-highlight-color: transparent; margin: 0px; padding: 0px; user-select: text; text-align: justify; font-size: 12pt; line-height: 20.85px; font-family: Aptos, Aptos_EmbeddedFont, Aptos_MSFontService, sans-serif; font-weight: bold; font-variant-ligatures: none !important;\"><span class=\"NormalTextRun SpellingErrorV2Themed SCXW201057714 BCX0\" style=\"-webkit-user-drag: none; -webkit-tap-highlight-color: transparent; margin: 0px; padding: 0px; user-select: text; background-position: 0px 100%; background-repeat: repeat-x; background-image: url(&quot;data:image\/svg+xml;base64,PHN2ZyB4bWxucz0iaHR0cDovL3d3dy53My5vcmcvMjAwMC9zdmciIHdpZHRoPSI1IiBoZWlnaHQ9IjQiPjxnIGZpbGw9Im5vbmUiIGZpbGwtcnVsZT0iZXZlbm9kZCI+PHBhdGggc3Ryb2tlPSIjRUIwMDAwIiBkPSJNMCAzYzEuMjUgMCAxLjI1LTIgMi41LTJTMy43NSAzIDUgMyIvPjxwYXRoIGQ9Ik0wIDBoNXY0SDB6Ii8+PC9nPjwvc3ZnPg==&quot;); border-bottom: 1px solid transparent;\">Visi\u00f3<\/span><span class=\"NormalTextRun SCXW201057714 BCX0\" style=\"-webkit-user-drag: none; -webkit-tap-highlight-color: transparent; margin: 0px; padding: 0px; user-select: text;\"> general de <\/span><span class=\"NormalTextRun SpellingErrorV2Themed SCXW201057714 BCX0\" style=\"-webkit-user-drag: none; -webkit-tap-highlight-color: transparent; margin: 0px; padding: 0px; user-select: text; background-position: 0px 100%; background-repeat: repeat-x; background-image: url(&quot;data:image\/svg+xml;base64,PHN2ZyB4bWxucz0iaHR0cDovL3d3dy53My5vcmcvMjAwMC9zdmciIHdpZHRoPSI1IiBoZWlnaHQ9IjQiPjxnIGZpbGw9Im5vbmUiIGZpbGwtcnVsZT0iZXZlbm9kZCI+PHBhdGggc3Ryb2tlPSIjRUIwMDAwIiBkPSJNMCAzYzEuMjUgMCAxLjI1LTIgMi41LTJTMy43NSAzIDUgMyIvPjxwYXRoIGQ9Ik0wIDBoNXY0SDB6Ii8+PC9nPjwvc3ZnPg==&quot;); border-bottom: 1px solid transparent;\">l&#8217;empresa<\/span><\/span><span class=\"EOP SCXW201057714 BCX0\" data-ccp-props=\"{&quot;335551550&quot;:6,&quot;335551620&quot;:6}\" style=\"-webkit-user-drag: none; -webkit-tap-highlight-color: transparent; margin: 0px; padding: 0px; user-select: text; text-align: justify; font-size: 12pt; line-height: 20.85px; font-family: Aptos, Aptos_EmbeddedFont, Aptos_MSFontService, sans-serif;\">\u00a0<\/span><\/h3>\n\n\n\n<p>El <em>Chief Executive Officer<\/em> \u00e9s la persona que dicta quina ser\u00e0 la <strong>visi\u00f3 general<\/strong> de l&#8217;empresa en els pr\u00f2xims anys. Estableix quines seran les <strong>metes estrat\u00e8giques<\/strong> de la firma (tant a curt com a llarg termini) i dibuixa un <strong>full de ruta<\/strong> que aline\u00ef les funcions dels diferents departaments d&#8217;aquesta. Per aquest motiu, ha de con\u00e8ixer en profunditat l&#8217;activitat i esperit de la companyia.&nbsp;&nbsp;<\/p>\n\n\n\n<p>Tot i que es tracta d&#8217;una de les figures m\u00e9s poderoses dins de l&#8217;empresa, cal destacar que, si la seva visi\u00f3 no est\u00e0 compartida per la majoria de membres del consell i accionistes, sempre <strong>pot ser destitu\u00efda<\/strong>.&nbsp;<\/p>\n\n\n\n<h3 class=\"wp-block-heading\"><strong>Cara visible de la companyia<\/strong><\/h3>\n\n\n\n<p>Si una persona \u00e9s la representant de la companyia de cara al p\u00fablic, aquesta \u00e9s el CEO. Es tracta de l&#8217;encarregat de donar la cara davant els clients, els mitjans de comunicaci\u00f3, els accionistes i la resta de <strong><em>stakeholders<\/em><\/strong>. \u00c9s, a m\u00e9s, el responsable de <strong>gestionar les relacions<\/strong> entre tots aquests agents de manera eficient.\u00a0<\/p>\n\n\n\n<p>\u00c9s per aix\u00f2 que ha de ser una persona amb grans habilitats de comunicaci\u00f3 i persuasi\u00f3, aix\u00ed com amb un carisma destacable.\u00a0\u00a0<\/p>\n\n\n\n<h3 class=\"wp-block-heading\"><strong>Presa de decisions estrat\u00e8giques<\/strong><\/h3>\n\n\n\n<p>Tot i que cada responsable de departament t\u00e9 les seves pr\u00f2pies compet\u00e8ncies i autoritat dins del seu \u00e0mbit d&#8217;actuaci\u00f3, el CEO engloba totes aquestes i \u00e9s l&#8217;\u00faltim responsable que les accions del dia a dia de la companyia vagin en la direcci\u00f3 correcta pel que fa a <strong>operacions<\/strong>, <strong>inversions<\/strong> i <strong>recursos clau<\/strong>, entre altres aspectes.\u00a0<\/p>\n\n\n\n<h2 class=\"wp-block-heading\"><span class=\"ez-toc-section\" id=\"Historia_de_la_figura_del_CEO\"><\/span><strong>Hist\u00f2ria de la figura del CEO<\/strong><span class=\"ez-toc-section-end\"><\/span><\/h2>\n\n\n\n<p>Tot i que el CEO \u00e9s una figura que ha guanyat popularitat en l&#8217;\u00faltima meitat de segle, \u00e9s cert que el seu <strong>origen<\/strong> en les companyies es remunta a molt abans. Sense anar m\u00e9s lluny, la primera vegada en qu\u00e8 es va emprar el terme <em>chief va ser<\/em> l&#8217;any <strong>1782<\/strong>, quan es va utilitzar al <strong>Congr\u00e9s de la Confederaci\u00f3<\/strong> estatunidenca per referir-se als governadors i altres l\u00edders de les tretze col\u00f2nies.&nbsp;&nbsp;<\/p>\n\n\n\n<p>No obstant, l&#8217;Oxford English Dictionary defensa que el significat de CEO com a acr\u00f2nim de <em>chief officer<\/em> tindria el seu origen a <strong>Austr\u00e0lia<\/strong>&nbsp; el <strong>1914<\/strong>. Sorprenentment, el primer \u00fas oficial del terme en l&#8217;\u00e0mbit empresarial dins dels <strong>Estats Units <\/strong>es va registrar molt m\u00e9s endavant, el <strong>1972<\/strong>.&nbsp;<\/p>\n\n\n\n<p>Tanmateix, es considera que la posici\u00f3 (independentment del concepte utilitzat per referir-s&#8217;hi) va cobrar pes a finals del segle XIX, un moment clau en qu\u00e8 les grans corporacions van cr\u00e9ixer i es van diversificar a causa de l&#8217;escenari plantejat per la <strong>revoluci\u00f3 industrial<\/strong>.\u00a0<\/p>\n\n\n\n<h2 class=\"wp-block-heading\"><span class=\"ez-toc-section\" id=\"Els_10_CEO_mes_ben_valorats_del_mon\"><\/span><strong>Els 10 CEO m\u00e9s ben valorats del m\u00f3n<\/strong><span class=\"ez-toc-section-end\"><\/span><\/h2>\n\n\n\n<p>En l&#8217;esfera de l&#8217;alta direcci\u00f3 i les grans multinacionals, els CEO s&#8217;han arribat a convertir en <strong>personalitats<\/strong> i fins i tot &#8216;<strong>gur\u00fas<\/strong>&#8216; dels negocis i l&#8217;emprenedoria. \u00c9s per aix\u00f2 com\u00fa veure cada any nombroses llistes dels millors CEO del m\u00f3n realitzades pels principals mitjans de comunicaci\u00f3 i entitats relacionades amb l&#8217;\u00e0mbit de l&#8217;empresa.&nbsp;<\/p>\n\n\n\n<p>Segons l&#8217;informe <strong>Brand Guardianship Index<\/strong>, aquests s\u00f3n els <strong>CEO m\u00e9s ben valorats del 2024<\/strong>:&nbsp;<\/p>\n\n\n\n<ol class=\"wp-block-list\" start=\"1\">\n<li>Huateng Ma \u2013 CEO de <strong>Tencent<\/strong>\u00a0<\/li>\n<\/ol>\n\n\n\n<ol class=\"wp-block-list\" start=\"2\">\n<li>Mukesh Ambani \u2013 CEO de <strong>Reliance<\/strong>\u00a0<\/li>\n<\/ol>\n\n\n\n<ol class=\"wp-block-list\" start=\"3\">\n<li>Jensen Huang \u2013 CEO de <strong>Nvidia<\/strong>\u00a0<\/li>\n<\/ol>\n\n\n\n<ol class=\"wp-block-list\" start=\"4\">\n<li>Tim Cook \u2013 CEO d&#8217;<strong>Apple<\/strong>\u00a0<\/li>\n<\/ol>\n\n\n\n<ol class=\"wp-block-list\" start=\"5\">\n<li>Natarajan Chandrasekaran \u2013 CEO de <strong>Grup Tata<\/strong>\u00a0<\/li>\n<\/ol>\n\n\n\n<ol class=\"wp-block-list\" start=\"6\">\n<li>Anish Shah \u2013 CEO de <strong>Mahindra<\/strong>\u00a0<\/li>\n<\/ol>\n\n\n\n<ol class=\"wp-block-list\" start=\"7\">\n<li>Shantanu Narayen \u2013 CEO d\u2019<strong>Adobe<\/strong>\u00a0<\/li>\n<\/ol>\n\n\n\n<ol class=\"wp-block-list\" start=\"8\">\n<li>Sundar Pichai \u2013 CEO de <strong>Google<\/strong>\u00a0<\/li>\n<\/ol>\n\n\n\n<ol class=\"wp-block-list\" start=\"9\">\n<li>Satya Nadella \u2013 CEO de <strong>Microsoft<\/strong>\u00a0<\/li>\n<\/ol>\n\n\n\n<ol class=\"wp-block-list\" start=\"10\">\n<li>Leena Nair \u2013 CEO de <strong>Chane<\/strong>l<\/li>\n<\/ol>\n\n\n\n<figure class=\"wp-block-image size-full is-resized\"><img decoding=\"async\" width=\"800\" height=\"360\" src=\"https:\/\/blog.euncet.com\/wp-content\/uploads\/2025\/04\/Campus-Terrassa-Euncet-Business-School-1.jpg\" alt=\"\" class=\"wp-image-64718\" style=\"width:840px;height:auto\" srcset=\"https:\/\/www.euncet.com\/blog\/wp-content\/uploads\/2025\/04\/Campus-Terrassa-Euncet-Business-School-1.jpg 800w, https:\/\/www.euncet.com\/blog\/wp-content\/uploads\/2025\/04\/Campus-Terrassa-Euncet-Business-School-1-300x135.jpg 300w, https:\/\/www.euncet.com\/blog\/wp-content\/uploads\/2025\/04\/Campus-Terrassa-Euncet-Business-School-1-80x36.jpg 80w, https:\/\/www.euncet.com\/blog\/wp-content\/uploads\/2025\/04\/Campus-Terrassa-Euncet-Business-School-1-768x346.jpg 768w\" sizes=\"(max-width: 800px) 100vw, 800px\" \/><\/figure>\n\n\n\n<h2 class=\"wp-block-heading\"><span class=\"ez-toc-section\" id=\"Converteix-te_en_un_gran_CEO\"><\/span><strong>Converteix-te en un gran CEO<\/strong>\u00a0<span class=\"ez-toc-section-end\"><\/span><\/h2>\n\n\n\n<p>\u00bfSomies amb convertir-te en el CEO d&#8217;una gran empresa? En aquest cas, una bona formaci\u00f3 empresarial pot ser la clau per escalar dins de la teva empresa i obtenir els coneixements necessaris per liderar en entorns altament exigents. Per aquest motiu, el <a href=\"https:\/\/www.euncet.com\/es\/masteres\/administracion-y-direccion-de-empresas\/\" target=\"_blank\" rel=\"noreferrer noopener\"><strong>M\u00e0ster en Administraci\u00f3 i Direcci\u00f3 d&#8217;Empreses<\/strong><\/a>, amb especialitat en Direcci\u00f3 Estrat\u00e8gica, de l&#8217;escola de negocis Euncet Business School pot ser l&#8217;impuls professional que est\u00e0s buscant.&nbsp;<\/p>\n\n\n\n<p>Si el que necessites \u00e9s una formaci\u00f3 superior concreta en alguna de les \u00e0rees del negoci, et podrien interessar les formacions d\u2019<a href=\"https:\/\/www.euncet.com\/es\/executive-education\/?utm_source=google&amp;utm_medium=cpc&amp;utm_campaign=ExecutiveEducation_General_PMAX-es&amp;utm_content=&amp;gad_source=1&amp;gclid=EAIaIQobChMIgrO-oo2fiQMVP5dQBh3uaCBWEAAYAiAAEgLyBfD_BwE\" target=\"_blank\" rel=\"noreferrer noopener\"><strong>Executive Education<\/strong><\/a>, programes m\u00e9s espec\u00edfics pensats per a executius i c\u00e0rrecs intermedis a les empreses.&nbsp;<\/p>\n","protected":false},"excerpt":{"rendered":"<p>Si est\u00e0s interessat en el m\u00f3n de l&#8217;empresa i l&#8217;economia, \u00e9s probable que hagis sentit parlar del concepte de CEO. No obstant aix\u00f2, s\u00f3n molts els que, tot i coneixent el terme, no estan familiaritzats amb el paper i funcions que aquesta figura compleix en l&#8217;estructura dels negocis. Per aix\u00f2, ens hem de fer la [&hellip;]<\/p>\n","protected":false},"author":28,"featured_media":64721,"comment_status":"open","ping_status":"open","sticky":false,"template":"","format":"standard","meta":{"_acf_changed":false,"footnotes":""},"categories":[298],"tags":[],"class_list":["post-64713","post","type-post","status-publish","format-standard","has-post-thumbnail","hentry","category-emprendimiento"],"acf":[],"yoast_head":"<!-- This site is optimized with the Yoast SEO plugin v27.4 - https:\/\/yoast.com\/product\/yoast-seo-wordpress\/ -->\n<title>Qu\u00e8 \u00e9s un CEO? - Euncet Business School<\/title>\n<meta name=\"description\" content=\"El Chief Executive Officer \u00e9s la persona que dicta quina ser\u00e0 la visi\u00f3 general de l\u2019empresa en els pr\u00f2xims anys. Descobreix tot sobre aquesta posici\u00f3.\" \/>\n<meta name=\"robots\" content=\"index, follow, max-snippet:-1, max-image-preview:large, max-video-preview:-1\" \/>\n<link rel=\"canonical\" href=\"https:\/\/www.euncet.com\/blog\/ca\/que-es-un-ceo-blog-de-leuncet-business-school\/\" \/>\n<meta property=\"og:locale\" content=\"ca_ES\" \/>\n<meta property=\"og:type\" content=\"article\" \/>\n<meta property=\"og:title\" content=\"Qu\u00e8 \u00e9s un CEO? - Euncet Business School\" \/>\n<meta property=\"og:description\" content=\"El Chief Executive Officer \u00e9s la persona que dicta quina ser\u00e0 la visi\u00f3 general de l\u2019empresa en els pr\u00f2xims anys. Descobreix tot sobre aquesta posici\u00f3.\" \/>\n<meta property=\"og:url\" content=\"https:\/\/www.euncet.com\/blog\/ca\/que-es-un-ceo-blog-de-leuncet-business-school\/\" \/>\n<meta property=\"og:site_name\" content=\"Euncet Business School\" \/>\n<meta property=\"article:publisher\" content=\"https:\/\/www.facebook.com\/euncet\" \/>\n<meta property=\"article:published_time\" content=\"2025-04-10T16:35:21+00:00\" \/>\n<meta property=\"article:modified_time\" content=\"2025-05-26T14:37:04+00:00\" \/>\n<meta property=\"og:image\" content=\"https:\/\/www.euncet.com\/blog\/wp-content\/uploads\/2024\/04\/bg-header.jpg\" \/>\n\t<meta property=\"og:image:width\" content=\"1000\" \/>\n\t<meta property=\"og:image:height\" content=\"568\" \/>\n\t<meta property=\"og:image:type\" content=\"image\/jpeg\" \/>\n<meta name=\"author\" content=\"euncet\" \/>\n<meta name=\"twitter:card\" content=\"summary_large_image\" \/>\n<meta name=\"twitter:creator\" content=\"@euncet\" \/>\n<meta name=\"twitter:site\" content=\"@euncet\" \/>\n<meta name=\"twitter:label1\" content=\"Escrit per\" \/>\n\t<meta name=\"twitter:data1\" content=\"euncet\" \/>\n\t<meta name=\"twitter:label2\" content=\"Temps estimat de lectura\" \/>\n\t<meta name=\"twitter:data2\" content=\"6 minuts\" \/>\n<script type=\"application\/ld+json\" class=\"yoast-schema-graph\">{\"@context\":\"https:\\\/\\\/schema.org\",\"@graph\":[{\"@type\":\"Article\",\"@id\":\"https:\\\/\\\/www.euncet.com\\\/blog\\\/ca\\\/que-es-un-ceo-blog-de-leuncet-business-school\\\/#article\",\"isPartOf\":{\"@id\":\"https:\\\/\\\/www.euncet.com\\\/blog\\\/ca\\\/que-es-un-ceo-blog-de-leuncet-business-school\\\/\"},\"author\":{\"name\":\"euncet\",\"@id\":\"https:\\\/\\\/www.euncet.com\\\/blog\\\/ca\\\/#\\\/schema\\\/person\\\/8253e592273eb1f7a48788902ca03268\"},\"headline\":\"Qu\u00e8 \u00e9s un CEO?\",\"datePublished\":\"2025-04-10T16:35:21+00:00\",\"dateModified\":\"2025-05-26T14:37:04+00:00\",\"mainEntityOfPage\":{\"@id\":\"https:\\\/\\\/www.euncet.com\\\/blog\\\/ca\\\/que-es-un-ceo-blog-de-leuncet-business-school\\\/\"},\"wordCount\":1191,\"commentCount\":0,\"image\":{\"@id\":\"https:\\\/\\\/www.euncet.com\\\/blog\\\/ca\\\/que-es-un-ceo-blog-de-leuncet-business-school\\\/#primaryimage\"},\"thumbnailUrl\":\"https:\\\/\\\/www.euncet.com\\\/blog\\\/wp-content\\\/uploads\\\/2024\\\/04\\\/bg-header.jpg\",\"articleSection\":[\"Emprendimiento\"],\"inLanguage\":\"ca\",\"potentialAction\":[{\"@type\":\"CommentAction\",\"name\":\"Comment\",\"target\":[\"https:\\\/\\\/www.euncet.com\\\/blog\\\/ca\\\/que-es-un-ceo-blog-de-leuncet-business-school\\\/#respond\"]}]},{\"@type\":\"WebPage\",\"@id\":\"https:\\\/\\\/www.euncet.com\\\/blog\\\/ca\\\/que-es-un-ceo-blog-de-leuncet-business-school\\\/\",\"url\":\"https:\\\/\\\/www.euncet.com\\\/blog\\\/ca\\\/que-es-un-ceo-blog-de-leuncet-business-school\\\/\",\"name\":\"Qu\u00e8 \u00e9s un CEO? - Euncet Business School\",\"isPartOf\":{\"@id\":\"https:\\\/\\\/www.euncet.com\\\/blog\\\/ca\\\/#website\"},\"primaryImageOfPage\":{\"@id\":\"https:\\\/\\\/www.euncet.com\\\/blog\\\/ca\\\/que-es-un-ceo-blog-de-leuncet-business-school\\\/#primaryimage\"},\"image\":{\"@id\":\"https:\\\/\\\/www.euncet.com\\\/blog\\\/ca\\\/que-es-un-ceo-blog-de-leuncet-business-school\\\/#primaryimage\"},\"thumbnailUrl\":\"https:\\\/\\\/www.euncet.com\\\/blog\\\/wp-content\\\/uploads\\\/2024\\\/04\\\/bg-header.jpg\",\"datePublished\":\"2025-04-10T16:35:21+00:00\",\"dateModified\":\"2025-05-26T14:37:04+00:00\",\"author\":{\"@id\":\"https:\\\/\\\/www.euncet.com\\\/blog\\\/ca\\\/#\\\/schema\\\/person\\\/8253e592273eb1f7a48788902ca03268\"},\"description\":\"El Chief Executive Officer \u00e9s la persona que dicta quina ser\u00e0 la visi\u00f3 general de l\u2019empresa en els pr\u00f2xims anys. Descobreix tot sobre aquesta posici\u00f3.\",\"breadcrumb\":{\"@id\":\"https:\\\/\\\/www.euncet.com\\\/blog\\\/ca\\\/que-es-un-ceo-blog-de-leuncet-business-school\\\/#breadcrumb\"},\"inLanguage\":\"ca\",\"potentialAction\":[{\"@type\":\"ReadAction\",\"target\":[\"https:\\\/\\\/www.euncet.com\\\/blog\\\/ca\\\/que-es-un-ceo-blog-de-leuncet-business-school\\\/\"]}]},{\"@type\":\"ImageObject\",\"inLanguage\":\"ca\",\"@id\":\"https:\\\/\\\/www.euncet.com\\\/blog\\\/ca\\\/que-es-un-ceo-blog-de-leuncet-business-school\\\/#primaryimage\",\"url\":\"https:\\\/\\\/www.euncet.com\\\/blog\\\/wp-content\\\/uploads\\\/2024\\\/04\\\/bg-header.jpg\",\"contentUrl\":\"https:\\\/\\\/www.euncet.com\\\/blog\\\/wp-content\\\/uploads\\\/2024\\\/04\\\/bg-header.jpg\",\"width\":1000,\"height\":568},{\"@type\":\"BreadcrumbList\",\"@id\":\"https:\\\/\\\/www.euncet.com\\\/blog\\\/ca\\\/que-es-un-ceo-blog-de-leuncet-business-school\\\/#breadcrumb\",\"itemListElement\":[{\"@type\":\"ListItem\",\"position\":1,\"name\":\"Portada\",\"item\":\"https:\\\/\\\/www.euncet.com\\\/blog\\\/ca\\\/\"},{\"@type\":\"ListItem\",\"position\":2,\"name\":\"Qu\u00e8 \u00e9s un CEO?\"}]},{\"@type\":\"WebSite\",\"@id\":\"https:\\\/\\\/www.euncet.com\\\/blog\\\/ca\\\/#website\",\"url\":\"https:\\\/\\\/www.euncet.com\\\/blog\\\/ca\\\/\",\"name\":\"Euncet Business School\",\"description\":\"Escuela de negocios\",\"potentialAction\":[{\"@type\":\"SearchAction\",\"target\":{\"@type\":\"EntryPoint\",\"urlTemplate\":\"https:\\\/\\\/www.euncet.com\\\/blog\\\/ca\\\/?s={search_term_string}\"},\"query-input\":{\"@type\":\"PropertyValueSpecification\",\"valueRequired\":true,\"valueName\":\"search_term_string\"}}],\"inLanguage\":\"ca\"},{\"@type\":\"Person\",\"@id\":\"https:\\\/\\\/www.euncet.com\\\/blog\\\/ca\\\/#\\\/schema\\\/person\\\/8253e592273eb1f7a48788902ca03268\",\"name\":\"euncet\",\"image\":{\"@type\":\"ImageObject\",\"inLanguage\":\"ca\",\"@id\":\"https:\\\/\\\/secure.gravatar.com\\\/avatar\\\/ee2ce5f049e82b74bcc6b8db4c5e9c717e35544f3cde91d14a3daa9827fe21f0?s=96&d=mm&r=g\",\"url\":\"https:\\\/\\\/secure.gravatar.com\\\/avatar\\\/ee2ce5f049e82b74bcc6b8db4c5e9c717e35544f3cde91d14a3daa9827fe21f0?s=96&d=mm&r=g\",\"contentUrl\":\"https:\\\/\\\/secure.gravatar.com\\\/avatar\\\/ee2ce5f049e82b74bcc6b8db4c5e9c717e35544f3cde91d14a3daa9827fe21f0?s=96&d=mm&r=g\",\"caption\":\"euncet\"},\"url\":\"https:\\\/\\\/www.euncet.com\\\/blog\\\/ca\\\/author\\\/euncet\\\/\"}]}<\/script>\n<!-- \/ Yoast SEO plugin. -->","yoast_head_json":{"title":"Qu\u00e8 \u00e9s un CEO? - Euncet Business School","description":"El Chief Executive Officer \u00e9s la persona que dicta quina ser\u00e0 la visi\u00f3 general de l\u2019empresa en els pr\u00f2xims anys. Descobreix tot sobre aquesta posici\u00f3.","robots":{"index":"index","follow":"follow","max-snippet":"max-snippet:-1","max-image-preview":"max-image-preview:large","max-video-preview":"max-video-preview:-1"},"canonical":"https:\/\/www.euncet.com\/blog\/ca\/que-es-un-ceo-blog-de-leuncet-business-school\/","og_locale":"ca_ES","og_type":"article","og_title":"Qu\u00e8 \u00e9s un CEO? - Euncet Business School","og_description":"El Chief Executive Officer \u00e9s la persona que dicta quina ser\u00e0 la visi\u00f3 general de l\u2019empresa en els pr\u00f2xims anys. Descobreix tot sobre aquesta posici\u00f3.","og_url":"https:\/\/www.euncet.com\/blog\/ca\/que-es-un-ceo-blog-de-leuncet-business-school\/","og_site_name":"Euncet Business School","article_publisher":"https:\/\/www.facebook.com\/euncet","article_published_time":"2025-04-10T16:35:21+00:00","article_modified_time":"2025-05-26T14:37:04+00:00","og_image":[{"width":1000,"height":568,"url":"https:\/\/www.euncet.com\/blog\/wp-content\/uploads\/2024\/04\/bg-header.jpg","type":"image\/jpeg"}],"author":"euncet","twitter_card":"summary_large_image","twitter_creator":"@euncet","twitter_site":"@euncet","twitter_misc":{"Escrit per":"euncet","Temps estimat de lectura":"6 minuts"},"schema":{"@context":"https:\/\/schema.org","@graph":[{"@type":"Article","@id":"https:\/\/www.euncet.com\/blog\/ca\/que-es-un-ceo-blog-de-leuncet-business-school\/#article","isPartOf":{"@id":"https:\/\/www.euncet.com\/blog\/ca\/que-es-un-ceo-blog-de-leuncet-business-school\/"},"author":{"name":"euncet","@id":"https:\/\/www.euncet.com\/blog\/ca\/#\/schema\/person\/8253e592273eb1f7a48788902ca03268"},"headline":"Qu\u00e8 \u00e9s un CEO?","datePublished":"2025-04-10T16:35:21+00:00","dateModified":"2025-05-26T14:37:04+00:00","mainEntityOfPage":{"@id":"https:\/\/www.euncet.com\/blog\/ca\/que-es-un-ceo-blog-de-leuncet-business-school\/"},"wordCount":1191,"commentCount":0,"image":{"@id":"https:\/\/www.euncet.com\/blog\/ca\/que-es-un-ceo-blog-de-leuncet-business-school\/#primaryimage"},"thumbnailUrl":"https:\/\/www.euncet.com\/blog\/wp-content\/uploads\/2024\/04\/bg-header.jpg","articleSection":["Emprendimiento"],"inLanguage":"ca","potentialAction":[{"@type":"CommentAction","name":"Comment","target":["https:\/\/www.euncet.com\/blog\/ca\/que-es-un-ceo-blog-de-leuncet-business-school\/#respond"]}]},{"@type":"WebPage","@id":"https:\/\/www.euncet.com\/blog\/ca\/que-es-un-ceo-blog-de-leuncet-business-school\/","url":"https:\/\/www.euncet.com\/blog\/ca\/que-es-un-ceo-blog-de-leuncet-business-school\/","name":"Qu\u00e8 \u00e9s un CEO? - Euncet Business School","isPartOf":{"@id":"https:\/\/www.euncet.com\/blog\/ca\/#website"},"primaryImageOfPage":{"@id":"https:\/\/www.euncet.com\/blog\/ca\/que-es-un-ceo-blog-de-leuncet-business-school\/#primaryimage"},"image":{"@id":"https:\/\/www.euncet.com\/blog\/ca\/que-es-un-ceo-blog-de-leuncet-business-school\/#primaryimage"},"thumbnailUrl":"https:\/\/www.euncet.com\/blog\/wp-content\/uploads\/2024\/04\/bg-header.jpg","datePublished":"2025-04-10T16:35:21+00:00","dateModified":"2025-05-26T14:37:04+00:00","author":{"@id":"https:\/\/www.euncet.com\/blog\/ca\/#\/schema\/person\/8253e592273eb1f7a48788902ca03268"},"description":"El Chief Executive Officer \u00e9s la persona que dicta quina ser\u00e0 la visi\u00f3 general de l\u2019empresa en els pr\u00f2xims anys. Descobreix tot sobre aquesta posici\u00f3.","breadcrumb":{"@id":"https:\/\/www.euncet.com\/blog\/ca\/que-es-un-ceo-blog-de-leuncet-business-school\/#breadcrumb"},"inLanguage":"ca","potentialAction":[{"@type":"ReadAction","target":["https:\/\/www.euncet.com\/blog\/ca\/que-es-un-ceo-blog-de-leuncet-business-school\/"]}]},{"@type":"ImageObject","inLanguage":"ca","@id":"https:\/\/www.euncet.com\/blog\/ca\/que-es-un-ceo-blog-de-leuncet-business-school\/#primaryimage","url":"https:\/\/www.euncet.com\/blog\/wp-content\/uploads\/2024\/04\/bg-header.jpg","contentUrl":"https:\/\/www.euncet.com\/blog\/wp-content\/uploads\/2024\/04\/bg-header.jpg","width":1000,"height":568},{"@type":"BreadcrumbList","@id":"https:\/\/www.euncet.com\/blog\/ca\/que-es-un-ceo-blog-de-leuncet-business-school\/#breadcrumb","itemListElement":[{"@type":"ListItem","position":1,"name":"Portada","item":"https:\/\/www.euncet.com\/blog\/ca\/"},{"@type":"ListItem","position":2,"name":"Qu\u00e8 \u00e9s un CEO?"}]},{"@type":"WebSite","@id":"https:\/\/www.euncet.com\/blog\/ca\/#website","url":"https:\/\/www.euncet.com\/blog\/ca\/","name":"Euncet Business School","description":"Escuela de negocios","potentialAction":[{"@type":"SearchAction","target":{"@type":"EntryPoint","urlTemplate":"https:\/\/www.euncet.com\/blog\/ca\/?s={search_term_string}"},"query-input":{"@type":"PropertyValueSpecification","valueRequired":true,"valueName":"search_term_string"}}],"inLanguage":"ca"},{"@type":"Person","@id":"https:\/\/www.euncet.com\/blog\/ca\/#\/schema\/person\/8253e592273eb1f7a48788902ca03268","name":"euncet","image":{"@type":"ImageObject","inLanguage":"ca","@id":"https:\/\/secure.gravatar.com\/avatar\/ee2ce5f049e82b74bcc6b8db4c5e9c717e35544f3cde91d14a3daa9827fe21f0?s=96&d=mm&r=g","url":"https:\/\/secure.gravatar.com\/avatar\/ee2ce5f049e82b74bcc6b8db4c5e9c717e35544f3cde91d14a3daa9827fe21f0?s=96&d=mm&r=g","contentUrl":"https:\/\/secure.gravatar.com\/avatar\/ee2ce5f049e82b74bcc6b8db4c5e9c717e35544f3cde91d14a3daa9827fe21f0?s=96&d=mm&r=g","caption":"euncet"},"url":"https:\/\/www.euncet.com\/blog\/ca\/author\/euncet\/"}]}},"_links":{"self":[{"href":"https:\/\/www.euncet.com\/blog\/ca\/wp-json\/wp\/v2\/posts\/64713","targetHints":{"allow":["GET"]}}],"collection":[{"href":"https:\/\/www.euncet.com\/blog\/ca\/wp-json\/wp\/v2\/posts"}],"about":[{"href":"https:\/\/www.euncet.com\/blog\/ca\/wp-json\/wp\/v2\/types\/post"}],"author":[{"embeddable":true,"href":"https:\/\/www.euncet.com\/blog\/ca\/wp-json\/wp\/v2\/users\/28"}],"replies":[{"embeddable":true,"href":"https:\/\/www.euncet.com\/blog\/ca\/wp-json\/wp\/v2\/comments?post=64713"}],"version-history":[{"count":0,"href":"https:\/\/www.euncet.com\/blog\/ca\/wp-json\/wp\/v2\/posts\/64713\/revisions"}],"wp:featuredmedia":[{"embeddable":true,"href":"https:\/\/www.euncet.com\/blog\/ca\/wp-json\/wp\/v2\/media\/64721"}],"wp:attachment":[{"href":"https:\/\/www.euncet.com\/blog\/ca\/wp-json\/wp\/v2\/media?parent=64713"}],"wp:term":[{"taxonomy":"category","embeddable":true,"href":"https:\/\/www.euncet.com\/blog\/ca\/wp-json\/wp\/v2\/categories?post=64713"},{"taxonomy":"post_tag","embeddable":true,"href":"https:\/\/www.euncet.com\/blog\/ca\/wp-json\/wp\/v2\/tags?post=64713"}],"curies":[{"name":"wp","href":"https:\/\/api.w.org\/{rel}","templated":true}]}}