{"id":65924,"date":"2025-10-29T13:07:53","date_gmt":"2025-10-29T12:07:53","guid":{"rendered":"http:\/\/dev.euncet.com\/blog\/?p=65924"},"modified":"2026-01-21T09:46:38","modified_gmt":"2026-01-21T08:46:38","slug":"carreres-universitaries-mes-futur","status":"publish","type":"post","link":"https:\/\/www.euncet.com\/blog\/ca\/carreres-universitaries-mes-futur\/","title":{"rendered":"Les carreres universit\u00e0ries amb m\u00e9s futur que pots estudiar"},"content":{"rendered":"\n<p>Escollir una carrera universit\u00e0ria \u00e9s una de les decisions m\u00e9s importants que prenem a la vida. En un m\u00f3n on la tecnologia i les necessitats del mercat laboral canvien constantment, con\u00e8ixer les <strong><em>carreres universit\u00e0ries amb m\u00e9s futur<\/em><\/strong> esdev\u00e9 fonamental per construir una carrera professional s\u00f2lida. No es tracta nom\u00e9s de qu\u00e8 estudiar a la universitat, sin\u00f3 d\u2019escollir graus amb sortides professionals que realment preparin per a les professions futur que lideraran els pr\u00f2xims anys.<\/p><div id=\"ez-toc-container\" class=\"ez-toc-v2_0_82_2 counter-hierarchy ez-toc-counter ez-toc-custom ez-toc-container-direction\">\n<div class=\"ez-toc-title-container\">\n<p class=\"ez-toc-title\" style=\"cursor:inherit\">\u00cdNDEX DE CONTINGUTS<\/p>\n<span class=\"ez-toc-title-toggle\"><a href=\"#\" class=\"ez-toc-pull-right ez-toc-btn ez-toc-btn-xs ez-toc-btn-default ez-toc-toggle\" aria-label=\"Toggle Table of Content\"><span class=\"ez-toc-js-icon-con\"><span class=\"\"><span class=\"eztoc-hide\" style=\"display:none;\">Toggle<\/span><span class=\"ez-toc-icon-toggle-span\"><svg style=\"fill: #222222;color:#222222\" xmlns=\"http:\/\/www.w3.org\/2000\/svg\" class=\"list-377408\" width=\"20px\" height=\"20px\" viewBox=\"0 0 24 24\" fill=\"none\"><path d=\"M6 6H4v2h2V6zm14 0H8v2h12V6zM4 11h2v2H4v-2zm16 0H8v2h12v-2zM4 16h2v2H4v-2zm16 0H8v2h12v-2z\" fill=\"currentColor\"><\/path><\/svg><svg style=\"fill: #222222;color:#222222\" class=\"arrow-unsorted-368013\" xmlns=\"http:\/\/www.w3.org\/2000\/svg\" width=\"10px\" height=\"10px\" viewBox=\"0 0 24 24\" version=\"1.2\" baseProfile=\"tiny\"><path d=\"M18.2 9.3l-6.2-6.3-6.2 6.3c-.2.2-.3.4-.3.7s.1.5.3.7c.2.2.4.3.7.3h11c.3 0 .5-.1.7-.3.2-.2.3-.5.3-.7s-.1-.5-.3-.7zM5.8 14.7l6.2 6.3 6.2-6.3c.2-.2.3-.5.3-.7s-.1-.5-.3-.7c-.2-.2-.4-.3-.7-.3h-11c-.3 0-.5.1-.7.3-.2.2-.3.5-.3.7s.1.5.3.7z\"\/><\/svg><\/span><\/span><\/span><\/a><\/span><\/div>\n<nav><ul class='ez-toc-list ez-toc-list-level-1 ' ><li class='ez-toc-page-1 ez-toc-heading-level-2'><a class=\"ez-toc-link ez-toc-heading-1\" href=\"https:\/\/www.euncet.com\/blog\/ca\/carreres-universitaries-mes-futur\/#Caracteristiques_de_les_carreres_universitaries_amb_mes_futur\" >Caracter\u00edstiques de les carreres universit\u00e0ries amb m\u00e9s futur<\/a><\/li><li class='ez-toc-page-1 ez-toc-heading-level-2'><a class=\"ez-toc-link ez-toc-heading-2\" href=\"https:\/\/www.euncet.com\/blog\/ca\/carreres-universitaries-mes-futur\/#Empresa_Innovacio_i_Tecnologia_la_carrera_mes_versatil_del_futur\" >Empresa, Innovaci\u00f3 i Tecnologia: la carrera m\u00e9s vers\u00e0til del futur<\/a><\/li><li class='ez-toc-page-1 ez-toc-heading-level-2'><a class=\"ez-toc-link ez-toc-heading-3\" href=\"https:\/\/www.euncet.com\/blog\/ca\/carreres-universitaries-mes-futur\/#Marqueting_Innovacio_i_Tecnologia_liders_de_la_comunicacio_digital\" >M\u00e0rqueting, Innovaci\u00f3 i Tecnologia: l\u00edders de la comunicaci\u00f3 digital<\/a><\/li><li class='ez-toc-page-1 ez-toc-heading-level-2'><a class=\"ez-toc-link ez-toc-heading-4\" href=\"https:\/\/www.euncet.com\/blog\/ca\/carreres-universitaries-mes-futur\/#Gestio_i_Digitalitzacio_en_lEsport_professionals_del_sector_mes_dinamic\" >Gesti\u00f3 i Digitalitzaci\u00f3 en l\u2019Esport: professionals del sector m\u00e9s din\u00e0mic<\/a><\/li><li class='ez-toc-page-1 ez-toc-heading-level-2'><a class=\"ez-toc-link ez-toc-heading-5\" href=\"https:\/\/www.euncet.com\/blog\/ca\/carreres-universitaries-mes-futur\/#Competencies_transversals_el_valor_afegit_de_la_formacio_integral\" >Compet\u00e8ncies transversals: el valor afegit de la formaci\u00f3 integral<\/a><\/li><li class='ez-toc-page-1 ez-toc-heading-level-2'><a class=\"ez-toc-link ez-toc-heading-6\" href=\"https:\/\/www.euncet.com\/blog\/ca\/carreres-universitaries-mes-futur\/#Com_triar_entre_les_carreres_universitaries_amb_mes_futur\" >Com triar entre les carreres universit\u00e0ries amb m\u00e9s futur<\/a><\/li><li class='ez-toc-page-1 ez-toc-heading-level-2'><a class=\"ez-toc-link ez-toc-heading-7\" href=\"https:\/\/www.euncet.com\/blog\/ca\/carreres-universitaries-mes-futur\/#La_formacio_integral_com_a_clau_de_lexit_professional\" >La formaci\u00f3 integral com a clau de l\u2019\u00e8xit professional<\/a><\/li><li class='ez-toc-page-1 ez-toc-heading-level-2'><a class=\"ez-toc-link ez-toc-heading-8\" href=\"https:\/\/www.euncet.com\/blog\/ca\/carreres-universitaries-mes-futur\/#Preguntes_sobre_les_carreres_universitaries_amb_mes_futur\" >Preguntes sobre les carreres universit\u00e0ries amb m\u00e9s futur<\/a><\/li><\/ul><\/nav><\/div>\n\n\n\n\n<h2 class=\"wp-block-heading\"><span class=\"ez-toc-section\" id=\"Caracteristiques_de_les_carreres_universitaries_amb_mes_futur\"><\/span>Caracter\u00edstiques de les carreres universit\u00e0ries amb m\u00e9s futur<span class=\"ez-toc-section-end\"><\/span><\/h2>\n\n\n\n<p>Les carreres universit\u00e0ries amb m\u00e9s futur tenen caracter\u00edstiques comunes que les distingeixen de les formacions tradicionals.<\/p>\n\n\n\n<p>Aquestes disciplines combinen coneixements tecnol\u00f2gics amb habilitats de gesti\u00f3 i lideratge, preparant professionals capa\u00e7os d\u2019afrontar els reptes complexos de les organitzacions modernes. La uni\u00f3 entre tecnologia, innovaci\u00f3 i gesti\u00f3 empresarial ha creat noves especialitats que van m\u00e9s enll\u00e0 de les fronteres acad\u00e8miques tradicionals.<\/p>\n\n\n\n<p>Els graus amb sortides professionals m\u00e9s prometedors es caracteritzen per formar professionals que no nom\u00e9s dominen coneixements espec\u00edfics, sin\u00f3 que desenvolupen una mentalitat adaptable a entorns canviants. Mentre que les carreres cl\u00e0ssiques se centraven a transmetre coneixements fixos, les carreres universit\u00e0ries amb m\u00e9s futur prioritzen el desenvolupament de compet\u00e8ncies que permeten als graduats reinventar-se segons les demandes del mercat.<\/p>\n\n\n\n<p>Aquesta transformaci\u00f3 reflecteix com han evolucionat les organitzacions modernes. Les empreses busquen professionals que puguin connectar diferents \u00e0rees de coneixement, facilitant la innovaci\u00f3 i l\u2019adaptaci\u00f3 en contextos de canvi constant. Per aquesta ra\u00f3, les carreres m\u00e9s exitoses integren tecnologia, gesti\u00f3 i especialitzaci\u00f3 sectorial en un enfocament formatiu integral.<\/p>\n\n\n\n<h2 class=\"wp-block-heading\"><span class=\"ez-toc-section\" id=\"Empresa_Innovacio_i_Tecnologia_la_carrera_mes_versatil_del_futur\"><\/span>Empresa, Innovaci\u00f3 i Tecnologia: la carrera m\u00e9s vers\u00e0til del futur<span class=\"ez-toc-section-end\"><\/span><\/h2>\n\n\n\n<p>Al centre d\u2019aquesta revoluci\u00f3 educativa trobem una disciplina que exemplifica perfectament el que defineixen les professions futur: el <a href=\"https:\/\/www.euncet.com\/ca\/graus\/grau-empresa-innovacio-i-tecnologia\/\" data-type=\"link\" data-id=\"https:\/\/www.euncet.com\/ca\/graus\/grau-empresa-innovacio-i-tecnologia\/\" target=\"_blank\" rel=\"noreferrer noopener\">Grau en Empresa, Innovaci\u00f3 i Tecnologia<\/a>. Aquesta especialitat va m\u00e9s enll\u00e0 de combinar diferents \u00e0rees; ofereix una resposta integral a les necessitats de lideratge que demanden les organitzacions del segle XXI.<\/p>\n\n\n\n<p>Els professionals formats en aquesta \u00e0rea desenvolupen una visi\u00f3 completa de com la tecnologia pot transformar models de negoci, optimitzar processos i crear noves oportunitats. La seva formaci\u00f3 els permet actuar com a facilitadors de la innovaci\u00f3 empresarial, identificant connexions entre aven\u00e7os tecnol\u00f2gics i objectius estrat\u00e8gics.<\/p>\n\n\n\n<p>Per a estudiants que busquen graus amb sortides professionals diverses i d\u2019alt impacte, aquesta especialitat ofereix una base formativa que funciona en m\u00faltiples sectors. Els graduats poden aplicar les seves compet\u00e8ncies en \u00e0rees com consultoria estrat\u00e8gica, transformaci\u00f3 digital, emprenedoria tecnol\u00f2gica o direcci\u00f3 de projectes d\u2019innovaci\u00f3.<\/p>\n\n\n\n<p>La versatilitat d\u2019aquesta formaci\u00f3 rau en el seu enfocament integral, que combina an\u00e0lisi estrat\u00e8gic amb implementaci\u00f3 pr\u00e0ctica. Els estudiants aprenen a avaluar oportunitats de mercat, dissenyar solucions tecnol\u00f2giques viables i liderar equips diversos en projectes complexos. A m\u00e9s, el sistema de mencions permet especialitzaci\u00f3 en Finances, Emprenedoria o Anal\u00edtica de Negoci, adaptant la formaci\u00f3 a objectius professionals espec\u00edfics.<\/p>\n\n\n\n<h3 class=\"wp-block-heading\">Compet\u00e8ncies clau desenvolupades:<\/h3>\n\n\n\n<p>\u2022Gesti\u00f3 estrat\u00e8gica digital: Transformaci\u00f3 de models de negoci tradicionals cap a ecosistemes digitals.<\/p>\n\n\n\n<p>\u2022Lideratge d\u2019innovaci\u00f3: Direcci\u00f3 d\u2019equips multidisciplinaris en projectes d\u2019alta complexitat tecnol\u00f2gica.<\/p>\n\n\n\n<p>\u2022An\u00e0lisi de dades estrat\u00e8gics: Presa de decisions basada en intel\u00b7lig\u00e8ncia artificial i big data.<\/p>\n\n\n\n<p>\u2022Emprenedoria tecnol\u00f2gica: Desenvolupament de startups i nous models de negoci disruptius.<\/p>\n\n\n\n<p>\u2022Finances digitals: Gesti\u00f3 financera en entorns tecnol\u00f2gics i mercats emergents.<\/p>\n\n\n\n<figure class=\"wp-block-table\"><table><tbody><tr><td>Menci\u00f3 especialitzada<\/td><td>Compet\u00e8ncies espec\u00edfiques<\/td><td>Sortides professionals<\/td><\/tr><tr><td>Finances<\/td><td>Fintech, blockchain, an\u00e0lisi financer digital<\/td><td>Director financer, Analista fintech, Consultor d\u2019inversions<\/td><\/tr><tr><td>Emprenedoria<\/td><td>Desenvolupament de startups, innovaci\u00f3 disruptiva<\/td><td>Emprenedor tecnol\u00f2gic, Director d\u2019innovaci\u00f3, Consultor estrat\u00e8gic<\/td><\/tr><tr><td>Anal\u00edtica de Negoci<\/td><td>Big data, intel\u00b7lig\u00e8ncia artificial, business intelligence<\/td><td>Analista de dades, Cient\u00edfic de dades, Director de transformaci\u00f3 digital<\/td><\/tr><\/tbody><\/table><\/figure>\n\n\n\n<h2 class=\"wp-block-heading\"><span class=\"ez-toc-section\" id=\"Marqueting_Innovacio_i_Tecnologia_liders_de_la_comunicacio_digital\"><\/span>M\u00e0rqueting, Innovaci\u00f3 i Tecnologia: l\u00edders de la comunicaci\u00f3 digital<span class=\"ez-toc-section-end\"><\/span><\/h2>\n\n\n\n<p>La revoluci\u00f3 digital ha transformat completament el panorama del m\u00e0rqueting, creant una demanda enorme de professionals capa\u00e7os de navegar entre creativitat, tecnologia i estrat\u00e8gia empresarial. Els especialistes en Grau en M\u00e0rqueting, Innovaci\u00f3 i Tecnologia no nom\u00e9s gestionen campanyes publicit\u00e0ries; dissenyen experi\u00e8ncies digitals que connecten marques amb audi\u00e8ncies de manera significativa i mesurable.<\/p>\n\n\n\n<p>Aquesta disciplina requereix una combinaci\u00f3 \u00fanica de creativitat, an\u00e0lisi de dades i comprensi\u00f3 del comportament del consumidor digital. Els professionals m\u00e9s exitosos desenvolupen la capacitat de traduir objectius empresarials en estrat\u00e8gies de comunicaci\u00f3 que aprofiten les \u00faltimes tecnologies per maximitzar l\u2019impacte i la rendibilitat.<\/p>\n\n\n\n<p>L\u2019aplicabilitat d\u2019aquestes compet\u00e8ncies en diferents sectors converteix els especialistes en m\u00e0rqueting tecnol\u00f2gic en recursos molt valorats. Des de la personalitzaci\u00f3 d\u2019experi\u00e8ncies d\u2019e-commerce fins a la gesti\u00f3 de comunitats digitals, aquests professionals aporten una perspectiva estrat\u00e8gica que transforma la manera com les empreses es relacionen amb els seus mercats.<\/p>\n\n\n\n<p>El sistema de mencions en Publicitat i Anal\u00edtica de M\u00e0rqueting permet als estudiants especialitzar-se segons els seus interessos i objectius professionals. Mentre que la menci\u00f3 en Publicitat desenvolupa compet\u00e8ncies creatives i de comunicaci\u00f3, l\u2019Anal\u00edtica de M\u00e0rqueting s\u2019enfoca en la mesura, optimitzaci\u00f3 i automatitzaci\u00f3 d\u2019estrat\u00e8gies digitals.<\/p>\n\n\n\n<p>Principals sortides professionals: Director de M\u00e0rqueting, Digital Manager, Brand Manager, Social Media Strategist, Content Manager, Analista de dades de m\u00e0rqueting, Especialista en automatitzaci\u00f3 de m\u00e0rqueting, Director de planificaci\u00f3 de mitjans, Gerent d\u2019intel\u00b7lig\u00e8ncia de negocis de m\u00e0rqueting.<\/p>\n\n\n\n<h2 class=\"wp-block-heading\"><span class=\"ez-toc-section\" id=\"Gestio_i_Digitalitzacio_en_lEsport_professionals_del_sector_mes_dinamic\"><\/span>Gesti\u00f3 i Digitalitzaci\u00f3 en l\u2019Esport: professionals del sector m\u00e9s din\u00e0mic<span class=\"ez-toc-section-end\"><\/span><\/h2>\n\n\n\n<p>El sector esportiu est\u00e0 experimentant una transformaci\u00f3 digital sense precedents, creant oportunitats professionals a la intersecci\u00f3 entre gesti\u00f3 empresarial, tecnologia i passi\u00f3 esportiva. Els especialistes en Grau en Gesti\u00f3 i Digitalitzaci\u00f3 en l\u2019Esport no nom\u00e9s administren instal\u00b7lacions o esdeveniments; dissenyen experi\u00e8ncies esportives que integren tecnologia avan\u00e7ada per optimitzar tant el rendiment com l\u2019experi\u00e8ncia de l\u2019usuari.<\/p>\n\n\n\n<p>Aquesta disciplina exigeix una comprensi\u00f3 profunda tant de din\u00e0miques esportives com d\u2019eines tecnol\u00f2giques emergents. Els especialistes m\u00e9s efectius combinen coneixements de gesti\u00f3 empresarial amb compet\u00e8ncies en an\u00e0lisi de dades esportives, creant ponts entre la tradici\u00f3 esportiva i la innovaci\u00f3 tecnol\u00f2gica.<\/p>\n\n\n\n<p>L\u2019escassetat de professionals especialitzats en aquest camp, combinada amb el creixement exponencial del sector esportiu digital, converteix aquests graduats en recursos molt demandats per organitzacions esportives, empreses tecnol\u00f2giques del sector i entitats p\u00fabliques relacionades amb l\u2019esport.<\/p>\n\n\n\n<p>El programa ofereix dues mencions especialitzades que permeten enfocar la formaci\u00f3 segons interessos professionals espec\u00edfics. La menci\u00f3 en Gesti\u00f3 d\u2019Organitzacions, Instal\u00b7lacions i Esdeveniments Esportius desenvolupa compet\u00e8ncies directives i operatives, mentre que l\u2019Anal\u00edtica de Dades Esportives se centra en l\u2019\u00fas de tecnologia per optimitzar rendiment i presa de decisions.<\/p>\n\n\n\n<h3 class=\"wp-block-heading\">\u00c0rees d\u2019especialitzaci\u00f3 en gesti\u00f3 esportiva:<\/h3>\n\n\n\n<p>\u2022Gesti\u00f3 d\u2019instal\u00b7lacions intel\u00b7ligents: Optimitzaci\u00f3 de centres esportius mitjan\u00e7ant IoT i automatitzaci\u00f3.<\/p>\n\n\n\n<p>\u2022An\u00e0lisi de rendiment esportiu: \u00das de <a href=\"https:\/\/www.euncet.com\/blog\/ca\/blog-2\/?p=58954\" data-type=\"post\" data-id=\"58954\" target=\"_blank\" rel=\"noreferrer noopener\">Big Data<\/a> i IA per millorar el performance d\u2019atletes i equips.<\/p>\n\n\n\n<p>\u2022Esdeveniments esportius digitals: Organitzaci\u00f3 de competicions que integren experi\u00e8ncies f\u00edsiques i virtuals.<\/p>\n\n\n\n<p>\u2022M\u00e0rqueting esportiu tecnol\u00f2gic: Estrat\u00e8gies de comunicaci\u00f3 que aprofiten plataformes digitals i xarxes socials.<\/p>\n\n\n\n<p>\u2022Turisme esportiu digital: Desenvolupament d\u2019experi\u00e8ncies que combinen esport, tecnologia i turisme.<\/p>\n\n\n\n<p>Principals sortides professionals: Director d\u2019instal\u00b7lacions esportives, Coordinador d\u2019esdeveniments esportius, Analista de dades esportives, Responsable de m\u00e0rqueting esportiu, Gerent d\u2019entitats esportives, Consultor d\u2019anal\u00edtica esportiva, T\u00e8cnic en an\u00e0lisi predictiu per a l\u2019esport.<\/p>\n\n\n\n<h2 class=\"wp-block-heading\"><span class=\"ez-toc-section\" id=\"Competencies_transversals_el_valor_afegit_de_la_formacio_integral\"><\/span>Compet\u00e8ncies transversals: el valor afegit de la formaci\u00f3 integral<span class=\"ez-toc-section-end\"><\/span><\/h2>\n\n\n\n<p>M\u00e9s enll\u00e0 de les especialitzacions espec\u00edfiques, les carreres universit\u00e0ries amb m\u00e9s futur desenvolupen compet\u00e8ncies transversals que resulten fonamentals en qualsevol context professional. Aquestes habilitats inclouen pensament cr\u00edtic, resoluci\u00f3 de problemes complexos, comunicaci\u00f3 efectiva i lideratge \u00e8tic.<\/p>\n\n\n\n<p>La formaci\u00f3 en <a href=\"https:\/\/www.ibm.com\/es-es\/topics\/data-science\" data-type=\"link\" data-id=\"https:\/\/www.ibm.com\/es-es\/topics\/data-science\" target=\"_blank\" rel=\"noreferrer noopener\">ci\u00e8ncia de dades<\/a>, per exemple, s\u2019integra com a compet\u00e8ncia transversal en els tres graus, permetent als graduats prendre decisions basades en evid\u00e8ncia independentment de la seva \u00e0rea d\u2019especialitzaci\u00f3. De la mateixa manera, els principis de ciberseguretat i sostenibilitat s\u2019incorporen com a elements formatius essencials per a professionals que treballaran en entorns digitals i socialment responsables.<\/p>\n\n\n\n<p>Aquesta aproximaci\u00f3 integral reconeix que l\u2019\u00e8xit professional en entorns complexos requereix tant profunditat t\u00e8cnica com amplitud de perspectiva. Els graduats desenvolupen la capacitat de col\u00b7laborar efectivament en equips multidisciplinaris, comunicar idees complexes a audi\u00e8ncies diverses i liderar processos de canvi en organitzacions din\u00e0miques.<\/p>\n\n\n\n<p>La dimensi\u00f3 internacional de la formaci\u00f3 tamb\u00e9 adquireix rellev\u00e0ncia especial. Els programes inclouen oportunitats de mobilitat amb m\u00e9s de 34 universitats associades, exposici\u00f3 a casos d\u2019estudi globals i desenvolupament de compet\u00e8ncies interculturals que preparen els estudiants per a carreres que transcendeixen fronteres geogr\u00e0fiques i culturals.<\/p>\n\n\n\n<h2 class=\"wp-block-heading\"><span class=\"ez-toc-section\" id=\"Com_triar_entre_les_carreres_universitaries_amb_mes_futur\"><\/span>Com triar entre les carreres universit\u00e0ries amb m\u00e9s futur<span class=\"ez-toc-section-end\"><\/span><\/h2>\n\n\n\n<p>L\u2019elecci\u00f3 entre les carreres universit\u00e0ries amb m\u00e9s futur requereix una an\u00e0lisi que va m\u00e9s enll\u00e0 de consideracions immediates d\u2019ocupabilitat o salari. Aix\u00ed, els estudiants m\u00e9s exitosos desenvolupen una comprensi\u00f3 clara de com els seus interessos personals, aptituds naturals i valors s\u2019alineen amb les oportunitats emergents del mercat laboral.<\/p>\n\n\n\n<p>El proc\u00e9s de decisi\u00f3 ha de considerar l\u2019evoluci\u00f3 projectada de diferents sectors, l\u2019estabilitat de diferents professions davant l\u2019automatitzaci\u00f3 i la capacitat personal per a l\u2019aprenentatge continu en entorns de canvi. Els graus amb sortides professionals m\u00e9s s\u00f2lides s\u00f3n aquells que preparen els estudiants per a carreres adaptables que poden evolucionar juntament amb les transformacions tecnol\u00f2giques.<\/p>\n\n\n\n<p>Per a estudiants interessats en lideratge empresarial i <a href=\"https:\/\/www.euncet.com\/blog\/ca\/blog-2\/?p=56973\" data-type=\"post\" data-id=\"56973\" target=\"_blank\" rel=\"noreferrer noopener\">transformaci\u00f3 digital<\/a>, el Grau en Empresa, Innovaci\u00f3 i Tecnologia ofereix la major versatilitat i oportunitats de creixement. Aquells amb passi\u00f3 per la comunicaci\u00f3 i la creativitat digital trobaran en M\u00e0rqueting, Innovaci\u00f3 i Tecnologia una formaci\u00f3 que combina art i ci\u00e8ncia de manera equilibrada. Finalment, els apassionats de l\u2019esport que busquen professionalitzar la seva vocaci\u00f3 poden trobar en Gesti\u00f3 i Digitalitzaci\u00f3 en l\u2019Esport una oportunitat \u00fanica de combinar passi\u00f3 personal amb excel\u00b7l\u00e8ncia professional.<\/p>\n\n\n\n<p>La flexibilitat curricular i les oportunitats d\u2019especialitzaci\u00f3 progressiva es converteixen en factors importants per avaluar programes formatius. Les millors opcions educatives ofereixen bases s\u00f2lides en compet\u00e8ncies fonamentals mentre permeten l\u2019exploraci\u00f3 i aprofundiment en \u00e0rees d\u2019inter\u00e8s espec\u00edfic a trav\u00e9s de sistemes de mencions i projectes aplicats.<\/p>\n\n\n\n<h2 class=\"wp-block-heading\"><span class=\"ez-toc-section\" id=\"La_formacio_integral_com_a_clau_de_lexit_professional\"><\/span>La formaci\u00f3 integral com a clau de l\u2019\u00e8xit professional<span class=\"ez-toc-section-end\"><\/span><\/h2>\n\n\n\n<p>En un context on l\u2019especialitzaci\u00f3 t\u00e8cnica ha de complementar-se amb compet\u00e8ncies de lideratge, comunicaci\u00f3 i pensament estrat\u00e8gic, la formaci\u00f3 universit\u00e0ria m\u00e9s efectiva adopta enfocaments integrals que preparen els estudiants per a la complexitat de l\u2019entorn professional actual.<\/p>\n\n\n\n<p>Els <a href=\"https:\/\/www.euncet.com\/blog\/ca\/blog-2\/?p=65061\" data-type=\"post\" data-id=\"65061\" target=\"_blank\" rel=\"noreferrer noopener\">programes <\/a>d\u2019Euncet Business School exemplifiquen aquest enfocament integral, combinant rigor acad\u00e8mic amb aplicaci\u00f3 pr\u00e0ctica en programes que preparen els estudiants per liderar la transformaci\u00f3 organitzacional en els seus respectius sectors. Amb sistemes de mencions que permeten especialitzaci\u00f3 progressiva i metodologies que equilibren teoria i pr\u00e0ctica, aquests programes ofereixen la flexibilitat necess\u00e0ria per adaptar la formaci\u00f3 a objectius professionals espec\u00edfics.<\/p>\n\n\n\n<p>La metodologia educativa que combina teoria amb projectes pr\u00e0ctics, complementada per oportunitats de mobilitat internacional amb m\u00e9s de 34 universitats associades, crea un entorn formatiu que prepara els graduats per destacar en les professions futur m\u00e9s demandades. Aquesta aproximaci\u00f3 reconeix que l\u2019\u00e8xit professional requereix tant profunditat t\u00e8cnica com amplitud de perspectiva, tant compet\u00e8ncies anal\u00edtiques com habilitats relacionals.<\/p>\n\n\n\n<h2 class=\"wp-block-heading\"><span class=\"ez-toc-section\" id=\"Preguntes_sobre_les_carreres_universitaries_amb_mes_futur\"><\/span>Preguntes sobre les carreres universit\u00e0ries amb m\u00e9s futur<span class=\"ez-toc-section-end\"><\/span><\/h2>\n\n\n\n<h3 class=\"wp-block-heading\">Com avaluar si una carrera universit\u00e0ria tindr\u00e0 futur a llarg termini?<\/h3>\n\n\n\n<p>Per avaluar la viabilitat a llarg termini d\u2019una carrera universit\u00e0ria \u00e9s important considerar diversos factors clau. Primer, analitza si la professi\u00f3 desenvolupa compet\u00e8ncies h\u00edbrides que combinen coneixements t\u00e8cnics amb habilitats humanes com creativitat, pensament cr\u00edtic o lideratge, que s\u00f3n dif\u00edcils d\u2019automatitzar. Segon, observa si la carrera integra tecnologia com a eina de treball, no com a substitut del professional. Tamb\u00e9 \u00e9s fonamental avaluar si la disciplina pot evolucionar amb els aven\u00e7os tecnol\u00f2gics i si ofereix sistemes d\u2019especialitzaci\u00f3 que permetin adaptar-se a canvis del mercat. Les carreres m\u00e9s viables s\u00f3n aquelles que formen professionals capa\u00e7os de liderar la transformaci\u00f3 tecnol\u00f2gica en els seus sectors, no nom\u00e9s d\u2019adaptar-s\u2019hi.<\/p>\n\n\n\n<h3 class=\"wp-block-heading\">\u00c9s millor especialitzar-se en una \u00e0rea espec\u00edfica o tenir una formaci\u00f3 m\u00e9s general?<\/h3>\n\n\n\n<p>La resposta est\u00e0 a trobar un equilibri entre especialitzaci\u00f3 i formaci\u00f3 general, el que es coneix com a compet\u00e8ncies en \u201cT\u201d: profunditat en una \u00e0rea espec\u00edfica complementada amb coneixements amplis que permeten col\u00b7laborar efectivament en equips multidisciplinaris. Els professionals m\u00e9s exitosos desenvolupen una especialitzaci\u00f3 prou profunda per aportar un valor \u00fanic, per\u00f2 prou flexible per adaptar-se a l\u2019evoluci\u00f3 del mercat. Les carreres m\u00e9s prometedores ofereixen bases s\u00f2lides en compet\u00e8ncies fonamentals mentre permeten especialitzaci\u00f3 progressiva a trav\u00e9s de mencions o \u00e0rees de concentraci\u00f3. Aquesta aproximaci\u00f3 reconeix que els desafiaments organitzacionals actuals requereixen tant expertise t\u00e8cnic com capacitat d\u2019integraci\u00f3 sist\u00e8mica per crear solucions innovadores que transcendeixen fronteres disciplin\u00e0ries tradicionals.<\/p>\n\n\n\n<h3 class=\"wp-block-heading\">Com afecta la transformaci\u00f3 digital a l\u2019elecci\u00f3 de carrera?<\/h3>\n\n\n\n<p>La transformaci\u00f3 digital ha redefinit el panorama de carreres universit\u00e0ries, creant noves professions mentre transforma altres existents. Aquesta revoluci\u00f3 no nom\u00e9s genera demanda d\u2019especialistes t\u00e8cnics, sin\u00f3 que requereix professionals capa\u00e7os de liderar la integraci\u00f3 de tecnologia en contextos organitzacionals complexos. Les carreres m\u00e9s resilients desenvolupen compet\u00e8ncies digitals com a part integral de la seva formaci\u00f3, independentment de la seva \u00e0rea principal. Tanmateix, la transformaci\u00f3 digital tamb\u00e9 eleva la import\u00e0ncia de compet\u00e8ncies \u00fanicament humanes com creativitat, empatia i lideratge \u00e8tic, que esdevenen m\u00e9s valuoses en entorns automatitzats. Per tant, les millors opcions formatives s\u00f3n aquelles que combinen alfabetitzaci\u00f3 digital avan\u00e7ada amb desenvolupament d\u2019habilitats interpersonals i de lideratge que permeten dirigir equips h\u00edbrids hum\u00e0-tecnol\u00f2gics cap a objectius estrat\u00e8gics complexos.<\/p>\n\n\n\n<p><\/p>\n","protected":false},"excerpt":{"rendered":"<p>Escollir una carrera universit\u00e0ria \u00e9s una de les decisions m\u00e9s importants que prenem a la vida. En un m\u00f3n on la tecnologia i les necessitats del mercat laboral canvien constantment, con\u00e8ixer les carreres universit\u00e0ries amb m\u00e9s futur esdev\u00e9 fonamental per construir una carrera professional s\u00f2lida. No es tracta nom\u00e9s de qu\u00e8 estudiar a la universitat, [&hellip;]<\/p>\n","protected":false},"author":30,"featured_media":65922,"comment_status":"open","ping_status":"open","sticky":false,"template":"","format":"standard","meta":{"_acf_changed":false,"footnotes":""},"categories":[291,454],"tags":[],"class_list":["post-65924","post","type-post","status-publish","format-standard","has-post-thumbnail","hentry","category-comunidad-euncet","category-marqueting-comunicacio-i-vendes"],"acf":[],"yoast_head":"<!-- This site is optimized with the Yoast SEO plugin v27.4 - https:\/\/yoast.com\/product\/yoast-seo-wordpress\/ -->\n<title>Les carreres universit\u00e0ries amb m\u00e9s futur que pots estudiar - Euncet Business School<\/title>\n<meta name=\"robots\" content=\"index, follow, max-snippet:-1, max-image-preview:large, max-video-preview:-1\" \/>\n<link rel=\"canonical\" href=\"https:\/\/www.euncet.com\/blog\/ca\/carreres-universitaries-mes-futur\/\" \/>\n<meta property=\"og:locale\" content=\"ca_ES\" \/>\n<meta property=\"og:type\" content=\"article\" \/>\n<meta property=\"og:title\" content=\"Les carreres universit\u00e0ries amb m\u00e9s futur que pots estudiar - Euncet Business School\" \/>\n<meta property=\"og:description\" content=\"Escollir una carrera universit\u00e0ria \u00e9s una de les decisions m\u00e9s importants que prenem a la vida. En un m\u00f3n on la tecnologia i les necessitats del mercat laboral canvien constantment, con\u00e8ixer les carreres universit\u00e0ries amb m\u00e9s futur esdev\u00e9 fonamental per construir una carrera professional s\u00f2lida. No es tracta nom\u00e9s de qu\u00e8 estudiar a la universitat, [&hellip;]\" \/>\n<meta property=\"og:url\" content=\"https:\/\/www.euncet.com\/blog\/ca\/carreres-universitaries-mes-futur\/\" \/>\n<meta property=\"og:site_name\" content=\"Euncet Business School\" \/>\n<meta property=\"article:publisher\" content=\"https:\/\/www.facebook.com\/euncet\" \/>\n<meta property=\"article:published_time\" content=\"2025-10-29T12:07:53+00:00\" \/>\n<meta property=\"article:modified_time\" content=\"2026-01-21T08:46:38+00:00\" \/>\n<meta property=\"og:image\" content=\"https:\/\/www.euncet.com\/blog\/wp-content\/uploads\/2025\/10\/carreras-futuro-puedes-estudiar-1059.jpg\" \/>\n\t<meta property=\"og:image:width\" content=\"1000\" \/>\n\t<meta property=\"og:image:height\" content=\"667\" \/>\n\t<meta property=\"og:image:type\" content=\"image\/jpeg\" \/>\n<meta name=\"author\" content=\"Redacci\u00f3n\" \/>\n<meta name=\"twitter:card\" content=\"summary_large_image\" \/>\n<meta name=\"twitter:creator\" content=\"@euncet\" \/>\n<meta name=\"twitter:site\" content=\"@euncet\" \/>\n<meta name=\"twitter:label1\" content=\"Escrit per\" \/>\n\t<meta name=\"twitter:data1\" content=\"Redacci\u00f3n\" \/>\n\t<meta name=\"twitter:label2\" content=\"Temps estimat de lectura\" \/>\n\t<meta name=\"twitter:data2\" content=\"10 minuts\" \/>\n<script type=\"application\/ld+json\" class=\"yoast-schema-graph\">{\"@context\":\"https:\\\/\\\/schema.org\",\"@graph\":[{\"@type\":\"Article\",\"@id\":\"https:\\\/\\\/www.euncet.com\\\/blog\\\/ca\\\/carreres-universitaries-mes-futur\\\/#article\",\"isPartOf\":{\"@id\":\"https:\\\/\\\/www.euncet.com\\\/blog\\\/ca\\\/carreres-universitaries-mes-futur\\\/\"},\"author\":{\"name\":\"Redacci\u00f3n\",\"@id\":\"https:\\\/\\\/www.euncet.com\\\/blog\\\/ca\\\/#\\\/schema\\\/person\\\/08b0ae2abbe84c2d346311267c70a538\"},\"headline\":\"Les carreres universit\u00e0ries amb m\u00e9s futur que pots estudiar\",\"datePublished\":\"2025-10-29T12:07:53+00:00\",\"dateModified\":\"2026-01-21T08:46:38+00:00\",\"mainEntityOfPage\":{\"@id\":\"https:\\\/\\\/www.euncet.com\\\/blog\\\/ca\\\/carreres-universitaries-mes-futur\\\/\"},\"wordCount\":2357,\"commentCount\":0,\"image\":{\"@id\":\"https:\\\/\\\/www.euncet.com\\\/blog\\\/ca\\\/carreres-universitaries-mes-futur\\\/#primaryimage\"},\"thumbnailUrl\":\"https:\\\/\\\/www.euncet.com\\\/blog\\\/wp-content\\\/uploads\\\/2025\\\/10\\\/carreras-futuro-puedes-estudiar-1059.jpg\",\"articleSection\":[\"Comunidad Euncet\",\"M\u00e0rqueting, Comunicaci\u00f3 i Vendes\"],\"inLanguage\":\"ca\",\"potentialAction\":[{\"@type\":\"CommentAction\",\"name\":\"Comment\",\"target\":[\"https:\\\/\\\/www.euncet.com\\\/blog\\\/ca\\\/carreres-universitaries-mes-futur\\\/#respond\"]}]},{\"@type\":\"WebPage\",\"@id\":\"https:\\\/\\\/www.euncet.com\\\/blog\\\/ca\\\/carreres-universitaries-mes-futur\\\/\",\"url\":\"https:\\\/\\\/www.euncet.com\\\/blog\\\/ca\\\/carreres-universitaries-mes-futur\\\/\",\"name\":\"Les carreres universit\u00e0ries amb m\u00e9s futur que pots estudiar - Euncet Business School\",\"isPartOf\":{\"@id\":\"https:\\\/\\\/www.euncet.com\\\/blog\\\/ca\\\/#website\"},\"primaryImageOfPage\":{\"@id\":\"https:\\\/\\\/www.euncet.com\\\/blog\\\/ca\\\/carreres-universitaries-mes-futur\\\/#primaryimage\"},\"image\":{\"@id\":\"https:\\\/\\\/www.euncet.com\\\/blog\\\/ca\\\/carreres-universitaries-mes-futur\\\/#primaryimage\"},\"thumbnailUrl\":\"https:\\\/\\\/www.euncet.com\\\/blog\\\/wp-content\\\/uploads\\\/2025\\\/10\\\/carreras-futuro-puedes-estudiar-1059.jpg\",\"datePublished\":\"2025-10-29T12:07:53+00:00\",\"dateModified\":\"2026-01-21T08:46:38+00:00\",\"author\":{\"@id\":\"https:\\\/\\\/www.euncet.com\\\/blog\\\/ca\\\/#\\\/schema\\\/person\\\/08b0ae2abbe84c2d346311267c70a538\"},\"breadcrumb\":{\"@id\":\"https:\\\/\\\/www.euncet.com\\\/blog\\\/ca\\\/carreres-universitaries-mes-futur\\\/#breadcrumb\"},\"inLanguage\":\"ca\",\"potentialAction\":[{\"@type\":\"ReadAction\",\"target\":[\"https:\\\/\\\/www.euncet.com\\\/blog\\\/ca\\\/carreres-universitaries-mes-futur\\\/\"]}]},{\"@type\":\"ImageObject\",\"inLanguage\":\"ca\",\"@id\":\"https:\\\/\\\/www.euncet.com\\\/blog\\\/ca\\\/carreres-universitaries-mes-futur\\\/#primaryimage\",\"url\":\"https:\\\/\\\/www.euncet.com\\\/blog\\\/wp-content\\\/uploads\\\/2025\\\/10\\\/carreras-futuro-puedes-estudiar-1059.jpg\",\"contentUrl\":\"https:\\\/\\\/www.euncet.com\\\/blog\\\/wp-content\\\/uploads\\\/2025\\\/10\\\/carreras-futuro-puedes-estudiar-1059.jpg\",\"width\":1000,\"height\":667},{\"@type\":\"BreadcrumbList\",\"@id\":\"https:\\\/\\\/www.euncet.com\\\/blog\\\/ca\\\/carreres-universitaries-mes-futur\\\/#breadcrumb\",\"itemListElement\":[{\"@type\":\"ListItem\",\"position\":1,\"name\":\"Portada\",\"item\":\"https:\\\/\\\/www.euncet.com\\\/blog\\\/ca\\\/\"},{\"@type\":\"ListItem\",\"position\":2,\"name\":\"Les carreres universit\u00e0ries amb m\u00e9s futur que pots estudiar\"}]},{\"@type\":\"WebSite\",\"@id\":\"https:\\\/\\\/www.euncet.com\\\/blog\\\/ca\\\/#website\",\"url\":\"https:\\\/\\\/www.euncet.com\\\/blog\\\/ca\\\/\",\"name\":\"Euncet Business School\",\"description\":\"Escuela de negocios\",\"potentialAction\":[{\"@type\":\"SearchAction\",\"target\":{\"@type\":\"EntryPoint\",\"urlTemplate\":\"https:\\\/\\\/www.euncet.com\\\/blog\\\/ca\\\/?s={search_term_string}\"},\"query-input\":{\"@type\":\"PropertyValueSpecification\",\"valueRequired\":true,\"valueName\":\"search_term_string\"}}],\"inLanguage\":\"ca\"},{\"@type\":\"Person\",\"@id\":\"https:\\\/\\\/www.euncet.com\\\/blog\\\/ca\\\/#\\\/schema\\\/person\\\/08b0ae2abbe84c2d346311267c70a538\",\"name\":\"Redacci\u00f3n\",\"image\":{\"@type\":\"ImageObject\",\"inLanguage\":\"ca\",\"@id\":\"https:\\\/\\\/secure.gravatar.com\\\/avatar\\\/45c73eb9ea98c8640eeb2d358c31bf3843d35edd410e2e957b4cb6ed17c34192?s=96&d=mm&r=g\",\"url\":\"https:\\\/\\\/secure.gravatar.com\\\/avatar\\\/45c73eb9ea98c8640eeb2d358c31bf3843d35edd410e2e957b4cb6ed17c34192?s=96&d=mm&r=g\",\"contentUrl\":\"https:\\\/\\\/secure.gravatar.com\\\/avatar\\\/45c73eb9ea98c8640eeb2d358c31bf3843d35edd410e2e957b4cb6ed17c34192?s=96&d=mm&r=g\",\"caption\":\"Redacci\u00f3n\"},\"url\":\"https:\\\/\\\/www.euncet.com\\\/blog\\\/ca\\\/author\\\/redaccion\\\/\"}]}<\/script>\n<!-- \/ Yoast SEO plugin. -->","yoast_head_json":{"title":"Les carreres universit\u00e0ries amb m\u00e9s futur que pots estudiar - Euncet Business School","robots":{"index":"index","follow":"follow","max-snippet":"max-snippet:-1","max-image-preview":"max-image-preview:large","max-video-preview":"max-video-preview:-1"},"canonical":"https:\/\/www.euncet.com\/blog\/ca\/carreres-universitaries-mes-futur\/","og_locale":"ca_ES","og_type":"article","og_title":"Les carreres universit\u00e0ries amb m\u00e9s futur que pots estudiar - Euncet Business School","og_description":"Escollir una carrera universit\u00e0ria \u00e9s una de les decisions m\u00e9s importants que prenem a la vida. En un m\u00f3n on la tecnologia i les necessitats del mercat laboral canvien constantment, con\u00e8ixer les carreres universit\u00e0ries amb m\u00e9s futur esdev\u00e9 fonamental per construir una carrera professional s\u00f2lida. No es tracta nom\u00e9s de qu\u00e8 estudiar a la universitat, [&hellip;]","og_url":"https:\/\/www.euncet.com\/blog\/ca\/carreres-universitaries-mes-futur\/","og_site_name":"Euncet Business School","article_publisher":"https:\/\/www.facebook.com\/euncet","article_published_time":"2025-10-29T12:07:53+00:00","article_modified_time":"2026-01-21T08:46:38+00:00","og_image":[{"width":1000,"height":667,"url":"https:\/\/www.euncet.com\/blog\/wp-content\/uploads\/2025\/10\/carreras-futuro-puedes-estudiar-1059.jpg","type":"image\/jpeg"}],"author":"Redacci\u00f3n","twitter_card":"summary_large_image","twitter_creator":"@euncet","twitter_site":"@euncet","twitter_misc":{"Escrit per":"Redacci\u00f3n","Temps estimat de lectura":"10 minuts"},"schema":{"@context":"https:\/\/schema.org","@graph":[{"@type":"Article","@id":"https:\/\/www.euncet.com\/blog\/ca\/carreres-universitaries-mes-futur\/#article","isPartOf":{"@id":"https:\/\/www.euncet.com\/blog\/ca\/carreres-universitaries-mes-futur\/"},"author":{"name":"Redacci\u00f3n","@id":"https:\/\/www.euncet.com\/blog\/ca\/#\/schema\/person\/08b0ae2abbe84c2d346311267c70a538"},"headline":"Les carreres universit\u00e0ries amb m\u00e9s futur que pots estudiar","datePublished":"2025-10-29T12:07:53+00:00","dateModified":"2026-01-21T08:46:38+00:00","mainEntityOfPage":{"@id":"https:\/\/www.euncet.com\/blog\/ca\/carreres-universitaries-mes-futur\/"},"wordCount":2357,"commentCount":0,"image":{"@id":"https:\/\/www.euncet.com\/blog\/ca\/carreres-universitaries-mes-futur\/#primaryimage"},"thumbnailUrl":"https:\/\/www.euncet.com\/blog\/wp-content\/uploads\/2025\/10\/carreras-futuro-puedes-estudiar-1059.jpg","articleSection":["Comunidad Euncet","M\u00e0rqueting, Comunicaci\u00f3 i Vendes"],"inLanguage":"ca","potentialAction":[{"@type":"CommentAction","name":"Comment","target":["https:\/\/www.euncet.com\/blog\/ca\/carreres-universitaries-mes-futur\/#respond"]}]},{"@type":"WebPage","@id":"https:\/\/www.euncet.com\/blog\/ca\/carreres-universitaries-mes-futur\/","url":"https:\/\/www.euncet.com\/blog\/ca\/carreres-universitaries-mes-futur\/","name":"Les carreres universit\u00e0ries amb m\u00e9s futur que pots estudiar - Euncet Business School","isPartOf":{"@id":"https:\/\/www.euncet.com\/blog\/ca\/#website"},"primaryImageOfPage":{"@id":"https:\/\/www.euncet.com\/blog\/ca\/carreres-universitaries-mes-futur\/#primaryimage"},"image":{"@id":"https:\/\/www.euncet.com\/blog\/ca\/carreres-universitaries-mes-futur\/#primaryimage"},"thumbnailUrl":"https:\/\/www.euncet.com\/blog\/wp-content\/uploads\/2025\/10\/carreras-futuro-puedes-estudiar-1059.jpg","datePublished":"2025-10-29T12:07:53+00:00","dateModified":"2026-01-21T08:46:38+00:00","author":{"@id":"https:\/\/www.euncet.com\/blog\/ca\/#\/schema\/person\/08b0ae2abbe84c2d346311267c70a538"},"breadcrumb":{"@id":"https:\/\/www.euncet.com\/blog\/ca\/carreres-universitaries-mes-futur\/#breadcrumb"},"inLanguage":"ca","potentialAction":[{"@type":"ReadAction","target":["https:\/\/www.euncet.com\/blog\/ca\/carreres-universitaries-mes-futur\/"]}]},{"@type":"ImageObject","inLanguage":"ca","@id":"https:\/\/www.euncet.com\/blog\/ca\/carreres-universitaries-mes-futur\/#primaryimage","url":"https:\/\/www.euncet.com\/blog\/wp-content\/uploads\/2025\/10\/carreras-futuro-puedes-estudiar-1059.jpg","contentUrl":"https:\/\/www.euncet.com\/blog\/wp-content\/uploads\/2025\/10\/carreras-futuro-puedes-estudiar-1059.jpg","width":1000,"height":667},{"@type":"BreadcrumbList","@id":"https:\/\/www.euncet.com\/blog\/ca\/carreres-universitaries-mes-futur\/#breadcrumb","itemListElement":[{"@type":"ListItem","position":1,"name":"Portada","item":"https:\/\/www.euncet.com\/blog\/ca\/"},{"@type":"ListItem","position":2,"name":"Les carreres universit\u00e0ries amb m\u00e9s futur que pots estudiar"}]},{"@type":"WebSite","@id":"https:\/\/www.euncet.com\/blog\/ca\/#website","url":"https:\/\/www.euncet.com\/blog\/ca\/","name":"Euncet Business School","description":"Escuela de negocios","potentialAction":[{"@type":"SearchAction","target":{"@type":"EntryPoint","urlTemplate":"https:\/\/www.euncet.com\/blog\/ca\/?s={search_term_string}"},"query-input":{"@type":"PropertyValueSpecification","valueRequired":true,"valueName":"search_term_string"}}],"inLanguage":"ca"},{"@type":"Person","@id":"https:\/\/www.euncet.com\/blog\/ca\/#\/schema\/person\/08b0ae2abbe84c2d346311267c70a538","name":"Redacci\u00f3n","image":{"@type":"ImageObject","inLanguage":"ca","@id":"https:\/\/secure.gravatar.com\/avatar\/45c73eb9ea98c8640eeb2d358c31bf3843d35edd410e2e957b4cb6ed17c34192?s=96&d=mm&r=g","url":"https:\/\/secure.gravatar.com\/avatar\/45c73eb9ea98c8640eeb2d358c31bf3843d35edd410e2e957b4cb6ed17c34192?s=96&d=mm&r=g","contentUrl":"https:\/\/secure.gravatar.com\/avatar\/45c73eb9ea98c8640eeb2d358c31bf3843d35edd410e2e957b4cb6ed17c34192?s=96&d=mm&r=g","caption":"Redacci\u00f3n"},"url":"https:\/\/www.euncet.com\/blog\/ca\/author\/redaccion\/"}]}},"_links":{"self":[{"href":"https:\/\/www.euncet.com\/blog\/ca\/wp-json\/wp\/v2\/posts\/65924","targetHints":{"allow":["GET"]}}],"collection":[{"href":"https:\/\/www.euncet.com\/blog\/ca\/wp-json\/wp\/v2\/posts"}],"about":[{"href":"https:\/\/www.euncet.com\/blog\/ca\/wp-json\/wp\/v2\/types\/post"}],"author":[{"embeddable":true,"href":"https:\/\/www.euncet.com\/blog\/ca\/wp-json\/wp\/v2\/users\/30"}],"replies":[{"embeddable":true,"href":"https:\/\/www.euncet.com\/blog\/ca\/wp-json\/wp\/v2\/comments?post=65924"}],"version-history":[{"count":1,"href":"https:\/\/www.euncet.com\/blog\/ca\/wp-json\/wp\/v2\/posts\/65924\/revisions"}],"predecessor-version":[{"id":65925,"href":"https:\/\/www.euncet.com\/blog\/ca\/wp-json\/wp\/v2\/posts\/65924\/revisions\/65925"}],"wp:featuredmedia":[{"embeddable":true,"href":"https:\/\/www.euncet.com\/blog\/ca\/wp-json\/wp\/v2\/media\/65922"}],"wp:attachment":[{"href":"https:\/\/www.euncet.com\/blog\/ca\/wp-json\/wp\/v2\/media?parent=65924"}],"wp:term":[{"taxonomy":"category","embeddable":true,"href":"https:\/\/www.euncet.com\/blog\/ca\/wp-json\/wp\/v2\/categories?post=65924"},{"taxonomy":"post_tag","embeddable":true,"href":"https:\/\/www.euncet.com\/blog\/ca\/wp-json\/wp\/v2\/tags?post=65924"}],"curies":[{"name":"wp","href":"https:\/\/api.w.org\/{rel}","templated":true}]}}