{"id":65930,"date":"2025-10-29T13:12:30","date_gmt":"2025-10-29T12:12:30","guid":{"rendered":"http:\/\/dev.euncet.com\/blog\/?p=65930"},"modified":"2025-10-29T13:12:31","modified_gmt":"2025-10-29T12:12:31","slug":"tecnologia-empresa-binomi-exit","status":"publish","type":"post","link":"https:\/\/www.euncet.com\/blog\/ca\/tecnologia-empresa-binomi-exit\/","title":{"rendered":"Tecnologia i empresa: el binomi de l&#8217;\u00e8xit actual"},"content":{"rendered":"\n<p>Les empreses que lideren els seus sectors tenen alguna cosa en com\u00fa: han compr\u00e8s que la superviv\u00e8ncia empresarial ja no dep\u00e8n \u00fanicament de productes excel\u00b7lents o estrat\u00e8gies brillants. Actualment, el factor diferencial rau en la capacitat d\u2019integrar <strong><em>tecnologia i empresa<\/em><\/strong> de manera estrat\u00e8gica i sostenible. Aquesta converg\u00e8ncia no \u00e9s una tend\u00e8ncia passatgera, sin\u00f3 una realitat que est\u00e0 redefinint les regles del joc en tots els sectors econ\u00f2mics.<\/p><div id=\"ez-toc-container\" class=\"ez-toc-v2_0_82_2 counter-hierarchy ez-toc-counter ez-toc-custom ez-toc-container-direction\">\n<div class=\"ez-toc-title-container\">\n<p class=\"ez-toc-title\" style=\"cursor:inherit\">\u00cdNDEX DE CONTINGUTS<\/p>\n<span class=\"ez-toc-title-toggle\"><a href=\"#\" class=\"ez-toc-pull-right ez-toc-btn ez-toc-btn-xs ez-toc-btn-default ez-toc-toggle\" aria-label=\"Toggle Table of Content\"><span class=\"ez-toc-js-icon-con\"><span class=\"\"><span class=\"eztoc-hide\" style=\"display:none;\">Toggle<\/span><span class=\"ez-toc-icon-toggle-span\"><svg style=\"fill: #222222;color:#222222\" xmlns=\"http:\/\/www.w3.org\/2000\/svg\" class=\"list-377408\" width=\"20px\" height=\"20px\" viewBox=\"0 0 24 24\" fill=\"none\"><path d=\"M6 6H4v2h2V6zm14 0H8v2h12V6zM4 11h2v2H4v-2zm16 0H8v2h12v-2zM4 16h2v2H4v-2zm16 0H8v2h12v-2z\" fill=\"currentColor\"><\/path><\/svg><svg style=\"fill: #222222;color:#222222\" class=\"arrow-unsorted-368013\" xmlns=\"http:\/\/www.w3.org\/2000\/svg\" width=\"10px\" height=\"10px\" viewBox=\"0 0 24 24\" version=\"1.2\" baseProfile=\"tiny\"><path d=\"M18.2 9.3l-6.2-6.3-6.2 6.3c-.2.2-.3.4-.3.7s.1.5.3.7c.2.2.4.3.7.3h11c.3 0 .5-.1.7-.3.2-.2.3-.5.3-.7s-.1-.5-.3-.7zM5.8 14.7l6.2 6.3 6.2-6.3c.2-.2.3-.5.3-.7s-.1-.5-.3-.7c-.2-.2-.4-.3-.7-.3h-11c-.3 0-.5.1-.7.3-.2.2-.3.5-.3.7s.1.5.3.7z\"\/><\/svg><\/span><\/span><\/span><\/a><\/span><\/div>\n<nav><ul class='ez-toc-list ez-toc-list-level-1 ' ><li class='ez-toc-page-1 ez-toc-heading-level-2'><a class=\"ez-toc-link ez-toc-heading-1\" href=\"https:\/\/www.euncet.com\/blog\/ca\/tecnologia-empresa-binomi-exit\/#La_evolucio_de_la_relacio_entre_tecnologia_i_empresa\" >La evoluci\u00f3 de la relaci\u00f3 entre tecnologia i empresa<\/a><\/li><li class='ez-toc-page-1 ez-toc-heading-level-2'><a class=\"ez-toc-link ez-toc-heading-2\" href=\"https:\/\/www.euncet.com\/blog\/ca\/tecnologia-empresa-binomi-exit\/#Pilars_fonamentals_de_la_integracio_tecnologica_empresarial\" >Pilars fonamentals de la integraci\u00f3 tecnol\u00f2gica empresarial<\/a><\/li><li class='ez-toc-page-1 ez-toc-heading-level-2'><a class=\"ez-toc-link ez-toc-heading-3\" href=\"https:\/\/www.euncet.com\/blog\/ca\/tecnologia-empresa-binomi-exit\/#Sectors_on_la_tecnologia_i_empresa_creen_major_impacte\" >Sectors on la tecnologia i empresa creen major impacte<\/a><\/li><li class='ez-toc-page-1 ez-toc-heading-level-2'><a class=\"ez-toc-link ez-toc-heading-4\" href=\"https:\/\/www.euncet.com\/blog\/ca\/tecnologia-empresa-binomi-exit\/#La_formacio_especialitzada_com_a_avantatge_competitiu\" >La formaci\u00f3 especialitzada com a avantatge competitiu<\/a><\/li><li class='ez-toc-page-1 ez-toc-heading-level-2'><a class=\"ez-toc-link ez-toc-heading-5\" href=\"https:\/\/www.euncet.com\/blog\/ca\/tecnologia-empresa-binomi-exit\/#El_Grau_en_Empresa_Innovacio_i_Tecnologia_com_a_resposta_formativa_integral\" >El Grau en Empresa, Innovaci\u00f3 i Tecnologia com a resposta formativa integral<\/a><\/li><li class='ez-toc-page-1 ez-toc-heading-level-2'><a class=\"ez-toc-link ez-toc-heading-6\" href=\"https:\/\/www.euncet.com\/blog\/ca\/tecnologia-empresa-binomi-exit\/#Competencies_professionals_per_liderar_la_transformacio_tecnologica\" >Compet\u00e8ncies professionals per liderar la transformaci\u00f3 tecnol\u00f2gica<\/a><\/li><li class='ez-toc-page-1 ez-toc-heading-level-2'><a class=\"ez-toc-link ez-toc-heading-7\" href=\"https:\/\/www.euncet.com\/blog\/ca\/tecnologia-empresa-binomi-exit\/#La_formacio_integral_com_a_clau_de_lexit_professional\" >La formaci\u00f3 integral com a clau de l\u2019\u00e8xit professional<\/a><\/li><\/ul><\/nav><\/div>\n\n\n\n\n<p>Des de startups disruptives fins a corporacions centen\u00e0ries, totes les organitzacions s\u2019enfronten al mateix repte: com aprofitar les eines tecnol\u00f2giques per crear valor, optimitzar processos i generar avantatges competitius duradors. Tanmateix, la mera adopci\u00f3 de tecnologia no garanteix l\u2019\u00e8xit. La clau est\u00e0 a desenvolupar una mentalitat que entengui la innovaci\u00f3 empresarial com un proc\u00e9s integral que transforma tant la cultura organitzacional com els models de negoci.<\/p>\n\n\n\n<h2 class=\"wp-block-heading\"><span class=\"ez-toc-section\" id=\"La_evolucio_de_la_relacio_entre_tecnologia_i_empresa\"><\/span>La evoluci\u00f3 de la relaci\u00f3 entre tecnologia i empresa<span class=\"ez-toc-section-end\"><\/span><\/h2>\n\n\n\n<p>La relaci\u00f3 entre tecnologia i empresa ha experimentat una transformaci\u00f3 radical en les \u00faltimes d\u00e8cades. Mentre que en el passat la tecnologia es considerava principalment una eina de suport operatiu, avui s\u2019ha convertit en el nucli estrat\u00e8gic de la majoria d\u2019organitzacions exitoses. Aquesta evoluci\u00f3 reflecteix un canvi fonamental en la manera d\u2019entendre el valor empresarial.<\/p>\n\n\n\n<p>En aquest sentit, les empreses m\u00e9s innovadores han deixat de veure la tecnologia com una despesa necess\u00e0ria per concebre-la com una inversi\u00f3 estrat\u00e8gica que impulsa el creixement. Aquesta perspectiva ha donat lloc a nous models de negoci, formes de treball m\u00e9s eficients i oportunitats de mercat que abans eren impensables. Per tant, la innovaci\u00f3 empresarial s\u2019ha convertit en una compet\u00e8ncia essencial per a qualsevol professional que aspiri a liderar organitzacions al segle XXI.<\/p>\n\n\n\n<p>Aquesta transformaci\u00f3 ha creat una demanda creixent de professionals capa\u00e7os d\u2019actuar com a ponts entre el m\u00f3n tecnol\u00f2gic i l\u2019empresarial. Els l\u00edders m\u00e9s efectius s\u00f3n aquells que comprenen tant les possibilitats t\u00e8cniques com les implicacions estrat\u00e8giques de les decisions tecnol\u00f2giques, desenvolupant una visi\u00f3 integral que optimitza tant l\u2019efici\u00e8ncia operativa com la creaci\u00f3 de valor a llarg termini.<\/p>\n\n\n\n<h2 class=\"wp-block-heading\"><span class=\"ez-toc-section\" id=\"Pilars_fonamentals_de_la_integracio_tecnologica_empresarial\"><\/span>Pilars fonamentals de la integraci\u00f3 tecnol\u00f2gica empresarial<span class=\"ez-toc-section-end\"><\/span><\/h2>\n\n\n\n<p>La integraci\u00f3 exitosa de tecnologia i empresa es sustenta en diversos pilars fonamentals que determinen l\u2019\u00e8xit o frac\u00e0s de les iniciatives de <a href=\"https:\/\/www.euncet.com\/blog\/ca\/transformacio-tecnologica\/\" data-type=\"post\" data-id=\"58407\" target=\"_blank\" rel=\"noreferrer noopener\">transformaci\u00f3 digital<\/a>. Aquests elements van m\u00e9s enll\u00e0 de la simple implementaci\u00f3 d\u2019eines i requereixen un enfocament sist\u00e8mic que consideri tant aspectes t\u00e8cnics com humans.<\/p>\n\n\n\n<p>El primer pilar \u00e9s la visi\u00f3 estrat\u00e8gica, que implica la capacitat d\u2019identificar oportunitats tecnol\u00f2giques que s\u2019aline\u00efn amb objectius empresarials espec\u00edfics. Aix\u00f2 requereix professionals que puguin avaluar el potencial de diferents tecnologies, anticipar el seu impacte en el mercat i dissenyar estrat\u00e8gies d\u2019implementaci\u00f3 que maximitzin el retorn de la inversi\u00f3 mentre minimitzen els riscos operatius.<\/p>\n\n\n\n<p>El segon pilar \u00e9s la <a href=\"https:\/\/www.euncet.com\/blog\/ca\/reptes-en-la-gestio-empresa-familiar-2\/\" data-type=\"post\" data-id=\"58594\" target=\"_blank\" rel=\"noreferrer noopener\">gesti\u00f3 del canvi<\/a>, fonamental per assegurar que les transformacions tecnol\u00f2giques es tradueixin en millores reals de productivitat i competitivitat. La innovaci\u00f3 empresarial m\u00e9s efectiva \u00e9s aquella que aconsegueix equilibrar l\u2019adopci\u00f3 de noves tecnologies amb la preservaci\u00f3 dels elements culturals i operatius que aporten valor a l\u2019organitzaci\u00f3.<\/p>\n\n\n\n<p>Finalment, el tercer pilar \u00e9s la sostenibilitat tecnol\u00f2gica, que implica desenvolupar capacitats internes per mantenir, actualitzar i evolucionar les solucions tecnol\u00f2giques de manera cont\u00ednua. Aix\u00f2 requereix una comprensi\u00f3 profunda tant de les tend\u00e8ncies tecnol\u00f2giques emergents com de les din\u00e0miques espec\u00edfiques del sector en qu\u00e8 opera l\u2019empresa.<\/p>\n\n\n\n<h3 class=\"wp-block-heading\">Compet\u00e8ncies clau per a la integraci\u00f3 tecnol\u00f2gica:<\/h3>\n\n\n\n<p>\u2022An\u00e0lisi estrat\u00e8gic de tecnologies emergents: Avaluaci\u00f3 del potencial disruptiu d\u2019innovacions com intel\u00b7lig\u00e8ncia artificial, <a href=\"https:\/\/es.wikipedia.org\/wiki\/Cadena_de_bloques\" target=\"_blank\" rel=\"noreferrer noopener\">blockchain <\/a>o l&#8217;Internet de les Coses.<\/p>\n\n\n\n<p>\u2022Disseny de processos digitals: Optimitzaci\u00f3 de fluxos de treball mitjan\u00e7ant automatitzaci\u00f3 intel\u00b7ligent i eines col\u00b7laboratives.<\/p>\n\n\n\n<p>\u2022Gesti\u00f3 de projectes tecnol\u00f2gics: Coordinaci\u00f3 d\u2019equips multidisciplinaris en implementacions complexes de sistemes empresarials.<\/p>\n\n\n\n<p>\u2022An\u00e0lisi de dades per a la presa de decisions: Transformaci\u00f3 d\u2019informaci\u00f3 en coneixement estrat\u00e8gic mitjan\u00e7ant eines de business intelligence.<\/p>\n\n\n\n<p>\u2022Lideratge de transformaci\u00f3 digital: Conducci\u00f3 de processos de canvi organitzacional que integrin tecnologia i cultura empresarial.<\/p>\n\n\n\n<h2 class=\"wp-block-heading\"><span class=\"ez-toc-section\" id=\"Sectors_on_la_tecnologia_i_empresa_creen_major_impacte\"><\/span>Sectors on la tecnologia i empresa creen major impacte<span class=\"ez-toc-section-end\"><\/span><\/h2>\n\n\n\n<p>La converg\u00e8ncia entre tecnologia i empresa est\u00e0 transformant pr\u00e0cticament tots els sectors econ\u00f2mics, encara que alguns experimenten canvis m\u00e9s profunds i accelerats. Per aix\u00f2, comprendre aquestes din\u00e0miques sectorials resulta fonamental per a professionals que busquen especialitzar-se en \u00e0rees amb major potencial de creixement i desenvolupament professional.<\/p>\n\n\n\n<p>En el sector financer, la innovaci\u00f3 empresarial ha donat lloc a nous models com les fintech, que combinen serveis financers tradicionals amb tecnologies disruptives. Aquestes organitzacions han demostrat com la integraci\u00f3 intel\u00b7ligent de tecnologia pot reduir costos, millorar l\u2019experi\u00e8ncia del client i crear productes financers m\u00e9s accessibles i personalitzats.<\/p>\n\n\n\n<p>El sector retail ha experimentat una transformaci\u00f3 similar, on la converg\u00e8ncia entre comer\u00e7 f\u00edsic i digital ha creat experi\u00e8ncies omnicanal que redefineixen la relaci\u00f3 entre marques i consumidors. Els professionals m\u00e9s exitosos en aquest \u00e0mbit s\u00f3n aquells que comprenen tant les possibilitats tecnol\u00f2giques com les din\u00e0miques del comportament del consumidor.<\/p>\n\n\n\n<p>En l\u2019\u00e0mbit de la salut, la integraci\u00f3 de tecnologia est\u00e0 revolucionant des de la recerca m\u00e8dica fins a l\u2019atenci\u00f3 al pacient. La telemedicina, els dispositius wearables i la medicina personalitzada basada en an\u00e0lisi de dades representen nom\u00e9s el comen\u00e7ament d\u2019una transformaci\u00f3 que requerir\u00e0 professionals capa\u00e7os de navegar entre regulacions complexes, consideracions \u00e8tiques i oportunitats tecnol\u00f2giques.<\/p>\n\n\n\n<p>El sector energ\u00e8tic tamb\u00e9 est\u00e0 experimentant canvis fonamentals, on la transici\u00f3 cap a energies renovables es combina amb tecnologies intel\u00b7ligents de gesti\u00f3 i distribuci\u00f3. Aquesta transformaci\u00f3 crea oportunitats per a professionals que puguin integrar sostenibilitat ambiental, viabilitat econ\u00f2mica i innovaci\u00f3 tecnol\u00f2gica en solucions empresarials coherents.<\/p>\n\n\n\n<h2 class=\"wp-block-heading\"><span class=\"ez-toc-section\" id=\"La_formacio_especialitzada_com_a_avantatge_competitiu\"><\/span>La formaci\u00f3 especialitzada com a avantatge competitiu<span class=\"ez-toc-section-end\"><\/span><\/h2>\n\n\n\n<p>La creixent import\u00e0ncia de la relaci\u00f3 entre tecnologia i empresa ha generat una demanda espec\u00edfica de formaci\u00f3 que combini compet\u00e8ncies empresarials tradicionals amb coneixements tecnol\u00f2gics avan\u00e7ats. Aix\u00ed, estudiar ADE i tecnologia s\u2019ha convertit en una opci\u00f3 estrat\u00e8gica per a professionals que busquen posicionar-se en la intersecci\u00f3 d\u2019aquests dos mons.<\/p>\n\n\n\n<p>Els programes formatius m\u00e9s efectius s\u00f3n aquells que van m\u00e9s enll\u00e0 d\u2019ensenyar eines tecnol\u00f2giques espec\u00edfiques per desenvolupar una comprensi\u00f3 sist\u00e8mica de com la tecnologia pot transformar models de negoci, processos operatius i estrat\u00e8gies competitives. Aquesta aproximaci\u00f3 integral prepara els estudiants per a rols de lideratge en organitzacions que requereixen tant visi\u00f3 empresarial com compet\u00e8ncia tecnol\u00f2gica.<\/p>\n\n\n\n<p>La formaci\u00f3 en aquesta \u00e0rea ha d\u2019abordar tant aspectes t\u00e8cnics com de gesti\u00f3, incloent an\u00e0lisi de dades, gesti\u00f3 de projectes tecnol\u00f2gics, avaluaci\u00f3 d\u2019inversions en innovaci\u00f3 i lideratge d\u2019equips multidisciplinaris. A m\u00e9s, resulta fonamental desenvolupar habilitats de comunicaci\u00f3 que permetin traduir conceptes t\u00e8cnics complexos en termes empresarials comprensibles per a diferents audi\u00e8ncies organitzacionals.<\/p>\n\n\n\n<p>Els estudiants que trien cursar ADE i tecnologia desenvolupen una perspectiva \u00fanica que els permet identificar oportunitats de millora, avaluar solucions tecnol\u00f2giques des d\u2019una perspectiva de negoci i liderar processos de transformaci\u00f3 que generin valor real per a les organitzacions. Aquesta combinaci\u00f3 de compet\u00e8ncies resulta especialment valuosa en un mercat laboral que premia la versatilitat i la capacitat d\u2019adaptaci\u00f3.<\/p>\n\n\n\n<figure class=\"wp-block-table\"><table><tbody><tr><td>\u00c0rea de compet\u00e8ncia<\/td><td>Aplicaci\u00f3 empresarial<\/td><td>Impacte en l\u2019organitzaci\u00f3<\/td><\/tr><tr><td>An\u00e0lisi de dades estrat\u00e8gics<\/td><td>Business intelligence i presa de decisions<\/td><td>Optimitzaci\u00f3 de processos i identificaci\u00f3 d\u2019oportunitats<\/td><\/tr><tr><td>Gesti\u00f3 de projectes tecnol\u00f2gics<\/td><td>Implementaci\u00f3 de sistemes empresarials<\/td><td>Millora d\u2019efici\u00e8ncia operativa i competitivitat<\/td><\/tr><tr><td>Innovaci\u00f3 i emprenedoria digital<\/td><td>Desenvolupament de nous models de negoci<\/td><td>Creaci\u00f3 d\u2019avantatges competitius sostenibles<\/td><\/tr><tr><td>Lideratge de transformaci\u00f3 digital<\/td><td>Gesti\u00f3 del canvi organitzacional<\/td><td>Adaptaci\u00f3 exitosa a entorns digitals<\/td><\/tr><\/tbody><\/table><\/figure>\n\n\n\n<h2 class=\"wp-block-heading\"><span class=\"ez-toc-section\" id=\"El_Grau_en_Empresa_Innovacio_i_Tecnologia_com_a_resposta_formativa_integral\"><\/span>El Grau en Empresa, Innovaci\u00f3 i Tecnologia com a resposta formativa integral<span class=\"ez-toc-section-end\"><\/span><\/h2>\n\n\n\n<p>La necessitat de professionals que dominin la integraci\u00f3 entre tecnologia i empresa ha donat lloc a programes formatius especialitzats que aborden aquesta converg\u00e8ncia de manera sistem\u00e0tica. Per aix\u00f2, estudiar un Grau en Empresa, Innovaci\u00f3 i Tecnologia representa una resposta educativa que combina rigor acad\u00e8mic amb aplicaci\u00f3 pr\u00e0ctica, preparant els estudiants per liderar la transformaci\u00f3 organitzacional en l\u2019era digital.<\/p>\n\n\n\n<p>Aquest tipus de formaci\u00f3 es caracteritza pel seu enfocament multidisciplinari, que integra coneixements de gesti\u00f3 empresarial, tecnologia, innovaci\u00f3 i lideratge en un programa coherent que reflecteix la complexitat de l\u2019entorn professional actual. Els estudiants desenvolupen tant compet\u00e8ncies t\u00e8cniques espec\u00edfiques com habilitats de gesti\u00f3 que els permeten actuar com a catalitzadors de la innovaci\u00f3 empresarial en diferents contextos organitzacionals.<\/p>\n\n\n\n<p>La metodologia formativa m\u00e9s efectiva combina teoria avan\u00e7ada amb projectes pr\u00e0ctics que simulen desafiaments reals del m\u00f3n empresarial. Aquesta aproximaci\u00f3 permet als estudiants experimentar amb diferents tecnologies, avaluar el seu potencial d\u2019aplicaci\u00f3 i desenvolupar estrat\u00e8gies d\u2019implementaci\u00f3 que considerin tant aspectes t\u00e8cnics com organitzacionals.<\/p>\n\n\n\n<p>A m\u00e9s, els programes m\u00e9s innovadors inclouen oportunitats de col\u00b7laboraci\u00f3 amb empreses reals, permetent als estudiants aplicar els seus coneixements en contextos professionals mentre desenvolupen xarxes de contactes que facilitin la seva <a href=\"https:\/\/www.euncet.com\/blog\/ca\/master-amb-mes-sortides\/\" data-type=\"post\" data-id=\"65061\" target=\"_blank\" rel=\"noreferrer noopener\">inserci\u00f3 laboral<\/a>. Aquesta connexi\u00f3 directa amb el m\u00f3n empresarial assegura que la formaci\u00f3 es mantingui actualitzada i rellevant per a les necessitats del mercat laboral.<\/p>\n\n\n\n<h3 class=\"wp-block-heading\">Avantatges de l\u2019enfocament integral en formaci\u00f3 tecnol\u00f2gic-empresarial:<\/h3>\n\n\n\n<p>\u2022Visi\u00f3 sist\u00e8mica: Comprensi\u00f3 de com la tecnologia impacta en tots els aspectes de l\u2019organitzaci\u00f3, des d\u2019operacions fins a estrat\u00e8gia.<\/p>\n\n\n\n<p>\u2022Versatilitat professional: Capacitat de treballar en diferents sectors i rols, des de consultoria fins a emprenedoria tecnol\u00f2gica.<\/p>\n\n\n\n<p>\u2022Lideratge adaptatiu: Habilitats per dirigir equips diversos en entorns de canvi constant i alta incertesa.<\/p>\n\n\n\n<p>\u2022Pensament innovador: Metodologies per identificar oportunitats de millora i desenvolupar solucions creatives a problemes complexos.<\/p>\n\n\n\n<p>\u2022Comunicaci\u00f3 efectiva: Capacitat de traduir conceptes t\u00e8cnics en termes empresarials i viceversa.<\/p>\n\n\n\n<h2 class=\"wp-block-heading\"><span class=\"ez-toc-section\" id=\"Competencies_professionals_per_liderar_la_transformacio_tecnologica\"><\/span>Compet\u00e8ncies professionals per liderar la transformaci\u00f3 tecnol\u00f2gica<span class=\"ez-toc-section-end\"><\/span><\/h2>\n\n\n\n<p>L\u2019\u00e8xit en la integraci\u00f3 de tecnologia i empresa requereix el desenvolupament de compet\u00e8ncies espec\u00edfiques que van m\u00e9s enll\u00e0 del coneixement t\u00e8cnic tradicional. En aquest sentit, els professionals m\u00e9s efectius s\u00f3n aquells que combinen expertise tecnol\u00f2gic amb habilitats de lideratge, comunicaci\u00f3 i pensament estrat\u00e8gic, creant un perfil integral que resulta especialment valu\u00f3s en organitzacions complexes.<\/p>\n\n\n\n<p>La compet\u00e8ncia m\u00e9s fonamental \u00e9s l\u2019alfabetitzaci\u00f3 digital estrat\u00e8gica, que implica no nom\u00e9s saber usar tecnologies espec\u00edfiques, sin\u00f3 comprendre el seu potencial transformador i les seves limitacions en contextos empresarials espec\u00edfics. Aquesta habilitat permet avaluar oportunitats tecnol\u00f2giques, anticipar riscos i dissenyar estrat\u00e8gies d\u2019implementaci\u00f3 que maximitzin el valor empresarial.<\/p>\n\n\n\n<p>Igualment important \u00e9s la gesti\u00f3 de la innovaci\u00f3, que inclou metodologies per fomentar la creativitat organitzacional, avaluar idees innovadores i gestionar portfolios de projectes tecnol\u00f2gics amb diferents nivells de risc i potencial de retorn. Aquesta compet\u00e8ncia resulta especialment valuosa en entorns on la velocitat de canvi requereix decisions r\u00e0pides per\u00f2 informades.<\/p>\n\n\n\n<p>La comunicaci\u00f3 t\u00e8cnic-empresarial representa una altra compet\u00e8ncia cr\u00edtica, ja que els l\u00edders tecnol\u00f2gics han de ser capa\u00e7os d\u2019explicar conceptes complexos a audi\u00e8ncies diverses, des d\u2019equips t\u00e8cnics fins a consells d\u2019administraci\u00f3. Aquesta habilitat facilita l\u2019alineaci\u00f3 organitzacional i assegura que les iniciatives tecnol\u00f2giques comptin amb el suport necessari per a la seva implementaci\u00f3 exitosa.<\/p>\n\n\n\n<p>Finalment, el pensament sist\u00e8mic permet comprendre com les decisions tecnol\u00f2giques impacten en diferents aspectes de l\u2019organitzaci\u00f3, des de processos operatius fins a cultura corporativa. Aquesta perspectiva integral resulta fonamental per evitar solucions tecnol\u00f2giques que optimitzin \u00e0rees espec\u00edfiques a costa de l\u2019efici\u00e8ncia global de l\u2019organitzaci\u00f3.<\/p>\n\n\n\n<h2 class=\"wp-block-heading\"><span class=\"ez-toc-section\" id=\"La_formacio_integral_com_a_clau_de_lexit_professional\"><\/span>La formaci\u00f3 integral com a clau de l\u2019\u00e8xit professional<span class=\"ez-toc-section-end\"><\/span><\/h2>\n\n\n\n<p>En un context on l\u2019especialitzaci\u00f3 t\u00e8cnica ha de complementar-se amb compet\u00e8ncies de lideratge, comunicaci\u00f3 i pensament estrat\u00e8gic, la formaci\u00f3 universit\u00e0ria m\u00e9s efectiva adopta enfocaments integrals que preparen els estudiants per a la complexitat de l\u2019entorn professional on convergeixen tecnologia i empresa.<\/p>\n\n\n\n<p>El <a href=\"https:\/\/www.euncet.com\/ca\/graus\/grau-empresa-innovacio-i-tecnologia\/\" target=\"_blank\" rel=\"noreferrer noopener\">Grau en Empresa, Innovaci\u00f3 i Tecnologia<\/a> d\u2019Euncet Business School exemplifica aquest enfocament integral, combinant rigor acad\u00e8mic amb aplicaci\u00f3 pr\u00e0ctica en un programa que prepara els estudiants per liderar la transformaci\u00f3 organitzacional en l\u2019era digital. Amb un sistema de mencions que permet especialitzaci\u00f3 en Finances, Emprenedoria o Anal\u00edtica de Negoci, aquest programa ofereix la flexibilitat necess\u00e0ria per adaptar la formaci\u00f3 a objectius professionals espec\u00edfics.<\/p>\n\n\n\n<p>La metodologia educativa que combina teoria avan\u00e7ada amb projectes pr\u00e0ctics, complementada per oportunitats de mobilitat internacional amb m\u00e9s de 34 universitats associades, crea un entorn formatiu que prepara els graduats per destacar en les professions que lideren la converg\u00e8ncia entre innovaci\u00f3 empresarial i desenvolupament tecnol\u00f2gic. Aquesta aproximaci\u00f3 reconeix que l\u2019\u00e8xit professional requereix tant profunditat t\u00e8cnica com amplitud de perspectiva, tant compet\u00e8ncies anal\u00edtiques com habilitats relacionals.<\/p>\n","protected":false},"excerpt":{"rendered":"<p>Les empreses que lideren els seus sectors tenen alguna cosa en com\u00fa: han compr\u00e8s que la superviv\u00e8ncia empresarial ja no dep\u00e8n \u00fanicament de productes excel\u00b7lents o estrat\u00e8gies brillants. Actualment, el factor diferencial rau en la capacitat d\u2019integrar tecnologia i empresa de manera estrat\u00e8gica i sostenible. Aquesta converg\u00e8ncia no \u00e9s una tend\u00e8ncia passatgera, sin\u00f3 una realitat [&hellip;]<\/p>\n","protected":false},"author":30,"featured_media":65928,"comment_status":"open","ping_status":"open","sticky":false,"template":"","format":"standard","meta":{"_acf_changed":false,"footnotes":""},"categories":[295,454],"tags":[],"class_list":["post-65930","post","type-post","status-publish","format-standard","has-post-thumbnail","hentry","category-innovacion-y-tecnologia","category-marqueting-comunicacio-i-vendes"],"acf":[],"yoast_head":"<!-- This site is optimized with the Yoast SEO plugin v27.4 - https:\/\/yoast.com\/product\/yoast-seo-wordpress\/ -->\n<title>Tecnologia i empresa: el binomi de l&#039;\u00e8xit actual - Euncet Business School<\/title>\n<meta name=\"robots\" content=\"index, follow, max-snippet:-1, max-image-preview:large, max-video-preview:-1\" \/>\n<link rel=\"canonical\" href=\"https:\/\/www.euncet.com\/blog\/ca\/tecnologia-empresa-binomi-exit\/\" \/>\n<meta property=\"og:locale\" content=\"ca_ES\" \/>\n<meta property=\"og:type\" content=\"article\" \/>\n<meta property=\"og:title\" content=\"Tecnologia i empresa: el binomi de l&#039;\u00e8xit actual - Euncet Business School\" \/>\n<meta property=\"og:description\" content=\"Les empreses que lideren els seus sectors tenen alguna cosa en com\u00fa: han compr\u00e8s que la superviv\u00e8ncia empresarial ja no dep\u00e8n \u00fanicament de productes excel\u00b7lents o estrat\u00e8gies brillants. Actualment, el factor diferencial rau en la capacitat d\u2019integrar tecnologia i empresa de manera estrat\u00e8gica i sostenible. Aquesta converg\u00e8ncia no \u00e9s una tend\u00e8ncia passatgera, sin\u00f3 una realitat [&hellip;]\" \/>\n<meta property=\"og:url\" content=\"https:\/\/www.euncet.com\/blog\/ca\/tecnologia-empresa-binomi-exit\/\" \/>\n<meta property=\"og:site_name\" content=\"Euncet Business School\" \/>\n<meta property=\"article:publisher\" content=\"https:\/\/www.facebook.com\/euncet\" \/>\n<meta property=\"article:published_time\" content=\"2025-10-29T12:12:30+00:00\" \/>\n<meta property=\"article:modified_time\" content=\"2025-10-29T12:12:31+00:00\" \/>\n<meta property=\"og:image\" content=\"https:\/\/www.euncet.com\/blog\/wp-content\/uploads\/2025\/10\/tecnologia-empresa-binomio-exito-actual-1059.jpg\" \/>\n\t<meta property=\"og:image:width\" content=\"1000\" \/>\n\t<meta property=\"og:image:height\" content=\"667\" \/>\n\t<meta property=\"og:image:type\" content=\"image\/jpeg\" \/>\n<meta name=\"author\" content=\"Redacci\u00f3n\" \/>\n<meta name=\"twitter:card\" content=\"summary_large_image\" \/>\n<meta name=\"twitter:creator\" content=\"@euncet\" \/>\n<meta name=\"twitter:site\" content=\"@euncet\" \/>\n<meta name=\"twitter:label1\" content=\"Escrit per\" \/>\n\t<meta name=\"twitter:data1\" content=\"Redacci\u00f3n\" \/>\n\t<meta name=\"twitter:label2\" content=\"Temps estimat de lectura\" \/>\n\t<meta name=\"twitter:data2\" content=\"9 minuts\" \/>\n<script type=\"application\/ld+json\" class=\"yoast-schema-graph\">{\"@context\":\"https:\\\/\\\/schema.org\",\"@graph\":[{\"@type\":\"Article\",\"@id\":\"https:\\\/\\\/www.euncet.com\\\/blog\\\/ca\\\/tecnologia-empresa-binomi-exit\\\/#article\",\"isPartOf\":{\"@id\":\"https:\\\/\\\/www.euncet.com\\\/blog\\\/ca\\\/tecnologia-empresa-binomi-exit\\\/\"},\"author\":{\"name\":\"Redacci\u00f3n\",\"@id\":\"https:\\\/\\\/www.euncet.com\\\/blog\\\/ca\\\/#\\\/schema\\\/person\\\/08b0ae2abbe84c2d346311267c70a538\"},\"headline\":\"Tecnologia i empresa: el binomi de l&#8217;\u00e8xit actual\",\"datePublished\":\"2025-10-29T12:12:30+00:00\",\"dateModified\":\"2025-10-29T12:12:31+00:00\",\"mainEntityOfPage\":{\"@id\":\"https:\\\/\\\/www.euncet.com\\\/blog\\\/ca\\\/tecnologia-empresa-binomi-exit\\\/\"},\"wordCount\":2166,\"commentCount\":0,\"image\":{\"@id\":\"https:\\\/\\\/www.euncet.com\\\/blog\\\/ca\\\/tecnologia-empresa-binomi-exit\\\/#primaryimage\"},\"thumbnailUrl\":\"https:\\\/\\\/www.euncet.com\\\/blog\\\/wp-content\\\/uploads\\\/2025\\\/10\\\/tecnologia-empresa-binomio-exito-actual-1059.jpg\",\"articleSection\":[\"Innovaci\u00f3n y Tecnolog\u00eda\",\"M\u00e0rqueting, Comunicaci\u00f3 i Vendes\"],\"inLanguage\":\"ca\",\"potentialAction\":[{\"@type\":\"CommentAction\",\"name\":\"Comment\",\"target\":[\"https:\\\/\\\/www.euncet.com\\\/blog\\\/ca\\\/tecnologia-empresa-binomi-exit\\\/#respond\"]}]},{\"@type\":\"WebPage\",\"@id\":\"https:\\\/\\\/www.euncet.com\\\/blog\\\/ca\\\/tecnologia-empresa-binomi-exit\\\/\",\"url\":\"https:\\\/\\\/www.euncet.com\\\/blog\\\/ca\\\/tecnologia-empresa-binomi-exit\\\/\",\"name\":\"Tecnologia i empresa: el binomi de l'\u00e8xit actual - Euncet Business School\",\"isPartOf\":{\"@id\":\"https:\\\/\\\/www.euncet.com\\\/blog\\\/ca\\\/#website\"},\"primaryImageOfPage\":{\"@id\":\"https:\\\/\\\/www.euncet.com\\\/blog\\\/ca\\\/tecnologia-empresa-binomi-exit\\\/#primaryimage\"},\"image\":{\"@id\":\"https:\\\/\\\/www.euncet.com\\\/blog\\\/ca\\\/tecnologia-empresa-binomi-exit\\\/#primaryimage\"},\"thumbnailUrl\":\"https:\\\/\\\/www.euncet.com\\\/blog\\\/wp-content\\\/uploads\\\/2025\\\/10\\\/tecnologia-empresa-binomio-exito-actual-1059.jpg\",\"datePublished\":\"2025-10-29T12:12:30+00:00\",\"dateModified\":\"2025-10-29T12:12:31+00:00\",\"author\":{\"@id\":\"https:\\\/\\\/www.euncet.com\\\/blog\\\/ca\\\/#\\\/schema\\\/person\\\/08b0ae2abbe84c2d346311267c70a538\"},\"breadcrumb\":{\"@id\":\"https:\\\/\\\/www.euncet.com\\\/blog\\\/ca\\\/tecnologia-empresa-binomi-exit\\\/#breadcrumb\"},\"inLanguage\":\"ca\",\"potentialAction\":[{\"@type\":\"ReadAction\",\"target\":[\"https:\\\/\\\/www.euncet.com\\\/blog\\\/ca\\\/tecnologia-empresa-binomi-exit\\\/\"]}]},{\"@type\":\"ImageObject\",\"inLanguage\":\"ca\",\"@id\":\"https:\\\/\\\/www.euncet.com\\\/blog\\\/ca\\\/tecnologia-empresa-binomi-exit\\\/#primaryimage\",\"url\":\"https:\\\/\\\/www.euncet.com\\\/blog\\\/wp-content\\\/uploads\\\/2025\\\/10\\\/tecnologia-empresa-binomio-exito-actual-1059.jpg\",\"contentUrl\":\"https:\\\/\\\/www.euncet.com\\\/blog\\\/wp-content\\\/uploads\\\/2025\\\/10\\\/tecnologia-empresa-binomio-exito-actual-1059.jpg\",\"width\":1000,\"height\":667},{\"@type\":\"BreadcrumbList\",\"@id\":\"https:\\\/\\\/www.euncet.com\\\/blog\\\/ca\\\/tecnologia-empresa-binomi-exit\\\/#breadcrumb\",\"itemListElement\":[{\"@type\":\"ListItem\",\"position\":1,\"name\":\"Portada\",\"item\":\"https:\\\/\\\/www.euncet.com\\\/blog\\\/ca\\\/\"},{\"@type\":\"ListItem\",\"position\":2,\"name\":\"Tecnologia i empresa: el binomi de l&#8217;\u00e8xit actual\"}]},{\"@type\":\"WebSite\",\"@id\":\"https:\\\/\\\/www.euncet.com\\\/blog\\\/ca\\\/#website\",\"url\":\"https:\\\/\\\/www.euncet.com\\\/blog\\\/ca\\\/\",\"name\":\"Euncet Business School\",\"description\":\"Escuela de negocios\",\"potentialAction\":[{\"@type\":\"SearchAction\",\"target\":{\"@type\":\"EntryPoint\",\"urlTemplate\":\"https:\\\/\\\/www.euncet.com\\\/blog\\\/ca\\\/?s={search_term_string}\"},\"query-input\":{\"@type\":\"PropertyValueSpecification\",\"valueRequired\":true,\"valueName\":\"search_term_string\"}}],\"inLanguage\":\"ca\"},{\"@type\":\"Person\",\"@id\":\"https:\\\/\\\/www.euncet.com\\\/blog\\\/ca\\\/#\\\/schema\\\/person\\\/08b0ae2abbe84c2d346311267c70a538\",\"name\":\"Redacci\u00f3n\",\"image\":{\"@type\":\"ImageObject\",\"inLanguage\":\"ca\",\"@id\":\"https:\\\/\\\/secure.gravatar.com\\\/avatar\\\/45c73eb9ea98c8640eeb2d358c31bf3843d35edd410e2e957b4cb6ed17c34192?s=96&d=mm&r=g\",\"url\":\"https:\\\/\\\/secure.gravatar.com\\\/avatar\\\/45c73eb9ea98c8640eeb2d358c31bf3843d35edd410e2e957b4cb6ed17c34192?s=96&d=mm&r=g\",\"contentUrl\":\"https:\\\/\\\/secure.gravatar.com\\\/avatar\\\/45c73eb9ea98c8640eeb2d358c31bf3843d35edd410e2e957b4cb6ed17c34192?s=96&d=mm&r=g\",\"caption\":\"Redacci\u00f3n\"},\"url\":\"https:\\\/\\\/www.euncet.com\\\/blog\\\/ca\\\/author\\\/redaccion\\\/\"}]}<\/script>\n<!-- \/ Yoast SEO plugin. -->","yoast_head_json":{"title":"Tecnologia i empresa: el binomi de l'\u00e8xit actual - Euncet Business School","robots":{"index":"index","follow":"follow","max-snippet":"max-snippet:-1","max-image-preview":"max-image-preview:large","max-video-preview":"max-video-preview:-1"},"canonical":"https:\/\/www.euncet.com\/blog\/ca\/tecnologia-empresa-binomi-exit\/","og_locale":"ca_ES","og_type":"article","og_title":"Tecnologia i empresa: el binomi de l'\u00e8xit actual - Euncet Business School","og_description":"Les empreses que lideren els seus sectors tenen alguna cosa en com\u00fa: han compr\u00e8s que la superviv\u00e8ncia empresarial ja no dep\u00e8n \u00fanicament de productes excel\u00b7lents o estrat\u00e8gies brillants. Actualment, el factor diferencial rau en la capacitat d\u2019integrar tecnologia i empresa de manera estrat\u00e8gica i sostenible. Aquesta converg\u00e8ncia no \u00e9s una tend\u00e8ncia passatgera, sin\u00f3 una realitat [&hellip;]","og_url":"https:\/\/www.euncet.com\/blog\/ca\/tecnologia-empresa-binomi-exit\/","og_site_name":"Euncet Business School","article_publisher":"https:\/\/www.facebook.com\/euncet","article_published_time":"2025-10-29T12:12:30+00:00","article_modified_time":"2025-10-29T12:12:31+00:00","og_image":[{"width":1000,"height":667,"url":"https:\/\/www.euncet.com\/blog\/wp-content\/uploads\/2025\/10\/tecnologia-empresa-binomio-exito-actual-1059.jpg","type":"image\/jpeg"}],"author":"Redacci\u00f3n","twitter_card":"summary_large_image","twitter_creator":"@euncet","twitter_site":"@euncet","twitter_misc":{"Escrit per":"Redacci\u00f3n","Temps estimat de lectura":"9 minuts"},"schema":{"@context":"https:\/\/schema.org","@graph":[{"@type":"Article","@id":"https:\/\/www.euncet.com\/blog\/ca\/tecnologia-empresa-binomi-exit\/#article","isPartOf":{"@id":"https:\/\/www.euncet.com\/blog\/ca\/tecnologia-empresa-binomi-exit\/"},"author":{"name":"Redacci\u00f3n","@id":"https:\/\/www.euncet.com\/blog\/ca\/#\/schema\/person\/08b0ae2abbe84c2d346311267c70a538"},"headline":"Tecnologia i empresa: el binomi de l&#8217;\u00e8xit actual","datePublished":"2025-10-29T12:12:30+00:00","dateModified":"2025-10-29T12:12:31+00:00","mainEntityOfPage":{"@id":"https:\/\/www.euncet.com\/blog\/ca\/tecnologia-empresa-binomi-exit\/"},"wordCount":2166,"commentCount":0,"image":{"@id":"https:\/\/www.euncet.com\/blog\/ca\/tecnologia-empresa-binomi-exit\/#primaryimage"},"thumbnailUrl":"https:\/\/www.euncet.com\/blog\/wp-content\/uploads\/2025\/10\/tecnologia-empresa-binomio-exito-actual-1059.jpg","articleSection":["Innovaci\u00f3n y Tecnolog\u00eda","M\u00e0rqueting, Comunicaci\u00f3 i Vendes"],"inLanguage":"ca","potentialAction":[{"@type":"CommentAction","name":"Comment","target":["https:\/\/www.euncet.com\/blog\/ca\/tecnologia-empresa-binomi-exit\/#respond"]}]},{"@type":"WebPage","@id":"https:\/\/www.euncet.com\/blog\/ca\/tecnologia-empresa-binomi-exit\/","url":"https:\/\/www.euncet.com\/blog\/ca\/tecnologia-empresa-binomi-exit\/","name":"Tecnologia i empresa: el binomi de l'\u00e8xit actual - Euncet Business School","isPartOf":{"@id":"https:\/\/www.euncet.com\/blog\/ca\/#website"},"primaryImageOfPage":{"@id":"https:\/\/www.euncet.com\/blog\/ca\/tecnologia-empresa-binomi-exit\/#primaryimage"},"image":{"@id":"https:\/\/www.euncet.com\/blog\/ca\/tecnologia-empresa-binomi-exit\/#primaryimage"},"thumbnailUrl":"https:\/\/www.euncet.com\/blog\/wp-content\/uploads\/2025\/10\/tecnologia-empresa-binomio-exito-actual-1059.jpg","datePublished":"2025-10-29T12:12:30+00:00","dateModified":"2025-10-29T12:12:31+00:00","author":{"@id":"https:\/\/www.euncet.com\/blog\/ca\/#\/schema\/person\/08b0ae2abbe84c2d346311267c70a538"},"breadcrumb":{"@id":"https:\/\/www.euncet.com\/blog\/ca\/tecnologia-empresa-binomi-exit\/#breadcrumb"},"inLanguage":"ca","potentialAction":[{"@type":"ReadAction","target":["https:\/\/www.euncet.com\/blog\/ca\/tecnologia-empresa-binomi-exit\/"]}]},{"@type":"ImageObject","inLanguage":"ca","@id":"https:\/\/www.euncet.com\/blog\/ca\/tecnologia-empresa-binomi-exit\/#primaryimage","url":"https:\/\/www.euncet.com\/blog\/wp-content\/uploads\/2025\/10\/tecnologia-empresa-binomio-exito-actual-1059.jpg","contentUrl":"https:\/\/www.euncet.com\/blog\/wp-content\/uploads\/2025\/10\/tecnologia-empresa-binomio-exito-actual-1059.jpg","width":1000,"height":667},{"@type":"BreadcrumbList","@id":"https:\/\/www.euncet.com\/blog\/ca\/tecnologia-empresa-binomi-exit\/#breadcrumb","itemListElement":[{"@type":"ListItem","position":1,"name":"Portada","item":"https:\/\/www.euncet.com\/blog\/ca\/"},{"@type":"ListItem","position":2,"name":"Tecnologia i empresa: el binomi de l&#8217;\u00e8xit actual"}]},{"@type":"WebSite","@id":"https:\/\/www.euncet.com\/blog\/ca\/#website","url":"https:\/\/www.euncet.com\/blog\/ca\/","name":"Euncet Business School","description":"Escuela de negocios","potentialAction":[{"@type":"SearchAction","target":{"@type":"EntryPoint","urlTemplate":"https:\/\/www.euncet.com\/blog\/ca\/?s={search_term_string}"},"query-input":{"@type":"PropertyValueSpecification","valueRequired":true,"valueName":"search_term_string"}}],"inLanguage":"ca"},{"@type":"Person","@id":"https:\/\/www.euncet.com\/blog\/ca\/#\/schema\/person\/08b0ae2abbe84c2d346311267c70a538","name":"Redacci\u00f3n","image":{"@type":"ImageObject","inLanguage":"ca","@id":"https:\/\/secure.gravatar.com\/avatar\/45c73eb9ea98c8640eeb2d358c31bf3843d35edd410e2e957b4cb6ed17c34192?s=96&d=mm&r=g","url":"https:\/\/secure.gravatar.com\/avatar\/45c73eb9ea98c8640eeb2d358c31bf3843d35edd410e2e957b4cb6ed17c34192?s=96&d=mm&r=g","contentUrl":"https:\/\/secure.gravatar.com\/avatar\/45c73eb9ea98c8640eeb2d358c31bf3843d35edd410e2e957b4cb6ed17c34192?s=96&d=mm&r=g","caption":"Redacci\u00f3n"},"url":"https:\/\/www.euncet.com\/blog\/ca\/author\/redaccion\/"}]}},"_links":{"self":[{"href":"https:\/\/www.euncet.com\/blog\/ca\/wp-json\/wp\/v2\/posts\/65930","targetHints":{"allow":["GET"]}}],"collection":[{"href":"https:\/\/www.euncet.com\/blog\/ca\/wp-json\/wp\/v2\/posts"}],"about":[{"href":"https:\/\/www.euncet.com\/blog\/ca\/wp-json\/wp\/v2\/types\/post"}],"author":[{"embeddable":true,"href":"https:\/\/www.euncet.com\/blog\/ca\/wp-json\/wp\/v2\/users\/30"}],"replies":[{"embeddable":true,"href":"https:\/\/www.euncet.com\/blog\/ca\/wp-json\/wp\/v2\/comments?post=65930"}],"version-history":[{"count":1,"href":"https:\/\/www.euncet.com\/blog\/ca\/wp-json\/wp\/v2\/posts\/65930\/revisions"}],"predecessor-version":[{"id":65931,"href":"https:\/\/www.euncet.com\/blog\/ca\/wp-json\/wp\/v2\/posts\/65930\/revisions\/65931"}],"wp:featuredmedia":[{"embeddable":true,"href":"https:\/\/www.euncet.com\/blog\/ca\/wp-json\/wp\/v2\/media\/65928"}],"wp:attachment":[{"href":"https:\/\/www.euncet.com\/blog\/ca\/wp-json\/wp\/v2\/media?parent=65930"}],"wp:term":[{"taxonomy":"category","embeddable":true,"href":"https:\/\/www.euncet.com\/blog\/ca\/wp-json\/wp\/v2\/categories?post=65930"},{"taxonomy":"post_tag","embeddable":true,"href":"https:\/\/www.euncet.com\/blog\/ca\/wp-json\/wp\/v2\/tags?post=65930"}],"curies":[{"name":"wp","href":"https:\/\/api.w.org\/{rel}","templated":true}]}}