{"id":65998,"date":"2025-10-30T15:32:52","date_gmt":"2025-10-30T14:32:52","guid":{"rendered":"https:\/\/www.euncet.com\/blog\/?p=65998"},"modified":"2026-01-21T09:44:23","modified_gmt":"2026-01-21T08:44:23","slug":"storytelling-corporatiu-construir-narratives-connecten-audiencia","status":"publish","type":"post","link":"https:\/\/www.euncet.com\/blog\/ca\/storytelling-corporatiu-construir-narratives-connecten-audiencia\/","title":{"rendered":"Storytelling corporatiu: com construir narratives que connecten amb la teva audi\u00e8ncia"},"content":{"rendered":"\n<p>En un mercat saturat de dades, publicitat i missatges corporatius, l&#8217;atenci\u00f3 de l&#8217;audi\u00e8ncia s&#8217;ha convertit en l&#8217;actiu m\u00e9s valu\u00f3s. Les empreses que aconsegueixen capturar-la i, m\u00e9s important encara, retenir-la, no ho fan bombardejant amb caracter\u00edstiques i beneficis, sin\u00f3 teixint narratives empresarials que ressonen a un nivell m\u00e9s profund. El\u00a0storytelling corporatiu\u00a0ha deixat de ser una t\u00e0ctica de m\u00e0rqueting per convertir-se en una compet\u00e8ncia estrat\u00e8gica fonamental.<\/p><div id=\"ez-toc-container\" class=\"ez-toc-v2_0_82_2 counter-hierarchy ez-toc-counter ez-toc-custom ez-toc-container-direction\">\n<div class=\"ez-toc-title-container\">\n<p class=\"ez-toc-title\" style=\"cursor:inherit\">\u00cdNDEX DE CONTINGUTS<\/p>\n<span class=\"ez-toc-title-toggle\"><a href=\"#\" class=\"ez-toc-pull-right ez-toc-btn ez-toc-btn-xs ez-toc-btn-default ez-toc-toggle\" aria-label=\"Toggle Table of Content\"><span class=\"ez-toc-js-icon-con\"><span class=\"\"><span class=\"eztoc-hide\" style=\"display:none;\">Toggle<\/span><span class=\"ez-toc-icon-toggle-span\"><svg style=\"fill: #222222;color:#222222\" xmlns=\"http:\/\/www.w3.org\/2000\/svg\" class=\"list-377408\" width=\"20px\" height=\"20px\" viewBox=\"0 0 24 24\" fill=\"none\"><path d=\"M6 6H4v2h2V6zm14 0H8v2h12V6zM4 11h2v2H4v-2zm16 0H8v2h12v-2zM4 16h2v2H4v-2zm16 0H8v2h12v-2z\" fill=\"currentColor\"><\/path><\/svg><svg style=\"fill: #222222;color:#222222\" class=\"arrow-unsorted-368013\" xmlns=\"http:\/\/www.w3.org\/2000\/svg\" width=\"10px\" height=\"10px\" viewBox=\"0 0 24 24\" version=\"1.2\" baseProfile=\"tiny\"><path d=\"M18.2 9.3l-6.2-6.3-6.2 6.3c-.2.2-.3.4-.3.7s.1.5.3.7c.2.2.4.3.7.3h11c.3 0 .5-.1.7-.3.2-.2.3-.5.3-.7s-.1-.5-.3-.7zM5.8 14.7l6.2 6.3 6.2-6.3c.2-.2.3-.5.3-.7s-.1-.5-.3-.7c-.2-.2-.4-.3-.7-.3h-11c-.3 0-.5.1-.7.3-.2.2-.3.5-.3.7s.1.5.3.7z\"\/><\/svg><\/span><\/span><\/span><\/a><\/span><\/div>\n<nav><ul class='ez-toc-list ez-toc-list-level-1 ' ><li class='ez-toc-page-1 ez-toc-heading-level-2'><a class=\"ez-toc-link ez-toc-heading-1\" href=\"https:\/\/www.euncet.com\/blog\/ca\/storytelling-corporatiu-construir-narratives-connecten-audiencia\/#La_revolucio_narrativa_en_la_comunicacio_empresarial\" >La revoluci\u00f3 narrativa en la comunicaci\u00f3 empresarial<\/a><\/li><li class='ez-toc-page-1 ez-toc-heading-level-2'><a class=\"ez-toc-link ez-toc-heading-2\" href=\"https:\/\/www.euncet.com\/blog\/ca\/storytelling-corporatiu-construir-narratives-connecten-audiencia\/#Frameworks_de_storytelling_estructures_que_funcionen\" >Frameworks de storytelling: estructures que funcionen<\/a><\/li><li class='ez-toc-page-1 ez-toc-heading-level-2'><a class=\"ez-toc-link ez-toc-heading-3\" href=\"https:\/\/www.euncet.com\/blog\/ca\/storytelling-corporatiu-construir-narratives-connecten-audiencia\/#Matriu_delements_narratius_per_a_maxim_impacte\" >Matriu d&#8217;elements narratius per a m\u00e0xim impacte<\/a><\/li><li class='ez-toc-page-1 ez-toc-heading-level-2'><a class=\"ez-toc-link ez-toc-heading-4\" href=\"https:\/\/www.euncet.com\/blog\/ca\/storytelling-corporatiu-construir-narratives-connecten-audiencia\/#Tecniques_de_connexio_emocional_amb_laudiencia\" >T\u00e8cniques de connexi\u00f3 emocional amb l&#8217;audi\u00e8ncia<\/a><\/li><li class='ez-toc-page-1 ez-toc-heading-level-2'><a class=\"ez-toc-link ez-toc-heading-5\" href=\"https:\/\/www.euncet.com\/blog\/ca\/storytelling-corporatiu-construir-narratives-connecten-audiencia\/#Mesurament_i_optimitzacio_del_storytelling_corporatiu\" >Mesurament i optimitzaci\u00f3 del storytelling corporatiu<\/a><\/li><li class='ez-toc-page-1 ez-toc-heading-level-2'><a class=\"ez-toc-link ez-toc-heading-6\" href=\"https:\/\/www.euncet.com\/blog\/ca\/storytelling-corporatiu-construir-narratives-connecten-audiencia\/#Eines_practiques_per_implementar_narratives_efectives\" >Eines pr\u00e0ctiques per implementar narratives efectives<\/a><\/li><\/ul><\/nav><\/div>\n\n\n\n\n<p>\u00c9s l&#8217;art i la ci\u00e8ncia de construir hist\u00f2ries que no nom\u00e9s informen, sin\u00f3 que inspiren, connecten i mobilitzen. Aquest article explora els frameworks, matrius i t\u00e8cniques que permeten a les organitzacions transformar la seva comunicaci\u00f3, passant de mon\u00f2legs corporatius a di\u00e0legs significatius amb la seva audi\u00e8ncia.<\/p>\n\n\n\n<p>Descobrirem com estructurar narratives efectives, mesurar el seu impacte i, en \u00faltima inst\u00e0ncia, construir una marca que no nom\u00e9s es consumeix, sin\u00f3 que se sent i es viu a la qual es pertany.<\/p>\n\n\n\n<h2 class=\"wp-block-heading\"><span class=\"ez-toc-section\" id=\"La_revolucio_narrativa_en_la_comunicacio_empresarial\"><\/span>La revoluci\u00f3 narrativa en la comunicaci\u00f3 empresarial<span class=\"ez-toc-section-end\"><\/span><\/h2>\n\n\n\n<p>La comunicaci\u00f3 empresarial ha evolucionat. Durant d\u00e8cades, el model es va basar en la difusi\u00f3 d&#8217;informaci\u00f3: caracter\u00edstiques del producte, dades financeres, comunicats de premsa. No obstant aix\u00f2, la neuroci\u00e8ncia ha demostrat que el cervell hum\u00e0 est\u00e0 programat per processar i recordar informaci\u00f3 en forma d&#8217;hist\u00f2ries. Les narratives activen m\u00faltiples \u00e0rees del cervell, des del processament sensorial fins a les emocions, creant una experi\u00e8ncia molt m\u00e9s rica i memorable que la simple exposici\u00f3 a dades.<\/p>\n\n\n\n<p>Aquesta &#8220;revoluci\u00f3 narrativa&#8221; es basa en tres pilars:<\/p>\n\n\n\n<ol class=\"wp-block-list\">\n<li>Connexi\u00f3 Emocional:\u00a0Les hist\u00f2ries generen empatia. Quan una empresa comparteix els seus desafiaments, els seus fracassos i els seus triomfs, humanitza la seva marca i permet que l&#8217;audi\u00e8ncia es vegi reflectida en el seu viatge. Aquesta connexi\u00f3 emocional \u00e9s la base de la lleialtat a llarg termini.<\/li>\n\n\n\n<li>Simplificaci\u00f3 de la Complexitat:\u00a0Els conceptes abstractes com els valors d&#8217;una empresa, el seu prop\u00f2sit o la seva visi\u00f3 estrat\u00e8gica s\u00f3n dif\u00edcils de comunicar. Una hist\u00f2ria ben constru\u00efda pot traduir aquests conceptes en alguna cosa tangible, comprensible i memorable.<\/li>\n\n\n\n<li>Diferenciaci\u00f3 en un Mercat Com\u00fa:\u00a0En ind\u00fastries on els productes o serveis s\u00f3n molt similars, la narrativa de marca \u00e9s el principal diferenciador. No es tracta del que fas, sin\u00f3 del per qu\u00e8 ho fas i com ho expliques.<\/li>\n<\/ol>\n\n\n\n<p>Les empreses que lideren aquesta revoluci\u00f3 no venen productes, venen hist\u00f2ries. Apple no ven ordinadors, ven creativitat i desafiament a l&#8217;statu quo. Nike no ven sabatilles, ven la superaci\u00f3 personal i l&#8217;esperit de &#8220;Just Do It&#8221;. Patagonia no ven roba d&#8217;abric, ven la protecci\u00f3 del planeta. Aquestes empreses han ent\u00e8s que una narrativa poderosa \u00e9s l&#8217;actiu m\u00e9s estrat\u00e8gic que un actiu estrat\u00e8gic m\u00e9s valu\u00f3s que qualsevol patent.<\/p>\n\n\n\n<h2 class=\"wp-block-heading\"><span class=\"ez-toc-section\" id=\"Frameworks_de_storytelling_estructures_que_funcionen\"><\/span>Frameworks de storytelling: estructures que funcionen<span class=\"ez-toc-section-end\"><\/span><\/h2>\n\n\n\n<p>El\u00a0storytelling\u00a0no \u00e9s un art m\u00edstic reservat per a uns pocs elegits. Es basa en estructures i frameworks provats que han estat utilitzats durant segles per captivar les audi\u00e8ncies. Adaptar aquests frameworks al context corporatiu proporciona un full de ruta per construir narratives efectives.<\/p>\n\n\n\n<h3 class=\"wp-block-heading\">Matriu Comparativa de Frameworks Narratius<\/h3>\n\n\n\n<figure class=\"wp-block-table\"><table class=\"has-fixed-layout\"><thead><tr><th>Framework<\/th><th>Estructura Central<\/th><th>Ideal per a&#8230;<\/th><th>Fortalesa Principal<\/th><\/tr><\/thead><tbody><tr><td>El Viatge de l&#8217;Heroi<\/td><td>El client com a heroi, la marca com a mentor<\/td><td>Marques amb prop\u00f2sit, transformaci\u00f3 personal<\/td><td>Connexi\u00f3 emocional profunda<\/td><\/tr><tr><td>StoryBrand<\/td><td>Problema \u2192 Soluci\u00f3 \u2192 \u00c8xit<\/td><td>Empreses B2B, productes complexos<\/td><td>Claredat i enfocament en el client<\/td><\/tr><tr><td>Pixar Framework<\/td><td>Hi havia una vegada&#8230; fins que un dia&#8230;<\/td><td>Narratives d&#8217;origen, hist\u00f2ries d&#8217;innovaci\u00f3<\/td><td>Simplicitat i engagement<\/td><\/tr><tr><td>Estructura de 3 Actes<\/td><td>Presentaci\u00f3 \u2192 Confrontaci\u00f3 \u2192 Resoluci\u00f3<\/td><td>Campanyes de m\u00e0rqueting, llan\u00e7aments<\/td><td>Tensi\u00f3 narrativa i cl\u00edmax<\/td><\/tr><\/tbody><\/table><\/figure>\n\n\n\n<h3 class=\"wp-block-heading\">El Viatge de l&#8217;Heroi en Context Empresarial<\/h3>\n\n\n\n<p>Aquest \u00e9s potser el framework m\u00e9s poder\u00f3s. En lloc de posicionar l&#8217;empresa com la protagonista, es col\u00b7loca el client en aquest rol. La marca assumeix el paper del mentor savi que proporciona a l&#8217;heroi (el client) les eines i el coneixement per superar un desafiament.<\/p>\n\n\n\n<ul class=\"wp-block-list\">\n<li>El M\u00f3n Ordinari:\u00a0La situaci\u00f3 actual del client, amb els seus problemes i frustracions.<\/li>\n\n\n\n<li>La Crida a l&#8217;Aventura:\u00a0El moment en qu\u00e8 el client s&#8217;adona que necessita una soluci\u00f3.<\/li>\n\n\n\n<li>La Trobada amb el Mentor:\u00a0El primer contacte amb la marca.<\/li>\n\n\n\n<li>Les Proves, Aliats i Enemics:\u00a0El proc\u00e9s de compra i \u00fas del producte, superant obstacles.<\/li>\n\n\n\n<li>La Recompensa:\u00a0L&#8217;\u00e8xit aconseguit gr\u00e0cies a la soluci\u00f3 de la marca.<\/li>\n\n\n\n<li>El Retorn amb l&#8217;Elixir:\u00a0El client es converteix en un ambaixador de la marca, compartint la seva hist\u00f2ria d&#8217;\u00e8xit.<\/li>\n<\/ul>\n\n\n\n<h3 class=\"wp-block-heading\">StoryBrand Framework: Claredat Narrativa<\/h3>\n\n\n\n<p>Desenvolupat per Donald Miller, aquest framework se centra en la simplicitat i la claredat del missatge. La seva premissa \u00e9s que els clients no compren els millors productes, sin\u00f3 els que entenen m\u00e9s r\u00e0pid.<\/p>\n\n\n\n<p>Els 7 elements del StoryBrand s\u00f3n:<\/p>\n\n\n\n<ol class=\"wp-block-list\">\n<li>Un Personatge:\u00a0El client.<\/li>\n\n\n\n<li>T\u00e9 un Problema:\u00a0El &#8220;dolent&#8221; de la hist\u00f2ria.<\/li>\n\n\n\n<li>I es Troba amb un Guia:\u00a0La marca.<\/li>\n\n\n\n<li>Que li D\u00f3na un Pla:\u00a0Els passos per utilitzar el producte\/servei.<\/li>\n\n\n\n<li>I el Crida a l&#8217;Acci\u00f3:\u00a0La crida a la compra.<\/li>\n\n\n\n<li>Que l&#8217;Ajuda a Evitar el Frac\u00e0s:\u00a0Les conseq\u00fc\u00e8ncies negatives de no actuar.<\/li>\n\n\n\n<li>I Acaba en \u00c8xit:\u00a0La transformaci\u00f3 positiva del client.<\/li>\n<\/ol>\n\n\n\n<h2 class=\"wp-block-heading\"><span class=\"ez-toc-section\" id=\"Matriu_delements_narratius_per_a_maxim_impacte\"><\/span>Matriu d&#8217;elements narratius per a m\u00e0xim impacte<span class=\"ez-toc-section-end\"><\/span><\/h2>\n\n\n\n<p>Una hist\u00f2ria \u00e9s m\u00e9s que la suma de les seves parts. No obstant aix\u00f2, entendre i optimitzar cada element \u00e9s crucial per maximitzar l&#8217;impacte emocional i persuasiu de la narrativa. La seg\u00fcent matriu desglossa els components clau i la seva funci\u00f3 estrat\u00e8gica en el\u00a0storytelling corporatiu.<\/p>\n\n\n\n<h3 class=\"wp-block-heading\">Matriu de Components Narratius i la seva Funci\u00f3 Estrat\u00e8gica<\/h3>\n\n\n\n<figure class=\"wp-block-table\"><table class=\"has-fixed-layout\"><thead><tr><th>Element Narratiu<\/th><th>Funci\u00f3 Estrat\u00e8gica<\/th><th>Preguntes a Respondre<\/th><th>Impacte en l&#8217;Audi\u00e8ncia<\/th><\/tr><\/thead><tbody><tr><td>L&#8217;Heroi (Client)<\/td><td>Crear identificaci\u00f3 i empatia<\/td><td>Qui \u00e9s el meu client ideal? Quins s\u00f3n els seus desitjos i pors?<\/td><td>&#8220;Aquesta hist\u00f2ria parla de mi&#8221;<\/td><\/tr><tr><td>L&#8217;Objectiu<\/td><td>Generar desig i aspiraci\u00f3<\/td><td>Qu\u00e8 vol aconseguir l&#8217;heroi? Quina \u00e9s la seva meta?<\/td><td>Motivaci\u00f3 i inter\u00e8s<\/td><\/tr><tr><td>El Conflicte (Problema)<\/td><td>Crear tensi\u00f3 i urg\u00e8ncia<\/td><td>Quin obstacle li impedeix assolir el seu objectiu?<\/td><td>Rellev\u00e0ncia i necessitat<\/td><\/tr><tr><td>El Mentor (Marca)<\/td><td>Generar confian\u00e7a i autoritat<\/td><td>Com ajudem l&#8217;heroi a superar el conflicte?<\/td><td>Credibilitat i seguretat<\/td><\/tr><tr><td>El Pla<\/td><td>Facilitar la presa de decisions<\/td><td>Quins s\u00f3n els passos perqu\u00e8 el client tingui \u00e8xit?<\/td><td>Claredat i simplicitat<\/td><\/tr><tr><td>La Trama<\/td><td>Estructurar la narrativa<\/td><td>Com es desenvolupen els esdeveniments? Quin \u00e9s l&#8217;arc?<\/td><td>Coher\u00e8ncia i engagement<\/td><\/tr><tr><td>El Missatge Central<\/td><td>Transmetre el valor fonamental<\/td><td>Quina \u00e9s l&#8217;\u00fanica idea que vull que l&#8217;audi\u00e8ncia recordi?<\/td><td>Memorabilitat i prop\u00f2sit<\/td><\/tr><\/tbody><\/table><\/figure>\n\n\n\n<p>Dominar aquests elements permet a les marques construir hist\u00f2ries que no nom\u00e9s s\u00f3n entretingudes, sin\u00f3 que estan estrat\u00e8gicament dissenyades per guiar l&#8217;audi\u00e8ncia a trav\u00e9s d&#8217;un viatge emocional i cognitiu que culmina en l&#8217;acci\u00f3. La gesti\u00f3 d&#8217;aquestes narratives \u00e9s una compet\u00e8ncia clau que es desenvolupa en programes com el M\u00e0ster en Direcci\u00f3 de Comunicaci\u00f3, on s&#8217;apr\u00e8n a alinear l&#8217;estrat\u00e8gia de comunicaci\u00f3 amb els objectius de negoci.<\/p>\n\n\n\n<h2 class=\"wp-block-heading\"><span class=\"ez-toc-section\" id=\"Tecniques_de_connexio_emocional_amb_laudiencia\"><\/span>T\u00e8cniques de connexi\u00f3 emocional amb l&#8217;audi\u00e8ncia<span class=\"ez-toc-section-end\"><\/span><\/h2>\n\n\n\n<p>La connexi\u00f3 emocional \u00e9s el sant grial del&nbsp;<strong>storytelling<\/strong>. \u00c9s el que transforma un espectador passiu en un fan lleial. Aquesta connexi\u00f3 no s&#8217;aconsegueix per accident, sin\u00f3 a trav\u00e9s de t\u00e8cniques narratives espec\u00edfiques.<\/p>\n\n\n\n<h3 class=\"wp-block-heading\">El Poder de la Vulnerabilitat<\/h3>\n\n\n\n<p>Les empreses sovint senten la necessitat de projectar una imatge de perfecci\u00f3. No obstant aix\u00f2, les hist\u00f2ries d&#8217;\u00e8xit sense obstacles no s\u00f3n cre\u00efbles ni emocionalment atractives. Compartir hist\u00f2ries de fracassos, de desafiaments superats i de lli\u00e7ons apreses humanitza la marca i genera confian\u00e7a. La vulnerabilitat estrat\u00e8gica no \u00e9s un signe de debilitat, sin\u00f3 d&#8217;autenticitat.<\/p>\n\n\n\n<h3 class=\"wp-block-heading\">El Detall Sensorial<\/h3>\n\n\n\n<p>Les millors hist\u00f2ries no nom\u00e9s es compten, se senten. Utilitzar un llenguatge que evoqui els cinc sentits transporta l&#8217;audi\u00e8ncia al centre de la narrativa. En lloc de dir &#8220;el nostre caf\u00e8 \u00e9s d&#8217;alta qualitat&#8221;, una hist\u00f2ria podria descriure &#8220;l&#8217;aroma a terra humida i xocolata que inunda la cuina cada mat\u00ed, el so de l&#8217;aigua calenta en filtrar-se pels grans acabats de moldre&#8230;&#8221;. Els detalls sensorials creen una experi\u00e8ncia immersiva i memorable.<\/p>\n\n\n\n<h3 class=\"wp-block-heading\">El Principi de &#8220;Mostrar, no Explicar&#8221;<\/h3>\n\n\n\n<p>En lloc d&#8217;afirmar que una empresa \u00e9s &#8220;innovadora&#8221;, \u00e9s molt m\u00e9s poder\u00f3s explicar la hist\u00f2ria d&#8217;un equip d&#8217;enginyers que va treballar durant mesos en un garatge per desenvolupar un prototip que canviaria la ind\u00fastria. En lloc de dir que el servei al client \u00e9s &#8220;excel\u00b7lent&#8221;, es pot explicar la hist\u00f2ria d&#8217;un empleat que va anar m\u00e9s enll\u00e0 de les seves responsabilitats per solucionar el problema d&#8217;un client espec\u00edfic. Les accions i les hist\u00f2ries concretes s\u00f3n molt m\u00e9s persuasives que les afirmacions abstractes.<\/p>\n\n\n\n<h3 class=\"wp-block-heading\">Matriu Audi\u00e8ncia-Narrativa: Personalitzaci\u00f3 Estrat\u00e8gica<\/h3>\n\n\n\n<p>No totes les hist\u00f2ries ressonen amb totes les audi\u00e8ncies. \u00c9s fonamental adaptar la narrativa al perfil del p\u00fablic objectiu.<\/p>\n\n\n\n<figure class=\"wp-block-table\"><table class=\"has-fixed-layout\"><thead><tr><th>Buyer Persona<\/th><th>To Narratiu<\/th><th>Tema Central<\/th><th>Canal Preferit<\/th><\/tr><\/thead><tbody><tr><td>Directiu Executiu<\/td><td>Professional, basat en dades<\/td><td>Efici\u00e8ncia, ROI, lideratge<\/td><td>LinkedIn, informes, webinars<\/td><\/tr><tr><td>Emprenedor<\/td><td>Inspirador, aspiracional<\/td><td>Creixement, superaci\u00f3, innovaci\u00f3<\/td><td>Podcasts, blogs, esdeveniments<\/td><\/tr><tr><td>Professional Jove<\/td><td>Col\u00b7laboratiu, aut\u00e8ntic<\/td><td>Desenvolupament de carrera, prop\u00f2sit<\/td><td>Instagram, TikTok, comunitats online<\/td><\/tr><tr><td>Estudiant<\/td><td>Educatiu, entretingut<\/td><td>Oportunitats, futur, aprenentatge<\/td><td>YouTube, f\u00f2rums, xarxes socials<\/td><\/tr><\/tbody><\/table><\/figure>\n\n\n\n<p>Aquesta matriu ajuda a assegurar que el missatge correcte arribi a la persona correcta a trav\u00e9s del canal correcte, maximitzant la rellev\u00e0ncia i l&#8217;impacte de cada hist\u00f2ria.<\/p>\n\n\n\n<h2 class=\"wp-block-heading\"><span class=\"ez-toc-section\" id=\"Mesurament_i_optimitzacio_del_storytelling_corporatiu\"><\/span>Mesurament i optimitzaci\u00f3 del storytelling corporatiu<span class=\"ez-toc-section-end\"><\/span><\/h2>\n\n\n\n<p>El\u00a0storytelling\u00a0no \u00e9s nom\u00e9s una activitat creativa; \u00e9s una inversi\u00f3 estrat\u00e8gica que ha de ser mesurada i optimitzada com qualsevol altra iniciativa de m\u00e0rqueting o comunicaci\u00f3. Establir els KPIs correctes \u00e9s fonamental per entendre qu\u00e8 funciona, qu\u00e8 no funciona i com millorar cont\u00ednuament.<\/p>\n\n\n\n<h3 class=\"wp-block-heading\">Matriu de Mesurament i Optimitzaci\u00f3<\/h3>\n\n\n\n<figure class=\"wp-block-table\"><table class=\"has-fixed-layout\"><thead><tr><th>Objectiu Narratiu<\/th><th>KPI Primari<\/th><th>KPI Secundari<\/th><th>Eines de Mesurament<\/th><\/tr><\/thead><tbody><tr><td>Generar Notorietat (Awareness)<\/td><td>Abast, Impressions<\/td><td>Mencions de marca<\/td><td>Google Analytics, Social Listening<\/td><\/tr><tr><td>Fomentar la Consideraci\u00f3<\/td><td>Taxa d&#8217;Engagement<\/td><td>Temps de perman\u00e8ncia<\/td><td>Analytics de xarxes socials, Hotjar<\/td><\/tr><tr><td>Impulsar la Conversi\u00f3<\/td><td>Taxa de Clics (CTR)<\/td><td>Taxa de Conversi\u00f3<\/td><td>Plataformes d&#8217;E-commerce, CRM<\/td><\/tr><tr><td>Construir Lleialtat (Loyalty)<\/td><td>Taxa de Repetici\u00f3 de Compra<\/td><td>Net Promoter Score (NPS)<\/td><td>Sistemes de Fidelitzaci\u00f3, Enquestes<\/td><\/tr><\/tbody><\/table><\/figure>\n\n\n\n<h3 class=\"wp-block-heading\">M\u00e9s Enll\u00e0 de les M\u00e8triques Quantitatives<\/h3>\n\n\n\n<p>Si b\u00e9 les dades quantitatives s\u00f3n importants, el veritable impacte del&nbsp;<strong>storytelling<\/strong>&nbsp;sovint es reflecteix en m\u00e8triques qualitatives:<\/p>\n\n\n\n<ul class=\"wp-block-list\">\n<li>An\u00e0lisi de Sentiment:\u00a0La gent parla de la marca de forma positiva, negativa o neutral?<\/li>\n\n\n\n<li>Qualitat dels Comentaris:\u00a0Els comentaris s\u00f3n superficials (&#8220;bon post&#8221;) o profunds i emocionals (&#8220;aquesta hist\u00f2ria m&#8217;ha inspirat&#8221;)?<\/li>\n\n\n\n<li>User-Generated Content (UGC):\u00a0L&#8217;audi\u00e8ncia est\u00e0 tan connectada amb la narrativa que crea el seu propi contingut sobre la marca?<\/li>\n<\/ul>\n\n\n\n<p>La combinaci\u00f3 d&#8217;an\u00e0lisi quantitativa i qualitativa proporciona una visi\u00f3 de 360 graus del rendiment de les narratives i permet una optimitzaci\u00f3 basada en dades i en la comprensi\u00f3 profunda de l&#8217;audi\u00e8ncia.<\/p>\n\n\n\n<h2 class=\"wp-block-heading\"><span class=\"ez-toc-section\" id=\"Eines_practiques_per_implementar_narratives_efectives\"><\/span>Eines pr\u00e0ctiques per implementar narratives efectives<span class=\"ez-toc-section-end\"><\/span><\/h2>\n\n\n\n<p>Construir una cultura de&nbsp;<strong>storytelling<\/strong>&nbsp;en una organitzaci\u00f3 requereix no nom\u00e9s un canvi de mentalitat, sin\u00f3 tamb\u00e9 l&#8217;adopci\u00f3 d&#8217;eines pr\u00e0ctiques que facilitin el proc\u00e9s de creaci\u00f3, distribuci\u00f3 i mesurament d&#8217;hist\u00f2ries. A continuaci\u00f3, es presenta un roadmap per passar de la teoria a l&#8217;execuci\u00f3.<\/p>\n\n\n\n<h3 class=\"wp-block-heading\">Roadmap cap al Storytelling Corporatiu Exit\u00f3s<\/h3>\n\n\n\n<p><strong>Fase 1: Descobriment i Estrat\u00e8gia (Mes 1-2)<\/strong><\/p>\n\n\n\n<ul class=\"wp-block-list\">\n<li>Auditoria de Narratives Existents: Analitzar tota la comunicaci\u00f3 actual (web, xarxes socials, fullets) per identificar la narrativa impl\u00edcita.<\/li>\n\n\n\n<li>Definici\u00f3 del Missatge Central: Quina \u00e9s la idea \u00fanica i diferenciadora que l&#8217;empresa vol comunicar?<\/li>\n\n\n\n<li>Selecci\u00f3 de Frameworks Narratius: Triar les estructures que millor s&#8217;adaptin a la marca i als objectius.<\/li>\n<\/ul>\n\n\n\n<p><strong>Fase 2: Creaci\u00f3 i Producci\u00f3 (Mes 3-6)<\/strong><\/p>\n\n\n\n<ol class=\"wp-block-list\">\n<li>Taller de Storytelling per a Empleats: Capacitar els equips (no nom\u00e9s m\u00e0rqueting) perqu\u00e8 identifiquin i expliquin hist\u00f2ries.<\/li>\n\n\n\n<li>Creaci\u00f3 d&#8217;un &#8220;Banc d&#8217;Hist\u00f2ries&#8221;: Un repositori centralitzat d&#8217;hist\u00f2ries de clients, empleats i de la pr\u00f2pia empresa.<\/li>\n\n\n\n<li>Desenvolupament d&#8217;un Calendari Editorial Narratiu: Planificar la distribuci\u00f3 d&#8217;hist\u00f2ries a trav\u00e9s de diferents canals.<\/li>\n\n\n\n<li>Producci\u00f3 de Contingut Multi-format: Crear v\u00eddeos, articles de blog, podcasts, infografies, etc.<\/li>\n<\/ol>\n\n\n\n<p><strong>Fase 3: Distribuci\u00f3 i Promoci\u00f3 (Mes 7-9)<\/strong><\/p>\n\n\n\n<ol class=\"wp-block-list\">\n<li>Llan\u00e7ament de Campanyes Narratives: Executar campanyes integrades al voltant d&#8217;una hist\u00f2ria central.<\/li>\n\n\n\n<li>Promoci\u00f3 a Xarxes Socials: Utilitzar <a href=\"https:\/\/www.siteground.es\/blog\/anuncios-nativos-pymes\/\" target=\"_blank\" rel=\"noreferrer noopener\">formats natius<\/a> (Stories, Reels) per a micro-storytelling.<\/li>\n\n\n\n<li>Estrat\u00e8gia de Relacions P\u00fabliques: Compartir hist\u00f2ries amb mitjans de comunicaci\u00f3 i l\u00edders d&#8217;opini\u00f3.<\/li>\n\n\n\n<li>Email M\u00e0rqueting Narratiu: Crear seq\u00fc\u00e8ncies de correus que expliquin una hist\u00f2ria al llarg del temps.<\/li>\n<\/ol>\n\n\n\n<p><strong>Fase 4: Mesurament i Optimitzaci\u00f3 (Continu)<\/strong><\/p>\n\n\n\n<ul class=\"wp-block-list\">\n<li>Implementaci\u00f3 de Dashboards de KPIs: Monitoritzar en temps real el rendiment de les narratives.<\/li>\n\n\n\n<li>Reunions de Revisi\u00f3 Narrativa: Analitzar peri\u00f2dicament quines hist\u00f2ries funcionen millor i per qu\u00e8.<\/li>\n\n\n\n<li>A\/B Testing d&#8217;Elements Narratius: Provar diferents titulars, imatges i crides a l&#8217;acci\u00f3.<\/li>\n\n\n\n<li>Feedback de l&#8217;Audi\u00e8ncia: Realitzar enquestes i entrevistes per obtenir insights qualitatius.<\/li>\n<\/ul>\n\n\n\n<p>La implementaci\u00f3 d&#8217;aquest roadmap requereix una visi\u00f3 a llarg termini i un comprom\u00eds de tota l&#8217;organitzaci\u00f3. Programes com el <a href=\"https:\/\/www.euncet.com\/es\/grados\/grado-marketing-innovacion-tecnologia\/\" target=\"_blank\" rel=\"noreferrer noopener\">Grau en M\u00e0rqueting, Innovaci\u00f3 i Tecnologia<\/a> proporcionen als futurs professionals les habilitats necess\u00e0ries per gestionar aquest tipus de projectes complexos, combinant la creativitat del storytelling amb el rigor anal\u00edtic del m\u00e0rqueting digital.<\/p>\n","protected":false},"excerpt":{"rendered":"<p>En un mercat saturat de dades, publicitat i missatges corporatius, l&#8217;atenci\u00f3 de l&#8217;audi\u00e8ncia s&#8217;ha convertit en l&#8217;actiu m\u00e9s valu\u00f3s. Les empreses que aconsegueixen capturar-la i, m\u00e9s important encara, retenir-la, no ho fan bombardejant amb caracter\u00edstiques i beneficis, sin\u00f3 teixint narratives empresarials que ressonen a un nivell m\u00e9s profund. El\u00a0storytelling corporatiu\u00a0ha deixat de ser una t\u00e0ctica [&hellip;]<\/p>\n","protected":false},"author":30,"featured_media":65180,"comment_status":"open","ping_status":"open","sticky":false,"template":"","format":"standard","meta":{"_acf_changed":false,"footnotes":""},"categories":[448,454],"tags":[534],"class_list":["post-65998","post","type-post","status-publish","format-standard","has-post-thumbnail","hentry","category-emprenedoria-posts","category-marqueting-comunicacio-i-vendes","tag-storytelling-corporatiu"],"acf":[],"yoast_head":"<!-- This site is optimized with the Yoast SEO plugin v27.4 - https:\/\/yoast.com\/product\/yoast-seo-wordpress\/ -->\n<title>Storytelling corporatiu: com construir narratives que connecten<\/title>\n<meta name=\"description\" content=\"Apr\u00e8n a crear storytelling corporatiu efectiu amb frameworks provats. Descobreix t\u00e8cniques narratives que connecten amb la teva audi\u00e8ncia empresarial.\" \/>\n<meta name=\"robots\" content=\"index, follow, max-snippet:-1, max-image-preview:large, max-video-preview:-1\" \/>\n<link rel=\"canonical\" href=\"https:\/\/www.euncet.com\/blog\/ca\/storytelling-corporatiu-construir-narratives-connecten-audiencia\/\" \/>\n<meta property=\"og:locale\" content=\"ca_ES\" \/>\n<meta property=\"og:type\" content=\"article\" \/>\n<meta property=\"og:title\" content=\"Storytelling corporatiu: com construir narratives que connecten\" \/>\n<meta property=\"og:description\" content=\"Apr\u00e8n a crear storytelling corporatiu efectiu amb frameworks provats. Descobreix t\u00e8cniques narratives que connecten amb la teva audi\u00e8ncia empresarial.\" \/>\n<meta property=\"og:url\" content=\"https:\/\/www.euncet.com\/blog\/ca\/storytelling-corporatiu-construir-narratives-connecten-audiencia\/\" \/>\n<meta property=\"og:site_name\" content=\"Euncet Business School\" \/>\n<meta property=\"article:publisher\" content=\"https:\/\/www.facebook.com\/euncet\" \/>\n<meta property=\"article:published_time\" content=\"2025-10-30T14:32:52+00:00\" \/>\n<meta property=\"article:modified_time\" content=\"2026-01-21T08:44:23+00:00\" \/>\n<meta property=\"og:image\" content=\"https:\/\/www.euncet.com\/blog\/wp-content\/uploads\/2025\/08\/Storytelling-corporativo_-como-construir-narrativas-que-conectan-con-tu-audiencia.webp\" \/>\n\t<meta property=\"og:image:width\" content=\"1400\" \/>\n\t<meta property=\"og:image:height\" content=\"819\" \/>\n\t<meta property=\"og:image:type\" content=\"image\/webp\" \/>\n<meta name=\"author\" content=\"Redacci\u00f3n\" \/>\n<meta name=\"twitter:card\" content=\"summary_large_image\" \/>\n<meta name=\"twitter:creator\" content=\"@euncet\" \/>\n<meta name=\"twitter:site\" content=\"@euncet\" \/>\n<meta name=\"twitter:label1\" content=\"Escrit per\" \/>\n\t<meta name=\"twitter:data1\" content=\"Redacci\u00f3n\" \/>\n\t<meta name=\"twitter:label2\" content=\"Temps estimat de lectura\" \/>\n\t<meta name=\"twitter:data2\" content=\"10 minuts\" \/>\n<script type=\"application\/ld+json\" class=\"yoast-schema-graph\">{\"@context\":\"https:\\\/\\\/schema.org\",\"@graph\":[{\"@type\":\"Article\",\"@id\":\"https:\\\/\\\/www.euncet.com\\\/blog\\\/ca\\\/storytelling-corporatiu-construir-narratives-connecten-audiencia\\\/#article\",\"isPartOf\":{\"@id\":\"https:\\\/\\\/www.euncet.com\\\/blog\\\/ca\\\/storytelling-corporatiu-construir-narratives-connecten-audiencia\\\/\"},\"author\":{\"name\":\"Redacci\u00f3n\",\"@id\":\"https:\\\/\\\/www.euncet.com\\\/blog\\\/ca\\\/#\\\/schema\\\/person\\\/08b0ae2abbe84c2d346311267c70a538\"},\"headline\":\"Storytelling corporatiu: com construir narratives que connecten amb la teva audi\u00e8ncia\",\"datePublished\":\"2025-10-30T14:32:52+00:00\",\"dateModified\":\"2026-01-21T08:44:23+00:00\",\"mainEntityOfPage\":{\"@id\":\"https:\\\/\\\/www.euncet.com\\\/blog\\\/ca\\\/storytelling-corporatiu-construir-narratives-connecten-audiencia\\\/\"},\"wordCount\":2271,\"commentCount\":0,\"image\":{\"@id\":\"https:\\\/\\\/www.euncet.com\\\/blog\\\/ca\\\/storytelling-corporatiu-construir-narratives-connecten-audiencia\\\/#primaryimage\"},\"thumbnailUrl\":\"https:\\\/\\\/www.euncet.com\\\/blog\\\/wp-content\\\/uploads\\\/2025\\\/08\\\/Storytelling-corporativo_-como-construir-narrativas-que-conectan-con-tu-audiencia.webp\",\"keywords\":[\"Storytelling corporatiu\"],\"articleSection\":[\"Emprenedoria\",\"M\u00e0rqueting, Comunicaci\u00f3 i Vendes\"],\"inLanguage\":\"ca\",\"potentialAction\":[{\"@type\":\"CommentAction\",\"name\":\"Comment\",\"target\":[\"https:\\\/\\\/www.euncet.com\\\/blog\\\/ca\\\/storytelling-corporatiu-construir-narratives-connecten-audiencia\\\/#respond\"]}]},{\"@type\":\"WebPage\",\"@id\":\"https:\\\/\\\/www.euncet.com\\\/blog\\\/ca\\\/storytelling-corporatiu-construir-narratives-connecten-audiencia\\\/\",\"url\":\"https:\\\/\\\/www.euncet.com\\\/blog\\\/ca\\\/storytelling-corporatiu-construir-narratives-connecten-audiencia\\\/\",\"name\":\"Storytelling corporatiu: com construir narratives que connecten\",\"isPartOf\":{\"@id\":\"https:\\\/\\\/www.euncet.com\\\/blog\\\/ca\\\/#website\"},\"primaryImageOfPage\":{\"@id\":\"https:\\\/\\\/www.euncet.com\\\/blog\\\/ca\\\/storytelling-corporatiu-construir-narratives-connecten-audiencia\\\/#primaryimage\"},\"image\":{\"@id\":\"https:\\\/\\\/www.euncet.com\\\/blog\\\/ca\\\/storytelling-corporatiu-construir-narratives-connecten-audiencia\\\/#primaryimage\"},\"thumbnailUrl\":\"https:\\\/\\\/www.euncet.com\\\/blog\\\/wp-content\\\/uploads\\\/2025\\\/08\\\/Storytelling-corporativo_-como-construir-narrativas-que-conectan-con-tu-audiencia.webp\",\"datePublished\":\"2025-10-30T14:32:52+00:00\",\"dateModified\":\"2026-01-21T08:44:23+00:00\",\"author\":{\"@id\":\"https:\\\/\\\/www.euncet.com\\\/blog\\\/ca\\\/#\\\/schema\\\/person\\\/08b0ae2abbe84c2d346311267c70a538\"},\"description\":\"Apr\u00e8n a crear storytelling corporatiu efectiu amb frameworks provats. Descobreix t\u00e8cniques narratives que connecten amb la teva audi\u00e8ncia empresarial.\",\"breadcrumb\":{\"@id\":\"https:\\\/\\\/www.euncet.com\\\/blog\\\/ca\\\/storytelling-corporatiu-construir-narratives-connecten-audiencia\\\/#breadcrumb\"},\"inLanguage\":\"ca\",\"potentialAction\":[{\"@type\":\"ReadAction\",\"target\":[\"https:\\\/\\\/www.euncet.com\\\/blog\\\/ca\\\/storytelling-corporatiu-construir-narratives-connecten-audiencia\\\/\"]}]},{\"@type\":\"ImageObject\",\"inLanguage\":\"ca\",\"@id\":\"https:\\\/\\\/www.euncet.com\\\/blog\\\/ca\\\/storytelling-corporatiu-construir-narratives-connecten-audiencia\\\/#primaryimage\",\"url\":\"https:\\\/\\\/www.euncet.com\\\/blog\\\/wp-content\\\/uploads\\\/2025\\\/08\\\/Storytelling-corporativo_-como-construir-narrativas-que-conectan-con-tu-audiencia.webp\",\"contentUrl\":\"https:\\\/\\\/www.euncet.com\\\/blog\\\/wp-content\\\/uploads\\\/2025\\\/08\\\/Storytelling-corporativo_-como-construir-narrativas-que-conectan-con-tu-audiencia.webp\",\"width\":1400,\"height\":819,\"caption\":\"Storytelling corporativo: c\u00f3mo construir narrativas que conectan con tu audiencia\"},{\"@type\":\"BreadcrumbList\",\"@id\":\"https:\\\/\\\/www.euncet.com\\\/blog\\\/ca\\\/storytelling-corporatiu-construir-narratives-connecten-audiencia\\\/#breadcrumb\",\"itemListElement\":[{\"@type\":\"ListItem\",\"position\":1,\"name\":\"Portada\",\"item\":\"https:\\\/\\\/www.euncet.com\\\/blog\\\/ca\\\/\"},{\"@type\":\"ListItem\",\"position\":2,\"name\":\"Storytelling corporatiu: com construir narratives que connecten amb la teva audi\u00e8ncia\"}]},{\"@type\":\"WebSite\",\"@id\":\"https:\\\/\\\/www.euncet.com\\\/blog\\\/ca\\\/#website\",\"url\":\"https:\\\/\\\/www.euncet.com\\\/blog\\\/ca\\\/\",\"name\":\"Euncet Business School\",\"description\":\"Escuela de negocios\",\"potentialAction\":[{\"@type\":\"SearchAction\",\"target\":{\"@type\":\"EntryPoint\",\"urlTemplate\":\"https:\\\/\\\/www.euncet.com\\\/blog\\\/ca\\\/?s={search_term_string}\"},\"query-input\":{\"@type\":\"PropertyValueSpecification\",\"valueRequired\":true,\"valueName\":\"search_term_string\"}}],\"inLanguage\":\"ca\"},{\"@type\":\"Person\",\"@id\":\"https:\\\/\\\/www.euncet.com\\\/blog\\\/ca\\\/#\\\/schema\\\/person\\\/08b0ae2abbe84c2d346311267c70a538\",\"name\":\"Redacci\u00f3n\",\"image\":{\"@type\":\"ImageObject\",\"inLanguage\":\"ca\",\"@id\":\"https:\\\/\\\/secure.gravatar.com\\\/avatar\\\/45c73eb9ea98c8640eeb2d358c31bf3843d35edd410e2e957b4cb6ed17c34192?s=96&d=mm&r=g\",\"url\":\"https:\\\/\\\/secure.gravatar.com\\\/avatar\\\/45c73eb9ea98c8640eeb2d358c31bf3843d35edd410e2e957b4cb6ed17c34192?s=96&d=mm&r=g\",\"contentUrl\":\"https:\\\/\\\/secure.gravatar.com\\\/avatar\\\/45c73eb9ea98c8640eeb2d358c31bf3843d35edd410e2e957b4cb6ed17c34192?s=96&d=mm&r=g\",\"caption\":\"Redacci\u00f3n\"},\"url\":\"https:\\\/\\\/www.euncet.com\\\/blog\\\/ca\\\/author\\\/redaccion\\\/\"}]}<\/script>\n<!-- \/ Yoast SEO plugin. -->","yoast_head_json":{"title":"Storytelling corporatiu: com construir narratives que connecten","description":"Apr\u00e8n a crear storytelling corporatiu efectiu amb frameworks provats. Descobreix t\u00e8cniques narratives que connecten amb la teva audi\u00e8ncia empresarial.","robots":{"index":"index","follow":"follow","max-snippet":"max-snippet:-1","max-image-preview":"max-image-preview:large","max-video-preview":"max-video-preview:-1"},"canonical":"https:\/\/www.euncet.com\/blog\/ca\/storytelling-corporatiu-construir-narratives-connecten-audiencia\/","og_locale":"ca_ES","og_type":"article","og_title":"Storytelling corporatiu: com construir narratives que connecten","og_description":"Apr\u00e8n a crear storytelling corporatiu efectiu amb frameworks provats. Descobreix t\u00e8cniques narratives que connecten amb la teva audi\u00e8ncia empresarial.","og_url":"https:\/\/www.euncet.com\/blog\/ca\/storytelling-corporatiu-construir-narratives-connecten-audiencia\/","og_site_name":"Euncet Business School","article_publisher":"https:\/\/www.facebook.com\/euncet","article_published_time":"2025-10-30T14:32:52+00:00","article_modified_time":"2026-01-21T08:44:23+00:00","og_image":[{"width":1400,"height":819,"url":"https:\/\/www.euncet.com\/blog\/wp-content\/uploads\/2025\/08\/Storytelling-corporativo_-como-construir-narrativas-que-conectan-con-tu-audiencia.webp","type":"image\/webp"}],"author":"Redacci\u00f3n","twitter_card":"summary_large_image","twitter_creator":"@euncet","twitter_site":"@euncet","twitter_misc":{"Escrit per":"Redacci\u00f3n","Temps estimat de lectura":"10 minuts"},"schema":{"@context":"https:\/\/schema.org","@graph":[{"@type":"Article","@id":"https:\/\/www.euncet.com\/blog\/ca\/storytelling-corporatiu-construir-narratives-connecten-audiencia\/#article","isPartOf":{"@id":"https:\/\/www.euncet.com\/blog\/ca\/storytelling-corporatiu-construir-narratives-connecten-audiencia\/"},"author":{"name":"Redacci\u00f3n","@id":"https:\/\/www.euncet.com\/blog\/ca\/#\/schema\/person\/08b0ae2abbe84c2d346311267c70a538"},"headline":"Storytelling corporatiu: com construir narratives que connecten amb la teva audi\u00e8ncia","datePublished":"2025-10-30T14:32:52+00:00","dateModified":"2026-01-21T08:44:23+00:00","mainEntityOfPage":{"@id":"https:\/\/www.euncet.com\/blog\/ca\/storytelling-corporatiu-construir-narratives-connecten-audiencia\/"},"wordCount":2271,"commentCount":0,"image":{"@id":"https:\/\/www.euncet.com\/blog\/ca\/storytelling-corporatiu-construir-narratives-connecten-audiencia\/#primaryimage"},"thumbnailUrl":"https:\/\/www.euncet.com\/blog\/wp-content\/uploads\/2025\/08\/Storytelling-corporativo_-como-construir-narrativas-que-conectan-con-tu-audiencia.webp","keywords":["Storytelling corporatiu"],"articleSection":["Emprenedoria","M\u00e0rqueting, Comunicaci\u00f3 i Vendes"],"inLanguage":"ca","potentialAction":[{"@type":"CommentAction","name":"Comment","target":["https:\/\/www.euncet.com\/blog\/ca\/storytelling-corporatiu-construir-narratives-connecten-audiencia\/#respond"]}]},{"@type":"WebPage","@id":"https:\/\/www.euncet.com\/blog\/ca\/storytelling-corporatiu-construir-narratives-connecten-audiencia\/","url":"https:\/\/www.euncet.com\/blog\/ca\/storytelling-corporatiu-construir-narratives-connecten-audiencia\/","name":"Storytelling corporatiu: com construir narratives que connecten","isPartOf":{"@id":"https:\/\/www.euncet.com\/blog\/ca\/#website"},"primaryImageOfPage":{"@id":"https:\/\/www.euncet.com\/blog\/ca\/storytelling-corporatiu-construir-narratives-connecten-audiencia\/#primaryimage"},"image":{"@id":"https:\/\/www.euncet.com\/blog\/ca\/storytelling-corporatiu-construir-narratives-connecten-audiencia\/#primaryimage"},"thumbnailUrl":"https:\/\/www.euncet.com\/blog\/wp-content\/uploads\/2025\/08\/Storytelling-corporativo_-como-construir-narrativas-que-conectan-con-tu-audiencia.webp","datePublished":"2025-10-30T14:32:52+00:00","dateModified":"2026-01-21T08:44:23+00:00","author":{"@id":"https:\/\/www.euncet.com\/blog\/ca\/#\/schema\/person\/08b0ae2abbe84c2d346311267c70a538"},"description":"Apr\u00e8n a crear storytelling corporatiu efectiu amb frameworks provats. Descobreix t\u00e8cniques narratives que connecten amb la teva audi\u00e8ncia empresarial.","breadcrumb":{"@id":"https:\/\/www.euncet.com\/blog\/ca\/storytelling-corporatiu-construir-narratives-connecten-audiencia\/#breadcrumb"},"inLanguage":"ca","potentialAction":[{"@type":"ReadAction","target":["https:\/\/www.euncet.com\/blog\/ca\/storytelling-corporatiu-construir-narratives-connecten-audiencia\/"]}]},{"@type":"ImageObject","inLanguage":"ca","@id":"https:\/\/www.euncet.com\/blog\/ca\/storytelling-corporatiu-construir-narratives-connecten-audiencia\/#primaryimage","url":"https:\/\/www.euncet.com\/blog\/wp-content\/uploads\/2025\/08\/Storytelling-corporativo_-como-construir-narrativas-que-conectan-con-tu-audiencia.webp","contentUrl":"https:\/\/www.euncet.com\/blog\/wp-content\/uploads\/2025\/08\/Storytelling-corporativo_-como-construir-narrativas-que-conectan-con-tu-audiencia.webp","width":1400,"height":819,"caption":"Storytelling corporativo: c\u00f3mo construir narrativas que conectan con tu audiencia"},{"@type":"BreadcrumbList","@id":"https:\/\/www.euncet.com\/blog\/ca\/storytelling-corporatiu-construir-narratives-connecten-audiencia\/#breadcrumb","itemListElement":[{"@type":"ListItem","position":1,"name":"Portada","item":"https:\/\/www.euncet.com\/blog\/ca\/"},{"@type":"ListItem","position":2,"name":"Storytelling corporatiu: com construir narratives que connecten amb la teva audi\u00e8ncia"}]},{"@type":"WebSite","@id":"https:\/\/www.euncet.com\/blog\/ca\/#website","url":"https:\/\/www.euncet.com\/blog\/ca\/","name":"Euncet Business School","description":"Escuela de negocios","potentialAction":[{"@type":"SearchAction","target":{"@type":"EntryPoint","urlTemplate":"https:\/\/www.euncet.com\/blog\/ca\/?s={search_term_string}"},"query-input":{"@type":"PropertyValueSpecification","valueRequired":true,"valueName":"search_term_string"}}],"inLanguage":"ca"},{"@type":"Person","@id":"https:\/\/www.euncet.com\/blog\/ca\/#\/schema\/person\/08b0ae2abbe84c2d346311267c70a538","name":"Redacci\u00f3n","image":{"@type":"ImageObject","inLanguage":"ca","@id":"https:\/\/secure.gravatar.com\/avatar\/45c73eb9ea98c8640eeb2d358c31bf3843d35edd410e2e957b4cb6ed17c34192?s=96&d=mm&r=g","url":"https:\/\/secure.gravatar.com\/avatar\/45c73eb9ea98c8640eeb2d358c31bf3843d35edd410e2e957b4cb6ed17c34192?s=96&d=mm&r=g","contentUrl":"https:\/\/secure.gravatar.com\/avatar\/45c73eb9ea98c8640eeb2d358c31bf3843d35edd410e2e957b4cb6ed17c34192?s=96&d=mm&r=g","caption":"Redacci\u00f3n"},"url":"https:\/\/www.euncet.com\/blog\/ca\/author\/redaccion\/"}]}},"_links":{"self":[{"href":"https:\/\/www.euncet.com\/blog\/ca\/wp-json\/wp\/v2\/posts\/65998","targetHints":{"allow":["GET"]}}],"collection":[{"href":"https:\/\/www.euncet.com\/blog\/ca\/wp-json\/wp\/v2\/posts"}],"about":[{"href":"https:\/\/www.euncet.com\/blog\/ca\/wp-json\/wp\/v2\/types\/post"}],"author":[{"embeddable":true,"href":"https:\/\/www.euncet.com\/blog\/ca\/wp-json\/wp\/v2\/users\/30"}],"replies":[{"embeddable":true,"href":"https:\/\/www.euncet.com\/blog\/ca\/wp-json\/wp\/v2\/comments?post=65998"}],"version-history":[{"count":1,"href":"https:\/\/www.euncet.com\/blog\/ca\/wp-json\/wp\/v2\/posts\/65998\/revisions"}],"predecessor-version":[{"id":65999,"href":"https:\/\/www.euncet.com\/blog\/ca\/wp-json\/wp\/v2\/posts\/65998\/revisions\/65999"}],"wp:featuredmedia":[{"embeddable":true,"href":"https:\/\/www.euncet.com\/blog\/ca\/wp-json\/wp\/v2\/media\/65180"}],"wp:attachment":[{"href":"https:\/\/www.euncet.com\/blog\/ca\/wp-json\/wp\/v2\/media?parent=65998"}],"wp:term":[{"taxonomy":"category","embeddable":true,"href":"https:\/\/www.euncet.com\/blog\/ca\/wp-json\/wp\/v2\/categories?post=65998"},{"taxonomy":"post_tag","embeddable":true,"href":"https:\/\/www.euncet.com\/blog\/ca\/wp-json\/wp\/v2\/tags?post=65998"}],"curies":[{"name":"wp","href":"https:\/\/api.w.org\/{rel}","templated":true}]}}