{"id":66007,"date":"2025-10-30T17:12:07","date_gmt":"2025-10-30T16:12:07","guid":{"rendered":"https:\/\/www.euncet.com\/blog\/?p=66007"},"modified":"2025-10-30T17:12:10","modified_gmt":"2025-10-30T16:12:10","slug":"lideratge-empresarial-era-global","status":"publish","type":"post","link":"https:\/\/www.euncet.com\/blog\/ca\/lideratge-empresarial-era-global\/","title":{"rendered":"Per qu\u00e8 els l\u00edders globals pensen diferent?"},"content":{"rendered":"\n<p>Has observat alguna vegada com els grans l\u00edders empresarials semblen tenir una perspectiva completament diferent del m\u00f3n? I \u00e9s que, en un entorn cada vegada m\u00e9s interconnectat, la forma de pensar i actuar de qui dirigeix les organitzacions m\u00e9s exitoses ha evolucionat de manera radical. Per aix\u00f2, a continuaci\u00f3 t&#8217;expliquem qu\u00e8 caracteritza el\u00a0<strong><em>lideratge empresarial en l&#8217;era global<\/em><\/strong>\u00a0i per qu\u00e8 aquests l\u00edders han desenvolupat una mentalitat \u00fanica que els distingeix de la resta. A m\u00e9s, descobrir\u00e0s com pots desenvolupar aquestes compet\u00e8ncies per liderar amb \u00e8xit en el panorama empresarial actual.<\/p><div id=\"ez-toc-container\" class=\"ez-toc-v2_0_82_2 counter-hierarchy ez-toc-counter ez-toc-custom ez-toc-container-direction\">\n<div class=\"ez-toc-title-container\">\n<p class=\"ez-toc-title\" style=\"cursor:inherit\">\u00cdNDEX DE CONTINGUTS<\/p>\n<span class=\"ez-toc-title-toggle\"><a href=\"#\" class=\"ez-toc-pull-right ez-toc-btn ez-toc-btn-xs ez-toc-btn-default ez-toc-toggle\" aria-label=\"Toggle Table of Content\"><span class=\"ez-toc-js-icon-con\"><span class=\"\"><span class=\"eztoc-hide\" style=\"display:none;\">Toggle<\/span><span class=\"ez-toc-icon-toggle-span\"><svg style=\"fill: #222222;color:#222222\" xmlns=\"http:\/\/www.w3.org\/2000\/svg\" class=\"list-377408\" width=\"20px\" height=\"20px\" viewBox=\"0 0 24 24\" fill=\"none\"><path d=\"M6 6H4v2h2V6zm14 0H8v2h12V6zM4 11h2v2H4v-2zm16 0H8v2h12v-2zM4 16h2v2H4v-2zm16 0H8v2h12v-2z\" fill=\"currentColor\"><\/path><\/svg><svg style=\"fill: #222222;color:#222222\" class=\"arrow-unsorted-368013\" xmlns=\"http:\/\/www.w3.org\/2000\/svg\" width=\"10px\" height=\"10px\" viewBox=\"0 0 24 24\" version=\"1.2\" baseProfile=\"tiny\"><path d=\"M18.2 9.3l-6.2-6.3-6.2 6.3c-.2.2-.3.4-.3.7s.1.5.3.7c.2.2.4.3.7.3h11c.3 0 .5-.1.7-.3.2-.2.3-.5.3-.7s-.1-.5-.3-.7zM5.8 14.7l6.2 6.3 6.2-6.3c.2-.2.3-.5.3-.7s-.1-.5-.3-.7c-.2-.2-.4-.3-.7-.3h-11c-.3 0-.5.1-.7.3-.2.2-.3.5-.3.7s.1.5.3.7z\"\/><\/svg><\/span><\/span><\/span><\/a><\/span><\/div>\n<nav><ul class='ez-toc-list ez-toc-list-level-1 ' ><li class='ez-toc-page-1 ez-toc-heading-level-2'><a class=\"ez-toc-link ez-toc-heading-1\" href=\"https:\/\/www.euncet.com\/blog\/ca\/lideratge-empresarial-era-global\/#Lideratge_empresarial_en_lera_global_una_nova_forma_de_pensar\" >Lideratge empresarial en l&#8217;era global: una nova forma de pensar<\/a><\/li><li class='ez-toc-page-1 ez-toc-heading-level-2'><a class=\"ez-toc-link ez-toc-heading-2\" href=\"https:\/\/www.euncet.com\/blog\/ca\/lideratge-empresarial-era-global\/#La_mentalitat_global_mes_enlla_de_les_fronteres_tradicionals\" >La mentalitat global: m\u00e9s enll\u00e0 de les fronteres tradicionals<\/a><\/li><li class='ez-toc-page-1 ez-toc-heading-level-2'><a class=\"ez-toc-link ez-toc-heading-3\" href=\"https:\/\/www.euncet.com\/blog\/ca\/lideratge-empresarial-era-global\/#Caracteristiques_distintives_del_pensament_de_liders_globals\" >Caracter\u00edstiques distintives del pensament de l\u00edders globals<\/a><\/li><li class='ez-toc-page-1 ez-toc-heading-level-2'><a class=\"ez-toc-link ez-toc-heading-4\" href=\"https:\/\/www.euncet.com\/blog\/ca\/lideratge-empresarial-era-global\/#Els_pilars_del_pensament_global_en_el_lideratge_modern\" >Els pilars del pensament global en el lideratge modern<\/a><\/li><li class='ez-toc-page-1 ez-toc-heading-level-2'><a class=\"ez-toc-link ez-toc-heading-5\" href=\"https:\/\/www.euncet.com\/blog\/ca\/lideratge-empresarial-era-global\/#La_transformacio_digital_com_a_catalitzador_del_lideratge_global\" >La transformaci\u00f3 digital com a catalitzador del lideratge global<\/a><\/li><li class='ez-toc-page-1 ez-toc-heading-level-2'><a class=\"ez-toc-link ez-toc-heading-6\" href=\"https:\/\/www.euncet.com\/blog\/ca\/lideratge-empresarial-era-global\/#Com_desenvolupar_una_mentalitat_de_lideratge_global\" >Com desenvolupar una mentalitat de lideratge global?<\/a><\/li><li class='ez-toc-page-1 ez-toc-heading-level-2'><a class=\"ez-toc-link ez-toc-heading-7\" href=\"https:\/\/www.euncet.com\/blog\/ca\/lideratge-empresarial-era-global\/#Tens_dubtes_sobre_el_lideratge_global\" >Tens dubtes sobre el lideratge global?<\/a><\/li><li class='ez-toc-page-1 ez-toc-heading-level-2'><a class=\"ez-toc-link ez-toc-heading-8\" href=\"https:\/\/www.euncet.com\/blog\/ca\/lideratge-empresarial-era-global\/#Transforma_el_teu_lideratge_amb_una_visio_global\" >Transforma el teu lideratge amb una visi\u00f3 global<\/a><\/li><\/ul><\/nav><\/div>\n\n\n\n\n<h2 class=\"wp-block-heading\"><span class=\"ez-toc-section\" id=\"Lideratge_empresarial_en_lera_global_una_nova_forma_de_pensar\"><\/span>Lideratge empresarial en l&#8217;era global: una nova forma de pensar<span class=\"ez-toc-section-end\"><\/span><\/h2>\n\n\n\n<p>El&nbsp;<strong>lideratge empresarial en l&#8217;era global<\/strong>&nbsp;representa una evoluci\u00f3 fonamental en la manera de dirigir organitzacions. A difer\u00e8ncia del lideratge tradicional, que se centrava en mercats locals i estructures jer\u00e0rquiques r\u00edgides, els l\u00edders globals han desenvolupat una mentalitat que transcendeix fronteres geogr\u00e0fiques, culturals i sectorials.<\/p>\n\n\n\n<p>Aquesta nova forma de lideratge es caracteritza per la capacitat de pensar de manera sist\u00e8mica, considerant m\u00faltiples variables simult\u00e0niament i adaptant-se constantment a entorns canviants. Els l\u00edders globals no nom\u00e9s gestionen empreses, sin\u00f3 que orquestren ecosistemes complexos on la col\u00b7laboraci\u00f3, la innovaci\u00f3 i la sostenibilitat s\u00f3n pilars fonamentals.<\/p>\n\n\n\n<h2 class=\"wp-block-heading\"><span class=\"ez-toc-section\" id=\"La_mentalitat_global_mes_enlla_de_les_fronteres_tradicionals\"><\/span>La mentalitat global: m\u00e9s enll\u00e0 de les fronteres tradicionals<span class=\"ez-toc-section-end\"><\/span><\/h2>\n\n\n\n<p>Els l\u00edders globals han desenvolupat el que es coneix com a \u00abmentalitat global\u00bb, una forma de pensar que els permet veure oportunitats on altres veuen obstacles. Aquesta mentalitat es caracteritza per la capacitat d&#8217;integrar perspectives diverses, comprendre les interconnexions entre mercats i anticipar tend\u00e8ncies que afectaran m\u00faltiples regions simult\u00e0niament.<\/p>\n\n\n\n<p>A m\u00e9s, aquests l\u00edders entenen que la diversitat cultural no \u00e9s nom\u00e9s una responsabilitat social, sin\u00f3 un avantatge competitiu. Saben que els equips diversos generen solucions m\u00e9s innovadores i que la inclusi\u00f3 de diferents perspectives culturals enriqueix la presa de decisions estrat\u00e8giques.<\/p>\n\n\n\n<h2 class=\"wp-block-heading\"><span class=\"ez-toc-section\" id=\"Caracteristiques_distintives_del_pensament_de_liders_globals\"><\/span>Caracter\u00edstiques distintives del pensament de l\u00edders globals<span class=\"ez-toc-section-end\"><\/span><\/h2>\n\n\n\n<p>Per entendre millor qu\u00e8 fa \u00fanics aquests l\u00edders, \u00e9s fonamental analitzar les caracter\u00edstiques espec\u00edfiques que defineixen la seva forma de pensar i actuar:<\/p>\n\n\n\n<figure class=\"wp-block-table\"><table class=\"has-fixed-layout\"><thead><tr><th>Caracter\u00edstica<\/th><th>L\u00edders Tradicionals<\/th><th>L\u00edders Globals<\/th><\/tr><\/thead><tbody><tr><td><strong>Perspectiva temporal<\/strong><\/td><td>Enfocament a curt-mitj\u00e0 termini<\/td><td>Visi\u00f3 a llarg termini amb impacte generacional<\/td><\/tr><tr><td><strong>Abast geogr\u00e0fic<\/strong><\/td><td>Mercat local o regional<\/td><td>Perspectiva mundial i interconnectada<\/td><\/tr><tr><td><strong>Gesti\u00f3 de la diversitat<\/strong><\/td><td>Homogene\u00eftat cultural<\/td><td>Aprofitament de la diversitat com a avantatge<\/td><\/tr><tr><td><strong>Adaptabilitat<\/strong><\/td><td>Resist\u00e8ncia al canvi<\/td><td>Agilitat i flexibilitat constant<\/td><\/tr><tr><td><strong>Col\u00b7laboraci\u00f3<\/strong><\/td><td>Compet\u00e8ncia interna<\/td><td>Ecosistemes col\u00b7laboratius globals<\/td><\/tr><tr><td><strong>Sostenibilitat<\/strong><\/td><td>Benefici econ\u00f2mic prioritari<\/td><td>Triple impacte: econ\u00f2mic, social i ambiental<\/td><\/tr><\/tbody><\/table><\/figure>\n\n\n\n<h2 class=\"wp-block-heading\"><span class=\"ez-toc-section\" id=\"Els_pilars_del_pensament_global_en_el_lideratge_modern\"><\/span>Els pilars del pensament global en el lideratge modern<span class=\"ez-toc-section-end\"><\/span><\/h2>\n\n\n\n<p>El\u00a0<strong>lideratge empresarial en l&#8217;era global<\/strong>\u00a0se sustenta en cinc pilars fonamentals. En primer lloc, la\u00a0intel\u00b7lig\u00e8ncia cultural\u00a0els permet navegar efica\u00e7ment en entorns multiculturals, comprenent les subtileses de diferents mercats i adaptant les seves estrat\u00e8gies segons el context local.<\/p>\n\n\n\n<p>A m\u00e9s, desenvolupen un\u00a0pensament sist\u00e8mic\u00a0que els permet veure les interconnexions entre diferents elements de l&#8217;organitzaci\u00f3 i del mercat global. D&#8217;altra banda, cultiven l&#8217;agilitat estrat\u00e8gica, que els permet pivotar r\u00e0pidament quan les condicions del mercat canvien. Aix\u00ed mateix, practiquen el\u00a0lideratge inclusiu, creant entorns on totes les veus s\u00f3n escoltades i valorades. Finalment, mantenen una\u00a0mentalitat de creixement\u00a0que els impulsa a aprendre cont\u00ednuament.<\/p>\n\n\n\n<h2 class=\"wp-block-heading\"><span class=\"ez-toc-section\" id=\"La_transformacio_digital_com_a_catalitzador_del_lideratge_global\"><\/span>La transformaci\u00f3 digital com a catalitzador del lideratge global<span class=\"ez-toc-section-end\"><\/span><\/h2>\n\n\n\n<p>La revoluci\u00f3 digital ha estat un catalitzador fonamental en l&#8217;evoluci\u00f3 del lideratge global. Els l\u00edders d&#8217;avui entenen que la tecnologia no \u00e9s nom\u00e9s una eina, sin\u00f3 un possibilitador que transforma completament la manera de fer negocis. Utilitzen la intel\u00b7lig\u00e8ncia artificial, l&#8217;an\u00e0lisi de <a href=\"https:\/\/www.euncet.com\/blog\/es\/big-data-toma-decisiones-guia-directivos\/\" target=\"_blank\" rel=\"noreferrer noopener\">Big Data<\/a> i les plataformes digitals per prendre decisions m\u00e9s informades i connectar amb stakeholders a tot el m\u00f3n.<\/p>\n\n\n\n<p>Aquesta transformaci\u00f3 digital tamb\u00e9 ha democratitzat l&#8217;acc\u00e9s a la informaci\u00f3 i ha accelerat la velocitat dels canvis en el mercat. Els l\u00edders globals han apr\u00e8s a aprofitar aquestes eines per crear avantatges competitius sostenibles i desenvolupar nous models de negoci.<\/p>\n\n\n\n<h2 class=\"wp-block-heading\"><span class=\"ez-toc-section\" id=\"Com_desenvolupar_una_mentalitat_de_lideratge_global\"><\/span>Com desenvolupar una mentalitat de lideratge global?<span class=\"ez-toc-section-end\"><\/span><\/h2>\n\n\n\n<p>Desenvolupar una mentalitat de lideratge global requereix dedicaci\u00f3 i pr\u00e0ctica constant. El primer pas \u00e9s cultivar la curiositat intel\u00b7lectual i l&#8217;obertura mental per comprendre diferents perspectives culturals i formes de fer negocis.<\/p>\n\n\n\n<p>Tamb\u00e9 \u00e9s fonamental desenvolupar habilitats de comunicaci\u00f3 intercultural i aprendre a treballar efectivament amb equips diversos. Aix\u00f2 implica no nom\u00e9s dominar idiomes addicionals, sin\u00f3 tamb\u00e9 comprendre les subtileses de la comunicaci\u00f3 no verbal i els codis culturals que influeixen en les relacions comercials.<\/p>\n\n\n\n<h2 class=\"wp-block-heading\"><span class=\"ez-toc-section\" id=\"Tens_dubtes_sobre_el_lideratge_global\"><\/span>Tens dubtes sobre el lideratge global?<span class=\"ez-toc-section-end\"><\/span><\/h2>\n\n\n\n<h3 class=\"wp-block-heading\">Qu\u00e8 diferencia un l\u00edder global d&#8217;un l\u00edder tradicional en la presa de decisions?<\/h3>\n\n\n\n<p>Els l\u00edders globals prenen decisions considerant m\u00faltiples variables simult\u00e0niament, incloent impactes culturals, regulatoris i econ\u00f2mics en diferents mercats. A difer\u00e8ncia dels l\u00edders tradicionals que s&#8217;enfoquen principalment en m\u00e8triques financeres locals, els l\u00edders globals avaluen les conseq\u00fc\u00e8ncies a llarg termini de les seves decisions en tot l&#8217;ecosistema empresarial. Utilitzen dades de m\u00faltiples fonts, consulten amb <a href=\"https:\/\/emprendedores.es\/gestion\/que-son-stakeholders\/\" target=\"_blank\" rel=\"noreferrer noopener\">stakeholders<\/a> diversos i consideren escenaris complexos abans d&#8217;actuar. A m\u00e9s, les seves decisions estan guiades per principis de sostenibilitat i responsabilitat social, entenent que l&#8217;\u00e8xit empresarial modern requereix un equilibri entre rendibilitat, impacte social i preservaci\u00f3 ambiental.<\/p>\n\n\n\n<h3 class=\"wp-block-heading\">Com mantenen la cohesi\u00f3 en equips distribu\u00efts globalment?<\/h3>\n\n\n\n<p>Mantenir la cohesi\u00f3 en equips globalment distribu\u00efts requereix una combinaci\u00f3 de tecnologia avan\u00e7ada, comunicaci\u00f3 estrat\u00e8gica i cultura organitzacional s\u00f2lida. Els l\u00edders globals utilitzen plataformes digitals col\u00b7laboratives per facilitar la comunicaci\u00f3 en temps real, estableixen rituals virtuals que enforteixen els vincles de l&#8217;equip i creen oportunitats regulars per a interaccions cara a cara, ja sigui a trav\u00e9s de reunions presencials peri\u00f2diques o esdeveniments corporatius globals. Tamb\u00e9 desenvolupen sistemes de reconeixement i recompenses que transcendeixen les difer\u00e8ncies culturals, assegurant que tots els membres de l&#8217;equip se sentin valorats independentment de la seva ubicaci\u00f3 geogr\u00e0fica. La clau est\u00e0 a crear una cultura compartida que uneixi les persones m\u00e9s enll\u00e0 de les dist\u00e0ncies f\u00edsiques.<\/p>\n\n\n\n<h3 class=\"wp-block-heading\">Quin paper juga la tecnologia en el lideratge empresarial global?<\/h3>\n\n\n\n<p>La tecnologia s&#8217;ha convertit en una eina fonamental per als l\u00edders globals, permetent-los processar grans volums d&#8217;informaci\u00f3 de m\u00faltiples mercats i identificar patrons que serien impossibles de detectar manualment. Els l\u00edders utilitzen intel\u00b7lig\u00e8ncia artificial per a an\u00e0lisis predictives, optimitzaci\u00f3 d&#8217;operacions globals, personalitzaci\u00f3 de productes segons mercats locals, i automatitzaci\u00f3 de processos rutinaris que alliberen temps per a activitats estrat\u00e8giques. Tamb\u00e9 empren <a href=\"https:\/\/www.euncet.com\/blog\/es\/inteligencia-artificial-empresa-guia-implementacion\/\" target=\"_blank\" rel=\"noreferrer noopener\">sistemes d&#8217;IA<\/a> per millorar la presa de decisions, ja que aquests sistemes poden analitzar escenaris complexos i proporcionar recomanacions basades en dades hist\u00f2riques i tend\u00e8ncies del mercat. No obstant aix\u00f2, els l\u00edders globals entenen que la tecnologia complementa, per\u00f2 no reempla\u00e7a, el judici hum\u00e0 necessari per liderar organitzacions.<\/p>\n\n\n\n<h3 class=\"wp-block-heading\">Quines s\u00f3n les compet\u00e8ncies m\u00e9s importants per al lideratge global?<\/h3>\n\n\n\n<p>Les compet\u00e8ncies essencials per al lideratge global inclouen la intel\u00b7lig\u00e8ncia cultural, que permet navegar efectivament en entorns multiculturals; el pensament sist\u00e8mic, per comprendre les interconnexions complexes en mercats globals; i l&#8217;agilitat estrat\u00e8gica, per adaptar-se r\u00e0pidament a canvis de l&#8217;entorn. Tamb\u00e9 \u00e9s crucial desenvolupar habilitats de comunicaci\u00f3 intercultural, capacitat de gesti\u00f3 de l&#8217;ambig\u00fcitat i toler\u00e0ncia a la incertesa. Els futurs l\u00edders globals han de cultivar l&#8217;empatia i la intel\u00b7lig\u00e8ncia emocional per connectar amb persones de diferents cultures, aix\u00ed com compet\u00e8ncies digitals avan\u00e7ades per aprofitar les tecnologies emergents. Finalment, han de desenvolupar una mentalitat d&#8217;aprenentatge continu, ja que l&#8217;entorn global canvia constantment i requereix actualitzaci\u00f3 constant de coneixements i habilitats.<\/p>\n\n\n\n<h3 class=\"wp-block-heading\">Com impacta la sostenibilitat en les decisions de l\u00edders globals?<\/h3>\n\n\n\n<p>La sostenibilitat s&#8217;ha convertit en un factor central en la presa de decisions dels l\u00edders globals, que entenen que l&#8217;\u00e8xit empresarial a llarg termini dep\u00e8n de l&#8217;equilibri entre rendibilitat, impacte social i preservaci\u00f3 ambiental. Aquests l\u00edders integren criteris ESG (Environmental, Social, and Governance) en totes les seves decisions estrat\u00e8giques, des de la selecci\u00f3 de prove\u00efdors fins al desenvolupament de nous productes. Reconeixen que els consumidors, inversors i empleats valoren cada vegada m\u00e9s les pr\u00e0ctiques sostenibles, i que les empreses que no adoptin aquests principis enfrontaran desavantatges competitius significatius. A m\u00e9s, aprofiten la sostenibilitat com a font d&#8217;innovaci\u00f3, desenvolupant solucions que no nom\u00e9s redueixen l&#8217;impacte ambiental, sin\u00f3 que tamb\u00e9 creen noves oportunitats de mercat i generen valor econ\u00f2mic.<\/p>\n\n\n\n<h2 class=\"wp-block-heading\"><span class=\"ez-toc-section\" id=\"Transforma_el_teu_lideratge_amb_una_visio_global\"><\/span>Transforma el teu lideratge amb una visi\u00f3 global<span class=\"ez-toc-section-end\"><\/span><\/h2>\n\n\n\n<p>Est\u00e0s preparat per desenvolupar la mentalitat que caracteritza els l\u00edders m\u00e9s exitosos del m\u00f3n? El\u00a0<strong>lideratge empresarial en l&#8217;era global<\/strong>\u00a0requereix una formaci\u00f3 especialitzada que combini coneixements estrat\u00e8gics, habilitats interculturals i una comprensi\u00f3 profunda dels mercats internacionals. El <a href=\"https:\/\/www.euncet.com\/es\/executive-education\/mba-barcelona\/\" target=\"_blank\" rel=\"noreferrer noopener\">Global Executive MBA d&#8217;Euncet Business School<\/a> est\u00e0 dissenyat espec\u00edficament per desenvolupar aquestes compet\u00e8ncies en professionals ambiciosos com tu.<\/p>\n\n\n\n<p>Amb una metodologia que combina casos reals, networking exclusiu amb l\u00edders globals i una perspectiva 360\u00ba del management internacional, aquest programa et preparar\u00e0 per liderar la transformaci\u00f3 empresarial en qualsevol part del m\u00f3n. Disponible en modalitats presencial i online, amb la flexibilitat que necessites per compatibilitzar el teu desenvolupament professional amb les teves responsabilitats actuals. Fes el pas cap al lideratge global i <a href=\"https:\/\/online.euncet.es\/contact\">sol\u00b7licita informaci\u00f3<\/a> avui mateix!<\/p>\n","protected":false},"excerpt":{"rendered":"<p>Has observat alguna vegada com els grans l\u00edders empresarials semblen tenir una perspectiva completament diferent del m\u00f3n? I \u00e9s que, en un entorn cada vegada m\u00e9s interconnectat, la forma de pensar i actuar de qui dirigeix les organitzacions m\u00e9s exitoses ha evolucionat de manera radical. Per aix\u00f2, a continuaci\u00f3 t&#8217;expliquem qu\u00e8 caracteritza el\u00a0lideratge empresarial en [&hellip;]<\/p>\n","protected":false},"author":29,"featured_media":65332,"comment_status":"open","ping_status":"open","sticky":false,"template":"","format":"standard","meta":{"_acf_changed":false,"footnotes":""},"categories":[453],"tags":[537],"class_list":["post-66007","post","type-post","status-publish","format-standard","has-post-thumbnail","hentry","category-leadership-management-ca","tag-lideratge-empresarial-en-lera-global"],"acf":[],"yoast_head":"<!-- This site is optimized with the Yoast SEO plugin v27.5 - https:\/\/yoast.com\/product\/yoast-seo-wordpress\/ -->\n<title>Lideratge empresarial en l&#039;era global \u25b6 DESCOBREIX per qu\u00e8 pensen diferent<\/title>\n<meta name=\"description\" content=\"Lideratge empresarial en l&#039;era global \u25b6 Coneix per qu\u00e8 els l\u00edders globals pensen diferent i com desenvolupar aquesta MENTALITAT.\" \/>\n<meta name=\"robots\" content=\"index, follow, max-snippet:-1, max-image-preview:large, max-video-preview:-1\" \/>\n<link rel=\"canonical\" href=\"https:\/\/www.euncet.com\/blog\/ca\/lideratge-empresarial-era-global\/\" \/>\n<meta property=\"og:locale\" content=\"ca_ES\" \/>\n<meta property=\"og:type\" content=\"article\" \/>\n<meta property=\"og:title\" content=\"Lideratge empresarial en l&#039;era global \u25b6 DESCOBREIX per qu\u00e8 pensen diferent\" \/>\n<meta property=\"og:description\" content=\"Lideratge empresarial en l&#039;era global \u25b6 Coneix per qu\u00e8 els l\u00edders globals pensen diferent i com desenvolupar aquesta MENTALITAT.\" \/>\n<meta property=\"og:url\" content=\"https:\/\/www.euncet.com\/blog\/ca\/lideratge-empresarial-era-global\/\" \/>\n<meta property=\"og:site_name\" content=\"Euncet Business School\" \/>\n<meta property=\"article:publisher\" content=\"https:\/\/www.facebook.com\/euncet\" \/>\n<meta property=\"article:published_time\" content=\"2025-10-30T16:12:07+00:00\" \/>\n<meta property=\"article:modified_time\" content=\"2025-10-30T16:12:10+00:00\" \/>\n<meta property=\"og:image\" content=\"https:\/\/www.euncet.com\/blog\/wp-content\/uploads\/2025\/09\/lideres-globales-piensan-distinto-1059.png\" \/>\n\t<meta property=\"og:image:width\" content=\"1000\" \/>\n\t<meta property=\"og:image:height\" content=\"715\" \/>\n\t<meta property=\"og:image:type\" content=\"image\/png\" \/>\n<meta name=\"author\" content=\"cc@contenidosclick.es\" \/>\n<meta name=\"twitter:card\" content=\"summary_large_image\" \/>\n<meta name=\"twitter:creator\" content=\"@euncet\" \/>\n<meta name=\"twitter:site\" content=\"@euncet\" \/>\n<meta name=\"twitter:label1\" content=\"Escrit per\" \/>\n\t<meta name=\"twitter:data1\" content=\"cc@contenidosclick.es\" \/>\n\t<meta name=\"twitter:label2\" content=\"Temps estimat de lectura\" \/>\n\t<meta name=\"twitter:data2\" content=\"7 minuts\" \/>\n<script type=\"application\/ld+json\" class=\"yoast-schema-graph\">{\"@context\":\"https:\\\/\\\/schema.org\",\"@graph\":[{\"@type\":\"Article\",\"@id\":\"https:\\\/\\\/www.euncet.com\\\/blog\\\/ca\\\/lideratge-empresarial-era-global\\\/#article\",\"isPartOf\":{\"@id\":\"https:\\\/\\\/www.euncet.com\\\/blog\\\/ca\\\/lideratge-empresarial-era-global\\\/\"},\"author\":{\"name\":\"cc@contenidosclick.es\",\"@id\":\"https:\\\/\\\/www.euncet.com\\\/blog\\\/ca\\\/#\\\/schema\\\/person\\\/0e051e776e0faf3439e589d51c6ffbbf\"},\"headline\":\"Per qu\u00e8 els l\u00edders globals pensen diferent?\",\"datePublished\":\"2025-10-30T16:12:07+00:00\",\"dateModified\":\"2025-10-30T16:12:10+00:00\",\"mainEntityOfPage\":{\"@id\":\"https:\\\/\\\/www.euncet.com\\\/blog\\\/ca\\\/lideratge-empresarial-era-global\\\/\"},\"wordCount\":1609,\"commentCount\":0,\"image\":{\"@id\":\"https:\\\/\\\/www.euncet.com\\\/blog\\\/ca\\\/lideratge-empresarial-era-global\\\/#primaryimage\"},\"thumbnailUrl\":\"https:\\\/\\\/www.euncet.com\\\/blog\\\/wp-content\\\/uploads\\\/2025\\\/09\\\/lideres-globales-piensan-distinto-1059.png\",\"keywords\":[\"lideratge empresarial en l'era global\"],\"articleSection\":[\"Leadership &amp; Management: tend\u00e8ncies\"],\"inLanguage\":\"ca\",\"potentialAction\":[{\"@type\":\"CommentAction\",\"name\":\"Comment\",\"target\":[\"https:\\\/\\\/www.euncet.com\\\/blog\\\/ca\\\/lideratge-empresarial-era-global\\\/#respond\"]}]},{\"@type\":\"WebPage\",\"@id\":\"https:\\\/\\\/www.euncet.com\\\/blog\\\/ca\\\/lideratge-empresarial-era-global\\\/\",\"url\":\"https:\\\/\\\/www.euncet.com\\\/blog\\\/ca\\\/lideratge-empresarial-era-global\\\/\",\"name\":\"Lideratge empresarial en l'era global \u25b6 DESCOBREIX per qu\u00e8 pensen diferent\",\"isPartOf\":{\"@id\":\"https:\\\/\\\/www.euncet.com\\\/blog\\\/ca\\\/#website\"},\"primaryImageOfPage\":{\"@id\":\"https:\\\/\\\/www.euncet.com\\\/blog\\\/ca\\\/lideratge-empresarial-era-global\\\/#primaryimage\"},\"image\":{\"@id\":\"https:\\\/\\\/www.euncet.com\\\/blog\\\/ca\\\/lideratge-empresarial-era-global\\\/#primaryimage\"},\"thumbnailUrl\":\"https:\\\/\\\/www.euncet.com\\\/blog\\\/wp-content\\\/uploads\\\/2025\\\/09\\\/lideres-globales-piensan-distinto-1059.png\",\"datePublished\":\"2025-10-30T16:12:07+00:00\",\"dateModified\":\"2025-10-30T16:12:10+00:00\",\"author\":{\"@id\":\"https:\\\/\\\/www.euncet.com\\\/blog\\\/ca\\\/#\\\/schema\\\/person\\\/0e051e776e0faf3439e589d51c6ffbbf\"},\"description\":\"Lideratge empresarial en l'era global \u25b6 Coneix per qu\u00e8 els l\u00edders globals pensen diferent i com desenvolupar aquesta MENTALITAT.\",\"breadcrumb\":{\"@id\":\"https:\\\/\\\/www.euncet.com\\\/blog\\\/ca\\\/lideratge-empresarial-era-global\\\/#breadcrumb\"},\"inLanguage\":\"ca\",\"potentialAction\":[{\"@type\":\"ReadAction\",\"target\":[\"https:\\\/\\\/www.euncet.com\\\/blog\\\/ca\\\/lideratge-empresarial-era-global\\\/\"]}]},{\"@type\":\"ImageObject\",\"inLanguage\":\"ca\",\"@id\":\"https:\\\/\\\/www.euncet.com\\\/blog\\\/ca\\\/lideratge-empresarial-era-global\\\/#primaryimage\",\"url\":\"https:\\\/\\\/www.euncet.com\\\/blog\\\/wp-content\\\/uploads\\\/2025\\\/09\\\/lideres-globales-piensan-distinto-1059.png\",\"contentUrl\":\"https:\\\/\\\/www.euncet.com\\\/blog\\\/wp-content\\\/uploads\\\/2025\\\/09\\\/lideres-globales-piensan-distinto-1059.png\",\"width\":1000,\"height\":715,\"caption\":\"\u00bfPor qu\u00e9 los l\u00edderes globales piensan distinto?\"},{\"@type\":\"BreadcrumbList\",\"@id\":\"https:\\\/\\\/www.euncet.com\\\/blog\\\/ca\\\/lideratge-empresarial-era-global\\\/#breadcrumb\",\"itemListElement\":[{\"@type\":\"ListItem\",\"position\":1,\"name\":\"Portada\",\"item\":\"https:\\\/\\\/www.euncet.com\\\/blog\\\/ca\\\/\"},{\"@type\":\"ListItem\",\"position\":2,\"name\":\"Per qu\u00e8 els l\u00edders globals pensen diferent?\"}]},{\"@type\":\"WebSite\",\"@id\":\"https:\\\/\\\/www.euncet.com\\\/blog\\\/ca\\\/#website\",\"url\":\"https:\\\/\\\/www.euncet.com\\\/blog\\\/ca\\\/\",\"name\":\"Euncet Business School\",\"description\":\"Escuela de negocios\",\"potentialAction\":[{\"@type\":\"SearchAction\",\"target\":{\"@type\":\"EntryPoint\",\"urlTemplate\":\"https:\\\/\\\/www.euncet.com\\\/blog\\\/ca\\\/?s={search_term_string}\"},\"query-input\":{\"@type\":\"PropertyValueSpecification\",\"valueRequired\":true,\"valueName\":\"search_term_string\"}}],\"inLanguage\":\"ca\"},{\"@type\":\"Person\",\"@id\":\"https:\\\/\\\/www.euncet.com\\\/blog\\\/ca\\\/#\\\/schema\\\/person\\\/0e051e776e0faf3439e589d51c6ffbbf\",\"name\":\"cc@contenidosclick.es\",\"image\":{\"@type\":\"ImageObject\",\"inLanguage\":\"ca\",\"@id\":\"https:\\\/\\\/secure.gravatar.com\\\/avatar\\\/357802666a6fdb068df5668f6b7e54f6bf8552413e68ae49eec126407f15fbeb?s=96&d=mm&r=g\",\"url\":\"https:\\\/\\\/secure.gravatar.com\\\/avatar\\\/357802666a6fdb068df5668f6b7e54f6bf8552413e68ae49eec126407f15fbeb?s=96&d=mm&r=g\",\"contentUrl\":\"https:\\\/\\\/secure.gravatar.com\\\/avatar\\\/357802666a6fdb068df5668f6b7e54f6bf8552413e68ae49eec126407f15fbeb?s=96&d=mm&r=g\",\"caption\":\"cc@contenidosclick.es\"},\"url\":\"https:\\\/\\\/www.euncet.com\\\/blog\\\/ca\\\/author\\\/cccontenidosclick-es\\\/\"}]}<\/script>\n<!-- \/ Yoast SEO plugin. -->","yoast_head_json":{"title":"Lideratge empresarial en l'era global \u25b6 DESCOBREIX per qu\u00e8 pensen diferent","description":"Lideratge empresarial en l'era global \u25b6 Coneix per qu\u00e8 els l\u00edders globals pensen diferent i com desenvolupar aquesta MENTALITAT.","robots":{"index":"index","follow":"follow","max-snippet":"max-snippet:-1","max-image-preview":"max-image-preview:large","max-video-preview":"max-video-preview:-1"},"canonical":"https:\/\/www.euncet.com\/blog\/ca\/lideratge-empresarial-era-global\/","og_locale":"ca_ES","og_type":"article","og_title":"Lideratge empresarial en l'era global \u25b6 DESCOBREIX per qu\u00e8 pensen diferent","og_description":"Lideratge empresarial en l'era global \u25b6 Coneix per qu\u00e8 els l\u00edders globals pensen diferent i com desenvolupar aquesta MENTALITAT.","og_url":"https:\/\/www.euncet.com\/blog\/ca\/lideratge-empresarial-era-global\/","og_site_name":"Euncet Business School","article_publisher":"https:\/\/www.facebook.com\/euncet","article_published_time":"2025-10-30T16:12:07+00:00","article_modified_time":"2025-10-30T16:12:10+00:00","og_image":[{"width":1000,"height":715,"url":"https:\/\/www.euncet.com\/blog\/wp-content\/uploads\/2025\/09\/lideres-globales-piensan-distinto-1059.png","type":"image\/png"}],"author":"cc@contenidosclick.es","twitter_card":"summary_large_image","twitter_creator":"@euncet","twitter_site":"@euncet","twitter_misc":{"Escrit per":"cc@contenidosclick.es","Temps estimat de lectura":"7 minuts"},"schema":{"@context":"https:\/\/schema.org","@graph":[{"@type":"Article","@id":"https:\/\/www.euncet.com\/blog\/ca\/lideratge-empresarial-era-global\/#article","isPartOf":{"@id":"https:\/\/www.euncet.com\/blog\/ca\/lideratge-empresarial-era-global\/"},"author":{"name":"cc@contenidosclick.es","@id":"https:\/\/www.euncet.com\/blog\/ca\/#\/schema\/person\/0e051e776e0faf3439e589d51c6ffbbf"},"headline":"Per qu\u00e8 els l\u00edders globals pensen diferent?","datePublished":"2025-10-30T16:12:07+00:00","dateModified":"2025-10-30T16:12:10+00:00","mainEntityOfPage":{"@id":"https:\/\/www.euncet.com\/blog\/ca\/lideratge-empresarial-era-global\/"},"wordCount":1609,"commentCount":0,"image":{"@id":"https:\/\/www.euncet.com\/blog\/ca\/lideratge-empresarial-era-global\/#primaryimage"},"thumbnailUrl":"https:\/\/www.euncet.com\/blog\/wp-content\/uploads\/2025\/09\/lideres-globales-piensan-distinto-1059.png","keywords":["lideratge empresarial en l'era global"],"articleSection":["Leadership &amp; Management: tend\u00e8ncies"],"inLanguage":"ca","potentialAction":[{"@type":"CommentAction","name":"Comment","target":["https:\/\/www.euncet.com\/blog\/ca\/lideratge-empresarial-era-global\/#respond"]}]},{"@type":"WebPage","@id":"https:\/\/www.euncet.com\/blog\/ca\/lideratge-empresarial-era-global\/","url":"https:\/\/www.euncet.com\/blog\/ca\/lideratge-empresarial-era-global\/","name":"Lideratge empresarial en l'era global \u25b6 DESCOBREIX per qu\u00e8 pensen diferent","isPartOf":{"@id":"https:\/\/www.euncet.com\/blog\/ca\/#website"},"primaryImageOfPage":{"@id":"https:\/\/www.euncet.com\/blog\/ca\/lideratge-empresarial-era-global\/#primaryimage"},"image":{"@id":"https:\/\/www.euncet.com\/blog\/ca\/lideratge-empresarial-era-global\/#primaryimage"},"thumbnailUrl":"https:\/\/www.euncet.com\/blog\/wp-content\/uploads\/2025\/09\/lideres-globales-piensan-distinto-1059.png","datePublished":"2025-10-30T16:12:07+00:00","dateModified":"2025-10-30T16:12:10+00:00","author":{"@id":"https:\/\/www.euncet.com\/blog\/ca\/#\/schema\/person\/0e051e776e0faf3439e589d51c6ffbbf"},"description":"Lideratge empresarial en l'era global \u25b6 Coneix per qu\u00e8 els l\u00edders globals pensen diferent i com desenvolupar aquesta MENTALITAT.","breadcrumb":{"@id":"https:\/\/www.euncet.com\/blog\/ca\/lideratge-empresarial-era-global\/#breadcrumb"},"inLanguage":"ca","potentialAction":[{"@type":"ReadAction","target":["https:\/\/www.euncet.com\/blog\/ca\/lideratge-empresarial-era-global\/"]}]},{"@type":"ImageObject","inLanguage":"ca","@id":"https:\/\/www.euncet.com\/blog\/ca\/lideratge-empresarial-era-global\/#primaryimage","url":"https:\/\/www.euncet.com\/blog\/wp-content\/uploads\/2025\/09\/lideres-globales-piensan-distinto-1059.png","contentUrl":"https:\/\/www.euncet.com\/blog\/wp-content\/uploads\/2025\/09\/lideres-globales-piensan-distinto-1059.png","width":1000,"height":715,"caption":"\u00bfPor qu\u00e9 los l\u00edderes globales piensan distinto?"},{"@type":"BreadcrumbList","@id":"https:\/\/www.euncet.com\/blog\/ca\/lideratge-empresarial-era-global\/#breadcrumb","itemListElement":[{"@type":"ListItem","position":1,"name":"Portada","item":"https:\/\/www.euncet.com\/blog\/ca\/"},{"@type":"ListItem","position":2,"name":"Per qu\u00e8 els l\u00edders globals pensen diferent?"}]},{"@type":"WebSite","@id":"https:\/\/www.euncet.com\/blog\/ca\/#website","url":"https:\/\/www.euncet.com\/blog\/ca\/","name":"Euncet Business School","description":"Escuela de negocios","potentialAction":[{"@type":"SearchAction","target":{"@type":"EntryPoint","urlTemplate":"https:\/\/www.euncet.com\/blog\/ca\/?s={search_term_string}"},"query-input":{"@type":"PropertyValueSpecification","valueRequired":true,"valueName":"search_term_string"}}],"inLanguage":"ca"},{"@type":"Person","@id":"https:\/\/www.euncet.com\/blog\/ca\/#\/schema\/person\/0e051e776e0faf3439e589d51c6ffbbf","name":"cc@contenidosclick.es","image":{"@type":"ImageObject","inLanguage":"ca","@id":"https:\/\/secure.gravatar.com\/avatar\/357802666a6fdb068df5668f6b7e54f6bf8552413e68ae49eec126407f15fbeb?s=96&d=mm&r=g","url":"https:\/\/secure.gravatar.com\/avatar\/357802666a6fdb068df5668f6b7e54f6bf8552413e68ae49eec126407f15fbeb?s=96&d=mm&r=g","contentUrl":"https:\/\/secure.gravatar.com\/avatar\/357802666a6fdb068df5668f6b7e54f6bf8552413e68ae49eec126407f15fbeb?s=96&d=mm&r=g","caption":"cc@contenidosclick.es"},"url":"https:\/\/www.euncet.com\/blog\/ca\/author\/cccontenidosclick-es\/"}]}},"_links":{"self":[{"href":"https:\/\/www.euncet.com\/blog\/ca\/wp-json\/wp\/v2\/posts\/66007","targetHints":{"allow":["GET"]}}],"collection":[{"href":"https:\/\/www.euncet.com\/blog\/ca\/wp-json\/wp\/v2\/posts"}],"about":[{"href":"https:\/\/www.euncet.com\/blog\/ca\/wp-json\/wp\/v2\/types\/post"}],"author":[{"embeddable":true,"href":"https:\/\/www.euncet.com\/blog\/ca\/wp-json\/wp\/v2\/users\/29"}],"replies":[{"embeddable":true,"href":"https:\/\/www.euncet.com\/blog\/ca\/wp-json\/wp\/v2\/comments?post=66007"}],"version-history":[{"count":1,"href":"https:\/\/www.euncet.com\/blog\/ca\/wp-json\/wp\/v2\/posts\/66007\/revisions"}],"predecessor-version":[{"id":66008,"href":"https:\/\/www.euncet.com\/blog\/ca\/wp-json\/wp\/v2\/posts\/66007\/revisions\/66008"}],"wp:featuredmedia":[{"embeddable":true,"href":"https:\/\/www.euncet.com\/blog\/ca\/wp-json\/wp\/v2\/media\/65332"}],"wp:attachment":[{"href":"https:\/\/www.euncet.com\/blog\/ca\/wp-json\/wp\/v2\/media?parent=66007"}],"wp:term":[{"taxonomy":"category","embeddable":true,"href":"https:\/\/www.euncet.com\/blog\/ca\/wp-json\/wp\/v2\/categories?post=66007"},{"taxonomy":"post_tag","embeddable":true,"href":"https:\/\/www.euncet.com\/blog\/ca\/wp-json\/wp\/v2\/tags?post=66007"}],"curies":[{"name":"wp","href":"https:\/\/api.w.org\/{rel}","templated":true}]}}