{"id":66037,"date":"2025-11-03T13:45:34","date_gmt":"2025-11-03T12:45:34","guid":{"rendered":"https:\/\/www.euncet.com\/blog\/?p=66037"},"modified":"2025-11-03T13:45:38","modified_gmt":"2025-11-03T12:45:38","slug":"les-competencies-mes-valorades-avui-per-les-empreses","status":"publish","type":"post","link":"https:\/\/www.euncet.com\/blog\/ca\/les-competencies-mes-valorades-avui-per-les-empreses\/","title":{"rendered":"Les compet\u00e8ncies m\u00e9s valorades avui per les empreses"},"content":{"rendered":"\n<p>El mercat laboral actual est\u00e0 experimentant una transformaci\u00f3 sense precedents en els seus criteris de selecci\u00f3. Mentre les empreses busquen professionals capa\u00e7os d&#8217;adaptar-se a entorns din\u00e0mics, les\u00a0<strong><em>compet\u00e8ncies professionals m\u00e9s demandades<\/em><\/strong>\u00a0han evolucionat cap a un equilibri sofisticat entre habilitats t\u00e8cniques especialitzades i capacitats transversals. A m\u00e9s, aquesta evoluci\u00f3 est\u00e0 redefinint completament els perfils professionals que garanteixen ocupabilitat sostenible i creixement professional accelerat.<\/p><div id=\"ez-toc-container\" class=\"ez-toc-v2_0_82_2 counter-hierarchy ez-toc-counter ez-toc-custom ez-toc-container-direction\">\n<div class=\"ez-toc-title-container\">\n<p class=\"ez-toc-title\" style=\"cursor:inherit\">\u00cdNDEX DE CONTINGUTS<\/p>\n<span class=\"ez-toc-title-toggle\"><a href=\"#\" class=\"ez-toc-pull-right ez-toc-btn ez-toc-btn-xs ez-toc-btn-default ez-toc-toggle\" aria-label=\"Toggle Table of Content\"><span class=\"ez-toc-js-icon-con\"><span class=\"\"><span class=\"eztoc-hide\" style=\"display:none;\">Toggle<\/span><span class=\"ez-toc-icon-toggle-span\"><svg style=\"fill: #222222;color:#222222\" xmlns=\"http:\/\/www.w3.org\/2000\/svg\" class=\"list-377408\" width=\"20px\" height=\"20px\" viewBox=\"0 0 24 24\" fill=\"none\"><path d=\"M6 6H4v2h2V6zm14 0H8v2h12V6zM4 11h2v2H4v-2zm16 0H8v2h12v-2zM4 16h2v2H4v-2zm16 0H8v2h12v-2z\" fill=\"currentColor\"><\/path><\/svg><svg style=\"fill: #222222;color:#222222\" class=\"arrow-unsorted-368013\" xmlns=\"http:\/\/www.w3.org\/2000\/svg\" width=\"10px\" height=\"10px\" viewBox=\"0 0 24 24\" version=\"1.2\" baseProfile=\"tiny\"><path d=\"M18.2 9.3l-6.2-6.3-6.2 6.3c-.2.2-.3.4-.3.7s.1.5.3.7c.2.2.4.3.7.3h11c.3 0 .5-.1.7-.3.2-.2.3-.5.3-.7s-.1-.5-.3-.7zM5.8 14.7l6.2 6.3 6.2-6.3c.2-.2.3-.5.3-.7s-.1-.5-.3-.7c-.2-.2-.4-.3-.7-.3h-11c-.3 0-.5.1-.7.3-.2.2-.3.5-.3.7s.1.5.3.7z\"\/><\/svg><\/span><\/span><\/span><\/a><\/span><\/div>\n<nav><ul class='ez-toc-list ez-toc-list-level-1 ' ><li class='ez-toc-page-1 ez-toc-heading-level-2'><a class=\"ez-toc-link ez-toc-heading-1\" href=\"https:\/\/www.euncet.com\/blog\/ca\/les-competencies-mes-valorades-avui-per-les-empreses\/#Competencies_tecniques_especialitzades_en_alta_demanda\" >Compet\u00e8ncies t\u00e8cniques especialitzades en alta demanda<\/a><\/li><li class='ez-toc-page-1 ez-toc-heading-level-2'><a class=\"ez-toc-link ez-toc-heading-2\" href=\"https:\/\/www.euncet.com\/blog\/ca\/les-competencies-mes-valorades-avui-per-les-empreses\/#Habilitats_transversals_que_marquen_la_diferencia\" >Habilitats transversals que marquen la difer\u00e8ncia<\/a><\/li><li class='ez-toc-page-1 ez-toc-heading-level-2'><a class=\"ez-toc-link ez-toc-heading-3\" href=\"https:\/\/www.euncet.com\/blog\/ca\/les-competencies-mes-valorades-avui-per-les-empreses\/#Competencies_emergents_en_sostenibilitat_i_innovacio\" >Compet\u00e8ncies emergents en sostenibilitat i innovaci\u00f3<\/a><\/li><li class='ez-toc-page-1 ez-toc-heading-level-2'><a class=\"ez-toc-link ez-toc-heading-4\" href=\"https:\/\/www.euncet.com\/blog\/ca\/les-competencies-mes-valorades-avui-per-les-empreses\/#Intelligencia_emocional_i_competencies_interpersonals\" >Intel\u00b7lig\u00e8ncia emocional i compet\u00e8ncies interpersonals<\/a><\/li><li class='ez-toc-page-1 ez-toc-heading-level-2'><a class=\"ez-toc-link ez-toc-heading-5\" href=\"https:\/\/www.euncet.com\/blog\/ca\/les-competencies-mes-valorades-avui-per-les-empreses\/#Competencies_en_gestio_del_canvi_i_agilitat_organitzacional\" >Compet\u00e8ncies en gesti\u00f3 del canvi i agilitat organitzacional<\/a><\/li><li class='ez-toc-page-1 ez-toc-heading-level-2'><a class=\"ez-toc-link ez-toc-heading-6\" href=\"https:\/\/www.euncet.com\/blog\/ca\/les-competencies-mes-valorades-avui-per-les-empreses\/#Desenvolupament_professional_integral_amb_acompanyament_especialitzat\" >Desenvolupament professional integral amb acompanyament especialitzat<\/a><\/li><li class='ez-toc-page-1 ez-toc-heading-level-2'><a class=\"ez-toc-link ez-toc-heading-7\" href=\"https:\/\/www.euncet.com\/blog\/ca\/les-competencies-mes-valorades-avui-per-les-empreses\/#Formacio_practica_i_networking_empresarial_estrategic\" >Formaci\u00f3 pr\u00e0ctica i networking empresarial estrat\u00e8gic<\/a><\/li><li class='ez-toc-page-1 ez-toc-heading-level-2'><a class=\"ez-toc-link ez-toc-heading-8\" href=\"https:\/\/www.euncet.com\/blog\/ca\/les-competencies-mes-valorades-avui-per-les-empreses\/#Tendencies_futures_en_competencies_professionals\" >Tend\u00e8ncies futures en compet\u00e8ncies professionals<\/a><\/li><li class='ez-toc-page-1 ez-toc-heading-level-2'><a class=\"ez-toc-link ez-toc-heading-9\" href=\"https:\/\/www.euncet.com\/blog\/ca\/les-competencies-mes-valorades-avui-per-les-empreses\/#Preguntes_sobre_competencies_professionals_mes_demandades\" >Preguntes sobre compet\u00e8ncies professionals m\u00e9s demandades<\/a><\/li><\/ul><\/nav><\/div>\n\n\n\n\n<p>No obstant aix\u00f2, identificar aquestes compet\u00e8ncies clau representa nom\u00e9s el primer pas. Per contra, desenvolupar-les efectivament requereix estrat\u00e8gies formatives integrals i acompanyament professional especialitzat. En conseq\u00fc\u00e8ncia, institucions educatives l\u00edders estan transformant les seves metodologies per preparar professionals que dominin aquestes compet\u00e8ncies emergents.<\/p>\n\n\n\n<h2 class=\"wp-block-heading\"><span class=\"ez-toc-section\" id=\"Competencies_tecniques_especialitzades_en_alta_demanda\"><\/span>Compet\u00e8ncies t\u00e8cniques especialitzades en alta demanda<span class=\"ez-toc-section-end\"><\/span><\/h2>\n\n\n\n<p>Les&nbsp;<strong>compet\u00e8ncies professionals m\u00e9s demandades<\/strong>&nbsp;en l&#8217;\u00e0mbit t\u00e8cnic reflecteixen la digitalitzaci\u00f3 accelerada de tots els sectors econ\u00f2mics. En primer lloc, el domini d&#8217;an\u00e0lisi de dades s&#8217;ha convertit en requisit fonamental per a rols de gesti\u00f3 i estrat\u00e8gia. A m\u00e9s, compet\u00e8ncies en intel\u00b7lig\u00e8ncia artificial i automatitzaci\u00f3 estan transformant perfils tradicionals cap a especialitzacions tecnol\u00f2giques avan\u00e7ades.<\/p>\n\n\n\n<h3 class=\"wp-block-heading\">An\u00e0lisi de dades i business intelligence<\/h3>\n\n\n\n<p>La capacitat per interpretar dades complexes i generar conclusions accionables defineix professionals d&#8217;alt valor. Per exemple, dominar eines com Python, R, SQL i Tableau permet transformar informaci\u00f3 en avantatges competitius mesurables. A m\u00e9s, professionals que combinen an\u00e0lisi estad\u00edstica amb comprensi\u00f3 de negoci poden identificar oportunitats que altres passen per alt.<\/p>\n\n\n\n<h3 class=\"wp-block-heading\">Compet\u00e8ncies digitals avan\u00e7ades<\/h3>\n\n\n\n<p>El <a href=\"https:\/\/www.euncet.com\/blog\/ca\/blog-2\/?p=41612&#038;tag=estrategies-de-marqueting-digital\" target=\"_blank\" rel=\"noreferrer noopener\">m\u00e0rqueting digital<\/a>, la gesti\u00f3 de plataformes tecnol\u00f2giques i el desenvolupament de solucions digitals representen compet\u00e8ncies cr\u00edtiques. Aix\u00ed mateix, professionals que dominen automatitzaci\u00f3 de processos, gesti\u00f3 de projectes digitals i experi\u00e8ncia d&#8217;usuari tenen avantatges significatius. Com a resultat, aquestes compet\u00e8ncies t\u00e8cniques s&#8217;estan convertint en requisits b\u00e0sics per a rols de lideratge.<\/p>\n\n\n\n<p>La ciberseguretat i la gesti\u00f3 de riscos digitals emergeixen com a especialitats d&#8217;alta demanda. Per tant, professionals que comprenen protecci\u00f3 de dades, compliance digital i gesti\u00f3 de crisis tecnol\u00f2giques s\u00f3n especialment valorats. En conseq\u00fc\u00e8ncia, aquestes compet\u00e8ncies t\u00e8cniques especialitzades garanteixen ocupabilitat en sectors de creixement exponencial.<\/p>\n\n\n\n<h2 class=\"wp-block-heading\"><span class=\"ez-toc-section\" id=\"Habilitats_transversals_que_marquen_la_diferencia\"><\/span>Habilitats transversals que marquen la difer\u00e8ncia<span class=\"ez-toc-section-end\"><\/span><\/h2>\n\n\n\n<p>Les&nbsp;<strong>compet\u00e8ncies professionals m\u00e9s demandades<\/strong>&nbsp;transcendeixen coneixements t\u00e8cnics per incloure capacitats que permeten lideratge efectiu en entorns complexos. En particular, habilitats de comunicaci\u00f3, pensament cr\u00edtic i adaptabilitat s&#8217;han convertit en diferenciadors clau. Per conseg\u00fcent, professionals que dominen aquestes compet\u00e8ncies transversals poden liderar equips diversos i gestionar canvis organitzacionals.<\/p>\n\n\n\n<h3 class=\"wp-block-heading\">Comunicaci\u00f3 efectiva i lideratge<\/h3>\n\n\n\n<p>La capacitat per <a href=\"https:\/\/www.euncet.com\/blog\/ca\/blog-2\/?p=41612&#038;p=63555\" target=\"_blank\" rel=\"noreferrer noopener\">comunicar<\/a> idees complexes de manera clara i persuasiva defineix l\u00edders exitosos. A m\u00e9s, habilitats de presentaci\u00f3, negociaci\u00f3 i gesti\u00f3 de conflictes s\u00f3n fonamentals per a rols directius. Com a resultat, professionals que poden influir positivament en equips multidisciplinaris tenen oportunitats de creixement accelerat.<\/p>\n\n\n\n<h3 class=\"wp-block-heading\">Pensament cr\u00edtic i resoluci\u00f3 de problemes<\/h3>\n\n\n\n<p>La capacitat per analitzar situacions complexes, identificar patrons ocults i desenvolupar solucions innovadores \u00e9s altament valorada. Aix\u00ed mateix, professionals que poden prendre decisions informades sota pressi\u00f3 i gestionar incertesa s\u00f3n especialment buscats. En conseq\u00fc\u00e8ncia, aquestes compet\u00e8ncies cognitives superiors garanteixen rellev\u00e0ncia professional a llarg termini.<\/p>\n\n\n\n<figure class=\"wp-block-table\"><table class=\"has-fixed-layout\"><thead><tr><th>Compet\u00e8ncia transversal<\/th><th>Aplicaci\u00f3 pr\u00e0ctica<\/th><th>Impacte en carrera<\/th><\/tr><\/thead><tbody><tr><td><strong>Comunicaci\u00f3 efectiva<\/strong><\/td><td>Presentacions, negociaci\u00f3, lideratge<\/td><td>Acc\u00e9s a rols directius<\/td><\/tr><tr><td><strong>Pensament cr\u00edtic<\/strong><\/td><td>An\u00e0lisi estrat\u00e8gica, presa de decisions<\/td><td>Posicions d&#8217;alta responsabilitat<\/td><\/tr><tr><td><strong>Adaptabilitat<\/strong><\/td><td>Gesti\u00f3 del canvi, innovaci\u00f3<\/td><td>Ocupabilitat sostenible<\/td><\/tr><tr><td><strong>Col\u00b7laboraci\u00f3<\/strong><\/td><td>Treball en equip, networking<\/td><td>Creixement professional accelerat<\/td><\/tr><\/tbody><\/table><\/figure>\n\n\n\n<h2 class=\"wp-block-heading\"><span class=\"ez-toc-section\" id=\"Competencies_emergents_en_sostenibilitat_i_innovacio\"><\/span>Compet\u00e8ncies emergents en sostenibilitat i innovaci\u00f3<span class=\"ez-toc-section-end\"><\/span><\/h2>\n\n\n\n<p>Les&nbsp;<strong>compet\u00e8ncies professionals m\u00e9s demandades<\/strong>&nbsp;inclouen cada vegada m\u00e9s capacitats relacionades amb sostenibilitat, responsabilitat social corporativa i innovaci\u00f3 sistem\u00e0tica. En primer lloc, professionals que comprenen criteris ESG (Environmental, Social, Governance) tenen avantatges competitius significatius. A m\u00e9s, compet\u00e8ncies en economia circular, gesti\u00f3 d&#8217;impacte social i innovaci\u00f3 sostenible estan redefinint perfils professionals tradicionals.<\/p>\n\n\n\n<h3 class=\"wp-block-heading\">Gesti\u00f3 de sostenibilitat empresarial<\/h3>\n\n\n\n<p>La capacitat per integrar criteris de sostenibilitat en estrat\u00e8gies empresarials s&#8217;ha tornat fonamental. Per exemple, professionals que dominen an\u00e0lisi de cicle de vida, reporting de sostenibilitat i gesti\u00f3 de <a href=\"https:\/\/www.impulsa-empresa.es\/diccionario\/stakeholder\/\" target=\"_blank\" rel=\"noreferrer noopener\">stakeholders <\/a>s\u00f3n altament valorats. A m\u00e9s, compet\u00e8ncies en finances sostenibles i inversi\u00f3 responsable obren oportunitats en sectors de creixement exponencial.<\/p>\n\n\n\n<h3 class=\"wp-block-heading\">Innovaci\u00f3 i emprenedoria corporativa<\/h3>\n\n\n\n<p>Les compet\u00e8ncies en <a href=\"https:\/\/www.euncet.com\/blog\/ca\/blog-2\/?p=41612&#038;p=60144\" target=\"_blank\" rel=\"noreferrer noopener\">design thinking<\/a>, metodologies \u00e0gils i gesti\u00f3 de la innovaci\u00f3 permeten liderar transformacions organitzacionals. Aix\u00ed mateix, professionals que poden identificar oportunitats disruptives i desenvolupar models de negoci innovadors s\u00f3n especialment buscats. Com a resultat, aquestes compet\u00e8ncies en innovaci\u00f3 garanteixen rellev\u00e0ncia professional en entorns de canvi accelerat.<\/p>\n\n\n\n<p>La capacitat per gestionar equips diversos, liderar projectes internacionals i navegar cultures organitzacionals complexes defineix professionals globals. Per tant, compet\u00e8ncies interculturals, idiomes i comprensi\u00f3 de mercats internacionals s\u00f3n cada vegada m\u00e9s valorades. En conseq\u00fc\u00e8ncia, professionals amb perspectiva global tenen oportunitats de carrera sense limitacions geogr\u00e0fiques.<\/p>\n\n\n\n<h2 class=\"wp-block-heading\"><span class=\"ez-toc-section\" id=\"Intelligencia_emocional_i_competencies_interpersonals\"><\/span>Intel\u00b7lig\u00e8ncia emocional i compet\u00e8ncies interpersonals<span class=\"ez-toc-section-end\"><\/span><\/h2>\n\n\n\n<p>Les&nbsp;<strong>compet\u00e8ncies professionals m\u00e9s demandades<\/strong>&nbsp;inclouen habilitats emocionals i socials que permeten lideratge aut\u00e8ntic i gesti\u00f3 efectiva de relacions professionals. En particular, intel\u00b7lig\u00e8ncia emocional, empatia i capacitat d&#8217;influ\u00e8ncia positiva s&#8217;han convertit en requisits per a rols d&#8217;alta responsabilitat. Per conseg\u00fcent, professionals que dominen aquestes compet\u00e8ncies interpersonals poden crear valor a trav\u00e9s d&#8217;equips d&#8217;alt rendiment.<\/p>\n\n\n\n<h3 class=\"wp-block-heading\">Autoconsci\u00e8ncia i autoregulaci\u00f3 emocional<\/h3>\n\n\n\n<p>La capacitat per recon\u00e8ixer i gestionar emocions pr\u00f2pies sota pressi\u00f3 defineix l\u00edders resilients i efectius. A m\u00e9s, professionals que mantenen compostura en situacions desafiants i poden prendre decisions objectives s\u00f3n especialment valorats. Com a resultat, autoconsci\u00e8ncia emocional es converteix en avantatge competitiu sostenible per a creixement professional.<\/p>\n\n\n\n<h3 class=\"wp-block-heading\">Empatia i habilitats socials avan\u00e7ades<\/h3>\n\n\n\n<p>La capacitat per comprendre perspectives diverses, construir relacions aut\u00e8ntiques i motivar equips heterogenis \u00e9s fonamental. Aix\u00ed mateix, professionals que poden mediar conflictes, facilitar col\u00b7laboraci\u00f3 i crear ambients de treball positius tenen oportunitats excepcionals. En conseq\u00fc\u00e8ncia, aquestes compet\u00e8ncies socials avan\u00e7ades garanteixen lideratge efectiu en organitzacions modernes.<\/p>\n\n\n\n<p>La capacitat per donar i rebre feedback constructiu, mentoritzar talent j\u00fanior i desenvolupar altres professionals defineix l\u00edders transformacionals. Per tant, compet\u00e8ncies en coaching, desenvolupament de talent i construcci\u00f3 de cultura organitzacional s\u00f3n altament demandades. A m\u00e9s, professionals que poden inspirar i retenir talent d&#8217;alt potencial creen valor organitzacional mesurable.<\/p>\n\n\n\n<h2 class=\"wp-block-heading\"><span class=\"ez-toc-section\" id=\"Competencies_en_gestio_del_canvi_i_agilitat_organitzacional\"><\/span>Compet\u00e8ncies en gesti\u00f3 del canvi i agilitat organitzacional<span class=\"ez-toc-section-end\"><\/span><\/h2>\n\n\n\n<p>Les&nbsp;<strong>compet\u00e8ncies professionals m\u00e9s demandades<\/strong>&nbsp;inclouen capacitats per liderar transformacions organitzacionals i gestionar canvis complexos de manera efectiva. En primer lloc, professionals que dominen metodologies de change management poden facilitar transicions organitzacionals exitoses. A m\u00e9s, compet\u00e8ncies en agilitat empresarial, gesti\u00f3 de crisis i adaptaci\u00f3 estrat\u00e8gica s\u00f3n fonamentals per a lideratge en entorns vol\u00e0tils.<\/p>\n\n\n\n<h3 class=\"wp-block-heading\">Lideratge de transformacions digitals<\/h3>\n\n\n\n<p>La capacitat per planificar, comunicar i implementar canvis tecnol\u00f2gics organitzacionals \u00e9s cr\u00edtica per a l&#8217;\u00e8xit empresarial. Per exemple, professionals que poden gestionar resist\u00e8ncia al canvi, facilitar adopci\u00f3 de noves tecnologies i mesurar impacte de transformacions s\u00f3n especialment valorats. Com a resultat, aquestes compet\u00e8ncies en change management garanteixen lideratge efectiu en processos de modernitzaci\u00f3 empresarial.<\/p>\n\n\n\n<h3 class=\"wp-block-heading\">Agilitat estrat\u00e8gica i operacional<\/h3>\n\n\n\n<p>Les compet\u00e8ncies en metodologies \u00e0gils, gesti\u00f3 de projectes complexos i optimitzaci\u00f3 de processos permeten resposta r\u00e0pida a canvis del mercat. Aix\u00ed mateix, professionals que poden implementar frameworks com Scrum, Kanban i Lean Management tenen avantatges competitius significatius. En conseq\u00fc\u00e8ncia, agilitat organitzacional es converteix en diferenciador clau per a professionals de gesti\u00f3 i operacions.<\/p>\n\n\n\n<p>La capacitat per anticipar tend\u00e8ncies, avaluar riscos emergents i desenvolupar estrat\u00e8gies de conting\u00e8ncia defineix professionals visionaris. Per tant, compet\u00e8ncies en an\u00e0lisi prospectiva, gesti\u00f3 de riscos i planificaci\u00f3 estrat\u00e8gica s\u00f3n altament demandades. A m\u00e9s, professionals que poden navegar incertesa i mantenir performance organitzacional tenen oportunitats de lideratge excepcionals.<\/p>\n\n\n\n<h2 class=\"wp-block-heading\"><span class=\"ez-toc-section\" id=\"Desenvolupament_professional_integral_amb_acompanyament_especialitzat\"><\/span>Desenvolupament professional integral amb acompanyament especialitzat<span class=\"ez-toc-section-end\"><\/span><\/h2>\n\n\n\n<p>El desenvolupament efectiu de&nbsp;<strong>compet\u00e8ncies professionals m\u00e9s demandades<\/strong>&nbsp;requereix m\u00e9s que formaci\u00f3 acad\u00e8mica tradicional. En particular, necessita acompanyament professional personalitzat, experi\u00e8ncies pr\u00e0ctiques en entorns reals i acc\u00e9s a xarxes empresarials de qualitat. Per conseg\u00fcent, institucions educatives l\u00edders estan transformant els seus serveis d&#8217;ocupabilitat per garantir desenvolupament integral de compet\u00e8ncies i inserci\u00f3 laboral exitosa.<\/p>\n\n\n\n<h3 class=\"wp-block-heading\">Serveis d&#8217;orientaci\u00f3 professional personalitzada<\/h3>\n\n\n\n<p>El Servei de Carreres Professionals d&#8217;Euncet proporciona atenci\u00f3 individualitzada per potenciar el talent espec\u00edfic de cada estudiant. A m\u00e9s, professionals especialitzats ajuden a definir objectius de carrera alineats amb compet\u00e8ncies personals i oportunitats del mercat. Com a resultat, estudiants i alumni desenvolupen estrat\u00e8gies professionals personalitzades que maximitzen la seva ocupabilitat i creixement professional.<\/p>\n\n\n\n<h3 class=\"wp-block-heading\">Plataforma integral d&#8217;ocupaci\u00f3 i pr\u00e0ctiques<\/h3>\n\n\n\n<p><a href=\"https:\/\/talent.myeuncet.com\/\" target=\"_blank\" rel=\"noreferrer noopener\">Talent MyEuncet<\/a> representa una plataforma especialitzada que connecta estudiants i alumni amb m\u00e9s de 500 empreses col\u00b7laboradores. Aix\u00ed mateix, aquesta plataforma facilita acc\u00e9s a ofertes d&#8217;ocupaci\u00f3, pr\u00e0ctiques remunerades i oportunitats de networking professional. En conseq\u00fc\u00e8ncia, estudiants poden aplicar compet\u00e8ncies desenvolupades en contextos professionals reals mentre construeixen xarxes de contactes valuoses.<\/p>\n\n\n\n<p>L&#8217;acompanyament integral inclou gesti\u00f3 de convenis de pr\u00e0ctiques, preparaci\u00f3 per a processos de selecci\u00f3 i desenvolupament de perfils professionals competitius. Per tant, estudiants reben suport especialitzat durant tota la seva traject\u00f2ria formativa i professional inicial. A m\u00e9s, esdeveniments com <a href=\"https:\/\/www.euncet.com\/es\/talent-day-empresa-i-mkt\/\" target=\"_blank\" rel=\"noreferrer noopener\">Talent Day<\/a> proporcionen contacte directe amb ocupadors i oportunitats de captaci\u00f3 de talent immediates.<\/p>\n\n\n\n<h2 class=\"wp-block-heading\"><span class=\"ez-toc-section\" id=\"Formacio_practica_i_networking_empresarial_estrategic\"><\/span>Formaci\u00f3 pr\u00e0ctica i networking empresarial estrat\u00e8gic<span class=\"ez-toc-section-end\"><\/span><\/h2>\n\n\n\n<p>El desenvolupament de&nbsp;<strong>compet\u00e8ncies professionals m\u00e9s demandades<\/strong>&nbsp;s&#8217;optimitza mitjan\u00e7ant experi\u00e8ncies formatives que combinen rigor acad\u00e8mic amb aplicaci\u00f3 pr\u00e0ctica en entorns empresarials reals. En primer lloc, metodologies experiencials permeten experimentaci\u00f3 directa amb eines, t\u00e8cniques i situacions que estudiants trobaran en les seves carreres professionals. A m\u00e9s, col\u00b7laboracions estrat\u00e8giques amb empreses l\u00edders proporcionen acc\u00e9s a mentors, projectes reals i oportunitats d&#8217;ocupaci\u00f3 immediates.<\/p>\n\n\n\n<h3 class=\"wp-block-heading\">Projectes col\u00b7laboratius amb empreses del sector<\/h3>\n\n\n\n<p>La participaci\u00f3 en projectes reals amb empreses col\u00b7laboradores permet aplicar compet\u00e8ncies en contextos professionals aut\u00e8ntics. Per exemple, estudiants treballen en reptes empresarials reals, desenvolupen solucions innovadores i reben feedback de professionals experimentats. Com a resultat, aquesta experi\u00e8ncia pr\u00e0ctica accelera desenvolupament de compet\u00e8ncies i facilita transici\u00f3 cap al mercat laboral.<\/p>\n\n\n\n<h3 class=\"wp-block-heading\">Xarxa empresarial de m\u00e9s de 500 organitzacions<\/h3>\n\n\n\n<p>L&#8217;extensa xarxa d&#8217;empreses col\u00b7laboradores d&#8217;Euncet inclou organitzacions l\u00edders en sectors d&#8217;alta demanda professional. Aix\u00ed mateix, aquestes col\u00b7laboracions faciliten pr\u00e0ctiques remunerades, projectes de consultoria i oportunitats d&#8217;ocupaci\u00f3 directa per a estudiants i alumni. En conseq\u00fc\u00e8ncia, l&#8217;ocupabilitat es potencia mitjan\u00e7ant acc\u00e9s privilegiat a oportunitats professionals en empreses de reconegut prestigi.<\/p>\n\n\n\n<p>El networking estrat\u00e8gic es facilita mitjan\u00e7ant esdeveniments especialitzats, confer\u00e8ncies sectorials i activitats de desenvolupament professional continu. Per tant, estudiants i alumni construeixen relacions professionals duradores que impulsen les seves carreres a llarg termini. A m\u00e9s, l&#8217;acompanyament post-graduaci\u00f3 assegura continu\u00eftat en el desenvolupament professional i acc\u00e9s a oportunitats de creixement avan\u00e7at.<\/p>\n\n\n\n<h2 class=\"wp-block-heading\"><span class=\"ez-toc-section\" id=\"Tendencies_futures_en_competencies_professionals\"><\/span>Tend\u00e8ncies futures en compet\u00e8ncies professionals<span class=\"ez-toc-section-end\"><\/span><\/h2>\n\n\n\n<p>Les&nbsp;<strong>compet\u00e8ncies professionals m\u00e9s demandades<\/strong>&nbsp;continuaran evolucionant cap a especialitzacions que combinin expertise t\u00e8cnic amb capacitats humanes \u00faniques. En particular, la converg\u00e8ncia entre intel\u00b7lig\u00e8ncia artificial i creativitat humana crear\u00e0 nous perfils professionals h\u00edbrids. A m\u00e9s, compet\u00e8ncies en \u00e8tica tecnol\u00f2gica, gesti\u00f3 d&#8217;algoritmes i disseny d&#8217;experi\u00e8ncies hum\u00e0-m\u00e0quina es convertiran en diferenciadors cr\u00edtics per a professionals del futur.<\/p>\n\n\n\n<h3 class=\"wp-block-heading\">Compet\u00e8ncies en col\u00b7laboraci\u00f3 hum\u00e0-IA<\/h3>\n\n\n\n<p>La capacitat per treballar efectivament amb sistemes d&#8217;intel\u00b7lig\u00e8ncia artificial, interpretar resultats algor\u00edtmics i optimitzar processos automatitzats definir\u00e0 professionals de propera generaci\u00f3. Per exemple, rols emergents com prompt engineering, AI training i human-AI interaction design requereixen compet\u00e8ncies t\u00e8cniques especialitzades combinades amb comprensi\u00f3 profunda de comportament hum\u00e0. Com a resultat, professionals que dominin aquesta intersecci\u00f3 tindran avantatges competitius excepcionals.<\/p>\n\n\n\n<h3 class=\"wp-block-heading\">Lideratge en economies digitals globals<\/h3>\n\n\n\n<p>Les compet\u00e8ncies per gestionar equips distribu\u00efts globalment, liderar organitzacions completament digitals i crear valor en ecosistemes virtuals seran fonamentals. Aix\u00ed mateix, professionals que puguin navegar regulacions internacionals, gestionar criptoeconomies i liderar transformacions cap a models de negoci descentralitzats tindran oportunitats il\u00b7limitades. En conseq\u00fc\u00e8ncia, perspectiva global i compet\u00e8ncies digitals avan\u00e7ades es convertiran en requisits b\u00e0sics per a lideratge empresarial.<\/p>\n\n\n\n<p>La capacitat per anticipar disrupcions tecnol\u00f2giques, avaluar impactes socials d&#8217;innovacions i liderar transicions \u00e8tiques cap a futurs sostenibles definir\u00e0 l\u00edders visionaris. Per tant, compet\u00e8ncies en futurisme aplicat, \u00e8tica de la innovaci\u00f3 i lideratge transformacional seran altament valorades. A m\u00e9s, professionals que puguin equilibrar efici\u00e8ncia tecnol\u00f2gica amb valors humans fonamentals crearan organitzacions resilients i sostenibles.<\/p>\n\n\n\n<h2 class=\"wp-block-heading\"><span class=\"ez-toc-section\" id=\"Preguntes_sobre_competencies_professionals_mes_demandades\"><\/span>Preguntes sobre compet\u00e8ncies professionals m\u00e9s demandades<span class=\"ez-toc-section-end\"><\/span><\/h2>\n\n\n\n<h3 class=\"wp-block-heading\">Quines s\u00f3n les compet\u00e8ncies t\u00e8cniques m\u00e9s valorades per empreses actualment?<\/h3>\n\n\n\n<p>Les compet\u00e8ncies professionals m\u00e9s demandades en l&#8217;\u00e0mbit t\u00e8cnic inclouen an\u00e0lisi de dades, intel\u00b7lig\u00e8ncia artificial, m\u00e0rqueting digital i ciberseguretat com a prioritats absolutes. En primer lloc, domini d&#8217;eines com Python, SQL, Tableau i Google Analytics permet transformar dades en decisions estrat\u00e8giques que generen valor empresarial mesurable. A m\u00e9s, compet\u00e8ncies en automatitzaci\u00f3 de processos, gesti\u00f3 de plataformes digitals i desenvolupament de solucions tecnol\u00f2giques s\u00f3n fonamentals per a rols de lideratge modern. Aix\u00ed mateix, especialitzaci\u00f3 en \u00e0rees com machine learning, an\u00e0lisi predictiva i optimitzaci\u00f3 d&#8217;experi\u00e8ncia d&#8217;usuari garanteix ocupabilitat en sectors de creixement exponencial. D&#8217;altra banda, compet\u00e8ncies en gesti\u00f3 de projectes digitals, metodologies \u00e0gils i transformaci\u00f3 digital s\u00f3n cr\u00edtiques per a professionals que aspiren a liderar canvis organitzacionals. Com a resultat, professionals que combinen expertise t\u00e8cnic especialitzat amb comprensi\u00f3 de negoci tenen oportunitats de carrera excepcionals en mercats altament competitius.<\/p>\n\n\n\n<h3 class=\"wp-block-heading\">Com poden els professionals desenvolupar habilitats transversals efectivament?<\/h3>\n\n\n\n<p>El desenvolupament efectiu d&#8217;habilitats transversals requereix combinaci\u00f3 estrat\u00e8gica de formaci\u00f3 estructurada, pr\u00e0ctica deliberada i experi\u00e8ncies professionals reals en entorns desafiants. En primer lloc, programes formatius especialitzats proporcionen marcs te\u00f2rics s\u00f2lids per a compet\u00e8ncies com comunicaci\u00f3 efectiva, lideratge i pensament cr\u00edtic. A m\u00e9s, participaci\u00f3 en projectes col\u00b7laboratius, presentacions p\u00fabliques i activitats de lideratge estudiantil permet aplicaci\u00f3 pr\u00e0ctica d&#8217;aquestes habilitats en contextos segurs. Aix\u00ed mateix, mentoritzaci\u00f3 professional i feedback especialitzat acceleren desenvolupament de compet\u00e8ncies interpersonals i de lideratge. D&#8217;altra banda, experi\u00e8ncies internacionals, treball en equips diversos i gesti\u00f3 de projectes complexos desenvolupen adaptabilitat, compet\u00e8ncies interculturals i capacitat de gesti\u00f3 del canvi. En conseq\u00fc\u00e8ncia, el desenvolupament integral requereix acompanyament professional personalitzat que identifiqui fortaleses individuals i disseny\u00ef estrat\u00e8gies espec\u00edfiques per potenciar compet\u00e8ncies transversals segons objectius de carrera particulars.<\/p>\n\n\n\n<h3 class=\"wp-block-heading\">Quins serveis d&#8217;ocupabilitat s\u00f3n m\u00e9s efectius per a inserci\u00f3 laboral exitosa?<\/h3>\n\n\n\n<p>Els serveis d&#8217;ocupabilitat m\u00e9s efectius combinen orientaci\u00f3 professional personalitzada, acc\u00e9s a xarxes empresarials de qualitat i acompanyament integral durant transicions de carrera. En primer lloc, orientaci\u00f3 professional especialitzada ajuda a identificar fortaleses individuals, definir objectius de carrera realistes i desenvolupar estrat\u00e8gies personalitzades per assolir posicions objectiu. A m\u00e9s, plataformes d&#8217;ocupaci\u00f3 especialitzades com Talent MyEuncet faciliten acc\u00e9s directe a ofertes de qualitat en empreses col\u00b7laboradores de reconegut prestigi. Aix\u00ed mateix, gesti\u00f3 integral de pr\u00e0ctiques professionals, preparaci\u00f3 per a processos de selecci\u00f3 i desenvolupament de perfils competitius maximitzen probabilitats d&#8217;\u00e8xit en cerques d&#8217;ocupaci\u00f3. D&#8217;altra banda, esdeveniments de networking com Talent Day proporcionen contacte directe amb ocupadors i oportunitats de captaci\u00f3 immediata de talent. Com a resultat, serveis integrals que combinen m\u00e9s de 500 empreses col\u00b7laboradores, acompanyament personalitzat continu i metodologies provades durant 40 anys d&#8217;experi\u00e8ncia garanteixen ocupabilitat sostenible i creixement professional accelerat per a estudiants i alumni.<\/p>\n\n\n\n<p>Per a m\u00e9s informaci\u00f3 sobre serveis d&#8217;ocupabilitat i desenvolupament de compet\u00e8ncies professionals, contacta amb el Servei de Carreres Professionals d&#8217;Euncet Business School o consulta la plataforma Talent MyEuncet.<\/p>\n","protected":false},"excerpt":{"rendered":"<p>El mercat laboral actual est\u00e0 experimentant una transformaci\u00f3 sense precedents en els seus criteris de selecci\u00f3. Mentre les empreses busquen professionals capa\u00e7os d&#8217;adaptar-se a entorns din\u00e0mics, les\u00a0compet\u00e8ncies professionals m\u00e9s demandades\u00a0han evolucionat cap a un equilibri sofisticat entre habilitats t\u00e8cniques especialitzades i capacitats transversals. A m\u00e9s, aquesta evoluci\u00f3 est\u00e0 redefinint completament els perfils professionals que garanteixen [&hellip;]<\/p>\n","protected":false},"author":29,"featured_media":66017,"comment_status":"open","ping_status":"open","sticky":false,"template":"","format":"standard","meta":{"_acf_changed":false,"footnotes":""},"categories":[291,454],"tags":[541],"class_list":["post-66037","post","type-post","status-publish","format-standard","has-post-thumbnail","hentry","category-comunidad-euncet","category-marqueting-comunicacio-i-vendes","tag-competencies-professionals-mes-demandades"],"acf":[],"yoast_head":"<!-- This site is optimized with the Yoast SEO plugin v27.4 - https:\/\/yoast.com\/product\/yoast-seo-wordpress\/ -->\n<title>Compet\u00e8ncies professionals m\u00e9s demandades \u25b6 DESCOBREIX<\/title>\n<meta name=\"description\" content=\"Compet\u00e8ncies professionals m\u00e9s demandades \u25b6 Coneix les habilitats que m\u00e9s valoren les empreses i com desenvolupar-les efectivament.\" \/>\n<meta name=\"robots\" content=\"index, follow, max-snippet:-1, max-image-preview:large, max-video-preview:-1\" \/>\n<link rel=\"canonical\" href=\"https:\/\/www.euncet.com\/blog\/ca\/les-competencies-mes-valorades-avui-per-les-empreses\/\" \/>\n<meta property=\"og:locale\" content=\"ca_ES\" \/>\n<meta property=\"og:type\" content=\"article\" \/>\n<meta property=\"og:title\" content=\"Compet\u00e8ncies professionals m\u00e9s demandades \u25b6 DESCOBREIX\" \/>\n<meta property=\"og:description\" content=\"Compet\u00e8ncies professionals m\u00e9s demandades \u25b6 Coneix les habilitats que m\u00e9s valoren les empreses i com desenvolupar-les efectivament.\" \/>\n<meta property=\"og:url\" content=\"https:\/\/www.euncet.com\/blog\/ca\/les-competencies-mes-valorades-avui-per-les-empreses\/\" \/>\n<meta property=\"og:site_name\" content=\"Euncet Business School\" \/>\n<meta property=\"article:publisher\" content=\"https:\/\/www.facebook.com\/euncet\" \/>\n<meta property=\"article:published_time\" content=\"2025-11-03T12:45:34+00:00\" \/>\n<meta property=\"article:modified_time\" content=\"2025-11-03T12:45:38+00:00\" \/>\n<meta property=\"og:image\" content=\"https:\/\/www.euncet.com\/blog\/wp-content\/uploads\/2025\/10\/competencias-valoradas-empresas-1059.png\" \/>\n\t<meta property=\"og:image:width\" content=\"1000\" \/>\n\t<meta property=\"og:image:height\" content=\"667\" \/>\n\t<meta property=\"og:image:type\" content=\"image\/png\" \/>\n<meta name=\"author\" content=\"cc@contenidosclick.es\" \/>\n<meta name=\"twitter:card\" content=\"summary_large_image\" \/>\n<meta name=\"twitter:creator\" content=\"@euncet\" \/>\n<meta name=\"twitter:site\" content=\"@euncet\" \/>\n<meta name=\"twitter:label1\" content=\"Escrit per\" \/>\n\t<meta name=\"twitter:data1\" content=\"cc@contenidosclick.es\" \/>\n\t<meta name=\"twitter:label2\" content=\"Temps estimat de lectura\" \/>\n\t<meta name=\"twitter:data2\" content=\"11 minuts\" \/>\n<script type=\"application\/ld+json\" class=\"yoast-schema-graph\">{\"@context\":\"https:\\\/\\\/schema.org\",\"@graph\":[{\"@type\":\"Article\",\"@id\":\"https:\\\/\\\/www.euncet.com\\\/blog\\\/ca\\\/les-competencies-mes-valorades-avui-per-les-empreses\\\/#article\",\"isPartOf\":{\"@id\":\"https:\\\/\\\/www.euncet.com\\\/blog\\\/ca\\\/les-competencies-mes-valorades-avui-per-les-empreses\\\/\"},\"author\":{\"name\":\"cc@contenidosclick.es\",\"@id\":\"https:\\\/\\\/www.euncet.com\\\/blog\\\/ca\\\/#\\\/schema\\\/person\\\/0e051e776e0faf3439e589d51c6ffbbf\"},\"headline\":\"Les compet\u00e8ncies m\u00e9s valorades avui per les empreses\",\"datePublished\":\"2025-11-03T12:45:34+00:00\",\"dateModified\":\"2025-11-03T12:45:38+00:00\",\"mainEntityOfPage\":{\"@id\":\"https:\\\/\\\/www.euncet.com\\\/blog\\\/ca\\\/les-competencies-mes-valorades-avui-per-les-empreses\\\/\"},\"wordCount\":2684,\"commentCount\":0,\"image\":{\"@id\":\"https:\\\/\\\/www.euncet.com\\\/blog\\\/ca\\\/les-competencies-mes-valorades-avui-per-les-empreses\\\/#primaryimage\"},\"thumbnailUrl\":\"https:\\\/\\\/www.euncet.com\\\/blog\\\/wp-content\\\/uploads\\\/2025\\\/10\\\/competencias-valoradas-empresas-1059.png\",\"keywords\":[\"compet\u00e8ncies professionals m\u00e9s demandades\"],\"articleSection\":[\"Comunidad Euncet\",\"M\u00e0rqueting, Comunicaci\u00f3 i Vendes\"],\"inLanguage\":\"ca\",\"potentialAction\":[{\"@type\":\"CommentAction\",\"name\":\"Comment\",\"target\":[\"https:\\\/\\\/www.euncet.com\\\/blog\\\/ca\\\/les-competencies-mes-valorades-avui-per-les-empreses\\\/#respond\"]}]},{\"@type\":\"WebPage\",\"@id\":\"https:\\\/\\\/www.euncet.com\\\/blog\\\/ca\\\/les-competencies-mes-valorades-avui-per-les-empreses\\\/\",\"url\":\"https:\\\/\\\/www.euncet.com\\\/blog\\\/ca\\\/les-competencies-mes-valorades-avui-per-les-empreses\\\/\",\"name\":\"Compet\u00e8ncies professionals m\u00e9s demandades \u25b6 DESCOBREIX\",\"isPartOf\":{\"@id\":\"https:\\\/\\\/www.euncet.com\\\/blog\\\/ca\\\/#website\"},\"primaryImageOfPage\":{\"@id\":\"https:\\\/\\\/www.euncet.com\\\/blog\\\/ca\\\/les-competencies-mes-valorades-avui-per-les-empreses\\\/#primaryimage\"},\"image\":{\"@id\":\"https:\\\/\\\/www.euncet.com\\\/blog\\\/ca\\\/les-competencies-mes-valorades-avui-per-les-empreses\\\/#primaryimage\"},\"thumbnailUrl\":\"https:\\\/\\\/www.euncet.com\\\/blog\\\/wp-content\\\/uploads\\\/2025\\\/10\\\/competencias-valoradas-empresas-1059.png\",\"datePublished\":\"2025-11-03T12:45:34+00:00\",\"dateModified\":\"2025-11-03T12:45:38+00:00\",\"author\":{\"@id\":\"https:\\\/\\\/www.euncet.com\\\/blog\\\/ca\\\/#\\\/schema\\\/person\\\/0e051e776e0faf3439e589d51c6ffbbf\"},\"description\":\"Compet\u00e8ncies professionals m\u00e9s demandades \u25b6 Coneix les habilitats que m\u00e9s valoren les empreses i com desenvolupar-les efectivament.\",\"breadcrumb\":{\"@id\":\"https:\\\/\\\/www.euncet.com\\\/blog\\\/ca\\\/les-competencies-mes-valorades-avui-per-les-empreses\\\/#breadcrumb\"},\"inLanguage\":\"ca\",\"potentialAction\":[{\"@type\":\"ReadAction\",\"target\":[\"https:\\\/\\\/www.euncet.com\\\/blog\\\/ca\\\/les-competencies-mes-valorades-avui-per-les-empreses\\\/\"]}]},{\"@type\":\"ImageObject\",\"inLanguage\":\"ca\",\"@id\":\"https:\\\/\\\/www.euncet.com\\\/blog\\\/ca\\\/les-competencies-mes-valorades-avui-per-les-empreses\\\/#primaryimage\",\"url\":\"https:\\\/\\\/www.euncet.com\\\/blog\\\/wp-content\\\/uploads\\\/2025\\\/10\\\/competencias-valoradas-empresas-1059.png\",\"contentUrl\":\"https:\\\/\\\/www.euncet.com\\\/blog\\\/wp-content\\\/uploads\\\/2025\\\/10\\\/competencias-valoradas-empresas-1059.png\",\"width\":1000,\"height\":667,\"caption\":\"compet\u00e8ncies professionals m\u00e9s demandades\"},{\"@type\":\"BreadcrumbList\",\"@id\":\"https:\\\/\\\/www.euncet.com\\\/blog\\\/ca\\\/les-competencies-mes-valorades-avui-per-les-empreses\\\/#breadcrumb\",\"itemListElement\":[{\"@type\":\"ListItem\",\"position\":1,\"name\":\"Portada\",\"item\":\"https:\\\/\\\/www.euncet.com\\\/blog\\\/ca\\\/\"},{\"@type\":\"ListItem\",\"position\":2,\"name\":\"Les compet\u00e8ncies m\u00e9s valorades avui per les empreses\"}]},{\"@type\":\"WebSite\",\"@id\":\"https:\\\/\\\/www.euncet.com\\\/blog\\\/ca\\\/#website\",\"url\":\"https:\\\/\\\/www.euncet.com\\\/blog\\\/ca\\\/\",\"name\":\"Euncet Business School\",\"description\":\"Escuela de negocios\",\"potentialAction\":[{\"@type\":\"SearchAction\",\"target\":{\"@type\":\"EntryPoint\",\"urlTemplate\":\"https:\\\/\\\/www.euncet.com\\\/blog\\\/ca\\\/?s={search_term_string}\"},\"query-input\":{\"@type\":\"PropertyValueSpecification\",\"valueRequired\":true,\"valueName\":\"search_term_string\"}}],\"inLanguage\":\"ca\"},{\"@type\":\"Person\",\"@id\":\"https:\\\/\\\/www.euncet.com\\\/blog\\\/ca\\\/#\\\/schema\\\/person\\\/0e051e776e0faf3439e589d51c6ffbbf\",\"name\":\"cc@contenidosclick.es\",\"image\":{\"@type\":\"ImageObject\",\"inLanguage\":\"ca\",\"@id\":\"https:\\\/\\\/secure.gravatar.com\\\/avatar\\\/357802666a6fdb068df5668f6b7e54f6bf8552413e68ae49eec126407f15fbeb?s=96&d=mm&r=g\",\"url\":\"https:\\\/\\\/secure.gravatar.com\\\/avatar\\\/357802666a6fdb068df5668f6b7e54f6bf8552413e68ae49eec126407f15fbeb?s=96&d=mm&r=g\",\"contentUrl\":\"https:\\\/\\\/secure.gravatar.com\\\/avatar\\\/357802666a6fdb068df5668f6b7e54f6bf8552413e68ae49eec126407f15fbeb?s=96&d=mm&r=g\",\"caption\":\"cc@contenidosclick.es\"},\"url\":\"https:\\\/\\\/www.euncet.com\\\/blog\\\/ca\\\/author\\\/cccontenidosclick-es\\\/\"}]}<\/script>\n<!-- \/ Yoast SEO plugin. -->","yoast_head_json":{"title":"Compet\u00e8ncies professionals m\u00e9s demandades \u25b6 DESCOBREIX","description":"Compet\u00e8ncies professionals m\u00e9s demandades \u25b6 Coneix les habilitats que m\u00e9s valoren les empreses i com desenvolupar-les efectivament.","robots":{"index":"index","follow":"follow","max-snippet":"max-snippet:-1","max-image-preview":"max-image-preview:large","max-video-preview":"max-video-preview:-1"},"canonical":"https:\/\/www.euncet.com\/blog\/ca\/les-competencies-mes-valorades-avui-per-les-empreses\/","og_locale":"ca_ES","og_type":"article","og_title":"Compet\u00e8ncies professionals m\u00e9s demandades \u25b6 DESCOBREIX","og_description":"Compet\u00e8ncies professionals m\u00e9s demandades \u25b6 Coneix les habilitats que m\u00e9s valoren les empreses i com desenvolupar-les efectivament.","og_url":"https:\/\/www.euncet.com\/blog\/ca\/les-competencies-mes-valorades-avui-per-les-empreses\/","og_site_name":"Euncet Business School","article_publisher":"https:\/\/www.facebook.com\/euncet","article_published_time":"2025-11-03T12:45:34+00:00","article_modified_time":"2025-11-03T12:45:38+00:00","og_image":[{"width":1000,"height":667,"url":"https:\/\/www.euncet.com\/blog\/wp-content\/uploads\/2025\/10\/competencias-valoradas-empresas-1059.png","type":"image\/png"}],"author":"cc@contenidosclick.es","twitter_card":"summary_large_image","twitter_creator":"@euncet","twitter_site":"@euncet","twitter_misc":{"Escrit per":"cc@contenidosclick.es","Temps estimat de lectura":"11 minuts"},"schema":{"@context":"https:\/\/schema.org","@graph":[{"@type":"Article","@id":"https:\/\/www.euncet.com\/blog\/ca\/les-competencies-mes-valorades-avui-per-les-empreses\/#article","isPartOf":{"@id":"https:\/\/www.euncet.com\/blog\/ca\/les-competencies-mes-valorades-avui-per-les-empreses\/"},"author":{"name":"cc@contenidosclick.es","@id":"https:\/\/www.euncet.com\/blog\/ca\/#\/schema\/person\/0e051e776e0faf3439e589d51c6ffbbf"},"headline":"Les compet\u00e8ncies m\u00e9s valorades avui per les empreses","datePublished":"2025-11-03T12:45:34+00:00","dateModified":"2025-11-03T12:45:38+00:00","mainEntityOfPage":{"@id":"https:\/\/www.euncet.com\/blog\/ca\/les-competencies-mes-valorades-avui-per-les-empreses\/"},"wordCount":2684,"commentCount":0,"image":{"@id":"https:\/\/www.euncet.com\/blog\/ca\/les-competencies-mes-valorades-avui-per-les-empreses\/#primaryimage"},"thumbnailUrl":"https:\/\/www.euncet.com\/blog\/wp-content\/uploads\/2025\/10\/competencias-valoradas-empresas-1059.png","keywords":["compet\u00e8ncies professionals m\u00e9s demandades"],"articleSection":["Comunidad Euncet","M\u00e0rqueting, Comunicaci\u00f3 i Vendes"],"inLanguage":"ca","potentialAction":[{"@type":"CommentAction","name":"Comment","target":["https:\/\/www.euncet.com\/blog\/ca\/les-competencies-mes-valorades-avui-per-les-empreses\/#respond"]}]},{"@type":"WebPage","@id":"https:\/\/www.euncet.com\/blog\/ca\/les-competencies-mes-valorades-avui-per-les-empreses\/","url":"https:\/\/www.euncet.com\/blog\/ca\/les-competencies-mes-valorades-avui-per-les-empreses\/","name":"Compet\u00e8ncies professionals m\u00e9s demandades \u25b6 DESCOBREIX","isPartOf":{"@id":"https:\/\/www.euncet.com\/blog\/ca\/#website"},"primaryImageOfPage":{"@id":"https:\/\/www.euncet.com\/blog\/ca\/les-competencies-mes-valorades-avui-per-les-empreses\/#primaryimage"},"image":{"@id":"https:\/\/www.euncet.com\/blog\/ca\/les-competencies-mes-valorades-avui-per-les-empreses\/#primaryimage"},"thumbnailUrl":"https:\/\/www.euncet.com\/blog\/wp-content\/uploads\/2025\/10\/competencias-valoradas-empresas-1059.png","datePublished":"2025-11-03T12:45:34+00:00","dateModified":"2025-11-03T12:45:38+00:00","author":{"@id":"https:\/\/www.euncet.com\/blog\/ca\/#\/schema\/person\/0e051e776e0faf3439e589d51c6ffbbf"},"description":"Compet\u00e8ncies professionals m\u00e9s demandades \u25b6 Coneix les habilitats que m\u00e9s valoren les empreses i com desenvolupar-les efectivament.","breadcrumb":{"@id":"https:\/\/www.euncet.com\/blog\/ca\/les-competencies-mes-valorades-avui-per-les-empreses\/#breadcrumb"},"inLanguage":"ca","potentialAction":[{"@type":"ReadAction","target":["https:\/\/www.euncet.com\/blog\/ca\/les-competencies-mes-valorades-avui-per-les-empreses\/"]}]},{"@type":"ImageObject","inLanguage":"ca","@id":"https:\/\/www.euncet.com\/blog\/ca\/les-competencies-mes-valorades-avui-per-les-empreses\/#primaryimage","url":"https:\/\/www.euncet.com\/blog\/wp-content\/uploads\/2025\/10\/competencias-valoradas-empresas-1059.png","contentUrl":"https:\/\/www.euncet.com\/blog\/wp-content\/uploads\/2025\/10\/competencias-valoradas-empresas-1059.png","width":1000,"height":667,"caption":"compet\u00e8ncies professionals m\u00e9s demandades"},{"@type":"BreadcrumbList","@id":"https:\/\/www.euncet.com\/blog\/ca\/les-competencies-mes-valorades-avui-per-les-empreses\/#breadcrumb","itemListElement":[{"@type":"ListItem","position":1,"name":"Portada","item":"https:\/\/www.euncet.com\/blog\/ca\/"},{"@type":"ListItem","position":2,"name":"Les compet\u00e8ncies m\u00e9s valorades avui per les empreses"}]},{"@type":"WebSite","@id":"https:\/\/www.euncet.com\/blog\/ca\/#website","url":"https:\/\/www.euncet.com\/blog\/ca\/","name":"Euncet Business School","description":"Escuela de negocios","potentialAction":[{"@type":"SearchAction","target":{"@type":"EntryPoint","urlTemplate":"https:\/\/www.euncet.com\/blog\/ca\/?s={search_term_string}"},"query-input":{"@type":"PropertyValueSpecification","valueRequired":true,"valueName":"search_term_string"}}],"inLanguage":"ca"},{"@type":"Person","@id":"https:\/\/www.euncet.com\/blog\/ca\/#\/schema\/person\/0e051e776e0faf3439e589d51c6ffbbf","name":"cc@contenidosclick.es","image":{"@type":"ImageObject","inLanguage":"ca","@id":"https:\/\/secure.gravatar.com\/avatar\/357802666a6fdb068df5668f6b7e54f6bf8552413e68ae49eec126407f15fbeb?s=96&d=mm&r=g","url":"https:\/\/secure.gravatar.com\/avatar\/357802666a6fdb068df5668f6b7e54f6bf8552413e68ae49eec126407f15fbeb?s=96&d=mm&r=g","contentUrl":"https:\/\/secure.gravatar.com\/avatar\/357802666a6fdb068df5668f6b7e54f6bf8552413e68ae49eec126407f15fbeb?s=96&d=mm&r=g","caption":"cc@contenidosclick.es"},"url":"https:\/\/www.euncet.com\/blog\/ca\/author\/cccontenidosclick-es\/"}]}},"_links":{"self":[{"href":"https:\/\/www.euncet.com\/blog\/ca\/wp-json\/wp\/v2\/posts\/66037","targetHints":{"allow":["GET"]}}],"collection":[{"href":"https:\/\/www.euncet.com\/blog\/ca\/wp-json\/wp\/v2\/posts"}],"about":[{"href":"https:\/\/www.euncet.com\/blog\/ca\/wp-json\/wp\/v2\/types\/post"}],"author":[{"embeddable":true,"href":"https:\/\/www.euncet.com\/blog\/ca\/wp-json\/wp\/v2\/users\/29"}],"replies":[{"embeddable":true,"href":"https:\/\/www.euncet.com\/blog\/ca\/wp-json\/wp\/v2\/comments?post=66037"}],"version-history":[{"count":2,"href":"https:\/\/www.euncet.com\/blog\/ca\/wp-json\/wp\/v2\/posts\/66037\/revisions"}],"predecessor-version":[{"id":66039,"href":"https:\/\/www.euncet.com\/blog\/ca\/wp-json\/wp\/v2\/posts\/66037\/revisions\/66039"}],"wp:featuredmedia":[{"embeddable":true,"href":"https:\/\/www.euncet.com\/blog\/ca\/wp-json\/wp\/v2\/media\/66017"}],"wp:attachment":[{"href":"https:\/\/www.euncet.com\/blog\/ca\/wp-json\/wp\/v2\/media?parent=66037"}],"wp:term":[{"taxonomy":"category","embeddable":true,"href":"https:\/\/www.euncet.com\/blog\/ca\/wp-json\/wp\/v2\/categories?post=66037"},{"taxonomy":"post_tag","embeddable":true,"href":"https:\/\/www.euncet.com\/blog\/ca\/wp-json\/wp\/v2\/tags?post=66037"}],"curies":[{"name":"wp","href":"https:\/\/api.w.org\/{rel}","templated":true}]}}