{"id":66167,"date":"2025-11-12T12:21:00","date_gmt":"2025-11-12T11:21:00","guid":{"rendered":"https:\/\/www.euncet.com\/blog\/?p=66167"},"modified":"2025-11-19T13:40:47","modified_gmt":"2025-11-19T12:40:47","slug":"avantatges-estudiar-dues-carreres","status":"publish","type":"post","link":"https:\/\/www.euncet.com\/blog\/ca\/avantatges-estudiar-dues-carreres\/","title":{"rendered":"Per qu\u00e8 els professionals m\u00e9s exitosos estudien dues carreres"},"content":{"rendered":"\n<p>Els professionals que lideren les organitzacions m\u00e9s innovadores del m\u00f3n comparteixen una caracter\u00edstica distintiva que els diferencia dels seus iguals. Mentre molts professionals s&#8217;especialitzen en una \u00fanica disciplina, els l\u00edders m\u00e9s exitosos han descobert els <strong><em>avantatges d&#8217;estudiar dues carreres<\/em><\/strong> com a estrat\u00e8gia per desenvolupar compet\u00e8ncies multidisciplin\u00e0ries. A m\u00e9s, aquesta formaci\u00f3 integral els permet navegar la complexitat de l&#8217;entorn empresarial modern amb perspectives complement\u00e0ries que generen solucions innovadores.<\/p><div id=\"ez-toc-container\" class=\"ez-toc-v2_0_82_2 counter-hierarchy ez-toc-counter ez-toc-custom ez-toc-container-direction\">\n<div class=\"ez-toc-title-container\">\n<p class=\"ez-toc-title\" style=\"cursor:inherit\">\u00cdNDEX DE CONTINGUTS<\/p>\n<span class=\"ez-toc-title-toggle\"><a href=\"#\" class=\"ez-toc-pull-right ez-toc-btn ez-toc-btn-xs ez-toc-btn-default ez-toc-toggle\" aria-label=\"Toggle Table of Content\"><span class=\"ez-toc-js-icon-con\"><span class=\"\"><span class=\"eztoc-hide\" style=\"display:none;\">Toggle<\/span><span class=\"ez-toc-icon-toggle-span\"><svg style=\"fill: #222222;color:#222222\" xmlns=\"http:\/\/www.w3.org\/2000\/svg\" class=\"list-377408\" width=\"20px\" height=\"20px\" viewBox=\"0 0 24 24\" fill=\"none\"><path d=\"M6 6H4v2h2V6zm14 0H8v2h12V6zM4 11h2v2H4v-2zm16 0H8v2h12v-2zM4 16h2v2H4v-2zm16 0H8v2h12v-2z\" fill=\"currentColor\"><\/path><\/svg><svg style=\"fill: #222222;color:#222222\" class=\"arrow-unsorted-368013\" xmlns=\"http:\/\/www.w3.org\/2000\/svg\" width=\"10px\" height=\"10px\" viewBox=\"0 0 24 24\" version=\"1.2\" baseProfile=\"tiny\"><path d=\"M18.2 9.3l-6.2-6.3-6.2 6.3c-.2.2-.3.4-.3.7s.1.5.3.7c.2.2.4.3.7.3h11c.3 0 .5-.1.7-.3.2-.2.3-.5.3-.7s-.1-.5-.3-.7zM5.8 14.7l6.2 6.3 6.2-6.3c.2-.2.3-.5.3-.7s-.1-.5-.3-.7c-.2-.2-.4-.3-.7-.3h-11c-.3 0-.5.1-.7.3-.2.2-.3.5-.3.7s.1.5.3.7z\"\/><\/svg><\/span><\/span><\/span><\/a><\/span><\/div>\n<nav><ul class='ez-toc-list ez-toc-list-level-1 ' ><li class='ez-toc-page-1 ez-toc-heading-level-2'><a class=\"ez-toc-link ez-toc-heading-1\" href=\"https:\/\/www.euncet.com\/blog\/ca\/avantatges-estudiar-dues-carreres\/#Versatilitat_professional_com_a_avantatge_competitiu_sostenible\" >Versatilitat professional com a avantatge competitiu sostenible<\/a><\/li><li class='ez-toc-page-1 ez-toc-heading-level-2'><a class=\"ez-toc-link ez-toc-heading-2\" href=\"https:\/\/www.euncet.com\/blog\/ca\/avantatges-estudiar-dues-carreres\/#Pensament_multidisciplinari_per_a_resolucio_de_problemes_complexos\" >Pensament multidisciplinari per a resoluci\u00f3 de problemes complexos<\/a><\/li><li class='ez-toc-page-1 ez-toc-heading-level-2'><a class=\"ez-toc-link ez-toc-heading-3\" href=\"https:\/\/www.euncet.com\/blog\/ca\/avantatges-estudiar-dues-carreres\/#Major_ocupabilitat_i_oportunitats_de_creixement_professional\" >Major ocupabilitat i oportunitats de creixement professional<\/a><\/li><li class='ez-toc-page-1 ez-toc-heading-level-2'><a class=\"ez-toc-link ez-toc-heading-4\" href=\"https:\/\/www.euncet.com\/blog\/ca\/avantatges-estudiar-dues-carreres\/#Desenvolupament_de_competencies_transversals_avancades\" >Desenvolupament de compet\u00e8ncies transversals avan\u00e7ades<\/a><\/li><li class='ez-toc-page-1 ez-toc-heading-level-2'><a class=\"ez-toc-link ez-toc-heading-5\" href=\"https:\/\/www.euncet.com\/blog\/ca\/avantatges-estudiar-dues-carreres\/#Perspectiva_integral_de_lecosistema_empresarial_modern\" >Perspectiva integral de l&#8217;ecosistema empresarial modern<\/a><\/li><li class='ez-toc-page-1 ez-toc-heading-level-2'><a class=\"ez-toc-link ez-toc-heading-6\" href=\"https:\/\/www.euncet.com\/blog\/ca\/avantatges-estudiar-dues-carreres\/#Formacio_dual_especialitzada_en_empresa_i_marqueting\" >Formaci\u00f3 dual especialitzada en empresa i m\u00e0rqueting<\/a><\/li><li class='ez-toc-page-1 ez-toc-heading-level-2'><a class=\"ez-toc-link ez-toc-heading-7\" href=\"https:\/\/www.euncet.com\/blog\/ca\/avantatges-estudiar-dues-carreres\/#Metodologia_experiencial_i_projeccio_internacional\" >Metodologia experiencial i projecci\u00f3 internacional<\/a><\/li><li class='ez-toc-page-1 ez-toc-heading-level-2'><a class=\"ez-toc-link ez-toc-heading-8\" href=\"https:\/\/www.euncet.com\/blog\/ca\/avantatges-estudiar-dues-carreres\/#Oportunitats_professionals_duals_i_creixement_accelerat\" >Oportunitats professionals duals i creixement accelerat<\/a><\/li><li class='ez-toc-page-1 ez-toc-heading-level-2'><a class=\"ez-toc-link ez-toc-heading-9\" href=\"https:\/\/www.euncet.com\/blog\/ca\/avantatges-estudiar-dues-carreres\/#Retorn_dinversio_educativa_i_ocupabilitat_garantida\" >Retorn d&#8217;inversi\u00f3 educativa i ocupabilitat garantida<\/a><\/li><li class='ez-toc-page-1 ez-toc-heading-level-2'><a class=\"ez-toc-link ez-toc-heading-10\" href=\"https:\/\/www.euncet.com\/blog\/ca\/avantatges-estudiar-dues-carreres\/#Preguntes_sobre_avantatges_destudiar_dues_carreres\" >Preguntes sobre avantatges d&#8217;estudiar dues carreres<\/a><\/li><\/ul><\/nav><\/div>\n\n\n\n\n<p>No obstant aix\u00f2, la decisi\u00f3 de cursar una doble titulaci\u00f3 transcendeix la simple acumulaci\u00f3 de coneixements. Al contrari, representa una inversi\u00f3 estrat\u00e8gica en versatilitat professional i adaptabilitat a mercats din\u00e0mics. En conseq\u00fc\u00e8ncia, professionals amb formaci\u00f3 dual desenvolupen capacitats \u00faniques per liderar transformacions organitzacionals i crear valor en m\u00faltiples dimensions empresarials.<\/p>\n\n\n\n<h2 class=\"wp-block-heading\"><span class=\"ez-toc-section\" id=\"Versatilitat_professional_com_a_avantatge_competitiu_sostenible\"><\/span>Versatilitat professional com a avantatge competitiu sostenible<span class=\"ez-toc-section-end\"><\/span><\/h2>\n\n\n\n<p>Els <strong>avantatges d&#8217;estudiar dues carreres<\/strong> es manifesten principalment en la versatilitat professional que permet a graduats accedir a oportunitats laborals diversificades. En primer lloc, professionals amb doble titulaci\u00f3 poden exercir rols h\u00edbrids que requereixen compet\u00e8ncies de m\u00faltiples disciplines. A m\u00e9s, aquesta versatilitat els proporciona major seguretat laboral en no dependre d&#8217;un \u00fanic sector o especialitzaci\u00f3.<\/p>\n\n\n\n<h3 class=\"wp-block-heading\">Acc\u00e9s a mercats laborals m\u00faltiples<\/h3>\n\n\n\n<p>La formaci\u00f3 dual amplia exponencialment les oportunitats de carrera en permetre acc\u00e9s simultani a diferents sectors professionals. Per exemple, graduats en empresa i m\u00e0rqueting poden liderar departaments comercials, desenvolupar estrat\u00e8gies digitals o gestionar projectes d&#8217;<a href=\"https:\/\/www.euncet.com\/blog\/ca\/blog-2\/?p=41612&#038;p=41612&#038;p=41612&#038;p=65986\" target=\"_blank\" rel=\"noreferrer noopener\">innovaci\u00f3 empresarial<\/a>. Aix\u00ed mateix, aquesta diversificaci\u00f3 redueix riscos associats amb volatilitat sectorial i canvis tecnol\u00f2gics disruptius.<\/p>\n\n\n\n<h3 class=\"wp-block-heading\">Capacitat d&#8217;adaptaci\u00f3 a canvis del mercat<\/h3>\n\n\n\n<p>Els professionals amb doble formaci\u00f3 desenvolupen major capacitat d&#8217;adaptaci\u00f3 a transformacions econ\u00f2miques i tecnol\u00f2giques. Com a resultat, poden pivotar entre disciplines segons demandes del mercat i oportunitats emergents. En conseq\u00fc\u00e8ncia, mantenen rellev\u00e0ncia professional sostenible independentment de fluctuacions sectorials o disrupcions tecnol\u00f2giques espec\u00edfiques.<\/p>\n\n\n\n<p>La versatilitat professional tamb\u00e9 es tradueix en major poder de negociaci\u00f3 salarial i condicions laborals. Per tant, empleadors valoren especialment candidats que poden contribuir en m\u00faltiples \u00e0rees organitzacionals. A m\u00e9s, aquesta polival\u00e8ncia facilita promocions internes i desenvolupament de carrera accelerat cap a posicions de lideratge estrat\u00e8gic.<\/p>\n\n\n\n<h2 class=\"wp-block-heading\"><span class=\"ez-toc-section\" id=\"Pensament_multidisciplinari_per_a_resolucio_de_problemes_complexos\"><\/span>Pensament multidisciplinari per a resoluci\u00f3 de problemes complexos<span class=\"ez-toc-section-end\"><\/span><\/h2>\n\n\n\n<p>Els <strong>avantatges d&#8217;estudiar dues carreres<\/strong> inclouen desenvolupament de pensament multidisciplinari que permet abordar desafiaments empresarials des de perspectives complement\u00e0ries. En particular, professionals amb formaci\u00f3 dual poden integrar enfocaments anal\u00edtics i creatius per generar solucions innovadores. Per conseg\u00fcent, aquesta capacitat de s\u00edntesi multidisciplin\u00e0ria es converteix en diferenciador clau per a lideratge en organitzacions complexes.<\/p>\n\n\n\n<h3 class=\"wp-block-heading\">Integraci\u00f3 de perspectives complement\u00e0ries<\/h3>\n\n\n\n<p>La formaci\u00f3 en disciplines complement\u00e0ries permet integraci\u00f3 de metodologies, eines i enfocaments diversos per a resoluci\u00f3 de problemes empresarials. Per exemple, combinar compet\u00e8ncies empresarials amb <a href=\"https:\/\/www.euncet.com\/blog\/ca\/blog-2\/?p=41612&#038;p=41612&#038;p=41612&#038;p=65989\" target=\"_blank\" rel=\"noreferrer noopener\">m\u00e0rqueting digital<\/a> facilita desenvolupament d&#8217;estrat\u00e8gies comercials integrals. A m\u00e9s, aquesta integraci\u00f3 genera perspectives \u00faniques que professionals especialitzats en una sola \u00e0rea no poden desenvolupar.<\/p>\n\n\n\n<h3 class=\"wp-block-heading\">Innovaci\u00f3 a trav\u00e9s de converg\u00e8ncia disciplin\u00e0ria<\/h3>\n\n\n\n<p>Els aven\u00e7os m\u00e9s significatius en el m\u00f3n empresarial emergeixen freq\u00fcentment de la converg\u00e8ncia entre disciplines tradicionalment separades. Aix\u00ed mateix, professionals amb formaci\u00f3 dual estan especialment preparats per identificar oportunitats en aquestes interseccions disciplin\u00e0ries. En conseq\u00fc\u00e8ncia, poden liderar processos d&#8217;innovaci\u00f3 que requereixen comprensi\u00f3 profunda de m\u00faltiples \u00e0rees de coneixement.<\/p>\n\n\n\n<figure class=\"wp-block-table\"><table class=\"has-fixed-layout\"><tbody><tr><td>\u00c0rea de converg\u00e8ncia<\/td><td>Compet\u00e8ncies integrades<\/td><td>Oportunitats professionals<\/td><\/tr><tr><td>Empresa + M\u00e0rqueting<\/td><td>Gesti\u00f3 estrat\u00e8gica, an\u00e0lisi de mercat<\/td><td>Director comercial, Brand Manager<\/td><\/tr><tr><td>M\u00e0rqueting + Tecnologia<\/td><td>M\u00e0rqueting digital, automatitzaci\u00f3<\/td><td>Digital Manager, Growth Hacker<\/td><\/tr><tr><td>Empresa + Innovaci\u00f3<\/td><td>Gesti\u00f3 del canvi, emprenedoria<\/td><td>Director d&#8217;innovaci\u00f3, Consultor<\/td><\/tr><tr><td>An\u00e0lisi + Creativitat<\/td><td>Data-driven creativity, insights<\/td><td>Estrateg creatiu, Product Manager<\/td><\/tr><\/tbody><\/table><\/figure>\n\n\n\n<h2 class=\"wp-block-heading\"><span class=\"ez-toc-section\" id=\"Major_ocupabilitat_i_oportunitats_de_creixement_professional\"><\/span>Major ocupabilitat i oportunitats de creixement professional<span class=\"ez-toc-section-end\"><\/span><\/h2>\n\n\n\n<p>Els <strong>avantatges d&#8217;estudiar dues carreres<\/strong> es tradueixen directament en major ocupabilitat i oportunitats de creixement professional accelerat. En primer lloc, empleadors valoren especialment candidats que poden contribuir en m\u00faltiples \u00e0rees organitzacionals des de l&#8217;inici de la seva carrera. A m\u00e9s, aquesta polival\u00e8ncia facilita transicions entre rols i sectors segons evoluci\u00f3 d&#8217;interessos professionals i oportunitats del mercat.<\/p>\n\n\n\n<h3 class=\"wp-block-heading\">Diferenciaci\u00f3 en processos de selecci\u00f3 competitius<\/h3>\n\n\n\n<p>Els candidats amb doble titulaci\u00f3 es diferencien significativament en processos de selecci\u00f3 en demostrar capacitat d&#8217;aprenentatge, dedicaci\u00f3 i visi\u00f3 integral. Per exemple, un perfil que combina empresa i m\u00e0rqueting pot aportar perspectives estrat\u00e8giques i operatives simult\u00e0niament. Com a resultat, aquests professionals s\u00f3n especialment atractius per a rols de lideratge que requereixen comprensi\u00f3 hol\u00edstica del negoci.<\/p>\n\n\n\n<h3 class=\"wp-block-heading\">Acceleraci\u00f3 en desenvolupament de carrera<\/h3>\n\n\n\n<p>La formaci\u00f3 dual facilita promocions m\u00e9s r\u00e0pides en permetre assumir responsabilitats en m\u00faltiples \u00e0rees organitzacionals. Aix\u00ed mateix, professionals amb compet\u00e8ncies diversificades poden liderar projectes transversals i gestionar equips multidisciplinaris efectivament. En conseq\u00fc\u00e8ncia, desenvolupen traject\u00f2ries professionals m\u00e9s din\u00e0miques i assoleixen posicions directives en menor temps.<\/p>\n\n\n\n<p>Les oportunitats de <a href=\"https:\/\/es.wikipedia.org\/wiki\/Networking\">netwo<\/a><a href=\"https:\/\/es.wikipedia.org\/wiki\/Networking\" target=\"_blank\" rel=\"noreferrer noopener\">r<\/a><a href=\"https:\/\/es.wikipedia.org\/wiki\/Networking\">king <\/a>tamb\u00e9 es multipliquen en participar en comunitats professionals de diferents disciplines. Per tant, graduats amb doble formaci\u00f3 construeixen xarxes de contactes m\u00e9s \u00e0mplies i diversificades. A m\u00e9s, aquestes connexions multisectorials proporcionen acc\u00e9s a oportunitats professionals que especialistes en una sola \u00e0rea no poden identificar.<\/p>\n\n\n\n<h2 class=\"wp-block-heading\"><span class=\"ez-toc-section\" id=\"Desenvolupament_de_competencies_transversals_avancades\"><\/span>Desenvolupament de compet\u00e8ncies transversals avan\u00e7ades<span class=\"ez-toc-section-end\"><\/span><\/h2>\n\n\n\n<p>Els <strong>avantatges d&#8217;estudiar dues carreres<\/strong> inclouen desenvolupament accelerat de compet\u00e8ncies transversals que s\u00f3n altament valorades en el mercat laboral actual. En particular, gesti\u00f3 del temps, capacitat de s\u00edntesi i aprenentatge continu es reforcen significativament durant formaci\u00f3 dual. Per conseg\u00fcent, aquests professionals desenvolupen habilitats de lideratge i gesti\u00f3 que els preparen per a rols d&#8217;alta responsabilitat.<\/p>\n\n\n\n<h3 class=\"wp-block-heading\">Gesti\u00f3 avan\u00e7ada del temps i prioritats<\/h3>\n\n\n\n<p>Cursar dues carreres simult\u00e0niament desenvolupa compet\u00e8ncies excepcionals en gesti\u00f3 del temps, organitzaci\u00f3 i establiment de prioritats estrat\u00e8giques. Per exemple, estudiants aprenen a optimitzar recursos, gestionar m\u00faltiples projectes i mantenir alt rendiment sota pressi\u00f3. A m\u00e9s, aquestes habilitats es transfereixen directament a l&#8217;entorn professional on gesti\u00f3 eficient \u00e9s cr\u00edtica per a l&#8217;\u00e8xit.<\/p>\n\n\n\n<h3 class=\"wp-block-heading\">Capacitat de s\u00edntesi i comunicaci\u00f3 efectiva<\/h3>\n\n\n\n<p>La necessitat d&#8217;integrar coneixements de disciplines diverses desenvolupa capacitats superiors de s\u00edntesi, an\u00e0lisi i comunicaci\u00f3 efectiva. Aix\u00ed mateix, professionals amb formaci\u00f3 dual poden traduir conceptes complexos entre diferents audi\u00e8ncies i contextos organitzacionals. En conseq\u00fc\u00e8ncia, es converteixen en facilitadors naturals de col\u00b7laboraci\u00f3 interdisciplin\u00e0ria i gesti\u00f3 del canvi.<\/p>\n\n\n\n<p>El desenvolupament de resili\u00e8ncia i adaptabilitat s&#8217;accelera significativament durant formaci\u00f3 dual a causa de la complexitat i exig\u00e8ncia del proc\u00e9s. Per tant, graduats desenvolupen major toler\u00e0ncia a l&#8217;ambig\u00fcitat i capacitat per navegar entorns incerts. A m\u00e9s, aquesta fortalesa mental els prepara per liderar organitzacions en contextos de transformaci\u00f3 i volatilitat.<\/p>\n\n\n\n<h2 class=\"wp-block-heading\"><span class=\"ez-toc-section\" id=\"Perspectiva_integral_de_lecosistema_empresarial_modern\"><\/span>Perspectiva integral de l&#8217;ecosistema empresarial modern<span class=\"ez-toc-section-end\"><\/span><\/h2>\n\n\n\n<p>Els <strong>avantatges d&#8217;estudiar dues carreres<\/strong> proporcionen comprensi\u00f3 integral de l&#8217;ecosistema empresarial que permet prendre decisions m\u00e9s informades i estrat\u00e8giques. En primer lloc, professionals amb formaci\u00f3 dual comprenen interconnexions entre diferents \u00e0rees organitzacionals i poden optimitzar sinergies. A m\u00e9s, aquesta perspectiva hol\u00edstica \u00e9s fonamental per a lideratge efectiu en organitzacions complexes i din\u00e0miques.<\/p>\n\n\n\n<h3 class=\"wp-block-heading\">Comprensi\u00f3 d&#8217;interconnexions organitzacionals<\/h3>\n\n\n\n<p>La formaci\u00f3 en m\u00faltiples disciplines revela com diferents \u00e0rees empresarials s&#8217;influencien m\u00fatuament i creen valor conjunt. Per exemple, decisions de m\u00e0rqueting impacten directament en operacions, finances i recursos humans de manera sist\u00e8mica. Com a resultat, professionals amb perspectiva integral poden anticipar conseq\u00fc\u00e8ncies i optimitzar decisions per a benefici organitzacional global.<\/p>\n\n\n\n<h3 class=\"wp-block-heading\">Visi\u00f3 estrat\u00e8gica per a transformaci\u00f3 digital<\/h3>\n\n\n\n<p>L&#8217;entorn empresarial actual requereix l\u00edders que comprenguin tant aspectes tradicionals de gesti\u00f3 com innovacions tecnol\u00f2giques emergents. Aix\u00ed mateix, professionals amb doble formaci\u00f3 estan especialment preparats per liderar <a href=\"https:\/\/www.accio.gencat.cat\/ca\/sectors\/tic\/\" target=\"_blank\" rel=\"noreferrer noopener\">transformacions digitals<\/a> integrals. En conseq\u00fc\u00e8ncia, poden desenvolupar estrat\u00e8gies que aprofiten tecnologia per crear avantatges competitius sostenibles.<\/p>\n\n\n\n<p>La capacitat per identificar oportunitats de negoci en interseccions disciplin\u00e0ries es converteix en avantatge competitiu cr\u00edtic. Per tant, professionals amb formaci\u00f3 dual poden detectar tend\u00e8ncies emergents i desenvolupar propostes de valor innovadores. A m\u00e9s, aquesta visi\u00f3 anticipat\u00f2ria els permet posicionar organitzacions avantatjosament davant canvis del mercat.<\/p>\n\n\n\n<h2 class=\"wp-block-heading\"><span class=\"ez-toc-section\" id=\"Formacio_dual_especialitzada_en_empresa_i_marqueting\"><\/span>Formaci\u00f3 dual especialitzada en empresa i m\u00e0rqueting<span class=\"ez-toc-section-end\"><\/span><\/h2>\n\n\n\n<p>El <a href=\"https:\/\/www.euncet.com\/ca\/graus\/doble-grau-empresa-marqueting-innovacio-i-tecnologia\/\" target=\"_blank\" rel=\"noreferrer noopener\">Doble Grau en Empresa i M\u00e0rqueting: Innovaci\u00f3 i Tecnologia<\/a> d&#8217;Euncet representa la materialitzaci\u00f3 perfecta dels <strong>avantatges d&#8217;estudiar dues carreres<\/strong> en \u00e0rees complement\u00e0ries i estrat\u00e8giques. En primer lloc, aquesta formaci\u00f3 combina compet\u00e8ncies de gesti\u00f3 empresarial amb especialitzaci\u00f3 en m\u00e0rqueting digital i tecnol\u00f2gic. A m\u00e9s, proporciona perspectiva integral que permet liderar transformacions organitzacionals en l&#8217;era digital.<\/p>\n\n\n\n<h3 class=\"wp-block-heading\">Converg\u00e8ncia estrat\u00e8gica entre disciplines complement\u00e0ries<\/h3>\n\n\n\n<p>La combinaci\u00f3 d&#8217;empresa i m\u00e0rqueting amb innovaci\u00f3 i tecnologia com a eix transversal respon directament a demandes del mercat laboral actual. Per exemple, organitzacions necessiten l\u00edders que comprenguin tant gesti\u00f3 estrat\u00e8gica com implementaci\u00f3 de solucions tecnol\u00f2giques avan\u00e7ades. Com a resultat, graduats desenvolupen compet\u00e8ncies \u00faniques per a rols d&#8217;alta responsabilitat en sectors din\u00e0mics.<\/p>\n\n\n\n<h3 class=\"wp-block-heading\">Doble titulaci\u00f3 oficial en cinc anys<\/h3>\n\n\n\n<p>El programa permet obtenir dos t\u00edtols universitaris oficials en cinc anys: Grau en Empresa, Innovaci\u00f3 i Tecnologia i Grau en M\u00e0rqueting, Innovaci\u00f3 i Tecnologia. Aix\u00ed mateix, aquesta efici\u00e8ncia temporal maximitza retorn d&#8217;inversi\u00f3 educativa mentre proporciona formaci\u00f3 integral. En conseq\u00fc\u00e8ncia, graduats accedeixen al mercat laboral amb avantatges competitius excepcionals i oportunitats professionals diversificades.<\/p>\n\n\n\n<p>Les especialitzacions personalitzades mitjan\u00e7ant sistema de mencions permeten adaptar formaci\u00f3 a interessos espec\u00edfics i demandes sectorials. Per tant, estudiants poden desenvolupar perfils \u00fanics que combinen compet\u00e8ncies generals amb expertise especialitzat. A m\u00e9s, aquesta flexibilitat curricular garanteix rellev\u00e0ncia professional en mercats laborals espec\u00edfics.<\/p>\n\n\n\n<h2 class=\"wp-block-heading\"><span class=\"ez-toc-section\" id=\"Metodologia_experiencial_i_projeccio_internacional\"><\/span>Metodologia experiencial i projecci\u00f3 internacional<span class=\"ez-toc-section-end\"><\/span><\/h2>\n\n\n\n<p>Els <strong>avantatges d&#8217;estudiar dues carreres<\/strong> es potencien significativament mitjan\u00e7ant metodologia experiencial que combina rigor acad\u00e8mic amb aplicaci\u00f3 pr\u00e0ctica en contextos empresarials reals. En primer lloc, participaci\u00f3 en seminaris, masterclass i workshops proporciona exposici\u00f3 directa a desafiaments professionals actuals. A m\u00e9s, simuladors de negoci i projectes col\u00b7laboratius desenvolupen compet\u00e8ncies aplicades que empleadors valoren especialment.<\/p>\n\n\n\n<h3 class=\"wp-block-heading\">Formaci\u00f3 pr\u00e0ctica amb enfocament multidisciplinari<\/h3>\n\n\n\n<p>La metodologia experiencial permet aplicaci\u00f3 simult\u00e0nia de compet\u00e8ncies empresarials i de m\u00e0rqueting en projectes integrats que reflecteixen complexitat de l&#8217;entorn professional. Per exemple, estudiants desenvolupen estrat\u00e8gies comercials completes que inclouen an\u00e0lisi financera, investigaci\u00f3 de mercat i implementaci\u00f3 digital. Com a resultat, graduats posseeixen experi\u00e8ncia pr\u00e0ctica que facilita transici\u00f3 efectiva al m\u00f3n laboral.<\/p>\n\n\n\n<h3 class=\"wp-block-heading\">Perspectiva global mitjan\u00e7ant mobilitat internacional<\/h3>\n\n\n\n<p>Els programes Erasmus i convenis bilaterals proporcionen experi\u00e8ncies internacionals que amplien perspectiva global i compet\u00e8ncies interculturals. Aix\u00ed mateix, exposici\u00f3 a diferents models empresarials i cultures organitzacionals enriqueix formaci\u00f3 multidisciplin\u00e0ria. En conseq\u00fc\u00e8ncia, graduats desenvolupen compet\u00e8ncies per liderar equips diversos i gestionar operacions internacionals.<\/p>\n\n\n\n<p>El networking empresarial mitjan\u00e7ant esdeveniments com el <a href=\"https:\/\/www.euncet.com\/ca\/talent-day-empresa-i-mkt\/\" target=\"_blank\" rel=\"noreferrer noopener\">Talent Day<\/a> facilita connexions directes amb empleadors i oportunitats de captaci\u00f3 immediata de talent. Per tant, estudiants construeixen xarxes professionals s\u00f2lides abans de graduaci\u00f3. A m\u00e9s, pr\u00e0ctiques en companyies nacionals i internacionals proporcionen experi\u00e8ncia laboral real que complementa formaci\u00f3 acad\u00e8mica dual.<\/p>\n\n\n\n<h2 class=\"wp-block-heading\"><span class=\"ez-toc-section\" id=\"Oportunitats_professionals_duals_i_creixement_accelerat\"><\/span>Oportunitats professionals duals i creixement accelerat<span class=\"ez-toc-section-end\"><\/span><\/h2>\n\n\n\n<p>Els <strong>avantatges d&#8217;estudiar dues carreres<\/strong> es materialitzen en oportunitats professionals excepcionals que abasten m\u00faltiples sectors i nivells de responsabilitat. En primer lloc, graduats poden accedir a rols directius en \u00e0rees empresarials tradicionals o especialitzar-se en posicions emergents de m\u00e0rqueting digital. A m\u00e9s, aquesta versatilitat permet desenvolupament de traject\u00f2ries professionals personalitzades segons interessos i oportunitats del mercat.<\/p>\n\n\n\n<h3 class=\"wp-block-heading\">Rols de lideratge en gesti\u00f3 empresarial<\/h3>\n\n\n\n<p>La formaci\u00f3 empresarial integral prepara graduats per a posicions com a director general, director financer, gerent de projectes i consultor de negocis. Per exemple, compet\u00e8ncies en an\u00e0lisi financera, gesti\u00f3 estrat\u00e8gica i lideratge organitzacional faciliten acc\u00e9s a rols d&#8217;alta responsabilitat. Com a resultat, professionals poden liderar transformacions organitzacionals i crear valor empresarial sostenible.<\/p>\n\n\n\n<h3 class=\"wp-block-heading\">Especialitzaci\u00f3 en m\u00e0rqueting digital i tecnol\u00f2gic<\/h3>\n\n\n\n<p>Les compet\u00e8ncies en m\u00e0rqueting digital, an\u00e0lisi de dades i gesti\u00f3 de contingut obren oportunitats en sectors de creixement exponencial. Aix\u00ed mateix, rols com digital manager, social media strategist i especialista en automatitzaci\u00f3 requereixen exactament aquesta combinaci\u00f3 de compet\u00e8ncies. En conseq\u00fc\u00e8ncia, graduats poden liderar estrat\u00e8gies digitals que impulsen creixement empresarial en l&#8217;era tecnol\u00f2gica.<\/p>\n\n\n\n<p>La converg\u00e8ncia entre compet\u00e8ncies empresarials i de m\u00e0rqueting permet acc\u00e9s a rols h\u00edbrids com director d&#8217;intel\u00b7lig\u00e8ncia de negoci, analista de dades empresarials i gerent d&#8217;innovaci\u00f3. Per tant, professionals poden crear valor en interseccions disciplin\u00e0ries on demanda supera significativament l&#8217;oferta. A m\u00e9s, aquests rols emergents ofereixen oportunitats de creixement professional accelerat i compensaci\u00f3 competitiva.<\/p>\n\n\n\n<h2 class=\"wp-block-heading\"><span class=\"ez-toc-section\" id=\"Retorn_dinversio_educativa_i_ocupabilitat_garantida\"><\/span>Retorn d&#8217;inversi\u00f3 educativa i ocupabilitat garantida<span class=\"ez-toc-section-end\"><\/span><\/h2>\n\n\n\n<p>Els <strong>avantatges d&#8217;estudiar dues carreres<\/strong> inclouen retorn d&#8217;inversi\u00f3 educativa superior a causa de major ocupabilitat, salaris competitius i oportunitats de creixement accelerat. En primer lloc, professionals amb doble titulaci\u00f3 accedeixen a posicions millor remunerades des d&#8217;inici de carrera. A m\u00e9s, versatilitat professional proporciona seguretat laboral i capacitat d&#8217;adaptaci\u00f3 a canvis del mercat.<\/p>\n\n\n\n<h3 class=\"wp-block-heading\">Ocupabilitat superior i seguretat professional<\/h3>\n\n\n\n<p>Els graduats amb formaci\u00f3 dual tenen taxes d&#8217;ocupabilitat significativament superiors a causa de versatilitat i compet\u00e8ncies diferenciades que aporten. Per exemple, poden contribuir immediatament en m\u00faltiples \u00e0rees organitzacionals i assumir responsabilitats diversificades. Com a resultat, s\u00f3n especialment atractius per a empleadors que busquen professionals polivalents i adaptables.<\/p>\n\n\n\n<h3 class=\"wp-block-heading\">Compensaci\u00f3 competitiva i creixement salarial<\/h3>\n\n\n\n<p>L&#8217;especialitzaci\u00f3 dual permet negociar salaris superiors en aportar valor en m\u00faltiples dimensions organitzacionals simult\u00e0niament. Aix\u00ed mateix, oportunitats de promoci\u00f3 s&#8217;acceleren en poder assumir rols de major responsabilitat i lideratge transversal. En conseq\u00fc\u00e8ncia, inversi\u00f3 en formaci\u00f3 dual es recupera m\u00e9s r\u00e0pidament mitjan\u00e7ant millors condicions laborals i creixement professional accelerat.<\/p>\n\n\n\n<p>La xarxa de m\u00e9s de 500 empreses col\u00b7laboradores d&#8217;Euncet facilita <a href=\"https:\/\/www.euncet.com\/ca\/campus\/carreres-professionals\/\" target=\"_blank\" rel=\"noreferrer noopener\">acc\u00e9s directe a oportunitats laborals<\/a> de qualitat en sectors diversos. Per tant, graduats tenen avantatges competitius en processos de selecci\u00f3 i acc\u00e9s privilegiat a posicions estrat\u00e8giques. A m\u00e9s, acompanyament professional continu garanteix desenvolupament de carrera sostenible i creixement a llarg termini.<\/p>\n\n\n\n<h2 class=\"wp-block-heading\"><span class=\"ez-toc-section\" id=\"Preguntes_sobre_avantatges_destudiar_dues_carreres\"><\/span>Preguntes sobre avantatges d&#8217;estudiar dues carreres<span class=\"ez-toc-section-end\"><\/span><\/h2>\n\n\n\n<h3 class=\"wp-block-heading\">Quins s\u00f3n els principals avantatges professionals de cursar una doble titulaci\u00f3 universit\u00e0ria?<\/h3>\n\n\n\n<p>Els <strong>avantatges d&#8217;estudiar dues carreres<\/strong> inclouen versatilitat professional excepcional, major ocupabilitat i oportunitats de creixement accelerat en mercats laborals competitius. En primer lloc, professionals amb doble titulaci\u00f3 poden accedir a rols h\u00edbrids que requereixen compet\u00e8ncies multidisciplin\u00e0ries, la qual cosa amplia significativament les seves oportunitats de carrera. A m\u00e9s, aquesta formaci\u00f3 integral desenvolupa pensament multidisciplinari que permet abordar problemes complexos des de perspectives complement\u00e0ries i generar solucions innovadores. <\/p>\n\n\n\n<p>Aix\u00ed mateix, empleadors valoren especialment candidats que poden contribuir en m\u00faltiples \u00e0rees organitzacionals des de l&#8217;inici de la seva carrera professional. D&#8217;altra banda, la versatilitat proporcionada per formaci\u00f3 dual redueix riscos associats amb volatilitat sectorial i facilita adaptaci\u00f3 a canvis tecnol\u00f2gics disruptius. Com a resultat, professionals amb doble formaci\u00f3 desenvolupen traject\u00f2ries m\u00e9s din\u00e0miques, assoleixen posicions directives en menor temps i mantenen rellev\u00e0ncia professional sostenible independentment de fluctuacions del mercat laboral.<\/p>\n\n\n\n<h3 class=\"wp-block-heading\">Com impacta la formaci\u00f3 dual en el desenvolupament de compet\u00e8ncies transversals?<\/h3>\n\n\n\n<p>La formaci\u00f3 dual accelera significativament el desenvolupament de compet\u00e8ncies transversals cr\u00edtiques com gesti\u00f3 del temps, capacitat de s\u00edntesi, comunicaci\u00f3 efectiva i lideratge multidisciplinari. En primer lloc, cursar dues carreres simult\u00e0niament desenvolupa compet\u00e8ncies excepcionals en organitzaci\u00f3, establiment de prioritats estrat\u00e8giques i optimitzaci\u00f3 de recursos sota pressi\u00f3. A m\u00e9s, la necessitat d&#8217;integrar coneixements de disciplines diverses refor\u00e7a capacitats superiors d&#8217;an\u00e0lisi, s\u00edntesi i traducci\u00f3 de conceptes complexos entre diferents audi\u00e8ncies organitzacionals. <\/p>\n\n\n\n<p>Aix\u00ed mateix, professionals amb formaci\u00f3 dual desenvolupen major toler\u00e0ncia a l&#8217;ambig\u00fcitat, resili\u00e8ncia i capacitat per navegar entorns incerts amb efectivitat. D&#8217;altra banda, exposici\u00f3 a metodologies, eines i enfocaments diversos facilita desenvolupament de pensament cr\u00edtic i creativitat aplicada a resoluci\u00f3 de problemes empresarials complexos. En conseq\u00fc\u00e8ncia, graduats es converteixen en facilitadors naturals de col\u00b7laboraci\u00f3 interdisciplin\u00e0ria, gesti\u00f3 del canvi i lideratge transformacional en organitzacions que requereixen adaptabilitat i visi\u00f3 integral per competir exitosament.<\/p>\n\n\n\n<h3 class=\"wp-block-heading\">Quines oportunitats espec\u00edfiques ofereix el Doble Grau en Empresa i M\u00e0rqueting d&#8217;Euncet?<\/h3>\n\n\n\n<p>El Doble Grau en Empresa i M\u00e0rqueting, Innovaci\u00f3 i Tecnologia d&#8217;Euncet proporciona formaci\u00f3 integral que combina gesti\u00f3 empresarial estrat\u00e8gica amb especialitzaci\u00f3 en m\u00e0rqueting digital i tecnol\u00f2gic per liderar transformacions en l&#8217;era digital. En primer lloc, estudiants obtenen dos t\u00edtols universitaris oficials en cinc anys, maximitzant efici\u00e8ncia temporal i retorn d&#8217;inversi\u00f3 educativa mentre desenvolupen compet\u00e8ncies \u00faniques per a sectors din\u00e0mics. <\/p>\n\n\n\n<p>A m\u00e9s, especialitzacions personalitzades mitjan\u00e7ant sistema de mencions permeten adaptar formaci\u00f3 a interessos espec\u00edfics i demandes sectorials emergents. Aix\u00ed mateix, metodologia experiencial amb seminaris, masterclass, simuladors de negoci i projectes col\u00b7laboratius proporciona experi\u00e8ncia pr\u00e0ctica que empleadors valoren especialment. D&#8217;altra banda, programes de mobilitat internacional, networking empresarial mitjan\u00e7ant Talent Day i acc\u00e9s a xarxa de m\u00e9s de 500 empreses col\u00b7laboradores faciliten desenvolupament professional integral i ocupabilitat garantida. Com a resultat, graduats accedeixen a oportunitats professionals excepcionals que inclouen rols directius en gesti\u00f3 empresarial, especialitzaci\u00f3 en m\u00e0rqueting digital avan\u00e7at i posicions h\u00edbrides emergents com director d&#8217;intel\u00b7lig\u00e8ncia de negoci, analista de dades empresarials i gerent d&#8217;innovaci\u00f3 tecnol\u00f2gica.<\/p>\n","protected":false},"excerpt":{"rendered":"<p>Els professionals que lideren les organitzacions m\u00e9s innovadores del m\u00f3n comparteixen una caracter\u00edstica distintiva que els diferencia dels seus iguals. Mentre molts professionals s&#8217;especialitzen en una \u00fanica disciplina, els l\u00edders m\u00e9s exitosos han descobert els avantatges d&#8217;estudiar dues carreres com a estrat\u00e8gia per desenvolupar compet\u00e8ncies multidisciplin\u00e0ries. A m\u00e9s, aquesta formaci\u00f3 integral els permet navegar la [&hellip;]<\/p>\n","protected":false},"author":29,"featured_media":66141,"comment_status":"open","ping_status":"open","sticky":false,"template":"","format":"standard","meta":{"_acf_changed":false,"footnotes":""},"categories":[299,454],"tags":[],"class_list":["post-66167","post","type-post","status-publish","format-standard","has-post-thumbnail","hentry","category-business","category-marqueting-comunicacio-i-vendes"],"acf":[],"yoast_head":"<!-- This site is optimized with the Yoast SEO plugin v27.5 - https:\/\/yoast.com\/product\/yoast-seo-wordpress\/ -->\n<title>Avantatges d&#039;estudiar dues carreres \u25b6 DESCOBREIX per qu\u00e8 val la pena<\/title>\n<meta name=\"description\" content=\"Avantatges d&#039;estudiar dues carreres \u25b6 Descobreix per qu\u00e8 els professionals m\u00e9s EXITOSOS trien la formaci\u00f3 dual.\" \/>\n<meta name=\"robots\" content=\"index, follow, max-snippet:-1, max-image-preview:large, max-video-preview:-1\" \/>\n<link rel=\"canonical\" href=\"https:\/\/www.euncet.com\/blog\/ca\/avantatges-estudiar-dues-carreres\/\" \/>\n<meta property=\"og:locale\" content=\"ca_ES\" \/>\n<meta property=\"og:type\" content=\"article\" \/>\n<meta property=\"og:title\" content=\"Avantatges d&#039;estudiar dues carreres \u25b6 DESCOBREIX per qu\u00e8 val la pena\" \/>\n<meta property=\"og:description\" content=\"Avantatges d&#039;estudiar dues carreres \u25b6 Descobreix per qu\u00e8 els professionals m\u00e9s EXITOSOS trien la formaci\u00f3 dual.\" \/>\n<meta property=\"og:url\" content=\"https:\/\/www.euncet.com\/blog\/ca\/avantatges-estudiar-dues-carreres\/\" \/>\n<meta property=\"og:site_name\" content=\"Euncet Business School\" \/>\n<meta property=\"article:publisher\" content=\"https:\/\/www.facebook.com\/euncet\" \/>\n<meta property=\"article:published_time\" content=\"2025-11-12T11:21:00+00:00\" \/>\n<meta property=\"article:modified_time\" content=\"2025-11-19T12:40:47+00:00\" \/>\n<meta property=\"og:image\" content=\"https:\/\/www.euncet.com\/blog\/wp-content\/uploads\/2025\/11\/profesionales-exitosos-estudian-carreras-1059.png\" \/>\n\t<meta property=\"og:image:width\" content=\"1000\" \/>\n\t<meta property=\"og:image:height\" content=\"667\" \/>\n\t<meta property=\"og:image:type\" content=\"image\/png\" \/>\n<meta name=\"author\" content=\"cc@contenidosclick.es\" \/>\n<meta name=\"twitter:card\" content=\"summary_large_image\" \/>\n<meta name=\"twitter:creator\" content=\"@euncet\" \/>\n<meta name=\"twitter:site\" content=\"@euncet\" \/>\n<meta name=\"twitter:label1\" content=\"Escrit per\" \/>\n\t<meta name=\"twitter:data1\" content=\"cc@contenidosclick.es\" \/>\n\t<meta name=\"twitter:label2\" content=\"Temps estimat de lectura\" \/>\n\t<meta name=\"twitter:data2\" content=\"12 minuts\" \/>\n<script type=\"application\/ld+json\" class=\"yoast-schema-graph\">{\"@context\":\"https:\\\/\\\/schema.org\",\"@graph\":[{\"@type\":\"Article\",\"@id\":\"https:\\\/\\\/www.euncet.com\\\/blog\\\/ca\\\/avantatges-estudiar-dues-carreres\\\/#article\",\"isPartOf\":{\"@id\":\"https:\\\/\\\/www.euncet.com\\\/blog\\\/ca\\\/avantatges-estudiar-dues-carreres\\\/\"},\"author\":{\"name\":\"cc@contenidosclick.es\",\"@id\":\"https:\\\/\\\/www.euncet.com\\\/blog\\\/ca\\\/#\\\/schema\\\/person\\\/0e051e776e0faf3439e589d51c6ffbbf\"},\"headline\":\"Per qu\u00e8 els professionals m\u00e9s exitosos estudien dues carreres\",\"datePublished\":\"2025-11-12T11:21:00+00:00\",\"dateModified\":\"2025-11-19T12:40:47+00:00\",\"mainEntityOfPage\":{\"@id\":\"https:\\\/\\\/www.euncet.com\\\/blog\\\/ca\\\/avantatges-estudiar-dues-carreres\\\/\"},\"wordCount\":2902,\"commentCount\":0,\"image\":{\"@id\":\"https:\\\/\\\/www.euncet.com\\\/blog\\\/ca\\\/avantatges-estudiar-dues-carreres\\\/#primaryimage\"},\"thumbnailUrl\":\"https:\\\/\\\/www.euncet.com\\\/blog\\\/wp-content\\\/uploads\\\/2025\\\/11\\\/profesionales-exitosos-estudian-carreras-1059.png\",\"articleSection\":[\"Management\",\"M\u00e0rqueting, Comunicaci\u00f3 i Vendes\"],\"inLanguage\":\"ca\",\"potentialAction\":[{\"@type\":\"CommentAction\",\"name\":\"Comment\",\"target\":[\"https:\\\/\\\/www.euncet.com\\\/blog\\\/ca\\\/avantatges-estudiar-dues-carreres\\\/#respond\"]}]},{\"@type\":\"WebPage\",\"@id\":\"https:\\\/\\\/www.euncet.com\\\/blog\\\/ca\\\/avantatges-estudiar-dues-carreres\\\/\",\"url\":\"https:\\\/\\\/www.euncet.com\\\/blog\\\/ca\\\/avantatges-estudiar-dues-carreres\\\/\",\"name\":\"Avantatges d'estudiar dues carreres \u25b6 DESCOBREIX per qu\u00e8 val la pena\",\"isPartOf\":{\"@id\":\"https:\\\/\\\/www.euncet.com\\\/blog\\\/ca\\\/#website\"},\"primaryImageOfPage\":{\"@id\":\"https:\\\/\\\/www.euncet.com\\\/blog\\\/ca\\\/avantatges-estudiar-dues-carreres\\\/#primaryimage\"},\"image\":{\"@id\":\"https:\\\/\\\/www.euncet.com\\\/blog\\\/ca\\\/avantatges-estudiar-dues-carreres\\\/#primaryimage\"},\"thumbnailUrl\":\"https:\\\/\\\/www.euncet.com\\\/blog\\\/wp-content\\\/uploads\\\/2025\\\/11\\\/profesionales-exitosos-estudian-carreras-1059.png\",\"datePublished\":\"2025-11-12T11:21:00+00:00\",\"dateModified\":\"2025-11-19T12:40:47+00:00\",\"author\":{\"@id\":\"https:\\\/\\\/www.euncet.com\\\/blog\\\/ca\\\/#\\\/schema\\\/person\\\/0e051e776e0faf3439e589d51c6ffbbf\"},\"description\":\"Avantatges d'estudiar dues carreres \u25b6 Descobreix per qu\u00e8 els professionals m\u00e9s EXITOSOS trien la formaci\u00f3 dual.\",\"breadcrumb\":{\"@id\":\"https:\\\/\\\/www.euncet.com\\\/blog\\\/ca\\\/avantatges-estudiar-dues-carreres\\\/#breadcrumb\"},\"inLanguage\":\"ca\",\"potentialAction\":[{\"@type\":\"ReadAction\",\"target\":[\"https:\\\/\\\/www.euncet.com\\\/blog\\\/ca\\\/avantatges-estudiar-dues-carreres\\\/\"]}]},{\"@type\":\"ImageObject\",\"inLanguage\":\"ca\",\"@id\":\"https:\\\/\\\/www.euncet.com\\\/blog\\\/ca\\\/avantatges-estudiar-dues-carreres\\\/#primaryimage\",\"url\":\"https:\\\/\\\/www.euncet.com\\\/blog\\\/wp-content\\\/uploads\\\/2025\\\/11\\\/profesionales-exitosos-estudian-carreras-1059.png\",\"contentUrl\":\"https:\\\/\\\/www.euncet.com\\\/blog\\\/wp-content\\\/uploads\\\/2025\\\/11\\\/profesionales-exitosos-estudian-carreras-1059.png\",\"width\":1000,\"height\":667,\"caption\":\"avantatges d'estudiar dues carreres\"},{\"@type\":\"BreadcrumbList\",\"@id\":\"https:\\\/\\\/www.euncet.com\\\/blog\\\/ca\\\/avantatges-estudiar-dues-carreres\\\/#breadcrumb\",\"itemListElement\":[{\"@type\":\"ListItem\",\"position\":1,\"name\":\"Portada\",\"item\":\"https:\\\/\\\/www.euncet.com\\\/blog\\\/ca\\\/\"},{\"@type\":\"ListItem\",\"position\":2,\"name\":\"Per qu\u00e8 els professionals m\u00e9s exitosos estudien dues carreres\"}]},{\"@type\":\"WebSite\",\"@id\":\"https:\\\/\\\/www.euncet.com\\\/blog\\\/ca\\\/#website\",\"url\":\"https:\\\/\\\/www.euncet.com\\\/blog\\\/ca\\\/\",\"name\":\"Euncet Business School\",\"description\":\"Escuela de negocios\",\"potentialAction\":[{\"@type\":\"SearchAction\",\"target\":{\"@type\":\"EntryPoint\",\"urlTemplate\":\"https:\\\/\\\/www.euncet.com\\\/blog\\\/ca\\\/?s={search_term_string}\"},\"query-input\":{\"@type\":\"PropertyValueSpecification\",\"valueRequired\":true,\"valueName\":\"search_term_string\"}}],\"inLanguage\":\"ca\"},{\"@type\":\"Person\",\"@id\":\"https:\\\/\\\/www.euncet.com\\\/blog\\\/ca\\\/#\\\/schema\\\/person\\\/0e051e776e0faf3439e589d51c6ffbbf\",\"name\":\"cc@contenidosclick.es\",\"image\":{\"@type\":\"ImageObject\",\"inLanguage\":\"ca\",\"@id\":\"https:\\\/\\\/secure.gravatar.com\\\/avatar\\\/357802666a6fdb068df5668f6b7e54f6bf8552413e68ae49eec126407f15fbeb?s=96&d=mm&r=g\",\"url\":\"https:\\\/\\\/secure.gravatar.com\\\/avatar\\\/357802666a6fdb068df5668f6b7e54f6bf8552413e68ae49eec126407f15fbeb?s=96&d=mm&r=g\",\"contentUrl\":\"https:\\\/\\\/secure.gravatar.com\\\/avatar\\\/357802666a6fdb068df5668f6b7e54f6bf8552413e68ae49eec126407f15fbeb?s=96&d=mm&r=g\",\"caption\":\"cc@contenidosclick.es\"},\"url\":\"https:\\\/\\\/www.euncet.com\\\/blog\\\/ca\\\/author\\\/cccontenidosclick-es\\\/\"}]}<\/script>\n<!-- \/ Yoast SEO plugin. -->","yoast_head_json":{"title":"Avantatges d'estudiar dues carreres \u25b6 DESCOBREIX per qu\u00e8 val la pena","description":"Avantatges d'estudiar dues carreres \u25b6 Descobreix per qu\u00e8 els professionals m\u00e9s EXITOSOS trien la formaci\u00f3 dual.","robots":{"index":"index","follow":"follow","max-snippet":"max-snippet:-1","max-image-preview":"max-image-preview:large","max-video-preview":"max-video-preview:-1"},"canonical":"https:\/\/www.euncet.com\/blog\/ca\/avantatges-estudiar-dues-carreres\/","og_locale":"ca_ES","og_type":"article","og_title":"Avantatges d'estudiar dues carreres \u25b6 DESCOBREIX per qu\u00e8 val la pena","og_description":"Avantatges d'estudiar dues carreres \u25b6 Descobreix per qu\u00e8 els professionals m\u00e9s EXITOSOS trien la formaci\u00f3 dual.","og_url":"https:\/\/www.euncet.com\/blog\/ca\/avantatges-estudiar-dues-carreres\/","og_site_name":"Euncet Business School","article_publisher":"https:\/\/www.facebook.com\/euncet","article_published_time":"2025-11-12T11:21:00+00:00","article_modified_time":"2025-11-19T12:40:47+00:00","og_image":[{"width":1000,"height":667,"url":"https:\/\/www.euncet.com\/blog\/wp-content\/uploads\/2025\/11\/profesionales-exitosos-estudian-carreras-1059.png","type":"image\/png"}],"author":"cc@contenidosclick.es","twitter_card":"summary_large_image","twitter_creator":"@euncet","twitter_site":"@euncet","twitter_misc":{"Escrit per":"cc@contenidosclick.es","Temps estimat de lectura":"12 minuts"},"schema":{"@context":"https:\/\/schema.org","@graph":[{"@type":"Article","@id":"https:\/\/www.euncet.com\/blog\/ca\/avantatges-estudiar-dues-carreres\/#article","isPartOf":{"@id":"https:\/\/www.euncet.com\/blog\/ca\/avantatges-estudiar-dues-carreres\/"},"author":{"name":"cc@contenidosclick.es","@id":"https:\/\/www.euncet.com\/blog\/ca\/#\/schema\/person\/0e051e776e0faf3439e589d51c6ffbbf"},"headline":"Per qu\u00e8 els professionals m\u00e9s exitosos estudien dues carreres","datePublished":"2025-11-12T11:21:00+00:00","dateModified":"2025-11-19T12:40:47+00:00","mainEntityOfPage":{"@id":"https:\/\/www.euncet.com\/blog\/ca\/avantatges-estudiar-dues-carreres\/"},"wordCount":2902,"commentCount":0,"image":{"@id":"https:\/\/www.euncet.com\/blog\/ca\/avantatges-estudiar-dues-carreres\/#primaryimage"},"thumbnailUrl":"https:\/\/www.euncet.com\/blog\/wp-content\/uploads\/2025\/11\/profesionales-exitosos-estudian-carreras-1059.png","articleSection":["Management","M\u00e0rqueting, Comunicaci\u00f3 i Vendes"],"inLanguage":"ca","potentialAction":[{"@type":"CommentAction","name":"Comment","target":["https:\/\/www.euncet.com\/blog\/ca\/avantatges-estudiar-dues-carreres\/#respond"]}]},{"@type":"WebPage","@id":"https:\/\/www.euncet.com\/blog\/ca\/avantatges-estudiar-dues-carreres\/","url":"https:\/\/www.euncet.com\/blog\/ca\/avantatges-estudiar-dues-carreres\/","name":"Avantatges d'estudiar dues carreres \u25b6 DESCOBREIX per qu\u00e8 val la pena","isPartOf":{"@id":"https:\/\/www.euncet.com\/blog\/ca\/#website"},"primaryImageOfPage":{"@id":"https:\/\/www.euncet.com\/blog\/ca\/avantatges-estudiar-dues-carreres\/#primaryimage"},"image":{"@id":"https:\/\/www.euncet.com\/blog\/ca\/avantatges-estudiar-dues-carreres\/#primaryimage"},"thumbnailUrl":"https:\/\/www.euncet.com\/blog\/wp-content\/uploads\/2025\/11\/profesionales-exitosos-estudian-carreras-1059.png","datePublished":"2025-11-12T11:21:00+00:00","dateModified":"2025-11-19T12:40:47+00:00","author":{"@id":"https:\/\/www.euncet.com\/blog\/ca\/#\/schema\/person\/0e051e776e0faf3439e589d51c6ffbbf"},"description":"Avantatges d'estudiar dues carreres \u25b6 Descobreix per qu\u00e8 els professionals m\u00e9s EXITOSOS trien la formaci\u00f3 dual.","breadcrumb":{"@id":"https:\/\/www.euncet.com\/blog\/ca\/avantatges-estudiar-dues-carreres\/#breadcrumb"},"inLanguage":"ca","potentialAction":[{"@type":"ReadAction","target":["https:\/\/www.euncet.com\/blog\/ca\/avantatges-estudiar-dues-carreres\/"]}]},{"@type":"ImageObject","inLanguage":"ca","@id":"https:\/\/www.euncet.com\/blog\/ca\/avantatges-estudiar-dues-carreres\/#primaryimage","url":"https:\/\/www.euncet.com\/blog\/wp-content\/uploads\/2025\/11\/profesionales-exitosos-estudian-carreras-1059.png","contentUrl":"https:\/\/www.euncet.com\/blog\/wp-content\/uploads\/2025\/11\/profesionales-exitosos-estudian-carreras-1059.png","width":1000,"height":667,"caption":"avantatges d'estudiar dues carreres"},{"@type":"BreadcrumbList","@id":"https:\/\/www.euncet.com\/blog\/ca\/avantatges-estudiar-dues-carreres\/#breadcrumb","itemListElement":[{"@type":"ListItem","position":1,"name":"Portada","item":"https:\/\/www.euncet.com\/blog\/ca\/"},{"@type":"ListItem","position":2,"name":"Per qu\u00e8 els professionals m\u00e9s exitosos estudien dues carreres"}]},{"@type":"WebSite","@id":"https:\/\/www.euncet.com\/blog\/ca\/#website","url":"https:\/\/www.euncet.com\/blog\/ca\/","name":"Euncet Business School","description":"Escuela de negocios","potentialAction":[{"@type":"SearchAction","target":{"@type":"EntryPoint","urlTemplate":"https:\/\/www.euncet.com\/blog\/ca\/?s={search_term_string}"},"query-input":{"@type":"PropertyValueSpecification","valueRequired":true,"valueName":"search_term_string"}}],"inLanguage":"ca"},{"@type":"Person","@id":"https:\/\/www.euncet.com\/blog\/ca\/#\/schema\/person\/0e051e776e0faf3439e589d51c6ffbbf","name":"cc@contenidosclick.es","image":{"@type":"ImageObject","inLanguage":"ca","@id":"https:\/\/secure.gravatar.com\/avatar\/357802666a6fdb068df5668f6b7e54f6bf8552413e68ae49eec126407f15fbeb?s=96&d=mm&r=g","url":"https:\/\/secure.gravatar.com\/avatar\/357802666a6fdb068df5668f6b7e54f6bf8552413e68ae49eec126407f15fbeb?s=96&d=mm&r=g","contentUrl":"https:\/\/secure.gravatar.com\/avatar\/357802666a6fdb068df5668f6b7e54f6bf8552413e68ae49eec126407f15fbeb?s=96&d=mm&r=g","caption":"cc@contenidosclick.es"},"url":"https:\/\/www.euncet.com\/blog\/ca\/author\/cccontenidosclick-es\/"}]}},"_links":{"self":[{"href":"https:\/\/www.euncet.com\/blog\/ca\/wp-json\/wp\/v2\/posts\/66167","targetHints":{"allow":["GET"]}}],"collection":[{"href":"https:\/\/www.euncet.com\/blog\/ca\/wp-json\/wp\/v2\/posts"}],"about":[{"href":"https:\/\/www.euncet.com\/blog\/ca\/wp-json\/wp\/v2\/types\/post"}],"author":[{"embeddable":true,"href":"https:\/\/www.euncet.com\/blog\/ca\/wp-json\/wp\/v2\/users\/29"}],"replies":[{"embeddable":true,"href":"https:\/\/www.euncet.com\/blog\/ca\/wp-json\/wp\/v2\/comments?post=66167"}],"version-history":[{"count":4,"href":"https:\/\/www.euncet.com\/blog\/ca\/wp-json\/wp\/v2\/posts\/66167\/revisions"}],"predecessor-version":[{"id":66220,"href":"https:\/\/www.euncet.com\/blog\/ca\/wp-json\/wp\/v2\/posts\/66167\/revisions\/66220"}],"wp:featuredmedia":[{"embeddable":true,"href":"https:\/\/www.euncet.com\/blog\/ca\/wp-json\/wp\/v2\/media\/66141"}],"wp:attachment":[{"href":"https:\/\/www.euncet.com\/blog\/ca\/wp-json\/wp\/v2\/media?parent=66167"}],"wp:term":[{"taxonomy":"category","embeddable":true,"href":"https:\/\/www.euncet.com\/blog\/ca\/wp-json\/wp\/v2\/categories?post=66167"},{"taxonomy":"post_tag","embeddable":true,"href":"https:\/\/www.euncet.com\/blog\/ca\/wp-json\/wp\/v2\/tags?post=66167"}],"curies":[{"name":"wp","href":"https:\/\/api.w.org\/{rel}","templated":true}]}}