{"id":66270,"date":"2025-11-21T17:12:23","date_gmt":"2025-11-21T16:12:23","guid":{"rendered":"https:\/\/www.euncet.com\/blog\/?p=66270"},"modified":"2026-01-21T09:39:54","modified_gmt":"2026-01-21T08:39:54","slug":"la-veu-que-salva-o-enfonsa-empreses","status":"publish","type":"post","link":"https:\/\/www.euncet.com\/blog\/ca\/la-veu-que-salva-o-enfonsa-empreses\/","title":{"rendered":"La veu que salva o enfonsa empreses"},"content":{"rendered":"\n<p>En l&#8217;era de la informaci\u00f3, una empresa no \u00e9s nom\u00e9s el que ven, sin\u00f3 el que comunica. Un producte excel\u00b7lent pot fracassar per una mala reputaci\u00f3. De la mateixa manera, una crisi pot superar-se amb una gesti\u00f3 de la comunicaci\u00f3 impecable. La veu d&#8217;una companyia \u00e9s el seu actiu m\u00e9s estrat\u00e8gic i, alhora, el m\u00e9s vol\u00e0til. Per aix\u00f2, formar-se amb un\u00a0<strong><em>M\u00e0ster en Direcci\u00f3 de Comunicaci\u00f3<\/em><\/strong>\u00a0s&#8217;ha tornat fonamental. Prepara els professionals per ser la veu que protegeix, construeix i lidera la narrativa d&#8217;una organitzaci\u00f3 en un entorn complex i canviant.<\/p><div id=\"ez-toc-container\" class=\"ez-toc-v2_0_82_2 counter-hierarchy ez-toc-counter ez-toc-custom ez-toc-container-direction\">\n<div class=\"ez-toc-title-container\">\n<p class=\"ez-toc-title\" style=\"cursor:inherit\">\u00cdNDEX DE CONTINGUTS<\/p>\n<span class=\"ez-toc-title-toggle\"><a href=\"#\" class=\"ez-toc-pull-right ez-toc-btn ez-toc-btn-xs ez-toc-btn-default ez-toc-toggle\" aria-label=\"Toggle Table of Content\"><span class=\"ez-toc-js-icon-con\"><span class=\"\"><span class=\"eztoc-hide\" style=\"display:none;\">Toggle<\/span><span class=\"ez-toc-icon-toggle-span\"><svg style=\"fill: #222222;color:#222222\" xmlns=\"http:\/\/www.w3.org\/2000\/svg\" class=\"list-377408\" width=\"20px\" height=\"20px\" viewBox=\"0 0 24 24\" fill=\"none\"><path d=\"M6 6H4v2h2V6zm14 0H8v2h12V6zM4 11h2v2H4v-2zm16 0H8v2h12v-2zM4 16h2v2H4v-2zm16 0H8v2h12v-2z\" fill=\"currentColor\"><\/path><\/svg><svg style=\"fill: #222222;color:#222222\" class=\"arrow-unsorted-368013\" xmlns=\"http:\/\/www.w3.org\/2000\/svg\" width=\"10px\" height=\"10px\" viewBox=\"0 0 24 24\" version=\"1.2\" baseProfile=\"tiny\"><path d=\"M18.2 9.3l-6.2-6.3-6.2 6.3c-.2.2-.3.4-.3.7s.1.5.3.7c.2.2.4.3.7.3h11c.3 0 .5-.1.7-.3.2-.2.3-.5.3-.7s-.1-.5-.3-.7zM5.8 14.7l6.2 6.3 6.2-6.3c.2-.2.3-.5.3-.7s-.1-.5-.3-.7c-.2-.2-.4-.3-.7-.3h-11c-.3 0-.5.1-.7.3-.2.2-.3.5-.3.7s.1.5.3.7z\"\/><\/svg><\/span><\/span><\/span><\/a><\/span><\/div>\n<nav><ul class='ez-toc-list ez-toc-list-level-1 ' ><li class='ez-toc-page-1 ez-toc-heading-level-2'><a class=\"ez-toc-link ez-toc-heading-1\" href=\"https:\/\/www.euncet.com\/blog\/ca\/la-veu-que-salva-o-enfonsa-empreses\/#De_la_nota_de_premsa_a_lecosistema_digital_360o\" >De la nota de premsa a l&#8217;ecosistema digital 360\u00ba<\/a><\/li><li class='ez-toc-page-1 ez-toc-heading-level-2'><a class=\"ez-toc-link ez-toc-heading-2\" href=\"https:\/\/www.euncet.com\/blog\/ca\/la-veu-que-salva-o-enfonsa-empreses\/#Les_noves_fronteres_de_la_comunicacio_corporativa\" >Les noves fronteres de la comunicaci\u00f3 corporativa<\/a><\/li><li class='ez-toc-page-1 ez-toc-heading-level-2'><a class=\"ez-toc-link ez-toc-heading-3\" href=\"https:\/\/www.euncet.com\/blog\/ca\/la-veu-que-salva-o-enfonsa-empreses\/#La_comunicacio_de_crisi_en_lera_de_la_viralitat\" >La comunicaci\u00f3 de crisi en l&#8217;era de la viralitat<\/a><\/li><li class='ez-toc-page-1 ez-toc-heading-level-2'><a class=\"ez-toc-link ez-toc-heading-4\" href=\"https:\/\/www.euncet.com\/blog\/ca\/la-veu-que-salva-o-enfonsa-empreses\/#La_narrativa_corporativa_del_storytelling_al_storydoing\" >La narrativa corporativa: del storytelling al storydoing<\/a><\/li><li class='ez-toc-page-1 ez-toc-heading-level-2'><a class=\"ez-toc-link ez-toc-heading-5\" href=\"https:\/\/www.euncet.com\/blog\/ca\/la-veu-que-salva-o-enfonsa-empreses\/#Comunicacio_i_sostenibilitat_el_nou_pilar_de_la_reputacio\" >Comunicaci\u00f3 i sostenibilitat: el nou pilar de la reputaci\u00f3<\/a><\/li><li class='ez-toc-page-1 ez-toc-heading-level-2'><a class=\"ez-toc-link ez-toc-heading-6\" href=\"https:\/\/www.euncet.com\/blog\/ca\/la-veu-que-salva-o-enfonsa-empreses\/#Per_que_un_Master_en_Direccio_de_Comunicacio_es_clau_per_al_teu_futur\" >Per qu\u00e8 un M\u00e0ster en Direcci\u00f3 de Comunicaci\u00f3 \u00e9s clau per al teu futur<\/a><\/li><li class='ez-toc-page-1 ez-toc-heading-level-2'><a class=\"ez-toc-link ez-toc-heading-7\" href=\"https:\/\/www.euncet.com\/blog\/ca\/la-veu-que-salva-o-enfonsa-empreses\/#Conclusio_la_veu_que_construeix_el_futur\" >Conclusi\u00f3: la veu que construeix el futur<\/a><\/li><li class='ez-toc-page-1 ez-toc-heading-level-2'><a class=\"ez-toc-link ez-toc-heading-8\" href=\"https:\/\/www.euncet.com\/blog\/ca\/la-veu-que-salva-o-enfonsa-empreses\/#Preguntes_sobre_el_Master_en_Direccio_de_Comunicacio\" >Preguntes sobre el M\u00e0ster en Direcci\u00f3 de Comunicaci\u00f3<\/a><\/li><\/ul><\/nav><\/div>\n\n\n\n\n<h2 class=\"wp-block-heading\"><span class=\"ez-toc-section\" id=\"De_la_nota_de_premsa_a_lecosistema_digital_360o\"><\/span>De la nota de premsa a l&#8217;ecosistema digital 360\u00ba<span class=\"ez-toc-section-end\"><\/span><\/h2>\n\n\n\n<p>La comunicaci\u00f3 corporativa ha viscut una transformaci\u00f3 radical. Abans, l&#8217;objectiu era aconseguir una menci\u00f3 en un diari o un espai a la televisi\u00f3. El director de comunicaci\u00f3, o Dircom, era un gestor de relacions amb els mitjans. Avui, el seu camp de joc \u00e9s infinitament m\u00e9s ampli i complex: gestiona una xarxa de canals propis, guanyats i pagats. Des de la web corporativa i les xarxes socials fins a les campanyes amb influencers o la comunicaci\u00f3 interna. Per tant, el seu rol ha passat de ser un emissor de missatges a un arquitecte de converses i reputaci\u00f3 online.<\/p>\n\n\n\n<h3 class=\"wp-block-heading\">El Dircom: un perfil estrat\u00e8gic al comit\u00e8 de direcci\u00f3<\/h3>\n\n\n\n<p>Aquesta nova realitat ha elevat la figura del Dircom. Ja no \u00e9s un mer portaveu. \u00c9s un estrateg que seu al comit\u00e8 de direcci\u00f3. La seva funci\u00f3 \u00e9s assegurar que la comunicaci\u00f3 estigui alineada amb els objectius de negoci. Aporta una visi\u00f3 integral de com els missatges impacten en els clients, els empleats, els inversors i la societat. A m\u00e9s, \u00e9s el principal responsable de protegir la\u00a0<a href=\"https:\/\/www.euncet.com\/blog\/ca\/blog-2\/?p=41612&#038;p=41612&#038;p=41612&#038;p=66260\" target=\"_blank\" rel=\"noreferrer noopener\">reputaci\u00f3 de l&#8217;empresa<\/a>, un dels actius intangibles m\u00e9s valuosos. La seva capacitat per anticipar riscos i gestionar crisis \u00e9s, en conseq\u00fc\u00e8ncia, m\u00e9s important que mai.<\/p>\n\n\n\n<h2 class=\"wp-block-heading\"><span class=\"ez-toc-section\" id=\"Les_noves_fronteres_de_la_comunicacio_corporativa\"><\/span>Les noves fronteres de la comunicaci\u00f3 corporativa<span class=\"ez-toc-section-end\"><\/span><\/h2>\n\n\n\n<p>El Dircom modern ha de dominar una s\u00e8rie de disciplines que van molt m\u00e9s enll\u00e0 de la redacci\u00f3. La tecnologia ha irromput amb for\u00e7a, exigint noves compet\u00e8ncies. Un&nbsp;<strong>M\u00e0ster en Direcci\u00f3 de Comunicaci\u00f3<\/strong>&nbsp;prepara els professionals per navegar aquest nou entorn. A continuaci\u00f3, explorem algunes de les \u00e0rees clau que defineixen la comunicaci\u00f3 actual.<\/p>\n\n\n\n<figure class=\"wp-block-image\"><img decoding=\"async\" src=\"https:\/\/www.euncet.com\/blog\/wp-content\/uploads\/2025\/11\/voz-salvar-hundir-empresa-1059-1.png\" alt=\"La veu que pot salvar o enfonsar una empresa\"\/><\/figure>\n\n\n\n<h2 class=\"wp-block-heading\"><span class=\"ez-toc-section\" id=\"La_comunicacio_de_crisi_en_lera_de_la_viralitat\"><\/span>La comunicaci\u00f3 de crisi en l&#8217;era de la viralitat<span class=\"ez-toc-section-end\"><\/span><\/h2>\n\n\n\n<p>Una de les responsabilitats m\u00e9s cr\u00edtiques del Dircom \u00e9s la gesti\u00f3 de la comunicaci\u00f3 de crisi. En el passat, una crisi es gestionava a trav\u00e9s de comunicats de premsa i rodes de premsa. Avui, una not\u00edcia negativa pot donar la volta al m\u00f3n en minuts a trav\u00e9s de les xarxes socials. Per aix\u00f2, la gesti\u00f3 de crisis s&#8217;ha tornat molt m\u00e9s complexa i exigent. Requereix una monitoritzaci\u00f3 constant de la conversa online, una resposta r\u00e0pida i transparent, i la capacitat de dialogar amb una multitud d&#8217;actors. Un&nbsp;<strong>M\u00e0ster en Direcci\u00f3 de Comunicaci\u00f3<\/strong>&nbsp;prepara els professionals per a aquest escenari. Els dota de les eines i els protocols necessaris per protegir la reputaci\u00f3 de l&#8217;empresa quan m\u00e9s ho necessita.<\/p>\n\n\n\n<h2 class=\"wp-block-heading\"><span class=\"ez-toc-section\" id=\"La_narrativa_corporativa_del_storytelling_al_storydoing\"><\/span>La narrativa corporativa: del storytelling al storydoing<span class=\"ez-toc-section-end\"><\/span><\/h2>\n\n\n\n<p>Les empreses ja no nom\u00e9s han de comptar hist\u00f2ries (storytelling). Han de demostrar-les amb fets (storydoing). La coher\u00e8ncia entre el que una empresa diu i el que fa \u00e9s fonamental per construir la confian\u00e7a. El Dircom \u00e9s el guardi\u00e0 d&#8217;aquesta coher\u00e8ncia. La seva feina consisteix a construir una narrativa corporativa s\u00f2lida i aut\u00e8ntica, i assegurar-se que es reflecteixi en cada punt de contacte amb els stakeholders. Des de la publicitat fins a l&#8217;atenci\u00f3 al client, passant per la pol\u00edtica de sostenibilitat. En conseq\u00fc\u00e8ncia, la comunicaci\u00f3 es converteix en una funci\u00f3 transversal que impregna tota l&#8217;organitzaci\u00f3.<\/p>\n\n\n\n<h2 class=\"wp-block-heading\"><span class=\"ez-toc-section\" id=\"Comunicacio_i_sostenibilitat_el_nou_pilar_de_la_reputacio\"><\/span>Comunicaci\u00f3 i sostenibilitat: el nou pilar de la reputaci\u00f3<span class=\"ez-toc-section-end\"><\/span><\/h2>\n\n\n\n<p>La sostenibilitat ha deixat de ser una tend\u00e8ncia per convertir-se en un pilar estrat\u00e8gic. Els consumidors, inversors i el talent exigeixen a les empreses un comprom\u00eds real amb el medi ambient i la societat. Per aix\u00f2, la comunicaci\u00f3 dels criteris ESG (Environmental, Social, and Governance) \u00e9s ara una funci\u00f3 cr\u00edtica. No es tracta nom\u00e9s de publicar un informe anual de sostenibilitat. Implica integrar el prop\u00f2sit i els valors de la companyia en cada missatge. El Director de Comunicaci\u00f3 \u00e9s el responsable d&#8217;articular aquesta narrativa de forma transparent, cre\u00efble i aut\u00e8ntica, evitant el &#8216;greenwashing&#8217; o rentat d&#8217;imatge verda.<\/p>\n\n\n\n<p>Aquesta nova responsabilitat exigeix un coneixement profund dels marcs de reporting i les expectatives dels stakeholders. El Dircom ha de ser capa\u00e7 de traduir dades complexes d&#8217;impacte ambiental o social en hist\u00f2ries que connectin emocionalment amb les audi\u00e8ncies. A m\u00e9s, ha de liderar la conversa interna perqu\u00e8 tots els empleats es converteixin en ambaixadors del comprom\u00eds sostenible de l&#8217;empresa. Un&nbsp;<strong>M\u00e0ster en Direcci\u00f3 de Comunicaci\u00f3<\/strong>&nbsp;d&#8217;avantguarda, com el d&#8217;Euncet, inclou m\u00f2duls espec\u00edfics sobre aquesta mat\u00e8ria. Prepara els futurs l\u00edders per construir una reputaci\u00f3 corporativa s\u00f2lida basada en fets i no nom\u00e9s en paraules.<\/p>\n\n\n\n<h3 class=\"wp-block-heading\">El lideratge comunicatiu: una compet\u00e8ncia clau per a tots els directius<\/h3>\n\n\n\n<p>La comunicaci\u00f3 ja no \u00e9s nom\u00e9s responsabilitat del Dircom. Tots els l\u00edders d&#8217;una organitzaci\u00f3 han de ser bons comunicadors. Han de ser capa\u00e7os d&#8217;inspirar els seus equips, de transmetre l&#8217;estrat\u00e8gia amb claredat i de representar l&#8217;empresa davant clients i socis. Per aquesta ra\u00f3, un&nbsp;<strong>M\u00e0ster en Direcci\u00f3 de Comunicaci\u00f3<\/strong>&nbsp;no nom\u00e9s forma futurs Dircoms. Tamb\u00e9 capacita professionals d&#8217;altres \u00e0rees perqu\u00e8 desenvolupin el seu&nbsp;<a href=\"https:\/\/www.atrevia.com\/blog\/mas-alla-del-cambio-liderazgo-comunicativo-en-tiempos-de-transformacion\/\">lideratge comunicatiu<\/a>. Aquesta \u00e9s una de les compet\u00e8ncies m\u00e9s valorades en el mercat laboral actual, independentment del sector o la funci\u00f3.<\/p>\n\n\n\n<h2 class=\"wp-block-heading\"><span class=\"ez-toc-section\" id=\"Per_que_un_Master_en_Direccio_de_Comunicacio_es_clau_per_al_teu_futur\"><\/span>Per qu\u00e8 un M\u00e0ster en Direcci\u00f3 de Comunicaci\u00f3 \u00e9s clau per al teu futur<span class=\"ez-toc-section-end\"><\/span><\/h2>\n\n\n\n<p>Per dominar aquest ecosistema, la intu\u00efci\u00f3 ja no \u00e9s suficient. Es necessita una formaci\u00f3 s\u00f2lida, estrat\u00e8gica i amb un fort component pr\u00e0ctic. El\u00a0<a href=\"https:\/\/www.euncet.com\/ca\/masters\/direccio-de-comunicacio\/\" target=\"_blank\" rel=\"noreferrer noopener\">M\u00e0ster en Direcci\u00f3 de Comunicaci\u00f3<\/a>\u00a0d&#8217;<strong>Euncet Business School<\/strong>\u00a0est\u00e0 dissenyat per formar aquests nous l\u00edders. El programa ofereix una formaci\u00f3 integral en estrat\u00e8gia, comunicaci\u00f3 digital i gesti\u00f3 corporativa. D&#8217;aquesta manera, els estudiants aprenen a dissenyar plans de comunicaci\u00f3 efica\u00e7os i sostenibles que impulsin l&#8217;\u00e8xit de les empreses.<\/p>\n\n\n\n<h3 class=\"wp-block-heading\">Un enfocament pr\u00e0ctic i connectat amb la innovaci\u00f3<\/h3>\n\n\n\n<p>Una de les claus del m\u00e0ster d&#8217;Euncet \u00e9s el seu enfocament pr\u00e0ctic. Els alumnes no nom\u00e9s aprenen teoria. Duen a terme projectes de comunicaci\u00f3 reals i dissenyen campanyes aplicades a l&#8217;\u00e0mbit de la innovaci\u00f3 tecnol\u00f2gica. A m\u00e9s, el claustre est\u00e0 format per professionals de prestigi en actiu, cosa que garanteix una connexi\u00f3 directa amb les \u00faltimes tend\u00e8ncies del mercat. La seva ubicaci\u00f3 al\u00a0<a href=\"https:\/\/www.euncet.com\/ca\/campus\/barcelona-22\/\" target=\"_blank\" rel=\"noreferrer noopener\">campus de Barcelona 22@<\/a>, el cor del districte tecnol\u00f2gic, ofereix un entorn immillorable per al networking i el desenvolupament professional.<\/p>\n\n\n\n<h3 class=\"wp-block-heading\">Sortides professionals: converteix-te en la veu de les empreses l\u00edders<\/h3>\n\n\n\n<p>La demanda de professionals de la comunicaci\u00f3 amb visi\u00f3 estrat\u00e8gica i domini de les eines digitals \u00e9s molt alta. Un&nbsp;<strong>M\u00e0ster en Direcci\u00f3 de Comunicaci\u00f3<\/strong>&nbsp;obre les portes a un ampli ventall de rols de responsabilitat. Els graduats poden ocupar llocs com a Director de Comunicaci\u00f3 (Dircom), responsable de comunicaci\u00f3 corporativa o Brand Manager. Tamb\u00e9 poden especialitzar-se com a consultors de comunicaci\u00f3, analistes o experts en comunicaci\u00f3 digital. En definitiva, es preparen per ser la veu que guia les empreses en el complex entorn actual.<\/p>\n\n\n\n<h2 class=\"wp-block-heading\"><span class=\"ez-toc-section\" id=\"Conclusio_la_veu_que_construeix_el_futur\"><\/span>Conclusi\u00f3: la veu que construeix el futur<span class=\"ez-toc-section-end\"><\/span><\/h2>\n\n\n\n<p>En definitiva, la direcci\u00f3 de comunicaci\u00f3 s&#8217;ha consolidat com una de les \u00e0rees m\u00e9s estrat\u00e8giques i apassionants del m\u00f3n empresarial. La capacitat de construir una veu corporativa s\u00f2lida, aut\u00e8ntica i coherent \u00e9s un factor diferencial per a l&#8217;\u00e8xit. Requereix una combinaci\u00f3 de visi\u00f3 estrat\u00e8gica, creativitat, domini de la tecnologia i una profunda sensibilitat social. Un programa de postgrau com el\u00a0<strong>M\u00e0ster en Direcci\u00f3 de Comunicaci\u00f3<\/strong>\u00a0d&#8217;<a href=\"https:\/\/www.euncet.com\/ca\/\" target=\"_blank\" rel=\"noreferrer noopener\">Euncet Business School<\/a>, amb el suport de la UPC, proporciona la formaci\u00f3 necess\u00e0ria per liderar aquest repte. \u00c9s una inversi\u00f3 en el teu futur i en el futur de les organitzacions que necessiten una veu clara per navegar la complexitat del segle XXI.<\/p>\n\n\n\n<h2 class=\"wp-block-heading\"><span class=\"ez-toc-section\" id=\"Preguntes_sobre_el_Master_en_Direccio_de_Comunicacio\"><\/span>Preguntes sobre el M\u00e0ster en Direcci\u00f3 de Comunicaci\u00f3<span class=\"ez-toc-section-end\"><\/span><\/h2>\n\n\n\n<h3 class=\"wp-block-heading\">A qui s&#8217;adre\u00e7a aquest m\u00e0ster?<\/h3>\n\n\n\n<p>El programa est\u00e0 orientat a llicenciats i graduats, preferentment de Ci\u00e8ncies Socials i Jur\u00eddiques, amb inter\u00e8s en la comunicaci\u00f3, el m\u00e0rqueting i l&#8217;empresa. Tamb\u00e9 poden accedir titulats en Enginyeria o Arquitectura amb experi\u00e8ncia o formaci\u00f3 espec\u00edfica en aquestes \u00e0rees. El fonamental \u00e9s tenir una vocaci\u00f3 per la comunicaci\u00f3 i el desig de liderar l&#8217;estrat\u00e8gia d&#8217;una organitzaci\u00f3.<\/p>\n\n\n\n<h3 class=\"wp-block-heading\">Quines compet\u00e8ncies diferencials aporta el programa?<\/h3>\n\n\n\n<p>El m\u00e0ster d&#8217;Euncet Business School forma professionals flexibles, creatius i anal\u00edtics. Els estudiants desenvolupen una visi\u00f3 estrat\u00e8gica de la comunicaci\u00f3, aprenen a gestionar equips multidisciplinaris i dominen les \u00faltimes eines tecnol\u00f2giques. A m\u00e9s, el programa t\u00e9 un fort component de management, preparant els alumnes per a la presa de decisions i la resoluci\u00f3 de conflictes. Per conseg\u00fcent, el perfil resultant \u00e9s el d&#8217;un l\u00edder integral de la comunicaci\u00f3.<\/p>\n\n\n\n<h3 class=\"wp-block-heading\">\u00c9s necessari tenir experi\u00e8ncia pr\u00e8via en comunicaci\u00f3?<\/h3>\n\n\n\n<p>No \u00e9s un requisit indispensable, encara que s\u00ed recomanable. El m\u00e0ster est\u00e0 dissenyat per potenciar el talent de professionals que ja tenen una base en el sector o que provenen d&#8217;\u00e0rees afins com el m\u00e0rqueting o el periodisme. No obstant aix\u00f2, la seva estructura permet que perfils d&#8217;altres disciplines puguin adquirir els coneixements necessaris per reorientar la seva carrera amb \u00e8xit. La clau \u00e9s la motivaci\u00f3 i la capacitat d&#8217;aprenentatge.<\/p>\n","protected":false},"excerpt":{"rendered":"<p>En l&#8217;era de la informaci\u00f3, una empresa no \u00e9s nom\u00e9s el que ven, sin\u00f3 el que comunica. Un producte excel\u00b7lent pot fracassar per una mala reputaci\u00f3. De la mateixa manera, una crisi pot superar-se amb una gesti\u00f3 de la comunicaci\u00f3 impecable. La veu d&#8217;una companyia \u00e9s el seu actiu m\u00e9s estrat\u00e8gic i, alhora, el m\u00e9s [&hellip;]<\/p>\n","protected":false},"author":30,"featured_media":66269,"comment_status":"open","ping_status":"open","sticky":false,"template":"","format":"standard","meta":{"_acf_changed":false,"footnotes":""},"categories":[454],"tags":[],"class_list":["post-66270","post","type-post","status-publish","format-standard","has-post-thumbnail","hentry","category-marqueting-comunicacio-i-vendes"],"acf":[],"yoast_head":"<!-- This site is optimized with the Yoast SEO plugin v27.5 - https:\/\/yoast.com\/product\/yoast-seo-wordpress\/ -->\n<title>La veu que salva o enfonsa empreses - Euncet Business School<\/title>\n<meta name=\"robots\" content=\"index, follow, max-snippet:-1, max-image-preview:large, max-video-preview:-1\" \/>\n<link rel=\"canonical\" href=\"https:\/\/www.euncet.com\/blog\/ca\/la-veu-que-salva-o-enfonsa-empreses\/\" \/>\n<meta property=\"og:locale\" content=\"ca_ES\" \/>\n<meta property=\"og:type\" content=\"article\" \/>\n<meta property=\"og:title\" content=\"La veu que salva o enfonsa empreses - Euncet Business School\" \/>\n<meta property=\"og:description\" content=\"En l&#8217;era de la informaci\u00f3, una empresa no \u00e9s nom\u00e9s el que ven, sin\u00f3 el que comunica. Un producte excel\u00b7lent pot fracassar per una mala reputaci\u00f3. De la mateixa manera, una crisi pot superar-se amb una gesti\u00f3 de la comunicaci\u00f3 impecable. La veu d&#8217;una companyia \u00e9s el seu actiu m\u00e9s estrat\u00e8gic i, alhora, el m\u00e9s [&hellip;]\" \/>\n<meta property=\"og:url\" content=\"https:\/\/www.euncet.com\/blog\/ca\/la-veu-que-salva-o-enfonsa-empreses\/\" \/>\n<meta property=\"og:site_name\" content=\"Euncet Business School\" \/>\n<meta property=\"article:publisher\" content=\"https:\/\/www.facebook.com\/euncet\" \/>\n<meta property=\"article:published_time\" content=\"2025-11-21T16:12:23+00:00\" \/>\n<meta property=\"article:modified_time\" content=\"2026-01-21T08:39:54+00:00\" \/>\n<meta property=\"og:image\" content=\"https:\/\/www.euncet.com\/blog\/wp-content\/uploads\/2025\/11\/voz-salvar-hundir-empresa-1059.png\" \/>\n\t<meta property=\"og:image:width\" content=\"1000\" \/>\n\t<meta property=\"og:image:height\" content=\"667\" \/>\n\t<meta property=\"og:image:type\" content=\"image\/png\" \/>\n<meta name=\"author\" content=\"Redacci\u00f3n\" \/>\n<meta name=\"twitter:card\" content=\"summary_large_image\" \/>\n<meta name=\"twitter:creator\" content=\"@euncet\" \/>\n<meta name=\"twitter:site\" content=\"@euncet\" \/>\n<meta name=\"twitter:label1\" content=\"Escrit per\" \/>\n\t<meta name=\"twitter:data1\" content=\"Redacci\u00f3n\" \/>\n\t<meta name=\"twitter:label2\" content=\"Temps estimat de lectura\" \/>\n\t<meta name=\"twitter:data2\" content=\"8 minuts\" \/>\n<script type=\"application\/ld+json\" class=\"yoast-schema-graph\">{\"@context\":\"https:\\\/\\\/schema.org\",\"@graph\":[{\"@type\":\"Article\",\"@id\":\"https:\\\/\\\/www.euncet.com\\\/blog\\\/ca\\\/la-veu-que-salva-o-enfonsa-empreses\\\/#article\",\"isPartOf\":{\"@id\":\"https:\\\/\\\/www.euncet.com\\\/blog\\\/ca\\\/la-veu-que-salva-o-enfonsa-empreses\\\/\"},\"author\":{\"name\":\"Redacci\u00f3n\",\"@id\":\"https:\\\/\\\/www.euncet.com\\\/blog\\\/ca\\\/#\\\/schema\\\/person\\\/08b0ae2abbe84c2d346311267c70a538\"},\"headline\":\"La veu que salva o enfonsa empreses\",\"datePublished\":\"2025-11-21T16:12:23+00:00\",\"dateModified\":\"2026-01-21T08:39:54+00:00\",\"mainEntityOfPage\":{\"@id\":\"https:\\\/\\\/www.euncet.com\\\/blog\\\/ca\\\/la-veu-que-salva-o-enfonsa-empreses\\\/\"},\"wordCount\":1661,\"commentCount\":0,\"image\":{\"@id\":\"https:\\\/\\\/www.euncet.com\\\/blog\\\/ca\\\/la-veu-que-salva-o-enfonsa-empreses\\\/#primaryimage\"},\"thumbnailUrl\":\"https:\\\/\\\/www.euncet.com\\\/blog\\\/wp-content\\\/uploads\\\/2025\\\/11\\\/voz-salvar-hundir-empresa-1059.png\",\"articleSection\":[\"M\u00e0rqueting, Comunicaci\u00f3 i Vendes\"],\"inLanguage\":\"ca\",\"potentialAction\":[{\"@type\":\"CommentAction\",\"name\":\"Comment\",\"target\":[\"https:\\\/\\\/www.euncet.com\\\/blog\\\/ca\\\/la-veu-que-salva-o-enfonsa-empreses\\\/#respond\"]}]},{\"@type\":\"WebPage\",\"@id\":\"https:\\\/\\\/www.euncet.com\\\/blog\\\/ca\\\/la-veu-que-salva-o-enfonsa-empreses\\\/\",\"url\":\"https:\\\/\\\/www.euncet.com\\\/blog\\\/ca\\\/la-veu-que-salva-o-enfonsa-empreses\\\/\",\"name\":\"La veu que salva o enfonsa empreses - Euncet Business School\",\"isPartOf\":{\"@id\":\"https:\\\/\\\/www.euncet.com\\\/blog\\\/ca\\\/#website\"},\"primaryImageOfPage\":{\"@id\":\"https:\\\/\\\/www.euncet.com\\\/blog\\\/ca\\\/la-veu-que-salva-o-enfonsa-empreses\\\/#primaryimage\"},\"image\":{\"@id\":\"https:\\\/\\\/www.euncet.com\\\/blog\\\/ca\\\/la-veu-que-salva-o-enfonsa-empreses\\\/#primaryimage\"},\"thumbnailUrl\":\"https:\\\/\\\/www.euncet.com\\\/blog\\\/wp-content\\\/uploads\\\/2025\\\/11\\\/voz-salvar-hundir-empresa-1059.png\",\"datePublished\":\"2025-11-21T16:12:23+00:00\",\"dateModified\":\"2026-01-21T08:39:54+00:00\",\"author\":{\"@id\":\"https:\\\/\\\/www.euncet.com\\\/blog\\\/ca\\\/#\\\/schema\\\/person\\\/08b0ae2abbe84c2d346311267c70a538\"},\"breadcrumb\":{\"@id\":\"https:\\\/\\\/www.euncet.com\\\/blog\\\/ca\\\/la-veu-que-salva-o-enfonsa-empreses\\\/#breadcrumb\"},\"inLanguage\":\"ca\",\"potentialAction\":[{\"@type\":\"ReadAction\",\"target\":[\"https:\\\/\\\/www.euncet.com\\\/blog\\\/ca\\\/la-veu-que-salva-o-enfonsa-empreses\\\/\"]}]},{\"@type\":\"ImageObject\",\"inLanguage\":\"ca\",\"@id\":\"https:\\\/\\\/www.euncet.com\\\/blog\\\/ca\\\/la-veu-que-salva-o-enfonsa-empreses\\\/#primaryimage\",\"url\":\"https:\\\/\\\/www.euncet.com\\\/blog\\\/wp-content\\\/uploads\\\/2025\\\/11\\\/voz-salvar-hundir-empresa-1059.png\",\"contentUrl\":\"https:\\\/\\\/www.euncet.com\\\/blog\\\/wp-content\\\/uploads\\\/2025\\\/11\\\/voz-salvar-hundir-empresa-1059.png\",\"width\":1000,\"height\":667},{\"@type\":\"BreadcrumbList\",\"@id\":\"https:\\\/\\\/www.euncet.com\\\/blog\\\/ca\\\/la-veu-que-salva-o-enfonsa-empreses\\\/#breadcrumb\",\"itemListElement\":[{\"@type\":\"ListItem\",\"position\":1,\"name\":\"Portada\",\"item\":\"https:\\\/\\\/www.euncet.com\\\/blog\\\/ca\\\/\"},{\"@type\":\"ListItem\",\"position\":2,\"name\":\"La veu que salva o enfonsa empreses\"}]},{\"@type\":\"WebSite\",\"@id\":\"https:\\\/\\\/www.euncet.com\\\/blog\\\/ca\\\/#website\",\"url\":\"https:\\\/\\\/www.euncet.com\\\/blog\\\/ca\\\/\",\"name\":\"Euncet Business School\",\"description\":\"Escuela de negocios\",\"potentialAction\":[{\"@type\":\"SearchAction\",\"target\":{\"@type\":\"EntryPoint\",\"urlTemplate\":\"https:\\\/\\\/www.euncet.com\\\/blog\\\/ca\\\/?s={search_term_string}\"},\"query-input\":{\"@type\":\"PropertyValueSpecification\",\"valueRequired\":true,\"valueName\":\"search_term_string\"}}],\"inLanguage\":\"ca\"},{\"@type\":\"Person\",\"@id\":\"https:\\\/\\\/www.euncet.com\\\/blog\\\/ca\\\/#\\\/schema\\\/person\\\/08b0ae2abbe84c2d346311267c70a538\",\"name\":\"Redacci\u00f3n\",\"image\":{\"@type\":\"ImageObject\",\"inLanguage\":\"ca\",\"@id\":\"https:\\\/\\\/secure.gravatar.com\\\/avatar\\\/45c73eb9ea98c8640eeb2d358c31bf3843d35edd410e2e957b4cb6ed17c34192?s=96&d=mm&r=g\",\"url\":\"https:\\\/\\\/secure.gravatar.com\\\/avatar\\\/45c73eb9ea98c8640eeb2d358c31bf3843d35edd410e2e957b4cb6ed17c34192?s=96&d=mm&r=g\",\"contentUrl\":\"https:\\\/\\\/secure.gravatar.com\\\/avatar\\\/45c73eb9ea98c8640eeb2d358c31bf3843d35edd410e2e957b4cb6ed17c34192?s=96&d=mm&r=g\",\"caption\":\"Redacci\u00f3n\"},\"url\":\"https:\\\/\\\/www.euncet.com\\\/blog\\\/ca\\\/author\\\/redaccion\\\/\"}]}<\/script>\n<!-- \/ Yoast SEO plugin. -->","yoast_head_json":{"title":"La veu que salva o enfonsa empreses - Euncet Business School","robots":{"index":"index","follow":"follow","max-snippet":"max-snippet:-1","max-image-preview":"max-image-preview:large","max-video-preview":"max-video-preview:-1"},"canonical":"https:\/\/www.euncet.com\/blog\/ca\/la-veu-que-salva-o-enfonsa-empreses\/","og_locale":"ca_ES","og_type":"article","og_title":"La veu que salva o enfonsa empreses - Euncet Business School","og_description":"En l&#8217;era de la informaci\u00f3, una empresa no \u00e9s nom\u00e9s el que ven, sin\u00f3 el que comunica. Un producte excel\u00b7lent pot fracassar per una mala reputaci\u00f3. De la mateixa manera, una crisi pot superar-se amb una gesti\u00f3 de la comunicaci\u00f3 impecable. La veu d&#8217;una companyia \u00e9s el seu actiu m\u00e9s estrat\u00e8gic i, alhora, el m\u00e9s [&hellip;]","og_url":"https:\/\/www.euncet.com\/blog\/ca\/la-veu-que-salva-o-enfonsa-empreses\/","og_site_name":"Euncet Business School","article_publisher":"https:\/\/www.facebook.com\/euncet","article_published_time":"2025-11-21T16:12:23+00:00","article_modified_time":"2026-01-21T08:39:54+00:00","og_image":[{"width":1000,"height":667,"url":"https:\/\/www.euncet.com\/blog\/wp-content\/uploads\/2025\/11\/voz-salvar-hundir-empresa-1059.png","type":"image\/png"}],"author":"Redacci\u00f3n","twitter_card":"summary_large_image","twitter_creator":"@euncet","twitter_site":"@euncet","twitter_misc":{"Escrit per":"Redacci\u00f3n","Temps estimat de lectura":"8 minuts"},"schema":{"@context":"https:\/\/schema.org","@graph":[{"@type":"Article","@id":"https:\/\/www.euncet.com\/blog\/ca\/la-veu-que-salva-o-enfonsa-empreses\/#article","isPartOf":{"@id":"https:\/\/www.euncet.com\/blog\/ca\/la-veu-que-salva-o-enfonsa-empreses\/"},"author":{"name":"Redacci\u00f3n","@id":"https:\/\/www.euncet.com\/blog\/ca\/#\/schema\/person\/08b0ae2abbe84c2d346311267c70a538"},"headline":"La veu que salva o enfonsa empreses","datePublished":"2025-11-21T16:12:23+00:00","dateModified":"2026-01-21T08:39:54+00:00","mainEntityOfPage":{"@id":"https:\/\/www.euncet.com\/blog\/ca\/la-veu-que-salva-o-enfonsa-empreses\/"},"wordCount":1661,"commentCount":0,"image":{"@id":"https:\/\/www.euncet.com\/blog\/ca\/la-veu-que-salva-o-enfonsa-empreses\/#primaryimage"},"thumbnailUrl":"https:\/\/www.euncet.com\/blog\/wp-content\/uploads\/2025\/11\/voz-salvar-hundir-empresa-1059.png","articleSection":["M\u00e0rqueting, Comunicaci\u00f3 i Vendes"],"inLanguage":"ca","potentialAction":[{"@type":"CommentAction","name":"Comment","target":["https:\/\/www.euncet.com\/blog\/ca\/la-veu-que-salva-o-enfonsa-empreses\/#respond"]}]},{"@type":"WebPage","@id":"https:\/\/www.euncet.com\/blog\/ca\/la-veu-que-salva-o-enfonsa-empreses\/","url":"https:\/\/www.euncet.com\/blog\/ca\/la-veu-que-salva-o-enfonsa-empreses\/","name":"La veu que salva o enfonsa empreses - Euncet Business School","isPartOf":{"@id":"https:\/\/www.euncet.com\/blog\/ca\/#website"},"primaryImageOfPage":{"@id":"https:\/\/www.euncet.com\/blog\/ca\/la-veu-que-salva-o-enfonsa-empreses\/#primaryimage"},"image":{"@id":"https:\/\/www.euncet.com\/blog\/ca\/la-veu-que-salva-o-enfonsa-empreses\/#primaryimage"},"thumbnailUrl":"https:\/\/www.euncet.com\/blog\/wp-content\/uploads\/2025\/11\/voz-salvar-hundir-empresa-1059.png","datePublished":"2025-11-21T16:12:23+00:00","dateModified":"2026-01-21T08:39:54+00:00","author":{"@id":"https:\/\/www.euncet.com\/blog\/ca\/#\/schema\/person\/08b0ae2abbe84c2d346311267c70a538"},"breadcrumb":{"@id":"https:\/\/www.euncet.com\/blog\/ca\/la-veu-que-salva-o-enfonsa-empreses\/#breadcrumb"},"inLanguage":"ca","potentialAction":[{"@type":"ReadAction","target":["https:\/\/www.euncet.com\/blog\/ca\/la-veu-que-salva-o-enfonsa-empreses\/"]}]},{"@type":"ImageObject","inLanguage":"ca","@id":"https:\/\/www.euncet.com\/blog\/ca\/la-veu-que-salva-o-enfonsa-empreses\/#primaryimage","url":"https:\/\/www.euncet.com\/blog\/wp-content\/uploads\/2025\/11\/voz-salvar-hundir-empresa-1059.png","contentUrl":"https:\/\/www.euncet.com\/blog\/wp-content\/uploads\/2025\/11\/voz-salvar-hundir-empresa-1059.png","width":1000,"height":667},{"@type":"BreadcrumbList","@id":"https:\/\/www.euncet.com\/blog\/ca\/la-veu-que-salva-o-enfonsa-empreses\/#breadcrumb","itemListElement":[{"@type":"ListItem","position":1,"name":"Portada","item":"https:\/\/www.euncet.com\/blog\/ca\/"},{"@type":"ListItem","position":2,"name":"La veu que salva o enfonsa empreses"}]},{"@type":"WebSite","@id":"https:\/\/www.euncet.com\/blog\/ca\/#website","url":"https:\/\/www.euncet.com\/blog\/ca\/","name":"Euncet Business School","description":"Escuela de negocios","potentialAction":[{"@type":"SearchAction","target":{"@type":"EntryPoint","urlTemplate":"https:\/\/www.euncet.com\/blog\/ca\/?s={search_term_string}"},"query-input":{"@type":"PropertyValueSpecification","valueRequired":true,"valueName":"search_term_string"}}],"inLanguage":"ca"},{"@type":"Person","@id":"https:\/\/www.euncet.com\/blog\/ca\/#\/schema\/person\/08b0ae2abbe84c2d346311267c70a538","name":"Redacci\u00f3n","image":{"@type":"ImageObject","inLanguage":"ca","@id":"https:\/\/secure.gravatar.com\/avatar\/45c73eb9ea98c8640eeb2d358c31bf3843d35edd410e2e957b4cb6ed17c34192?s=96&d=mm&r=g","url":"https:\/\/secure.gravatar.com\/avatar\/45c73eb9ea98c8640eeb2d358c31bf3843d35edd410e2e957b4cb6ed17c34192?s=96&d=mm&r=g","contentUrl":"https:\/\/secure.gravatar.com\/avatar\/45c73eb9ea98c8640eeb2d358c31bf3843d35edd410e2e957b4cb6ed17c34192?s=96&d=mm&r=g","caption":"Redacci\u00f3n"},"url":"https:\/\/www.euncet.com\/blog\/ca\/author\/redaccion\/"}]}},"_links":{"self":[{"href":"https:\/\/www.euncet.com\/blog\/ca\/wp-json\/wp\/v2\/posts\/66270","targetHints":{"allow":["GET"]}}],"collection":[{"href":"https:\/\/www.euncet.com\/blog\/ca\/wp-json\/wp\/v2\/posts"}],"about":[{"href":"https:\/\/www.euncet.com\/blog\/ca\/wp-json\/wp\/v2\/types\/post"}],"author":[{"embeddable":true,"href":"https:\/\/www.euncet.com\/blog\/ca\/wp-json\/wp\/v2\/users\/30"}],"replies":[{"embeddable":true,"href":"https:\/\/www.euncet.com\/blog\/ca\/wp-json\/wp\/v2\/comments?post=66270"}],"version-history":[{"count":4,"href":"https:\/\/www.euncet.com\/blog\/ca\/wp-json\/wp\/v2\/posts\/66270\/revisions"}],"predecessor-version":[{"id":66697,"href":"https:\/\/www.euncet.com\/blog\/ca\/wp-json\/wp\/v2\/posts\/66270\/revisions\/66697"}],"wp:featuredmedia":[{"embeddable":true,"href":"https:\/\/www.euncet.com\/blog\/ca\/wp-json\/wp\/v2\/media\/66269"}],"wp:attachment":[{"href":"https:\/\/www.euncet.com\/blog\/ca\/wp-json\/wp\/v2\/media?parent=66270"}],"wp:term":[{"taxonomy":"category","embeddable":true,"href":"https:\/\/www.euncet.com\/blog\/ca\/wp-json\/wp\/v2\/categories?post=66270"},{"taxonomy":"post_tag","embeddable":true,"href":"https:\/\/www.euncet.com\/blog\/ca\/wp-json\/wp\/v2\/tags?post=66270"}],"curies":[{"name":"wp","href":"https:\/\/api.w.org\/{rel}","templated":true}]}}