{"id":66459,"date":"2025-12-15T10:12:04","date_gmt":"2025-12-15T09:12:04","guid":{"rendered":"https:\/\/www.euncet.com\/blog\/?p=66459"},"modified":"2026-01-21T09:37:24","modified_gmt":"2026-01-21T08:37:24","slug":"crisi-lideratge-mapa-mental-lider","status":"publish","type":"post","link":"https:\/\/www.euncet.com\/blog\/ca\/crisi-lideratge-mapa-mental-lider\/","title":{"rendered":"De la crisi a l&#8217;\u00e8xit: el mapa mental del l\u00edder"},"content":{"rendered":"\n<p>La incertesa \u00e9s el nou est\u00e0ndard. Els mercats canvien a una velocitat vertiginosa, les tecnologies disruptives emergeixen sense previ av\u00eds i les expectatives dels clients evolucionen constantment. En aquest escenari, la <strong><em>crisi de lideratge<\/em><\/strong> no \u00e9s un esdeveniment excepcional, sin\u00f3 una condici\u00f3 gaireb\u00e9 permanent. Els vells manuals de gesti\u00f3 ja no serveixen. El l\u00edder autoritari que tot ho sap i tot ho controla ha quedat obsolet. Avui, m\u00e9s que mai, es necessiten l\u00edders capa\u00e7os de navegar en la complexitat, de gestionar la incertesa i de convertir els moments de crisi en oportunitats de creixement i transformaci\u00f3. La clau no est\u00e0 en tenir totes les respostes, sin\u00f3 en tenir el mapa mental adequat.<\/p><div id=\"ez-toc-container\" class=\"ez-toc-v2_0_82_2 counter-hierarchy ez-toc-counter ez-toc-custom ez-toc-container-direction\">\n<div class=\"ez-toc-title-container\">\n<p class=\"ez-toc-title\" style=\"cursor:inherit\">\u00cdNDEX DE CONTINGUTS<\/p>\n<span class=\"ez-toc-title-toggle\"><a href=\"#\" class=\"ez-toc-pull-right ez-toc-btn ez-toc-btn-xs ez-toc-btn-default ez-toc-toggle\" aria-label=\"Toggle Table of Content\"><span class=\"ez-toc-js-icon-con\"><span class=\"\"><span class=\"eztoc-hide\" style=\"display:none;\">Toggle<\/span><span class=\"ez-toc-icon-toggle-span\"><svg style=\"fill: #222222;color:#222222\" xmlns=\"http:\/\/www.w3.org\/2000\/svg\" class=\"list-377408\" width=\"20px\" height=\"20px\" viewBox=\"0 0 24 24\" fill=\"none\"><path d=\"M6 6H4v2h2V6zm14 0H8v2h12V6zM4 11h2v2H4v-2zm16 0H8v2h12v-2zM4 16h2v2H4v-2zm16 0H8v2h12v-2z\" fill=\"currentColor\"><\/path><\/svg><svg style=\"fill: #222222;color:#222222\" class=\"arrow-unsorted-368013\" xmlns=\"http:\/\/www.w3.org\/2000\/svg\" width=\"10px\" height=\"10px\" viewBox=\"0 0 24 24\" version=\"1.2\" baseProfile=\"tiny\"><path d=\"M18.2 9.3l-6.2-6.3-6.2 6.3c-.2.2-.3.4-.3.7s.1.5.3.7c.2.2.4.3.7.3h11c.3 0 .5-.1.7-.3.2-.2.3-.5.3-.7s-.1-.5-.3-.7zM5.8 14.7l6.2 6.3 6.2-6.3c.2-.2.3-.5.3-.7s-.1-.5-.3-.7c-.2-.2-.4-.3-.7-.3h-11c-.3 0-.5.1-.7.3-.2.2-.3.5-.3.7s.1.5.3.7z\"\/><\/svg><\/span><\/span><\/span><\/a><\/span><\/div>\n<nav><ul class='ez-toc-list ez-toc-list-level-1 ' ><li class='ez-toc-page-1 ez-toc-heading-level-2'><a class=\"ez-toc-link ez-toc-heading-1\" href=\"https:\/\/www.euncet.com\/blog\/ca\/crisi-lideratge-mapa-mental-lider\/#La_crisi_de_lideratge_mes_enlla_dels_problemes_financers\" >La crisi de lideratge: m\u00e9s enll\u00e0 dels problemes financers<\/a><\/li><li class='ez-toc-page-1 ez-toc-heading-level-2'><a class=\"ez-toc-link ez-toc-heading-2\" href=\"https:\/\/www.euncet.com\/blog\/ca\/crisi-lideratge-mapa-mental-lider\/#El_mapa_mental_del_lider_tradicional_vs_el_lider_transformador\" >El mapa mental del l\u00edder tradicional vs. el l\u00edder transformador<\/a><\/li><li class='ez-toc-page-1 ez-toc-heading-level-2'><a class=\"ez-toc-link ez-toc-heading-3\" href=\"https:\/\/www.euncet.com\/blog\/ca\/crisi-lideratge-mapa-mental-lider\/#Formacio_per_liderar_en_la_complexitat\" >Formaci\u00f3 per liderar en la complexitat<\/a><\/li><li class='ez-toc-page-1 ez-toc-heading-level-2'><a class=\"ez-toc-link ez-toc-heading-4\" href=\"https:\/\/www.euncet.com\/blog\/ca\/crisi-lideratge-mapa-mental-lider\/#Conclusio_el_lider_com_a_jardiner\" >Conclusi\u00f3: el l\u00edder com a jardiner<\/a><\/li><li class='ez-toc-page-1 ez-toc-heading-level-2'><a class=\"ez-toc-link ez-toc-heading-5\" href=\"https:\/\/www.euncet.com\/blog\/ca\/crisi-lideratge-mapa-mental-lider\/#Preguntes_sobre_la_crisi_de_lideratge\" >Preguntes sobre la crisi de lideratge<\/a><\/li><\/ul><\/nav><\/div>\n\n\n\n\n<h2 class=\"wp-block-heading\"><span class=\"ez-toc-section\" id=\"La_crisi_de_lideratge_mes_enlla_dels_problemes_financers\"><\/span>La crisi de lideratge: m\u00e9s enll\u00e0 dels problemes financers<span class=\"ez-toc-section-end\"><\/span><\/h2>\n\n\n\n<p>Quan pensem en una <strong>crisi de lideratge<\/strong>, sovint ens v\u00e9nen al cap problemes financers, una caiguda en les vendes o un esc\u00e0ndol de reputaci\u00f3. No obstant aix\u00f2, les crisis m\u00e9s profundes i perilloses s\u00f3n les que no es veuen, les que es gesten al cor de l&#8217;organitzaci\u00f3: la desmotivaci\u00f3 dels equips, la falta de visi\u00f3 estrat\u00e8gica, la resist\u00e8ncia al canvi o la incapacitat per innovar. Un l\u00edder que nom\u00e9s s&#8217;enfoca en els indicadors financers est\u00e0 mirant el retrovissor. El veritable l\u00edder transformador \u00e9s el que sap llegir els senyals febles, el que anticipa els problemes abans que es converteixin en crisis i el que ent\u00e9n que l&#8217;actiu m\u00e9s important de la seva empresa no s\u00f3n les m\u00e0quines, sin\u00f3 les persones.<\/p>\n\n\n\n<h3 class=\"wp-block-heading\">Lideratge adaptatiu: la br\u00faixola enmig de la tempesta<\/h3>\n\n\n\n<p>El lideratge adaptatiu \u00e9s una de les respostes m\u00e9s eficaces a la <strong>crisi de lideratge.<\/strong> Aquest enfocament, desenvolupat a la Universitat de Harvard, parteix de la premissa que els problemes complexos no tenen solucions t\u00e8cniques senzilles. Requereixen un proc\u00e9s d&#8217;aprenentatge col\u00b7lectiu, d&#8217;experimentaci\u00f3 i d&#8217;adaptaci\u00f3 constant. El l\u00edder adaptatiu no \u00e9s el que t\u00e9 la soluci\u00f3, sin\u00f3 el que crea les condicions perqu\u00e8 la soluci\u00f3 emergeixi del propi equip. El seu paper \u00e9s el d&#8217;un facilitador, un catalitzador del canvi que sap gestionar la tensi\u00f3, protegir les veus dissidents i mantenir l&#8217;equip enfocat en el prop\u00f2sit, fins i tot quan el cam\u00ed \u00e9s incert.<\/p>\n\n\n\n<h3 class=\"wp-block-heading\">La resili\u00e8ncia: el m\u00fascul emocional del l\u00edder<\/h3>\n\n\n\n<p><a href=\"http:\/\/La incertesa \u00e9s el nou est\u00e0ndard. Els mercats canvien a una velocitat vertiginosa, les tecnologies disruptives emergeixen sense previ av\u00eds i les expectatives dels clients evolucionen constantment. En aquest escenari, la crisi de lideratge no \u00e9s un esdeveniment excepcional, sin\u00f3 una condici\u00f3 gaireb\u00e9 permanent. Els vells manuals de gesti\u00f3 ja no serveixen. El l\u00edder autoritari que tot ho sap i tot ho controla ha quedat obsolet. Avui, m\u00e9s que mai, es necessiten l\u00edders capa\u00e7os de navegar en la complexitat, de gestionar la incertesa i de convertir els moments de crisi en oportunitats de creixement i transformaci\u00f3. La clau no est\u00e0 en tenir totes les respostes, sin\u00f3 en tenir el mapa mental adequat.  La crisi de lideratge: m\u00e9s enll\u00e0 dels problemes financers  Quan pensem en una crisi de lideratge, sovint ens v\u00e9nen al cap problemes financers, una caiguda en les vendes o un esc\u00e0ndol de reputaci\u00f3. No obstant aix\u00f2, les crisis m\u00e9s profundes i perilloses s\u00f3n les que no es veuen, les que es gesten al cor de l'organitzaci\u00f3: la desmotivaci\u00f3 dels equips, la falta de visi\u00f3 estrat\u00e8gica, la resist\u00e8ncia al canvi o la incapacitat per innovar. Un l\u00edder que nom\u00e9s s'enfoca en els indicadors financers est\u00e0 mirant el retrovissor. El veritable l\u00edder transformador \u00e9s el que sap llegir els senyals febles, el que anticipa els problemes abans que es converteixin en crisis i el que ent\u00e9n que l'actiu m\u00e9s important de la seva empresa no s\u00f3n les m\u00e0quines, sin\u00f3 les persones.  Lideratge adaptatiu: la br\u00faixola enmig de la tempesta  El lideratge adaptatiu \u00e9s una de les respostes m\u00e9s eficaces a la crisi de lideratge. Aquest enfocament, desenvolupat a la Universitat de Harvard, parteix de la premissa que els problemes complexos no tenen solucions t\u00e8cniques senzilles. Requereixen un proc\u00e9s d'aprenentatge col\u00b7lectiu, d'experimentaci\u00f3 i d'adaptaci\u00f3 constant. El l\u00edder adaptatiu no \u00e9s el que t\u00e9 la soluci\u00f3, sin\u00f3 el que crea les condicions perqu\u00e8 la soluci\u00f3 emergeixi del propi equip. El seu paper \u00e9s el d'un facilitador, un catalitzador del canvi que sap gestionar la tensi\u00f3, protegir les veus dissidents i mantenir l'equip enfocat en el prop\u00f2sit, fins i tot quan el cam\u00ed \u00e9s incert.  La resili\u00e8ncia: el m\u00fascul emocional del l\u00edder  Liderar en temps de crisi \u00e9s esgotador. La pressi\u00f3, la incertesa i la responsabilitat poden passar factura a nivell f\u00edsic i emocional. Per aix\u00f2, la resili\u00e8ncia \u00e9s una de les qualitats m\u00e9s importants d'un l\u00edder. La resili\u00e8ncia no \u00e9s la capacitat de no caure, sin\u00f3 la d'aixecar-se una i altra vegada, aprenent de cada caiguda. Un l\u00edder resilient sap gestionar el seu propi estr\u00e8s, mant\u00e9 una actitud optimista per\u00f2 realista, i \u00e9s capa\u00e7 de transmetre calma i confian\u00e7a al seu equip, fins i tot en els moments m\u00e9s dif\u00edcils. La resili\u00e8ncia, com qualsevol altre m\u00fascul, es pot entrenar. La meditaci\u00f3, l'esport, el descans i el suport d'un coach o un mentor s\u00f3n algunes de les eines que ens ajuden a enfortir-la.  La visi\u00f3 sist\u00e8mica: veure el bosc, no nom\u00e9s els arbres  Enmig d'una crisi de lideratge, \u00e9s f\u00e0cil caure en el parany de la visi\u00f3 de t\u00fanel, d'enfocar-se \u00fanicament en el problema immediat i perdre de vista el panorama general. El l\u00edder transformador, en canvi, cultiva una visi\u00f3 sist\u00e8mica. Ent\u00e9n que l'organitzaci\u00f3 \u00e9s un sistema complex i din\u00e0mic, on totes les parts estan interconnectades. Sap que una decisi\u00f3 en una \u00e0rea pot tenir conseq\u00fc\u00e8ncies inesperades en una altra. Per aix\u00f2, abans d'actuar, es pren el temps per analitzar el problema des de diferents perspectives, per escoltar totes les parts implicades i per entendre les relacions de causa i efecte que subjauen a la crisi. Aquesta capacitat per veure el bosc, i no nom\u00e9s els arbres, \u00e9s el que li permet prendre decisions m\u00e9s s\u00e0vies i sostenibles a llarg termini.  El poder de la vulnerabilitat en el lideratge  En el vell paradigma, el l\u00edder era una figura infal\u00b7lible, una mena de superheroi que mai no mostrava debilitat. Avui, sabem que la vulnerabilitat no \u00e9s una debilitat, sin\u00f3 una fortalesa. Un l\u00edder que s'atreveix a mostrar-se vulnerable, que reconeix els seus errors, que demana ajuda quan la necessita i que comparteix les seves pors i els seus dubtes, genera una connexi\u00f3 molt m\u00e9s profunda i aut\u00e8ntica amb el seu equip. La vulnerabilitat humanitza el l\u00edder i crea un clima de seguretat psicol\u00f2gica on els altres tamb\u00e9 s'atreveixen a ser ells mateixos, a experimentar i a assumir riscos. En una crisi de lideratge, un l\u00edder vulnerable no \u00e9s un l\u00edder feble, \u00e9s un l\u00edder valent que inspira confian\u00e7a i lleialtat.  El feedback com a regal: una cultura de millora cont\u00ednua  Una de les manifestacions m\u00e9s clares d'una crisi de lideratge \u00e9s l'abs\u00e8ncia de feedback honest i constructiu. En les organitzacions amb una cultura de por, el feedback s'evita o es disfressa, i les converses importants mai no tenen lloc. El l\u00edder transformador, en canvi, ent\u00e9n que el feedback \u00e9s un regal, una oportunitat d'or per aprendre i millorar. Per aix\u00f2, no nom\u00e9s d\u00f3na feedback de forma regular i respectuosa, sin\u00f3 que tamb\u00e9 el demana activament. Crea canals i rituals perqu\u00e8 el feedback flueixi en totes les direccions, de dalt a baix, de baix a dalt i entre iguals. Sap que una cultura de feedback \u00e9s el motor de la millora cont\u00ednua i la millor vacuna contra l'autocomplaen\u00e7a.  La import\u00e0ncia del prop\u00f2sit compartit  Enmig de la boira d'una crisi, el prop\u00f2sit compartit \u00e9s el far que guia l'organitzaci\u00f3. Un prop\u00f2sit clar i motivador, que va m\u00e9s enll\u00e0 dels objectius econ\u00f2mics, \u00e9s el que d\u00f3na sentit al treball de les persones i el que les mant\u00e9 unides quan les coses es posen dif\u00edcils. El l\u00edder transformador no imposa el prop\u00f2sit, sin\u00f3 que el co-crea amb el seu equip. Facilita converses perqu\u00e8 tothom pugui connectar el seu treball diari amb la missi\u00f3 \u00faltima de l'empresa. Sap que quan les persones senten que el seu treball t\u00e9 un impacte positiu en el m\u00f3n, el seu nivell de comprom\u00eds i de resili\u00e8ncia es multiplica. En una crisi de lideratge, el prop\u00f2sit \u00e9s l'\u00e0ncora que evita que el vaixell se'n vagi a la deriva.  El mapa mental del l\u00edder tradicional vs. el l\u00edder transformador  La difer\u00e8ncia entre un l\u00edder que sucumbeix a la crisi i un que en surt enfortit resideix en el seu mapa mental, en la seva forma d'interpretar la realitat i de prendre decisions. A continuaci\u00f3, es comparen ambd\u00f3s enfocaments:  Formaci\u00f3 per liderar en la complexitat  Desenvolupar un mapa mental transformador i les habilitats del lideratge adaptatiu no \u00e9s alguna cosa que s'improvisi. Requereix un treball profund d'autoconeixement, de desaprendre vells h\u00e0bits i d'adquirir noves eines. Un programa com el Curs de Lideratge Transformador d'Euncet est\u00e0 dissenyat precisament per acompanyar els l\u00edders en aquest viatge. A trav\u00e9s d'eines com el model DISC, els participants aprenen a con\u00e8ixer el seu propi estil de lideratge, a entendre millor els seus col\u00b7laboradors i a adaptar la seva comunicaci\u00f3 per ser m\u00e9s efectius. El curs posa un \u00e8mfasi especial en la gesti\u00f3 del canvi i en el desenvolupament d'una visi\u00f3 sist\u00e8mica, dues compet\u00e8ncies clau per superar qualsevol crisi de lideratge.  Conclusi\u00f3: el l\u00edder com a jardiner  Superar una crisi de lideratge no \u00e9s una q\u00fcesti\u00f3 d'aplicar una f\u00f3rmula m\u00e0gica, sin\u00f3 de cultivar un determinat tipus de mentalitat. El l\u00edder transformador no \u00e9s un mec\u00e0nic que repara una m\u00e0quina espatlada, \u00e9s un jardiner que cuida un ecosistema viu. El seu treball no \u00e9s controlar, sin\u00f3 crear les condicions perqu\u00e8 les persones i els equips floreixin. Adoba el terreny amb confian\u00e7a, rega amb comunicaci\u00f3 transparent, poda els mals h\u00e0bits amb feedback constructiu i protegeix la diversitat del jard\u00ed. Sap que si cuida de l'ecosistema, els resultats acabaran arribant. La formaci\u00f3, com la que ofereix el Curs de Lideratge Transformador d'Euncet Business School, proporciona les eines i l'adob necessari perqu\u00e8 qualsevol professional pugui convertir-se en aquest jardiner que la seva organitzaci\u00f3 necessita.  Preguntes sobre la crisi de lideratge  Una crisi de lideratge sempre \u00e9s negativa?  No necess\u00e0riament. Una crisi, si es gestiona b\u00e9, pot ser una oportunitat \u00fanica per q\u00fcestionar l'statu quo, per innovar i per enfortir la cultura de l'empresa. Moltes de les transformacions m\u00e9s reeixides de la hist\u00f2ria empresarial han nascut d'una profunda crisi. La clau est\u00e0 en la mentalitat del l\u00edder i en la seva capacitat per veure l'oportunitat enmig de l'adversitat.  Com puc saber si la meva empresa est\u00e0 en una crisi de lideratge?  Alguns senyals d'alerta s\u00f3n l'alta rotaci\u00f3 de personal, la falta de motivaci\u00f3, la proliferaci\u00f3 de rumors, la resist\u00e8ncia al canvi i la incapacitat per assolir els objectius estrat\u00e8gics. Si detectes diversos d'aquests senyals a la teva organitzaci\u00f3, \u00e9s probable que estiguis davant d'una crisi de lideratge, encara que els resultats financers encara siguin bons.  Qu\u00e8 \u00e9s el primer que ha de fer un l\u00edder davant d'una crisi?  Comunicar. La comunicaci\u00f3 \u00e9s l'eina m\u00e9s poderosa d'un l\u00edder en temps de crisi. \u00c9s fonamental comunicar de forma clara, honesta i freq\u00fcent, encara que no es tinguin totes les respostes. El silenci genera incertesa i desconfian\u00e7a. Un l\u00edder que es comunica de forma transparent demostra que est\u00e0 al comandament de la situaci\u00f3 i que confia en el seu equip per superar-la junts.\" target=\"_blank\" rel=\"noreferrer noopener\">Liderar <\/a>en temps de crisi \u00e9s esgotador. La pressi\u00f3, la incertesa i la responsabilitat poden passar factura a nivell f\u00edsic i emocional. Per aix\u00f2, la resili\u00e8ncia \u00e9s una de les qualitats m\u00e9s importants d&#8217;un l\u00edder. La resili\u00e8ncia no \u00e9s la capacitat de no caure, sin\u00f3 la d&#8217;aixecar-se una i altra vegada, aprenent de cada caiguda. Un l\u00edder resilient sap gestionar el seu propi estr\u00e8s, mant\u00e9 una actitud optimista per\u00f2 realista, i \u00e9s capa\u00e7 de transmetre calma i confian\u00e7a al seu equip, fins i tot en els moments m\u00e9s dif\u00edcils. La resili\u00e8ncia, com qualsevol altre m\u00fascul, es pot entrenar. La meditaci\u00f3, l&#8217;esport, el descans i el suport d&#8217;un coach o un mentor s\u00f3n algunes de les eines que ens ajuden a enfortir-la.<\/p>\n\n\n\n<h3 class=\"wp-block-heading\">La visi\u00f3 sist\u00e8mica: veure el bosc, no nom\u00e9s els arbres<\/h3>\n\n\n\n<p>Enmig d&#8217;una <strong>crisi de lideratge<\/strong>, \u00e9s f\u00e0cil caure en el parany de la visi\u00f3 de t\u00fanel, d&#8217;enfocar-se \u00fanicament en el problema immediat i perdre de vista el panorama general. El l\u00edder transformador, en canvi, cultiva una visi\u00f3 sist\u00e8mica. Ent\u00e9n que l&#8217;organitzaci\u00f3 \u00e9s un sistema complex i din\u00e0mic, on totes les parts estan interconnectades. Sap que una decisi\u00f3 en una \u00e0rea pot tenir conseq\u00fc\u00e8ncies inesperades en una altra. Per aix\u00f2, abans d&#8217;actuar, es pren el temps per analitzar el problema des de diferents perspectives, per escoltar totes les parts implicades i per entendre les relacions de causa i efecte que subjauen a la crisi. Aquesta capacitat per veure el bosc, i no nom\u00e9s els arbres, \u00e9s el que li permet prendre decisions m\u00e9s s\u00e0vies i sostenibles a llarg termini.<\/p>\n\n\n\n<h3 class=\"wp-block-heading\">El poder de la vulnerabilitat en el lideratge<\/h3>\n\n\n\n<p>En el vell paradigma, el l\u00edder era una figura infal\u00b7lible, una mena de superheroi que mai no mostrava debilitat. Avui, sabem que la vulnerabilitat no \u00e9s una debilitat, sin\u00f3 una fortalesa. Un l\u00edder que s&#8217;atreveix a mostrar-se vulnerable, que reconeix els seus errors, que demana ajuda quan la necessita i que comparteix les seves pors i els seus dubtes, genera una connexi\u00f3 molt m\u00e9s profunda i aut\u00e8ntica amb el seu equip. La <a href=\"https:\/\/rhmanagement.cl\/la-vulnerabilidad-en-el-entorno-laboral-un-camino-hacia-la-autenticidad-y-el-crecimiento\/\" target=\"_blank\" rel=\"noreferrer noopener\">vulnerabilitat humanitza el l\u00edder<\/a> i crea un clima de seguretat psicol\u00f2gica on els altres tamb\u00e9 s&#8217;atreveixen a ser ells mateixos, a experimentar i a assumir riscos. En una<strong> crisi de lideratge<\/strong>, un l\u00edder vulnerable no \u00e9s un l\u00edder feble, \u00e9s un l\u00edder valent que inspira confian\u00e7a i lleialtat.<\/p>\n\n\n\n<h3 class=\"wp-block-heading\">El feedback com a regal: una cultura de millora cont\u00ednua<\/h3>\n\n\n\n<p>Una de les manifestacions m\u00e9s clares d&#8217;una <strong>crisi de lideratge<\/strong> \u00e9s l&#8217;abs\u00e8ncia de feedback honest i constructiu. En les organitzacions amb una cultura de por, el feedback s&#8217;evita o es disfressa, i les converses importants mai no tenen lloc. El l\u00edder transformador, en canvi, ent\u00e9n que el feedback \u00e9s un regal, una oportunitat d&#8217;or per aprendre i millorar. Per aix\u00f2, no nom\u00e9s d\u00f3na feedback de forma regular i respectuosa, sin\u00f3 que tamb\u00e9 el demana activament. Crea canals i rituals perqu\u00e8 el feedback flueixi en totes les direccions, de dalt a baix, de baix a dalt i entre iguals. Sap que una cultura de feedback \u00e9s el motor de la millora cont\u00ednua i la millor vacuna contra l&#8217;autocomplaen\u00e7a.<\/p>\n\n\n\n<h3 class=\"wp-block-heading\">La import\u00e0ncia del prop\u00f2sit compartit<\/h3>\n\n\n\n<p>Enmig de la boira d&#8217;una crisi, el prop\u00f2sit compartit \u00e9s el far que guia l&#8217;organitzaci\u00f3. Un prop\u00f2sit clar i motivador, que va m\u00e9s enll\u00e0 dels objectius econ\u00f2mics, \u00e9s el que d\u00f3na sentit al treball de les persones i el que les mant\u00e9 unides quan les coses es posen dif\u00edcils. El <a href=\"https:\/\/www.euncet.com\/blog\/ca\/blog-2\/?p=41612&#038;p=41612&#038;p=62859\" target=\"_blank\" rel=\"noreferrer noopener\">l\u00edder transformador<\/a> no imposa el prop\u00f2sit, sin\u00f3 que el co-crea amb el seu equip. Facilita converses perqu\u00e8 tothom pugui connectar el seu treball diari amb la missi\u00f3 \u00faltima de l&#8217;empresa. Sap que quan les persones senten que el seu treball t\u00e9 un impacte positiu en el m\u00f3n, el seu nivell de comprom\u00eds i de resili\u00e8ncia es multiplica. En una <strong>crisi de lideratge<\/strong>, el prop\u00f2sit \u00e9s l&#8217;\u00e0ncora que evita que el vaixell se&#8217;n vagi a la deriva.<\/p>\n\n\n\n<h2 class=\"wp-block-heading\"><span class=\"ez-toc-section\" id=\"El_mapa_mental_del_lider_tradicional_vs_el_lider_transformador\"><\/span>El mapa mental del l\u00edder tradicional vs. el l\u00edder transformador<span class=\"ez-toc-section-end\"><\/span><\/h2>\n\n\n\n<p>La difer\u00e8ncia entre un l\u00edder que sucumbeix a la crisi i un que en surt enfortit resideix en el seu mapa mental, en la seva forma d&#8217;interpretar la realitat i de prendre decisions. A continuaci\u00f3, es comparen ambd\u00f3s enfocaments:<\/p>\n\n\n\n<figure class=\"wp-block-image size-full\"><img fetchpriority=\"high\" decoding=\"async\" width=\"1000\" height=\"563\" src=\"https:\/\/www.euncet.com\/blog\/wp-content\/uploads\/2025\/12\/crisis-exito-mapa-mental-lider-1059.jpg\" alt=\"\" class=\"wp-image-66460\" srcset=\"https:\/\/www.euncet.com\/blog\/wp-content\/uploads\/2025\/12\/crisis-exito-mapa-mental-lider-1059.jpg 1000w, https:\/\/www.euncet.com\/blog\/wp-content\/uploads\/2025\/12\/crisis-exito-mapa-mental-lider-1059-300x169.jpg 300w, https:\/\/www.euncet.com\/blog\/wp-content\/uploads\/2025\/12\/crisis-exito-mapa-mental-lider-1059-80x45.jpg 80w, https:\/\/www.euncet.com\/blog\/wp-content\/uploads\/2025\/12\/crisis-exito-mapa-mental-lider-1059-768x432.jpg 768w\" sizes=\"(max-width: 1000px) 100vw, 1000px\" \/><\/figure>\n\n\n\n<p><\/p>\n\n\n\n<h2 class=\"wp-block-heading\"><span class=\"ez-toc-section\" id=\"Formacio_per_liderar_en_la_complexitat\"><\/span>Formaci\u00f3 per liderar en la complexitat<span class=\"ez-toc-section-end\"><\/span><\/h2>\n\n\n\n<p>Desenvolupar un mapa mental transformador i les habilitats del lideratge adaptatiu no \u00e9s alguna cosa que s&#8217;improvisi. Requereix un treball profund d&#8217;autoconeixement, de desaprendre vells h\u00e0bits i d&#8217;adquirir noves eines. Un programa com el <a href=\"https:\/\/www.euncet.com\/ca\/cursos-de-formacio\/curs-lideratge-transformacio\/\" target=\"_blank\" rel=\"noreferrer noopener\">Curs de Lideratge Transformador<\/a> d&#8217;Euncet est\u00e0 dissenyat precisament per acompanyar els l\u00edders en aquest viatge. A trav\u00e9s d&#8217;eines com el model DISC, els participants aprenen a con\u00e8ixer el seu propi estil de lideratge, a entendre millor els seus col\u00b7laboradors i a adaptar la seva comunicaci\u00f3 per ser m\u00e9s efectius. El curs posa un \u00e8mfasi especial en la gesti\u00f3 del canvi i en el desenvolupament d&#8217;una visi\u00f3 sist\u00e8mica, dues compet\u00e8ncies clau per superar qualsevol <strong>crisi de lideratge.<\/strong><\/p>\n\n\n\n<h2 class=\"wp-block-heading\"><span class=\"ez-toc-section\" id=\"Conclusio_el_lider_com_a_jardiner\"><\/span>Conclusi\u00f3: el l\u00edder com a jardiner<span class=\"ez-toc-section-end\"><\/span><\/h2>\n\n\n\n<p>Superar una <strong>crisi de lideratge<\/strong> no \u00e9s una q\u00fcesti\u00f3 d&#8217;aplicar una f\u00f3rmula m\u00e0gica, sin\u00f3 de cultivar un determinat tipus de mentalitat. El l\u00edder transformador no \u00e9s un mec\u00e0nic que repara una m\u00e0quina espatlada, \u00e9s un jardiner que cuida un ecosistema viu. El seu treball no \u00e9s controlar, sin\u00f3 crear les condicions perqu\u00e8 les persones i els equips floreixin. Adoba el terreny amb confian\u00e7a, rega amb comunicaci\u00f3 transparent, poda els mals h\u00e0bits amb feedback constructiu i protegeix la diversitat del jard\u00ed. Sap que si cuida de l&#8217;ecosistema, els resultats acabaran arribant. La formaci\u00f3, com la que ofereix el Curs de Lideratge Transformador d<a href=\"https:\/\/www.euncet.com\/ca\/\" target=\"_blank\" rel=\"noreferrer noopener\">&#8216;Euncet Business School<\/a>, proporciona les eines i l&#8217;adob necessari perqu\u00e8 qualsevol professional pugui convertir-se en aquest jardiner que la seva organitzaci\u00f3 necessita.<\/p>\n\n\n\n<h2 class=\"wp-block-heading\"><span class=\"ez-toc-section\" id=\"Preguntes_sobre_la_crisi_de_lideratge\"><\/span>Preguntes sobre la crisi de lideratge<span class=\"ez-toc-section-end\"><\/span><\/h2>\n\n\n\n<h3 class=\"wp-block-heading\">Una crisi de lideratge sempre \u00e9s negativa?<\/h3>\n\n\n\n<p>No necess\u00e0riament. Una crisi, si es gestiona b\u00e9, pot ser una oportunitat \u00fanica per q\u00fcestionar l&#8217;statu quo, per innovar i per enfortir la cultura de l&#8217;empresa. Moltes de les transformacions m\u00e9s reeixides de la hist\u00f2ria empresarial han nascut d&#8217;una profunda crisi. La clau est\u00e0 en la mentalitat del l\u00edder i en la seva capacitat per veure l&#8217;oportunitat enmig de l&#8217;adversitat.<\/p>\n\n\n\n<h3 class=\"wp-block-heading\">Com puc saber si la meva empresa est\u00e0 en una crisi de lideratge?<\/h3>\n\n\n\n<p>Alguns senyals d&#8217;alerta s\u00f3n l&#8217;alta rotaci\u00f3 de personal, la falta de motivaci\u00f3, la proliferaci\u00f3 de rumors, la resist\u00e8ncia al canvi i la incapacitat per assolir els objectius estrat\u00e8gics. Si detectes diversos d&#8217;aquests senyals a la teva organitzaci\u00f3, \u00e9s probable que estiguis davant d&#8217;una <strong>crisi de lideratge<\/strong>, encara que els resultats financers encara siguin bons.<\/p>\n\n\n\n<h3 class=\"wp-block-heading\">Qu\u00e8 \u00e9s el primer que ha de fer un l\u00edder davant d&#8217;una crisi?<\/h3>\n\n\n\n<p>Comunicar. La comunicaci\u00f3 \u00e9s l&#8217;eina m\u00e9s poderosa d&#8217;un l\u00edder en temps de crisi. \u00c9s fonamental comunicar de forma clara, honesta i freq\u00fcent, encara que no es tinguin totes les respostes. El silenci genera incertesa i desconfian\u00e7a. Un l\u00edder que es comunica de forma transparent demostra que est\u00e0 al comandament de la situaci\u00f3 i que confia en el seu equip per superar-la junts.<\/p>\n","protected":false},"excerpt":{"rendered":"<p>La incertesa \u00e9s el nou est\u00e0ndard. Els mercats canvien a una velocitat vertiginosa, les tecnologies disruptives emergeixen sense previ av\u00eds i les expectatives dels clients evolucionen constantment. En aquest escenari, la crisi de lideratge no \u00e9s un esdeveniment excepcional, sin\u00f3 una condici\u00f3 gaireb\u00e9 permanent. Els vells manuals de gesti\u00f3 ja no serveixen. El l\u00edder autoritari [&hellip;]<\/p>\n","protected":false},"author":30,"featured_media":66457,"comment_status":"open","ping_status":"open","sticky":false,"template":"","format":"standard","meta":{"_acf_changed":false,"footnotes":""},"categories":[453],"tags":[592,591,527],"class_list":["post-66459","post","type-post","status-publish","format-standard","has-post-thumbnail","hentry","category-leadership-management-ca","tag-crisi-de-lideratge","tag-lider","tag-lideratge"],"acf":[],"yoast_head":"<!-- This site is optimized with the Yoast SEO plugin v27.5 - https:\/\/yoast.com\/product\/yoast-seo-wordpress\/ -->\n<title>Crisi lideratge \u25b6 De la crisi a l&#039;\u00c8XIT amb el mapa mental<\/title>\n<meta name=\"description\" content=\"Crisi lideratge \u25b6 Descobreix el mapa MENTAL del l\u00edder transformador. Supera la crisi amb lideratge adaptatiu\" \/>\n<meta name=\"robots\" content=\"index, follow, max-snippet:-1, max-image-preview:large, max-video-preview:-1\" \/>\n<link rel=\"canonical\" href=\"https:\/\/www.euncet.com\/blog\/ca\/crisi-lideratge-mapa-mental-lider\/\" \/>\n<meta property=\"og:locale\" content=\"ca_ES\" \/>\n<meta property=\"og:type\" content=\"article\" \/>\n<meta property=\"og:title\" content=\"Crisi lideratge \u25b6 De la crisi a l&#039;\u00c8XIT amb el mapa mental\" \/>\n<meta property=\"og:description\" content=\"Crisi lideratge \u25b6 Descobreix el mapa MENTAL del l\u00edder transformador. Supera la crisi amb lideratge adaptatiu\" \/>\n<meta property=\"og:url\" content=\"https:\/\/www.euncet.com\/blog\/ca\/crisi-lideratge-mapa-mental-lider\/\" \/>\n<meta property=\"og:site_name\" content=\"Euncet Business School\" \/>\n<meta property=\"article:publisher\" content=\"https:\/\/www.facebook.com\/euncet\" \/>\n<meta property=\"article:published_time\" content=\"2025-12-15T09:12:04+00:00\" \/>\n<meta property=\"article:modified_time\" content=\"2026-01-21T08:37:24+00:00\" \/>\n<meta property=\"og:image\" content=\"https:\/\/www.euncet.com\/blog\/wp-content\/uploads\/2025\/12\/crisis-exito-mapa-mental-lider-1059.png\" \/>\n\t<meta property=\"og:image:width\" content=\"1000\" \/>\n\t<meta property=\"og:image:height\" content=\"563\" \/>\n\t<meta property=\"og:image:type\" content=\"image\/png\" \/>\n<meta name=\"author\" content=\"Redacci\u00f3n\" \/>\n<meta name=\"twitter:card\" content=\"summary_large_image\" \/>\n<meta name=\"twitter:creator\" content=\"@euncet\" \/>\n<meta name=\"twitter:site\" content=\"@euncet\" \/>\n<meta name=\"twitter:label1\" content=\"Escrit per\" \/>\n\t<meta name=\"twitter:data1\" content=\"Redacci\u00f3n\" \/>\n\t<meta name=\"twitter:label2\" content=\"Temps estimat de lectura\" \/>\n\t<meta name=\"twitter:data2\" content=\"8 minuts\" \/>\n<script type=\"application\/ld+json\" class=\"yoast-schema-graph\">{\"@context\":\"https:\\\/\\\/schema.org\",\"@graph\":[{\"@type\":\"Article\",\"@id\":\"https:\\\/\\\/www.euncet.com\\\/blog\\\/ca\\\/crisi-lideratge-mapa-mental-lider\\\/#article\",\"isPartOf\":{\"@id\":\"https:\\\/\\\/www.euncet.com\\\/blog\\\/ca\\\/crisi-lideratge-mapa-mental-lider\\\/\"},\"author\":{\"name\":\"Redacci\u00f3n\",\"@id\":\"https:\\\/\\\/www.euncet.com\\\/blog\\\/ca\\\/#\\\/schema\\\/person\\\/08b0ae2abbe84c2d346311267c70a538\"},\"headline\":\"De la crisi a l&#8217;\u00e8xit: el mapa mental del l\u00edder\",\"datePublished\":\"2025-12-15T09:12:04+00:00\",\"dateModified\":\"2026-01-21T08:37:24+00:00\",\"mainEntityOfPage\":{\"@id\":\"https:\\\/\\\/www.euncet.com\\\/blog\\\/ca\\\/crisi-lideratge-mapa-mental-lider\\\/\"},\"wordCount\":1701,\"commentCount\":0,\"image\":{\"@id\":\"https:\\\/\\\/www.euncet.com\\\/blog\\\/ca\\\/crisi-lideratge-mapa-mental-lider\\\/#primaryimage\"},\"thumbnailUrl\":\"https:\\\/\\\/www.euncet.com\\\/blog\\\/wp-content\\\/uploads\\\/2025\\\/12\\\/crisis-exito-mapa-mental-lider-1059.png\",\"keywords\":[\"crisi de lideratge\",\"lider\",\"lideratge\"],\"articleSection\":[\"Leadership &amp; Management: tend\u00e8ncies\"],\"inLanguage\":\"ca\",\"potentialAction\":[{\"@type\":\"CommentAction\",\"name\":\"Comment\",\"target\":[\"https:\\\/\\\/www.euncet.com\\\/blog\\\/ca\\\/crisi-lideratge-mapa-mental-lider\\\/#respond\"]}]},{\"@type\":\"WebPage\",\"@id\":\"https:\\\/\\\/www.euncet.com\\\/blog\\\/ca\\\/crisi-lideratge-mapa-mental-lider\\\/\",\"url\":\"https:\\\/\\\/www.euncet.com\\\/blog\\\/ca\\\/crisi-lideratge-mapa-mental-lider\\\/\",\"name\":\"Crisi lideratge \u25b6 De la crisi a l'\u00c8XIT amb el mapa mental\",\"isPartOf\":{\"@id\":\"https:\\\/\\\/www.euncet.com\\\/blog\\\/ca\\\/#website\"},\"primaryImageOfPage\":{\"@id\":\"https:\\\/\\\/www.euncet.com\\\/blog\\\/ca\\\/crisi-lideratge-mapa-mental-lider\\\/#primaryimage\"},\"image\":{\"@id\":\"https:\\\/\\\/www.euncet.com\\\/blog\\\/ca\\\/crisi-lideratge-mapa-mental-lider\\\/#primaryimage\"},\"thumbnailUrl\":\"https:\\\/\\\/www.euncet.com\\\/blog\\\/wp-content\\\/uploads\\\/2025\\\/12\\\/crisis-exito-mapa-mental-lider-1059.png\",\"datePublished\":\"2025-12-15T09:12:04+00:00\",\"dateModified\":\"2026-01-21T08:37:24+00:00\",\"author\":{\"@id\":\"https:\\\/\\\/www.euncet.com\\\/blog\\\/ca\\\/#\\\/schema\\\/person\\\/08b0ae2abbe84c2d346311267c70a538\"},\"description\":\"Crisi lideratge \u25b6 Descobreix el mapa MENTAL del l\u00edder transformador. Supera la crisi amb lideratge adaptatiu\",\"breadcrumb\":{\"@id\":\"https:\\\/\\\/www.euncet.com\\\/blog\\\/ca\\\/crisi-lideratge-mapa-mental-lider\\\/#breadcrumb\"},\"inLanguage\":\"ca\",\"potentialAction\":[{\"@type\":\"ReadAction\",\"target\":[\"https:\\\/\\\/www.euncet.com\\\/blog\\\/ca\\\/crisi-lideratge-mapa-mental-lider\\\/\"]}]},{\"@type\":\"ImageObject\",\"inLanguage\":\"ca\",\"@id\":\"https:\\\/\\\/www.euncet.com\\\/blog\\\/ca\\\/crisi-lideratge-mapa-mental-lider\\\/#primaryimage\",\"url\":\"https:\\\/\\\/www.euncet.com\\\/blog\\\/wp-content\\\/uploads\\\/2025\\\/12\\\/crisis-exito-mapa-mental-lider-1059.png\",\"contentUrl\":\"https:\\\/\\\/www.euncet.com\\\/blog\\\/wp-content\\\/uploads\\\/2025\\\/12\\\/crisis-exito-mapa-mental-lider-1059.png\",\"width\":1000,\"height\":563},{\"@type\":\"BreadcrumbList\",\"@id\":\"https:\\\/\\\/www.euncet.com\\\/blog\\\/ca\\\/crisi-lideratge-mapa-mental-lider\\\/#breadcrumb\",\"itemListElement\":[{\"@type\":\"ListItem\",\"position\":1,\"name\":\"Portada\",\"item\":\"https:\\\/\\\/www.euncet.com\\\/blog\\\/ca\\\/\"},{\"@type\":\"ListItem\",\"position\":2,\"name\":\"De la crisi a l&#8217;\u00e8xit: el mapa mental del l\u00edder\"}]},{\"@type\":\"WebSite\",\"@id\":\"https:\\\/\\\/www.euncet.com\\\/blog\\\/ca\\\/#website\",\"url\":\"https:\\\/\\\/www.euncet.com\\\/blog\\\/ca\\\/\",\"name\":\"Euncet Business School\",\"description\":\"Escuela de negocios\",\"potentialAction\":[{\"@type\":\"SearchAction\",\"target\":{\"@type\":\"EntryPoint\",\"urlTemplate\":\"https:\\\/\\\/www.euncet.com\\\/blog\\\/ca\\\/?s={search_term_string}\"},\"query-input\":{\"@type\":\"PropertyValueSpecification\",\"valueRequired\":true,\"valueName\":\"search_term_string\"}}],\"inLanguage\":\"ca\"},{\"@type\":\"Person\",\"@id\":\"https:\\\/\\\/www.euncet.com\\\/blog\\\/ca\\\/#\\\/schema\\\/person\\\/08b0ae2abbe84c2d346311267c70a538\",\"name\":\"Redacci\u00f3n\",\"image\":{\"@type\":\"ImageObject\",\"inLanguage\":\"ca\",\"@id\":\"https:\\\/\\\/secure.gravatar.com\\\/avatar\\\/45c73eb9ea98c8640eeb2d358c31bf3843d35edd410e2e957b4cb6ed17c34192?s=96&d=mm&r=g\",\"url\":\"https:\\\/\\\/secure.gravatar.com\\\/avatar\\\/45c73eb9ea98c8640eeb2d358c31bf3843d35edd410e2e957b4cb6ed17c34192?s=96&d=mm&r=g\",\"contentUrl\":\"https:\\\/\\\/secure.gravatar.com\\\/avatar\\\/45c73eb9ea98c8640eeb2d358c31bf3843d35edd410e2e957b4cb6ed17c34192?s=96&d=mm&r=g\",\"caption\":\"Redacci\u00f3n\"},\"url\":\"https:\\\/\\\/www.euncet.com\\\/blog\\\/ca\\\/author\\\/redaccion\\\/\"}]}<\/script>\n<!-- \/ Yoast SEO plugin. -->","yoast_head_json":{"title":"Crisi lideratge \u25b6 De la crisi a l'\u00c8XIT amb el mapa mental","description":"Crisi lideratge \u25b6 Descobreix el mapa MENTAL del l\u00edder transformador. Supera la crisi amb lideratge adaptatiu","robots":{"index":"index","follow":"follow","max-snippet":"max-snippet:-1","max-image-preview":"max-image-preview:large","max-video-preview":"max-video-preview:-1"},"canonical":"https:\/\/www.euncet.com\/blog\/ca\/crisi-lideratge-mapa-mental-lider\/","og_locale":"ca_ES","og_type":"article","og_title":"Crisi lideratge \u25b6 De la crisi a l'\u00c8XIT amb el mapa mental","og_description":"Crisi lideratge \u25b6 Descobreix el mapa MENTAL del l\u00edder transformador. Supera la crisi amb lideratge adaptatiu","og_url":"https:\/\/www.euncet.com\/blog\/ca\/crisi-lideratge-mapa-mental-lider\/","og_site_name":"Euncet Business School","article_publisher":"https:\/\/www.facebook.com\/euncet","article_published_time":"2025-12-15T09:12:04+00:00","article_modified_time":"2026-01-21T08:37:24+00:00","og_image":[{"width":1000,"height":563,"url":"https:\/\/www.euncet.com\/blog\/wp-content\/uploads\/2025\/12\/crisis-exito-mapa-mental-lider-1059.png","type":"image\/png"}],"author":"Redacci\u00f3n","twitter_card":"summary_large_image","twitter_creator":"@euncet","twitter_site":"@euncet","twitter_misc":{"Escrit per":"Redacci\u00f3n","Temps estimat de lectura":"8 minuts"},"schema":{"@context":"https:\/\/schema.org","@graph":[{"@type":"Article","@id":"https:\/\/www.euncet.com\/blog\/ca\/crisi-lideratge-mapa-mental-lider\/#article","isPartOf":{"@id":"https:\/\/www.euncet.com\/blog\/ca\/crisi-lideratge-mapa-mental-lider\/"},"author":{"name":"Redacci\u00f3n","@id":"https:\/\/www.euncet.com\/blog\/ca\/#\/schema\/person\/08b0ae2abbe84c2d346311267c70a538"},"headline":"De la crisi a l&#8217;\u00e8xit: el mapa mental del l\u00edder","datePublished":"2025-12-15T09:12:04+00:00","dateModified":"2026-01-21T08:37:24+00:00","mainEntityOfPage":{"@id":"https:\/\/www.euncet.com\/blog\/ca\/crisi-lideratge-mapa-mental-lider\/"},"wordCount":1701,"commentCount":0,"image":{"@id":"https:\/\/www.euncet.com\/blog\/ca\/crisi-lideratge-mapa-mental-lider\/#primaryimage"},"thumbnailUrl":"https:\/\/www.euncet.com\/blog\/wp-content\/uploads\/2025\/12\/crisis-exito-mapa-mental-lider-1059.png","keywords":["crisi de lideratge","lider","lideratge"],"articleSection":["Leadership &amp; Management: tend\u00e8ncies"],"inLanguage":"ca","potentialAction":[{"@type":"CommentAction","name":"Comment","target":["https:\/\/www.euncet.com\/blog\/ca\/crisi-lideratge-mapa-mental-lider\/#respond"]}]},{"@type":"WebPage","@id":"https:\/\/www.euncet.com\/blog\/ca\/crisi-lideratge-mapa-mental-lider\/","url":"https:\/\/www.euncet.com\/blog\/ca\/crisi-lideratge-mapa-mental-lider\/","name":"Crisi lideratge \u25b6 De la crisi a l'\u00c8XIT amb el mapa mental","isPartOf":{"@id":"https:\/\/www.euncet.com\/blog\/ca\/#website"},"primaryImageOfPage":{"@id":"https:\/\/www.euncet.com\/blog\/ca\/crisi-lideratge-mapa-mental-lider\/#primaryimage"},"image":{"@id":"https:\/\/www.euncet.com\/blog\/ca\/crisi-lideratge-mapa-mental-lider\/#primaryimage"},"thumbnailUrl":"https:\/\/www.euncet.com\/blog\/wp-content\/uploads\/2025\/12\/crisis-exito-mapa-mental-lider-1059.png","datePublished":"2025-12-15T09:12:04+00:00","dateModified":"2026-01-21T08:37:24+00:00","author":{"@id":"https:\/\/www.euncet.com\/blog\/ca\/#\/schema\/person\/08b0ae2abbe84c2d346311267c70a538"},"description":"Crisi lideratge \u25b6 Descobreix el mapa MENTAL del l\u00edder transformador. Supera la crisi amb lideratge adaptatiu","breadcrumb":{"@id":"https:\/\/www.euncet.com\/blog\/ca\/crisi-lideratge-mapa-mental-lider\/#breadcrumb"},"inLanguage":"ca","potentialAction":[{"@type":"ReadAction","target":["https:\/\/www.euncet.com\/blog\/ca\/crisi-lideratge-mapa-mental-lider\/"]}]},{"@type":"ImageObject","inLanguage":"ca","@id":"https:\/\/www.euncet.com\/blog\/ca\/crisi-lideratge-mapa-mental-lider\/#primaryimage","url":"https:\/\/www.euncet.com\/blog\/wp-content\/uploads\/2025\/12\/crisis-exito-mapa-mental-lider-1059.png","contentUrl":"https:\/\/www.euncet.com\/blog\/wp-content\/uploads\/2025\/12\/crisis-exito-mapa-mental-lider-1059.png","width":1000,"height":563},{"@type":"BreadcrumbList","@id":"https:\/\/www.euncet.com\/blog\/ca\/crisi-lideratge-mapa-mental-lider\/#breadcrumb","itemListElement":[{"@type":"ListItem","position":1,"name":"Portada","item":"https:\/\/www.euncet.com\/blog\/ca\/"},{"@type":"ListItem","position":2,"name":"De la crisi a l&#8217;\u00e8xit: el mapa mental del l\u00edder"}]},{"@type":"WebSite","@id":"https:\/\/www.euncet.com\/blog\/ca\/#website","url":"https:\/\/www.euncet.com\/blog\/ca\/","name":"Euncet Business School","description":"Escuela de negocios","potentialAction":[{"@type":"SearchAction","target":{"@type":"EntryPoint","urlTemplate":"https:\/\/www.euncet.com\/blog\/ca\/?s={search_term_string}"},"query-input":{"@type":"PropertyValueSpecification","valueRequired":true,"valueName":"search_term_string"}}],"inLanguage":"ca"},{"@type":"Person","@id":"https:\/\/www.euncet.com\/blog\/ca\/#\/schema\/person\/08b0ae2abbe84c2d346311267c70a538","name":"Redacci\u00f3n","image":{"@type":"ImageObject","inLanguage":"ca","@id":"https:\/\/secure.gravatar.com\/avatar\/45c73eb9ea98c8640eeb2d358c31bf3843d35edd410e2e957b4cb6ed17c34192?s=96&d=mm&r=g","url":"https:\/\/secure.gravatar.com\/avatar\/45c73eb9ea98c8640eeb2d358c31bf3843d35edd410e2e957b4cb6ed17c34192?s=96&d=mm&r=g","contentUrl":"https:\/\/secure.gravatar.com\/avatar\/45c73eb9ea98c8640eeb2d358c31bf3843d35edd410e2e957b4cb6ed17c34192?s=96&d=mm&r=g","caption":"Redacci\u00f3n"},"url":"https:\/\/www.euncet.com\/blog\/ca\/author\/redaccion\/"}]}},"_links":{"self":[{"href":"https:\/\/www.euncet.com\/blog\/ca\/wp-json\/wp\/v2\/posts\/66459","targetHints":{"allow":["GET"]}}],"collection":[{"href":"https:\/\/www.euncet.com\/blog\/ca\/wp-json\/wp\/v2\/posts"}],"about":[{"href":"https:\/\/www.euncet.com\/blog\/ca\/wp-json\/wp\/v2\/types\/post"}],"author":[{"embeddable":true,"href":"https:\/\/www.euncet.com\/blog\/ca\/wp-json\/wp\/v2\/users\/30"}],"replies":[{"embeddable":true,"href":"https:\/\/www.euncet.com\/blog\/ca\/wp-json\/wp\/v2\/comments?post=66459"}],"version-history":[{"count":3,"href":"https:\/\/www.euncet.com\/blog\/ca\/wp-json\/wp\/v2\/posts\/66459\/revisions"}],"predecessor-version":[{"id":66690,"href":"https:\/\/www.euncet.com\/blog\/ca\/wp-json\/wp\/v2\/posts\/66459\/revisions\/66690"}],"wp:featuredmedia":[{"embeddable":true,"href":"https:\/\/www.euncet.com\/blog\/ca\/wp-json\/wp\/v2\/media\/66457"}],"wp:attachment":[{"href":"https:\/\/www.euncet.com\/blog\/ca\/wp-json\/wp\/v2\/media?parent=66459"}],"wp:term":[{"taxonomy":"category","embeddable":true,"href":"https:\/\/www.euncet.com\/blog\/ca\/wp-json\/wp\/v2\/categories?post=66459"},{"taxonomy":"post_tag","embeddable":true,"href":"https:\/\/www.euncet.com\/blog\/ca\/wp-json\/wp\/v2\/tags?post=66459"}],"curies":[{"name":"wp","href":"https:\/\/api.w.org\/{rel}","templated":true}]}}