{"id":66529,"date":"2025-12-22T09:28:32","date_gmt":"2025-12-22T08:28:32","guid":{"rendered":"https:\/\/www.euncet.com\/blog\/?p=66529"},"modified":"2026-01-21T09:36:28","modified_gmt":"2026-01-21T08:36:28","slug":"ia-vendes-director-comercial-retail","status":"publish","type":"post","link":"https:\/\/www.euncet.com\/blog\/ca\/ia-vendes-director-comercial-retail\/","title":{"rendered":"Reempla\u00e7ar\u00e0 la IA al Director Comercial?"},"content":{"rendered":"\n<p>La intel\u00b7lig\u00e8ncia artificial est\u00e0 irrompent en tots els \u00e0mbits de l&#8217;empresa, i el departament de vendes no \u00e9s una excepci\u00f3. Cada vegada s\u00f3n m\u00e9s les eines d&#8217;<strong><em>IA i vendes<\/em><\/strong> que prometen optimitzar els processos, predir el comportament dels clients i automatitzar les tasques m\u00e9s repetitives. Davant d&#8217;aquest panorama, \u00e9s inevitable que sorgeixi la pregunta: est\u00e0 en perill el rol del Director Comercial? Ser\u00e0 reempla\u00e7at per un algoritme capa\u00e7 de prendre decisions m\u00e9s r\u00e0pides i precises? La resposta, com gaireb\u00e9 sempre, no \u00e9s un simple s\u00ed o no. La IA no ve a reempla\u00e7ar el Director Comercial, sin\u00f3 a transformar-lo. El l\u00edder comercial del futur no ser\u00e0 el que m\u00e9s es resisteixi a la tecnologia, sin\u00f3 el que millor s\u00e0piga aprofitar-la per potenciar les seves habilitats i les del seu equip.<\/p><div id=\"ez-toc-container\" class=\"ez-toc-v2_0_82_2 counter-hierarchy ez-toc-counter ez-toc-custom ez-toc-container-direction\">\n<div class=\"ez-toc-title-container\">\n<p class=\"ez-toc-title\" style=\"cursor:inherit\">\u00cdNDEX DE CONTINGUTS<\/p>\n<span class=\"ez-toc-title-toggle\"><a href=\"#\" class=\"ez-toc-pull-right ez-toc-btn ez-toc-btn-xs ez-toc-btn-default ez-toc-toggle\" aria-label=\"Toggle Table of Content\"><span class=\"ez-toc-js-icon-con\"><span class=\"\"><span class=\"eztoc-hide\" style=\"display:none;\">Toggle<\/span><span class=\"ez-toc-icon-toggle-span\"><svg style=\"fill: #222222;color:#222222\" xmlns=\"http:\/\/www.w3.org\/2000\/svg\" class=\"list-377408\" width=\"20px\" height=\"20px\" viewBox=\"0 0 24 24\" fill=\"none\"><path d=\"M6 6H4v2h2V6zm14 0H8v2h12V6zM4 11h2v2H4v-2zm16 0H8v2h12v-2zM4 16h2v2H4v-2zm16 0H8v2h12v-2z\" fill=\"currentColor\"><\/path><\/svg><svg style=\"fill: #222222;color:#222222\" class=\"arrow-unsorted-368013\" xmlns=\"http:\/\/www.w3.org\/2000\/svg\" width=\"10px\" height=\"10px\" viewBox=\"0 0 24 24\" version=\"1.2\" baseProfile=\"tiny\"><path d=\"M18.2 9.3l-6.2-6.3-6.2 6.3c-.2.2-.3.4-.3.7s.1.5.3.7c.2.2.4.3.7.3h11c.3 0 .5-.1.7-.3.2-.2.3-.5.3-.7s-.1-.5-.3-.7zM5.8 14.7l6.2 6.3 6.2-6.3c.2-.2.3-.5.3-.7s-.1-.5-.3-.7c-.2-.2-.4-.3-.7-.3h-11c-.3 0-.5.1-.7.3-.2.2-.3.5-.3.7s.1.5.3.7z\"\/><\/svg><\/span><\/span><\/span><\/a><\/span><\/div>\n<nav><ul class='ez-toc-list ez-toc-list-level-1 ' ><li class='ez-toc-page-1 ez-toc-heading-level-2'><a class=\"ez-toc-link ez-toc-heading-1\" href=\"https:\/\/www.euncet.com\/blog\/ca\/ia-vendes-director-comercial-retail\/#El_nou_rol_del_Director_Comercial_de_gestor_a_estrateg\" >El nou rol del Director Comercial: de gestor a estrateg<\/a><\/li><li class='ez-toc-page-1 ez-toc-heading-level-2'><a class=\"ez-toc-link ez-toc-heading-2\" href=\"https:\/\/www.euncet.com\/blog\/ca\/ia-vendes-director-comercial-retail\/#Les_habilitats_humanes_el_veritable_valor_diferencial\" >Les habilitats humanes: el veritable valor diferencial<\/a><\/li><li class='ez-toc-page-1 ez-toc-heading-level-2'><a class=\"ez-toc-link ez-toc-heading-3\" href=\"https:\/\/www.euncet.com\/blog\/ca\/ia-vendes-director-comercial-retail\/#Lexperiencia_del_client_el_nou_camp_de_batalla\" >L&#8217;experi\u00e8ncia del client: el nou camp de batalla<\/a><\/li><li class='ez-toc-page-1 ez-toc-heading-level-2'><a class=\"ez-toc-link ez-toc-heading-4\" href=\"https:\/\/www.euncet.com\/blog\/ca\/ia-vendes-director-comercial-retail\/#Formacio_per_liderar_la_transformacio_comercial\" >Formaci\u00f3 per liderar la transformaci\u00f3 comercial<\/a><\/li><li class='ez-toc-page-1 ez-toc-heading-level-2'><a class=\"ez-toc-link ez-toc-heading-5\" href=\"https:\/\/www.euncet.com\/blog\/ca\/ia-vendes-director-comercial-retail\/#Conclusio_el_futur_de_les_vendes_es_hibrid\" >Conclusi\u00f3: el futur de les vendes \u00e9s h\u00edbrid<\/a><\/li><li class='ez-toc-page-1 ez-toc-heading-level-2'><a class=\"ez-toc-link ez-toc-heading-6\" href=\"https:\/\/www.euncet.com\/blog\/ca\/ia-vendes-director-comercial-retail\/#Preguntes_sobre_la_IA_i_vendes\" >Preguntes sobre la IA i vendes<\/a><\/li><\/ul><\/nav><\/div>\n\n\n\n\n<h2 class=\"wp-block-heading\"><span class=\"ez-toc-section\" id=\"El_nou_rol_del_Director_Comercial_de_gestor_a_estrateg\"><\/span>El nou rol del Director Comercial: de gestor a estrateg<span class=\"ez-toc-section-end\"><\/span><\/h2>\n\n\n\n<p>La irrupci\u00f3 de la <strong>IA i vendes<\/strong> obliga el Director Comercial a evolucionar. El seu rol ja no consisteix a supervisar el treball del seu equip i a apagar focs. El Director Comercial del futur \u00e9s un estrateg, un arquitecte de la funci\u00f3 de vendes que sap com dissenyar processos eficients, com triar les eines tecnol\u00f2giques adequades i com crear una cultura de venda consultiva i centrada en el client. \u00c9s un l\u00edder que no nom\u00e9s es preocupa per assolir els objectius de vendes del trimestre, sin\u00f3 que tamb\u00e9 pensa en com construir relacions a llarg termini amb els clients i en com adaptar l&#8217;estrat\u00e8gia comercial a un entorn en constant canvi.<\/p>\n\n\n\n<h3 class=\"wp-block-heading\">La IA com a copilot del Director Comercial<\/h3>\n\n\n\n<p>La relaci\u00f3 entre la<strong> IA i vendes<\/strong> no \u00e9s una de substituci\u00f3, sin\u00f3 de col\u00b7laboraci\u00f3. La IA \u00e9s el copilot perfecte per al <a href=\"https:\/\/www.euncet.com\/blog\/ca\/blog-2\/?p=41612&#038;p=41612&#038;p=62857\" target=\"_blank\" rel=\"noreferrer noopener\">Director Comercial<\/a>. S&#8217;encarrega de les tasques m\u00e9s anal\u00edtiques i repetitives, alliberant el l\u00edder perqu\u00e8 pugui centrar-se en el que de deb\u00f2 aporta valor: l&#8217;estrat\u00e8gia, la gesti\u00f3 del talent i la construcci\u00f3 de relacions amb els clients clau. La IA pot analitzar milers de dades per identificar patrons de compra, pot predir quins clients tenen m\u00e9s probabilitats d&#8217;abandonar, pot automatitzar l&#8217;enviament de correus de seguiment\u2026 Per\u00f2 no pot inspirar un equip, no pot negociar un acord complex ni pot prendre una decisi\u00f3 estrat\u00e8gica en un entorn d&#8217;incertesa. La IA \u00e9s una eina, i com tota eina, el seu valor dep\u00e8n de l&#8217;habilitat de qui la utilitza.<\/p>\n\n\n\n<h4 class=\"wp-block-heading\">Tasques del Director Comercial que la IA pot potenciar<\/h4>\n\n\n\n<p>La IA pot ser un aliat estrat\u00e8gic en moltes de les tasques di\u00e0ries d&#8217;un Director Comercial. A continuaci\u00f3, es detallen algunes de les \u00e0rees on la col\u00b7laboraci\u00f3 entre <strong>IA i vendes <\/strong>pot generar un major impacte.<\/p>\n\n\n\n<figure class=\"wp-block-image size-full\"><img fetchpriority=\"high\" decoding=\"async\" width=\"1000\" height=\"667\" src=\"https:\/\/www.euncet.com\/blog\/wp-content\/uploads\/2025\/12\/reemplazara-ia-director-comercial-1059.jpg\" alt=\"\" class=\"wp-image-66530\" srcset=\"https:\/\/www.euncet.com\/blog\/wp-content\/uploads\/2025\/12\/reemplazara-ia-director-comercial-1059.jpg 1000w, https:\/\/www.euncet.com\/blog\/wp-content\/uploads\/2025\/12\/reemplazara-ia-director-comercial-1059-300x200.jpg 300w, https:\/\/www.euncet.com\/blog\/wp-content\/uploads\/2025\/12\/reemplazara-ia-director-comercial-1059-80x53.jpg 80w, https:\/\/www.euncet.com\/blog\/wp-content\/uploads\/2025\/12\/reemplazara-ia-director-comercial-1059-768x512.jpg 768w, https:\/\/www.euncet.com\/blog\/wp-content\/uploads\/2025\/12\/reemplazara-ia-director-comercial-1059-391x260.jpg 391w\" sizes=\"(max-width: 1000px) 100vw, 1000px\" \/><\/figure>\n\n\n\n<h2 class=\"wp-block-heading\"><span class=\"ez-toc-section\" id=\"Les_habilitats_humanes_el_veritable_valor_diferencial\"><\/span>Les habilitats humanes: el veritable valor diferencial<span class=\"ez-toc-section-end\"><\/span><\/h2>\n\n\n\n<p>Per molt avan\u00e7ada que sigui, la IA mai no podr\u00e0 reempla\u00e7ar les habilitats genu\u00efnament humanes que s\u00f3n essencials en el m\u00f3n de les vendes. L&#8217;empatia per entendre les necessitats profundes d&#8217;un client, la creativitat per dissenyar una soluci\u00f3 a mida, la intel\u00b7lig\u00e8ncia emocional per gestionar una negociaci\u00f3 tensa, la capacitat de construir relacions de confian\u00e7a a llarg termini\u2026 Aquestes s\u00f3n les habilitats que marquen la difer\u00e8ncia entre un venedor mediocre i un venedor excel\u00b7lent. I s\u00f3n, precisament, les habilitats que el Director Comercial del futur ha de potenciar en el seu equip. La <strong>IA i vendes<\/strong> poden ser una combinaci\u00f3 poderosa, per\u00f2 nom\u00e9s si es posa al servei de les persones.<\/p>\n\n\n\n<h3 class=\"wp-block-heading\">El Director Comercial com a \u00abtraductor\u00bb entre la IA i l&#8217;equip<\/h3>\n\n\n\n<p>En aquest nou escenari, el Director Comercial assumeix un rol de \u00abtraductor\u00bb. D&#8217;una banda, ha de ser capa\u00e7 d&#8217;entendre el llenguatge de les dades i de la IA per poder extreure insights rellevants i per poder dialogar amb els perfils m\u00e9s t\u00e8cnics de l&#8217;empresa. D&#8217;altra banda, ha de ser capa\u00e7 de traduir aquestes dades en estrat\u00e8gies i en accions concretes que el seu equip pugui entendre i executar. Aquesta capacitat d&#8217;actuar com a pont entre el m\u00f3n de la<a href=\"https:\/\/www.euncet.com\/blog\/ca\/blog-2\/?p=41612&#038;p=41612&#038;p=65930\" target=\"_blank\" rel=\"noreferrer noopener\"> tecnologia<\/a> i el m\u00f3n de les vendes ser\u00e0 una de les compet\u00e8ncies m\u00e9s valorades en els l\u00edders comercials del futur. La <strong>IA i vendes<\/strong> no s\u00f3n dos mons separats, sin\u00f3 dues cares de la mateixa moneda.<\/p>\n\n\n\n<h2 class=\"wp-block-heading\"><span class=\"ez-toc-section\" id=\"Lexperiencia_del_client_el_nou_camp_de_batalla\"><\/span>L&#8217;experi\u00e8ncia del client: el nou camp de batalla<span class=\"ez-toc-section-end\"><\/span><\/h2>\n\n\n\n<p>En un mercat cada vegada m\u00e9s saturat i competitiu, el producte i el preu ja no s\u00f3n suficients per diferenciar-se. El nou camp de batalla \u00e9s l&#8217;experi\u00e8ncia del client. Les empreses que guanyaran en el futur seran aquelles que siguin capaces d&#8217;oferir una experi\u00e8ncia de compra excepcional, personalitzada i sense friccions en tots els canals. I aqu\u00ed \u00e9s on la combinaci\u00f3 d&#8217;<strong>IA i vendes<\/strong> pot marcar la difer\u00e8ncia. La IA ens permet con\u00e8ixer el client millor que mai, anticipar-nos a les seves necessitats i oferir-li la soluci\u00f3 perfecta en el moment perfecte. Per\u00f2 la IA per si sola no pot crear una experi\u00e8ncia memorable. Es necessita el toc hum\u00e0, l&#8217;empatia i la creativitat d&#8217;un bon venedor per convertir una simple transacci\u00f3 en una relaci\u00f3 de confian\u00e7a a llarg termini.<\/p>\n\n\n\n<h3 class=\"wp-block-heading\">El repte de l&#8217;omnicanalitat<\/h3>\n\n\n\n<p>El client d&#8217;avui no distingeix entre el canal online i l&#8217;offline. Espera poder comen\u00e7ar una compra al m\u00f2bil, continuar-la a l&#8217;ordinador i acabar-la a la botiga f\u00edsica sense cap tipus de fricci\u00f3. Aquest repte, conegut com a <a href=\"https:\/\/www.ibm.com\/es-es\/think\/topics\/omnichannel-customer-experience\" target=\"_blank\" rel=\"noreferrer noopener\">omnicanalitat<\/a>, \u00e9s un dels m\u00e9s importants als quals s&#8217;enfronten les empreses avui dia. I \u00e9s un repte que nom\u00e9s es pot abordar amb una visi\u00f3 integral del client i amb una tecnologia que permeti unificar totes les dades de tots els canals. La <strong>IA i vendes<\/strong> s\u00f3n la clau per orquestrar aquesta simfonia omnicanal i per oferir una experi\u00e8ncia de client coherent i memorable.<\/p>\n\n\n\n<h2 class=\"wp-block-heading\"><span class=\"ez-toc-section\" id=\"Formacio_per_liderar_la_transformacio_comercial\"><\/span>Formaci\u00f3 per liderar la transformaci\u00f3 comercial<span class=\"ez-toc-section-end\"><\/span><\/h2>\n\n\n\n<p>Aquest nou rol requereix noves compet\u00e8ncies. El Director Comercial del futur necessita entendre de tecnologia, de m\u00e0rqueting digital, d&#8217;an\u00e0lisi de dades i d&#8217;experi\u00e8ncia de client. Un programa com el <a href=\"https:\/\/www.euncet.com\/ca\/cursos-de-formacio\/curs-direccio-comercial-i-retail\/\" target=\"_blank\" rel=\"noreferrer noopener\">Curs de Direcci\u00f3 Comercial i Retail en l&#8217;Era Digital<\/a> d&#8217;<a href=\"https:\/\/www.euncet.com\/ca\/\" target=\"_blank\" rel=\"noreferrer noopener\">Euncet Business School<\/a> est\u00e0 dissenyat per proporcionar una visi\u00f3 integral de la nova realitat comercial. El curs combina els fonaments de la direcci\u00f3 comercial amb les \u00faltimes tend\u00e8ncies en digitalitzaci\u00f3, omnicanalitat i experi\u00e8ncia de client. Els participants aprenen a dissenyar estrat\u00e8gies comercials centrades en el client, a utilitzar eines digitals clau com el CRM i a liderar la transformaci\u00f3 comercial en les seves organitzacions.<\/p>\n\n\n\n<h2 class=\"wp-block-heading\"><span class=\"ez-toc-section\" id=\"Conclusio_el_futur_de_les_vendes_es_hibrid\"><\/span>Conclusi\u00f3: el futur de les vendes \u00e9s h\u00edbrid<span class=\"ez-toc-section-end\"><\/span><\/h2>\n\n\n\n<p>La IA no reempla\u00e7ar\u00e0 el Director Comercial, per\u00f2 s\u00ed que l&#8217;obligar\u00e0 a reinventar-se. El l\u00edder comercial del futur no ser\u00e0 un expert en tecnologia, per\u00f2 s\u00ed que haur\u00e0 d&#8217;entendre el seu potencial i saber com utilitzar-la per potenciar les habilitats del seu equip. El futur de les vendes no \u00e9s ni 100% hum\u00e0 ni 100% tecnol\u00f2gic, \u00e9s h\u00edbrid. \u00c9s la combinaci\u00f3 intel\u00b7ligent de l&#8217;efici\u00e8ncia de la m\u00e0quina i de l&#8217;empatia de la persona. Un curs de Direcci\u00f3 Comercial i Retail \u00e9s el primer pas per entendre aquesta nova realitat i per comen\u00e7ar a construir el futur de les vendes a la teva empresa. Perqu\u00e8 la veritable intel\u00b7lig\u00e8ncia no \u00e9s artificial, \u00e9s la que sap combinar el millor dels dos mons.<\/p>\n\n\n\n<h2 class=\"wp-block-heading\"><span class=\"ez-toc-section\" id=\"Preguntes_sobre_la_IA_i_vendes\"><\/span>Preguntes sobre la IA i vendes<span class=\"ez-toc-section-end\"><\/span><\/h2>\n\n\n\n<h3 class=\"wp-block-heading\">Quin tipus d&#8217;empreses estan utilitzant ja la IA en els seus departaments de vendes?<\/h3>\n\n\n\n<p>Encara que les grans empreses tecnol\u00f2giques van ser les pioneres, avui dia la IA est\u00e0 a l&#8217;abast d&#8217;empreses de totes les mides i sectors. Des de startups que utilitzen chatbots per atendre els seus clients fins a empreses de retail que utilitzen algoritmes per optimitzar el seu stock, passant per empreses de serveis que utilitzen la IA per predir la taxa d&#8217;abandonament dels seus clients. La democratitzaci\u00f3 de la IA al n\u00favol ha fet que qualsevol empresa pugui accedir a aquesta tecnologia sense necessitat de realitzar grans inversions.<\/p>\n\n\n\n<h3 class=\"wp-block-heading\">Quins riscos t\u00e9 la implementaci\u00f3 de la IA en un departament de vendes?<\/h3>\n\n\n\n<p>El principal risc \u00e9s la deshumanitzaci\u00f3. Si s&#8217;utilitza la IA per automatitzar en exc\u00e9s la relaci\u00f3 amb el client, es corre el risc de perdre el toc hum\u00e0 i de convertir la venda en una transacci\u00f3 freda i distant. Un altre risc \u00e9s la depend\u00e8ncia excessiva de les dades, que pot portar a una par\u00e0lisi per an\u00e0lisi o a prendre decisions basades en correlacions esp\u00faries. La<strong> IA i vendes<\/strong> han de ser una eina per potenciar el judici hum\u00e0, no per substituir-lo.<\/p>\n\n\n\n<h3 class=\"wp-block-heading\">Com puc comen\u00e7ar a utilitzar la IA en el meu equip de vendes?<\/h3>\n\n\n\n<p>No \u00e9s necessari comen\u00e7ar amb un projecte complex i cost\u00f3s. Es pot comen\u00e7ar amb petites proves pilot en \u00e0rees molt concretes, com l&#8217;automatitzaci\u00f3 de correus de seguiment o la implementaci\u00f3 d&#8217;un chatbot per respondre a les preguntes m\u00e9s freq\u00fcents. El m\u00e9s important \u00e9s comen\u00e7ar a experimentar, a aprendre i a perdre la por a la tecnologia. Un curs com el de Direcci\u00f3 Comercial i Retail d&#8217;Euncet pot ser un excel\u00b7lent punt de partida per entendre les possibilitats de la<strong> IA i vendes<\/strong> i per dissenyar un full de ruta d&#8217;implementaci\u00f3 adaptat a la teva empresa.<\/p>\n\n\n\n<p><\/p>\n","protected":false},"excerpt":{"rendered":"<p>La intel\u00b7lig\u00e8ncia artificial est\u00e0 irrompent en tots els \u00e0mbits de l&#8217;empresa, i el departament de vendes no \u00e9s una excepci\u00f3. Cada vegada s\u00f3n m\u00e9s les eines d&#8217;IA i vendes que prometen optimitzar els processos, predir el comportament dels clients i automatitzar les tasques m\u00e9s repetitives. Davant d&#8217;aquest panorama, \u00e9s inevitable que sorgeixi la pregunta: est\u00e0 [&hellip;]<\/p>\n","protected":false},"author":30,"featured_media":66523,"comment_status":"open","ping_status":"open","sticky":false,"template":"","format":"standard","meta":{"_acf_changed":false,"footnotes":""},"categories":[581],"tags":[598],"class_list":["post-66529","post","type-post","status-publish","format-standard","has-post-thumbnail","hentry","category-intelligencia-artificial-ia","tag-ia-vendes"],"acf":[],"yoast_head":"<!-- This site is optimized with the Yoast SEO plugin v27.5 - https:\/\/yoast.com\/product\/yoast-seo-wordpress\/ -->\n<title>IA vendes \u25b6 Reempla\u00e7ar\u00e0 la IA al DIRECTOR comercial?<\/title>\n<meta name=\"description\" content=\"IA vendes \u25b6 Descobreix si la IA reempla\u00e7ar\u00e0 al director COMERCIAL. Futur h\u00edbrid, estrat\u00e8gia i lideratge\" \/>\n<meta name=\"robots\" content=\"index, follow, max-snippet:-1, max-image-preview:large, max-video-preview:-1\" \/>\n<link rel=\"canonical\" href=\"https:\/\/www.euncet.com\/blog\/ca\/ia-vendes-director-comercial-retail\/\" \/>\n<meta property=\"og:locale\" content=\"ca_ES\" \/>\n<meta property=\"og:type\" content=\"article\" \/>\n<meta property=\"og:title\" content=\"IA vendes \u25b6 Reempla\u00e7ar\u00e0 la IA al DIRECTOR comercial?\" \/>\n<meta property=\"og:description\" content=\"IA vendes \u25b6 Descobreix si la IA reempla\u00e7ar\u00e0 al director COMERCIAL. Futur h\u00edbrid, estrat\u00e8gia i lideratge\" \/>\n<meta property=\"og:url\" content=\"https:\/\/www.euncet.com\/blog\/ca\/ia-vendes-director-comercial-retail\/\" \/>\n<meta property=\"og:site_name\" content=\"Euncet Business School\" \/>\n<meta property=\"article:publisher\" content=\"https:\/\/www.facebook.com\/euncet\" \/>\n<meta property=\"article:published_time\" content=\"2025-12-22T08:28:32+00:00\" \/>\n<meta property=\"article:modified_time\" content=\"2026-01-21T08:36:28+00:00\" \/>\n<meta property=\"og:image\" content=\"https:\/\/www.euncet.com\/blog\/wp-content\/uploads\/2025\/12\/reemplazara-ia-director-comercial-1059.png\" \/>\n\t<meta property=\"og:image:width\" content=\"1000\" \/>\n\t<meta property=\"og:image:height\" content=\"667\" \/>\n\t<meta property=\"og:image:type\" content=\"image\/png\" \/>\n<meta name=\"author\" content=\"Redacci\u00f3n\" \/>\n<meta name=\"twitter:card\" content=\"summary_large_image\" \/>\n<meta name=\"twitter:creator\" content=\"@euncet\" \/>\n<meta name=\"twitter:site\" content=\"@euncet\" \/>\n<meta name=\"twitter:label1\" content=\"Escrit per\" \/>\n\t<meta name=\"twitter:data1\" content=\"Redacci\u00f3n\" \/>\n\t<meta name=\"twitter:label2\" content=\"Temps estimat de lectura\" \/>\n\t<meta name=\"twitter:data2\" content=\"7 minuts\" \/>\n<script type=\"application\/ld+json\" class=\"yoast-schema-graph\">{\"@context\":\"https:\\\/\\\/schema.org\",\"@graph\":[{\"@type\":\"Article\",\"@id\":\"https:\\\/\\\/www.euncet.com\\\/blog\\\/ca\\\/ia-vendes-director-comercial-retail\\\/#article\",\"isPartOf\":{\"@id\":\"https:\\\/\\\/www.euncet.com\\\/blog\\\/ca\\\/ia-vendes-director-comercial-retail\\\/\"},\"author\":{\"name\":\"Redacci\u00f3n\",\"@id\":\"https:\\\/\\\/www.euncet.com\\\/blog\\\/ca\\\/#\\\/schema\\\/person\\\/08b0ae2abbe84c2d346311267c70a538\"},\"headline\":\"Reempla\u00e7ar\u00e0 la IA al Director Comercial?\",\"datePublished\":\"2025-12-22T08:28:32+00:00\",\"dateModified\":\"2026-01-21T08:36:28+00:00\",\"mainEntityOfPage\":{\"@id\":\"https:\\\/\\\/www.euncet.com\\\/blog\\\/ca\\\/ia-vendes-director-comercial-retail\\\/\"},\"wordCount\":1617,\"commentCount\":0,\"image\":{\"@id\":\"https:\\\/\\\/www.euncet.com\\\/blog\\\/ca\\\/ia-vendes-director-comercial-retail\\\/#primaryimage\"},\"thumbnailUrl\":\"https:\\\/\\\/www.euncet.com\\\/blog\\\/wp-content\\\/uploads\\\/2025\\\/12\\\/reemplazara-ia-director-comercial-1059.png\",\"keywords\":[\"IA vendes\"],\"articleSection\":[\"Intel\u00b7lig\u00e8ncia artificial (IA)\"],\"inLanguage\":\"ca\",\"potentialAction\":[{\"@type\":\"CommentAction\",\"name\":\"Comment\",\"target\":[\"https:\\\/\\\/www.euncet.com\\\/blog\\\/ca\\\/ia-vendes-director-comercial-retail\\\/#respond\"]}]},{\"@type\":\"WebPage\",\"@id\":\"https:\\\/\\\/www.euncet.com\\\/blog\\\/ca\\\/ia-vendes-director-comercial-retail\\\/\",\"url\":\"https:\\\/\\\/www.euncet.com\\\/blog\\\/ca\\\/ia-vendes-director-comercial-retail\\\/\",\"name\":\"IA vendes \u25b6 Reempla\u00e7ar\u00e0 la IA al DIRECTOR comercial?\",\"isPartOf\":{\"@id\":\"https:\\\/\\\/www.euncet.com\\\/blog\\\/ca\\\/#website\"},\"primaryImageOfPage\":{\"@id\":\"https:\\\/\\\/www.euncet.com\\\/blog\\\/ca\\\/ia-vendes-director-comercial-retail\\\/#primaryimage\"},\"image\":{\"@id\":\"https:\\\/\\\/www.euncet.com\\\/blog\\\/ca\\\/ia-vendes-director-comercial-retail\\\/#primaryimage\"},\"thumbnailUrl\":\"https:\\\/\\\/www.euncet.com\\\/blog\\\/wp-content\\\/uploads\\\/2025\\\/12\\\/reemplazara-ia-director-comercial-1059.png\",\"datePublished\":\"2025-12-22T08:28:32+00:00\",\"dateModified\":\"2026-01-21T08:36:28+00:00\",\"author\":{\"@id\":\"https:\\\/\\\/www.euncet.com\\\/blog\\\/ca\\\/#\\\/schema\\\/person\\\/08b0ae2abbe84c2d346311267c70a538\"},\"description\":\"IA vendes \u25b6 Descobreix si la IA reempla\u00e7ar\u00e0 al director COMERCIAL. Futur h\u00edbrid, estrat\u00e8gia i lideratge\",\"breadcrumb\":{\"@id\":\"https:\\\/\\\/www.euncet.com\\\/blog\\\/ca\\\/ia-vendes-director-comercial-retail\\\/#breadcrumb\"},\"inLanguage\":\"ca\",\"potentialAction\":[{\"@type\":\"ReadAction\",\"target\":[\"https:\\\/\\\/www.euncet.com\\\/blog\\\/ca\\\/ia-vendes-director-comercial-retail\\\/\"]}]},{\"@type\":\"ImageObject\",\"inLanguage\":\"ca\",\"@id\":\"https:\\\/\\\/www.euncet.com\\\/blog\\\/ca\\\/ia-vendes-director-comercial-retail\\\/#primaryimage\",\"url\":\"https:\\\/\\\/www.euncet.com\\\/blog\\\/wp-content\\\/uploads\\\/2025\\\/12\\\/reemplazara-ia-director-comercial-1059.png\",\"contentUrl\":\"https:\\\/\\\/www.euncet.com\\\/blog\\\/wp-content\\\/uploads\\\/2025\\\/12\\\/reemplazara-ia-director-comercial-1059.png\",\"width\":1000,\"height\":667},{\"@type\":\"BreadcrumbList\",\"@id\":\"https:\\\/\\\/www.euncet.com\\\/blog\\\/ca\\\/ia-vendes-director-comercial-retail\\\/#breadcrumb\",\"itemListElement\":[{\"@type\":\"ListItem\",\"position\":1,\"name\":\"Portada\",\"item\":\"https:\\\/\\\/www.euncet.com\\\/blog\\\/ca\\\/\"},{\"@type\":\"ListItem\",\"position\":2,\"name\":\"Reempla\u00e7ar\u00e0 la IA al Director Comercial?\"}]},{\"@type\":\"WebSite\",\"@id\":\"https:\\\/\\\/www.euncet.com\\\/blog\\\/ca\\\/#website\",\"url\":\"https:\\\/\\\/www.euncet.com\\\/blog\\\/ca\\\/\",\"name\":\"Euncet Business School\",\"description\":\"Escuela de negocios\",\"potentialAction\":[{\"@type\":\"SearchAction\",\"target\":{\"@type\":\"EntryPoint\",\"urlTemplate\":\"https:\\\/\\\/www.euncet.com\\\/blog\\\/ca\\\/?s={search_term_string}\"},\"query-input\":{\"@type\":\"PropertyValueSpecification\",\"valueRequired\":true,\"valueName\":\"search_term_string\"}}],\"inLanguage\":\"ca\"},{\"@type\":\"Person\",\"@id\":\"https:\\\/\\\/www.euncet.com\\\/blog\\\/ca\\\/#\\\/schema\\\/person\\\/08b0ae2abbe84c2d346311267c70a538\",\"name\":\"Redacci\u00f3n\",\"image\":{\"@type\":\"ImageObject\",\"inLanguage\":\"ca\",\"@id\":\"https:\\\/\\\/secure.gravatar.com\\\/avatar\\\/45c73eb9ea98c8640eeb2d358c31bf3843d35edd410e2e957b4cb6ed17c34192?s=96&d=mm&r=g\",\"url\":\"https:\\\/\\\/secure.gravatar.com\\\/avatar\\\/45c73eb9ea98c8640eeb2d358c31bf3843d35edd410e2e957b4cb6ed17c34192?s=96&d=mm&r=g\",\"contentUrl\":\"https:\\\/\\\/secure.gravatar.com\\\/avatar\\\/45c73eb9ea98c8640eeb2d358c31bf3843d35edd410e2e957b4cb6ed17c34192?s=96&d=mm&r=g\",\"caption\":\"Redacci\u00f3n\"},\"url\":\"https:\\\/\\\/www.euncet.com\\\/blog\\\/ca\\\/author\\\/redaccion\\\/\"}]}<\/script>\n<!-- \/ Yoast SEO plugin. -->","yoast_head_json":{"title":"IA vendes \u25b6 Reempla\u00e7ar\u00e0 la IA al DIRECTOR comercial?","description":"IA vendes \u25b6 Descobreix si la IA reempla\u00e7ar\u00e0 al director COMERCIAL. Futur h\u00edbrid, estrat\u00e8gia i lideratge","robots":{"index":"index","follow":"follow","max-snippet":"max-snippet:-1","max-image-preview":"max-image-preview:large","max-video-preview":"max-video-preview:-1"},"canonical":"https:\/\/www.euncet.com\/blog\/ca\/ia-vendes-director-comercial-retail\/","og_locale":"ca_ES","og_type":"article","og_title":"IA vendes \u25b6 Reempla\u00e7ar\u00e0 la IA al DIRECTOR comercial?","og_description":"IA vendes \u25b6 Descobreix si la IA reempla\u00e7ar\u00e0 al director COMERCIAL. Futur h\u00edbrid, estrat\u00e8gia i lideratge","og_url":"https:\/\/www.euncet.com\/blog\/ca\/ia-vendes-director-comercial-retail\/","og_site_name":"Euncet Business School","article_publisher":"https:\/\/www.facebook.com\/euncet","article_published_time":"2025-12-22T08:28:32+00:00","article_modified_time":"2026-01-21T08:36:28+00:00","og_image":[{"width":1000,"height":667,"url":"https:\/\/www.euncet.com\/blog\/wp-content\/uploads\/2025\/12\/reemplazara-ia-director-comercial-1059.png","type":"image\/png"}],"author":"Redacci\u00f3n","twitter_card":"summary_large_image","twitter_creator":"@euncet","twitter_site":"@euncet","twitter_misc":{"Escrit per":"Redacci\u00f3n","Temps estimat de lectura":"7 minuts"},"schema":{"@context":"https:\/\/schema.org","@graph":[{"@type":"Article","@id":"https:\/\/www.euncet.com\/blog\/ca\/ia-vendes-director-comercial-retail\/#article","isPartOf":{"@id":"https:\/\/www.euncet.com\/blog\/ca\/ia-vendes-director-comercial-retail\/"},"author":{"name":"Redacci\u00f3n","@id":"https:\/\/www.euncet.com\/blog\/ca\/#\/schema\/person\/08b0ae2abbe84c2d346311267c70a538"},"headline":"Reempla\u00e7ar\u00e0 la IA al Director Comercial?","datePublished":"2025-12-22T08:28:32+00:00","dateModified":"2026-01-21T08:36:28+00:00","mainEntityOfPage":{"@id":"https:\/\/www.euncet.com\/blog\/ca\/ia-vendes-director-comercial-retail\/"},"wordCount":1617,"commentCount":0,"image":{"@id":"https:\/\/www.euncet.com\/blog\/ca\/ia-vendes-director-comercial-retail\/#primaryimage"},"thumbnailUrl":"https:\/\/www.euncet.com\/blog\/wp-content\/uploads\/2025\/12\/reemplazara-ia-director-comercial-1059.png","keywords":["IA vendes"],"articleSection":["Intel\u00b7lig\u00e8ncia artificial (IA)"],"inLanguage":"ca","potentialAction":[{"@type":"CommentAction","name":"Comment","target":["https:\/\/www.euncet.com\/blog\/ca\/ia-vendes-director-comercial-retail\/#respond"]}]},{"@type":"WebPage","@id":"https:\/\/www.euncet.com\/blog\/ca\/ia-vendes-director-comercial-retail\/","url":"https:\/\/www.euncet.com\/blog\/ca\/ia-vendes-director-comercial-retail\/","name":"IA vendes \u25b6 Reempla\u00e7ar\u00e0 la IA al DIRECTOR comercial?","isPartOf":{"@id":"https:\/\/www.euncet.com\/blog\/ca\/#website"},"primaryImageOfPage":{"@id":"https:\/\/www.euncet.com\/blog\/ca\/ia-vendes-director-comercial-retail\/#primaryimage"},"image":{"@id":"https:\/\/www.euncet.com\/blog\/ca\/ia-vendes-director-comercial-retail\/#primaryimage"},"thumbnailUrl":"https:\/\/www.euncet.com\/blog\/wp-content\/uploads\/2025\/12\/reemplazara-ia-director-comercial-1059.png","datePublished":"2025-12-22T08:28:32+00:00","dateModified":"2026-01-21T08:36:28+00:00","author":{"@id":"https:\/\/www.euncet.com\/blog\/ca\/#\/schema\/person\/08b0ae2abbe84c2d346311267c70a538"},"description":"IA vendes \u25b6 Descobreix si la IA reempla\u00e7ar\u00e0 al director COMERCIAL. Futur h\u00edbrid, estrat\u00e8gia i lideratge","breadcrumb":{"@id":"https:\/\/www.euncet.com\/blog\/ca\/ia-vendes-director-comercial-retail\/#breadcrumb"},"inLanguage":"ca","potentialAction":[{"@type":"ReadAction","target":["https:\/\/www.euncet.com\/blog\/ca\/ia-vendes-director-comercial-retail\/"]}]},{"@type":"ImageObject","inLanguage":"ca","@id":"https:\/\/www.euncet.com\/blog\/ca\/ia-vendes-director-comercial-retail\/#primaryimage","url":"https:\/\/www.euncet.com\/blog\/wp-content\/uploads\/2025\/12\/reemplazara-ia-director-comercial-1059.png","contentUrl":"https:\/\/www.euncet.com\/blog\/wp-content\/uploads\/2025\/12\/reemplazara-ia-director-comercial-1059.png","width":1000,"height":667},{"@type":"BreadcrumbList","@id":"https:\/\/www.euncet.com\/blog\/ca\/ia-vendes-director-comercial-retail\/#breadcrumb","itemListElement":[{"@type":"ListItem","position":1,"name":"Portada","item":"https:\/\/www.euncet.com\/blog\/ca\/"},{"@type":"ListItem","position":2,"name":"Reempla\u00e7ar\u00e0 la IA al Director Comercial?"}]},{"@type":"WebSite","@id":"https:\/\/www.euncet.com\/blog\/ca\/#website","url":"https:\/\/www.euncet.com\/blog\/ca\/","name":"Euncet Business School","description":"Escuela de negocios","potentialAction":[{"@type":"SearchAction","target":{"@type":"EntryPoint","urlTemplate":"https:\/\/www.euncet.com\/blog\/ca\/?s={search_term_string}"},"query-input":{"@type":"PropertyValueSpecification","valueRequired":true,"valueName":"search_term_string"}}],"inLanguage":"ca"},{"@type":"Person","@id":"https:\/\/www.euncet.com\/blog\/ca\/#\/schema\/person\/08b0ae2abbe84c2d346311267c70a538","name":"Redacci\u00f3n","image":{"@type":"ImageObject","inLanguage":"ca","@id":"https:\/\/secure.gravatar.com\/avatar\/45c73eb9ea98c8640eeb2d358c31bf3843d35edd410e2e957b4cb6ed17c34192?s=96&d=mm&r=g","url":"https:\/\/secure.gravatar.com\/avatar\/45c73eb9ea98c8640eeb2d358c31bf3843d35edd410e2e957b4cb6ed17c34192?s=96&d=mm&r=g","contentUrl":"https:\/\/secure.gravatar.com\/avatar\/45c73eb9ea98c8640eeb2d358c31bf3843d35edd410e2e957b4cb6ed17c34192?s=96&d=mm&r=g","caption":"Redacci\u00f3n"},"url":"https:\/\/www.euncet.com\/blog\/ca\/author\/redaccion\/"}]}},"_links":{"self":[{"href":"https:\/\/www.euncet.com\/blog\/ca\/wp-json\/wp\/v2\/posts\/66529","targetHints":{"allow":["GET"]}}],"collection":[{"href":"https:\/\/www.euncet.com\/blog\/ca\/wp-json\/wp\/v2\/posts"}],"about":[{"href":"https:\/\/www.euncet.com\/blog\/ca\/wp-json\/wp\/v2\/types\/post"}],"author":[{"embeddable":true,"href":"https:\/\/www.euncet.com\/blog\/ca\/wp-json\/wp\/v2\/users\/30"}],"replies":[{"embeddable":true,"href":"https:\/\/www.euncet.com\/blog\/ca\/wp-json\/wp\/v2\/comments?post=66529"}],"version-history":[{"count":3,"href":"https:\/\/www.euncet.com\/blog\/ca\/wp-json\/wp\/v2\/posts\/66529\/revisions"}],"predecessor-version":[{"id":66686,"href":"https:\/\/www.euncet.com\/blog\/ca\/wp-json\/wp\/v2\/posts\/66529\/revisions\/66686"}],"wp:featuredmedia":[{"embeddable":true,"href":"https:\/\/www.euncet.com\/blog\/ca\/wp-json\/wp\/v2\/media\/66523"}],"wp:attachment":[{"href":"https:\/\/www.euncet.com\/blog\/ca\/wp-json\/wp\/v2\/media?parent=66529"}],"wp:term":[{"taxonomy":"category","embeddable":true,"href":"https:\/\/www.euncet.com\/blog\/ca\/wp-json\/wp\/v2\/categories?post=66529"},{"taxonomy":"post_tag","embeddable":true,"href":"https:\/\/www.euncet.com\/blog\/ca\/wp-json\/wp\/v2\/tags?post=66529"}],"curies":[{"name":"wp","href":"https:\/\/api.w.org\/{rel}","templated":true}]}}