{"id":67030,"date":"2026-02-18T15:21:00","date_gmt":"2026-02-18T14:21:00","guid":{"rendered":"https:\/\/www.euncet.com\/blog\/?p=67030"},"modified":"2026-03-06T15:56:30","modified_gmt":"2026-03-06T14:56:30","slug":"master-management-mba-transforma-empresa","status":"publish","type":"post","link":"https:\/\/www.euncet.com\/blog\/ca\/master-management-mba-transforma-empresa\/","title":{"rendered":"El teu MBA comen\u00e7a aqu\u00ed: el m\u00e0ster que transforme empreses"},"content":{"rendered":"\n<p>En un m\u00f3n empresarial que es redefiniex cada dia, la capacitat de liderar, innovar i adaptar-se ja no \u00e9s una opci\u00f3, sin\u00f3 una necessitat imperativa. Per als professionals que aspiren a marcar la difer\u00e8ncia, un&nbsp;<strong><em>m\u00e0ster en management<\/em><\/strong>&nbsp;no \u00e9s nom\u00e9s un t\u00edtol acad\u00e8mic, sin\u00f3 una aut\u00e8ntica declaraci\u00f3 d&#8217;intencions. \u00c9s la clau que obre les portes a una comprensi\u00f3 m\u00e9s profunda de la&nbsp;<strong>gesti\u00f3 empresarial<\/strong>, al desenvolupament d&#8217;un&nbsp;<strong>lideratge empresarial<\/strong>&nbsp;efectiu i a l&#8217;acc\u00e9s a una xarxa de contactes que pot canviar el rumb d&#8217;una carrera. En definitiva, \u00e9s el punt de partida d&#8217;una transformaci\u00f3 personal i professional que impacta directament en els resultats de la teva empresa.<\/p><div id=\"ez-toc-container\" class=\"ez-toc-v2_0_82_2 counter-hierarchy ez-toc-counter ez-toc-custom ez-toc-container-direction\">\n<div class=\"ez-toc-title-container\">\n<p class=\"ez-toc-title\" style=\"cursor:inherit\">\u00cdNDEX DE CONTINGUTS<\/p>\n<span class=\"ez-toc-title-toggle\"><a href=\"#\" class=\"ez-toc-pull-right ez-toc-btn ez-toc-btn-xs ez-toc-btn-default ez-toc-toggle\" aria-label=\"Toggle Table of Content\"><span class=\"ez-toc-js-icon-con\"><span class=\"\"><span class=\"eztoc-hide\" style=\"display:none;\">Toggle<\/span><span class=\"ez-toc-icon-toggle-span\"><svg style=\"fill: #222222;color:#222222\" xmlns=\"http:\/\/www.w3.org\/2000\/svg\" class=\"list-377408\" width=\"20px\" height=\"20px\" viewBox=\"0 0 24 24\" fill=\"none\"><path d=\"M6 6H4v2h2V6zm14 0H8v2h12V6zM4 11h2v2H4v-2zm16 0H8v2h12v-2zM4 16h2v2H4v-2zm16 0H8v2h12v-2z\" fill=\"currentColor\"><\/path><\/svg><svg style=\"fill: #222222;color:#222222\" class=\"arrow-unsorted-368013\" xmlns=\"http:\/\/www.w3.org\/2000\/svg\" width=\"10px\" height=\"10px\" viewBox=\"0 0 24 24\" version=\"1.2\" baseProfile=\"tiny\"><path d=\"M18.2 9.3l-6.2-6.3-6.2 6.3c-.2.2-.3.4-.3.7s.1.5.3.7c.2.2.4.3.7.3h11c.3 0 .5-.1.7-.3.2-.2.3-.5.3-.7s-.1-.5-.3-.7zM5.8 14.7l6.2 6.3 6.2-6.3c.2-.2.3-.5.3-.7s-.1-.5-.3-.7c-.2-.2-.4-.3-.7-.3h-11c-.3 0-.5.1-.7.3-.2.2-.3.5-.3.7s.1.5.3.7z\"\/><\/svg><\/span><\/span><\/span><\/a><\/span><\/div>\n<nav><ul class='ez-toc-list ez-toc-list-level-1 ' ><li class='ez-toc-page-1 ez-toc-heading-level-2'><a class=\"ez-toc-link ez-toc-heading-1\" href=\"https:\/\/www.euncet.com\/blog\/ca\/master-management-mba-transforma-empresa\/#Que_es_un_master_en_management_i_per_que_es_tan_valorat\" >Qu\u00e8 \u00e9s un m\u00e0ster en management i per qu\u00e8 \u00e9s tan valorat?<\/a><\/li><li class='ez-toc-page-1 ez-toc-heading-level-2'><a class=\"ez-toc-link ez-toc-heading-2\" href=\"https:\/\/www.euncet.com\/blog\/ca\/master-management-mba-transforma-empresa\/#Les_competencies_clau_que_desenvoluparas\" >Les compet\u00e8ncies clau que desenvolupar\u00e0s<\/a><\/li><li class='ez-toc-page-1 ez-toc-heading-level-2'><a class=\"ez-toc-link ez-toc-heading-3\" href=\"https:\/\/www.euncet.com\/blog\/ca\/master-management-mba-transforma-empresa\/#MBA_vs_master_especialitzat_quin_cami_triar\" >MBA vs. m\u00e0ster especialitzat: quin cam\u00ed triar?<\/a><\/li><li class='ez-toc-page-1 ez-toc-heading-level-2'><a class=\"ez-toc-link ez-toc-heading-4\" href=\"https:\/\/www.euncet.com\/blog\/ca\/master-management-mba-transforma-empresa\/#El_Salo_de_lEnsenyament_2026_on_comenca_el_teu_proper_capitol\" >El Sal\u00f3 de l&#8217;Ensenyament 2026: on comen\u00e7a el teu proper cap\u00edtol<\/a><\/li><li class='ez-toc-page-1 ez-toc-heading-level-2'><a class=\"ez-toc-link ez-toc-heading-5\" href=\"https:\/\/www.euncet.com\/blog\/ca\/master-management-mba-transforma-empresa\/#El_Global_Executive_MBA_dEuncet_mes_que_un_titol_una_experiencia_transformadora\" >El Global Executive MBA d&#8217;Euncet: m\u00e9s que un t\u00edtol, una experi\u00e8ncia transformadora<\/a><\/li><li class='ez-toc-page-1 ez-toc-heading-level-2'><a class=\"ez-toc-link ez-toc-heading-6\" href=\"https:\/\/www.euncet.com\/blog\/ca\/master-management-mba-transforma-empresa\/#Fes_el_primer_pas_cap_a_la_teva_transformacio_professional\" >Fes el primer pas cap a la teva transformaci\u00f3 professional<\/a><\/li><\/ul><\/nav><\/div>\n\n\n\n\n<p>No obstant aix\u00f2, la decisi\u00f3 de cursar un MBA (Master of Business Administration) \u00e9s una de les m\u00e9s transcendentals en la vida d&#8217;un professional. Per aix\u00f2, \u00e9s fonamental triar un programa que no nom\u00e9s ofereixi coneixements te\u00f2rics, sin\u00f3 que tamb\u00e9 proporcioni eines pr\u00e0ctiques, una visi\u00f3 global i una experi\u00e8ncia d&#8217;aprenentatge veritablement enriquidora. A continuaci\u00f3, explorarem com un&nbsp;<strong>m\u00e0ster en management<\/strong>&nbsp;pot ser el catalitzador del teu creixement i per qu\u00e8 esdeveniments com el Sal\u00f3 de l&#8217;Ensenyament s\u00f3n el lloc ideal per comen\u00e7ar a construir el teu futur.<\/p>\n\n\n\n<h2 class=\"wp-block-heading\"><span class=\"ez-toc-section\" id=\"Que_es_un_master_en_management_i_per_que_es_tan_valorat\"><\/span>Qu\u00e8 \u00e9s un m\u00e0ster en management i per qu\u00e8 \u00e9s tan valorat?<span class=\"ez-toc-section-end\"><\/span><\/h2>\n\n\n\n<p>Un&nbsp;<strong>m\u00e0ster en management<\/strong>, comunament conegut com a MBA, \u00e9s un programa de postgrau dissenyat per desenvolupar les habilitats i compet\u00e8ncies necess\u00e0ries per dirigir una empresa o una unitat de negoci de manera efica\u00e7. A difer\u00e8ncia d&#8217;altres m\u00e0sters m\u00e9s especialitzats, un MBA ofereix una visi\u00f3 hol\u00edstica de l&#8217;organitzaci\u00f3, abastant totes les \u00e0rees funcionals: finances, m\u00e0rqueting, operacions, recursos humans i estrat\u00e8gia. Aquesta perspectiva 360\u00ba \u00e9s, precisament, una de les raons per les quals la&nbsp;<strong>formaci\u00f3 executiva<\/strong>&nbsp;d&#8217;aquest nivell \u00e9s tan valorada en el mercat laboral actual.<\/p>\n\n\n\n<p>Els ocupadors saben que un graduat d&#8217;un bon MBA no nom\u00e9s posseeix coneixements t\u00e8cnics s\u00f2lids, sin\u00f3 que tamb\u00e9 ha desenvolupat habilitats toves crucials com el pensament cr\u00edtic, la resoluci\u00f3 de problemes complexos, la comunicaci\u00f3 persuasiva i, per descomptat, el lideratge. De fet, un MBA de qualitat et prepara per prendre decisions estrat\u00e8giques en entorns d&#8217;alta incertesa, gestionar equips multidisciplinaris i liderar processos de canvi i transformaci\u00f3 digital. En resum, et converteix en el tipus de professional que les empreses necessiten per navegar amb \u00e8xit els reptes del segle XXI.<\/p>\n\n\n\n<h2 class=\"wp-block-heading\"><span class=\"ez-toc-section\" id=\"Les_competencies_clau_que_desenvoluparas\"><\/span>Les compet\u00e8ncies clau que desenvolupar\u00e0s<span class=\"ez-toc-section-end\"><\/span><\/h2>\n\n\n\n<p>La\u00a0<strong>educaci\u00f3 executiva<\/strong>\u00a0que ofereix un MBA va molt m\u00e9s enll\u00e0 de la teoria continguda en els llibres de text. Es tracta d&#8217;un aprenentatge immersiu i pr\u00e0ctic que et reta a\u00a0<a href=\"https:\/\/psicologiaymente.com\/coach\/salir-zona-de-confort-claves\" target=\"_blank\" rel=\"noreferrer noopener\">sortir de la teva zona de confort<\/a>\u00a0i a desenvolupar una nova forma de pensar i d&#8217;actuar. A continuaci\u00f3, es detallen algunes de les compet\u00e8ncies clau que es potencien en un programa d&#8217;aquestes caracter\u00edstiques:<\/p>\n\n\n\n<ul class=\"wp-block-list\">\n<li><strong>Visi\u00f3 estrat\u00e8gica:<\/strong>\u00a0Aprendr\u00e0s a analitzar l&#8217;entorn competitiu, identificar oportunitats i amenaces, i formular estrat\u00e8gies que generin un avantatge competitiu sostenible per a la teva empresa. Aquesta capacitat \u00e9s essencial per a qualsevol directiu que aspiri a posicions d&#8217;alta responsabilitat.<\/li>\n\n\n\n<li><strong>Presa de decisions basada en dades:<\/strong>\u00a0En un m\u00f3n inundat d&#8217;informaci\u00f3, la capacitat d&#8217;analitzar dades, interpretar-les correctament i utilitzar-les per fonamentar les teves decisions \u00e9s m\u00e9s important que mai. Un MBA t&#8217;ensenya a distingir el senyal del soroll.<\/li>\n\n\n\n<li><strong>Lideratge i gesti\u00f3 d&#8217;equips:<\/strong>\u00a0Un bon l\u00edder no nom\u00e9s d\u00f3na ordres, sin\u00f3 que inspira, motiva i treu el millor de cada membre del seu equip. Un MBA et proporcionar\u00e0 les eines per desenvolupar el teu propi estil de\u00a0<strong>lideratge empresarial<\/strong>\u00a0i gestionar equips d&#8217;alt rendiment.<\/li>\n\n\n\n<li><strong>Innovaci\u00f3 i emprenedoria:<\/strong>\u00a0Ja sigui per llan\u00e7ar el teu propi negoci o per liderar la innovaci\u00f3 dins d&#8217;una organitzaci\u00f3 existent, un MBA et donar\u00e0 el marc metodol\u00f2gic i la mentalitat necessaris per convertir idees en projectes viables i rendibles.<\/li>\n\n\n\n<li><strong>Negociaci\u00f3 i comunicaci\u00f3:<\/strong>\u00a0La capacitat de comunicar les teves idees de manera clara i persuasiva, aix\u00ed com de negociar acords beneficiosos per a totes les parts, \u00e9s una habilitat que t&#8217;obrir\u00e0 innombrables portes al llarg de la teva traject\u00f2ria professional.<\/li>\n<\/ul>\n\n\n\n<h2 class=\"wp-block-heading\"><span class=\"ez-toc-section\" id=\"MBA_vs_master_especialitzat_quin_cami_triar\"><\/span>MBA vs. m\u00e0ster especialitzat: quin cam\u00ed triar?<span class=\"ez-toc-section-end\"><\/span><\/h2>\n\n\n\n<p>Un dels dubtes m\u00e9s freq\u00fcents entre els professionals que es plantegen continuar la seva formaci\u00f3 \u00e9s si optar per un MBA generalista o per un m\u00e0ster m\u00e9s especialitzat (per exemple, en finances, m\u00e0rqueting digital o recursos humans). La resposta, com sol oc\u00f3rrer, dep\u00e8n dels teus objectius de carrera i de l&#8217;etapa professional en la qual et trobes. No obstant aix\u00f2, per ajudar-te a prendre una decisi\u00f3 informada, et presentem una taula comparativa que resumeix les principals difer\u00e8ncies entre ambdues opcions:<\/p>\n\n\n\n<figure class=\"wp-block-table\"><table class=\"has-fixed-layout\"><thead><tr><th>Criteri<\/th><th>M\u00e0ster en management (MBA)<\/th><th>M\u00e0ster especialitzat<\/th><\/tr><\/thead><tbody><tr><td><strong>Enfocament<\/strong><\/td><td>Generalista i estrat\u00e8gic. Visi\u00f3 360\u00ba de l&#8217;empresa.<\/td><td>Aprofundiment t\u00e8cnic en una \u00e0rea funcional concreta.<\/td><\/tr><tr><td><strong>Objectiu professional<\/strong><\/td><td>Accedir a llocs de direcci\u00f3 general o liderar el teu propi negoci.<\/td><td>Convertir-te en un expert de refer\u00e8ncia en un camp espec\u00edfic.<\/td><\/tr><tr><td><strong>Desenvolupament d&#8217;habilitats<\/strong><\/td><td>\u00c8mfasi en lideratge, estrat\u00e8gia i presa de decisions.<\/td><td>\u00c8mfasi en compet\u00e8ncies t\u00e8cniques i eines espec\u00edfiques de l&#8217;\u00e0rea.<\/td><\/tr><tr><td><strong>Perfil de l&#8217;alumne<\/strong><\/td><td>Professionals amb experi\u00e8ncia que busquen fer un salt en la seva carrera.<\/td><td>Recents graduats o professionals que volen especialitzar-se.<\/td><\/tr><tr><td><strong>Networking<\/strong><\/td><td>Xarxa diversa de contactes de m\u00faltiples sectors i ind\u00fastries.<\/td><td>Xarxa de contactes m\u00e9s concentrada en un sector o disciplina.<\/td><\/tr><\/tbody><\/table><\/figure>\n\n\n\n<p>Com es pot observar, ambdues opcions tenen un valor inq\u00fcestionable. No obstant aix\u00f2, si el teu objectiu \u00e9s assumir rols de direcci\u00f3 general, emprendre o transformar una organitzaci\u00f3 des d&#8217;una perspectiva integral, un&nbsp;<strong>m\u00e0ster en management<\/strong>&nbsp;\u00e9s, sens dubte, l&#8217;opci\u00f3 m\u00e9s adequada per a tu.<\/p>\n\n\n\n<h2 class=\"wp-block-heading\"><span class=\"ez-toc-section\" id=\"El_Salo_de_lEnsenyament_2026_on_comenca_el_teu_proper_capitol\"><\/span>El Sal\u00f3 de l&#8217;Ensenyament 2026: on comen\u00e7a el teu proper cap\u00edtol<span class=\"ez-toc-section-end\"><\/span><\/h2>\n\n\n\n<p>Triar el MBA adequat \u00e9s una decisi\u00f3 que no s&#8217;ha de prendre a la lleugera. Per aix\u00f2, \u00e9s fonamental informar-se, comparar i, sobretot, parlar directament amb les persones que formen part de cada escola de negocis. I no hi ha millor lloc per fer-ho que el&nbsp;<strong>Sal\u00f3 de l&#8217;Ensenyament<\/strong>, la fira d&#8217;educaci\u00f3 m\u00e9s important de Catalunya, que se celebrar\u00e0 del&nbsp;<strong>18 al 22 de mar\u00e7 de 2026<\/strong>&nbsp;al recinte de Montju\u00efc de Fira de Barcelona.<\/p>\n\n\n\n<p><a href=\"https:\/\/www.ensenyament.com\/\" target=\"_blank\" rel=\"noreferrer noopener\">Aquest esdeveniment<\/a>, que aplega m\u00e9s de 100.000 visitants cada any, \u00e9s una oportunitat \u00fanica per con\u00e8ixer de primera m\u00e0 l&#8217;oferta formativa de les millors universitats i escoles de negocis del pa\u00eds. Al Sal\u00f3, podr\u00e0s parlar cara a cara amb els directors dels programes, resoldre tots els teus dubtes sobre el pla d&#8217;estudis, les sortides professionals o el proc\u00e9s d&#8217;admissi\u00f3, i fins i tot assistir a xerrades i tallers que t&#8217;ajudaran a orientar el teu futur professional. A m\u00e9s, \u00e9s un espai ideal per comparar diferents programes i trobar el que millor s&#8217;adapti a les teves necessitats i a la teva situaci\u00f3 personal.<\/p>\n\n\n\n<p><strong>Euncet Business School<\/strong>, com cada any,\u00a0<a href=\"https:\/\/www.euncet.com\/blog\/ca\/blog-2\/?p=41612&#038;p=66961\" target=\"_blank\" rel=\"noreferrer noopener\">estar\u00e0 present<\/a>\u00a0al Sal\u00f3 de l&#8217;Ensenyament per assessorar a tots aquells professionals i futurs estudiants que, com tu, estan buscant un impuls decisiu per a la seva carrera. Al nostre estand, podr\u00e0s descobrir en detall el nostre\u00a0<a href=\"https:\/\/www.euncet.com\/ca\/executive-education\/mba-barcelona\/\" target=\"_blank\" rel=\"noreferrer noopener\">Global Executive MBA<\/a>, un programa dissenyat per transformar professionals amb experi\u00e8ncia en els l\u00edders que el futur demanda. Aix\u00ed mateix, podr\u00e0s con\u00e8ixer tota la nostra oferta de\u00a0<a href=\"https:\/\/www.euncet.com\/ca\/masters\/\" target=\"_blank\" rel=\"noreferrer noopener\">m\u00e0sters universitaris<\/a>\u00a0i programes d&#8217;<a href=\"https:\/\/www.euncet.com\/ca\/executive-education\/\" target=\"_blank\" rel=\"noreferrer noopener\">Executive Education<\/a>.<\/p>\n\n\n\n<h2 class=\"wp-block-heading\"><span class=\"ez-toc-section\" id=\"El_Global_Executive_MBA_dEuncet_mes_que_un_titol_una_experiencia_transformadora\"><\/span>El Global Executive MBA d&#8217;Euncet: m\u00e9s que un t\u00edtol, una experi\u00e8ncia transformadora<span class=\"ez-toc-section-end\"><\/span><\/h2>\n\n\n\n<p>A Euncet, entenem que un MBA \u00e9s molt m\u00e9s que una simple acumulaci\u00f3 de coneixements. Per aix\u00f2, el nostre&nbsp;<strong>Global Executive MBA (GEMBA)<\/strong>&nbsp;est\u00e0 dissenyat per ser una experi\u00e8ncia d&#8217;aprenentatge immersiva i genu\u00efnament transformadora. Amb una metodologia eminentment pr\u00e0ctica, basada en el m\u00e8tode del cas, workshops i projectes reals d&#8217;empresa, t&#8217;enfrontar\u00e0s als mateixos reptes que un directiu afronta en el seu dia a dia. D&#8217;aquesta manera, el que aprens el divendres ho pots aplicar el dilluns al teu lloc de treball.<\/p>\n\n\n\n<p>El nostre claustre de professors, format per professionals en actiu i experts reconeguts en els seus respectius camps, t&#8217;aportar\u00e0 una visi\u00f3 actual, rellevant i connectada amb la realitat del m\u00f3n de l&#8217;empresa. A m\u00e9s, el networking que es genera entre els participants del programa, tots ells professionals amb experi\u00e8ncia i ambici\u00f3, \u00e9s un dels actius m\u00e9s valuosos que t&#8217;emportar\u00e0s d&#8217;aquesta experi\u00e8ncia.<\/p>\n\n\n\n<p>Som igualment conscients que la flexibilitat \u00e9s clau per als professionals en actiu. Per aix\u00f2, el nostre GEMBA s&#8217;ofereix en una&nbsp;<strong>modalitat h\u00edbrida<\/strong>, que combina sessions presencials i per streaming, en un format dissenyat per ser plenament compatible amb l&#8217;activitat professional. I tot aix\u00f2, amb l&#8217;aval de la&nbsp;<strong>Universitat Polit\u00e8cnica de Catalunya (UPC)<\/strong>, una de les institucions acad\u00e8miques m\u00e9s prestigioses del nostre pa\u00eds, la qual cosa garanteix la qualitat i el reconeixement del t\u00edtol a nivell nacional i internacional.<\/p>\n\n\n\n<h2 class=\"wp-block-heading\"><span class=\"ez-toc-section\" id=\"Fes_el_primer_pas_cap_a_la_teva_transformacio_professional\"><\/span>Fes el primer pas cap a la teva transformaci\u00f3 professional<span class=\"ez-toc-section-end\"><\/span><\/h2>\n\n\n\n<p>Si est\u00e0s llest per fer el seg\u00fcent pas en la teva carrera, t&#8217;esperem al&nbsp;<strong>Sal\u00f3 de l&#8217;Ensenyament 2026<\/strong>, del 18 al 22 de mar\u00e7 a Fira de Barcelona Montju\u00efc. Vine a con\u00e8ixer-nos, descobreix tot el que Euncet pot oferir-te i comen\u00e7a a construir el futur que desitges. Perqu\u00e8 el teu MBA, el&nbsp;<strong>m\u00e0ster en management<\/strong>&nbsp;que transformar\u00e0 la teva carrera i la teva empresa, comen\u00e7a aqu\u00ed.<\/p>\n\n\n\n<p>A Euncet, el teu futur no \u00e9s una promesa, \u00e9s un pla.<\/p>\n","protected":false},"excerpt":{"rendered":"<p>En un m\u00f3n empresarial que es redefiniex cada dia, la capacitat de liderar, innovar i adaptar-se ja no \u00e9s una opci\u00f3, sin\u00f3 una necessitat imperativa. Per als professionals que aspiren a marcar la difer\u00e8ncia, un&nbsp;m\u00e0ster en management&nbsp;no \u00e9s nom\u00e9s un t\u00edtol acad\u00e8mic, sin\u00f3 una aut\u00e8ntica declaraci\u00f3 d&#8217;intencions. \u00c9s la clau que obre les portes a [&hellip;]<\/p>\n","protected":false},"author":38,"featured_media":66937,"comment_status":"open","ping_status":"open","sticky":false,"template":"","format":"standard","meta":{"_acf_changed":false,"footnotes":""},"categories":[443],"tags":[],"class_list":["post-67030","post","type-post","status-publish","format-standard","has-post-thumbnail","hentry","category-business-ca"],"acf":[],"yoast_head":"<!-- This site is optimized with the Yoast SEO plugin v27.4 - https:\/\/yoast.com\/product\/yoast-seo-wordpress\/ -->\n<title>M\u00e0ster en management \u25b6 l&#039;MBA que TRANSFORMA la teva empresa<\/title>\n<meta name=\"description\" content=\"M\u00e0ster en management \u25b6 l&#039;MBA que TRANSFORMA la teva empresa. Lideratge, estrat\u00e8gia i visi\u00f3 global per dirigir amb \u00e8xit\" \/>\n<meta name=\"robots\" content=\"index, follow, max-snippet:-1, max-image-preview:large, max-video-preview:-1\" \/>\n<link rel=\"canonical\" href=\"https:\/\/www.euncet.com\/blog\/ca\/master-management-mba-transforma-empresa\/\" \/>\n<meta property=\"og:locale\" content=\"ca_ES\" \/>\n<meta property=\"og:type\" content=\"article\" \/>\n<meta property=\"og:title\" content=\"M\u00e0ster en management \u25b6 l&#039;MBA que TRANSFORMA la teva empresa\" \/>\n<meta property=\"og:description\" content=\"M\u00e0ster en management \u25b6 l&#039;MBA que TRANSFORMA la teva empresa. Lideratge, estrat\u00e8gia i visi\u00f3 global per dirigir amb \u00e8xit\" \/>\n<meta property=\"og:url\" content=\"https:\/\/www.euncet.com\/blog\/ca\/master-management-mba-transforma-empresa\/\" \/>\n<meta property=\"og:site_name\" content=\"Euncet Business School\" \/>\n<meta property=\"article:publisher\" content=\"https:\/\/www.facebook.com\/euncet\" \/>\n<meta property=\"article:published_time\" content=\"2026-02-18T14:21:00+00:00\" \/>\n<meta property=\"article:modified_time\" content=\"2026-03-06T14:56:30+00:00\" \/>\n<meta property=\"og:image\" content=\"https:\/\/www.euncet.com\/blog\/wp-content\/uploads\/2026\/02\/tu-mba-empieza-master-transforma-empresas-1059-1030x575.png\" \/>\n\t<meta property=\"og:image:width\" content=\"1030\" \/>\n\t<meta property=\"og:image:height\" content=\"575\" \/>\n\t<meta property=\"og:image:type\" content=\"image\/png\" \/>\n<meta name=\"author\" content=\"Gabriel Gustavo Maresca\" \/>\n<meta name=\"twitter:card\" content=\"summary_large_image\" \/>\n<meta name=\"twitter:creator\" content=\"@euncet\" \/>\n<meta name=\"twitter:site\" content=\"@euncet\" \/>\n<meta name=\"twitter:label1\" content=\"Escrit per\" \/>\n\t<meta name=\"twitter:data1\" content=\"Gabriel Gustavo Maresca\" \/>\n\t<meta name=\"twitter:label2\" content=\"Temps estimat de lectura\" \/>\n\t<meta name=\"twitter:data2\" content=\"7 minuts\" \/>\n<script type=\"application\/ld+json\" class=\"yoast-schema-graph\">{\"@context\":\"https:\\\/\\\/schema.org\",\"@graph\":[{\"@type\":\"Article\",\"@id\":\"https:\\\/\\\/www.euncet.com\\\/blog\\\/ca\\\/master-management-mba-transforma-empresa\\\/#article\",\"isPartOf\":{\"@id\":\"https:\\\/\\\/www.euncet.com\\\/blog\\\/ca\\\/master-management-mba-transforma-empresa\\\/\"},\"author\":{\"name\":\"Gabriel Gustavo Maresca\",\"@id\":\"https:\\\/\\\/www.euncet.com\\\/blog\\\/ca\\\/#\\\/schema\\\/person\\\/b028d391b16dff4a55e210e3ce45234c\"},\"headline\":\"El teu MBA comen\u00e7a aqu\u00ed: el m\u00e0ster que transforme empreses\",\"datePublished\":\"2026-02-18T14:21:00+00:00\",\"dateModified\":\"2026-03-06T14:56:30+00:00\",\"mainEntityOfPage\":{\"@id\":\"https:\\\/\\\/www.euncet.com\\\/blog\\\/ca\\\/master-management-mba-transforma-empresa\\\/\"},\"wordCount\":1676,\"commentCount\":0,\"image\":{\"@id\":\"https:\\\/\\\/www.euncet.com\\\/blog\\\/ca\\\/master-management-mba-transforma-empresa\\\/#primaryimage\"},\"thumbnailUrl\":\"https:\\\/\\\/www.euncet.com\\\/blog\\\/wp-content\\\/uploads\\\/2026\\\/02\\\/tu-mba-empieza-master-transforma-empresas-1059-scaled.png\",\"articleSection\":[\"Business: tend\u00e8ncies i novetats\"],\"inLanguage\":\"ca\",\"potentialAction\":[{\"@type\":\"CommentAction\",\"name\":\"Comment\",\"target\":[\"https:\\\/\\\/www.euncet.com\\\/blog\\\/ca\\\/master-management-mba-transforma-empresa\\\/#respond\"]}]},{\"@type\":\"WebPage\",\"@id\":\"https:\\\/\\\/www.euncet.com\\\/blog\\\/ca\\\/master-management-mba-transforma-empresa\\\/\",\"url\":\"https:\\\/\\\/www.euncet.com\\\/blog\\\/ca\\\/master-management-mba-transforma-empresa\\\/\",\"name\":\"M\u00e0ster en management \u25b6 l'MBA que TRANSFORMA la teva empresa\",\"isPartOf\":{\"@id\":\"https:\\\/\\\/www.euncet.com\\\/blog\\\/ca\\\/#website\"},\"primaryImageOfPage\":{\"@id\":\"https:\\\/\\\/www.euncet.com\\\/blog\\\/ca\\\/master-management-mba-transforma-empresa\\\/#primaryimage\"},\"image\":{\"@id\":\"https:\\\/\\\/www.euncet.com\\\/blog\\\/ca\\\/master-management-mba-transforma-empresa\\\/#primaryimage\"},\"thumbnailUrl\":\"https:\\\/\\\/www.euncet.com\\\/blog\\\/wp-content\\\/uploads\\\/2026\\\/02\\\/tu-mba-empieza-master-transforma-empresas-1059-scaled.png\",\"datePublished\":\"2026-02-18T14:21:00+00:00\",\"dateModified\":\"2026-03-06T14:56:30+00:00\",\"author\":{\"@id\":\"https:\\\/\\\/www.euncet.com\\\/blog\\\/ca\\\/#\\\/schema\\\/person\\\/b028d391b16dff4a55e210e3ce45234c\"},\"description\":\"M\u00e0ster en management \u25b6 l'MBA que TRANSFORMA la teva empresa. Lideratge, estrat\u00e8gia i visi\u00f3 global per dirigir amb \u00e8xit\",\"breadcrumb\":{\"@id\":\"https:\\\/\\\/www.euncet.com\\\/blog\\\/ca\\\/master-management-mba-transforma-empresa\\\/#breadcrumb\"},\"inLanguage\":\"ca\",\"potentialAction\":[{\"@type\":\"ReadAction\",\"target\":[\"https:\\\/\\\/www.euncet.com\\\/blog\\\/ca\\\/master-management-mba-transforma-empresa\\\/\"]}]},{\"@type\":\"ImageObject\",\"inLanguage\":\"ca\",\"@id\":\"https:\\\/\\\/www.euncet.com\\\/blog\\\/ca\\\/master-management-mba-transforma-empresa\\\/#primaryimage\",\"url\":\"https:\\\/\\\/www.euncet.com\\\/blog\\\/wp-content\\\/uploads\\\/2026\\\/02\\\/tu-mba-empieza-master-transforma-empresas-1059-scaled.png\",\"contentUrl\":\"https:\\\/\\\/www.euncet.com\\\/blog\\\/wp-content\\\/uploads\\\/2026\\\/02\\\/tu-mba-empieza-master-transforma-empresas-1059-scaled.png\",\"width\":2560,\"height\":1429},{\"@type\":\"BreadcrumbList\",\"@id\":\"https:\\\/\\\/www.euncet.com\\\/blog\\\/ca\\\/master-management-mba-transforma-empresa\\\/#breadcrumb\",\"itemListElement\":[{\"@type\":\"ListItem\",\"position\":1,\"name\":\"Portada\",\"item\":\"https:\\\/\\\/www.euncet.com\\\/blog\\\/ca\\\/\"},{\"@type\":\"ListItem\",\"position\":2,\"name\":\"El teu MBA comen\u00e7a aqu\u00ed: el m\u00e0ster que transforme empreses\"}]},{\"@type\":\"WebSite\",\"@id\":\"https:\\\/\\\/www.euncet.com\\\/blog\\\/ca\\\/#website\",\"url\":\"https:\\\/\\\/www.euncet.com\\\/blog\\\/ca\\\/\",\"name\":\"Euncet Business School\",\"description\":\"Escuela de negocios\",\"potentialAction\":[{\"@type\":\"SearchAction\",\"target\":{\"@type\":\"EntryPoint\",\"urlTemplate\":\"https:\\\/\\\/www.euncet.com\\\/blog\\\/ca\\\/?s={search_term_string}\"},\"query-input\":{\"@type\":\"PropertyValueSpecification\",\"valueRequired\":true,\"valueName\":\"search_term_string\"}}],\"inLanguage\":\"ca\"},{\"@type\":\"Person\",\"@id\":\"https:\\\/\\\/www.euncet.com\\\/blog\\\/ca\\\/#\\\/schema\\\/person\\\/b028d391b16dff4a55e210e3ce45234c\",\"name\":\"Gabriel Gustavo Maresca\",\"image\":{\"@type\":\"ImageObject\",\"inLanguage\":\"ca\",\"@id\":\"https:\\\/\\\/www.euncet.com\\\/blog\\\/wp-content\\\/uploads\\\/2025\\\/12\\\/foto1_Gabriel-Gustavo-Mare_300x300-96x96.png\",\"url\":\"https:\\\/\\\/www.euncet.com\\\/blog\\\/wp-content\\\/uploads\\\/2025\\\/12\\\/foto1_Gabriel-Gustavo-Mare_300x300-96x96.png\",\"contentUrl\":\"https:\\\/\\\/www.euncet.com\\\/blog\\\/wp-content\\\/uploads\\\/2025\\\/12\\\/foto1_Gabriel-Gustavo-Mare_300x300-96x96.png\",\"caption\":\"Gabriel Gustavo Maresca\"},\"sameAs\":[\"https:\\\/\\\/www.linkedin.com\\\/in\\\/gabrielmaresca?lipi=urn%3Ali%3Apage%3Ad_flagship3_profile_view_base_contact_details%3BgquaJVPcTM2LFtyPy7nDPw%3D%3D\"],\"url\":\"https:\\\/\\\/www.euncet.com\\\/blog\\\/ca\\\/author\\\/gabriel-gustavo-maresca\\\/\"}]}<\/script>\n<!-- \/ Yoast SEO plugin. -->","yoast_head_json":{"title":"M\u00e0ster en management \u25b6 l'MBA que TRANSFORMA la teva empresa","description":"M\u00e0ster en management \u25b6 l'MBA que TRANSFORMA la teva empresa. Lideratge, estrat\u00e8gia i visi\u00f3 global per dirigir amb \u00e8xit","robots":{"index":"index","follow":"follow","max-snippet":"max-snippet:-1","max-image-preview":"max-image-preview:large","max-video-preview":"max-video-preview:-1"},"canonical":"https:\/\/www.euncet.com\/blog\/ca\/master-management-mba-transforma-empresa\/","og_locale":"ca_ES","og_type":"article","og_title":"M\u00e0ster en management \u25b6 l'MBA que TRANSFORMA la teva empresa","og_description":"M\u00e0ster en management \u25b6 l'MBA que TRANSFORMA la teva empresa. Lideratge, estrat\u00e8gia i visi\u00f3 global per dirigir amb \u00e8xit","og_url":"https:\/\/www.euncet.com\/blog\/ca\/master-management-mba-transforma-empresa\/","og_site_name":"Euncet Business School","article_publisher":"https:\/\/www.facebook.com\/euncet","article_published_time":"2026-02-18T14:21:00+00:00","article_modified_time":"2026-03-06T14:56:30+00:00","og_image":[{"width":1030,"height":575,"url":"https:\/\/www.euncet.com\/blog\/wp-content\/uploads\/2026\/02\/tu-mba-empieza-master-transforma-empresas-1059-1030x575.png","type":"image\/png"}],"author":"Gabriel Gustavo Maresca","twitter_card":"summary_large_image","twitter_creator":"@euncet","twitter_site":"@euncet","twitter_misc":{"Escrit per":"Gabriel Gustavo Maresca","Temps estimat de lectura":"7 minuts"},"schema":{"@context":"https:\/\/schema.org","@graph":[{"@type":"Article","@id":"https:\/\/www.euncet.com\/blog\/ca\/master-management-mba-transforma-empresa\/#article","isPartOf":{"@id":"https:\/\/www.euncet.com\/blog\/ca\/master-management-mba-transforma-empresa\/"},"author":{"name":"Gabriel Gustavo Maresca","@id":"https:\/\/www.euncet.com\/blog\/ca\/#\/schema\/person\/b028d391b16dff4a55e210e3ce45234c"},"headline":"El teu MBA comen\u00e7a aqu\u00ed: el m\u00e0ster que transforme empreses","datePublished":"2026-02-18T14:21:00+00:00","dateModified":"2026-03-06T14:56:30+00:00","mainEntityOfPage":{"@id":"https:\/\/www.euncet.com\/blog\/ca\/master-management-mba-transforma-empresa\/"},"wordCount":1676,"commentCount":0,"image":{"@id":"https:\/\/www.euncet.com\/blog\/ca\/master-management-mba-transforma-empresa\/#primaryimage"},"thumbnailUrl":"https:\/\/www.euncet.com\/blog\/wp-content\/uploads\/2026\/02\/tu-mba-empieza-master-transforma-empresas-1059-scaled.png","articleSection":["Business: tend\u00e8ncies i novetats"],"inLanguage":"ca","potentialAction":[{"@type":"CommentAction","name":"Comment","target":["https:\/\/www.euncet.com\/blog\/ca\/master-management-mba-transforma-empresa\/#respond"]}]},{"@type":"WebPage","@id":"https:\/\/www.euncet.com\/blog\/ca\/master-management-mba-transforma-empresa\/","url":"https:\/\/www.euncet.com\/blog\/ca\/master-management-mba-transforma-empresa\/","name":"M\u00e0ster en management \u25b6 l'MBA que TRANSFORMA la teva empresa","isPartOf":{"@id":"https:\/\/www.euncet.com\/blog\/ca\/#website"},"primaryImageOfPage":{"@id":"https:\/\/www.euncet.com\/blog\/ca\/master-management-mba-transforma-empresa\/#primaryimage"},"image":{"@id":"https:\/\/www.euncet.com\/blog\/ca\/master-management-mba-transforma-empresa\/#primaryimage"},"thumbnailUrl":"https:\/\/www.euncet.com\/blog\/wp-content\/uploads\/2026\/02\/tu-mba-empieza-master-transforma-empresas-1059-scaled.png","datePublished":"2026-02-18T14:21:00+00:00","dateModified":"2026-03-06T14:56:30+00:00","author":{"@id":"https:\/\/www.euncet.com\/blog\/ca\/#\/schema\/person\/b028d391b16dff4a55e210e3ce45234c"},"description":"M\u00e0ster en management \u25b6 l'MBA que TRANSFORMA la teva empresa. Lideratge, estrat\u00e8gia i visi\u00f3 global per dirigir amb \u00e8xit","breadcrumb":{"@id":"https:\/\/www.euncet.com\/blog\/ca\/master-management-mba-transforma-empresa\/#breadcrumb"},"inLanguage":"ca","potentialAction":[{"@type":"ReadAction","target":["https:\/\/www.euncet.com\/blog\/ca\/master-management-mba-transforma-empresa\/"]}]},{"@type":"ImageObject","inLanguage":"ca","@id":"https:\/\/www.euncet.com\/blog\/ca\/master-management-mba-transforma-empresa\/#primaryimage","url":"https:\/\/www.euncet.com\/blog\/wp-content\/uploads\/2026\/02\/tu-mba-empieza-master-transforma-empresas-1059-scaled.png","contentUrl":"https:\/\/www.euncet.com\/blog\/wp-content\/uploads\/2026\/02\/tu-mba-empieza-master-transforma-empresas-1059-scaled.png","width":2560,"height":1429},{"@type":"BreadcrumbList","@id":"https:\/\/www.euncet.com\/blog\/ca\/master-management-mba-transforma-empresa\/#breadcrumb","itemListElement":[{"@type":"ListItem","position":1,"name":"Portada","item":"https:\/\/www.euncet.com\/blog\/ca\/"},{"@type":"ListItem","position":2,"name":"El teu MBA comen\u00e7a aqu\u00ed: el m\u00e0ster que transforme empreses"}]},{"@type":"WebSite","@id":"https:\/\/www.euncet.com\/blog\/ca\/#website","url":"https:\/\/www.euncet.com\/blog\/ca\/","name":"Euncet Business School","description":"Escuela de negocios","potentialAction":[{"@type":"SearchAction","target":{"@type":"EntryPoint","urlTemplate":"https:\/\/www.euncet.com\/blog\/ca\/?s={search_term_string}"},"query-input":{"@type":"PropertyValueSpecification","valueRequired":true,"valueName":"search_term_string"}}],"inLanguage":"ca"},{"@type":"Person","@id":"https:\/\/www.euncet.com\/blog\/ca\/#\/schema\/person\/b028d391b16dff4a55e210e3ce45234c","name":"Gabriel Gustavo Maresca","image":{"@type":"ImageObject","inLanguage":"ca","@id":"https:\/\/www.euncet.com\/blog\/wp-content\/uploads\/2025\/12\/foto1_Gabriel-Gustavo-Mare_300x300-96x96.png","url":"https:\/\/www.euncet.com\/blog\/wp-content\/uploads\/2025\/12\/foto1_Gabriel-Gustavo-Mare_300x300-96x96.png","contentUrl":"https:\/\/www.euncet.com\/blog\/wp-content\/uploads\/2025\/12\/foto1_Gabriel-Gustavo-Mare_300x300-96x96.png","caption":"Gabriel Gustavo Maresca"},"sameAs":["https:\/\/www.linkedin.com\/in\/gabrielmaresca?lipi=urn%3Ali%3Apage%3Ad_flagship3_profile_view_base_contact_details%3BgquaJVPcTM2LFtyPy7nDPw%3D%3D"],"url":"https:\/\/www.euncet.com\/blog\/ca\/author\/gabriel-gustavo-maresca\/"}]}},"_links":{"self":[{"href":"https:\/\/www.euncet.com\/blog\/ca\/wp-json\/wp\/v2\/posts\/67030","targetHints":{"allow":["GET"]}}],"collection":[{"href":"https:\/\/www.euncet.com\/blog\/ca\/wp-json\/wp\/v2\/posts"}],"about":[{"href":"https:\/\/www.euncet.com\/blog\/ca\/wp-json\/wp\/v2\/types\/post"}],"author":[{"embeddable":true,"href":"https:\/\/www.euncet.com\/blog\/ca\/wp-json\/wp\/v2\/users\/38"}],"replies":[{"embeddable":true,"href":"https:\/\/www.euncet.com\/blog\/ca\/wp-json\/wp\/v2\/comments?post=67030"}],"version-history":[{"count":2,"href":"https:\/\/www.euncet.com\/blog\/ca\/wp-json\/wp\/v2\/posts\/67030\/revisions"}],"predecessor-version":[{"id":67032,"href":"https:\/\/www.euncet.com\/blog\/ca\/wp-json\/wp\/v2\/posts\/67030\/revisions\/67032"}],"wp:featuredmedia":[{"embeddable":true,"href":"https:\/\/www.euncet.com\/blog\/ca\/wp-json\/wp\/v2\/media\/66937"}],"wp:attachment":[{"href":"https:\/\/www.euncet.com\/blog\/ca\/wp-json\/wp\/v2\/media?parent=67030"}],"wp:term":[{"taxonomy":"category","embeddable":true,"href":"https:\/\/www.euncet.com\/blog\/ca\/wp-json\/wp\/v2\/categories?post=67030"},{"taxonomy":"post_tag","embeddable":true,"href":"https:\/\/www.euncet.com\/blog\/ca\/wp-json\/wp\/v2\/tags?post=67030"}],"curies":[{"name":"wp","href":"https:\/\/api.w.org\/{rel}","templated":true}]}}