{"id":67036,"date":"2026-02-27T16:18:00","date_gmt":"2026-02-27T15:18:00","guid":{"rendered":"https:\/\/www.euncet.com\/blog\/?p=67036"},"modified":"2026-03-06T16:31:46","modified_gmt":"2026-03-06T15:31:46","slug":"graus-emprenedoria-carrera-obre-portes","status":"publish","type":"post","link":"https:\/\/www.euncet.com\/blog\/ca\/graus-emprenedoria-carrera-obre-portes\/","title":{"rendered":"Vols emprendre? El Grau en Emprenedoria que t&#8217;obre portes"},"content":{"rendered":"\n<p>Avui m\u00e9s que mai, la capacitat de reinventar-se \u00e9s clau per sobreviure al mercat. La transformaci\u00f3 digital, els canvis generacionals i les noves formes de treball exigeixen professionals preparats per evolucionar constantment. No obstant aix\u00f2, la resist\u00e8ncia al canvi i la manca d&#8217;una base s\u00f2lida poden frenar qualsevol intent d&#8217;innovaci\u00f3. Aqu\u00ed \u00e9s on els&nbsp;<strong><em>graus en emprenedoria<\/em><\/strong>&nbsp;actuen com a catalitzadors de l&#8217;\u00e8xit, ajudant a desenvolupar habilitats estrat\u00e8giques, refor\u00e7ar la confian\u00e7a i construir una carrera professional resilient, col\u00b7laborativa i orientada a l&#8217;alt rendiment. La&nbsp;<strong>formaci\u00f3 emprenedora<\/strong>&nbsp;ja no \u00e9s una opci\u00f3, sin\u00f3 una necessitat per a aquells que somien amb liderar la&nbsp;<strong>creaci\u00f3 d&#8217;empreses<\/strong>&nbsp;i la&nbsp;<strong>innovaci\u00f3 empresarial<\/strong>.<\/p><div id=\"ez-toc-container\" class=\"ez-toc-v2_0_82_2 counter-hierarchy ez-toc-counter ez-toc-custom ez-toc-container-direction\">\n<div class=\"ez-toc-title-container\">\n<p class=\"ez-toc-title\" style=\"cursor:inherit\">\u00cdNDEX DE CONTINGUTS<\/p>\n<span class=\"ez-toc-title-toggle\"><a href=\"#\" class=\"ez-toc-pull-right ez-toc-btn ez-toc-btn-xs ez-toc-btn-default ez-toc-toggle\" aria-label=\"Toggle Table of Content\"><span class=\"ez-toc-js-icon-con\"><span class=\"\"><span class=\"eztoc-hide\" style=\"display:none;\">Toggle<\/span><span class=\"ez-toc-icon-toggle-span\"><svg style=\"fill: #222222;color:#222222\" xmlns=\"http:\/\/www.w3.org\/2000\/svg\" class=\"list-377408\" width=\"20px\" height=\"20px\" viewBox=\"0 0 24 24\" fill=\"none\"><path d=\"M6 6H4v2h2V6zm14 0H8v2h12V6zM4 11h2v2H4v-2zm16 0H8v2h12v-2zM4 16h2v2H4v-2zm16 0H8v2h12v-2z\" fill=\"currentColor\"><\/path><\/svg><svg style=\"fill: #222222;color:#222222\" class=\"arrow-unsorted-368013\" xmlns=\"http:\/\/www.w3.org\/2000\/svg\" width=\"10px\" height=\"10px\" viewBox=\"0 0 24 24\" version=\"1.2\" baseProfile=\"tiny\"><path d=\"M18.2 9.3l-6.2-6.3-6.2 6.3c-.2.2-.3.4-.3.7s.1.5.3.7c.2.2.4.3.7.3h11c.3 0 .5-.1.7-.3.2-.2.3-.5.3-.7s-.1-.5-.3-.7zM5.8 14.7l6.2 6.3 6.2-6.3c.2-.2.3-.5.3-.7s-.1-.5-.3-.7c-.2-.2-.4-.3-.7-.3h-11c-.3 0-.5.1-.7.3-.2.2-.3.5-.3.7s.1.5.3.7z\"\/><\/svg><\/span><\/span><\/span><\/a><\/span><\/div>\n<nav><ul class='ez-toc-list ez-toc-list-level-1 ' ><li class='ez-toc-page-1 ez-toc-heading-level-2'><a class=\"ez-toc-link ez-toc-heading-1\" href=\"https:\/\/www.euncet.com\/blog\/ca\/graus-emprenedoria-carrera-obre-portes\/#Per_que_un_grau_en_emprenedoria_es_el_teu_millor_primer_pas\" >Per qu\u00e8 un grau en emprenedoria \u00e9s el teu millor primer pas?<\/a><\/li><li class='ez-toc-page-1 ez-toc-heading-level-2'><a class=\"ez-toc-link ez-toc-heading-2\" href=\"https:\/\/www.euncet.com\/blog\/ca\/graus-emprenedoria-carrera-obre-portes\/#Les_claus_duna_formacio_emprenedora_davantguarda\" >Les claus d&#8217;una formaci\u00f3 emprenedora d&#8217;avantguarda<\/a><\/li><li class='ez-toc-page-1 ez-toc-heading-level-2'><a class=\"ez-toc-link ez-toc-heading-3\" href=\"https:\/\/www.euncet.com\/blog\/ca\/graus-emprenedoria-carrera-obre-portes\/#El_Grau_en_Empresa_Innovacio_i_Tecnologia_dEuncet_el_teu_passaport_al_futur\" >El Grau en Empresa, Innovaci\u00f3 i Tecnologia d&#8217;Euncet: el teu passaport al futur<\/a><\/li><li class='ez-toc-page-1 ez-toc-heading-level-2'><a class=\"ez-toc-link ez-toc-heading-4\" href=\"https:\/\/www.euncet.com\/blog\/ca\/graus-emprenedoria-carrera-obre-portes\/#Descobreix-ho_als_nostres_Open_Days_el_teu_futur_comenca_aqui\" >Descobreix-ho als nostres Open Days: el teu futur comen\u00e7a aqu\u00ed<\/a><\/li><li class='ez-toc-page-1 ez-toc-heading-level-2'><a class=\"ez-toc-link ez-toc-heading-5\" href=\"https:\/\/www.euncet.com\/blog\/ca\/graus-emprenedoria-carrera-obre-portes\/#La_teva_carrera_en_els_negocis_comenca_amb_una_decisio\" >La teva carrera en els negocis comen\u00e7a amb una decisi\u00f3<\/a><\/li><\/ul><\/nav><\/div>\n\n\n\n\n<p>Si tens una idea de negoci rondant pel cap, sents la crida del lideratge o simplement busques una&nbsp;<strong>carrera en negocis<\/strong>&nbsp;que et desafi\u00ef i et permeti deixar empremta, aquest article \u00e9s per a tu. A continuaci\u00f3, explorarem per qu\u00e8 un grau universitari enfocat en l&#8217;emprenedoria \u00e9s la millor inversi\u00f3 per al teu futur i com el Grau en Empresa, Innovaci\u00f3 i Tecnologia d&#8217;Euncet Business School, amb la seva menci\u00f3 en Emprenedoria, et proporciona l&#8217;ecosistema perfecte per transformar les teves idees en projectes d&#8217;\u00e8xit. A m\u00e9s, t&#8217;explicarem com pots descobrir-ho de primera m\u00e0 als nostres propers Open Days.<\/p>\n\n\n\n<h2 class=\"wp-block-heading\"><span class=\"ez-toc-section\" id=\"Per_que_un_grau_en_emprenedoria_es_el_teu_millor_primer_pas\"><\/span>Per qu\u00e8 un grau en emprenedoria \u00e9s el teu millor primer pas?<span class=\"ez-toc-section-end\"><\/span><\/h2>\n\n\n\n<p>Llan\u00e7ar-se a emprendre sense una preparaci\u00f3 adequada \u00e9s com navegar en un oce\u00e0 sense br\u00faixola. Si b\u00e9 la passi\u00f3 i la determinaci\u00f3 s\u00f3n fonamentals, l&#8217;<strong>educaci\u00f3 empresarial<\/strong>&nbsp;et proporciona el mapa, les eines i el coneixement necessari per sortejar les tempestes i arribar a bon port. Un grau universitari en emprenedoria t&#8217;ofereix una base s\u00f2lida en \u00e0rees crucials com la gesti\u00f3 financera, el m\u00e0rqueting, l&#8217;estrat\u00e8gia empresarial i, per descomptat, la innovaci\u00f3.<\/p>\n\n\n\n<p>A difer\u00e8ncia de la creen\u00e7a popular que els emprenedors \u00abneixen\u00bb, la realitat \u00e9s que les compet\u00e8ncies emprenedores es \u00abfan\u00bb. Es cultiven a trav\u00e9s de la formaci\u00f3, la pr\u00e0ctica i l&#8217;exposici\u00f3 a un entorn que fomenta la creativitat i la resoluci\u00f3 de problemes. Per aquesta ra\u00f3, un programa universitari et permet experimentar, fallar en un entorn controlat i aprendre dels teus errors sense arriscar el teu capital. En definitiva, \u00e9s un camp d&#8217;entrenament intensiu que et prepara per al m\u00f3n real dels negocis.<\/p>\n\n\n\n<p>A m\u00e9s, un grau universitari t&#8217;atorga alguna cosa que els cursos r\u00e0pids o els programes autodidactes no poden oferir: una titulaci\u00f3 oficial reconeguda a nivell nacional i internacional. Aquesta credencial no nom\u00e9s valida els teus coneixements davant el mercat laboral, sin\u00f3 que tamb\u00e9 t&#8217;obre les portes a programes de postgrau, beques i oportunitats de mobilitat internacional que poden ser determinants en la teva traject\u00f2ria professional. En un ecosistema cada vegada m\u00e9s competitiu, comptar amb un\u00a0<a href=\"https:\/\/www.euncet.com\/ca\/que-es-euncet\/\" target=\"_blank\" rel=\"noreferrer noopener\">suport acad\u00e8mic s\u00f2lid<\/a>\u00a0marca una difer\u00e8ncia significativa.<\/p>\n\n\n\n<h2 class=\"wp-block-heading\"><span class=\"ez-toc-section\" id=\"Les_claus_duna_formacio_emprenedora_davantguarda\"><\/span>Les claus d&#8217;una formaci\u00f3 emprenedora d&#8217;avantguarda<span class=\"ez-toc-section-end\"><\/span><\/h2>\n\n\n\n<p>No tots els&nbsp;<strong>graus en emprenedoria<\/strong>&nbsp;s\u00f3n iguals. Perqu\u00e8 la teva formaci\u00f3 sigui realment efectiva, ha de combinar una s\u00e8rie d&#8217;elements que et preparin de manera integral per als reptes del mercat actual. Aquests s\u00f3n alguns dels pilars que defineixen una&nbsp;<strong>formaci\u00f3 emprenedora<\/strong>&nbsp;d&#8217;alt nivell:<\/p>\n\n\n\n<ul class=\"wp-block-list\">\n<li><strong>Metodologia \u00abLearning by Doing\u00bb:<\/strong>\u00a0La teoria \u00e9s important, per\u00f2 l&#8217;emprenedoria s&#8217;apr\u00e8n fent. Un bon programa ha de basar-se en la resoluci\u00f3 de casos pr\u00e0ctics, el desenvolupament de projectes reals i la participaci\u00f3 en simulacions de negoci.<\/li>\n\n\n\n<li><strong>Professorat amb experi\u00e8ncia real:<\/strong>\u00a0Aprendre de professionals que han estat a les trinxeres del m\u00f3n empresarial, que han creat les seves pr\u00f2pies empreses o que han assessorat startups d&#8217;\u00e8xit, no t\u00e9 preu. La seva experi\u00e8ncia i els seus consells s\u00f3n una font de coneixement inestimable.<\/li>\n\n\n\n<li><strong>Connexi\u00f3 amb l&#8217;ecosistema emprenedor:<\/strong>\u00a0Un bon grau t&#8217;obre les portes a una xarxa de contactes fonamental per al teu futur: inversors, mentors, altres emprenedors i empreses consolidades. Aquesta xarxa \u00e9s sovint tan valuosa com els coneixements adquirits.<\/li>\n\n\n\n<li><strong>Enfocament en la innovaci\u00f3 i la tecnologia:<\/strong>\u00a0En l&#8217;era digital, qualsevol projecte empresarial ha de tenir un component tecnol\u00f2gic. La formaci\u00f3 ha de preparar-te per entendre i aplicar les \u00faltimes tend\u00e8ncies en \u00e0rees com el Big Data, la intel\u00b7lig\u00e8ncia artificial o el m\u00e0rqueting digital.<\/li>\n\n\n\n<li><strong>Desenvolupament de \u00absoft skills\u00bb:<\/strong>\u00a0M\u00e9s enll\u00e0 dels coneixements t\u00e8cnics, un emprenedor necessita\u00a0<a href=\"https:\/\/www.euncet.com\/blog\/es\/soft-skills-que-son-importancia\/\" target=\"_blank\" rel=\"noreferrer noopener\">habilitats<\/a>\u00a0com el lideratge, la comunicaci\u00f3, la negociaci\u00f3, la resili\u00e8ncia i la intel\u00b7lig\u00e8ncia emocional. Un programa de qualitat ha d&#8217;incloure el desenvolupament d&#8217;aquestes compet\u00e8ncies transversals.<\/li>\n<\/ul>\n\n\n\n<h3 class=\"wp-block-heading\">Grau vs. M\u00e0ster: quin cam\u00ed triar per a la teva carrera en negocis?<\/h3>\n\n\n\n<p>\u00c9s una pregunta freq\u00fcent entre els qui aspiren a una&nbsp;<strong>carrera en negocis<\/strong>. Si b\u00e9 un m\u00e0ster \u00e9s una excel\u00b7lent opci\u00f3 per especialitzar-se o reorientar una carrera ja iniciada, un grau \u00e9s el punt de partida ideal per als m\u00e9s joves. Un grau et proporciona una visi\u00f3 360\u00ba del m\u00f3n de l&#8217;empresa, mentre que un m\u00e0ster s&#8217;enfoca en una \u00e0rea espec\u00edfica. A continuaci\u00f3, et presentem una taula comparativa per ajudar-te a decidir:<\/p>\n\n\n\n<figure class=\"wp-block-table\"><table class=\"has-fixed-layout\"><thead><tr><th>Criteri<\/th><th>Grau en emprenedoria<\/th><th>M\u00e0ster en emprenedoria<\/th><\/tr><\/thead><tbody><tr><td><strong>Perfil ideal<\/strong><\/td><td>Estudiants preuniversitaris o joves que inicien la seva carrera.<\/td><td>Professionals amb experi\u00e8ncia que busquen especialitzar-se o llan\u00e7ar un projecte.<\/td><\/tr><tr><td><strong>Enfocament<\/strong><\/td><td>Formaci\u00f3 \u00e0mplia i fonamental en totes les \u00e0rees de l&#8217;empresa.<\/td><td>Formaci\u00f3 intensiva i especialitzada en la creaci\u00f3 i gesti\u00f3 de startups.<\/td><\/tr><tr><td><strong>Durada<\/strong><\/td><td>4 anys (240 ECTS).<\/td><td>1-2 anys.<\/td><\/tr><tr><td><strong>Objectiu principal<\/strong><\/td><td>Construir una base s\u00f2lida per a una carrera en negocis, amb opci\u00f3 a emprendre.<\/td><td>Accelerar el llan\u00e7ament d&#8217;una idea de negoci o escalar una startup existent.<\/td><\/tr><\/tbody><\/table><\/figure>\n\n\n\n<p>Com pots veure, l&#8217;elecci\u00f3 dep\u00e8n del teu moment vital i els teus objectius. Si est\u00e0s comen\u00e7ant, un grau et donar\u00e0 la base que necessites per construir una carrera s\u00f2lida, ja sigui com a emprenedor o com a intraemprenedor dins d&#8217;una organitzaci\u00f3.<\/p>\n\n\n\n<h2 class=\"wp-block-heading\"><span class=\"ez-toc-section\" id=\"El_Grau_en_Empresa_Innovacio_i_Tecnologia_dEuncet_el_teu_passaport_al_futur\"><\/span>El Grau en Empresa, Innovaci\u00f3 i Tecnologia d&#8217;Euncet: el teu passaport al futur<span class=\"ez-toc-section-end\"><\/span><\/h2>\n\n\n\n<p>A Euncet Business School hem dissenyat el\u00a0<a href=\"https:\/\/www.euncet.com\/ca\/graus\/grau-empresa-innovacio-i-tecnologia\/\" target=\"_blank\" rel=\"noreferrer noopener\">Grau en Empresa, Innovaci\u00f3 i Tecnologia<\/a>\u00a0pensant precisament en els l\u00edders del dem\u00e0. Aquest programa, amb una durada de 4 anys i t\u00edtol oficial de la UPC, combina una s\u00f2lida formaci\u00f3 en management amb les compet\u00e8ncies tecnol\u00f2giques que demanda el mercat actual. I el m\u00e9s important: et permet especialitzar-te amb la\u00a0<strong>menci\u00f3 en Emprenedoria<\/strong>.<\/p>\n\n\n\n<p>Estudiar aquest grau a Euncet significa:<\/p>\n\n\n\n<ul class=\"wp-block-list\">\n<li><strong>Aprendre dels millors:<\/strong>\u00a0Un claustre de professors format per professionals en actiu que et guiaran amb la seva experi\u00e8ncia real.<\/li>\n\n\n\n<li><strong>Especialitzar-te a la teva mida:<\/strong>\u00a0A m\u00e9s d&#8217;Emprenedoria, pots triar les mencions en Finances o Anal\u00edtica de Negoci, personalitzant el teu itinerari formatiu.<\/li>\n\n\n\n<li><strong>Viure una experi\u00e8ncia internacional:<\/strong>\u00a0Gr\u00e0cies als programes de mobilitat, podr\u00e0s realitzar estades en m\u00e9s de 34 universitats de tot el m\u00f3n.<\/li>\n\n\n\n<li><strong>Dominar l&#8217;angl\u00e8s dels negocis:<\/strong>\u00a0El nostre model biling\u00fce et preparar\u00e0 per a un entorn laboral globalitzat.<\/li>\n<\/ul>\n\n\n\n<p>En definitiva, el nostre grau no nom\u00e9s t&#8217;ensenya a crear una empresa, sin\u00f3 que et forma com un directiu capa\u00e7 de liderar la&nbsp;<strong>innovaci\u00f3 empresarial<\/strong>&nbsp;en qualsevol tipus d&#8217;organitzaci\u00f3.<\/p>\n\n\n\n<p>Cal destacar tamb\u00e9 que el programa s&#8217;imparteix en dos campus estrat\u00e8gicament ubicats: el Campus Terrassa i el Campus Barcelona 22@, el districte de la innovaci\u00f3 per excel\u00b7l\u00e8ncia. Aquesta doble ubicaci\u00f3 permet als estudiants triar l&#8217;entorn que millor s&#8217;adapti al seu estil de vida i a les seves aspiracions professionals. Aix\u00ed mateix, el grau s&#8217;ofereix tant en modalitat presencial com semipresencial, la qual cosa el converteix en una opci\u00f3 flexible per a aquells que necessiten compaginar els estudis amb altres responsabilitats. Si tamb\u00e9 t&#8217;interessa complementar el teu perfil amb una visi\u00f3 de m\u00e0rqueting, Euncet ofereix el&nbsp;<a href=\"https:\/\/www.euncet.com\/graus\/doble-grau-en-marqueting-i-empresa\/\">Doble Grau en M\u00e0rqueting i Empresa<\/a>, una combinaci\u00f3 perfecta per a aquells que volen dominar totes les facetes del m\u00f3n dels negocis.<\/p>\n\n\n\n<h2 class=\"wp-block-heading\"><span class=\"ez-toc-section\" id=\"Descobreix-ho_als_nostres_Open_Days_el_teu_futur_comenca_aqui\"><\/span>Descobreix-ho als nostres Open Days: el teu futur comen\u00e7a aqu\u00ed<span class=\"ez-toc-section-end\"><\/span><\/h2>\n\n\n\n<p>La millor manera de saber si un programa \u00e9s per a tu \u00e9s viure&#8217;l en primera persona. Per aix\u00f2, t&#8217;invitem als nostres propers Open Days, una oportunitat \u00fanica per con\u00e8ixer els nostres campus, parlar amb professors i alumnes, i resoldre tots els teus dubtes. \u00c9s el moment de fer el primer pas cap al teu futur!<\/p>\n\n\n\n<p>Depenent dels teus interessos, pots triar entre dues dates i campus:<\/p>\n\n\n\n<ul class=\"wp-block-list\">\n<li><strong>Open Day Campus Barcelona 22@ (15 d&#8217;abril de 2026):<\/strong>\u00a0Si t&#8217;apassiona la tecnologia i la innovaci\u00f3, aquest \u00e9s el teu lloc. En aquest Open Day, et presentarem en detall el Grau en Empresa, Innovaci\u00f3 i Tecnologia i el <a href=\"https:\/\/www.euncet.com\/ca\/graus\/grau-marqueting-innovacio-i-tecnologia\/\" type=\"link\" id=\"https:\/\/www.euncet.com\/ca\/graus\/grau-marqueting-innovacio-i-tecnologia\/\" target=\"_blank\" rel=\"noreferrer noopener\">Grau en M\u00e0rqueting, Innovaci\u00f3 i Tecnologia<\/a>. No et perdis l&#8217;oportunitat de con\u00e8ixer el cor del districte m\u00e9s innovador de Barcelona!\u00a0<a href=\"https:\/\/www.euncet.com\/ca\/open-day-campus-barcelona-22\/\" target=\"_blank\" rel=\"noreferrer noopener\">Inscriu-te aqu\u00ed<\/a>.<\/li>\n\n\n\n<li><strong>Open Day Campus Can Drag\u00f3 (5 de mar\u00e7 de 2026):<\/strong>\u00a0Si el teu \u00e9s el m\u00f3n de l&#8217;esport, en aquest Open Day descobrir\u00e0s programes \u00fanics com el Grau en Gesti\u00f3 i Digitalitzaci\u00f3 en l&#8217;Esport.\u00a0<a href=\"https:\/\/www.euncet.com\/ca\/jornada-open-day-can-drago\/\" target=\"_blank\" rel=\"noreferrer noopener\">M\u00e9s informaci\u00f3 aqu\u00ed<\/a>.<\/li>\n<\/ul>\n\n\n\n<p>En ambd\u00f3s esdeveniments, podr\u00e0s gaudir d&#8217;una visita guiada per les instal\u00b7lacions, assistir a una sessi\u00f3 informativa sobre els programes, xerrar amb el nostre equip d&#8217;admissions i, per descomptat, gaudir d&#8217;un aperitiu mentre fas networking amb futurs companys. No deixis passar aquesta oportunitat!<\/p>\n\n\n\n<h2 class=\"wp-block-heading\"><span class=\"ez-toc-section\" id=\"La_teva_carrera_en_els_negocis_comenca_amb_una_decisio\"><\/span>La teva carrera en els negocis comen\u00e7a amb una decisi\u00f3<span class=\"ez-toc-section-end\"><\/span><\/h2>\n\n\n\n<p>Triar qu\u00e8 i on estudiar \u00e9s una de les decisions m\u00e9s importants de la teva vida. Si somies amb emprendre, liderar i transformar el m\u00f3n dels negocis, necessites una formaci\u00f3 que estigui a l&#8217;al\u00e7ada de les teves ambicions. Els&nbsp;<strong>graus en emprenedoria<\/strong>&nbsp;s\u00f3n, sens dubte, la millor plataforma de llan\u00e7ament per a una carrera plena d&#8217;\u00e8xits.<\/p>\n\n\n\n<p>T&#8217;invitem a descobrir a fons el Grau en Empresa, Innovaci\u00f3 i Tecnologia d&#8217;Euncet i a visitar-nos als nostres propers Open Days. Descobreix per qu\u00e8 som l&#8217;escola de negocis que trien els emprenedors del futur. El teu viatge cap a la&nbsp;<strong>creaci\u00f3 d&#8217;empreses<\/strong>&nbsp;i la&nbsp;<strong>innovaci\u00f3 empresarial<\/strong>&nbsp;comen\u00e7a aqu\u00ed. T&#8217;atreveixes a fer el primer pas?<\/p>\n\n\n\n<p><\/p>\n","protected":false},"excerpt":{"rendered":"<p>Avui m\u00e9s que mai, la capacitat de reinventar-se \u00e9s clau per sobreviure al mercat. La transformaci\u00f3 digital, els canvis generacionals i les noves formes de treball exigeixen professionals preparats per evolucionar constantment. No obstant aix\u00f2, la resist\u00e8ncia al canvi i la manca d&#8217;una base s\u00f2lida poden frenar qualsevol intent d&#8217;innovaci\u00f3. Aqu\u00ed \u00e9s on els&nbsp;graus en [&hellip;]<\/p>\n","protected":false},"author":41,"featured_media":66982,"comment_status":"open","ping_status":"open","sticky":false,"template":"","format":"standard","meta":{"_acf_changed":false,"footnotes":""},"categories":[448],"tags":[],"class_list":["post-67036","post","type-post","status-publish","format-standard","has-post-thumbnail","hentry","category-emprenedoria-posts"],"acf":[],"yoast_head":"<!-- This site is optimized with the Yoast SEO plugin v27.4 - https:\/\/yoast.com\/product\/yoast-seo-wordpress\/ -->\n<title>Graus en emprenedoria \u25b6 La teva carrera COMEN\u00c7A aqu\u00ed<\/title>\n<meta name=\"description\" content=\"Graus en emprenedoria \u25b6 La teva carrera COMEN\u00c7A aqu\u00ed. Formaci\u00f3 universit\u00e0ria per liderar la creaci\u00f3 d&#039;empreses i la innovaci\u00f3\" \/>\n<meta name=\"robots\" content=\"index, follow, max-snippet:-1, max-image-preview:large, max-video-preview:-1\" \/>\n<link rel=\"canonical\" href=\"https:\/\/www.euncet.com\/blog\/ca\/graus-emprenedoria-carrera-obre-portes\/\" \/>\n<meta property=\"og:locale\" content=\"ca_ES\" \/>\n<meta property=\"og:type\" content=\"article\" \/>\n<meta property=\"og:title\" content=\"Graus en emprenedoria \u25b6 La teva carrera COMEN\u00c7A aqu\u00ed\" \/>\n<meta property=\"og:description\" content=\"Graus en emprenedoria \u25b6 La teva carrera COMEN\u00c7A aqu\u00ed. Formaci\u00f3 universit\u00e0ria per liderar la creaci\u00f3 d&#039;empreses i la innovaci\u00f3\" \/>\n<meta property=\"og:url\" content=\"https:\/\/www.euncet.com\/blog\/ca\/graus-emprenedoria-carrera-obre-portes\/\" \/>\n<meta property=\"og:site_name\" content=\"Euncet Business School\" \/>\n<meta property=\"article:publisher\" content=\"https:\/\/www.facebook.com\/euncet\" \/>\n<meta property=\"article:published_time\" content=\"2026-02-27T15:18:00+00:00\" \/>\n<meta property=\"article:modified_time\" content=\"2026-03-06T15:31:46+00:00\" \/>\n<meta property=\"og:image\" content=\"https:\/\/www.euncet.com\/blog\/wp-content\/uploads\/2026\/02\/quieres-emprender-grado-emprendimiento-te-abre-puertas-1059-1030x575.png\" \/>\n\t<meta property=\"og:image:width\" content=\"1030\" \/>\n\t<meta property=\"og:image:height\" content=\"575\" \/>\n\t<meta property=\"og:image:type\" content=\"image\/png\" \/>\n<meta name=\"author\" content=\"Toni Llop\" \/>\n<meta name=\"twitter:card\" content=\"summary_large_image\" \/>\n<meta name=\"twitter:creator\" content=\"@euncet\" \/>\n<meta name=\"twitter:site\" content=\"@euncet\" \/>\n<meta name=\"twitter:label1\" content=\"Escrit per\" \/>\n\t<meta name=\"twitter:data1\" content=\"Toni Llop\" \/>\n\t<meta name=\"twitter:label2\" content=\"Temps estimat de lectura\" \/>\n\t<meta name=\"twitter:data2\" content=\"8 minuts\" \/>\n<script type=\"application\/ld+json\" class=\"yoast-schema-graph\">{\"@context\":\"https:\\\/\\\/schema.org\",\"@graph\":[{\"@type\":\"Article\",\"@id\":\"https:\\\/\\\/www.euncet.com\\\/blog\\\/ca\\\/graus-emprenedoria-carrera-obre-portes\\\/#article\",\"isPartOf\":{\"@id\":\"https:\\\/\\\/www.euncet.com\\\/blog\\\/ca\\\/graus-emprenedoria-carrera-obre-portes\\\/\"},\"author\":{\"name\":\"Toni Llop\",\"@id\":\"https:\\\/\\\/www.euncet.com\\\/blog\\\/ca\\\/#\\\/schema\\\/person\\\/3dcd035d489bb6d81e1a23fad6c7e1e1\"},\"headline\":\"Vols emprendre? El Grau en Emprenedoria que t&#8217;obre portes\",\"datePublished\":\"2026-02-27T15:18:00+00:00\",\"dateModified\":\"2026-03-06T15:31:46+00:00\",\"mainEntityOfPage\":{\"@id\":\"https:\\\/\\\/www.euncet.com\\\/blog\\\/ca\\\/graus-emprenedoria-carrera-obre-portes\\\/\"},\"wordCount\":1747,\"commentCount\":0,\"image\":{\"@id\":\"https:\\\/\\\/www.euncet.com\\\/blog\\\/ca\\\/graus-emprenedoria-carrera-obre-portes\\\/#primaryimage\"},\"thumbnailUrl\":\"https:\\\/\\\/www.euncet.com\\\/blog\\\/wp-content\\\/uploads\\\/2026\\\/02\\\/quieres-emprender-grado-emprendimiento-te-abre-puertas-1059-scaled.png\",\"articleSection\":[\"Emprenedoria\"],\"inLanguage\":\"ca\",\"potentialAction\":[{\"@type\":\"CommentAction\",\"name\":\"Comment\",\"target\":[\"https:\\\/\\\/www.euncet.com\\\/blog\\\/ca\\\/graus-emprenedoria-carrera-obre-portes\\\/#respond\"]}]},{\"@type\":\"WebPage\",\"@id\":\"https:\\\/\\\/www.euncet.com\\\/blog\\\/ca\\\/graus-emprenedoria-carrera-obre-portes\\\/\",\"url\":\"https:\\\/\\\/www.euncet.com\\\/blog\\\/ca\\\/graus-emprenedoria-carrera-obre-portes\\\/\",\"name\":\"Graus en emprenedoria \u25b6 La teva carrera COMEN\u00c7A aqu\u00ed\",\"isPartOf\":{\"@id\":\"https:\\\/\\\/www.euncet.com\\\/blog\\\/ca\\\/#website\"},\"primaryImageOfPage\":{\"@id\":\"https:\\\/\\\/www.euncet.com\\\/blog\\\/ca\\\/graus-emprenedoria-carrera-obre-portes\\\/#primaryimage\"},\"image\":{\"@id\":\"https:\\\/\\\/www.euncet.com\\\/blog\\\/ca\\\/graus-emprenedoria-carrera-obre-portes\\\/#primaryimage\"},\"thumbnailUrl\":\"https:\\\/\\\/www.euncet.com\\\/blog\\\/wp-content\\\/uploads\\\/2026\\\/02\\\/quieres-emprender-grado-emprendimiento-te-abre-puertas-1059-scaled.png\",\"datePublished\":\"2026-02-27T15:18:00+00:00\",\"dateModified\":\"2026-03-06T15:31:46+00:00\",\"author\":{\"@id\":\"https:\\\/\\\/www.euncet.com\\\/blog\\\/ca\\\/#\\\/schema\\\/person\\\/3dcd035d489bb6d81e1a23fad6c7e1e1\"},\"description\":\"Graus en emprenedoria \u25b6 La teva carrera COMEN\u00c7A aqu\u00ed. Formaci\u00f3 universit\u00e0ria per liderar la creaci\u00f3 d'empreses i la innovaci\u00f3\",\"breadcrumb\":{\"@id\":\"https:\\\/\\\/www.euncet.com\\\/blog\\\/ca\\\/graus-emprenedoria-carrera-obre-portes\\\/#breadcrumb\"},\"inLanguage\":\"ca\",\"potentialAction\":[{\"@type\":\"ReadAction\",\"target\":[\"https:\\\/\\\/www.euncet.com\\\/blog\\\/ca\\\/graus-emprenedoria-carrera-obre-portes\\\/\"]}]},{\"@type\":\"ImageObject\",\"inLanguage\":\"ca\",\"@id\":\"https:\\\/\\\/www.euncet.com\\\/blog\\\/ca\\\/graus-emprenedoria-carrera-obre-portes\\\/#primaryimage\",\"url\":\"https:\\\/\\\/www.euncet.com\\\/blog\\\/wp-content\\\/uploads\\\/2026\\\/02\\\/quieres-emprender-grado-emprendimiento-te-abre-puertas-1059-scaled.png\",\"contentUrl\":\"https:\\\/\\\/www.euncet.com\\\/blog\\\/wp-content\\\/uploads\\\/2026\\\/02\\\/quieres-emprender-grado-emprendimiento-te-abre-puertas-1059-scaled.png\",\"width\":2560,\"height\":1429},{\"@type\":\"BreadcrumbList\",\"@id\":\"https:\\\/\\\/www.euncet.com\\\/blog\\\/ca\\\/graus-emprenedoria-carrera-obre-portes\\\/#breadcrumb\",\"itemListElement\":[{\"@type\":\"ListItem\",\"position\":1,\"name\":\"Portada\",\"item\":\"https:\\\/\\\/www.euncet.com\\\/blog\\\/ca\\\/\"},{\"@type\":\"ListItem\",\"position\":2,\"name\":\"Vols emprendre? El Grau en Emprenedoria que t&#8217;obre portes\"}]},{\"@type\":\"WebSite\",\"@id\":\"https:\\\/\\\/www.euncet.com\\\/blog\\\/ca\\\/#website\",\"url\":\"https:\\\/\\\/www.euncet.com\\\/blog\\\/ca\\\/\",\"name\":\"Euncet Business School\",\"description\":\"Escuela de negocios\",\"potentialAction\":[{\"@type\":\"SearchAction\",\"target\":{\"@type\":\"EntryPoint\",\"urlTemplate\":\"https:\\\/\\\/www.euncet.com\\\/blog\\\/ca\\\/?s={search_term_string}\"},\"query-input\":{\"@type\":\"PropertyValueSpecification\",\"valueRequired\":true,\"valueName\":\"search_term_string\"}}],\"inLanguage\":\"ca\"},{\"@type\":\"Person\",\"@id\":\"https:\\\/\\\/www.euncet.com\\\/blog\\\/ca\\\/#\\\/schema\\\/person\\\/3dcd035d489bb6d81e1a23fad6c7e1e1\",\"name\":\"Toni Llop\",\"image\":{\"@type\":\"ImageObject\",\"inLanguage\":\"ca\",\"@id\":\"https:\\\/\\\/www.euncet.com\\\/blog\\\/wp-content\\\/uploads\\\/2025\\\/12\\\/imatge-EUNCET_Toni-Llop_300x300-96x96.png\",\"url\":\"https:\\\/\\\/www.euncet.com\\\/blog\\\/wp-content\\\/uploads\\\/2025\\\/12\\\/imatge-EUNCET_Toni-Llop_300x300-96x96.png\",\"contentUrl\":\"https:\\\/\\\/www.euncet.com\\\/blog\\\/wp-content\\\/uploads\\\/2025\\\/12\\\/imatge-EUNCET_Toni-Llop_300x300-96x96.png\",\"caption\":\"Toni Llop\"},\"sameAs\":[\"https:\\\/\\\/www.linkedin.com\\\/in\\\/toni-llop-padilla-15332772\\\/\"],\"url\":\"https:\\\/\\\/www.euncet.com\\\/blog\\\/ca\\\/author\\\/toni-llop\\\/\"}]}<\/script>\n<!-- \/ Yoast SEO plugin. -->","yoast_head_json":{"title":"Graus en emprenedoria \u25b6 La teva carrera COMEN\u00c7A aqu\u00ed","description":"Graus en emprenedoria \u25b6 La teva carrera COMEN\u00c7A aqu\u00ed. Formaci\u00f3 universit\u00e0ria per liderar la creaci\u00f3 d'empreses i la innovaci\u00f3","robots":{"index":"index","follow":"follow","max-snippet":"max-snippet:-1","max-image-preview":"max-image-preview:large","max-video-preview":"max-video-preview:-1"},"canonical":"https:\/\/www.euncet.com\/blog\/ca\/graus-emprenedoria-carrera-obre-portes\/","og_locale":"ca_ES","og_type":"article","og_title":"Graus en emprenedoria \u25b6 La teva carrera COMEN\u00c7A aqu\u00ed","og_description":"Graus en emprenedoria \u25b6 La teva carrera COMEN\u00c7A aqu\u00ed. Formaci\u00f3 universit\u00e0ria per liderar la creaci\u00f3 d'empreses i la innovaci\u00f3","og_url":"https:\/\/www.euncet.com\/blog\/ca\/graus-emprenedoria-carrera-obre-portes\/","og_site_name":"Euncet Business School","article_publisher":"https:\/\/www.facebook.com\/euncet","article_published_time":"2026-02-27T15:18:00+00:00","article_modified_time":"2026-03-06T15:31:46+00:00","og_image":[{"width":1030,"height":575,"url":"https:\/\/www.euncet.com\/blog\/wp-content\/uploads\/2026\/02\/quieres-emprender-grado-emprendimiento-te-abre-puertas-1059-1030x575.png","type":"image\/png"}],"author":"Toni Llop","twitter_card":"summary_large_image","twitter_creator":"@euncet","twitter_site":"@euncet","twitter_misc":{"Escrit per":"Toni Llop","Temps estimat de lectura":"8 minuts"},"schema":{"@context":"https:\/\/schema.org","@graph":[{"@type":"Article","@id":"https:\/\/www.euncet.com\/blog\/ca\/graus-emprenedoria-carrera-obre-portes\/#article","isPartOf":{"@id":"https:\/\/www.euncet.com\/blog\/ca\/graus-emprenedoria-carrera-obre-portes\/"},"author":{"name":"Toni Llop","@id":"https:\/\/www.euncet.com\/blog\/ca\/#\/schema\/person\/3dcd035d489bb6d81e1a23fad6c7e1e1"},"headline":"Vols emprendre? El Grau en Emprenedoria que t&#8217;obre portes","datePublished":"2026-02-27T15:18:00+00:00","dateModified":"2026-03-06T15:31:46+00:00","mainEntityOfPage":{"@id":"https:\/\/www.euncet.com\/blog\/ca\/graus-emprenedoria-carrera-obre-portes\/"},"wordCount":1747,"commentCount":0,"image":{"@id":"https:\/\/www.euncet.com\/blog\/ca\/graus-emprenedoria-carrera-obre-portes\/#primaryimage"},"thumbnailUrl":"https:\/\/www.euncet.com\/blog\/wp-content\/uploads\/2026\/02\/quieres-emprender-grado-emprendimiento-te-abre-puertas-1059-scaled.png","articleSection":["Emprenedoria"],"inLanguage":"ca","potentialAction":[{"@type":"CommentAction","name":"Comment","target":["https:\/\/www.euncet.com\/blog\/ca\/graus-emprenedoria-carrera-obre-portes\/#respond"]}]},{"@type":"WebPage","@id":"https:\/\/www.euncet.com\/blog\/ca\/graus-emprenedoria-carrera-obre-portes\/","url":"https:\/\/www.euncet.com\/blog\/ca\/graus-emprenedoria-carrera-obre-portes\/","name":"Graus en emprenedoria \u25b6 La teva carrera COMEN\u00c7A aqu\u00ed","isPartOf":{"@id":"https:\/\/www.euncet.com\/blog\/ca\/#website"},"primaryImageOfPage":{"@id":"https:\/\/www.euncet.com\/blog\/ca\/graus-emprenedoria-carrera-obre-portes\/#primaryimage"},"image":{"@id":"https:\/\/www.euncet.com\/blog\/ca\/graus-emprenedoria-carrera-obre-portes\/#primaryimage"},"thumbnailUrl":"https:\/\/www.euncet.com\/blog\/wp-content\/uploads\/2026\/02\/quieres-emprender-grado-emprendimiento-te-abre-puertas-1059-scaled.png","datePublished":"2026-02-27T15:18:00+00:00","dateModified":"2026-03-06T15:31:46+00:00","author":{"@id":"https:\/\/www.euncet.com\/blog\/ca\/#\/schema\/person\/3dcd035d489bb6d81e1a23fad6c7e1e1"},"description":"Graus en emprenedoria \u25b6 La teva carrera COMEN\u00c7A aqu\u00ed. Formaci\u00f3 universit\u00e0ria per liderar la creaci\u00f3 d'empreses i la innovaci\u00f3","breadcrumb":{"@id":"https:\/\/www.euncet.com\/blog\/ca\/graus-emprenedoria-carrera-obre-portes\/#breadcrumb"},"inLanguage":"ca","potentialAction":[{"@type":"ReadAction","target":["https:\/\/www.euncet.com\/blog\/ca\/graus-emprenedoria-carrera-obre-portes\/"]}]},{"@type":"ImageObject","inLanguage":"ca","@id":"https:\/\/www.euncet.com\/blog\/ca\/graus-emprenedoria-carrera-obre-portes\/#primaryimage","url":"https:\/\/www.euncet.com\/blog\/wp-content\/uploads\/2026\/02\/quieres-emprender-grado-emprendimiento-te-abre-puertas-1059-scaled.png","contentUrl":"https:\/\/www.euncet.com\/blog\/wp-content\/uploads\/2026\/02\/quieres-emprender-grado-emprendimiento-te-abre-puertas-1059-scaled.png","width":2560,"height":1429},{"@type":"BreadcrumbList","@id":"https:\/\/www.euncet.com\/blog\/ca\/graus-emprenedoria-carrera-obre-portes\/#breadcrumb","itemListElement":[{"@type":"ListItem","position":1,"name":"Portada","item":"https:\/\/www.euncet.com\/blog\/ca\/"},{"@type":"ListItem","position":2,"name":"Vols emprendre? El Grau en Emprenedoria que t&#8217;obre portes"}]},{"@type":"WebSite","@id":"https:\/\/www.euncet.com\/blog\/ca\/#website","url":"https:\/\/www.euncet.com\/blog\/ca\/","name":"Euncet Business School","description":"Escuela de negocios","potentialAction":[{"@type":"SearchAction","target":{"@type":"EntryPoint","urlTemplate":"https:\/\/www.euncet.com\/blog\/ca\/?s={search_term_string}"},"query-input":{"@type":"PropertyValueSpecification","valueRequired":true,"valueName":"search_term_string"}}],"inLanguage":"ca"},{"@type":"Person","@id":"https:\/\/www.euncet.com\/blog\/ca\/#\/schema\/person\/3dcd035d489bb6d81e1a23fad6c7e1e1","name":"Toni Llop","image":{"@type":"ImageObject","inLanguage":"ca","@id":"https:\/\/www.euncet.com\/blog\/wp-content\/uploads\/2025\/12\/imatge-EUNCET_Toni-Llop_300x300-96x96.png","url":"https:\/\/www.euncet.com\/blog\/wp-content\/uploads\/2025\/12\/imatge-EUNCET_Toni-Llop_300x300-96x96.png","contentUrl":"https:\/\/www.euncet.com\/blog\/wp-content\/uploads\/2025\/12\/imatge-EUNCET_Toni-Llop_300x300-96x96.png","caption":"Toni Llop"},"sameAs":["https:\/\/www.linkedin.com\/in\/toni-llop-padilla-15332772\/"],"url":"https:\/\/www.euncet.com\/blog\/ca\/author\/toni-llop\/"}]}},"_links":{"self":[{"href":"https:\/\/www.euncet.com\/blog\/ca\/wp-json\/wp\/v2\/posts\/67036","targetHints":{"allow":["GET"]}}],"collection":[{"href":"https:\/\/www.euncet.com\/blog\/ca\/wp-json\/wp\/v2\/posts"}],"about":[{"href":"https:\/\/www.euncet.com\/blog\/ca\/wp-json\/wp\/v2\/types\/post"}],"author":[{"embeddable":true,"href":"https:\/\/www.euncet.com\/blog\/ca\/wp-json\/wp\/v2\/users\/41"}],"replies":[{"embeddable":true,"href":"https:\/\/www.euncet.com\/blog\/ca\/wp-json\/wp\/v2\/comments?post=67036"}],"version-history":[{"count":2,"href":"https:\/\/www.euncet.com\/blog\/ca\/wp-json\/wp\/v2\/posts\/67036\/revisions"}],"predecessor-version":[{"id":67038,"href":"https:\/\/www.euncet.com\/blog\/ca\/wp-json\/wp\/v2\/posts\/67036\/revisions\/67038"}],"wp:featuredmedia":[{"embeddable":true,"href":"https:\/\/www.euncet.com\/blog\/ca\/wp-json\/wp\/v2\/media\/66982"}],"wp:attachment":[{"href":"https:\/\/www.euncet.com\/blog\/ca\/wp-json\/wp\/v2\/media?parent=67036"}],"wp:term":[{"taxonomy":"category","embeddable":true,"href":"https:\/\/www.euncet.com\/blog\/ca\/wp-json\/wp\/v2\/categories?post=67036"},{"taxonomy":"post_tag","embeddable":true,"href":"https:\/\/www.euncet.com\/blog\/ca\/wp-json\/wp\/v2\/tags?post=67036"}],"curies":[{"name":"wp","href":"https:\/\/api.w.org\/{rel}","templated":true}]}}