{"id":67256,"date":"2026-04-01T10:58:59","date_gmt":"2026-04-01T08:58:59","guid":{"rendered":"https:\/\/www.euncet.com\/blog\/?p=67256"},"modified":"2026-04-21T11:39:43","modified_gmt":"2026-04-21T09:39:43","slug":"grau-marqueting-digital-impulsa-carrera","status":"publish","type":"post","link":"https:\/\/www.euncet.com\/blog\/ca\/grau-marqueting-digital-impulsa-carrera\/","title":{"rendered":"Domina el m\u00e0rqueting digital: el Grau que impulsa carreres"},"content":{"rendered":"\n<p>Avui m\u00e9s que mai, la capacitat de connectar amb una audi\u00e8ncia global i digital \u00e9s clau per a la competitivitat de qualsevol empresa. La transformaci\u00f3 digital ha redefinit les regles del joc, i els consumidors, ara hiperconnectats, exigeixen interaccions personalitzades, immediates i valuoses. No obstant aix\u00f2, moltes organitzacions lluiten per adaptar-se a aquest nou paradigma, enfrontant-se a la manca de talent especialitzat que s\u00e0piga navegar amb facilitat en el complex ecosistema online.<\/p><div id=\"ez-toc-container\" class=\"ez-toc-v2_0_82_2 counter-hierarchy ez-toc-counter ez-toc-custom ez-toc-container-direction\">\n<div class=\"ez-toc-title-container\">\n<p class=\"ez-toc-title\" style=\"cursor:inherit\">\u00cdNDEX DE CONTINGUTS<\/p>\n<span class=\"ez-toc-title-toggle\"><a href=\"#\" class=\"ez-toc-pull-right ez-toc-btn ez-toc-btn-xs ez-toc-btn-default ez-toc-toggle\" aria-label=\"Toggle Table of Content\"><span class=\"ez-toc-js-icon-con\"><span class=\"\"><span class=\"eztoc-hide\" style=\"display:none;\">Toggle<\/span><span class=\"ez-toc-icon-toggle-span\"><svg style=\"fill: #222222;color:#222222\" xmlns=\"http:\/\/www.w3.org\/2000\/svg\" class=\"list-377408\" width=\"20px\" height=\"20px\" viewBox=\"0 0 24 24\" fill=\"none\"><path d=\"M6 6H4v2h2V6zm14 0H8v2h12V6zM4 11h2v2H4v-2zm16 0H8v2h12v-2zM4 16h2v2H4v-2zm16 0H8v2h12v-2z\" fill=\"currentColor\"><\/path><\/svg><svg style=\"fill: #222222;color:#222222\" class=\"arrow-unsorted-368013\" xmlns=\"http:\/\/www.w3.org\/2000\/svg\" width=\"10px\" height=\"10px\" viewBox=\"0 0 24 24\" version=\"1.2\" baseProfile=\"tiny\"><path d=\"M18.2 9.3l-6.2-6.3-6.2 6.3c-.2.2-.3.4-.3.7s.1.5.3.7c.2.2.4.3.7.3h11c.3 0 .5-.1.7-.3.2-.2.3-.5.3-.7s-.1-.5-.3-.7zM5.8 14.7l6.2 6.3 6.2-6.3c.2-.2.3-.5.3-.7s-.1-.5-.3-.7c-.2-.2-.4-.3-.7-.3h-11c-.3 0-.5.1-.7.3-.2.2-.3.5-.3.7s.1.5.3.7z\"\/><\/svg><\/span><\/span><\/span><\/a><\/span><\/div>\n<nav><ul class='ez-toc-list ez-toc-list-level-1 ' ><li class='ez-toc-page-1 ez-toc-heading-level-2'><a class=\"ez-toc-link ez-toc-heading-1\" href=\"https:\/\/www.euncet.com\/blog\/ca\/grau-marqueting-digital-impulsa-carrera\/#Per_que_un_grau_en_marqueting_digital_es_la_inversio_mes_intelligent_per_al_teu_futur\" >Per qu\u00e8 un grau en m\u00e0rqueting digital \u00e9s la inversi\u00f3 m\u00e9s intel\u00b7ligent per al teu futur?<\/a><\/li><li class='ez-toc-page-1 ez-toc-heading-level-2'><a class=\"ez-toc-link ez-toc-heading-2\" href=\"https:\/\/www.euncet.com\/blog\/ca\/grau-marqueting-digital-impulsa-carrera\/#Les_5_competencies_clau_que_et_convertiran_en_un_professional_demandat\" >Les 5 compet\u00e8ncies clau que et convertiran en un professional demandat<\/a><\/li><li class='ez-toc-page-1 ez-toc-heading-level-2'><a class=\"ez-toc-link ez-toc-heading-3\" href=\"https:\/\/www.euncet.com\/blog\/ca\/grau-marqueting-digital-impulsa-carrera\/#Els_rols_mes_demandats_en_marqueting_digital\" >Els rols m\u00e9s demandats en m\u00e0rqueting digital<\/a><\/li><li class='ez-toc-page-1 ez-toc-heading-level-2'><a class=\"ez-toc-link ez-toc-heading-4\" href=\"https:\/\/www.euncet.com\/blog\/ca\/grau-marqueting-digital-impulsa-carrera\/#Grau_en_marqueting_digital_vs_Grau_en_empresa_tradicional\" >Grau en m\u00e0rqueting digital vs. Grau en empresa tradicional<\/a><\/li><li class='ez-toc-page-1 ez-toc-heading-level-2'><a class=\"ez-toc-link ez-toc-heading-5\" href=\"https:\/\/www.euncet.com\/blog\/ca\/grau-marqueting-digital-impulsa-carrera\/#El_Grau_en_Marqueting_Innovacio_i_Tecnologia_dEuncet_el_teu_passaport_al_futur\" >El Grau en M\u00e0rqueting, Innovaci\u00f3 i Tecnologia d&#8217;Euncet: el teu passaport al futur<\/a><\/li><li class='ez-toc-page-1 ez-toc-heading-level-2'><a class=\"ez-toc-link ez-toc-heading-6\" href=\"https:\/\/www.euncet.com\/blog\/ca\/grau-marqueting-digital-impulsa-carrera\/#Descobreix-ho_en_els_nostres_Open_Days\" >Descobreix-ho en els nostres Open Days<\/a><\/li><\/ul><\/nav><\/div>\n\n\n\n\n<p>Aqu\u00ed \u00e9s on un&nbsp;<strong><em>grau en m\u00e0rqueting digital<\/em><\/strong>&nbsp;actua com a motor real de transformaci\u00f3. No es tracta nom\u00e9s d&#8217;aprendre a gestionar xarxes socials o llan\u00e7ar campanyes d&#8217;email; es tracta de formar una nova generaci\u00f3 de professionals amb una mentalitat estrat\u00e8gica, anal\u00edtica i creativa, capa\u00e7os de dissenyar experi\u00e8ncies de client memorables, optimitzar la inversi\u00f3 i, en definitiva, impulsar el creixement del negoci en l&#8217;era digital.<\/p>\n\n\n\n<p>Aquesta disciplina \u00e9s, en ess\u00e8ncia, un pont entre la tecnologia i la psicologia del consumidor, un camp din\u00e0mic que evoluciona a una velocitat vertiginosa i que demana perfils que no nom\u00e9s dominin les eines, sin\u00f3 que entenguin el perqu\u00e8 de les estrat\u00e8gies.<\/p>\n\n\n\n<h2 class=\"wp-block-heading\"><span class=\"ez-toc-section\" id=\"Per_que_un_grau_en_marqueting_digital_es_la_inversio_mes_intelligent_per_al_teu_futur\"><\/span>Per qu\u00e8 un grau en m\u00e0rqueting digital \u00e9s la inversi\u00f3 m\u00e9s intel\u00b7ligent per al teu futur?<span class=\"ez-toc-section-end\"><\/span><\/h2>\n\n\n\n<p>En un mercat laboral tan competitiu, l&#8217;especialitzaci\u00f3 \u00e9s un factor diferenciador. Mentre que una formaci\u00f3 generalista et dona una base, un grau enfocat en m\u00e0rqueting digital et proporciona les eines, el llenguatge i la visi\u00f3 que les empreses busquen activament. \u00c9s la difer\u00e8ncia entre saber qu\u00e8 \u00e9s un &#8216;lead&#8217; i saber com construir un embut de conversi\u00f3 que els generi de forma predictible.<\/p>\n\n\n\n<p>Aquesta formaci\u00f3 universit\u00e0ria et permet entendre l&#8217;ecosistema digital d&#8217;una forma hol\u00edstica.\u00a0<a href=\"https:\/\/www.euncet.com\/blog\/ca\/blog-2\/?p=41612&#038;p=67011\" target=\"_blank\" rel=\"noreferrer noopener\">Des del SEO i el SEM<\/a>\u00a0fins a l&#8217;anal\u00edtica de dades, el m\u00e0rqueting de continguts o l&#8217;automatitzaci\u00f3, un grau t&#8217;ofereix una visi\u00f3 de 360 graus que et prepara per liderar estrat\u00e8gies integrals i no nom\u00e9s executar tasques a\u00efllades. A m\u00e9s, t&#8217;aporta una titulaci\u00f3 oficial que valida els teus coneixements i t&#8217;obre les portes a oportunitats laborals de major responsabilitat i remuneraci\u00f3 des del primer dia.<\/p>\n\n\n\n<p>Aix\u00ed mateix, la universitat es converteix en el teu primer gran ecosistema de networking. Connectar\u00e0s amb futurs col\u00b7legues, professors que s\u00f3n professionals en actiu i empreses col\u00b7laboradores, construint una xarxa de contactes que ser\u00e0 un actiu molt valu\u00f3s al llarg de tota la teva carrera. \u00c9s el lloc on comences a construir la teva marca personal abans fins i tot de graduar-te.<\/p>\n\n\n\n<h2 class=\"wp-block-heading\"><span class=\"ez-toc-section\" id=\"Les_5_competencies_clau_que_et_convertiran_en_un_professional_demandat\"><\/span>Les 5 compet\u00e8ncies clau que et convertiran en un professional demandat<span class=\"ez-toc-section-end\"><\/span><\/h2>\n\n\n\n<p>Un grau en m\u00e0rqueting digital de qualitat no nom\u00e9s t&#8217;ensenya teoria, sin\u00f3 que et forma en les compet\u00e8ncies pr\u00e0ctiques que el mercat exigeix. Aquestes s\u00f3n les cinc \u00e0rees que dominar\u00e0s:<\/p>\n\n\n\n<ul class=\"wp-block-list\">\n<li><strong>Visi\u00f3 Estrat\u00e8gica i Anal\u00edtica:<\/strong>\u00a0Aprendr\u00e0s a interpretar dades per prendre decisions informades. No es tracta d&#8217;intu\u00efci\u00f3, sin\u00f3 d&#8217;entendre m\u00e8triques com el CAC (Cost d&#8217;Adquisici\u00f3 de Clients) o el LTV (Lifetime Value) per optimitzar pressupostos i maximitzar el retorn de la inversi\u00f3 (ROI).<\/li>\n\n\n\n<li><strong>Domini de Canals i Eines:<\/strong>\u00a0Des de Google Ads i Facebook Ads fins a eines de SEO com\u00a0<a href=\"https:\/\/ahrefs.com\/es\" target=\"_blank\" rel=\"noreferrer noopener\">Ahrefs<\/a>\u00a0o\u00a0<a href=\"https:\/\/es.semrush.com\/\" target=\"_blank\" rel=\"noreferrer noopener\">SEMrush<\/a>, i plataformes d&#8217;automatitzaci\u00f3 com HubSpot o Marketo. Coneixer\u00e0s l&#8217;arsenal tecnol\u00f2gic que utilitzen els professionals d&#8217;elit.<\/li>\n\n\n\n<li><strong>Creaci\u00f3 i Gesti\u00f3 de Continguts (Content Marketing):<\/strong>\u00a0Entendr\u00e0s com crear contingut de valor que atregui, eduqui i converteixi la teva audi\u00e8ncia. Aprendr\u00e0s a planificar calendaris editorials, a escriure per a SEO i a distribuir el contingut en els canals adequats.<\/li>\n\n\n\n<li><strong>Experi\u00e8ncia de Client (CX) i UX:<\/strong>\u00a0El m\u00e0rqueting modern se centra en el client. Sabr\u00e0s com dissenyar customer journeys fluids, optimitzar la usabilitat d&#8217;una web (UX) i crear experi\u00e8ncies que fomenten la fidelitzaci\u00f3 dels clients m\u00e9s enll\u00e0 de la primera compra.<\/li>\n\n\n\n<li><strong>Soft Skills i Lideratge:<\/strong>\u00a0La capacitat de treballar en equip, comunicar idees de forma persuasiva i gestionar projectes amb metodologies \u00e0gils (com Scrum o Kanban) \u00e9s fonamental. Un bon grau fomenta aquestes habilitats toves a trav\u00e9s de projectes pr\u00e0ctics i treballs en grup.<\/li>\n<\/ul>\n\n\n\n<h2 class=\"wp-block-heading\"><span class=\"ez-toc-section\" id=\"Els_rols_mes_demandats_en_marqueting_digital\"><\/span>Els rols m\u00e9s demandats en m\u00e0rqueting digital<span class=\"ez-toc-section-end\"><\/span><\/h2>\n\n\n\n<p>L&#8217;especialitzaci\u00f3 que ofereix un grau en m\u00e0rqueting digital et posiciona com un candidat ideal per als rols m\u00e9s buscats per les empreses. Aquests perfils no nom\u00e9s estan ben remunerats, sin\u00f3 que tamb\u00e9 ofereixen un gran potencial de creixement i desenvolupament professional. Aqu\u00ed et presentem alguns dels m\u00e9s destacats:<\/p>\n\n\n\n<ul class=\"wp-block-list\">\n<li><strong>Digital Marketing Manager:<\/strong>\u00a0\u00c9s el director d&#8217;orquestra. Defineix l&#8217;estrat\u00e8gia digital global de l&#8217;empresa, coordina els diferents canals (SEO, SEM, xarxes socials, email) i s&#8217;assegura que totes les accions estiguin alineades amb els objectius de negoci.<\/li>\n\n\n\n<li><strong>SEO Specialist:<\/strong>\u00a0La seva missi\u00f3 \u00e9s posicionar la web de l&#8217;empresa en els primers resultats de Google de forma org\u00e0nica. Investiga paraules clau, optimitza l&#8217;estructura t\u00e8cnica del lloc i crea estrat\u00e8gies de contingut i link building.<\/li>\n\n\n\n<li><strong>SEM\/PPC Specialist:<\/strong>\u00a0Gestiona les campanyes de publicitat de pagament en cercadors (com Google Ads) i altres plataformes. El seu objectiu \u00e9s maximitzar la visibilitat i la conversi\u00f3 amb el menor cost per clic possible.<\/li>\n\n\n\n<li><strong>Content Strategist:<\/strong>\u00a0Dissenya i executa l&#8217;estrat\u00e8gia de m\u00e0rqueting de continguts. Defineix quins temes tractar, en quins formats (blog, v\u00eddeo, podcast) i com distribuir-los per atreure i fidelitzar l&#8217;audi\u00e8ncia objectiu.<\/li>\n\n\n\n<li><strong>Social Media Strategist:<\/strong>\u00a0Va m\u00e9s enll\u00e0 de publicar en xarxes socials. Crea un pla de comunicaci\u00f3 per a cada plataforma, gestiona la comunitat, monitoritza la reputaci\u00f3 online i mesura l&#8217;impacte de les accions en els objectius de la marca.<\/li>\n\n\n\n<li><strong>Data Analyst (Marketing):<\/strong>\u00a0\u00c9s el perfil encarregat de traduir les dades en insights accionables. Analitza el comportament dels usuaris, el rendiment de les campanyes i el customer journey per identificar oportunitats de millora i optimitzar la presa de decisions.<\/li>\n\n\n\n<li><strong>E-commerce Manager:<\/strong>\u00a0\u00c9s el m\u00e0xim responsable de l&#8217;estrat\u00e8gia de venda online d&#8217;una empresa. Gestiona la\u00a0<a href=\"https:\/\/www.euncet.com\/blog\/ca\/blog-2\/?p=41612&#038;p=66770\" target=\"_blank\" rel=\"noreferrer noopener\">plataforma d&#8217;e-commerce<\/a>, defineix el cat\u00e0leg de productes, optimitza la log\u00edstica i l&#8217;atenci\u00f3 al client, i dissenya campanyes espec\u00edfiques per augmentar les vendes del canal online.<\/li>\n<\/ul>\n\n\n\n<h2 class=\"wp-block-heading\"><span class=\"ez-toc-section\" id=\"Grau_en_marqueting_digital_vs_Grau_en_empresa_tradicional\"><\/span>Grau en m\u00e0rqueting digital vs. Grau en empresa tradicional<span class=\"ez-toc-section-end\"><\/span><\/h2>\n\n\n\n<p>Encara que ambd\u00f3s graus comparteixen una base comuna de gesti\u00f3 empresarial, el seu enfocament i especialitzaci\u00f3 s\u00f3n molt diferents. Escollir un o altre dependr\u00e0 dels teus interessos i objectius professionals. A continuaci\u00f3, et presentem una taula comparativa perqu\u00e8 vegis les difer\u00e8ncies clau:<\/p>\n\n\n\n<figure class=\"wp-block-table\"><table class=\"has-fixed-layout\"><thead><tr><th>Criteri<\/th><th>Grau en M\u00e0rqueting, Innovaci\u00f3 i Tecnologia<\/th><th>Grau en Administraci\u00f3 i Direcci\u00f3 d&#8217;Empreses (ADE)<\/th><\/tr><\/thead><tbody><tr><td><strong>Focus Principal<\/strong><\/td><td>Estrat\u00e8gies de creixement, client, canals digitals i tecnologia.<\/td><td>Gesti\u00f3 interna de l&#8217;empresa, finances, comptabilitat i operacions.<\/td><\/tr><tr><td><strong>Compet\u00e8ncies Clau<\/strong><\/td><td>SEO\/SEM, anal\u00edtica de dades, CX, content marketing, social media.<\/td><td>An\u00e0lisi financera, gesti\u00f3 de recursos humans, log\u00edstica, dret mercantil.<\/td><\/tr><tr><td><strong>Perfil Professional<\/strong><\/td><td>Orientat al mercat, la comunicaci\u00f3 i la tecnologia. Creatiu i anal\u00edtic.<\/td><td>Orientat a l&#8217;optimitzaci\u00f3 de recursos i processos interns. Estructurat i met\u00f2dic.<\/td><\/tr><tr><td><strong>Sortides Professionals T\u00edpiques<\/strong><\/td><td>Digital Manager, Brand Manager, Social Media Strategist, Data analyst.<\/td><td>Controller financer, Director de RRHH, Auditor, Consultor d&#8217;operacions.<\/td><\/tr><\/tbody><\/table><\/figure>\n\n\n\n<h2 class=\"wp-block-heading\"><span class=\"ez-toc-section\" id=\"El_Grau_en_Marqueting_Innovacio_i_Tecnologia_dEuncet_el_teu_passaport_al_futur\"><\/span>El Grau en M\u00e0rqueting, Innovaci\u00f3 i Tecnologia d&#8217;Euncet: el teu passaport al futur<span class=\"ez-toc-section-end\"><\/span><\/h2>\n\n\n\n<p>Si busques una formaci\u00f3 que et prepari de veritat per als reptes del mercat actual, el\u00a0<a href=\"https:\/\/www.euncet.com\/ca\/graus\/grau-marqueting-innovacio-i-tecnologia\/\" target=\"_blank\" rel=\"noreferrer noopener\">Grau en M\u00e0rqueting, Innovaci\u00f3 i Tecnologia<\/a>\u00a0d&#8217;Euncet Business School constitueix la teva millor opci\u00f3. Aquest programa, amb titulaci\u00f3 oficial de la prestigiosa\u00a0<strong>Universitat Polit\u00e8cnica de Catalunya (UPC)<\/strong>, est\u00e0 dissenyat per formar els l\u00edders del m\u00e0rqueting del futur.<\/p>\n\n\n\n<p>Qu\u00e8 el fa \u00fanic? El seu enfocament&nbsp;<strong>&#8216;learning by doing&#8217;<\/strong>. Des del primer dia, treballar\u00e0s en casos pr\u00e0ctics reals, resoldr\u00e0s reptes d&#8217;empreses col\u00b7laboradores i desenvolupar\u00e0s projectes que podr\u00e0s afegir al teu portfolio professional. A m\u00e9s, podr\u00e0s triar entre dos campus d&#8217;avantguarda,&nbsp;<strong>Terrassa i Barcelona 22@<\/strong>, el cor del districte de la innovaci\u00f3.<\/p>\n\n\n\n<p>El pla d&#8217;estudis s&#8217;actualitza constantment per incloure les \u00faltimes tend\u00e8ncies i eines del sector. A m\u00e9s, el programa fomenta una visi\u00f3 global gr\u00e0cies als\u00a0programes de mobilitat internacional\u00a0i a un claustre de professors format per professionals en actiu que porten la seva experi\u00e8ncia del dia a dia a l&#8217;aula. Com a estudiant, tamb\u00e9 tens l&#8217;opci\u00f3 de cursar el\u00a0<a href=\"https:\/\/www.euncet.com\/ca\/graus\/doble-grau-empresa-marqueting-innovacio-i-tecnologia\/\" target=\"_blank\" rel=\"noreferrer noopener\">Doble Grau en M\u00e0rqueting i Empresa<\/a>, una opci\u00f3 que et proporciona un perfil encara m\u00e9s complet i polivalent, combinant l&#8217;especialitzaci\u00f3 digital amb una s\u00f2lida base en direcci\u00f3 d&#8217;empreses.<\/p>\n\n\n\n<h2 class=\"wp-block-heading\"><span class=\"ez-toc-section\" id=\"Descobreix-ho_en_els_nostres_Open_Days\"><\/span>Descobreix-ho en els nostres Open Days<span class=\"ez-toc-section-end\"><\/span><\/h2>\n\n\n\n<p>La millor forma de con\u00e8ixer tot el que Euncet pot oferir-te \u00e9s viure l&#8217;experi\u00e8ncia en primera persona. Et convidem als nostres propers&nbsp;<strong>Open Days<\/strong>, on podr\u00e0s interactuar amb professors i alumnes, resoldre tots els teus dubtes i descobrir les instal\u00b7lacions. \u00c9s una oportunitat \u00fanica per visualitzar el teu futur professional.<\/p>\n\n\n\n<ul class=\"wp-block-list\">\n<li><a href=\"https:\/\/www.euncet.com\/ca\/jornada-open-day-can-drago\/\" target=\"_blank\" rel=\"noreferrer noopener\">Open Day \u2013 Campus Barcelona Can Drag\u00f3<\/a><\/li>\n\n\n\n<li><a href=\"https:\/\/www.euncet.com\/ca\/open-day-campus-barcelona-22\/\" target=\"_blank\" rel=\"noreferrer noopener\">Open Day \u2013 Campus Barcelona 22@<\/a><\/li>\n<\/ul>\n\n\n\n<p>No deixis passar l&#8217;oportunitat de fer el primer pas cap a una carrera plena d&#8217;oportunitats. El m\u00e0rqueting digital no \u00e9s nom\u00e9s una professi\u00f3 de futur, \u00e9s la professi\u00f3 del present. I amb la formaci\u00f3 adequada, tu pots ser un dels seus protagonistes. La decisi\u00f3 que prenguis avui definir\u00e0 el professional que ser\u00e0s dem\u00e0.<\/p>\n\n\n\n<p><\/p>\n","protected":false},"excerpt":{"rendered":"<p>Avui m\u00e9s que mai, la capacitat de connectar amb una audi\u00e8ncia global i digital \u00e9s clau per a la competitivitat de qualsevol empresa. La transformaci\u00f3 digital ha redefinit les regles del joc, i els consumidors, ara hiperconnectats, exigeixen interaccions personalitzades, immediates i valuoses. No obstant aix\u00f2, moltes organitzacions lluiten per adaptar-se a aquest nou paradigma, [&hellip;]<\/p>\n","protected":false},"author":40,"featured_media":67174,"comment_status":"open","ping_status":"open","sticky":false,"template":"","format":"standard","meta":{"_acf_changed":false,"footnotes":""},"categories":[454],"tags":[665],"class_list":["post-67256","post","type-post","status-publish","format-standard","has-post-thumbnail","hentry","category-marqueting-comunicacio-i-vendes","tag-grau-en-marqueting-digital"],"acf":[],"yoast_head":"<!-- This site is optimized with the Yoast SEO plugin v27.4 - https:\/\/yoast.com\/product\/yoast-seo-wordpress\/ -->\n<title>Grau en m\u00e0rqueting digital \u25b6 impulsa la teva carrera AVUI<\/title>\n<meta name=\"description\" content=\"Grau en m\u00e0rqueting digital \u25b6 impulsa la teva carrera AVUI. Descobreix les compet\u00e8ncies clau i les sortides professionals m\u00e9s demandades\" \/>\n<meta name=\"robots\" content=\"index, follow, max-snippet:-1, max-image-preview:large, max-video-preview:-1\" \/>\n<link rel=\"canonical\" href=\"https:\/\/www.euncet.com\/blog\/ca\/grau-marqueting-digital-impulsa-carrera\/\" \/>\n<meta property=\"og:locale\" content=\"ca_ES\" \/>\n<meta property=\"og:type\" content=\"article\" \/>\n<meta property=\"og:title\" content=\"Grau en m\u00e0rqueting digital \u25b6 impulsa la teva carrera AVUI\" \/>\n<meta property=\"og:description\" content=\"Grau en m\u00e0rqueting digital \u25b6 impulsa la teva carrera AVUI. Descobreix les compet\u00e8ncies clau i les sortides professionals m\u00e9s demandades\" \/>\n<meta property=\"og:url\" content=\"https:\/\/www.euncet.com\/blog\/ca\/grau-marqueting-digital-impulsa-carrera\/\" \/>\n<meta property=\"og:site_name\" content=\"Euncet Business School\" \/>\n<meta property=\"article:publisher\" content=\"https:\/\/www.facebook.com\/euncet\" \/>\n<meta property=\"article:published_time\" content=\"2026-04-01T08:58:59+00:00\" \/>\n<meta property=\"article:modified_time\" content=\"2026-04-21T09:39:43+00:00\" \/>\n<meta property=\"og:image\" content=\"https:\/\/www.euncet.com\/blog\/wp-content\/uploads\/2026\/04\/domina-marketing-digital-grado-impulsa-carreras-1059-1030x575.png\" \/>\n\t<meta property=\"og:image:width\" content=\"1030\" \/>\n\t<meta property=\"og:image:height\" content=\"575\" \/>\n\t<meta property=\"og:image:type\" content=\"image\/png\" \/>\n<meta name=\"author\" content=\"Rosa Llamas Alonso\" \/>\n<meta name=\"twitter:card\" content=\"summary_large_image\" \/>\n<meta name=\"twitter:creator\" content=\"@euncet\" \/>\n<meta name=\"twitter:site\" content=\"@euncet\" \/>\n<meta name=\"twitter:label1\" content=\"Escrit per\" \/>\n\t<meta name=\"twitter:data1\" content=\"Rosa Llamas Alonso\" \/>\n\t<meta name=\"twitter:label2\" content=\"Temps estimat de lectura\" \/>\n\t<meta name=\"twitter:data2\" content=\"7 minuts\" \/>\n<script type=\"application\/ld+json\" class=\"yoast-schema-graph\">{\"@context\":\"https:\\\/\\\/schema.org\",\"@graph\":[{\"@type\":\"Article\",\"@id\":\"https:\\\/\\\/www.euncet.com\\\/blog\\\/ca\\\/grau-marqueting-digital-impulsa-carrera\\\/#article\",\"isPartOf\":{\"@id\":\"https:\\\/\\\/www.euncet.com\\\/blog\\\/ca\\\/grau-marqueting-digital-impulsa-carrera\\\/\"},\"author\":{\"name\":\"Rosa Llamas Alonso\",\"@id\":\"https:\\\/\\\/www.euncet.com\\\/blog\\\/ca\\\/#\\\/schema\\\/person\\\/a373792bcb7eb0b638710ef4a240b43d\"},\"headline\":\"Domina el m\u00e0rqueting digital: el Grau que impulsa carreres\",\"datePublished\":\"2026-04-01T08:58:59+00:00\",\"dateModified\":\"2026-04-21T09:39:43+00:00\",\"mainEntityOfPage\":{\"@id\":\"https:\\\/\\\/www.euncet.com\\\/blog\\\/ca\\\/grau-marqueting-digital-impulsa-carrera\\\/\"},\"wordCount\":1597,\"commentCount\":0,\"image\":{\"@id\":\"https:\\\/\\\/www.euncet.com\\\/blog\\\/ca\\\/grau-marqueting-digital-impulsa-carrera\\\/#primaryimage\"},\"thumbnailUrl\":\"https:\\\/\\\/www.euncet.com\\\/blog\\\/wp-content\\\/uploads\\\/2026\\\/04\\\/domina-marketing-digital-grado-impulsa-carreras-1059-scaled.png\",\"keywords\":[\"grau en m\u00e0rqueting digital\"],\"articleSection\":[\"M\u00e0rqueting, Comunicaci\u00f3 i Vendes\"],\"inLanguage\":\"ca\",\"potentialAction\":[{\"@type\":\"CommentAction\",\"name\":\"Comment\",\"target\":[\"https:\\\/\\\/www.euncet.com\\\/blog\\\/ca\\\/grau-marqueting-digital-impulsa-carrera\\\/#respond\"]}]},{\"@type\":\"WebPage\",\"@id\":\"https:\\\/\\\/www.euncet.com\\\/blog\\\/ca\\\/grau-marqueting-digital-impulsa-carrera\\\/\",\"url\":\"https:\\\/\\\/www.euncet.com\\\/blog\\\/ca\\\/grau-marqueting-digital-impulsa-carrera\\\/\",\"name\":\"Grau en m\u00e0rqueting digital \u25b6 impulsa la teva carrera AVUI\",\"isPartOf\":{\"@id\":\"https:\\\/\\\/www.euncet.com\\\/blog\\\/ca\\\/#website\"},\"primaryImageOfPage\":{\"@id\":\"https:\\\/\\\/www.euncet.com\\\/blog\\\/ca\\\/grau-marqueting-digital-impulsa-carrera\\\/#primaryimage\"},\"image\":{\"@id\":\"https:\\\/\\\/www.euncet.com\\\/blog\\\/ca\\\/grau-marqueting-digital-impulsa-carrera\\\/#primaryimage\"},\"thumbnailUrl\":\"https:\\\/\\\/www.euncet.com\\\/blog\\\/wp-content\\\/uploads\\\/2026\\\/04\\\/domina-marketing-digital-grado-impulsa-carreras-1059-scaled.png\",\"datePublished\":\"2026-04-01T08:58:59+00:00\",\"dateModified\":\"2026-04-21T09:39:43+00:00\",\"author\":{\"@id\":\"https:\\\/\\\/www.euncet.com\\\/blog\\\/ca\\\/#\\\/schema\\\/person\\\/a373792bcb7eb0b638710ef4a240b43d\"},\"description\":\"Grau en m\u00e0rqueting digital \u25b6 impulsa la teva carrera AVUI. Descobreix les compet\u00e8ncies clau i les sortides professionals m\u00e9s demandades\",\"breadcrumb\":{\"@id\":\"https:\\\/\\\/www.euncet.com\\\/blog\\\/ca\\\/grau-marqueting-digital-impulsa-carrera\\\/#breadcrumb\"},\"inLanguage\":\"ca\",\"potentialAction\":[{\"@type\":\"ReadAction\",\"target\":[\"https:\\\/\\\/www.euncet.com\\\/blog\\\/ca\\\/grau-marqueting-digital-impulsa-carrera\\\/\"]}]},{\"@type\":\"ImageObject\",\"inLanguage\":\"ca\",\"@id\":\"https:\\\/\\\/www.euncet.com\\\/blog\\\/ca\\\/grau-marqueting-digital-impulsa-carrera\\\/#primaryimage\",\"url\":\"https:\\\/\\\/www.euncet.com\\\/blog\\\/wp-content\\\/uploads\\\/2026\\\/04\\\/domina-marketing-digital-grado-impulsa-carreras-1059-scaled.png\",\"contentUrl\":\"https:\\\/\\\/www.euncet.com\\\/blog\\\/wp-content\\\/uploads\\\/2026\\\/04\\\/domina-marketing-digital-grado-impulsa-carreras-1059-scaled.png\",\"width\":2560,\"height\":1429,\"caption\":\"grau en m\u00e0rqueting digital\"},{\"@type\":\"BreadcrumbList\",\"@id\":\"https:\\\/\\\/www.euncet.com\\\/blog\\\/ca\\\/grau-marqueting-digital-impulsa-carrera\\\/#breadcrumb\",\"itemListElement\":[{\"@type\":\"ListItem\",\"position\":1,\"name\":\"Portada\",\"item\":\"https:\\\/\\\/www.euncet.com\\\/blog\\\/ca\\\/\"},{\"@type\":\"ListItem\",\"position\":2,\"name\":\"Domina el m\u00e0rqueting digital: el Grau que impulsa carreres\"}]},{\"@type\":\"WebSite\",\"@id\":\"https:\\\/\\\/www.euncet.com\\\/blog\\\/ca\\\/#website\",\"url\":\"https:\\\/\\\/www.euncet.com\\\/blog\\\/ca\\\/\",\"name\":\"Euncet Business School\",\"description\":\"Escuela de negocios\",\"potentialAction\":[{\"@type\":\"SearchAction\",\"target\":{\"@type\":\"EntryPoint\",\"urlTemplate\":\"https:\\\/\\\/www.euncet.com\\\/blog\\\/ca\\\/?s={search_term_string}\"},\"query-input\":{\"@type\":\"PropertyValueSpecification\",\"valueRequired\":true,\"valueName\":\"search_term_string\"}}],\"inLanguage\":\"ca\"},{\"@type\":\"Person\",\"@id\":\"https:\\\/\\\/www.euncet.com\\\/blog\\\/ca\\\/#\\\/schema\\\/person\\\/a373792bcb7eb0b638710ef4a240b43d\",\"name\":\"Rosa Llamas Alonso\",\"image\":{\"@type\":\"ImageObject\",\"inLanguage\":\"ca\",\"@id\":\"https:\\\/\\\/www.euncet.com\\\/blog\\\/wp-content\\\/uploads\\\/2025\\\/12\\\/Foto-currriculum-definitiva-2025_Rosa-Llamas-Alonso_300x300-96x96.png\",\"url\":\"https:\\\/\\\/www.euncet.com\\\/blog\\\/wp-content\\\/uploads\\\/2025\\\/12\\\/Foto-currriculum-definitiva-2025_Rosa-Llamas-Alonso_300x300-96x96.png\",\"contentUrl\":\"https:\\\/\\\/www.euncet.com\\\/blog\\\/wp-content\\\/uploads\\\/2025\\\/12\\\/Foto-currriculum-definitiva-2025_Rosa-Llamas-Alonso_300x300-96x96.png\",\"caption\":\"Rosa Llamas Alonso\"},\"sameAs\":[\"https:\\\/\\\/www.linkedin.com\\\/in\\\/rosa-llamas\\\/\"],\"url\":\"https:\\\/\\\/www.euncet.com\\\/blog\\\/ca\\\/author\\\/rosa-llamas-alonso\\\/\"}]}<\/script>\n<!-- \/ Yoast SEO plugin. -->","yoast_head_json":{"title":"Grau en m\u00e0rqueting digital \u25b6 impulsa la teva carrera AVUI","description":"Grau en m\u00e0rqueting digital \u25b6 impulsa la teva carrera AVUI. Descobreix les compet\u00e8ncies clau i les sortides professionals m\u00e9s demandades","robots":{"index":"index","follow":"follow","max-snippet":"max-snippet:-1","max-image-preview":"max-image-preview:large","max-video-preview":"max-video-preview:-1"},"canonical":"https:\/\/www.euncet.com\/blog\/ca\/grau-marqueting-digital-impulsa-carrera\/","og_locale":"ca_ES","og_type":"article","og_title":"Grau en m\u00e0rqueting digital \u25b6 impulsa la teva carrera AVUI","og_description":"Grau en m\u00e0rqueting digital \u25b6 impulsa la teva carrera AVUI. Descobreix les compet\u00e8ncies clau i les sortides professionals m\u00e9s demandades","og_url":"https:\/\/www.euncet.com\/blog\/ca\/grau-marqueting-digital-impulsa-carrera\/","og_site_name":"Euncet Business School","article_publisher":"https:\/\/www.facebook.com\/euncet","article_published_time":"2026-04-01T08:58:59+00:00","article_modified_time":"2026-04-21T09:39:43+00:00","og_image":[{"width":1030,"height":575,"url":"https:\/\/www.euncet.com\/blog\/wp-content\/uploads\/2026\/04\/domina-marketing-digital-grado-impulsa-carreras-1059-1030x575.png","type":"image\/png"}],"author":"Rosa Llamas Alonso","twitter_card":"summary_large_image","twitter_creator":"@euncet","twitter_site":"@euncet","twitter_misc":{"Escrit per":"Rosa Llamas Alonso","Temps estimat de lectura":"7 minuts"},"schema":{"@context":"https:\/\/schema.org","@graph":[{"@type":"Article","@id":"https:\/\/www.euncet.com\/blog\/ca\/grau-marqueting-digital-impulsa-carrera\/#article","isPartOf":{"@id":"https:\/\/www.euncet.com\/blog\/ca\/grau-marqueting-digital-impulsa-carrera\/"},"author":{"name":"Rosa Llamas Alonso","@id":"https:\/\/www.euncet.com\/blog\/ca\/#\/schema\/person\/a373792bcb7eb0b638710ef4a240b43d"},"headline":"Domina el m\u00e0rqueting digital: el Grau que impulsa carreres","datePublished":"2026-04-01T08:58:59+00:00","dateModified":"2026-04-21T09:39:43+00:00","mainEntityOfPage":{"@id":"https:\/\/www.euncet.com\/blog\/ca\/grau-marqueting-digital-impulsa-carrera\/"},"wordCount":1597,"commentCount":0,"image":{"@id":"https:\/\/www.euncet.com\/blog\/ca\/grau-marqueting-digital-impulsa-carrera\/#primaryimage"},"thumbnailUrl":"https:\/\/www.euncet.com\/blog\/wp-content\/uploads\/2026\/04\/domina-marketing-digital-grado-impulsa-carreras-1059-scaled.png","keywords":["grau en m\u00e0rqueting digital"],"articleSection":["M\u00e0rqueting, Comunicaci\u00f3 i Vendes"],"inLanguage":"ca","potentialAction":[{"@type":"CommentAction","name":"Comment","target":["https:\/\/www.euncet.com\/blog\/ca\/grau-marqueting-digital-impulsa-carrera\/#respond"]}]},{"@type":"WebPage","@id":"https:\/\/www.euncet.com\/blog\/ca\/grau-marqueting-digital-impulsa-carrera\/","url":"https:\/\/www.euncet.com\/blog\/ca\/grau-marqueting-digital-impulsa-carrera\/","name":"Grau en m\u00e0rqueting digital \u25b6 impulsa la teva carrera AVUI","isPartOf":{"@id":"https:\/\/www.euncet.com\/blog\/ca\/#website"},"primaryImageOfPage":{"@id":"https:\/\/www.euncet.com\/blog\/ca\/grau-marqueting-digital-impulsa-carrera\/#primaryimage"},"image":{"@id":"https:\/\/www.euncet.com\/blog\/ca\/grau-marqueting-digital-impulsa-carrera\/#primaryimage"},"thumbnailUrl":"https:\/\/www.euncet.com\/blog\/wp-content\/uploads\/2026\/04\/domina-marketing-digital-grado-impulsa-carreras-1059-scaled.png","datePublished":"2026-04-01T08:58:59+00:00","dateModified":"2026-04-21T09:39:43+00:00","author":{"@id":"https:\/\/www.euncet.com\/blog\/ca\/#\/schema\/person\/a373792bcb7eb0b638710ef4a240b43d"},"description":"Grau en m\u00e0rqueting digital \u25b6 impulsa la teva carrera AVUI. Descobreix les compet\u00e8ncies clau i les sortides professionals m\u00e9s demandades","breadcrumb":{"@id":"https:\/\/www.euncet.com\/blog\/ca\/grau-marqueting-digital-impulsa-carrera\/#breadcrumb"},"inLanguage":"ca","potentialAction":[{"@type":"ReadAction","target":["https:\/\/www.euncet.com\/blog\/ca\/grau-marqueting-digital-impulsa-carrera\/"]}]},{"@type":"ImageObject","inLanguage":"ca","@id":"https:\/\/www.euncet.com\/blog\/ca\/grau-marqueting-digital-impulsa-carrera\/#primaryimage","url":"https:\/\/www.euncet.com\/blog\/wp-content\/uploads\/2026\/04\/domina-marketing-digital-grado-impulsa-carreras-1059-scaled.png","contentUrl":"https:\/\/www.euncet.com\/blog\/wp-content\/uploads\/2026\/04\/domina-marketing-digital-grado-impulsa-carreras-1059-scaled.png","width":2560,"height":1429,"caption":"grau en m\u00e0rqueting digital"},{"@type":"BreadcrumbList","@id":"https:\/\/www.euncet.com\/blog\/ca\/grau-marqueting-digital-impulsa-carrera\/#breadcrumb","itemListElement":[{"@type":"ListItem","position":1,"name":"Portada","item":"https:\/\/www.euncet.com\/blog\/ca\/"},{"@type":"ListItem","position":2,"name":"Domina el m\u00e0rqueting digital: el Grau que impulsa carreres"}]},{"@type":"WebSite","@id":"https:\/\/www.euncet.com\/blog\/ca\/#website","url":"https:\/\/www.euncet.com\/blog\/ca\/","name":"Euncet Business School","description":"Escuela de negocios","potentialAction":[{"@type":"SearchAction","target":{"@type":"EntryPoint","urlTemplate":"https:\/\/www.euncet.com\/blog\/ca\/?s={search_term_string}"},"query-input":{"@type":"PropertyValueSpecification","valueRequired":true,"valueName":"search_term_string"}}],"inLanguage":"ca"},{"@type":"Person","@id":"https:\/\/www.euncet.com\/blog\/ca\/#\/schema\/person\/a373792bcb7eb0b638710ef4a240b43d","name":"Rosa Llamas Alonso","image":{"@type":"ImageObject","inLanguage":"ca","@id":"https:\/\/www.euncet.com\/blog\/wp-content\/uploads\/2025\/12\/Foto-currriculum-definitiva-2025_Rosa-Llamas-Alonso_300x300-96x96.png","url":"https:\/\/www.euncet.com\/blog\/wp-content\/uploads\/2025\/12\/Foto-currriculum-definitiva-2025_Rosa-Llamas-Alonso_300x300-96x96.png","contentUrl":"https:\/\/www.euncet.com\/blog\/wp-content\/uploads\/2025\/12\/Foto-currriculum-definitiva-2025_Rosa-Llamas-Alonso_300x300-96x96.png","caption":"Rosa Llamas Alonso"},"sameAs":["https:\/\/www.linkedin.com\/in\/rosa-llamas\/"],"url":"https:\/\/www.euncet.com\/blog\/ca\/author\/rosa-llamas-alonso\/"}]}},"_links":{"self":[{"href":"https:\/\/www.euncet.com\/blog\/ca\/wp-json\/wp\/v2\/posts\/67256","targetHints":{"allow":["GET"]}}],"collection":[{"href":"https:\/\/www.euncet.com\/blog\/ca\/wp-json\/wp\/v2\/posts"}],"about":[{"href":"https:\/\/www.euncet.com\/blog\/ca\/wp-json\/wp\/v2\/types\/post"}],"author":[{"embeddable":true,"href":"https:\/\/www.euncet.com\/blog\/ca\/wp-json\/wp\/v2\/users\/40"}],"replies":[{"embeddable":true,"href":"https:\/\/www.euncet.com\/blog\/ca\/wp-json\/wp\/v2\/comments?post=67256"}],"version-history":[{"count":2,"href":"https:\/\/www.euncet.com\/blog\/ca\/wp-json\/wp\/v2\/posts\/67256\/revisions"}],"predecessor-version":[{"id":67258,"href":"https:\/\/www.euncet.com\/blog\/ca\/wp-json\/wp\/v2\/posts\/67256\/revisions\/67258"}],"wp:featuredmedia":[{"embeddable":true,"href":"https:\/\/www.euncet.com\/blog\/ca\/wp-json\/wp\/v2\/media\/67174"}],"wp:attachment":[{"href":"https:\/\/www.euncet.com\/blog\/ca\/wp-json\/wp\/v2\/media?parent=67256"}],"wp:term":[{"taxonomy":"category","embeddable":true,"href":"https:\/\/www.euncet.com\/blog\/ca\/wp-json\/wp\/v2\/categories?post=67256"},{"taxonomy":"post_tag","embeddable":true,"href":"https:\/\/www.euncet.com\/blog\/ca\/wp-json\/wp\/v2\/tags?post=67256"}],"curies":[{"name":"wp","href":"https:\/\/api.w.org\/{rel}","templated":true}]}}