{"id":67298,"date":"2026-04-07T12:01:02","date_gmt":"2026-04-07T10:01:02","guid":{"rendered":"https:\/\/www.euncet.com\/blog\/?p=67298"},"modified":"2026-04-27T13:11:14","modified_gmt":"2026-04-27T11:11:14","slug":"intelligencia-emocional-treball-desenvolupala","status":"publish","type":"post","link":"https:\/\/www.euncet.com\/blog\/ca\/intelligencia-emocional-treball-desenvolupala\/","title":{"rendered":"Intel\u00b7lig\u00e8ncia emocional a la feina: qu\u00e8 \u00e9s i com desenvolupar-la"},"content":{"rendered":"\n<p>El l&#8217;\u00e8xit professional ja no es mesura \u00fanicament pel coeficient intel\u00b7lectual o les habilitats t\u00e8cniques. En un entorn laboral cada vegada m\u00e9s din\u00e0mic, col\u00b7laboratiu i exigent, la capacitat de gestionar les nostres pr\u00f2pies emocions i comprendre les dels altres s&#8217;ha convertit en el veritable diferenciador. Per aix\u00f2, la&nbsp;<strong><em>intel\u00b7lig\u00e8ncia emocional en el treball<\/em><\/strong>&nbsp;\u00e9s aquesta pe\u00e7a clau que separa un bon professional d&#8217;un l\u00edder excepcional. I permet, aix\u00ed, navegar la incertesa, resoldre conflictes amb empatia i construir equips cohesionats que assoleixen resultats extraordinaris.<\/p><div id=\"ez-toc-container\" class=\"ez-toc-v2_0_82_2 counter-hierarchy ez-toc-counter ez-toc-custom ez-toc-container-direction\">\n<div class=\"ez-toc-title-container\">\n<p class=\"ez-toc-title\" style=\"cursor:inherit\">\u00cdNDEX DE CONTINGUTS<\/p>\n<span class=\"ez-toc-title-toggle\"><a href=\"#\" class=\"ez-toc-pull-right ez-toc-btn ez-toc-btn-xs ez-toc-btn-default ez-toc-toggle\" aria-label=\"Toggle Table of Content\"><span class=\"ez-toc-js-icon-con\"><span class=\"\"><span class=\"eztoc-hide\" style=\"display:none;\">Toggle<\/span><span class=\"ez-toc-icon-toggle-span\"><svg style=\"fill: #222222;color:#222222\" xmlns=\"http:\/\/www.w3.org\/2000\/svg\" class=\"list-377408\" width=\"20px\" height=\"20px\" viewBox=\"0 0 24 24\" fill=\"none\"><path d=\"M6 6H4v2h2V6zm14 0H8v2h12V6zM4 11h2v2H4v-2zm16 0H8v2h12v-2zM4 16h2v2H4v-2zm16 0H8v2h12v-2z\" fill=\"currentColor\"><\/path><\/svg><svg style=\"fill: #222222;color:#222222\" class=\"arrow-unsorted-368013\" xmlns=\"http:\/\/www.w3.org\/2000\/svg\" width=\"10px\" height=\"10px\" viewBox=\"0 0 24 24\" version=\"1.2\" baseProfile=\"tiny\"><path d=\"M18.2 9.3l-6.2-6.3-6.2 6.3c-.2.2-.3.4-.3.7s.1.5.3.7c.2.2.4.3.7.3h11c.3 0 .5-.1.7-.3.2-.2.3-.5.3-.7s-.1-.5-.3-.7zM5.8 14.7l6.2 6.3 6.2-6.3c.2-.2.3-.5.3-.7s-.1-.5-.3-.7c-.2-.2-.4-.3-.7-.3h-11c-.3 0-.5.1-.7.3-.2.2-.3.5-.3.7s.1.5.3.7z\"\/><\/svg><\/span><\/span><\/span><\/a><\/span><\/div>\n<nav><ul class='ez-toc-list ez-toc-list-level-1 ' ><li class='ez-toc-page-1 ez-toc-heading-level-2'><a class=\"ez-toc-link ez-toc-heading-1\" href=\"https:\/\/www.euncet.com\/blog\/ca\/intelligencia-emocional-treball-desenvolupala\/#Limpacte_de_lautoconeixement_en_la_presa_de_decisions\" >L&#8217;impacte de l&#8217;autoconeixement en la presa de decisions<\/a><\/li><li class='ez-toc-page-1 ez-toc-heading-level-2'><a class=\"ez-toc-link ez-toc-heading-2\" href=\"https:\/\/www.euncet.com\/blog\/ca\/intelligencia-emocional-treball-desenvolupala\/#Els_beneficis_de_la_intelligencia_emocional_en_el_treball\" >Els beneficis de la intel\u00b7lig\u00e8ncia emocional en el treball<\/a><\/li><li class='ez-toc-page-1 ez-toc-heading-level-2'><a class=\"ez-toc-link ez-toc-heading-3\" href=\"https:\/\/www.euncet.com\/blog\/ca\/intelligencia-emocional-treball-desenvolupala\/#Intelligencia_Emocional_vs_Coeficient_Intellectual\" >Intel\u00b7lig\u00e8ncia Emocional vs. Coeficient Intel\u00b7lectual<\/a><\/li><li class='ez-toc-page-1 ez-toc-heading-level-2'><a class=\"ez-toc-link ez-toc-heading-4\" href=\"https:\/\/www.euncet.com\/blog\/ca\/intelligencia-emocional-treball-desenvolupala\/#Lempatia_com_a_motor_de_la_innovacio_i_les_vendes\" >L&#8217;empatia com a motor de la innovaci\u00f3 i les vendes<\/a><\/li><li class='ez-toc-page-1 ez-toc-heading-level-2'><a class=\"ez-toc-link ez-toc-heading-5\" href=\"https:\/\/www.euncet.com\/blog\/ca\/intelligencia-emocional-treball-desenvolupala\/#Estrategies_practiques_per_desenvolupar_la_teva_intelligencia_emocional_laboral\" >Estrat\u00e8gies pr\u00e0ctiques per desenvolupar la teva intel\u00b7lig\u00e8ncia emocional laboral<\/a><\/li><li class='ez-toc-page-1 ez-toc-heading-level-2'><a class=\"ez-toc-link ez-toc-heading-6\" href=\"https:\/\/www.euncet.com\/blog\/ca\/intelligencia-emocional-treball-desenvolupala\/#El_Curs_de_Coaching_i_Intelligencia_Emocional_en_el_Treball_dEuncet\" >El Curs de Coaching i Intel\u00b7lig\u00e8ncia Emocional en el Treball d&#8217;Euncet<\/a><\/li><li class='ez-toc-page-1 ez-toc-heading-level-2'><a class=\"ez-toc-link ez-toc-heading-7\" href=\"https:\/\/www.euncet.com\/blog\/ca\/intelligencia-emocional-treball-desenvolupala\/#Conclusio_el_teu_actiu_professional_mes_gran_ets_tu_mateix\" >Conclusi\u00f3: el teu actiu professional m\u00e9s gran ets tu mateix<\/a><\/li><\/ul><\/nav><\/div>\n\n\n\n\n<p>Diversos enfocaments sobre intel\u00b7lig\u00e8ncia emocional, des dels treballs de Salovey i Mayer fins a la divulgaci\u00f3 posterior de Goleman, han contribu\u00eft a destacar la import\u00e0ncia de recon\u00e8ixer, comprendre i regular les emocions en contextos socials i professionals. Segons el model desenvolupat per Daniel Goleman, la intel\u00b7lig\u00e8ncia emocional se sost\u00e9 sobre cinc pilars fonamentals que tot professional pot entrenar i perfeccionar:<\/p>\n\n\n\n<ul class=\"wp-block-list\">\n<li><strong>Autoconsci\u00e8ncia:<\/strong>\u00a0La capacitat de recon\u00e8ixer les nostres pr\u00f2pies emocions i com aquestes afecten el nostre comportament i decisions.<\/li>\n\n\n\n<li><strong>Autoregulaci\u00f3:<\/strong>\u00a0L&#8217;habilitat per controlar els impulsos i adaptar les nostres reaccions a les circumst\u00e0ncies canviants.<\/li>\n\n\n\n<li><strong>Motivaci\u00f3 interna:<\/strong>\u00a0L&#8217;impuls de treballar per raons que van m\u00e9s enll\u00e0 dels diners o l&#8217;estatus, buscant l&#8217;excel\u00b7l\u00e8ncia i l&#8217;assoliment d&#8217;objectius.<\/li>\n\n\n\n<li><strong>Empatia:<\/strong>\u00a0La destresa per comprendre la perspectiva emocional dels altres i tractar les persones en funci\u00f3 de les seves reaccions emocionals.<\/li>\n\n\n\n<li><strong>Habilitats socials:<\/strong>\u00a0La compet\u00e8ncia en la gesti\u00f3 de relacions, la construcci\u00f3 de xarxes i la capacitat de trobar punts en com\u00fa per crear\u00a0<a href=\"https:\/\/ca.wikipedia.org\/wiki\/Rapport\" target=\"_blank\" rel=\"noreferrer noopener\">rapport<\/a>.<\/li>\n<\/ul>\n\n\n\n<h2 class=\"wp-block-heading\"><span class=\"ez-toc-section\" id=\"Limpacte_de_lautoconeixement_en_la_presa_de_decisions\"><\/span>L&#8217;impacte de l&#8217;autoconeixement en la presa de decisions<span class=\"ez-toc-section-end\"><\/span><\/h2>\n\n\n\n<p>Una de les \u00e0rees on la intel\u00b7lig\u00e8ncia emocional demostra el seu major valor \u00e9s en la presa de decisions estrat\u00e8giques. Els professionals amb un alt grau d&#8217;autoconeixement s\u00f3n capa\u00e7os d&#8217;identificar quan els seus judicis estan sent ennuvolats per l&#8217;estr\u00e8s, el cansament o els prejudicis personals. Aquesta claredat mental \u00e9s inavaluable en moments de crisi empresarial.<\/p>\n\n\n\n<p>Quan un l\u00edder compr\u00e8n els seus propis detonants emocionals, pot evitar reaccions impulsives que podrien danyar relacions comercials o desmotivar el seu equip. En lloc de deixar-se portar per la frustraci\u00f3 davant d&#8217;un error, un l\u00edder emocionalment intel\u00b7ligent fa una pausa, analitza la situaci\u00f3 objectivament i respon amb una estrat\u00e8gia orientada a la soluci\u00f3, no a la culpa.<\/p>\n\n\n\n<p>A m\u00e9s, aquesta autoconsci\u00e8ncia fomenta una cultura de transpar\u00e8ncia. Els directius que admeten les seves pr\u00f2pies limitacions i emocions creen un entorn de seguretat psicol\u00f2gica on els empleats se senten lliures de compartir\u00a0<a href=\"https:\/\/www.euncet.com\/blog\/ca\/blog-2\/?p=41612&#038;p=67235\" target=\"_blank\" rel=\"noreferrer noopener\">idees innovadores<\/a>\u00a0sense por al rid\u00edcul o a repres\u00e0lies injustificades.<\/p>\n\n\n\n<h2 class=\"wp-block-heading\"><span class=\"ez-toc-section\" id=\"Els_beneficis_de_la_intelligencia_emocional_en_el_treball\"><\/span>Els beneficis de la intel\u00b7lig\u00e8ncia emocional en el treball<span class=\"ez-toc-section-end\"><\/span><\/h2>\n\n\n\n<p>Desenvolupar la intel\u00b7lig\u00e8ncia emocional laboral no \u00e9s nom\u00e9s una q\u00fcesti\u00f3 de benestar personal; t\u00e9 un impacte directe i mesurable en el rendiment de tota l&#8217;organitzaci\u00f3. Per aix\u00f2, les empreses amb alts nivells d&#8217;IE gaudeixen d&#8217;avantatges competitius significatius.<\/p>\n\n\n\n<p>Podem destacar que un alt nivell d&#8217;IE millora dr\u00e0sticament la comunicaci\u00f3. Quan els professionals s\u00f3n emocionalment intel\u00b7ligents, els missatges es transmeten amb m\u00e9s claredat i es reben amb menor actitud defensiva. Aix\u00f2 redueix els malentesos i accelera la presa de decisions.<\/p>\n\n\n\n<p>A m\u00e9s, la intel\u00b7lig\u00e8ncia emocional per a l&#8217;\u00e8xit professional \u00e9s indispensable en la gesti\u00f3 de l&#8217;estr\u00e8s. Els entorns d&#8217;alta pressi\u00f3 requereixen ments clares. Els equips amb bona gesti\u00f3 emocional no es paralitzen davant l&#8217;estr\u00e8s, sin\u00f3 que l&#8217;utilitzen com a motor per a l&#8217;acci\u00f3 enfocada.<\/p>\n\n\n\n<p>A continuaci\u00f3, detallem els principals beneficis que aporta aquesta compet\u00e8ncia a l&#8217;entorn corporatiu:<\/p>\n\n\n\n<ol class=\"wp-block-list\">\n<li><strong>Resoluci\u00f3 constructiva de conflictes:<\/strong>\u00a0Permet abordar els desacords des de l&#8217;<a href=\"https:\/\/www.euncet.com\/blog\/ca\/blog-2\/?p=41612&#038;p=66444\" target=\"_blank\" rel=\"noreferrer noopener\">empatia<\/a>, buscant solucions \u00abguanyar-guanyar\u00bb en lloc d&#8217;imposar criteris.<\/li>\n\n\n\n<li><strong>Major retenci\u00f3 del talent:<\/strong>\u00a0Els professionals prefereixen treballar en entorns on se senten valorats, compresos i respectats emocionalment.<\/li>\n\n\n\n<li><strong>Lideratge inspirador:<\/strong>\u00a0Els l\u00edders amb alta IE no dirigeixen des de la por, sin\u00f3 des de la inspiraci\u00f3, aconseguint un major comprom\u00eds dels seus equips.<\/li>\n\n\n\n<li><strong>Adaptabilitat al canvi:<\/strong>\u00a0Facilita la transici\u00f3 davant noves eines, reestructuracions o canvis en el mercat, reduint la resist\u00e8ncia natural.<\/li>\n\n\n\n<li><strong>Millora del clima laboral:<\/strong>\u00a0Fomenta un ambient de seguretat psicol\u00f2gica on la innovaci\u00f3 i la creativitat poden florir sense por al frac\u00e0s.<\/li>\n<\/ol>\n\n\n\n<h2 class=\"wp-block-heading\"><span class=\"ez-toc-section\" id=\"Intelligencia_Emocional_vs_Coeficient_Intellectual\"><\/span>Intel\u00b7lig\u00e8ncia Emocional vs. Coeficient Intel\u00b7lectual<span class=\"ez-toc-section-end\"><\/span><\/h2>\n\n\n\n<p>Hist\u00f2ricament, les empreses contractaven basant-se en el Coeficient Intel\u00b7lectual (CI) i l&#8217;experi\u00e8ncia t\u00e8cnica. No obstant aix\u00f2, s&#8217;ha demostrat que, si b\u00e9 el CI pot aconseguir-te una entrevista, \u00e9s la Intel\u00b7lig\u00e8ncia Emocional (IE) la que determina el teu creixement i promoci\u00f3 dins de l&#8217;empresa.<\/p>\n\n\n\n<p>A difer\u00e8ncia del CI, que tendeix a romandre est\u00e0tic al llarg de la vida adulta, la intel\u00b7lig\u00e8ncia emocional \u00e9s una habilitat flexible que pot aprendre&#8217;s, entrenar-se i millorar-se cont\u00ednuament amb la pr\u00e0ctica adequada i la voluntat de creixement personal.<\/p>\n\n\n\n<figure class=\"wp-block-table\"><table class=\"has-fixed-layout\"><thead><tr><th>Caracter\u00edstica<\/th><th>Coeficient Intel\u00b7lectual (CI)<\/th><th>Intel\u00b7lig\u00e8ncia Emocional (IE)<\/th><\/tr><\/thead><tbody><tr><td><strong>Naturalesa<\/strong><\/td><td>Habilitats cognitives i anal\u00edtiques<\/td><td>Habilitats interpersonals i d&#8217;autogesti\u00f3<\/td><\/tr><tr><td><strong>Flexibilitat<\/strong><\/td><td>Relativament est\u00e0tic des de l&#8217;edat adulta<\/td><td>Altament mal\u00b7leable, es pot entrenar i millorar<\/td><\/tr><tr><td><strong>Rol en l&#8217;\u00e8xit<\/strong><\/td><td>Requisit d&#8217;entrada (aconsegueix la feina)<\/td><td>Diferenciador de rendiment (aconsegueix l&#8217;ascens)<\/td><\/tr><tr><td><strong>Focus principal<\/strong><\/td><td>Resoluci\u00f3 de problemes l\u00f2gics i t\u00e8cnics<\/td><td>Navegaci\u00f3 de din\u00e0miques socials i lideratge<\/td><\/tr><tr><td><strong>Impacte en equip<\/strong><\/td><td>Aporta coneixement expert individual<\/td><td>Multiplica el rendiment col\u00b7lectiu i la cohesi\u00f3<\/td><\/tr><\/tbody><\/table><\/figure>\n\n\n\n<h2 class=\"wp-block-heading\"><span class=\"ez-toc-section\" id=\"Lempatia_com_a_motor_de_la_innovacio_i_les_vendes\"><\/span>L&#8217;empatia com a motor de la innovaci\u00f3 i les vendes<span class=\"ez-toc-section-end\"><\/span><\/h2>\n\n\n\n<p>M\u00e9s enll\u00e0 de la gesti\u00f3 interna d&#8217;equips, la intel\u00b7lig\u00e8ncia emocional \u00e9s una eina comercial de primer nivell. L&#8217;empatia, un dels seus pilars fonamentals, permet als professionals de vendes i m\u00e0rqueting comprendre veritablement les necessitats, pors i desitjos dels seus clients, anant molt m\u00e9s enll\u00e0 de les caracter\u00edstiques t\u00e8cniques d&#8217;un producte.<\/p>\n\n\n\n<p>Un venedor emp\u00e0tic no pressiona per tancar un tracte; escolta activament per resoldre un problema. Aquesta connexi\u00f3 emocional genu\u00efna \u00e9s la base de la fidelitzaci\u00f3 a llarg termini. Els clients no nom\u00e9s compren solucions, compren la confian\u00e7a de sentir-se compresos per la persona que tenen al davant.<\/p>\n\n\n\n<p>De la mateixa manera, en el disseny de productes i serveis, els equips amb alta intel\u00b7lig\u00e8ncia emocional s\u00f3n capa\u00e7os de posar-se en el lloc de l&#8217;usuari final. Aquesta perspectiva centrada en l&#8217;\u00e9sser hum\u00e0 \u00e9s el nucli de metodologies com el\u00a0<a href=\"https:\/\/asana.com\/es\/resources\/design-thinking-process\" target=\"_blank\" rel=\"noreferrer noopener\">Design Thinking<\/a>, on la innovaci\u00f3 neix de la comprensi\u00f3 profunda de l&#8217;experi\u00e8ncia emocional del client.<\/p>\n\n\n\n<h2 class=\"wp-block-heading\"><span class=\"ez-toc-section\" id=\"Estrategies_practiques_per_desenvolupar_la_teva_intelligencia_emocional_laboral\"><\/span>Estrat\u00e8gies pr\u00e0ctiques per desenvolupar la teva intel\u00b7lig\u00e8ncia emocional laboral<span class=\"ez-toc-section-end\"><\/span><\/h2>\n\n\n\n<p>La bona not\u00edcia \u00e9s que la gesti\u00f3 emocional en el treball es pot cultivar. No requereix un canvi de personalitat, sin\u00f3 l&#8217;adopci\u00f3 de nous h\u00e0bits i perspectives en les nostres interaccions di\u00e0ries.<\/p>\n\n\n\n<p>El primer pas \u00e9s practicar la pausa conscient. Abans de reaccionar davant un correu electr\u00f2nic frustrant o un comentari cr\u00edtic en una reuni\u00f3, pren-te uns segons. Aquesta breu pausa entre l&#8217;est\u00edmul i la teva resposta \u00e9s on resideix la teva llibertat per triar una reacci\u00f3 emocionalment intel\u00b7ligent.<\/p>\n\n\n\n<p>Aix\u00ed mateix, \u00e9s fonamental sol\u00b7licitar feedback de forma regular. Sovint, la nostra autopercepci\u00f3 no coincideix amb com ens veuen els altres. Demanar opinions honestes a companys de confian\u00e7a sobre com manegem situacions de tensi\u00f3 ens proporciona un mapa clar de les nostres \u00e0rees de millora.<\/p>\n\n\n\n<p>Aqu\u00ed tens algunes accions concretes que pots implementar des d&#8217;avui mateix:<\/p>\n\n\n\n<ul class=\"wp-block-list\">\n<li><strong>Practica l&#8217;escolta activa:<\/strong>\u00a0En la teva propera reuni\u00f3, concentra&#8217;t a escoltar per comprendre, no per respondre. Observa el llenguatge corporal de qui parla.<\/li>\n\n\n\n<li><strong>Porta un diari emocional:<\/strong>\u00a0Anota al final del dia les situacions que et van generar estr\u00e8s o frustraci\u00f3 i analitza com vas reaccionar i com podries haver-ho fet millor.<\/li>\n\n\n\n<li><strong>Desenvolupa el teu vocabulari emocional:<\/strong>\u00a0Ves m\u00e9s enll\u00e0 d&#8217;\u00abestic b\u00e9\u00bb o \u00abestic malament\u00bb. Identificar si sents frustraci\u00f3, decepci\u00f3, ansietat o esgotament t&#8217;ajudar\u00e0 a gestionar l&#8217;emoci\u00f3 espec\u00edfica.<\/li>\n\n\n\n<li><strong>Assumeix la responsabilitat:<\/strong>\u00a0Quan cometis un error, reconeix-lo obertament sense buscar excuses externes. Aix\u00f2 genera confian\u00e7a i demostra maduresa emocional.<\/li>\n\n\n\n<li><strong>Celebra els \u00e8xits aliens:<\/strong>\u00a0Recon\u00e8ixer genu\u00efnament la bona feina dels teus companys enforteix les relacions i fomenta un entorn col\u00b7laboratiu.<\/li>\n<\/ul>\n\n\n\n<p>En resum, podem posar en pr\u00e0ctica els passos per a la IE amb les seg\u00fcents t\u00e8cniques:<\/p>\n\n\n\n<figure class=\"wp-block-table\"><table class=\"has-fixed-layout\"><thead><tr><th>Habilitat<\/th><th>Pr\u00e0ctica recomanada<\/th><th>Exemple laboral<\/th><\/tr><\/thead><tbody><tr><td>Autoconsci\u00e8ncia<\/td><td>Diari emocional<\/td><td>Detectar quines situacions generen frustraci\u00f3<\/td><\/tr><tr><td>Autoregulaci\u00f3<\/td><td>Pausa abans de respondre<\/td><td>No contestar un correu tens en calent<\/td><\/tr><tr><td>Empatia<\/td><td>Escolta activa<\/td><td>Reformular el que diu un company abans de respondre<\/td><\/tr><tr><td>Habilitats socials<\/td><td>Feedback constructiu<\/td><td>Donar una cr\u00edtica centrada en conducta, no en la persona<\/td><\/tr><\/tbody><\/table><\/figure>\n\n\n\n<h2 class=\"wp-block-heading\"><span class=\"ez-toc-section\" id=\"El_Curs_de_Coaching_i_Intelligencia_Emocional_en_el_Treball_dEuncet\"><\/span>El Curs de Coaching i Intel\u00b7lig\u00e8ncia Emocional en el Treball d&#8217;Euncet<span class=\"ez-toc-section-end\"><\/span><\/h2>\n\n\n\n<p>Si b\u00e9 la pr\u00e0ctica individual \u00e9s valuosa, el desenvolupament profund d&#8217;aquestes habilitats requereix guia experta i un entorn estructurat. \u00c9s aqu\u00ed on la formaci\u00f3 especialitzada marca la difer\u00e8ncia entre con\u00e8ixer la teoria i dominar la pr\u00e0ctica.<\/p>\n\n\n\n<p>El\u00a0<a href=\"https:\/\/www.euncet.com\/ca\/cursos-de-formacio\/curs-coaching-inteligencia-emocional\/\" target=\"_blank\" rel=\"noreferrer noopener\">Curs de Coaching i Intel\u00b7lig\u00e8ncia Emocional en el Treball<\/a>\u00a0d&#8217;<a href=\"https:\/\/www.euncet.com\/ca\/\" target=\"_blank\" rel=\"noreferrer noopener\">Euncet Business School<\/a>\u00a0est\u00e0 dissenyat precisament per a professionals que busquen fer un salt qualitatiu en la seva carrera a trav\u00e9s de l&#8217;autoconeixement i la gesti\u00f3 de persones.<\/p>\n\n\n\n<p>Aquest programa intensiu no es limita a la teoria. A trav\u00e9s d&#8217;una metodologia vivencial, els participants enforteixen les seves habilitats de comunicaci\u00f3 emp\u00e0tica, aprenen t\u00e8cniques de coaching aplicables al dia a dia i descobreixen com transformar la gesti\u00f3 emocional en una eina de lideratge efectiu.<\/p>\n\n\n\n<p>Igual que altres programes d&#8217;excel\u00b7l\u00e8ncia com el\u00a0<a href=\"https:\/\/www.euncet.com\/ca\/cursos-de-formacio\/curs-oratoria\/\" target=\"_blank\" rel=\"noreferrer noopener\">Curs d&#8217;Orat\u00f2ria<\/a>\u00a0o el Curs de Lideratge Transformador, aquesta formaci\u00f3 s&#8217;imparteix en grups redu\u00efts, garantint un aprenentatge personalitzat i un networking d&#8217;alt valor amb altres professionals que comparteixen les teves mateixes inquietuds de creixement.<\/p>\n\n\n\n<h2 class=\"wp-block-heading\"><span class=\"ez-toc-section\" id=\"Conclusio_el_teu_actiu_professional_mes_gran_ets_tu_mateix\"><\/span>Conclusi\u00f3: el teu actiu professional m\u00e9s gran ets tu mateix<span class=\"ez-toc-section-end\"><\/span><\/h2>\n\n\n\n<p>Invertir en la teva intel\u00b7lig\u00e8ncia emocional \u00e9s, sens dubte, la decisi\u00f3 m\u00e9s estrat\u00e8gica que pots prendre per a la teva carrera. No nom\u00e9s et convertir\u00e0 en un professional m\u00e9s efica\u00e7 i un l\u00edder m\u00e9s respectat, sin\u00f3 que tamb\u00e9 millorar\u00e0 significativament el teu benestar i satisfacci\u00f3 en l&#8217;entorn laboral.<\/p>\n","protected":false},"excerpt":{"rendered":"<p>El l&#8217;\u00e8xit professional ja no es mesura \u00fanicament pel coeficient intel\u00b7lectual o les habilitats t\u00e8cniques. En un entorn laboral cada vegada m\u00e9s din\u00e0mic, col\u00b7laboratiu i exigent, la capacitat de gestionar les nostres pr\u00f2pies emocions i comprendre les dels altres s&#8217;ha convertit en el veritable diferenciador. Per aix\u00f2, la&nbsp;intel\u00b7lig\u00e8ncia emocional en el treball&nbsp;\u00e9s aquesta pe\u00e7a clau [&hellip;]<\/p>\n","protected":false},"author":37,"featured_media":67183,"comment_status":"open","ping_status":"open","sticky":false,"template":"","format":"standard","meta":{"_acf_changed":false,"footnotes":""},"categories":[453],"tags":[669],"class_list":["post-67298","post","type-post","status-publish","format-standard","has-post-thumbnail","hentry","category-leadership-management-ca","tag-intelligencia-emocional-en-el-treball"],"acf":[],"yoast_head":"<!-- This site is optimized with the Yoast SEO plugin v27.4 - https:\/\/yoast.com\/product\/yoast-seo-wordpress\/ -->\n<title>Intel\u00b7lig\u00e8ncia emocional en el treball \u25b6 DESENVOLUPA-LA<\/title>\n<meta name=\"description\" content=\"Intel\u00b7lig\u00e8ncia emocional en el treball \u25b6 DESENVOLUPA-LA. Descobreix com gestionar les emocions per millorar el teu lideratge i \u00e8xit professional\" \/>\n<meta name=\"robots\" content=\"index, follow, max-snippet:-1, max-image-preview:large, max-video-preview:-1\" \/>\n<link rel=\"canonical\" href=\"https:\/\/www.euncet.com\/blog\/ca\/intelligencia-emocional-treball-desenvolupala\/\" \/>\n<meta property=\"og:locale\" content=\"ca_ES\" \/>\n<meta property=\"og:type\" content=\"article\" \/>\n<meta property=\"og:title\" content=\"Intel\u00b7lig\u00e8ncia emocional en el treball \u25b6 DESENVOLUPA-LA\" \/>\n<meta property=\"og:description\" content=\"Intel\u00b7lig\u00e8ncia emocional en el treball \u25b6 DESENVOLUPA-LA. Descobreix com gestionar les emocions per millorar el teu lideratge i \u00e8xit professional\" \/>\n<meta property=\"og:url\" content=\"https:\/\/www.euncet.com\/blog\/ca\/intelligencia-emocional-treball-desenvolupala\/\" \/>\n<meta property=\"og:site_name\" content=\"Euncet Business School\" \/>\n<meta property=\"article:publisher\" content=\"https:\/\/www.facebook.com\/euncet\" \/>\n<meta property=\"article:published_time\" content=\"2026-04-07T10:01:02+00:00\" \/>\n<meta property=\"article:modified_time\" content=\"2026-04-27T11:11:14+00:00\" \/>\n<meta property=\"og:image\" content=\"https:\/\/www.euncet.com\/blog\/wp-content\/uploads\/2026\/04\/inteligencia-emocional-desarrollarla-1059-1030x575.png\" \/>\n\t<meta property=\"og:image:width\" content=\"1030\" \/>\n\t<meta property=\"og:image:height\" content=\"575\" \/>\n\t<meta property=\"og:image:type\" content=\"image\/png\" \/>\n<meta name=\"author\" content=\"Carolina Llacher Alsina\" \/>\n<meta name=\"twitter:card\" content=\"summary_large_image\" \/>\n<meta name=\"twitter:creator\" content=\"@euncet\" \/>\n<meta name=\"twitter:site\" content=\"@euncet\" \/>\n<meta name=\"twitter:label1\" content=\"Escrit per\" \/>\n\t<meta name=\"twitter:data1\" content=\"Carolina Llacher Alsina\" \/>\n\t<meta name=\"twitter:label2\" content=\"Temps estimat de lectura\" \/>\n\t<meta name=\"twitter:data2\" content=\"8 minuts\" \/>\n<script type=\"application\/ld+json\" class=\"yoast-schema-graph\">{\"@context\":\"https:\\\/\\\/schema.org\",\"@graph\":[{\"@type\":\"Article\",\"@id\":\"https:\\\/\\\/www.euncet.com\\\/blog\\\/ca\\\/intelligencia-emocional-treball-desenvolupala\\\/#article\",\"isPartOf\":{\"@id\":\"https:\\\/\\\/www.euncet.com\\\/blog\\\/ca\\\/intelligencia-emocional-treball-desenvolupala\\\/\"},\"author\":{\"name\":\"Carolina Llacher Alsina\",\"@id\":\"https:\\\/\\\/www.euncet.com\\\/blog\\\/ca\\\/#\\\/schema\\\/person\\\/99af75e5542a1921c07408d5ae3a7811\"},\"headline\":\"Intel\u00b7lig\u00e8ncia emocional a la feina: qu\u00e8 \u00e9s i com desenvolupar-la\",\"datePublished\":\"2026-04-07T10:01:02+00:00\",\"dateModified\":\"2026-04-27T11:11:14+00:00\",\"mainEntityOfPage\":{\"@id\":\"https:\\\/\\\/www.euncet.com\\\/blog\\\/ca\\\/intelligencia-emocional-treball-desenvolupala\\\/\"},\"wordCount\":1762,\"commentCount\":0,\"image\":{\"@id\":\"https:\\\/\\\/www.euncet.com\\\/blog\\\/ca\\\/intelligencia-emocional-treball-desenvolupala\\\/#primaryimage\"},\"thumbnailUrl\":\"https:\\\/\\\/www.euncet.com\\\/blog\\\/wp-content\\\/uploads\\\/2026\\\/04\\\/inteligencia-emocional-desarrollarla-1059-scaled.png\",\"keywords\":[\"intel\u00b7lig\u00e8ncia emocional en el treball\"],\"articleSection\":[\"Leadership &amp; Management: tend\u00e8ncies\"],\"inLanguage\":\"ca\",\"potentialAction\":[{\"@type\":\"CommentAction\",\"name\":\"Comment\",\"target\":[\"https:\\\/\\\/www.euncet.com\\\/blog\\\/ca\\\/intelligencia-emocional-treball-desenvolupala\\\/#respond\"]}]},{\"@type\":\"WebPage\",\"@id\":\"https:\\\/\\\/www.euncet.com\\\/blog\\\/ca\\\/intelligencia-emocional-treball-desenvolupala\\\/\",\"url\":\"https:\\\/\\\/www.euncet.com\\\/blog\\\/ca\\\/intelligencia-emocional-treball-desenvolupala\\\/\",\"name\":\"Intel\u00b7lig\u00e8ncia emocional en el treball \u25b6 DESENVOLUPA-LA\",\"isPartOf\":{\"@id\":\"https:\\\/\\\/www.euncet.com\\\/blog\\\/ca\\\/#website\"},\"primaryImageOfPage\":{\"@id\":\"https:\\\/\\\/www.euncet.com\\\/blog\\\/ca\\\/intelligencia-emocional-treball-desenvolupala\\\/#primaryimage\"},\"image\":{\"@id\":\"https:\\\/\\\/www.euncet.com\\\/blog\\\/ca\\\/intelligencia-emocional-treball-desenvolupala\\\/#primaryimage\"},\"thumbnailUrl\":\"https:\\\/\\\/www.euncet.com\\\/blog\\\/wp-content\\\/uploads\\\/2026\\\/04\\\/inteligencia-emocional-desarrollarla-1059-scaled.png\",\"datePublished\":\"2026-04-07T10:01:02+00:00\",\"dateModified\":\"2026-04-27T11:11:14+00:00\",\"author\":{\"@id\":\"https:\\\/\\\/www.euncet.com\\\/blog\\\/ca\\\/#\\\/schema\\\/person\\\/99af75e5542a1921c07408d5ae3a7811\"},\"description\":\"Intel\u00b7lig\u00e8ncia emocional en el treball \u25b6 DESENVOLUPA-LA. Descobreix com gestionar les emocions per millorar el teu lideratge i \u00e8xit professional\",\"breadcrumb\":{\"@id\":\"https:\\\/\\\/www.euncet.com\\\/blog\\\/ca\\\/intelligencia-emocional-treball-desenvolupala\\\/#breadcrumb\"},\"inLanguage\":\"ca\",\"potentialAction\":[{\"@type\":\"ReadAction\",\"target\":[\"https:\\\/\\\/www.euncet.com\\\/blog\\\/ca\\\/intelligencia-emocional-treball-desenvolupala\\\/\"]}]},{\"@type\":\"ImageObject\",\"inLanguage\":\"ca\",\"@id\":\"https:\\\/\\\/www.euncet.com\\\/blog\\\/ca\\\/intelligencia-emocional-treball-desenvolupala\\\/#primaryimage\",\"url\":\"https:\\\/\\\/www.euncet.com\\\/blog\\\/wp-content\\\/uploads\\\/2026\\\/04\\\/inteligencia-emocional-desarrollarla-1059-scaled.png\",\"contentUrl\":\"https:\\\/\\\/www.euncet.com\\\/blog\\\/wp-content\\\/uploads\\\/2026\\\/04\\\/inteligencia-emocional-desarrollarla-1059-scaled.png\",\"width\":2560,\"height\":1429,\"caption\":\"intel\u00b7lig\u00e8ncia emocional en el treball\"},{\"@type\":\"BreadcrumbList\",\"@id\":\"https:\\\/\\\/www.euncet.com\\\/blog\\\/ca\\\/intelligencia-emocional-treball-desenvolupala\\\/#breadcrumb\",\"itemListElement\":[{\"@type\":\"ListItem\",\"position\":1,\"name\":\"Portada\",\"item\":\"https:\\\/\\\/www.euncet.com\\\/blog\\\/ca\\\/\"},{\"@type\":\"ListItem\",\"position\":2,\"name\":\"Intel\u00b7lig\u00e8ncia emocional a la feina: qu\u00e8 \u00e9s i com desenvolupar-la\"}]},{\"@type\":\"WebSite\",\"@id\":\"https:\\\/\\\/www.euncet.com\\\/blog\\\/ca\\\/#website\",\"url\":\"https:\\\/\\\/www.euncet.com\\\/blog\\\/ca\\\/\",\"name\":\"Euncet Business School\",\"description\":\"Escuela de negocios\",\"potentialAction\":[{\"@type\":\"SearchAction\",\"target\":{\"@type\":\"EntryPoint\",\"urlTemplate\":\"https:\\\/\\\/www.euncet.com\\\/blog\\\/ca\\\/?s={search_term_string}\"},\"query-input\":{\"@type\":\"PropertyValueSpecification\",\"valueRequired\":true,\"valueName\":\"search_term_string\"}}],\"inLanguage\":\"ca\"},{\"@type\":\"Person\",\"@id\":\"https:\\\/\\\/www.euncet.com\\\/blog\\\/ca\\\/#\\\/schema\\\/person\\\/99af75e5542a1921c07408d5ae3a7811\",\"name\":\"Carolina Llacher Alsina\",\"image\":{\"@type\":\"ImageObject\",\"inLanguage\":\"ca\",\"@id\":\"https:\\\/\\\/www.euncet.com\\\/blog\\\/wp-content\\\/uploads\\\/2025\\\/12\\\/Foto-Carolina-Llacher-pro_Carolina-Llacher-Als_300x300-96x96.png\",\"url\":\"https:\\\/\\\/www.euncet.com\\\/blog\\\/wp-content\\\/uploads\\\/2025\\\/12\\\/Foto-Carolina-Llacher-pro_Carolina-Llacher-Als_300x300-96x96.png\",\"contentUrl\":\"https:\\\/\\\/www.euncet.com\\\/blog\\\/wp-content\\\/uploads\\\/2025\\\/12\\\/Foto-Carolina-Llacher-pro_Carolina-Llacher-Als_300x300-96x96.png\",\"caption\":\"Carolina Llacher Alsina\"},\"sameAs\":[\"https:\\\/\\\/es.linkedin.com\\\/in\\\/carolinallacher?trk=public_profile_browsemap\"],\"url\":\"https:\\\/\\\/www.euncet.com\\\/blog\\\/ca\\\/author\\\/carolina-llacher-alsina\\\/\"}]}<\/script>\n<!-- \/ Yoast SEO plugin. -->","yoast_head_json":{"title":"Intel\u00b7lig\u00e8ncia emocional en el treball \u25b6 DESENVOLUPA-LA","description":"Intel\u00b7lig\u00e8ncia emocional en el treball \u25b6 DESENVOLUPA-LA. Descobreix com gestionar les emocions per millorar el teu lideratge i \u00e8xit professional","robots":{"index":"index","follow":"follow","max-snippet":"max-snippet:-1","max-image-preview":"max-image-preview:large","max-video-preview":"max-video-preview:-1"},"canonical":"https:\/\/www.euncet.com\/blog\/ca\/intelligencia-emocional-treball-desenvolupala\/","og_locale":"ca_ES","og_type":"article","og_title":"Intel\u00b7lig\u00e8ncia emocional en el treball \u25b6 DESENVOLUPA-LA","og_description":"Intel\u00b7lig\u00e8ncia emocional en el treball \u25b6 DESENVOLUPA-LA. Descobreix com gestionar les emocions per millorar el teu lideratge i \u00e8xit professional","og_url":"https:\/\/www.euncet.com\/blog\/ca\/intelligencia-emocional-treball-desenvolupala\/","og_site_name":"Euncet Business School","article_publisher":"https:\/\/www.facebook.com\/euncet","article_published_time":"2026-04-07T10:01:02+00:00","article_modified_time":"2026-04-27T11:11:14+00:00","og_image":[{"width":1030,"height":575,"url":"https:\/\/www.euncet.com\/blog\/wp-content\/uploads\/2026\/04\/inteligencia-emocional-desarrollarla-1059-1030x575.png","type":"image\/png"}],"author":"Carolina Llacher Alsina","twitter_card":"summary_large_image","twitter_creator":"@euncet","twitter_site":"@euncet","twitter_misc":{"Escrit per":"Carolina Llacher Alsina","Temps estimat de lectura":"8 minuts"},"schema":{"@context":"https:\/\/schema.org","@graph":[{"@type":"Article","@id":"https:\/\/www.euncet.com\/blog\/ca\/intelligencia-emocional-treball-desenvolupala\/#article","isPartOf":{"@id":"https:\/\/www.euncet.com\/blog\/ca\/intelligencia-emocional-treball-desenvolupala\/"},"author":{"name":"Carolina Llacher Alsina","@id":"https:\/\/www.euncet.com\/blog\/ca\/#\/schema\/person\/99af75e5542a1921c07408d5ae3a7811"},"headline":"Intel\u00b7lig\u00e8ncia emocional a la feina: qu\u00e8 \u00e9s i com desenvolupar-la","datePublished":"2026-04-07T10:01:02+00:00","dateModified":"2026-04-27T11:11:14+00:00","mainEntityOfPage":{"@id":"https:\/\/www.euncet.com\/blog\/ca\/intelligencia-emocional-treball-desenvolupala\/"},"wordCount":1762,"commentCount":0,"image":{"@id":"https:\/\/www.euncet.com\/blog\/ca\/intelligencia-emocional-treball-desenvolupala\/#primaryimage"},"thumbnailUrl":"https:\/\/www.euncet.com\/blog\/wp-content\/uploads\/2026\/04\/inteligencia-emocional-desarrollarla-1059-scaled.png","keywords":["intel\u00b7lig\u00e8ncia emocional en el treball"],"articleSection":["Leadership &amp; Management: tend\u00e8ncies"],"inLanguage":"ca","potentialAction":[{"@type":"CommentAction","name":"Comment","target":["https:\/\/www.euncet.com\/blog\/ca\/intelligencia-emocional-treball-desenvolupala\/#respond"]}]},{"@type":"WebPage","@id":"https:\/\/www.euncet.com\/blog\/ca\/intelligencia-emocional-treball-desenvolupala\/","url":"https:\/\/www.euncet.com\/blog\/ca\/intelligencia-emocional-treball-desenvolupala\/","name":"Intel\u00b7lig\u00e8ncia emocional en el treball \u25b6 DESENVOLUPA-LA","isPartOf":{"@id":"https:\/\/www.euncet.com\/blog\/ca\/#website"},"primaryImageOfPage":{"@id":"https:\/\/www.euncet.com\/blog\/ca\/intelligencia-emocional-treball-desenvolupala\/#primaryimage"},"image":{"@id":"https:\/\/www.euncet.com\/blog\/ca\/intelligencia-emocional-treball-desenvolupala\/#primaryimage"},"thumbnailUrl":"https:\/\/www.euncet.com\/blog\/wp-content\/uploads\/2026\/04\/inteligencia-emocional-desarrollarla-1059-scaled.png","datePublished":"2026-04-07T10:01:02+00:00","dateModified":"2026-04-27T11:11:14+00:00","author":{"@id":"https:\/\/www.euncet.com\/blog\/ca\/#\/schema\/person\/99af75e5542a1921c07408d5ae3a7811"},"description":"Intel\u00b7lig\u00e8ncia emocional en el treball \u25b6 DESENVOLUPA-LA. Descobreix com gestionar les emocions per millorar el teu lideratge i \u00e8xit professional","breadcrumb":{"@id":"https:\/\/www.euncet.com\/blog\/ca\/intelligencia-emocional-treball-desenvolupala\/#breadcrumb"},"inLanguage":"ca","potentialAction":[{"@type":"ReadAction","target":["https:\/\/www.euncet.com\/blog\/ca\/intelligencia-emocional-treball-desenvolupala\/"]}]},{"@type":"ImageObject","inLanguage":"ca","@id":"https:\/\/www.euncet.com\/blog\/ca\/intelligencia-emocional-treball-desenvolupala\/#primaryimage","url":"https:\/\/www.euncet.com\/blog\/wp-content\/uploads\/2026\/04\/inteligencia-emocional-desarrollarla-1059-scaled.png","contentUrl":"https:\/\/www.euncet.com\/blog\/wp-content\/uploads\/2026\/04\/inteligencia-emocional-desarrollarla-1059-scaled.png","width":2560,"height":1429,"caption":"intel\u00b7lig\u00e8ncia emocional en el treball"},{"@type":"BreadcrumbList","@id":"https:\/\/www.euncet.com\/blog\/ca\/intelligencia-emocional-treball-desenvolupala\/#breadcrumb","itemListElement":[{"@type":"ListItem","position":1,"name":"Portada","item":"https:\/\/www.euncet.com\/blog\/ca\/"},{"@type":"ListItem","position":2,"name":"Intel\u00b7lig\u00e8ncia emocional a la feina: qu\u00e8 \u00e9s i com desenvolupar-la"}]},{"@type":"WebSite","@id":"https:\/\/www.euncet.com\/blog\/ca\/#website","url":"https:\/\/www.euncet.com\/blog\/ca\/","name":"Euncet Business School","description":"Escuela de negocios","potentialAction":[{"@type":"SearchAction","target":{"@type":"EntryPoint","urlTemplate":"https:\/\/www.euncet.com\/blog\/ca\/?s={search_term_string}"},"query-input":{"@type":"PropertyValueSpecification","valueRequired":true,"valueName":"search_term_string"}}],"inLanguage":"ca"},{"@type":"Person","@id":"https:\/\/www.euncet.com\/blog\/ca\/#\/schema\/person\/99af75e5542a1921c07408d5ae3a7811","name":"Carolina Llacher Alsina","image":{"@type":"ImageObject","inLanguage":"ca","@id":"https:\/\/www.euncet.com\/blog\/wp-content\/uploads\/2025\/12\/Foto-Carolina-Llacher-pro_Carolina-Llacher-Als_300x300-96x96.png","url":"https:\/\/www.euncet.com\/blog\/wp-content\/uploads\/2025\/12\/Foto-Carolina-Llacher-pro_Carolina-Llacher-Als_300x300-96x96.png","contentUrl":"https:\/\/www.euncet.com\/blog\/wp-content\/uploads\/2025\/12\/Foto-Carolina-Llacher-pro_Carolina-Llacher-Als_300x300-96x96.png","caption":"Carolina Llacher Alsina"},"sameAs":["https:\/\/es.linkedin.com\/in\/carolinallacher?trk=public_profile_browsemap"],"url":"https:\/\/www.euncet.com\/blog\/ca\/author\/carolina-llacher-alsina\/"}]}},"_links":{"self":[{"href":"https:\/\/www.euncet.com\/blog\/ca\/wp-json\/wp\/v2\/posts\/67298","targetHints":{"allow":["GET"]}}],"collection":[{"href":"https:\/\/www.euncet.com\/blog\/ca\/wp-json\/wp\/v2\/posts"}],"about":[{"href":"https:\/\/www.euncet.com\/blog\/ca\/wp-json\/wp\/v2\/types\/post"}],"author":[{"embeddable":true,"href":"https:\/\/www.euncet.com\/blog\/ca\/wp-json\/wp\/v2\/users\/37"}],"replies":[{"embeddable":true,"href":"https:\/\/www.euncet.com\/blog\/ca\/wp-json\/wp\/v2\/comments?post=67298"}],"version-history":[{"count":2,"href":"https:\/\/www.euncet.com\/blog\/ca\/wp-json\/wp\/v2\/posts\/67298\/revisions"}],"predecessor-version":[{"id":67303,"href":"https:\/\/www.euncet.com\/blog\/ca\/wp-json\/wp\/v2\/posts\/67298\/revisions\/67303"}],"wp:featuredmedia":[{"embeddable":true,"href":"https:\/\/www.euncet.com\/blog\/ca\/wp-json\/wp\/v2\/media\/67183"}],"wp:attachment":[{"href":"https:\/\/www.euncet.com\/blog\/ca\/wp-json\/wp\/v2\/media?parent=67298"}],"wp:term":[{"taxonomy":"category","embeddable":true,"href":"https:\/\/www.euncet.com\/blog\/ca\/wp-json\/wp\/v2\/categories?post=67298"},{"taxonomy":"post_tag","embeddable":true,"href":"https:\/\/www.euncet.com\/blog\/ca\/wp-json\/wp\/v2\/tags?post=67298"}],"curies":[{"name":"wp","href":"https:\/\/api.w.org\/{rel}","templated":true}]}}