{"id":67311,"date":"2026-04-13T16:21:24","date_gmt":"2026-04-13T14:21:24","guid":{"rendered":"https:\/\/www.euncet.com\/blog\/?p=67311"},"modified":"2026-04-29T17:03:55","modified_gmt":"2026-04-29T15:03:55","slug":"parlar-public-com-convencer-audiencia","status":"publish","type":"post","link":"https:\/\/www.euncet.com\/blog\/ca\/parlar-public-com-convencer-audiencia\/","title":{"rendered":"Com parlar en p\u00fablic amb seguretat i conv\u00e8ncer la teva audi\u00e8ncia"},"content":{"rendered":"\n<p>El por a&nbsp;<strong><em>parlar en p\u00fablic<\/em><\/strong>&nbsp;(glossof\u00f2bia) \u00e9s un dels temors m\u00e9s habituals. De fet, en algunes enquestes apareix fins i tot per sobre de la por a la mort. Per\u00f2, en l&#8217;entorn professional, saber explicar una idea amb claredat i amb intenci\u00f3 no \u00e9s un extra: \u00e9s una compet\u00e8ncia clau. Presentar un projecte davant d&#8217;inversors, liderar una reuni\u00f3 o impartir una confer\u00e8ncia exigeix alguna cosa m\u00e9s que tenir bons arguments; exigeix transmetre&#8217;ls d&#8217;una forma que connecti i deixi empremta.<\/p><div id=\"ez-toc-container\" class=\"ez-toc-v2_0_82_2 counter-hierarchy ez-toc-counter ez-toc-custom ez-toc-container-direction\">\n<div class=\"ez-toc-title-container\">\n<p class=\"ez-toc-title\" style=\"cursor:inherit\">\u00cdNDEX DE CONTINGUTS<\/p>\n<span class=\"ez-toc-title-toggle\"><a href=\"#\" class=\"ez-toc-pull-right ez-toc-btn ez-toc-btn-xs ez-toc-btn-default ez-toc-toggle\" aria-label=\"Toggle Table of Content\"><span class=\"ez-toc-js-icon-con\"><span class=\"\"><span class=\"eztoc-hide\" style=\"display:none;\">Toggle<\/span><span class=\"ez-toc-icon-toggle-span\"><svg style=\"fill: #222222;color:#222222\" xmlns=\"http:\/\/www.w3.org\/2000\/svg\" class=\"list-377408\" width=\"20px\" height=\"20px\" viewBox=\"0 0 24 24\" fill=\"none\"><path d=\"M6 6H4v2h2V6zm14 0H8v2h12V6zM4 11h2v2H4v-2zm16 0H8v2h12v-2zM4 16h2v2H4v-2zm16 0H8v2h12v-2z\" fill=\"currentColor\"><\/path><\/svg><svg style=\"fill: #222222;color:#222222\" class=\"arrow-unsorted-368013\" xmlns=\"http:\/\/www.w3.org\/2000\/svg\" width=\"10px\" height=\"10px\" viewBox=\"0 0 24 24\" version=\"1.2\" baseProfile=\"tiny\"><path d=\"M18.2 9.3l-6.2-6.3-6.2 6.3c-.2.2-.3.4-.3.7s.1.5.3.7c.2.2.4.3.7.3h11c.3 0 .5-.1.7-.3.2-.2.3-.5.3-.7s-.1-.5-.3-.7zM5.8 14.7l6.2 6.3 6.2-6.3c.2-.2.3-.5.3-.7s-.1-.5-.3-.7c-.2-.2-.4-.3-.7-.3h-11c-.3 0-.5.1-.7.3-.2.2-.3.5-.3.7s.1.5.3.7z\"\/><\/svg><\/span><\/span><\/span><\/a><\/span><\/div>\n<nav><ul class='ez-toc-list ez-toc-list-level-1 ' ><li class='ez-toc-page-1 ez-toc-heading-level-2'><a class=\"ez-toc-link ez-toc-heading-1\" href=\"https:\/\/www.euncet.com\/blog\/ca\/parlar-public-com-convencer-audiencia\/#Lanatomia_dun_discurs_persuasiu\" >L&#8217;anatomia d&#8217;un discurs persuasiu<\/a><\/li><li class='ez-toc-page-1 ez-toc-heading-level-2'><a class=\"ez-toc-link ez-toc-heading-2\" href=\"https:\/\/www.euncet.com\/blog\/ca\/parlar-public-com-convencer-audiencia\/#Estrategies_per_superar_la_por_escenica\" >Estrat\u00e8gies per superar la por esc\u00e8nica<\/a><\/li><li class='ez-toc-page-1 ez-toc-heading-level-2'><a class=\"ez-toc-link ez-toc-heading-3\" href=\"https:\/\/www.euncet.com\/blog\/ca\/parlar-public-com-convencer-audiencia\/#El_poder_de_lexpressio_oral_i_el_llenguatge_no_verbal\" >El poder de l&#8217;expressi\u00f3 oral i el llenguatge no verbal<\/a><\/li><li class='ez-toc-page-1 ez-toc-heading-level-2'><a class=\"ez-toc-link ez-toc-heading-4\" href=\"https:\/\/www.euncet.com\/blog\/ca\/parlar-public-com-convencer-audiencia\/#Comparativa_Orador_Novell_vs_Orador_Persuasiu\" >Comparativa: Orador Novell vs. Orador Persuasiu<\/a><\/li><li class='ez-toc-page-1 ez-toc-heading-level-2'><a class=\"ez-toc-link ez-toc-heading-5\" href=\"https:\/\/www.euncet.com\/blog\/ca\/parlar-public-com-convencer-audiencia\/#Com_estructurar_presentacions_impactants\" >Com estructurar presentacions impactants<\/a><\/li><li class='ez-toc-page-1 ez-toc-heading-level-2'><a class=\"ez-toc-link ez-toc-heading-6\" href=\"https:\/\/www.euncet.com\/blog\/ca\/parlar-public-com-convencer-audiencia\/#La_importancia_de_lescolta_activa_en_loratoria\" >La import\u00e0ncia de l&#8217;escolta activa en l&#8217;orat\u00f2ria<\/a><\/li><li class='ez-toc-page-1 ez-toc-heading-level-2'><a class=\"ez-toc-link ez-toc-heading-7\" href=\"https:\/\/www.euncet.com\/blog\/ca\/parlar-public-com-convencer-audiencia\/#El_rol_del_suport_visual\" >El rol del suport visual<\/a><\/li><li class='ez-toc-page-1 ez-toc-heading-level-2'><a class=\"ez-toc-link ez-toc-heading-8\" href=\"https:\/\/www.euncet.com\/blog\/ca\/parlar-public-com-convencer-audiencia\/#Limpacte_de_lstorytelling_en_la_retencio_del_missatge\" >L&#8217;impacte de l&#8217;storytelling en la retenci\u00f3 del missatge<\/a><\/li><li class='ez-toc-page-1 ez-toc-heading-level-2'><a class=\"ez-toc-link ez-toc-heading-9\" href=\"https:\/\/www.euncet.com\/blog\/ca\/parlar-public-com-convencer-audiencia\/#Format_per_liderar_a_traves_de_la_paraula\" >Forma&#8217;t per liderar a trav\u00e9s de la paraula<\/a><\/li><li class='ez-toc-page-1 ez-toc-heading-level-2'><a class=\"ez-toc-link ez-toc-heading-10\" href=\"https:\/\/www.euncet.com\/blog\/ca\/parlar-public-com-convencer-audiencia\/#Conclusio_la_teva_veu_es_la_teva_millor_eina_de_lideratge\" >Conclusi\u00f3: la teva veu \u00e9s la teva millor eina de lideratge<\/a><\/li><\/ul><\/nav><\/div>\n\n\n\n\n<p>La bona not\u00edcia \u00e9s que l&#8217;orat\u00f2ria no \u00e9s un do reservat a unes poques persones. \u00c9s una habilitat t\u00e8cnica, emocional i pr\u00e0ctica que s&#8217;entrena. Amb m\u00e8tode, acompanyament i pr\u00e0ctica constant, qualsevol professional pot convertir els nervis inicials en energia \u00fatil i aconseguir una comunicaci\u00f3 m\u00e9s segura, m\u00e9s efectiva i m\u00e9s connectada amb la seva audi\u00e8ncia.<\/p>\n\n\n\n<h2 class=\"wp-block-heading\"><span class=\"ez-toc-section\" id=\"Lanatomia_dun_discurs_persuasiu\"><\/span>L&#8217;anatomia d&#8217;un discurs persuasiu<span class=\"ez-toc-section-end\"><\/span><\/h2>\n\n\n\n<p>Un discurs persuasiu no es basa \u00fanicament en l&#8217;eloq\u00fc\u00e8ncia de l&#8217;orador, sin\u00f3 en una estructura s\u00f2lida dissenyada per guiar l&#8217;audi\u00e8ncia des d&#8217;un punt A (el seu estat actual) fins a un punt B (l&#8217;acci\u00f3 o creen\u00e7a que desitges inspirar). Per aconseguir-ho, \u00e9s essencial dominar els tres pilars cl\u00e0ssics de la ret\u00f2rica aristot\u00e8lica, que continuen sent plenament vigents avui dia:<\/p>\n\n\n\n<ul class=\"wp-block-list\">\n<li><strong>Ethos (Credibilitat):<\/strong>\u00a0L&#8217;audi\u00e8ncia ha de percebre&#8217;t com una autoritat en la mat\u00e8ria. Aix\u00f2 s&#8217;aconsegueix demostrant coneixement, experi\u00e8ncia i, sobretot, honestedat.<\/li>\n\n\n\n<li><strong>Pathos (Emoci\u00f3):<\/strong>\u00a0Les decisions humanes estan fortament influenciades per les emocions. Un bon orador sap connectar a nivell emocional mitjan\u00e7ant hist\u00f2ries (<a href=\"https:\/\/www.euncet.com\/blog\/ca\/blog-2\/?p=41612&#038;p=57085\" target=\"_blank\" rel=\"noreferrer noopener\">storytelling<\/a>), an\u00e8cdotes i un llenguatge no verbal emp\u00e0tic.<\/li>\n\n\n\n<li><strong>Logos (L\u00f2gica):<\/strong>\u00a0L&#8217;argument ha de tenir sentit. Les dades, les estad\u00edstiques i un raonament estructurat proporcionen la base racional que justifica l&#8217;emoci\u00f3.<\/li>\n<\/ul>\n\n\n\n<h2 class=\"wp-block-heading\"><span class=\"ez-toc-section\" id=\"Estrategies_per_superar_la_por_escenica\"><\/span>Estrat\u00e8gies per superar la por esc\u00e8nica<span class=\"ez-toc-section-end\"><\/span><\/h2>\n\n\n\n<p>El primer obstacle per aconseguir presentacions impactants sol ser la pr\u00f2pia ment de l&#8217;orador. L&#8217;ansietat abans de parlar \u00e9s una resposta fisiol\u00f2gica natural (la famosa resposta de \u00ablluita o fugida\u00bb), per\u00f2 pot gestionar-se perqu\u00e8 jugui a favor teu.<\/p>\n\n\n\n<ol class=\"wp-block-list\">\n<li>En primer lloc, la preparaci\u00f3 exhaustiva \u00e9s el millor ant\u00eddot contra el nerviosisme. Con\u00e8ixer el teu tema en profunditat et permet improvisar si \u00e9s necessari i respondre a preguntes inesperades. A m\u00e9s, t\u00e8cniques de respiraci\u00f3 diafragm\u00e0tica abans de pujar a l&#8217;escenari ajuden a reduir el ritme card\u00edac i a oxigenar el cervell, millorant la claredat mental.<\/li>\n\n\n\n<li>Una altra t\u00e8cnica efectiva \u00e9s la visualitzaci\u00f3 positiva. En lloc d&#8217;imaginar escenaris catastr\u00f2fics (oblidar el gui\u00f3, fallades t\u00e8cniques), els oradors experimentats visualitzen l&#8217;\u00e8xit de la seva intervenci\u00f3. Finalment, \u00e9s crucial canviar l&#8217;enfocament: en lloc de centrar-te en tu mateix i en com et perceben, concentra&#8217;t en el valor que el teu missatge aporta a l&#8217;audi\u00e8ncia.<\/li>\n<\/ol>\n\n\n\n<h2 class=\"wp-block-heading\"><span class=\"ez-toc-section\" id=\"El_poder_de_lexpressio_oral_i_el_llenguatge_no_verbal\"><\/span>El poder de l&#8217;expressi\u00f3 oral i el llenguatge no verbal<span class=\"ez-toc-section-end\"><\/span><\/h2>\n\n\n\n<p>En parlar en p\u00fablic, el \u00abcom\u00bb es diu sol pesar tant com el \u00abqu\u00e8\u00bb es diu. L&#8217;expressi\u00f3 oral inclou elements com el to, el volum, el ritme i les pauses. Una intervenci\u00f3 mon\u00f2tona desconnecta l&#8217;audi\u00e8ncia; en canvi, una veu ben modulada ajuda a mantenir l&#8217;atenci\u00f3 i a subratllar les idees importants.<\/p>\n\n\n\n<p>Les pauses, en particular, s\u00f3n una eina molt poderosa. Un silenci ben col\u00b7locat abans d&#8217;una afirmaci\u00f3 rellevant genera expectaci\u00f3; un silenci despr\u00e9s permet que la idea reposi i sigui assimilada per qui escolta.<\/p>\n\n\n\n<p>Paral\u00b7lelament, el llenguatge no verbal ha d&#8217;estar alineat amb el missatge verbal. La postura ha de ser oberta i al\u00e7ada, projectant seguretat. El contacte visual \u00e9s fonamental per establir una connexi\u00f3 directa amb el p\u00fablic; en lloc de mirar al buit, intenta sostenir la mirada amb diferents persones durant uns segons. Els gestos amb les mans han de ser naturals i acompanyar l&#8217;explicaci\u00f3, evitant moviments repetitius que puguin distreure.<\/p>\n\n\n\n<h2 class=\"wp-block-heading\"><span class=\"ez-toc-section\" id=\"Comparativa_Orador_Novell_vs_Orador_Persuasiu\"><\/span>Comparativa: Orador Novell vs. Orador Persuasiu<span class=\"ez-toc-section-end\"><\/span><\/h2>\n\n\n\n<p>Per entendre millor les \u00e0rees de millora, vegem les difer\u00e8ncies clau entre un enfocament inexpert i un de professional en l&#8217;orat\u00f2ria.<\/p>\n\n\n\n<figure class=\"wp-block-table\"><table class=\"has-fixed-layout\"><thead><tr><th>Aspecte<\/th><th>Orador Novell<\/th><th>Orador Persuasiu<\/th><\/tr><\/thead><tbody><tr><td><strong>Enfocament principal<\/strong><\/td><td>Centrat en si mateix (no equivocar-se, quedar b\u00e9).<\/td><td>Centrat en l&#8217;audi\u00e8ncia (quin valor s&#8217;emporten).<\/td><\/tr><tr><td><strong>Estructura<\/strong><\/td><td>Lineal, sovint una lectura de diapositives plenes de text.<\/td><td>Narrativa (storytelling), amb un inici ganxo i un tancament memorable.<\/td><\/tr><tr><td><strong>\u00das de la veu<\/strong><\/td><td>Mon\u00f2ton, ritme accelerat pels nervis, sense pauses.<\/td><td>Modulaci\u00f3 conscient, \u00fas estrat\u00e8gic de silencis per emfatitzar.<\/td><\/tr><tr><td><strong>Llenguatge no verbal<\/strong><\/td><td>Postura tancada, mirada a les notes o a la pantalla, gestos nerviosos.<\/td><td>Postura oberta, contacte visual directe, gestos que acompanyen el missatge.<\/td><\/tr><tr><td><strong>Gesti\u00f3 d&#8217;imprevistos<\/strong><\/td><td>Bloqueig o p\u00e0nic davant preguntes dif\u00edcils o fallades t\u00e8cniques.<\/td><td>Flexibilitat, \u00fas de l&#8217;humor i capacitat de reconduir la situaci\u00f3.<\/td><\/tr><\/tbody><\/table><\/figure>\n\n\n\n<h2 class=\"wp-block-heading\"><span class=\"ez-toc-section\" id=\"Com_estructurar_presentacions_impactants\"><\/span>Com estructurar presentacions impactants<span class=\"ez-toc-section-end\"><\/span><\/h2>\n\n\n\n<p>El disseny de la presentaci\u00f3 \u00e9s l&#8217;esquelet que sost\u00e9 el teu discurs. Per aix\u00f2, una estructura cl\u00e0ssica i altament efectiva es divideix en tres parts: obertura, desenvolupament i tancament:<\/p>\n\n\n\n<ul class=\"wp-block-list\">\n<li>L&#8217;obertura ha de captar l&#8217;atenci\u00f3 en els primers 30 segons. Pots comen\u00e7ar amb una pregunta provocadora, una estad\u00edstica sorprenent o una hist\u00f2ria personal breu. L&#8217;objectiu \u00e9s que l&#8217;audi\u00e8ncia decideixi, des del primer moment, que val la pena escoltar-te.<\/li>\n\n\n\n<li>El desenvolupament s&#8217;ha de centrar en un m\u00e0xim de tres idees principals. La mem\u00f2ria a curt termini de l&#8217;\u00e9sser hum\u00e0 \u00e9s limitada, i aclaparar el p\u00fablic amb massa dades dilueix el missatge central. Cada idea ha d&#8217;estar recolzada per evid\u00e8ncies (dades) i exemples (hist\u00f2ries) que en facilitin la comprensi\u00f3.<\/li>\n\n\n\n<li>El tancament \u00e9s la teva \u00faltima oportunitat per deixar una impressi\u00f3 duradora. Evita acabar amb un simple \u00abaix\u00f2 \u00e9s tot\u00bb. Resumeix breument els punts clau i finalitza amb una crida a l&#8217;acci\u00f3 (<a href=\"https:\/\/www.euncet.com\/blog\/ca\/blog-2\/?p=41612&#038;p=59134\" target=\"_blank\" rel=\"noreferrer noopener\">Call to Action<\/a>) clara i contundent, indicant a l&#8217;audi\u00e8ncia exactament qu\u00e8 esperes que facin amb la informaci\u00f3 que acaben de rebre.<\/li>\n<\/ul>\n\n\n\n<h2 class=\"wp-block-heading\"><span class=\"ez-toc-section\" id=\"La_importancia_de_lescolta_activa_en_loratoria\"><\/span>La import\u00e0ncia de l&#8217;escolta activa en l&#8217;orat\u00f2ria<span class=\"ez-toc-section-end\"><\/span><\/h2>\n\n\n\n<p>Encara que pugui semblar contradictori, un dels secrets m\u00e9s ben guardats dels grans oradors \u00e9s la seva capacitat per escoltar. Cal tenir en compte que la comunicaci\u00f3 efectiva no \u00e9s un mon\u00f2leg unidireccional, sin\u00f3 un di\u00e0leg din\u00e0mic amb l&#8217;audi\u00e8ncia, fins i tot quan nom\u00e9s una persona t\u00e9 el micr\u00f2fon.<\/p>\n\n\n\n<p>En aquest sentit, un orador persuasiu \u00abescolta\u00bb el seu p\u00fablic a trav\u00e9s de l&#8217;observaci\u00f3 constant del seu llenguatge no verbal. Estan assentint amb el cap? Estan prenent notes? O, per contra, miren els seus tel\u00e8fons o creuen els bra\u00e7os? Aquesta retroalimentaci\u00f3 en temps real permet al ponent ajustar el seu discurs sobre la marxa: accelerar el ritme si nota avorriment, aturar-se a explicar un concepte si percep confusi\u00f3, o llan\u00e7ar una pregunta directa per recuperar l&#8217;atenci\u00f3 perduda.<\/p>\n\n\n\n<p>A m\u00e9s, la veritable escolta activa es posa a prova durant la sessi\u00f3 de preguntes i respostes (Q&amp;A). Respondre amb empatia, validar la inquietud de qui pregunta i reformular el dubte per assegurar que tots l&#8217;han ent\u00e8s, demostra un nivell de professionalitat i domini del tema que refor\u00e7a enormement la credibilitat (Ethos) constru\u00efda durant la presentaci\u00f3.<\/p>\n\n\n\n<h2 class=\"wp-block-heading\"><span class=\"ez-toc-section\" id=\"El_rol_del_suport_visual\"><\/span>El rol del suport visual<span class=\"ez-toc-section-end\"><\/span><\/h2>\n\n\n\n<p>Les diapositives (PowerPoint, Keynote) han de ser un suport per a l&#8217;orador, no un teleprompter. L&#8217;error m\u00e9s com\u00fa en les presentacions corporatives \u00e9s omplir les pantalles de text i llegir-les d&#8217;esquena al p\u00fablic. Aix\u00f2 no nom\u00e9s \u00e9s avorrit, sin\u00f3 que fa que l&#8217;orador sigui prescindible.<\/p>\n\n\n\n<p>Un bon suport visual es basa en imatges d&#8217;alta qualitat, gr\u00e0fics clars i paraules clau. Si l&#8217;audi\u00e8ncia est\u00e0 llegint la diapositiva, no t&#8217;est\u00e0 escoltant a tu. Dissenya les teves presentacions perqu\u00e8 complementin el teu discurs verbal, aportant claredat visual a conceptes complexos.<\/p>\n\n\n\n<h2 class=\"wp-block-heading\"><span class=\"ez-toc-section\" id=\"Limpacte_de_lstorytelling_en_la_retencio_del_missatge\"><\/span>L&#8217;impacte de l&#8217;storytelling en la retenci\u00f3 del missatge<span class=\"ez-toc-section-end\"><\/span><\/h2>\n\n\n\n<p>Els \u00e9ssers humans estem biol\u00f2gicament programats per recordar hist\u00f2ries, no llistes de dades a\u00efllades. I en aquest sentit, l&#8217;storytelling \u00e9s l&#8217;eina m\u00e9s poderosa en l&#8217;arsenal d&#8217;un orador persuasiu. Una hist\u00f2ria ben explicada activa\u00a0\u00e0rees del cervell relacionades amb l&#8217;empatia\u00a0i l&#8217;experi\u00e8ncia sensorial, fent que el missatge no nom\u00e9s s&#8217;entengui, sin\u00f3 que se senti.<\/p>\n\n\n\n<p>Per integrar l&#8217;storytelling en les teves presentacions, pots rec\u00f3rrer a an\u00e8cdotes personals, casos de clients o met\u00e0fores que expliquin la teva idea principal. Una bona hist\u00f2ria corporativa sol tenir una estructura senzilla: un protagonista, el teu client, el teu equip, s&#8217;enfronta a un desafiament, troba una eina o una estrat\u00e8gia i aconsegueix superar l&#8217;obstacle.<\/p>\n\n\n\n<p>Quan les dades i els arguments s&#8217;integren en una narrativa emocional, augmenta molt la probabilitat que l&#8217;audi\u00e8ncia recordi el missatge dies, setmanes o fins i tot mesos despr\u00e9s de la intervenci\u00f3.<\/p>\n\n\n\n<h2 class=\"wp-block-heading\"><span class=\"ez-toc-section\" id=\"Format_per_liderar_a_traves_de_la_paraula\"><\/span>Forma&#8217;t per liderar a trav\u00e9s de la paraula<span class=\"ez-toc-section-end\"><\/span><\/h2>\n\n\n\n<p>Dominar l&#8217;orat\u00f2ria requereix pr\u00e0ctica guiada i feedback professional. Per a aquells professionals que desitgen fer un salt qualitatiu en les seves habilitats comunicatives, Euncet Business School ofereix el\u00a0<a href=\"https:\/\/www.euncet.com\/ca\/cursos-de-formacio\/curs-oratoria\/\" target=\"_blank\" rel=\"noreferrer noopener\">Curs d&#8217;Orat\u00f2ria: Lideratge per a Empreses<\/a>.<\/p>\n\n\n\n<p>Aquest programa intensiu de 4 dies, impartit en modalitat presencial al\u00a0<a href=\"https:\/\/www.euncet.com\/ca\/campus\/terrassa\/\" target=\"_blank\" rel=\"noreferrer noopener\">Campus de Terrassa<\/a>, est\u00e0 dissenyat per transformar la manera en qu\u00e8 et comuniques en l&#8217;entorn corporatiu. A trav\u00e9s d&#8217;una metodologia eminentment pr\u00e0ctica, basada en simulacions reals i din\u00e0miques de grup, els participants aprenen a estructurar les seves idees, dominar el seu llenguatge no verbal i desenvolupar una pres\u00e8ncia esc\u00e8nica que inspiri confian\u00e7a i autoritat.<\/p>\n\n\n\n<p>El curs no nom\u00e9s treballa la t\u00e8cnica vocal, sin\u00f3 tamb\u00e9 la psicologia de la persuasi\u00f3. L&#8217;objectiu \u00e9s que els participants s\u00e0piguen adaptar el seu missatge a p\u00fablics i contextos diferents, des de reunions d&#8217;equip fins a presentacions davant de grans audi\u00e8ncies. Amb l&#8217;acompanyament d&#8217;experts en comunicaci\u00f3, aprendr\u00e0s a recon\u00e8ixer el teu propi estil comunicatiu i a potenciar-lo per aconseguir major impacte.<\/p>\n\n\n\n<h2 class=\"wp-block-heading\"><span class=\"ez-toc-section\" id=\"Conclusio_la_teva_veu_es_la_teva_millor_eina_de_lideratge\"><\/span>Conclusi\u00f3: la teva veu \u00e9s la teva millor eina de lideratge<span class=\"ez-toc-section-end\"><\/span><\/h2>\n\n\n\n<p>La capacitat de comunicar amb claredat i convicci\u00f3 \u00e9s un diferenciador professional incalculable. I parlar en p\u00fablic consisteix m\u00e9s a ser aut\u00e8ntic i connectar genu\u00efnament amb les persones que t&#8217;escolten.<\/p>\n\n\n\n<p>Per aix\u00f2, invertir en les teves habilitats d&#8217;orat\u00f2ria \u00e9s invertir en la teva capacitat de lideratge. Quan aprens a estructurar les teves idees, a gestionar les teves emocions i a utilitzar la teva veu i el teu cos en sintonia amb el teu missatge, deixes de ser un simple transmissor de dades per convertir-te en un l\u00edder capa\u00e7 d&#8217;inspirar, persuadir i mobilitzar a l&#8217;acci\u00f3.<\/p>\n","protected":false},"excerpt":{"rendered":"<p>El por a&nbsp;parlar en p\u00fablic&nbsp;(glossof\u00f2bia) \u00e9s un dels temors m\u00e9s habituals. De fet, en algunes enquestes apareix fins i tot per sobre de la por a la mort. Per\u00f2, en l&#8217;entorn professional, saber explicar una idea amb claredat i amb intenci\u00f3 no \u00e9s un extra: \u00e9s una compet\u00e8ncia clau. Presentar un projecte davant d&#8217;inversors, liderar [&hellip;]<\/p>\n","protected":false},"author":36,"featured_media":67219,"comment_status":"open","ping_status":"open","sticky":false,"template":"","format":"standard","meta":{"_acf_changed":false,"footnotes":""},"categories":[453],"tags":[672],"class_list":["post-67311","post","type-post","status-publish","format-standard","has-post-thumbnail","hentry","category-leadership-management-ca","tag-parlar-en-public"],"acf":[],"yoast_head":"<!-- This site is optimized with the Yoast SEO plugin v27.5 - https:\/\/yoast.com\/product\/yoast-seo-wordpress\/ -->\n<title>Parlar en p\u00fablic \u25b6 com CONV\u00c8NCER la teva audi\u00e8ncia<\/title>\n<meta name=\"description\" content=\"Parlar en p\u00fablic \u25b6 com CONV\u00c8NCER la teva audi\u00e8ncia. Descobreix t\u00e8cniques d&#039;orat\u00f2ria, llenguatge no verbal i storytelling per liderar\" \/>\n<meta name=\"robots\" content=\"index, follow, max-snippet:-1, max-image-preview:large, max-video-preview:-1\" \/>\n<link rel=\"canonical\" href=\"https:\/\/www.euncet.com\/blog\/ca\/parlar-public-com-convencer-audiencia\/\" \/>\n<meta property=\"og:locale\" content=\"ca_ES\" \/>\n<meta property=\"og:type\" content=\"article\" \/>\n<meta property=\"og:title\" content=\"Parlar en p\u00fablic \u25b6 com CONV\u00c8NCER la teva audi\u00e8ncia\" \/>\n<meta property=\"og:description\" content=\"Parlar en p\u00fablic \u25b6 com CONV\u00c8NCER la teva audi\u00e8ncia. Descobreix t\u00e8cniques d&#039;orat\u00f2ria, llenguatge no verbal i storytelling per liderar\" \/>\n<meta property=\"og:url\" content=\"https:\/\/www.euncet.com\/blog\/ca\/parlar-public-com-convencer-audiencia\/\" \/>\n<meta property=\"og:site_name\" content=\"Euncet Business School\" \/>\n<meta property=\"article:publisher\" content=\"https:\/\/www.facebook.com\/euncet\" \/>\n<meta property=\"article:published_time\" content=\"2026-04-13T14:21:24+00:00\" \/>\n<meta property=\"article:modified_time\" content=\"2026-04-29T15:03:55+00:00\" \/>\n<meta property=\"og:image\" content=\"https:\/\/www.euncet.com\/blog\/wp-content\/uploads\/2026\/04\/hablar-publico-seguridad-convencer-tu-audiencia-1059-1030x575.png\" \/>\n\t<meta property=\"og:image:width\" content=\"1030\" \/>\n\t<meta property=\"og:image:height\" content=\"575\" \/>\n\t<meta property=\"og:image:type\" content=\"image\/png\" \/>\n<meta name=\"author\" content=\"Anna Llacher Alsina\" \/>\n<meta name=\"twitter:card\" content=\"summary_large_image\" \/>\n<meta name=\"twitter:creator\" content=\"@euncet\" \/>\n<meta name=\"twitter:site\" content=\"@euncet\" \/>\n<meta name=\"twitter:label1\" content=\"Escrit per\" \/>\n\t<meta name=\"twitter:data1\" content=\"Anna Llacher Alsina\" \/>\n\t<meta name=\"twitter:label2\" content=\"Temps estimat de lectura\" \/>\n\t<meta name=\"twitter:data2\" content=\"8 minuts\" \/>\n<script type=\"application\/ld+json\" class=\"yoast-schema-graph\">{\"@context\":\"https:\\\/\\\/schema.org\",\"@graph\":[{\"@type\":\"Article\",\"@id\":\"https:\\\/\\\/www.euncet.com\\\/blog\\\/ca\\\/parlar-public-com-convencer-audiencia\\\/#article\",\"isPartOf\":{\"@id\":\"https:\\\/\\\/www.euncet.com\\\/blog\\\/ca\\\/parlar-public-com-convencer-audiencia\\\/\"},\"author\":{\"name\":\"Anna Llacher Alsina\",\"@id\":\"https:\\\/\\\/www.euncet.com\\\/blog\\\/ca\\\/#\\\/schema\\\/person\\\/e846e3d91e4f5b93d62065ac5fb8d8ea\"},\"headline\":\"Com parlar en p\u00fablic amb seguretat i conv\u00e8ncer la teva audi\u00e8ncia\",\"datePublished\":\"2026-04-13T14:21:24+00:00\",\"dateModified\":\"2026-04-29T15:03:55+00:00\",\"mainEntityOfPage\":{\"@id\":\"https:\\\/\\\/www.euncet.com\\\/blog\\\/ca\\\/parlar-public-com-convencer-audiencia\\\/\"},\"wordCount\":1831,\"commentCount\":0,\"image\":{\"@id\":\"https:\\\/\\\/www.euncet.com\\\/blog\\\/ca\\\/parlar-public-com-convencer-audiencia\\\/#primaryimage\"},\"thumbnailUrl\":\"https:\\\/\\\/www.euncet.com\\\/blog\\\/wp-content\\\/uploads\\\/2026\\\/04\\\/hablar-publico-seguridad-convencer-tu-audiencia-1059-scaled.png\",\"keywords\":[\"parlar en p\u00fablic\"],\"articleSection\":[\"Leadership &amp; Management: tend\u00e8ncies\"],\"inLanguage\":\"ca\",\"potentialAction\":[{\"@type\":\"CommentAction\",\"name\":\"Comment\",\"target\":[\"https:\\\/\\\/www.euncet.com\\\/blog\\\/ca\\\/parlar-public-com-convencer-audiencia\\\/#respond\"]}]},{\"@type\":\"WebPage\",\"@id\":\"https:\\\/\\\/www.euncet.com\\\/blog\\\/ca\\\/parlar-public-com-convencer-audiencia\\\/\",\"url\":\"https:\\\/\\\/www.euncet.com\\\/blog\\\/ca\\\/parlar-public-com-convencer-audiencia\\\/\",\"name\":\"Parlar en p\u00fablic \u25b6 com CONV\u00c8NCER la teva audi\u00e8ncia\",\"isPartOf\":{\"@id\":\"https:\\\/\\\/www.euncet.com\\\/blog\\\/ca\\\/#website\"},\"primaryImageOfPage\":{\"@id\":\"https:\\\/\\\/www.euncet.com\\\/blog\\\/ca\\\/parlar-public-com-convencer-audiencia\\\/#primaryimage\"},\"image\":{\"@id\":\"https:\\\/\\\/www.euncet.com\\\/blog\\\/ca\\\/parlar-public-com-convencer-audiencia\\\/#primaryimage\"},\"thumbnailUrl\":\"https:\\\/\\\/www.euncet.com\\\/blog\\\/wp-content\\\/uploads\\\/2026\\\/04\\\/hablar-publico-seguridad-convencer-tu-audiencia-1059-scaled.png\",\"datePublished\":\"2026-04-13T14:21:24+00:00\",\"dateModified\":\"2026-04-29T15:03:55+00:00\",\"author\":{\"@id\":\"https:\\\/\\\/www.euncet.com\\\/blog\\\/ca\\\/#\\\/schema\\\/person\\\/e846e3d91e4f5b93d62065ac5fb8d8ea\"},\"description\":\"Parlar en p\u00fablic \u25b6 com CONV\u00c8NCER la teva audi\u00e8ncia. Descobreix t\u00e8cniques d'orat\u00f2ria, llenguatge no verbal i storytelling per liderar\",\"breadcrumb\":{\"@id\":\"https:\\\/\\\/www.euncet.com\\\/blog\\\/ca\\\/parlar-public-com-convencer-audiencia\\\/#breadcrumb\"},\"inLanguage\":\"ca\",\"potentialAction\":[{\"@type\":\"ReadAction\",\"target\":[\"https:\\\/\\\/www.euncet.com\\\/blog\\\/ca\\\/parlar-public-com-convencer-audiencia\\\/\"]}]},{\"@type\":\"ImageObject\",\"inLanguage\":\"ca\",\"@id\":\"https:\\\/\\\/www.euncet.com\\\/blog\\\/ca\\\/parlar-public-com-convencer-audiencia\\\/#primaryimage\",\"url\":\"https:\\\/\\\/www.euncet.com\\\/blog\\\/wp-content\\\/uploads\\\/2026\\\/04\\\/hablar-publico-seguridad-convencer-tu-audiencia-1059-scaled.png\",\"contentUrl\":\"https:\\\/\\\/www.euncet.com\\\/blog\\\/wp-content\\\/uploads\\\/2026\\\/04\\\/hablar-publico-seguridad-convencer-tu-audiencia-1059-scaled.png\",\"width\":2560,\"height\":1429,\"caption\":\"parlar en p\u00fablic\"},{\"@type\":\"BreadcrumbList\",\"@id\":\"https:\\\/\\\/www.euncet.com\\\/blog\\\/ca\\\/parlar-public-com-convencer-audiencia\\\/#breadcrumb\",\"itemListElement\":[{\"@type\":\"ListItem\",\"position\":1,\"name\":\"Portada\",\"item\":\"https:\\\/\\\/www.euncet.com\\\/blog\\\/ca\\\/\"},{\"@type\":\"ListItem\",\"position\":2,\"name\":\"Com parlar en p\u00fablic amb seguretat i conv\u00e8ncer la teva audi\u00e8ncia\"}]},{\"@type\":\"WebSite\",\"@id\":\"https:\\\/\\\/www.euncet.com\\\/blog\\\/ca\\\/#website\",\"url\":\"https:\\\/\\\/www.euncet.com\\\/blog\\\/ca\\\/\",\"name\":\"Euncet Business School\",\"description\":\"Escuela de negocios\",\"potentialAction\":[{\"@type\":\"SearchAction\",\"target\":{\"@type\":\"EntryPoint\",\"urlTemplate\":\"https:\\\/\\\/www.euncet.com\\\/blog\\\/ca\\\/?s={search_term_string}\"},\"query-input\":{\"@type\":\"PropertyValueSpecification\",\"valueRequired\":true,\"valueName\":\"search_term_string\"}}],\"inLanguage\":\"ca\"},{\"@type\":\"Person\",\"@id\":\"https:\\\/\\\/www.euncet.com\\\/blog\\\/ca\\\/#\\\/schema\\\/person\\\/e846e3d91e4f5b93d62065ac5fb8d8ea\",\"name\":\"Anna Llacher Alsina\",\"image\":{\"@type\":\"ImageObject\",\"inLanguage\":\"ca\",\"@id\":\"https:\\\/\\\/www.euncet.com\\\/blog\\\/wp-content\\\/uploads\\\/2025\\\/12\\\/Anna-Llacher_Anna-Llacher-Alsina_300x300-96x96.png\",\"url\":\"https:\\\/\\\/www.euncet.com\\\/blog\\\/wp-content\\\/uploads\\\/2025\\\/12\\\/Anna-Llacher_Anna-Llacher-Alsina_300x300-96x96.png\",\"contentUrl\":\"https:\\\/\\\/www.euncet.com\\\/blog\\\/wp-content\\\/uploads\\\/2025\\\/12\\\/Anna-Llacher_Anna-Llacher-Alsina_300x300-96x96.png\",\"caption\":\"Anna Llacher Alsina\"},\"sameAs\":[\"https:\\\/\\\/www.linkedin.com\\\/in\\\/annallacher\\\/?originalSubdomain=es\"],\"url\":\"https:\\\/\\\/www.euncet.com\\\/blog\\\/ca\\\/author\\\/anna-llacher-alsina\\\/\"}]}<\/script>\n<!-- \/ Yoast SEO plugin. -->","yoast_head_json":{"title":"Parlar en p\u00fablic \u25b6 com CONV\u00c8NCER la teva audi\u00e8ncia","description":"Parlar en p\u00fablic \u25b6 com CONV\u00c8NCER la teva audi\u00e8ncia. Descobreix t\u00e8cniques d'orat\u00f2ria, llenguatge no verbal i storytelling per liderar","robots":{"index":"index","follow":"follow","max-snippet":"max-snippet:-1","max-image-preview":"max-image-preview:large","max-video-preview":"max-video-preview:-1"},"canonical":"https:\/\/www.euncet.com\/blog\/ca\/parlar-public-com-convencer-audiencia\/","og_locale":"ca_ES","og_type":"article","og_title":"Parlar en p\u00fablic \u25b6 com CONV\u00c8NCER la teva audi\u00e8ncia","og_description":"Parlar en p\u00fablic \u25b6 com CONV\u00c8NCER la teva audi\u00e8ncia. Descobreix t\u00e8cniques d'orat\u00f2ria, llenguatge no verbal i storytelling per liderar","og_url":"https:\/\/www.euncet.com\/blog\/ca\/parlar-public-com-convencer-audiencia\/","og_site_name":"Euncet Business School","article_publisher":"https:\/\/www.facebook.com\/euncet","article_published_time":"2026-04-13T14:21:24+00:00","article_modified_time":"2026-04-29T15:03:55+00:00","og_image":[{"width":1030,"height":575,"url":"https:\/\/www.euncet.com\/blog\/wp-content\/uploads\/2026\/04\/hablar-publico-seguridad-convencer-tu-audiencia-1059-1030x575.png","type":"image\/png"}],"author":"Anna Llacher Alsina","twitter_card":"summary_large_image","twitter_creator":"@euncet","twitter_site":"@euncet","twitter_misc":{"Escrit per":"Anna Llacher Alsina","Temps estimat de lectura":"8 minuts"},"schema":{"@context":"https:\/\/schema.org","@graph":[{"@type":"Article","@id":"https:\/\/www.euncet.com\/blog\/ca\/parlar-public-com-convencer-audiencia\/#article","isPartOf":{"@id":"https:\/\/www.euncet.com\/blog\/ca\/parlar-public-com-convencer-audiencia\/"},"author":{"name":"Anna Llacher Alsina","@id":"https:\/\/www.euncet.com\/blog\/ca\/#\/schema\/person\/e846e3d91e4f5b93d62065ac5fb8d8ea"},"headline":"Com parlar en p\u00fablic amb seguretat i conv\u00e8ncer la teva audi\u00e8ncia","datePublished":"2026-04-13T14:21:24+00:00","dateModified":"2026-04-29T15:03:55+00:00","mainEntityOfPage":{"@id":"https:\/\/www.euncet.com\/blog\/ca\/parlar-public-com-convencer-audiencia\/"},"wordCount":1831,"commentCount":0,"image":{"@id":"https:\/\/www.euncet.com\/blog\/ca\/parlar-public-com-convencer-audiencia\/#primaryimage"},"thumbnailUrl":"https:\/\/www.euncet.com\/blog\/wp-content\/uploads\/2026\/04\/hablar-publico-seguridad-convencer-tu-audiencia-1059-scaled.png","keywords":["parlar en p\u00fablic"],"articleSection":["Leadership &amp; Management: tend\u00e8ncies"],"inLanguage":"ca","potentialAction":[{"@type":"CommentAction","name":"Comment","target":["https:\/\/www.euncet.com\/blog\/ca\/parlar-public-com-convencer-audiencia\/#respond"]}]},{"@type":"WebPage","@id":"https:\/\/www.euncet.com\/blog\/ca\/parlar-public-com-convencer-audiencia\/","url":"https:\/\/www.euncet.com\/blog\/ca\/parlar-public-com-convencer-audiencia\/","name":"Parlar en p\u00fablic \u25b6 com CONV\u00c8NCER la teva audi\u00e8ncia","isPartOf":{"@id":"https:\/\/www.euncet.com\/blog\/ca\/#website"},"primaryImageOfPage":{"@id":"https:\/\/www.euncet.com\/blog\/ca\/parlar-public-com-convencer-audiencia\/#primaryimage"},"image":{"@id":"https:\/\/www.euncet.com\/blog\/ca\/parlar-public-com-convencer-audiencia\/#primaryimage"},"thumbnailUrl":"https:\/\/www.euncet.com\/blog\/wp-content\/uploads\/2026\/04\/hablar-publico-seguridad-convencer-tu-audiencia-1059-scaled.png","datePublished":"2026-04-13T14:21:24+00:00","dateModified":"2026-04-29T15:03:55+00:00","author":{"@id":"https:\/\/www.euncet.com\/blog\/ca\/#\/schema\/person\/e846e3d91e4f5b93d62065ac5fb8d8ea"},"description":"Parlar en p\u00fablic \u25b6 com CONV\u00c8NCER la teva audi\u00e8ncia. Descobreix t\u00e8cniques d'orat\u00f2ria, llenguatge no verbal i storytelling per liderar","breadcrumb":{"@id":"https:\/\/www.euncet.com\/blog\/ca\/parlar-public-com-convencer-audiencia\/#breadcrumb"},"inLanguage":"ca","potentialAction":[{"@type":"ReadAction","target":["https:\/\/www.euncet.com\/blog\/ca\/parlar-public-com-convencer-audiencia\/"]}]},{"@type":"ImageObject","inLanguage":"ca","@id":"https:\/\/www.euncet.com\/blog\/ca\/parlar-public-com-convencer-audiencia\/#primaryimage","url":"https:\/\/www.euncet.com\/blog\/wp-content\/uploads\/2026\/04\/hablar-publico-seguridad-convencer-tu-audiencia-1059-scaled.png","contentUrl":"https:\/\/www.euncet.com\/blog\/wp-content\/uploads\/2026\/04\/hablar-publico-seguridad-convencer-tu-audiencia-1059-scaled.png","width":2560,"height":1429,"caption":"parlar en p\u00fablic"},{"@type":"BreadcrumbList","@id":"https:\/\/www.euncet.com\/blog\/ca\/parlar-public-com-convencer-audiencia\/#breadcrumb","itemListElement":[{"@type":"ListItem","position":1,"name":"Portada","item":"https:\/\/www.euncet.com\/blog\/ca\/"},{"@type":"ListItem","position":2,"name":"Com parlar en p\u00fablic amb seguretat i conv\u00e8ncer la teva audi\u00e8ncia"}]},{"@type":"WebSite","@id":"https:\/\/www.euncet.com\/blog\/ca\/#website","url":"https:\/\/www.euncet.com\/blog\/ca\/","name":"Euncet Business School","description":"Escuela de negocios","potentialAction":[{"@type":"SearchAction","target":{"@type":"EntryPoint","urlTemplate":"https:\/\/www.euncet.com\/blog\/ca\/?s={search_term_string}"},"query-input":{"@type":"PropertyValueSpecification","valueRequired":true,"valueName":"search_term_string"}}],"inLanguage":"ca"},{"@type":"Person","@id":"https:\/\/www.euncet.com\/blog\/ca\/#\/schema\/person\/e846e3d91e4f5b93d62065ac5fb8d8ea","name":"Anna Llacher Alsina","image":{"@type":"ImageObject","inLanguage":"ca","@id":"https:\/\/www.euncet.com\/blog\/wp-content\/uploads\/2025\/12\/Anna-Llacher_Anna-Llacher-Alsina_300x300-96x96.png","url":"https:\/\/www.euncet.com\/blog\/wp-content\/uploads\/2025\/12\/Anna-Llacher_Anna-Llacher-Alsina_300x300-96x96.png","contentUrl":"https:\/\/www.euncet.com\/blog\/wp-content\/uploads\/2025\/12\/Anna-Llacher_Anna-Llacher-Alsina_300x300-96x96.png","caption":"Anna Llacher Alsina"},"sameAs":["https:\/\/www.linkedin.com\/in\/annallacher\/?originalSubdomain=es"],"url":"https:\/\/www.euncet.com\/blog\/ca\/author\/anna-llacher-alsina\/"}]}},"_links":{"self":[{"href":"https:\/\/www.euncet.com\/blog\/ca\/wp-json\/wp\/v2\/posts\/67311","targetHints":{"allow":["GET"]}}],"collection":[{"href":"https:\/\/www.euncet.com\/blog\/ca\/wp-json\/wp\/v2\/posts"}],"about":[{"href":"https:\/\/www.euncet.com\/blog\/ca\/wp-json\/wp\/v2\/types\/post"}],"author":[{"embeddable":true,"href":"https:\/\/www.euncet.com\/blog\/ca\/wp-json\/wp\/v2\/users\/36"}],"replies":[{"embeddable":true,"href":"https:\/\/www.euncet.com\/blog\/ca\/wp-json\/wp\/v2\/comments?post=67311"}],"version-history":[{"count":2,"href":"https:\/\/www.euncet.com\/blog\/ca\/wp-json\/wp\/v2\/posts\/67311\/revisions"}],"predecessor-version":[{"id":67316,"href":"https:\/\/www.euncet.com\/blog\/ca\/wp-json\/wp\/v2\/posts\/67311\/revisions\/67316"}],"wp:featuredmedia":[{"embeddable":true,"href":"https:\/\/www.euncet.com\/blog\/ca\/wp-json\/wp\/v2\/media\/67219"}],"wp:attachment":[{"href":"https:\/\/www.euncet.com\/blog\/ca\/wp-json\/wp\/v2\/media?parent=67311"}],"wp:term":[{"taxonomy":"category","embeddable":true,"href":"https:\/\/www.euncet.com\/blog\/ca\/wp-json\/wp\/v2\/categories?post=67311"},{"taxonomy":"post_tag","embeddable":true,"href":"https:\/\/www.euncet.com\/blog\/ca\/wp-json\/wp\/v2\/tags?post=67311"}],"curies":[{"name":"wp","href":"https:\/\/api.w.org\/{rel}","templated":true}]}}