{"id":14720,"date":"2016-03-11T09:39:43","date_gmt":"2016-03-11T08:39:43","guid":{"rendered":"http:\/\/www.euncet.es\/?post_type=post&#038;p=14720"},"modified":"2023-02-15T12:58:43","modified_gmt":"2023-02-15T11:58:43","slug":"us-temps-analisi-activitats-dins-fora-ambit-educatiu","status":"publish","type":"post","link":"https:\/\/www.euncet.com\/blog\/es\/us-temps-analisi-activitats-dins-fora-ambit-educatiu\/","title":{"rendered":"El uso del tiempo en el an\u00e1lisis de actividades realizadas dentro y fuera del \u00e1mbito educativo"},"content":{"rendered":"<figure id=\"attachment_21018\" aria-describedby=\"caption-attachment-21018\" style=\"width: 142px\" class=\"wp-caption alignleft\"><img decoding=\"async\" class=\"wp-image-21018\" src=\"https:\/\/blog.euncet.com\/wp-content\/uploads\/2017\/02\/jose-vicente-pestana.jpg\" alt=\"\" width=\"142\" height=\"142\" srcset=\"https:\/\/www.euncet.com\/blog\/wp-content\/uploads\/2017\/02\/jose-vicente-pestana.jpg 500w, https:\/\/www.euncet.com\/blog\/wp-content\/uploads\/2017\/02\/jose-vicente-pestana-80x80.jpg 80w, https:\/\/www.euncet.com\/blog\/wp-content\/uploads\/2017\/02\/jose-vicente-pestana-300x300.jpg 300w, https:\/\/www.euncet.com\/blog\/wp-content\/uploads\/2017\/02\/jose-vicente-pestana-36x36.jpg 36w, https:\/\/www.euncet.com\/blog\/wp-content\/uploads\/2017\/02\/jose-vicente-pestana-180x180.jpg 180w, https:\/\/www.euncet.com\/blog\/wp-content\/uploads\/2017\/02\/jose-vicente-pestana-120x120.jpg 120w, https:\/\/www.euncet.com\/blog\/wp-content\/uploads\/2017\/02\/jose-vicente-pestana-450x450.jpg 450w\" sizes=\"(max-width: 142px) 100vw, 142px\" \/><figcaption id=\"caption-attachment-21018\" class=\"wp-caption-text\">El Dr. Jos\u00e9 Vicente Pestana, autor de la investigaci\u00f3n.<\/figcaption><\/figure>\n<blockquote><p>La monoactividad y la importancia de las relaciones interpersonales caracterizan el tiempo de ocio de los adolescentes. En general, los j\u00f3venes tienden a destinar su ocio a la pr\u00e1ctica sistem\u00e1tica de solo una actividad -de preferencia f\u00edsico-deportiva-, exclusividad la cual podr\u00eda influir en la calidad del uso del tiempo fuera del \u00e1mbito acad\u00e9mico. Aun as\u00ed, a pesar de constituir un importante entorno socializador, el ocio todav\u00eda presenta diferencias seg\u00fan se trate del tiempo de las chicas o de los chicos.<\/p><\/blockquote>\n<p>Estas son las principales conclusiones de la investigaci\u00f3n titulada \u201c&#8217;<strong>Ellas a estudiar y bailar, ellos a hacer deporte\u2019: Un estudio de las actividades extraescolares de los adolescentes mediante los presupuestos de tiempo<\/strong>\u201d, la autor\u00eda de la cual es de N. Codina (Universitat de Barcelona), J. V. Pestana -doctor en psicolog\u00eda y profesor de grado y m\u00e1ster en Euncet Business School-, I. Castillo e I. Balaguer (ambas de la Universitat de Val\u00e8ncia).<\/p>\n<p>Durante una semana, los responsables de este estudio recogieron las actividades extraescolares llevadas a cabo por un centenar de adolescentes, grabando el n\u00famero de d\u00edas en que se practica las actividades, as\u00ed como el tiempo invertido en cada ocasi\u00f3n.<\/p>\n<p>Este estudio ha formado parte del proyecto <strong>\u00abDe los tiempos educativos a los tiempos sociales. Usos del tiempo, pr\u00e1cticas culturales e identidades: Percepciones sociales e intervenci\u00f3n psicosocial\u00bb (EDU2012-39080-C07-04)\u00bb<\/strong>, co-financiado en el marco del Plan Nacional Y+D+y con una ayuda del Ministerio de Econom\u00eda y Competitividad, y por el Fondo Europeo de Desarrollo Regional (FEDER, 2007-2013). La contribuci\u00f3n saldr\u00e1 publicada en el volumen 16, n\u00famero 1 de los Cuadernos de Psicolog\u00eda del Deporte, revista indexada a la reconocida base de datos Journal of Citation Reports.<\/p>\n<p>Actualmente, Jos\u00e9 Vicente Pestana est\u00e1 dirigiendo un trabajo de investigaci\u00f3n sobre las relaciones entre rendimiento acad\u00e9mico y procrastinaci\u00f3n (postergaci\u00f3n en la realizaci\u00f3n de actividades), para ofrecer sugerencias dirigidas a una gesti\u00f3n \u00f3ptima del tiempo por parte del alumnado de Euncet.<\/p>\n","protected":false},"excerpt":{"rendered":"<p>La monoactividad y la importancia de las relaciones interpersonales caracterizan el tiempo de ocio de los adolescentes. En general, los j\u00f3venes tienden a destinar su ocio a la pr\u00e1ctica sistem\u00e1tica de solo una actividad -de preferencia f\u00edsico-deportiva-, exclusividad la cual podr\u00eda influir en la calidad del uso del tiempo fuera del \u00e1mbito acad\u00e9mico. Aun as\u00ed, [&hellip;]<\/p>\n","protected":false},"author":28,"featured_media":46398,"comment_status":"closed","ping_status":"open","sticky":false,"template":"","format":"standard","meta":{"_acf_changed":false,"footnotes":""},"categories":[301,291],"tags":[],"class_list":["post-14720","post","type-post","status-publish","format-standard","has-post-thumbnail","hentry","category-campus-euncet","category-comunidad-euncet"],"acf":[],"yoast_head":"<!-- This site is optimized with the Yoast SEO plugin v27.4 - https:\/\/yoast.com\/product\/yoast-seo-wordpress\/ -->\n<title>Informe sobre el uso del tiempo dentro y fuera del \u00e1mbito acad\u00e9mico<\/title>\n<meta name=\"description\" content=\"El Dr. Jos\u00e9 Vicente Pestana investiga sobre el uso del tiempo en el an\u00e1lisis de actividades realizadas dentro y fuera del \u00e1mbito educativo.\" \/>\n<meta name=\"robots\" content=\"index, follow, max-snippet:-1, max-image-preview:large, max-video-preview:-1\" \/>\n<link rel=\"canonical\" href=\"https:\/\/www.euncet.com\/blog\/es\/us-temps-analisi-activitats-dins-fora-ambit-educatiu\/\" \/>\n<meta property=\"og:locale\" content=\"es_ES\" \/>\n<meta property=\"og:type\" content=\"article\" \/>\n<meta property=\"og:title\" content=\"Informe sobre el uso del tiempo dentro y fuera del \u00e1mbito acad\u00e9mico\" \/>\n<meta property=\"og:description\" content=\"El Dr. Jos\u00e9 Vicente Pestana investiga sobre el uso del tiempo en el an\u00e1lisis de actividades realizadas dentro y fuera del \u00e1mbito educativo.\" \/>\n<meta property=\"og:url\" content=\"https:\/\/www.euncet.com\/blog\/es\/us-temps-analisi-activitats-dins-fora-ambit-educatiu\/\" \/>\n<meta property=\"og:site_name\" content=\"Euncet Business School\" \/>\n<meta property=\"article:publisher\" content=\"https:\/\/www.facebook.com\/euncet\" \/>\n<meta property=\"article:published_time\" content=\"2016-03-11T08:39:43+00:00\" \/>\n<meta property=\"article:modified_time\" content=\"2023-02-15T11:58:43+00:00\" \/>\n<meta property=\"og:image\" content=\"https:\/\/www.euncet.com\/blog\/wp-content\/uploads\/2016\/03\/El-uso-del-tiempo-en-el-analisis-de-actividades-realizadas-dentro-y-fuera-del-ambito-educativo.jpg\" \/>\n\t<meta property=\"og:image:width\" content=\"750\" \/>\n\t<meta property=\"og:image:height\" content=\"482\" \/>\n\t<meta property=\"og:image:type\" content=\"image\/jpeg\" \/>\n<meta name=\"author\" content=\"euncet\" \/>\n<meta name=\"twitter:card\" content=\"summary_large_image\" \/>\n<meta name=\"twitter:creator\" content=\"@euncet\" \/>\n<meta name=\"twitter:site\" content=\"@euncet\" \/>\n<meta name=\"twitter:label1\" content=\"Escrito por\" \/>\n\t<meta name=\"twitter:data1\" content=\"euncet\" \/>\n\t<meta name=\"twitter:label2\" content=\"Tiempo de lectura\" \/>\n\t<meta name=\"twitter:data2\" content=\"2 minutos\" \/>\n<script type=\"application\/ld+json\" class=\"yoast-schema-graph\">{\"@context\":\"https:\\\/\\\/schema.org\",\"@graph\":[{\"@type\":\"Article\",\"@id\":\"https:\\\/\\\/www.euncet.com\\\/blog\\\/es\\\/us-temps-analisi-activitats-dins-fora-ambit-educatiu\\\/#article\",\"isPartOf\":{\"@id\":\"https:\\\/\\\/www.euncet.com\\\/blog\\\/es\\\/us-temps-analisi-activitats-dins-fora-ambit-educatiu\\\/\"},\"author\":{\"name\":\"euncet\",\"@id\":\"https:\\\/\\\/www.euncet.com\\\/blog\\\/es\\\/#\\\/schema\\\/person\\\/8253e592273eb1f7a48788902ca03268\"},\"headline\":\"El uso del tiempo en el an\u00e1lisis de actividades realizadas dentro y fuera del \u00e1mbito educativo\",\"datePublished\":\"2016-03-11T08:39:43+00:00\",\"dateModified\":\"2023-02-15T11:58:43+00:00\",\"mainEntityOfPage\":{\"@id\":\"https:\\\/\\\/www.euncet.com\\\/blog\\\/es\\\/us-temps-analisi-activitats-dins-fora-ambit-educatiu\\\/\"},\"wordCount\":379,\"image\":{\"@id\":\"https:\\\/\\\/www.euncet.com\\\/blog\\\/es\\\/us-temps-analisi-activitats-dins-fora-ambit-educatiu\\\/#primaryimage\"},\"thumbnailUrl\":\"https:\\\/\\\/www.euncet.com\\\/blog\\\/wp-content\\\/uploads\\\/2016\\\/03\\\/El-uso-del-tiempo-en-el-analisis-de-actividades-realizadas-dentro-y-fuera-del-ambito-educativo.jpg\",\"articleSection\":[\"Campus: conoce m\u00e1s a Euncet\",\"Comunidad Euncet\"],\"inLanguage\":\"es\"},{\"@type\":\"WebPage\",\"@id\":\"https:\\\/\\\/www.euncet.com\\\/blog\\\/es\\\/us-temps-analisi-activitats-dins-fora-ambit-educatiu\\\/\",\"url\":\"https:\\\/\\\/www.euncet.com\\\/blog\\\/es\\\/us-temps-analisi-activitats-dins-fora-ambit-educatiu\\\/\",\"name\":\"Informe sobre el uso del tiempo dentro y fuera del \u00e1mbito acad\u00e9mico\",\"isPartOf\":{\"@id\":\"https:\\\/\\\/www.euncet.com\\\/blog\\\/es\\\/#website\"},\"primaryImageOfPage\":{\"@id\":\"https:\\\/\\\/www.euncet.com\\\/blog\\\/es\\\/us-temps-analisi-activitats-dins-fora-ambit-educatiu\\\/#primaryimage\"},\"image\":{\"@id\":\"https:\\\/\\\/www.euncet.com\\\/blog\\\/es\\\/us-temps-analisi-activitats-dins-fora-ambit-educatiu\\\/#primaryimage\"},\"thumbnailUrl\":\"https:\\\/\\\/www.euncet.com\\\/blog\\\/wp-content\\\/uploads\\\/2016\\\/03\\\/El-uso-del-tiempo-en-el-analisis-de-actividades-realizadas-dentro-y-fuera-del-ambito-educativo.jpg\",\"datePublished\":\"2016-03-11T08:39:43+00:00\",\"dateModified\":\"2023-02-15T11:58:43+00:00\",\"author\":{\"@id\":\"https:\\\/\\\/www.euncet.com\\\/blog\\\/es\\\/#\\\/schema\\\/person\\\/8253e592273eb1f7a48788902ca03268\"},\"description\":\"El Dr. Jos\u00e9 Vicente Pestana investiga sobre el uso del tiempo en el an\u00e1lisis de actividades realizadas dentro y fuera del \u00e1mbito educativo.\",\"breadcrumb\":{\"@id\":\"https:\\\/\\\/www.euncet.com\\\/blog\\\/es\\\/us-temps-analisi-activitats-dins-fora-ambit-educatiu\\\/#breadcrumb\"},\"inLanguage\":\"es\",\"potentialAction\":[{\"@type\":\"ReadAction\",\"target\":[\"https:\\\/\\\/www.euncet.com\\\/blog\\\/es\\\/us-temps-analisi-activitats-dins-fora-ambit-educatiu\\\/\"]}]},{\"@type\":\"ImageObject\",\"inLanguage\":\"es\",\"@id\":\"https:\\\/\\\/www.euncet.com\\\/blog\\\/es\\\/us-temps-analisi-activitats-dins-fora-ambit-educatiu\\\/#primaryimage\",\"url\":\"https:\\\/\\\/www.euncet.com\\\/blog\\\/wp-content\\\/uploads\\\/2016\\\/03\\\/El-uso-del-tiempo-en-el-analisis-de-actividades-realizadas-dentro-y-fuera-del-ambito-educativo.jpg\",\"contentUrl\":\"https:\\\/\\\/www.euncet.com\\\/blog\\\/wp-content\\\/uploads\\\/2016\\\/03\\\/El-uso-del-tiempo-en-el-analisis-de-actividades-realizadas-dentro-y-fuera-del-ambito-educativo.jpg\",\"width\":750,\"height\":482},{\"@type\":\"BreadcrumbList\",\"@id\":\"https:\\\/\\\/www.euncet.com\\\/blog\\\/es\\\/us-temps-analisi-activitats-dins-fora-ambit-educatiu\\\/#breadcrumb\",\"itemListElement\":[{\"@type\":\"ListItem\",\"position\":1,\"name\":\"Portada\",\"item\":\"https:\\\/\\\/www.euncet.com\\\/blog\\\/es\\\/\"},{\"@type\":\"ListItem\",\"position\":2,\"name\":\"El uso del tiempo en el an\u00e1lisis de actividades realizadas dentro y fuera del \u00e1mbito educativo\"}]},{\"@type\":\"WebSite\",\"@id\":\"https:\\\/\\\/www.euncet.com\\\/blog\\\/es\\\/#website\",\"url\":\"https:\\\/\\\/www.euncet.com\\\/blog\\\/es\\\/\",\"name\":\"Euncet Business School\",\"description\":\"Escuela de negocios\",\"potentialAction\":[{\"@type\":\"SearchAction\",\"target\":{\"@type\":\"EntryPoint\",\"urlTemplate\":\"https:\\\/\\\/www.euncet.com\\\/blog\\\/es\\\/?s={search_term_string}\"},\"query-input\":{\"@type\":\"PropertyValueSpecification\",\"valueRequired\":true,\"valueName\":\"search_term_string\"}}],\"inLanguage\":\"es\"},{\"@type\":\"Person\",\"@id\":\"https:\\\/\\\/www.euncet.com\\\/blog\\\/es\\\/#\\\/schema\\\/person\\\/8253e592273eb1f7a48788902ca03268\",\"name\":\"euncet\",\"image\":{\"@type\":\"ImageObject\",\"inLanguage\":\"es\",\"@id\":\"https:\\\/\\\/secure.gravatar.com\\\/avatar\\\/ee2ce5f049e82b74bcc6b8db4c5e9c717e35544f3cde91d14a3daa9827fe21f0?s=96&d=mm&r=g\",\"url\":\"https:\\\/\\\/secure.gravatar.com\\\/avatar\\\/ee2ce5f049e82b74bcc6b8db4c5e9c717e35544f3cde91d14a3daa9827fe21f0?s=96&d=mm&r=g\",\"contentUrl\":\"https:\\\/\\\/secure.gravatar.com\\\/avatar\\\/ee2ce5f049e82b74bcc6b8db4c5e9c717e35544f3cde91d14a3daa9827fe21f0?s=96&d=mm&r=g\",\"caption\":\"euncet\"},\"url\":\"https:\\\/\\\/www.euncet.com\\\/blog\\\/es\\\/author\\\/euncet\\\/\"}]}<\/script>\n<!-- \/ Yoast SEO plugin. -->","yoast_head_json":{"title":"Informe sobre el uso del tiempo dentro y fuera del \u00e1mbito acad\u00e9mico","description":"El Dr. Jos\u00e9 Vicente Pestana investiga sobre el uso del tiempo en el an\u00e1lisis de actividades realizadas dentro y fuera del \u00e1mbito educativo.","robots":{"index":"index","follow":"follow","max-snippet":"max-snippet:-1","max-image-preview":"max-image-preview:large","max-video-preview":"max-video-preview:-1"},"canonical":"https:\/\/www.euncet.com\/blog\/es\/us-temps-analisi-activitats-dins-fora-ambit-educatiu\/","og_locale":"es_ES","og_type":"article","og_title":"Informe sobre el uso del tiempo dentro y fuera del \u00e1mbito acad\u00e9mico","og_description":"El Dr. Jos\u00e9 Vicente Pestana investiga sobre el uso del tiempo en el an\u00e1lisis de actividades realizadas dentro y fuera del \u00e1mbito educativo.","og_url":"https:\/\/www.euncet.com\/blog\/es\/us-temps-analisi-activitats-dins-fora-ambit-educatiu\/","og_site_name":"Euncet Business School","article_publisher":"https:\/\/www.facebook.com\/euncet","article_published_time":"2016-03-11T08:39:43+00:00","article_modified_time":"2023-02-15T11:58:43+00:00","og_image":[{"width":750,"height":482,"url":"https:\/\/www.euncet.com\/blog\/wp-content\/uploads\/2016\/03\/El-uso-del-tiempo-en-el-analisis-de-actividades-realizadas-dentro-y-fuera-del-ambito-educativo.jpg","type":"image\/jpeg"}],"author":"euncet","twitter_card":"summary_large_image","twitter_creator":"@euncet","twitter_site":"@euncet","twitter_misc":{"Escrito por":"euncet","Tiempo de lectura":"2 minutos"},"schema":{"@context":"https:\/\/schema.org","@graph":[{"@type":"Article","@id":"https:\/\/www.euncet.com\/blog\/es\/us-temps-analisi-activitats-dins-fora-ambit-educatiu\/#article","isPartOf":{"@id":"https:\/\/www.euncet.com\/blog\/es\/us-temps-analisi-activitats-dins-fora-ambit-educatiu\/"},"author":{"name":"euncet","@id":"https:\/\/www.euncet.com\/blog\/es\/#\/schema\/person\/8253e592273eb1f7a48788902ca03268"},"headline":"El uso del tiempo en el an\u00e1lisis de actividades realizadas dentro y fuera del \u00e1mbito educativo","datePublished":"2016-03-11T08:39:43+00:00","dateModified":"2023-02-15T11:58:43+00:00","mainEntityOfPage":{"@id":"https:\/\/www.euncet.com\/blog\/es\/us-temps-analisi-activitats-dins-fora-ambit-educatiu\/"},"wordCount":379,"image":{"@id":"https:\/\/www.euncet.com\/blog\/es\/us-temps-analisi-activitats-dins-fora-ambit-educatiu\/#primaryimage"},"thumbnailUrl":"https:\/\/www.euncet.com\/blog\/wp-content\/uploads\/2016\/03\/El-uso-del-tiempo-en-el-analisis-de-actividades-realizadas-dentro-y-fuera-del-ambito-educativo.jpg","articleSection":["Campus: conoce m\u00e1s a Euncet","Comunidad Euncet"],"inLanguage":"es"},{"@type":"WebPage","@id":"https:\/\/www.euncet.com\/blog\/es\/us-temps-analisi-activitats-dins-fora-ambit-educatiu\/","url":"https:\/\/www.euncet.com\/blog\/es\/us-temps-analisi-activitats-dins-fora-ambit-educatiu\/","name":"Informe sobre el uso del tiempo dentro y fuera del \u00e1mbito acad\u00e9mico","isPartOf":{"@id":"https:\/\/www.euncet.com\/blog\/es\/#website"},"primaryImageOfPage":{"@id":"https:\/\/www.euncet.com\/blog\/es\/us-temps-analisi-activitats-dins-fora-ambit-educatiu\/#primaryimage"},"image":{"@id":"https:\/\/www.euncet.com\/blog\/es\/us-temps-analisi-activitats-dins-fora-ambit-educatiu\/#primaryimage"},"thumbnailUrl":"https:\/\/www.euncet.com\/blog\/wp-content\/uploads\/2016\/03\/El-uso-del-tiempo-en-el-analisis-de-actividades-realizadas-dentro-y-fuera-del-ambito-educativo.jpg","datePublished":"2016-03-11T08:39:43+00:00","dateModified":"2023-02-15T11:58:43+00:00","author":{"@id":"https:\/\/www.euncet.com\/blog\/es\/#\/schema\/person\/8253e592273eb1f7a48788902ca03268"},"description":"El Dr. Jos\u00e9 Vicente Pestana investiga sobre el uso del tiempo en el an\u00e1lisis de actividades realizadas dentro y fuera del \u00e1mbito educativo.","breadcrumb":{"@id":"https:\/\/www.euncet.com\/blog\/es\/us-temps-analisi-activitats-dins-fora-ambit-educatiu\/#breadcrumb"},"inLanguage":"es","potentialAction":[{"@type":"ReadAction","target":["https:\/\/www.euncet.com\/blog\/es\/us-temps-analisi-activitats-dins-fora-ambit-educatiu\/"]}]},{"@type":"ImageObject","inLanguage":"es","@id":"https:\/\/www.euncet.com\/blog\/es\/us-temps-analisi-activitats-dins-fora-ambit-educatiu\/#primaryimage","url":"https:\/\/www.euncet.com\/blog\/wp-content\/uploads\/2016\/03\/El-uso-del-tiempo-en-el-analisis-de-actividades-realizadas-dentro-y-fuera-del-ambito-educativo.jpg","contentUrl":"https:\/\/www.euncet.com\/blog\/wp-content\/uploads\/2016\/03\/El-uso-del-tiempo-en-el-analisis-de-actividades-realizadas-dentro-y-fuera-del-ambito-educativo.jpg","width":750,"height":482},{"@type":"BreadcrumbList","@id":"https:\/\/www.euncet.com\/blog\/es\/us-temps-analisi-activitats-dins-fora-ambit-educatiu\/#breadcrumb","itemListElement":[{"@type":"ListItem","position":1,"name":"Portada","item":"https:\/\/www.euncet.com\/blog\/es\/"},{"@type":"ListItem","position":2,"name":"El uso del tiempo en el an\u00e1lisis de actividades realizadas dentro y fuera del \u00e1mbito educativo"}]},{"@type":"WebSite","@id":"https:\/\/www.euncet.com\/blog\/es\/#website","url":"https:\/\/www.euncet.com\/blog\/es\/","name":"Euncet Business School","description":"Escuela de negocios","potentialAction":[{"@type":"SearchAction","target":{"@type":"EntryPoint","urlTemplate":"https:\/\/www.euncet.com\/blog\/es\/?s={search_term_string}"},"query-input":{"@type":"PropertyValueSpecification","valueRequired":true,"valueName":"search_term_string"}}],"inLanguage":"es"},{"@type":"Person","@id":"https:\/\/www.euncet.com\/blog\/es\/#\/schema\/person\/8253e592273eb1f7a48788902ca03268","name":"euncet","image":{"@type":"ImageObject","inLanguage":"es","@id":"https:\/\/secure.gravatar.com\/avatar\/ee2ce5f049e82b74bcc6b8db4c5e9c717e35544f3cde91d14a3daa9827fe21f0?s=96&d=mm&r=g","url":"https:\/\/secure.gravatar.com\/avatar\/ee2ce5f049e82b74bcc6b8db4c5e9c717e35544f3cde91d14a3daa9827fe21f0?s=96&d=mm&r=g","contentUrl":"https:\/\/secure.gravatar.com\/avatar\/ee2ce5f049e82b74bcc6b8db4c5e9c717e35544f3cde91d14a3daa9827fe21f0?s=96&d=mm&r=g","caption":"euncet"},"url":"https:\/\/www.euncet.com\/blog\/es\/author\/euncet\/"}]}},"_links":{"self":[{"href":"https:\/\/www.euncet.com\/blog\/es\/wp-json\/wp\/v2\/posts\/14720","targetHints":{"allow":["GET"]}}],"collection":[{"href":"https:\/\/www.euncet.com\/blog\/es\/wp-json\/wp\/v2\/posts"}],"about":[{"href":"https:\/\/www.euncet.com\/blog\/es\/wp-json\/wp\/v2\/types\/post"}],"author":[{"embeddable":true,"href":"https:\/\/www.euncet.com\/blog\/es\/wp-json\/wp\/v2\/users\/28"}],"replies":[{"embeddable":true,"href":"https:\/\/www.euncet.com\/blog\/es\/wp-json\/wp\/v2\/comments?post=14720"}],"version-history":[{"count":0,"href":"https:\/\/www.euncet.com\/blog\/es\/wp-json\/wp\/v2\/posts\/14720\/revisions"}],"wp:featuredmedia":[{"embeddable":true,"href":"https:\/\/www.euncet.com\/blog\/es\/wp-json\/wp\/v2\/media\/46398"}],"wp:attachment":[{"href":"https:\/\/www.euncet.com\/blog\/es\/wp-json\/wp\/v2\/media?parent=14720"}],"wp:term":[{"taxonomy":"category","embeddable":true,"href":"https:\/\/www.euncet.com\/blog\/es\/wp-json\/wp\/v2\/categories?post=14720"},{"taxonomy":"post_tag","embeddable":true,"href":"https:\/\/www.euncet.com\/blog\/es\/wp-json\/wp\/v2\/tags?post=14720"}],"curies":[{"name":"wp","href":"https:\/\/api.w.org\/{rel}","templated":true}]}}