{"id":17247,"date":"2016-06-17T12:25:04","date_gmt":"2016-06-17T10:25:04","guid":{"rendered":"http:\/\/www.euncet.es\/?post_type=post&#038;p=16247"},"modified":"2023-02-15T12:57:08","modified_gmt":"2023-02-15T11:57:08","slug":"quines-sortides-professionals-grau-ade-marqueting-comunicacio-digital","status":"publish","type":"post","link":"https:\/\/www.euncet.com\/blog\/es\/quines-sortides-professionals-grau-ade-marqueting-comunicacio-digital\/","title":{"rendered":"\u00bfQu\u00e9 salidas profesionales tendr\u00e9 con el grado en ADE o el de Marketing y Comunicaci\u00f3n Digital?"},"content":{"rendered":"<p>Una de las preguntas que pasa por la mente de miles de j\u00f3venes a la hora de escoger un estudio es: \u00bfa qu\u00e9 me podr\u00e9 dedicar despu\u00e9s de graduarme? Y es que, debido al contexto de dificultades laborales vividas, cada vez es mayor la preocupaci\u00f3n de los j\u00f3venes a la hora de escoger unos estudios que les aseguren un lugar en el mercado laboral.<\/p><div id=\"ez-toc-container\" class=\"ez-toc-v2_0_82_2 counter-hierarchy ez-toc-counter ez-toc-custom ez-toc-container-direction\">\n<div class=\"ez-toc-title-container\">\n<p class=\"ez-toc-title\" style=\"cursor:inherit\">\u00cdNDICE DE CONTENIDOS<\/p>\n<span class=\"ez-toc-title-toggle\"><a href=\"#\" class=\"ez-toc-pull-right ez-toc-btn ez-toc-btn-xs ez-toc-btn-default ez-toc-toggle\" aria-label=\"Alternar tabla de contenidos\"><span class=\"ez-toc-js-icon-con\"><span class=\"\"><span class=\"eztoc-hide\" style=\"display:none;\">Toggle<\/span><span class=\"ez-toc-icon-toggle-span\"><svg style=\"fill: #222222;color:#222222\" xmlns=\"http:\/\/www.w3.org\/2000\/svg\" class=\"list-377408\" width=\"20px\" height=\"20px\" viewBox=\"0 0 24 24\" fill=\"none\"><path d=\"M6 6H4v2h2V6zm14 0H8v2h12V6zM4 11h2v2H4v-2zm16 0H8v2h12v-2zM4 16h2v2H4v-2zm16 0H8v2h12v-2z\" fill=\"currentColor\"><\/path><\/svg><svg style=\"fill: #222222;color:#222222\" class=\"arrow-unsorted-368013\" xmlns=\"http:\/\/www.w3.org\/2000\/svg\" width=\"10px\" height=\"10px\" viewBox=\"0 0 24 24\" version=\"1.2\" baseProfile=\"tiny\"><path d=\"M18.2 9.3l-6.2-6.3-6.2 6.3c-.2.2-.3.4-.3.7s.1.5.3.7c.2.2.4.3.7.3h11c.3 0 .5-.1.7-.3.2-.2.3-.5.3-.7s-.1-.5-.3-.7zM5.8 14.7l6.2 6.3 6.2-6.3c.2-.2.3-.5.3-.7s-.1-.5-.3-.7c-.2-.2-.4-.3-.7-.3h-11c-.3 0-.5.1-.7.3-.2.2-.3.5-.3.7s.1.5.3.7z\"\/><\/svg><\/span><\/span><\/span><\/a><\/span><\/div>\n<nav><ul class='ez-toc-list ez-toc-list-level-1 ' ><li class='ez-toc-page-1 ez-toc-heading-level-2'><a class=\"ez-toc-link ez-toc-heading-1\" href=\"https:\/\/www.euncet.com\/blog\/es\/quines-sortides-professionals-grau-ade-marqueting-comunicacio-digital\/#Grado_en_Administracion_y_Direccion_de_Empresas\" >Grado en Administraci\u00f3n y Direcci\u00f3n de Empresas<\/a><\/li><li class='ez-toc-page-1 ez-toc-heading-level-2'><a class=\"ez-toc-link ez-toc-heading-2\" href=\"https:\/\/www.euncet.com\/blog\/es\/quines-sortides-professionals-grau-ade-marqueting-comunicacio-digital\/#Grado_en_Marketing_y_Comunicacion_Digital\" >Grado en Marketing y Comunicaci\u00f3n Digital<\/a><\/li><\/ul><\/nav><\/div>\n\n<p>En este sentido, el <a href=\"https:\/\/www.euncet.es\/es\/grados\/grado-administracion-y-direccion-de-empresas\" target=\"_blank\" rel=\"noopener noreferrer\">grado en Administraci\u00f3n y Direcci\u00f3n de Empresas<\/a> aporta un gran abanico de posibilidades, puesto que <strong>es una de las carreras actuales con m\u00e1s salidas profesionales<\/strong>. Este grado da a los estudiantes una visi\u00f3n global de todos los departamentos de la empresa, pero tambi\u00e9n los proporciona las competencias en el \u00e1mbito de la direcci\u00f3n, la gesti\u00f3n de empresas y el emprendimiento, entre otros.<\/p>\n<h2><span class=\"ez-toc-section\" id=\"Grado_en_Administracion_y_Direccion_de_Empresas\"><\/span>Grado en Administraci\u00f3n y Direcci\u00f3n de Empresas<span class=\"ez-toc-section-end\"><\/span><\/h2>\n<p>Es por esto por lo que el <strong>grado en ADE<\/strong> te facilita las siguientes salidas profesionales: <strong>director general, emprendedor, director de expansi\u00f3n internacional, director financiero, desarrollo de nuevos mercados, director de operaciones, responsable de compras, director de \u00e1rea de negocio, project manager, controller, key account manager y sales manager<\/strong>.<\/p>\n<h2><span class=\"ez-toc-section\" id=\"Grado_en_Marketing_y_Comunicacion_Digital\"><\/span>Grado en Marketing y Comunicaci\u00f3n Digital<span class=\"ez-toc-section-end\"><\/span><\/h2>\n<p>Por otro lado, una de las titulaciones con m\u00e1s ofertas en el mercado laboral es el <a href=\"https:\/\/www.euncet.es\/es\/grados\/grado-marketing-y-comunicacion-digital\" target=\"_blank\" rel=\"noopener noreferrer\">grado en Marketing y Comunicaci\u00f3n Digital<\/a>, a causa de la carencia de profesionales especializados en este sector y el creciente uso de las nuevas herramientas digitales. Algunas de las salidas laborales que proporciona este grado son: <strong>e-commerce manager, community manager, responsable de mobile marketing, social media manager, consultor en marketing digital, director de marketing, brand manager, product manager y responsable de comunicaci\u00f3n<\/strong>.<\/p>\n<p>Y ahora&#8230; \u00bftienes m\u00e1s claro qu\u00e9 estudiar\u00e1s?<\/p>\n","protected":false},"excerpt":{"rendered":"<p>Una de las preguntas que pasa por la mente de miles de j\u00f3venes a la hora de escoger un estudio es: \u00bfa qu\u00e9 me podr\u00e9 dedicar despu\u00e9s de graduarme? Y es que, debido al contexto de dificultades laborales vividas, cada vez es mayor la preocupaci\u00f3n de los j\u00f3venes a la hora de escoger unos estudios [&hellip;]<\/p>\n","protected":false},"author":28,"featured_media":0,"comment_status":"closed","ping_status":"open","sticky":false,"template":"","format":"standard","meta":{"_acf_changed":false,"footnotes":""},"categories":[301,291],"tags":[356,331,372],"class_list":["post-17247","post","type-post","status-publish","format-standard","hentry","category-campus-euncet","category-comunidad-euncet","tag-ade","tag-grados-universitarios","tag-marketing"],"acf":[],"yoast_head":"<!-- This site is optimized with the Yoast SEO plugin v27.5 - https:\/\/yoast.com\/product\/yoast-seo-wordpress\/ -->\n<title>Salidas profesionales del grado en ADE y Marketing y Comunicaci\u00f3n Digital<\/title>\n<meta name=\"description\" content=\"Si tu tambi\u00e9n te preguntas por las salidas profesionales sobre ADE o marketing y comunicaci\u00f3n digital \u00a1Desc\u00fabrelas en el siguiente art\u00edculo!\" \/>\n<meta name=\"robots\" content=\"index, follow, max-snippet:-1, max-image-preview:large, max-video-preview:-1\" \/>\n<link rel=\"canonical\" href=\"https:\/\/www.euncet.com\/blog\/es\/quines-sortides-professionals-grau-ade-marqueting-comunicacio-digital\/\" \/>\n<meta property=\"og:locale\" content=\"es_ES\" \/>\n<meta property=\"og:type\" content=\"article\" \/>\n<meta property=\"og:title\" content=\"Salidas profesionales del grado en ADE y Marketing y Comunicaci\u00f3n Digital\" \/>\n<meta property=\"og:description\" content=\"Si tu tambi\u00e9n te preguntas por las salidas profesionales sobre ADE o marketing y comunicaci\u00f3n digital \u00a1Desc\u00fabrelas en el siguiente art\u00edculo!\" \/>\n<meta property=\"og:url\" content=\"https:\/\/www.euncet.com\/blog\/es\/quines-sortides-professionals-grau-ade-marqueting-comunicacio-digital\/\" \/>\n<meta property=\"og:site_name\" content=\"Euncet Business School\" \/>\n<meta property=\"article:publisher\" content=\"https:\/\/www.facebook.com\/euncet\" \/>\n<meta property=\"article:published_time\" content=\"2016-06-17T10:25:04+00:00\" \/>\n<meta property=\"article:modified_time\" content=\"2023-02-15T11:57:08+00:00\" \/>\n<meta name=\"author\" content=\"euncet\" \/>\n<meta name=\"twitter:card\" content=\"summary_large_image\" \/>\n<meta name=\"twitter:creator\" content=\"@euncet\" \/>\n<meta name=\"twitter:site\" content=\"@euncet\" \/>\n<meta name=\"twitter:label1\" content=\"Escrito por\" \/>\n\t<meta name=\"twitter:data1\" content=\"euncet\" \/>\n\t<meta name=\"twitter:label2\" content=\"Tiempo de lectura\" \/>\n\t<meta name=\"twitter:data2\" content=\"1 minuto\" \/>\n<script type=\"application\/ld+json\" class=\"yoast-schema-graph\">{\"@context\":\"https:\\\/\\\/schema.org\",\"@graph\":[{\"@type\":\"Article\",\"@id\":\"https:\\\/\\\/www.euncet.com\\\/blog\\\/es\\\/quines-sortides-professionals-grau-ade-marqueting-comunicacio-digital\\\/#article\",\"isPartOf\":{\"@id\":\"https:\\\/\\\/www.euncet.com\\\/blog\\\/es\\\/quines-sortides-professionals-grau-ade-marqueting-comunicacio-digital\\\/\"},\"author\":{\"name\":\"euncet\",\"@id\":\"https:\\\/\\\/www.euncet.com\\\/blog\\\/es\\\/#\\\/schema\\\/person\\\/8253e592273eb1f7a48788902ca03268\"},\"headline\":\"\u00bfQu\u00e9 salidas profesionales tendr\u00e9 con el grado en ADE o el de Marketing y Comunicaci\u00f3n Digital?\",\"datePublished\":\"2016-06-17T10:25:04+00:00\",\"dateModified\":\"2023-02-15T11:57:08+00:00\",\"mainEntityOfPage\":{\"@id\":\"https:\\\/\\\/www.euncet.com\\\/blog\\\/es\\\/quines-sortides-professionals-grau-ade-marqueting-comunicacio-digital\\\/\"},\"wordCount\":314,\"keywords\":[\"ADE\",\"Grados universitarios\",\"Marketing\"],\"articleSection\":[\"Campus: conoce m\u00e1s a Euncet\",\"Comunidad Euncet\"],\"inLanguage\":\"es\"},{\"@type\":\"WebPage\",\"@id\":\"https:\\\/\\\/www.euncet.com\\\/blog\\\/es\\\/quines-sortides-professionals-grau-ade-marqueting-comunicacio-digital\\\/\",\"url\":\"https:\\\/\\\/www.euncet.com\\\/blog\\\/es\\\/quines-sortides-professionals-grau-ade-marqueting-comunicacio-digital\\\/\",\"name\":\"Salidas profesionales del grado en ADE y Marketing y Comunicaci\u00f3n Digital\",\"isPartOf\":{\"@id\":\"https:\\\/\\\/www.euncet.com\\\/blog\\\/es\\\/#website\"},\"datePublished\":\"2016-06-17T10:25:04+00:00\",\"dateModified\":\"2023-02-15T11:57:08+00:00\",\"author\":{\"@id\":\"https:\\\/\\\/www.euncet.com\\\/blog\\\/es\\\/#\\\/schema\\\/person\\\/8253e592273eb1f7a48788902ca03268\"},\"description\":\"Si tu tambi\u00e9n te preguntas por las salidas profesionales sobre ADE o marketing y comunicaci\u00f3n digital \u00a1Desc\u00fabrelas en el siguiente art\u00edculo!\",\"breadcrumb\":{\"@id\":\"https:\\\/\\\/www.euncet.com\\\/blog\\\/es\\\/quines-sortides-professionals-grau-ade-marqueting-comunicacio-digital\\\/#breadcrumb\"},\"inLanguage\":\"es\",\"potentialAction\":[{\"@type\":\"ReadAction\",\"target\":[\"https:\\\/\\\/www.euncet.com\\\/blog\\\/es\\\/quines-sortides-professionals-grau-ade-marqueting-comunicacio-digital\\\/\"]}]},{\"@type\":\"BreadcrumbList\",\"@id\":\"https:\\\/\\\/www.euncet.com\\\/blog\\\/es\\\/quines-sortides-professionals-grau-ade-marqueting-comunicacio-digital\\\/#breadcrumb\",\"itemListElement\":[{\"@type\":\"ListItem\",\"position\":1,\"name\":\"Portada\",\"item\":\"https:\\\/\\\/www.euncet.com\\\/blog\\\/es\\\/\"},{\"@type\":\"ListItem\",\"position\":2,\"name\":\"\u00bfQu\u00e9 salidas profesionales tendr\u00e9 con el grado en ADE o el de Marketing y Comunicaci\u00f3n Digital?\"}]},{\"@type\":\"WebSite\",\"@id\":\"https:\\\/\\\/www.euncet.com\\\/blog\\\/es\\\/#website\",\"url\":\"https:\\\/\\\/www.euncet.com\\\/blog\\\/es\\\/\",\"name\":\"Euncet Business School\",\"description\":\"Escuela de negocios\",\"potentialAction\":[{\"@type\":\"SearchAction\",\"target\":{\"@type\":\"EntryPoint\",\"urlTemplate\":\"https:\\\/\\\/www.euncet.com\\\/blog\\\/es\\\/?s={search_term_string}\"},\"query-input\":{\"@type\":\"PropertyValueSpecification\",\"valueRequired\":true,\"valueName\":\"search_term_string\"}}],\"inLanguage\":\"es\"},{\"@type\":\"Person\",\"@id\":\"https:\\\/\\\/www.euncet.com\\\/blog\\\/es\\\/#\\\/schema\\\/person\\\/8253e592273eb1f7a48788902ca03268\",\"name\":\"euncet\",\"image\":{\"@type\":\"ImageObject\",\"inLanguage\":\"es\",\"@id\":\"https:\\\/\\\/secure.gravatar.com\\\/avatar\\\/ee2ce5f049e82b74bcc6b8db4c5e9c717e35544f3cde91d14a3daa9827fe21f0?s=96&d=mm&r=g\",\"url\":\"https:\\\/\\\/secure.gravatar.com\\\/avatar\\\/ee2ce5f049e82b74bcc6b8db4c5e9c717e35544f3cde91d14a3daa9827fe21f0?s=96&d=mm&r=g\",\"contentUrl\":\"https:\\\/\\\/secure.gravatar.com\\\/avatar\\\/ee2ce5f049e82b74bcc6b8db4c5e9c717e35544f3cde91d14a3daa9827fe21f0?s=96&d=mm&r=g\",\"caption\":\"euncet\"},\"url\":\"https:\\\/\\\/www.euncet.com\\\/blog\\\/es\\\/author\\\/euncet\\\/\"}]}<\/script>\n<!-- \/ Yoast SEO plugin. -->","yoast_head_json":{"title":"Salidas profesionales del grado en ADE y Marketing y Comunicaci\u00f3n Digital","description":"Si tu tambi\u00e9n te preguntas por las salidas profesionales sobre ADE o marketing y comunicaci\u00f3n digital \u00a1Desc\u00fabrelas en el siguiente art\u00edculo!","robots":{"index":"index","follow":"follow","max-snippet":"max-snippet:-1","max-image-preview":"max-image-preview:large","max-video-preview":"max-video-preview:-1"},"canonical":"https:\/\/www.euncet.com\/blog\/es\/quines-sortides-professionals-grau-ade-marqueting-comunicacio-digital\/","og_locale":"es_ES","og_type":"article","og_title":"Salidas profesionales del grado en ADE y Marketing y Comunicaci\u00f3n Digital","og_description":"Si tu tambi\u00e9n te preguntas por las salidas profesionales sobre ADE o marketing y comunicaci\u00f3n digital \u00a1Desc\u00fabrelas en el siguiente art\u00edculo!","og_url":"https:\/\/www.euncet.com\/blog\/es\/quines-sortides-professionals-grau-ade-marqueting-comunicacio-digital\/","og_site_name":"Euncet Business School","article_publisher":"https:\/\/www.facebook.com\/euncet","article_published_time":"2016-06-17T10:25:04+00:00","article_modified_time":"2023-02-15T11:57:08+00:00","author":"euncet","twitter_card":"summary_large_image","twitter_creator":"@euncet","twitter_site":"@euncet","twitter_misc":{"Escrito por":"euncet","Tiempo de lectura":"1 minuto"},"schema":{"@context":"https:\/\/schema.org","@graph":[{"@type":"Article","@id":"https:\/\/www.euncet.com\/blog\/es\/quines-sortides-professionals-grau-ade-marqueting-comunicacio-digital\/#article","isPartOf":{"@id":"https:\/\/www.euncet.com\/blog\/es\/quines-sortides-professionals-grau-ade-marqueting-comunicacio-digital\/"},"author":{"name":"euncet","@id":"https:\/\/www.euncet.com\/blog\/es\/#\/schema\/person\/8253e592273eb1f7a48788902ca03268"},"headline":"\u00bfQu\u00e9 salidas profesionales tendr\u00e9 con el grado en ADE o el de Marketing y Comunicaci\u00f3n Digital?","datePublished":"2016-06-17T10:25:04+00:00","dateModified":"2023-02-15T11:57:08+00:00","mainEntityOfPage":{"@id":"https:\/\/www.euncet.com\/blog\/es\/quines-sortides-professionals-grau-ade-marqueting-comunicacio-digital\/"},"wordCount":314,"keywords":["ADE","Grados universitarios","Marketing"],"articleSection":["Campus: conoce m\u00e1s a Euncet","Comunidad Euncet"],"inLanguage":"es"},{"@type":"WebPage","@id":"https:\/\/www.euncet.com\/blog\/es\/quines-sortides-professionals-grau-ade-marqueting-comunicacio-digital\/","url":"https:\/\/www.euncet.com\/blog\/es\/quines-sortides-professionals-grau-ade-marqueting-comunicacio-digital\/","name":"Salidas profesionales del grado en ADE y Marketing y Comunicaci\u00f3n Digital","isPartOf":{"@id":"https:\/\/www.euncet.com\/blog\/es\/#website"},"datePublished":"2016-06-17T10:25:04+00:00","dateModified":"2023-02-15T11:57:08+00:00","author":{"@id":"https:\/\/www.euncet.com\/blog\/es\/#\/schema\/person\/8253e592273eb1f7a48788902ca03268"},"description":"Si tu tambi\u00e9n te preguntas por las salidas profesionales sobre ADE o marketing y comunicaci\u00f3n digital \u00a1Desc\u00fabrelas en el siguiente art\u00edculo!","breadcrumb":{"@id":"https:\/\/www.euncet.com\/blog\/es\/quines-sortides-professionals-grau-ade-marqueting-comunicacio-digital\/#breadcrumb"},"inLanguage":"es","potentialAction":[{"@type":"ReadAction","target":["https:\/\/www.euncet.com\/blog\/es\/quines-sortides-professionals-grau-ade-marqueting-comunicacio-digital\/"]}]},{"@type":"BreadcrumbList","@id":"https:\/\/www.euncet.com\/blog\/es\/quines-sortides-professionals-grau-ade-marqueting-comunicacio-digital\/#breadcrumb","itemListElement":[{"@type":"ListItem","position":1,"name":"Portada","item":"https:\/\/www.euncet.com\/blog\/es\/"},{"@type":"ListItem","position":2,"name":"\u00bfQu\u00e9 salidas profesionales tendr\u00e9 con el grado en ADE o el de Marketing y Comunicaci\u00f3n Digital?"}]},{"@type":"WebSite","@id":"https:\/\/www.euncet.com\/blog\/es\/#website","url":"https:\/\/www.euncet.com\/blog\/es\/","name":"Euncet Business School","description":"Escuela de negocios","potentialAction":[{"@type":"SearchAction","target":{"@type":"EntryPoint","urlTemplate":"https:\/\/www.euncet.com\/blog\/es\/?s={search_term_string}"},"query-input":{"@type":"PropertyValueSpecification","valueRequired":true,"valueName":"search_term_string"}}],"inLanguage":"es"},{"@type":"Person","@id":"https:\/\/www.euncet.com\/blog\/es\/#\/schema\/person\/8253e592273eb1f7a48788902ca03268","name":"euncet","image":{"@type":"ImageObject","inLanguage":"es","@id":"https:\/\/secure.gravatar.com\/avatar\/ee2ce5f049e82b74bcc6b8db4c5e9c717e35544f3cde91d14a3daa9827fe21f0?s=96&d=mm&r=g","url":"https:\/\/secure.gravatar.com\/avatar\/ee2ce5f049e82b74bcc6b8db4c5e9c717e35544f3cde91d14a3daa9827fe21f0?s=96&d=mm&r=g","contentUrl":"https:\/\/secure.gravatar.com\/avatar\/ee2ce5f049e82b74bcc6b8db4c5e9c717e35544f3cde91d14a3daa9827fe21f0?s=96&d=mm&r=g","caption":"euncet"},"url":"https:\/\/www.euncet.com\/blog\/es\/author\/euncet\/"}]}},"_links":{"self":[{"href":"https:\/\/www.euncet.com\/blog\/es\/wp-json\/wp\/v2\/posts\/17247","targetHints":{"allow":["GET"]}}],"collection":[{"href":"https:\/\/www.euncet.com\/blog\/es\/wp-json\/wp\/v2\/posts"}],"about":[{"href":"https:\/\/www.euncet.com\/blog\/es\/wp-json\/wp\/v2\/types\/post"}],"author":[{"embeddable":true,"href":"https:\/\/www.euncet.com\/blog\/es\/wp-json\/wp\/v2\/users\/28"}],"replies":[{"embeddable":true,"href":"https:\/\/www.euncet.com\/blog\/es\/wp-json\/wp\/v2\/comments?post=17247"}],"version-history":[{"count":0,"href":"https:\/\/www.euncet.com\/blog\/es\/wp-json\/wp\/v2\/posts\/17247\/revisions"}],"wp:attachment":[{"href":"https:\/\/www.euncet.com\/blog\/es\/wp-json\/wp\/v2\/media?parent=17247"}],"wp:term":[{"taxonomy":"category","embeddable":true,"href":"https:\/\/www.euncet.com\/blog\/es\/wp-json\/wp\/v2\/categories?post=17247"},{"taxonomy":"post_tag","embeddable":true,"href":"https:\/\/www.euncet.com\/blog\/es\/wp-json\/wp\/v2\/tags?post=17247"}],"curies":[{"name":"wp","href":"https:\/\/api.w.org\/{rel}","templated":true}]}}