{"id":17965,"date":"2016-07-20T16:39:14","date_gmt":"2016-07-20T14:39:14","guid":{"rendered":"http:\/\/www.euncet.es\/?p=17965"},"modified":"2023-02-08T10:06:48","modified_gmt":"2023-02-08T09:06:48","slug":"cloenda-postgraus-executive-2015-16","status":"publish","type":"post","link":"https:\/\/www.euncet.com\/blog\/es\/cloenda-postgraus-executive-2015-16\/","title":{"rendered":"Cloenda dels postgraus Executive de l\u2019edici\u00f3 2015-16"},"content":{"rendered":"<p>El passat divendres 15 d\u2019abril a la tarda es va celebrar <strong>l&#8217;acte de cloenda de quatre dels postgraus que s&#8217;inclouen en l&#8217;actual oferta formativa de l\u2019Euncet <\/strong>Business School:<\/p>\n<ul>\n<li><strong><a href=\"https:\/\/www.euncet.es\/posgrado-en-direccion-de-ventas\/?ref=438&amp;utm_source=blog&amp;utm_medium=link&amp;utm_campaign=PDV\" target=\"_blank\" rel=\"noopener noreferrer\">Postgrau en Direcci\u00f3 de Vendes<\/a><\/strong><\/li>\n<li><strong><a href=\"https:\/\/www.euncet.es\/posgrado-logistica-presencial-terrassa\/?ref=438&amp;utm_source=blog&amp;utm_medium=link&amp;utm_campaign=PL\" target=\"_blank\" rel=\"noopener noreferrer\">Postgrau en Log\u00edstica Integral<\/a><\/strong><\/li>\n<li><strong><a href=\"https:\/\/www.euncet.es\/posgrado-marketing-digital-presencial-terrassa\/?ref=438&amp;utm_source=blog&amp;utm_medium=link&amp;utm_campaign=PMD\" target=\"_blank\" rel=\"noopener noreferrer\">Postgrau en M\u00e0rqueting Digital<\/a><\/strong><\/li>\n<li><strong><a href=\"https:\/\/www.euncet.es\/posgrado-en-liderazgo-organico\/?ref=438&amp;utm_source=blog&amp;utm_medium=link&amp;utm_campaign=PLO\" target=\"_blank\" rel=\"noopener noreferrer\">Postgrau en Lideratge Org\u00e0nic<\/a><\/strong><\/li>\n<\/ul>\n<p>L&#8217;acte va ser presentat per la directora de l\u2019Escola, Dolors Puig, i <strong>va comptar amb les emotives intervencions dels directors de cada programa<\/strong>, que van ser tamb\u00e9 els encarregats de lliurar els diplomes als recents titulats. La cloenda va seguir amb\u00a0la\u00a0<strong><a href=\"https:\/\/www.facebook.com\/euncet\/photos\/?tab=album&amp;album_id=1100798726642532\">sessi\u00f3 fotogr\u00e0fica de cada grup<\/a>\u00a0<\/strong>i amb la tradici\u00f3 universit\u00e0ria de llan\u00e7ar els birrets. Per celebrar la graduaci\u00f3,es va tancar l&#8217;acte amb un refrigeri a la cafeteria de l\u2019Escola,\u00a0 pensat per poder fer <em>networking<\/em> amb els\u00a0companys i professors.<\/p>\n<p>Des de l\u2019Euncet Business School volem desitjar molta sort als recent titulats en aquesta nova etapa i com a nous <a href=\"https:\/\/www.euncet.es\/alumni\/\">Alumni<\/a> esperem mantenir el contacte. <strong>Enhorabona a tots!<\/strong><\/p>\n<figure id=\"attachment_17966\" aria-describedby=\"caption-attachment-17966\" style=\"width: 850px\" class=\"wp-caption alignleft\"><a href=\"https:\/\/www.facebook.com\/euncet\/photos\/?tab=album&amp;album_id=1100798726642532\" target=\"_blank\" rel=\"noopener noreferrer\"><img fetchpriority=\"high\" decoding=\"async\" class=\"wp-image-17966 size-full\" src=\"https:\/\/www.euncet.es\/wp-content\/uploads\/2016\/07\/Acte-cloende-postgraus.png\" alt=\"Acte de cloenda postgraus\" width=\"850\" height=\"650\" srcset=\"https:\/\/www.euncet.com\/blog\/wp-content\/uploads\/2016\/07\/Acte-cloende-postgraus.png 850w, https:\/\/www.euncet.com\/blog\/wp-content\/uploads\/2016\/07\/Acte-cloende-postgraus-300x229.png 300w, https:\/\/www.euncet.com\/blog\/wp-content\/uploads\/2016\/07\/Acte-cloende-postgraus-768x587.png 768w, https:\/\/www.euncet.com\/blog\/wp-content\/uploads\/2016\/07\/Acte-cloende-postgraus-705x539.png 705w, https:\/\/www.euncet.com\/blog\/wp-content\/uploads\/2016\/07\/Acte-cloende-postgraus-450x344.png 450w\" sizes=\"(max-width: 850px) 100vw, 850px\" \/><\/a><figcaption id=\"caption-attachment-17966\" class=\"wp-caption-text\">Acte de cloenda dels postgraus del curs acad\u00e8mic 2015-16<\/figcaption><\/figure>\n<p><a href=\"https:\/\/www.euncet.es\/masters-posgrados-executive\/?ref=438&amp;utm_source=blog&amp;utm_medium=banner&amp;utm_campaign=EME\"><img decoding=\"async\" class=\"alignleft size-full wp-image-17409\" src=\"http:\/\/www.euncet.es\/wp-content\/uploads\/2016\/07\/EME.jpg\" alt=\"EME\" width=\"850\" height=\"100\" srcset=\"https:\/\/www.euncet.com\/blog\/wp-content\/uploads\/2016\/07\/EME.jpg 850w, https:\/\/www.euncet.com\/blog\/wp-content\/uploads\/2016\/07\/EME-300x35.jpg 300w, https:\/\/www.euncet.com\/blog\/wp-content\/uploads\/2016\/07\/EME-768x90.jpg 768w, https:\/\/www.euncet.com\/blog\/wp-content\/uploads\/2016\/07\/EME-845x100.jpg 845w, https:\/\/www.euncet.com\/blog\/wp-content\/uploads\/2016\/07\/EME-705x83.jpg 705w, https:\/\/www.euncet.com\/blog\/wp-content\/uploads\/2016\/07\/EME-450x53.jpg 450w\" sizes=\"(max-width: 850px) 100vw, 850px\" \/><\/a><\/p>\n","protected":false},"excerpt":{"rendered":"<p>El passat divendres 15 d\u2019abril a la tarda es va celebrar l&#8217;acte de cloenda de quatre dels postgraus que s&#8217;inclouen en l&#8217;actual oferta formativa de l\u2019Euncet Business School: Postgrau en Direcci\u00f3 de Vendes Postgrau en Log\u00edstica Integral Postgrau en M\u00e0rqueting Digital Postgrau en Lideratge Org\u00e0nic L&#8217;acte va ser presentat per la directora de l\u2019Escola, Dolors [&hellip;]<\/p>\n","protected":false},"author":28,"featured_media":0,"comment_status":"closed","ping_status":"open","sticky":false,"template":"","format":"standard","meta":{"_acf_changed":false,"footnotes":""},"categories":[300,291],"tags":[333],"class_list":["post-17965","post","type-post","status-publish","format-standard","hentry","category-alumni-euncet","category-comunidad-euncet","tag-graduacion"],"acf":[],"yoast_head":"<!-- This site is optimized with the Yoast SEO plugin v27.5 - https:\/\/yoast.com\/product\/yoast-seo-wordpress\/ -->\n<title>Cloenda dels postgraus Executive de l\u2019edici\u00f3 2015-16 | Euncet<\/title>\n<meta name=\"description\" content=\"El 15 d\u2019abril es va celebrar l\u2019acte de cloenda dels postgraus en Direcci\u00f3 de Vendes, Log\u00edstica Integral, M\u00e0rqueting Digital i Lideratge Org\u00e0nic.\" \/>\n<meta name=\"robots\" content=\"index, follow, max-snippet:-1, max-image-preview:large, max-video-preview:-1\" \/>\n<link rel=\"canonical\" href=\"https:\/\/www.euncet.com\/blog\/es\/cloenda-postgraus-executive-2015-16\/\" \/>\n<meta property=\"og:locale\" content=\"es_ES\" \/>\n<meta property=\"og:type\" content=\"article\" \/>\n<meta property=\"og:title\" content=\"Cloenda dels postgraus Executive de l\u2019edici\u00f3 2015-16 | Euncet\" \/>\n<meta property=\"og:description\" content=\"El 15 d\u2019abril es va celebrar l\u2019acte de cloenda dels postgraus en Direcci\u00f3 de Vendes, Log\u00edstica Integral, M\u00e0rqueting Digital i Lideratge Org\u00e0nic.\" \/>\n<meta property=\"og:url\" content=\"https:\/\/www.euncet.com\/blog\/es\/cloenda-postgraus-executive-2015-16\/\" \/>\n<meta property=\"og:site_name\" content=\"Euncet Business School\" \/>\n<meta property=\"article:publisher\" content=\"https:\/\/www.facebook.com\/euncet\" \/>\n<meta property=\"article:published_time\" content=\"2016-07-20T14:39:14+00:00\" \/>\n<meta property=\"article:modified_time\" content=\"2023-02-08T09:06:48+00:00\" \/>\n<meta property=\"og:image\" content=\"https:\/\/www.euncet.es\/wp-content\/uploads\/2016\/07\/Acte-cloende-postgraus.png\" \/>\n<meta name=\"author\" content=\"euncet\" \/>\n<meta name=\"twitter:card\" content=\"summary_large_image\" \/>\n<meta name=\"twitter:creator\" content=\"@euncet\" \/>\n<meta name=\"twitter:site\" content=\"@euncet\" \/>\n<meta name=\"twitter:label1\" content=\"Escrito por\" \/>\n\t<meta name=\"twitter:data1\" content=\"euncet\" \/>\n\t<meta name=\"twitter:label2\" content=\"Tiempo de lectura\" \/>\n\t<meta name=\"twitter:data2\" content=\"1 minuto\" \/>\n<script type=\"application\/ld+json\" class=\"yoast-schema-graph\">{\"@context\":\"https:\\\/\\\/schema.org\",\"@graph\":[{\"@type\":\"Article\",\"@id\":\"https:\\\/\\\/www.euncet.com\\\/blog\\\/es\\\/cloenda-postgraus-executive-2015-16\\\/#article\",\"isPartOf\":{\"@id\":\"https:\\\/\\\/www.euncet.com\\\/blog\\\/es\\\/cloenda-postgraus-executive-2015-16\\\/\"},\"author\":{\"name\":\"euncet\",\"@id\":\"https:\\\/\\\/www.euncet.com\\\/blog\\\/es\\\/#\\\/schema\\\/person\\\/8253e592273eb1f7a48788902ca03268\"},\"headline\":\"Cloenda dels postgraus Executive de l\u2019edici\u00f3 2015-16\",\"datePublished\":\"2016-07-20T14:39:14+00:00\",\"dateModified\":\"2023-02-08T09:06:48+00:00\",\"mainEntityOfPage\":{\"@id\":\"https:\\\/\\\/www.euncet.com\\\/blog\\\/es\\\/cloenda-postgraus-executive-2015-16\\\/\"},\"wordCount\":195,\"image\":{\"@id\":\"https:\\\/\\\/www.euncet.com\\\/blog\\\/es\\\/cloenda-postgraus-executive-2015-16\\\/#primaryimage\"},\"thumbnailUrl\":\"https:\\\/\\\/www.euncet.es\\\/wp-content\\\/uploads\\\/2016\\\/07\\\/Acte-cloende-postgraus.png\",\"keywords\":[\"Graduaci\u00f3n\"],\"articleSection\":[\"Alumni: conoce m\u00e1s sobre nuestros alumni\",\"Comunidad Euncet\"],\"inLanguage\":\"es\"},{\"@type\":\"WebPage\",\"@id\":\"https:\\\/\\\/www.euncet.com\\\/blog\\\/es\\\/cloenda-postgraus-executive-2015-16\\\/\",\"url\":\"https:\\\/\\\/www.euncet.com\\\/blog\\\/es\\\/cloenda-postgraus-executive-2015-16\\\/\",\"name\":\"Cloenda dels postgraus Executive de l\u2019edici\u00f3 2015-16 | Euncet\",\"isPartOf\":{\"@id\":\"https:\\\/\\\/www.euncet.com\\\/blog\\\/es\\\/#website\"},\"primaryImageOfPage\":{\"@id\":\"https:\\\/\\\/www.euncet.com\\\/blog\\\/es\\\/cloenda-postgraus-executive-2015-16\\\/#primaryimage\"},\"image\":{\"@id\":\"https:\\\/\\\/www.euncet.com\\\/blog\\\/es\\\/cloenda-postgraus-executive-2015-16\\\/#primaryimage\"},\"thumbnailUrl\":\"https:\\\/\\\/www.euncet.es\\\/wp-content\\\/uploads\\\/2016\\\/07\\\/Acte-cloende-postgraus.png\",\"datePublished\":\"2016-07-20T14:39:14+00:00\",\"dateModified\":\"2023-02-08T09:06:48+00:00\",\"author\":{\"@id\":\"https:\\\/\\\/www.euncet.com\\\/blog\\\/es\\\/#\\\/schema\\\/person\\\/8253e592273eb1f7a48788902ca03268\"},\"description\":\"El 15 d\u2019abril es va celebrar l\u2019acte de cloenda dels postgraus en Direcci\u00f3 de Vendes, Log\u00edstica Integral, M\u00e0rqueting Digital i Lideratge Org\u00e0nic.\",\"breadcrumb\":{\"@id\":\"https:\\\/\\\/www.euncet.com\\\/blog\\\/es\\\/cloenda-postgraus-executive-2015-16\\\/#breadcrumb\"},\"inLanguage\":\"es\",\"potentialAction\":[{\"@type\":\"ReadAction\",\"target\":[\"https:\\\/\\\/www.euncet.com\\\/blog\\\/es\\\/cloenda-postgraus-executive-2015-16\\\/\"]}]},{\"@type\":\"ImageObject\",\"inLanguage\":\"es\",\"@id\":\"https:\\\/\\\/www.euncet.com\\\/blog\\\/es\\\/cloenda-postgraus-executive-2015-16\\\/#primaryimage\",\"url\":\"https:\\\/\\\/www.euncet.es\\\/wp-content\\\/uploads\\\/2016\\\/07\\\/Acte-cloende-postgraus.png\",\"contentUrl\":\"https:\\\/\\\/www.euncet.es\\\/wp-content\\\/uploads\\\/2016\\\/07\\\/Acte-cloende-postgraus.png\"},{\"@type\":\"BreadcrumbList\",\"@id\":\"https:\\\/\\\/www.euncet.com\\\/blog\\\/es\\\/cloenda-postgraus-executive-2015-16\\\/#breadcrumb\",\"itemListElement\":[{\"@type\":\"ListItem\",\"position\":1,\"name\":\"Portada\",\"item\":\"https:\\\/\\\/www.euncet.com\\\/blog\\\/es\\\/\"},{\"@type\":\"ListItem\",\"position\":2,\"name\":\"Cloenda dels postgraus Executive de l\u2019edici\u00f3 2015-16\"}]},{\"@type\":\"WebSite\",\"@id\":\"https:\\\/\\\/www.euncet.com\\\/blog\\\/es\\\/#website\",\"url\":\"https:\\\/\\\/www.euncet.com\\\/blog\\\/es\\\/\",\"name\":\"Euncet Business School\",\"description\":\"Escuela de negocios\",\"potentialAction\":[{\"@type\":\"SearchAction\",\"target\":{\"@type\":\"EntryPoint\",\"urlTemplate\":\"https:\\\/\\\/www.euncet.com\\\/blog\\\/es\\\/?s={search_term_string}\"},\"query-input\":{\"@type\":\"PropertyValueSpecification\",\"valueRequired\":true,\"valueName\":\"search_term_string\"}}],\"inLanguage\":\"es\"},{\"@type\":\"Person\",\"@id\":\"https:\\\/\\\/www.euncet.com\\\/blog\\\/es\\\/#\\\/schema\\\/person\\\/8253e592273eb1f7a48788902ca03268\",\"name\":\"euncet\",\"image\":{\"@type\":\"ImageObject\",\"inLanguage\":\"es\",\"@id\":\"https:\\\/\\\/secure.gravatar.com\\\/avatar\\\/ee2ce5f049e82b74bcc6b8db4c5e9c717e35544f3cde91d14a3daa9827fe21f0?s=96&d=mm&r=g\",\"url\":\"https:\\\/\\\/secure.gravatar.com\\\/avatar\\\/ee2ce5f049e82b74bcc6b8db4c5e9c717e35544f3cde91d14a3daa9827fe21f0?s=96&d=mm&r=g\",\"contentUrl\":\"https:\\\/\\\/secure.gravatar.com\\\/avatar\\\/ee2ce5f049e82b74bcc6b8db4c5e9c717e35544f3cde91d14a3daa9827fe21f0?s=96&d=mm&r=g\",\"caption\":\"euncet\"},\"url\":\"https:\\\/\\\/www.euncet.com\\\/blog\\\/es\\\/author\\\/euncet\\\/\"}]}<\/script>\n<!-- \/ Yoast SEO plugin. -->","yoast_head_json":{"title":"Cloenda dels postgraus Executive de l\u2019edici\u00f3 2015-16 | Euncet","description":"El 15 d\u2019abril es va celebrar l\u2019acte de cloenda dels postgraus en Direcci\u00f3 de Vendes, Log\u00edstica Integral, M\u00e0rqueting Digital i Lideratge Org\u00e0nic.","robots":{"index":"index","follow":"follow","max-snippet":"max-snippet:-1","max-image-preview":"max-image-preview:large","max-video-preview":"max-video-preview:-1"},"canonical":"https:\/\/www.euncet.com\/blog\/es\/cloenda-postgraus-executive-2015-16\/","og_locale":"es_ES","og_type":"article","og_title":"Cloenda dels postgraus Executive de l\u2019edici\u00f3 2015-16 | Euncet","og_description":"El 15 d\u2019abril es va celebrar l\u2019acte de cloenda dels postgraus en Direcci\u00f3 de Vendes, Log\u00edstica Integral, M\u00e0rqueting Digital i Lideratge Org\u00e0nic.","og_url":"https:\/\/www.euncet.com\/blog\/es\/cloenda-postgraus-executive-2015-16\/","og_site_name":"Euncet Business School","article_publisher":"https:\/\/www.facebook.com\/euncet","article_published_time":"2016-07-20T14:39:14+00:00","article_modified_time":"2023-02-08T09:06:48+00:00","og_image":[{"url":"https:\/\/www.euncet.es\/wp-content\/uploads\/2016\/07\/Acte-cloende-postgraus.png","type":"","width":"","height":""}],"author":"euncet","twitter_card":"summary_large_image","twitter_creator":"@euncet","twitter_site":"@euncet","twitter_misc":{"Escrito por":"euncet","Tiempo de lectura":"1 minuto"},"schema":{"@context":"https:\/\/schema.org","@graph":[{"@type":"Article","@id":"https:\/\/www.euncet.com\/blog\/es\/cloenda-postgraus-executive-2015-16\/#article","isPartOf":{"@id":"https:\/\/www.euncet.com\/blog\/es\/cloenda-postgraus-executive-2015-16\/"},"author":{"name":"euncet","@id":"https:\/\/www.euncet.com\/blog\/es\/#\/schema\/person\/8253e592273eb1f7a48788902ca03268"},"headline":"Cloenda dels postgraus Executive de l\u2019edici\u00f3 2015-16","datePublished":"2016-07-20T14:39:14+00:00","dateModified":"2023-02-08T09:06:48+00:00","mainEntityOfPage":{"@id":"https:\/\/www.euncet.com\/blog\/es\/cloenda-postgraus-executive-2015-16\/"},"wordCount":195,"image":{"@id":"https:\/\/www.euncet.com\/blog\/es\/cloenda-postgraus-executive-2015-16\/#primaryimage"},"thumbnailUrl":"https:\/\/www.euncet.es\/wp-content\/uploads\/2016\/07\/Acte-cloende-postgraus.png","keywords":["Graduaci\u00f3n"],"articleSection":["Alumni: conoce m\u00e1s sobre nuestros alumni","Comunidad Euncet"],"inLanguage":"es"},{"@type":"WebPage","@id":"https:\/\/www.euncet.com\/blog\/es\/cloenda-postgraus-executive-2015-16\/","url":"https:\/\/www.euncet.com\/blog\/es\/cloenda-postgraus-executive-2015-16\/","name":"Cloenda dels postgraus Executive de l\u2019edici\u00f3 2015-16 | Euncet","isPartOf":{"@id":"https:\/\/www.euncet.com\/blog\/es\/#website"},"primaryImageOfPage":{"@id":"https:\/\/www.euncet.com\/blog\/es\/cloenda-postgraus-executive-2015-16\/#primaryimage"},"image":{"@id":"https:\/\/www.euncet.com\/blog\/es\/cloenda-postgraus-executive-2015-16\/#primaryimage"},"thumbnailUrl":"https:\/\/www.euncet.es\/wp-content\/uploads\/2016\/07\/Acte-cloende-postgraus.png","datePublished":"2016-07-20T14:39:14+00:00","dateModified":"2023-02-08T09:06:48+00:00","author":{"@id":"https:\/\/www.euncet.com\/blog\/es\/#\/schema\/person\/8253e592273eb1f7a48788902ca03268"},"description":"El 15 d\u2019abril es va celebrar l\u2019acte de cloenda dels postgraus en Direcci\u00f3 de Vendes, Log\u00edstica Integral, M\u00e0rqueting Digital i Lideratge Org\u00e0nic.","breadcrumb":{"@id":"https:\/\/www.euncet.com\/blog\/es\/cloenda-postgraus-executive-2015-16\/#breadcrumb"},"inLanguage":"es","potentialAction":[{"@type":"ReadAction","target":["https:\/\/www.euncet.com\/blog\/es\/cloenda-postgraus-executive-2015-16\/"]}]},{"@type":"ImageObject","inLanguage":"es","@id":"https:\/\/www.euncet.com\/blog\/es\/cloenda-postgraus-executive-2015-16\/#primaryimage","url":"https:\/\/www.euncet.es\/wp-content\/uploads\/2016\/07\/Acte-cloende-postgraus.png","contentUrl":"https:\/\/www.euncet.es\/wp-content\/uploads\/2016\/07\/Acte-cloende-postgraus.png"},{"@type":"BreadcrumbList","@id":"https:\/\/www.euncet.com\/blog\/es\/cloenda-postgraus-executive-2015-16\/#breadcrumb","itemListElement":[{"@type":"ListItem","position":1,"name":"Portada","item":"https:\/\/www.euncet.com\/blog\/es\/"},{"@type":"ListItem","position":2,"name":"Cloenda dels postgraus Executive de l\u2019edici\u00f3 2015-16"}]},{"@type":"WebSite","@id":"https:\/\/www.euncet.com\/blog\/es\/#website","url":"https:\/\/www.euncet.com\/blog\/es\/","name":"Euncet Business School","description":"Escuela de negocios","potentialAction":[{"@type":"SearchAction","target":{"@type":"EntryPoint","urlTemplate":"https:\/\/www.euncet.com\/blog\/es\/?s={search_term_string}"},"query-input":{"@type":"PropertyValueSpecification","valueRequired":true,"valueName":"search_term_string"}}],"inLanguage":"es"},{"@type":"Person","@id":"https:\/\/www.euncet.com\/blog\/es\/#\/schema\/person\/8253e592273eb1f7a48788902ca03268","name":"euncet","image":{"@type":"ImageObject","inLanguage":"es","@id":"https:\/\/secure.gravatar.com\/avatar\/ee2ce5f049e82b74bcc6b8db4c5e9c717e35544f3cde91d14a3daa9827fe21f0?s=96&d=mm&r=g","url":"https:\/\/secure.gravatar.com\/avatar\/ee2ce5f049e82b74bcc6b8db4c5e9c717e35544f3cde91d14a3daa9827fe21f0?s=96&d=mm&r=g","contentUrl":"https:\/\/secure.gravatar.com\/avatar\/ee2ce5f049e82b74bcc6b8db4c5e9c717e35544f3cde91d14a3daa9827fe21f0?s=96&d=mm&r=g","caption":"euncet"},"url":"https:\/\/www.euncet.com\/blog\/es\/author\/euncet\/"}]}},"_links":{"self":[{"href":"https:\/\/www.euncet.com\/blog\/es\/wp-json\/wp\/v2\/posts\/17965","targetHints":{"allow":["GET"]}}],"collection":[{"href":"https:\/\/www.euncet.com\/blog\/es\/wp-json\/wp\/v2\/posts"}],"about":[{"href":"https:\/\/www.euncet.com\/blog\/es\/wp-json\/wp\/v2\/types\/post"}],"author":[{"embeddable":true,"href":"https:\/\/www.euncet.com\/blog\/es\/wp-json\/wp\/v2\/users\/28"}],"replies":[{"embeddable":true,"href":"https:\/\/www.euncet.com\/blog\/es\/wp-json\/wp\/v2\/comments?post=17965"}],"version-history":[{"count":0,"href":"https:\/\/www.euncet.com\/blog\/es\/wp-json\/wp\/v2\/posts\/17965\/revisions"}],"wp:attachment":[{"href":"https:\/\/www.euncet.com\/blog\/es\/wp-json\/wp\/v2\/media?parent=17965"}],"wp:term":[{"taxonomy":"category","embeddable":true,"href":"https:\/\/www.euncet.com\/blog\/es\/wp-json\/wp\/v2\/categories?post=17965"},{"taxonomy":"post_tag","embeddable":true,"href":"https:\/\/www.euncet.com\/blog\/es\/wp-json\/wp\/v2\/tags?post=17965"}],"curies":[{"name":"wp","href":"https:\/\/api.w.org\/{rel}","templated":true}]}}