{"id":18752,"date":"2016-09-22T13:30:32","date_gmt":"2016-09-22T11:30:32","guid":{"rendered":"http:\/\/www.euncet.es\/?p=18752"},"modified":"2023-08-08T10:36:23","modified_gmt":"2023-08-08T08:36:23","slug":"profesor-pablo-laucirica-participa-feria-eshow-madrid","status":"publish","type":"post","link":"https:\/\/www.euncet.com\/blog\/es\/profesor-pablo-laucirica-participa-feria-eshow-madrid\/","title":{"rendered":"El profesor Pablo Laucirica participa en la feria eShow en Madrid"},"content":{"rendered":"<p><img decoding=\"async\" class=\"alignleft wp-image-18754 size-square\" src=\"https:\/\/www.euncet.es\/wp-content\/uploads\/2016\/09\/Pablo-180x180.jpg\" alt=\"Pablo Laucirica\" width=\"180\" height=\"180\" srcset=\"https:\/\/www.euncet.com\/blog\/wp-content\/uploads\/2016\/09\/Pablo-180x180.jpg 180w, https:\/\/www.euncet.com\/blog\/wp-content\/uploads\/2016\/09\/Pablo-80x80.jpg 80w, https:\/\/www.euncet.com\/blog\/wp-content\/uploads\/2016\/09\/Pablo-36x36.jpg 36w, https:\/\/www.euncet.com\/blog\/wp-content\/uploads\/2016\/09\/Pablo-120x120.jpg 120w, https:\/\/www.euncet.com\/blog\/wp-content\/uploads\/2016\/09\/Pablo.jpg 241w\" sizes=\"(max-width: 180px) 100vw, 180px\" \/><strong>Pablo Laucirica Lopez-Palacios, profesor asociado a EUNCET<\/strong> Business School, participa hoy como ponente en la feria eShow con la conferencia titulada <strong>\u201cDigital Solutions \u2013 Multiplica tu rentabilidad SEM con Microsoft\u201d<\/strong>, donde se explicar\u00e1 \u201cc\u00f3mo Microsoft, a trav\u00e9s de su buscador Bing, ayuda a las empresas a conectar con la audiencia adecuada de una forma innovadora, inteligente y \u00e1gil\u201d. Actualmente, Pablo dirige el departamento de estrategia y ventas de\u00a0Microsoft Search Advertising<\/p>\n<p><strong><a href=\"http:\/\/www.the-eshow.com\/madrid\/ponentes\/speakers-home\/detail\/447\/1\/pablo-laucirica-lopez-palacios\" target=\"_blank\" rel=\"noopener noreferrer\">eShow<\/a><\/strong> es uno de los principales circuitos feriales dedicado a Ecommerce, Marketing Online, Hosting &amp; Cloud Computing, Social Media, Mobile e Internet of Things con ediciones en Barcelona, Madrid, Lisboa, S\u00e3o Paulo, Bogot\u00e1, Lima y M\u00e9xico DF. Cuenta con m\u00e1s de 120 expositores, m\u00e1s de 20 speakers y m\u00e1s de 13.000 visitantes.<\/p>\n<p><a href=\"http:\/\/www.the-eshow.com\/madrid\/ponentes\/speakers-home\/detail\/447\/1\/pablo-laucirica-lopez-palacios\" target=\"_blank\" rel=\"noopener noreferrer\"><img fetchpriority=\"high\" decoding=\"async\" class=\"aligncenter wp-image-18753 size-full\" src=\"http:\/\/www.euncet.es\/wp-content\/uploads\/2016\/09\/eshow.jpg\" alt=\"eshow\" width=\"981\" height=\"125\" srcset=\"https:\/\/www.euncet.com\/blog\/wp-content\/uploads\/2016\/09\/eshow.jpg 981w, https:\/\/www.euncet.com\/blog\/wp-content\/uploads\/2016\/09\/eshow-300x38.jpg 300w, https:\/\/www.euncet.com\/blog\/wp-content\/uploads\/2016\/09\/eshow-768x98.jpg 768w, https:\/\/www.euncet.com\/blog\/wp-content\/uploads\/2016\/09\/eshow-705x90.jpg 705w, https:\/\/www.euncet.com\/blog\/wp-content\/uploads\/2016\/09\/eshow-450x57.jpg 450w\" sizes=\"(max-width: 981px) 100vw, 981px\" \/><\/a><\/p>\n","protected":false},"excerpt":{"rendered":"<p>Pablo Laucirica Lopez-Palacios, profesor asociado a EUNCET Business School, participa hoy como ponente en la feria eShow con la conferencia titulada \u201cDigital Solutions \u2013 Multiplica tu rentabilidad SEM con Microsoft\u201d, donde se explicar\u00e1 \u201cc\u00f3mo Microsoft, a trav\u00e9s de su buscador Bing, ayuda a las empresas a conectar con la audiencia adecuada de una forma innovadora, [&hellip;]<\/p>\n","protected":false},"author":28,"featured_media":0,"comment_status":"closed","ping_status":"open","sticky":false,"template":"","format":"standard","meta":{"_acf_changed":false,"footnotes":""},"categories":[301,291],"tags":[359],"class_list":["post-18752","post","type-post","status-publish","format-standard","hentry","category-campus-euncet","category-comunidad-euncet","tag-docentes"],"acf":[],"yoast_head":"<!-- This site is optimized with the Yoast SEO plugin v27.4 - https:\/\/yoast.com\/product\/yoast-seo-wordpress\/ -->\n<title>Pablo Laucirica, docente de Euncet, participa en la feria eShow<\/title>\n<meta name=\"description\" content=\"Pablo Laucirica, profesor asociado de Euncet, comparte en eShow c\u00f3mo Bing impulsa la conexi\u00f3n entre las empresas y su audiencia, destacando su presencia.\" \/>\n<meta name=\"robots\" content=\"index, follow, max-snippet:-1, max-image-preview:large, max-video-preview:-1\" \/>\n<link rel=\"canonical\" href=\"https:\/\/www.euncet.com\/blog\/es\/profesor-pablo-laucirica-participa-feria-eshow-madrid\/\" \/>\n<meta property=\"og:locale\" content=\"es_ES\" \/>\n<meta property=\"og:type\" content=\"article\" \/>\n<meta property=\"og:title\" content=\"Pablo Laucirica, docente de Euncet, participa en la feria eShow\" \/>\n<meta property=\"og:description\" content=\"Pablo Laucirica, profesor asociado de Euncet, comparte en eShow c\u00f3mo Bing impulsa la conexi\u00f3n entre las empresas y su audiencia, destacando su presencia.\" \/>\n<meta property=\"og:url\" content=\"https:\/\/www.euncet.com\/blog\/es\/profesor-pablo-laucirica-participa-feria-eshow-madrid\/\" \/>\n<meta property=\"og:site_name\" content=\"Euncet Business School\" \/>\n<meta property=\"article:publisher\" content=\"https:\/\/www.facebook.com\/euncet\" \/>\n<meta property=\"article:published_time\" content=\"2016-09-22T11:30:32+00:00\" \/>\n<meta property=\"article:modified_time\" content=\"2023-08-08T08:36:23+00:00\" \/>\n<meta property=\"og:image\" content=\"https:\/\/www.euncet.es\/wp-content\/uploads\/2016\/09\/Pablo-180x180.jpg\" \/>\n<meta name=\"author\" content=\"euncet\" \/>\n<meta name=\"twitter:card\" content=\"summary_large_image\" \/>\n<meta name=\"twitter:creator\" content=\"@euncet\" \/>\n<meta name=\"twitter:site\" content=\"@euncet\" \/>\n<meta name=\"twitter:label1\" content=\"Escrito por\" \/>\n\t<meta name=\"twitter:data1\" content=\"euncet\" \/>\n\t<meta name=\"twitter:label2\" content=\"Tiempo de lectura\" \/>\n\t<meta name=\"twitter:data2\" content=\"1 minuto\" \/>\n<script type=\"application\/ld+json\" class=\"yoast-schema-graph\">{\"@context\":\"https:\\\/\\\/schema.org\",\"@graph\":[{\"@type\":\"Article\",\"@id\":\"https:\\\/\\\/www.euncet.com\\\/blog\\\/es\\\/profesor-pablo-laucirica-participa-feria-eshow-madrid\\\/#article\",\"isPartOf\":{\"@id\":\"https:\\\/\\\/www.euncet.com\\\/blog\\\/es\\\/profesor-pablo-laucirica-participa-feria-eshow-madrid\\\/\"},\"author\":{\"name\":\"euncet\",\"@id\":\"https:\\\/\\\/www.euncet.com\\\/blog\\\/es\\\/#\\\/schema\\\/person\\\/8253e592273eb1f7a48788902ca03268\"},\"headline\":\"El profesor Pablo Laucirica participa en la feria eShow en Madrid\",\"datePublished\":\"2016-09-22T11:30:32+00:00\",\"dateModified\":\"2023-08-08T08:36:23+00:00\",\"mainEntityOfPage\":{\"@id\":\"https:\\\/\\\/www.euncet.com\\\/blog\\\/es\\\/profesor-pablo-laucirica-participa-feria-eshow-madrid\\\/\"},\"wordCount\":137,\"image\":{\"@id\":\"https:\\\/\\\/www.euncet.com\\\/blog\\\/es\\\/profesor-pablo-laucirica-participa-feria-eshow-madrid\\\/#primaryimage\"},\"thumbnailUrl\":\"https:\\\/\\\/www.euncet.es\\\/wp-content\\\/uploads\\\/2016\\\/09\\\/Pablo-180x180.jpg\",\"keywords\":[\"Docentes\"],\"articleSection\":[\"Campus: conoce m\u00e1s a Euncet\",\"Comunidad Euncet\"],\"inLanguage\":\"es\"},{\"@type\":\"WebPage\",\"@id\":\"https:\\\/\\\/www.euncet.com\\\/blog\\\/es\\\/profesor-pablo-laucirica-participa-feria-eshow-madrid\\\/\",\"url\":\"https:\\\/\\\/www.euncet.com\\\/blog\\\/es\\\/profesor-pablo-laucirica-participa-feria-eshow-madrid\\\/\",\"name\":\"Pablo Laucirica, docente de Euncet, participa en la feria eShow\",\"isPartOf\":{\"@id\":\"https:\\\/\\\/www.euncet.com\\\/blog\\\/es\\\/#website\"},\"primaryImageOfPage\":{\"@id\":\"https:\\\/\\\/www.euncet.com\\\/blog\\\/es\\\/profesor-pablo-laucirica-participa-feria-eshow-madrid\\\/#primaryimage\"},\"image\":{\"@id\":\"https:\\\/\\\/www.euncet.com\\\/blog\\\/es\\\/profesor-pablo-laucirica-participa-feria-eshow-madrid\\\/#primaryimage\"},\"thumbnailUrl\":\"https:\\\/\\\/www.euncet.es\\\/wp-content\\\/uploads\\\/2016\\\/09\\\/Pablo-180x180.jpg\",\"datePublished\":\"2016-09-22T11:30:32+00:00\",\"dateModified\":\"2023-08-08T08:36:23+00:00\",\"author\":{\"@id\":\"https:\\\/\\\/www.euncet.com\\\/blog\\\/es\\\/#\\\/schema\\\/person\\\/8253e592273eb1f7a48788902ca03268\"},\"description\":\"Pablo Laucirica, profesor asociado de Euncet, comparte en eShow c\u00f3mo Bing impulsa la conexi\u00f3n entre las empresas y su audiencia, destacando su presencia.\",\"breadcrumb\":{\"@id\":\"https:\\\/\\\/www.euncet.com\\\/blog\\\/es\\\/profesor-pablo-laucirica-participa-feria-eshow-madrid\\\/#breadcrumb\"},\"inLanguage\":\"es\",\"potentialAction\":[{\"@type\":\"ReadAction\",\"target\":[\"https:\\\/\\\/www.euncet.com\\\/blog\\\/es\\\/profesor-pablo-laucirica-participa-feria-eshow-madrid\\\/\"]}]},{\"@type\":\"ImageObject\",\"inLanguage\":\"es\",\"@id\":\"https:\\\/\\\/www.euncet.com\\\/blog\\\/es\\\/profesor-pablo-laucirica-participa-feria-eshow-madrid\\\/#primaryimage\",\"url\":\"https:\\\/\\\/www.euncet.es\\\/wp-content\\\/uploads\\\/2016\\\/09\\\/Pablo-180x180.jpg\",\"contentUrl\":\"https:\\\/\\\/www.euncet.es\\\/wp-content\\\/uploads\\\/2016\\\/09\\\/Pablo-180x180.jpg\"},{\"@type\":\"BreadcrumbList\",\"@id\":\"https:\\\/\\\/www.euncet.com\\\/blog\\\/es\\\/profesor-pablo-laucirica-participa-feria-eshow-madrid\\\/#breadcrumb\",\"itemListElement\":[{\"@type\":\"ListItem\",\"position\":1,\"name\":\"Portada\",\"item\":\"https:\\\/\\\/www.euncet.com\\\/blog\\\/es\\\/\"},{\"@type\":\"ListItem\",\"position\":2,\"name\":\"El profesor Pablo Laucirica participa en la feria eShow en Madrid\"}]},{\"@type\":\"WebSite\",\"@id\":\"https:\\\/\\\/www.euncet.com\\\/blog\\\/es\\\/#website\",\"url\":\"https:\\\/\\\/www.euncet.com\\\/blog\\\/es\\\/\",\"name\":\"Euncet Business School\",\"description\":\"Escuela de negocios\",\"potentialAction\":[{\"@type\":\"SearchAction\",\"target\":{\"@type\":\"EntryPoint\",\"urlTemplate\":\"https:\\\/\\\/www.euncet.com\\\/blog\\\/es\\\/?s={search_term_string}\"},\"query-input\":{\"@type\":\"PropertyValueSpecification\",\"valueRequired\":true,\"valueName\":\"search_term_string\"}}],\"inLanguage\":\"es\"},{\"@type\":\"Person\",\"@id\":\"https:\\\/\\\/www.euncet.com\\\/blog\\\/es\\\/#\\\/schema\\\/person\\\/8253e592273eb1f7a48788902ca03268\",\"name\":\"euncet\",\"image\":{\"@type\":\"ImageObject\",\"inLanguage\":\"es\",\"@id\":\"https:\\\/\\\/secure.gravatar.com\\\/avatar\\\/ee2ce5f049e82b74bcc6b8db4c5e9c717e35544f3cde91d14a3daa9827fe21f0?s=96&d=mm&r=g\",\"url\":\"https:\\\/\\\/secure.gravatar.com\\\/avatar\\\/ee2ce5f049e82b74bcc6b8db4c5e9c717e35544f3cde91d14a3daa9827fe21f0?s=96&d=mm&r=g\",\"contentUrl\":\"https:\\\/\\\/secure.gravatar.com\\\/avatar\\\/ee2ce5f049e82b74bcc6b8db4c5e9c717e35544f3cde91d14a3daa9827fe21f0?s=96&d=mm&r=g\",\"caption\":\"euncet\"},\"url\":\"https:\\\/\\\/www.euncet.com\\\/blog\\\/es\\\/author\\\/euncet\\\/\"}]}<\/script>\n<!-- \/ Yoast SEO plugin. -->","yoast_head_json":{"title":"Pablo Laucirica, docente de Euncet, participa en la feria eShow","description":"Pablo Laucirica, profesor asociado de Euncet, comparte en eShow c\u00f3mo Bing impulsa la conexi\u00f3n entre las empresas y su audiencia, destacando su presencia.","robots":{"index":"index","follow":"follow","max-snippet":"max-snippet:-1","max-image-preview":"max-image-preview:large","max-video-preview":"max-video-preview:-1"},"canonical":"https:\/\/www.euncet.com\/blog\/es\/profesor-pablo-laucirica-participa-feria-eshow-madrid\/","og_locale":"es_ES","og_type":"article","og_title":"Pablo Laucirica, docente de Euncet, participa en la feria eShow","og_description":"Pablo Laucirica, profesor asociado de Euncet, comparte en eShow c\u00f3mo Bing impulsa la conexi\u00f3n entre las empresas y su audiencia, destacando su presencia.","og_url":"https:\/\/www.euncet.com\/blog\/es\/profesor-pablo-laucirica-participa-feria-eshow-madrid\/","og_site_name":"Euncet Business School","article_publisher":"https:\/\/www.facebook.com\/euncet","article_published_time":"2016-09-22T11:30:32+00:00","article_modified_time":"2023-08-08T08:36:23+00:00","og_image":[{"url":"https:\/\/www.euncet.es\/wp-content\/uploads\/2016\/09\/Pablo-180x180.jpg","type":"","width":"","height":""}],"author":"euncet","twitter_card":"summary_large_image","twitter_creator":"@euncet","twitter_site":"@euncet","twitter_misc":{"Escrito por":"euncet","Tiempo de lectura":"1 minuto"},"schema":{"@context":"https:\/\/schema.org","@graph":[{"@type":"Article","@id":"https:\/\/www.euncet.com\/blog\/es\/profesor-pablo-laucirica-participa-feria-eshow-madrid\/#article","isPartOf":{"@id":"https:\/\/www.euncet.com\/blog\/es\/profesor-pablo-laucirica-participa-feria-eshow-madrid\/"},"author":{"name":"euncet","@id":"https:\/\/www.euncet.com\/blog\/es\/#\/schema\/person\/8253e592273eb1f7a48788902ca03268"},"headline":"El profesor Pablo Laucirica participa en la feria eShow en Madrid","datePublished":"2016-09-22T11:30:32+00:00","dateModified":"2023-08-08T08:36:23+00:00","mainEntityOfPage":{"@id":"https:\/\/www.euncet.com\/blog\/es\/profesor-pablo-laucirica-participa-feria-eshow-madrid\/"},"wordCount":137,"image":{"@id":"https:\/\/www.euncet.com\/blog\/es\/profesor-pablo-laucirica-participa-feria-eshow-madrid\/#primaryimage"},"thumbnailUrl":"https:\/\/www.euncet.es\/wp-content\/uploads\/2016\/09\/Pablo-180x180.jpg","keywords":["Docentes"],"articleSection":["Campus: conoce m\u00e1s a Euncet","Comunidad Euncet"],"inLanguage":"es"},{"@type":"WebPage","@id":"https:\/\/www.euncet.com\/blog\/es\/profesor-pablo-laucirica-participa-feria-eshow-madrid\/","url":"https:\/\/www.euncet.com\/blog\/es\/profesor-pablo-laucirica-participa-feria-eshow-madrid\/","name":"Pablo Laucirica, docente de Euncet, participa en la feria eShow","isPartOf":{"@id":"https:\/\/www.euncet.com\/blog\/es\/#website"},"primaryImageOfPage":{"@id":"https:\/\/www.euncet.com\/blog\/es\/profesor-pablo-laucirica-participa-feria-eshow-madrid\/#primaryimage"},"image":{"@id":"https:\/\/www.euncet.com\/blog\/es\/profesor-pablo-laucirica-participa-feria-eshow-madrid\/#primaryimage"},"thumbnailUrl":"https:\/\/www.euncet.es\/wp-content\/uploads\/2016\/09\/Pablo-180x180.jpg","datePublished":"2016-09-22T11:30:32+00:00","dateModified":"2023-08-08T08:36:23+00:00","author":{"@id":"https:\/\/www.euncet.com\/blog\/es\/#\/schema\/person\/8253e592273eb1f7a48788902ca03268"},"description":"Pablo Laucirica, profesor asociado de Euncet, comparte en eShow c\u00f3mo Bing impulsa la conexi\u00f3n entre las empresas y su audiencia, destacando su presencia.","breadcrumb":{"@id":"https:\/\/www.euncet.com\/blog\/es\/profesor-pablo-laucirica-participa-feria-eshow-madrid\/#breadcrumb"},"inLanguage":"es","potentialAction":[{"@type":"ReadAction","target":["https:\/\/www.euncet.com\/blog\/es\/profesor-pablo-laucirica-participa-feria-eshow-madrid\/"]}]},{"@type":"ImageObject","inLanguage":"es","@id":"https:\/\/www.euncet.com\/blog\/es\/profesor-pablo-laucirica-participa-feria-eshow-madrid\/#primaryimage","url":"https:\/\/www.euncet.es\/wp-content\/uploads\/2016\/09\/Pablo-180x180.jpg","contentUrl":"https:\/\/www.euncet.es\/wp-content\/uploads\/2016\/09\/Pablo-180x180.jpg"},{"@type":"BreadcrumbList","@id":"https:\/\/www.euncet.com\/blog\/es\/profesor-pablo-laucirica-participa-feria-eshow-madrid\/#breadcrumb","itemListElement":[{"@type":"ListItem","position":1,"name":"Portada","item":"https:\/\/www.euncet.com\/blog\/es\/"},{"@type":"ListItem","position":2,"name":"El profesor Pablo Laucirica participa en la feria eShow en Madrid"}]},{"@type":"WebSite","@id":"https:\/\/www.euncet.com\/blog\/es\/#website","url":"https:\/\/www.euncet.com\/blog\/es\/","name":"Euncet Business School","description":"Escuela de negocios","potentialAction":[{"@type":"SearchAction","target":{"@type":"EntryPoint","urlTemplate":"https:\/\/www.euncet.com\/blog\/es\/?s={search_term_string}"},"query-input":{"@type":"PropertyValueSpecification","valueRequired":true,"valueName":"search_term_string"}}],"inLanguage":"es"},{"@type":"Person","@id":"https:\/\/www.euncet.com\/blog\/es\/#\/schema\/person\/8253e592273eb1f7a48788902ca03268","name":"euncet","image":{"@type":"ImageObject","inLanguage":"es","@id":"https:\/\/secure.gravatar.com\/avatar\/ee2ce5f049e82b74bcc6b8db4c5e9c717e35544f3cde91d14a3daa9827fe21f0?s=96&d=mm&r=g","url":"https:\/\/secure.gravatar.com\/avatar\/ee2ce5f049e82b74bcc6b8db4c5e9c717e35544f3cde91d14a3daa9827fe21f0?s=96&d=mm&r=g","contentUrl":"https:\/\/secure.gravatar.com\/avatar\/ee2ce5f049e82b74bcc6b8db4c5e9c717e35544f3cde91d14a3daa9827fe21f0?s=96&d=mm&r=g","caption":"euncet"},"url":"https:\/\/www.euncet.com\/blog\/es\/author\/euncet\/"}]}},"_links":{"self":[{"href":"https:\/\/www.euncet.com\/blog\/es\/wp-json\/wp\/v2\/posts\/18752","targetHints":{"allow":["GET"]}}],"collection":[{"href":"https:\/\/www.euncet.com\/blog\/es\/wp-json\/wp\/v2\/posts"}],"about":[{"href":"https:\/\/www.euncet.com\/blog\/es\/wp-json\/wp\/v2\/types\/post"}],"author":[{"embeddable":true,"href":"https:\/\/www.euncet.com\/blog\/es\/wp-json\/wp\/v2\/users\/28"}],"replies":[{"embeddable":true,"href":"https:\/\/www.euncet.com\/blog\/es\/wp-json\/wp\/v2\/comments?post=18752"}],"version-history":[{"count":0,"href":"https:\/\/www.euncet.com\/blog\/es\/wp-json\/wp\/v2\/posts\/18752\/revisions"}],"wp:attachment":[{"href":"https:\/\/www.euncet.com\/blog\/es\/wp-json\/wp\/v2\/media?parent=18752"}],"wp:term":[{"taxonomy":"category","embeddable":true,"href":"https:\/\/www.euncet.com\/blog\/es\/wp-json\/wp\/v2\/categories?post=18752"},{"taxonomy":"post_tag","embeddable":true,"href":"https:\/\/www.euncet.com\/blog\/es\/wp-json\/wp\/v2\/tags?post=18752"}],"curies":[{"name":"wp","href":"https:\/\/api.w.org\/{rel}","templated":true}]}}