{"id":19540,"date":"2016-11-11T13:47:31","date_gmt":"2016-11-11T12:47:31","guid":{"rendered":"http:\/\/www.euncet.es\/?p=19540"},"modified":"2023-02-08T10:39:49","modified_gmt":"2023-02-08T09:39:49","slug":"sopar-anual-euncet-alumni-2016","status":"publish","type":"post","link":"https:\/\/www.euncet.com\/blog\/es\/sopar-anual-euncet-alumni-2016\/","title":{"rendered":"Cr\u00f3nica de la presidenta de Alumni sobre la Jornada Euncet Alumni 2016"},"content":{"rendered":"<p><img fetchpriority=\"high\" decoding=\"async\" class=\"alignleft size-full wp-image-19622\" src=\"http:\/\/www.euncet.es\/wp-content\/uploads\/2016\/11\/Netrworking_SoparAlumni.png\" alt=\"netrworking_soparalumni\" width=\"1200\" height=\"300\" srcset=\"https:\/\/www.euncet.com\/blog\/wp-content\/uploads\/2016\/11\/Netrworking_SoparAlumni.png 1200w, https:\/\/www.euncet.com\/blog\/wp-content\/uploads\/2016\/11\/Netrworking_SoparAlumni-300x75.png 300w, https:\/\/www.euncet.com\/blog\/wp-content\/uploads\/2016\/11\/Netrworking_SoparAlumni-768x192.png 768w, https:\/\/www.euncet.com\/blog\/wp-content\/uploads\/2016\/11\/Netrworking_SoparAlumni-1030x258.png 1030w, https:\/\/www.euncet.com\/blog\/wp-content\/uploads\/2016\/11\/Netrworking_SoparAlumni-705x176.png 705w, https:\/\/www.euncet.com\/blog\/wp-content\/uploads\/2016\/11\/Netrworking_SoparAlumni-450x113.png 450w\" sizes=\"(max-width: 1200px) 100vw, 1200px\" \/><\/p>\n<p>&nbsp;<\/p>\n<p>El pasado 4 de noviembre fue nuestro d\u00eda, el d\u00eda de los <a href=\"https:\/\/www.euncet.es\/alumni\/\">Alumni<\/a>, el d\u00eda de regresar a la que el alg\u00fan momento se convirti\u00f3 en nuestra segunda casa: Euncet.<\/p>\n<p>La jornada, a la que asistieron m\u00e1s de un centenar de personas entre antiguos alumnos y profesores, llevaba por t\u00edtulo <strong>\u201cLa Transformaci\u00f3n Digital como Motor de Cambio en el Mundo Empresarial\u201d y la inaugur\u00f3<\/strong> <a href=\"https:\/\/www.marcvidal.net\/\" target=\"_blank\" rel=\"noopener noreferrer\">Marc Vidal<\/a>, experto en transformaci\u00f3n digital y conductor del programa de TVE \u201cEconom\u00eda de Bolsillo\u201d con su conferencia \u201cEsta es la Buena\u201d.<\/p>\n<p>&nbsp;<\/p>\n<p><strong>Conferencia de Marc Vidal<\/strong><\/p>\n<p><img decoding=\"async\" class=\"alignleft size-full wp-image-19621\" src=\"http:\/\/www.euncet.es\/wp-content\/uploads\/2016\/11\/Conferencia_SoparAlumni.png\" alt=\"conferencia_soparalumni\" width=\"1200\" height=\"300\" srcset=\"https:\/\/www.euncet.com\/blog\/wp-content\/uploads\/2016\/11\/Conferencia_SoparAlumni.png 1200w, https:\/\/www.euncet.com\/blog\/wp-content\/uploads\/2016\/11\/Conferencia_SoparAlumni-300x75.png 300w, https:\/\/www.euncet.com\/blog\/wp-content\/uploads\/2016\/11\/Conferencia_SoparAlumni-768x192.png 768w, https:\/\/www.euncet.com\/blog\/wp-content\/uploads\/2016\/11\/Conferencia_SoparAlumni-1030x258.png 1030w, https:\/\/www.euncet.com\/blog\/wp-content\/uploads\/2016\/11\/Conferencia_SoparAlumni-705x176.png 705w, https:\/\/www.euncet.com\/blog\/wp-content\/uploads\/2016\/11\/Conferencia_SoparAlumni-450x113.png 450w\" sizes=\"(max-width: 1200px) 100vw, 1200px\" \/><\/p>\n<p>&nbsp;<\/p>\n<p>Marc nos transport\u00f3 a una nueva realidad, haci\u00e9ndonos ver la disrupci\u00f3n que est\u00e1 por llegar, una revoluci\u00f3n que lo puede cambiar todo en el \u00e1mbito empresarial: coches que buscan aparcamiento de manera aut\u00f3noma, robots que gestionan la log\u00edstica de un almac\u00e9n, robots que reemplazan a los cocineros y al servicio de habitaciones de los hoteles, casas impresionantes impresas en 3D\u2026 Todo ello nos puede parecer ciencia ficci\u00f3n, pero todos y cada uno de los ejemplos son reales y est\u00e1n funcionando en alg\u00fan lugar de este planeta.<\/p>\n<p>Como coment\u00f3 Marc debemos prepararnos para el cambio, ya que tarde o temprano llegar\u00e1 a nuestras vidas. \u00bfCu\u00e1l es la clave para evitar ser prescindible? Ser <strong>creativo, proactivo y capaz de adaptarse a un entorno global de colaboraci\u00f3n<\/strong>. La econom\u00eda colaborativa, hoy tan criticada, ser\u00e1 la llave que nos permita avanzar en un entorno de alt\u00edsima competitividad.<\/p>\n<p>&nbsp;<\/p>\n<p><strong>Mesa Redonda<\/strong><\/p>\n<p><img decoding=\"async\" class=\"alignleft size-full wp-image-19623\" src=\"http:\/\/www.euncet.es\/wp-content\/uploads\/2016\/11\/MesaRedonda_SoparAlumni.png\" alt=\"mesaredonda_soparalumni\" width=\"1200\" height=\"300\" srcset=\"https:\/\/www.euncet.com\/blog\/wp-content\/uploads\/2016\/11\/MesaRedonda_SoparAlumni.png 1200w, https:\/\/www.euncet.com\/blog\/wp-content\/uploads\/2016\/11\/MesaRedonda_SoparAlumni-300x75.png 300w, https:\/\/www.euncet.com\/blog\/wp-content\/uploads\/2016\/11\/MesaRedonda_SoparAlumni-768x192.png 768w, https:\/\/www.euncet.com\/blog\/wp-content\/uploads\/2016\/11\/MesaRedonda_SoparAlumni-1030x258.png 1030w, https:\/\/www.euncet.com\/blog\/wp-content\/uploads\/2016\/11\/MesaRedonda_SoparAlumni-705x176.png 705w, https:\/\/www.euncet.com\/blog\/wp-content\/uploads\/2016\/11\/MesaRedonda_SoparAlumni-450x113.png 450w\" sizes=\"(max-width: 1200px) 100vw, 1200px\" \/><\/p>\n<p>&nbsp;<\/p>\n<p>Con la mente bien abierta y, para qu\u00e9 negarlo, algo asustados por nuestro porvenir, dimos paso a una mesa redonda participada por:<\/p>\n<ul>\n<li>Llu\u00eds Mercad\u00e9, Director de RRHH de <a href=\"http:\/\/www.jci-hitachi.com\/\" target=\"_blank\" rel=\"noopener noreferrer\">Hitachi \u2013 Johnson Controls<\/a><\/li>\n<li>Joan Hinojo, Director General de <a href=\"http:\/\/circontrol.com\/es\/\" target=\"_blank\" rel=\"noopener noreferrer\">Circontrol<\/a><\/li>\n<li>Xavier Lamote de Grignon, Socio Consultor en <a href=\"http:\/\/activaconsultors.com\/\" target=\"_blank\" rel=\"noopener noreferrer\">Activa Consultors &amp; Partners<\/a><\/li>\n<li>Ferran Fontan\u00e9, Director y Profesor del Departament d\u2019Ensenyament y Profesor de <a href=\"https:\/\/www.euncet.es\/grado-en-ade\">ADE<\/a> en Euncet<\/li>\n<\/ul>\n<p>La mesa redonda, que llevaba por t\u00edtulo <strong>\u201cPerspectivas de Futuro en el Entorno Empresarial\u201d<\/strong> y estaba moderada por Oshcar Vidal, nos permiti\u00f3 hablar de cambio empresarial en cuatro grandes \u00e1reas: recursos humanos, management, marketing\/ventas y formaci\u00f3n. Cada uno de los ponentes comparti\u00f3 con nosotros diversas reflexiones sobre sus \u00e1reas de especialidad.<\/p>\n<p><strong>En recursos humanos la transformaci\u00f3n digital es evidente<\/strong>. Para ejemplificarlo Llu\u00eds nos transport\u00f3 al entorno laboral de sus antepasados, donde reinaba la estabilidad y la fidelidad empresarial ante todo lo dem\u00e1s, y nos pase\u00f3 mentalmente hasta el futuro laboral de su hijo, cargado de incertidumbre y con muy poco que ver con el suyo propio. \u00bfA qu\u00e9 se dedicar\u00e1n nuestros hijos y nietos? No podemos saberlo, ni siquiera podemos saber que empleos existir\u00e1n en 10 a\u00f1os.\u00a0Llu\u00eds tambi\u00e9n nos habl\u00f3 de la transformaci\u00f3n vivida en la funci\u00f3n de recursos humanos en la empresa: recruitment digital, retos en la gesti\u00f3n del talento y una relaci\u00f3n empresa-cliente interno totalmente renovada.<\/p>\n<p>Joan, por su parte, nos expres\u00f3 la incertidumbre y el desconocimiento existente por parte de la direcci\u00f3n empresarial. \u00bfQu\u00e9 es eso de la transformaci\u00f3n digital de la que todo el mundo habla? Conceptos como big data, social selling o IoT est\u00e1n en auge pero la f\u00f3rmula para rentabilizarlos est\u00e1 por descubrir. En todo caso, nos comentaba Joan, <strong>el entorno digital es algo de lo que deben hacerse cargo los perfiles m\u00e1s j\u00f3venes<\/strong>, aquellos a los que estos nuevos t\u00e9rminos no suenan tan lejanos. Los altos directivos deben apoyarse en el talento joven para subirse al tren del cambio y la evoluci\u00f3n empresarial.<\/p>\n<p>Ferran y Xavier, ambos profesores en Euncet Business School, hicieron <strong>hincapi\u00e9 en que vivimos en un entorno de cambio constante al que debemos adaptarnos<\/strong>. Los nuevos modelos empresariales requieren de una formaci\u00f3n continua para mantener la competitividad en el mercado actual.<\/p>\n<p>&nbsp;<\/p>\n<p><strong>Entrega de becas<\/strong><\/p>\n<p><img loading=\"lazy\" decoding=\"async\" class=\"alignleft size-full wp-image-19624\" src=\"http:\/\/www.euncet.es\/wp-content\/uploads\/2016\/11\/EntregaPremis_SoparAlumni.png\" alt=\"entregapremis_soparalumni\" width=\"1200\" height=\"300\" srcset=\"https:\/\/www.euncet.com\/blog\/wp-content\/uploads\/2016\/11\/EntregaPremis_SoparAlumni.png 1200w, https:\/\/www.euncet.com\/blog\/wp-content\/uploads\/2016\/11\/EntregaPremis_SoparAlumni-300x75.png 300w, https:\/\/www.euncet.com\/blog\/wp-content\/uploads\/2016\/11\/EntregaPremis_SoparAlumni-768x192.png 768w, https:\/\/www.euncet.com\/blog\/wp-content\/uploads\/2016\/11\/EntregaPremis_SoparAlumni-1030x258.png 1030w, https:\/\/www.euncet.com\/blog\/wp-content\/uploads\/2016\/11\/EntregaPremis_SoparAlumni-705x176.png 705w, https:\/\/www.euncet.com\/blog\/wp-content\/uploads\/2016\/11\/EntregaPremis_SoparAlumni-450x113.png 450w\" sizes=\"(max-width: 1200px) 100vw, 1200px\" \/><\/p>\n<p>&nbsp;<\/p>\n<p>Para finalizar la jornada los miembros de la Junta Alumni quisimos <strong>premiar la fidelidad de todos los asistentes sorteando tres becas Executive<\/strong> entre los antiguos alumnos.\u00a0Los Alumni afortunados fueron David Hern\u00e1ndez (<a href=\"https:\/\/www.euncet.es\/executive-mba\/\" target=\"_blank\" rel=\"noopener noreferrer\">Master in Business Administration &#8211; MBA<\/a>), Annelis Dietrich (<a href=\"https:\/\/www.euncet.es\/master-en-direccion-de-marketing\/\" target=\"_blank\" rel=\"noopener noreferrer\">M\u00e1ster en Direcci\u00f3n de Marketing y Estrategia Digital<\/a>) y Esther Pedragosa (<a href=\"https:\/\/www.euncet.es\/master-en-direccion-comercial\/\">M\u00e1ster en Direcci\u00f3n Comercial<\/a>). <strong>\u00a1Enhorabuena a los tres!<\/strong><\/p>\n<p>&nbsp;<\/p>\n","protected":false},"excerpt":{"rendered":"<p>&nbsp; El pasado 4 de noviembre fue nuestro d\u00eda, el d\u00eda de los Alumni, el d\u00eda de regresar a la que el alg\u00fan momento se convirti\u00f3 en nuestra segunda casa: Euncet. La jornada, a la que asistieron m\u00e1s de un centenar de personas entre antiguos alumnos y profesores, llevaba por t\u00edtulo \u201cLa Transformaci\u00f3n Digital como [&hellip;]<\/p>\n","protected":false},"author":28,"featured_media":0,"comment_status":"closed","ping_status":"open","sticky":false,"template":"","format":"standard","meta":{"_acf_changed":false,"footnotes":""},"categories":[300,291],"tags":[],"class_list":["post-19540","post","type-post","status-publish","format-standard","hentry","category-alumni-euncet","category-comunidad-euncet"],"acf":[],"yoast_head":"<!-- This site is optimized with the Yoast SEO plugin v27.4 - https:\/\/yoast.com\/product\/yoast-seo-wordpress\/ -->\n<title>Cr\u00f3nica sobre la Jornada Euncet Alumni 2016 - Euncet Business School<\/title>\n<meta name=\"description\" content=\"Marc Vidal presenta la masterclass \u201cLa Transformaci\u00f3n Digital como Motor de Cambio en el Mundo Empresarial\u201d en la Jornada Euncet Alumni.\" \/>\n<meta name=\"robots\" content=\"index, follow, max-snippet:-1, max-image-preview:large, max-video-preview:-1\" \/>\n<link rel=\"canonical\" href=\"https:\/\/www.euncet.com\/blog\/es\/sopar-anual-euncet-alumni-2016\/\" \/>\n<meta property=\"og:locale\" content=\"es_ES\" \/>\n<meta property=\"og:type\" content=\"article\" \/>\n<meta property=\"og:title\" content=\"Cr\u00f3nica sobre la Jornada Euncet Alumni 2016 - Euncet Business School\" \/>\n<meta property=\"og:description\" content=\"Marc Vidal presenta la masterclass \u201cLa Transformaci\u00f3n Digital como Motor de Cambio en el Mundo Empresarial\u201d en la Jornada Euncet Alumni.\" \/>\n<meta property=\"og:url\" content=\"https:\/\/www.euncet.com\/blog\/es\/sopar-anual-euncet-alumni-2016\/\" \/>\n<meta property=\"og:site_name\" content=\"Euncet Business School\" \/>\n<meta property=\"article:publisher\" content=\"https:\/\/www.facebook.com\/euncet\" \/>\n<meta property=\"article:published_time\" content=\"2016-11-11T12:47:31+00:00\" \/>\n<meta property=\"article:modified_time\" content=\"2023-02-08T09:39:49+00:00\" \/>\n<meta property=\"og:image\" content=\"http:\/\/www.euncet.es\/wp-content\/uploads\/2016\/11\/Netrworking_SoparAlumni.png\" \/>\n<meta name=\"author\" content=\"euncet\" \/>\n<meta name=\"twitter:card\" content=\"summary_large_image\" \/>\n<meta name=\"twitter:creator\" content=\"@euncet\" \/>\n<meta name=\"twitter:site\" content=\"@euncet\" \/>\n<meta name=\"twitter:label1\" content=\"Escrito por\" \/>\n\t<meta name=\"twitter:data1\" content=\"euncet\" \/>\n\t<meta name=\"twitter:label2\" content=\"Tiempo de lectura\" \/>\n\t<meta name=\"twitter:data2\" content=\"4 minutos\" \/>\n<script type=\"application\/ld+json\" class=\"yoast-schema-graph\">{\"@context\":\"https:\\\/\\\/schema.org\",\"@graph\":[{\"@type\":\"Article\",\"@id\":\"https:\\\/\\\/www.euncet.com\\\/blog\\\/es\\\/sopar-anual-euncet-alumni-2016\\\/#article\",\"isPartOf\":{\"@id\":\"https:\\\/\\\/www.euncet.com\\\/blog\\\/es\\\/sopar-anual-euncet-alumni-2016\\\/\"},\"author\":{\"name\":\"euncet\",\"@id\":\"https:\\\/\\\/www.euncet.com\\\/blog\\\/es\\\/#\\\/schema\\\/person\\\/8253e592273eb1f7a48788902ca03268\"},\"headline\":\"Cr\u00f3nica de la presidenta de Alumni sobre la Jornada Euncet Alumni 2016\",\"datePublished\":\"2016-11-11T12:47:31+00:00\",\"dateModified\":\"2023-02-08T09:39:49+00:00\",\"mainEntityOfPage\":{\"@id\":\"https:\\\/\\\/www.euncet.com\\\/blog\\\/es\\\/sopar-anual-euncet-alumni-2016\\\/\"},\"wordCount\":732,\"image\":{\"@id\":\"https:\\\/\\\/www.euncet.com\\\/blog\\\/es\\\/sopar-anual-euncet-alumni-2016\\\/#primaryimage\"},\"thumbnailUrl\":\"http:\\\/\\\/www.euncet.es\\\/wp-content\\\/uploads\\\/2016\\\/11\\\/Netrworking_SoparAlumni.png\",\"articleSection\":[\"Alumni: conoce m\u00e1s sobre nuestros alumni\",\"Comunidad Euncet\"],\"inLanguage\":\"es\"},{\"@type\":\"WebPage\",\"@id\":\"https:\\\/\\\/www.euncet.com\\\/blog\\\/es\\\/sopar-anual-euncet-alumni-2016\\\/\",\"url\":\"https:\\\/\\\/www.euncet.com\\\/blog\\\/es\\\/sopar-anual-euncet-alumni-2016\\\/\",\"name\":\"Cr\u00f3nica sobre la Jornada Euncet Alumni 2016 - Euncet Business School\",\"isPartOf\":{\"@id\":\"https:\\\/\\\/www.euncet.com\\\/blog\\\/es\\\/#website\"},\"primaryImageOfPage\":{\"@id\":\"https:\\\/\\\/www.euncet.com\\\/blog\\\/es\\\/sopar-anual-euncet-alumni-2016\\\/#primaryimage\"},\"image\":{\"@id\":\"https:\\\/\\\/www.euncet.com\\\/blog\\\/es\\\/sopar-anual-euncet-alumni-2016\\\/#primaryimage\"},\"thumbnailUrl\":\"http:\\\/\\\/www.euncet.es\\\/wp-content\\\/uploads\\\/2016\\\/11\\\/Netrworking_SoparAlumni.png\",\"datePublished\":\"2016-11-11T12:47:31+00:00\",\"dateModified\":\"2023-02-08T09:39:49+00:00\",\"author\":{\"@id\":\"https:\\\/\\\/www.euncet.com\\\/blog\\\/es\\\/#\\\/schema\\\/person\\\/8253e592273eb1f7a48788902ca03268\"},\"description\":\"Marc Vidal presenta la masterclass \u201cLa Transformaci\u00f3n Digital como Motor de Cambio en el Mundo Empresarial\u201d en la Jornada Euncet Alumni.\",\"breadcrumb\":{\"@id\":\"https:\\\/\\\/www.euncet.com\\\/blog\\\/es\\\/sopar-anual-euncet-alumni-2016\\\/#breadcrumb\"},\"inLanguage\":\"es\",\"potentialAction\":[{\"@type\":\"ReadAction\",\"target\":[\"https:\\\/\\\/www.euncet.com\\\/blog\\\/es\\\/sopar-anual-euncet-alumni-2016\\\/\"]}]},{\"@type\":\"ImageObject\",\"inLanguage\":\"es\",\"@id\":\"https:\\\/\\\/www.euncet.com\\\/blog\\\/es\\\/sopar-anual-euncet-alumni-2016\\\/#primaryimage\",\"url\":\"http:\\\/\\\/www.euncet.es\\\/wp-content\\\/uploads\\\/2016\\\/11\\\/Netrworking_SoparAlumni.png\",\"contentUrl\":\"http:\\\/\\\/www.euncet.es\\\/wp-content\\\/uploads\\\/2016\\\/11\\\/Netrworking_SoparAlumni.png\"},{\"@type\":\"BreadcrumbList\",\"@id\":\"https:\\\/\\\/www.euncet.com\\\/blog\\\/es\\\/sopar-anual-euncet-alumni-2016\\\/#breadcrumb\",\"itemListElement\":[{\"@type\":\"ListItem\",\"position\":1,\"name\":\"Portada\",\"item\":\"https:\\\/\\\/www.euncet.com\\\/blog\\\/es\\\/\"},{\"@type\":\"ListItem\",\"position\":2,\"name\":\"Cr\u00f3nica de la presidenta de Alumni sobre la Jornada Euncet Alumni 2016\"}]},{\"@type\":\"WebSite\",\"@id\":\"https:\\\/\\\/www.euncet.com\\\/blog\\\/es\\\/#website\",\"url\":\"https:\\\/\\\/www.euncet.com\\\/blog\\\/es\\\/\",\"name\":\"Euncet Business School\",\"description\":\"Escuela de negocios\",\"potentialAction\":[{\"@type\":\"SearchAction\",\"target\":{\"@type\":\"EntryPoint\",\"urlTemplate\":\"https:\\\/\\\/www.euncet.com\\\/blog\\\/es\\\/?s={search_term_string}\"},\"query-input\":{\"@type\":\"PropertyValueSpecification\",\"valueRequired\":true,\"valueName\":\"search_term_string\"}}],\"inLanguage\":\"es\"},{\"@type\":\"Person\",\"@id\":\"https:\\\/\\\/www.euncet.com\\\/blog\\\/es\\\/#\\\/schema\\\/person\\\/8253e592273eb1f7a48788902ca03268\",\"name\":\"euncet\",\"image\":{\"@type\":\"ImageObject\",\"inLanguage\":\"es\",\"@id\":\"https:\\\/\\\/secure.gravatar.com\\\/avatar\\\/ee2ce5f049e82b74bcc6b8db4c5e9c717e35544f3cde91d14a3daa9827fe21f0?s=96&d=mm&r=g\",\"url\":\"https:\\\/\\\/secure.gravatar.com\\\/avatar\\\/ee2ce5f049e82b74bcc6b8db4c5e9c717e35544f3cde91d14a3daa9827fe21f0?s=96&d=mm&r=g\",\"contentUrl\":\"https:\\\/\\\/secure.gravatar.com\\\/avatar\\\/ee2ce5f049e82b74bcc6b8db4c5e9c717e35544f3cde91d14a3daa9827fe21f0?s=96&d=mm&r=g\",\"caption\":\"euncet\"},\"url\":\"https:\\\/\\\/www.euncet.com\\\/blog\\\/es\\\/author\\\/euncet\\\/\"}]}<\/script>\n<!-- \/ Yoast SEO plugin. -->","yoast_head_json":{"title":"Cr\u00f3nica sobre la Jornada Euncet Alumni 2016 - Euncet Business School","description":"Marc Vidal presenta la masterclass \u201cLa Transformaci\u00f3n Digital como Motor de Cambio en el Mundo Empresarial\u201d en la Jornada Euncet Alumni.","robots":{"index":"index","follow":"follow","max-snippet":"max-snippet:-1","max-image-preview":"max-image-preview:large","max-video-preview":"max-video-preview:-1"},"canonical":"https:\/\/www.euncet.com\/blog\/es\/sopar-anual-euncet-alumni-2016\/","og_locale":"es_ES","og_type":"article","og_title":"Cr\u00f3nica sobre la Jornada Euncet Alumni 2016 - Euncet Business School","og_description":"Marc Vidal presenta la masterclass \u201cLa Transformaci\u00f3n Digital como Motor de Cambio en el Mundo Empresarial\u201d en la Jornada Euncet Alumni.","og_url":"https:\/\/www.euncet.com\/blog\/es\/sopar-anual-euncet-alumni-2016\/","og_site_name":"Euncet Business School","article_publisher":"https:\/\/www.facebook.com\/euncet","article_published_time":"2016-11-11T12:47:31+00:00","article_modified_time":"2023-02-08T09:39:49+00:00","og_image":[{"url":"http:\/\/www.euncet.es\/wp-content\/uploads\/2016\/11\/Netrworking_SoparAlumni.png","type":"","width":"","height":""}],"author":"euncet","twitter_card":"summary_large_image","twitter_creator":"@euncet","twitter_site":"@euncet","twitter_misc":{"Escrito por":"euncet","Tiempo de lectura":"4 minutos"},"schema":{"@context":"https:\/\/schema.org","@graph":[{"@type":"Article","@id":"https:\/\/www.euncet.com\/blog\/es\/sopar-anual-euncet-alumni-2016\/#article","isPartOf":{"@id":"https:\/\/www.euncet.com\/blog\/es\/sopar-anual-euncet-alumni-2016\/"},"author":{"name":"euncet","@id":"https:\/\/www.euncet.com\/blog\/es\/#\/schema\/person\/8253e592273eb1f7a48788902ca03268"},"headline":"Cr\u00f3nica de la presidenta de Alumni sobre la Jornada Euncet Alumni 2016","datePublished":"2016-11-11T12:47:31+00:00","dateModified":"2023-02-08T09:39:49+00:00","mainEntityOfPage":{"@id":"https:\/\/www.euncet.com\/blog\/es\/sopar-anual-euncet-alumni-2016\/"},"wordCount":732,"image":{"@id":"https:\/\/www.euncet.com\/blog\/es\/sopar-anual-euncet-alumni-2016\/#primaryimage"},"thumbnailUrl":"http:\/\/www.euncet.es\/wp-content\/uploads\/2016\/11\/Netrworking_SoparAlumni.png","articleSection":["Alumni: conoce m\u00e1s sobre nuestros alumni","Comunidad Euncet"],"inLanguage":"es"},{"@type":"WebPage","@id":"https:\/\/www.euncet.com\/blog\/es\/sopar-anual-euncet-alumni-2016\/","url":"https:\/\/www.euncet.com\/blog\/es\/sopar-anual-euncet-alumni-2016\/","name":"Cr\u00f3nica sobre la Jornada Euncet Alumni 2016 - Euncet Business School","isPartOf":{"@id":"https:\/\/www.euncet.com\/blog\/es\/#website"},"primaryImageOfPage":{"@id":"https:\/\/www.euncet.com\/blog\/es\/sopar-anual-euncet-alumni-2016\/#primaryimage"},"image":{"@id":"https:\/\/www.euncet.com\/blog\/es\/sopar-anual-euncet-alumni-2016\/#primaryimage"},"thumbnailUrl":"http:\/\/www.euncet.es\/wp-content\/uploads\/2016\/11\/Netrworking_SoparAlumni.png","datePublished":"2016-11-11T12:47:31+00:00","dateModified":"2023-02-08T09:39:49+00:00","author":{"@id":"https:\/\/www.euncet.com\/blog\/es\/#\/schema\/person\/8253e592273eb1f7a48788902ca03268"},"description":"Marc Vidal presenta la masterclass \u201cLa Transformaci\u00f3n Digital como Motor de Cambio en el Mundo Empresarial\u201d en la Jornada Euncet Alumni.","breadcrumb":{"@id":"https:\/\/www.euncet.com\/blog\/es\/sopar-anual-euncet-alumni-2016\/#breadcrumb"},"inLanguage":"es","potentialAction":[{"@type":"ReadAction","target":["https:\/\/www.euncet.com\/blog\/es\/sopar-anual-euncet-alumni-2016\/"]}]},{"@type":"ImageObject","inLanguage":"es","@id":"https:\/\/www.euncet.com\/blog\/es\/sopar-anual-euncet-alumni-2016\/#primaryimage","url":"http:\/\/www.euncet.es\/wp-content\/uploads\/2016\/11\/Netrworking_SoparAlumni.png","contentUrl":"http:\/\/www.euncet.es\/wp-content\/uploads\/2016\/11\/Netrworking_SoparAlumni.png"},{"@type":"BreadcrumbList","@id":"https:\/\/www.euncet.com\/blog\/es\/sopar-anual-euncet-alumni-2016\/#breadcrumb","itemListElement":[{"@type":"ListItem","position":1,"name":"Portada","item":"https:\/\/www.euncet.com\/blog\/es\/"},{"@type":"ListItem","position":2,"name":"Cr\u00f3nica de la presidenta de Alumni sobre la Jornada Euncet Alumni 2016"}]},{"@type":"WebSite","@id":"https:\/\/www.euncet.com\/blog\/es\/#website","url":"https:\/\/www.euncet.com\/blog\/es\/","name":"Euncet Business School","description":"Escuela de negocios","potentialAction":[{"@type":"SearchAction","target":{"@type":"EntryPoint","urlTemplate":"https:\/\/www.euncet.com\/blog\/es\/?s={search_term_string}"},"query-input":{"@type":"PropertyValueSpecification","valueRequired":true,"valueName":"search_term_string"}}],"inLanguage":"es"},{"@type":"Person","@id":"https:\/\/www.euncet.com\/blog\/es\/#\/schema\/person\/8253e592273eb1f7a48788902ca03268","name":"euncet","image":{"@type":"ImageObject","inLanguage":"es","@id":"https:\/\/secure.gravatar.com\/avatar\/ee2ce5f049e82b74bcc6b8db4c5e9c717e35544f3cde91d14a3daa9827fe21f0?s=96&d=mm&r=g","url":"https:\/\/secure.gravatar.com\/avatar\/ee2ce5f049e82b74bcc6b8db4c5e9c717e35544f3cde91d14a3daa9827fe21f0?s=96&d=mm&r=g","contentUrl":"https:\/\/secure.gravatar.com\/avatar\/ee2ce5f049e82b74bcc6b8db4c5e9c717e35544f3cde91d14a3daa9827fe21f0?s=96&d=mm&r=g","caption":"euncet"},"url":"https:\/\/www.euncet.com\/blog\/es\/author\/euncet\/"}]}},"_links":{"self":[{"href":"https:\/\/www.euncet.com\/blog\/es\/wp-json\/wp\/v2\/posts\/19540","targetHints":{"allow":["GET"]}}],"collection":[{"href":"https:\/\/www.euncet.com\/blog\/es\/wp-json\/wp\/v2\/posts"}],"about":[{"href":"https:\/\/www.euncet.com\/blog\/es\/wp-json\/wp\/v2\/types\/post"}],"author":[{"embeddable":true,"href":"https:\/\/www.euncet.com\/blog\/es\/wp-json\/wp\/v2\/users\/28"}],"replies":[{"embeddable":true,"href":"https:\/\/www.euncet.com\/blog\/es\/wp-json\/wp\/v2\/comments?post=19540"}],"version-history":[{"count":0,"href":"https:\/\/www.euncet.com\/blog\/es\/wp-json\/wp\/v2\/posts\/19540\/revisions"}],"wp:attachment":[{"href":"https:\/\/www.euncet.com\/blog\/es\/wp-json\/wp\/v2\/media?parent=19540"}],"wp:term":[{"taxonomy":"category","embeddable":true,"href":"https:\/\/www.euncet.com\/blog\/es\/wp-json\/wp\/v2\/categories?post=19540"},{"taxonomy":"post_tag","embeddable":true,"href":"https:\/\/www.euncet.com\/blog\/es\/wp-json\/wp\/v2\/tags?post=19540"}],"curies":[{"name":"wp","href":"https:\/\/api.w.org\/{rel}","templated":true}]}}