{"id":28812,"date":"2018-05-22T13:18:53","date_gmt":"2018-05-22T11:18:53","guid":{"rendered":"https:\/\/www.euncet.es\/?p=28812"},"modified":"2023-02-08T10:30:46","modified_gmt":"2023-02-08T09:30:46","slug":"los-estudiantes-internacionales-realizan-una-excursion-a-la-mola","status":"publish","type":"post","link":"https:\/\/www.euncet.com\/blog\/es\/los-estudiantes-internacionales-realizan-una-excursion-a-la-mola\/","title":{"rendered":"Los estudiantes internacionales realizan una excursi\u00f3n a La Mola"},"content":{"rendered":"<p>El pasado domingo 20 de mayo por la ma\u00f1ana, <strong>Euncet Business School<\/strong> <strong>organiz\u00f3 una excursi\u00f3n al Parque Natural de Sant Lloren\u00e7 del Munt i l\u2019Obac con el objetivo que los estudiantes internacionales de la Escuela conocieran este paraje natural tan emblem\u00e1tico<\/strong> y cercano a nuestra Escuela.<\/p>\n<p>En un primer momento, la excursi\u00f3n <strong>estaba prevista para el domingo 6 de mayo pero ante la previsi\u00f3n de lluvias se decidi\u00f3 posponer<\/strong>. Finalmente, se realiz\u00f3 en un d\u00eda claro y soleado, que permiti\u00f3 que los estudiantes pudieran ver, desde la cima de La Mola, las espectaculares vistas de Montserrat, los Pirineos y toda la plana alrededor del parque natural.<\/p>\n<p>En la salida, participaron un numeroso grupo de estudiantes que estuvieron acompa\u00f1ados por las profesoras Eva Garc\u00eda y Paola Mastrantonio junto con la secretaria acad\u00e9mica, Mireia Gallel y guiados por nuestro compa\u00f1ero y experto monta\u00f1ero, Francesc Romera. Durante la excursi\u00f3n, y antes de llegar a La Mola, los estudiantes <strong>pudieron conocer diferentes rincones de la monta\u00f1a<\/strong> como la Cova del Frare, la sima de Can Pobla, la Cova del Drac, la roca del Cavall Bernat.<\/p>\n<p>Un a\u00f1o m\u00e1s, se ha organizado esta excursi\u00f3n que es una muy buena ocasi\u00f3n para pasar un buen rato juntos y disfrutar del maravilloso paisaje natural de Sant Lloren\u00e7 del Munt i l&#8217;Obac. <strong>\u00a1El curso que viene repetiremos!<\/strong><\/p>\n<figure id=\"attachment_28813\" aria-describedby=\"caption-attachment-28813\" style=\"width: 1024px\" class=\"wp-caption alignleft\"><img fetchpriority=\"high\" decoding=\"async\" class=\"wp-image-28813 size-full\" src=\"https:\/\/www.euncet.es\/wp-content\/uploads\/2018\/06\/Excursi\u00f3_LaMola_2018.png\" alt=\"La Mola\" width=\"1024\" height=\"768\" srcset=\"https:\/\/www.euncet.com\/blog\/wp-content\/uploads\/2018\/06\/Excursi\u00f3_LaMola_2018.png 1024w, https:\/\/www.euncet.com\/blog\/wp-content\/uploads\/2018\/06\/Excursi\u00f3_LaMola_2018-300x225.png 300w, https:\/\/www.euncet.com\/blog\/wp-content\/uploads\/2018\/06\/Excursi\u00f3_LaMola_2018-768x576.png 768w, https:\/\/www.euncet.com\/blog\/wp-content\/uploads\/2018\/06\/Excursi\u00f3_LaMola_2018-705x529.png 705w, https:\/\/www.euncet.com\/blog\/wp-content\/uploads\/2018\/06\/Excursi\u00f3_LaMola_2018-450x338.png 450w\" sizes=\"(max-width: 1024px) 100vw, 1024px\" \/><figcaption id=\"caption-attachment-28813\" class=\"wp-caption-text\">Los estudiantes, junto con parte del equipo de Euncet, durante la excursi\u00f3n a La Mola<\/figcaption><\/figure>\n<p>&nbsp;<\/p>\n<p>&nbsp;<\/p>\n<p>Puedes ver m\u00e1s im\u00e1genes de la jornada de monta\u00f1a,\u00a0<a href=\"https:\/\/www.facebook.com\/pg\/euncet\/photos\/?tab=album&amp;album_id=1823337734388624\" target=\"_blank\" rel=\"noopener noreferrer\">aqu\u00ed<\/a>.<\/p>\n<p>&nbsp;<\/p>\n","protected":false},"excerpt":{"rendered":"<p>El pasado domingo 20 de mayo por la ma\u00f1ana, Euncet Business School organiz\u00f3 una excursi\u00f3n al Parque Natural de Sant Lloren\u00e7 del Munt i l\u2019Obac con el objetivo que los estudiantes internacionales de la Escuela conocieran este paraje natural tan emblem\u00e1tico y cercano a nuestra Escuela. En un primer momento, la excursi\u00f3n estaba prevista para [&hellip;]<\/p>\n","protected":false},"author":28,"featured_media":0,"comment_status":"closed","ping_status":"open","sticky":false,"template":"","format":"standard","meta":{"_acf_changed":false,"footnotes":""},"categories":[300,291],"tags":[362,361],"class_list":["post-28812","post","type-post","status-publish","format-standard","hentry","category-alumni-euncet","category-comunidad-euncet","tag-estudiantes-internacionales","tag-visitas"],"acf":[],"yoast_head":"<!-- This site is optimized with the Yoast SEO plugin v27.5 - https:\/\/yoast.com\/product\/yoast-seo-wordpress\/ -->\n<title>Los estudiantes internacionales de Euncet van de excursi\u00f3n a La Mola<\/title>\n<meta name=\"description\" content=\"Un grupo de estudiantes de Euncet Business School participa en una excursi\u00f3n organizada por el centro para ir a ver la Mola.\" \/>\n<meta name=\"robots\" content=\"index, follow, max-snippet:-1, max-image-preview:large, max-video-preview:-1\" \/>\n<link rel=\"canonical\" href=\"https:\/\/www.euncet.com\/blog\/es\/los-estudiantes-internacionales-realizan-una-excursion-a-la-mola\/\" \/>\n<meta property=\"og:locale\" content=\"es_ES\" \/>\n<meta property=\"og:type\" content=\"article\" \/>\n<meta property=\"og:title\" content=\"Los estudiantes internacionales de Euncet van de excursi\u00f3n a La Mola\" \/>\n<meta property=\"og:description\" content=\"Un grupo de estudiantes de Euncet Business School participa en una excursi\u00f3n organizada por el centro para ir a ver la Mola.\" \/>\n<meta property=\"og:url\" content=\"https:\/\/www.euncet.com\/blog\/es\/los-estudiantes-internacionales-realizan-una-excursion-a-la-mola\/\" \/>\n<meta property=\"og:site_name\" content=\"Euncet Business School\" \/>\n<meta property=\"article:publisher\" content=\"https:\/\/www.facebook.com\/euncet\" \/>\n<meta property=\"article:published_time\" content=\"2018-05-22T11:18:53+00:00\" \/>\n<meta property=\"article:modified_time\" content=\"2023-02-08T09:30:46+00:00\" \/>\n<meta name=\"author\" content=\"euncet\" \/>\n<meta name=\"twitter:card\" content=\"summary_large_image\" \/>\n<meta name=\"twitter:creator\" content=\"@euncet\" \/>\n<meta name=\"twitter:site\" content=\"@euncet\" \/>\n<meta name=\"twitter:label1\" content=\"Escrito por\" \/>\n\t<meta name=\"twitter:data1\" content=\"euncet\" \/>\n\t<meta name=\"twitter:label2\" content=\"Tiempo de lectura\" \/>\n\t<meta name=\"twitter:data2\" content=\"1 minuto\" \/>\n<script type=\"application\/ld+json\" class=\"yoast-schema-graph\">{\"@context\":\"https:\\\/\\\/schema.org\",\"@graph\":[{\"@type\":\"Article\",\"@id\":\"https:\\\/\\\/www.euncet.com\\\/blog\\\/es\\\/los-estudiantes-internacionales-realizan-una-excursion-a-la-mola\\\/#article\",\"isPartOf\":{\"@id\":\"https:\\\/\\\/www.euncet.com\\\/blog\\\/es\\\/los-estudiantes-internacionales-realizan-una-excursion-a-la-mola\\\/\"},\"author\":{\"name\":\"euncet\",\"@id\":\"https:\\\/\\\/www.euncet.com\\\/blog\\\/es\\\/#\\\/schema\\\/person\\\/8253e592273eb1f7a48788902ca03268\"},\"headline\":\"Los estudiantes internacionales realizan una excursi\u00f3n a La Mola\",\"datePublished\":\"2018-05-22T11:18:53+00:00\",\"dateModified\":\"2023-02-08T09:30:46+00:00\",\"mainEntityOfPage\":{\"@id\":\"https:\\\/\\\/www.euncet.com\\\/blog\\\/es\\\/los-estudiantes-internacionales-realizan-una-excursion-a-la-mola\\\/\"},\"wordCount\":285,\"keywords\":[\"Estudiantes internacionales\",\"visitas\"],\"articleSection\":[\"Alumni: conoce m\u00e1s sobre nuestros alumni\",\"Comunidad Euncet\"],\"inLanguage\":\"es\"},{\"@type\":\"WebPage\",\"@id\":\"https:\\\/\\\/www.euncet.com\\\/blog\\\/es\\\/los-estudiantes-internacionales-realizan-una-excursion-a-la-mola\\\/\",\"url\":\"https:\\\/\\\/www.euncet.com\\\/blog\\\/es\\\/los-estudiantes-internacionales-realizan-una-excursion-a-la-mola\\\/\",\"name\":\"Los estudiantes internacionales de Euncet van de excursi\u00f3n a La Mola\",\"isPartOf\":{\"@id\":\"https:\\\/\\\/www.euncet.com\\\/blog\\\/es\\\/#website\"},\"datePublished\":\"2018-05-22T11:18:53+00:00\",\"dateModified\":\"2023-02-08T09:30:46+00:00\",\"author\":{\"@id\":\"https:\\\/\\\/www.euncet.com\\\/blog\\\/es\\\/#\\\/schema\\\/person\\\/8253e592273eb1f7a48788902ca03268\"},\"description\":\"Un grupo de estudiantes de Euncet Business School participa en una excursi\u00f3n organizada por el centro para ir a ver la Mola.\",\"breadcrumb\":{\"@id\":\"https:\\\/\\\/www.euncet.com\\\/blog\\\/es\\\/los-estudiantes-internacionales-realizan-una-excursion-a-la-mola\\\/#breadcrumb\"},\"inLanguage\":\"es\",\"potentialAction\":[{\"@type\":\"ReadAction\",\"target\":[\"https:\\\/\\\/www.euncet.com\\\/blog\\\/es\\\/los-estudiantes-internacionales-realizan-una-excursion-a-la-mola\\\/\"]}]},{\"@type\":\"BreadcrumbList\",\"@id\":\"https:\\\/\\\/www.euncet.com\\\/blog\\\/es\\\/los-estudiantes-internacionales-realizan-una-excursion-a-la-mola\\\/#breadcrumb\",\"itemListElement\":[{\"@type\":\"ListItem\",\"position\":1,\"name\":\"Portada\",\"item\":\"https:\\\/\\\/www.euncet.com\\\/blog\\\/es\\\/\"},{\"@type\":\"ListItem\",\"position\":2,\"name\":\"Los estudiantes internacionales realizan una excursi\u00f3n a La Mola\"}]},{\"@type\":\"WebSite\",\"@id\":\"https:\\\/\\\/www.euncet.com\\\/blog\\\/es\\\/#website\",\"url\":\"https:\\\/\\\/www.euncet.com\\\/blog\\\/es\\\/\",\"name\":\"Euncet Business School\",\"description\":\"Escuela de negocios\",\"potentialAction\":[{\"@type\":\"SearchAction\",\"target\":{\"@type\":\"EntryPoint\",\"urlTemplate\":\"https:\\\/\\\/www.euncet.com\\\/blog\\\/es\\\/?s={search_term_string}\"},\"query-input\":{\"@type\":\"PropertyValueSpecification\",\"valueRequired\":true,\"valueName\":\"search_term_string\"}}],\"inLanguage\":\"es\"},{\"@type\":\"Person\",\"@id\":\"https:\\\/\\\/www.euncet.com\\\/blog\\\/es\\\/#\\\/schema\\\/person\\\/8253e592273eb1f7a48788902ca03268\",\"name\":\"euncet\",\"image\":{\"@type\":\"ImageObject\",\"inLanguage\":\"es\",\"@id\":\"https:\\\/\\\/secure.gravatar.com\\\/avatar\\\/ee2ce5f049e82b74bcc6b8db4c5e9c717e35544f3cde91d14a3daa9827fe21f0?s=96&d=mm&r=g\",\"url\":\"https:\\\/\\\/secure.gravatar.com\\\/avatar\\\/ee2ce5f049e82b74bcc6b8db4c5e9c717e35544f3cde91d14a3daa9827fe21f0?s=96&d=mm&r=g\",\"contentUrl\":\"https:\\\/\\\/secure.gravatar.com\\\/avatar\\\/ee2ce5f049e82b74bcc6b8db4c5e9c717e35544f3cde91d14a3daa9827fe21f0?s=96&d=mm&r=g\",\"caption\":\"euncet\"},\"url\":\"https:\\\/\\\/www.euncet.com\\\/blog\\\/es\\\/author\\\/euncet\\\/\"}]}<\/script>\n<!-- \/ Yoast SEO plugin. -->","yoast_head_json":{"title":"Los estudiantes internacionales de Euncet van de excursi\u00f3n a La Mola","description":"Un grupo de estudiantes de Euncet Business School participa en una excursi\u00f3n organizada por el centro para ir a ver la Mola.","robots":{"index":"index","follow":"follow","max-snippet":"max-snippet:-1","max-image-preview":"max-image-preview:large","max-video-preview":"max-video-preview:-1"},"canonical":"https:\/\/www.euncet.com\/blog\/es\/los-estudiantes-internacionales-realizan-una-excursion-a-la-mola\/","og_locale":"es_ES","og_type":"article","og_title":"Los estudiantes internacionales de Euncet van de excursi\u00f3n a La Mola","og_description":"Un grupo de estudiantes de Euncet Business School participa en una excursi\u00f3n organizada por el centro para ir a ver la Mola.","og_url":"https:\/\/www.euncet.com\/blog\/es\/los-estudiantes-internacionales-realizan-una-excursion-a-la-mola\/","og_site_name":"Euncet Business School","article_publisher":"https:\/\/www.facebook.com\/euncet","article_published_time":"2018-05-22T11:18:53+00:00","article_modified_time":"2023-02-08T09:30:46+00:00","author":"euncet","twitter_card":"summary_large_image","twitter_creator":"@euncet","twitter_site":"@euncet","twitter_misc":{"Escrito por":"euncet","Tiempo de lectura":"1 minuto"},"schema":{"@context":"https:\/\/schema.org","@graph":[{"@type":"Article","@id":"https:\/\/www.euncet.com\/blog\/es\/los-estudiantes-internacionales-realizan-una-excursion-a-la-mola\/#article","isPartOf":{"@id":"https:\/\/www.euncet.com\/blog\/es\/los-estudiantes-internacionales-realizan-una-excursion-a-la-mola\/"},"author":{"name":"euncet","@id":"https:\/\/www.euncet.com\/blog\/es\/#\/schema\/person\/8253e592273eb1f7a48788902ca03268"},"headline":"Los estudiantes internacionales realizan una excursi\u00f3n a La Mola","datePublished":"2018-05-22T11:18:53+00:00","dateModified":"2023-02-08T09:30:46+00:00","mainEntityOfPage":{"@id":"https:\/\/www.euncet.com\/blog\/es\/los-estudiantes-internacionales-realizan-una-excursion-a-la-mola\/"},"wordCount":285,"keywords":["Estudiantes internacionales","visitas"],"articleSection":["Alumni: conoce m\u00e1s sobre nuestros alumni","Comunidad Euncet"],"inLanguage":"es"},{"@type":"WebPage","@id":"https:\/\/www.euncet.com\/blog\/es\/los-estudiantes-internacionales-realizan-una-excursion-a-la-mola\/","url":"https:\/\/www.euncet.com\/blog\/es\/los-estudiantes-internacionales-realizan-una-excursion-a-la-mola\/","name":"Los estudiantes internacionales de Euncet van de excursi\u00f3n a La Mola","isPartOf":{"@id":"https:\/\/www.euncet.com\/blog\/es\/#website"},"datePublished":"2018-05-22T11:18:53+00:00","dateModified":"2023-02-08T09:30:46+00:00","author":{"@id":"https:\/\/www.euncet.com\/blog\/es\/#\/schema\/person\/8253e592273eb1f7a48788902ca03268"},"description":"Un grupo de estudiantes de Euncet Business School participa en una excursi\u00f3n organizada por el centro para ir a ver la Mola.","breadcrumb":{"@id":"https:\/\/www.euncet.com\/blog\/es\/los-estudiantes-internacionales-realizan-una-excursion-a-la-mola\/#breadcrumb"},"inLanguage":"es","potentialAction":[{"@type":"ReadAction","target":["https:\/\/www.euncet.com\/blog\/es\/los-estudiantes-internacionales-realizan-una-excursion-a-la-mola\/"]}]},{"@type":"BreadcrumbList","@id":"https:\/\/www.euncet.com\/blog\/es\/los-estudiantes-internacionales-realizan-una-excursion-a-la-mola\/#breadcrumb","itemListElement":[{"@type":"ListItem","position":1,"name":"Portada","item":"https:\/\/www.euncet.com\/blog\/es\/"},{"@type":"ListItem","position":2,"name":"Los estudiantes internacionales realizan una excursi\u00f3n a La Mola"}]},{"@type":"WebSite","@id":"https:\/\/www.euncet.com\/blog\/es\/#website","url":"https:\/\/www.euncet.com\/blog\/es\/","name":"Euncet Business School","description":"Escuela de negocios","potentialAction":[{"@type":"SearchAction","target":{"@type":"EntryPoint","urlTemplate":"https:\/\/www.euncet.com\/blog\/es\/?s={search_term_string}"},"query-input":{"@type":"PropertyValueSpecification","valueRequired":true,"valueName":"search_term_string"}}],"inLanguage":"es"},{"@type":"Person","@id":"https:\/\/www.euncet.com\/blog\/es\/#\/schema\/person\/8253e592273eb1f7a48788902ca03268","name":"euncet","image":{"@type":"ImageObject","inLanguage":"es","@id":"https:\/\/secure.gravatar.com\/avatar\/ee2ce5f049e82b74bcc6b8db4c5e9c717e35544f3cde91d14a3daa9827fe21f0?s=96&d=mm&r=g","url":"https:\/\/secure.gravatar.com\/avatar\/ee2ce5f049e82b74bcc6b8db4c5e9c717e35544f3cde91d14a3daa9827fe21f0?s=96&d=mm&r=g","contentUrl":"https:\/\/secure.gravatar.com\/avatar\/ee2ce5f049e82b74bcc6b8db4c5e9c717e35544f3cde91d14a3daa9827fe21f0?s=96&d=mm&r=g","caption":"euncet"},"url":"https:\/\/www.euncet.com\/blog\/es\/author\/euncet\/"}]}},"_links":{"self":[{"href":"https:\/\/www.euncet.com\/blog\/es\/wp-json\/wp\/v2\/posts\/28812","targetHints":{"allow":["GET"]}}],"collection":[{"href":"https:\/\/www.euncet.com\/blog\/es\/wp-json\/wp\/v2\/posts"}],"about":[{"href":"https:\/\/www.euncet.com\/blog\/es\/wp-json\/wp\/v2\/types\/post"}],"author":[{"embeddable":true,"href":"https:\/\/www.euncet.com\/blog\/es\/wp-json\/wp\/v2\/users\/28"}],"replies":[{"embeddable":true,"href":"https:\/\/www.euncet.com\/blog\/es\/wp-json\/wp\/v2\/comments?post=28812"}],"version-history":[{"count":0,"href":"https:\/\/www.euncet.com\/blog\/es\/wp-json\/wp\/v2\/posts\/28812\/revisions"}],"wp:attachment":[{"href":"https:\/\/www.euncet.com\/blog\/es\/wp-json\/wp\/v2\/media?parent=28812"}],"wp:term":[{"taxonomy":"category","embeddable":true,"href":"https:\/\/www.euncet.com\/blog\/es\/wp-json\/wp\/v2\/categories?post=28812"},{"taxonomy":"post_tag","embeddable":true,"href":"https:\/\/www.euncet.com\/blog\/es\/wp-json\/wp\/v2\/tags?post=28812"}],"curies":[{"name":"wp","href":"https:\/\/api.w.org\/{rel}","templated":true}]}}