{"id":42653,"date":"2019-05-28T16:28:38","date_gmt":"2019-05-28T14:28:38","guid":{"rendered":"https:\/\/www.euncet.es\/?p=42653"},"modified":"2024-02-13T17:46:19","modified_gmt":"2024-02-13T16:46:19","slug":"segunda-edicion-jornada-euncet-talks","status":"publish","type":"post","link":"https:\/\/www.euncet.com\/blog\/es\/segunda-edicion-jornada-euncet-talks\/","title":{"rendered":"La segunda edici\u00f3n de la jornada Euncet TALKS reflexiona sobre Agile Management y Brand Trust"},"content":{"rendered":"<p><i><span data-contrast=\"none\">Tal y como estaba programado en el calendario acad\u00e9mico, los estudiantes de los <\/span><\/i><a href=\"https:\/\/www.euncet.es\/executive-modular-education\/\"><i><span data-contrast=\"none\">m\u00e1steres y posgrados executive<\/span><\/i><\/a><i><span data-contrast=\"none\"> pudieron asistir a la <\/span><\/i><b><i><span data-contrast=\"none\">segunda edici\u00f3n de la jornada Euncet TALKS<\/span><\/i><\/b><i><span data-contrast=\"none\">, celebrada los pasados 24 y 25 de mayo. En esta edici\u00f3n, los expertos invitados reflexionaron sobre dos temas clave para la competitividad de las empresas: el Agile Management y el Brand Trust.<\/span><\/i><span data-ccp-props=\"{&quot;134233117&quot;:false,&quot;134233118&quot;:false,&quot;201341983&quot;:2,&quot;335559738&quot;:0,&quot;335559739&quot;:0,&quot;335559740&quot;:338}\">\u00a0<\/span><span data-ccp-props=\"{&quot;134233117&quot;:false,&quot;134233118&quot;:false,&quot;201341983&quot;:2,&quot;335559738&quot;:0,&quot;335559739&quot;:0,&quot;335559740&quot;:338}\">\u00a0<\/span><\/p>\n<p><span data-contrast=\"none\">La segunda edici\u00f3n del Euncet TALKS comenz\u00f3 con el discurso de bienvenida del Alfons Graells, director del Euncet, que record\u00f3, a trav\u00e9s de una cita del divulgador cient\u00edfico Eduard Punset, que <\/span><b><span data-contrast=\"none\">no podemos perder nunca la emoci\u00f3n por aprender<\/span><\/b><span data-contrast=\"none\"> si no queremos que los conocimientos adquiridos de la experiencia y la formaci\u00f3n pierdan fuerza. Con la bienvenida realizada, comenzaron las ponencias sobre la importancia de la metodolog\u00eda Agile Project Management para que las empresas desarrollen con \u00e9xito sus proyectos y no pierdan competitividad. Por ello, se analizaron dos casos empresariales. Primero fue el turno de Alberto G\u00f3mez, senior Agile coach, que present\u00f3 el caso de Vueling como modelo de negocio \u00e1gil. A continuaci\u00f3n, los estudiantes pudieron escuchar el <\/span><b><span data-contrast=\"none\">caso By Hours<\/span><\/b><span data-contrast=\"none\">, explicado por el propio fundador de la empresa, Christian Rodr\u00edguez.<\/span><span data-ccp-props=\"{&quot;134233117&quot;:false,&quot;134233118&quot;:false,&quot;201341983&quot;:2,&quot;335559738&quot;:0,&quot;335559739&quot;:0,&quot;335559740&quot;:338}\">\u00a0<\/span><\/p>\n<p><span data-contrast=\"none\">Tras una peque\u00f1a pausa, la jornada se reanud\u00f3 con cuatro <\/span><b><span data-contrast=\"none\">workshop simult\u00e1neos sobre <\/span><\/b><b><i><span data-contrast=\"none\">engagement<\/span><\/i><\/b><b><span data-contrast=\"none\">, <\/span><\/b><b><i><span data-contrast=\"none\">influencers<\/span><\/i><\/b><b><span data-contrast=\"none\">, <\/span><\/b><b><i><span data-contrast=\"none\">agiles<\/span><\/i><\/b><b><span data-contrast=\"none\"> y <\/span><\/b><b><i><span data-contrast=\"none\">scrum<\/span><\/i><\/b><b><span data-contrast=\"none\">, y neuroliderazgo<\/span><\/b><span data-contrast=\"none\">, impartidos por Alvaro Malmierca, Rafaela Almeida, C\u00e9sar Fern\u00e1ndez y Toni C\u00e1tedra, respectivamente. La jornada continu\u00f3 el s\u00e1bado siguiente por la ma\u00f1ana, con dos ponencias sobre <\/span><b><span data-contrast=\"none\">Brand Trust<\/span><\/b><span data-contrast=\"none\">.<\/span><span data-ccp-props=\"{&quot;134233117&quot;:false,&quot;134233118&quot;:false,&quot;201341983&quot;:2,&quot;335559738&quot;:0,&quot;335559739&quot;:0,&quot;335559740&quot;:338}\">\u00a0<\/span><span data-ccp-props=\"{&quot;134233117&quot;:false,&quot;134233118&quot;:false,&quot;201341983&quot;:2,&quot;335559738&quot;:0,&quot;335559739&quot;:0,&quot;335559740&quot;:338}\">\u00a0<\/span><\/p>\n<p><span data-contrast=\"none\">Los expertos Daniel Solana, CEO y socio fundador de la agencia DoubleYou, y Marta Carri\u00f3, directora de Innovaci\u00f3n y Emprendimiento en SGSAPOLIS, destacaron que <\/span><b><span data-contrast=\"none\">la confianza es m\u00e1s que nunca una ventaja competitiva para las empresas<\/span><\/b><span data-contrast=\"none\">, ya que en el contexto actual los clientes disponen de muchas opciones y pueden difundir r\u00e1pidamente sus opiniones. Con las conferencias finalizadas, se impartieron de nuevo los cuatro workshops del d\u00eda anterior, ya que, para garantizar el \u00e9xito de los mismos los estudiantes, se tuvieron que dividir en grupos reducidos. La \u00fanica novedad fue la incorporaci\u00f3n de la experta Meritxell Obiols por su socio de empresa, Toni C\u00e1tedra, en el worskhop sobre neuroliderazgo. Finalizado el Euncet TALKS, desde el Euncet <\/span><b><span data-contrast=\"none\">queremos agradecer tanto a los ponentes como a los estudiantes su implicaci\u00f3n para hacer posible el \u00e9xito de la jornada<\/span><\/b><span data-contrast=\"none\">.<\/span><span data-ccp-props=\"{&quot;134233117&quot;:false,&quot;134233118&quot;:false,&quot;201341983&quot;:2,&quot;335559738&quot;:0,&quot;335559739&quot;:0,&quot;335559740&quot;:338}\">\u00a0<\/span><\/p>\n<p><span data-ccp-props=\"{&quot;134233117&quot;:false,&quot;134233118&quot;:false,&quot;201341983&quot;:2,&quot;335559738&quot;:0,&quot;335559739&quot;:0,&quot;335559740&quot;:338}\">\u00a0<\/span><span data-contrast=\"none\">Gracias a la gran acogida, el pr\u00f3ximo curso acad\u00e9mico organizaremos s\u00f3lo ediciones para seguir potenciando el intercambio de conocimiento de valor entre reconocidos profesionales y nuestros estudiantes.<\/span><\/p>\n<p><span data-contrast=\"none\"> \u00a1Hasta la pr\u00f3xima!<\/span><span data-ccp-props=\"{&quot;134233117&quot;:false,&quot;134233118&quot;:false,&quot;201341983&quot;:2,&quot;335559738&quot;:0,&quot;335559739&quot;:360,&quot;335559740&quot;:338}\">\u00a0<\/span><\/p>\n","protected":false},"excerpt":{"rendered":"<p>El divendres 24 i dissabte 25 de maig, l\u2019Euncet Business School va organitzar la jornada acad\u00e8mica-professional Euncet TALKS, que va reunir reconeguts experts per reflexionar dos temes claus per la competitivitat de l\u2019empresa: Agile Management i el Brand Trust.<\/p>\n","protected":false},"author":28,"featured_media":42727,"comment_status":"closed","ping_status":"open","sticky":false,"template":"","format":"standard","meta":{"_acf_changed":false,"footnotes":""},"categories":[301,291],"tags":[410],"class_list":["post-42653","post","type-post","status-publish","format-standard","has-post-thumbnail","hentry","category-campus-euncet","category-comunidad-euncet","tag-euncet-talks"],"acf":[],"yoast_head":"<!-- This site is optimized with the Yoast SEO plugin v27.4 - https:\/\/yoast.com\/product\/yoast-seo-wordpress\/ -->\n<title>2\u00aa edici\u00f3n de Euncet TALKS: Agile Management y Brand Trust. Euncet<\/title>\n<meta name=\"description\" content=\"Euncet Talks, Agile Management, Brand Trust, Executive Education\" \/>\n<meta name=\"robots\" content=\"index, follow, max-snippet:-1, max-image-preview:large, max-video-preview:-1\" \/>\n<link rel=\"canonical\" href=\"https:\/\/www.euncet.com\/blog\/es\/segunda-edicion-jornada-euncet-talks\/\" \/>\n<meta property=\"og:locale\" content=\"es_ES\" \/>\n<meta property=\"og:type\" content=\"article\" \/>\n<meta property=\"og:title\" content=\"2\u00aa edici\u00f3n de Euncet TALKS: Agile Management y Brand Trust. Euncet\" \/>\n<meta property=\"og:description\" content=\"Euncet Talks, Agile Management, Brand Trust, Executive Education\" \/>\n<meta property=\"og:url\" content=\"https:\/\/www.euncet.com\/blog\/es\/segunda-edicion-jornada-euncet-talks\/\" \/>\n<meta property=\"og:site_name\" content=\"Euncet Business School\" \/>\n<meta property=\"article:publisher\" content=\"https:\/\/www.facebook.com\/euncet\" \/>\n<meta property=\"article:published_time\" content=\"2019-05-28T14:28:38+00:00\" \/>\n<meta property=\"article:modified_time\" content=\"2024-02-13T16:46:19+00:00\" \/>\n<meta property=\"og:image\" content=\"https:\/\/www.euncet.com\/blog\/wp-content\/uploads\/2019\/05\/EuncetTalks_blog_Maig2019.jpg\" \/>\n\t<meta property=\"og:image:width\" content=\"940\" \/>\n\t<meta property=\"og:image:height\" content=\"788\" \/>\n\t<meta property=\"og:image:type\" content=\"image\/jpeg\" \/>\n<meta name=\"author\" content=\"euncet\" \/>\n<meta name=\"twitter:card\" content=\"summary_large_image\" \/>\n<meta name=\"twitter:creator\" content=\"@euncet\" \/>\n<meta name=\"twitter:site\" content=\"@euncet\" \/>\n<meta name=\"twitter:label1\" content=\"Escrito por\" \/>\n\t<meta name=\"twitter:data1\" content=\"euncet\" \/>\n\t<meta name=\"twitter:label2\" content=\"Tiempo de lectura\" \/>\n\t<meta name=\"twitter:data2\" content=\"2 minutos\" \/>\n<script type=\"application\/ld+json\" class=\"yoast-schema-graph\">{\"@context\":\"https:\\\/\\\/schema.org\",\"@graph\":[{\"@type\":\"Article\",\"@id\":\"https:\\\/\\\/www.euncet.com\\\/blog\\\/es\\\/segunda-edicion-jornada-euncet-talks\\\/#article\",\"isPartOf\":{\"@id\":\"https:\\\/\\\/www.euncet.com\\\/blog\\\/es\\\/segunda-edicion-jornada-euncet-talks\\\/\"},\"author\":{\"name\":\"euncet\",\"@id\":\"https:\\\/\\\/www.euncet.com\\\/blog\\\/es\\\/#\\\/schema\\\/person\\\/8253e592273eb1f7a48788902ca03268\"},\"headline\":\"La segunda edici\u00f3n de la jornada Euncet TALKS reflexiona sobre Agile Management y Brand Trust\",\"datePublished\":\"2019-05-28T14:28:38+00:00\",\"dateModified\":\"2024-02-13T16:46:19+00:00\",\"mainEntityOfPage\":{\"@id\":\"https:\\\/\\\/www.euncet.com\\\/blog\\\/es\\\/segunda-edicion-jornada-euncet-talks\\\/\"},\"wordCount\":449,\"image\":{\"@id\":\"https:\\\/\\\/www.euncet.com\\\/blog\\\/es\\\/segunda-edicion-jornada-euncet-talks\\\/#primaryimage\"},\"thumbnailUrl\":\"https:\\\/\\\/www.euncet.com\\\/blog\\\/wp-content\\\/uploads\\\/2019\\\/05\\\/EuncetTalks_blog_Maig2019.jpg\",\"keywords\":[\"Euncet Talks\"],\"articleSection\":[\"Campus: conoce m\u00e1s a Euncet\",\"Comunidad Euncet\"],\"inLanguage\":\"es\"},{\"@type\":\"WebPage\",\"@id\":\"https:\\\/\\\/www.euncet.com\\\/blog\\\/es\\\/segunda-edicion-jornada-euncet-talks\\\/\",\"url\":\"https:\\\/\\\/www.euncet.com\\\/blog\\\/es\\\/segunda-edicion-jornada-euncet-talks\\\/\",\"name\":\"2\u00aa edici\u00f3n de Euncet TALKS: Agile Management y Brand Trust. Euncet\",\"isPartOf\":{\"@id\":\"https:\\\/\\\/www.euncet.com\\\/blog\\\/es\\\/#website\"},\"primaryImageOfPage\":{\"@id\":\"https:\\\/\\\/www.euncet.com\\\/blog\\\/es\\\/segunda-edicion-jornada-euncet-talks\\\/#primaryimage\"},\"image\":{\"@id\":\"https:\\\/\\\/www.euncet.com\\\/blog\\\/es\\\/segunda-edicion-jornada-euncet-talks\\\/#primaryimage\"},\"thumbnailUrl\":\"https:\\\/\\\/www.euncet.com\\\/blog\\\/wp-content\\\/uploads\\\/2019\\\/05\\\/EuncetTalks_blog_Maig2019.jpg\",\"datePublished\":\"2019-05-28T14:28:38+00:00\",\"dateModified\":\"2024-02-13T16:46:19+00:00\",\"author\":{\"@id\":\"https:\\\/\\\/www.euncet.com\\\/blog\\\/es\\\/#\\\/schema\\\/person\\\/8253e592273eb1f7a48788902ca03268\"},\"description\":\"Euncet Talks, Agile Management, Brand Trust, Executive Education\",\"breadcrumb\":{\"@id\":\"https:\\\/\\\/www.euncet.com\\\/blog\\\/es\\\/segunda-edicion-jornada-euncet-talks\\\/#breadcrumb\"},\"inLanguage\":\"es\",\"potentialAction\":[{\"@type\":\"ReadAction\",\"target\":[\"https:\\\/\\\/www.euncet.com\\\/blog\\\/es\\\/segunda-edicion-jornada-euncet-talks\\\/\"]}]},{\"@type\":\"ImageObject\",\"inLanguage\":\"es\",\"@id\":\"https:\\\/\\\/www.euncet.com\\\/blog\\\/es\\\/segunda-edicion-jornada-euncet-talks\\\/#primaryimage\",\"url\":\"https:\\\/\\\/www.euncet.com\\\/blog\\\/wp-content\\\/uploads\\\/2019\\\/05\\\/EuncetTalks_blog_Maig2019.jpg\",\"contentUrl\":\"https:\\\/\\\/www.euncet.com\\\/blog\\\/wp-content\\\/uploads\\\/2019\\\/05\\\/EuncetTalks_blog_Maig2019.jpg\",\"width\":940,\"height\":788},{\"@type\":\"BreadcrumbList\",\"@id\":\"https:\\\/\\\/www.euncet.com\\\/blog\\\/es\\\/segunda-edicion-jornada-euncet-talks\\\/#breadcrumb\",\"itemListElement\":[{\"@type\":\"ListItem\",\"position\":1,\"name\":\"Portada\",\"item\":\"https:\\\/\\\/www.euncet.com\\\/blog\\\/es\\\/\"},{\"@type\":\"ListItem\",\"position\":2,\"name\":\"La segunda edici\u00f3n de la jornada Euncet TALKS reflexiona sobre Agile Management y Brand Trust\"}]},{\"@type\":\"WebSite\",\"@id\":\"https:\\\/\\\/www.euncet.com\\\/blog\\\/es\\\/#website\",\"url\":\"https:\\\/\\\/www.euncet.com\\\/blog\\\/es\\\/\",\"name\":\"Euncet Business School\",\"description\":\"Escuela de negocios\",\"potentialAction\":[{\"@type\":\"SearchAction\",\"target\":{\"@type\":\"EntryPoint\",\"urlTemplate\":\"https:\\\/\\\/www.euncet.com\\\/blog\\\/es\\\/?s={search_term_string}\"},\"query-input\":{\"@type\":\"PropertyValueSpecification\",\"valueRequired\":true,\"valueName\":\"search_term_string\"}}],\"inLanguage\":\"es\"},{\"@type\":\"Person\",\"@id\":\"https:\\\/\\\/www.euncet.com\\\/blog\\\/es\\\/#\\\/schema\\\/person\\\/8253e592273eb1f7a48788902ca03268\",\"name\":\"euncet\",\"image\":{\"@type\":\"ImageObject\",\"inLanguage\":\"es\",\"@id\":\"https:\\\/\\\/secure.gravatar.com\\\/avatar\\\/ee2ce5f049e82b74bcc6b8db4c5e9c717e35544f3cde91d14a3daa9827fe21f0?s=96&d=mm&r=g\",\"url\":\"https:\\\/\\\/secure.gravatar.com\\\/avatar\\\/ee2ce5f049e82b74bcc6b8db4c5e9c717e35544f3cde91d14a3daa9827fe21f0?s=96&d=mm&r=g\",\"contentUrl\":\"https:\\\/\\\/secure.gravatar.com\\\/avatar\\\/ee2ce5f049e82b74bcc6b8db4c5e9c717e35544f3cde91d14a3daa9827fe21f0?s=96&d=mm&r=g\",\"caption\":\"euncet\"},\"url\":\"https:\\\/\\\/www.euncet.com\\\/blog\\\/es\\\/author\\\/euncet\\\/\"}]}<\/script>\n<!-- \/ Yoast SEO plugin. -->","yoast_head_json":{"title":"2\u00aa edici\u00f3n de Euncet TALKS: Agile Management y Brand Trust. Euncet","description":"Euncet Talks, Agile Management, Brand Trust, Executive Education","robots":{"index":"index","follow":"follow","max-snippet":"max-snippet:-1","max-image-preview":"max-image-preview:large","max-video-preview":"max-video-preview:-1"},"canonical":"https:\/\/www.euncet.com\/blog\/es\/segunda-edicion-jornada-euncet-talks\/","og_locale":"es_ES","og_type":"article","og_title":"2\u00aa edici\u00f3n de Euncet TALKS: Agile Management y Brand Trust. Euncet","og_description":"Euncet Talks, Agile Management, Brand Trust, Executive Education","og_url":"https:\/\/www.euncet.com\/blog\/es\/segunda-edicion-jornada-euncet-talks\/","og_site_name":"Euncet Business School","article_publisher":"https:\/\/www.facebook.com\/euncet","article_published_time":"2019-05-28T14:28:38+00:00","article_modified_time":"2024-02-13T16:46:19+00:00","og_image":[{"width":940,"height":788,"url":"https:\/\/www.euncet.com\/blog\/wp-content\/uploads\/2019\/05\/EuncetTalks_blog_Maig2019.jpg","type":"image\/jpeg"}],"author":"euncet","twitter_card":"summary_large_image","twitter_creator":"@euncet","twitter_site":"@euncet","twitter_misc":{"Escrito por":"euncet","Tiempo de lectura":"2 minutos"},"schema":{"@context":"https:\/\/schema.org","@graph":[{"@type":"Article","@id":"https:\/\/www.euncet.com\/blog\/es\/segunda-edicion-jornada-euncet-talks\/#article","isPartOf":{"@id":"https:\/\/www.euncet.com\/blog\/es\/segunda-edicion-jornada-euncet-talks\/"},"author":{"name":"euncet","@id":"https:\/\/www.euncet.com\/blog\/es\/#\/schema\/person\/8253e592273eb1f7a48788902ca03268"},"headline":"La segunda edici\u00f3n de la jornada Euncet TALKS reflexiona sobre Agile Management y Brand Trust","datePublished":"2019-05-28T14:28:38+00:00","dateModified":"2024-02-13T16:46:19+00:00","mainEntityOfPage":{"@id":"https:\/\/www.euncet.com\/blog\/es\/segunda-edicion-jornada-euncet-talks\/"},"wordCount":449,"image":{"@id":"https:\/\/www.euncet.com\/blog\/es\/segunda-edicion-jornada-euncet-talks\/#primaryimage"},"thumbnailUrl":"https:\/\/www.euncet.com\/blog\/wp-content\/uploads\/2019\/05\/EuncetTalks_blog_Maig2019.jpg","keywords":["Euncet Talks"],"articleSection":["Campus: conoce m\u00e1s a Euncet","Comunidad Euncet"],"inLanguage":"es"},{"@type":"WebPage","@id":"https:\/\/www.euncet.com\/blog\/es\/segunda-edicion-jornada-euncet-talks\/","url":"https:\/\/www.euncet.com\/blog\/es\/segunda-edicion-jornada-euncet-talks\/","name":"2\u00aa edici\u00f3n de Euncet TALKS: Agile Management y Brand Trust. Euncet","isPartOf":{"@id":"https:\/\/www.euncet.com\/blog\/es\/#website"},"primaryImageOfPage":{"@id":"https:\/\/www.euncet.com\/blog\/es\/segunda-edicion-jornada-euncet-talks\/#primaryimage"},"image":{"@id":"https:\/\/www.euncet.com\/blog\/es\/segunda-edicion-jornada-euncet-talks\/#primaryimage"},"thumbnailUrl":"https:\/\/www.euncet.com\/blog\/wp-content\/uploads\/2019\/05\/EuncetTalks_blog_Maig2019.jpg","datePublished":"2019-05-28T14:28:38+00:00","dateModified":"2024-02-13T16:46:19+00:00","author":{"@id":"https:\/\/www.euncet.com\/blog\/es\/#\/schema\/person\/8253e592273eb1f7a48788902ca03268"},"description":"Euncet Talks, Agile Management, Brand Trust, Executive Education","breadcrumb":{"@id":"https:\/\/www.euncet.com\/blog\/es\/segunda-edicion-jornada-euncet-talks\/#breadcrumb"},"inLanguage":"es","potentialAction":[{"@type":"ReadAction","target":["https:\/\/www.euncet.com\/blog\/es\/segunda-edicion-jornada-euncet-talks\/"]}]},{"@type":"ImageObject","inLanguage":"es","@id":"https:\/\/www.euncet.com\/blog\/es\/segunda-edicion-jornada-euncet-talks\/#primaryimage","url":"https:\/\/www.euncet.com\/blog\/wp-content\/uploads\/2019\/05\/EuncetTalks_blog_Maig2019.jpg","contentUrl":"https:\/\/www.euncet.com\/blog\/wp-content\/uploads\/2019\/05\/EuncetTalks_blog_Maig2019.jpg","width":940,"height":788},{"@type":"BreadcrumbList","@id":"https:\/\/www.euncet.com\/blog\/es\/segunda-edicion-jornada-euncet-talks\/#breadcrumb","itemListElement":[{"@type":"ListItem","position":1,"name":"Portada","item":"https:\/\/www.euncet.com\/blog\/es\/"},{"@type":"ListItem","position":2,"name":"La segunda edici\u00f3n de la jornada Euncet TALKS reflexiona sobre Agile Management y Brand Trust"}]},{"@type":"WebSite","@id":"https:\/\/www.euncet.com\/blog\/es\/#website","url":"https:\/\/www.euncet.com\/blog\/es\/","name":"Euncet Business School","description":"Escuela de negocios","potentialAction":[{"@type":"SearchAction","target":{"@type":"EntryPoint","urlTemplate":"https:\/\/www.euncet.com\/blog\/es\/?s={search_term_string}"},"query-input":{"@type":"PropertyValueSpecification","valueRequired":true,"valueName":"search_term_string"}}],"inLanguage":"es"},{"@type":"Person","@id":"https:\/\/www.euncet.com\/blog\/es\/#\/schema\/person\/8253e592273eb1f7a48788902ca03268","name":"euncet","image":{"@type":"ImageObject","inLanguage":"es","@id":"https:\/\/secure.gravatar.com\/avatar\/ee2ce5f049e82b74bcc6b8db4c5e9c717e35544f3cde91d14a3daa9827fe21f0?s=96&d=mm&r=g","url":"https:\/\/secure.gravatar.com\/avatar\/ee2ce5f049e82b74bcc6b8db4c5e9c717e35544f3cde91d14a3daa9827fe21f0?s=96&d=mm&r=g","contentUrl":"https:\/\/secure.gravatar.com\/avatar\/ee2ce5f049e82b74bcc6b8db4c5e9c717e35544f3cde91d14a3daa9827fe21f0?s=96&d=mm&r=g","caption":"euncet"},"url":"https:\/\/www.euncet.com\/blog\/es\/author\/euncet\/"}]}},"_links":{"self":[{"href":"https:\/\/www.euncet.com\/blog\/es\/wp-json\/wp\/v2\/posts\/42653","targetHints":{"allow":["GET"]}}],"collection":[{"href":"https:\/\/www.euncet.com\/blog\/es\/wp-json\/wp\/v2\/posts"}],"about":[{"href":"https:\/\/www.euncet.com\/blog\/es\/wp-json\/wp\/v2\/types\/post"}],"author":[{"embeddable":true,"href":"https:\/\/www.euncet.com\/blog\/es\/wp-json\/wp\/v2\/users\/28"}],"replies":[{"embeddable":true,"href":"https:\/\/www.euncet.com\/blog\/es\/wp-json\/wp\/v2\/comments?post=42653"}],"version-history":[{"count":0,"href":"https:\/\/www.euncet.com\/blog\/es\/wp-json\/wp\/v2\/posts\/42653\/revisions"}],"wp:featuredmedia":[{"embeddable":true,"href":"https:\/\/www.euncet.com\/blog\/es\/wp-json\/wp\/v2\/media\/42727"}],"wp:attachment":[{"href":"https:\/\/www.euncet.com\/blog\/es\/wp-json\/wp\/v2\/media?parent=42653"}],"wp:term":[{"taxonomy":"category","embeddable":true,"href":"https:\/\/www.euncet.com\/blog\/es\/wp-json\/wp\/v2\/categories?post=42653"},{"taxonomy":"post_tag","embeddable":true,"href":"https:\/\/www.euncet.com\/blog\/es\/wp-json\/wp\/v2\/tags?post=42653"}],"curies":[{"name":"wp","href":"https:\/\/api.w.org\/{rel}","templated":true}]}}