{"id":42758,"date":"2019-06-05T10:14:07","date_gmt":"2019-06-05T08:14:07","guid":{"rendered":"https:\/\/www.euncet.es\/?p=42758"},"modified":"2023-02-08T10:14:19","modified_gmt":"2023-02-08T09:14:19","slug":"entrevista-xavier-marcet","status":"publish","type":"post","link":"https:\/\/www.euncet.com\/blog\/es\/entrevista-xavier-marcet\/","title":{"rendered":"Xavier Marcet, nuevo presidente del Patronato de Gesti\u00f3n de Euncet, entrevistado por el Diari de Terrassa"},"content":{"rendered":"<p><em>El pasado s\u00e1bado 1 de junio, <a href=\"http:\/\/www.diarideterrassa.es\/terrassa\/2019\/06\/01\/euncet-ofrecera-formacion-transiciones\/112996.html\" target=\"_blank\" rel=\"noopener noreferrer\">Diari de Terrassa<\/a> entrevist\u00f3 a Xavier Marcet, coincidiendo con su nueva etapa profesional como presidente del Patronato de Gesti\u00f3n de Euncet Business School, que combinar\u00e1 con la presidencia de la consultor\u00eda Lead To Change. Aqu\u00ed puedes leer la entrevista entera que se public\u00f3.<\/em>\u00a0<\/p><div id=\"ez-toc-container\" class=\"ez-toc-v2_0_82_2 counter-hierarchy ez-toc-counter ez-toc-custom ez-toc-container-direction\">\n<div class=\"ez-toc-title-container\">\n<p class=\"ez-toc-title\" style=\"cursor:inherit\">\u00cdNDICE DE CONTENIDOS<\/p>\n<span class=\"ez-toc-title-toggle\"><a href=\"#\" class=\"ez-toc-pull-right ez-toc-btn ez-toc-btn-xs ez-toc-btn-default ez-toc-toggle\" aria-label=\"Alternar tabla de contenidos\"><span class=\"ez-toc-js-icon-con\"><span class=\"\"><span class=\"eztoc-hide\" style=\"display:none;\">Toggle<\/span><span class=\"ez-toc-icon-toggle-span\"><svg style=\"fill: #222222;color:#222222\" xmlns=\"http:\/\/www.w3.org\/2000\/svg\" class=\"list-377408\" width=\"20px\" height=\"20px\" viewBox=\"0 0 24 24\" fill=\"none\"><path d=\"M6 6H4v2h2V6zm14 0H8v2h12V6zM4 11h2v2H4v-2zm16 0H8v2h12v-2zM4 16h2v2H4v-2zm16 0H8v2h12v-2z\" fill=\"currentColor\"><\/path><\/svg><svg style=\"fill: #222222;color:#222222\" class=\"arrow-unsorted-368013\" xmlns=\"http:\/\/www.w3.org\/2000\/svg\" width=\"10px\" height=\"10px\" viewBox=\"0 0 24 24\" version=\"1.2\" baseProfile=\"tiny\"><path d=\"M18.2 9.3l-6.2-6.3-6.2 6.3c-.2.2-.3.4-.3.7s.1.5.3.7c.2.2.4.3.7.3h11c.3 0 .5-.1.7-.3.2-.2.3-.5.3-.7s-.1-.5-.3-.7zM5.8 14.7l6.2 6.3 6.2-6.3c.2-.2.3-.5.3-.7s-.1-.5-.3-.7c-.2-.2-.4-.3-.7-.3h-11c-.3 0-.5.1-.7.3-.2.2-.3.5-.3.7s.1.5.3.7z\"\/><\/svg><\/span><\/span><\/span><\/a><\/span><\/div>\n<nav><ul class='ez-toc-list ez-toc-list-level-1 ' ><li class='ez-toc-page-1 ez-toc-heading-level-2'><a class=\"ez-toc-link ez-toc-heading-1\" href=\"https:\/\/www.euncet.com\/blog\/es\/entrevista-xavier-marcet\/#%C2%BFCual_es_su_funcion_en_su_nuevo_cargo\" >\u00bfCu\u00e1l es su funci\u00f3n en su nuevo cargo?<\/a><\/li><li class='ez-toc-page-1 ez-toc-heading-level-2'><a class=\"ez-toc-link ez-toc-heading-2\" href=\"https:\/\/www.euncet.com\/blog\/es\/entrevista-xavier-marcet\/#%C2%BFQue_plan_estrategico_preve_para_Euncet_Business_School\" >\u00bfQu\u00e9 plan estrat\u00e9gico prev\u00e9 para Euncet Business School?<\/a><\/li><li class='ez-toc-page-1 ez-toc-heading-level-2'><a class=\"ez-toc-link ez-toc-heading-3\" href=\"https:\/\/www.euncet.com\/blog\/es\/entrevista-xavier-marcet\/#Deduzco_que_usted_sera_el_encargado_de_planificar_esas_nuevas_ofertas_de_la_escuela\" >Deduzco que usted ser\u00e1 el encargado de planificar esas nuevas ofertas de la escuela.<\/a><\/li><li class='ez-toc-page-1 ez-toc-heading-level-2'><a class=\"ez-toc-link ez-toc-heading-4\" href=\"https:\/\/www.euncet.com\/blog\/es\/entrevista-xavier-marcet\/#%C2%BFHabla_de_un_tipo_de_formacion_muy_concreta_dirigida_a_colectivos_especificos\" >\u00bfHabla de un tipo de formaci\u00f3n muy concreta dirigida a colectivos espec\u00edficos?<\/a><\/li><li class='ez-toc-page-1 ez-toc-heading-level-2'><a class=\"ez-toc-link ez-toc-heading-5\" href=\"https:\/\/www.euncet.com\/blog\/es\/entrevista-xavier-marcet\/#Renovarse_o_morir\" >Renovarse o morir.<\/a><\/li><li class='ez-toc-page-1 ez-toc-heading-level-2'><a class=\"ez-toc-link ez-toc-heading-6\" href=\"https:\/\/www.euncet.com\/blog\/es\/entrevista-xavier-marcet\/#%C2%BFAcabaremos_siendo_todos_emprendedores\" >\u00bfAcabaremos siendo todos emprendedores?<\/a><\/li><li class='ez-toc-page-1 ez-toc-heading-level-2'><a class=\"ez-toc-link ez-toc-heading-7\" href=\"https:\/\/www.euncet.com\/blog\/es\/entrevista-xavier-marcet\/#Una_realidad_en_continua_transformacion\" >Una realidad en continua transformaci\u00f3n.<\/a><\/li><li class='ez-toc-page-1 ez-toc-heading-level-2'><a class=\"ez-toc-link ez-toc-heading-8\" href=\"https:\/\/www.euncet.com\/blog\/es\/entrevista-xavier-marcet\/#Ya_no_solamente_se_trata_de_adquirir_conocimientos\" >Ya no solamente se trata de adquirir conocimientos.<\/a><\/li><li class='ez-toc-page-1 ez-toc-heading-level-2'><a class=\"ez-toc-link ez-toc-heading-9\" href=\"https:\/\/www.euncet.com\/blog\/es\/entrevista-xavier-marcet\/#%C2%BFY_que_me_dice_de_la_formacion_online\" >\u00bfY qu\u00e9 me dice de la formaci\u00f3n online?<\/a><\/li><\/ul><\/nav><\/div>\n\n<blockquote>\n<p style=\"text-align: center;\"><strong>\u201cEuncet ofrecer\u00e1 formaci\u00f3n sobre transiciones profesionales\u201d<\/strong><\/p>\n<\/blockquote>\n<p>El terrassense <a href=\"http:\/\/www.xaviermarcet.com\/\" target=\"_blank\" rel=\"noopener noreferrer\">Xavier Marcet<\/a>, prestigioso consultor de empresas, sobre todo en asuntos de innovaci\u00f3n y estrategia, ha sido nombrado presidente del patronato de gesti\u00f3n de la escuela de negocios Euncet Business School,\u00a0adscrita a la UPC. Marcet afirma que asume el nuevo cargo por \u201cun compromiso con la ciudad, pero tambi\u00e9n porque el mundo de la educaci\u00f3n superior cambiar\u00e1 mucho, y la agilidad y flexibilidad de Euncet pueden aportar much\u00edsimo\u201d en este proceso de transformaci\u00f3n.<\/p>\n<h2><span class=\"ez-toc-section\" id=\"%C2%BFCual_es_su_funcion_en_su_nuevo_cargo\"><\/span><strong>\u00bfCu\u00e1l es su funci\u00f3n en su nuevo cargo?<\/strong><span class=\"ez-toc-section-end\"><\/span><\/h2>\n<p>Ocuparme del papel institucional, sobre todo en los actos acad\u00e9micos, y ayudar a la escuela a pensar su estrategia de futuro. Explique el proceso que le ha llevado a aceptar el reto. Son varios los factores. En primer lugar, siempre he tenido una relaci\u00f3n personal con Euncet Business School, donde fui profesor-colaborador muchos a\u00f1os. Tuve una relaci\u00f3n inicial con la escuela cuando se adscribi\u00f3 a la UPC, en un momento en que yo era jefe del gabinete del rectorado y, por tanto, ayude un poco en ese proceso.<\/p>\n<p>Para m\u00ed, Euncet Business School siempre ha sido algo cercano. Simplemente, tengo mucha relaci\u00f3n con la Fundaci\u00f3 Leitat, uno de los impulsores de la escuela, y es la que me ha acabado proponiendo esta tarea. La he aceptado por un compromiso con la ciudad, pero tambi\u00e9n porque el mundo de la educaci\u00f3n superior cambiar\u00e1 mucho y la agilidad y flexibilidad de Euncet Business School pueden aportar much\u00edsimo.<\/p>\n<h2><span class=\"ez-toc-section\" id=\"%C2%BFQue_plan_estrategico_preve_para_Euncet_Business_School\"><\/span><strong>\u00bfQu\u00e9 plan estrat\u00e9gico prev\u00e9 para Euncet Business School?<\/strong><span class=\"ez-toc-section-end\"><\/span><\/h2>\n<p>Los pr\u00f3ximos a\u00f1os las actividades profesionales cambiar\u00e1n mucho, sobre todo por el impacto de las nuevas tecnolog\u00edas y, m\u00e1s espec\u00edficamente, por la inteligencia artificial, el big data y la rob\u00f3tica. Hablo de nuevos empleos, pero, sobre todo, de que incluso los que mantengan los suyos trabajar\u00e1n de una manera diferente. Y el tipo de oferta de posgrado que tienen muchas veces las universidades no est\u00e1 pensado para gente que necesita transiciones profesionales r\u00e1pidas. Por eso, uno de los elementos m\u00e1s importantes que veremos en los pr\u00f3ximos a\u00f1os es la necesidad de tener ofertas de transformaci\u00f3n profesional \u00e1giles y de calidad.<\/p>\n<h2><span class=\"ez-toc-section\" id=\"Deduzco_que_usted_sera_el_encargado_de_planificar_esas_nuevas_ofertas_de_la_escuela\"><\/span><strong>Deduzco que usted ser\u00e1 el encargado de planificar esas nuevas ofertas de la escuela.<\/strong><span class=\"ez-toc-section-end\"><\/span><\/h2>\n<p>S\u00ed. En el futuro las escuelas de negocio como Euncet Business Schooltendr\u00e1n tres patas: el <a href=\"https:\/\/www.euncet.es\/graus-oficials\/\">grado<\/a>, la <a href=\"https:\/\/www.euncet.es\/executive-modular-education\/\">formaci\u00f3n ejecutiva<\/a> y una tercera que ofrezca cursos que ayuden a la reconversi\u00f3n profesional de la gente; a aprender a relacionarse con determinadas m\u00e1quinas de una forma diferente, seguramente m\u00e1quinas inteligentes, y a desaprender algunas cosas.<\/p>\n<p>En el futuro habr\u00e1 conocimientos que seguir\u00e1n siendo v\u00e1lidos y otros que no. Y en cada profesi\u00f3n esta ecuaci\u00f3n ser\u00e1 diferente.<\/p>\n<p>Creo que escuelas como Euncet Business School tienen un gran futuro si aparte de hacer lo que hacen -carreras de grado y formaci\u00f3n posgrado-, ofrecen una propuesta \u00e1gil y de calidad para reactualizarse y seguir en el mercado laboral. Esta es la propuesta en la que estamos trabajando ahora y que podremos ofrecer el pr\u00f3ximo curso. Se trata de un nuevo modelo que creo que nos puede dar muchas satisfacciones.<\/p>\n<h2><span class=\"ez-toc-section\" id=\"%C2%BFHabla_de_un_tipo_de_formacion_muy_concreta_dirigida_a_colectivos_especificos\"><\/span><strong>\u00bfHabla de un tipo de formaci\u00f3n muy concreta dirigida a colectivos espec\u00edficos?<\/strong><span class=\"ez-toc-section-end\"><\/span><\/h2>\n<p>Hablo de ser capaces de personalizar las ofertas de formaci\u00f3n a las necesidades de esas personas que est\u00e1n en plena reconversi\u00f3n profesional. Y Euncet Business School tiene una enorme ventaja para hacer propuestas en ese sentido: su agilidad y flexibilidad.<\/p>\n<h2><span class=\"ez-toc-section\" id=\"Renovarse_o_morir\"><\/span><strong>Renovarse o morir.<\/strong><span class=\"ez-toc-section-end\"><\/span><\/h2>\n<p>En estos momentos hay una gran necesidad de esta transformaci\u00f3n a nivel mundial porque todo est\u00e1 cambiando muy deprisa. Es un tipo de transformaci\u00f3n en que no hay que poner el acento solo en la formaci\u00f3n, sino tambi\u00e9n -y mucho en la capacidad de aprendizaje de la gente, la actitud&#8230; Tenemos que ofrecer experiencias que favorezcan una actitud muy emprendedora respecto al aprendizaje.<\/p>\n<h2><span class=\"ez-toc-section\" id=\"%C2%BFAcabaremos_siendo_todos_emprendedores\"><\/span><strong>\u00bfAcabaremos siendo todos emprendedores?<\/strong><span class=\"ez-toc-section-end\"><\/span><\/h2>\n<p>Desde un punto de vista de la adaptaci\u00f3n personal a los nuevos retos profesionales no seremos emprendedores en el sentido de montar una empresa, pero s\u00ed en el sentido de tener iniciativa para realizar este tipo de adaptaciones m\u00e1s o menos continuadas que necesitaremos.<\/p>\n<h2><span class=\"ez-toc-section\" id=\"Una_realidad_en_continua_transformacion\"><\/span><strong>Una realidad en continua transformaci\u00f3n.<\/strong><span class=\"ez-toc-section-end\"><\/span><\/h2>\n<p>Hay una nueva realidad que ser\u00e1 muy importante: el impacto que tendr\u00e1n el mundo de la rob\u00f3tica, la inteligencia artificial, el big data\u2026 A la mayor\u00eda de la gente estas nuevas realidades no le quitar\u00e1 el trabajo, pero le obligar\u00e1 a repensarlo. Y en este sentido, necesitamos tambi\u00e9n propuestas de formaci\u00f3n que nos ayuden en este proceso y Euncet Business School las puede ofrecer.<\/p>\n<h2><span class=\"ez-toc-section\" id=\"Ya_no_solamente_se_trata_de_adquirir_conocimientos\"><\/span><strong>Ya no solamente se trata de adquirir conocimientos.<\/strong><span class=\"ez-toc-section-end\"><\/span><\/h2>\n<p>La adaptaci\u00f3n profesional va m\u00e1s all\u00e1. Se trata tambi\u00e9n de adquirir nuevas habilidades de relaci\u00f3n con las m\u00e1quinas, de tener capacidad de s\u00edntesis y de trabajar con agilidad. El futuro es la experiencia global y no solo el acceso a los conocimientos.<\/p>\n<h2><span class=\"ez-toc-section\" id=\"%C2%BFY_que_me_dice_de_la_formacion_online\"><\/span><strong>\u00bfY qu\u00e9 me dice de la formaci\u00f3n online?<\/strong><span class=\"ez-toc-section-end\"><\/span><\/h2>\n<p>Es otro de los elementos que no dejar\u00e1 de crecer. Hay todo un mundo en la formaci\u00f3n online que tiene que ver con estas nuevas propuestas encaminadas a la transici\u00f3n profesional. Hoy en d\u00eda la formaci\u00f3n busca cada vez m\u00e1s la integralidad, combinar varios elementos m\u00e1s all\u00e1 de los conocimientos.\u00a0<\/p>\n","protected":false},"excerpt":{"rendered":"<p>El pasado s\u00e1bado 1 de junio, Diari de Terrassa entrevist\u00f3 a Xavier Marcet, coincidiendo con su nueva etapa profesional como presidente del Patronato de Gesti\u00f3n de Euncet Business School, que combinar\u00e1 con la presidencia de la consultor\u00eda Lead To Change.  Esta es la entrevista entera que se public\u00f3.<\/p>\n","protected":false},"author":28,"featured_media":42759,"comment_status":"closed","ping_status":"open","sticky":false,"template":"","format":"standard","meta":{"_acf_changed":false,"footnotes":""},"categories":[288],"tags":[341,411],"class_list":["post-42758","post","type-post","status-publish","format-standard","has-post-thumbnail","hentry","category-entrevistas","tag-euncetgroup","tag-xavier-marcet"],"acf":[],"yoast_head":"<!-- This site is optimized with the Yoast SEO plugin v27.4 - https:\/\/yoast.com\/product\/yoast-seo-wordpress\/ -->\n<title>Xavier Marcet, nuevo presidente del Patronato de Gesti\u00f3n de Euncet<\/title>\n<meta name=\"description\" content=\"Xavier Marcet, nuevo presidente del Patronato de Gesti\u00f3n de Euncet, explica el plan estrat\u00e9gico que prev\u00e9 para Euncet Business School\" \/>\n<meta name=\"robots\" content=\"index, follow, max-snippet:-1, max-image-preview:large, max-video-preview:-1\" \/>\n<link rel=\"canonical\" href=\"https:\/\/www.euncet.com\/blog\/es\/entrevista-xavier-marcet\/\" \/>\n<meta property=\"og:locale\" content=\"es_ES\" \/>\n<meta property=\"og:type\" content=\"article\" \/>\n<meta property=\"og:title\" content=\"Xavier Marcet, nuevo presidente del Patronato de Gesti\u00f3n de Euncet\" \/>\n<meta property=\"og:description\" content=\"Xavier Marcet, nuevo presidente del Patronato de Gesti\u00f3n de Euncet, explica el plan estrat\u00e9gico que prev\u00e9 para Euncet Business School\" \/>\n<meta property=\"og:url\" content=\"https:\/\/www.euncet.com\/blog\/es\/entrevista-xavier-marcet\/\" \/>\n<meta property=\"og:site_name\" content=\"Euncet Business School\" \/>\n<meta property=\"article:publisher\" content=\"https:\/\/www.facebook.com\/euncet\" \/>\n<meta property=\"article:published_time\" content=\"2019-06-05T08:14:07+00:00\" \/>\n<meta property=\"article:modified_time\" content=\"2023-02-08T09:14:19+00:00\" \/>\n<meta property=\"og:image\" content=\"https:\/\/www.euncet.com\/blog\/wp-content\/uploads\/2019\/06\/XAvier-Marcet_DiariTerrassa_01062019.jpg\" \/>\n\t<meta property=\"og:image:width\" content=\"690\" \/>\n\t<meta property=\"og:image:height\" content=\"460\" \/>\n\t<meta property=\"og:image:type\" content=\"image\/jpeg\" \/>\n<meta name=\"author\" content=\"euncet\" \/>\n<meta name=\"twitter:card\" content=\"summary_large_image\" \/>\n<meta name=\"twitter:creator\" content=\"@euncet\" \/>\n<meta name=\"twitter:site\" content=\"@euncet\" \/>\n<meta name=\"twitter:label1\" content=\"Escrito por\" \/>\n\t<meta name=\"twitter:data1\" content=\"euncet\" \/>\n\t<meta name=\"twitter:label2\" content=\"Tiempo de lectura\" \/>\n\t<meta name=\"twitter:data2\" content=\"5 minutos\" \/>\n<script type=\"application\/ld+json\" class=\"yoast-schema-graph\">{\"@context\":\"https:\\\/\\\/schema.org\",\"@graph\":[{\"@type\":\"Article\",\"@id\":\"https:\\\/\\\/www.euncet.com\\\/blog\\\/es\\\/entrevista-xavier-marcet\\\/#article\",\"isPartOf\":{\"@id\":\"https:\\\/\\\/www.euncet.com\\\/blog\\\/es\\\/entrevista-xavier-marcet\\\/\"},\"author\":{\"name\":\"euncet\",\"@id\":\"https:\\\/\\\/www.euncet.com\\\/blog\\\/es\\\/#\\\/schema\\\/person\\\/8253e592273eb1f7a48788902ca03268\"},\"headline\":\"Xavier Marcet, nuevo presidente del Patronato de Gesti\u00f3n de Euncet, entrevistado por el Diari de Terrassa\",\"datePublished\":\"2019-06-05T08:14:07+00:00\",\"dateModified\":\"2023-02-08T09:14:19+00:00\",\"mainEntityOfPage\":{\"@id\":\"https:\\\/\\\/www.euncet.com\\\/blog\\\/es\\\/entrevista-xavier-marcet\\\/\"},\"wordCount\":993,\"image\":{\"@id\":\"https:\\\/\\\/www.euncet.com\\\/blog\\\/es\\\/entrevista-xavier-marcet\\\/#primaryimage\"},\"thumbnailUrl\":\"https:\\\/\\\/www.euncet.com\\\/blog\\\/wp-content\\\/uploads\\\/2019\\\/06\\\/XAvier-Marcet_DiariTerrassa_01062019.jpg\",\"keywords\":[\"EuncetGroup\",\"Xavier Marcet\"],\"articleSection\":[\"Entrevistas\"],\"inLanguage\":\"es\"},{\"@type\":\"WebPage\",\"@id\":\"https:\\\/\\\/www.euncet.com\\\/blog\\\/es\\\/entrevista-xavier-marcet\\\/\",\"url\":\"https:\\\/\\\/www.euncet.com\\\/blog\\\/es\\\/entrevista-xavier-marcet\\\/\",\"name\":\"Xavier Marcet, nuevo presidente del Patronato de Gesti\u00f3n de Euncet\",\"isPartOf\":{\"@id\":\"https:\\\/\\\/www.euncet.com\\\/blog\\\/es\\\/#website\"},\"primaryImageOfPage\":{\"@id\":\"https:\\\/\\\/www.euncet.com\\\/blog\\\/es\\\/entrevista-xavier-marcet\\\/#primaryimage\"},\"image\":{\"@id\":\"https:\\\/\\\/www.euncet.com\\\/blog\\\/es\\\/entrevista-xavier-marcet\\\/#primaryimage\"},\"thumbnailUrl\":\"https:\\\/\\\/www.euncet.com\\\/blog\\\/wp-content\\\/uploads\\\/2019\\\/06\\\/XAvier-Marcet_DiariTerrassa_01062019.jpg\",\"datePublished\":\"2019-06-05T08:14:07+00:00\",\"dateModified\":\"2023-02-08T09:14:19+00:00\",\"author\":{\"@id\":\"https:\\\/\\\/www.euncet.com\\\/blog\\\/es\\\/#\\\/schema\\\/person\\\/8253e592273eb1f7a48788902ca03268\"},\"description\":\"Xavier Marcet, nuevo presidente del Patronato de Gesti\u00f3n de Euncet, explica el plan estrat\u00e9gico que prev\u00e9 para Euncet Business School\",\"breadcrumb\":{\"@id\":\"https:\\\/\\\/www.euncet.com\\\/blog\\\/es\\\/entrevista-xavier-marcet\\\/#breadcrumb\"},\"inLanguage\":\"es\",\"potentialAction\":[{\"@type\":\"ReadAction\",\"target\":[\"https:\\\/\\\/www.euncet.com\\\/blog\\\/es\\\/entrevista-xavier-marcet\\\/\"]}]},{\"@type\":\"ImageObject\",\"inLanguage\":\"es\",\"@id\":\"https:\\\/\\\/www.euncet.com\\\/blog\\\/es\\\/entrevista-xavier-marcet\\\/#primaryimage\",\"url\":\"https:\\\/\\\/www.euncet.com\\\/blog\\\/wp-content\\\/uploads\\\/2019\\\/06\\\/XAvier-Marcet_DiariTerrassa_01062019.jpg\",\"contentUrl\":\"https:\\\/\\\/www.euncet.com\\\/blog\\\/wp-content\\\/uploads\\\/2019\\\/06\\\/XAvier-Marcet_DiariTerrassa_01062019.jpg\",\"width\":690,\"height\":460},{\"@type\":\"BreadcrumbList\",\"@id\":\"https:\\\/\\\/www.euncet.com\\\/blog\\\/es\\\/entrevista-xavier-marcet\\\/#breadcrumb\",\"itemListElement\":[{\"@type\":\"ListItem\",\"position\":1,\"name\":\"Portada\",\"item\":\"https:\\\/\\\/www.euncet.com\\\/blog\\\/es\\\/\"},{\"@type\":\"ListItem\",\"position\":2,\"name\":\"Xavier Marcet, nuevo presidente del Patronato de Gesti\u00f3n de Euncet, entrevistado por el Diari de Terrassa\"}]},{\"@type\":\"WebSite\",\"@id\":\"https:\\\/\\\/www.euncet.com\\\/blog\\\/es\\\/#website\",\"url\":\"https:\\\/\\\/www.euncet.com\\\/blog\\\/es\\\/\",\"name\":\"Euncet Business School\",\"description\":\"Escuela de negocios\",\"potentialAction\":[{\"@type\":\"SearchAction\",\"target\":{\"@type\":\"EntryPoint\",\"urlTemplate\":\"https:\\\/\\\/www.euncet.com\\\/blog\\\/es\\\/?s={search_term_string}\"},\"query-input\":{\"@type\":\"PropertyValueSpecification\",\"valueRequired\":true,\"valueName\":\"search_term_string\"}}],\"inLanguage\":\"es\"},{\"@type\":\"Person\",\"@id\":\"https:\\\/\\\/www.euncet.com\\\/blog\\\/es\\\/#\\\/schema\\\/person\\\/8253e592273eb1f7a48788902ca03268\",\"name\":\"euncet\",\"image\":{\"@type\":\"ImageObject\",\"inLanguage\":\"es\",\"@id\":\"https:\\\/\\\/secure.gravatar.com\\\/avatar\\\/ee2ce5f049e82b74bcc6b8db4c5e9c717e35544f3cde91d14a3daa9827fe21f0?s=96&d=mm&r=g\",\"url\":\"https:\\\/\\\/secure.gravatar.com\\\/avatar\\\/ee2ce5f049e82b74bcc6b8db4c5e9c717e35544f3cde91d14a3daa9827fe21f0?s=96&d=mm&r=g\",\"contentUrl\":\"https:\\\/\\\/secure.gravatar.com\\\/avatar\\\/ee2ce5f049e82b74bcc6b8db4c5e9c717e35544f3cde91d14a3daa9827fe21f0?s=96&d=mm&r=g\",\"caption\":\"euncet\"},\"url\":\"https:\\\/\\\/www.euncet.com\\\/blog\\\/es\\\/author\\\/euncet\\\/\"}]}<\/script>\n<!-- \/ Yoast SEO plugin. -->","yoast_head_json":{"title":"Xavier Marcet, nuevo presidente del Patronato de Gesti\u00f3n de Euncet","description":"Xavier Marcet, nuevo presidente del Patronato de Gesti\u00f3n de Euncet, explica el plan estrat\u00e9gico que prev\u00e9 para Euncet Business School","robots":{"index":"index","follow":"follow","max-snippet":"max-snippet:-1","max-image-preview":"max-image-preview:large","max-video-preview":"max-video-preview:-1"},"canonical":"https:\/\/www.euncet.com\/blog\/es\/entrevista-xavier-marcet\/","og_locale":"es_ES","og_type":"article","og_title":"Xavier Marcet, nuevo presidente del Patronato de Gesti\u00f3n de Euncet","og_description":"Xavier Marcet, nuevo presidente del Patronato de Gesti\u00f3n de Euncet, explica el plan estrat\u00e9gico que prev\u00e9 para Euncet Business School","og_url":"https:\/\/www.euncet.com\/blog\/es\/entrevista-xavier-marcet\/","og_site_name":"Euncet Business School","article_publisher":"https:\/\/www.facebook.com\/euncet","article_published_time":"2019-06-05T08:14:07+00:00","article_modified_time":"2023-02-08T09:14:19+00:00","og_image":[{"width":690,"height":460,"url":"https:\/\/www.euncet.com\/blog\/wp-content\/uploads\/2019\/06\/XAvier-Marcet_DiariTerrassa_01062019.jpg","type":"image\/jpeg"}],"author":"euncet","twitter_card":"summary_large_image","twitter_creator":"@euncet","twitter_site":"@euncet","twitter_misc":{"Escrito por":"euncet","Tiempo de lectura":"5 minutos"},"schema":{"@context":"https:\/\/schema.org","@graph":[{"@type":"Article","@id":"https:\/\/www.euncet.com\/blog\/es\/entrevista-xavier-marcet\/#article","isPartOf":{"@id":"https:\/\/www.euncet.com\/blog\/es\/entrevista-xavier-marcet\/"},"author":{"name":"euncet","@id":"https:\/\/www.euncet.com\/blog\/es\/#\/schema\/person\/8253e592273eb1f7a48788902ca03268"},"headline":"Xavier Marcet, nuevo presidente del Patronato de Gesti\u00f3n de Euncet, entrevistado por el Diari de Terrassa","datePublished":"2019-06-05T08:14:07+00:00","dateModified":"2023-02-08T09:14:19+00:00","mainEntityOfPage":{"@id":"https:\/\/www.euncet.com\/blog\/es\/entrevista-xavier-marcet\/"},"wordCount":993,"image":{"@id":"https:\/\/www.euncet.com\/blog\/es\/entrevista-xavier-marcet\/#primaryimage"},"thumbnailUrl":"https:\/\/www.euncet.com\/blog\/wp-content\/uploads\/2019\/06\/XAvier-Marcet_DiariTerrassa_01062019.jpg","keywords":["EuncetGroup","Xavier Marcet"],"articleSection":["Entrevistas"],"inLanguage":"es"},{"@type":"WebPage","@id":"https:\/\/www.euncet.com\/blog\/es\/entrevista-xavier-marcet\/","url":"https:\/\/www.euncet.com\/blog\/es\/entrevista-xavier-marcet\/","name":"Xavier Marcet, nuevo presidente del Patronato de Gesti\u00f3n de Euncet","isPartOf":{"@id":"https:\/\/www.euncet.com\/blog\/es\/#website"},"primaryImageOfPage":{"@id":"https:\/\/www.euncet.com\/blog\/es\/entrevista-xavier-marcet\/#primaryimage"},"image":{"@id":"https:\/\/www.euncet.com\/blog\/es\/entrevista-xavier-marcet\/#primaryimage"},"thumbnailUrl":"https:\/\/www.euncet.com\/blog\/wp-content\/uploads\/2019\/06\/XAvier-Marcet_DiariTerrassa_01062019.jpg","datePublished":"2019-06-05T08:14:07+00:00","dateModified":"2023-02-08T09:14:19+00:00","author":{"@id":"https:\/\/www.euncet.com\/blog\/es\/#\/schema\/person\/8253e592273eb1f7a48788902ca03268"},"description":"Xavier Marcet, nuevo presidente del Patronato de Gesti\u00f3n de Euncet, explica el plan estrat\u00e9gico que prev\u00e9 para Euncet Business School","breadcrumb":{"@id":"https:\/\/www.euncet.com\/blog\/es\/entrevista-xavier-marcet\/#breadcrumb"},"inLanguage":"es","potentialAction":[{"@type":"ReadAction","target":["https:\/\/www.euncet.com\/blog\/es\/entrevista-xavier-marcet\/"]}]},{"@type":"ImageObject","inLanguage":"es","@id":"https:\/\/www.euncet.com\/blog\/es\/entrevista-xavier-marcet\/#primaryimage","url":"https:\/\/www.euncet.com\/blog\/wp-content\/uploads\/2019\/06\/XAvier-Marcet_DiariTerrassa_01062019.jpg","contentUrl":"https:\/\/www.euncet.com\/blog\/wp-content\/uploads\/2019\/06\/XAvier-Marcet_DiariTerrassa_01062019.jpg","width":690,"height":460},{"@type":"BreadcrumbList","@id":"https:\/\/www.euncet.com\/blog\/es\/entrevista-xavier-marcet\/#breadcrumb","itemListElement":[{"@type":"ListItem","position":1,"name":"Portada","item":"https:\/\/www.euncet.com\/blog\/es\/"},{"@type":"ListItem","position":2,"name":"Xavier Marcet, nuevo presidente del Patronato de Gesti\u00f3n de Euncet, entrevistado por el Diari de Terrassa"}]},{"@type":"WebSite","@id":"https:\/\/www.euncet.com\/blog\/es\/#website","url":"https:\/\/www.euncet.com\/blog\/es\/","name":"Euncet Business School","description":"Escuela de negocios","potentialAction":[{"@type":"SearchAction","target":{"@type":"EntryPoint","urlTemplate":"https:\/\/www.euncet.com\/blog\/es\/?s={search_term_string}"},"query-input":{"@type":"PropertyValueSpecification","valueRequired":true,"valueName":"search_term_string"}}],"inLanguage":"es"},{"@type":"Person","@id":"https:\/\/www.euncet.com\/blog\/es\/#\/schema\/person\/8253e592273eb1f7a48788902ca03268","name":"euncet","image":{"@type":"ImageObject","inLanguage":"es","@id":"https:\/\/secure.gravatar.com\/avatar\/ee2ce5f049e82b74bcc6b8db4c5e9c717e35544f3cde91d14a3daa9827fe21f0?s=96&d=mm&r=g","url":"https:\/\/secure.gravatar.com\/avatar\/ee2ce5f049e82b74bcc6b8db4c5e9c717e35544f3cde91d14a3daa9827fe21f0?s=96&d=mm&r=g","contentUrl":"https:\/\/secure.gravatar.com\/avatar\/ee2ce5f049e82b74bcc6b8db4c5e9c717e35544f3cde91d14a3daa9827fe21f0?s=96&d=mm&r=g","caption":"euncet"},"url":"https:\/\/www.euncet.com\/blog\/es\/author\/euncet\/"}]}},"_links":{"self":[{"href":"https:\/\/www.euncet.com\/blog\/es\/wp-json\/wp\/v2\/posts\/42758","targetHints":{"allow":["GET"]}}],"collection":[{"href":"https:\/\/www.euncet.com\/blog\/es\/wp-json\/wp\/v2\/posts"}],"about":[{"href":"https:\/\/www.euncet.com\/blog\/es\/wp-json\/wp\/v2\/types\/post"}],"author":[{"embeddable":true,"href":"https:\/\/www.euncet.com\/blog\/es\/wp-json\/wp\/v2\/users\/28"}],"replies":[{"embeddable":true,"href":"https:\/\/www.euncet.com\/blog\/es\/wp-json\/wp\/v2\/comments?post=42758"}],"version-history":[{"count":0,"href":"https:\/\/www.euncet.com\/blog\/es\/wp-json\/wp\/v2\/posts\/42758\/revisions"}],"wp:featuredmedia":[{"embeddable":true,"href":"https:\/\/www.euncet.com\/blog\/es\/wp-json\/wp\/v2\/media\/42759"}],"wp:attachment":[{"href":"https:\/\/www.euncet.com\/blog\/es\/wp-json\/wp\/v2\/media?parent=42758"}],"wp:term":[{"taxonomy":"category","embeddable":true,"href":"https:\/\/www.euncet.com\/blog\/es\/wp-json\/wp\/v2\/categories?post=42758"},{"taxonomy":"post_tag","embeddable":true,"href":"https:\/\/www.euncet.com\/blog\/es\/wp-json\/wp\/v2\/tags?post=42758"}],"curies":[{"name":"wp","href":"https:\/\/api.w.org\/{rel}","templated":true}]}}