{"id":43628,"date":"2020-04-15T13:21:34","date_gmt":"2020-04-15T11:21:34","guid":{"rendered":"http:\/\/blog.euncet.com\/?p=43628"},"modified":"2023-09-05T16:11:58","modified_gmt":"2023-09-05T14:11:58","slug":"digital-open-day-reinventando-las-jornadas-de-puertas-abiertas","status":"publish","type":"post","link":"https:\/\/www.euncet.com\/blog\/es\/digital-open-day-reinventando-las-jornadas-de-puertas-abiertas\/","title":{"rendered":"Digital OPEN DAY, reinventando las jornadas de puertas abiertas"},"content":{"rendered":"\r\n<p>Un a\u00f1o m\u00e1s, Euncet Business School acerca su oferta formativa a los futuros estudiantes con los <strong>Digital OPEN DAY de Grados<\/strong>. Esta vez, debido a las medidas adoptadas por la crisis sanitaria por el coronavirus, la jornada de puertas abiertas se realizar\u00e1 de forma online <strong>el pr\u00f3ximo 24 de abril<\/strong>.\u00a0<\/p><div id=\"ez-toc-container\" class=\"ez-toc-v2_0_82_2 counter-hierarchy ez-toc-counter ez-toc-custom ez-toc-container-direction\">\n<div class=\"ez-toc-title-container\">\n<p class=\"ez-toc-title\" style=\"cursor:inherit\">\u00cdNDICE DE CONTENIDOS<\/p>\n<span class=\"ez-toc-title-toggle\"><a href=\"#\" class=\"ez-toc-pull-right ez-toc-btn ez-toc-btn-xs ez-toc-btn-default ez-toc-toggle\" aria-label=\"Alternar tabla de contenidos\"><span class=\"ez-toc-js-icon-con\"><span class=\"\"><span class=\"eztoc-hide\" style=\"display:none;\">Toggle<\/span><span class=\"ez-toc-icon-toggle-span\"><svg style=\"fill: #222222;color:#222222\" xmlns=\"http:\/\/www.w3.org\/2000\/svg\" class=\"list-377408\" width=\"20px\" height=\"20px\" viewBox=\"0 0 24 24\" fill=\"none\"><path d=\"M6 6H4v2h2V6zm14 0H8v2h12V6zM4 11h2v2H4v-2zm16 0H8v2h12v-2zM4 16h2v2H4v-2zm16 0H8v2h12v-2z\" fill=\"currentColor\"><\/path><\/svg><svg style=\"fill: #222222;color:#222222\" class=\"arrow-unsorted-368013\" xmlns=\"http:\/\/www.w3.org\/2000\/svg\" width=\"10px\" height=\"10px\" viewBox=\"0 0 24 24\" version=\"1.2\" baseProfile=\"tiny\"><path d=\"M18.2 9.3l-6.2-6.3-6.2 6.3c-.2.2-.3.4-.3.7s.1.5.3.7c.2.2.4.3.7.3h11c.3 0 .5-.1.7-.3.2-.2.3-.5.3-.7s-.1-.5-.3-.7zM5.8 14.7l6.2 6.3 6.2-6.3c.2-.2.3-.5.3-.7s-.1-.5-.3-.7c-.2-.2-.4-.3-.7-.3h-11c-.3 0-.5.1-.7.3-.2.2-.3.5-.3.7s.1.5.3.7z\"\/><\/svg><\/span><\/span><\/span><\/a><\/span><\/div>\n<nav><ul class='ez-toc-list ez-toc-list-level-1 ' ><li class='ez-toc-page-1 ez-toc-heading-level-2'><a class=\"ez-toc-link ez-toc-heading-1\" href=\"https:\/\/www.euncet.com\/blog\/es\/digital-open-day-reinventando-las-jornadas-de-puertas-abiertas\/#Digital_Open_Day\" >Digital Open Day<\/a><ul class='ez-toc-list-level-3' ><li class='ez-toc-heading-level-3'><a class=\"ez-toc-link ez-toc-heading-2\" href=\"https:\/\/www.euncet.com\/blog\/es\/digital-open-day-reinventando-las-jornadas-de-puertas-abiertas\/#Grados_universitarios_presenciales\" >Grados universitarios presenciales<\/a><\/li><li class='ez-toc-page-1 ez-toc-heading-level-3'><a class=\"ez-toc-link ez-toc-heading-3\" href=\"https:\/\/www.euncet.com\/blog\/es\/digital-open-day-reinventando-las-jornadas-de-puertas-abiertas\/#Grado_en_Ciencias_Aplicadas_al_Deporte_y_al_Acondicionamiento_Fisico_CTEF\" >Grado en Ciencias Aplicadas al Deporte y al Acondicionamiento F\u00edsico (CTEF)<\/a><\/li><li class='ez-toc-page-1 ez-toc-heading-level-3'><a class=\"ez-toc-link ez-toc-heading-4\" href=\"https:\/\/www.euncet.com\/blog\/es\/digital-open-day-reinventando-las-jornadas-de-puertas-abiertas\/#Grados_universitarios_semipresenciales\" >Grados universitarios semipresenciales<\/a><\/li><\/ul><\/li><\/ul><\/nav><\/div>\n\r\n\r\n\r\n\r\n<p>En esta apuesta por la educaci\u00f3n continua y de calidad, desde <strong>Euncet Business School<\/strong> se habilitar\u00e1 el acceso a una plataforma donde poder realizar el encuentro virtual con nuestros asesores y en la que, adem\u00e1s, los aspirantes tendr\u00e1n la oportunidad de contactar con alumnos del centro para conocer de primera mano su experiencia.\u00a0<\/p>\r\n\r\n\r\n\r\n<h2 class=\"wp-block-heading\"><span class=\"ez-toc-section\" id=\"Digital_Open_Day\"><\/span>Digital Open Day<span class=\"ez-toc-section-end\"><\/span><\/h2>\r\n\r\n\r\n\r\n<h3 class=\"wp-block-heading\"><span class=\"ez-toc-section\" id=\"Grados_universitarios_presenciales\"><\/span>Grados universitarios presenciales<span class=\"ez-toc-section-end\"><\/span><\/h3>\r\n\r\n\r\n\r\n<p>Una de estas jornadas abiertas informar\u00e1 sobre los grados universitarios presenciales: <strong><a href=\"https:\/\/www.euncet.com\/es\/grados\/grado-administracion-y-direccion-de-empresas\/\" target=\"_blank\" rel=\"noreferrer noopener\">Grado en Administraci\u00f3n y Direcci\u00f3n de Empresas<\/a><\/strong>, <strong><a href=\"https:\/\/www.euncet.com\/es\/grados\/grado-marketing-y-comunicacion-digital\/\" target=\"_blank\" rel=\"noreferrer noopener\">Grado en Marketing y Comunicaci\u00f3n Digital<\/a><\/strong>, as\u00ed como para la <strong><a href=\"https:\/\/www.euncet.es\/es\/grados\/doble-grado-ade-y-mkt\/presencial\" target=\"_blank\" rel=\"noreferrer noopener\">doble titulaci\u00f3n<\/a><\/strong> que combina ambas formaciones. Los asistentes podr\u00e1n conocer en profundidad sus planes de estudios, as\u00ed como resolver cualquier duda sobre la metodolog\u00eda y pr\u00e1cticas.\u00a0\u00a0<\/p>\r\n\r\n\r\n\r\n<blockquote class=\"wp-block-quote is-layout-flow wp-block-quote-is-layout-flow\">\r\n<p><strong><a href=\"https:\/\/www.euncet.com\/es\/campus\/eventos\/jornada-de-puertas-abiertas\" target=\"_blank\" rel=\"noreferrer noopener\">Ap\u00fantate<\/a><\/strong><\/p>\r\n<\/blockquote>\r\n\r\n\r\n\r\n<h3 class=\"wp-block-heading\"><span class=\"ez-toc-section\" id=\"Grado_en_Ciencias_Aplicadas_al_Deporte_y_al_Acondicionamiento_Fisico_CTEF\"><\/span>Grado en Ciencias Aplicadas al Deporte y al Acondicionamiento F\u00edsico (CTEF)<span class=\"ez-toc-section-end\"><\/span><\/h3>\r\n\r\n\r\n\r\n<p>Adem\u00e1s de los grados en management y marketing, la Euncet Business School tiene un grado \u00fanico y pionero en Catalu\u00f1a y Espa\u00f1a que combina innovaci\u00f3n, deporte y management: el <strong><a href=\"https:\/\/www.euncet.com\/es\/grados\/ciencias-y-tecnologias-aplicadas-al-deporte-y-al-acondicionamiento-fisico\/\" target=\"_blank\" rel=\"noreferrer noopener\">Grado en Ciencias Aplicadas al Deporte y al Acondicionamiento F\u00edsico (CTEF)<\/a><\/strong>. Esta formaci\u00f3n se lleva impartiendo desde <strong><a href=\"https:\/\/blog.euncet.com\/presentacio-nou-grau-ciencies-tecnologies-aplicades-esport-fitnes\/\" target=\"_blank\" rel=\"noreferrer noopener\">hace dos a\u00f1os<\/a><\/strong> gracias a la colaboraci\u00f3n con sus socios: Leitat, la Uni\u00f3 de Federacions Esportives de Catalunya y Eurofitness.<\/p>\r\n\r\n\r\n\r\n<blockquote class=\"wp-block-quote is-layout-flow wp-block-quote-is-layout-flow\">\r\n<p><strong><a href=\"https:\/\/www.euncet.com\/es\/campus\/eventos\/jornada-de-puertas-abiertas\" target=\"_blank\" rel=\"noreferrer noopener\">Ap\u00fantate<\/a><\/strong><\/p>\r\n<\/blockquote>\r\n\r\n\r\n\r\n<h3 class=\"wp-block-heading\"><span class=\"ez-toc-section\" id=\"Grados_universitarios_semipresenciales\"><\/span>Grados universitarios semipresenciales<span class=\"ez-toc-section-end\"><\/span><\/h3>\r\n\r\n\r\n\r\n<p>Con la m\u00e1xima de acercar el conocimiento ayudando a la conciliaci\u00f3n, desde la Euncet Business School tambi\u00e9n se pueden cursar grados universitarios de forma semipresencial. Y es que, tanto el <strong><a href=\"https:\/\/www.euncet.es\/es\/grados\/administraci%C3%B3n-y-direccion-de-empresas\/semipresencial\" target=\"_blank\" rel=\"noreferrer noopener\">Grado en Administraci\u00f3n y Direcci\u00f3n de Empresas<\/a><\/strong>, como el<strong><a href=\"https:\/\/www.euncet.es\/es\/grados\/marketing-y-comunicacion-digital\/semipresencial\" target=\"_blank\" rel=\"noreferrer noopener\"> Grado en Marketing y Comunicaci\u00f3n Digital<\/a><\/strong> disponen de la modalidad semipresencial. Con una asistencia de tres tardes a la semana, los estudiantes pueden realizar en cuatro a\u00f1os una de estas formaciones, a la vez que trabajan. En la jornada de puertas abiertas podr\u00e1n conocer m\u00e1s sobre su gu\u00eda docente, as\u00ed como las facilidades que ofrece el centro universitario para conciliar estudios con trabajo.\u00a0<\/p>\r\n\r\n\r\n\r\n<blockquote class=\"wp-block-quote is-layout-flow wp-block-quote-is-layout-flow\">\r\n<p><strong><a href=\"https:\/\/www.euncet.com\/es\/campus\/eventos\/jornada-de-puertas-abiertas\" target=\"_blank\" rel=\"noreferrer noopener\">Ap\u00fantate<\/a><\/strong><\/p>\r\n<\/blockquote>\r\n","protected":false},"excerpt":{"rendered":"<p>El pr\u00f3ximo 24 de abril la Euncet Business School acercar\u00e1 su oferta formativa a los futuros estudiantes con los Digital OPEN DAY de Grados. <\/p>\n","protected":false},"author":28,"featured_media":53002,"comment_status":"closed","ping_status":"open","sticky":false,"template":"","format":"standard","meta":{"_acf_changed":false,"footnotes":""},"categories":[301,291],"tags":[415,322],"class_list":["post-43628","post","type-post","status-publish","format-standard","has-post-thumbnail","hentry","category-campus-euncet","category-comunidad-euncet","tag-coronavirus","tag-open-day"],"acf":[],"yoast_head":"<!-- This site is optimized with the Yoast SEO plugin v27.4 - https:\/\/yoast.com\/product\/yoast-seo-wordpress\/ -->\n<title>Digital OPEN DAY: las jornadas de puertas abiertas | Euncet<\/title>\n<meta name=\"description\" content=\"El 24 de abril vuelven los OPEN DAY de grados de la Euncet Busines School, ahora de forma virtual. \u00a1Asiste a los Digital OPEN DAY y construye tu futuro!\" \/>\n<meta name=\"robots\" content=\"index, follow, max-snippet:-1, max-image-preview:large, max-video-preview:-1\" \/>\n<link rel=\"canonical\" href=\"https:\/\/www.euncet.com\/blog\/es\/digital-open-day-reinventando-las-jornadas-de-puertas-abiertas\/\" \/>\n<meta property=\"og:locale\" content=\"es_ES\" \/>\n<meta property=\"og:type\" content=\"article\" \/>\n<meta property=\"og:title\" content=\"Digital OPEN DAY: las jornadas de puertas abiertas | Euncet\" \/>\n<meta property=\"og:description\" content=\"El 24 de abril vuelven los OPEN DAY de grados de la Euncet Busines School, ahora de forma virtual. \u00a1Asiste a los Digital OPEN DAY y construye tu futuro!\" \/>\n<meta property=\"og:url\" content=\"https:\/\/www.euncet.com\/blog\/es\/digital-open-day-reinventando-las-jornadas-de-puertas-abiertas\/\" \/>\n<meta property=\"og:site_name\" content=\"Euncet Business School\" \/>\n<meta property=\"article:publisher\" content=\"https:\/\/www.facebook.com\/euncet\" \/>\n<meta property=\"article:published_time\" content=\"2020-04-15T11:21:34+00:00\" \/>\n<meta property=\"article:modified_time\" content=\"2023-09-05T14:11:58+00:00\" \/>\n<meta property=\"og:image\" content=\"https:\/\/www.euncet.com\/blog\/wp-content\/uploads\/2020\/04\/digitalopenday.gif\" \/>\n\t<meta property=\"og:image:width\" content=\"560\" \/>\n\t<meta property=\"og:image:height\" content=\"416\" \/>\n\t<meta property=\"og:image:type\" content=\"image\/gif\" \/>\n<meta name=\"author\" content=\"euncet\" \/>\n<meta name=\"twitter:card\" content=\"summary_large_image\" \/>\n<meta name=\"twitter:creator\" content=\"@euncet\" \/>\n<meta name=\"twitter:site\" content=\"@euncet\" \/>\n<meta name=\"twitter:label1\" content=\"Escrito por\" \/>\n\t<meta name=\"twitter:data1\" content=\"euncet\" \/>\n\t<meta name=\"twitter:label2\" content=\"Tiempo de lectura\" \/>\n\t<meta name=\"twitter:data2\" content=\"2 minutos\" \/>\n<script type=\"application\/ld+json\" class=\"yoast-schema-graph\">{\"@context\":\"https:\\\/\\\/schema.org\",\"@graph\":[{\"@type\":\"Article\",\"@id\":\"https:\\\/\\\/www.euncet.com\\\/blog\\\/es\\\/digital-open-day-reinventando-las-jornadas-de-puertas-abiertas\\\/#article\",\"isPartOf\":{\"@id\":\"https:\\\/\\\/www.euncet.com\\\/blog\\\/es\\\/digital-open-day-reinventando-las-jornadas-de-puertas-abiertas\\\/\"},\"author\":{\"name\":\"euncet\",\"@id\":\"https:\\\/\\\/www.euncet.com\\\/blog\\\/es\\\/#\\\/schema\\\/person\\\/8253e592273eb1f7a48788902ca03268\"},\"headline\":\"Digital OPEN DAY, reinventando las jornadas de puertas abiertas\",\"datePublished\":\"2020-04-15T11:21:34+00:00\",\"dateModified\":\"2023-09-05T14:11:58+00:00\",\"mainEntityOfPage\":{\"@id\":\"https:\\\/\\\/www.euncet.com\\\/blog\\\/es\\\/digital-open-day-reinventando-las-jornadas-de-puertas-abiertas\\\/\"},\"wordCount\":391,\"image\":{\"@id\":\"https:\\\/\\\/www.euncet.com\\\/blog\\\/es\\\/digital-open-day-reinventando-las-jornadas-de-puertas-abiertas\\\/#primaryimage\"},\"thumbnailUrl\":\"https:\\\/\\\/www.euncet.com\\\/blog\\\/wp-content\\\/uploads\\\/2020\\\/04\\\/digitalopenday.gif\",\"keywords\":[\"coronavirus\",\"Open DAY\"],\"articleSection\":[\"Campus: conoce m\u00e1s a Euncet\",\"Comunidad Euncet\"],\"inLanguage\":\"es\"},{\"@type\":\"WebPage\",\"@id\":\"https:\\\/\\\/www.euncet.com\\\/blog\\\/es\\\/digital-open-day-reinventando-las-jornadas-de-puertas-abiertas\\\/\",\"url\":\"https:\\\/\\\/www.euncet.com\\\/blog\\\/es\\\/digital-open-day-reinventando-las-jornadas-de-puertas-abiertas\\\/\",\"name\":\"Digital OPEN DAY: las jornadas de puertas abiertas | Euncet\",\"isPartOf\":{\"@id\":\"https:\\\/\\\/www.euncet.com\\\/blog\\\/es\\\/#website\"},\"primaryImageOfPage\":{\"@id\":\"https:\\\/\\\/www.euncet.com\\\/blog\\\/es\\\/digital-open-day-reinventando-las-jornadas-de-puertas-abiertas\\\/#primaryimage\"},\"image\":{\"@id\":\"https:\\\/\\\/www.euncet.com\\\/blog\\\/es\\\/digital-open-day-reinventando-las-jornadas-de-puertas-abiertas\\\/#primaryimage\"},\"thumbnailUrl\":\"https:\\\/\\\/www.euncet.com\\\/blog\\\/wp-content\\\/uploads\\\/2020\\\/04\\\/digitalopenday.gif\",\"datePublished\":\"2020-04-15T11:21:34+00:00\",\"dateModified\":\"2023-09-05T14:11:58+00:00\",\"author\":{\"@id\":\"https:\\\/\\\/www.euncet.com\\\/blog\\\/es\\\/#\\\/schema\\\/person\\\/8253e592273eb1f7a48788902ca03268\"},\"description\":\"El 24 de abril vuelven los OPEN DAY de grados de la Euncet Busines School, ahora de forma virtual. \u00a1Asiste a los Digital OPEN DAY y construye tu futuro!\",\"breadcrumb\":{\"@id\":\"https:\\\/\\\/www.euncet.com\\\/blog\\\/es\\\/digital-open-day-reinventando-las-jornadas-de-puertas-abiertas\\\/#breadcrumb\"},\"inLanguage\":\"es\",\"potentialAction\":[{\"@type\":\"ReadAction\",\"target\":[\"https:\\\/\\\/www.euncet.com\\\/blog\\\/es\\\/digital-open-day-reinventando-las-jornadas-de-puertas-abiertas\\\/\"]}]},{\"@type\":\"ImageObject\",\"inLanguage\":\"es\",\"@id\":\"https:\\\/\\\/www.euncet.com\\\/blog\\\/es\\\/digital-open-day-reinventando-las-jornadas-de-puertas-abiertas\\\/#primaryimage\",\"url\":\"https:\\\/\\\/www.euncet.com\\\/blog\\\/wp-content\\\/uploads\\\/2020\\\/04\\\/digitalopenday.gif\",\"contentUrl\":\"https:\\\/\\\/www.euncet.com\\\/blog\\\/wp-content\\\/uploads\\\/2020\\\/04\\\/digitalopenday.gif\",\"width\":560,\"height\":416},{\"@type\":\"BreadcrumbList\",\"@id\":\"https:\\\/\\\/www.euncet.com\\\/blog\\\/es\\\/digital-open-day-reinventando-las-jornadas-de-puertas-abiertas\\\/#breadcrumb\",\"itemListElement\":[{\"@type\":\"ListItem\",\"position\":1,\"name\":\"Portada\",\"item\":\"https:\\\/\\\/www.euncet.com\\\/blog\\\/es\\\/\"},{\"@type\":\"ListItem\",\"position\":2,\"name\":\"Digital OPEN DAY, reinventando las jornadas de puertas abiertas\"}]},{\"@type\":\"WebSite\",\"@id\":\"https:\\\/\\\/www.euncet.com\\\/blog\\\/es\\\/#website\",\"url\":\"https:\\\/\\\/www.euncet.com\\\/blog\\\/es\\\/\",\"name\":\"Euncet Business School\",\"description\":\"Escuela de negocios\",\"potentialAction\":[{\"@type\":\"SearchAction\",\"target\":{\"@type\":\"EntryPoint\",\"urlTemplate\":\"https:\\\/\\\/www.euncet.com\\\/blog\\\/es\\\/?s={search_term_string}\"},\"query-input\":{\"@type\":\"PropertyValueSpecification\",\"valueRequired\":true,\"valueName\":\"search_term_string\"}}],\"inLanguage\":\"es\"},{\"@type\":\"Person\",\"@id\":\"https:\\\/\\\/www.euncet.com\\\/blog\\\/es\\\/#\\\/schema\\\/person\\\/8253e592273eb1f7a48788902ca03268\",\"name\":\"euncet\",\"image\":{\"@type\":\"ImageObject\",\"inLanguage\":\"es\",\"@id\":\"https:\\\/\\\/secure.gravatar.com\\\/avatar\\\/ee2ce5f049e82b74bcc6b8db4c5e9c717e35544f3cde91d14a3daa9827fe21f0?s=96&d=mm&r=g\",\"url\":\"https:\\\/\\\/secure.gravatar.com\\\/avatar\\\/ee2ce5f049e82b74bcc6b8db4c5e9c717e35544f3cde91d14a3daa9827fe21f0?s=96&d=mm&r=g\",\"contentUrl\":\"https:\\\/\\\/secure.gravatar.com\\\/avatar\\\/ee2ce5f049e82b74bcc6b8db4c5e9c717e35544f3cde91d14a3daa9827fe21f0?s=96&d=mm&r=g\",\"caption\":\"euncet\"},\"url\":\"https:\\\/\\\/www.euncet.com\\\/blog\\\/es\\\/author\\\/euncet\\\/\"}]}<\/script>\n<!-- \/ Yoast SEO plugin. -->","yoast_head_json":{"title":"Digital OPEN DAY: las jornadas de puertas abiertas | Euncet","description":"El 24 de abril vuelven los OPEN DAY de grados de la Euncet Busines School, ahora de forma virtual. \u00a1Asiste a los Digital OPEN DAY y construye tu futuro!","robots":{"index":"index","follow":"follow","max-snippet":"max-snippet:-1","max-image-preview":"max-image-preview:large","max-video-preview":"max-video-preview:-1"},"canonical":"https:\/\/www.euncet.com\/blog\/es\/digital-open-day-reinventando-las-jornadas-de-puertas-abiertas\/","og_locale":"es_ES","og_type":"article","og_title":"Digital OPEN DAY: las jornadas de puertas abiertas | Euncet","og_description":"El 24 de abril vuelven los OPEN DAY de grados de la Euncet Busines School, ahora de forma virtual. \u00a1Asiste a los Digital OPEN DAY y construye tu futuro!","og_url":"https:\/\/www.euncet.com\/blog\/es\/digital-open-day-reinventando-las-jornadas-de-puertas-abiertas\/","og_site_name":"Euncet Business School","article_publisher":"https:\/\/www.facebook.com\/euncet","article_published_time":"2020-04-15T11:21:34+00:00","article_modified_time":"2023-09-05T14:11:58+00:00","og_image":[{"width":560,"height":416,"url":"https:\/\/www.euncet.com\/blog\/wp-content\/uploads\/2020\/04\/digitalopenday.gif","type":"image\/gif"}],"author":"euncet","twitter_card":"summary_large_image","twitter_creator":"@euncet","twitter_site":"@euncet","twitter_misc":{"Escrito por":"euncet","Tiempo de lectura":"2 minutos"},"schema":{"@context":"https:\/\/schema.org","@graph":[{"@type":"Article","@id":"https:\/\/www.euncet.com\/blog\/es\/digital-open-day-reinventando-las-jornadas-de-puertas-abiertas\/#article","isPartOf":{"@id":"https:\/\/www.euncet.com\/blog\/es\/digital-open-day-reinventando-las-jornadas-de-puertas-abiertas\/"},"author":{"name":"euncet","@id":"https:\/\/www.euncet.com\/blog\/es\/#\/schema\/person\/8253e592273eb1f7a48788902ca03268"},"headline":"Digital OPEN DAY, reinventando las jornadas de puertas abiertas","datePublished":"2020-04-15T11:21:34+00:00","dateModified":"2023-09-05T14:11:58+00:00","mainEntityOfPage":{"@id":"https:\/\/www.euncet.com\/blog\/es\/digital-open-day-reinventando-las-jornadas-de-puertas-abiertas\/"},"wordCount":391,"image":{"@id":"https:\/\/www.euncet.com\/blog\/es\/digital-open-day-reinventando-las-jornadas-de-puertas-abiertas\/#primaryimage"},"thumbnailUrl":"https:\/\/www.euncet.com\/blog\/wp-content\/uploads\/2020\/04\/digitalopenday.gif","keywords":["coronavirus","Open DAY"],"articleSection":["Campus: conoce m\u00e1s a Euncet","Comunidad Euncet"],"inLanguage":"es"},{"@type":"WebPage","@id":"https:\/\/www.euncet.com\/blog\/es\/digital-open-day-reinventando-las-jornadas-de-puertas-abiertas\/","url":"https:\/\/www.euncet.com\/blog\/es\/digital-open-day-reinventando-las-jornadas-de-puertas-abiertas\/","name":"Digital OPEN DAY: las jornadas de puertas abiertas | Euncet","isPartOf":{"@id":"https:\/\/www.euncet.com\/blog\/es\/#website"},"primaryImageOfPage":{"@id":"https:\/\/www.euncet.com\/blog\/es\/digital-open-day-reinventando-las-jornadas-de-puertas-abiertas\/#primaryimage"},"image":{"@id":"https:\/\/www.euncet.com\/blog\/es\/digital-open-day-reinventando-las-jornadas-de-puertas-abiertas\/#primaryimage"},"thumbnailUrl":"https:\/\/www.euncet.com\/blog\/wp-content\/uploads\/2020\/04\/digitalopenday.gif","datePublished":"2020-04-15T11:21:34+00:00","dateModified":"2023-09-05T14:11:58+00:00","author":{"@id":"https:\/\/www.euncet.com\/blog\/es\/#\/schema\/person\/8253e592273eb1f7a48788902ca03268"},"description":"El 24 de abril vuelven los OPEN DAY de grados de la Euncet Busines School, ahora de forma virtual. \u00a1Asiste a los Digital OPEN DAY y construye tu futuro!","breadcrumb":{"@id":"https:\/\/www.euncet.com\/blog\/es\/digital-open-day-reinventando-las-jornadas-de-puertas-abiertas\/#breadcrumb"},"inLanguage":"es","potentialAction":[{"@type":"ReadAction","target":["https:\/\/www.euncet.com\/blog\/es\/digital-open-day-reinventando-las-jornadas-de-puertas-abiertas\/"]}]},{"@type":"ImageObject","inLanguage":"es","@id":"https:\/\/www.euncet.com\/blog\/es\/digital-open-day-reinventando-las-jornadas-de-puertas-abiertas\/#primaryimage","url":"https:\/\/www.euncet.com\/blog\/wp-content\/uploads\/2020\/04\/digitalopenday.gif","contentUrl":"https:\/\/www.euncet.com\/blog\/wp-content\/uploads\/2020\/04\/digitalopenday.gif","width":560,"height":416},{"@type":"BreadcrumbList","@id":"https:\/\/www.euncet.com\/blog\/es\/digital-open-day-reinventando-las-jornadas-de-puertas-abiertas\/#breadcrumb","itemListElement":[{"@type":"ListItem","position":1,"name":"Portada","item":"https:\/\/www.euncet.com\/blog\/es\/"},{"@type":"ListItem","position":2,"name":"Digital OPEN DAY, reinventando las jornadas de puertas abiertas"}]},{"@type":"WebSite","@id":"https:\/\/www.euncet.com\/blog\/es\/#website","url":"https:\/\/www.euncet.com\/blog\/es\/","name":"Euncet Business School","description":"Escuela de negocios","potentialAction":[{"@type":"SearchAction","target":{"@type":"EntryPoint","urlTemplate":"https:\/\/www.euncet.com\/blog\/es\/?s={search_term_string}"},"query-input":{"@type":"PropertyValueSpecification","valueRequired":true,"valueName":"search_term_string"}}],"inLanguage":"es"},{"@type":"Person","@id":"https:\/\/www.euncet.com\/blog\/es\/#\/schema\/person\/8253e592273eb1f7a48788902ca03268","name":"euncet","image":{"@type":"ImageObject","inLanguage":"es","@id":"https:\/\/secure.gravatar.com\/avatar\/ee2ce5f049e82b74bcc6b8db4c5e9c717e35544f3cde91d14a3daa9827fe21f0?s=96&d=mm&r=g","url":"https:\/\/secure.gravatar.com\/avatar\/ee2ce5f049e82b74bcc6b8db4c5e9c717e35544f3cde91d14a3daa9827fe21f0?s=96&d=mm&r=g","contentUrl":"https:\/\/secure.gravatar.com\/avatar\/ee2ce5f049e82b74bcc6b8db4c5e9c717e35544f3cde91d14a3daa9827fe21f0?s=96&d=mm&r=g","caption":"euncet"},"url":"https:\/\/www.euncet.com\/blog\/es\/author\/euncet\/"}]}},"_links":{"self":[{"href":"https:\/\/www.euncet.com\/blog\/es\/wp-json\/wp\/v2\/posts\/43628","targetHints":{"allow":["GET"]}}],"collection":[{"href":"https:\/\/www.euncet.com\/blog\/es\/wp-json\/wp\/v2\/posts"}],"about":[{"href":"https:\/\/www.euncet.com\/blog\/es\/wp-json\/wp\/v2\/types\/post"}],"author":[{"embeddable":true,"href":"https:\/\/www.euncet.com\/blog\/es\/wp-json\/wp\/v2\/users\/28"}],"replies":[{"embeddable":true,"href":"https:\/\/www.euncet.com\/blog\/es\/wp-json\/wp\/v2\/comments?post=43628"}],"version-history":[{"count":0,"href":"https:\/\/www.euncet.com\/blog\/es\/wp-json\/wp\/v2\/posts\/43628\/revisions"}],"wp:featuredmedia":[{"embeddable":true,"href":"https:\/\/www.euncet.com\/blog\/es\/wp-json\/wp\/v2\/media\/53002"}],"wp:attachment":[{"href":"https:\/\/www.euncet.com\/blog\/es\/wp-json\/wp\/v2\/media?parent=43628"}],"wp:term":[{"taxonomy":"category","embeddable":true,"href":"https:\/\/www.euncet.com\/blog\/es\/wp-json\/wp\/v2\/categories?post=43628"},{"taxonomy":"post_tag","embeddable":true,"href":"https:\/\/www.euncet.com\/blog\/es\/wp-json\/wp\/v2\/tags?post=43628"}],"curies":[{"name":"wp","href":"https:\/\/api.w.org\/{rel}","templated":true}]}}