{"id":43872,"date":"2020-05-04T10:22:59","date_gmt":"2020-05-04T08:22:59","guid":{"rendered":"http:\/\/blog.euncet.com\/?p=43872"},"modified":"2023-09-18T12:56:58","modified_gmt":"2023-09-18T10:56:58","slug":"marketing-digital-webinar","status":"publish","type":"post","link":"https:\/\/www.euncet.com\/blog\/es\/marketing-digital-webinar\/","title":{"rendered":"Marketing digital efectivo en tiempos dif\u00edciles, webinar a cargo de Carles Argem\u00ed"},"content":{"rendered":"\r\n<div class=\"wp-block-media-text is-stacked-on-mobile alignwide\" style=\"grid-template-columns: 27% auto;\">\r\n<figure class=\"wp-block-media-text__media\"><img fetchpriority=\"high\" decoding=\"async\" width=\"500\" height=\"500\" class=\"wp-image-43873 size-full\" src=\"https:\/\/blog.euncet.com\/wp-content\/uploads\/2020\/04\/CarlesArgem\u00ed_bn.jpg\" alt=\"Carles Aregem\u00ed presenta el webinar Marketing digital efectivo en tiempos dif\u00edciles\" srcset=\"https:\/\/www.euncet.com\/blog\/wp-content\/uploads\/2020\/04\/CarlesArgem\u00ed_bn.jpg 500w, https:\/\/www.euncet.com\/blog\/wp-content\/uploads\/2020\/04\/CarlesArgem\u00ed_bn-300x300.jpg 300w, https:\/\/www.euncet.com\/blog\/wp-content\/uploads\/2020\/04\/CarlesArgem\u00ed_bn-80x80.jpg 80w, https:\/\/www.euncet.com\/blog\/wp-content\/uploads\/2020\/04\/CarlesArgem\u00ed_bn-36x36.jpg 36w, https:\/\/www.euncet.com\/blog\/wp-content\/uploads\/2020\/04\/CarlesArgem\u00ed_bn-180x180.jpg 180w, https:\/\/www.euncet.com\/blog\/wp-content\/uploads\/2020\/04\/CarlesArgem\u00ed_bn-120x120.jpg 120w, https:\/\/www.euncet.com\/blog\/wp-content\/uploads\/2020\/04\/CarlesArgem\u00ed_bn-450x450.jpg 450w\" sizes=\"(max-width: 500px) 100vw, 500px\" \/><\/figure>\r\n<div class=\"wp-block-media-text__content\">\r\n<p><a href=\"https:\/\/es.linkedin.com\/in\/carlosargemimarketingdigital\" target=\"_blank\" rel=\"noopener noreferrer\"><strong>Carles Argem\u00ed<\/strong><\/a>, profesor del <strong><a href=\"https:\/\/www.euncet.es\/es\/grados\/marketing-y-comunicacion-digital\/presencial\" target=\"_blank\" rel=\"noopener noreferrer\"><strong>Grado en Marketing y Comunicaci\u00f3n Digital<\/strong><\/a>, del <a href=\"https:\/\/www.euncet.es\/es\/executive-master-direccion-comercial-marketing\" target=\"_blank\" rel=\"noopener noreferrer\"><strong>Executive Master en Direcci\u00f3n Comercial &amp; Marketing<\/strong><\/a><\/strong> y del <strong><a href=\"https:\/\/www.euncet.es\/es\/masters\/direccion-de-marketing\" target=\"_blank\" rel=\"noopener noreferrer\"><strong>M\u00e1ster Universitario en Direcci\u00f3n de Marketing<\/strong><\/a> <\/strong>de Euncet Business School, ha sido el encargado de presentar el webinar \u00ab<strong>Marketing digital efectivo en tiempos dif\u00edciles<\/strong>\u201d. Argem\u00ed es tambi\u00e9n emprendedor de varios negocios online como <a href=\"https:\/\/www.testamenta.es\/\" target=\"_blank\" rel=\"noopener noreferrer\"><strong>Testamenta<\/strong><\/a>, <a href=\"https:\/\/contenidosclick.es\/\" target=\"_blank\" rel=\"noopener noreferrer\"><strong>contenidos Click<\/strong><\/a>, <a href=\"https:\/\/www.zankyou.es\/advisory\/boda-ante-notario\/\" target=\"_blank\" rel=\"noopener noreferrer\">Zankyou Tr\u00e1mites de Boda<\/a>, <strong><a href=\"https:\/\/portalcreditos.es\" target=\"_blank\" rel=\"noopener noreferrer\">Portal Cr\u00e9ditos<\/a><\/strong>, <a href=\"https:\/\/maquiclick.com\/\" target=\"_blank\" rel=\"noopener noreferrer\"><strong>Maquiclick<\/strong> <\/a>y <a href=\"http:\/\/faunatek\" target=\"_blank\" rel=\"noopener noreferrer\"><strong>Faunatek<\/strong><\/a>; as\u00ed como consultor de empresas tradicionales y Start Up.<\/p><div id=\"ez-toc-container\" class=\"ez-toc-v2_0_82_2 counter-hierarchy ez-toc-counter ez-toc-custom ez-toc-container-direction\">\n<div class=\"ez-toc-title-container\">\n<p class=\"ez-toc-title\" style=\"cursor:inherit\">\u00cdNDICE DE CONTENIDOS<\/p>\n<span class=\"ez-toc-title-toggle\"><a href=\"#\" class=\"ez-toc-pull-right ez-toc-btn ez-toc-btn-xs ez-toc-btn-default ez-toc-toggle\" aria-label=\"Alternar tabla de contenidos\"><span class=\"ez-toc-js-icon-con\"><span class=\"\"><span class=\"eztoc-hide\" style=\"display:none;\">Toggle<\/span><span class=\"ez-toc-icon-toggle-span\"><svg style=\"fill: #222222;color:#222222\" xmlns=\"http:\/\/www.w3.org\/2000\/svg\" class=\"list-377408\" width=\"20px\" height=\"20px\" viewBox=\"0 0 24 24\" fill=\"none\"><path d=\"M6 6H4v2h2V6zm14 0H8v2h12V6zM4 11h2v2H4v-2zm16 0H8v2h12v-2zM4 16h2v2H4v-2zm16 0H8v2h12v-2z\" fill=\"currentColor\"><\/path><\/svg><svg style=\"fill: #222222;color:#222222\" class=\"arrow-unsorted-368013\" xmlns=\"http:\/\/www.w3.org\/2000\/svg\" width=\"10px\" height=\"10px\" viewBox=\"0 0 24 24\" version=\"1.2\" baseProfile=\"tiny\"><path d=\"M18.2 9.3l-6.2-6.3-6.2 6.3c-.2.2-.3.4-.3.7s.1.5.3.7c.2.2.4.3.7.3h11c.3 0 .5-.1.7-.3.2-.2.3-.5.3-.7s-.1-.5-.3-.7zM5.8 14.7l6.2 6.3 6.2-6.3c.2-.2.3-.5.3-.7s-.1-.5-.3-.7c-.2-.2-.4-.3-.7-.3h-11c-.3 0-.5.1-.7.3-.2.2-.3.5-.3.7s.1.5.3.7z\"\/><\/svg><\/span><\/span><\/span><\/a><\/span><\/div>\n<nav><ul class='ez-toc-list ez-toc-list-level-1 ' ><li class='ez-toc-page-1 ez-toc-heading-level-2'><a class=\"ez-toc-link ez-toc-heading-1\" href=\"https:\/\/www.euncet.com\/blog\/es\/marketing-digital-webinar\/#COVID-19_efectos_y_consecuencias_en_los_internautas\" >COVID-19, efectos y consecuencias en los internautas<\/a><\/li><\/ul><\/nav><\/div>\n\r\n<p>Gracias a <a href=\"https:\/\/ufec.cat\/academy\/\" target=\"_blank\" rel=\"noopener noreferrer\"><strong>UFEC Academy<\/strong><\/a>, y en colaboraci\u00f3n con <strong>Euncet Business School, Foment Formaci\u00f3<\/strong> y <strong>Foment Treball<\/strong>, esta es la s\u00e9ptima entrega de la <a href=\"https:\/\/www.euncet.es\/es\/campus\/eventos\/webinars\" target=\"_blank\" rel=\"noopener noreferrer\"><strong>serie de webinars<\/strong><\/a> que se est\u00e1n ofreciendo sobre \u00e1reas de inter\u00e9s y actualidad para la comunidad de Euncet.<\/p>\r\n<\/div>\r\n<\/div>\r\n<!-- \/wp:post-content -->\r\n<p>&nbsp;<\/p>\r\n<!-- wp:image {\"id\":43889,\"width\":839,\"height\":413,\"sizeSlug\":\"large\"} -->\r\n<figure class=\"wp-block-image size-large is-resized\"><img decoding=\"async\" class=\"wp-image-43889\" style=\"width: 839px; height: 413px;\" src=\"https:\/\/blog.euncet.com\/wp-content\/uploads\/2020\/05\/Marketing-digital-efectivo-en-tiempos-de-crisis-Carles-Argemi\u0301.png\" alt=\"Webinar Marketing digital efectivo en tiempos de crisis Carles Argemi\u0301\" width=\"839\" height=\"413\" srcset=\"https:\/\/www.euncet.com\/blog\/wp-content\/uploads\/2020\/05\/Marketing-digital-efectivo-en-tiempos-de-crisis-Carles-Argemi\u0301.png 636w, https:\/\/www.euncet.com\/blog\/wp-content\/uploads\/2020\/05\/Marketing-digital-efectivo-en-tiempos-de-crisis-Carles-Argemi\u0301-300x148.png 300w, https:\/\/www.euncet.com\/blog\/wp-content\/uploads\/2020\/05\/Marketing-digital-efectivo-en-tiempos-de-crisis-Carles-Argemi\u0301-80x39.png 80w, https:\/\/www.euncet.com\/blog\/wp-content\/uploads\/2020\/05\/Marketing-digital-efectivo-en-tiempos-de-crisis-Carles-Argemi\u0301-450x221.png 450w\" sizes=\"(max-width: 839px) 100vw, 839px\" \/><\/figure>\r\n<!-- \/wp:image -->\r\n\r\n<!-- wp:heading -->\r\n<h2 class=\"wp-block-heading\"><span class=\"ez-toc-section\" id=\"COVID-19_efectos_y_consecuencias_en_los_internautas\"><\/span>COVID-19, efectos y consecuencias en los internautas<span class=\"ez-toc-section-end\"><\/span><\/h2>\r\n<!-- \/wp:heading -->\r\n\r\n<!-- wp:paragraph -->\r\n<p>Si bien es cierto que con la crisis sanitaria por coronavirus la situaci\u00f3n es incierta en cualquier sector, el mundo del marketing digital no pod\u00eda ser menos. Y, pese a lo que a priori puede plantearse como un obst\u00e1culo, es realmente un desaf\u00edo y un mundo de oportunidades, si se sabe aprovechar.<\/p>\r\n<!-- \/wp:paragraph -->\r\n\r\n<!-- wp:paragraph -->\r\n<p>Muchas empresas y negocios offline han visto c\u00f3mo con esta pandemia su modelo empresarial se est\u00e1 quedando atr\u00e1s frente aquellos que hab\u00edan iniciado, o que ya ten\u00edan, un proceso de transformaci\u00f3n digital y de marketing online desarrollado e implementado.<\/p>\r\n<!-- \/wp:paragraph -->\r\n\r\n<!-- wp:paragraph -->\r\n<p>Ante esta situaci\u00f3n, para Argem\u00ed el foco de todo est\u00e1 en que \u201c<strong>es el momento para cuidar al cliente<\/strong>\u201d. Y, \u00bfqu\u00e9 quiere decir esto? Ante situaciones de crisis, hay que empatizar m\u00e1s y a\u00f1adir valor al servicio o producto, teniendo las necesidades del cliente como centro. \u201c<strong>No hay que vender, sino hacer que te compren<\/strong>\u201d.<\/p>\r\n<!-- \/wp:paragraph -->\r\n\r\n<!-- wp:heading {\"level\":3} -->\r\n<h3 class=\"wp-block-heading\"><strong>Nueva normalidad, nuevos h\u00e1bitos entre los usuarios<\/strong><\/h3>\r\n<!-- \/wp:heading -->\r\n\r\n<!-- wp:paragraph -->\r\n<p>Un nuevo h\u00e1bito que gran parte de la poblaci\u00f3n ha adquirido en estos tiempos es la de la reuni\u00f3n online. Pese a que era algo com\u00fan entre profesionales del sector, ahora se est\u00e1 masificando su uso. Ya sea con amigos, familia o compa\u00f1eros de trabajo y clientes. Es un escenario nuevo para muchos de ellos. Y es que, seg\u00fan una noticia publicada por el diario ABC, <a href=\"https:\/\/www.abc.es\/tecnologia\/redes\/abci-redes-sociales-espana-aumenta-55-por-ciento-pandemia-coronavirus-202003241257_noticia.html?ref=https%3A%2F%2Fwww.google.com%2F\" target=\"_blank\" rel=\"noopener noreferrer\"><strong>el uso de las redes sociales ha aumentado en un 55% durante la pandemia del coronavirus<\/strong><\/a>. Este nuevo escenario har\u00e1 que tu empresa deba estar preparado para adaptarse a \u00e9l, y as\u00ed hacerle frente.<\/p>\r\n<!-- \/wp:paragraph -->\r\n\r\n<!-- wp:paragraph -->\r\n<p>Para ello, ser\u00e1 fundamental averiguar qu\u00e9<strong> <a href=\"https:\/\/es.semrush.com\/blog\/pain-points-puntos-dolor-marketing-que-son\/\" target=\"_blank\" rel=\"noreferrer noopener\">paintpoints<\/a><\/strong>, a nivel empresa, son los que m\u00e1s les preocupa a los clientes y, a partir de ah\u00ed, ver si el negocio puede solucionar alguno de ellos.<\/p>\r\n<!-- \/wp:paragraph -->\r\n\r\n<!-- wp:paragraph -->\r\n<p>Es en este punto en el que conocer en qu\u00e9 generaci\u00f3n se encuentra nuestro cliente juega un papel fundamental para saber qu\u00e9 nuevos h\u00e1bitos han adquirido y mantendr\u00e1n tras la vuelta a la \u201cnueva normalidad\u201d.<\/p>\r\n<!-- \/wp:paragraph -->\r\n\r\n<!-- wp:paragraph -->\r\n<p>Estos h\u00e1bitos no son los mismos para todos y dependen de la generaci\u00f3n en que se encuentren tus clientes. As\u00ed pues, deber\u00e1s saber que generaciones de clientes tienes, conocer sus nuevos h\u00e1bitos y saber satisfacer aquellas nuevas necesidades y comportamientos que ha originado el confinamiento.<\/p>\r\n<!-- \/wp:paragraph -->\r\n\r\n<!-- wp:paragraph -->\r\n<p>As\u00ed distinguimos entre estos tipos de generaciones:<\/p>\r\n<!-- \/wp:paragraph -->\r\n\r\n<!-- wp:list -->\r\n<ul><!-- wp:list-item -->\r\n<li><strong>Generaci\u00f3n Z: Entre 16 y los 23 a\u00f1os.<\/strong><\/li>\r\n<!-- \/wp:list-item -->\r\n\r\n<!-- wp:list-item -->\r\n<li><strong>Generaci\u00f3n Y: Entre los 24 y 37 a\u00f1os.<\/strong><\/li>\r\n<!-- \/wp:list-item -->\r\n\r\n<!-- wp:list-item -->\r\n<li><strong>Generaci\u00f3n X: De los 38 a los 56 a\u00f1os<\/strong>.<\/li>\r\n<!-- \/wp:list-item -->\r\n\r\n<!-- wp:list-item -->\r\n<li><strong>Baby boomers: De los 57 a los 64 a\u00f1os.<\/strong><\/li>\r\n<!-- \/wp:list-item --><\/ul>\r\n<!-- \/wp:list -->\r\n\r\n<!-- wp:heading {\"level\":3} -->\r\n<h3 class=\"wp-block-heading\">H\u00e1bitos que han venido para quedarse<\/h3>\r\n<!-- \/wp:heading -->\r\n\r\n<!-- wp:paragraph -->\r\n<p>Escuchar m\u00fasica, buscar informaci\u00f3n sobre la COVID-19, descuentos de marcas, nuevas tendencias de moda son algunas de las b\u00fasquedas m\u00e1s habituales y comunes en todas las generaciones durante el confinamiento seg\u00fan el <strong><a href=\"https:\/\/www.globalwebindex.com\/hubfs\/1.%20Coronavirus%20Research%20PDFs\/GWI%20coronavirus%20findings%20April%202020%20-%20Media%20Consumption%20(Release%204).pdf\" target=\"_blank\" rel=\"noreferrer noopener\">estudio <\/a><\/strong>realizado por <strong><a href=\"https:\/\/www.globalwebindex.com\/\" target=\"_blank\" rel=\"noreferrer noopener\">Globalwebindex<\/a><\/strong>.<\/p>\r\n<!-- \/wp:paragraph -->\r\n\r\n<!-- wp:paragraph -->\r\n<p>Pero eso no es todo. Adem\u00e1s de ello, el consumo de v\u00eddeos sobre deporte y recetas de cocina, entre otras actividades, as\u00ed como la escucha de podcasts y lectura de ebooks son productos seguir\u00e1n en auge tras la pandemia, seg\u00fan el mismo estudio.<\/p>\r\n<!-- \/wp:paragraph -->\r\n\r\n<!-- wp:paragraph -->\r\n<p>A sabiendas de esta nueva situaci\u00f3n y de la demanda de tipos de contenidos las estrategias de marketing digital deber\u00e1n tener en cuenta incluirlas en sus planes de marketing.<\/p>\r\n<!-- \/wp:paragraph -->\r\n\r\n<!-- wp:heading {\"level\":3} -->\r\n<h3 class=\"wp-block-heading\">Nuevo escenario de oportunidades<\/h3>\r\n<!-- \/wp:heading -->\r\n\r\n<!-- wp:paragraph -->\r\n<p>Ante el constante goteo de informaci\u00f3n sobre todo lo relacionado con el coronavirus y sus efectos en la sociedad y en la econom\u00eda, existe una necesidad de recibir est\u00edmulos positivos. Los usuarios ya no quieren hablar m\u00e1s sobre la pandemia. Lo que ahora quieren son noticias positivas, quieren nuevos formatos de consumo y su prioridad no es el producto o el servicio si no su seguridad y la de sus familiares.<\/p>\r\n<!-- \/wp:paragraph -->\r\n\r\n<!-- wp:paragraph -->\r\n<p>Se abre en entonces un panorama de nuevas oportunidades que hay que satisfacer y una nueva situaci\u00f3n originada por el nuevo contexto:<\/p>\r\n<!-- \/wp:paragraph -->\r\n\r\n<!-- wp:list {\"ordered\":true,\"type\":\"1\"} -->\r\n<ol type=\"1\"><!-- wp:list-item -->\r\n<li>Habr\u00e1 una limpieza de actores del mismo sector que reaccionen m\u00e1s lentamente y sean m\u00e1s d\u00e9biles. Los competidores con estructuras poco potentes no podr\u00e1n hacer frente a la situaci\u00f3n y tendr\u00e1n que cesar su actividad dejando paso a las empresas que hayan reaccionado correctamente.<\/li>\r\n<!-- \/wp:list-item --><\/ol>\r\n<!-- \/wp:list -->\r\n\r\n<!-- wp:list {\"ordered\":true,\"type\":\"1\",\"start\":2} -->\r\n<ol start=\"2\" type=\"1\"><!-- wp:list-item -->\r\n<li>Es necesario, aprovechar el estado actual para trabajar en la transformaci\u00f3n global del negocio en base a la situaci\u00f3n existente y a lo que vendr\u00e1 con los nuevos h\u00e1bitos. Siempre pensando a corto plazo y estando atento a las reacciones y pivotaciones del mercado que van a ser frecuentes.<\/li>\r\n<!-- \/wp:list-item --><\/ol>\r\n<!-- \/wp:list -->\r\n\r\n<!-- wp:list {\"ordered\":true,\"type\":\"1\",\"start\":3} -->\r\n<ol start=\"3\" type=\"1\"><!-- wp:list-item -->\r\n<li>Reaccionar sin prisa, pero sin pausa. \u201cEn confinamiento cada semana debe ser mucho m\u00e1s que un mes\u201d, a\u00f1ade Argem\u00ed y hay que trabajar duro porqu\u00e9 estos d\u00edas son un regalo empresarial que nos puede hacer avanzar much\u00edsimo en nuestros prop\u00f3sitos.<\/li>\r\n<!-- \/wp:list-item --><\/ol>\r\n<!-- \/wp:list -->\r\n\r\n<!-- wp:list {\"ordered\":true,\"type\":\"1\",\"start\":4} -->\r\n<ol start=\"4\" type=\"1\"><!-- wp:list-item -->\r\n<li>Ha empezado la era del contenido de ventas sin desplazamiento. Hay empresas que invierten mucho en desplazamientos para visitas cortas. Es una buena oportunidad para cambiar la din\u00e1mica y potenciar el refuerzo positivo mediante premios o incentivos, si se consiguen cerrar ventas sin tener que visitar f\u00edsicamente al cliente.<\/li>\r\n<!-- \/wp:list-item --><\/ol>\r\n<!-- \/wp:list -->\r\n\r\n<!-- wp:list {\"ordered\":true,\"type\":\"1\",\"start\":5} -->\r\n<ol start=\"5\" type=\"1\"><!-- wp:list-item -->\r\n<li>Adaptar digitalmente el proceso de compra en tu negocio debe de ser uno de los focos como para estos d\u00edas ya que es muy probable que los procesos no vuelvan a ser los mismos que antes.<\/li>\r\n<!-- \/wp:list-item --><\/ol>\r\n<!-- \/wp:list -->\r\n\r\n<!-- wp:list {\"ordered\":true,\"type\":\"1\",\"start\":6} -->\r\n<ol start=\"6\" type=\"1\"><!-- wp:list-item -->\r\n<li>El cambio y adaptaci\u00f3n digital de los peque\u00f1os negocios va a ser un \u201cmust\u201d. Reinvenci\u00f3n con acciones de marketing digital efectivo, ayudado por profesionales para realizarlas.<\/li>\r\n<!-- \/wp:list-item --><\/ol>\r\n<!-- \/wp:list -->\r\n\r\n<!-- wp:list {\"ordered\":true,\"type\":\"1\",\"start\":7} -->\r\n<ol start=\"7\" type=\"1\"><!-- wp:list-item -->\r\n<li>Incorporar en la estrategia de ventas descuentos y promociones o simplemente peque\u00f1as actualizaciones de servicio prestando un poco m\u00e1s por lo mismo son t\u00e9cnicas a tener en cuenta para \u201cmimar\u201d al cliente.<\/li>\r\n<!-- \/wp:list-item --><\/ol>\r\n<!-- \/wp:list -->\r\n\r\n<!-- wp:list {\"ordered\":true,\"type\":\"1\",\"start\":8} -->\r\n<ol start=\"8\" type=\"1\"><!-- wp:list-item -->\r\n<li>Posicionar el negocio en los motores de b\u00fasqueda con las nuevas preguntas frecuentes que los usuarios est\u00e1n haciendo, c\u00f3mo \u201ces seguro jugar a p\u00e1del y no contaminarme\u201d y as\u00ed desmarcarse de la competencia potenciando los puntos fuertes de los servicios y productos y destacando el valor a\u00f1adido de la empresa no sobre el producto o servicio sino sobre la preocupaci\u00f3n de este sobre la salud y bienestar de su cliente.<\/li>\r\n<!-- \/wp:list-item --><\/ol>\r\n<!-- \/wp:list -->\r\n\r\n<!-- wp:list {\"ordered\":true,\"type\":\"1\",\"start\":9} -->\r\n<ol start=\"9\" type=\"1\"><!-- wp:list-item -->\r\n<li>En referencia a los <em>ecommerce<\/em>, no solo hay que pensar en la venta del producto. Con el confinamiento y las restricciones graduales por el coronavirus, ahora es una buena oportunidad para implementar la venta online de servicios a trav\u00e9s de plataformas online, una gestor\u00eda, un despacho de abogados un psic\u00f3logo&#8230;<\/li>\r\n<!-- \/wp:list-item --><\/ol>\r\n<!-- \/wp:list -->\r\n\r\n<!-- wp:list {\"ordered\":true,\"type\":\"1\",\"start\":10} -->\r\n<ol start=\"10\" type=\"1\"><!-- wp:list-item -->\r\n<li>Dominar <strong>Linkedin<\/strong> y potenciar la actividad de nuestra empresa y trabajadores va a ser imprescindible, ahora bien, hay que saber manejar correctamente esta red y no usarla para vender si no para que te compren. LinkedIn es un gran escaparate para mostrar contenido de calidad y de valor a los clientes potenciales y ayudarles con este si lo hacemos as\u00ed, vamos a conseguir posicionar el negocio en el <a href=\"https:\/\/es.wikipedia.org\/wiki\/Top_of_mind\"><strong>top of mind<\/strong><\/a> de los usuarios.<\/li>\r\n<!-- \/wp:list-item --><\/ol>\r\n<!-- \/wp:list -->\r\n\r\n<!-- wp:image {\"id\":43891,\"sizeSlug\":\"large\"} -->\r\n<figure class=\"wp-block-image size-large\"><img decoding=\"async\" width=\"1030\" height=\"580\" class=\"wp-image-43891 aligncenter\" src=\"https:\/\/blog.euncet.com\/wp-content\/uploads\/2020\/05\/Carles-Argemi\u0301-Empendedor-y-consultor-en-marketing-digital-internacional-1030x580.jpg\" alt=\"Carles argem\u00ed emprendedor y consultor de marketing digital\" srcset=\"https:\/\/www.euncet.com\/blog\/wp-content\/uploads\/2020\/05\/Carles-Argemi\u0301-Empendedor-y-consultor-en-marketing-digital-internacional-1030x580.jpg 1030w, https:\/\/www.euncet.com\/blog\/wp-content\/uploads\/2020\/05\/Carles-Argemi\u0301-Empendedor-y-consultor-en-marketing-digital-internacional-300x169.jpg 300w, https:\/\/www.euncet.com\/blog\/wp-content\/uploads\/2020\/05\/Carles-Argemi\u0301-Empendedor-y-consultor-en-marketing-digital-internacional-80x45.jpg 80w, https:\/\/www.euncet.com\/blog\/wp-content\/uploads\/2020\/05\/Carles-Argemi\u0301-Empendedor-y-consultor-en-marketing-digital-internacional-768x432.jpg 768w, https:\/\/www.euncet.com\/blog\/wp-content\/uploads\/2020\/05\/Carles-Argemi\u0301-Empendedor-y-consultor-en-marketing-digital-internacional-1536x865.jpg 1536w, https:\/\/www.euncet.com\/blog\/wp-content\/uploads\/2020\/05\/Carles-Argemi\u0301-Empendedor-y-consultor-en-marketing-digital-internacional-2048x1153.jpg 2048w, https:\/\/www.euncet.com\/blog\/wp-content\/uploads\/2020\/05\/Carles-Argemi\u0301-Empendedor-y-consultor-en-marketing-digital-internacional-1500x845.jpg 1500w, https:\/\/www.euncet.com\/blog\/wp-content\/uploads\/2020\/05\/Carles-Argemi\u0301-Empendedor-y-consultor-en-marketing-digital-internacional-705x397.jpg 705w, https:\/\/www.euncet.com\/blog\/wp-content\/uploads\/2020\/05\/Carles-Argemi\u0301-Empendedor-y-consultor-en-marketing-digital-internacional-450x253.jpg 450w\" sizes=\"(max-width: 1030px) 100vw, 1030px\" \/><\/figure>\r\n<!-- \/wp:image -->\r\n\r\n<!-- wp:paragraph -->\r\n<p>Durante la p\u00edldora formativa, el profesor <a href=\"https:\/\/consultoresmarketing.com\/\" target=\"_blank\" rel=\"noopener noreferrer\"><strong>Carles Argem\u00ed<\/strong><\/a>, ha repasado algunos de los nuevos h\u00e1bitos de consumo y nuevas oportunidades de negocio que est\u00e1 suponiendo la crisis sanitaria por coronavirus. Ahora, m\u00e1s que nunca, la transformaci\u00f3n digital e implementaci\u00f3n de una estrategia de marketing online efectiva ser\u00e1 el factor decisivo entre las empresas que sobrevivan o fracasen.<\/p>\r\n<p><iframe title=\"Webinar: Marketing digital efectivo en tiempos dif\u00edciles\" width=\"800\" height=\"600\" src=\"https:\/\/www.youtube.com\/embed\/ghsg45EBrnY?feature=oembed\" frameborder=\"0\" allow=\"accelerometer; autoplay; clipboard-write; encrypted-media; gyroscope; picture-in-picture; web-share\" referrerpolicy=\"strict-origin-when-cross-origin\" allowfullscreen><\/iframe><\/p>","protected":false},"excerpt":{"rendered":"<p>Con este webinar, a cargo de Carlos Argem\u00ed, se mostrar\u00e1 la importancia de conocer los h\u00e1bitos de los usuarios y de tener un plan de marketing efectivo.<\/p>\n","protected":false},"author":28,"featured_media":53009,"comment_status":"closed","ping_status":"closed","sticky":false,"template":"","format":"standard","meta":{"_acf_changed":false,"footnotes":""},"categories":[293,286],"tags":[415,318],"class_list":["post-43872","post","type-post","status-publish","format-standard","has-post-thumbnail","hentry","category-marketing-comunicacion-y-ventas","category-webinars","tag-coronavirus","tag-marketing-digital"],"acf":[],"yoast_head":"<!-- This site is optimized with the Yoast SEO plugin v27.5 - https:\/\/yoast.com\/product\/yoast-seo-wordpress\/ -->\n<title>[Webinar] Marketing digital efectivo en tiempos dif\u00edciles | Euncet<\/title>\n<meta name=\"description\" content=\"Carles Argem\u00ed, profesor de la Euncet Business School, ha sido el encargado de presentar el webinar &quot;Marketing digital efectivo en tiempos dif\u00edciles\u201d.\" \/>\n<meta name=\"robots\" content=\"index, follow, max-snippet:-1, max-image-preview:large, max-video-preview:-1\" \/>\n<link rel=\"canonical\" href=\"https:\/\/www.euncet.com\/blog\/es\/marketing-digital-webinar\/\" \/>\n<meta property=\"og:locale\" content=\"es_ES\" \/>\n<meta property=\"og:type\" content=\"article\" \/>\n<meta property=\"og:title\" content=\"[Webinar] Marketing digital efectivo en tiempos dif\u00edciles | Euncet\" \/>\n<meta property=\"og:description\" content=\"Carles Argem\u00ed, profesor de la Euncet Business School, ha sido el encargado de presentar el webinar &quot;Marketing digital efectivo en tiempos dif\u00edciles\u201d.\" \/>\n<meta property=\"og:url\" content=\"https:\/\/www.euncet.com\/blog\/es\/marketing-digital-webinar\/\" \/>\n<meta property=\"og:site_name\" content=\"Euncet Business School\" \/>\n<meta property=\"article:publisher\" content=\"https:\/\/www.facebook.com\/euncet\" \/>\n<meta property=\"article:published_time\" content=\"2020-05-04T08:22:59+00:00\" \/>\n<meta property=\"article:modified_time\" content=\"2023-09-18T10:56:58+00:00\" \/>\n<meta property=\"og:image\" content=\"https:\/\/www.euncet.com\/blog\/wp-content\/uploads\/2020\/05\/Marketing-digital-efectivo-en-tiempos-dificiles-webinar-a-cargo-de-Carles-Argemi.gif\" \/>\n\t<meta property=\"og:image:width\" content=\"560\" \/>\n\t<meta property=\"og:image:height\" content=\"416\" \/>\n\t<meta property=\"og:image:type\" content=\"image\/gif\" \/>\n<meta name=\"author\" content=\"euncet\" \/>\n<meta name=\"twitter:card\" content=\"summary_large_image\" \/>\n<meta name=\"twitter:creator\" content=\"@euncet\" \/>\n<meta name=\"twitter:site\" content=\"@euncet\" \/>\n<meta name=\"twitter:label1\" content=\"Escrito por\" \/>\n\t<meta name=\"twitter:data1\" content=\"euncet\" \/>\n\t<meta name=\"twitter:label2\" content=\"Tiempo de lectura\" \/>\n\t<meta name=\"twitter:data2\" content=\"7 minutos\" \/>\n<script type=\"application\/ld+json\" class=\"yoast-schema-graph\">{\"@context\":\"https:\\\/\\\/schema.org\",\"@graph\":[{\"@type\":\"Article\",\"@id\":\"https:\\\/\\\/www.euncet.com\\\/blog\\\/es\\\/marketing-digital-webinar\\\/#article\",\"isPartOf\":{\"@id\":\"https:\\\/\\\/www.euncet.com\\\/blog\\\/es\\\/marketing-digital-webinar\\\/\"},\"author\":{\"name\":\"euncet\",\"@id\":\"https:\\\/\\\/www.euncet.com\\\/blog\\\/es\\\/#\\\/schema\\\/person\\\/8253e592273eb1f7a48788902ca03268\"},\"headline\":\"Marketing digital efectivo en tiempos dif\u00edciles, webinar a cargo de Carles Argem\u00ed\",\"datePublished\":\"2020-05-04T08:22:59+00:00\",\"dateModified\":\"2023-09-18T10:56:58+00:00\",\"mainEntityOfPage\":{\"@id\":\"https:\\\/\\\/www.euncet.com\\\/blog\\\/es\\\/marketing-digital-webinar\\\/\"},\"wordCount\":1382,\"image\":{\"@id\":\"https:\\\/\\\/www.euncet.com\\\/blog\\\/es\\\/marketing-digital-webinar\\\/#primaryimage\"},\"thumbnailUrl\":\"https:\\\/\\\/www.euncet.com\\\/blog\\\/wp-content\\\/uploads\\\/2020\\\/05\\\/Marketing-digital-efectivo-en-tiempos-dificiles-webinar-a-cargo-de-Carles-Argemi.gif\",\"keywords\":[\"coronavirus\",\"Marketing Digital\"],\"articleSection\":[\"Marketing y Comunicaci\u00f3n\",\"Nuestros Webinars\"],\"inLanguage\":\"es\"},{\"@type\":\"WebPage\",\"@id\":\"https:\\\/\\\/www.euncet.com\\\/blog\\\/es\\\/marketing-digital-webinar\\\/\",\"url\":\"https:\\\/\\\/www.euncet.com\\\/blog\\\/es\\\/marketing-digital-webinar\\\/\",\"name\":\"[Webinar] Marketing digital efectivo en tiempos dif\u00edciles | Euncet\",\"isPartOf\":{\"@id\":\"https:\\\/\\\/www.euncet.com\\\/blog\\\/es\\\/#website\"},\"primaryImageOfPage\":{\"@id\":\"https:\\\/\\\/www.euncet.com\\\/blog\\\/es\\\/marketing-digital-webinar\\\/#primaryimage\"},\"image\":{\"@id\":\"https:\\\/\\\/www.euncet.com\\\/blog\\\/es\\\/marketing-digital-webinar\\\/#primaryimage\"},\"thumbnailUrl\":\"https:\\\/\\\/www.euncet.com\\\/blog\\\/wp-content\\\/uploads\\\/2020\\\/05\\\/Marketing-digital-efectivo-en-tiempos-dificiles-webinar-a-cargo-de-Carles-Argemi.gif\",\"datePublished\":\"2020-05-04T08:22:59+00:00\",\"dateModified\":\"2023-09-18T10:56:58+00:00\",\"author\":{\"@id\":\"https:\\\/\\\/www.euncet.com\\\/blog\\\/es\\\/#\\\/schema\\\/person\\\/8253e592273eb1f7a48788902ca03268\"},\"description\":\"Carles Argem\u00ed, profesor de la Euncet Business School, ha sido el encargado de presentar el webinar \\\"Marketing digital efectivo en tiempos dif\u00edciles\u201d.\",\"breadcrumb\":{\"@id\":\"https:\\\/\\\/www.euncet.com\\\/blog\\\/es\\\/marketing-digital-webinar\\\/#breadcrumb\"},\"inLanguage\":\"es\",\"potentialAction\":[{\"@type\":\"ReadAction\",\"target\":[\"https:\\\/\\\/www.euncet.com\\\/blog\\\/es\\\/marketing-digital-webinar\\\/\"]}]},{\"@type\":\"ImageObject\",\"inLanguage\":\"es\",\"@id\":\"https:\\\/\\\/www.euncet.com\\\/blog\\\/es\\\/marketing-digital-webinar\\\/#primaryimage\",\"url\":\"https:\\\/\\\/www.euncet.com\\\/blog\\\/wp-content\\\/uploads\\\/2020\\\/05\\\/Marketing-digital-efectivo-en-tiempos-dificiles-webinar-a-cargo-de-Carles-Argemi.gif\",\"contentUrl\":\"https:\\\/\\\/www.euncet.com\\\/blog\\\/wp-content\\\/uploads\\\/2020\\\/05\\\/Marketing-digital-efectivo-en-tiempos-dificiles-webinar-a-cargo-de-Carles-Argemi.gif\",\"width\":560,\"height\":416},{\"@type\":\"BreadcrumbList\",\"@id\":\"https:\\\/\\\/www.euncet.com\\\/blog\\\/es\\\/marketing-digital-webinar\\\/#breadcrumb\",\"itemListElement\":[{\"@type\":\"ListItem\",\"position\":1,\"name\":\"Portada\",\"item\":\"https:\\\/\\\/www.euncet.com\\\/blog\\\/es\\\/\"},{\"@type\":\"ListItem\",\"position\":2,\"name\":\"Marketing digital efectivo en tiempos dif\u00edciles, webinar a cargo de Carles Argem\u00ed\"}]},{\"@type\":\"WebSite\",\"@id\":\"https:\\\/\\\/www.euncet.com\\\/blog\\\/es\\\/#website\",\"url\":\"https:\\\/\\\/www.euncet.com\\\/blog\\\/es\\\/\",\"name\":\"Euncet Business School\",\"description\":\"Escuela de negocios\",\"potentialAction\":[{\"@type\":\"SearchAction\",\"target\":{\"@type\":\"EntryPoint\",\"urlTemplate\":\"https:\\\/\\\/www.euncet.com\\\/blog\\\/es\\\/?s={search_term_string}\"},\"query-input\":{\"@type\":\"PropertyValueSpecification\",\"valueRequired\":true,\"valueName\":\"search_term_string\"}}],\"inLanguage\":\"es\"},{\"@type\":\"Person\",\"@id\":\"https:\\\/\\\/www.euncet.com\\\/blog\\\/es\\\/#\\\/schema\\\/person\\\/8253e592273eb1f7a48788902ca03268\",\"name\":\"euncet\",\"image\":{\"@type\":\"ImageObject\",\"inLanguage\":\"es\",\"@id\":\"https:\\\/\\\/secure.gravatar.com\\\/avatar\\\/ee2ce5f049e82b74bcc6b8db4c5e9c717e35544f3cde91d14a3daa9827fe21f0?s=96&d=mm&r=g\",\"url\":\"https:\\\/\\\/secure.gravatar.com\\\/avatar\\\/ee2ce5f049e82b74bcc6b8db4c5e9c717e35544f3cde91d14a3daa9827fe21f0?s=96&d=mm&r=g\",\"contentUrl\":\"https:\\\/\\\/secure.gravatar.com\\\/avatar\\\/ee2ce5f049e82b74bcc6b8db4c5e9c717e35544f3cde91d14a3daa9827fe21f0?s=96&d=mm&r=g\",\"caption\":\"euncet\"},\"url\":\"https:\\\/\\\/www.euncet.com\\\/blog\\\/es\\\/author\\\/euncet\\\/\"}]}<\/script>\n<!-- \/ Yoast SEO plugin. -->","yoast_head_json":{"title":"[Webinar] Marketing digital efectivo en tiempos dif\u00edciles | Euncet","description":"Carles Argem\u00ed, profesor de la Euncet Business School, ha sido el encargado de presentar el webinar \"Marketing digital efectivo en tiempos dif\u00edciles\u201d.","robots":{"index":"index","follow":"follow","max-snippet":"max-snippet:-1","max-image-preview":"max-image-preview:large","max-video-preview":"max-video-preview:-1"},"canonical":"https:\/\/www.euncet.com\/blog\/es\/marketing-digital-webinar\/","og_locale":"es_ES","og_type":"article","og_title":"[Webinar] Marketing digital efectivo en tiempos dif\u00edciles | Euncet","og_description":"Carles Argem\u00ed, profesor de la Euncet Business School, ha sido el encargado de presentar el webinar \"Marketing digital efectivo en tiempos dif\u00edciles\u201d.","og_url":"https:\/\/www.euncet.com\/blog\/es\/marketing-digital-webinar\/","og_site_name":"Euncet Business School","article_publisher":"https:\/\/www.facebook.com\/euncet","article_published_time":"2020-05-04T08:22:59+00:00","article_modified_time":"2023-09-18T10:56:58+00:00","og_image":[{"width":560,"height":416,"url":"https:\/\/www.euncet.com\/blog\/wp-content\/uploads\/2020\/05\/Marketing-digital-efectivo-en-tiempos-dificiles-webinar-a-cargo-de-Carles-Argemi.gif","type":"image\/gif"}],"author":"euncet","twitter_card":"summary_large_image","twitter_creator":"@euncet","twitter_site":"@euncet","twitter_misc":{"Escrito por":"euncet","Tiempo de lectura":"7 minutos"},"schema":{"@context":"https:\/\/schema.org","@graph":[{"@type":"Article","@id":"https:\/\/www.euncet.com\/blog\/es\/marketing-digital-webinar\/#article","isPartOf":{"@id":"https:\/\/www.euncet.com\/blog\/es\/marketing-digital-webinar\/"},"author":{"name":"euncet","@id":"https:\/\/www.euncet.com\/blog\/es\/#\/schema\/person\/8253e592273eb1f7a48788902ca03268"},"headline":"Marketing digital efectivo en tiempos dif\u00edciles, webinar a cargo de Carles Argem\u00ed","datePublished":"2020-05-04T08:22:59+00:00","dateModified":"2023-09-18T10:56:58+00:00","mainEntityOfPage":{"@id":"https:\/\/www.euncet.com\/blog\/es\/marketing-digital-webinar\/"},"wordCount":1382,"image":{"@id":"https:\/\/www.euncet.com\/blog\/es\/marketing-digital-webinar\/#primaryimage"},"thumbnailUrl":"https:\/\/www.euncet.com\/blog\/wp-content\/uploads\/2020\/05\/Marketing-digital-efectivo-en-tiempos-dificiles-webinar-a-cargo-de-Carles-Argemi.gif","keywords":["coronavirus","Marketing Digital"],"articleSection":["Marketing y Comunicaci\u00f3n","Nuestros Webinars"],"inLanguage":"es"},{"@type":"WebPage","@id":"https:\/\/www.euncet.com\/blog\/es\/marketing-digital-webinar\/","url":"https:\/\/www.euncet.com\/blog\/es\/marketing-digital-webinar\/","name":"[Webinar] Marketing digital efectivo en tiempos dif\u00edciles | Euncet","isPartOf":{"@id":"https:\/\/www.euncet.com\/blog\/es\/#website"},"primaryImageOfPage":{"@id":"https:\/\/www.euncet.com\/blog\/es\/marketing-digital-webinar\/#primaryimage"},"image":{"@id":"https:\/\/www.euncet.com\/blog\/es\/marketing-digital-webinar\/#primaryimage"},"thumbnailUrl":"https:\/\/www.euncet.com\/blog\/wp-content\/uploads\/2020\/05\/Marketing-digital-efectivo-en-tiempos-dificiles-webinar-a-cargo-de-Carles-Argemi.gif","datePublished":"2020-05-04T08:22:59+00:00","dateModified":"2023-09-18T10:56:58+00:00","author":{"@id":"https:\/\/www.euncet.com\/blog\/es\/#\/schema\/person\/8253e592273eb1f7a48788902ca03268"},"description":"Carles Argem\u00ed, profesor de la Euncet Business School, ha sido el encargado de presentar el webinar \"Marketing digital efectivo en tiempos dif\u00edciles\u201d.","breadcrumb":{"@id":"https:\/\/www.euncet.com\/blog\/es\/marketing-digital-webinar\/#breadcrumb"},"inLanguage":"es","potentialAction":[{"@type":"ReadAction","target":["https:\/\/www.euncet.com\/blog\/es\/marketing-digital-webinar\/"]}]},{"@type":"ImageObject","inLanguage":"es","@id":"https:\/\/www.euncet.com\/blog\/es\/marketing-digital-webinar\/#primaryimage","url":"https:\/\/www.euncet.com\/blog\/wp-content\/uploads\/2020\/05\/Marketing-digital-efectivo-en-tiempos-dificiles-webinar-a-cargo-de-Carles-Argemi.gif","contentUrl":"https:\/\/www.euncet.com\/blog\/wp-content\/uploads\/2020\/05\/Marketing-digital-efectivo-en-tiempos-dificiles-webinar-a-cargo-de-Carles-Argemi.gif","width":560,"height":416},{"@type":"BreadcrumbList","@id":"https:\/\/www.euncet.com\/blog\/es\/marketing-digital-webinar\/#breadcrumb","itemListElement":[{"@type":"ListItem","position":1,"name":"Portada","item":"https:\/\/www.euncet.com\/blog\/es\/"},{"@type":"ListItem","position":2,"name":"Marketing digital efectivo en tiempos dif\u00edciles, webinar a cargo de Carles Argem\u00ed"}]},{"@type":"WebSite","@id":"https:\/\/www.euncet.com\/blog\/es\/#website","url":"https:\/\/www.euncet.com\/blog\/es\/","name":"Euncet Business School","description":"Escuela de negocios","potentialAction":[{"@type":"SearchAction","target":{"@type":"EntryPoint","urlTemplate":"https:\/\/www.euncet.com\/blog\/es\/?s={search_term_string}"},"query-input":{"@type":"PropertyValueSpecification","valueRequired":true,"valueName":"search_term_string"}}],"inLanguage":"es"},{"@type":"Person","@id":"https:\/\/www.euncet.com\/blog\/es\/#\/schema\/person\/8253e592273eb1f7a48788902ca03268","name":"euncet","image":{"@type":"ImageObject","inLanguage":"es","@id":"https:\/\/secure.gravatar.com\/avatar\/ee2ce5f049e82b74bcc6b8db4c5e9c717e35544f3cde91d14a3daa9827fe21f0?s=96&d=mm&r=g","url":"https:\/\/secure.gravatar.com\/avatar\/ee2ce5f049e82b74bcc6b8db4c5e9c717e35544f3cde91d14a3daa9827fe21f0?s=96&d=mm&r=g","contentUrl":"https:\/\/secure.gravatar.com\/avatar\/ee2ce5f049e82b74bcc6b8db4c5e9c717e35544f3cde91d14a3daa9827fe21f0?s=96&d=mm&r=g","caption":"euncet"},"url":"https:\/\/www.euncet.com\/blog\/es\/author\/euncet\/"}]}},"_links":{"self":[{"href":"https:\/\/www.euncet.com\/blog\/es\/wp-json\/wp\/v2\/posts\/43872","targetHints":{"allow":["GET"]}}],"collection":[{"href":"https:\/\/www.euncet.com\/blog\/es\/wp-json\/wp\/v2\/posts"}],"about":[{"href":"https:\/\/www.euncet.com\/blog\/es\/wp-json\/wp\/v2\/types\/post"}],"author":[{"embeddable":true,"href":"https:\/\/www.euncet.com\/blog\/es\/wp-json\/wp\/v2\/users\/28"}],"replies":[{"embeddable":true,"href":"https:\/\/www.euncet.com\/blog\/es\/wp-json\/wp\/v2\/comments?post=43872"}],"version-history":[{"count":0,"href":"https:\/\/www.euncet.com\/blog\/es\/wp-json\/wp\/v2\/posts\/43872\/revisions"}],"wp:featuredmedia":[{"embeddable":true,"href":"https:\/\/www.euncet.com\/blog\/es\/wp-json\/wp\/v2\/media\/53009"}],"wp:attachment":[{"href":"https:\/\/www.euncet.com\/blog\/es\/wp-json\/wp\/v2\/media?parent=43872"}],"wp:term":[{"taxonomy":"category","embeddable":true,"href":"https:\/\/www.euncet.com\/blog\/es\/wp-json\/wp\/v2\/categories?post=43872"},{"taxonomy":"post_tag","embeddable":true,"href":"https:\/\/www.euncet.com\/blog\/es\/wp-json\/wp\/v2\/tags?post=43872"}],"curies":[{"name":"wp","href":"https:\/\/api.w.org\/{rel}","templated":true}]}}