{"id":44723,"date":"2020-06-29T09:58:43","date_gmt":"2020-06-29T07:58:43","guid":{"rendered":"https:\/\/blog.euncet.com\/?p=44723"},"modified":"2023-02-08T10:41:15","modified_gmt":"2023-02-08T09:41:15","slug":"super-flexibilidad-carlos-dumois","status":"publish","type":"post","link":"https:\/\/www.euncet.com\/blog\/es\/super-flexibilidad-carlos-dumois\/","title":{"rendered":"S\u00faper-Flexibilidad: Camino de Agilidad Estrat\u00e9gica, webinar a cargo de Carlos Dumois"},"content":{"rendered":"\r\n<p>&nbsp;<\/p><div id=\"ez-toc-container\" class=\"ez-toc-v2_0_82_2 counter-hierarchy ez-toc-counter ez-toc-custom ez-toc-container-direction\">\n<div class=\"ez-toc-title-container\">\n<p class=\"ez-toc-title\" style=\"cursor:inherit\">\u00cdNDICE DE CONTENIDOS<\/p>\n<span class=\"ez-toc-title-toggle\"><a href=\"#\" class=\"ez-toc-pull-right ez-toc-btn ez-toc-btn-xs ez-toc-btn-default ez-toc-toggle\" aria-label=\"Alternar tabla de contenidos\"><span class=\"ez-toc-js-icon-con\"><span class=\"\"><span class=\"eztoc-hide\" style=\"display:none;\">Toggle<\/span><span class=\"ez-toc-icon-toggle-span\"><svg style=\"fill: #222222;color:#222222\" xmlns=\"http:\/\/www.w3.org\/2000\/svg\" class=\"list-377408\" width=\"20px\" height=\"20px\" viewBox=\"0 0 24 24\" fill=\"none\"><path d=\"M6 6H4v2h2V6zm14 0H8v2h12V6zM4 11h2v2H4v-2zm16 0H8v2h12v-2zM4 16h2v2H4v-2zm16 0H8v2h12v-2z\" fill=\"currentColor\"><\/path><\/svg><svg style=\"fill: #222222;color:#222222\" class=\"arrow-unsorted-368013\" xmlns=\"http:\/\/www.w3.org\/2000\/svg\" width=\"10px\" height=\"10px\" viewBox=\"0 0 24 24\" version=\"1.2\" baseProfile=\"tiny\"><path d=\"M18.2 9.3l-6.2-6.3-6.2 6.3c-.2.2-.3.4-.3.7s.1.5.3.7c.2.2.4.3.7.3h11c.3 0 .5-.1.7-.3.2-.2.3-.5.3-.7s-.1-.5-.3-.7zM5.8 14.7l6.2 6.3 6.2-6.3c.2-.2.3-.5.3-.7s-.1-.5-.3-.7c-.2-.2-.4-.3-.7-.3h-11c-.3 0-.5.1-.7.3-.2.2-.3.5-.3.7s.1.5.3.7z\"\/><\/svg><\/span><\/span><\/span><\/a><\/span><\/div>\n<nav><ul class='ez-toc-list ez-toc-list-level-1 ' ><li class='ez-toc-page-1 ez-toc-heading-level-2'><a class=\"ez-toc-link ez-toc-heading-1\" href=\"https:\/\/www.euncet.com\/blog\/es\/super-flexibilidad-carlos-dumois\/#Disruptor_vs_disruptado\" >Disruptor vs disruptado\u00a0<\/a><\/li><li class='ez-toc-page-1 ez-toc-heading-level-2'><a class=\"ez-toc-link ez-toc-heading-2\" href=\"https:\/\/www.euncet.com\/blog\/es\/super-flexibilidad-carlos-dumois\/#%C2%BFQue_es_la_Super-flexibilidad\" >\u00bfQu\u00e9 es la S\u00faper-flexibilidad?<\/a><\/li><li class='ez-toc-page-1 ez-toc-heading-level-2'><a class=\"ez-toc-link ez-toc-heading-3\" href=\"https:\/\/www.euncet.com\/blog\/es\/super-flexibilidad-carlos-dumois\/#4_Motivos_por_los_que_las_industrias_pasan_de_la_agilidad_a_la_rigidez\" >4 Motivos por los que las industrias pasan de la agilidad a la rigidez<\/a><\/li><li class='ez-toc-page-1 ez-toc-heading-level-2'><a class=\"ez-toc-link ez-toc-heading-4\" href=\"https:\/\/www.euncet.com\/blog\/es\/super-flexibilidad-carlos-dumois\/#Momentum_estrategico_y_organizacional\" >Momentum estrat\u00e9gico y organizacional<\/a><\/li><li class='ez-toc-page-1 ez-toc-heading-level-2'><a class=\"ez-toc-link ez-toc-heading-5\" href=\"https:\/\/www.euncet.com\/blog\/es\/super-flexibilidad-carlos-dumois\/#Duenez_y_Momentum\" >Due\u00f1ez y Momentum<\/a><\/li><li class='ez-toc-page-1 ez-toc-heading-level-2'><a class=\"ez-toc-link ez-toc-heading-6\" href=\"https:\/\/www.euncet.com\/blog\/es\/super-flexibilidad-carlos-dumois\/#El_modelo_de_Super-flexibilidad\" >El modelo de S\u00faper-flexibilidad<\/a><\/li><\/ul><\/nav><\/div>\n\r\n\r\n\r\n\r\n<div class=\"wp-block-media-text alignwide is-stacked-on-mobile\" style=\"grid-template-columns: 17% auto;\">\r\n<figure class=\"wp-block-media-text__media\"><img fetchpriority=\"high\" decoding=\"async\" width=\"500\" height=\"500\" class=\"wp-image-44379\" src=\"https:\/\/blog.euncet.com\/wp-content\/uploads\/2020\/06\/Dumois.png\" alt=\"Carlos Dumois es Presidente y Socio de CEDEM\" srcset=\"https:\/\/www.euncet.com\/blog\/wp-content\/uploads\/2020\/06\/Dumois.png 500w, https:\/\/www.euncet.com\/blog\/wp-content\/uploads\/2020\/06\/Dumois-300x300.png 300w, https:\/\/www.euncet.com\/blog\/wp-content\/uploads\/2020\/06\/Dumois-80x80.png 80w, https:\/\/www.euncet.com\/blog\/wp-content\/uploads\/2020\/06\/Dumois-36x36.png 36w, https:\/\/www.euncet.com\/blog\/wp-content\/uploads\/2020\/06\/Dumois-180x180.png 180w, https:\/\/www.euncet.com\/blog\/wp-content\/uploads\/2020\/06\/Dumois-120x120.png 120w, https:\/\/www.euncet.com\/blog\/wp-content\/uploads\/2020\/06\/Dumois-450x450.png 450w\" sizes=\"(max-width: 500px) 100vw, 500px\" \/><\/figure>\r\n<div class=\"wp-block-media-text__content\">\r\n<p><a href=\"https:\/\/www.linkedin.com\/in\/carlos-dumois-0b19566a\" target=\"_blank\" rel=\"noopener noreferrer\"><strong>Carlos Dumois<\/strong><\/a>, <strong>presidente y socio fundador de <\/strong><a href=\"https:\/\/cedem.com.mx\/\" target=\"_blank\" rel=\"noopener noreferrer\"><strong>CEDEM<\/strong><\/a><strong>, <\/strong>ha sido el encargado de presentar el webinar \u201c<strong>S\u00faper-Flexibilidad: Camino de Agilidad Estrat\u00e9gica<\/strong>\u201d. Dumois es tambi\u00e9n un destacado conferencista a nivel nacional e internacional, miembro del Consejo Asesor de Evrensel Capital Partners Inc. de Luxemburgo, as\u00ed como creador del concepto <em>Due\u00f1ez<\/em>.<\/p>\r\n\r\n\r\n\r\n<p>Siempre vinculado a la Direcci\u00f3n y Administraci\u00f3n de Empresas, Dumois ha ayudado a miles de empresarios a dirigir el crecimiento de valor de sus empresas y a ejercer su rol como due\u00f1os de manera m\u00e1s efectiva.<\/p>\r\n\r\n\r\n\r\n<p>Su experiencia como promotor e inversionista de varios negocios, le ha llevado a dedicar su vida profesional a la investigaci\u00f3n y aplicaci\u00f3n de su <strong><a href=\"https:\/\/blog.euncet.com\/duenez-liderazgo-webinar-carlos-dumois\/\" target=\"_blank\" rel=\"noopener noreferrer\">Modelo de <em>Due\u00f1ez <\/em>Compartida y al Dise\u00f1o e Implementaci\u00f3n de Estrategias de Crecimiento de Valor<\/a><\/strong>. Su trabajo lo ha aplicado principalmente con empresas privadas y familiares.<\/p>\r\n<\/div>\r\n<\/div>\r\n\r\n\r\n\r\n<p>Este webinar es parte de la serie \u00ab<strong>El Rol de Due\u00f1o en Tiempos de Incertidumbre<\/strong>\u00ab, que <a href=\"https:\/\/cedem.com.mx\/\" target=\"_blank\" rel=\"noopener noreferrer\"><strong>CEDEM<\/strong><\/a>, en colaboraci\u00f3n con <strong>Euncet Business School, <\/strong>se imparte cada jueves.<\/p>\r\n\r\n\r\n\r\n<p>A partir del curso que viene la Euncet Business School ofrecer\u00e1 un nuevo programa ejecutivo basado en el concepto <em>due\u00f1e<\/em>z:<strong> Executive Master in Ownership and Value Creation<\/strong>. La nueva apuesta, impulsada juntamente con <strong>CEDEM<\/strong>, <strong>Foment Formaci\u00f3 y Foment Treball<\/strong>, pretende formar directivos capaces de gestionar su participaci\u00f3n en la empresa como si fueran los propietarios y de ellos dependiera la vida de su compa\u00f1\u00eda.<\/p>\r\n\r\n\r\n\r\n<h2 class=\"wp-block-heading\"><span class=\"ez-toc-section\" id=\"Disruptor_vs_disruptado\"><\/span>Disruptor vs disruptado\u00a0<span class=\"ez-toc-section-end\"><\/span><\/h2>\r\n\r\n\r\n\r\n<p>En sus m\u00e1s de 35 a\u00f1os de experiencia, CEDEM ha ayudado a crecer y a crear valor a m\u00faltiples empresas. Los diferentes casos en los que han trabajado les\u00a0ha permitido estudiar y descubrir nuevas f\u00f3rmulas para acelerar los procesos de cambio de las compa\u00f1\u00edas.\u00a0<\/p>\r\n\r\n\r\n\r\n<div class=\"wp-block-image\">\r\n<figure class=\"aligncenter is-resized\"><img decoding=\"async\" src=\"https:\/\/lh5.googleusercontent.com\/r_tjj1eoJlQVFUMltJItMTi_hi2ubjOe_lJWw02LbTyD8sFJDQ0QxAc1ynqdNKJqf_eP9iWRX6rEY8_fQXtLqnBiSWujxRLYxSzlX9CGn2NrGeeadnrE0Q-CHjmTkbS8Wkvnb0Km\" alt=\"Pensadores destacados sobre la aceleraci\u00f3n de cambio en las empresas. \/ s\u00faper-flexibilidad.\" width=\"382\" height=\"224\" \/><\/figure>\r\n<\/div>\r\n\r\n\r\n\r\n<p>Adem\u00e1s de su extensa trayectoria profesional, la lectura de obras de m\u00faltiples pensadores destacados en el mundo empresarial ha sido clave para entender los factores que inciden en esa aceleraci\u00f3n del proceso.\u00a0<\/p>\r\n\r\n\r\n\r\n<h3 class=\"wp-block-heading\">Disruptores<\/h3>\r\n\r\n\r\n\r\n<p>En la actualidad el cambio se ha vuelto m\u00e1s discontinuo y, pese a que para muchas empresas pueda suponer un gran desaf\u00edo, para otras ha supuesto una oportunidad para la transformaci\u00f3n de sus industrias.\u00a0<\/p>\r\n\r\n\r\n\r\n<div class=\"wp-block-image\">\r\n<figure class=\"aligncenter is-resized\"><img decoding=\"async\" src=\"https:\/\/lh6.googleusercontent.com\/6UirBZgm93zEdfs3pOU8EdqPXYEhgdECRHikuxwqXajyYnrsIxCDxsQOq6KE58iXSRJHZN_l9eJ0PIj8DaaaN1J8M9uUiJ41hutFJJl-XNDbQ0d3w_KzgFWu47Zed2cmnqOtkSd4\" alt=\"Disruptor vs disruptado \/ s\u00faper-flexibilidad.\" width=\"388\" height=\"228\" \/><\/figure>\r\n<\/div>\r\n\r\n\r\n\r\n<p>Este hecho ha afectado a peque\u00f1as y grandes empresas. Compa\u00f1\u00edas como Amazon, Microsoft, Apple, Google o Facebook han sido disruptoras en sus mercados desplazando as\u00ed a librer\u00edas, industrias de la m\u00fasica, retailers, fabricantes de Hardware, competidores directos como Nokia o Blackberry, Yahoo, entre otros.\u00a0<\/p>\r\n\r\n\r\n\r\n<p>Su \u00e9xito radica en la capacidad transformadora, en la manera de operar y en la estructura de las industrias donde compiten. Con estas disrupciones, publicitarse en los medios digitales se ha convertido en una obligada necesidad para que las compa\u00f1\u00edas sean visibles ante sus competidores.\u00a0<\/p>\r\n\r\n\r\n\r\n<h3 class=\"wp-block-heading\">Disruptados<\/h3>\r\n\r\n\r\n\r\n<p>Las empresas disruptadas ser\u00e1n aquellas que queden relegadas en el mercado por competidores que s\u00ed han sabido aprovechar las oportunidades que se les han presentado implementando transformaciones decisivas en sus modelos de negocio.\u00a0<\/p>\r\n\r\n\r\n\r\n<p>Para saber en qu\u00e9 punto se encuentra la compa\u00f1\u00eda es fundamental preguntarse si la empresa est\u00e1 ganando o perdiendo la batalla ante el cambio. Debe analizar si es referente, y est\u00e1 siendo imitado por la competencia, o si est\u00e1 siendo desplazado.\u00a0<\/p>\r\n\r\n\r\n\r\n<h2 class=\"wp-block-heading\"><span class=\"ez-toc-section\" id=\"%C2%BFQue_es_la_Super-flexibilidad\"><\/span>\u00bfQu\u00e9 es la S\u00faper-flexibilidad?<span class=\"ez-toc-section-end\"><\/span><\/h2>\r\n\r\n\r\n\r\n<p>La S\u00faper-flexibilidad es una paradoja. Implica que una compa\u00f1\u00eda sea \u00e1gil, capaz de explorar con velocidad, a la vez que muestra fortaleza, resiliencia y capacidad para resistir. Pese a que pueda parecer una ant\u00edtesis es posible combinar ambas estrategias.\u00a0<\/p>\r\n\r\n\r\n\r\n<div class=\"wp-block-image\">\r\n<figure class=\"aligncenter is-resized\"><img loading=\"lazy\" decoding=\"async\" src=\"https:\/\/lh4.googleusercontent.com\/1UnPX9Y1eJYfYcAdph6IuQw9E0mr84tlXQvMlFGX0iXspAkv6Ahb1dc3YV6zEUeBZUsINzNIsowqTMOEyzIV8SWFx9hIAPdZENiAVR_yDqkFFONPSaxknVRmADuhTDY6y2pkSFR5\" alt=\"necesidad de la s\u00faper-flexibilidad.\" width=\"472\" height=\"304\" \/><\/figure>\r\n<\/div>\r\n\r\n\r\n\r\n<p>Ante los tiempos inciertos que est\u00e1 tocando vivir, la S\u00faper-flexibilidad es una necesidad para la supervivencia y adaptaci\u00f3n de las empresas a la nueva realidad.<\/p>\r\n\r\n\r\n\r\n<p>Cuando la naturaleza del cambio es sencilla y lineal quiere decir que la industria evoluciona lenta y se basa en la optimizaci\u00f3n y mejora. Los medios de cambio radican en enfocar las energ\u00edas en la <strong>estrategia operativa<\/strong> y la mejora continua.\u00a0<\/p>\r\n\r\n\r\n\r\n<p>Si el cambio es cada vez m\u00e1s complejo la empresa necesitar\u00e1 prever y anticiparse. Se conseguir\u00e1 con una <strong>planificaci\u00f3n estrat\u00e9gica<\/strong> que contemple nuevas transformaciones.\u00a0<\/p>\r\n\r\n\r\n\r\n<p>Si a diferencia de los anteriores casos, el cambio no es tan complejo, pero s\u00ed muy r\u00e1pido debido a los nuevos emprendimientos en las industrias, evocar\u00e1 a la compa\u00f1\u00eda al <strong>emprendimiento corporativo.\u00a0\u00a0<\/strong><\/p>\r\n\r\n\r\n\r\n<p>La agilidad estrat\u00e9gica ser\u00e1 necesaria cuando al mismo tiempo se produzcan cambios lineales y complejos, lentos y r\u00e1pidos con irrupci\u00f3n emprendedora y adquisiciones y fusiones.\u00a0<\/p>\r\n\r\n\r\n\r\n<p>La tecnolog\u00eda permite que\u00a0hoy en d\u00eda industrias que no son competidores directos puedan convertirse en rivales en cualquier momento. Los modelos de negocio evolucionan y cualquier compa\u00f1\u00eda puede convertirse en referente y disruptor.\u00a0<\/p>\r\n\r\n\r\n\r\n<div class=\"wp-block-image\">\r\n<figure class=\"aligncenter is-resized\"><img loading=\"lazy\" decoding=\"async\" src=\"https:\/\/lh5.googleusercontent.com\/B-j0KUEwkSkKDIVFGmmMdVFbUqt_TEtSE-1bJg-SHcnZXvnZPA29lzUkrgfX5rIwwllUQXEZmVyCpb9OOtsnS5sWsi-bbiH2tsRlrd5VNDR8OCSR2HIBl4jjd0QAEvY6pDC66ZBG\" alt=\"De la agilidad a la rigidez \/ s\u00faper-flexibilidad.\" width=\"443\" height=\"249\" \/><\/figure>\r\n<\/div>\r\n\r\n\r\n\r\n<h2 class=\"wp-block-heading\"><span class=\"ez-toc-section\" id=\"4_Motivos_por_los_que_las_industrias_pasan_de_la_agilidad_a_la_rigidez\"><\/span>4 Motivos por los que las industrias pasan de la agilidad a la rigidez<span class=\"ez-toc-section-end\"><\/span><\/h2>\r\n\r\n\r\n\r\n<ol class=\"wp-block-list\">\r\n<li><strong>Polarizaci\u00f3n a la eficiencia mata la flexibilidad.<\/strong> Obsesionarse con la mejora continua (calidad total) es contraproducente para apostar por una estrategia flexible.<\/li>\r\n<li><strong>Liderazgo competitivo apaga la mirada estrat\u00e9gica<\/strong>. Ser l\u00edder cuantitativo y cualitativo en tama\u00f1o. Esto hace pensar que todas las peque\u00f1as ideas son insignificantes para nosotros. Ejemplo &#8211; KODAK.\u00a0<\/li>\r\n<li><strong>Recursos se encadenan con el tiempo.<\/strong> Tenemos asignados los recursos a los negocios que dan. Ceguera de pensar que no es posible crear dos empresas l\u00edderes\u00a0 a la vez.\u00a0<\/li>\r\n<li><strong>Ciclo reactivo del \u00e9xito a la renovaci\u00f3n. <\/strong>El \u00e9xito acaba desembocando en rigidez lo que provoca una crisis. Llegado a este punto es cuando se produce una fase de renovaci\u00f3n que permita llegar al \u00e9xito.\u00a0<\/li>\r\n<\/ol>\r\n\r\n\r\n\r\n<div class=\"wp-block-image\">\r\n<figure class=\"aligncenter is-resized\"><img loading=\"lazy\" decoding=\"async\" src=\"https:\/\/lh5.googleusercontent.com\/QCns4ZuFWwKXED4ttPYx98H4l9rAwnLReS0l8gnOsPAHNwkWYNFGVuru_dx827k7Hq1cm2TUvKAQRpKTUxQdBeN7cdzZGEmUytGZ7iH8TziOYlU9BoBbXdBmfMRSTJJG11pI63gq\" alt=\"El arco de la s\u00faper-flexibilidad.\" width=\"472\" height=\"266\" \/><\/figure>\r\n<\/div>\r\n\r\n\r\n\r\n<p>La S\u00faper-flexibilidad es un arco con virtudes que se van desarrollando desde la agilidad hasta la resistencia pasando por la adaptabilidad, versatilidad, elasticidad, maleabilidad, movilidad, modularidad y robustez.\u00a0<\/p>\r\n\r\n\r\n\r\n<div class=\"wp-block-image\">\r\n<figure class=\"aligncenter is-resized\"><img loading=\"lazy\" decoding=\"async\" src=\"https:\/\/lh6.googleusercontent.com\/v-JZiQqNSuLPmp5W9JbIFftdrzA4sV6zvae6m4EnWo-nsuyD8CLupcJYPA-o54NuBuXInyC1QTE_n3UkPgKOAI8D3VA-wbFTbuMEeiApH6Mbi96ToTB8BoZJ3TgA-pdxJOkQzm0B\" alt=\"De la planificaci\u00f3n estrat\u00e9gica a la agilidad estrat\u00e9gica - s\u00faper-flexibilidad.\" width=\"405\" height=\"230\" \/><\/figure>\r\n<\/div>\r\n\r\n\r\n\r\n<h2 class=\"wp-block-heading\"><span class=\"ez-toc-section\" id=\"Momentum_estrategico_y_organizacional\"><\/span>Momentum estrat\u00e9gico y organizacional<span class=\"ez-toc-section-end\"><\/span><\/h2>\r\n\r\n\r\n\r\n<p>El t\u00e9rmino<strong> Momentum <\/strong>tiene su origen en la F\u00edsica, la cual lo concibe como un vector, tiene cierta magnitud. Hace referencia a la fuerza por un cuerpo en movimiento ganada por un proceso.\u00a0<\/p>\r\n\r\n\r\n\r\n<p>El <strong>Momentum estrat\u00e9gico<\/strong>, perseverancia en objetivos, es el impulso que la compa\u00f1\u00eda necesita para dar el primer paso hacia ese proceso transformador de cambio. Existe una gran resistencia al cambio y apego al \u00e9xito. Las empresas suelen tener preferencia por lo conocido, lo seguro y cierto. Este momento estrat\u00e9gico lo es tambi\u00e9n <strong>organizacional<\/strong>, ya que se trata de un <strong>Momentum conductual<\/strong> basado en la forma de actuar.\u00a0<\/p>\r\n\r\n\r\n\r\n<h2 class=\"wp-block-heading\"><span class=\"ez-toc-section\" id=\"Duenez_y_Momentum\"><\/span><em>Due\u00f1ez <\/em>y Momentum<span class=\"ez-toc-section-end\"><\/span><\/h2>\r\n\r\n\r\n\r\n<p>Es el momento estrat\u00e9gico el que arroja los resultados de la empresa, no los planes y el due\u00f1o, la persona que gobierna y empuja el momentum estrat\u00e9gico de la empresa. Es importante que los l\u00edderes tengan la capacidad de crear varios momentums a la vez en distintas direcciones.\u00a0<\/p>\r\n\r\n\r\n\r\n<p><strong>Nuevo concepto de estrategia<\/strong><\/p>\r\n\r\n\r\n\r\n<ul class=\"wp-block-list\">\r\n<li><strong>Renovaci\u00f3n estrat\u00e9gica constante. <\/strong>Requiere que se revise la definici\u00f3n de la visi\u00f3n estrat\u00e9gica cada cierto tiempo.\u00a0<\/li>\r\n<li><strong>Estar alerta y al acecho de los \u201cinsights\u201d.<\/strong> Un dise\u00f1o estrat\u00e9gico basado en el \u201cforesight\u201d (previsi\u00f3n, anticipaci\u00f3n, proyecci\u00f3n). Se tiene que fomentar la vagancia empresarial con una actitud proactiva y abierta a las nuevas tendencias y oportunidades que se presentan.\u00a0<\/li>\r\n<li><strong>Contemplar m\u00faltiples escenarios con mayor frecuencia.\u00a0<\/strong><\/li>\r\n<\/ul>\r\n\r\n\r\n\r\n<h2 class=\"has-text-align-center wp-block-heading\"><img loading=\"lazy\" decoding=\"async\" src=\"https:\/\/lh4.googleusercontent.com\/1XQXW7tAiOco9BtAjpoVu2F57fVLSln4AiA-6P2a4j9Q6yeyzne2P5oIKQPqQ5FVwVoE4Vz9K_fd5UPr_fOwT7M6TMtTTymiVoXY7E2jcJLPyCuxL5R8EhNRg9cZ4137UE-rqpwI\" width=\"411\" height=\"271\" \/><\/h2>\r\n\r\n\r\n\r\n<h2 class=\"wp-block-heading\"><span class=\"ez-toc-section\" id=\"El_modelo_de_Super-flexibilidad\"><\/span>El modelo de S\u00faper-flexibilidad<span class=\"ez-toc-section-end\"><\/span><\/h2>\r\n\r\n\r\n\r\n<p>La S\u00faper-flexibilidad se basa en tres puntos:\u00a0<\/p>\r\n\r\n\r\n\r\n<ul class=\"wp-block-list\">\r\n<li><strong>Sentido estrat\u00e9gico. <\/strong>Es importante disponer de un equipo de trabajo formado por l\u00edderes que sean capaces de tomar decisiones estrat\u00e9gicas.\u00a0<\/li>\r\n<li><strong>Fluidez de recursos.\u00a0 <\/strong>Se deber\u00e1 invertir en los nuevos negocios para fomentar la fluidez. Apartar recursos para la innovaci\u00f3n y las acciones disruptivas ayudar\u00e1 a conseguir la S\u00faper-flexibilidad.\u00a0<\/li>\r\n<li><strong>Compromiso colectivo. <\/strong>Debe existir mucho di\u00e1logo entre el due\u00f1o y el equipo para alinear estrategias y objetivos y eliminar posibles resistencias al cambio.<\/li>\r\n<\/ul>\r\n\r\n\r\n\r\n<p>La S\u00faper-flexibilidad ser\u00e1 un activo importante para la <strong>creaci\u00f3n de valor<\/strong>. El sentido estrat\u00e9gico se traduce en el enfoque estrat\u00e9gico y la generaci\u00f3n de valor. El compromiso colectivo en la sinergia organizacional y la multiplicaci\u00f3n de valor. Y, la fluidez de recursos en la alineaci\u00f3n estrat\u00e9gica y la captura de valor. Es un proceso din\u00e1mico, constantemente activo basado en la combinaci\u00f3n el marketing externo e interno que permita generar valor llegando a un acuerdo con el equipo.\u00a0<\/p>\r\n\r\n\r\n\r\n<div class=\"wp-block-image\">\r\n<figure class=\"aligncenter is-resized\"><img loading=\"lazy\" decoding=\"async\" src=\"https:\/\/lh5.googleusercontent.com\/0mlRVp540uSh6I6WRFpA2Yho9gXluOz3tsnkKLPjFfKPub3tJIOod2p6kTCXDN4BG4MXY5cdux5pwVP78tw_5q9fmVz5Sf8d22oxdjCQGwyrU6nhZrIb-Cbk8J0GPAxlDra4X1Uz\" alt=\"Ecuaci\u00f3n de la s\u00faper flexibilidad.\" width=\"438\" height=\"234\" \/>\r\n<p><iframe title=\"\ud83d\udcbbWebinar | S\u00faper- flexibilidad: camino de agilidad estrat\u00e9gica, por Carlos Dumois junto a CEDEM\" width=\"800\" height=\"450\" src=\"https:\/\/www.youtube.com\/embed\/76gw3HaLkII?feature=oembed\" frameborder=\"0\" allow=\"accelerometer; autoplay; clipboard-write; encrypted-media; gyroscope; picture-in-picture; web-share\" referrerpolicy=\"strict-origin-when-cross-origin\" allowfullscreen><\/iframe><\/p>\r\n<\/figure>\r\n<\/div>\r\n","protected":false},"excerpt":{"rendered":"<p>&nbsp; Carlos Dumois, presidente y socio fundador de CEDEM, ha sido el encargado de presentar el webinar \u201cS\u00faper-Flexibilidad: Camino de Agilidad Estrat\u00e9gica\u201d. Dumois es tambi\u00e9n un destacado conferencista a nivel nacional e internacional, miembro del Consejo Asesor de Evrensel Capital Partners Inc. de Luxemburgo, as\u00ed como creador del concepto Due\u00f1ez. Siempre vinculado a la Direcci\u00f3n [&hellip;]<\/p>\n","protected":false},"author":28,"featured_media":53039,"comment_status":"closed","ping_status":"open","sticky":false,"template":"","format":"standard","meta":{"_acf_changed":false,"footnotes":""},"categories":[292,286],"tags":[],"class_list":["post-44723","post","type-post","status-publish","format-standard","has-post-thumbnail","hentry","category-leadership-management","category-webinars"],"acf":[],"yoast_head":"<!-- This site is optimized with the Yoast SEO plugin v27.5 - https:\/\/yoast.com\/product\/yoast-seo-wordpress\/ -->\n<title>[Webinar] S\u00faper-Flexibilidad: Camino de Agilidad Estrat\u00e9gica | Euncet<\/title>\n<meta name=\"description\" content=\"Carlos Dumois, Presidente y Socio Fundador de CEDEM, ha sido el encargado de presentar el webinar \u201cS\u00faper-Flexibilidad: Camino de Agilidad Estrat\u00e9gica\u201d.\" \/>\n<meta name=\"robots\" content=\"index, follow, max-snippet:-1, max-image-preview:large, max-video-preview:-1\" \/>\n<link rel=\"canonical\" href=\"https:\/\/www.euncet.com\/blog\/es\/super-flexibilidad-carlos-dumois\/\" \/>\n<meta property=\"og:locale\" content=\"es_ES\" \/>\n<meta property=\"og:type\" content=\"article\" \/>\n<meta property=\"og:title\" content=\"[Webinar] S\u00faper-Flexibilidad: Camino de Agilidad Estrat\u00e9gica | Euncet\" \/>\n<meta property=\"og:description\" content=\"Carlos Dumois, Presidente y Socio Fundador de CEDEM, ha sido el encargado de presentar el webinar \u201cS\u00faper-Flexibilidad: Camino de Agilidad Estrat\u00e9gica\u201d.\" \/>\n<meta property=\"og:url\" content=\"https:\/\/www.euncet.com\/blog\/es\/super-flexibilidad-carlos-dumois\/\" \/>\n<meta property=\"og:site_name\" content=\"Euncet Business School\" \/>\n<meta property=\"article:publisher\" content=\"https:\/\/www.facebook.com\/euncet\" \/>\n<meta property=\"article:published_time\" content=\"2020-06-29T07:58:43+00:00\" \/>\n<meta property=\"article:modified_time\" content=\"2023-02-08T09:41:15+00:00\" \/>\n<meta property=\"og:image\" content=\"https:\/\/www.euncet.com\/blog\/wp-content\/uploads\/2020\/06\/Super-Flexibilidad-Camino-de-Agilidad-Estrategica-webinar-a-cargo-de-Carlos-Dumois.gif\" \/>\n\t<meta property=\"og:image:width\" content=\"560\" \/>\n\t<meta property=\"og:image:height\" content=\"416\" \/>\n\t<meta property=\"og:image:type\" content=\"image\/gif\" \/>\n<meta name=\"author\" content=\"euncet\" \/>\n<meta name=\"twitter:card\" content=\"summary_large_image\" \/>\n<meta name=\"twitter:creator\" content=\"@euncet\" \/>\n<meta name=\"twitter:site\" content=\"@euncet\" \/>\n<meta name=\"twitter:label1\" content=\"Escrito por\" \/>\n\t<meta name=\"twitter:data1\" content=\"euncet\" \/>\n\t<meta name=\"twitter:label2\" content=\"Tiempo de lectura\" \/>\n\t<meta name=\"twitter:data2\" content=\"7 minutos\" \/>\n<script type=\"application\/ld+json\" class=\"yoast-schema-graph\">{\"@context\":\"https:\\\/\\\/schema.org\",\"@graph\":[{\"@type\":\"Article\",\"@id\":\"https:\\\/\\\/www.euncet.com\\\/blog\\\/es\\\/super-flexibilidad-carlos-dumois\\\/#article\",\"isPartOf\":{\"@id\":\"https:\\\/\\\/www.euncet.com\\\/blog\\\/es\\\/super-flexibilidad-carlos-dumois\\\/\"},\"author\":{\"name\":\"euncet\",\"@id\":\"https:\\\/\\\/www.euncet.com\\\/blog\\\/es\\\/#\\\/schema\\\/person\\\/8253e592273eb1f7a48788902ca03268\"},\"headline\":\"S\u00faper-Flexibilidad: Camino de Agilidad Estrat\u00e9gica, webinar a cargo de Carlos Dumois\",\"datePublished\":\"2020-06-29T07:58:43+00:00\",\"dateModified\":\"2023-02-08T09:41:15+00:00\",\"mainEntityOfPage\":{\"@id\":\"https:\\\/\\\/www.euncet.com\\\/blog\\\/es\\\/super-flexibilidad-carlos-dumois\\\/\"},\"wordCount\":1390,\"image\":{\"@id\":\"https:\\\/\\\/www.euncet.com\\\/blog\\\/es\\\/super-flexibilidad-carlos-dumois\\\/#primaryimage\"},\"thumbnailUrl\":\"https:\\\/\\\/www.euncet.com\\\/blog\\\/wp-content\\\/uploads\\\/2020\\\/06\\\/Super-Flexibilidad-Camino-de-Agilidad-Estrategica-webinar-a-cargo-de-Carlos-Dumois.gif\",\"articleSection\":[\"Liderazgo y Habilidades Directivas\",\"Nuestros Webinars\"],\"inLanguage\":\"es\"},{\"@type\":\"WebPage\",\"@id\":\"https:\\\/\\\/www.euncet.com\\\/blog\\\/es\\\/super-flexibilidad-carlos-dumois\\\/\",\"url\":\"https:\\\/\\\/www.euncet.com\\\/blog\\\/es\\\/super-flexibilidad-carlos-dumois\\\/\",\"name\":\"[Webinar] S\u00faper-Flexibilidad: Camino de Agilidad Estrat\u00e9gica | Euncet\",\"isPartOf\":{\"@id\":\"https:\\\/\\\/www.euncet.com\\\/blog\\\/es\\\/#website\"},\"primaryImageOfPage\":{\"@id\":\"https:\\\/\\\/www.euncet.com\\\/blog\\\/es\\\/super-flexibilidad-carlos-dumois\\\/#primaryimage\"},\"image\":{\"@id\":\"https:\\\/\\\/www.euncet.com\\\/blog\\\/es\\\/super-flexibilidad-carlos-dumois\\\/#primaryimage\"},\"thumbnailUrl\":\"https:\\\/\\\/www.euncet.com\\\/blog\\\/wp-content\\\/uploads\\\/2020\\\/06\\\/Super-Flexibilidad-Camino-de-Agilidad-Estrategica-webinar-a-cargo-de-Carlos-Dumois.gif\",\"datePublished\":\"2020-06-29T07:58:43+00:00\",\"dateModified\":\"2023-02-08T09:41:15+00:00\",\"author\":{\"@id\":\"https:\\\/\\\/www.euncet.com\\\/blog\\\/es\\\/#\\\/schema\\\/person\\\/8253e592273eb1f7a48788902ca03268\"},\"description\":\"Carlos Dumois, Presidente y Socio Fundador de CEDEM, ha sido el encargado de presentar el webinar \u201cS\u00faper-Flexibilidad: Camino de Agilidad Estrat\u00e9gica\u201d.\",\"breadcrumb\":{\"@id\":\"https:\\\/\\\/www.euncet.com\\\/blog\\\/es\\\/super-flexibilidad-carlos-dumois\\\/#breadcrumb\"},\"inLanguage\":\"es\",\"potentialAction\":[{\"@type\":\"ReadAction\",\"target\":[\"https:\\\/\\\/www.euncet.com\\\/blog\\\/es\\\/super-flexibilidad-carlos-dumois\\\/\"]}]},{\"@type\":\"ImageObject\",\"inLanguage\":\"es\",\"@id\":\"https:\\\/\\\/www.euncet.com\\\/blog\\\/es\\\/super-flexibilidad-carlos-dumois\\\/#primaryimage\",\"url\":\"https:\\\/\\\/www.euncet.com\\\/blog\\\/wp-content\\\/uploads\\\/2020\\\/06\\\/Super-Flexibilidad-Camino-de-Agilidad-Estrategica-webinar-a-cargo-de-Carlos-Dumois.gif\",\"contentUrl\":\"https:\\\/\\\/www.euncet.com\\\/blog\\\/wp-content\\\/uploads\\\/2020\\\/06\\\/Super-Flexibilidad-Camino-de-Agilidad-Estrategica-webinar-a-cargo-de-Carlos-Dumois.gif\",\"width\":560,\"height\":416},{\"@type\":\"BreadcrumbList\",\"@id\":\"https:\\\/\\\/www.euncet.com\\\/blog\\\/es\\\/super-flexibilidad-carlos-dumois\\\/#breadcrumb\",\"itemListElement\":[{\"@type\":\"ListItem\",\"position\":1,\"name\":\"Portada\",\"item\":\"https:\\\/\\\/www.euncet.com\\\/blog\\\/es\\\/\"},{\"@type\":\"ListItem\",\"position\":2,\"name\":\"S\u00faper-Flexibilidad: Camino de Agilidad Estrat\u00e9gica, webinar a cargo de Carlos Dumois\"}]},{\"@type\":\"WebSite\",\"@id\":\"https:\\\/\\\/www.euncet.com\\\/blog\\\/es\\\/#website\",\"url\":\"https:\\\/\\\/www.euncet.com\\\/blog\\\/es\\\/\",\"name\":\"Euncet Business School\",\"description\":\"Escuela de negocios\",\"potentialAction\":[{\"@type\":\"SearchAction\",\"target\":{\"@type\":\"EntryPoint\",\"urlTemplate\":\"https:\\\/\\\/www.euncet.com\\\/blog\\\/es\\\/?s={search_term_string}\"},\"query-input\":{\"@type\":\"PropertyValueSpecification\",\"valueRequired\":true,\"valueName\":\"search_term_string\"}}],\"inLanguage\":\"es\"},{\"@type\":\"Person\",\"@id\":\"https:\\\/\\\/www.euncet.com\\\/blog\\\/es\\\/#\\\/schema\\\/person\\\/8253e592273eb1f7a48788902ca03268\",\"name\":\"euncet\",\"image\":{\"@type\":\"ImageObject\",\"inLanguage\":\"es\",\"@id\":\"https:\\\/\\\/secure.gravatar.com\\\/avatar\\\/ee2ce5f049e82b74bcc6b8db4c5e9c717e35544f3cde91d14a3daa9827fe21f0?s=96&d=mm&r=g\",\"url\":\"https:\\\/\\\/secure.gravatar.com\\\/avatar\\\/ee2ce5f049e82b74bcc6b8db4c5e9c717e35544f3cde91d14a3daa9827fe21f0?s=96&d=mm&r=g\",\"contentUrl\":\"https:\\\/\\\/secure.gravatar.com\\\/avatar\\\/ee2ce5f049e82b74bcc6b8db4c5e9c717e35544f3cde91d14a3daa9827fe21f0?s=96&d=mm&r=g\",\"caption\":\"euncet\"},\"url\":\"https:\\\/\\\/www.euncet.com\\\/blog\\\/es\\\/author\\\/euncet\\\/\"}]}<\/script>\n<!-- \/ Yoast SEO plugin. -->","yoast_head_json":{"title":"[Webinar] S\u00faper-Flexibilidad: Camino de Agilidad Estrat\u00e9gica | Euncet","description":"Carlos Dumois, Presidente y Socio Fundador de CEDEM, ha sido el encargado de presentar el webinar \u201cS\u00faper-Flexibilidad: Camino de Agilidad Estrat\u00e9gica\u201d.","robots":{"index":"index","follow":"follow","max-snippet":"max-snippet:-1","max-image-preview":"max-image-preview:large","max-video-preview":"max-video-preview:-1"},"canonical":"https:\/\/www.euncet.com\/blog\/es\/super-flexibilidad-carlos-dumois\/","og_locale":"es_ES","og_type":"article","og_title":"[Webinar] S\u00faper-Flexibilidad: Camino de Agilidad Estrat\u00e9gica | Euncet","og_description":"Carlos Dumois, Presidente y Socio Fundador de CEDEM, ha sido el encargado de presentar el webinar \u201cS\u00faper-Flexibilidad: Camino de Agilidad Estrat\u00e9gica\u201d.","og_url":"https:\/\/www.euncet.com\/blog\/es\/super-flexibilidad-carlos-dumois\/","og_site_name":"Euncet Business School","article_publisher":"https:\/\/www.facebook.com\/euncet","article_published_time":"2020-06-29T07:58:43+00:00","article_modified_time":"2023-02-08T09:41:15+00:00","og_image":[{"width":560,"height":416,"url":"https:\/\/www.euncet.com\/blog\/wp-content\/uploads\/2020\/06\/Super-Flexibilidad-Camino-de-Agilidad-Estrategica-webinar-a-cargo-de-Carlos-Dumois.gif","type":"image\/gif"}],"author":"euncet","twitter_card":"summary_large_image","twitter_creator":"@euncet","twitter_site":"@euncet","twitter_misc":{"Escrito por":"euncet","Tiempo de lectura":"7 minutos"},"schema":{"@context":"https:\/\/schema.org","@graph":[{"@type":"Article","@id":"https:\/\/www.euncet.com\/blog\/es\/super-flexibilidad-carlos-dumois\/#article","isPartOf":{"@id":"https:\/\/www.euncet.com\/blog\/es\/super-flexibilidad-carlos-dumois\/"},"author":{"name":"euncet","@id":"https:\/\/www.euncet.com\/blog\/es\/#\/schema\/person\/8253e592273eb1f7a48788902ca03268"},"headline":"S\u00faper-Flexibilidad: Camino de Agilidad Estrat\u00e9gica, webinar a cargo de Carlos Dumois","datePublished":"2020-06-29T07:58:43+00:00","dateModified":"2023-02-08T09:41:15+00:00","mainEntityOfPage":{"@id":"https:\/\/www.euncet.com\/blog\/es\/super-flexibilidad-carlos-dumois\/"},"wordCount":1390,"image":{"@id":"https:\/\/www.euncet.com\/blog\/es\/super-flexibilidad-carlos-dumois\/#primaryimage"},"thumbnailUrl":"https:\/\/www.euncet.com\/blog\/wp-content\/uploads\/2020\/06\/Super-Flexibilidad-Camino-de-Agilidad-Estrategica-webinar-a-cargo-de-Carlos-Dumois.gif","articleSection":["Liderazgo y Habilidades Directivas","Nuestros Webinars"],"inLanguage":"es"},{"@type":"WebPage","@id":"https:\/\/www.euncet.com\/blog\/es\/super-flexibilidad-carlos-dumois\/","url":"https:\/\/www.euncet.com\/blog\/es\/super-flexibilidad-carlos-dumois\/","name":"[Webinar] S\u00faper-Flexibilidad: Camino de Agilidad Estrat\u00e9gica | Euncet","isPartOf":{"@id":"https:\/\/www.euncet.com\/blog\/es\/#website"},"primaryImageOfPage":{"@id":"https:\/\/www.euncet.com\/blog\/es\/super-flexibilidad-carlos-dumois\/#primaryimage"},"image":{"@id":"https:\/\/www.euncet.com\/blog\/es\/super-flexibilidad-carlos-dumois\/#primaryimage"},"thumbnailUrl":"https:\/\/www.euncet.com\/blog\/wp-content\/uploads\/2020\/06\/Super-Flexibilidad-Camino-de-Agilidad-Estrategica-webinar-a-cargo-de-Carlos-Dumois.gif","datePublished":"2020-06-29T07:58:43+00:00","dateModified":"2023-02-08T09:41:15+00:00","author":{"@id":"https:\/\/www.euncet.com\/blog\/es\/#\/schema\/person\/8253e592273eb1f7a48788902ca03268"},"description":"Carlos Dumois, Presidente y Socio Fundador de CEDEM, ha sido el encargado de presentar el webinar \u201cS\u00faper-Flexibilidad: Camino de Agilidad Estrat\u00e9gica\u201d.","breadcrumb":{"@id":"https:\/\/www.euncet.com\/blog\/es\/super-flexibilidad-carlos-dumois\/#breadcrumb"},"inLanguage":"es","potentialAction":[{"@type":"ReadAction","target":["https:\/\/www.euncet.com\/blog\/es\/super-flexibilidad-carlos-dumois\/"]}]},{"@type":"ImageObject","inLanguage":"es","@id":"https:\/\/www.euncet.com\/blog\/es\/super-flexibilidad-carlos-dumois\/#primaryimage","url":"https:\/\/www.euncet.com\/blog\/wp-content\/uploads\/2020\/06\/Super-Flexibilidad-Camino-de-Agilidad-Estrategica-webinar-a-cargo-de-Carlos-Dumois.gif","contentUrl":"https:\/\/www.euncet.com\/blog\/wp-content\/uploads\/2020\/06\/Super-Flexibilidad-Camino-de-Agilidad-Estrategica-webinar-a-cargo-de-Carlos-Dumois.gif","width":560,"height":416},{"@type":"BreadcrumbList","@id":"https:\/\/www.euncet.com\/blog\/es\/super-flexibilidad-carlos-dumois\/#breadcrumb","itemListElement":[{"@type":"ListItem","position":1,"name":"Portada","item":"https:\/\/www.euncet.com\/blog\/es\/"},{"@type":"ListItem","position":2,"name":"S\u00faper-Flexibilidad: Camino de Agilidad Estrat\u00e9gica, webinar a cargo de Carlos Dumois"}]},{"@type":"WebSite","@id":"https:\/\/www.euncet.com\/blog\/es\/#website","url":"https:\/\/www.euncet.com\/blog\/es\/","name":"Euncet Business School","description":"Escuela de negocios","potentialAction":[{"@type":"SearchAction","target":{"@type":"EntryPoint","urlTemplate":"https:\/\/www.euncet.com\/blog\/es\/?s={search_term_string}"},"query-input":{"@type":"PropertyValueSpecification","valueRequired":true,"valueName":"search_term_string"}}],"inLanguage":"es"},{"@type":"Person","@id":"https:\/\/www.euncet.com\/blog\/es\/#\/schema\/person\/8253e592273eb1f7a48788902ca03268","name":"euncet","image":{"@type":"ImageObject","inLanguage":"es","@id":"https:\/\/secure.gravatar.com\/avatar\/ee2ce5f049e82b74bcc6b8db4c5e9c717e35544f3cde91d14a3daa9827fe21f0?s=96&d=mm&r=g","url":"https:\/\/secure.gravatar.com\/avatar\/ee2ce5f049e82b74bcc6b8db4c5e9c717e35544f3cde91d14a3daa9827fe21f0?s=96&d=mm&r=g","contentUrl":"https:\/\/secure.gravatar.com\/avatar\/ee2ce5f049e82b74bcc6b8db4c5e9c717e35544f3cde91d14a3daa9827fe21f0?s=96&d=mm&r=g","caption":"euncet"},"url":"https:\/\/www.euncet.com\/blog\/es\/author\/euncet\/"}]}},"_links":{"self":[{"href":"https:\/\/www.euncet.com\/blog\/es\/wp-json\/wp\/v2\/posts\/44723","targetHints":{"allow":["GET"]}}],"collection":[{"href":"https:\/\/www.euncet.com\/blog\/es\/wp-json\/wp\/v2\/posts"}],"about":[{"href":"https:\/\/www.euncet.com\/blog\/es\/wp-json\/wp\/v2\/types\/post"}],"author":[{"embeddable":true,"href":"https:\/\/www.euncet.com\/blog\/es\/wp-json\/wp\/v2\/users\/28"}],"replies":[{"embeddable":true,"href":"https:\/\/www.euncet.com\/blog\/es\/wp-json\/wp\/v2\/comments?post=44723"}],"version-history":[{"count":0,"href":"https:\/\/www.euncet.com\/blog\/es\/wp-json\/wp\/v2\/posts\/44723\/revisions"}],"wp:featuredmedia":[{"embeddable":true,"href":"https:\/\/www.euncet.com\/blog\/es\/wp-json\/wp\/v2\/media\/53039"}],"wp:attachment":[{"href":"https:\/\/www.euncet.com\/blog\/es\/wp-json\/wp\/v2\/media?parent=44723"}],"wp:term":[{"taxonomy":"category","embeddable":true,"href":"https:\/\/www.euncet.com\/blog\/es\/wp-json\/wp\/v2\/categories?post=44723"},{"taxonomy":"post_tag","embeddable":true,"href":"https:\/\/www.euncet.com\/blog\/es\/wp-json\/wp\/v2\/tags?post=44723"}],"curies":[{"name":"wp","href":"https:\/\/api.w.org\/{rel}","templated":true}]}}