{"id":44933,"date":"2020-07-30T09:42:38","date_gmt":"2020-07-30T07:42:38","guid":{"rendered":"https:\/\/blog.euncet.com\/?p=44933"},"modified":"2023-06-14T16:05:41","modified_gmt":"2023-06-14T14:05:41","slug":"optimismo-duenez","status":"publish","type":"post","link":"https:\/\/www.euncet.com\/blog\/es\/optimismo-duenez\/","title":{"rendered":"El optimismo de la Due\u00f1ez, webinar a cargo de Carlos Dumois"},"content":{"rendered":"<p><\/p><div id=\"ez-toc-container\" class=\"ez-toc-v2_0_82_2 counter-hierarchy ez-toc-counter ez-toc-custom ez-toc-container-direction\">\n<div class=\"ez-toc-title-container\">\n<p class=\"ez-toc-title\" style=\"cursor:inherit\">\u00cdNDICE DE CONTENIDOS<\/p>\n<span class=\"ez-toc-title-toggle\"><a href=\"#\" class=\"ez-toc-pull-right ez-toc-btn ez-toc-btn-xs ez-toc-btn-default ez-toc-toggle\" aria-label=\"Alternar tabla de contenidos\"><span class=\"ez-toc-js-icon-con\"><span class=\"\"><span class=\"eztoc-hide\" style=\"display:none;\">Toggle<\/span><span class=\"ez-toc-icon-toggle-span\"><svg style=\"fill: #222222;color:#222222\" xmlns=\"http:\/\/www.w3.org\/2000\/svg\" class=\"list-377408\" width=\"20px\" height=\"20px\" viewBox=\"0 0 24 24\" fill=\"none\"><path d=\"M6 6H4v2h2V6zm14 0H8v2h12V6zM4 11h2v2H4v-2zm16 0H8v2h12v-2zM4 16h2v2H4v-2zm16 0H8v2h12v-2z\" fill=\"currentColor\"><\/path><\/svg><svg style=\"fill: #222222;color:#222222\" class=\"arrow-unsorted-368013\" xmlns=\"http:\/\/www.w3.org\/2000\/svg\" width=\"10px\" height=\"10px\" viewBox=\"0 0 24 24\" version=\"1.2\" baseProfile=\"tiny\"><path d=\"M18.2 9.3l-6.2-6.3-6.2 6.3c-.2.2-.3.4-.3.7s.1.5.3.7c.2.2.4.3.7.3h11c.3 0 .5-.1.7-.3.2-.2.3-.5.3-.7s-.1-.5-.3-.7zM5.8 14.7l6.2 6.3 6.2-6.3c.2-.2.3-.5.3-.7s-.1-.5-.3-.7c-.2-.2-.4-.3-.7-.3h-11c-.3 0-.5.1-.7.3-.2.2-.3.5-.3.7s.1.5.3.7z\"\/><\/svg><\/span><\/span><\/span><\/a><\/span><\/div>\n<nav><ul class='ez-toc-list ez-toc-list-level-1 ' ><li class='ez-toc-page-1 ez-toc-heading-level-2'><a class=\"ez-toc-link ez-toc-heading-1\" href=\"https:\/\/www.euncet.com\/blog\/es\/optimismo-duenez\/#Optimismo_de_la_Duenez_%C2%BFcomo_es\" >Optimismo de la Due\u00f1ez, \u00bfc\u00f3mo es?<\/a><\/li><li class='ez-toc-page-1 ez-toc-heading-level-2'><a class=\"ez-toc-link ez-toc-heading-2\" href=\"https:\/\/www.euncet.com\/blog\/es\/optimismo-duenez\/#Pilares_del_optimismo_de_la_Duenez\" >Pilares del optimismo de la Due\u00f1ez<\/a><\/li><li class='ez-toc-page-1 ez-toc-heading-level-2'><a class=\"ez-toc-link ez-toc-heading-3\" href=\"https:\/\/www.euncet.com\/blog\/es\/optimismo-duenez\/#Pesimismo\" >Pesimismo\u00a0<\/a><\/li><li class='ez-toc-page-1 ez-toc-heading-level-2'><a class=\"ez-toc-link ez-toc-heading-4\" href=\"https:\/\/www.euncet.com\/blog\/es\/optimismo-duenez\/#Generacion_de_valor\" >Generaci\u00f3n de valor\u00a0<\/a><ul class='ez-toc-list-level-3' ><li class='ez-toc-heading-level-3'><a class=\"ez-toc-link ez-toc-heading-5\" href=\"https:\/\/www.euncet.com\/blog\/es\/optimismo-duenez\/#Organizacion_%C2%BFcomo_gobierna_el_empresario\" >Organizaci\u00f3n, \u00bfc\u00f3mo gobierna el empresario?<\/a><\/li><\/ul><\/li><li class='ez-toc-page-1 ez-toc-heading-level-2'><a class=\"ez-toc-link ez-toc-heading-6\" href=\"https:\/\/www.euncet.com\/blog\/es\/optimismo-duenez\/#Multiplicacion_de_valor\" >Multiplicaci\u00f3n de valor\u00a0<\/a><ul class='ez-toc-list-level-3' ><li class='ez-toc-heading-level-3'><a class=\"ez-toc-link ez-toc-heading-7\" href=\"https:\/\/www.euncet.com\/blog\/es\/optimismo-duenez\/#Sinergia_interna_y_externa\" >Sinergia interna y externa<\/a><\/li><\/ul><\/li><li class='ez-toc-page-1 ez-toc-heading-level-2'><a class=\"ez-toc-link ez-toc-heading-8\" href=\"https:\/\/www.euncet.com\/blog\/es\/optimismo-duenez\/#Captura_de_valor\" >Captura de valor<\/a><\/li><\/ul><\/nav><\/div>\n\r\n<p><\/p>\r\n<p><\/p>\r\n<figure><img fetchpriority=\"high\" decoding=\"async\" class=\"alignleft\" src=\"https:\/\/blog.euncet.com\/wp-content\/uploads\/2020\/06\/Dumois.png\" alt=\"Carlos Dumois es Presidente y Socio de CEDEM\" width=\"246\" height=\"246\" \/><\/figure>\r\n<p><\/p>\r\n<p><a href=\"https:\/\/www.linkedin.com\/in\/carlos-dumois-0b19566a\" target=\"_blank\" rel=\"noopener noreferrer\"><strong>Carlos Dumois<\/strong><\/a>, <strong>Presidente y Socio Fundador de <\/strong><a href=\"https:\/\/cedem.com.mx\/\" target=\"_blank\" rel=\"noopener noreferrer\"><strong>CEDEM<\/strong><\/a><strong>, <\/strong>ha sido el encargado de presentar el webinar \u201c<strong>El Optimismo de la Due\u00f1ez<\/strong>\u201d. Dumois es tambi\u00e9n un destacado conferencista a nivel nacional e internacional, miembro del Consejo Asesor de Evrensel Capital Partners Inc. de Luxemburgo, as\u00ed como creador del concepto <em>Due\u00f1ez<\/em>.<\/p>\r\n<p>Siempre vinculado a la Direcci\u00f3n y Administraci\u00f3n de Empresas, Dumois ha ayudado a miles de empresarios a dirigir el crecimiento de valor de sus empresas y a ejercer su rol como due\u00f1os de manera m\u00e1s efectiva.<\/p>\r\n<p>Su experiencia como promotor e inversionista de varios negocios, le ha llevado a dedicar su vida profesional a la investigaci\u00f3n y aplicaci\u00f3n de su <a href=\"https:\/\/blog.euncet.com\/duenez-liderazgo-webinar-carlos-dumois\/\" target=\"_blank\" rel=\"noopener noreferrer\"><strong>Modelo de <\/strong><strong><em>Due\u00f1ez <\/em><\/strong><strong>Compartida y al Dise\u00f1o e Implementaci\u00f3n de Estrategias de Crecimiento de Valor<\/strong>.<\/a> Su trabajo lo ha aplicado principalmente con empresas privadas y familiares.<\/p>\r\n<p>Este webinar es la \u00faltima entrega de la serie \u00ab<strong>El Rol de Due\u00f1o en Tiempos de Incertidumbre<\/strong><strong>\u00bb<\/strong>, que <a href=\"https:\/\/cedem.com.mx\/\" target=\"_blank\" rel=\"noopener noreferrer\"><strong>CEDEM<\/strong><\/a>, en colaboraci\u00f3n con <strong>Euncet Business School, <\/strong>estuvieron impartiendo cada jueves.<\/p>\r\n<p>A partir del curso que viene Euncet Business School ofrecer\u00e1 un nuevo programa ejecutivo basado en el concepto <em>Due\u00f1e<\/em>z:<a href=\"https:\/\/www.euncet.com\/es\/programas-online\/master-innovacion-emprendimiento-empresa-familiar\/\" target=\"_blank\" rel=\"noopener noreferrer\"><strong> Executive Master en Innovaci\u00f3n y Emprendimiento en la Empresa Familiar<\/strong><\/a>. La nueva apuesta, impulsada juntamente con <strong>CEDEM<\/strong>, <strong>Foment Formaci\u00f3 y Foment Treball<\/strong>, pretende formar directivos capaces de gestionar su participaci\u00f3n en la empresa como si fueran los propietarios y de ellos dependiera la vida de su compa\u00f1\u00eda.<\/p>\r\n<h2><span class=\"ez-toc-section\" id=\"Optimismo_de_la_Duenez_%C2%BFcomo_es\"><\/span>Optimismo de la Due\u00f1ez, \u00bfc\u00f3mo es?<span class=\"ez-toc-section-end\"><\/span><\/h2>\r\n<p>La actitud esencial del due\u00f1o tiene que ver con el optimismo. El due\u00f1o siempre tiene que estar pensando que las cosas pueden mejorar. Es importante no confundirlo con una actitud esperanzada, en la que se supone que la suerte va a estar a favor de una forma pasiva.<\/p>\r\n<blockquote>\r\n<p><strong>\u201cSi hacemos lo mismo, los resultados van a ser los mismos\u201d <\/strong><\/p>\r\n<p><cite><strong>Albert Einstein<\/strong><\/cite><\/p>\r\n<\/blockquote>\r\n<figure><img decoding=\"async\" src=\"https:\/\/lh4.googleusercontent.com\/lmlO7n1EGCwsrTgM2Xxb-QGOJZZO9hKSFwrmiszAGbwgq1_FTkI1zSdQk6cDvdrJTll2IvYJLoYXMswCENCkzRdIrJnFehuxmcaprKtzeejom_K18nekhjgbMnmnGHunVs6OhIEl\" alt=\"\" \/><\/figure>\r\n<p>&nbsp;<\/p>\r\n<p>Pensando que vamos a encontrar una manera diferente de hacer las cosas y que esto puede generar resultados diferentes. El optimismo del empresario es un optimismo promotor e impulsor de \u00f3ptimos. Es un optimismo de lucha, de visi\u00f3n, de perseguir la realidad con perseverancia y que se manifiesta con pasi\u00f3n.<\/p>\r\n<h2><span class=\"ez-toc-section\" id=\"Pilares_del_optimismo_de_la_Duenez\"><\/span>Pilares del optimismo de la Due\u00f1ez<span class=\"ez-toc-section-end\"><\/span><\/h2>\r\n<ol type=\"1\">\r\n<li><strong>Confianza en s\u00ed mismo y en su organizaci\u00f3n.<\/strong><\/li>\r\n<li><strong>Confianza en su capacidad visionaria y de su equipo.<\/strong><\/li>\r\n<li><strong>Persecuci\u00f3n de la oportunidad.<\/strong><\/li>\r\n<\/ol>\r\n<p>Estos tres pilares construyen el tipo de optimismo del empresario que har\u00e1 que no deje de perseguir la renovaci\u00f3n, el buen momento, la \u00f3ptica diferente que le va a permitir descubrir el camino hacia d\u00f3nde tiene que transitar el negocio en un futuro.<\/p>\r\n<h2><span class=\"ez-toc-section\" id=\"Pesimismo\"><\/span>Pesimismo\u00a0<span class=\"ez-toc-section-end\"><\/span><\/h2>\r\n<p>Es el ant\u00f3nimo al optimismo. El pesimista observa siempre la parte negativa de cada situaci\u00f3n, con la convicci\u00f3n de que las cosas siempre ser\u00e1n peores. No se permite esforzarse para encontrar soluciones, piensa que no existe y se las niega tanto a \u00e9l como a su equipo. Contagia su postura complicando la vida a los dem\u00e1s. Prefiere lamentarse y quejarse, por lo que es incapaz de escuchar las alternativas que la realidad le ofrece, o que los dem\u00e1s le proponen. El pesimista est\u00e1 abocado al fracaso.<\/p>\r\n<figure><img decoding=\"async\" src=\"https:\/\/lh4.googleusercontent.com\/rKFPIHZkr40dmeU9HupFaJm-wwbu8WQwb9XqevAkrMtBxyTRryjEsg_gN7kBXwtFZ73xtMOhjvHKrokfDN95g_i9aa-6T2YTXO7ujuAIQp_gx-bM7W4NygWN994dBeSzohFfS70c\" alt=\"\" \/><\/figure>\r\n<p>&nbsp;<\/p>\r\n<p>La Creaci\u00f3n de Valor se da en tres espacios:<\/p>\r\n<p><strong>Mercado &#8211; Generaci\u00f3n de Valor.<\/strong> Qu\u00e9 posibilidades hay para generar m\u00e1s riqueza y diferenciarse del resto.<\/p>\r\n<p><strong>Organizaci\u00f3n &#8211; Multiplicaci\u00f3n de Valor.<\/strong> Es lo que detona que la organizaci\u00f3n encuentre las maneras de acomodarse y funcionar mejor.<\/p>\r\n<p><strong>Operaci\u00f3n &#8211; Captura de Valor. <\/strong>El empresario descubre oportunidades para capturar valor en sus inversiones, sus gastos y su informaci\u00f3n. Busca c\u00f3mo optimizar m\u00e1s su operaci\u00f3n para que genere m\u00e1s valor.<\/p>\r\n<h2><span class=\"ez-toc-section\" id=\"Generacion_de_valor\"><\/span>Generaci\u00f3n de valor\u00a0<span class=\"ez-toc-section-end\"><\/span><\/h2>\r\n<h2><img decoding=\"async\" src=\"https:\/\/lh5.googleusercontent.com\/7z0CB_jVYMg9QzyrokNqDcEPOFQsdH63nzHB7J4tQDEZXvISlZ2s06RAJARQLHvOUngKwfdhYo_7egJ8ClLouOpZOBQvwmjP3955kBtLvZtggIPR2IYB75UZ0rYSeMNAV2uRG4OA\" width=\"602\" height=\"207\" \/><\/h2>\r\n<p>Es un proceso en el que el empresario siempre est\u00e1 buscando <strong>campos f\u00e9rtiles<\/strong>, grupos de clientes que se comportan diferente en los que poder encontrar una oportunidad.<\/p>\r\n<p>Tambi\u00e9n explora c\u00f3mo construir el liderazgo de su propuesta con <strong>ventajas diferenciales<\/strong>. Rasgos \u00fanicos de su propuesta de valor que lo hacen superior.<\/p>\r\n<p>Por \u00faltimo, tambi\u00e9n tiene en cuenta c\u00f3mo posicionar y <strong>crear valor de marca.<\/strong><\/p>\r\n<h3><span class=\"ez-toc-section\" id=\"Organizacion_%C2%BFcomo_gobierna_el_empresario\"><\/span>Organizaci\u00f3n, \u00bfc\u00f3mo gobierna el empresario?<span class=\"ez-toc-section-end\"><\/span><\/h3>\r\n<p>Para gobernar la generaci\u00f3n de valor el empresario deber\u00e1 buscar cu\u00e1les son las grandes jugadas de generaci\u00f3n de valor. Otra de las cuestiones para tener en cuenta es si se est\u00e1 creando y fortaleciendo el liderazgo o si se est\u00e1 en una postura pasiva, falta de empuje. No vale la pena ser un competidor marginal. S\u00f3lo los l\u00edderes son capaces de crear valor y, para ello, deben ser capaces de realizar abandonos estrat\u00e9gicos para seguir siendo competitivos.<\/p>\r\n<h2><span class=\"ez-toc-section\" id=\"Multiplicacion_de_valor\"><\/span>Multiplicaci\u00f3n de valor\u00a0<span class=\"ez-toc-section-end\"><\/span><\/h2>\r\n<figure><img decoding=\"async\" src=\"https:\/\/lh5.googleusercontent.com\/q56v4OUYoX8fRitP7NRMvwe4YIYICMngTbtk1tplUrPCQBkdIJzIC6jR3OAeTF8uTO3Sha526X4THQJ_srKYTIYdDhRg2inldX4Rx4d5OFy_lta0VxJRlCGrnUyCkhWdhj8kjE8l\" alt=\"\" \/><\/figure>\r\n<p>&nbsp;<\/p>\r\n<p>El empresario optimista sistem\u00e1ticamente est\u00e1 viendo c\u00f3mo reacomodar los recursos en su organizaci\u00f3n.<\/p>\r\n<p>La <strong>actualizaci\u00f3n de la querencia empresarial<\/strong> es el motor de la multiplicaci\u00f3n de valor. Es una manera de afinar y enfocar la voluntad y valores de la organizaci\u00f3n para crear una voluntad compartida: un querer de equipo. Comprometer a nuestro equipo con la visi\u00f3n es actualizar la querencia empresarial.<\/p>\r\n<blockquote>\r\n<p><strong>\u201cEl Optimismo y la Due\u00f1ez del empresario se conjuga en gerundio, actualizando la Querencia Empresarial\u201d <\/strong><\/p>\r\n<p><cite><strong>Carlos Dumois<\/strong><\/cite><\/p>\r\n<\/blockquote>\r\n<p>Ser\u00e1 importante redise\u00f1ar y orquestar la f\u00f3rmula de gobierno o estructura de organizaci\u00f3n constantemente.<\/p>\r\n<p>Por \u00faltimo, otra de las miradas dentro de la multiplicaci\u00f3n de valor es la de asegurar que la f\u00f3rmula de propiedad favorezca la sinergia interna, con la capacidad de gesti\u00f3n y liderazgo dentro de la organizaci\u00f3n, y con la sinergia externa, las alianzas estrat\u00e9gicas y asociaciones, fusiones y adquisiciones.<\/p>\r\n<h3><span class=\"ez-toc-section\" id=\"Sinergia_interna_y_externa\"><\/span>Sinergia interna y externa<span class=\"ez-toc-section-end\"><\/span><\/h3>\r\n<figure><img decoding=\"async\" src=\"https:\/\/lh3.googleusercontent.com\/jqlvq2gbl3_Iqxv6FOVA_nIEtuWSff33nD_P_FnzQEQUlq2PucTWvB7v4z6uUjcSdrhPSpOioPlTtlSN5GSk2kwVCRhHeZT7rum1LoOHn2-KK12Kn4GENhVB6lUOCDffYqocERH3\" alt=\"\" \/><\/figure>\r\n<p>&nbsp;<\/p>\r\n<p>La <strong>sinergia interna<\/strong> es complementariedad y trabajo en equipo. Si el empresario y su gente clave son diferentes y tienen diferentes formas de ser y de hacer conviene explorar c\u00f3mo <a href=\"https:\/\/blog.euncet.com\/estrategia-talento-webinar\/\" target=\"_blank\" rel=\"noopener noreferrer\"><strong>aprovechar mejor sus talentos<\/strong><\/a> y cu\u00e1les faltan para que se complemente. Se crean estructuras modulares y flexibles que puedan complementarse mejor.<\/p>\r\n<p>Tambi\u00e9n se debe crear compromiso colectivo y di\u00e1logos de calidad que ayuden a escuchar distintos puntos de vista y para tener en cuenta capacidades y talentos diferentes.<\/p>\r\n<figure><img decoding=\"async\" src=\"https:\/\/lh3.googleusercontent.com\/XqcJy7J1pdjCOQ8K_6girCZc976FyFS_8UHr7Pw3nhBnVQCqbaJ63UrdGJfSgH4UB1VTfAUo1lVdE8U5TaQwoRbAnBv7kvfBdi8HxE6lGP8E8YFD48Z7bX1cwLkJWTzykA4b5oKo\" alt=\"\" \/><\/figure>\r\n<p>&nbsp;<\/p>\r\n<p>La <strong>sinergia externa <\/strong>muestra que la <strong>capacidad multiplicadora a veces est\u00e1 fuera<\/strong>. Se buscan maneras de c\u00f3mo sumar las capacidades a trav\u00e9s de <strong>alianzas estrat\u00e9gicas, outsourcing, fusiones y adquisiciones o coinversiones y sociedades<\/strong>. Para <strong>gestionar la sinergia externa se debe estar en una b\u00fasqueda y selecci\u00f3n constante y negociar y manejar<\/strong> esas relaciones de fuerzas poderosas que se unen para convertirse en un \u00fanico vector.<\/p>\r\n<p>Cuestionarse cu\u00e1les son las condiciones de crecimiento de cada f\u00f3rmula de negocio ayudar\u00e1 a conocer los l\u00edmites de crecimiento. Si no se identifican cu\u00e1les son los motores de multiplicaci\u00f3n de valor ser\u00e1 imposible conocer la estrategia para detonar el crecimiento del negocio.<\/p>\r\n<p>Sincronizar la sinergia interna, entre equipos de trabajo y l\u00edderes de la organizaci\u00f3n, con la sinergia externa, aliados y socios, ser\u00e1 lo que haga que se detone la multiplicaci\u00f3n de valor.<\/p>\r\n<p>Este hacer equipos internos y alianzas con equipos externos es en lo que consiste el Optimismo de la Due\u00f1ez en la Multiplicaci\u00f3n de Valor.<\/p>\r\n<h2><span class=\"ez-toc-section\" id=\"Captura_de_valor\"><\/span>Captura de valor<span class=\"ez-toc-section-end\"><\/span><\/h2>\r\n<figure><img decoding=\"async\" src=\"https:\/\/lh5.googleusercontent.com\/-dFOsADZBaU8T_sWsd7tQu4VOTuKPvsyGxLEN8fOPBc-SfS01V1886JvwAdCINNMC8qvnpYHQHdJYZ8H4p4KoflwCeSZLPboro64bXZj94O_AIdIk4NgM2cS6YG-2_1OacHi2DbF\" alt=\"\" \/><\/figure>\r\n<p>&nbsp;<\/p>\r\n<p>Por \u00faltimo, el Optimismo de la Due\u00f1ez en la captura de valor consiste en alinear todo lo que se hace para que el valor permanezca en el negocio.<\/p>\r\n<p>Primero, se deber\u00e1 <strong>asegurar que toda la organizaci\u00f3n se concentra en las prioridades estrat\u00e9gicas,<\/strong> aquellas actividades y funciones que refuerzan los motores de multiplicaci\u00f3n y refuerzan las ventajas diferenciales. Se optimiza tambi\u00e9n la captura de valor <strong>alineando de forma estrat\u00e9gica las inversiones y gastos<\/strong>. Junto con esto, se <strong>afinan los indicadores y sistemas de informaci\u00f3n para medir y monitorear lo relevante<\/strong>.<\/p>\r\n<p>Para gobernar la captura de valor primero se deber\u00e1 cuestionar si se ha alineado la organizaci\u00f3n hacia el proyecto de crecimiento, si se cuenta con los recursos materiales y tecnol\u00f3gicos necesarios, y si se debe realizar alg\u00fan cambio en los sistemas de informaci\u00f3n de la organizaci\u00f3n.<\/p>\r\n<p>As\u00ed pues, la situaci\u00f3n que se enfrente, por m\u00e1s cr\u00edtica que sea, presenta siempre posibilidades de optimizaci\u00f3n. La labor del l\u00edder de la Due\u00f1ez es descubrir las oportunidades en el estrecho margen de maniobra que la situaci\u00f3n nos ofrece y explotarlas a cabalidad.<\/p>\r\n<blockquote>\r\n<p><strong>\u201cEn la oportunidad est\u00e1 el trabajo del empresario. En la oportunidad est\u00e1 el optimismo de la organizaci\u00f3n\u201d <\/strong><\/p>\r\n<p><cite><strong>Carlos Dumois<\/strong><\/cite><\/p>\r\n<p><iframe title=\"\ud83d\udcbb Webinar | El optimismo de la Due\u00f1ez de Carlos Dumois junto a CEDEM y Foment Formaci\u00f3\" width=\"800\" height=\"450\" src=\"https:\/\/www.youtube.com\/embed\/dDre7L9xMo8?feature=oembed\" frameborder=\"0\" allow=\"accelerometer; autoplay; clipboard-write; encrypted-media; gyroscope; picture-in-picture; web-share\" referrerpolicy=\"strict-origin-when-cross-origin\" allowfullscreen><\/iframe><\/p>\r\n<\/blockquote>\r\n<p><\/p>","protected":false},"excerpt":{"rendered":"<p>Carlos Dumois, Presidente y Socio Fundador de CEDEM, ha sido el encargado de presentar el webinar \u201cEl Optimismo de la Due\u00f1ez\u201d. Dumois es tambi\u00e9n un destacado conferencista a nivel nacional e internacional, miembro del Consejo Asesor de Evrensel Capital Partners Inc. de Luxemburgo, as\u00ed como creador del concepto Due\u00f1ez. Siempre vinculado a la Direcci\u00f3n y [&hellip;]<\/p>\n","protected":false},"author":28,"featured_media":60772,"comment_status":"closed","ping_status":"open","sticky":false,"template":"","format":"standard","meta":{"_acf_changed":false,"footnotes":""},"categories":[292,286],"tags":[],"class_list":["post-44933","post","type-post","status-publish","format-standard","has-post-thumbnail","hentry","category-leadership-management","category-webinars"],"acf":[],"yoast_head":"<!-- This site is optimized with the Yoast SEO plugin v27.5 - https:\/\/yoast.com\/product\/yoast-seo-wordpress\/ -->\n<title>El optimismo de la Due\u00f1ez, webinar de Carlos Dumois | Euncet<\/title>\n<meta name=\"description\" content=\"Carlos Dumois, Presidente y Socio Fundador de CEDEM, ha sido el encargado de presentar el webinar \u201cEl optimismo de la Due\u00f1ez\u201d.\" \/>\n<meta name=\"robots\" content=\"index, follow, max-snippet:-1, max-image-preview:large, max-video-preview:-1\" \/>\n<link rel=\"canonical\" href=\"https:\/\/www.euncet.com\/blog\/es\/optimismo-duenez\/\" \/>\n<meta property=\"og:locale\" content=\"es_ES\" \/>\n<meta property=\"og:type\" content=\"article\" \/>\n<meta property=\"og:title\" content=\"El optimismo de la Due\u00f1ez, webinar de Carlos Dumois | Euncet\" \/>\n<meta property=\"og:description\" content=\"Carlos Dumois, Presidente y Socio Fundador de CEDEM, ha sido el encargado de presentar el webinar \u201cEl optimismo de la Due\u00f1ez\u201d.\" \/>\n<meta property=\"og:url\" content=\"https:\/\/www.euncet.com\/blog\/es\/optimismo-duenez\/\" \/>\n<meta property=\"og:site_name\" content=\"Euncet Business School\" \/>\n<meta property=\"article:publisher\" content=\"https:\/\/www.facebook.com\/euncet\" \/>\n<meta property=\"article:published_time\" content=\"2020-07-30T07:42:38+00:00\" \/>\n<meta property=\"article:modified_time\" content=\"2023-06-14T14:05:41+00:00\" \/>\n<meta property=\"og:image\" content=\"https:\/\/www.euncet.com\/blog\/wp-content\/uploads\/2020\/07\/PORTADA_BLOG_PRIMAVERA-1.jpg\" \/>\n\t<meta property=\"og:image:width\" content=\"1024\" \/>\n\t<meta property=\"og:image:height\" content=\"615\" \/>\n\t<meta property=\"og:image:type\" content=\"image\/jpeg\" \/>\n<meta name=\"author\" content=\"euncet\" \/>\n<meta name=\"twitter:card\" content=\"summary_large_image\" \/>\n<meta name=\"twitter:creator\" content=\"@euncet\" \/>\n<meta name=\"twitter:site\" content=\"@euncet\" \/>\n<meta name=\"twitter:label1\" content=\"Escrito por\" \/>\n\t<meta name=\"twitter:data1\" content=\"euncet\" \/>\n\t<meta name=\"twitter:label2\" content=\"Tiempo de lectura\" \/>\n\t<meta name=\"twitter:data2\" content=\"7 minutos\" \/>\n<script type=\"application\/ld+json\" class=\"yoast-schema-graph\">{\"@context\":\"https:\\\/\\\/schema.org\",\"@graph\":[{\"@type\":\"Article\",\"@id\":\"https:\\\/\\\/www.euncet.com\\\/blog\\\/es\\\/optimismo-duenez\\\/#article\",\"isPartOf\":{\"@id\":\"https:\\\/\\\/www.euncet.com\\\/blog\\\/es\\\/optimismo-duenez\\\/\"},\"author\":{\"name\":\"euncet\",\"@id\":\"https:\\\/\\\/www.euncet.com\\\/blog\\\/es\\\/#\\\/schema\\\/person\\\/8253e592273eb1f7a48788902ca03268\"},\"headline\":\"El optimismo de la Due\u00f1ez, webinar a cargo de Carlos Dumois\",\"datePublished\":\"2020-07-30T07:42:38+00:00\",\"dateModified\":\"2023-06-14T14:05:41+00:00\",\"mainEntityOfPage\":{\"@id\":\"https:\\\/\\\/www.euncet.com\\\/blog\\\/es\\\/optimismo-duenez\\\/\"},\"wordCount\":1463,\"image\":{\"@id\":\"https:\\\/\\\/www.euncet.com\\\/blog\\\/es\\\/optimismo-duenez\\\/#primaryimage\"},\"thumbnailUrl\":\"https:\\\/\\\/www.euncet.com\\\/blog\\\/wp-content\\\/uploads\\\/2020\\\/07\\\/PORTADA_BLOG_PRIMAVERA-1.jpg\",\"articleSection\":[\"Liderazgo y Habilidades Directivas\",\"Nuestros Webinars\"],\"inLanguage\":\"es\"},{\"@type\":\"WebPage\",\"@id\":\"https:\\\/\\\/www.euncet.com\\\/blog\\\/es\\\/optimismo-duenez\\\/\",\"url\":\"https:\\\/\\\/www.euncet.com\\\/blog\\\/es\\\/optimismo-duenez\\\/\",\"name\":\"El optimismo de la Due\u00f1ez, webinar de Carlos Dumois | Euncet\",\"isPartOf\":{\"@id\":\"https:\\\/\\\/www.euncet.com\\\/blog\\\/es\\\/#website\"},\"primaryImageOfPage\":{\"@id\":\"https:\\\/\\\/www.euncet.com\\\/blog\\\/es\\\/optimismo-duenez\\\/#primaryimage\"},\"image\":{\"@id\":\"https:\\\/\\\/www.euncet.com\\\/blog\\\/es\\\/optimismo-duenez\\\/#primaryimage\"},\"thumbnailUrl\":\"https:\\\/\\\/www.euncet.com\\\/blog\\\/wp-content\\\/uploads\\\/2020\\\/07\\\/PORTADA_BLOG_PRIMAVERA-1.jpg\",\"datePublished\":\"2020-07-30T07:42:38+00:00\",\"dateModified\":\"2023-06-14T14:05:41+00:00\",\"author\":{\"@id\":\"https:\\\/\\\/www.euncet.com\\\/blog\\\/es\\\/#\\\/schema\\\/person\\\/8253e592273eb1f7a48788902ca03268\"},\"description\":\"Carlos Dumois, Presidente y Socio Fundador de CEDEM, ha sido el encargado de presentar el webinar \u201cEl optimismo de la Due\u00f1ez\u201d.\",\"breadcrumb\":{\"@id\":\"https:\\\/\\\/www.euncet.com\\\/blog\\\/es\\\/optimismo-duenez\\\/#breadcrumb\"},\"inLanguage\":\"es\",\"potentialAction\":[{\"@type\":\"ReadAction\",\"target\":[\"https:\\\/\\\/www.euncet.com\\\/blog\\\/es\\\/optimismo-duenez\\\/\"]}]},{\"@type\":\"ImageObject\",\"inLanguage\":\"es\",\"@id\":\"https:\\\/\\\/www.euncet.com\\\/blog\\\/es\\\/optimismo-duenez\\\/#primaryimage\",\"url\":\"https:\\\/\\\/www.euncet.com\\\/blog\\\/wp-content\\\/uploads\\\/2020\\\/07\\\/PORTADA_BLOG_PRIMAVERA-1.jpg\",\"contentUrl\":\"https:\\\/\\\/www.euncet.com\\\/blog\\\/wp-content\\\/uploads\\\/2020\\\/07\\\/PORTADA_BLOG_PRIMAVERA-1.jpg\",\"width\":1024,\"height\":615},{\"@type\":\"BreadcrumbList\",\"@id\":\"https:\\\/\\\/www.euncet.com\\\/blog\\\/es\\\/optimismo-duenez\\\/#breadcrumb\",\"itemListElement\":[{\"@type\":\"ListItem\",\"position\":1,\"name\":\"Portada\",\"item\":\"https:\\\/\\\/www.euncet.com\\\/blog\\\/es\\\/\"},{\"@type\":\"ListItem\",\"position\":2,\"name\":\"El optimismo de la Due\u00f1ez, webinar a cargo de Carlos Dumois\"}]},{\"@type\":\"WebSite\",\"@id\":\"https:\\\/\\\/www.euncet.com\\\/blog\\\/es\\\/#website\",\"url\":\"https:\\\/\\\/www.euncet.com\\\/blog\\\/es\\\/\",\"name\":\"Euncet Business School\",\"description\":\"Escuela de negocios\",\"potentialAction\":[{\"@type\":\"SearchAction\",\"target\":{\"@type\":\"EntryPoint\",\"urlTemplate\":\"https:\\\/\\\/www.euncet.com\\\/blog\\\/es\\\/?s={search_term_string}\"},\"query-input\":{\"@type\":\"PropertyValueSpecification\",\"valueRequired\":true,\"valueName\":\"search_term_string\"}}],\"inLanguage\":\"es\"},{\"@type\":\"Person\",\"@id\":\"https:\\\/\\\/www.euncet.com\\\/blog\\\/es\\\/#\\\/schema\\\/person\\\/8253e592273eb1f7a48788902ca03268\",\"name\":\"euncet\",\"image\":{\"@type\":\"ImageObject\",\"inLanguage\":\"es\",\"@id\":\"https:\\\/\\\/secure.gravatar.com\\\/avatar\\\/ee2ce5f049e82b74bcc6b8db4c5e9c717e35544f3cde91d14a3daa9827fe21f0?s=96&d=mm&r=g\",\"url\":\"https:\\\/\\\/secure.gravatar.com\\\/avatar\\\/ee2ce5f049e82b74bcc6b8db4c5e9c717e35544f3cde91d14a3daa9827fe21f0?s=96&d=mm&r=g\",\"contentUrl\":\"https:\\\/\\\/secure.gravatar.com\\\/avatar\\\/ee2ce5f049e82b74bcc6b8db4c5e9c717e35544f3cde91d14a3daa9827fe21f0?s=96&d=mm&r=g\",\"caption\":\"euncet\"},\"url\":\"https:\\\/\\\/www.euncet.com\\\/blog\\\/es\\\/author\\\/euncet\\\/\"}]}<\/script>\n<!-- \/ Yoast SEO plugin. -->","yoast_head_json":{"title":"El optimismo de la Due\u00f1ez, webinar de Carlos Dumois | Euncet","description":"Carlos Dumois, Presidente y Socio Fundador de CEDEM, ha sido el encargado de presentar el webinar \u201cEl optimismo de la Due\u00f1ez\u201d.","robots":{"index":"index","follow":"follow","max-snippet":"max-snippet:-1","max-image-preview":"max-image-preview:large","max-video-preview":"max-video-preview:-1"},"canonical":"https:\/\/www.euncet.com\/blog\/es\/optimismo-duenez\/","og_locale":"es_ES","og_type":"article","og_title":"El optimismo de la Due\u00f1ez, webinar de Carlos Dumois | Euncet","og_description":"Carlos Dumois, Presidente y Socio Fundador de CEDEM, ha sido el encargado de presentar el webinar \u201cEl optimismo de la Due\u00f1ez\u201d.","og_url":"https:\/\/www.euncet.com\/blog\/es\/optimismo-duenez\/","og_site_name":"Euncet Business School","article_publisher":"https:\/\/www.facebook.com\/euncet","article_published_time":"2020-07-30T07:42:38+00:00","article_modified_time":"2023-06-14T14:05:41+00:00","og_image":[{"width":1024,"height":615,"url":"https:\/\/www.euncet.com\/blog\/wp-content\/uploads\/2020\/07\/PORTADA_BLOG_PRIMAVERA-1.jpg","type":"image\/jpeg"}],"author":"euncet","twitter_card":"summary_large_image","twitter_creator":"@euncet","twitter_site":"@euncet","twitter_misc":{"Escrito por":"euncet","Tiempo de lectura":"7 minutos"},"schema":{"@context":"https:\/\/schema.org","@graph":[{"@type":"Article","@id":"https:\/\/www.euncet.com\/blog\/es\/optimismo-duenez\/#article","isPartOf":{"@id":"https:\/\/www.euncet.com\/blog\/es\/optimismo-duenez\/"},"author":{"name":"euncet","@id":"https:\/\/www.euncet.com\/blog\/es\/#\/schema\/person\/8253e592273eb1f7a48788902ca03268"},"headline":"El optimismo de la Due\u00f1ez, webinar a cargo de Carlos Dumois","datePublished":"2020-07-30T07:42:38+00:00","dateModified":"2023-06-14T14:05:41+00:00","mainEntityOfPage":{"@id":"https:\/\/www.euncet.com\/blog\/es\/optimismo-duenez\/"},"wordCount":1463,"image":{"@id":"https:\/\/www.euncet.com\/blog\/es\/optimismo-duenez\/#primaryimage"},"thumbnailUrl":"https:\/\/www.euncet.com\/blog\/wp-content\/uploads\/2020\/07\/PORTADA_BLOG_PRIMAVERA-1.jpg","articleSection":["Liderazgo y Habilidades Directivas","Nuestros Webinars"],"inLanguage":"es"},{"@type":"WebPage","@id":"https:\/\/www.euncet.com\/blog\/es\/optimismo-duenez\/","url":"https:\/\/www.euncet.com\/blog\/es\/optimismo-duenez\/","name":"El optimismo de la Due\u00f1ez, webinar de Carlos Dumois | Euncet","isPartOf":{"@id":"https:\/\/www.euncet.com\/blog\/es\/#website"},"primaryImageOfPage":{"@id":"https:\/\/www.euncet.com\/blog\/es\/optimismo-duenez\/#primaryimage"},"image":{"@id":"https:\/\/www.euncet.com\/blog\/es\/optimismo-duenez\/#primaryimage"},"thumbnailUrl":"https:\/\/www.euncet.com\/blog\/wp-content\/uploads\/2020\/07\/PORTADA_BLOG_PRIMAVERA-1.jpg","datePublished":"2020-07-30T07:42:38+00:00","dateModified":"2023-06-14T14:05:41+00:00","author":{"@id":"https:\/\/www.euncet.com\/blog\/es\/#\/schema\/person\/8253e592273eb1f7a48788902ca03268"},"description":"Carlos Dumois, Presidente y Socio Fundador de CEDEM, ha sido el encargado de presentar el webinar \u201cEl optimismo de la Due\u00f1ez\u201d.","breadcrumb":{"@id":"https:\/\/www.euncet.com\/blog\/es\/optimismo-duenez\/#breadcrumb"},"inLanguage":"es","potentialAction":[{"@type":"ReadAction","target":["https:\/\/www.euncet.com\/blog\/es\/optimismo-duenez\/"]}]},{"@type":"ImageObject","inLanguage":"es","@id":"https:\/\/www.euncet.com\/blog\/es\/optimismo-duenez\/#primaryimage","url":"https:\/\/www.euncet.com\/blog\/wp-content\/uploads\/2020\/07\/PORTADA_BLOG_PRIMAVERA-1.jpg","contentUrl":"https:\/\/www.euncet.com\/blog\/wp-content\/uploads\/2020\/07\/PORTADA_BLOG_PRIMAVERA-1.jpg","width":1024,"height":615},{"@type":"BreadcrumbList","@id":"https:\/\/www.euncet.com\/blog\/es\/optimismo-duenez\/#breadcrumb","itemListElement":[{"@type":"ListItem","position":1,"name":"Portada","item":"https:\/\/www.euncet.com\/blog\/es\/"},{"@type":"ListItem","position":2,"name":"El optimismo de la Due\u00f1ez, webinar a cargo de Carlos Dumois"}]},{"@type":"WebSite","@id":"https:\/\/www.euncet.com\/blog\/es\/#website","url":"https:\/\/www.euncet.com\/blog\/es\/","name":"Euncet Business School","description":"Escuela de negocios","potentialAction":[{"@type":"SearchAction","target":{"@type":"EntryPoint","urlTemplate":"https:\/\/www.euncet.com\/blog\/es\/?s={search_term_string}"},"query-input":{"@type":"PropertyValueSpecification","valueRequired":true,"valueName":"search_term_string"}}],"inLanguage":"es"},{"@type":"Person","@id":"https:\/\/www.euncet.com\/blog\/es\/#\/schema\/person\/8253e592273eb1f7a48788902ca03268","name":"euncet","image":{"@type":"ImageObject","inLanguage":"es","@id":"https:\/\/secure.gravatar.com\/avatar\/ee2ce5f049e82b74bcc6b8db4c5e9c717e35544f3cde91d14a3daa9827fe21f0?s=96&d=mm&r=g","url":"https:\/\/secure.gravatar.com\/avatar\/ee2ce5f049e82b74bcc6b8db4c5e9c717e35544f3cde91d14a3daa9827fe21f0?s=96&d=mm&r=g","contentUrl":"https:\/\/secure.gravatar.com\/avatar\/ee2ce5f049e82b74bcc6b8db4c5e9c717e35544f3cde91d14a3daa9827fe21f0?s=96&d=mm&r=g","caption":"euncet"},"url":"https:\/\/www.euncet.com\/blog\/es\/author\/euncet\/"}]}},"_links":{"self":[{"href":"https:\/\/www.euncet.com\/blog\/es\/wp-json\/wp\/v2\/posts\/44933","targetHints":{"allow":["GET"]}}],"collection":[{"href":"https:\/\/www.euncet.com\/blog\/es\/wp-json\/wp\/v2\/posts"}],"about":[{"href":"https:\/\/www.euncet.com\/blog\/es\/wp-json\/wp\/v2\/types\/post"}],"author":[{"embeddable":true,"href":"https:\/\/www.euncet.com\/blog\/es\/wp-json\/wp\/v2\/users\/28"}],"replies":[{"embeddable":true,"href":"https:\/\/www.euncet.com\/blog\/es\/wp-json\/wp\/v2\/comments?post=44933"}],"version-history":[{"count":0,"href":"https:\/\/www.euncet.com\/blog\/es\/wp-json\/wp\/v2\/posts\/44933\/revisions"}],"wp:featuredmedia":[{"embeddable":true,"href":"https:\/\/www.euncet.com\/blog\/es\/wp-json\/wp\/v2\/media\/60772"}],"wp:attachment":[{"href":"https:\/\/www.euncet.com\/blog\/es\/wp-json\/wp\/v2\/media?parent=44933"}],"wp:term":[{"taxonomy":"category","embeddable":true,"href":"https:\/\/www.euncet.com\/blog\/es\/wp-json\/wp\/v2\/categories?post=44933"},{"taxonomy":"post_tag","embeddable":true,"href":"https:\/\/www.euncet.com\/blog\/es\/wp-json\/wp\/v2\/tags?post=44933"}],"curies":[{"name":"wp","href":"https:\/\/api.w.org\/{rel}","templated":true}]}}