{"id":48332,"date":"2021-02-15T17:41:00","date_gmt":"2021-02-15T16:41:00","guid":{"rendered":"https:\/\/blog.euncet.com\/?p=48332"},"modified":"2022-06-27T17:57:54","modified_gmt":"2022-06-27T15:57:54","slug":"neurociencia-y-management-para-liderar-mas-eficaz","status":"publish","type":"post","link":"https:\/\/www.euncet.com\/blog\/es\/neurociencia-y-management-para-liderar-mas-eficaz\/","title":{"rendered":"Neurociencia y management para liderar eficazmente a tu equipo"},"content":{"rendered":"<p><span style=\"font-weight: 400;\">La neurociencia y el management son conceptos que hace a\u00f1os que van de la mano, aunque parece que ahora es cuando, realmente, se est\u00e1n popularizando.<\/span><\/p><div id=\"ez-toc-container\" class=\"ez-toc-v2_0_82_2 counter-hierarchy ez-toc-counter ez-toc-custom ez-toc-container-direction\">\n<div class=\"ez-toc-title-container\">\n<p class=\"ez-toc-title\" style=\"cursor:inherit\">\u00cdNDICE DE CONTENIDOS<\/p>\n<span class=\"ez-toc-title-toggle\"><a href=\"#\" class=\"ez-toc-pull-right ez-toc-btn ez-toc-btn-xs ez-toc-btn-default ez-toc-toggle\" aria-label=\"Alternar tabla de contenidos\"><span class=\"ez-toc-js-icon-con\"><span class=\"\"><span class=\"eztoc-hide\" style=\"display:none;\">Toggle<\/span><span class=\"ez-toc-icon-toggle-span\"><svg style=\"fill: #222222;color:#222222\" xmlns=\"http:\/\/www.w3.org\/2000\/svg\" class=\"list-377408\" width=\"20px\" height=\"20px\" viewBox=\"0 0 24 24\" fill=\"none\"><path d=\"M6 6H4v2h2V6zm14 0H8v2h12V6zM4 11h2v2H4v-2zm16 0H8v2h12v-2zM4 16h2v2H4v-2zm16 0H8v2h12v-2z\" fill=\"currentColor\"><\/path><\/svg><svg style=\"fill: #222222;color:#222222\" class=\"arrow-unsorted-368013\" xmlns=\"http:\/\/www.w3.org\/2000\/svg\" width=\"10px\" height=\"10px\" viewBox=\"0 0 24 24\" version=\"1.2\" baseProfile=\"tiny\"><path d=\"M18.2 9.3l-6.2-6.3-6.2 6.3c-.2.2-.3.4-.3.7s.1.5.3.7c.2.2.4.3.7.3h11c.3 0 .5-.1.7-.3.2-.2.3-.5.3-.7s-.1-.5-.3-.7zM5.8 14.7l6.2 6.3 6.2-6.3c.2-.2.3-.5.3-.7s-.1-.5-.3-.7c-.2-.2-.4-.3-.7-.3h-11c-.3 0-.5.1-.7.3-.2.2-.3.5-.3.7s.1.5.3.7z\"\/><\/svg><\/span><\/span><\/span><\/a><\/span><\/div>\n<nav><ul class='ez-toc-list ez-toc-list-level-1 ' ><li class='ez-toc-page-1 ez-toc-heading-level-2'><a class=\"ez-toc-link ez-toc-heading-1\" href=\"https:\/\/www.euncet.com\/blog\/es\/neurociencia-y-management-para-liderar-mas-eficaz\/#%C2%BFQue_es_la_inteligencia_emocional\" >\u00bfQu\u00e9 es la inteligencia emocional?<\/a><\/li><li class='ez-toc-page-1 ez-toc-heading-level-2'><a class=\"ez-toc-link ez-toc-heading-2\" href=\"https:\/\/www.euncet.com\/blog\/es\/neurociencia-y-management-para-liderar-mas-eficaz\/#Mitos_sobre_inteligencia_emocional_neurociencia_y_liderazgo\" >Mitos sobre inteligencia emocional, neurociencia y liderazgo<\/a><ul class='ez-toc-list-level-3' ><li class='ez-toc-heading-level-3'><a class=\"ez-toc-link ez-toc-heading-3\" href=\"https:\/\/www.euncet.com\/blog\/es\/neurociencia-y-management-para-liderar-mas-eficaz\/#Trabajar_la_inteligencia_emocional_implica_hablar_de_la_vida_privada\" >Trabajar la inteligencia emocional implica hablar de la vida privada<\/a><\/li><li class='ez-toc-page-1 ez-toc-heading-level-3'><a class=\"ez-toc-link ez-toc-heading-4\" href=\"https:\/\/www.euncet.com\/blog\/es\/neurociencia-y-management-para-liderar-mas-eficaz\/#Las_mujeres_tienen_mas_inteligencia_emocional_que_los_hombres\" >Las mujeres tienen m\u00e1s inteligencia emocional que los hombres<\/a><\/li><li class='ez-toc-page-1 ez-toc-heading-level-3'><a class=\"ez-toc-link ez-toc-heading-5\" href=\"https:\/\/www.euncet.com\/blog\/es\/neurociencia-y-management-para-liderar-mas-eficaz\/#Las_habilidades_directivas_son_tomadas_como_%E2%80%98algo_etereo\" >Las habilidades directivas son tomadas como \u2018algo et\u00e9reo\u2019<\/a><\/li><li class='ez-toc-page-1 ez-toc-heading-level-3'><a class=\"ez-toc-link ez-toc-heading-6\" href=\"https:\/\/www.euncet.com\/blog\/es\/neurociencia-y-management-para-liderar-mas-eficaz\/#La_inteligencia_cognitiva_es_lo_que_nos_hara_ser_mejores_lideres\" >La inteligencia cognitiva es lo que nos har\u00e1 ser mejores l\u00edderes<\/a><\/li><li class='ez-toc-page-1 ez-toc-heading-level-3'><a class=\"ez-toc-link ez-toc-heading-7\" href=\"https:\/\/www.euncet.com\/blog\/es\/neurociencia-y-management-para-liderar-mas-eficaz\/#Eficacia_vs_eficiencia\" >Eficacia vs eficiencia<\/a><\/li><li class='ez-toc-page-1 ez-toc-heading-level-3'><a class=\"ez-toc-link ez-toc-heading-8\" href=\"https:\/\/www.euncet.com\/blog\/es\/neurociencia-y-management-para-liderar-mas-eficaz\/#Ser_un_gran_lider_vs_ser_un_gerente_enfocado_a_resultados\" >Ser un gran l\u00edder vs. ser un gerente enfocado a resultados<\/a><\/li><\/ul><\/li><\/ul><\/nav><\/div>\n\n<p><span style=\"font-weight: 400;\">Ser conscientes del potencial que tiene combinarlos es fundamental para llegar a liderar con \u00e9xito.\u00a0<\/span><\/p>\n<p><span style=\"font-weight: 400;\"><img decoding=\"async\" class=\"alignleft wp-image-44234\" src=\"https:\/\/blog.euncet.com\/wp-content\/uploads\/2020\/05\/monica_utrera.png\" alt=\"M\u00f2nica Utrera, consultora y directiva\" width=\"158\" height=\"163\" srcset=\"https:\/\/www.euncet.com\/blog\/wp-content\/uploads\/2020\/05\/monica_utrera.png 1472w, https:\/\/www.euncet.com\/blog\/wp-content\/uploads\/2020\/05\/monica_utrera-990x1030.png 990w, https:\/\/www.euncet.com\/blog\/wp-content\/uploads\/2020\/05\/monica_utrera-77x80.png 77w, https:\/\/www.euncet.com\/blog\/wp-content\/uploads\/2020\/05\/monica_utrera-768x799.png 768w, https:\/\/www.euncet.com\/blog\/wp-content\/uploads\/2020\/05\/monica_utrera-36x36.png 36w, https:\/\/www.euncet.com\/blog\/wp-content\/uploads\/2020\/05\/monica_utrera-1442x1500.png 1442w, https:\/\/www.euncet.com\/blog\/wp-content\/uploads\/2020\/05\/monica_utrera-678x705.png 678w, https:\/\/www.euncet.com\/blog\/wp-content\/uploads\/2020\/05\/monica_utrera-450x468.png 450w\" sizes=\"(max-width: 158px) 100vw, 158px\" \/>La<\/span><a href=\"https:\/\/www.linkedin.com\/in\/monicautrera\/?originalSubdomain=es\" target=\"_blank\" rel=\"noopener noreferrer\"><span style=\"font-weight: 400;\"> d<\/span><span style=\"font-weight: 400;\">ra. M\u00f3nica Utrera<\/span><\/a><span style=\"font-weight: 400;\">, profesora del <\/span><a href=\"https:\/\/www.euncet.es\/es\/masters\/administracion-y-direccion-de-empresas\" target=\"_blank\" rel=\"noopener noreferrer\"><span style=\"font-weight: 400;\">M\u00e1ster Universitario en Administraci\u00f3n y Direcci\u00f3n de Empresas<\/span><span style=\"font-weight: 400;\">,<\/span><\/a><span style=\"font-weight: 400;\"> directora del <\/span><a href=\"https:\/\/www.euncet.es\/es\/executive-education\/posgrado-liderazgo-habilidades-directivas\" target=\"_blank\" rel=\"noopener noreferrer\"><span style=\"font-weight: 400;\">Posgrado en Liderazgo y Habilidades Directivas<\/span><\/a><span style=\"font-weight: 400;\"> y profesora asociada para los programas de <\/span><a href=\"https:\/\/www.euncet.es\/es\/executive-education\" target=\"_blank\" rel=\"noopener noreferrer\"><span style=\"font-weight: 400;\">Executive Education<\/span><\/a><span style=\"font-weight: 400;\"> de <\/span><a href=\"https:\/\/www.euncet.es\/es\" target=\"_blank\" rel=\"noopener noreferrer\"><span style=\"font-weight: 400;\">Euncet Business School,<\/span><\/a><span style=\"font-weight: 400;\"> ha sido la encargada de presentar el webinar <\/span><b>\u201cNeurociencia y management: la combinaci\u00f3n m\u00e1s eficaz para liderar a tu equipo\u201d.\u00a0<\/b><\/p>\n<p><span style=\"font-weight: 400;\">En esta sesi\u00f3n informativa, la dra. M\u00f3nica Utrera <\/span><b>rompe con los mitos que giran en torno al neuromanagement y da claves para liderar con \u00e9xito en los tiempos actuales marcados por la incertidumbre y la inestabilidad,<\/b><span style=\"font-weight: 400;\"> un peque\u00f1o anticipo de los contenidos que encontrar\u00e1n los alumnos del <\/span><a href=\"https:\/\/www.euncet.es\/es\/masters\/administracion-y-direccion-de-empresas\" target=\"_blank\" rel=\"noopener noreferrer\"><span style=\"font-weight: 400;\">M\u00e1ster Universitario en Administraci\u00f3n y Direcci\u00f3n de Empresas<\/span><\/a><span style=\"font-weight: 400;\"> de Euncet Business School.<\/span><\/p>\n<h2><span class=\"ez-toc-section\" id=\"%C2%BFQue_es_la_inteligencia_emocional\"><\/span><span style=\"font-weight: 400;\"><img fetchpriority=\"high\" decoding=\"async\" class=\"size-full wp-image-48335 aligncenter\" src=\"https:\/\/blog.euncet.com\/wp-content\/uploads\/2021\/02\/Que-es-la-inteligencia-emocional.jpg\" alt=\"Qu\u00e9-es-la-inteligencia-emocional\" width=\"750\" height=\"300\" srcset=\"https:\/\/www.euncet.com\/blog\/wp-content\/uploads\/2021\/02\/Que-es-la-inteligencia-emocional.jpg 750w, https:\/\/www.euncet.com\/blog\/wp-content\/uploads\/2021\/02\/Que-es-la-inteligencia-emocional-300x120.jpg 300w, https:\/\/www.euncet.com\/blog\/wp-content\/uploads\/2021\/02\/Que-es-la-inteligencia-emocional-80x32.jpg 80w\" sizes=\"(max-width: 750px) 100vw, 750px\" \/>\u00bfQu\u00e9 es la inteligencia emocional?<\/span><span class=\"ez-toc-section-end\"><\/span><\/h2>\n<p><span style=\"font-weight: 400;\">Para poder entender el potencial de la neurociencia en el liderazgo directivo debes conocer el papel que juega la inteligencia emocional como disciplina de la neurociencia.\u00a0<\/span><\/p>\n<p><span style=\"font-weight: 400;\">Nuestro cerebro se compone de <strong>dos tipos de inteligencia: la cognitiva o racional<\/strong>, dedicada a la l\u00f3gica, razonamiento y la estructura;<strong> y la emocional<\/strong>, que abarca todo lo \u2018dem\u00e1s\u2019.<\/span><\/p>\n<p><span style=\"font-weight: 400;\">La inteligencia emocional es una <strong>disciplina de la neurociencia que nos ayuda a tener habilidades sociales y a gestionar situaciones<\/strong>.\u00a0<\/span><\/p>\n<p><img decoding=\"async\" class=\"size-full wp-image-48338 aligncenter\" src=\"https:\/\/blog.euncet.com\/wp-content\/uploads\/2021\/02\/Mitos-sobre-inteligencia-emocional-neurociencia-y-liderazgo.jpg\" alt=\"Mitos-sobre-inteligencia-emocional,-neurociencia-y-liderazgo\" width=\"750\" height=\"300\" srcset=\"https:\/\/www.euncet.com\/blog\/wp-content\/uploads\/2021\/02\/Mitos-sobre-inteligencia-emocional-neurociencia-y-liderazgo.jpg 750w, https:\/\/www.euncet.com\/blog\/wp-content\/uploads\/2021\/02\/Mitos-sobre-inteligencia-emocional-neurociencia-y-liderazgo-300x120.jpg 300w, https:\/\/www.euncet.com\/blog\/wp-content\/uploads\/2021\/02\/Mitos-sobre-inteligencia-emocional-neurociencia-y-liderazgo-80x32.jpg 80w\" sizes=\"(max-width: 750px) 100vw, 750px\" \/><\/p>\n<h2><span class=\"ez-toc-section\" id=\"Mitos_sobre_inteligencia_emocional_neurociencia_y_liderazgo\"><\/span><span style=\"font-weight: 400;\">Mitos sobre inteligencia emocional, neurociencia y liderazgo<\/span><span class=\"ez-toc-section-end\"><\/span><\/h2>\n<p><span style=\"font-weight: 400;\">Pese a tratarse de una disciplina cient\u00edfica, la neurociencia no es considerada como tal para algunas personas, as\u00ed como tampoco lo es la inteligencia emocional. \u00bfPor qu\u00e9? Existen muchos mitos entorno a estos conceptos\u2026\u00a0<\/span><\/p>\n<h3><span class=\"ez-toc-section\" id=\"Trabajar_la_inteligencia_emocional_implica_hablar_de_la_vida_privada\"><\/span><span style=\"font-weight: 400;\">Trabajar la inteligencia emocional implica hablar de la vida privada<\/span><span class=\"ez-toc-section-end\"><\/span><\/h3>\n<p><span style=\"font-weight: 400;\"><strong>No es cierto que para liderar con inteligencia emocional o entrenar esta capacidad se deba hablar de temas privados<\/strong>. Esta competencia directiva va mucho m\u00e1s all\u00e1 y, desde sus inicios, est\u00e1, estrechamente, vinculada a las organizaciones, ya que <strong>debe su origen al mundo empresarial<\/strong>.\u00a0<\/span><\/p>\n<p><img loading=\"lazy\" decoding=\"async\" class=\"size-full wp-image-48341 aligncenter\" src=\"https:\/\/blog.euncet.com\/wp-content\/uploads\/2021\/02\/2-Las-mujeres-tienen-mas-inteligencia-emocional-que-los-hombres.jpg\" alt=\"2 - Las mujeres tienen m\u00e1s inteligencia emocional que los hombres\" width=\"750\" height=\"300\" srcset=\"https:\/\/www.euncet.com\/blog\/wp-content\/uploads\/2021\/02\/2-Las-mujeres-tienen-mas-inteligencia-emocional-que-los-hombres.jpg 750w, https:\/\/www.euncet.com\/blog\/wp-content\/uploads\/2021\/02\/2-Las-mujeres-tienen-mas-inteligencia-emocional-que-los-hombres-300x120.jpg 300w, https:\/\/www.euncet.com\/blog\/wp-content\/uploads\/2021\/02\/2-Las-mujeres-tienen-mas-inteligencia-emocional-que-los-hombres-80x32.jpg 80w\" sizes=\"(max-width: 750px) 100vw, 750px\" \/><\/p>\n<h3><span class=\"ez-toc-section\" id=\"Las_mujeres_tienen_mas_inteligencia_emocional_que_los_hombres\"><\/span><span style=\"font-weight: 400;\">Las mujeres tienen m\u00e1s inteligencia emocional que los hombres<\/span><span class=\"ez-toc-section-end\"><\/span><\/h3>\n<p><span style=\"font-weight: 400;\">Muchas personas creen que el g\u00e9nero femenino tiene m\u00e1s inteligencia emocional que el masculino, pero la realidad es, totalmente, distinta.\u00a0<\/span><\/p>\n<p><span style=\"font-weight: 400;\">Puede ser que, por razones culturales, las mujeres hayan trabajado en algunas competencias que forman parte de la inteligencia emocional, como es la empat\u00eda.\u00a0 Lo que s\u00ed es cierto es que <strong>todo el mundo posee la misma capacidad, lo \u00fanico que var\u00eda es el nivel de entrenamiento.<\/strong> As\u00ed pues, nadie tiene una mayor capacidad para desarrollarlas, simplemente, es cuesti\u00f3n de trabajo y entrenamiento.\u00a0<\/span><\/p>\n<p><img loading=\"lazy\" decoding=\"async\" class=\"size-full wp-image-48362 aligncenter\" src=\"https:\/\/blog.euncet.com\/wp-content\/uploads\/2021\/02\/LAS-HABILIDADES-DIRECTIVAS-SON-TOMADAS-COMO-\u2018ALGO-ETEREO.jpg\" alt=\"LAS HABILIDADES DIRECTIVAS SON TOMADAS COMO \u2018ALGO ET\u00c9REO\u2019\" width=\"750\" height=\"300\" srcset=\"https:\/\/www.euncet.com\/blog\/wp-content\/uploads\/2021\/02\/LAS-HABILIDADES-DIRECTIVAS-SON-TOMADAS-COMO-\u2018ALGO-ETEREO.jpg 750w, https:\/\/www.euncet.com\/blog\/wp-content\/uploads\/2021\/02\/LAS-HABILIDADES-DIRECTIVAS-SON-TOMADAS-COMO-\u2018ALGO-ETEREO-300x120.jpg 300w, https:\/\/www.euncet.com\/blog\/wp-content\/uploads\/2021\/02\/LAS-HABILIDADES-DIRECTIVAS-SON-TOMADAS-COMO-\u2018ALGO-ETEREO-80x32.jpg 80w\" sizes=\"(max-width: 750px) 100vw, 750px\" \/><\/p>\n<h3><span class=\"ez-toc-section\" id=\"Las_habilidades_directivas_son_tomadas_como_%E2%80%98algo_etereo\"><\/span><span style=\"font-weight: 400;\">Las habilidades directivas son tomadas como \u2018algo et\u00e9reo\u2019<\/span><span class=\"ez-toc-section-end\"><\/span><\/h3>\n<p><span style=\"font-weight: 400;\">Las habilidades directivas son m\u00e1s tangibles de lo que creemos. Aunque existan muchos docentes que traten<strong> las habilidades directivas, solo puede hacerse mediante la neurociencia<\/strong>.\u00a0<\/span><\/p>\n<p><span style=\"font-weight: 400;\">La inteligencia emocional tiene que ver con temas fisiol\u00f3gicos y forma parte de las 12 competencias emocionales directivas, tambi\u00e9n conocidas como habilidades directivas:\u00a0<\/span><\/p>\n<ol>\n<li aria-level=\"1\"><b>Trabajo en equipo<\/b><\/li>\n<li aria-level=\"1\"><b>Liderazgo<\/b><\/li>\n<li aria-level=\"1\"><b>Desarrollo de otros<\/b><\/li>\n<li aria-level=\"1\"><b>Gesti\u00f3n de conflictos<\/b><\/li>\n<li aria-level=\"1\"><b>Empat\u00eda<\/b><\/li>\n<li aria-level=\"1\"><b>Positivismo<\/b><\/li>\n<li aria-level=\"1\"><b>Influencia<\/b><\/li>\n<li aria-level=\"1\"><b>Creatividad<\/b><\/li>\n<li aria-level=\"1\"><b>Pensamiento cr\u00edtico<\/b><\/li>\n<li aria-level=\"1\"><b>Inteligencia emocional\u00a0<\/b><\/li>\n<li aria-level=\"1\"><strong>Gesti\u00f3n del estr\u00e9s<\/strong><\/li>\n<li aria-level=\"1\"><strong>Autoconocimiento<\/strong><\/li>\n<\/ol>\n<p><a href=\"https:\/\/blog.euncet.com\/habilidades-directivas-nuevos-tiempos-monica-utrera\/\" target=\"_blank\" rel=\"noopener noreferrer\"><b>\u2192 M\u00e1s sobre <\/b><span style=\"font-weight: 400;\">Habilidades directivas que te ayudar\u00e1n a adaptarte a los nuevos tiempos<\/span><\/a><\/p>\n<p><span style=\"font-family: Poppins; font-size: 26px; text-transform: uppercase;\">Las emociones son algo espiritual\u00a0<\/span><\/p>\n<p><span style=\"font-weight: 400;\">Otra de las creencias populares que nos encontramos a la hora de hablar sobre inteligencia emocional es <strong>relacionar las emociones con la espiritualidad, y no con la ciencia y el mundo empresarial<\/strong>. Para ello, es importante conocer la historia de estos conceptos. <\/span><\/p>\n<p><span style=\"font-weight: 400;\"><strong>Nacieron en los a\u00f1os 60s<\/strong>, de la mano del <\/span><a href=\"https:\/\/es.wikipedia.org\/wiki\/David_McClelland\" target=\"_blank\" rel=\"noopener noreferrer\"><span style=\"font-weight: 400;\">dr. David McClelland<\/span><\/a><span style=\"font-weight: 400;\">, psic\u00f3logo americano profesor de otros autores como <\/span><a href=\"https:\/\/es.wikipedia.org\/wiki\/Daniel_Goleman\" target=\"_blank\" rel=\"noopener noreferrer\"><span style=\"font-weight: 400;\">Daniel Goleman<\/span><\/a><span style=\"font-weight: 400;\">, psic\u00f3logo, periodista y autor del libro \u00abInteligencia emocional\u00bb. Ambos psic\u00f3logos han investigado durante a\u00f1os sobre el campo de la neurociencia y la inteligencia emocional.<\/span><\/p>\n<p><span style=\"font-weight: 400;\">Para refutar esa espiritualidad que algunos quieren vincular a las emociones debemos conocer el concepto \u2018<strong>sinapsis<\/strong>\u2019. Este t\u00e9rmino hace referencia a la conexi\u00f3n que se genera mediante la transmisi\u00f3n de los impulsos nerviosos entre dos neuronas. Ese recorrido se hace tanto en la parte cognitiva, mediante el c\u00f3rtex, como en la parte emocional, mediante la am\u00edgdala. Con esta breve explicaci\u00f3n queda demostrada la base cient\u00edfica en la que se basa la neurociencia.<\/span><\/p>\n<p><img loading=\"lazy\" decoding=\"async\" class=\"size-full wp-image-48344 aligncenter\" src=\"https:\/\/blog.euncet.com\/wp-content\/uploads\/2021\/02\/5-La-inteligencia-cognitiva-es-lo-que-nos-hara-ser-mejores-lideres.jpg\" alt=\"5---La-inteligencia-cognitiva-es-lo-que-nos-har\u00e1-ser-mejores-l\u00edderes\" width=\"750\" height=\"300\" \/><\/p>\n<h3><span class=\"ez-toc-section\" id=\"La_inteligencia_cognitiva_es_lo_que_nos_hara_ser_mejores_lideres\"><\/span><span style=\"font-weight: 400;\">La inteligencia cognitiva es lo que nos har\u00e1 ser mejores l\u00edderes<\/span><span class=\"ez-toc-section-end\"><\/span><\/h3>\n<p><span style=\"font-weight: 400;\">Aunque para muchas personas esto pueda resultar extra\u00f1o, <strong>trabajar la inteligencia emocional es m\u00e1s importante incluso que la cognitiva<\/strong>.\u00a0<\/span><\/p>\n<p><span style=\"font-weight: 400;\">La inteligencia racional crece hasta los 10 a\u00f1os, mientras que la emocional puede desarrollarse a lo largo de nuestra vida. Otro dato a tener en cuenta dentro del mundo empresarial es la composici\u00f3n del desempe\u00f1o directo o productividad del directivo. Aunque resulte sorprendente,<strong> el cociente intelectual o cognitivo, \u00fanicamente, configura el 4%, mientras que el cociente emocional es el 96% restante<\/strong>.<\/span><\/p>\n<blockquote><p><strong>\u00abUna vez se adquiere un nivel de competencia directiva ya nunca m\u00e1s se pierde.\u00bb<\/strong><\/p><\/blockquote>\n<p><img loading=\"lazy\" decoding=\"async\" class=\"size-full wp-image-48366 aligncenter\" src=\"https:\/\/blog.euncet.com\/wp-content\/uploads\/2021\/02\/EFICACIA-VS-EFICIENCIA.jpg\" alt=\"EFICACIA VS EFICIENCIA\" width=\"750\" height=\"300\" srcset=\"https:\/\/www.euncet.com\/blog\/wp-content\/uploads\/2021\/02\/EFICACIA-VS-EFICIENCIA.jpg 750w, https:\/\/www.euncet.com\/blog\/wp-content\/uploads\/2021\/02\/EFICACIA-VS-EFICIENCIA-300x120.jpg 300w, https:\/\/www.euncet.com\/blog\/wp-content\/uploads\/2021\/02\/EFICACIA-VS-EFICIENCIA-80x32.jpg 80w\" sizes=\"(max-width: 750px) 100vw, 750px\" \/><\/p>\n<h3><span class=\"ez-toc-section\" id=\"Eficacia_vs_eficiencia\"><\/span><span style=\"font-weight: 400;\">Eficacia vs eficiencia<\/span><span class=\"ez-toc-section-end\"><\/span><\/h3>\n<p><span style=\"font-weight: 400;\">Si bien es cierto que para trabajar las habilidades directivas no es necesario formarse, si es recomendable. \u00bfPor qu\u00e9? <strong>La diferencia entre la eficacia y la eficiencia es que la primera hace referencia a hacer las cosas bien, mientras que la segunda es hacerlo bien y con menos recursos<\/strong>. <\/span><\/p>\n<p><span style=\"font-weight: 400;\">As\u00ed pues, no es lo mismo aprender a base de prueba y error durante a\u00f1os, a hacerlo en una escuela de negocios orientada a entrenar las 12 competencias que todo directivo debe llegar a dominar en su carrera en menor tiempo. Formaciones como el <\/span><a href=\"https:\/\/www.euncet.es\/es\/executive-education\/posgrado-liderazgo-habilidades-directivas\" target=\"_blank\" rel=\"noopener noreferrer\"><span style=\"font-weight: 400;\">posgrado en Liderazgo y Habilidades Directivas<\/span><\/a><span style=\"font-weight: 400;\"> pueden ser el primer paso para alcanzar el liderazgo efectivo.<\/span><\/p>\n<h3><span class=\"ez-toc-section\" id=\"Ser_un_gran_lider_vs_ser_un_gerente_enfocado_a_resultados\"><\/span><span style=\"font-weight: 400;\">Ser un gran l\u00edder vs. ser un gerente enfocado a resultados<\/span><span class=\"ez-toc-section-end\"><\/span><\/h3>\n<p><span style=\"font-weight: 400;\">Posiblemente, este sea uno de los mitos m\u00e1s arraigados y de los que m\u00e1s cueste tomar consciencia. <strong>Enfocarse a resultados no es lo mismo que liderar siendo eficaces<\/strong>.<\/span><\/p>\n<p><span style=\"font-weight: 400;\"><strong>Para ser un directivo 10 hay que entrenar las competencias a trav\u00e9s de la neurociencia, y para ello hay que empezar por el autoconocimiento<\/strong>, una de los cuatro cuadrantes en los que se dividen las 12 competencias emocionales directivas. Los otros tres grandes grupos son: dominio personal (orientaci\u00f3n al logro, gesti\u00f3n de uno mismo&#8230;), el conocimiento de otros (empat\u00eda) y la gesti\u00f3n de otros (competencias de liderazgo, trabajo en equipo, desarrollo de otros, gesti\u00f3n de conflictos, influencia\u2026).<\/span><\/p>\n<p><span style=\"font-weight: 400;\">As\u00ed pues,<strong> no se puede ser un buen l\u00edder si no nos conocemos a nosotros mismos y no trabajamos las <\/strong><\/span><strong><i>soft skills<\/i><\/strong><span style=\"font-weight: 400;\"><strong> o habilidades blandas<\/strong>.\u00a0\u00a0<\/span><\/p>\n<p><a href=\"https:\/\/blog.euncet.com\/soft-skills-que-son-importancia\/\" target=\"_blank\" rel=\"noopener noreferrer\"><b>\u2192 M\u00e1s sobre<\/b> <span style=\"font-weight: 400;\">Soft skills: qu\u00e9 son y por qu\u00e9 son importantes para un directivo<\/span><\/a><\/p>\n<p><a href=\"https:\/\/blog.euncet.com\/soft-skills-que-son-importancia\/\" target=\"_blank\" rel=\"noopener noreferrer\"><span style=\"font-weight: 400;\"><img loading=\"lazy\" decoding=\"async\" class=\"size-full wp-image-48358 aligncenter\" src=\"https:\/\/blog.euncet.com\/wp-content\/uploads\/2021\/02\/Cuando-rinden-mas-las-personas.jpg\" alt=\"\u00bfCu\u00e1ndo rinden m\u00e1s las personas?\" width=\"750\" height=\"300\" srcset=\"https:\/\/www.euncet.com\/blog\/wp-content\/uploads\/2021\/02\/Cuando-rinden-mas-las-personas.jpg 750w, https:\/\/www.euncet.com\/blog\/wp-content\/uploads\/2021\/02\/Cuando-rinden-mas-las-personas-300x120.jpg 300w, https:\/\/www.euncet.com\/blog\/wp-content\/uploads\/2021\/02\/Cuando-rinden-mas-las-personas-80x32.jpg 80w\" sizes=\"(max-width: 750px) 100vw, 750px\" \/><\/span><\/a><\/p>\n<h4><span style=\"font-weight: 400;\">\u00bfCu\u00e1ndo rinden m\u00e1s las personas?<\/span><\/h4>\n<p><span style=\"font-weight: 400;\"><strong>Los trabajadores rinden m\u00e1s cuando se encuentran a gusto en su puesto de trabajo y se creen el proyecto<\/strong>. No por m\u00e1s exigir tu equipo va a rendir mejor. Los resultados pueden medirse mediante una evaluaci\u00f3n de desempe\u00f1o, pero <strong>la calidad de estos solo se conseguir\u00e1 mediante la felicidad del personal.<\/strong> Para trabajar m\u00e1s y mejor se debe estar bien con uno mismo, y para ello el papel del l\u00edder es fundamental.\u00a0<\/span><\/p>\n<p><span style=\"font-weight: 400;\"><strong>Un directivo ser\u00e1 m\u00e1s eficiente si consigue hacer feliz a sus empleados aplicando los conocimientos que tenemos sobre inteligencia emocional<\/strong>, y que la neurociencia nos pone a nuestro alcance.\u00a0<\/span><\/p>\n<p><a href=\"http:\/\/www.euncet.es\/es\/masteres\/administracion-y-direccion-de-empresas\" target=\"_blank\" rel=\"noopener noreferrer\"><img loading=\"lazy\" decoding=\"async\" class=\"aligncenter wp-image-54136 size-full\" src=\"https:\/\/blog.euncet.com\/wp-content\/uploads\/2021\/02\/MBA-H.gif\" alt=\"\" width=\"755\" height=\"240\" \/><\/a><\/p>\n<p><span style=\"font-weight: 400;\">Si quieres <strong>saber m\u00e1s sobre otros aspectos relacionados con la Administraci\u00f3n y Direcci\u00f3n de Empresas<\/strong> descubre el <\/span><a href=\"https:\/\/www.euncet.es\/es\/masters\/administracion-y-direccion-de-empresas\" target=\"_blank\" rel=\"noopener noreferrer\"><span style=\"font-weight: 400;\">MBA Oficial de Euncet Business School<\/span><\/a><span style=\"font-weight: 400;\"> \u00a1f\u00f3rmate para liderar el futuro!<\/span><\/p>\n<p><span style=\"font-weight: 400;\">Si <\/span><span style=\"font-weight: 400;\">est\u00e1s<\/span><span style=\"font-weight: 400;\"> interesado en la neurociencia y el management y quieres cumplir tu conocimiento acerca del tema, <\/span><a href=\"https:\/\/www.youtube.com\/watch?v=z9eU-UiXJKM\" target=\"_blank\" rel=\"noopener noreferrer\"><span style=\"font-weight: 400;\">consulta este Webinar sobre Neurociencia y management<\/span><\/a><\/p>\n","protected":false},"excerpt":{"rendered":"<p>La neurociencia y el management son conceptos que hace a\u00f1os que van de la mano, aunque parece que ahora es cuando, realmente, se est\u00e1n popularizando. Ser conscientes del potencial que tiene combinarlos es fundamental para llegar a liderar con \u00e9xito.\u00a0 La dra. M\u00f3nica Utrera, profesora del M\u00e1ster Universitario en Administraci\u00f3n y Direcci\u00f3n de Empresas, directora [&hellip;]<\/p>\n","protected":false},"author":28,"featured_media":48350,"comment_status":"closed","ping_status":"closed","sticky":false,"template":"","format":"standard","meta":{"_acf_changed":false,"footnotes":""},"categories":[292],"tags":[],"class_list":["post-48332","post","type-post","status-publish","format-standard","has-post-thumbnail","hentry","category-leadership-management"],"acf":[],"yoast_head":"<!-- This site is optimized with the Yoast SEO plugin v27.5 - https:\/\/yoast.com\/product\/yoast-seo-wordpress\/ -->\n<title>Mitos sobre neurociencia, management y liderazgo efectivo<\/title>\n<meta name=\"description\" content=\"M\u00f3nica Utrera rompe con los mitos sobre neurociencia y da claves para liderar equipos eficientemente gracias al neuromanagement.\" \/>\n<meta name=\"robots\" content=\"index, follow, max-snippet:-1, max-image-preview:large, max-video-preview:-1\" \/>\n<link rel=\"canonical\" href=\"https:\/\/www.euncet.com\/blog\/es\/neurociencia-y-management-para-liderar-mas-eficaz\/\" \/>\n<meta property=\"og:locale\" content=\"es_ES\" \/>\n<meta property=\"og:type\" content=\"article\" \/>\n<meta property=\"og:title\" content=\"Mitos sobre neurociencia, management y liderazgo efectivo\" \/>\n<meta property=\"og:description\" content=\"M\u00f3nica Utrera rompe con los mitos sobre neurociencia y da claves para liderar equipos eficientemente gracias al neuromanagement.\" \/>\n<meta property=\"og:url\" content=\"https:\/\/www.euncet.com\/blog\/es\/neurociencia-y-management-para-liderar-mas-eficaz\/\" \/>\n<meta property=\"og:site_name\" content=\"Euncet Business School\" \/>\n<meta property=\"article:publisher\" content=\"https:\/\/www.facebook.com\/euncet\" \/>\n<meta property=\"article:published_time\" content=\"2021-02-15T16:41:00+00:00\" \/>\n<meta property=\"article:modified_time\" content=\"2022-06-27T15:57:54+00:00\" \/>\n<meta property=\"og:image\" content=\"https:\/\/www.euncet.com\/blog\/wp-content\/uploads\/2021\/02\/Neurociencia-y-management-la-combinacion-mas-eficaz-para-liderar-a-tu-equipo.jpg\" \/>\n\t<meta property=\"og:image:width\" content=\"750\" \/>\n\t<meta property=\"og:image:height\" content=\"482\" \/>\n\t<meta property=\"og:image:type\" content=\"image\/jpeg\" \/>\n<meta name=\"author\" content=\"euncet\" \/>\n<meta name=\"twitter:card\" content=\"summary_large_image\" \/>\n<meta name=\"twitter:creator\" content=\"@euncet\" \/>\n<meta name=\"twitter:site\" content=\"@euncet\" \/>\n<meta name=\"twitter:label1\" content=\"Escrito por\" \/>\n\t<meta name=\"twitter:data1\" content=\"euncet\" \/>\n\t<meta name=\"twitter:label2\" content=\"Tiempo de lectura\" \/>\n\t<meta name=\"twitter:data2\" content=\"6 minutos\" \/>\n<script type=\"application\/ld+json\" class=\"yoast-schema-graph\">{\"@context\":\"https:\\\/\\\/schema.org\",\"@graph\":[{\"@type\":\"Article\",\"@id\":\"https:\\\/\\\/www.euncet.com\\\/blog\\\/es\\\/neurociencia-y-management-para-liderar-mas-eficaz\\\/#article\",\"isPartOf\":{\"@id\":\"https:\\\/\\\/www.euncet.com\\\/blog\\\/es\\\/neurociencia-y-management-para-liderar-mas-eficaz\\\/\"},\"author\":{\"name\":\"euncet\",\"@id\":\"https:\\\/\\\/www.euncet.com\\\/blog\\\/es\\\/#\\\/schema\\\/person\\\/8253e592273eb1f7a48788902ca03268\"},\"headline\":\"Neurociencia y management para liderar eficazmente a tu equipo\",\"datePublished\":\"2021-02-15T16:41:00+00:00\",\"dateModified\":\"2022-06-27T15:57:54+00:00\",\"mainEntityOfPage\":{\"@id\":\"https:\\\/\\\/www.euncet.com\\\/blog\\\/es\\\/neurociencia-y-management-para-liderar-mas-eficaz\\\/\"},\"wordCount\":1290,\"image\":{\"@id\":\"https:\\\/\\\/www.euncet.com\\\/blog\\\/es\\\/neurociencia-y-management-para-liderar-mas-eficaz\\\/#primaryimage\"},\"thumbnailUrl\":\"https:\\\/\\\/www.euncet.com\\\/blog\\\/wp-content\\\/uploads\\\/2021\\\/02\\\/Neurociencia-y-management-la-combinacion-mas-eficaz-para-liderar-a-tu-equipo.jpg\",\"articleSection\":[\"Liderazgo y Habilidades Directivas\"],\"inLanguage\":\"es\"},{\"@type\":\"WebPage\",\"@id\":\"https:\\\/\\\/www.euncet.com\\\/blog\\\/es\\\/neurociencia-y-management-para-liderar-mas-eficaz\\\/\",\"url\":\"https:\\\/\\\/www.euncet.com\\\/blog\\\/es\\\/neurociencia-y-management-para-liderar-mas-eficaz\\\/\",\"name\":\"Mitos sobre neurociencia, management y liderazgo efectivo\",\"isPartOf\":{\"@id\":\"https:\\\/\\\/www.euncet.com\\\/blog\\\/es\\\/#website\"},\"primaryImageOfPage\":{\"@id\":\"https:\\\/\\\/www.euncet.com\\\/blog\\\/es\\\/neurociencia-y-management-para-liderar-mas-eficaz\\\/#primaryimage\"},\"image\":{\"@id\":\"https:\\\/\\\/www.euncet.com\\\/blog\\\/es\\\/neurociencia-y-management-para-liderar-mas-eficaz\\\/#primaryimage\"},\"thumbnailUrl\":\"https:\\\/\\\/www.euncet.com\\\/blog\\\/wp-content\\\/uploads\\\/2021\\\/02\\\/Neurociencia-y-management-la-combinacion-mas-eficaz-para-liderar-a-tu-equipo.jpg\",\"datePublished\":\"2021-02-15T16:41:00+00:00\",\"dateModified\":\"2022-06-27T15:57:54+00:00\",\"author\":{\"@id\":\"https:\\\/\\\/www.euncet.com\\\/blog\\\/es\\\/#\\\/schema\\\/person\\\/8253e592273eb1f7a48788902ca03268\"},\"description\":\"M\u00f3nica Utrera rompe con los mitos sobre neurociencia y da claves para liderar equipos eficientemente gracias al neuromanagement.\",\"breadcrumb\":{\"@id\":\"https:\\\/\\\/www.euncet.com\\\/blog\\\/es\\\/neurociencia-y-management-para-liderar-mas-eficaz\\\/#breadcrumb\"},\"inLanguage\":\"es\",\"potentialAction\":[{\"@type\":\"ReadAction\",\"target\":[\"https:\\\/\\\/www.euncet.com\\\/blog\\\/es\\\/neurociencia-y-management-para-liderar-mas-eficaz\\\/\"]}]},{\"@type\":\"ImageObject\",\"inLanguage\":\"es\",\"@id\":\"https:\\\/\\\/www.euncet.com\\\/blog\\\/es\\\/neurociencia-y-management-para-liderar-mas-eficaz\\\/#primaryimage\",\"url\":\"https:\\\/\\\/www.euncet.com\\\/blog\\\/wp-content\\\/uploads\\\/2021\\\/02\\\/Neurociencia-y-management-la-combinacion-mas-eficaz-para-liderar-a-tu-equipo.jpg\",\"contentUrl\":\"https:\\\/\\\/www.euncet.com\\\/blog\\\/wp-content\\\/uploads\\\/2021\\\/02\\\/Neurociencia-y-management-la-combinacion-mas-eficaz-para-liderar-a-tu-equipo.jpg\",\"width\":750,\"height\":482,\"caption\":\"Neurociencia y management: la combinaci\u00f3n m\u00e1s eficaz para liderar a tu equipo\"},{\"@type\":\"BreadcrumbList\",\"@id\":\"https:\\\/\\\/www.euncet.com\\\/blog\\\/es\\\/neurociencia-y-management-para-liderar-mas-eficaz\\\/#breadcrumb\",\"itemListElement\":[{\"@type\":\"ListItem\",\"position\":1,\"name\":\"Portada\",\"item\":\"https:\\\/\\\/www.euncet.com\\\/blog\\\/es\\\/\"},{\"@type\":\"ListItem\",\"position\":2,\"name\":\"Neurociencia y management para liderar eficazmente a tu equipo\"}]},{\"@type\":\"WebSite\",\"@id\":\"https:\\\/\\\/www.euncet.com\\\/blog\\\/es\\\/#website\",\"url\":\"https:\\\/\\\/www.euncet.com\\\/blog\\\/es\\\/\",\"name\":\"Euncet Business School\",\"description\":\"Escuela de negocios\",\"potentialAction\":[{\"@type\":\"SearchAction\",\"target\":{\"@type\":\"EntryPoint\",\"urlTemplate\":\"https:\\\/\\\/www.euncet.com\\\/blog\\\/es\\\/?s={search_term_string}\"},\"query-input\":{\"@type\":\"PropertyValueSpecification\",\"valueRequired\":true,\"valueName\":\"search_term_string\"}}],\"inLanguage\":\"es\"},{\"@type\":\"Person\",\"@id\":\"https:\\\/\\\/www.euncet.com\\\/blog\\\/es\\\/#\\\/schema\\\/person\\\/8253e592273eb1f7a48788902ca03268\",\"name\":\"euncet\",\"image\":{\"@type\":\"ImageObject\",\"inLanguage\":\"es\",\"@id\":\"https:\\\/\\\/secure.gravatar.com\\\/avatar\\\/ee2ce5f049e82b74bcc6b8db4c5e9c717e35544f3cde91d14a3daa9827fe21f0?s=96&d=mm&r=g\",\"url\":\"https:\\\/\\\/secure.gravatar.com\\\/avatar\\\/ee2ce5f049e82b74bcc6b8db4c5e9c717e35544f3cde91d14a3daa9827fe21f0?s=96&d=mm&r=g\",\"contentUrl\":\"https:\\\/\\\/secure.gravatar.com\\\/avatar\\\/ee2ce5f049e82b74bcc6b8db4c5e9c717e35544f3cde91d14a3daa9827fe21f0?s=96&d=mm&r=g\",\"caption\":\"euncet\"},\"url\":\"https:\\\/\\\/www.euncet.com\\\/blog\\\/es\\\/author\\\/euncet\\\/\"}]}<\/script>\n<!-- \/ Yoast SEO plugin. -->","yoast_head_json":{"title":"Mitos sobre neurociencia, management y liderazgo efectivo","description":"M\u00f3nica Utrera rompe con los mitos sobre neurociencia y da claves para liderar equipos eficientemente gracias al neuromanagement.","robots":{"index":"index","follow":"follow","max-snippet":"max-snippet:-1","max-image-preview":"max-image-preview:large","max-video-preview":"max-video-preview:-1"},"canonical":"https:\/\/www.euncet.com\/blog\/es\/neurociencia-y-management-para-liderar-mas-eficaz\/","og_locale":"es_ES","og_type":"article","og_title":"Mitos sobre neurociencia, management y liderazgo efectivo","og_description":"M\u00f3nica Utrera rompe con los mitos sobre neurociencia y da claves para liderar equipos eficientemente gracias al neuromanagement.","og_url":"https:\/\/www.euncet.com\/blog\/es\/neurociencia-y-management-para-liderar-mas-eficaz\/","og_site_name":"Euncet Business School","article_publisher":"https:\/\/www.facebook.com\/euncet","article_published_time":"2021-02-15T16:41:00+00:00","article_modified_time":"2022-06-27T15:57:54+00:00","og_image":[{"width":750,"height":482,"url":"https:\/\/www.euncet.com\/blog\/wp-content\/uploads\/2021\/02\/Neurociencia-y-management-la-combinacion-mas-eficaz-para-liderar-a-tu-equipo.jpg","type":"image\/jpeg"}],"author":"euncet","twitter_card":"summary_large_image","twitter_creator":"@euncet","twitter_site":"@euncet","twitter_misc":{"Escrito por":"euncet","Tiempo de lectura":"6 minutos"},"schema":{"@context":"https:\/\/schema.org","@graph":[{"@type":"Article","@id":"https:\/\/www.euncet.com\/blog\/es\/neurociencia-y-management-para-liderar-mas-eficaz\/#article","isPartOf":{"@id":"https:\/\/www.euncet.com\/blog\/es\/neurociencia-y-management-para-liderar-mas-eficaz\/"},"author":{"name":"euncet","@id":"https:\/\/www.euncet.com\/blog\/es\/#\/schema\/person\/8253e592273eb1f7a48788902ca03268"},"headline":"Neurociencia y management para liderar eficazmente a tu equipo","datePublished":"2021-02-15T16:41:00+00:00","dateModified":"2022-06-27T15:57:54+00:00","mainEntityOfPage":{"@id":"https:\/\/www.euncet.com\/blog\/es\/neurociencia-y-management-para-liderar-mas-eficaz\/"},"wordCount":1290,"image":{"@id":"https:\/\/www.euncet.com\/blog\/es\/neurociencia-y-management-para-liderar-mas-eficaz\/#primaryimage"},"thumbnailUrl":"https:\/\/www.euncet.com\/blog\/wp-content\/uploads\/2021\/02\/Neurociencia-y-management-la-combinacion-mas-eficaz-para-liderar-a-tu-equipo.jpg","articleSection":["Liderazgo y Habilidades Directivas"],"inLanguage":"es"},{"@type":"WebPage","@id":"https:\/\/www.euncet.com\/blog\/es\/neurociencia-y-management-para-liderar-mas-eficaz\/","url":"https:\/\/www.euncet.com\/blog\/es\/neurociencia-y-management-para-liderar-mas-eficaz\/","name":"Mitos sobre neurociencia, management y liderazgo efectivo","isPartOf":{"@id":"https:\/\/www.euncet.com\/blog\/es\/#website"},"primaryImageOfPage":{"@id":"https:\/\/www.euncet.com\/blog\/es\/neurociencia-y-management-para-liderar-mas-eficaz\/#primaryimage"},"image":{"@id":"https:\/\/www.euncet.com\/blog\/es\/neurociencia-y-management-para-liderar-mas-eficaz\/#primaryimage"},"thumbnailUrl":"https:\/\/www.euncet.com\/blog\/wp-content\/uploads\/2021\/02\/Neurociencia-y-management-la-combinacion-mas-eficaz-para-liderar-a-tu-equipo.jpg","datePublished":"2021-02-15T16:41:00+00:00","dateModified":"2022-06-27T15:57:54+00:00","author":{"@id":"https:\/\/www.euncet.com\/blog\/es\/#\/schema\/person\/8253e592273eb1f7a48788902ca03268"},"description":"M\u00f3nica Utrera rompe con los mitos sobre neurociencia y da claves para liderar equipos eficientemente gracias al neuromanagement.","breadcrumb":{"@id":"https:\/\/www.euncet.com\/blog\/es\/neurociencia-y-management-para-liderar-mas-eficaz\/#breadcrumb"},"inLanguage":"es","potentialAction":[{"@type":"ReadAction","target":["https:\/\/www.euncet.com\/blog\/es\/neurociencia-y-management-para-liderar-mas-eficaz\/"]}]},{"@type":"ImageObject","inLanguage":"es","@id":"https:\/\/www.euncet.com\/blog\/es\/neurociencia-y-management-para-liderar-mas-eficaz\/#primaryimage","url":"https:\/\/www.euncet.com\/blog\/wp-content\/uploads\/2021\/02\/Neurociencia-y-management-la-combinacion-mas-eficaz-para-liderar-a-tu-equipo.jpg","contentUrl":"https:\/\/www.euncet.com\/blog\/wp-content\/uploads\/2021\/02\/Neurociencia-y-management-la-combinacion-mas-eficaz-para-liderar-a-tu-equipo.jpg","width":750,"height":482,"caption":"Neurociencia y management: la combinaci\u00f3n m\u00e1s eficaz para liderar a tu equipo"},{"@type":"BreadcrumbList","@id":"https:\/\/www.euncet.com\/blog\/es\/neurociencia-y-management-para-liderar-mas-eficaz\/#breadcrumb","itemListElement":[{"@type":"ListItem","position":1,"name":"Portada","item":"https:\/\/www.euncet.com\/blog\/es\/"},{"@type":"ListItem","position":2,"name":"Neurociencia y management para liderar eficazmente a tu equipo"}]},{"@type":"WebSite","@id":"https:\/\/www.euncet.com\/blog\/es\/#website","url":"https:\/\/www.euncet.com\/blog\/es\/","name":"Euncet Business School","description":"Escuela de negocios","potentialAction":[{"@type":"SearchAction","target":{"@type":"EntryPoint","urlTemplate":"https:\/\/www.euncet.com\/blog\/es\/?s={search_term_string}"},"query-input":{"@type":"PropertyValueSpecification","valueRequired":true,"valueName":"search_term_string"}}],"inLanguage":"es"},{"@type":"Person","@id":"https:\/\/www.euncet.com\/blog\/es\/#\/schema\/person\/8253e592273eb1f7a48788902ca03268","name":"euncet","image":{"@type":"ImageObject","inLanguage":"es","@id":"https:\/\/secure.gravatar.com\/avatar\/ee2ce5f049e82b74bcc6b8db4c5e9c717e35544f3cde91d14a3daa9827fe21f0?s=96&d=mm&r=g","url":"https:\/\/secure.gravatar.com\/avatar\/ee2ce5f049e82b74bcc6b8db4c5e9c717e35544f3cde91d14a3daa9827fe21f0?s=96&d=mm&r=g","contentUrl":"https:\/\/secure.gravatar.com\/avatar\/ee2ce5f049e82b74bcc6b8db4c5e9c717e35544f3cde91d14a3daa9827fe21f0?s=96&d=mm&r=g","caption":"euncet"},"url":"https:\/\/www.euncet.com\/blog\/es\/author\/euncet\/"}]}},"_links":{"self":[{"href":"https:\/\/www.euncet.com\/blog\/es\/wp-json\/wp\/v2\/posts\/48332","targetHints":{"allow":["GET"]}}],"collection":[{"href":"https:\/\/www.euncet.com\/blog\/es\/wp-json\/wp\/v2\/posts"}],"about":[{"href":"https:\/\/www.euncet.com\/blog\/es\/wp-json\/wp\/v2\/types\/post"}],"author":[{"embeddable":true,"href":"https:\/\/www.euncet.com\/blog\/es\/wp-json\/wp\/v2\/users\/28"}],"replies":[{"embeddable":true,"href":"https:\/\/www.euncet.com\/blog\/es\/wp-json\/wp\/v2\/comments?post=48332"}],"version-history":[{"count":0,"href":"https:\/\/www.euncet.com\/blog\/es\/wp-json\/wp\/v2\/posts\/48332\/revisions"}],"wp:featuredmedia":[{"embeddable":true,"href":"https:\/\/www.euncet.com\/blog\/es\/wp-json\/wp\/v2\/media\/48350"}],"wp:attachment":[{"href":"https:\/\/www.euncet.com\/blog\/es\/wp-json\/wp\/v2\/media?parent=48332"}],"wp:term":[{"taxonomy":"category","embeddable":true,"href":"https:\/\/www.euncet.com\/blog\/es\/wp-json\/wp\/v2\/categories?post=48332"},{"taxonomy":"post_tag","embeddable":true,"href":"https:\/\/www.euncet.com\/blog\/es\/wp-json\/wp\/v2\/tags?post=48332"}],"curies":[{"name":"wp","href":"https:\/\/api.w.org\/{rel}","templated":true}]}}