{"id":50682,"date":"2021-07-19T12:23:43","date_gmt":"2021-07-19T10:23:43","guid":{"rendered":"https:\/\/blog.euncet.com\/?p=50682"},"modified":"2022-11-24T10:09:16","modified_gmt":"2022-11-24T09:09:16","slug":"entrevista-columat","status":"publish","type":"post","link":"https:\/\/www.euncet.com\/blog\/es\/entrevista-columat\/","title":{"rendered":"Georgina Coll: \u00abLa pandemia ha acelerado el sector unos 3 a\u00f1os\u00bb"},"content":{"rendered":"<p><a href=\"https:\/\/lanzadera.es\/\" target=\"_blank\" rel=\"noopener noreferrer\"><span style=\"font-weight: 400;\">Lanzadera<\/span><\/a><span style=\"font-weight: 400;\">, la aceleradora impulsada por Joan Roig, presidente de Mercadona, ha seleccionado 70 empresas emergentes, entre las cuales est\u00e1 <\/span><a href=\"https:\/\/www.columat.com\/\" target=\"_blank\" rel=\"noopener noreferrer\"><span style=\"font-weight: 400;\">Columat<\/span><\/a><span style=\"font-weight: 400;\">, dedicada a la recogida de la compra a trav\u00e9s de taquillas inteligentes y fundada por <\/span><a href=\"https:\/\/www.linkedin.com\/in\/georginacoll\/\" target=\"_blank\" rel=\"noopener noreferrer\"><span style=\"font-weight: 400;\">Georgina Coll<\/span><\/a><span style=\"font-weight: 400;\">, antigua alumna del <\/span><a href=\"https:\/\/www.euncet.es\/es\/grados\/grado-administracion-y-direccion-de-empresas\" target=\"_blank\" rel=\"noopener noreferrer\"><span style=\"font-weight: 400;\">grado en Administraci\u00f3n y Direcci\u00f3n de Empresas de Euncet Business School<\/span><\/a><span style=\"font-weight: 400;\">, junto con su socio, <\/span><a href=\"https:\/\/www.linkedin.com\/in\/albertbladas\/?originalSubdomain=es\" target=\"_blank\" rel=\"noopener noreferrer\"><span style=\"font-weight: 400;\">Albert Bladas<\/span><\/a><span style=\"font-weight: 400;\">.<\/span><\/p><div id=\"ez-toc-container\" class=\"ez-toc-v2_0_82_2 counter-hierarchy ez-toc-counter ez-toc-custom ez-toc-container-direction\">\n<div class=\"ez-toc-title-container\">\n<p class=\"ez-toc-title\" style=\"cursor:inherit\">\u00cdNDICE DE CONTENIDOS<\/p>\n<span class=\"ez-toc-title-toggle\"><a href=\"#\" class=\"ez-toc-pull-right ez-toc-btn ez-toc-btn-xs ez-toc-btn-default ez-toc-toggle\" aria-label=\"Alternar tabla de contenidos\"><span class=\"ez-toc-js-icon-con\"><span class=\"\"><span class=\"eztoc-hide\" style=\"display:none;\">Toggle<\/span><span class=\"ez-toc-icon-toggle-span\"><svg style=\"fill: #222222;color:#222222\" xmlns=\"http:\/\/www.w3.org\/2000\/svg\" class=\"list-377408\" width=\"20px\" height=\"20px\" viewBox=\"0 0 24 24\" fill=\"none\"><path d=\"M6 6H4v2h2V6zm14 0H8v2h12V6zM4 11h2v2H4v-2zm16 0H8v2h12v-2zM4 16h2v2H4v-2zm16 0H8v2h12v-2z\" fill=\"currentColor\"><\/path><\/svg><svg style=\"fill: #222222;color:#222222\" class=\"arrow-unsorted-368013\" xmlns=\"http:\/\/www.w3.org\/2000\/svg\" width=\"10px\" height=\"10px\" viewBox=\"0 0 24 24\" version=\"1.2\" baseProfile=\"tiny\"><path d=\"M18.2 9.3l-6.2-6.3-6.2 6.3c-.2.2-.3.4-.3.7s.1.5.3.7c.2.2.4.3.7.3h11c.3 0 .5-.1.7-.3.2-.2.3-.5.3-.7s-.1-.5-.3-.7zM5.8 14.7l6.2 6.3 6.2-6.3c.2-.2.3-.5.3-.7s-.1-.5-.3-.7c-.2-.2-.4-.3-.7-.3h-11c-.3 0-.5.1-.7.3-.2.2-.3.5-.3.7s.1.5.3.7z\"\/><\/svg><\/span><\/span><\/span><\/a><\/span><\/div>\n<nav><ul class='ez-toc-list ez-toc-list-level-1 ' ><li class='ez-toc-page-1 ez-toc-heading-level-2'><a class=\"ez-toc-link ez-toc-heading-1\" href=\"https:\/\/www.euncet.com\/blog\/es\/entrevista-columat\/#%C2%BFComo_definirias_Columat_en_pocas_palabras\" >\u00bfC\u00f3mo definir\u00edas Columat en pocas palabras?<\/a><\/li><li class='ez-toc-page-1 ez-toc-heading-level-2'><a class=\"ez-toc-link ez-toc-heading-2\" href=\"https:\/\/www.euncet.com\/blog\/es\/entrevista-columat\/#El_proyecto_nacio_en_2019_%C2%BFcomo_surgio_la_idea\" >El proyecto naci\u00f3 en 2019, \u00bfc\u00f3mo surgi\u00f3 la idea?<\/a><\/li><li class='ez-toc-page-1 ez-toc-heading-level-2'><a class=\"ez-toc-link ez-toc-heading-3\" href=\"https:\/\/www.euncet.com\/blog\/es\/entrevista-columat\/#%C2%BFComo_fueron_los_primeros_meses_del_proyecto\" >\u00bfC\u00f3mo fueron los primeros meses del proyecto?<\/a><\/li><li class='ez-toc-page-1 ez-toc-heading-level-2'><a class=\"ez-toc-link ez-toc-heading-4\" href=\"https:\/\/www.euncet.com\/blog\/es\/entrevista-columat\/#%C2%BFQue_caracteriza_Columat_de_otros_proyectos_basados_en_este_sistema_de_taquillas_inteligentes\" >\u00bfQu\u00e9 caracteriza Columat de otros proyectos basados en este sistema de taquillas inteligentes?<\/a><\/li><li class='ez-toc-page-1 ez-toc-heading-level-2'><a class=\"ez-toc-link ez-toc-heading-5\" href=\"https:\/\/www.euncet.com\/blog\/es\/entrevista-columat\/#Habeis_sido_seleccionados_para_formar_parte_de_Lanzadera_la_aceleradora_impulsada_por_Joan_Roig_presidente_de_Mercadona_%C2%BFQue_ha_supuesto_esta_noticia_para_vosotros_%C2%BFY_para_Columat\" >Hab\u00e9is sido seleccionados para formar parte de Lanzadera, la aceleradora impulsada por Joan Roig, presidente de Mercadona. \u00bfQu\u00e9 ha supuesto esta noticia para vosotros? \u00bfY para Columat?<\/a><\/li><li class='ez-toc-page-1 ez-toc-heading-level-2'><a class=\"ez-toc-link ez-toc-heading-6\" href=\"https:\/\/www.euncet.com\/blog\/es\/entrevista-columat\/#%C2%BFQue_significa_incorporarse_en_la_fase_Traction\" >\u00bfQu\u00e9 significa incorporarse en la fase Traction?<\/a><\/li><li class='ez-toc-page-1 ez-toc-heading-level-2'><a class=\"ez-toc-link ez-toc-heading-7\" href=\"https:\/\/www.euncet.com\/blog\/es\/entrevista-columat\/#%C2%BFComo_ha_sido_emprender_un_proyecto_digital_en_tiempos_de_covid-19\" >\u00bfC\u00f3mo ha sido emprender un proyecto digital en tiempos de covid-19?\u00a0<\/a><\/li><li class='ez-toc-page-1 ez-toc-heading-level-2'><a class=\"ez-toc-link ez-toc-heading-8\" href=\"https:\/\/www.euncet.com\/blog\/es\/entrevista-columat\/#El_proyecto_lo_compartes_con_tu_companero_Albert_Bladas_%C2%BFComo_ha_sido_vuestra_relacion_laboral_en_todo_este_tiempo_%C2%BFYa_teniais_pensado_crear_algun_negocio_juntos\" >El proyecto lo compartes con tu compa\u00f1ero Albert Bladas. \u00bfC\u00f3mo ha sido vuestra relaci\u00f3n laboral en todo este tiempo? \u00bfYa ten\u00edais pensado crear alg\u00fan negocio juntos?<\/a><\/li><li class='ez-toc-page-1 ez-toc-heading-level-2'><a class=\"ez-toc-link ez-toc-heading-9\" href=\"https:\/\/www.euncet.com\/blog\/es\/entrevista-columat\/#Parece_que_el_proyecto_crece_a_buen_ritmo_y_que_teneis_perspectivas_de_futuro_colaborando_con_comercios_electronicos_y_ayuntamientos_%C2%BFComo_van_esas_negociaciones_%C2%BFOs_lo_imaginabais_al_principio_de_emprender_el_proyecto\" >Parece que el proyecto crece a buen ritmo y que ten\u00e9is perspectivas de futuro colaborando con comercios electr\u00f3nicos y ayuntamientos. \u00bfC\u00f3mo van esas negociaciones? \u00bfOs lo imagin\u00e1bais al principio de emprender el proyecto?<\/a><\/li><li class='ez-toc-page-1 ez-toc-heading-level-2'><a class=\"ez-toc-link ez-toc-heading-10\" href=\"https:\/\/www.euncet.com\/blog\/es\/entrevista-columat\/#%C2%BFCuales_son_vuestros_objetivos_a_corto_y_medio_plazo\" >\u00bfCu\u00e1les son vuestros objetivos a corto y medio plazo?<\/a><\/li><li class='ez-toc-page-1 ez-toc-heading-level-2'><a class=\"ez-toc-link ez-toc-heading-11\" href=\"https:\/\/www.euncet.com\/blog\/es\/entrevista-columat\/#%C2%BFQue_consejos_le_darias_a_alguien_que_quiera_emprender_un_proyecto\" >\u00bfQu\u00e9 consejos le dar\u00edas a alguien que quiera emprender un proyecto?<\/a><\/li><li class='ez-toc-page-1 ez-toc-heading-level-2'><a class=\"ez-toc-link ez-toc-heading-12\" href=\"https:\/\/www.euncet.com\/blog\/es\/entrevista-columat\/#Como_Alumni_Euncet_del_grado_en_Administracion_y_Direccion_de_Empresas_%C2%BFque_ha_supuesto_estudiar_en_Euncet_Business_School\" >Como Alumni Euncet del grado en Administraci\u00f3n y Direcci\u00f3n de Empresas, \u00bfqu\u00e9 ha supuesto estudiar en Euncet Business School?<\/a><\/li><\/ul><\/nav><\/div>\n\n<p><span style=\"font-weight: 400;\">Con motivo de su selecci\u00f3n, entrevistamos a Georgina Coll para conocer el origen del proyecto y su experiencia con Euncet Business School. <\/span><\/p>\n<h2><span class=\"ez-toc-section\" id=\"%C2%BFComo_definirias_Columat_en_pocas_palabras\"><\/span><b>\u00bfC\u00f3mo definir\u00edas Columat en pocas palabras?<\/b><span class=\"ez-toc-section-end\"><\/span><\/h2>\n<p>Columat es la soluci\u00f3n log\u00edstica que permite entregar y recoger las compras por conveniencia 24\/7, ofreciendo competitividad al Retail, experiencia y aportando valor a uno de los mayores problemas de la log\u00edstica e-commerce, la \u00faltima milla.<br \/>\n<b><\/b><\/p>\n<h2><span class=\"ez-toc-section\" id=\"El_proyecto_nacio_en_2019_%C2%BFcomo_surgio_la_idea\"><\/span><b>El proyecto naci\u00f3 en 2019, \u00bfc\u00f3mo surgi\u00f3 la idea?<\/b><span class=\"ez-toc-section-end\"><\/span><\/h2>\n<p>La idea surgi\u00f3 de ambos fundadores, entre la experiencia de <a href=\"https:\/\/www.linkedin.com\/in\/albertbladas\/?originalSubdomain=es\">Albert Bladas<\/a>, en el sector de distribuci\u00f3n alimentaria, cambio clim\u00e1tico y empresa, y <a href=\"https:\/\/www.linkedin.com\/in\/georginacoll\/\">Georgina Coll <\/a>en tecnolog\u00eda, sistemas de dispensaci\u00f3n y empresa.<br \/>\n<b><\/b><\/p>\n<p><span style=\"font-weight: 400;\">Desde un principio pens\u00e1bamos en aportar valor y reducir costes en la obtenci\u00f3n de las compras ecommerce, centrando nuestro modelo de negocio en oficinas, para la gesti\u00f3n de la paqueter\u00eda de los trabajadores, y los supermercados, con taquillas inteligentes que almacenan los productos con su correcta necesidad de consumo, proporcionando al Retail reducci\u00f3n en costes log\u00edsticos y de gesti\u00f3n,\u00a0 y aumentar su radio de actuaci\u00f3n a un bajo coste de infraestructura y contribuir con la sostenibilidad urbana.<\/span><\/p>\n<h2><span class=\"ez-toc-section\" id=\"%C2%BFComo_fueron_los_primeros_meses_del_proyecto\"><\/span><b>\u00bfC\u00f3mo fueron los primeros meses del proyecto?<\/b><span class=\"ez-toc-section-end\"><\/span><\/h2>\n<p>Los primeros meses nos dedicamos a analizar y conocer al mercado, al igual que dar a conocer nuestra empresa. De esa forma, nos posicionamos y conseguimos distintas colaboraciones con grandes empresas, e incluso conocer nuevos mercados que quiz\u00e1s no nos hubi\u00e9semos planteado.<br \/>\n<b><\/b><\/p>\n<h2><span class=\"ez-toc-section\" id=\"%C2%BFQue_caracteriza_Columat_de_otros_proyectos_basados_en_este_sistema_de_taquillas_inteligentes\"><\/span><b>\u00bfQu\u00e9 caracteriza Columat de otros proyectos basados en este sistema de taquillas inteligentes?<\/b><span class=\"ez-toc-section-end\"><\/span><\/h2>\n<p>Columat es la \u00fanica soluci\u00f3n que provee temperatura desde congelado, fr\u00edo, ambiente y caliente de forma remota. Asimismo, permite la integraci\u00f3n directamente con nuestros clientes, al igual que se diferencia por ser la soluci\u00f3n que se adapta a las necesidades de nuestros clientes, adapt\u00e1ndose perfectamente al entorno, al uso y al consumo.<br \/>\n<b><\/b><\/p>\n<h2><span class=\"ez-toc-section\" id=\"Habeis_sido_seleccionados_para_formar_parte_de_Lanzadera_la_aceleradora_impulsada_por_Joan_Roig_presidente_de_Mercadona_%C2%BFQue_ha_supuesto_esta_noticia_para_vosotros_%C2%BFY_para_Columat\"><\/span><b>Hab\u00e9is sido seleccionados para formar parte de Lanzadera, la aceleradora impulsada por Joan Roig, presidente de Mercadona. \u00bfQu\u00e9 ha supuesto esta noticia para vosotros? \u00bfY para Columat?<\/b><span class=\"ez-toc-section-end\"><\/span><\/h2>\n<p>Acceder a <a href=\"https:\/\/lanzadera.es\/\">Lanzadera <\/a>nos ha permitido conocer mucho m\u00e1s el ecosistema Startup, al igual que conocer y compartir sinergias con otras empresas ubicadas en Lanzadera. Para Columat, ha sido una oportunidad que ha ayudado a dar a conocer mucho m\u00e1s la marca a nivel nacional, y a fortalecer nuestra estrategia comercial y comunicativa.<br \/>\n<b><\/b><\/p>\n<h2><span class=\"ez-toc-section\" id=\"%C2%BFQue_significa_incorporarse_en_la_fase_Traction\"><\/span><b>\u00bfQu\u00e9 significa incorporarse en la fase Traction?<\/b><span class=\"ez-toc-section-end\"><\/span><\/h2>\n<p>La fase Traction significa que tu proyecto est\u00e1 traccionando, es decir, la empresa est\u00e1 facturando y creciendo.<br \/>\n<b><\/b><\/p>\n<h2><span class=\"ez-toc-section\" id=\"%C2%BFComo_ha_sido_emprender_un_proyecto_digital_en_tiempos_de_covid-19\"><\/span><b>\u00bfC\u00f3mo ha sido emprender un proyecto digital en tiempos de covid-19?\u00a0<\/b><span class=\"ez-toc-section-end\"><\/span><\/h2>\n<p>La COVID-19 nos ha tra\u00eddo diferentes cosas. Ten\u00edamos ciertas previsiones e instalaciones en 2020, del que muchos proyectos se demoraron para m\u00e1s adelante. Tambi\u00e9n cambiamos nuestra estrategia potenciando la compra de poco contacto, gracias a la recogida mediante QR.<br \/>\n<b><\/b><\/p>\n<p><span style=\"font-weight: 400;\">De La COVID-19 salimos m\u00e1s fuertes, ya que ha acelerado la tendencia hacia las compras online y la transformaci\u00f3n digital. La pandemia ha acelerado el sector unos 3 a\u00f1os.\u00a0<\/span><\/p>\n<h2><span class=\"ez-toc-section\" id=\"El_proyecto_lo_compartes_con_tu_companero_Albert_Bladas_%C2%BFComo_ha_sido_vuestra_relacion_laboral_en_todo_este_tiempo_%C2%BFYa_teniais_pensado_crear_algun_negocio_juntos\"><\/span><b>El proyecto lo compartes con tu compa\u00f1ero Albert Bladas. \u00bfC\u00f3mo ha sido vuestra relaci\u00f3n laboral en todo este tiempo? \u00bfYa ten\u00edais pensado crear alg\u00fan negocio juntos?<\/b><span class=\"ez-toc-section-end\"><\/span><\/h2>\n<p>La relaci\u00f3n laboral es muy buena. No ten\u00edamos pensado crear algo juntos, tan s\u00f3lo surgi\u00f3. Es muy importante que el equipo fundador vaya hacia una misma direcci\u00f3n, se apoye y mire la parte positiva de las cosas. Nosotros somos as\u00ed, estamos aqu\u00ed para aportar una soluci\u00f3n que mejora las relaciones humanas y beneficia a las empresas, trabajamos juntos para conseguir nuestros objetivos.<br \/>\n<b><\/b><\/p>\n<h2><span class=\"ez-toc-section\" id=\"Parece_que_el_proyecto_crece_a_buen_ritmo_y_que_teneis_perspectivas_de_futuro_colaborando_con_comercios_electronicos_y_ayuntamientos_%C2%BFComo_van_esas_negociaciones_%C2%BFOs_lo_imaginabais_al_principio_de_emprender_el_proyecto\"><\/span><b>Parece que el proyecto crece a buen ritmo y que ten\u00e9is perspectivas de futuro colaborando con comercios electr\u00f3nicos y ayuntamientos. \u00bfC\u00f3mo van esas negociaciones? \u00bfOs lo imagin\u00e1bais al principio de emprender el proyecto?<\/b><span class=\"ez-toc-section-end\"><\/span><\/h2>\n<p>Desde un principio busc\u00e1bamos ese tipo de relaciones, Retailers con comercio electr\u00f3nico potenciando el canal Click &amp; Collect en tiendas o puntos estrat\u00e9gicos y ayuntamientos y asociaciones de comerciantes, impulsando la digitalizaci\u00f3n del comercio local y permiti\u00e9ndoles a un conjunto de comercios entregar las compras en un punto reduciendo as\u00ed las emisiones de CO2 en la atm\u00f3sfera.<br \/>\n<b><\/b><\/p>\n<h2><span class=\"ez-toc-section\" id=\"%C2%BFCuales_son_vuestros_objetivos_a_corto_y_medio_plazo\"><\/span><b>\u00bfCu\u00e1les son vuestros objetivos a corto y medio plazo?<\/b><span class=\"ez-toc-section-end\"><\/span><\/h2>\n<p>Escalar nuestras l\u00edneas de productos e internacionalizarnos.<br \/>\n<b><\/b><\/p>\n<h2><span class=\"ez-toc-section\" id=\"%C2%BFQue_consejos_le_darias_a_alguien_que_quiera_emprender_un_proyecto\"><\/span><b>\u00bfQu\u00e9 consejos le dar\u00edas a alguien que quiera emprender un proyecto?<\/b><span class=\"ez-toc-section-end\"><\/span><\/h2>\n<p>S\u00e9 consciente con el tiempo, las cosas a veces no son tan r\u00e1pidas como esperamos, se paciente y sigue confiando siempre en tu proyecto. Ante todo suma, no restes. Intenta mantenerte en una l\u00ednea al m\u00e1ximo estable, relativiza los \u00e9xitos y los fracasos, consigue lo que tu crees.<br \/>\n<b><\/b><\/p>\n<h2><span class=\"ez-toc-section\" id=\"Como_Alumni_Euncet_del_grado_en_Administracion_y_Direccion_de_Empresas_%C2%BFque_ha_supuesto_estudiar_en_Euncet_Business_School\"><\/span><b>Como Alumni Euncet del grado en Administraci\u00f3n y Direcci\u00f3n de Empresas, \u00bfqu\u00e9 ha supuesto estudiar en Euncet Business School?<\/b><span class=\"ez-toc-section-end\"><\/span><\/h2>\n<p>Euncet Business School es una universidad accesible. Estudiar en Euncet me permiti\u00f3 crecer en conocimientos, organizar mis estudios y poder destinar tiempo a otras cosas.<br \/>\n<b><\/b><\/p>\n","protected":false},"excerpt":{"rendered":"<p>Lanzadera, la aceleradora impulsada por Joan Roig, presidente de Mercadona, ha seleccionado 70 empresas emergentes, entre las cuales est\u00e1 Columat, dedicada a la recogida de la compra a trav\u00e9s de taquillas inteligentes y fundada por Georgina Coll, antigua alumna del grado en Administraci\u00f3n y Direcci\u00f3n de Empresas de Euncet Business School, junto con su socio, [&hellip;]<\/p>\n","protected":false},"author":28,"featured_media":50684,"comment_status":"closed","ping_status":"closed","sticky":false,"template":"","format":"standard","meta":{"_acf_changed":false,"footnotes":""},"categories":[288],"tags":[],"class_list":["post-50682","post","type-post","status-publish","format-standard","has-post-thumbnail","hentry","category-entrevistas"],"acf":[],"yoast_head":"<!-- This site is optimized with the Yoast SEO plugin v27.4 - https:\/\/yoast.com\/product\/yoast-seo-wordpress\/ -->\n<title>Entrevista a Georgina Coll, co-founder de Columat | Euncet<\/title>\n<meta name=\"description\" content=\"Columat, empresa fundada por la Alumni Georgina Coll, ha sido seleccionada por la aceleradora de empresas &quot;Lanzadera&quot;, de Joan Roig.\" \/>\n<meta name=\"robots\" content=\"index, follow, max-snippet:-1, max-image-preview:large, max-video-preview:-1\" \/>\n<link rel=\"canonical\" href=\"https:\/\/www.euncet.com\/blog\/es\/entrevista-columat\/\" \/>\n<meta property=\"og:locale\" content=\"es_ES\" \/>\n<meta property=\"og:type\" content=\"article\" \/>\n<meta property=\"og:title\" content=\"Entrevista a Georgina Coll, co-founder de Columat | Euncet\" \/>\n<meta property=\"og:description\" content=\"Columat, empresa fundada por la Alumni Georgina Coll, ha sido seleccionada por la aceleradora de empresas &quot;Lanzadera&quot;, de Joan Roig.\" \/>\n<meta property=\"og:url\" content=\"https:\/\/www.euncet.com\/blog\/es\/entrevista-columat\/\" \/>\n<meta property=\"og:site_name\" content=\"Euncet Business School\" \/>\n<meta property=\"article:publisher\" content=\"https:\/\/www.facebook.com\/euncet\" \/>\n<meta property=\"article:published_time\" content=\"2021-07-19T10:23:43+00:00\" \/>\n<meta property=\"article:modified_time\" content=\"2022-11-24T09:09:16+00:00\" \/>\n<meta property=\"og:image\" content=\"https:\/\/www.euncet.com\/blog\/wp-content\/uploads\/2021\/07\/Columat.png\" \/>\n\t<meta property=\"og:image:width\" content=\"560\" \/>\n\t<meta property=\"og:image:height\" content=\"416\" \/>\n\t<meta property=\"og:image:type\" content=\"image\/png\" \/>\n<meta name=\"author\" content=\"euncet\" \/>\n<meta name=\"twitter:card\" content=\"summary_large_image\" \/>\n<meta name=\"twitter:creator\" content=\"@euncet\" \/>\n<meta name=\"twitter:site\" content=\"@euncet\" \/>\n<meta name=\"twitter:label1\" content=\"Escrito por\" \/>\n\t<meta name=\"twitter:data1\" content=\"euncet\" \/>\n\t<meta name=\"twitter:label2\" content=\"Tiempo de lectura\" \/>\n\t<meta name=\"twitter:data2\" content=\"4 minutos\" \/>\n<script type=\"application\/ld+json\" class=\"yoast-schema-graph\">{\"@context\":\"https:\\\/\\\/schema.org\",\"@graph\":[{\"@type\":\"Article\",\"@id\":\"https:\\\/\\\/www.euncet.com\\\/blog\\\/es\\\/entrevista-columat\\\/#article\",\"isPartOf\":{\"@id\":\"https:\\\/\\\/www.euncet.com\\\/blog\\\/es\\\/entrevista-columat\\\/\"},\"author\":{\"name\":\"euncet\",\"@id\":\"https:\\\/\\\/www.euncet.com\\\/blog\\\/es\\\/#\\\/schema\\\/person\\\/8253e592273eb1f7a48788902ca03268\"},\"headline\":\"Georgina Coll: \u00abLa pandemia ha acelerado el sector unos 3 a\u00f1os\u00bb\",\"datePublished\":\"2021-07-19T10:23:43+00:00\",\"dateModified\":\"2022-11-24T09:09:16+00:00\",\"mainEntityOfPage\":{\"@id\":\"https:\\\/\\\/www.euncet.com\\\/blog\\\/es\\\/entrevista-columat\\\/\"},\"wordCount\":908,\"image\":{\"@id\":\"https:\\\/\\\/www.euncet.com\\\/blog\\\/es\\\/entrevista-columat\\\/#primaryimage\"},\"thumbnailUrl\":\"https:\\\/\\\/www.euncet.com\\\/blog\\\/wp-content\\\/uploads\\\/2021\\\/07\\\/Columat.png\",\"articleSection\":[\"Entrevistas\"],\"inLanguage\":\"es\"},{\"@type\":\"WebPage\",\"@id\":\"https:\\\/\\\/www.euncet.com\\\/blog\\\/es\\\/entrevista-columat\\\/\",\"url\":\"https:\\\/\\\/www.euncet.com\\\/blog\\\/es\\\/entrevista-columat\\\/\",\"name\":\"Entrevista a Georgina Coll, co-founder de Columat | Euncet\",\"isPartOf\":{\"@id\":\"https:\\\/\\\/www.euncet.com\\\/blog\\\/es\\\/#website\"},\"primaryImageOfPage\":{\"@id\":\"https:\\\/\\\/www.euncet.com\\\/blog\\\/es\\\/entrevista-columat\\\/#primaryimage\"},\"image\":{\"@id\":\"https:\\\/\\\/www.euncet.com\\\/blog\\\/es\\\/entrevista-columat\\\/#primaryimage\"},\"thumbnailUrl\":\"https:\\\/\\\/www.euncet.com\\\/blog\\\/wp-content\\\/uploads\\\/2021\\\/07\\\/Columat.png\",\"datePublished\":\"2021-07-19T10:23:43+00:00\",\"dateModified\":\"2022-11-24T09:09:16+00:00\",\"author\":{\"@id\":\"https:\\\/\\\/www.euncet.com\\\/blog\\\/es\\\/#\\\/schema\\\/person\\\/8253e592273eb1f7a48788902ca03268\"},\"description\":\"Columat, empresa fundada por la Alumni Georgina Coll, ha sido seleccionada por la aceleradora de empresas \\\"Lanzadera\\\", de Joan Roig.\",\"breadcrumb\":{\"@id\":\"https:\\\/\\\/www.euncet.com\\\/blog\\\/es\\\/entrevista-columat\\\/#breadcrumb\"},\"inLanguage\":\"es\",\"potentialAction\":[{\"@type\":\"ReadAction\",\"target\":[\"https:\\\/\\\/www.euncet.com\\\/blog\\\/es\\\/entrevista-columat\\\/\"]}]},{\"@type\":\"ImageObject\",\"inLanguage\":\"es\",\"@id\":\"https:\\\/\\\/www.euncet.com\\\/blog\\\/es\\\/entrevista-columat\\\/#primaryimage\",\"url\":\"https:\\\/\\\/www.euncet.com\\\/blog\\\/wp-content\\\/uploads\\\/2021\\\/07\\\/Columat.png\",\"contentUrl\":\"https:\\\/\\\/www.euncet.com\\\/blog\\\/wp-content\\\/uploads\\\/2021\\\/07\\\/Columat.png\",\"width\":560,\"height\":416,\"caption\":\"Entrevista a Georgina Coll, alumni Euncet y fundadora de Columat\"},{\"@type\":\"BreadcrumbList\",\"@id\":\"https:\\\/\\\/www.euncet.com\\\/blog\\\/es\\\/entrevista-columat\\\/#breadcrumb\",\"itemListElement\":[{\"@type\":\"ListItem\",\"position\":1,\"name\":\"Portada\",\"item\":\"https:\\\/\\\/www.euncet.com\\\/blog\\\/es\\\/\"},{\"@type\":\"ListItem\",\"position\":2,\"name\":\"Georgina Coll: \u00abLa pandemia ha acelerado el sector unos 3 a\u00f1os\u00bb\"}]},{\"@type\":\"WebSite\",\"@id\":\"https:\\\/\\\/www.euncet.com\\\/blog\\\/es\\\/#website\",\"url\":\"https:\\\/\\\/www.euncet.com\\\/blog\\\/es\\\/\",\"name\":\"Euncet Business School\",\"description\":\"Escuela de negocios\",\"potentialAction\":[{\"@type\":\"SearchAction\",\"target\":{\"@type\":\"EntryPoint\",\"urlTemplate\":\"https:\\\/\\\/www.euncet.com\\\/blog\\\/es\\\/?s={search_term_string}\"},\"query-input\":{\"@type\":\"PropertyValueSpecification\",\"valueRequired\":true,\"valueName\":\"search_term_string\"}}],\"inLanguage\":\"es\"},{\"@type\":\"Person\",\"@id\":\"https:\\\/\\\/www.euncet.com\\\/blog\\\/es\\\/#\\\/schema\\\/person\\\/8253e592273eb1f7a48788902ca03268\",\"name\":\"euncet\",\"image\":{\"@type\":\"ImageObject\",\"inLanguage\":\"es\",\"@id\":\"https:\\\/\\\/secure.gravatar.com\\\/avatar\\\/ee2ce5f049e82b74bcc6b8db4c5e9c717e35544f3cde91d14a3daa9827fe21f0?s=96&d=mm&r=g\",\"url\":\"https:\\\/\\\/secure.gravatar.com\\\/avatar\\\/ee2ce5f049e82b74bcc6b8db4c5e9c717e35544f3cde91d14a3daa9827fe21f0?s=96&d=mm&r=g\",\"contentUrl\":\"https:\\\/\\\/secure.gravatar.com\\\/avatar\\\/ee2ce5f049e82b74bcc6b8db4c5e9c717e35544f3cde91d14a3daa9827fe21f0?s=96&d=mm&r=g\",\"caption\":\"euncet\"},\"url\":\"https:\\\/\\\/www.euncet.com\\\/blog\\\/es\\\/author\\\/euncet\\\/\"}]}<\/script>\n<!-- \/ Yoast SEO plugin. -->","yoast_head_json":{"title":"Entrevista a Georgina Coll, co-founder de Columat | Euncet","description":"Columat, empresa fundada por la Alumni Georgina Coll, ha sido seleccionada por la aceleradora de empresas \"Lanzadera\", de Joan Roig.","robots":{"index":"index","follow":"follow","max-snippet":"max-snippet:-1","max-image-preview":"max-image-preview:large","max-video-preview":"max-video-preview:-1"},"canonical":"https:\/\/www.euncet.com\/blog\/es\/entrevista-columat\/","og_locale":"es_ES","og_type":"article","og_title":"Entrevista a Georgina Coll, co-founder de Columat | Euncet","og_description":"Columat, empresa fundada por la Alumni Georgina Coll, ha sido seleccionada por la aceleradora de empresas \"Lanzadera\", de Joan Roig.","og_url":"https:\/\/www.euncet.com\/blog\/es\/entrevista-columat\/","og_site_name":"Euncet Business School","article_publisher":"https:\/\/www.facebook.com\/euncet","article_published_time":"2021-07-19T10:23:43+00:00","article_modified_time":"2022-11-24T09:09:16+00:00","og_image":[{"width":560,"height":416,"url":"https:\/\/www.euncet.com\/blog\/wp-content\/uploads\/2021\/07\/Columat.png","type":"image\/png"}],"author":"euncet","twitter_card":"summary_large_image","twitter_creator":"@euncet","twitter_site":"@euncet","twitter_misc":{"Escrito por":"euncet","Tiempo de lectura":"4 minutos"},"schema":{"@context":"https:\/\/schema.org","@graph":[{"@type":"Article","@id":"https:\/\/www.euncet.com\/blog\/es\/entrevista-columat\/#article","isPartOf":{"@id":"https:\/\/www.euncet.com\/blog\/es\/entrevista-columat\/"},"author":{"name":"euncet","@id":"https:\/\/www.euncet.com\/blog\/es\/#\/schema\/person\/8253e592273eb1f7a48788902ca03268"},"headline":"Georgina Coll: \u00abLa pandemia ha acelerado el sector unos 3 a\u00f1os\u00bb","datePublished":"2021-07-19T10:23:43+00:00","dateModified":"2022-11-24T09:09:16+00:00","mainEntityOfPage":{"@id":"https:\/\/www.euncet.com\/blog\/es\/entrevista-columat\/"},"wordCount":908,"image":{"@id":"https:\/\/www.euncet.com\/blog\/es\/entrevista-columat\/#primaryimage"},"thumbnailUrl":"https:\/\/www.euncet.com\/blog\/wp-content\/uploads\/2021\/07\/Columat.png","articleSection":["Entrevistas"],"inLanguage":"es"},{"@type":"WebPage","@id":"https:\/\/www.euncet.com\/blog\/es\/entrevista-columat\/","url":"https:\/\/www.euncet.com\/blog\/es\/entrevista-columat\/","name":"Entrevista a Georgina Coll, co-founder de Columat | Euncet","isPartOf":{"@id":"https:\/\/www.euncet.com\/blog\/es\/#website"},"primaryImageOfPage":{"@id":"https:\/\/www.euncet.com\/blog\/es\/entrevista-columat\/#primaryimage"},"image":{"@id":"https:\/\/www.euncet.com\/blog\/es\/entrevista-columat\/#primaryimage"},"thumbnailUrl":"https:\/\/www.euncet.com\/blog\/wp-content\/uploads\/2021\/07\/Columat.png","datePublished":"2021-07-19T10:23:43+00:00","dateModified":"2022-11-24T09:09:16+00:00","author":{"@id":"https:\/\/www.euncet.com\/blog\/es\/#\/schema\/person\/8253e592273eb1f7a48788902ca03268"},"description":"Columat, empresa fundada por la Alumni Georgina Coll, ha sido seleccionada por la aceleradora de empresas \"Lanzadera\", de Joan Roig.","breadcrumb":{"@id":"https:\/\/www.euncet.com\/blog\/es\/entrevista-columat\/#breadcrumb"},"inLanguage":"es","potentialAction":[{"@type":"ReadAction","target":["https:\/\/www.euncet.com\/blog\/es\/entrevista-columat\/"]}]},{"@type":"ImageObject","inLanguage":"es","@id":"https:\/\/www.euncet.com\/blog\/es\/entrevista-columat\/#primaryimage","url":"https:\/\/www.euncet.com\/blog\/wp-content\/uploads\/2021\/07\/Columat.png","contentUrl":"https:\/\/www.euncet.com\/blog\/wp-content\/uploads\/2021\/07\/Columat.png","width":560,"height":416,"caption":"Entrevista a Georgina Coll, alumni Euncet y fundadora de Columat"},{"@type":"BreadcrumbList","@id":"https:\/\/www.euncet.com\/blog\/es\/entrevista-columat\/#breadcrumb","itemListElement":[{"@type":"ListItem","position":1,"name":"Portada","item":"https:\/\/www.euncet.com\/blog\/es\/"},{"@type":"ListItem","position":2,"name":"Georgina Coll: \u00abLa pandemia ha acelerado el sector unos 3 a\u00f1os\u00bb"}]},{"@type":"WebSite","@id":"https:\/\/www.euncet.com\/blog\/es\/#website","url":"https:\/\/www.euncet.com\/blog\/es\/","name":"Euncet Business School","description":"Escuela de negocios","potentialAction":[{"@type":"SearchAction","target":{"@type":"EntryPoint","urlTemplate":"https:\/\/www.euncet.com\/blog\/es\/?s={search_term_string}"},"query-input":{"@type":"PropertyValueSpecification","valueRequired":true,"valueName":"search_term_string"}}],"inLanguage":"es"},{"@type":"Person","@id":"https:\/\/www.euncet.com\/blog\/es\/#\/schema\/person\/8253e592273eb1f7a48788902ca03268","name":"euncet","image":{"@type":"ImageObject","inLanguage":"es","@id":"https:\/\/secure.gravatar.com\/avatar\/ee2ce5f049e82b74bcc6b8db4c5e9c717e35544f3cde91d14a3daa9827fe21f0?s=96&d=mm&r=g","url":"https:\/\/secure.gravatar.com\/avatar\/ee2ce5f049e82b74bcc6b8db4c5e9c717e35544f3cde91d14a3daa9827fe21f0?s=96&d=mm&r=g","contentUrl":"https:\/\/secure.gravatar.com\/avatar\/ee2ce5f049e82b74bcc6b8db4c5e9c717e35544f3cde91d14a3daa9827fe21f0?s=96&d=mm&r=g","caption":"euncet"},"url":"https:\/\/www.euncet.com\/blog\/es\/author\/euncet\/"}]}},"_links":{"self":[{"href":"https:\/\/www.euncet.com\/blog\/es\/wp-json\/wp\/v2\/posts\/50682","targetHints":{"allow":["GET"]}}],"collection":[{"href":"https:\/\/www.euncet.com\/blog\/es\/wp-json\/wp\/v2\/posts"}],"about":[{"href":"https:\/\/www.euncet.com\/blog\/es\/wp-json\/wp\/v2\/types\/post"}],"author":[{"embeddable":true,"href":"https:\/\/www.euncet.com\/blog\/es\/wp-json\/wp\/v2\/users\/28"}],"replies":[{"embeddable":true,"href":"https:\/\/www.euncet.com\/blog\/es\/wp-json\/wp\/v2\/comments?post=50682"}],"version-history":[{"count":0,"href":"https:\/\/www.euncet.com\/blog\/es\/wp-json\/wp\/v2\/posts\/50682\/revisions"}],"wp:featuredmedia":[{"embeddable":true,"href":"https:\/\/www.euncet.com\/blog\/es\/wp-json\/wp\/v2\/media\/50684"}],"wp:attachment":[{"href":"https:\/\/www.euncet.com\/blog\/es\/wp-json\/wp\/v2\/media?parent=50682"}],"wp:term":[{"taxonomy":"category","embeddable":true,"href":"https:\/\/www.euncet.com\/blog\/es\/wp-json\/wp\/v2\/categories?post=50682"},{"taxonomy":"post_tag","embeddable":true,"href":"https:\/\/www.euncet.com\/blog\/es\/wp-json\/wp\/v2\/tags?post=50682"}],"curies":[{"name":"wp","href":"https:\/\/api.w.org\/{rel}","templated":true}]}}