{"id":52298,"date":"2022-02-28T17:36:34","date_gmt":"2022-02-28T16:36:34","guid":{"rendered":"https:\/\/blog.euncet.com\/?p=52298"},"modified":"2023-06-09T16:48:49","modified_gmt":"2023-06-09T14:48:49","slug":"servicio-carreras-profesionales","status":"publish","type":"post","link":"https:\/\/www.euncet.com\/blog\/es\/servicio-carreras-profesionales\/","title":{"rendered":"El servicio de carreras profesionales con el talento universitario"},"content":{"rendered":"\t\t<div data-elementor-type=\"wp-post\" data-elementor-id=\"52298\" class=\"elementor elementor-52298\" data-elementor-post-type=\"post\">\n\t\t\t\t\t\t<section class=\"elementor-section elementor-top-section elementor-element elementor-element-9b258b6 elementor-section-boxed elementor-section-height-default elementor-section-height-default\" data-id=\"9b258b6\" data-element_type=\"section\" data-e-type=\"section\">\n\t\t\t\t\t\t<div class=\"elementor-container elementor-column-gap-default\">\n\t\t\t\t\t<div class=\"elementor-column elementor-col-100 elementor-top-column elementor-element elementor-element-2240cb6\" data-id=\"2240cb6\" data-element_type=\"column\" data-e-type=\"column\">\n\t\t\t<div class=\"elementor-widget-wrap elementor-element-populated\">\n\t\t\t\t\t\t<div class=\"elementor-element elementor-element-4f0471e elementor-widget elementor-widget-text-editor\" data-id=\"4f0471e\" data-element_type=\"widget\" data-e-type=\"widget\" data-widget_type=\"text-editor.default\">\n\t\t\t\t<div class=\"elementor-widget-container\">\n\t\t\t\t\t\t\t\t\t<p><span style=\"font-weight: 400;\">Los \u00faltimos datos publicados por el Idescat (Instituto de Estad\u00edstica de Catalu\u00f1a) que hacen referencia al 2021 sit\u00faan la <\/span><b>tasa de paro en Catalu\u00f1a entre los j\u00f3venes de 16 a 24 a\u00f1os en el 28,9% y en el 10,4% entre los 25 y 44 a\u00f1os<\/b><span style=\"font-weight: 400;\">. Adem\u00e1s, seg\u00fan el informe \u201cLa situaci\u00f3n juvenil en Europa. An\u00e1lisis sociolaboral\u201d, elaborado por Disturbio \u2013 J\u00f3venes de la UGT, Catalu\u00f1a es el segundo territorio de la Uni\u00f3n Europea donde m\u00e1s ha subido la tasa de paro quintuplicando la tasa de pa\u00edses como Alemania.<\/span><\/p><div id=\"ez-toc-container\" class=\"ez-toc-v2_0_82_2 counter-hierarchy ez-toc-counter ez-toc-custom ez-toc-container-direction\">\n<div class=\"ez-toc-title-container\">\n<p class=\"ez-toc-title\" style=\"cursor:inherit\">\u00cdNDICE DE CONTENIDOS<\/p>\n<span class=\"ez-toc-title-toggle\"><a href=\"#\" class=\"ez-toc-pull-right ez-toc-btn ez-toc-btn-xs ez-toc-btn-default ez-toc-toggle\" aria-label=\"Alternar tabla de contenidos\"><span class=\"ez-toc-js-icon-con\"><span class=\"\"><span class=\"eztoc-hide\" style=\"display:none;\">Toggle<\/span><span class=\"ez-toc-icon-toggle-span\"><svg style=\"fill: #222222;color:#222222\" xmlns=\"http:\/\/www.w3.org\/2000\/svg\" class=\"list-377408\" width=\"20px\" height=\"20px\" viewBox=\"0 0 24 24\" fill=\"none\"><path d=\"M6 6H4v2h2V6zm14 0H8v2h12V6zM4 11h2v2H4v-2zm16 0H8v2h12v-2zM4 16h2v2H4v-2zm16 0H8v2h12v-2z\" fill=\"currentColor\"><\/path><\/svg><svg style=\"fill: #222222;color:#222222\" class=\"arrow-unsorted-368013\" xmlns=\"http:\/\/www.w3.org\/2000\/svg\" width=\"10px\" height=\"10px\" viewBox=\"0 0 24 24\" version=\"1.2\" baseProfile=\"tiny\"><path d=\"M18.2 9.3l-6.2-6.3-6.2 6.3c-.2.2-.3.4-.3.7s.1.5.3.7c.2.2.4.3.7.3h11c.3 0 .5-.1.7-.3.2-.2.3-.5.3-.7s-.1-.5-.3-.7zM5.8 14.7l6.2 6.3 6.2-6.3c.2-.2.3-.5.3-.7s-.1-.5-.3-.7c-.2-.2-.4-.3-.7-.3h-11c-.3 0-.5.1-.7.3-.2.2-.3.5-.3.7s.1.5.3.7z\"\/><\/svg><\/span><\/span><\/span><\/a><\/span><\/div>\n<nav><ul class='ez-toc-list ez-toc-list-level-1 ' ><li class='ez-toc-page-1 ez-toc-heading-level-2'><a class=\"ez-toc-link ez-toc-heading-1\" href=\"https:\/\/www.euncet.com\/blog\/es\/servicio-carreras-profesionales\/#%C2%BFQue_ofrece_el_servicio_de_carreras_profesionales_de_Euncet_Business_School\" >\u00bfQu\u00e9 ofrece el servicio de carreras profesionales de Euncet Business School?<\/a><\/li><li class='ez-toc-page-1 ez-toc-heading-level-2'><a class=\"ez-toc-link ez-toc-heading-2\" href=\"https:\/\/www.euncet.com\/blog\/es\/servicio-carreras-profesionales\/#Herramientas_y_acciones_para_ayudar_a_la_insercion_laboral_de_los_estudiantes\" >Herramientas y acciones para ayudar a la inserci\u00f3n laboral de los estudiantes<\/a><ul class='ez-toc-list-level-4' ><li class='ez-toc-heading-level-4'><ul class='ez-toc-list-level-4' ><li class='ez-toc-heading-level-4'><a class=\"ez-toc-link ez-toc-heading-3\" href=\"https:\/\/www.euncet.com\/blog\/es\/servicio-carreras-profesionales\/#1_Entrevistas_individuales\" >1. Entrevistas individuales<\/a><\/li><li class='ez-toc-page-1 ez-toc-heading-level-4'><a class=\"ez-toc-link ez-toc-heading-4\" href=\"https:\/\/www.euncet.com\/blog\/es\/servicio-carreras-profesionales\/#2_Talleres_de_orientacion_profesional\" >2. Talleres de orientaci\u00f3n profesional<\/a><\/li><\/ul><\/li><\/ul><\/li><li class='ez-toc-page-1 ez-toc-heading-level-2'><a class=\"ez-toc-link ez-toc-heading-5\" href=\"https:\/\/www.euncet.com\/blog\/es\/servicio-carreras-profesionales\/#%C2%BFQue_es_la_bolsa_de_trabajo\" >\u00bfQu\u00e9 es la bolsa de trabajo?<\/a><\/li><li class='ez-toc-page-1 ez-toc-heading-level-2'><a class=\"ez-toc-link ez-toc-heading-6\" href=\"https:\/\/www.euncet.com\/blog\/es\/servicio-carreras-profesionales\/#La_transformacion_digital_nuevos_retos_nuevas_salidas_profesionales\" >La transformaci\u00f3n digital: nuevos retos, nuevas salidas profesionales<\/a><\/li><li class='ez-toc-page-1 ez-toc-heading-level-2'><a class=\"ez-toc-link ez-toc-heading-7\" href=\"https:\/\/www.euncet.com\/blog\/es\/servicio-carreras-profesionales\/#Jornada_Euncet_Empresa_el_punto_de_encuentro_entre_el_talento_y_el_mundo_profesional\" >Jornada Euncet Empresa, el punto de encuentro entre el talento y el mundo profesional<\/a><\/li><\/ul><\/nav><\/div>\n<p><span style=\"font-weight: 400;\">El mercado laboral cada vez se presenta m\u00e1s inaccesible para los j\u00f3venes y la situaci\u00f3n post covid ha agravado la situaci\u00f3n convirtiendo en un desaf\u00edo la b\u00fasqueda de trabajo.\u00a0<\/span><\/p><p><span style=\"font-weight: 400;\">Si eres estudiante, seguramente lo hayas notado. <\/span><b>Las universidades juegan un papel importante en la preparaci\u00f3n y en la inserci\u00f3n laboral de los j\u00f3venes<\/b><span style=\"font-weight: 400;\">. A continuaci\u00f3n, te contamos qu\u00e9 son los servicios de carreras profesionales y por qu\u00e9 es tan importante <\/span><b>participar en\u00a0 las bolsas de empleo para mejorar tu proyecci\u00f3n de futuro.<\/b><\/p>\t\t\t\t\t\t\t\t<\/div>\n\t\t\t\t<\/div>\n\t\t\t\t<div class=\"elementor-element elementor-element-4eafdf9 elementor-widget elementor-widget-image\" data-id=\"4eafdf9\" data-element_type=\"widget\" data-e-type=\"widget\" data-widget_type=\"image.default\">\n\t\t\t\t<div class=\"elementor-widget-container\">\n\t\t\t\t\t\t\t\t\t\t\t\t\t\t\t<img fetchpriority=\"high\" decoding=\"async\" width=\"750\" height=\"300\" src=\"https:\/\/www.euncet.com\/blog\/wp-content\/uploads\/2022\/02\/Que-es-el-servicio-de-carreras-profesionales-universitario.png\" class=\"attachment-full size-full wp-image-52299\" alt=\"Qu\u00e9-es-el-servicio-de-carreras-profesionales-universitario\" srcset=\"https:\/\/www.euncet.com\/blog\/wp-content\/uploads\/2022\/02\/Que-es-el-servicio-de-carreras-profesionales-universitario.png 750w, https:\/\/www.euncet.com\/blog\/wp-content\/uploads\/2022\/02\/Que-es-el-servicio-de-carreras-profesionales-universitario-300x120.png 300w, https:\/\/www.euncet.com\/blog\/wp-content\/uploads\/2022\/02\/Que-es-el-servicio-de-carreras-profesionales-universitario-80x32.png 80w\" sizes=\"(max-width: 750px) 100vw, 750px\" \/>\t\t\t\t\t\t\t\t\t\t\t\t\t\t\t<\/div>\n\t\t\t\t<\/div>\n\t\t\t\t\t<\/div>\n\t\t<\/div>\n\t\t\t\t\t<\/div>\n\t\t<\/section>\n\t\t\t\t<section class=\"elementor-section elementor-top-section elementor-element elementor-element-69f0fb4 elementor-section-boxed elementor-section-height-default elementor-section-height-default\" data-id=\"69f0fb4\" data-element_type=\"section\" data-e-type=\"section\">\n\t\t\t\t\t\t<div class=\"elementor-container elementor-column-gap-default\">\n\t\t\t\t\t<div class=\"elementor-column elementor-col-100 elementor-top-column elementor-element elementor-element-d023688\" data-id=\"d023688\" data-element_type=\"column\" data-e-type=\"column\">\n\t\t\t<div class=\"elementor-widget-wrap elementor-element-populated\">\n\t\t\t\t\t\t<div class=\"elementor-element elementor-element-096e516 elementor-widget elementor-widget-text-editor\" data-id=\"096e516\" data-element_type=\"widget\" data-e-type=\"widget\" data-widget_type=\"text-editor.default\">\n\t\t\t\t<div class=\"elementor-widget-container\">\n\t\t\t\t\t\t\t\t\t<p><span style=\"font-weight: 400;\">Adem\u00e1s de la formaci\u00f3n acad\u00e9mica, la vida universitaria es mucho m\u00e1s. Hoy en d\u00eda todos los centros universitarios cuentan con un <\/span><b>servicio de carreras profesionales<\/b><span style=\"font-weight: 400;\"> con el que, adem\u00e1s de <\/span><b>orientar y valorar los perfiles profesionales<\/b><span style=\"font-weight: 400;\"> de sus estudiantes, <\/span><b>ofrecen la oportunidad de encontrar pr\u00e1cticas profesionales o puestos<\/b> <b>de trabajo<\/b><span style=\"font-weight: 400;\"> que encajen con ellos.\u00a0<\/span><\/p><p><span style=\"font-weight: 400;\">Adem\u00e1s de la formaci\u00f3n acad\u00e9mica, la vida universitaria es mucho m\u00e1s. Hoy en d\u00eda todos los centros universitarios cuentan con un <\/span><b>servicio de carreras profesionales<\/b><span style=\"font-weight: 400;\"> con el que, adem\u00e1s de <\/span><b>orientar y valorar los perfiles profesionales<\/b><span style=\"font-weight: 400;\"> de sus estudiantes, <\/span><b>ofrecen la oportunidad de encontrar pr\u00e1cticas profesionales o puestos<\/b> <b>de trabajo<\/b><span style=\"font-weight: 400;\"> que encajen con ellos.\u00a0<\/span><\/p><p><span style=\"font-weight: 400;\">Con el servicio de carreras profesionales de Euncet Business School la comunidad universitaria, ya sean estudiantes o alumni, pueden participar en el <\/span><b>programa de orientaci\u00f3n<\/b><span style=\"font-weight: 400;\"> en el que los orientadores <\/span><b>analizar\u00e1n sus capacidades e identificar\u00e1n sus puntos fuertes para definir sus perfiles profesionales y encontrar los objetivos e inquietudes laborales de cada estudiante.\u00a0<\/b><\/p><p><b>Te puede interesar: <\/b><a href=\"http:\/\/devmarketersgroup.es\/euncet\/como-preparar-entrevista-de-trabajo\/\" target=\"_blank\" rel=\"noopener\"><span style=\"font-weight: 400;\">\u00bfC\u00f3mo preparar una entrevista de trabajo? Tipos de entrevista, consejos y<\/span> <span style=\"font-weight: 400;\">errores m\u00e1s frecuentes<\/span><\/a><\/p><h2><span class=\"ez-toc-section\" id=\"%C2%BFQue_ofrece_el_servicio_de_carreras_profesionales_de_Euncet_Business_School\"><\/span><span style=\"font-weight: 400;\">\u00bfQu\u00e9 ofrece el servicio de carreras profesionales de Euncet Business School?<\/span><span class=\"ez-toc-section-end\"><\/span><\/h2><p><span style=\"font-weight: 400;\">Este departamento ofrece <\/span><b>herramientas y recursos a los alumnos para mejorar sus habilidades comunicativas as\u00ed como tambi\u00e9n laborales<\/b><span style=\"font-weight: 400;\"> mediante workshops sobre c\u00f3mo hacer un curr\u00edculum vitae, una carta de presentaci\u00f3n o c\u00f3mo afrontar entrevistas de trabajo. Estas actividades est\u00e1n incluidas dentro del <strong>Plan de Orientaci\u00f3n Profesional (SOP)<\/strong> y con \u00e9l se pretende <strong>dar respuesta a las necesidades de los estudiantes<\/strong>:<\/span><\/p><p><span style=\"font-weight: 400;\">Este departamento ofrece <\/span><b>herramientas y recursos a los alumnos<\/b><span style=\"font-weight: 400;\"> sobre c\u00f3mo hacer un curr\u00edculum vitae, una carta de presentaci\u00f3n o c\u00f3mo afrontar entrevistas de trabajo. Estas actividades est\u00e1n incluidas dentro del Plan de Orientaci\u00f3n Profesional y con \u00e9l se pretende dar respuesta a las necesidades de los estudiantes:<\/span><\/p><ul><li><span style=\"font-weight: 400;\">Definici\u00f3n de su perfil profesional<\/span><\/li><li><span style=\"font-weight: 400;\">Orientaci\u00f3n en la realizaci\u00f3n\/mejora de su curr\u00edculum<\/span><\/li><li><span style=\"font-weight: 400;\">Asesoramiento para la preparaci\u00f3n de entrevistas y procesos de selecci\u00f3n de personal<\/span><\/li><li><span style=\"font-weight: 400;\">Definici\u00f3n de objetivos profesionales<\/span><\/li><li><span style=\"font-weight: 400;\">Proporcionar herramientas y recursos para la mejora laboral<\/span><\/li><li><span style=\"font-weight: 400;\">Asesoramiento sobre las \u00e1reas profesionales m\u00e1s adecuadas para su perfil<\/span><\/li><\/ul><p><b>Te puede interesar: <\/b><a href=\"http:\/\/devmarketersgroup.es\/euncet\/consejos-como-hacer-que-destaque-cv\/\" target=\"_blank\" rel=\"noopener\"><span style=\"font-weight: 400;\">20 consejos y errores m\u00e1s frecuentes a la hora de hacer tu curriculum vitae<\/span><\/a><\/p>\t\t\t\t\t\t\t\t<\/div>\n\t\t\t\t<\/div>\n\t\t\t\t\t<\/div>\n\t\t<\/div>\n\t\t\t\t\t<\/div>\n\t\t<\/section>\n\t\t\t\t<section class=\"elementor-section elementor-top-section elementor-element elementor-element-224df7c elementor-section-boxed elementor-section-height-default elementor-section-height-default\" data-id=\"224df7c\" data-element_type=\"section\" data-e-type=\"section\">\n\t\t\t\t\t\t<div class=\"elementor-container elementor-column-gap-default\">\n\t\t\t\t\t<div class=\"elementor-column elementor-col-100 elementor-top-column elementor-element elementor-element-db8121d\" data-id=\"db8121d\" data-element_type=\"column\" data-e-type=\"column\">\n\t\t\t<div class=\"elementor-widget-wrap elementor-element-populated\">\n\t\t\t\t\t\t<div class=\"elementor-element elementor-element-2bffada elementor-widget elementor-widget-image\" data-id=\"2bffada\" data-element_type=\"widget\" data-e-type=\"widget\" data-widget_type=\"image.default\">\n\t\t\t\t<div class=\"elementor-widget-container\">\n\t\t\t\t\t\t\t\t\t\t\t\t\t\t\t<img decoding=\"async\" width=\"750\" height=\"300\" src=\"https:\/\/www.euncet.com\/blog\/wp-content\/uploads\/2022\/02\/herramientas-y-acciones-para-ayudar-a-la-insercion-laboral-de-los-estudiantes.png\" class=\"attachment-full size-full wp-image-52345\" alt=\"herramientas-y-acciones-para-ayudar-a-la-inserci\u00f3n-laboral-de-los-estudiantes\" srcset=\"https:\/\/www.euncet.com\/blog\/wp-content\/uploads\/2022\/02\/herramientas-y-acciones-para-ayudar-a-la-insercion-laboral-de-los-estudiantes.png 750w, https:\/\/www.euncet.com\/blog\/wp-content\/uploads\/2022\/02\/herramientas-y-acciones-para-ayudar-a-la-insercion-laboral-de-los-estudiantes-300x120.png 300w, https:\/\/www.euncet.com\/blog\/wp-content\/uploads\/2022\/02\/herramientas-y-acciones-para-ayudar-a-la-insercion-laboral-de-los-estudiantes-80x32.png 80w\" sizes=\"(max-width: 750px) 100vw, 750px\" \/>\t\t\t\t\t\t\t\t\t\t\t\t\t\t\t<\/div>\n\t\t\t\t<\/div>\n\t\t\t\t\t<\/div>\n\t\t<\/div>\n\t\t\t\t\t<\/div>\n\t\t<\/section>\n\t\t\t\t<section class=\"elementor-section elementor-top-section elementor-element elementor-element-6718d69 elementor-section-boxed elementor-section-height-default elementor-section-height-default\" data-id=\"6718d69\" data-element_type=\"section\" data-e-type=\"section\">\n\t\t\t\t\t\t<div class=\"elementor-container elementor-column-gap-default\">\n\t\t\t\t\t<div class=\"elementor-column elementor-col-100 elementor-top-column elementor-element elementor-element-71d3e60\" data-id=\"71d3e60\" data-element_type=\"column\" data-e-type=\"column\">\n\t\t\t<div class=\"elementor-widget-wrap elementor-element-populated\">\n\t\t\t\t\t\t<div class=\"elementor-element elementor-element-12612fa elementor-widget elementor-widget-text-editor\" data-id=\"12612fa\" data-element_type=\"widget\" data-e-type=\"widget\" data-widget_type=\"text-editor.default\">\n\t\t\t\t<div class=\"elementor-widget-container\">\n\t\t\t\t\t\t\t\t\t<h2><span class=\"ez-toc-section\" id=\"Herramientas_y_acciones_para_ayudar_a_la_insercion_laboral_de_los_estudiantes\"><\/span><span style=\"font-weight: 400;\">Herramientas y acciones para ayudar a la inserci\u00f3n laboral de los estudiantes<\/span><span class=\"ez-toc-section-end\"><\/span><\/h2><p><span style=\"font-weight: 400;\">Desde el propio servicio de carreras profesionales de Euncet Business School se facilita a los estudiantes que est\u00e9n finalizando su titulaci\u00f3n o que ya lo hayan hecho las siguientes <strong>herramientas con las que preparar su b\u00fasqueda e inserci\u00f3n laboral:<\/strong><\/span><\/p><h4><span class=\"ez-toc-section\" id=\"1_Entrevistas_individuales\"><\/span><span style=\"font-weight: 400;\">1. Entrevistas individuales<\/span><span class=\"ez-toc-section-end\"><\/span><\/h4><p><span style=\"font-weight: 400;\">El primer paso para orientar a los estudiantes en la b\u00fasqueda de empleo es la realizaci\u00f3n de una entrevista individual en la que <strong>proporcionar la orientaci\u00f3n y asesoramiento necesario para conocer sus necesidades e inquietudes<\/strong>. Para ello, se tiene en cuenta su<strong> expediente acad\u00e9mico, un test de competencias b\u00e1sicas, el informe de evaluaci\u00f3n del Trabajo de Fin de Grado, informes de pr\u00e1cticas externas as\u00ed como su curr\u00edculum vitae.\u00a0<\/strong><\/span><\/p><h4><span class=\"ez-toc-section\" id=\"2_Talleres_de_orientacion_profesional\"><\/span><span style=\"font-weight: 400;\">2. Talleres de orientaci\u00f3n profesional<\/span><span class=\"ez-toc-section-end\"><\/span><\/h4><p><span style=\"font-weight: 400;\">Con el fin de complementar ese asesoramiento, desde Euncet Business School tambi\u00e9n se ofrecen <strong>talleres de orientaci\u00f3n profesional durante el curso acad\u00e9mico<\/strong>. Estas actividades funcionan bajo demanda y con ellos<strong> se busca garantizar los recursos necesarios para promover la adquisici\u00f3n de estrategias para la b\u00fasqueda de empleo y lograr un puesto de trabajo que se ajuste al perfil profesional de los alumnos<\/strong>.\u00a0<\/span><\/p>\t\t\t\t\t\t\t\t<\/div>\n\t\t\t\t<\/div>\n\t\t\t\t\t<\/div>\n\t\t<\/div>\n\t\t\t\t\t<\/div>\n\t\t<\/section>\n\t\t\t\t<section class=\"elementor-section elementor-top-section elementor-element elementor-element-a403d94 elementor-section-boxed elementor-section-height-default elementor-section-height-default\" data-id=\"a403d94\" data-element_type=\"section\" data-e-type=\"section\">\n\t\t\t\t\t\t<div class=\"elementor-container elementor-column-gap-default\">\n\t\t\t\t\t<div class=\"elementor-column elementor-col-100 elementor-top-column elementor-element elementor-element-afcce7c\" data-id=\"afcce7c\" data-element_type=\"column\" data-e-type=\"column\">\n\t\t\t<div class=\"elementor-widget-wrap elementor-element-populated\">\n\t\t\t\t\t\t<div class=\"elementor-element elementor-element-62101ad elementor-widget elementor-widget-image\" data-id=\"62101ad\" data-element_type=\"widget\" data-e-type=\"widget\" data-widget_type=\"image.default\">\n\t\t\t\t<div class=\"elementor-widget-container\">\n\t\t\t\t\t\t\t\t\t\t\t\t\t\t\t<img decoding=\"async\" width=\"750\" height=\"300\" src=\"https:\/\/www.euncet.com\/blog\/wp-content\/uploads\/2022\/02\/Que-es-la-bolsa-de-trabajo.png\" class=\"attachment-full size-full wp-image-52302\" alt=\"Qu\u00e9-es-la-bolsa-de-trabajo\" srcset=\"https:\/\/www.euncet.com\/blog\/wp-content\/uploads\/2022\/02\/Que-es-la-bolsa-de-trabajo.png 750w, https:\/\/www.euncet.com\/blog\/wp-content\/uploads\/2022\/02\/Que-es-la-bolsa-de-trabajo-300x120.png 300w, https:\/\/www.euncet.com\/blog\/wp-content\/uploads\/2022\/02\/Que-es-la-bolsa-de-trabajo-80x32.png 80w\" sizes=\"(max-width: 750px) 100vw, 750px\" \/>\t\t\t\t\t\t\t\t\t\t\t\t\t\t\t<\/div>\n\t\t\t\t<\/div>\n\t\t\t\t\t<\/div>\n\t\t<\/div>\n\t\t\t\t\t<\/div>\n\t\t<\/section>\n\t\t\t\t<section class=\"elementor-section elementor-top-section elementor-element elementor-element-b815b5f elementor-section-boxed elementor-section-height-default elementor-section-height-default\" data-id=\"b815b5f\" data-element_type=\"section\" data-e-type=\"section\">\n\t\t\t\t\t\t<div class=\"elementor-container elementor-column-gap-default\">\n\t\t\t\t\t<div class=\"elementor-column elementor-col-100 elementor-top-column elementor-element elementor-element-ebf2ad1\" data-id=\"ebf2ad1\" data-element_type=\"column\" data-e-type=\"column\">\n\t\t\t<div class=\"elementor-widget-wrap elementor-element-populated\">\n\t\t\t\t\t\t<div class=\"elementor-element elementor-element-0728aca elementor-widget elementor-widget-text-editor\" data-id=\"0728aca\" data-element_type=\"widget\" data-e-type=\"widget\" data-widget_type=\"text-editor.default\">\n\t\t\t\t<div class=\"elementor-widget-container\">\n\t\t\t\t\t\t\t\t\t<h2><span class=\"ez-toc-section\" id=\"%C2%BFQue_es_la_bolsa_de_trabajo\"><\/span><span style=\"font-weight: 400;\">\u00bfQu\u00e9 es la bolsa de trabajo?<\/span><span class=\"ez-toc-section-end\"><\/span><\/h2><p><span style=\"font-weight: 400;\">La bolsa de trabajo es una plataforma que tienen muchas universidades en su p\u00e1gina web y que ofrecen como servicio al estudiante. En el caso de Euncet Business School, <\/span><a href=\"https:\/\/fct.euncet.es\/webeuncet\/_cat\/borsa_home.aspx\" target=\"_blank\" rel=\"noopener\"><b>laBorsa <\/b><\/a><span style=\"font-weight: 400;\">es la <strong>plataforma en la que se pone en contacto los perfiles profesionales de los estudiantes con las ofertas en pr\u00e1cticas o laborales publicadas por la red de m\u00e1s de 500 empresas<\/strong> que colaboran en ella.\u00a0<\/span><\/p><p><span style=\"font-weight: 400;\">Estos espacios velan por ofrecer a los estudiantes <strong>ofertas de trabajo o pr\u00e1cticas que les ayuden a tener ese primer contacto con el mundo laboral<\/strong> o a aumentar sus conocimientos y habilidades ampliando su experiencia profesional.\u00a0\u00a0<\/span><\/p>\t\t\t\t\t\t\t\t<\/div>\n\t\t\t\t<\/div>\n\t\t\t\t\t<\/div>\n\t\t<\/div>\n\t\t\t\t\t<\/div>\n\t\t<\/section>\n\t\t\t\t<section class=\"elementor-section elementor-top-section elementor-element elementor-element-18f8297 elementor-section-boxed elementor-section-height-default elementor-section-height-default\" data-id=\"18f8297\" data-element_type=\"section\" data-e-type=\"section\">\n\t\t\t\t\t\t<div class=\"elementor-container elementor-column-gap-default\">\n\t\t\t\t\t<div class=\"elementor-column elementor-col-100 elementor-top-column elementor-element elementor-element-ee766f0\" data-id=\"ee766f0\" data-element_type=\"column\" data-e-type=\"column\">\n\t\t\t<div class=\"elementor-widget-wrap elementor-element-populated\">\n\t\t\t\t\t\t<div class=\"elementor-element elementor-element-c86fbc7 elementor-widget elementor-widget-image\" data-id=\"c86fbc7\" data-element_type=\"widget\" data-e-type=\"widget\" data-widget_type=\"image.default\">\n\t\t\t\t<div class=\"elementor-widget-container\">\n\t\t\t\t\t\t\t\t\t\t\t\t\t\t\t<img loading=\"lazy\" decoding=\"async\" width=\"750\" height=\"300\" src=\"https:\/\/www.euncet.com\/blog\/wp-content\/uploads\/2022\/02\/La-transformacion-digital-nuevos-retos-nuevas-salidas-profesionales.png\" class=\"attachment-full size-full wp-image-52305\" alt=\"La-transformaci\u00f3n-digital-nuevos-retos-nuevas-salidas-profesionales\" srcset=\"https:\/\/www.euncet.com\/blog\/wp-content\/uploads\/2022\/02\/La-transformacion-digital-nuevos-retos-nuevas-salidas-profesionales.png 750w, https:\/\/www.euncet.com\/blog\/wp-content\/uploads\/2022\/02\/La-transformacion-digital-nuevos-retos-nuevas-salidas-profesionales-300x120.png 300w, https:\/\/www.euncet.com\/blog\/wp-content\/uploads\/2022\/02\/La-transformacion-digital-nuevos-retos-nuevas-salidas-profesionales-80x32.png 80w\" sizes=\"(max-width: 750px) 100vw, 750px\" \/>\t\t\t\t\t\t\t\t\t\t\t\t\t\t\t<\/div>\n\t\t\t\t<\/div>\n\t\t\t\t\t<\/div>\n\t\t<\/div>\n\t\t\t\t\t<\/div>\n\t\t<\/section>\n\t\t\t\t<section class=\"elementor-section elementor-top-section elementor-element elementor-element-70bf033 elementor-section-boxed elementor-section-height-default elementor-section-height-default\" data-id=\"70bf033\" data-element_type=\"section\" data-e-type=\"section\">\n\t\t\t\t\t\t<div class=\"elementor-container elementor-column-gap-default\">\n\t\t\t\t\t<div class=\"elementor-column elementor-col-100 elementor-top-column elementor-element elementor-element-062c0ce\" data-id=\"062c0ce\" data-element_type=\"column\" data-e-type=\"column\">\n\t\t\t<div class=\"elementor-widget-wrap elementor-element-populated\">\n\t\t\t\t\t\t<div class=\"elementor-element elementor-element-ff73941 elementor-widget elementor-widget-text-editor\" data-id=\"ff73941\" data-element_type=\"widget\" data-e-type=\"widget\" data-widget_type=\"text-editor.default\">\n\t\t\t\t<div class=\"elementor-widget-container\">\n\t\t\t\t\t\t\t\t\t<h2><span class=\"ez-toc-section\" id=\"La_transformacion_digital_nuevos_retos_nuevas_salidas_profesionales\"><\/span><span style=\"font-weight: 400;\">La transformaci\u00f3n digital: nuevos retos, nuevas salidas profesionales<\/span><span class=\"ez-toc-section-end\"><\/span><\/h2><p><span style=\"font-weight: 400;\">La <\/span><b>pandemia por la covid-19 ha supuesto un cambio en el paradigma y modelo<\/b><span style=\"font-weight: 400;\"> de muchas empresas. Ahora, m\u00e1s que nunca, la apuesta de las empresas por la <\/span><b>digitalizaci\u00f3n y el enfoque hacia las nuevas tecnolog\u00edas son una necesidad<\/b><span style=\"font-weight: 400;\"> indispensable para mantener su competitividad. En este nuevo escenario destacan <\/span><b>perfiles flexibles, \u00e1giles y capaces de adaptarse a cualquier cambio<\/b><span style=\"font-weight: 400;\"> aprovechando las nuevas oportunidades que se presentan, as\u00ed como las nuevas salidas profesionales relacionadas con la <\/span><b>digitalizaci\u00f3n y la transformaci\u00f3n digital.<\/b><\/p><p><b>Te puede interesar: <\/b><a href=\"http:\/\/devmarketersgroup.es\/euncet\/profesiones-del-futuro\/\" target=\"_blank\" rel=\"noopener\"><span style=\"font-weight: 400;\">Las profesiones del futuro \u00bfCu\u00e1l es la tuya?<\/span><\/a><\/p><p><span style=\"font-weight: 400;\">El tejido empresarial tambi\u00e9n tiene un papel relevante en el desarrollo profesional de los j\u00f3venes. Adem\u00e1s, <\/span><b>incorporar en su equipo nuevos perfiles con formaciones actualizadas y s\u00f3lidas aplicables al entorno profesional ayudar\u00e1 a las empresas<\/b><span style=\"font-weight: 400;\"> a ser m\u00e1s competitivas y sostenibles en el tiempo.<\/span><\/p>\t\t\t\t\t\t\t\t<\/div>\n\t\t\t\t<\/div>\n\t\t\t\t\t<\/div>\n\t\t<\/div>\n\t\t\t\t\t<\/div>\n\t\t<\/section>\n\t\t\t\t<section class=\"elementor-section elementor-top-section elementor-element elementor-element-fb37bca elementor-section-boxed elementor-section-height-default elementor-section-height-default\" data-id=\"fb37bca\" data-element_type=\"section\" data-e-type=\"section\">\n\t\t\t\t\t\t<div class=\"elementor-container elementor-column-gap-default\">\n\t\t\t\t\t<div class=\"elementor-column elementor-col-100 elementor-top-column elementor-element elementor-element-8486190\" data-id=\"8486190\" data-element_type=\"column\" data-e-type=\"column\">\n\t\t\t<div class=\"elementor-widget-wrap elementor-element-populated\">\n\t\t\t\t\t\t<div class=\"elementor-element elementor-element-aa04f5b elementor-widget elementor-widget-image\" data-id=\"aa04f5b\" data-element_type=\"widget\" data-e-type=\"widget\" data-widget_type=\"image.default\">\n\t\t\t\t<div class=\"elementor-widget-container\">\n\t\t\t\t\t\t\t\t\t\t\t\t\t\t\t<img loading=\"lazy\" decoding=\"async\" width=\"750\" height=\"300\" src=\"https:\/\/www.euncet.com\/blog\/wp-content\/uploads\/2022\/02\/Jornada-Euncet-Empresa-el-punto-de-encuentro-entre-el-talento-y-el-mundo-profesional.png\" class=\"attachment-full size-full wp-image-52308\" alt=\"\" srcset=\"https:\/\/www.euncet.com\/blog\/wp-content\/uploads\/2022\/02\/Jornada-Euncet-Empresa-el-punto-de-encuentro-entre-el-talento-y-el-mundo-profesional.png 750w, https:\/\/www.euncet.com\/blog\/wp-content\/uploads\/2022\/02\/Jornada-Euncet-Empresa-el-punto-de-encuentro-entre-el-talento-y-el-mundo-profesional-300x120.png 300w, https:\/\/www.euncet.com\/blog\/wp-content\/uploads\/2022\/02\/Jornada-Euncet-Empresa-el-punto-de-encuentro-entre-el-talento-y-el-mundo-profesional-80x32.png 80w\" sizes=\"(max-width: 750px) 100vw, 750px\" \/>\t\t\t\t\t\t\t\t\t\t\t\t\t\t\t<\/div>\n\t\t\t\t<\/div>\n\t\t\t\t\t<\/div>\n\t\t<\/div>\n\t\t\t\t\t<\/div>\n\t\t<\/section>\n\t\t\t\t<section class=\"elementor-section elementor-top-section elementor-element elementor-element-626fa43 elementor-section-boxed elementor-section-height-default elementor-section-height-default\" data-id=\"626fa43\" data-element_type=\"section\" data-e-type=\"section\">\n\t\t\t\t\t\t<div class=\"elementor-container elementor-column-gap-default\">\n\t\t\t\t\t<div class=\"elementor-column elementor-col-100 elementor-top-column elementor-element elementor-element-a6c5a28\" data-id=\"a6c5a28\" data-element_type=\"column\" data-e-type=\"column\">\n\t\t\t<div class=\"elementor-widget-wrap elementor-element-populated\">\n\t\t\t\t\t\t<div class=\"elementor-element elementor-element-3f7cb3f elementor-widget elementor-widget-text-editor\" data-id=\"3f7cb3f\" data-element_type=\"widget\" data-e-type=\"widget\" data-widget_type=\"text-editor.default\">\n\t\t\t\t<div class=\"elementor-widget-container\">\n\t\t\t\t\t\t\t\t\t<h2><span class=\"ez-toc-section\" id=\"Jornada_Euncet_Empresa_el_punto_de_encuentro_entre_el_talento_y_el_mundo_profesional\"><\/span><span style=\"font-weight: 400;\">Jornada Euncet Empresa, el punto de encuentro entre el talento y el mundo profesional<\/span><span class=\"ez-toc-section-end\"><\/span><\/h2><p><span style=\"font-weight: 400;\">La jornada es otra de las herramientas que desde Euncet Business School se ofrece dentro del Plan de Orientaci\u00f3n Profesional. Este evento es el <\/span><b>punto de encuentro entre el tejido empresarial y los estudiantes y antiguos alumnos de los grados y m\u00e1steres universitarios y de la formaci\u00f3n ejecutiva<\/b><span style=\"font-weight: 400;\"> del centro. Adem\u00e1s, en muchos de los casos, es el primer contacto que tiene el alumnado con el mundo laboral.\u00a0<\/span><\/p><p><span style=\"font-weight: 400;\">Durante la jornada los estudiantes participantes pueden <\/span><b>presentar sus curr\u00edculums y entrevistarse con <\/b><span style=\"font-weight: 400;\">los reclutadores de las diferentes empresas colaboradoras, as\u00ed como <\/span><b>asistir a las ponencias<\/b><span style=\"font-weight: 400;\"> que abordan los retos que afrontan diferentes sectores en su d\u00eda a d\u00eda.\u00a0<\/span><\/p><p><span style=\"font-weight: 400;\">Iniciativas como la <\/span><b>Jornada Euncet Empresa<\/b><span style=\"font-weight: 400;\"> son la oportunidad perfecta para <\/span><b>detectar, captar e impulsar el talento de los estudiantes<\/b><span style=\"font-weight: 400;\"> con oportunidades profesionales con contratos de pr\u00e1cticas y ofertas laborales, as\u00ed como para dar visibilidad a las empresas y ayudarlas a crecer.<\/span><\/p><p><span style=\"font-weight: 400;\">Si quieres saber m\u00e1s sobre el servicio de carreras profesionales de Euncet Business School o de la Jornada Euncet Empresa puedes contactar a <\/span><a href=\"mailto:careers.services@euncet.es\"><span style=\"font-weight: 400;\">careers.services@euncet.com.<\/span><\/a><\/p>\t\t\t\t\t\t\t\t<\/div>\n\t\t\t\t<\/div>\n\t\t\t\t\t<\/div>\n\t\t<\/div>\n\t\t\t\t\t<\/div>\n\t\t<\/section>\n\t\t\t\t<section class=\"elementor-section elementor-top-section elementor-element elementor-element-177bd91 elementor-section-boxed elementor-section-height-default elementor-section-height-default\" data-id=\"177bd91\" data-element_type=\"section\" data-e-type=\"section\">\n\t\t\t\t\t\t<div class=\"elementor-container elementor-column-gap-default\">\n\t\t\t\t\t<div class=\"elementor-column elementor-col-100 elementor-top-column elementor-element elementor-element-823aad5\" data-id=\"823aad5\" data-element_type=\"column\" data-e-type=\"column\">\n\t\t\t<div class=\"elementor-widget-wrap elementor-element-populated\">\n\t\t\t\t\t\t<div class=\"elementor-element elementor-element-e6389a0 elementor-widget elementor-widget-video\" data-id=\"e6389a0\" data-element_type=\"widget\" data-e-type=\"widget\" data-settings=\"{&quot;youtube_url&quot;:&quot;https:\\\/\\\/www.youtube.com\\\/watch?v=WMzYBcmo0Lg&quot;,&quot;video_type&quot;:&quot;youtube&quot;,&quot;controls&quot;:&quot;yes&quot;}\" data-widget_type=\"video.default\">\n\t\t\t\t<div class=\"elementor-widget-container\">\n\t\t\t\t\t\t\t<div class=\"elementor-wrapper elementor-open-inline\">\n\t\t\t<div class=\"elementor-video\"><\/div>\t\t<\/div>\n\t\t\t\t\t\t<\/div>\n\t\t\t\t<\/div>\n\t\t\t\t\t<\/div>\n\t\t<\/div>\n\t\t\t\t\t<\/div>\n\t\t<\/section>\n\t\t\t\t<\/div>\n\t\t","protected":false},"excerpt":{"rendered":"<p>Los \u00faltimos datos publicados por el Idescat (Instituto de Estad\u00edstica de Catalu\u00f1a) que hacen referencia al 2021 sit\u00faan la tasa de paro en Catalu\u00f1a entre los j\u00f3venes de 16 a 24 a\u00f1os en el 28,9% y en el 10,4% entre los 25 y 44 a\u00f1os. Adem\u00e1s, seg\u00fan el informe \u201cLa situaci\u00f3n juvenil en Europa. An\u00e1lisis [&hellip;]<\/p>\n","protected":false},"author":28,"featured_media":52338,"comment_status":"closed","ping_status":"closed","sticky":false,"template":"","format":"standard","meta":{"_acf_changed":false,"footnotes":""},"categories":[291],"tags":[],"class_list":["post-52298","post","type-post","status-publish","format-standard","has-post-thumbnail","hentry","category-comunidad-euncet"],"acf":[],"yoast_head":"<!-- This site is optimized with the Yoast SEO plugin v27.5 - https:\/\/yoast.com\/product\/yoast-seo-wordpress\/ -->\n<title>El servicio de carreras profesionales | Blog Euncet<\/title>\n<meta name=\"description\" content=\"Descubre qu\u00e9 es el servicio de carreras profesionales y c\u00f3mo encontrar trabajo gracias a la bolsa de empleo universitario.\" \/>\n<meta name=\"robots\" content=\"index, follow, max-snippet:-1, max-image-preview:large, max-video-preview:-1\" \/>\n<link rel=\"canonical\" href=\"https:\/\/www.euncet.com\/blog\/es\/servicio-carreras-profesionales\/\" \/>\n<meta property=\"og:locale\" content=\"es_ES\" \/>\n<meta property=\"og:type\" content=\"article\" \/>\n<meta property=\"og:title\" content=\"El servicio de carreras profesionales | Blog Euncet\" \/>\n<meta property=\"og:description\" content=\"Descubre qu\u00e9 es el servicio de carreras profesionales y c\u00f3mo encontrar trabajo gracias a la bolsa de empleo universitario.\" \/>\n<meta property=\"og:url\" content=\"https:\/\/www.euncet.com\/blog\/es\/servicio-carreras-profesionales\/\" \/>\n<meta property=\"og:site_name\" content=\"Euncet Business School\" \/>\n<meta property=\"article:publisher\" content=\"https:\/\/www.facebook.com\/euncet\" \/>\n<meta property=\"article:published_time\" content=\"2022-02-28T16:36:34+00:00\" \/>\n<meta property=\"article:modified_time\" content=\"2023-06-09T14:48:49+00:00\" \/>\n<meta property=\"og:image\" content=\"https:\/\/www.euncet.com\/blog\/wp-content\/uploads\/2022\/02\/Servicio-de-carreras-profesionales-la-apuesta-por-el-talento-universitario-1.png\" \/>\n\t<meta property=\"og:image:width\" content=\"560\" \/>\n\t<meta property=\"og:image:height\" content=\"416\" \/>\n\t<meta property=\"og:image:type\" content=\"image\/png\" \/>\n<meta name=\"author\" content=\"euncet\" \/>\n<meta name=\"twitter:card\" content=\"summary_large_image\" \/>\n<meta name=\"twitter:creator\" content=\"@euncet\" \/>\n<meta name=\"twitter:site\" content=\"@euncet\" \/>\n<meta name=\"twitter:label1\" content=\"Escrito por\" \/>\n\t<meta name=\"twitter:data1\" content=\"euncet\" \/>\n\t<meta name=\"twitter:label2\" content=\"Tiempo de lectura\" \/>\n\t<meta name=\"twitter:data2\" content=\"6 minutos\" \/>\n<script type=\"application\/ld+json\" class=\"yoast-schema-graph\">{\"@context\":\"https:\\\/\\\/schema.org\",\"@graph\":[{\"@type\":\"Article\",\"@id\":\"https:\\\/\\\/www.euncet.com\\\/blog\\\/es\\\/servicio-carreras-profesionales\\\/#article\",\"isPartOf\":{\"@id\":\"https:\\\/\\\/www.euncet.com\\\/blog\\\/es\\\/servicio-carreras-profesionales\\\/\"},\"author\":{\"name\":\"euncet\",\"@id\":\"https:\\\/\\\/www.euncet.com\\\/blog\\\/es\\\/#\\\/schema\\\/person\\\/8253e592273eb1f7a48788902ca03268\"},\"headline\":\"El servicio de carreras profesionales con el talento universitario\",\"datePublished\":\"2022-02-28T16:36:34+00:00\",\"dateModified\":\"2023-06-09T14:48:49+00:00\",\"mainEntityOfPage\":{\"@id\":\"https:\\\/\\\/www.euncet.com\\\/blog\\\/es\\\/servicio-carreras-profesionales\\\/\"},\"wordCount\":1278,\"image\":{\"@id\":\"https:\\\/\\\/www.euncet.com\\\/blog\\\/es\\\/servicio-carreras-profesionales\\\/#primaryimage\"},\"thumbnailUrl\":\"https:\\\/\\\/www.euncet.com\\\/blog\\\/wp-content\\\/uploads\\\/2022\\\/02\\\/Servicio-de-carreras-profesionales-la-apuesta-por-el-talento-universitario-1.png\",\"articleSection\":[\"Comunidad Euncet\"],\"inLanguage\":\"es\"},{\"@type\":\"WebPage\",\"@id\":\"https:\\\/\\\/www.euncet.com\\\/blog\\\/es\\\/servicio-carreras-profesionales\\\/\",\"url\":\"https:\\\/\\\/www.euncet.com\\\/blog\\\/es\\\/servicio-carreras-profesionales\\\/\",\"name\":\"El servicio de carreras profesionales | Blog Euncet\",\"isPartOf\":{\"@id\":\"https:\\\/\\\/www.euncet.com\\\/blog\\\/es\\\/#website\"},\"primaryImageOfPage\":{\"@id\":\"https:\\\/\\\/www.euncet.com\\\/blog\\\/es\\\/servicio-carreras-profesionales\\\/#primaryimage\"},\"image\":{\"@id\":\"https:\\\/\\\/www.euncet.com\\\/blog\\\/es\\\/servicio-carreras-profesionales\\\/#primaryimage\"},\"thumbnailUrl\":\"https:\\\/\\\/www.euncet.com\\\/blog\\\/wp-content\\\/uploads\\\/2022\\\/02\\\/Servicio-de-carreras-profesionales-la-apuesta-por-el-talento-universitario-1.png\",\"datePublished\":\"2022-02-28T16:36:34+00:00\",\"dateModified\":\"2023-06-09T14:48:49+00:00\",\"author\":{\"@id\":\"https:\\\/\\\/www.euncet.com\\\/blog\\\/es\\\/#\\\/schema\\\/person\\\/8253e592273eb1f7a48788902ca03268\"},\"description\":\"Descubre qu\u00e9 es el servicio de carreras profesionales y c\u00f3mo encontrar trabajo gracias a la bolsa de empleo universitario.\",\"breadcrumb\":{\"@id\":\"https:\\\/\\\/www.euncet.com\\\/blog\\\/es\\\/servicio-carreras-profesionales\\\/#breadcrumb\"},\"inLanguage\":\"es\",\"potentialAction\":[{\"@type\":\"ReadAction\",\"target\":[\"https:\\\/\\\/www.euncet.com\\\/blog\\\/es\\\/servicio-carreras-profesionales\\\/\"]}]},{\"@type\":\"ImageObject\",\"inLanguage\":\"es\",\"@id\":\"https:\\\/\\\/www.euncet.com\\\/blog\\\/es\\\/servicio-carreras-profesionales\\\/#primaryimage\",\"url\":\"https:\\\/\\\/www.euncet.com\\\/blog\\\/wp-content\\\/uploads\\\/2022\\\/02\\\/Servicio-de-carreras-profesionales-la-apuesta-por-el-talento-universitario-1.png\",\"contentUrl\":\"https:\\\/\\\/www.euncet.com\\\/blog\\\/wp-content\\\/uploads\\\/2022\\\/02\\\/Servicio-de-carreras-profesionales-la-apuesta-por-el-talento-universitario-1.png\",\"width\":560,\"height\":416},{\"@type\":\"BreadcrumbList\",\"@id\":\"https:\\\/\\\/www.euncet.com\\\/blog\\\/es\\\/servicio-carreras-profesionales\\\/#breadcrumb\",\"itemListElement\":[{\"@type\":\"ListItem\",\"position\":1,\"name\":\"Portada\",\"item\":\"https:\\\/\\\/www.euncet.com\\\/blog\\\/es\\\/\"},{\"@type\":\"ListItem\",\"position\":2,\"name\":\"El servicio de carreras profesionales con el talento universitario\"}]},{\"@type\":\"WebSite\",\"@id\":\"https:\\\/\\\/www.euncet.com\\\/blog\\\/es\\\/#website\",\"url\":\"https:\\\/\\\/www.euncet.com\\\/blog\\\/es\\\/\",\"name\":\"Euncet Business School\",\"description\":\"Escuela de negocios\",\"potentialAction\":[{\"@type\":\"SearchAction\",\"target\":{\"@type\":\"EntryPoint\",\"urlTemplate\":\"https:\\\/\\\/www.euncet.com\\\/blog\\\/es\\\/?s={search_term_string}\"},\"query-input\":{\"@type\":\"PropertyValueSpecification\",\"valueRequired\":true,\"valueName\":\"search_term_string\"}}],\"inLanguage\":\"es\"},{\"@type\":\"Person\",\"@id\":\"https:\\\/\\\/www.euncet.com\\\/blog\\\/es\\\/#\\\/schema\\\/person\\\/8253e592273eb1f7a48788902ca03268\",\"name\":\"euncet\",\"image\":{\"@type\":\"ImageObject\",\"inLanguage\":\"es\",\"@id\":\"https:\\\/\\\/secure.gravatar.com\\\/avatar\\\/ee2ce5f049e82b74bcc6b8db4c5e9c717e35544f3cde91d14a3daa9827fe21f0?s=96&d=mm&r=g\",\"url\":\"https:\\\/\\\/secure.gravatar.com\\\/avatar\\\/ee2ce5f049e82b74bcc6b8db4c5e9c717e35544f3cde91d14a3daa9827fe21f0?s=96&d=mm&r=g\",\"contentUrl\":\"https:\\\/\\\/secure.gravatar.com\\\/avatar\\\/ee2ce5f049e82b74bcc6b8db4c5e9c717e35544f3cde91d14a3daa9827fe21f0?s=96&d=mm&r=g\",\"caption\":\"euncet\"},\"url\":\"https:\\\/\\\/www.euncet.com\\\/blog\\\/es\\\/author\\\/euncet\\\/\"}]}<\/script>\n<!-- \/ Yoast SEO plugin. -->","yoast_head_json":{"title":"El servicio de carreras profesionales | Blog Euncet","description":"Descubre qu\u00e9 es el servicio de carreras profesionales y c\u00f3mo encontrar trabajo gracias a la bolsa de empleo universitario.","robots":{"index":"index","follow":"follow","max-snippet":"max-snippet:-1","max-image-preview":"max-image-preview:large","max-video-preview":"max-video-preview:-1"},"canonical":"https:\/\/www.euncet.com\/blog\/es\/servicio-carreras-profesionales\/","og_locale":"es_ES","og_type":"article","og_title":"El servicio de carreras profesionales | Blog Euncet","og_description":"Descubre qu\u00e9 es el servicio de carreras profesionales y c\u00f3mo encontrar trabajo gracias a la bolsa de empleo universitario.","og_url":"https:\/\/www.euncet.com\/blog\/es\/servicio-carreras-profesionales\/","og_site_name":"Euncet Business School","article_publisher":"https:\/\/www.facebook.com\/euncet","article_published_time":"2022-02-28T16:36:34+00:00","article_modified_time":"2023-06-09T14:48:49+00:00","og_image":[{"width":560,"height":416,"url":"https:\/\/www.euncet.com\/blog\/wp-content\/uploads\/2022\/02\/Servicio-de-carreras-profesionales-la-apuesta-por-el-talento-universitario-1.png","type":"image\/png"}],"author":"euncet","twitter_card":"summary_large_image","twitter_creator":"@euncet","twitter_site":"@euncet","twitter_misc":{"Escrito por":"euncet","Tiempo de lectura":"6 minutos"},"schema":{"@context":"https:\/\/schema.org","@graph":[{"@type":"Article","@id":"https:\/\/www.euncet.com\/blog\/es\/servicio-carreras-profesionales\/#article","isPartOf":{"@id":"https:\/\/www.euncet.com\/blog\/es\/servicio-carreras-profesionales\/"},"author":{"name":"euncet","@id":"https:\/\/www.euncet.com\/blog\/es\/#\/schema\/person\/8253e592273eb1f7a48788902ca03268"},"headline":"El servicio de carreras profesionales con el talento universitario","datePublished":"2022-02-28T16:36:34+00:00","dateModified":"2023-06-09T14:48:49+00:00","mainEntityOfPage":{"@id":"https:\/\/www.euncet.com\/blog\/es\/servicio-carreras-profesionales\/"},"wordCount":1278,"image":{"@id":"https:\/\/www.euncet.com\/blog\/es\/servicio-carreras-profesionales\/#primaryimage"},"thumbnailUrl":"https:\/\/www.euncet.com\/blog\/wp-content\/uploads\/2022\/02\/Servicio-de-carreras-profesionales-la-apuesta-por-el-talento-universitario-1.png","articleSection":["Comunidad Euncet"],"inLanguage":"es"},{"@type":"WebPage","@id":"https:\/\/www.euncet.com\/blog\/es\/servicio-carreras-profesionales\/","url":"https:\/\/www.euncet.com\/blog\/es\/servicio-carreras-profesionales\/","name":"El servicio de carreras profesionales | Blog Euncet","isPartOf":{"@id":"https:\/\/www.euncet.com\/blog\/es\/#website"},"primaryImageOfPage":{"@id":"https:\/\/www.euncet.com\/blog\/es\/servicio-carreras-profesionales\/#primaryimage"},"image":{"@id":"https:\/\/www.euncet.com\/blog\/es\/servicio-carreras-profesionales\/#primaryimage"},"thumbnailUrl":"https:\/\/www.euncet.com\/blog\/wp-content\/uploads\/2022\/02\/Servicio-de-carreras-profesionales-la-apuesta-por-el-talento-universitario-1.png","datePublished":"2022-02-28T16:36:34+00:00","dateModified":"2023-06-09T14:48:49+00:00","author":{"@id":"https:\/\/www.euncet.com\/blog\/es\/#\/schema\/person\/8253e592273eb1f7a48788902ca03268"},"description":"Descubre qu\u00e9 es el servicio de carreras profesionales y c\u00f3mo encontrar trabajo gracias a la bolsa de empleo universitario.","breadcrumb":{"@id":"https:\/\/www.euncet.com\/blog\/es\/servicio-carreras-profesionales\/#breadcrumb"},"inLanguage":"es","potentialAction":[{"@type":"ReadAction","target":["https:\/\/www.euncet.com\/blog\/es\/servicio-carreras-profesionales\/"]}]},{"@type":"ImageObject","inLanguage":"es","@id":"https:\/\/www.euncet.com\/blog\/es\/servicio-carreras-profesionales\/#primaryimage","url":"https:\/\/www.euncet.com\/blog\/wp-content\/uploads\/2022\/02\/Servicio-de-carreras-profesionales-la-apuesta-por-el-talento-universitario-1.png","contentUrl":"https:\/\/www.euncet.com\/blog\/wp-content\/uploads\/2022\/02\/Servicio-de-carreras-profesionales-la-apuesta-por-el-talento-universitario-1.png","width":560,"height":416},{"@type":"BreadcrumbList","@id":"https:\/\/www.euncet.com\/blog\/es\/servicio-carreras-profesionales\/#breadcrumb","itemListElement":[{"@type":"ListItem","position":1,"name":"Portada","item":"https:\/\/www.euncet.com\/blog\/es\/"},{"@type":"ListItem","position":2,"name":"El servicio de carreras profesionales con el talento universitario"}]},{"@type":"WebSite","@id":"https:\/\/www.euncet.com\/blog\/es\/#website","url":"https:\/\/www.euncet.com\/blog\/es\/","name":"Euncet Business School","description":"Escuela de negocios","potentialAction":[{"@type":"SearchAction","target":{"@type":"EntryPoint","urlTemplate":"https:\/\/www.euncet.com\/blog\/es\/?s={search_term_string}"},"query-input":{"@type":"PropertyValueSpecification","valueRequired":true,"valueName":"search_term_string"}}],"inLanguage":"es"},{"@type":"Person","@id":"https:\/\/www.euncet.com\/blog\/es\/#\/schema\/person\/8253e592273eb1f7a48788902ca03268","name":"euncet","image":{"@type":"ImageObject","inLanguage":"es","@id":"https:\/\/secure.gravatar.com\/avatar\/ee2ce5f049e82b74bcc6b8db4c5e9c717e35544f3cde91d14a3daa9827fe21f0?s=96&d=mm&r=g","url":"https:\/\/secure.gravatar.com\/avatar\/ee2ce5f049e82b74bcc6b8db4c5e9c717e35544f3cde91d14a3daa9827fe21f0?s=96&d=mm&r=g","contentUrl":"https:\/\/secure.gravatar.com\/avatar\/ee2ce5f049e82b74bcc6b8db4c5e9c717e35544f3cde91d14a3daa9827fe21f0?s=96&d=mm&r=g","caption":"euncet"},"url":"https:\/\/www.euncet.com\/blog\/es\/author\/euncet\/"}]}},"_links":{"self":[{"href":"https:\/\/www.euncet.com\/blog\/es\/wp-json\/wp\/v2\/posts\/52298","targetHints":{"allow":["GET"]}}],"collection":[{"href":"https:\/\/www.euncet.com\/blog\/es\/wp-json\/wp\/v2\/posts"}],"about":[{"href":"https:\/\/www.euncet.com\/blog\/es\/wp-json\/wp\/v2\/types\/post"}],"author":[{"embeddable":true,"href":"https:\/\/www.euncet.com\/blog\/es\/wp-json\/wp\/v2\/users\/28"}],"replies":[{"embeddable":true,"href":"https:\/\/www.euncet.com\/blog\/es\/wp-json\/wp\/v2\/comments?post=52298"}],"version-history":[{"count":0,"href":"https:\/\/www.euncet.com\/blog\/es\/wp-json\/wp\/v2\/posts\/52298\/revisions"}],"wp:featuredmedia":[{"embeddable":true,"href":"https:\/\/www.euncet.com\/blog\/es\/wp-json\/wp\/v2\/media\/52338"}],"wp:attachment":[{"href":"https:\/\/www.euncet.com\/blog\/es\/wp-json\/wp\/v2\/media?parent=52298"}],"wp:term":[{"taxonomy":"category","embeddable":true,"href":"https:\/\/www.euncet.com\/blog\/es\/wp-json\/wp\/v2\/categories?post=52298"},{"taxonomy":"post_tag","embeddable":true,"href":"https:\/\/www.euncet.com\/blog\/es\/wp-json\/wp\/v2\/tags?post=52298"}],"curies":[{"name":"wp","href":"https:\/\/api.w.org\/{rel}","templated":true}]}}