{"id":53247,"date":"2022-04-25T17:08:33","date_gmt":"2022-04-25T15:08:33","guid":{"rendered":"https:\/\/blog.euncet.com\/?p=53247"},"modified":"2023-08-08T09:08:35","modified_gmt":"2023-08-08T07:08:35","slug":"impacto-economia-global-xavier-sala-i-martin","status":"publish","type":"post","link":"https:\/\/www.euncet.com\/blog\/es\/impacto-economia-global-xavier-sala-i-martin\/","title":{"rendered":"Radar Econ\u00f3mico Global 2022, los factores que mayor impacto tendr\u00e1n en la econom\u00eda global"},"content":{"rendered":"<p><span style=\"font-weight: 400;\"><a href=\"https:\/\/salaimartin.com\/\" target=\"_blank\" rel=\"noopener noreferrer\">Xavier Sala-i-Mart\u00edn<\/a> reflexiona en la ponencia \u2018Radar Econ\u00f3mico Global: 2022\u2019, organizada junto con Euncet Business School, sobre los factores que determinar\u00e1n la evoluci\u00f3n del motor econ\u00f3mico global. La masterclass se incluye dentro del ciclo de ponencias magistrales, la apuesta de Euncet Business School por abordar los retos actuales del management con la visi\u00f3n y experiencia de grandes referentes y conferenciantes internacionales.<\/span><\/p><div id=\"ez-toc-container\" class=\"ez-toc-v2_0_82_2 counter-hierarchy ez-toc-counter ez-toc-custom ez-toc-container-direction\">\n<div class=\"ez-toc-title-container\">\n<p class=\"ez-toc-title\" style=\"cursor:inherit\">\u00cdNDICE DE CONTENIDOS<\/p>\n<span class=\"ez-toc-title-toggle\"><a href=\"#\" class=\"ez-toc-pull-right ez-toc-btn ez-toc-btn-xs ez-toc-btn-default ez-toc-toggle\" aria-label=\"Alternar tabla de contenidos\"><span class=\"ez-toc-js-icon-con\"><span class=\"\"><span class=\"eztoc-hide\" style=\"display:none;\">Toggle<\/span><span class=\"ez-toc-icon-toggle-span\"><svg style=\"fill: #222222;color:#222222\" xmlns=\"http:\/\/www.w3.org\/2000\/svg\" class=\"list-377408\" width=\"20px\" height=\"20px\" viewBox=\"0 0 24 24\" fill=\"none\"><path d=\"M6 6H4v2h2V6zm14 0H8v2h12V6zM4 11h2v2H4v-2zm16 0H8v2h12v-2zM4 16h2v2H4v-2zm16 0H8v2h12v-2z\" fill=\"currentColor\"><\/path><\/svg><svg style=\"fill: #222222;color:#222222\" class=\"arrow-unsorted-368013\" xmlns=\"http:\/\/www.w3.org\/2000\/svg\" width=\"10px\" height=\"10px\" viewBox=\"0 0 24 24\" version=\"1.2\" baseProfile=\"tiny\"><path d=\"M18.2 9.3l-6.2-6.3-6.2 6.3c-.2.2-.3.4-.3.7s.1.5.3.7c.2.2.4.3.7.3h11c.3 0 .5-.1.7-.3.2-.2.3-.5.3-.7s-.1-.5-.3-.7zM5.8 14.7l6.2 6.3 6.2-6.3c.2-.2.3-.5.3-.7s-.1-.5-.3-.7c-.2-.2-.4-.3-.7-.3h-11c-.3 0-.5.1-.7.3-.2.2-.3.5-.3.7s.1.5.3.7z\"\/><\/svg><\/span><\/span><\/span><\/a><\/span><\/div>\n<nav><ul class='ez-toc-list ez-toc-list-level-1 ' ><li class='ez-toc-page-1 ez-toc-heading-level-2'><a class=\"ez-toc-link ez-toc-heading-1\" href=\"https:\/\/www.euncet.com\/blog\/es\/impacto-economia-global-xavier-sala-i-martin\/#Guerras_pandemias_y_secuelas_psicologicas\" >Guerras, pandemias y secuelas psicol\u00f3gicas<\/a><\/li><li class='ez-toc-page-1 ez-toc-heading-level-2'><a class=\"ez-toc-link ez-toc-heading-2\" href=\"https:\/\/www.euncet.com\/blog\/es\/impacto-economia-global-xavier-sala-i-martin\/#Inflacion_deuda_y_deficit\" >Inflaci\u00f3n, deuda y d\u00e9ficit\u00a0<\/a><\/li><li class='ez-toc-page-1 ez-toc-heading-level-2'><a class=\"ez-toc-link ez-toc-heading-3\" href=\"https:\/\/www.euncet.com\/blog\/es\/impacto-economia-global-xavier-sala-i-martin\/#Desglobalizacion_nuevo_orden_mundial_y_la_debilitacion_de_la_economia_china\" >Desglobalizaci\u00f3n, nuevo orden mundial y la debilitaci\u00f3n de la econom\u00eda china\u00a0<\/a><\/li><li class='ez-toc-page-1 ez-toc-heading-level-2'><a class=\"ez-toc-link ez-toc-heading-4\" href=\"https:\/\/www.euncet.com\/blog\/es\/impacto-economia-global-xavier-sala-i-martin\/#Cuarta_revolucion_industrial_Bioingenieria_e_Inteligencia_Artificial\" >Cuarta revoluci\u00f3n industrial, Bioingenier\u00eda e Inteligencia Artificial\u00a0<\/a><\/li><li class='ez-toc-page-1 ez-toc-heading-level-2'><a class=\"ez-toc-link ez-toc-heading-5\" href=\"https:\/\/www.euncet.com\/blog\/es\/impacto-economia-global-xavier-sala-i-martin\/#Futuro_incierto_el_gran_reto_del_sistema_educativo_actual\" >Futuro incierto, el gran reto del sistema educativo actual<\/a><\/li><\/ul><\/nav><\/div>\n\n<p><span style=\"font-weight: 400;\">En el siguiente art\u00edculo te contamos cu\u00e1les son, en qu\u00e9 forma afectar\u00e1n y por qu\u00e9 se ha convertido esto en el principal reto del sistema educativo actual.\u00a0<\/span><\/p>\n<h2><img fetchpriority=\"high\" decoding=\"async\" class=\"size-full wp-image-53253 aligncenter\" src=\"https:\/\/blog.euncet.com\/wp-content\/uploads\/2022\/04\/Xavier-Sala-I-Martin-Euncet-Business-School.png\" alt=\"\" width=\"750\" height=\"300\" srcset=\"https:\/\/www.euncet.com\/blog\/wp-content\/uploads\/2022\/04\/Xavier-Sala-I-Martin-Euncet-Business-School.png 750w, https:\/\/www.euncet.com\/blog\/wp-content\/uploads\/2022\/04\/Xavier-Sala-I-Martin-Euncet-Business-School-300x120.png 300w, https:\/\/www.euncet.com\/blog\/wp-content\/uploads\/2022\/04\/Xavier-Sala-I-Martin-Euncet-Business-School-80x32.png 80w\" sizes=\"(max-width: 750px) 100vw, 750px\" \/><\/h2>\n<h2><span class=\"ez-toc-section\" id=\"Guerras_pandemias_y_secuelas_psicologicas\"><\/span><span style=\"font-weight: 400;\">Guerras, pandemias y secuelas psicol\u00f3gicas<\/span><span class=\"ez-toc-section-end\"><\/span><\/h2>\n<p><span style=\"font-weight: 400;\">Aunque 1918 nos parezca lejano, la realidad es bien distinta. La sociedad de entonces guarda muchas similitudes con la actual. Tras la Primera Guerra Mundial y la Gripe Espa\u00f1ola, las generaciones que lo vivieron sufrieron grandes secuelas psicol\u00f3gicas por la virulencia y mortalidad que supusieron ambos episodios hist\u00f3ricos, hecho que tambi\u00e9n se est\u00e1 produciendo tras la pandemia por la covid-19 y la actual guerra iniciada por Putin contra Ucrania.\u00a0<\/span><\/p>\n<blockquote><p>\u201cUno de los factores que determinar\u00e1 nuestro motor econ\u00f3mico es la pandemia por la covid-19.\u201d &#8211; Xavier Sala-i-Mart\u00edn.<\/p><\/blockquote>\n<p><span style=\"font-weight: 400;\">El coronavirus ha puesto en jaque a la hiperglobalizaci\u00f3n nacida tras la Ca\u00edda del Muro de Berl\u00edn. Y, estrategias como la pol\u00edtica \u201cCovid cero\u201d de China, basada en estrictos protocolos para la eliminaci\u00f3n del virus como el cierre de fronteras y aislamientos masivos, han tenido y tienen grandes repercusiones en la econom\u00eda global.\u00a0<\/span><\/p>\n<blockquote><p>\u201cLos europeos somos hip\u00f3critas. Rechazamos la guerra, pero no el gas.\u201d &#8211; Xavier Sala-i-Mart\u00edn.<\/p><\/blockquote>\n<p><span style=\"font-weight: 400;\">Por otro lado, la guerra instigada por Putin ha puesto de manifiesto las carencias de Rusia, la cual era percibida por muchos como una gran potencia econ\u00f3mica y ahora su PIB es del tama\u00f1o del de Espa\u00f1a.\u00a0<\/span><\/p>\n<h2><span class=\"ez-toc-section\" id=\"Inflacion_deuda_y_deficit\"><\/span><span style=\"font-weight: 400;\">Inflaci\u00f3n, deuda y d\u00e9ficit\u00a0<\/span><span class=\"ez-toc-section-end\"><\/span><\/h2>\n<p><span style=\"font-weight: 400;\">La suma del impacto de la guerra y de la pandemia est\u00e1n dando como resultado subidas de precios no vistas desde los a\u00f1os setenta.\u00a0<\/span><\/p>\n<blockquote><p>\u201cEl d\u00e9ficit es el problema [inflaci\u00f3n]. Cuando se soluciona con m\u00e1s d\u00e9ficit \u00e9ste aumenta.\u201d &#8211; Xavier Sala-i-Mart\u00edn.<\/p><\/blockquote>\n<p><span style=\"font-weight: 400;\">Gobiernos como el espa\u00f1ol han propuesto como soluci\u00f3n subsidiar la gasolina, pero esto lo \u00fanico que supone es un aumento de ese d\u00e9ficit, cada vez m\u00e1s \u201cestratosf\u00e9rico\u201d. En cambio, los bancos est\u00e1n subiendo los tipos de inter\u00e9s para hacerle frente, pese a que esta medida cree una recesi\u00f3n, ya que actualmente Espa\u00f1a tiene los tipos de inter\u00e9s al 0 %, pero cuando suban puede entrar en quiebra t\u00e9cnico. Y es que Europa se ha endeudado por primera vez en su historia.<\/span><\/p>\n<h2><span class=\"ez-toc-section\" id=\"Desglobalizacion_nuevo_orden_mundial_y_la_debilitacion_de_la_economia_china\"><\/span><span style=\"font-weight: 400;\">Desglobalizaci\u00f3n, nuevo orden mundial y la debilitaci\u00f3n de la econom\u00eda china\u00a0<\/span><span class=\"ez-toc-section-end\"><\/span><\/h2>\n<p><span style=\"font-weight: 400;\">La guerra de aranceles entre China y Estados Unidos ha supuesto el inicio del proceso de desglobalizaci\u00f3n en el que el pa\u00eds asi\u00e1tico ha pasado de ser uno de los principales exportadores en 2018 a repatriar y a apostar por la industria local creando nuevas f\u00e1bricas, dando lugar as\u00ed a una burbuja inmobiliaria.\u00a0<\/span><\/p>\n<blockquote><p>\u201cEl proceso de globalizaci\u00f3n se est\u00e1 rompiendo y con la pandemia se ha agravado. Puede ser una oportunidad para quien lo sepa aprovechar\u00bb. &#8211; Xavier Sala-i-Mart\u00edn.<\/p><\/blockquote>\n<p><span style=\"font-weight: 400;\">Es en este punto en el que encontramos una globalizaci\u00f3n dual protagonizada por la propia China por un lado y por el otro Estados Unidos y Europa.\u00a0<\/span><\/p>\n<h2><span class=\"ez-toc-section\" id=\"Cuarta_revolucion_industrial_Bioingenieria_e_Inteligencia_Artificial\"><\/span><span style=\"font-weight: 400;\">Cuarta revoluci\u00f3n industrial, Bioingenier\u00eda e Inteligencia Artificial\u00a0<\/span><span class=\"ez-toc-section-end\"><\/span><\/h2>\n<p><span style=\"font-weight: 400;\">Paralelamente a los factores anteriormente mencionados, la tecnolog\u00eda ha seguido evolucionando y sigue siendo uno de los condicionantes en el desarrollo de la econom\u00eda global.\u00a0<\/span><\/p>\n<blockquote><p>\u201cLa cuarta revoluci\u00f3n industrial es la madre de todas. Cada nueva tecnolog\u00eda podr\u00eda ser una revoluci\u00f3n por si sola\u00bb. &#8211; Xavier Sala-i-Mart\u00edn.<\/p><\/blockquote>\n<p><span style=\"font-weight: 400;\">En los \u00faltimos a\u00f1os la irrupci\u00f3n de nuevas tecnolog\u00edas, enmarcadas dentro de esta cuarta revoluci\u00f3n industrial, bien podr\u00edan ser una revoluci\u00f3n por s\u00ed solas. Todas han llegado al mismo tiempo, aunque entre ellas destaca la inteligencia artificial y la bioingenier\u00eda. La manipulaci\u00f3n m\u00e9dica, as\u00ed como el desarrollo de una tecnolog\u00eda que capacita a las m\u00e1quinas a aprender datos y a hacer predicciones con ellos, suponen todo un gran avance con un potencial de aplicabilidad a\u00fan desconocido.\u00a0<\/span><\/p>\n<h2><span class=\"ez-toc-section\" id=\"Futuro_incierto_el_gran_reto_del_sistema_educativo_actual\"><\/span><span style=\"font-weight: 400;\">Futuro incierto, el gran reto del sistema educativo actual<\/span><span class=\"ez-toc-section-end\"><\/span><\/h2>\n<p><span style=\"font-weight: 400;\">El sistema educativo siempre se ha tenido como objetivo formar y capacitar a la sociedad para hacer frente al mundo que vendr\u00e1. Ahora bien, ante el contexto VUCA en el que nos encontramos, cada vez es m\u00e1s dif\u00edcil saber qu\u00e9 perfiles profesionales ser\u00e1n los m\u00e1s demandados en el futuro, puesto que todo evoluciona a ritmos vertiginosos.\u00a0<\/span><\/p>\n<blockquote><p>\u201cEl sistema educativo actual est\u00e1 basado en la idea de que las profesiones perduran, pero con la cuarta revoluci\u00f3n industrial todo es m\u00e1s vol\u00e1til y cambiante\u00bb. &#8211; Xavier Sala-i-Mart\u00edn.<\/p><\/blockquote>\n<p><span style=\"font-weight: 400;\">Haciendo un resumen simplista podr\u00edamos decir que nuestra vida adulta se basa en 3 fases: educaci\u00f3n, trabajo y jubilaci\u00f3n. A\u00f1os atr\u00e1s los trabajos eran m\u00e1s r\u00edgidos y estables, pero actualmente todo ha cambiado. Cada vez el mercado laboral es m\u00e1s vol\u00e1til y debe adaptarse a las nuevas tecnolog\u00edas y necesidades sociales.\u00a0<\/span><\/p>\n<p><span style=\"font-weight: 400;\">Es aqu\u00ed donde se encuentra el principal dilema de las universidades, sus planes de estudio y metodolog\u00edas educativas est\u00e1n basadas en la idea de que las profesiones perduran, pero la constante evoluci\u00f3n de los mercados e industrias demanda perfiles m\u00e1s polivalentes y \u00e1giles.\u00a0<\/span><\/p>\n<p><span style=\"font-weight: 400;\">Este reto es un gran desaf\u00edo para los docentes y centros universitarios, desde Euncet Business School apostamos por la constante actualizaci\u00f3n de los conocimientos y habilidades con nuestra <a href=\"https:\/\/www.euncet.es\/es\/executive-education\" target=\"_blank\" rel=\"noopener noreferrer\">oferta formativa Executive Education.\u00a0<\/a><\/span><\/p>\n<p><a href=\"https:\/\/www.euncet.com\/es\/executive-education\/mba-barcelona\" target=\"_blank\" rel=\"noopener noreferrer\"><img decoding=\"async\" class=\"aligncenter wp-image-53248 size-full\" src=\"https:\/\/blog.euncet.com\/wp-content\/uploads\/2022\/04\/1.-EMBA.gif\" alt=\"EMBA Euncet Business School\" width=\"755\" height=\"241\" \/><\/a><\/p>\n<p><span style=\"font-weight: 400;\">Compuestos por posgrados que combinados entre s\u00ed pueden convertirse en un m\u00e1ster o un <a href=\"https:\/\/www.euncet.com\/es\/executive-education\/mba-barcelona\" target=\"_blank\" rel=\"noopener noreferrer\">MBA<\/a>, los programas EME abordan las diferentes \u00e1reas de cualquier negocio o industria: Marketing, Management, Ventas, Finanzas, Innovaci\u00f3n y Emprendimiento, Supply Chain, Operaciones, Project Management. <\/span><\/p>\n","protected":false},"excerpt":{"rendered":"<p>Xavier Sala-i-Mart\u00edn reflexiona en la ponencia \u2018Radar Econ\u00f3mico Global: 2022\u2019, organizada junto con Euncet Business School, sobre los factores que determinar\u00e1n la evoluci\u00f3n del motor econ\u00f3mico global. La masterclass se incluye dentro del ciclo de ponencias magistrales, la apuesta de Euncet Business School por abordar los retos actuales del management con la visi\u00f3n y experiencia [&hellip;]<\/p>\n","protected":false},"author":28,"featured_media":53258,"comment_status":"closed","ping_status":"closed","sticky":false,"template":"","format":"standard","meta":{"_acf_changed":false,"footnotes":""},"categories":[292],"tags":[],"class_list":["post-53247","post","type-post","status-publish","format-standard","has-post-thumbnail","hentry","category-leadership-management"],"acf":[],"yoast_head":"<!-- This site is optimized with the Yoast SEO plugin v27.4 - https:\/\/yoast.com\/product\/yoast-seo-wordpress\/ -->\n<title>Los factores con mayor impacto en la econom\u00eda global para 2022<\/title>\n<meta name=\"description\" content=\"Xavier Sala-i-Mart\u00edn analiza los 7 factores clave que moldear\u00e1n la econom\u00eda global y su impacto en el sector educativo, en Euncet Business School\" \/>\n<meta name=\"robots\" content=\"index, follow, max-snippet:-1, max-image-preview:large, max-video-preview:-1\" \/>\n<link rel=\"canonical\" href=\"https:\/\/www.euncet.com\/blog\/es\/impacto-economia-global-xavier-sala-i-martin\/\" \/>\n<meta property=\"og:locale\" content=\"es_ES\" \/>\n<meta property=\"og:type\" content=\"article\" \/>\n<meta property=\"og:title\" content=\"Los factores con mayor impacto en la econom\u00eda global para 2022\" \/>\n<meta property=\"og:description\" content=\"Xavier Sala-i-Mart\u00edn analiza los 7 factores clave que moldear\u00e1n la econom\u00eda global y su impacto en el sector educativo, en Euncet Business School\" \/>\n<meta property=\"og:url\" content=\"https:\/\/www.euncet.com\/blog\/es\/impacto-economia-global-xavier-sala-i-martin\/\" \/>\n<meta property=\"og:site_name\" content=\"Euncet Business School\" \/>\n<meta property=\"article:publisher\" content=\"https:\/\/www.facebook.com\/euncet\" \/>\n<meta property=\"article:published_time\" content=\"2022-04-25T15:08:33+00:00\" \/>\n<meta property=\"article:modified_time\" content=\"2023-08-08T07:08:35+00:00\" \/>\n<meta property=\"og:image\" content=\"https:\/\/www.euncet.com\/blog\/wp-content\/uploads\/2022\/04\/Radar-Economico-Global-2022-los-7-factores-que-mayor-impacto-tendran-en-la-economia-global.png\" \/>\n\t<meta property=\"og:image:width\" content=\"560\" \/>\n\t<meta property=\"og:image:height\" content=\"416\" \/>\n\t<meta property=\"og:image:type\" content=\"image\/png\" \/>\n<meta name=\"author\" content=\"euncet\" \/>\n<meta name=\"twitter:card\" content=\"summary_large_image\" \/>\n<meta name=\"twitter:creator\" content=\"@euncet\" \/>\n<meta name=\"twitter:site\" content=\"@euncet\" \/>\n<meta name=\"twitter:label1\" content=\"Escrito por\" \/>\n\t<meta name=\"twitter:data1\" content=\"euncet\" \/>\n\t<meta name=\"twitter:label2\" content=\"Tiempo de lectura\" \/>\n\t<meta name=\"twitter:data2\" content=\"5 minutos\" \/>\n<script type=\"application\/ld+json\" class=\"yoast-schema-graph\">{\"@context\":\"https:\\\/\\\/schema.org\",\"@graph\":[{\"@type\":\"Article\",\"@id\":\"https:\\\/\\\/www.euncet.com\\\/blog\\\/es\\\/impacto-economia-global-xavier-sala-i-martin\\\/#article\",\"isPartOf\":{\"@id\":\"https:\\\/\\\/www.euncet.com\\\/blog\\\/es\\\/impacto-economia-global-xavier-sala-i-martin\\\/\"},\"author\":{\"name\":\"euncet\",\"@id\":\"https:\\\/\\\/www.euncet.com\\\/blog\\\/es\\\/#\\\/schema\\\/person\\\/8253e592273eb1f7a48788902ca03268\"},\"headline\":\"Radar Econ\u00f3mico Global 2022, los factores que mayor impacto tendr\u00e1n en la econom\u00eda global\",\"datePublished\":\"2022-04-25T15:08:33+00:00\",\"dateModified\":\"2023-08-08T07:08:35+00:00\",\"mainEntityOfPage\":{\"@id\":\"https:\\\/\\\/www.euncet.com\\\/blog\\\/es\\\/impacto-economia-global-xavier-sala-i-martin\\\/\"},\"wordCount\":1030,\"image\":{\"@id\":\"https:\\\/\\\/www.euncet.com\\\/blog\\\/es\\\/impacto-economia-global-xavier-sala-i-martin\\\/#primaryimage\"},\"thumbnailUrl\":\"https:\\\/\\\/www.euncet.com\\\/blog\\\/wp-content\\\/uploads\\\/2022\\\/04\\\/Radar-Economico-Global-2022-los-7-factores-que-mayor-impacto-tendran-en-la-economia-global.png\",\"articleSection\":[\"Liderazgo y Habilidades Directivas\"],\"inLanguage\":\"es\"},{\"@type\":\"WebPage\",\"@id\":\"https:\\\/\\\/www.euncet.com\\\/blog\\\/es\\\/impacto-economia-global-xavier-sala-i-martin\\\/\",\"url\":\"https:\\\/\\\/www.euncet.com\\\/blog\\\/es\\\/impacto-economia-global-xavier-sala-i-martin\\\/\",\"name\":\"Los factores con mayor impacto en la econom\u00eda global para 2022\",\"isPartOf\":{\"@id\":\"https:\\\/\\\/www.euncet.com\\\/blog\\\/es\\\/#website\"},\"primaryImageOfPage\":{\"@id\":\"https:\\\/\\\/www.euncet.com\\\/blog\\\/es\\\/impacto-economia-global-xavier-sala-i-martin\\\/#primaryimage\"},\"image\":{\"@id\":\"https:\\\/\\\/www.euncet.com\\\/blog\\\/es\\\/impacto-economia-global-xavier-sala-i-martin\\\/#primaryimage\"},\"thumbnailUrl\":\"https:\\\/\\\/www.euncet.com\\\/blog\\\/wp-content\\\/uploads\\\/2022\\\/04\\\/Radar-Economico-Global-2022-los-7-factores-que-mayor-impacto-tendran-en-la-economia-global.png\",\"datePublished\":\"2022-04-25T15:08:33+00:00\",\"dateModified\":\"2023-08-08T07:08:35+00:00\",\"author\":{\"@id\":\"https:\\\/\\\/www.euncet.com\\\/blog\\\/es\\\/#\\\/schema\\\/person\\\/8253e592273eb1f7a48788902ca03268\"},\"description\":\"Xavier Sala-i-Mart\u00edn analiza los 7 factores clave que moldear\u00e1n la econom\u00eda global y su impacto en el sector educativo, en Euncet Business School\",\"breadcrumb\":{\"@id\":\"https:\\\/\\\/www.euncet.com\\\/blog\\\/es\\\/impacto-economia-global-xavier-sala-i-martin\\\/#breadcrumb\"},\"inLanguage\":\"es\",\"potentialAction\":[{\"@type\":\"ReadAction\",\"target\":[\"https:\\\/\\\/www.euncet.com\\\/blog\\\/es\\\/impacto-economia-global-xavier-sala-i-martin\\\/\"]}]},{\"@type\":\"ImageObject\",\"inLanguage\":\"es\",\"@id\":\"https:\\\/\\\/www.euncet.com\\\/blog\\\/es\\\/impacto-economia-global-xavier-sala-i-martin\\\/#primaryimage\",\"url\":\"https:\\\/\\\/www.euncet.com\\\/blog\\\/wp-content\\\/uploads\\\/2022\\\/04\\\/Radar-Economico-Global-2022-los-7-factores-que-mayor-impacto-tendran-en-la-economia-global.png\",\"contentUrl\":\"https:\\\/\\\/www.euncet.com\\\/blog\\\/wp-content\\\/uploads\\\/2022\\\/04\\\/Radar-Economico-Global-2022-los-7-factores-que-mayor-impacto-tendran-en-la-economia-global.png\",\"width\":560,\"height\":416},{\"@type\":\"BreadcrumbList\",\"@id\":\"https:\\\/\\\/www.euncet.com\\\/blog\\\/es\\\/impacto-economia-global-xavier-sala-i-martin\\\/#breadcrumb\",\"itemListElement\":[{\"@type\":\"ListItem\",\"position\":1,\"name\":\"Portada\",\"item\":\"https:\\\/\\\/www.euncet.com\\\/blog\\\/es\\\/\"},{\"@type\":\"ListItem\",\"position\":2,\"name\":\"Radar Econ\u00f3mico Global 2022, los factores que mayor impacto tendr\u00e1n en la econom\u00eda global\"}]},{\"@type\":\"WebSite\",\"@id\":\"https:\\\/\\\/www.euncet.com\\\/blog\\\/es\\\/#website\",\"url\":\"https:\\\/\\\/www.euncet.com\\\/blog\\\/es\\\/\",\"name\":\"Euncet Business School\",\"description\":\"Escuela de negocios\",\"potentialAction\":[{\"@type\":\"SearchAction\",\"target\":{\"@type\":\"EntryPoint\",\"urlTemplate\":\"https:\\\/\\\/www.euncet.com\\\/blog\\\/es\\\/?s={search_term_string}\"},\"query-input\":{\"@type\":\"PropertyValueSpecification\",\"valueRequired\":true,\"valueName\":\"search_term_string\"}}],\"inLanguage\":\"es\"},{\"@type\":\"Person\",\"@id\":\"https:\\\/\\\/www.euncet.com\\\/blog\\\/es\\\/#\\\/schema\\\/person\\\/8253e592273eb1f7a48788902ca03268\",\"name\":\"euncet\",\"image\":{\"@type\":\"ImageObject\",\"inLanguage\":\"es\",\"@id\":\"https:\\\/\\\/secure.gravatar.com\\\/avatar\\\/ee2ce5f049e82b74bcc6b8db4c5e9c717e35544f3cde91d14a3daa9827fe21f0?s=96&d=mm&r=g\",\"url\":\"https:\\\/\\\/secure.gravatar.com\\\/avatar\\\/ee2ce5f049e82b74bcc6b8db4c5e9c717e35544f3cde91d14a3daa9827fe21f0?s=96&d=mm&r=g\",\"contentUrl\":\"https:\\\/\\\/secure.gravatar.com\\\/avatar\\\/ee2ce5f049e82b74bcc6b8db4c5e9c717e35544f3cde91d14a3daa9827fe21f0?s=96&d=mm&r=g\",\"caption\":\"euncet\"},\"url\":\"https:\\\/\\\/www.euncet.com\\\/blog\\\/es\\\/author\\\/euncet\\\/\"}]}<\/script>\n<!-- \/ Yoast SEO plugin. -->","yoast_head_json":{"title":"Los factores con mayor impacto en la econom\u00eda global para 2022","description":"Xavier Sala-i-Mart\u00edn analiza los 7 factores clave que moldear\u00e1n la econom\u00eda global y su impacto en el sector educativo, en Euncet Business School","robots":{"index":"index","follow":"follow","max-snippet":"max-snippet:-1","max-image-preview":"max-image-preview:large","max-video-preview":"max-video-preview:-1"},"canonical":"https:\/\/www.euncet.com\/blog\/es\/impacto-economia-global-xavier-sala-i-martin\/","og_locale":"es_ES","og_type":"article","og_title":"Los factores con mayor impacto en la econom\u00eda global para 2022","og_description":"Xavier Sala-i-Mart\u00edn analiza los 7 factores clave que moldear\u00e1n la econom\u00eda global y su impacto en el sector educativo, en Euncet Business School","og_url":"https:\/\/www.euncet.com\/blog\/es\/impacto-economia-global-xavier-sala-i-martin\/","og_site_name":"Euncet Business School","article_publisher":"https:\/\/www.facebook.com\/euncet","article_published_time":"2022-04-25T15:08:33+00:00","article_modified_time":"2023-08-08T07:08:35+00:00","og_image":[{"width":560,"height":416,"url":"https:\/\/www.euncet.com\/blog\/wp-content\/uploads\/2022\/04\/Radar-Economico-Global-2022-los-7-factores-que-mayor-impacto-tendran-en-la-economia-global.png","type":"image\/png"}],"author":"euncet","twitter_card":"summary_large_image","twitter_creator":"@euncet","twitter_site":"@euncet","twitter_misc":{"Escrito por":"euncet","Tiempo de lectura":"5 minutos"},"schema":{"@context":"https:\/\/schema.org","@graph":[{"@type":"Article","@id":"https:\/\/www.euncet.com\/blog\/es\/impacto-economia-global-xavier-sala-i-martin\/#article","isPartOf":{"@id":"https:\/\/www.euncet.com\/blog\/es\/impacto-economia-global-xavier-sala-i-martin\/"},"author":{"name":"euncet","@id":"https:\/\/www.euncet.com\/blog\/es\/#\/schema\/person\/8253e592273eb1f7a48788902ca03268"},"headline":"Radar Econ\u00f3mico Global 2022, los factores que mayor impacto tendr\u00e1n en la econom\u00eda global","datePublished":"2022-04-25T15:08:33+00:00","dateModified":"2023-08-08T07:08:35+00:00","mainEntityOfPage":{"@id":"https:\/\/www.euncet.com\/blog\/es\/impacto-economia-global-xavier-sala-i-martin\/"},"wordCount":1030,"image":{"@id":"https:\/\/www.euncet.com\/blog\/es\/impacto-economia-global-xavier-sala-i-martin\/#primaryimage"},"thumbnailUrl":"https:\/\/www.euncet.com\/blog\/wp-content\/uploads\/2022\/04\/Radar-Economico-Global-2022-los-7-factores-que-mayor-impacto-tendran-en-la-economia-global.png","articleSection":["Liderazgo y Habilidades Directivas"],"inLanguage":"es"},{"@type":"WebPage","@id":"https:\/\/www.euncet.com\/blog\/es\/impacto-economia-global-xavier-sala-i-martin\/","url":"https:\/\/www.euncet.com\/blog\/es\/impacto-economia-global-xavier-sala-i-martin\/","name":"Los factores con mayor impacto en la econom\u00eda global para 2022","isPartOf":{"@id":"https:\/\/www.euncet.com\/blog\/es\/#website"},"primaryImageOfPage":{"@id":"https:\/\/www.euncet.com\/blog\/es\/impacto-economia-global-xavier-sala-i-martin\/#primaryimage"},"image":{"@id":"https:\/\/www.euncet.com\/blog\/es\/impacto-economia-global-xavier-sala-i-martin\/#primaryimage"},"thumbnailUrl":"https:\/\/www.euncet.com\/blog\/wp-content\/uploads\/2022\/04\/Radar-Economico-Global-2022-los-7-factores-que-mayor-impacto-tendran-en-la-economia-global.png","datePublished":"2022-04-25T15:08:33+00:00","dateModified":"2023-08-08T07:08:35+00:00","author":{"@id":"https:\/\/www.euncet.com\/blog\/es\/#\/schema\/person\/8253e592273eb1f7a48788902ca03268"},"description":"Xavier Sala-i-Mart\u00edn analiza los 7 factores clave que moldear\u00e1n la econom\u00eda global y su impacto en el sector educativo, en Euncet Business School","breadcrumb":{"@id":"https:\/\/www.euncet.com\/blog\/es\/impacto-economia-global-xavier-sala-i-martin\/#breadcrumb"},"inLanguage":"es","potentialAction":[{"@type":"ReadAction","target":["https:\/\/www.euncet.com\/blog\/es\/impacto-economia-global-xavier-sala-i-martin\/"]}]},{"@type":"ImageObject","inLanguage":"es","@id":"https:\/\/www.euncet.com\/blog\/es\/impacto-economia-global-xavier-sala-i-martin\/#primaryimage","url":"https:\/\/www.euncet.com\/blog\/wp-content\/uploads\/2022\/04\/Radar-Economico-Global-2022-los-7-factores-que-mayor-impacto-tendran-en-la-economia-global.png","contentUrl":"https:\/\/www.euncet.com\/blog\/wp-content\/uploads\/2022\/04\/Radar-Economico-Global-2022-los-7-factores-que-mayor-impacto-tendran-en-la-economia-global.png","width":560,"height":416},{"@type":"BreadcrumbList","@id":"https:\/\/www.euncet.com\/blog\/es\/impacto-economia-global-xavier-sala-i-martin\/#breadcrumb","itemListElement":[{"@type":"ListItem","position":1,"name":"Portada","item":"https:\/\/www.euncet.com\/blog\/es\/"},{"@type":"ListItem","position":2,"name":"Radar Econ\u00f3mico Global 2022, los factores que mayor impacto tendr\u00e1n en la econom\u00eda global"}]},{"@type":"WebSite","@id":"https:\/\/www.euncet.com\/blog\/es\/#website","url":"https:\/\/www.euncet.com\/blog\/es\/","name":"Euncet Business School","description":"Escuela de negocios","potentialAction":[{"@type":"SearchAction","target":{"@type":"EntryPoint","urlTemplate":"https:\/\/www.euncet.com\/blog\/es\/?s={search_term_string}"},"query-input":{"@type":"PropertyValueSpecification","valueRequired":true,"valueName":"search_term_string"}}],"inLanguage":"es"},{"@type":"Person","@id":"https:\/\/www.euncet.com\/blog\/es\/#\/schema\/person\/8253e592273eb1f7a48788902ca03268","name":"euncet","image":{"@type":"ImageObject","inLanguage":"es","@id":"https:\/\/secure.gravatar.com\/avatar\/ee2ce5f049e82b74bcc6b8db4c5e9c717e35544f3cde91d14a3daa9827fe21f0?s=96&d=mm&r=g","url":"https:\/\/secure.gravatar.com\/avatar\/ee2ce5f049e82b74bcc6b8db4c5e9c717e35544f3cde91d14a3daa9827fe21f0?s=96&d=mm&r=g","contentUrl":"https:\/\/secure.gravatar.com\/avatar\/ee2ce5f049e82b74bcc6b8db4c5e9c717e35544f3cde91d14a3daa9827fe21f0?s=96&d=mm&r=g","caption":"euncet"},"url":"https:\/\/www.euncet.com\/blog\/es\/author\/euncet\/"}]}},"_links":{"self":[{"href":"https:\/\/www.euncet.com\/blog\/es\/wp-json\/wp\/v2\/posts\/53247","targetHints":{"allow":["GET"]}}],"collection":[{"href":"https:\/\/www.euncet.com\/blog\/es\/wp-json\/wp\/v2\/posts"}],"about":[{"href":"https:\/\/www.euncet.com\/blog\/es\/wp-json\/wp\/v2\/types\/post"}],"author":[{"embeddable":true,"href":"https:\/\/www.euncet.com\/blog\/es\/wp-json\/wp\/v2\/users\/28"}],"replies":[{"embeddable":true,"href":"https:\/\/www.euncet.com\/blog\/es\/wp-json\/wp\/v2\/comments?post=53247"}],"version-history":[{"count":0,"href":"https:\/\/www.euncet.com\/blog\/es\/wp-json\/wp\/v2\/posts\/53247\/revisions"}],"wp:featuredmedia":[{"embeddable":true,"href":"https:\/\/www.euncet.com\/blog\/es\/wp-json\/wp\/v2\/media\/53258"}],"wp:attachment":[{"href":"https:\/\/www.euncet.com\/blog\/es\/wp-json\/wp\/v2\/media?parent=53247"}],"wp:term":[{"taxonomy":"category","embeddable":true,"href":"https:\/\/www.euncet.com\/blog\/es\/wp-json\/wp\/v2\/categories?post=53247"},{"taxonomy":"post_tag","embeddable":true,"href":"https:\/\/www.euncet.com\/blog\/es\/wp-json\/wp\/v2\/tags?post=53247"}],"curies":[{"name":"wp","href":"https:\/\/api.w.org\/{rel}","templated":true}]}}