{"id":53642,"date":"2022-06-07T11:59:28","date_gmt":"2022-06-07T09:59:28","guid":{"rendered":"https:\/\/blog.euncet.com\/?p=53642"},"modified":"2023-06-09T15:25:40","modified_gmt":"2023-06-09T13:25:40","slug":"la-tecnologia-como-transformacion-estructural-de-la-sociedad","status":"publish","type":"post","link":"https:\/\/www.euncet.com\/blog\/es\/la-tecnologia-como-transformacion-estructural-de-la-sociedad\/","title":{"rendered":"La tecnolog\u00eda como transformaci\u00f3n estructural de la sociedad"},"content":{"rendered":"\t\t<div data-elementor-type=\"wp-post\" data-elementor-id=\"53642\" class=\"elementor elementor-53642\" data-elementor-post-type=\"post\">\n\t\t\t\t\t\t<section class=\"elementor-section elementor-top-section elementor-element elementor-element-3ea2a08 elementor-section-boxed elementor-section-height-default elementor-section-height-default\" data-id=\"3ea2a08\" data-element_type=\"section\" data-e-type=\"section\">\n\t\t\t\t\t\t<div class=\"elementor-container elementor-column-gap-default\">\n\t\t\t\t\t<div class=\"elementor-column elementor-col-100 elementor-top-column elementor-element elementor-element-9c21e03\" data-id=\"9c21e03\" data-element_type=\"column\" data-e-type=\"column\">\n\t\t\t<div class=\"elementor-widget-wrap elementor-element-populated\">\n\t\t\t\t\t\t<div class=\"elementor-element elementor-element-3b485b3 elementor-widget elementor-widget-text-editor\" data-id=\"3b485b3\" data-element_type=\"widget\" data-e-type=\"widget\" data-widget_type=\"text-editor.default\">\n\t\t\t\t<div class=\"elementor-widget-container\">\n\t\t\t\t\t\t\t\t\t<p>La transformaci\u00f3n digital ha supuesto grandes avances para la sociedad, pero tambi\u00e9n un gran reto para las organizaciones y los negocios en las \u00faltimas d\u00e9cadas. El ecosistema digital evoluciona a pasos agigantados y cada vez es m\u00e1s importante para la competitividad de las empresas saber c\u00f3mo gestionar e implementar estas innovaciones.<\/p><div id=\"ez-toc-container\" class=\"ez-toc-v2_0_82_2 counter-hierarchy ez-toc-counter ez-toc-custom ez-toc-container-direction\">\n<div class=\"ez-toc-title-container\">\n<p class=\"ez-toc-title\" style=\"cursor:inherit\">\u00cdNDICE DE CONTENIDOS<\/p>\n<span class=\"ez-toc-title-toggle\"><a href=\"#\" class=\"ez-toc-pull-right ez-toc-btn ez-toc-btn-xs ez-toc-btn-default ez-toc-toggle\" aria-label=\"Alternar tabla de contenidos\"><span class=\"ez-toc-js-icon-con\"><span class=\"\"><span class=\"eztoc-hide\" style=\"display:none;\">Toggle<\/span><span class=\"ez-toc-icon-toggle-span\"><svg style=\"fill: #222222;color:#222222\" xmlns=\"http:\/\/www.w3.org\/2000\/svg\" class=\"list-377408\" width=\"20px\" height=\"20px\" viewBox=\"0 0 24 24\" fill=\"none\"><path d=\"M6 6H4v2h2V6zm14 0H8v2h12V6zM4 11h2v2H4v-2zm16 0H8v2h12v-2zM4 16h2v2H4v-2zm16 0H8v2h12v-2z\" fill=\"currentColor\"><\/path><\/svg><svg style=\"fill: #222222;color:#222222\" class=\"arrow-unsorted-368013\" xmlns=\"http:\/\/www.w3.org\/2000\/svg\" width=\"10px\" height=\"10px\" viewBox=\"0 0 24 24\" version=\"1.2\" baseProfile=\"tiny\"><path d=\"M18.2 9.3l-6.2-6.3-6.2 6.3c-.2.2-.3.4-.3.7s.1.5.3.7c.2.2.4.3.7.3h11c.3 0 .5-.1.7-.3.2-.2.3-.5.3-.7s-.1-.5-.3-.7zM5.8 14.7l6.2 6.3 6.2-6.3c.2-.2.3-.5.3-.7s-.1-.5-.3-.7c-.2-.2-.4-.3-.7-.3h-11c-.3 0-.5.1-.7.3-.2.2-.3.5-.3.7s.1.5.3.7z\"\/><\/svg><\/span><\/span><\/span><\/a><\/span><\/div>\n<nav><ul class='ez-toc-list ez-toc-list-level-1 ' ><li class='ez-toc-page-1 ez-toc-heading-level-2'><a class=\"ez-toc-link ez-toc-heading-1\" href=\"https:\/\/www.euncet.com\/blog\/es\/la-tecnologia-como-transformacion-estructural-de-la-sociedad\/#El_papel_de_la_tecnologia_en_la_evolucion_humana\" >El papel de la tecnolog\u00eda en la evoluci\u00f3n humana<\/a><\/li><li class='ez-toc-page-1 ez-toc-heading-level-2'><a class=\"ez-toc-link ez-toc-heading-2\" href=\"https:\/\/www.euncet.com\/blog\/es\/la-tecnologia-como-transformacion-estructural-de-la-sociedad\/#Big_Data_o_como_personalizar_los_servicios_a_traves_de_los_datos\" >Big Data, o como personalizar los servicios a trav\u00e9s de los datos<\/a><ul class='ez-toc-list-level-3' ><li class='ez-toc-heading-level-3'><a class=\"ez-toc-link ez-toc-heading-3\" href=\"https:\/\/www.euncet.com\/blog\/es\/la-tecnologia-como-transformacion-estructural-de-la-sociedad\/#Los_retos_que_deben_afrontar_las_empresas\" >Los retos que deben afrontar las empresas\u00a0<\/a><\/li><\/ul><\/li><li class='ez-toc-page-1 ez-toc-heading-level-2'><a class=\"ez-toc-link ez-toc-heading-4\" href=\"https:\/\/www.euncet.com\/blog\/es\/la-tecnologia-como-transformacion-estructural-de-la-sociedad\/#NFT_y_blockchain_reformulando_la_propiedad_intelectual_y_privada_%E2%80%8B\" >NFT y blockchain, reformulando la propiedad intelectual y privada \u200b<\/a><\/li><li class='ez-toc-page-1 ez-toc-heading-level-2'><a class=\"ez-toc-link ez-toc-heading-5\" href=\"https:\/\/www.euncet.com\/blog\/es\/la-tecnologia-como-transformacion-estructural-de-la-sociedad\/#3_aspectos_clave_para_entender_la_transformacion_digital_%E2%80%8B\" >3 aspectos clave para entender la transformaci\u00f3n digital \u200b<\/a><\/li><\/ul><\/nav><\/div>\n\t\t\t\t\t\t\t\t<\/div>\n\t\t\t\t<\/div>\n\t\t\t\t\t<\/div>\n\t\t<\/div>\n\t\t\t\t\t<\/div>\n\t\t<\/section>\n\t\t\t\t<section class=\"elementor-section elementor-top-section elementor-element elementor-element-84ce151 elementor-section-boxed elementor-section-height-default elementor-section-height-default\" data-id=\"84ce151\" data-element_type=\"section\" data-e-type=\"section\">\n\t\t\t\t\t\t<div class=\"elementor-container elementor-column-gap-default\">\n\t\t\t\t\t<div class=\"elementor-column elementor-col-50 elementor-top-column elementor-element elementor-element-72517b9\" data-id=\"72517b9\" data-element_type=\"column\" data-e-type=\"column\">\n\t\t\t<div class=\"elementor-widget-wrap elementor-element-populated\">\n\t\t\t\t\t\t<div class=\"elementor-element elementor-element-d870786 elementor-widget elementor-widget-image\" data-id=\"d870786\" data-element_type=\"widget\" data-e-type=\"widget\" data-widget_type=\"image.default\">\n\t\t\t\t<div class=\"elementor-widget-container\">\n\t\t\t\t\t\t\t\t\t\t\t\t\t\t\t<img decoding=\"async\" src=\"https:\/\/www.euncet.com\/blog\/wp-content\/uploads\/elementor\/thumbs\/Marc_Genis-rdx8iifd39d0x7hldnmkuw36tfz170iswf2qazlx0g.png\" title=\"Marc_Genis\" alt=\"Marc_Genis_Euncet\" loading=\"lazy\" \/>\t\t\t\t\t\t\t\t\t\t\t\t\t\t\t<\/div>\n\t\t\t\t<\/div>\n\t\t\t\t\t<\/div>\n\t\t<\/div>\n\t\t\t\t<div class=\"elementor-column elementor-col-50 elementor-top-column elementor-element elementor-element-a35338a\" data-id=\"a35338a\" data-element_type=\"column\" data-e-type=\"column\">\n\t\t\t<div class=\"elementor-widget-wrap elementor-element-populated\">\n\t\t\t\t\t\t<div class=\"elementor-element elementor-element-4f82593 elementor-widget elementor-widget-text-editor\" data-id=\"4f82593\" data-element_type=\"widget\" data-e-type=\"widget\" data-widget_type=\"text-editor.default\">\n\t\t\t\t<div class=\"elementor-widget-container\">\n\t\t\t\t\t\t\t\t\t<p><span class=\"TextRun SCXW59800080 BCX0\" lang=\"ES-ES\" xml:lang=\"ES-ES\" data-contrast=\"none\"><strong><span class=\"NormalTextRun SCXW59800080 BCX0\">\u2018We<\/span><span class=\"NormalTextRun SCXW59800080 BCX0\">bs, red<\/span><span class=\"NormalTextRun SCXW59800080 BCX0\">es sociales<\/span><\/strong><span class=\"NormalTextRun SCXW59800080 BCX0\"><strong>, Big Data, inteligencia artificial&#8230; \u00bfy ahora d\u00f3nde estamos?\u2019<\/strong> es la ponencia c<\/span><span class=\"NormalTextRun SCXW59800080 BCX0\">on la que <a href=\"https:\/\/www.linkedin.com\/in\/genisroca\/?originalSubdomain=es\" target=\"_blank\" rel=\"noopener\">Gen\u00eds Roca<\/a>, arque\u00f3logo, presidente de la <\/span><span class=\"NormalTextRun SpellingErrorV2Themed SCXW59800080 BCX0\">Fundaci\u00f3<\/span> <span class=\"NormalTextRun SpellingErrorV2Themed SCXW59800080 BCX0\">PuntCat<\/span><span class=\"NormalTextRun SCXW59800080 BCX0\"> y considerado uno de los grandes especialistas de internet y la transformaci\u00f3n digital, ahonda sobre el impacto de la digitalizaci\u00f3n en el ecosistema empresarial y sobre conceptos clav<\/span><span class=\"NormalTextRun SCXW59800080 BCX0\">e para el futuro como token, NFT (token no fungible) y <\/span><span class=\"NormalTextRun SpellingErrorV2Themed SCXW59800080 BCX0\">blockchain<\/span><span class=\"NormalTextRun SCXW59800080 BCX0\">.\u00a0<\/span><\/span><span class=\"EOP SCXW59800080 BCX0\" data-ccp-props=\"{\">\u00a0<\/span><\/p>\t\t\t\t\t\t\t\t<\/div>\n\t\t\t\t<\/div>\n\t\t\t\t\t<\/div>\n\t\t<\/div>\n\t\t\t\t\t<\/div>\n\t\t<\/section>\n\t\t\t\t<section class=\"elementor-section elementor-top-section elementor-element elementor-element-a307de6 elementor-section-boxed elementor-section-height-default elementor-section-height-default\" data-id=\"a307de6\" data-element_type=\"section\" data-e-type=\"section\">\n\t\t\t\t\t\t<div class=\"elementor-container elementor-column-gap-default\">\n\t\t\t\t\t<div class=\"elementor-column elementor-col-100 elementor-top-column elementor-element elementor-element-9b925fc\" data-id=\"9b925fc\" data-element_type=\"column\" data-e-type=\"column\">\n\t\t\t<div class=\"elementor-widget-wrap elementor-element-populated\">\n\t\t\t\t\t\t<div class=\"elementor-element elementor-element-f7a9d79 elementor-widget elementor-widget-text-editor\" data-id=\"f7a9d79\" data-element_type=\"widget\" data-e-type=\"widget\" data-widget_type=\"text-editor.default\">\n\t\t\t\t<div class=\"elementor-widget-container\">\n\t\t\t\t\t\t\t\t\t<p><span class=\"TextRun SCXW255889358 BCX0\" lang=\"ES-ES\" xml:lang=\"ES-ES\" data-contrast=\"none\"><span class=\"NormalTextRun SCXW255889358 BCX0\">En el siguiente art\u00edculo te contamos algunas de las reflexiones que hizo Gen\u00eds Roca y en qu\u00e9 punto de la transformaci\u00f3n <\/span><span class=\"NormalTextRun SCXW255889358 BCX0\">digital<\/span><span class=\"NormalTextRun SCXW255889358 BCX0\"> se encuentran las empresas y la sociedad.<\/span><\/span><\/p>\t\t\t\t\t\t\t\t<\/div>\n\t\t\t\t<\/div>\n\t\t\t\t\t<\/div>\n\t\t<\/div>\n\t\t\t\t\t<\/div>\n\t\t<\/section>\n\t\t\t\t<section class=\"elementor-section elementor-top-section elementor-element elementor-element-dedbd56 elementor-section-boxed elementor-section-height-default elementor-section-height-default\" data-id=\"dedbd56\" data-element_type=\"section\" data-e-type=\"section\">\n\t\t\t\t\t\t<div class=\"elementor-container elementor-column-gap-default\">\n\t\t\t\t\t<div class=\"elementor-column elementor-col-100 elementor-top-column elementor-element elementor-element-450710d\" data-id=\"450710d\" data-element_type=\"column\" data-e-type=\"column\">\n\t\t\t<div class=\"elementor-widget-wrap elementor-element-populated\">\n\t\t\t\t\t\t<div class=\"elementor-element elementor-element-d0973a0 elementor-widget elementor-widget-image\" data-id=\"d0973a0\" data-element_type=\"widget\" data-e-type=\"widget\" data-widget_type=\"image.default\">\n\t\t\t\t<div class=\"elementor-widget-container\">\n\t\t\t\t\t\t\t\t\t\t\t\t\t\t\t<img fetchpriority=\"high\" decoding=\"async\" width=\"750\" height=\"300\" src=\"https:\/\/www.euncet.com\/blog\/wp-content\/uploads\/2022\/06\/El-papel-de-la-tecnologia-en-la-evolucion-humana.png\" class=\"attachment-full size-full wp-image-53649\" alt=\"El-papel-de-la-tecnolog\u00eda-en-la-evoluci\u00f3n-humana\" srcset=\"https:\/\/www.euncet.com\/blog\/wp-content\/uploads\/2022\/06\/El-papel-de-la-tecnologia-en-la-evolucion-humana.png 750w, https:\/\/www.euncet.com\/blog\/wp-content\/uploads\/2022\/06\/El-papel-de-la-tecnologia-en-la-evolucion-humana-300x120.png 300w, https:\/\/www.euncet.com\/blog\/wp-content\/uploads\/2022\/06\/El-papel-de-la-tecnologia-en-la-evolucion-humana-80x32.png 80w\" sizes=\"(max-width: 750px) 100vw, 750px\" \/>\t\t\t\t\t\t\t\t\t\t\t\t\t\t\t<\/div>\n\t\t\t\t<\/div>\n\t\t\t\t\t<\/div>\n\t\t<\/div>\n\t\t\t\t\t<\/div>\n\t\t<\/section>\n\t\t\t\t<section class=\"elementor-section elementor-top-section elementor-element elementor-element-eb8f515 elementor-section-boxed elementor-section-height-default elementor-section-height-default\" data-id=\"eb8f515\" data-element_type=\"section\" data-e-type=\"section\">\n\t\t\t\t\t\t<div class=\"elementor-container elementor-column-gap-default\">\n\t\t\t\t\t<div class=\"elementor-column elementor-col-100 elementor-top-column elementor-element elementor-element-86f8043\" data-id=\"86f8043\" data-element_type=\"column\" data-e-type=\"column\">\n\t\t\t<div class=\"elementor-widget-wrap elementor-element-populated\">\n\t\t\t\t\t\t<div class=\"elementor-element elementor-element-d9b4fd6 elementor-widget elementor-widget-heading\" data-id=\"d9b4fd6\" data-element_type=\"widget\" data-e-type=\"widget\" data-widget_type=\"heading.default\">\n\t\t\t\t<div class=\"elementor-widget-container\">\n\t\t\t\t\t<h2 class=\"elementor-heading-title elementor-size-default\"><span class=\"ez-toc-section\" id=\"El_papel_de_la_tecnologia_en_la_evolucion_humana\"><\/span>El papel de la tecnolog\u00eda en la evoluci\u00f3n humana \n\n<span class=\"ez-toc-section-end\"><\/span><\/h2>\t\t\t\t<\/div>\n\t\t\t\t<\/div>\n\t\t\t\t\t<\/div>\n\t\t<\/div>\n\t\t\t\t\t<\/div>\n\t\t<\/section>\n\t\t\t\t<section class=\"elementor-section elementor-top-section elementor-element elementor-element-93ab3ba elementor-section-boxed elementor-section-height-default elementor-section-height-default\" data-id=\"93ab3ba\" data-element_type=\"section\" data-e-type=\"section\">\n\t\t\t\t\t\t<div class=\"elementor-container elementor-column-gap-default\">\n\t\t\t\t\t<div class=\"elementor-column elementor-col-100 elementor-top-column elementor-element elementor-element-c4ce27d\" data-id=\"c4ce27d\" data-element_type=\"column\" data-e-type=\"column\">\n\t\t\t<div class=\"elementor-widget-wrap elementor-element-populated\">\n\t\t\t\t\t\t<div class=\"elementor-element elementor-element-18dfabb elementor-widget elementor-widget-text-editor\" data-id=\"18dfabb\" data-element_type=\"widget\" data-e-type=\"widget\" data-widget_type=\"text-editor.default\">\n\t\t\t\t<div class=\"elementor-widget-container\">\n\t\t\t\t\t\t\t\t\t<p><span data-contrast=\"none\">No hay evoluci\u00f3n sin transformaci\u00f3n, y esto lo hemos podido ver a lo largo de la historia de la humanidad. Para poder entender el punto en el que nos encontramos tras la disrupci\u00f3n de la transformaci\u00f3n digital actual debemos hacer una <strong>retrospecci\u00f3n y ver los avances m\u00e1s destacados<\/strong> que nos han llevado hasta ahora.\u00a0<\/span><span data-ccp-props=\"{\">\u00a0<\/span><\/p><p><span data-contrast=\"none\">Para ello, debemos remontarnos a los <strong>a\u00f1os 80 cuando la inform\u00e1tica que exist\u00eda era corporativa<\/strong> y los ordenadores eran aparatos de enormes dimensiones <strong>al alcance de muy pocas personas<\/strong> y grandes organizaciones.\u00a0<\/span><span data-ccp-props=\"{\">\u00a0<\/span><\/p><p><span data-contrast=\"none\">En la d\u00e9cada de los <strong>90 aparecieron los ordenadores personales<\/strong> y esto supuso el cambio de la inform\u00e1tica centralizada y controlada a la individualizada. Al no existir todav\u00eda internet la informaci\u00f3n no se compart\u00eda como sucede ahora, por lo que los usuarios ten\u00edan mayor privacidad. <strong>A partir de 2000 la sociedad vive una gran revoluci\u00f3n con la aparici\u00f3n de internet<\/strong>, la hiperconectividad y la globalizaci\u00f3n y <strong>en 2010 se deslocaliz\u00f3 internet con la entrada de los smartphones.<\/strong>\u00a0<\/span><\/p><p><span data-contrast=\"none\"><img decoding=\"async\" src=\"https:\/\/blog.euncet.com\/wp-content\/uploads\/2022\/06\/De-la-transformacion-digital-al-cambio-social.png\" alt=\"De-la-transformaci\u00f3n-digital-al-cambio-social\" width=\"750\" height=\"300\" \/><\/span><\/p><p><span data-contrast=\"none\">\u00a0<\/span><span style=\"color: #000000; font-family: var( --e-global-typography-primary-font-family ), Sans-serif; font-size: 38px;\">De la transformaci\u00f3n digital al cambio social <\/span><\/p><p><span data-contrast=\"none\">As\u00ed pues, en 40 a\u00f1os la tecnolog\u00eda ha evolucionado y cambiado hasta desplegarse en diferentes modelos de negocio. El\u00a0<span style=\"font-weight: bold; line-height: 22.5px;\">3G<\/span>\u00a0nos permiti\u00f3 contestar correos electr\u00f3nicos (Gmail), el\u00a0<span style=\"font-weight: bold; line-height: 22.5px;\">4G<\/span>\u00a0ver pel\u00edculas desde el m\u00f3vil (Netflix, Amazon) y el\u00a0<span style=\"font-weight: bold; line-height: 22.5px;\">5G<\/span>\u00a0interconectar diferentes dispositivos entre s\u00ed como son los ordenadores, m\u00f3viles, electrodom\u00e9sticos inteligentes&#8230;<\/span><span data-ccp-props=\"{\">\u00a0<\/span><\/p><p><span data-contrast=\"none\">Antes hab\u00eda un peque\u00f1o volumen de informaci\u00f3n que generaba un cierto n\u00famero de actores, ahora la realidad es bien distinta ya que esta\u00a0<span style=\"font-weight: bold; line-height: 22.5px;\">informaci\u00f3n se ha masificado<\/span>. Antes la informaci\u00f3n era generada por las empresas, despu\u00e9s pas\u00f3 a por las personas y ahora la generan las \u201ccosas\u201d.\u00a0 Esto obliga a replantear la situaci\u00f3n y\u00a0<span style=\"font-weight: bold; line-height: 22.5px;\">reconsiderar nuestra relaci\u00f3n con la informaci\u00f3n<\/span>, es decir, nuestra relaci\u00f3n con el poder. \u00bfQu\u00e9 implica esto?\u00a0 Modificar nuestra relaci\u00f3n con la informaci\u00f3n es redise\u00f1ar el modelo social que nos mantiene juntos, por eso se<span style=\"font-weight: bold; line-height: 22.5px;\">\u00a0habla de cambio social<\/span>, y no solo de cambio de modelo de negocio o modelo productivo.<\/span><span data-ccp-props=\"{\">\u00a0<\/span><\/p><p><img decoding=\"async\" src=\"https:\/\/blog.euncet.com\/wp-content\/uploads\/2022\/06\/Big-Data-o-como-personalizar-los-servicios-a-traves-de-los-datos.png\" alt=\"\" width=\"750\" height=\"300\" \/><\/p><h2 contenteditable=\"true\" data-elementor-setting-key=\"title\" data-pen-placeholder=\"Teclea aqu\u00ed...\"><span class=\"ez-toc-section\" id=\"Big_Data_o_como_personalizar_los_servicios_a_traves_de_los_datos\"><\/span>Big Data, o como personalizar los servicios a trav\u00e9s de los datos<span class=\"ez-toc-section-end\"><\/span><\/h2><p><span data-contrast=\"none\">En los inicios de Internet, las empresas se vieron obligadas a mejorar y gestionar sus procesos. A <strong>nivel social<\/strong>, la <strong>preocupaci\u00f3n se centraba en tener acceso<\/strong>, despu\u00e9s fue la participaci\u00f3n, por lo que<strong> se foment\u00f3 la interacci\u00f3n mediante plataformas que permitieran a los usuarios tener su espacio para dar sus opiniones<\/strong> (Twitter, Tuenti, rese\u00f1as&#8230;). En la actualidad, la privacidad de toda la informaci\u00f3n recopilada est\u00e1 siendo uno de los temas por los que la sociedad est\u00e1 m\u00e1s sensibilizada. Esto es conocido como el <strong>Internet de las opiniones y ha cambiado la comunicaci\u00f3n, la prensa, la pol\u00edtica y el turismo.\u00a0<\/strong><\/span><strong>\u00a0<\/strong><\/p><p><span data-contrast=\"none\"><strong>Con el Internet de las cosas (IoT) las opiniones han dejado de ser relevantes y ahora lo que prima son los datos<\/strong>. Es m\u00e1s f\u00e1cil gestionar este tipo de informaci\u00f3n para los dispositivos y empresas. Esto se ha convertido en uno de los <strong>objetivos futuros de las marcas: ofrecer servicios personalizados<\/strong> basados en datos. Aunque sea la tendencia que viene, la realidad es que <strong>a\u00fan falta crear un marco legislativo, as\u00ed como cambiar el pensamiento de la sociedad<\/strong>. Las empresas quieren servicios proactivos masivamente personalizados basados en datos en tiempo real. As\u00ed pues, vemos un <strong>cambio en el paradigma de las empresas, las cuales han pasado de basar su estrategia en la relaci\u00f3n con el canal a los datos.\u00a0<\/strong><\/span><strong>\u00a0<\/strong><\/p><p><span data-contrast=\"none\">Ahora el gran reto para cualquier empresa ya no es tanto el trato con la tecnolog\u00eda, sino <strong>c\u00f3mo la utilizan para adaptar sus modelos a los nuevos ecosistemas y demandas sociales.\u00a0<\/strong><\/span><strong>\u00a0<\/strong><\/p><p><span class=\"TextRun SCXW251118377 BCX0\" lang=\"ES-ES\" xml:lang=\"ES-ES\" data-contrast=\"none\"><span class=\"NormalTextRun SCXW251118377 BCX0\"><strong>Te puede interesar:<\/strong> <\/span><\/span><a class=\"Hyperlink SCXW251118377 BCX0\" href=\"http:\/\/devmarketersgroup.es\/euncet\/marc-vidal-el-metaverso-todavia-no-existe-lo-que-tenemos-son-mundos-virtuales-desconectados-entre-ellos\/\" target=\"_blank\" rel=\"noreferrer noopener\"><span class=\"TextRun Underlined SCXW251118377 BCX0\" lang=\"ES-ES\" xml:lang=\"ES-ES\" data-contrast=\"none\"><span class=\"NormalTextRun SCXW251118377 BCX0\" data-ccp-charstyle=\"Hyperlink\">Marc Vidal: \u201cEl metaverso todav\u00eda no existe, lo que tenemos son mundos virtuales desconectados entre ellos\u201d<\/span><\/span><\/a><span class=\"EOP SCXW251118377 BCX0\" data-ccp-props=\"{\">\u00a0<\/span><\/p><p><span class=\"EOP SCXW251118377 BCX0\" data-ccp-props=\"{\"><img loading=\"lazy\" decoding=\"async\" class=\"alignleft size-full wp-image-53658\" src=\"https:\/\/blog.euncet.com\/wp-content\/uploads\/2022\/06\/Los-retos-que-deben-afrontar-las-empresas.png\" alt=\"\" width=\"750\" height=\"300\" srcset=\"https:\/\/www.euncet.com\/blog\/wp-content\/uploads\/2022\/06\/Los-retos-que-deben-afrontar-las-empresas.png 750w, https:\/\/www.euncet.com\/blog\/wp-content\/uploads\/2022\/06\/Los-retos-que-deben-afrontar-las-empresas-300x120.png 300w, https:\/\/www.euncet.com\/blog\/wp-content\/uploads\/2022\/06\/Los-retos-que-deben-afrontar-las-empresas-80x32.png 80w\" sizes=\"(max-width: 750px) 100vw, 750px\" \/><\/span><\/p><h3><span class=\"ez-toc-section\" id=\"Los_retos_que_deben_afrontar_las_empresas\"><\/span>Los retos que deben afrontar las empresas\u00a0<span class=\"ez-toc-section-end\"><\/span><\/h3><p><span data-contrast=\"none\">A continuaci\u00f3n, te mostramos algunos de los principales retos que deben afrontar las empresas si quieren liderar la transformaci\u00f3n digital:<\/span><span data-ccp-props=\"{\">\u00a0<\/span><\/p><ul><li><span data-contrast=\"none\">Ofrecer servicios antes que productos.<\/span><span data-ccp-props=\"{\">\u00a0<\/span><\/li><li>Gestionar y concentrar grandes vol\u00famenes de informaci\u00f3n de manera personalizada.\u00a0<\/li><li><span data-contrast=\"none\">Optimizar procesos escalables.<\/span><span data-ccp-props=\"{\">\u00a0<\/span><\/li><li data-leveltext=\"\uf0b7\" data-font=\"Symbol\" data-listid=\"1\" data-list-defn-props=\"{\" aria-setsize=\"-1\" data-aria-posinset=\"4\" data-aria-level=\"1\"><span data-contrast=\"none\">Aceptar los cambios disruptivos.<\/span><span data-ccp-props=\"{\">\u00a0<\/span><\/li><li data-leveltext=\"\uf0b7\" data-font=\"Symbol\" data-listid=\"1\" data-list-defn-props=\"{\" aria-setsize=\"-1\" data-aria-posinset=\"4\" data-aria-level=\"1\"><span data-contrast=\"none\">Gesti\u00f3n del cliente final.<\/span><span data-ccp-props=\"{\">\u00a0<\/span><\/li><li data-leveltext=\"\uf0b7\" data-font=\"Symbol\" data-listid=\"1\" data-list-defn-props=\"{\" aria-setsize=\"-1\" data-aria-posinset=\"4\" data-aria-level=\"1\"><span data-contrast=\"none\">Reformulaci\u00f3n de la ingenier\u00eda de procesos, dise\u00f1o de productos y de los modelos de negocio y organizativos.\u00a0<\/span><span data-ccp-props=\"{\">\u00a0<\/span><\/li><li data-leveltext=\"\uf0b7\" data-font=\"Symbol\" data-listid=\"1\" data-list-defn-props=\"{\" aria-setsize=\"-1\" data-aria-posinset=\"4\" data-aria-level=\"1\"><span data-contrast=\"none\">Cambio cultural.<\/span><\/li><\/ul><p><img loading=\"lazy\" decoding=\"async\" class=\"alignleft size-full wp-image-53661\" src=\"https:\/\/blog.euncet.com\/wp-content\/uploads\/2022\/06\/NFT-y-blockchain-reformulando-la-propiedad-intelectual-y-privada.png\" alt=\"NFT-y-blockchain-reformulando-la-propiedad-intelectual-y-privada\" width=\"750\" height=\"300\" srcset=\"https:\/\/www.euncet.com\/blog\/wp-content\/uploads\/2022\/06\/NFT-y-blockchain-reformulando-la-propiedad-intelectual-y-privada.png 750w, https:\/\/www.euncet.com\/blog\/wp-content\/uploads\/2022\/06\/NFT-y-blockchain-reformulando-la-propiedad-intelectual-y-privada-300x120.png 300w, https:\/\/www.euncet.com\/blog\/wp-content\/uploads\/2022\/06\/NFT-y-blockchain-reformulando-la-propiedad-intelectual-y-privada-80x32.png 80w\" sizes=\"(max-width: 750px) 100vw, 750px\" \/><\/p><h2><span class=\"ez-toc-section\" id=\"NFT_y_blockchain_reformulando_la_propiedad_intelectual_y_privada_%E2%80%8B\"><\/span>NFT y blockchain, reformulando la propiedad intelectual y privada \u200b<span class=\"ez-toc-section-end\"><\/span><\/h2><p><span data-contrast=\"none\">El blockchain, los NFT, la realidad virtual y la realidad aumentada <strong>modificar\u00e1n nuestro concepto de gesti\u00f3n de la propiedad privada<\/strong>. Estas propiedades las desarrollamos con una <strong>arquitectura social<\/strong> como son los contratos de compraventa, los registros de la propiedad\u2026 <strong>Con la aparici\u00f3n de los intangibles digitales (NFT) este contexto cambia y obliga a revisar toda esta arquitectura social.\u00a0<\/strong><\/span><strong>\u00a0<\/strong><\/p><p aria-level=\"1\"><b><span data-contrast=\"none\">Te puede interesar: <\/span><\/b><a href=\"http:\/\/devmarketersgroup.es\/euncet\/que-es-un-nft\/\" target=\"_blank\" rel=\"noopener\"><span data-contrast=\"none\">\u00bfQu\u00e9 es un NFT?<\/span><\/a><span data-ccp-props=\"{\">\u00a0<\/span><\/p><p><span data-contrast=\"none\">Un ejemplo comparativo para entender su complejidad la encontramos en las matr\u00edculas de los coches, las cuales permiten identificar al propietario, y las obras de arte tokenizadas, es decir, convertidas en NFT. Estos <strong>bienes digitales intangibles son la soluci\u00f3n para ofrecer garant\u00eda de estas propiedades virtuales mediante la tecnolog\u00eda blockchain.\u00a0<\/strong><\/span><\/p><p><img loading=\"lazy\" decoding=\"async\" class=\"alignleft size-full wp-image-53664\" src=\"https:\/\/blog.euncet.com\/wp-content\/uploads\/2022\/06\/3-aspectos-clave-para-entender-la-transformacion-digital.png\" alt=\"3-aspectos-clave-para-entender-la-transformaci\u00f3n-digital\" width=\"750\" height=\"300\" srcset=\"https:\/\/www.euncet.com\/blog\/wp-content\/uploads\/2022\/06\/3-aspectos-clave-para-entender-la-transformacion-digital.png 750w, https:\/\/www.euncet.com\/blog\/wp-content\/uploads\/2022\/06\/3-aspectos-clave-para-entender-la-transformacion-digital-300x120.png 300w, https:\/\/www.euncet.com\/blog\/wp-content\/uploads\/2022\/06\/3-aspectos-clave-para-entender-la-transformacion-digital-80x32.png 80w\" sizes=\"(max-width: 750px) 100vw, 750px\" \/><\/p><h2><span class=\"ez-toc-section\" id=\"3_aspectos_clave_para_entender_la_transformacion_digital_%E2%80%8B\"><\/span>3 aspectos clave para entender la transformaci\u00f3n digital \u200b<span class=\"ez-toc-section-end\"><\/span><\/h2><ol><li data-leveltext=\"%1.\" data-font=\"Calibri\" data-listid=\"2\" data-list-defn-props=\"{\" aria-setsize=\"-1\" data-aria-posinset=\"1\" data-aria-level=\"1\"><b><span data-contrast=\"none\">Tama\u00f1o. <\/span><\/b><span data-contrast=\"none\">Es importante ser consciente que para que los algoritmos sean rentables estos necesitan vol\u00famenes de informaci\u00f3n, y sin estos las empresas no pueden ofrecer servicios escalables.\u00a0<\/span><span data-ccp-props=\"{\">\u00a0<\/span><\/li><li data-leveltext=\"%1.\" data-font=\"Calibri\" data-listid=\"2\" data-list-defn-props=\"{\" aria-setsize=\"-1\" data-aria-posinset=\"1\" data-aria-level=\"1\"><b><span data-contrast=\"none\">Velocidad. <\/span><\/b><span data-contrast=\"none\">Los modelos de trabajo est\u00e1n evolucionando de procesos a proyectos y a la gesti\u00f3n de prototipos.\u00a0<\/span><span data-ccp-props=\"{\">\u00a0<\/span><\/li><li data-leveltext=\"%1.\" data-font=\"Calibri\" data-listid=\"2\" data-list-defn-props=\"{\" aria-setsize=\"-1\" data-aria-posinset=\"1\" data-aria-level=\"1\"><b><span data-contrast=\"none\">Confianza. <\/span><\/b><span data-contrast=\"none\">Se ha convertido en un atributo fundamental para la sociedad. A la tecnolog\u00eda ya no se le exige fiabilidad, sino confianza y el foco ha pasado de estar en los procesos a las relaciones.\u00a0<\/span><span data-ccp-props=\"{\">\u00a0<\/span><\/li><\/ol><p><span data-contrast=\"none\">Si quieres saber m\u00e1s sobre c\u00f3mo hacer que tu empresa aborde este reto con \u00e9xito convirti\u00e9ndose en referente del cambio inf\u00f3rmate sobre el <\/span><b><span data-contrast=\"none\">Global Executive Master in Management &amp; Leadership de Euncet Business School a <\/span><\/b><a href=\"mailto:executive@euncet.es\" target=\"_blank\" rel=\"noopener\"><b><span data-contrast=\"none\">executive@euncet.com<\/span><\/b><\/a><b><span data-contrast=\"none\">.<\/span><\/b><span data-ccp-props=\"{\">\u00a0<\/span><\/p>\t\t\t\t\t\t\t\t<\/div>\n\t\t\t\t<\/div>\n\t\t\t\t\t<\/div>\n\t\t<\/div>\n\t\t\t\t\t<\/div>\n\t\t<\/section>\n\t\t\t\t<\/div>\n\t\t","protected":false},"excerpt":{"rendered":"<p>La transformaci\u00f3n digital ha supuesto grandes avances para la sociedad, pero tambi\u00e9n un gran reto para las organizaciones y los negocios en las \u00faltimas d\u00e9cadas. El ecosistema digital evoluciona a pasos agigantados y cada vez es m\u00e1s importante para la competitividad de las empresas saber c\u00f3mo gestionar e implementar estas innovaciones. \u2018Webs, redes sociales, Big [&hellip;]<\/p>\n","protected":false},"author":28,"featured_media":53671,"comment_status":"closed","ping_status":"closed","sticky":false,"template":"","format":"standard","meta":{"_acf_changed":false,"footnotes":""},"categories":[295],"tags":[],"class_list":["post-53642","post","type-post","status-publish","format-standard","has-post-thumbnail","hentry","category-innovacion-y-tecnologia"],"acf":[],"yoast_head":"<!-- This site is optimized with the Yoast SEO plugin v27.5 - https:\/\/yoast.com\/product\/yoast-seo-wordpress\/ -->\n<title>La tecnolog\u00eda: transformaci\u00f3n estructural de la sociedad | Blog Euncet<\/title>\n<meta name=\"description\" content=\"Gen\u00eds Roca ahonda sobre el impacto de la transformaci\u00f3n digital en el ecosistema empresarial en una ponencia organizada con Euncet.\" \/>\n<meta name=\"robots\" content=\"index, follow, max-snippet:-1, max-image-preview:large, max-video-preview:-1\" \/>\n<link rel=\"canonical\" href=\"https:\/\/www.euncet.com\/blog\/es\/la-tecnologia-como-transformacion-estructural-de-la-sociedad\/\" \/>\n<meta property=\"og:locale\" content=\"es_ES\" \/>\n<meta property=\"og:type\" content=\"article\" \/>\n<meta property=\"og:title\" content=\"La tecnolog\u00eda: transformaci\u00f3n estructural de la sociedad | Blog Euncet\" \/>\n<meta property=\"og:description\" content=\"Gen\u00eds Roca ahonda sobre el impacto de la transformaci\u00f3n digital en el ecosistema empresarial en una ponencia organizada con Euncet.\" \/>\n<meta property=\"og:url\" content=\"https:\/\/www.euncet.com\/blog\/es\/la-tecnologia-como-transformacion-estructural-de-la-sociedad\/\" \/>\n<meta property=\"og:site_name\" content=\"Euncet Business School\" \/>\n<meta property=\"article:publisher\" content=\"https:\/\/www.facebook.com\/euncet\" \/>\n<meta property=\"article:published_time\" content=\"2022-06-07T09:59:28+00:00\" \/>\n<meta property=\"article:modified_time\" content=\"2023-06-09T13:25:40+00:00\" \/>\n<meta property=\"og:image\" content=\"https:\/\/www.euncet.com\/blog\/wp-content\/uploads\/2022\/06\/La-tecnologia-como-transformacion-estructural-de-la-sociedad.png\" \/>\n\t<meta property=\"og:image:width\" content=\"560\" \/>\n\t<meta property=\"og:image:height\" content=\"416\" \/>\n\t<meta property=\"og:image:type\" content=\"image\/png\" \/>\n<meta name=\"author\" content=\"euncet\" \/>\n<meta name=\"twitter:card\" content=\"summary_large_image\" \/>\n<meta name=\"twitter:creator\" content=\"@euncet\" \/>\n<meta name=\"twitter:site\" content=\"@euncet\" \/>\n<meta name=\"twitter:label1\" content=\"Escrito por\" \/>\n\t<meta name=\"twitter:data1\" content=\"euncet\" \/>\n\t<meta name=\"twitter:label2\" content=\"Tiempo de lectura\" \/>\n\t<meta name=\"twitter:data2\" content=\"6 minutos\" \/>\n<script type=\"application\/ld+json\" class=\"yoast-schema-graph\">{\"@context\":\"https:\\\/\\\/schema.org\",\"@graph\":[{\"@type\":\"Article\",\"@id\":\"https:\\\/\\\/www.euncet.com\\\/blog\\\/es\\\/la-tecnologia-como-transformacion-estructural-de-la-sociedad\\\/#article\",\"isPartOf\":{\"@id\":\"https:\\\/\\\/www.euncet.com\\\/blog\\\/es\\\/la-tecnologia-como-transformacion-estructural-de-la-sociedad\\\/\"},\"author\":{\"name\":\"euncet\",\"@id\":\"https:\\\/\\\/www.euncet.com\\\/blog\\\/es\\\/#\\\/schema\\\/person\\\/8253e592273eb1f7a48788902ca03268\"},\"headline\":\"La tecnolog\u00eda como transformaci\u00f3n estructural de la sociedad\",\"datePublished\":\"2022-06-07T09:59:28+00:00\",\"dateModified\":\"2023-06-09T13:25:40+00:00\",\"mainEntityOfPage\":{\"@id\":\"https:\\\/\\\/www.euncet.com\\\/blog\\\/es\\\/la-tecnologia-como-transformacion-estructural-de-la-sociedad\\\/\"},\"wordCount\":1181,\"image\":{\"@id\":\"https:\\\/\\\/www.euncet.com\\\/blog\\\/es\\\/la-tecnologia-como-transformacion-estructural-de-la-sociedad\\\/#primaryimage\"},\"thumbnailUrl\":\"https:\\\/\\\/www.euncet.com\\\/blog\\\/wp-content\\\/uploads\\\/2022\\\/06\\\/La-tecnologia-como-transformacion-estructural-de-la-sociedad.png\",\"articleSection\":[\"Innovaci\u00f3n y Tecnolog\u00eda\"],\"inLanguage\":\"es\"},{\"@type\":\"WebPage\",\"@id\":\"https:\\\/\\\/www.euncet.com\\\/blog\\\/es\\\/la-tecnologia-como-transformacion-estructural-de-la-sociedad\\\/\",\"url\":\"https:\\\/\\\/www.euncet.com\\\/blog\\\/es\\\/la-tecnologia-como-transformacion-estructural-de-la-sociedad\\\/\",\"name\":\"La tecnolog\u00eda: transformaci\u00f3n estructural de la sociedad | Blog Euncet\",\"isPartOf\":{\"@id\":\"https:\\\/\\\/www.euncet.com\\\/blog\\\/es\\\/#website\"},\"primaryImageOfPage\":{\"@id\":\"https:\\\/\\\/www.euncet.com\\\/blog\\\/es\\\/la-tecnologia-como-transformacion-estructural-de-la-sociedad\\\/#primaryimage\"},\"image\":{\"@id\":\"https:\\\/\\\/www.euncet.com\\\/blog\\\/es\\\/la-tecnologia-como-transformacion-estructural-de-la-sociedad\\\/#primaryimage\"},\"thumbnailUrl\":\"https:\\\/\\\/www.euncet.com\\\/blog\\\/wp-content\\\/uploads\\\/2022\\\/06\\\/La-tecnologia-como-transformacion-estructural-de-la-sociedad.png\",\"datePublished\":\"2022-06-07T09:59:28+00:00\",\"dateModified\":\"2023-06-09T13:25:40+00:00\",\"author\":{\"@id\":\"https:\\\/\\\/www.euncet.com\\\/blog\\\/es\\\/#\\\/schema\\\/person\\\/8253e592273eb1f7a48788902ca03268\"},\"description\":\"Gen\u00eds Roca ahonda sobre el impacto de la transformaci\u00f3n digital en el ecosistema empresarial en una ponencia organizada con Euncet.\",\"breadcrumb\":{\"@id\":\"https:\\\/\\\/www.euncet.com\\\/blog\\\/es\\\/la-tecnologia-como-transformacion-estructural-de-la-sociedad\\\/#breadcrumb\"},\"inLanguage\":\"es\",\"potentialAction\":[{\"@type\":\"ReadAction\",\"target\":[\"https:\\\/\\\/www.euncet.com\\\/blog\\\/es\\\/la-tecnologia-como-transformacion-estructural-de-la-sociedad\\\/\"]}]},{\"@type\":\"ImageObject\",\"inLanguage\":\"es\",\"@id\":\"https:\\\/\\\/www.euncet.com\\\/blog\\\/es\\\/la-tecnologia-como-transformacion-estructural-de-la-sociedad\\\/#primaryimage\",\"url\":\"https:\\\/\\\/www.euncet.com\\\/blog\\\/wp-content\\\/uploads\\\/2022\\\/06\\\/La-tecnologia-como-transformacion-estructural-de-la-sociedad.png\",\"contentUrl\":\"https:\\\/\\\/www.euncet.com\\\/blog\\\/wp-content\\\/uploads\\\/2022\\\/06\\\/La-tecnologia-como-transformacion-estructural-de-la-sociedad.png\",\"width\":560,\"height\":416},{\"@type\":\"BreadcrumbList\",\"@id\":\"https:\\\/\\\/www.euncet.com\\\/blog\\\/es\\\/la-tecnologia-como-transformacion-estructural-de-la-sociedad\\\/#breadcrumb\",\"itemListElement\":[{\"@type\":\"ListItem\",\"position\":1,\"name\":\"Portada\",\"item\":\"https:\\\/\\\/www.euncet.com\\\/blog\\\/es\\\/\"},{\"@type\":\"ListItem\",\"position\":2,\"name\":\"La tecnolog\u00eda como transformaci\u00f3n estructural de la sociedad\"}]},{\"@type\":\"WebSite\",\"@id\":\"https:\\\/\\\/www.euncet.com\\\/blog\\\/es\\\/#website\",\"url\":\"https:\\\/\\\/www.euncet.com\\\/blog\\\/es\\\/\",\"name\":\"Euncet Business School\",\"description\":\"Escuela de negocios\",\"potentialAction\":[{\"@type\":\"SearchAction\",\"target\":{\"@type\":\"EntryPoint\",\"urlTemplate\":\"https:\\\/\\\/www.euncet.com\\\/blog\\\/es\\\/?s={search_term_string}\"},\"query-input\":{\"@type\":\"PropertyValueSpecification\",\"valueRequired\":true,\"valueName\":\"search_term_string\"}}],\"inLanguage\":\"es\"},{\"@type\":\"Person\",\"@id\":\"https:\\\/\\\/www.euncet.com\\\/blog\\\/es\\\/#\\\/schema\\\/person\\\/8253e592273eb1f7a48788902ca03268\",\"name\":\"euncet\",\"image\":{\"@type\":\"ImageObject\",\"inLanguage\":\"es\",\"@id\":\"https:\\\/\\\/secure.gravatar.com\\\/avatar\\\/ee2ce5f049e82b74bcc6b8db4c5e9c717e35544f3cde91d14a3daa9827fe21f0?s=96&d=mm&r=g\",\"url\":\"https:\\\/\\\/secure.gravatar.com\\\/avatar\\\/ee2ce5f049e82b74bcc6b8db4c5e9c717e35544f3cde91d14a3daa9827fe21f0?s=96&d=mm&r=g\",\"contentUrl\":\"https:\\\/\\\/secure.gravatar.com\\\/avatar\\\/ee2ce5f049e82b74bcc6b8db4c5e9c717e35544f3cde91d14a3daa9827fe21f0?s=96&d=mm&r=g\",\"caption\":\"euncet\"},\"url\":\"https:\\\/\\\/www.euncet.com\\\/blog\\\/es\\\/author\\\/euncet\\\/\"}]}<\/script>\n<!-- \/ Yoast SEO plugin. -->","yoast_head_json":{"title":"La tecnolog\u00eda: transformaci\u00f3n estructural de la sociedad | Blog Euncet","description":"Gen\u00eds Roca ahonda sobre el impacto de la transformaci\u00f3n digital en el ecosistema empresarial en una ponencia organizada con Euncet.","robots":{"index":"index","follow":"follow","max-snippet":"max-snippet:-1","max-image-preview":"max-image-preview:large","max-video-preview":"max-video-preview:-1"},"canonical":"https:\/\/www.euncet.com\/blog\/es\/la-tecnologia-como-transformacion-estructural-de-la-sociedad\/","og_locale":"es_ES","og_type":"article","og_title":"La tecnolog\u00eda: transformaci\u00f3n estructural de la sociedad | Blog Euncet","og_description":"Gen\u00eds Roca ahonda sobre el impacto de la transformaci\u00f3n digital en el ecosistema empresarial en una ponencia organizada con Euncet.","og_url":"https:\/\/www.euncet.com\/blog\/es\/la-tecnologia-como-transformacion-estructural-de-la-sociedad\/","og_site_name":"Euncet Business School","article_publisher":"https:\/\/www.facebook.com\/euncet","article_published_time":"2022-06-07T09:59:28+00:00","article_modified_time":"2023-06-09T13:25:40+00:00","og_image":[{"width":560,"height":416,"url":"https:\/\/www.euncet.com\/blog\/wp-content\/uploads\/2022\/06\/La-tecnologia-como-transformacion-estructural-de-la-sociedad.png","type":"image\/png"}],"author":"euncet","twitter_card":"summary_large_image","twitter_creator":"@euncet","twitter_site":"@euncet","twitter_misc":{"Escrito por":"euncet","Tiempo de lectura":"6 minutos"},"schema":{"@context":"https:\/\/schema.org","@graph":[{"@type":"Article","@id":"https:\/\/www.euncet.com\/blog\/es\/la-tecnologia-como-transformacion-estructural-de-la-sociedad\/#article","isPartOf":{"@id":"https:\/\/www.euncet.com\/blog\/es\/la-tecnologia-como-transformacion-estructural-de-la-sociedad\/"},"author":{"name":"euncet","@id":"https:\/\/www.euncet.com\/blog\/es\/#\/schema\/person\/8253e592273eb1f7a48788902ca03268"},"headline":"La tecnolog\u00eda como transformaci\u00f3n estructural de la sociedad","datePublished":"2022-06-07T09:59:28+00:00","dateModified":"2023-06-09T13:25:40+00:00","mainEntityOfPage":{"@id":"https:\/\/www.euncet.com\/blog\/es\/la-tecnologia-como-transformacion-estructural-de-la-sociedad\/"},"wordCount":1181,"image":{"@id":"https:\/\/www.euncet.com\/blog\/es\/la-tecnologia-como-transformacion-estructural-de-la-sociedad\/#primaryimage"},"thumbnailUrl":"https:\/\/www.euncet.com\/blog\/wp-content\/uploads\/2022\/06\/La-tecnologia-como-transformacion-estructural-de-la-sociedad.png","articleSection":["Innovaci\u00f3n y Tecnolog\u00eda"],"inLanguage":"es"},{"@type":"WebPage","@id":"https:\/\/www.euncet.com\/blog\/es\/la-tecnologia-como-transformacion-estructural-de-la-sociedad\/","url":"https:\/\/www.euncet.com\/blog\/es\/la-tecnologia-como-transformacion-estructural-de-la-sociedad\/","name":"La tecnolog\u00eda: transformaci\u00f3n estructural de la sociedad | Blog Euncet","isPartOf":{"@id":"https:\/\/www.euncet.com\/blog\/es\/#website"},"primaryImageOfPage":{"@id":"https:\/\/www.euncet.com\/blog\/es\/la-tecnologia-como-transformacion-estructural-de-la-sociedad\/#primaryimage"},"image":{"@id":"https:\/\/www.euncet.com\/blog\/es\/la-tecnologia-como-transformacion-estructural-de-la-sociedad\/#primaryimage"},"thumbnailUrl":"https:\/\/www.euncet.com\/blog\/wp-content\/uploads\/2022\/06\/La-tecnologia-como-transformacion-estructural-de-la-sociedad.png","datePublished":"2022-06-07T09:59:28+00:00","dateModified":"2023-06-09T13:25:40+00:00","author":{"@id":"https:\/\/www.euncet.com\/blog\/es\/#\/schema\/person\/8253e592273eb1f7a48788902ca03268"},"description":"Gen\u00eds Roca ahonda sobre el impacto de la transformaci\u00f3n digital en el ecosistema empresarial en una ponencia organizada con Euncet.","breadcrumb":{"@id":"https:\/\/www.euncet.com\/blog\/es\/la-tecnologia-como-transformacion-estructural-de-la-sociedad\/#breadcrumb"},"inLanguage":"es","potentialAction":[{"@type":"ReadAction","target":["https:\/\/www.euncet.com\/blog\/es\/la-tecnologia-como-transformacion-estructural-de-la-sociedad\/"]}]},{"@type":"ImageObject","inLanguage":"es","@id":"https:\/\/www.euncet.com\/blog\/es\/la-tecnologia-como-transformacion-estructural-de-la-sociedad\/#primaryimage","url":"https:\/\/www.euncet.com\/blog\/wp-content\/uploads\/2022\/06\/La-tecnologia-como-transformacion-estructural-de-la-sociedad.png","contentUrl":"https:\/\/www.euncet.com\/blog\/wp-content\/uploads\/2022\/06\/La-tecnologia-como-transformacion-estructural-de-la-sociedad.png","width":560,"height":416},{"@type":"BreadcrumbList","@id":"https:\/\/www.euncet.com\/blog\/es\/la-tecnologia-como-transformacion-estructural-de-la-sociedad\/#breadcrumb","itemListElement":[{"@type":"ListItem","position":1,"name":"Portada","item":"https:\/\/www.euncet.com\/blog\/es\/"},{"@type":"ListItem","position":2,"name":"La tecnolog\u00eda como transformaci\u00f3n estructural de la sociedad"}]},{"@type":"WebSite","@id":"https:\/\/www.euncet.com\/blog\/es\/#website","url":"https:\/\/www.euncet.com\/blog\/es\/","name":"Euncet Business School","description":"Escuela de negocios","potentialAction":[{"@type":"SearchAction","target":{"@type":"EntryPoint","urlTemplate":"https:\/\/www.euncet.com\/blog\/es\/?s={search_term_string}"},"query-input":{"@type":"PropertyValueSpecification","valueRequired":true,"valueName":"search_term_string"}}],"inLanguage":"es"},{"@type":"Person","@id":"https:\/\/www.euncet.com\/blog\/es\/#\/schema\/person\/8253e592273eb1f7a48788902ca03268","name":"euncet","image":{"@type":"ImageObject","inLanguage":"es","@id":"https:\/\/secure.gravatar.com\/avatar\/ee2ce5f049e82b74bcc6b8db4c5e9c717e35544f3cde91d14a3daa9827fe21f0?s=96&d=mm&r=g","url":"https:\/\/secure.gravatar.com\/avatar\/ee2ce5f049e82b74bcc6b8db4c5e9c717e35544f3cde91d14a3daa9827fe21f0?s=96&d=mm&r=g","contentUrl":"https:\/\/secure.gravatar.com\/avatar\/ee2ce5f049e82b74bcc6b8db4c5e9c717e35544f3cde91d14a3daa9827fe21f0?s=96&d=mm&r=g","caption":"euncet"},"url":"https:\/\/www.euncet.com\/blog\/es\/author\/euncet\/"}]}},"_links":{"self":[{"href":"https:\/\/www.euncet.com\/blog\/es\/wp-json\/wp\/v2\/posts\/53642","targetHints":{"allow":["GET"]}}],"collection":[{"href":"https:\/\/www.euncet.com\/blog\/es\/wp-json\/wp\/v2\/posts"}],"about":[{"href":"https:\/\/www.euncet.com\/blog\/es\/wp-json\/wp\/v2\/types\/post"}],"author":[{"embeddable":true,"href":"https:\/\/www.euncet.com\/blog\/es\/wp-json\/wp\/v2\/users\/28"}],"replies":[{"embeddable":true,"href":"https:\/\/www.euncet.com\/blog\/es\/wp-json\/wp\/v2\/comments?post=53642"}],"version-history":[{"count":0,"href":"https:\/\/www.euncet.com\/blog\/es\/wp-json\/wp\/v2\/posts\/53642\/revisions"}],"wp:featuredmedia":[{"embeddable":true,"href":"https:\/\/www.euncet.com\/blog\/es\/wp-json\/wp\/v2\/media\/53671"}],"wp:attachment":[{"href":"https:\/\/www.euncet.com\/blog\/es\/wp-json\/wp\/v2\/media?parent=53642"}],"wp:term":[{"taxonomy":"category","embeddable":true,"href":"https:\/\/www.euncet.com\/blog\/es\/wp-json\/wp\/v2\/categories?post=53642"},{"taxonomy":"post_tag","embeddable":true,"href":"https:\/\/www.euncet.com\/blog\/es\/wp-json\/wp\/v2\/tags?post=53642"}],"curies":[{"name":"wp","href":"https:\/\/api.w.org\/{rel}","templated":true}]}}