{"id":64423,"date":"2024-11-22T18:00:11","date_gmt":"2024-11-22T17:00:11","guid":{"rendered":"https:\/\/blog.euncet.com\/?p=64423"},"modified":"2024-11-22T18:01:41","modified_gmt":"2024-11-22T17:01:41","slug":"doble-grado-empresa-marketing","status":"publish","type":"post","link":"https:\/\/www.euncet.com\/blog\/es\/doble-grado-empresa-marketing\/","title":{"rendered":"\u00bfC\u00f3mo es estudiar un Doble Grado en Empresa y Marketing? Entrevista a un alumno de Euncet"},"content":{"rendered":"\n<p>\u00bfEst\u00e1s interesado en el mundo de la <strong>empresa<\/strong> y el <strong>marketing<\/strong> y te planteas <strong>estudiar un doble grado<\/strong> universitario? En ese caso, es posible que se te pasen muchas dudas por la cabeza. \u00bfCu\u00e1ntos a\u00f1os dura una doble titulaci\u00f3n universitaria? \u00bfCu\u00e1l es la carga de trabajo que me espera? \u00bfUn doble grado implica el doble de <strong>oportunidades profesionales<\/strong>?&nbsp;<\/p><div id=\"ez-toc-container\" class=\"ez-toc-v2_0_82_2 counter-hierarchy ez-toc-counter ez-toc-custom ez-toc-container-direction\">\n<div class=\"ez-toc-title-container\">\n<p class=\"ez-toc-title\" style=\"cursor:inherit\">\u00cdNDICE DE CONTENIDOS<\/p>\n<span class=\"ez-toc-title-toggle\"><a href=\"#\" class=\"ez-toc-pull-right ez-toc-btn ez-toc-btn-xs ez-toc-btn-default ez-toc-toggle\" aria-label=\"Alternar tabla de contenidos\"><span class=\"ez-toc-js-icon-con\"><span class=\"\"><span class=\"eztoc-hide\" style=\"display:none;\">Toggle<\/span><span class=\"ez-toc-icon-toggle-span\"><svg style=\"fill: #222222;color:#222222\" xmlns=\"http:\/\/www.w3.org\/2000\/svg\" class=\"list-377408\" width=\"20px\" height=\"20px\" viewBox=\"0 0 24 24\" fill=\"none\"><path d=\"M6 6H4v2h2V6zm14 0H8v2h12V6zM4 11h2v2H4v-2zm16 0H8v2h12v-2zM4 16h2v2H4v-2zm16 0H8v2h12v-2z\" fill=\"currentColor\"><\/path><\/svg><svg style=\"fill: #222222;color:#222222\" class=\"arrow-unsorted-368013\" xmlns=\"http:\/\/www.w3.org\/2000\/svg\" width=\"10px\" height=\"10px\" viewBox=\"0 0 24 24\" version=\"1.2\" baseProfile=\"tiny\"><path d=\"M18.2 9.3l-6.2-6.3-6.2 6.3c-.2.2-.3.4-.3.7s.1.5.3.7c.2.2.4.3.7.3h11c.3 0 .5-.1.7-.3.2-.2.3-.5.3-.7s-.1-.5-.3-.7zM5.8 14.7l6.2 6.3 6.2-6.3c.2-.2.3-.5.3-.7s-.1-.5-.3-.7c-.2-.2-.4-.3-.7-.3h-11c-.3 0-.5.1-.7.3-.2.2-.3.5-.3.7s.1.5.3.7z\"\/><\/svg><\/span><\/span><\/span><\/a><\/span><\/div>\n<nav><ul class='ez-toc-list ez-toc-list-level-1 ' ><li class='ez-toc-page-1 ez-toc-heading-level-2'><a class=\"ez-toc-link ez-toc-heading-1\" href=\"https:\/\/www.euncet.com\/blog\/es\/doble-grado-empresa-marketing\/#Dos_carreras_en_5_anos\" >Dos carreras en 5 a\u00f1os\u00a0<\/a><\/li><li class='ez-toc-page-1 ez-toc-heading-level-2'><a class=\"ez-toc-link ez-toc-heading-2\" href=\"https:\/\/www.euncet.com\/blog\/es\/doble-grado-empresa-marketing\/#Entrar_al_mundo_laboral_tras_estudiar_un_doble_grado\" >Entrar al mundo laboral tras estudiar un doble grado<\/a><\/li><li class='ez-toc-page-1 ez-toc-heading-level-2'><a class=\"ez-toc-link ez-toc-heading-3\" href=\"https:\/\/www.euncet.com\/blog\/es\/doble-grado-empresa-marketing\/#Informate_sobre_el_Doble_Grado_en_Empresa_y_Marketing_de_Euncet\" >Inf\u00f3rmate sobre el Doble Grado en Empresa y Marketing de Euncet\u00a0<\/a><\/li><\/ul><\/nav><\/div>\n\n\n\n\n<p>La realidad es que un Doble Grado puede ser la opci\u00f3n de formaci\u00f3n perfecta si sientes pasi\u00f3n por distintos \u00e1mbitos profesionales. Desde Euncet Business School, te invitamos a considerar nuestro <a href=\"https:\/\/www.euncet.com\/es\/grados\/doble-grado-empresa-y-marketing-innovacion-tecnologia\/\" target=\"_blank\" rel=\"noreferrer noopener\"><strong>Doble Grado en Empresa, Innovaci\u00f3n y Tecnolog\u00eda y Marketing, Innovaci\u00f3n y Tecnolog\u00eda<\/strong><\/a>.&nbsp;&nbsp;<\/p>\n\n\n\n<p>No obstante, ante la duda no hay nada mejor que escuchar el testimonio directo de alguien que ha vivido la experiencia de estudiar una doble titulaci\u00f3n. En este art\u00edculo del blog de nuestra escuela de negocios hemos tenido la oportunidad de conversar con <strong>Joel Medr\u00e1n<\/strong>, quien nos ha contado sus vivencias como antiguo estudiante del Doble Grado en ADE y Marketing en la universidad. \u00bfEst\u00e1s listo para salir de dudas?&nbsp;<\/p>\n\n\n\n<h2 class=\"wp-block-heading\"><span class=\"ez-toc-section\" id=\"Dos_carreras_en_5_anos\"><\/span><strong>Dos carreras en 5 a\u00f1os<\/strong>\u00a0<span class=\"ez-toc-section-end\"><\/span><\/h2>\n\n\n\n<h3 class=\"wp-block-heading\"><strong>\u00bfPor qu\u00e9 decidiste estudiar el Doble Grado en ADE + Marketing en Euncet Business School? \u00bfValoraste otras opciones antes?\u00a0<\/strong>\u00a0<\/h3>\n\n\n\n<p>Me decant\u00e9 por estudiar el Doble Grado porque a\u00fan estaba indeciso sobre en qu\u00e9 quer\u00eda enfocarme exactamente. Me gustaba el marketing y no lo hab\u00eda tocado mucho en el instituto, pero mi pasi\u00f3n eran los n\u00fameros y ten\u00eda decidido estudiar ADE. El hecho de estudiar 2 carreras y tener m\u00e1s salidas en el mercado laboral fue un factor significativo para acabar de decantarme. Hab\u00eda valorado otras opciones, pero, en cuanto vi lo que ofrec\u00eda Euncet y vi lo cerca que estaba de mi casa, me me decant\u00e9 r\u00e1pidamente por estudiar aqu\u00ed.&nbsp;<\/p>\n\n\n\n<h3 class=\"wp-block-heading\"><strong>\u00bfCu\u00e1l es el balance que haces de tus 5 a\u00f1os de carrera? \u00bfVolver\u00edas a escoger los mismos grados?\u00a0<\/strong>\u00a0<\/h3>\n\n\n\n<p>Durante estos 5 a\u00f1os he aprendido muchas cosas. Me han servido para crecer profesionalmente, sobre todo con el seguimiento que nos hacen a los alumnos y la estructura de la actividad docente. Un punto que me gustar\u00eda remarcar es el tema de las pr\u00e1cticas. Euncet me ofreci\u00f3 la posibilidad de empezar en el mercado laboral mucho antes que otras universidades y en una gran empresa en la que tambi\u00e9n pude aprender mucho como profesional.&nbsp;&nbsp;<\/p>\n\n\n\n<h3 class=\"wp-block-heading\"><strong>\u00bfQu\u00e9 te parecieron las instalaciones del Campus Terrassa?\u00a0<\/strong>\u00a0<\/h3>\n\n\n\n<p>Tienen un encanto diferente a lo que es una universidad. Para m\u00ed son instalaciones chulas y est\u00e1n muy bien cuidadas.&nbsp;<\/p>\n\n\n\n<p>Te podr\u00eda interesar: <a href=\"https:\/\/blog.euncet.com\/estudiar-un-master-en-marketing\/\" target=\"_blank\" rel=\"noreferrer noopener\"><strong>Por qu\u00e9 estudiar un M\u00e1ster en Marketing<\/strong><\/a><\/p>\n\n\n\n<figure class=\"wp-block-image size-large\"><img fetchpriority=\"high\" decoding=\"async\" width=\"1030\" height=\"464\" src=\"https:\/\/blog.euncet.com\/wp-content\/uploads\/2024\/11\/Movilidadinternacional_2-1-2-1030x464.webp\" alt=\"Vista a\u00e9rea de un edificio rodeado de \u00e1rboles, con tejados rojos y estructura rectangular.&quot;\n\nSi necesitas algo m\u00e1s espec\u00edfico o enfocado a un contexto, h\u00e1zmelo saber.\" class=\"wp-image-64407\" srcset=\"https:\/\/www.euncet.com\/blog\/wp-content\/uploads\/2024\/11\/Movilidadinternacional_2-1-2-1030x464.webp 1030w, https:\/\/www.euncet.com\/blog\/wp-content\/uploads\/2024\/11\/Movilidadinternacional_2-1-2-300x135.webp 300w, https:\/\/www.euncet.com\/blog\/wp-content\/uploads\/2024\/11\/Movilidadinternacional_2-1-2-80x36.webp 80w, https:\/\/www.euncet.com\/blog\/wp-content\/uploads\/2024\/11\/Movilidadinternacional_2-1-2-768x346.webp 768w, https:\/\/www.euncet.com\/blog\/wp-content\/uploads\/2024\/11\/Movilidadinternacional_2-1-2-1536x691.webp 1536w, https:\/\/www.euncet.com\/blog\/wp-content\/uploads\/2024\/11\/Movilidadinternacional_2-1-2.webp 1920w\" sizes=\"(max-width: 1030px) 100vw, 1030px\" \/><\/figure>\n\n\n\n<h2 class=\"wp-block-heading\"><span class=\"ez-toc-section\" id=\"Entrar_al_mundo_laboral_tras_estudiar_un_doble_grado\"><\/span>Entrar al mundo laboral tras estudiar un doble grado<span class=\"ez-toc-section-end\"><\/span><\/h2>\n\n\n\n<h3 class=\"wp-block-heading\">\u00bfTienes alguna experiencia o relaci\u00f3n concreta con alg\u00fan profesor o asignatura que destacar\u00edas?<\/h3>\n\n\n\n<p>He tenido grandes profesores a lo largo de las carreras. Con algunos sigo manteniendo contacto y tengo mucha confianza. Me enorgullece que, pasado el tiempo, pueda seguir manteniendo contacto con ellos y que muchos de ellos me me hayan ofrecido ayuda cuando la he necesitado. En Euncet hay docentes muy preparados y, sobre todo, grandes personas, que es algo importante tambi\u00e9n.<\/p>\n\n\n\n<h3 class=\"wp-block-heading\">\u00bfEn qu\u00e9 empresa est\u00e1s trabajando actualmente? \u00bfCu\u00e1l es tu puesto y c\u00f3mo describir\u00edas tus funciones?<\/h3>\n\n\n\n<p>Estoy trabajando en Brafim Mecplast y ahora mismo me encargo de las compras de la materia prima y la planificaci\u00f3n de la producci\u00f3n. Mi d\u00eda a d\u00eda se basa en comprar el material que se necesite para elaborar el producto, planificar qu\u00e9 producciones llevar a cabo antes y tratar con los clientes para los pedidos. La empresa se dedica a la ingenier\u00eda del embalaje y desde hace unos a\u00f1os nos estamos enfocando mucho en el embalaje sostenible, hecho de cart\u00f3n y con una gran tasa de satisfacci\u00f3n por parte de grandes clientes a nivel nacional e internacional.<\/p>\n\n\n\n<h3 class=\"wp-block-heading\">Comparte una ense\u00f1anza que te ha mostrado el mundo laboral que no aprendiste durante la carrera.<\/h3>\n\n\n\n<p>Lo que m\u00e1s he aprendido en el mundo laboral y me ha llevado varios a\u00f1os gestionar es el control del estr\u00e9s y las emociones. Es cierto que en la universidad se tratan<\/p>\n\n\n\n<p>estos asuntos, pero hasta que no te ves en una situaci\u00f3n de este tipo no lo aprendes a llevar.<\/p>\n\n\n\n<h3 class=\"wp-block-heading\">\u00bfDir\u00edas que estudiar una doble titulaci\u00f3n te ha abierto m\u00e1s puertas en el \u00e1mbito profesional?<\/h3>\n\n\n\n<p>S\u00ed, y ya no a nivel de poder englobar varias posiciones, ya que siempre he querido acabar centr\u00e1ndome en lo que he visto en las carreras que m\u00e1s me ha gustado. Creo que estudiar un doble grado es una demostraci\u00f3n para los recruiters de que eres una persona organizada, con mucha disciplina, con ganas de aprender (es importante porque nunca dejas de aprender cosas nuevas) y, sobre todo, que te gustan los retos.<\/p>\n\n\n\n<h3 class=\"wp-block-heading\">\u00bfQu\u00e9 es lo que m\u00e1s echas de menos de la universidad?<\/h3>\n\n\n\n<p>Sinceramente, ver diariamente a las grandes amistades que hice. S\u00ed que es verdad que sigo manteniendo contacto y viendo a mis amigos, pero no todo lo que me gustar\u00eda. Afrontaba la etapa de la universidad con incerteza porque dejaba atr\u00e1s a muchas amistades del instituto y no sab\u00eda si iba a congeniar tan bien con otras personas, pero en Euncet he acabado teniendo compa\u00f1eros estupendos a los que tengo mucho aprecio.<\/p>\n\n\n\n<h3 class=\"wp-block-heading\">\u00bfQu\u00e9 dir\u00edas a aquellos j\u00f3venes estudiantes que se est\u00e9n planteando estudiar el Doble Grado pero no se acaban de decidir?<\/h3>\n\n\n\n<p>Si est\u00e1n indecisos, yo les aconsejar\u00eda que prueben, lo intenten y se equivoquen. Siempre est\u00e1n a tiempo de ver qu\u00e9 es lo que realmente les apasiona. En mi caso, estaba indeciso sobre en qu\u00e9 enfocarme y, al tener un gran abanico de posibilidades en mis estudios, he sabido qu\u00e9 es lo que realmente me apasiona y lo que no me gustar\u00eda hacer en mi d\u00eda a d\u00eda. El mayor consejo que podr\u00eda darles es que lo intenten y vean qu\u00e9 les gusta dentro de todas las salidas que les ofrece el Doble Grado.<\/p>\n\n\n\n<h3 class=\"wp-block-heading\">\u00bfTe planteas volver a estudiar en Euncet Business School con un posgrado o un m\u00e1ster?<\/h3>\n\n\n\n<p>Sin duda alguna, me encantar\u00eda volver a estudiar en Euncet, donde me he encontrado con grandes profesionales como docentes y como compa\u00f1eros. Siempre hay que tener expectativas de seguir creciendo como profesional y considero que Euncet siempre me va a ofrecer esa oportunidad.<\/p>\n\n\n\n<figure class=\"wp-block-image size-full\"><img decoding=\"async\" width=\"800\" height=\"450\" src=\"https:\/\/blog.euncet.com\/wp-content\/uploads\/2024\/11\/HDR-43-1-edited.webp\" alt=\"Aula moderna con mesas y sillas, grandes ventanales que dan a un patio exterior con paredes de color naranja.\" class=\"wp-image-64428\" srcset=\"https:\/\/www.euncet.com\/blog\/wp-content\/uploads\/2024\/11\/HDR-43-1-edited.webp 800w, https:\/\/www.euncet.com\/blog\/wp-content\/uploads\/2024\/11\/HDR-43-1-edited-300x169.webp 300w, https:\/\/www.euncet.com\/blog\/wp-content\/uploads\/2024\/11\/HDR-43-1-edited-80x45.webp 80w, https:\/\/www.euncet.com\/blog\/wp-content\/uploads\/2024\/11\/HDR-43-1-edited-768x432.webp 768w\" sizes=\"(max-width: 800px) 100vw, 800px\" \/><\/figure>\n\n\n\n<h2 class=\"wp-block-heading\"><span class=\"ez-toc-section\" id=\"Informate_sobre_el_Doble_Grado_en_Empresa_y_Marketing_de_Euncet\"><\/span><strong>Inf\u00f3rmate sobre el Doble Grado en Empresa y Marketing de Euncet<\/strong>\u00a0<span class=\"ez-toc-section-end\"><\/span><\/h2>\n\n\n\n<p>\u00bfTe has planteado estudiar el <a href=\"https:\/\/www.euncet.com\/es\/grados\/doble-grado-empresa-y-marketing-innovacion-tecnologia\/\" target=\"_blank\" rel=\"noreferrer noopener\"><strong>Doble Grado en Empresa, Innovaci\u00f3n y Tecnolog\u00eda y Marketing, Innovaci\u00f3n y Tecnolog\u00eda<\/strong><\/a> de Euncet Business School? \u00a1No te lo pienses m\u00e1s! Para recibir m\u00e1s informaci\u00f3n, no dudes en ponerte en contacto con la universidad a trav\u00e9s del correo <a href=\"mailto:info@euncet.com\" target=\"_blank\" rel=\"noreferrer noopener\"><strong>info@euncet.com<\/strong><\/a> o el n\u00famero de tel\u00e9fono <strong>935 47 60 66<\/strong>.&nbsp;&nbsp;<\/p>\n\n\n\n<p>Los asesores del centro universitario estar\u00e1n encantados de resolver todas tus dudas y atenderte de manera personalizada. Adem\u00e1s, tambi\u00e9n te invitamos a pedir una entrevista con nuestro equipo para poder conocer en primera persona las instalaciones de nuestros diferentes campus: el <strong>Campus Terrassa<\/strong>, el <strong>Campus Barcelona 22@<\/strong> y el <strong>Campus Barcelona Can Drag\u00f3<\/strong>.&nbsp;<\/p>\n\n\n\n<p><\/p>\n","protected":false},"excerpt":{"rendered":"<p>\u00bfEst\u00e1s interesado en el mundo de la empresa y el marketing y te planteas estudiar un doble grado universitario? En ese caso, es posible que se te pasen muchas dudas por la cabeza. \u00bfCu\u00e1ntos a\u00f1os dura una doble titulaci\u00f3n universitaria? \u00bfCu\u00e1l es la carga de trabajo que me espera? \u00bfUn doble grado implica el doble [&hellip;]<\/p>\n","protected":false},"author":28,"featured_media":63788,"comment_status":"open","ping_status":"open","sticky":false,"template":"","format":"standard","meta":{"_acf_changed":false,"footnotes":""},"categories":[288],"tags":[],"class_list":["post-64423","post","type-post","status-publish","format-standard","has-post-thumbnail","hentry","category-entrevistas"],"acf":[],"yoast_head":"<!-- This site is optimized with the Yoast SEO plugin v27.5 - https:\/\/yoast.com\/product\/yoast-seo-wordpress\/ -->\n<title>Doble Grado en Empresa y Marketing - Blog Euncet<\/title>\n<meta name=\"description\" content=\"\u00bfDudas sobre estudiar un doble grado? Conoce la experiencia de Joel Medr\u00e1n, exalumno del Doble Grado en Empresa y Marketing de Euncet Business School.\" \/>\n<meta name=\"robots\" content=\"index, follow, max-snippet:-1, max-image-preview:large, max-video-preview:-1\" \/>\n<link rel=\"canonical\" href=\"https:\/\/www.euncet.com\/blog\/es\/doble-grado-empresa-marketing\/\" \/>\n<meta property=\"og:locale\" content=\"es_ES\" \/>\n<meta property=\"og:type\" content=\"article\" \/>\n<meta property=\"og:title\" content=\"Doble Grado en Empresa y Marketing - Blog Euncet\" \/>\n<meta property=\"og:description\" content=\"\u00bfDudas sobre estudiar un doble grado? Conoce la experiencia de Joel Medr\u00e1n, exalumno del Doble Grado en Empresa y Marketing de Euncet Business School.\" \/>\n<meta property=\"og:url\" content=\"https:\/\/www.euncet.com\/blog\/es\/doble-grado-empresa-marketing\/\" \/>\n<meta property=\"og:site_name\" content=\"Euncet Business School\" \/>\n<meta property=\"article:publisher\" content=\"https:\/\/www.facebook.com\/euncet\" \/>\n<meta property=\"article:published_time\" content=\"2024-11-22T17:00:11+00:00\" \/>\n<meta property=\"article:modified_time\" content=\"2024-11-22T17:01:41+00:00\" \/>\n<meta property=\"og:image\" content=\"https:\/\/www.euncet.com\/blog\/wp-content\/uploads\/2019\/03\/5709-USA-New-Jersey-Jersey-City-Man-using-tablet-pc-laptop-and-smartphone-B2B.webp\" \/>\n\t<meta property=\"og:image:width\" content=\"1040\" \/>\n\t<meta property=\"og:image:height\" content=\"400\" \/>\n\t<meta property=\"og:image:type\" content=\"image\/webp\" \/>\n<meta name=\"author\" content=\"euncet\" \/>\n<meta name=\"twitter:card\" content=\"summary_large_image\" \/>\n<meta name=\"twitter:creator\" content=\"@euncet\" \/>\n<meta name=\"twitter:site\" content=\"@euncet\" \/>\n<meta name=\"twitter:label1\" content=\"Escrito por\" \/>\n\t<meta name=\"twitter:data1\" content=\"euncet\" \/>\n\t<meta name=\"twitter:label2\" content=\"Tiempo de lectura\" \/>\n\t<meta name=\"twitter:data2\" content=\"6 minutos\" \/>\n<script type=\"application\/ld+json\" class=\"yoast-schema-graph\">{\"@context\":\"https:\\\/\\\/schema.org\",\"@graph\":[{\"@type\":\"Article\",\"@id\":\"https:\\\/\\\/www.euncet.com\\\/blog\\\/es\\\/doble-grado-empresa-marketing\\\/#article\",\"isPartOf\":{\"@id\":\"https:\\\/\\\/www.euncet.com\\\/blog\\\/es\\\/doble-grado-empresa-marketing\\\/\"},\"author\":{\"name\":\"euncet\",\"@id\":\"https:\\\/\\\/www.euncet.com\\\/blog\\\/es\\\/#\\\/schema\\\/person\\\/8253e592273eb1f7a48788902ca03268\"},\"headline\":\"\u00bfC\u00f3mo es estudiar un Doble Grado en Empresa y Marketing? Entrevista a un alumno de Euncet\",\"datePublished\":\"2024-11-22T17:00:11+00:00\",\"dateModified\":\"2024-11-22T17:01:41+00:00\",\"mainEntityOfPage\":{\"@id\":\"https:\\\/\\\/www.euncet.com\\\/blog\\\/es\\\/doble-grado-empresa-marketing\\\/\"},\"wordCount\":1251,\"commentCount\":0,\"image\":{\"@id\":\"https:\\\/\\\/www.euncet.com\\\/blog\\\/es\\\/doble-grado-empresa-marketing\\\/#primaryimage\"},\"thumbnailUrl\":\"https:\\\/\\\/www.euncet.com\\\/blog\\\/wp-content\\\/uploads\\\/2019\\\/03\\\/5709-USA-New-Jersey-Jersey-City-Man-using-tablet-pc-laptop-and-smartphone-B2B.webp\",\"articleSection\":[\"Entrevistas\"],\"inLanguage\":\"es\",\"potentialAction\":[{\"@type\":\"CommentAction\",\"name\":\"Comment\",\"target\":[\"https:\\\/\\\/www.euncet.com\\\/blog\\\/es\\\/doble-grado-empresa-marketing\\\/#respond\"]}]},{\"@type\":\"WebPage\",\"@id\":\"https:\\\/\\\/www.euncet.com\\\/blog\\\/es\\\/doble-grado-empresa-marketing\\\/\",\"url\":\"https:\\\/\\\/www.euncet.com\\\/blog\\\/es\\\/doble-grado-empresa-marketing\\\/\",\"name\":\"Doble Grado en Empresa y Marketing - Blog Euncet\",\"isPartOf\":{\"@id\":\"https:\\\/\\\/www.euncet.com\\\/blog\\\/es\\\/#website\"},\"primaryImageOfPage\":{\"@id\":\"https:\\\/\\\/www.euncet.com\\\/blog\\\/es\\\/doble-grado-empresa-marketing\\\/#primaryimage\"},\"image\":{\"@id\":\"https:\\\/\\\/www.euncet.com\\\/blog\\\/es\\\/doble-grado-empresa-marketing\\\/#primaryimage\"},\"thumbnailUrl\":\"https:\\\/\\\/www.euncet.com\\\/blog\\\/wp-content\\\/uploads\\\/2019\\\/03\\\/5709-USA-New-Jersey-Jersey-City-Man-using-tablet-pc-laptop-and-smartphone-B2B.webp\",\"datePublished\":\"2024-11-22T17:00:11+00:00\",\"dateModified\":\"2024-11-22T17:01:41+00:00\",\"author\":{\"@id\":\"https:\\\/\\\/www.euncet.com\\\/blog\\\/es\\\/#\\\/schema\\\/person\\\/8253e592273eb1f7a48788902ca03268\"},\"description\":\"\u00bfDudas sobre estudiar un doble grado? Conoce la experiencia de Joel Medr\u00e1n, exalumno del Doble Grado en Empresa y Marketing de Euncet Business School.\",\"breadcrumb\":{\"@id\":\"https:\\\/\\\/www.euncet.com\\\/blog\\\/es\\\/doble-grado-empresa-marketing\\\/#breadcrumb\"},\"inLanguage\":\"es\",\"potentialAction\":[{\"@type\":\"ReadAction\",\"target\":[\"https:\\\/\\\/www.euncet.com\\\/blog\\\/es\\\/doble-grado-empresa-marketing\\\/\"]}]},{\"@type\":\"ImageObject\",\"inLanguage\":\"es\",\"@id\":\"https:\\\/\\\/www.euncet.com\\\/blog\\\/es\\\/doble-grado-empresa-marketing\\\/#primaryimage\",\"url\":\"https:\\\/\\\/www.euncet.com\\\/blog\\\/wp-content\\\/uploads\\\/2019\\\/03\\\/5709-USA-New-Jersey-Jersey-City-Man-using-tablet-pc-laptop-and-smartphone-B2B.webp\",\"contentUrl\":\"https:\\\/\\\/www.euncet.com\\\/blog\\\/wp-content\\\/uploads\\\/2019\\\/03\\\/5709-USA-New-Jersey-Jersey-City-Man-using-tablet-pc-laptop-and-smartphone-B2B.webp\",\"width\":1040,\"height\":400,\"caption\":\"Manos de una persona utilizando una tablet, con un port\u00e1til y un smartphone sobre la mesa.\"},{\"@type\":\"BreadcrumbList\",\"@id\":\"https:\\\/\\\/www.euncet.com\\\/blog\\\/es\\\/doble-grado-empresa-marketing\\\/#breadcrumb\",\"itemListElement\":[{\"@type\":\"ListItem\",\"position\":1,\"name\":\"Portada\",\"item\":\"https:\\\/\\\/www.euncet.com\\\/blog\\\/es\\\/\"},{\"@type\":\"ListItem\",\"position\":2,\"name\":\"\u00bfC\u00f3mo es estudiar un Doble Grado en Empresa y Marketing? Entrevista a un alumno de Euncet\"}]},{\"@type\":\"WebSite\",\"@id\":\"https:\\\/\\\/www.euncet.com\\\/blog\\\/es\\\/#website\",\"url\":\"https:\\\/\\\/www.euncet.com\\\/blog\\\/es\\\/\",\"name\":\"Euncet Business School\",\"description\":\"Escuela de negocios\",\"potentialAction\":[{\"@type\":\"SearchAction\",\"target\":{\"@type\":\"EntryPoint\",\"urlTemplate\":\"https:\\\/\\\/www.euncet.com\\\/blog\\\/es\\\/?s={search_term_string}\"},\"query-input\":{\"@type\":\"PropertyValueSpecification\",\"valueRequired\":true,\"valueName\":\"search_term_string\"}}],\"inLanguage\":\"es\"},{\"@type\":\"Person\",\"@id\":\"https:\\\/\\\/www.euncet.com\\\/blog\\\/es\\\/#\\\/schema\\\/person\\\/8253e592273eb1f7a48788902ca03268\",\"name\":\"euncet\",\"image\":{\"@type\":\"ImageObject\",\"inLanguage\":\"es\",\"@id\":\"https:\\\/\\\/secure.gravatar.com\\\/avatar\\\/ee2ce5f049e82b74bcc6b8db4c5e9c717e35544f3cde91d14a3daa9827fe21f0?s=96&d=mm&r=g\",\"url\":\"https:\\\/\\\/secure.gravatar.com\\\/avatar\\\/ee2ce5f049e82b74bcc6b8db4c5e9c717e35544f3cde91d14a3daa9827fe21f0?s=96&d=mm&r=g\",\"contentUrl\":\"https:\\\/\\\/secure.gravatar.com\\\/avatar\\\/ee2ce5f049e82b74bcc6b8db4c5e9c717e35544f3cde91d14a3daa9827fe21f0?s=96&d=mm&r=g\",\"caption\":\"euncet\"},\"url\":\"https:\\\/\\\/www.euncet.com\\\/blog\\\/es\\\/author\\\/euncet\\\/\"}]}<\/script>\n<!-- \/ Yoast SEO plugin. -->","yoast_head_json":{"title":"Doble Grado en Empresa y Marketing - Blog Euncet","description":"\u00bfDudas sobre estudiar un doble grado? Conoce la experiencia de Joel Medr\u00e1n, exalumno del Doble Grado en Empresa y Marketing de Euncet Business School.","robots":{"index":"index","follow":"follow","max-snippet":"max-snippet:-1","max-image-preview":"max-image-preview:large","max-video-preview":"max-video-preview:-1"},"canonical":"https:\/\/www.euncet.com\/blog\/es\/doble-grado-empresa-marketing\/","og_locale":"es_ES","og_type":"article","og_title":"Doble Grado en Empresa y Marketing - Blog Euncet","og_description":"\u00bfDudas sobre estudiar un doble grado? Conoce la experiencia de Joel Medr\u00e1n, exalumno del Doble Grado en Empresa y Marketing de Euncet Business School.","og_url":"https:\/\/www.euncet.com\/blog\/es\/doble-grado-empresa-marketing\/","og_site_name":"Euncet Business School","article_publisher":"https:\/\/www.facebook.com\/euncet","article_published_time":"2024-11-22T17:00:11+00:00","article_modified_time":"2024-11-22T17:01:41+00:00","og_image":[{"width":1040,"height":400,"url":"https:\/\/www.euncet.com\/blog\/wp-content\/uploads\/2019\/03\/5709-USA-New-Jersey-Jersey-City-Man-using-tablet-pc-laptop-and-smartphone-B2B.webp","type":"image\/webp"}],"author":"euncet","twitter_card":"summary_large_image","twitter_creator":"@euncet","twitter_site":"@euncet","twitter_misc":{"Escrito por":"euncet","Tiempo de lectura":"6 minutos"},"schema":{"@context":"https:\/\/schema.org","@graph":[{"@type":"Article","@id":"https:\/\/www.euncet.com\/blog\/es\/doble-grado-empresa-marketing\/#article","isPartOf":{"@id":"https:\/\/www.euncet.com\/blog\/es\/doble-grado-empresa-marketing\/"},"author":{"name":"euncet","@id":"https:\/\/www.euncet.com\/blog\/es\/#\/schema\/person\/8253e592273eb1f7a48788902ca03268"},"headline":"\u00bfC\u00f3mo es estudiar un Doble Grado en Empresa y Marketing? Entrevista a un alumno de Euncet","datePublished":"2024-11-22T17:00:11+00:00","dateModified":"2024-11-22T17:01:41+00:00","mainEntityOfPage":{"@id":"https:\/\/www.euncet.com\/blog\/es\/doble-grado-empresa-marketing\/"},"wordCount":1251,"commentCount":0,"image":{"@id":"https:\/\/www.euncet.com\/blog\/es\/doble-grado-empresa-marketing\/#primaryimage"},"thumbnailUrl":"https:\/\/www.euncet.com\/blog\/wp-content\/uploads\/2019\/03\/5709-USA-New-Jersey-Jersey-City-Man-using-tablet-pc-laptop-and-smartphone-B2B.webp","articleSection":["Entrevistas"],"inLanguage":"es","potentialAction":[{"@type":"CommentAction","name":"Comment","target":["https:\/\/www.euncet.com\/blog\/es\/doble-grado-empresa-marketing\/#respond"]}]},{"@type":"WebPage","@id":"https:\/\/www.euncet.com\/blog\/es\/doble-grado-empresa-marketing\/","url":"https:\/\/www.euncet.com\/blog\/es\/doble-grado-empresa-marketing\/","name":"Doble Grado en Empresa y Marketing - Blog Euncet","isPartOf":{"@id":"https:\/\/www.euncet.com\/blog\/es\/#website"},"primaryImageOfPage":{"@id":"https:\/\/www.euncet.com\/blog\/es\/doble-grado-empresa-marketing\/#primaryimage"},"image":{"@id":"https:\/\/www.euncet.com\/blog\/es\/doble-grado-empresa-marketing\/#primaryimage"},"thumbnailUrl":"https:\/\/www.euncet.com\/blog\/wp-content\/uploads\/2019\/03\/5709-USA-New-Jersey-Jersey-City-Man-using-tablet-pc-laptop-and-smartphone-B2B.webp","datePublished":"2024-11-22T17:00:11+00:00","dateModified":"2024-11-22T17:01:41+00:00","author":{"@id":"https:\/\/www.euncet.com\/blog\/es\/#\/schema\/person\/8253e592273eb1f7a48788902ca03268"},"description":"\u00bfDudas sobre estudiar un doble grado? Conoce la experiencia de Joel Medr\u00e1n, exalumno del Doble Grado en Empresa y Marketing de Euncet Business School.","breadcrumb":{"@id":"https:\/\/www.euncet.com\/blog\/es\/doble-grado-empresa-marketing\/#breadcrumb"},"inLanguage":"es","potentialAction":[{"@type":"ReadAction","target":["https:\/\/www.euncet.com\/blog\/es\/doble-grado-empresa-marketing\/"]}]},{"@type":"ImageObject","inLanguage":"es","@id":"https:\/\/www.euncet.com\/blog\/es\/doble-grado-empresa-marketing\/#primaryimage","url":"https:\/\/www.euncet.com\/blog\/wp-content\/uploads\/2019\/03\/5709-USA-New-Jersey-Jersey-City-Man-using-tablet-pc-laptop-and-smartphone-B2B.webp","contentUrl":"https:\/\/www.euncet.com\/blog\/wp-content\/uploads\/2019\/03\/5709-USA-New-Jersey-Jersey-City-Man-using-tablet-pc-laptop-and-smartphone-B2B.webp","width":1040,"height":400,"caption":"Manos de una persona utilizando una tablet, con un port\u00e1til y un smartphone sobre la mesa."},{"@type":"BreadcrumbList","@id":"https:\/\/www.euncet.com\/blog\/es\/doble-grado-empresa-marketing\/#breadcrumb","itemListElement":[{"@type":"ListItem","position":1,"name":"Portada","item":"https:\/\/www.euncet.com\/blog\/es\/"},{"@type":"ListItem","position":2,"name":"\u00bfC\u00f3mo es estudiar un Doble Grado en Empresa y Marketing? Entrevista a un alumno de Euncet"}]},{"@type":"WebSite","@id":"https:\/\/www.euncet.com\/blog\/es\/#website","url":"https:\/\/www.euncet.com\/blog\/es\/","name":"Euncet Business School","description":"Escuela de negocios","potentialAction":[{"@type":"SearchAction","target":{"@type":"EntryPoint","urlTemplate":"https:\/\/www.euncet.com\/blog\/es\/?s={search_term_string}"},"query-input":{"@type":"PropertyValueSpecification","valueRequired":true,"valueName":"search_term_string"}}],"inLanguage":"es"},{"@type":"Person","@id":"https:\/\/www.euncet.com\/blog\/es\/#\/schema\/person\/8253e592273eb1f7a48788902ca03268","name":"euncet","image":{"@type":"ImageObject","inLanguage":"es","@id":"https:\/\/secure.gravatar.com\/avatar\/ee2ce5f049e82b74bcc6b8db4c5e9c717e35544f3cde91d14a3daa9827fe21f0?s=96&d=mm&r=g","url":"https:\/\/secure.gravatar.com\/avatar\/ee2ce5f049e82b74bcc6b8db4c5e9c717e35544f3cde91d14a3daa9827fe21f0?s=96&d=mm&r=g","contentUrl":"https:\/\/secure.gravatar.com\/avatar\/ee2ce5f049e82b74bcc6b8db4c5e9c717e35544f3cde91d14a3daa9827fe21f0?s=96&d=mm&r=g","caption":"euncet"},"url":"https:\/\/www.euncet.com\/blog\/es\/author\/euncet\/"}]}},"_links":{"self":[{"href":"https:\/\/www.euncet.com\/blog\/es\/wp-json\/wp\/v2\/posts\/64423","targetHints":{"allow":["GET"]}}],"collection":[{"href":"https:\/\/www.euncet.com\/blog\/es\/wp-json\/wp\/v2\/posts"}],"about":[{"href":"https:\/\/www.euncet.com\/blog\/es\/wp-json\/wp\/v2\/types\/post"}],"author":[{"embeddable":true,"href":"https:\/\/www.euncet.com\/blog\/es\/wp-json\/wp\/v2\/users\/28"}],"replies":[{"embeddable":true,"href":"https:\/\/www.euncet.com\/blog\/es\/wp-json\/wp\/v2\/comments?post=64423"}],"version-history":[{"count":0,"href":"https:\/\/www.euncet.com\/blog\/es\/wp-json\/wp\/v2\/posts\/64423\/revisions"}],"wp:featuredmedia":[{"embeddable":true,"href":"https:\/\/www.euncet.com\/blog\/es\/wp-json\/wp\/v2\/media\/63788"}],"wp:attachment":[{"href":"https:\/\/www.euncet.com\/blog\/es\/wp-json\/wp\/v2\/media?parent=64423"}],"wp:term":[{"taxonomy":"category","embeddable":true,"href":"https:\/\/www.euncet.com\/blog\/es\/wp-json\/wp\/v2\/categories?post=64423"},{"taxonomy":"post_tag","embeddable":true,"href":"https:\/\/www.euncet.com\/blog\/es\/wp-json\/wp\/v2\/tags?post=64423"}],"curies":[{"name":"wp","href":"https:\/\/api.w.org\/{rel}","templated":true}]}}