{"id":65330,"date":"2025-09-11T15:00:01","date_gmt":"2025-09-11T13:00:01","guid":{"rendered":"https:\/\/www.euncet.com\/blog\/liderazgo-empresarial-era-global\/"},"modified":"2025-09-28T09:44:33","modified_gmt":"2025-09-28T07:44:33","slug":"liderazgo-empresarial-era-global","status":"publish","type":"post","link":"https:\/\/www.euncet.com\/blog\/es\/liderazgo-empresarial-era-global\/","title":{"rendered":"\u00bfPor qu\u00e9 los l\u00edderes globales piensan distinto?"},"content":{"rendered":"\n<p>\u00bfHas observado alguna vez c\u00f3mo los grandes l\u00edderes empresariales parecen tener una perspectiva completamente diferente del mundo? Y es que, en un entorno cada vez m\u00e1s interconectado, la forma de pensar y actuar de quienes dirigen las organizaciones m\u00e1s exitosas ha evolucionado de manera radical. Por ello, a continuaci\u00f3n te explicamos qu\u00e9 caracteriza al <strong><em>liderazgo empresarial en la era global<\/em><\/strong> y por qu\u00e9 estos l\u00edderes han desarrollado una mentalidad \u00fanica que los distingue del resto. Adem\u00e1s, descubrir\u00e1s c\u00f3mo puedes desarrollar estas competencias para liderar con \u00e9xito en el panorama empresarial actual.<\/p><div id=\"ez-toc-container\" class=\"ez-toc-v2_0_82_2 counter-hierarchy ez-toc-counter ez-toc-custom ez-toc-container-direction\">\n<div class=\"ez-toc-title-container\">\n<p class=\"ez-toc-title\" style=\"cursor:inherit\">\u00cdNDICE DE CONTENIDOS<\/p>\n<span class=\"ez-toc-title-toggle\"><a href=\"#\" class=\"ez-toc-pull-right ez-toc-btn ez-toc-btn-xs ez-toc-btn-default ez-toc-toggle\" aria-label=\"Alternar tabla de contenidos\"><span class=\"ez-toc-js-icon-con\"><span class=\"\"><span class=\"eztoc-hide\" style=\"display:none;\">Toggle<\/span><span class=\"ez-toc-icon-toggle-span\"><svg style=\"fill: #222222;color:#222222\" xmlns=\"http:\/\/www.w3.org\/2000\/svg\" class=\"list-377408\" width=\"20px\" height=\"20px\" viewBox=\"0 0 24 24\" fill=\"none\"><path d=\"M6 6H4v2h2V6zm14 0H8v2h12V6zM4 11h2v2H4v-2zm16 0H8v2h12v-2zM4 16h2v2H4v-2zm16 0H8v2h12v-2z\" fill=\"currentColor\"><\/path><\/svg><svg style=\"fill: #222222;color:#222222\" class=\"arrow-unsorted-368013\" xmlns=\"http:\/\/www.w3.org\/2000\/svg\" width=\"10px\" height=\"10px\" viewBox=\"0 0 24 24\" version=\"1.2\" baseProfile=\"tiny\"><path d=\"M18.2 9.3l-6.2-6.3-6.2 6.3c-.2.2-.3.4-.3.7s.1.5.3.7c.2.2.4.3.7.3h11c.3 0 .5-.1.7-.3.2-.2.3-.5.3-.7s-.1-.5-.3-.7zM5.8 14.7l6.2 6.3 6.2-6.3c.2-.2.3-.5.3-.7s-.1-.5-.3-.7c-.2-.2-.4-.3-.7-.3h-11c-.3 0-.5.1-.7.3-.2.2-.3.5-.3.7s.1.5.3.7z\"\/><\/svg><\/span><\/span><\/span><\/a><\/span><\/div>\n<nav><ul class='ez-toc-list ez-toc-list-level-1 ' ><li class='ez-toc-page-1 ez-toc-heading-level-2'><a class=\"ez-toc-link ez-toc-heading-1\" href=\"https:\/\/www.euncet.com\/blog\/es\/liderazgo-empresarial-era-global\/#Liderazgo_empresarial_en_la_era_global_una_nueva_forma_de_pensar\" >Liderazgo empresarial en la era global: una nueva forma de pensar<\/a><\/li><li class='ez-toc-page-1 ez-toc-heading-level-2'><a class=\"ez-toc-link ez-toc-heading-2\" href=\"https:\/\/www.euncet.com\/blog\/es\/liderazgo-empresarial-era-global\/#La_mentalidad_global_mas_alla_de_las_fronteras_tradicionales\" >La mentalidad global: m\u00e1s all\u00e1 de las fronteras tradicionales<\/a><\/li><li class='ez-toc-page-1 ez-toc-heading-level-2'><a class=\"ez-toc-link ez-toc-heading-3\" href=\"https:\/\/www.euncet.com\/blog\/es\/liderazgo-empresarial-era-global\/#Caracteristicas_distintivas_del_pensamiento_de_lideres_globales\" >Caracter\u00edsticas distintivas del pensamiento de l\u00edderes globales<\/a><\/li><li class='ez-toc-page-1 ez-toc-heading-level-2'><a class=\"ez-toc-link ez-toc-heading-4\" href=\"https:\/\/www.euncet.com\/blog\/es\/liderazgo-empresarial-era-global\/#Los_pilares_del_pensamiento_global_en_el_liderazgo_moderno\" >Los pilares del pensamiento global en el liderazgo moderno<\/a><\/li><li class='ez-toc-page-1 ez-toc-heading-level-2'><a class=\"ez-toc-link ez-toc-heading-5\" href=\"https:\/\/www.euncet.com\/blog\/es\/liderazgo-empresarial-era-global\/#La_transformacion_digital_como_catalizador_del_liderazgo_global\" >La transformaci\u00f3n digital como catalizador del liderazgo global<\/a><\/li><li class='ez-toc-page-1 ez-toc-heading-level-2'><a class=\"ez-toc-link ez-toc-heading-6\" href=\"https:\/\/www.euncet.com\/blog\/es\/liderazgo-empresarial-era-global\/#%C2%BFComo_desarrollar_una_mentalidad_de_liderazgo_global\" >\u00bfC\u00f3mo desarrollar una mentalidad de liderazgo global?<\/a><\/li><li class='ez-toc-page-1 ez-toc-heading-level-2'><a class=\"ez-toc-link ez-toc-heading-7\" href=\"https:\/\/www.euncet.com\/blog\/es\/liderazgo-empresarial-era-global\/#%C2%BFTienes_dudas_sobre_el_liderazgo_global\" >\u00bfTienes dudas sobre el liderazgo global?<\/a><\/li><li class='ez-toc-page-1 ez-toc-heading-level-2'><a class=\"ez-toc-link ez-toc-heading-8\" href=\"https:\/\/www.euncet.com\/blog\/es\/liderazgo-empresarial-era-global\/#Transforma_tu_liderazgo_con_una_vision_global\" >Transforma tu liderazgo con una visi\u00f3n global<\/a><\/li><\/ul><\/nav><\/div>\n\n<section>\n<h2><span class=\"ez-toc-section\" id=\"Liderazgo_empresarial_en_la_era_global_una_nueva_forma_de_pensar\"><\/span>Liderazgo empresarial en la era global: una nueva forma de pensar<span class=\"ez-toc-section-end\"><\/span><\/h2>\n<p>El <strong>liderazgo empresarial en la era global<\/strong> representa una evoluci\u00f3n fundamental en la manera de dirigir organizaciones. A diferencia del liderazgo tradicional, que se centraba en mercados locales y estructuras jer\u00e1rquicas r\u00edgidas, los l\u00edderes globales han desarrollado una mentalidad que trasciende fronteras geogr\u00e1ficas, culturales y sectoriales.<\/p>\n<p>Esta nueva forma de liderazgo se caracteriza por la capacidad de pensar de manera sist\u00e9mica, considerando m\u00faltiples variables simult\u00e1neamente y adapt\u00e1ndose constantemente a entornos cambiantes. Los l\u00edderes globales no solo gestionan empresas, sino que orquestan ecosistemas complejos donde la colaboraci\u00f3n, la innovaci\u00f3n y la sostenibilidad son pilares fundamentales.<\/p>\n<\/section>\n<section>\n<h2><span class=\"ez-toc-section\" id=\"La_mentalidad_global_mas_alla_de_las_fronteras_tradicionales\"><\/span>La mentalidad global: m\u00e1s all\u00e1 de las fronteras tradicionales<span class=\"ez-toc-section-end\"><\/span><\/h2>\n<p>Los l\u00edderes globales han desarrollado lo que se conoce como \u00abmentalidad global\u00bb, una forma de pensar que les permite ver oportunidades donde otros ven obst\u00e1culos. Esta mentalidad se caracteriza por la capacidad de integrar perspectivas diversas, comprender las interconexiones entre mercados y anticipar tendencias que afectar\u00e1n a m\u00faltiples regiones simult\u00e1neamente.<\/p>\n<p>Adem\u00e1s, estos l\u00edderes entienden que la diversidad cultural no es solo una responsabilidad social, sino una ventaja competitiva. Saben que los equipos diversos generan soluciones m\u00e1s innovadoras y que la inclusi\u00f3n de diferentes perspectivas culturales enriquece la toma de decisiones estrat\u00e9gicas.<\/p>\n<\/section>\n<section>\n<h2><span class=\"ez-toc-section\" id=\"Caracteristicas_distintivas_del_pensamiento_de_lideres_globales\"><\/span>Caracter\u00edsticas distintivas del pensamiento de l\u00edderes globales<span class=\"ez-toc-section-end\"><\/span><\/h2>\n<p>Para entender mejor qu\u00e9 hace \u00fanicos a estos l\u00edderes, es fundamental analizar las caracter\u00edsticas espec\u00edficas que definen su forma de pensar y actuar:<\/p>\n<table border=\"1\" style=\"width:100%; border-collapse: collapse; margin: 20px 0;\">\n<thead>\n<tr style=\"background-color:#f2f2f2;\">\n<th style=\"padding: 12px; text-align: left; font-weight: bold;\">Caracter\u00edstica<\/th>\n<th style=\"padding: 12px; text-align: left; font-weight: bold;\">L\u00edderes Tradicionales<\/th>\n<th style=\"padding: 12px; text-align: left; font-weight: bold;\">L\u00edderes Globales<\/th>\n<\/tr>\n<\/thead>\n<tbody>\n<tr>\n<td style=\"padding: 10px;\"><strong>Perspectiva temporal<\/strong><\/td>\n<td style=\"padding: 10px;\">Enfoque a corto-medio plazo<\/td>\n<td style=\"padding: 10px;\">Visi\u00f3n a largo plazo con impacto generacional<\/td>\n<\/tr>\n<tr style=\"background-color:#f9f9f9;\">\n<td style=\"padding: 10px;\"><strong>Alcance geogr\u00e1fico<\/strong><\/td>\n<td style=\"padding: 10px;\">Mercado local o regional<\/td>\n<td style=\"padding: 10px;\">Perspectiva mundial e interconectada<\/td>\n<\/tr>\n<tr>\n<td style=\"padding: 10px;\"><strong>Gesti\u00f3n de la diversidad<\/strong><\/td>\n<td style=\"padding: 10px;\">Homogeneidad cultural<\/td>\n<td style=\"padding: 10px;\">Aprovechamiento de la diversidad como ventaja<\/td>\n<\/tr>\n<tr style=\"background-color:#f9f9f9;\">\n<td style=\"padding: 10px;\"><strong>Adaptabilidad<\/strong><\/td>\n<td style=\"padding: 10px;\">Resistencia al cambio<\/td>\n<td style=\"padding: 10px;\">Agilidad y flexibilidad constante<\/td>\n<\/tr>\n<tr>\n<td style=\"padding: 10px;\"><strong>Colaboraci\u00f3n<\/strong><\/td>\n<td style=\"padding: 10px;\">Competencia interna<\/td>\n<td style=\"padding: 10px;\">Ecosistemas colaborativos globales<\/td>\n<\/tr>\n<tr style=\"background-color:#f9f9f9;\">\n<td style=\"padding: 10px;\"><strong>Sostenibilidad<\/strong><\/td>\n<td style=\"padding: 10px;\">Beneficio econ\u00f3mico prioritario<\/td>\n<td style=\"padding: 10px;\">Triple impacto: econ\u00f3mico, social y ambiental<\/td>\n<\/tr>\n<\/tbody>\n<\/table>\n<\/section>\n<section>\n<h2><span class=\"ez-toc-section\" id=\"Los_pilares_del_pensamiento_global_en_el_liderazgo_moderno\"><\/span>Los pilares del pensamiento global en el liderazgo moderno<span class=\"ez-toc-section-end\"><\/span><\/h2>\n<p>El <strong>liderazgo empresarial en la era global<\/strong> se sustenta en cinco pilares fundamentales. En primer lugar, la inteligencia cultural les permite navegar eficazmente en entornos multiculturales, comprendiendo las sutilezas de diferentes mercados y adaptando sus estrategias seg\u00fan el contexto local.<\/p>\n<p>Adem\u00e1s, desarrollan un pensamiento sist\u00e9mico que les permite ver las interconexiones entre diferentes elementos de la organizaci\u00f3n y del mercado global. Por otra parte, cultivan la agilidad estrat\u00e9gica, que les permite pivotear r\u00e1pidamente cuando las condiciones del mercado cambian. Asimismo, practican el liderazgo inclusivo, creando entornos donde todas las voces son escuchadas y valoradas. Finalmente, mantienen una mentalidad de crecimiento que les impulsa a aprender continuamente.<\/p>\n<\/section>\n<section>\n<h2><span class=\"ez-toc-section\" id=\"La_transformacion_digital_como_catalizador_del_liderazgo_global\"><\/span>La transformaci\u00f3n digital como catalizador del liderazgo global<span class=\"ez-toc-section-end\"><\/span><\/h2>\n<p>La revoluci\u00f3n digital ha sido un catalizador fundamental en la evoluci\u00f3n del liderazgo global. Los l\u00edderes de hoy entienden que la tecnolog\u00eda no es solo una herramienta, sino un posibilitador que transforma completamente la manera de hacer negocios. Utilizan la inteligencia artificial, el an\u00e1lisis de <a href=\"https:\/\/www.euncet.com\/blog\/big-data-toma-decisiones-guia-directivos\/\" target=\"_blank\" rel=\"noopener\">Big Data<\/a> y las plataformas digitales para tomar decisiones m\u00e1s informadas y conectar con stakeholders en todo el mundo.<\/p>\n<p>Esta transformaci\u00f3n digital tambi\u00e9n ha democratizado el acceso a la informaci\u00f3n y ha acelerado la velocidad de los cambios en el mercado. Los l\u00edderes globales han aprendido a aprovechar estas herramientas para crear ventajas competitivas sostenibles y desarrollar nuevos modelos de negocio.<\/p>\n<\/section>\n<section>\n<h2><span class=\"ez-toc-section\" id=\"%C2%BFComo_desarrollar_una_mentalidad_de_liderazgo_global\"><\/span>\u00bfC\u00f3mo desarrollar una mentalidad de liderazgo global?<span class=\"ez-toc-section-end\"><\/span><\/h2>\n<p>Desarrollar una mentalidad de liderazgo global requiere dedicaci\u00f3n y pr\u00e1ctica constante. El primer paso es cultivar la curiosidad intelectual y la apertura mental para comprender diferentes perspectivas culturales y formas de hacer negocios.<\/p>\n<p>Tambi\u00e9n es fundamental desarrollar habilidades de comunicaci\u00f3n intercultural y aprender a trabajar efectivamente con equipos diversos. Esto implica no solo dominar idiomas adicionales, sino tambi\u00e9n comprender las sutilezas de la comunicaci\u00f3n no verbal y los c\u00f3digos culturales que influyen en las relaciones comerciales.<\/p>\n<\/section>\n<section>\n<h2><span class=\"ez-toc-section\" id=\"%C2%BFTienes_dudas_sobre_el_liderazgo_global\"><\/span>\u00bfTienes dudas sobre el liderazgo global?<span class=\"ez-toc-section-end\"><\/span><\/h2>\n<h3>\u00bfQu\u00e9 diferencia a un l\u00edder global de un l\u00edder tradicional en la toma de decisiones?<\/h3>\n<p>Los l\u00edderes globales toman decisiones considerando m\u00faltiples variables simult\u00e1neamente, incluyendo impactos culturales, regulatorios y econ\u00f3micos en diferentes mercados. A diferencia de los l\u00edderes tradicionales que se enfocan principalmente en m\u00e9tricas financieras locales, los l\u00edderes globales eval\u00faan las consecuencias a largo plazo de sus decisiones en todo el ecosistema empresarial. Utilizan datos de m\u00faltiples fuentes, consultan con <a href=\"https:\/\/emprendedores.es\/gestion\/que-son-stakeholders\/\" target=\"_blank\" rel=\"noopener\">stakeholders <\/a>diversos y consideran escenarios complejos antes de actuar. Adem\u00e1s, sus decisiones est\u00e1n guiadas por principios de sostenibilidad y responsabilidad social, entendiendo que el \u00e9xito empresarial moderno requiere un equilibrio entre rentabilidad, impacto social y preservaci\u00f3n ambiental.<\/p>\n<h3>\u00bfC\u00f3mo mantienen la cohesi\u00f3n en equipos distribuidos globalmente?<\/h3>\n<p>Mantener la cohesi\u00f3n en equipos globalmente distribuidos requiere una combinaci\u00f3n de tecnolog\u00eda avanzada, comunicaci\u00f3n estrat\u00e9gica y cultura organizacional s\u00f3lida. Los l\u00edderes globales utilizan plataformas digitales colaborativas para facilitar la comunicaci\u00f3n en tiempo real, establecen rituales virtuales que fortalecen los v\u00ednculos del equipo y crean oportunidades regulares para interacciones cara a cara, ya sea a trav\u00e9s de reuniones presenciales peri\u00f3dicas o eventos corporativos globales. Tambi\u00e9n desarrollan sistemas de reconocimiento y recompensas que trascienden las diferencias culturales, asegurando que todos los miembros del equipo se sientan valorados independientemente de su ubicaci\u00f3n geogr\u00e1fica. La clave est\u00e1 en crear una cultura compartida que una a las personas m\u00e1s all\u00e1 de las distancias f\u00edsicas.<\/p>\n<h3>\u00bfQu\u00e9 papel juega la tecnolog\u00eda en el liderazgo empresarial global?<\/h3>\n<p>La tecnolog\u00eda se ha convertido en una herramienta fundamental para los l\u00edderes globales, permiti\u00e9ndoles procesar grandes vol\u00famenes de informaci\u00f3n de m\u00faltiples mercados y identificar patrones que ser\u00edan imposibles de detectar manualmente. Los l\u00edderes utilizan inteligencia artificial para an\u00e1lisis predictivos, optimizaci\u00f3n de operaciones globales, personalizaci\u00f3n de productos seg\u00fan mercados locales, y automatizaci\u00f3n de procesos rutinarios que liberan tiempo para actividades estrat\u00e9gicas. Tambi\u00e9n emplean <a href=\"https:\/\/www.euncet.com\/blog\/inteligencia-artificial-empresa-guia-implementacion\/\" target=\"_blank\" rel=\"noopener\">sistemas de IA<\/a> para mejorar la toma de decisiones, ya que estos sistemas pueden analizar escenarios complejos y proporcionar recomendaciones basadas en datos hist\u00f3ricos y tendencias del mercado. Sin embargo, los l\u00edderes globales entienden que la tecnolog\u00eda complementa, pero no reemplaza, el juicio humano necesario para liderar organizaciones.<\/p>\n<h3>\u00bfCu\u00e1les son las competencias m\u00e1s importantes para el liderazgo global?<\/h3>\n<p>Las competencias esenciales para el liderazgo global incluyen la inteligencia cultural, que permite navegar efectivamente en entornos multiculturales; el pensamiento sist\u00e9mico, para comprender las interconexiones complejas en mercados globales; y la agilidad estrat\u00e9gica, para adaptarse r\u00e1pidamente a cambios del entorno. Tambi\u00e9n es crucial desarrollar habilidades de comunicaci\u00f3n intercultural, capacidad de gesti\u00f3n de la ambig\u00fcedad y tolerancia a la incertidumbre. Los futuros l\u00edderes globales deben cultivar la empat\u00eda y la inteligencia emocional para conectar con personas de diferentes culturas, as\u00ed como competencias digitales avanzadas para aprovechar las tecnolog\u00edas emergentes. Finalmente, deben desarrollar una mentalidad de aprendizaje continuo, ya que el entorno global cambia constantemente y requiere actualizaci\u00f3n constante de conocimientos y habilidades.<\/p>\n<h3>\u00bfC\u00f3mo impacta la sostenibilidad en las decisiones de l\u00edderes globales?<\/h3>\n<p>La sostenibilidad se ha convertido en un factor central en la toma de decisiones de los l\u00edderes globales, quienes entienden que el \u00e9xito empresarial a largo plazo depende del equilibrio entre rentabilidad, impacto social y preservaci\u00f3n ambiental. Estos l\u00edderes integran criterios ESG (Environmental, Social, and Governance) en todas sus decisiones estrat\u00e9gicas, desde la selecci\u00f3n de proveedores hasta el desarrollo de nuevos productos. Reconocen que los consumidores, inversores y empleados valoran cada vez m\u00e1s las pr\u00e1cticas sostenibles, y que las empresas que no adopten estos principios enfrentar\u00e1n desventajas competitivas significativas. Adem\u00e1s, aprovechan la sostenibilidad como una fuente de innovaci\u00f3n, desarrollando soluciones que no solo reducen el impacto ambiental, sino que tambi\u00e9n crean nuevas oportunidades de mercado y generan valor econ\u00f3mico.<\/p>\n<\/section>\n<section>\n<h2><span class=\"ez-toc-section\" id=\"Transforma_tu_liderazgo_con_una_vision_global\"><\/span>Transforma tu liderazgo con una visi\u00f3n global<span class=\"ez-toc-section-end\"><\/span><\/h2>\n<p>\u00bfEst\u00e1s preparado para desarrollar la mentalidad que caracteriza a los l\u00edderes m\u00e1s exitosos del mundo? El <strong>liderazgo empresarial en la era global<\/strong> requiere una formaci\u00f3n especializada que combine conocimientos estrat\u00e9gicos, habilidades interculturales y una comprensi\u00f3n profunda de los mercados internacionales. El <a href=\"https:\/\/www.euncet.com\/es\/executive-education\/mba-barcelona\/\" target=\"_blank\" rel=\"noopener\">Global Executive MBA de Euncet Business School<\/a> est\u00e1 dise\u00f1ado espec\u00edficamente para desarrollar estas competencias en profesionales ambiciosos como t\u00fa.<\/p>\n<p>Con una metodolog\u00eda que combina casos reales, networking exclusivo con l\u00edderes globales y una perspectiva 360\u00ba del management internacional, este programa te preparar\u00e1 para liderar la transformaci\u00f3n empresarial en cualquier parte del mundo. Disponible en modalidades presencial y online, con la flexibilidad que necesitas para compatibilizar tu desarrollo profesional con tus responsabilidades actuales. \u00a1Da el paso hacia el liderazgo global y <a href=\"https:\/\/online.euncet.es\/contact\" target=\"_blank\" rel=\"noopener\">solicita informaci\u00f3n<\/a> hoy mismo!<\/p>\n<\/section>\n","protected":false},"excerpt":{"rendered":"<p>\u00bfHas observado alguna vez c\u00f3mo los grandes l\u00edderes empresariales parecen tener una perspectiva completamente diferente del mundo? Y es que, en un entorno cada vez m\u00e1s interconectado, la forma de pensar y actuar de quienes dirigen las organizaciones m\u00e1s exitosas ha evolucionado de manera radical. Por ello, a continuaci\u00f3n te explicamos qu\u00e9 caracteriza al liderazgo [&hellip;]<\/p>\n","protected":false},"author":30,"featured_media":65331,"comment_status":"open","ping_status":"open","sticky":false,"template":"","format":"standard","meta":{"_acf_changed":false,"footnotes":""},"categories":[292],"tags":[515],"class_list":["post-65330","post","type-post","status-publish","format-standard","has-post-thumbnail","hentry","category-leadership-management","tag-liderazgo-empresarial-en-la-era-global"],"acf":[],"yoast_head":"<!-- This site is optimized with the Yoast SEO plugin v27.5 - https:\/\/yoast.com\/product\/yoast-seo-wordpress\/ -->\n<title>Liderazgo empresarial en la era global \u25b6 DESCUBRE por qu\u00e9 piensan distinto<\/title>\n<meta name=\"description\" content=\"Liderazgo empresarial en la era global \u25b6 Conoce por qu\u00e9 los l\u00edderes globales piensan distinto y c\u00f3mo desarrollar esta MENTALIDAD.\" \/>\n<meta name=\"robots\" content=\"index, follow, max-snippet:-1, max-image-preview:large, max-video-preview:-1\" \/>\n<link rel=\"canonical\" href=\"https:\/\/www.euncet.com\/blog\/es\/liderazgo-empresarial-era-global\/\" \/>\n<meta property=\"og:locale\" content=\"es_ES\" \/>\n<meta property=\"og:type\" content=\"article\" \/>\n<meta property=\"og:title\" content=\"Liderazgo empresarial en la era global \u25b6 DESCUBRE por qu\u00e9 piensan distinto\" \/>\n<meta property=\"og:description\" content=\"Liderazgo empresarial en la era global \u25b6 Conoce por qu\u00e9 los l\u00edderes globales piensan distinto y c\u00f3mo desarrollar esta MENTALIDAD.\" \/>\n<meta property=\"og:url\" content=\"https:\/\/www.euncet.com\/blog\/es\/liderazgo-empresarial-era-global\/\" \/>\n<meta property=\"og:site_name\" content=\"Euncet Business School\" \/>\n<meta property=\"article:publisher\" content=\"https:\/\/www.facebook.com\/euncet\" \/>\n<meta property=\"article:published_time\" content=\"2025-09-11T13:00:01+00:00\" \/>\n<meta property=\"article:modified_time\" content=\"2025-09-28T07:44:33+00:00\" \/>\n<meta property=\"og:image\" content=\"https:\/\/www.euncet.com\/blog\/wp-content\/uploads\/2025\/09\/lideres-globales-piensan-distinto-1059.png\" \/>\n\t<meta property=\"og:image:width\" content=\"1000\" \/>\n\t<meta property=\"og:image:height\" content=\"715\" \/>\n\t<meta property=\"og:image:type\" content=\"image\/png\" \/>\n<meta name=\"author\" content=\"Redacci\u00f3n\" \/>\n<meta name=\"twitter:card\" content=\"summary_large_image\" \/>\n<meta name=\"twitter:creator\" content=\"@euncet\" \/>\n<meta name=\"twitter:site\" content=\"@euncet\" \/>\n<meta name=\"twitter:label1\" content=\"Escrito por\" \/>\n\t<meta name=\"twitter:data1\" content=\"Redacci\u00f3n\" \/>\n\t<meta name=\"twitter:label2\" content=\"Tiempo de lectura\" \/>\n\t<meta name=\"twitter:data2\" content=\"8 minutos\" \/>\n<script type=\"application\/ld+json\" class=\"yoast-schema-graph\">{\"@context\":\"https:\\\/\\\/schema.org\",\"@graph\":[{\"@type\":\"Article\",\"@id\":\"https:\\\/\\\/www.euncet.com\\\/blog\\\/es\\\/liderazgo-empresarial-era-global\\\/#article\",\"isPartOf\":{\"@id\":\"https:\\\/\\\/www.euncet.com\\\/blog\\\/es\\\/liderazgo-empresarial-era-global\\\/\"},\"author\":{\"name\":\"Redacci\u00f3n\",\"@id\":\"https:\\\/\\\/www.euncet.com\\\/blog\\\/es\\\/#\\\/schema\\\/person\\\/08b0ae2abbe84c2d346311267c70a538\"},\"headline\":\"\u00bfPor qu\u00e9 los l\u00edderes globales piensan distinto?\",\"datePublished\":\"2025-09-11T13:00:01+00:00\",\"dateModified\":\"2025-09-28T07:44:33+00:00\",\"mainEntityOfPage\":{\"@id\":\"https:\\\/\\\/www.euncet.com\\\/blog\\\/es\\\/liderazgo-empresarial-era-global\\\/\"},\"wordCount\":1604,\"commentCount\":0,\"image\":{\"@id\":\"https:\\\/\\\/www.euncet.com\\\/blog\\\/es\\\/liderazgo-empresarial-era-global\\\/#primaryimage\"},\"thumbnailUrl\":\"https:\\\/\\\/www.euncet.com\\\/blog\\\/wp-content\\\/uploads\\\/2025\\\/09\\\/lideres-globales-piensan-distinto-1059.png\",\"keywords\":[\"liderazgo empresarial en la era global\"],\"articleSection\":[\"Liderazgo y Habilidades Directivas\"],\"inLanguage\":\"es\",\"potentialAction\":[{\"@type\":\"CommentAction\",\"name\":\"Comment\",\"target\":[\"https:\\\/\\\/www.euncet.com\\\/blog\\\/es\\\/liderazgo-empresarial-era-global\\\/#respond\"]}]},{\"@type\":\"WebPage\",\"@id\":\"https:\\\/\\\/www.euncet.com\\\/blog\\\/es\\\/liderazgo-empresarial-era-global\\\/\",\"url\":\"https:\\\/\\\/www.euncet.com\\\/blog\\\/es\\\/liderazgo-empresarial-era-global\\\/\",\"name\":\"Liderazgo empresarial en la era global \u25b6 DESCUBRE por qu\u00e9 piensan distinto\",\"isPartOf\":{\"@id\":\"https:\\\/\\\/www.euncet.com\\\/blog\\\/es\\\/#website\"},\"primaryImageOfPage\":{\"@id\":\"https:\\\/\\\/www.euncet.com\\\/blog\\\/es\\\/liderazgo-empresarial-era-global\\\/#primaryimage\"},\"image\":{\"@id\":\"https:\\\/\\\/www.euncet.com\\\/blog\\\/es\\\/liderazgo-empresarial-era-global\\\/#primaryimage\"},\"thumbnailUrl\":\"https:\\\/\\\/www.euncet.com\\\/blog\\\/wp-content\\\/uploads\\\/2025\\\/09\\\/lideres-globales-piensan-distinto-1059.png\",\"datePublished\":\"2025-09-11T13:00:01+00:00\",\"dateModified\":\"2025-09-28T07:44:33+00:00\",\"author\":{\"@id\":\"https:\\\/\\\/www.euncet.com\\\/blog\\\/es\\\/#\\\/schema\\\/person\\\/08b0ae2abbe84c2d346311267c70a538\"},\"description\":\"Liderazgo empresarial en la era global \u25b6 Conoce por qu\u00e9 los l\u00edderes globales piensan distinto y c\u00f3mo desarrollar esta MENTALIDAD.\",\"breadcrumb\":{\"@id\":\"https:\\\/\\\/www.euncet.com\\\/blog\\\/es\\\/liderazgo-empresarial-era-global\\\/#breadcrumb\"},\"inLanguage\":\"es\",\"potentialAction\":[{\"@type\":\"ReadAction\",\"target\":[\"https:\\\/\\\/www.euncet.com\\\/blog\\\/es\\\/liderazgo-empresarial-era-global\\\/\"]}]},{\"@type\":\"ImageObject\",\"inLanguage\":\"es\",\"@id\":\"https:\\\/\\\/www.euncet.com\\\/blog\\\/es\\\/liderazgo-empresarial-era-global\\\/#primaryimage\",\"url\":\"https:\\\/\\\/www.euncet.com\\\/blog\\\/wp-content\\\/uploads\\\/2025\\\/09\\\/lideres-globales-piensan-distinto-1059.png\",\"contentUrl\":\"https:\\\/\\\/www.euncet.com\\\/blog\\\/wp-content\\\/uploads\\\/2025\\\/09\\\/lideres-globales-piensan-distinto-1059.png\",\"width\":1000,\"height\":715,\"caption\":\"\u00bfPor-que-los-lideres-globales-piensan-distinto\"},{\"@type\":\"BreadcrumbList\",\"@id\":\"https:\\\/\\\/www.euncet.com\\\/blog\\\/es\\\/liderazgo-empresarial-era-global\\\/#breadcrumb\",\"itemListElement\":[{\"@type\":\"ListItem\",\"position\":1,\"name\":\"Portada\",\"item\":\"https:\\\/\\\/www.euncet.com\\\/blog\\\/es\\\/\"},{\"@type\":\"ListItem\",\"position\":2,\"name\":\"\u00bfPor qu\u00e9 los l\u00edderes globales piensan distinto?\"}]},{\"@type\":\"WebSite\",\"@id\":\"https:\\\/\\\/www.euncet.com\\\/blog\\\/es\\\/#website\",\"url\":\"https:\\\/\\\/www.euncet.com\\\/blog\\\/es\\\/\",\"name\":\"Euncet Business School\",\"description\":\"Escuela de negocios\",\"potentialAction\":[{\"@type\":\"SearchAction\",\"target\":{\"@type\":\"EntryPoint\",\"urlTemplate\":\"https:\\\/\\\/www.euncet.com\\\/blog\\\/es\\\/?s={search_term_string}\"},\"query-input\":{\"@type\":\"PropertyValueSpecification\",\"valueRequired\":true,\"valueName\":\"search_term_string\"}}],\"inLanguage\":\"es\"},{\"@type\":\"Person\",\"@id\":\"https:\\\/\\\/www.euncet.com\\\/blog\\\/es\\\/#\\\/schema\\\/person\\\/08b0ae2abbe84c2d346311267c70a538\",\"name\":\"Redacci\u00f3n\",\"image\":{\"@type\":\"ImageObject\",\"inLanguage\":\"es\",\"@id\":\"https:\\\/\\\/secure.gravatar.com\\\/avatar\\\/45c73eb9ea98c8640eeb2d358c31bf3843d35edd410e2e957b4cb6ed17c34192?s=96&d=mm&r=g\",\"url\":\"https:\\\/\\\/secure.gravatar.com\\\/avatar\\\/45c73eb9ea98c8640eeb2d358c31bf3843d35edd410e2e957b4cb6ed17c34192?s=96&d=mm&r=g\",\"contentUrl\":\"https:\\\/\\\/secure.gravatar.com\\\/avatar\\\/45c73eb9ea98c8640eeb2d358c31bf3843d35edd410e2e957b4cb6ed17c34192?s=96&d=mm&r=g\",\"caption\":\"Redacci\u00f3n\"},\"url\":\"https:\\\/\\\/www.euncet.com\\\/blog\\\/es\\\/author\\\/redaccion\\\/\"}]}<\/script>\n<!-- \/ Yoast SEO plugin. -->","yoast_head_json":{"title":"Liderazgo empresarial en la era global \u25b6 DESCUBRE por qu\u00e9 piensan distinto","description":"Liderazgo empresarial en la era global \u25b6 Conoce por qu\u00e9 los l\u00edderes globales piensan distinto y c\u00f3mo desarrollar esta MENTALIDAD.","robots":{"index":"index","follow":"follow","max-snippet":"max-snippet:-1","max-image-preview":"max-image-preview:large","max-video-preview":"max-video-preview:-1"},"canonical":"https:\/\/www.euncet.com\/blog\/es\/liderazgo-empresarial-era-global\/","og_locale":"es_ES","og_type":"article","og_title":"Liderazgo empresarial en la era global \u25b6 DESCUBRE por qu\u00e9 piensan distinto","og_description":"Liderazgo empresarial en la era global \u25b6 Conoce por qu\u00e9 los l\u00edderes globales piensan distinto y c\u00f3mo desarrollar esta MENTALIDAD.","og_url":"https:\/\/www.euncet.com\/blog\/es\/liderazgo-empresarial-era-global\/","og_site_name":"Euncet Business School","article_publisher":"https:\/\/www.facebook.com\/euncet","article_published_time":"2025-09-11T13:00:01+00:00","article_modified_time":"2025-09-28T07:44:33+00:00","og_image":[{"width":1000,"height":715,"url":"https:\/\/www.euncet.com\/blog\/wp-content\/uploads\/2025\/09\/lideres-globales-piensan-distinto-1059.png","type":"image\/png"}],"author":"Redacci\u00f3n","twitter_card":"summary_large_image","twitter_creator":"@euncet","twitter_site":"@euncet","twitter_misc":{"Escrito por":"Redacci\u00f3n","Tiempo de lectura":"8 minutos"},"schema":{"@context":"https:\/\/schema.org","@graph":[{"@type":"Article","@id":"https:\/\/www.euncet.com\/blog\/es\/liderazgo-empresarial-era-global\/#article","isPartOf":{"@id":"https:\/\/www.euncet.com\/blog\/es\/liderazgo-empresarial-era-global\/"},"author":{"name":"Redacci\u00f3n","@id":"https:\/\/www.euncet.com\/blog\/es\/#\/schema\/person\/08b0ae2abbe84c2d346311267c70a538"},"headline":"\u00bfPor qu\u00e9 los l\u00edderes globales piensan distinto?","datePublished":"2025-09-11T13:00:01+00:00","dateModified":"2025-09-28T07:44:33+00:00","mainEntityOfPage":{"@id":"https:\/\/www.euncet.com\/blog\/es\/liderazgo-empresarial-era-global\/"},"wordCount":1604,"commentCount":0,"image":{"@id":"https:\/\/www.euncet.com\/blog\/es\/liderazgo-empresarial-era-global\/#primaryimage"},"thumbnailUrl":"https:\/\/www.euncet.com\/blog\/wp-content\/uploads\/2025\/09\/lideres-globales-piensan-distinto-1059.png","keywords":["liderazgo empresarial en la era global"],"articleSection":["Liderazgo y Habilidades Directivas"],"inLanguage":"es","potentialAction":[{"@type":"CommentAction","name":"Comment","target":["https:\/\/www.euncet.com\/blog\/es\/liderazgo-empresarial-era-global\/#respond"]}]},{"@type":"WebPage","@id":"https:\/\/www.euncet.com\/blog\/es\/liderazgo-empresarial-era-global\/","url":"https:\/\/www.euncet.com\/blog\/es\/liderazgo-empresarial-era-global\/","name":"Liderazgo empresarial en la era global \u25b6 DESCUBRE por qu\u00e9 piensan distinto","isPartOf":{"@id":"https:\/\/www.euncet.com\/blog\/es\/#website"},"primaryImageOfPage":{"@id":"https:\/\/www.euncet.com\/blog\/es\/liderazgo-empresarial-era-global\/#primaryimage"},"image":{"@id":"https:\/\/www.euncet.com\/blog\/es\/liderazgo-empresarial-era-global\/#primaryimage"},"thumbnailUrl":"https:\/\/www.euncet.com\/blog\/wp-content\/uploads\/2025\/09\/lideres-globales-piensan-distinto-1059.png","datePublished":"2025-09-11T13:00:01+00:00","dateModified":"2025-09-28T07:44:33+00:00","author":{"@id":"https:\/\/www.euncet.com\/blog\/es\/#\/schema\/person\/08b0ae2abbe84c2d346311267c70a538"},"description":"Liderazgo empresarial en la era global \u25b6 Conoce por qu\u00e9 los l\u00edderes globales piensan distinto y c\u00f3mo desarrollar esta MENTALIDAD.","breadcrumb":{"@id":"https:\/\/www.euncet.com\/blog\/es\/liderazgo-empresarial-era-global\/#breadcrumb"},"inLanguage":"es","potentialAction":[{"@type":"ReadAction","target":["https:\/\/www.euncet.com\/blog\/es\/liderazgo-empresarial-era-global\/"]}]},{"@type":"ImageObject","inLanguage":"es","@id":"https:\/\/www.euncet.com\/blog\/es\/liderazgo-empresarial-era-global\/#primaryimage","url":"https:\/\/www.euncet.com\/blog\/wp-content\/uploads\/2025\/09\/lideres-globales-piensan-distinto-1059.png","contentUrl":"https:\/\/www.euncet.com\/blog\/wp-content\/uploads\/2025\/09\/lideres-globales-piensan-distinto-1059.png","width":1000,"height":715,"caption":"\u00bfPor-que-los-lideres-globales-piensan-distinto"},{"@type":"BreadcrumbList","@id":"https:\/\/www.euncet.com\/blog\/es\/liderazgo-empresarial-era-global\/#breadcrumb","itemListElement":[{"@type":"ListItem","position":1,"name":"Portada","item":"https:\/\/www.euncet.com\/blog\/es\/"},{"@type":"ListItem","position":2,"name":"\u00bfPor qu\u00e9 los l\u00edderes globales piensan distinto?"}]},{"@type":"WebSite","@id":"https:\/\/www.euncet.com\/blog\/es\/#website","url":"https:\/\/www.euncet.com\/blog\/es\/","name":"Euncet Business School","description":"Escuela de negocios","potentialAction":[{"@type":"SearchAction","target":{"@type":"EntryPoint","urlTemplate":"https:\/\/www.euncet.com\/blog\/es\/?s={search_term_string}"},"query-input":{"@type":"PropertyValueSpecification","valueRequired":true,"valueName":"search_term_string"}}],"inLanguage":"es"},{"@type":"Person","@id":"https:\/\/www.euncet.com\/blog\/es\/#\/schema\/person\/08b0ae2abbe84c2d346311267c70a538","name":"Redacci\u00f3n","image":{"@type":"ImageObject","inLanguage":"es","@id":"https:\/\/secure.gravatar.com\/avatar\/45c73eb9ea98c8640eeb2d358c31bf3843d35edd410e2e957b4cb6ed17c34192?s=96&d=mm&r=g","url":"https:\/\/secure.gravatar.com\/avatar\/45c73eb9ea98c8640eeb2d358c31bf3843d35edd410e2e957b4cb6ed17c34192?s=96&d=mm&r=g","contentUrl":"https:\/\/secure.gravatar.com\/avatar\/45c73eb9ea98c8640eeb2d358c31bf3843d35edd410e2e957b4cb6ed17c34192?s=96&d=mm&r=g","caption":"Redacci\u00f3n"},"url":"https:\/\/www.euncet.com\/blog\/es\/author\/redaccion\/"}]}},"_links":{"self":[{"href":"https:\/\/www.euncet.com\/blog\/es\/wp-json\/wp\/v2\/posts\/65330","targetHints":{"allow":["GET"]}}],"collection":[{"href":"https:\/\/www.euncet.com\/blog\/es\/wp-json\/wp\/v2\/posts"}],"about":[{"href":"https:\/\/www.euncet.com\/blog\/es\/wp-json\/wp\/v2\/types\/post"}],"author":[{"embeddable":true,"href":"https:\/\/www.euncet.com\/blog\/es\/wp-json\/wp\/v2\/users\/30"}],"replies":[{"embeddable":true,"href":"https:\/\/www.euncet.com\/blog\/es\/wp-json\/wp\/v2\/comments?post=65330"}],"version-history":[{"count":0,"href":"https:\/\/www.euncet.com\/blog\/es\/wp-json\/wp\/v2\/posts\/65330\/revisions"}],"wp:featuredmedia":[{"embeddable":true,"href":"https:\/\/www.euncet.com\/blog\/es\/wp-json\/wp\/v2\/media\/65331"}],"wp:attachment":[{"href":"https:\/\/www.euncet.com\/blog\/es\/wp-json\/wp\/v2\/media?parent=65330"}],"wp:term":[{"taxonomy":"category","embeddable":true,"href":"https:\/\/www.euncet.com\/blog\/es\/wp-json\/wp\/v2\/categories?post=65330"},{"taxonomy":"post_tag","embeddable":true,"href":"https:\/\/www.euncet.com\/blog\/es\/wp-json\/wp\/v2\/tags?post=65330"}],"curies":[{"name":"wp","href":"https:\/\/api.w.org\/{rel}","templated":true}]}}