{"id":67043,"date":"2026-03-09T11:33:50","date_gmt":"2026-03-09T10:33:50","guid":{"rendered":"https:\/\/www.euncet.com\/blog\/?p=67043"},"modified":"2026-03-23T12:17:10","modified_gmt":"2026-03-23T11:17:10","slug":"talent-day-futuro-empieza-euncet","status":"publish","type":"post","link":"https:\/\/www.euncet.com\/blog\/es\/talent-day-futuro-empieza-euncet\/","title":{"rendered":"Descubre tu talento: Talent Day, donde el futuro empieza"},"content":{"rendered":"\n<p>Las empresas no avanzan solas; avanzan las personas que las forman. Pero en el d\u00eda a d\u00eda de la b\u00fasqueda de empleo, surgen la incertidumbre, el desconocimiento y los bloqueos que afectan al potencial de los reci\u00e9n graduados. Estudiantes con un talento enorme pero sin un canal para mostrarlo, y empresas buscando perfiles que no encuentran, pueden limitar seriamente el potencial de cualquier ecosistema profesional. El&nbsp;<em><strong>Talent Day<\/strong><\/em>&nbsp;nace como respuesta a esta realidad: un evento que pone el foco en las personas, potencia la conexi\u00f3n directa entre universidad y empresa, y activa el talento joven para impulsar un crecimiento sostenible y consciente en el tejido empresarial.<\/p><div id=\"ez-toc-container\" class=\"ez-toc-v2_0_82_2 counter-hierarchy ez-toc-counter ez-toc-custom ez-toc-container-direction\">\n<div class=\"ez-toc-title-container\">\n<p class=\"ez-toc-title\" style=\"cursor:inherit\">\u00cdNDICE DE CONTENIDOS<\/p>\n<span class=\"ez-toc-title-toggle\"><a href=\"#\" class=\"ez-toc-pull-right ez-toc-btn ez-toc-btn-xs ez-toc-btn-default ez-toc-toggle\" aria-label=\"Alternar tabla de contenidos\"><span class=\"ez-toc-js-icon-con\"><span class=\"\"><span class=\"eztoc-hide\" style=\"display:none;\">Toggle<\/span><span class=\"ez-toc-icon-toggle-span\"><svg style=\"fill: #222222;color:#222222\" xmlns=\"http:\/\/www.w3.org\/2000\/svg\" class=\"list-377408\" width=\"20px\" height=\"20px\" viewBox=\"0 0 24 24\" fill=\"none\"><path d=\"M6 6H4v2h2V6zm14 0H8v2h12V6zM4 11h2v2H4v-2zm16 0H8v2h12v-2zM4 16h2v2H4v-2zm16 0H8v2h12v-2z\" fill=\"currentColor\"><\/path><\/svg><svg style=\"fill: #222222;color:#222222\" class=\"arrow-unsorted-368013\" xmlns=\"http:\/\/www.w3.org\/2000\/svg\" width=\"10px\" height=\"10px\" viewBox=\"0 0 24 24\" version=\"1.2\" baseProfile=\"tiny\"><path d=\"M18.2 9.3l-6.2-6.3-6.2 6.3c-.2.2-.3.4-.3.7s.1.5.3.7c.2.2.4.3.7.3h11c.3 0 .5-.1.7-.3.2-.2.3-.5.3-.7s-.1-.5-.3-.7zM5.8 14.7l6.2 6.3 6.2-6.3c.2-.2.3-.5.3-.7s-.1-.5-.3-.7c-.2-.2-.4-.3-.7-.3h-11c-.3 0-.5.1-.7.3-.2.2-.3.5-.3.7s.1.5.3.7z\"\/><\/svg><\/span><\/span><\/span><\/a><\/span><\/div>\n<nav><ul class='ez-toc-list ez-toc-list-level-1 ' ><li class='ez-toc-page-1 ez-toc-heading-level-2'><a class=\"ez-toc-link ez-toc-heading-1\" href=\"https:\/\/www.euncet.com\/blog\/es\/talent-day-futuro-empieza-euncet\/#%C2%BFQue_es_un_Talent_Day_y_por_que_es_tan_importante_para_tu_futuro\" >\u00bfQu\u00e9 es un Talent Day y por qu\u00e9 es tan importante para tu futuro?<\/a><\/li><li class='ez-toc-page-1 ez-toc-heading-level-2'><a class=\"ez-toc-link ez-toc-heading-2\" href=\"https:\/\/www.euncet.com\/blog\/es\/talent-day-futuro-empieza-euncet\/#Estructura_de_un_Talent_Day_mas_alla_de_los_stands\" >Estructura de un Talent Day: m\u00e1s all\u00e1 de los stands<\/a><\/li><li class='ez-toc-page-1 ez-toc-heading-level-2'><a class=\"ez-toc-link ez-toc-heading-3\" href=\"https:\/\/www.euncet.com\/blog\/es\/talent-day-futuro-empieza-euncet\/#El_Talent_Day_de_Euncet_2026_tu_cita_con_el_futuro\" >El Talent Day de Euncet 2026: tu cita con el futuro<\/a><\/li><li class='ez-toc-page-1 ez-toc-heading-level-2'><a class=\"ez-toc-link ez-toc-heading-4\" href=\"https:\/\/www.euncet.com\/blog\/es\/talent-day-futuro-empieza-euncet\/#Como_prepararte_para_sacar_el_maximo_partido_al_Talent_Day\" >C\u00f3mo prepararte para sacar el m\u00e1ximo partido al Talent Day<\/a><\/li><li class='ez-toc-page-1 ez-toc-heading-level-2'><a class=\"ez-toc-link ez-toc-heading-5\" href=\"https:\/\/www.euncet.com\/blog\/es\/talent-day-futuro-empieza-euncet\/#Conclusion_el_talento_eres_tu_la_oportunidad_es_el_Talent_Day\" >Conclusi\u00f3n: el talento eres t\u00fa, la oportunidad es el Talent Day<\/a><\/li><\/ul><\/nav><\/div>\n\n\n\n\n<p>Encontrar trabajo despu\u00e9s de la universidad es uno de los mayores retos a los que se enfrenta un estudiante. El&nbsp;<strong>desarrollo profesional de los estudiantes<\/strong>&nbsp;no termina con la obtenci\u00f3n de un t\u00edtulo; de hecho, ah\u00ed es donde realmente empieza. Por eso, los&nbsp;<strong>eventos de talento en Espa\u00f1a<\/strong>&nbsp;y las&nbsp;<strong>ferias de empleo universitarias<\/strong>&nbsp;se han convertido en una pieza clave. Son el puente que conecta la formaci\u00f3n acad\u00e9mica con las&nbsp;<strong>oportunidades laborales de Euncet<\/strong>&nbsp;y de otras muchas empresas. Este art\u00edculo te guiar\u00e1 a trav\u00e9s de qu\u00e9 es un Talent Day, por qu\u00e9 es una cita ineludible en tu calendario y c\u00f3mo puede transformar tu futuro profesional.<\/p>\n\n\n\n<h2 class=\"wp-block-heading\"><span class=\"ez-toc-section\" id=\"%C2%BFQue_es_un_Talent_Day_y_por_que_es_tan_importante_para_tu_futuro\"><\/span>\u00bfQu\u00e9 es un Talent Day y por qu\u00e9 es tan importante para tu futuro?<span class=\"ez-toc-section-end\"><\/span><\/h2>\n\n\n\n<p>Un Talent Day es mucho m\u00e1s que una simple&nbsp;<strong>feria de empleo universitaria<\/strong>. Es un ecosistema dise\u00f1ado para que el talento emergente y las empresas l\u00edderes se encuentren, interact\u00faen y sienten las bases de una futura relaci\u00f3n profesional. A diferencia de enviar un curr\u00edculum a un portal de empleo, un Talent Day te ofrece la oportunidad de mirar a los ojos a los reclutadores, de transmitir tu pasi\u00f3n y de demostrar tus habilidades m\u00e1s all\u00e1 de lo que cabe en un folio. Es un evento din\u00e1mico, lleno de energ\u00eda, donde se celebran ponencias (Talent Talks), se organizan entrevistas r\u00e1pidas (Speed Networking) y, sobre todo, se crean conexiones humanas.<\/p>\n\n\n\n<p>La importancia de asistir a un evento como este radica en tres factores clave. Primero, la&nbsp;<strong>visibilidad<\/strong>. Te expones a decenas de empresas en una sola ma\u00f1ana, multiplicando exponencialmente tus posibilidades de ser visto. En un mercado laboral cada vez m\u00e1s competitivo, la diferencia entre conseguir una entrevista o no puede residir en esa primera impresi\u00f3n cara a cara que ning\u00fan portal de empleo puede ofrecer. Segundo, el&nbsp;<strong>conocimiento del mercado<\/strong>. Escuchar las Talent Talks y hablar con los profesionales te da una visi\u00f3n de primera mano sobre qu\u00e9 perfiles se demandan, qu\u00e9 competencias son las m\u00e1s valoradas y hacia d\u00f3nde se dirige tu sector. Esta informaci\u00f3n es oro puro para orientar tu formaci\u00f3n continua y tus pr\u00f3ximos pasos profesionales. Por \u00faltimo, el&nbsp;<strong>networking<\/strong>. Conocer a otros estudiantes, a alumni que ya est\u00e1n trabajando y a profesionales de recursos humanos te permite construir una red de contactos que puede ser fundamental a lo largo de toda tu carrera. Seg\u00fan numerosos estudios, m\u00e1s del 70% de las ofertas de empleo nunca se publican y se cubren a trav\u00e9s de contactos y referencias.<\/p>\n\n\n\n<h2 class=\"wp-block-heading\"><span class=\"ez-toc-section\" id=\"Estructura_de_un_Talent_Day_mas_alla_de_los_stands\"><\/span>Estructura de un Talent Day: m\u00e1s all\u00e1 de los stands<span class=\"ez-toc-section-end\"><\/span><\/h2>\n\n\n\n<p>Para entender el valor real de estos eventos, es \u00fatil desglosar su estructura t\u00edpica, que combina diferentes formatos para maximizar la experiencia tanto de los estudiantes como de las empresas.<\/p>\n\n\n\n<figure class=\"wp-block-table\"><table class=\"has-fixed-layout\"><thead><tr><th>Actividad<\/th><th>Descripci\u00f3n<\/th><th>Beneficio para el Estudiante<\/th><\/tr><\/thead><tbody><tr><td><strong>Talent Talks<\/strong><\/td><td>Ponencias breves e inspiradoras a cargo de expertos del sector y directivos de empresas. Abordan tendencias, consejos para la carrera y competencias clave.<\/td><td>Obtener una visi\u00f3n estrat\u00e9gica del mercado laboral, aprender de la experiencia de profesionales de \u00e9xito y descubrir nuevas \u00e1reas de inter\u00e9s.<\/td><\/tr><tr><td><strong>Speed Networking<\/strong><\/td><td>Zona de encuentro principal donde los estudiantes pueden interactuar directamente con los reclutadores en los stands de las empresas. Se realizan entrevistas cortas y se intercambia informaci\u00f3n.<\/td><td>Presentarse personalmente, entregar el CV, resolver dudas sobre la empresa y sus procesos de selecci\u00f3n, y causar una primera impresi\u00f3n memorable.<\/td><\/tr><tr><td><strong>Workshops y Talleres<\/strong><\/td><td>Sesiones pr\u00e1cticas en grupos reducidos sobre temas espec\u00edficos como la optimizaci\u00f3n del CV, la preparaci\u00f3n de entrevistas o el uso de LinkedIn para la b\u00fasqueda de empleo.<\/td><td>Adquirir herramientas pr\u00e1cticas y accionables para mejorar la candidatura y afrontar con m\u00e1s seguridad los procesos de selecci\u00f3n.<\/td><\/tr><\/tbody><\/table><\/figure>\n\n\n\n<h2 class=\"wp-block-heading\"><span class=\"ez-toc-section\" id=\"El_Talent_Day_de_Euncet_2026_tu_cita_con_el_futuro\"><\/span>El Talent Day de Euncet 2026: tu cita con el futuro<span class=\"ez-toc-section-end\"><\/span><\/h2>\n\n\n\n<p>Ahora que ya sabes qu\u00e9 es un Talent Day, marca esta fecha en tu calendario:&nbsp;<strong>martes, 10 de marzo de 2026<\/strong>. De 9:00 a 14:00h, el&nbsp;<a href=\"https:\/\/www.euncet.com\/es\/campus\/terrassa\/\" target=\"_blank\" rel=\"noreferrer noopener\">Campus de Terrassa de Euncet Business School<\/a>&nbsp;acoger\u00e1 una nueva edici\u00f3n de su emblem\u00e1tico&nbsp;<strong>Talent Day<\/strong>. Este a\u00f1o, el evento pone un foco especial en el emprendimiento como salida profesional, lo que lo convierte en una oportunidad \u00fanica para quienes est\u00e1n considerando lanzar su propio proyecto. No obstante, las oportunidades en grandes corporaciones y pymes de todos los sectores seguir\u00e1n siendo un pilar fundamental del evento.<\/p>\n\n\n\n<p>En la edici\u00f3n de 2025, m\u00e1s de 400 estudiantes y Alumni tuvieron la oportunidad de conectar con empresas de primer nivel, y los resultados fueron extraordinarios: muchos de ellos consiguieron pr\u00e1cticas, entrevistas de seguimiento e incluso ofertas de empleo directas. Este a\u00f1o, t\u00fa puedes ser uno de ellos. Es tu oportunidad para descubrir las&nbsp;<strong>oportunidades laborales que Euncet<\/strong>&nbsp;y su red de empresas colaboradoras tienen para ti, y para demostrar todo el talento que llevas dentro. Adem\u00e1s, si eres&nbsp;<a href=\"https:\/\/www.euncet.com\/blog\/es\/comunidad-euncet\/alumni-euncet\/\" target=\"_blank\" rel=\"noreferrer noopener\">Alumni de Euncet<\/a>, el Talent Day es tambi\u00e9n tu espacio: una oportunidad para reconectar con la comunidad, ampliar tu red y explorar nuevos horizontes profesionales.<\/p>\n\n\n\n<h2 class=\"wp-block-heading\"><span class=\"ez-toc-section\" id=\"Como_prepararte_para_sacar_el_maximo_partido_al_Talent_Day\"><\/span>C\u00f3mo prepararte para sacar el m\u00e1ximo partido al Talent Day<span class=\"ez-toc-section-end\"><\/span><\/h2>\n\n\n\n<p>Asistir a un Talent Day sin preparaci\u00f3n es desaprovechar parte de su potencial. Para sacar realmente partido a la experiencia, conviene llegar con una estrategia clara antes, durante y despu\u00e9s del evento.<\/p>\n\n\n\n<ul class=\"wp-block-list\">\n<li><strong>Antes del evento: <\/strong>Investiga a fondo las empresas asistentes. Entra en sus webs, revisa sus valores, sus \u00faltimas noticias y los perfiles que suelen buscar. Prepara un \u00ab<a href=\"https:\/\/www.euncet.com\/blog\/es\/que-es-el-networking-y-como-te-puede-ayudar\/\" target=\"_blank\" rel=\"noreferrer noopener\">elevator pitch<\/a>\u00bb de 30 segundos sobre ti: qui\u00e9n eres, qu\u00e9 estudias, qu\u00e9 te interesa y qu\u00e9 puedes aportar. Actualiza tu curr\u00edculum y tu perfil de LinkedIn; lleva varias copias impresas de tu CV y aseg\u00farate de que tu perfil online transmite una imagen profesional, con una buena fotograf\u00eda y un extracto que refleje con claridad tu propuesta de valor.<\/li>\n\n\n\n<li><strong>Durante el evento:<\/strong> S\u00e9 proactivo y no te quedes esperando a que todo ocurra solo. Ac\u00e9rcate a los stands con seguridad, sonr\u00ede y mant\u00e9n el contacto visual. Prepara preguntas inteligentes para los reclutadores: interesarte por la cultura de la empresa, los retos del puesto o las oportunidades de crecimiento demuestra una actitud genuina, mucho m\u00e1s valiosa que limitarse a pedir informaci\u00f3n sobre vacantes. Toma notas despu\u00e9s de cada conversaci\u00f3n para no perder los detalles importantes.<\/li>\n\n\n\n<li><strong>Despu\u00e9s del evento:<\/strong> El seguimiento es casi tan importante como la propia asistencia. Env\u00eda un correo electr\u00f3nico de agradecimiento a los reclutadores con los que hablaste, mencionando alg\u00fan detalle concreto de vuestra conversaci\u00f3n. Conecta con ellos en LinkedIn con un mensaje personalizado. Es un gesto sencillo, pero puede marcar la diferencia entre ser un candidato m\u00e1s o convertirte en alguien a quien recuerdan.<\/li>\n<\/ul>\n\n\n\n<h2 class=\"wp-block-heading\"><span class=\"ez-toc-section\" id=\"Conclusion_el_talento_eres_tu_la_oportunidad_es_el_Talent_Day\"><\/span>Conclusi\u00f3n: el talento eres t\u00fa, la oportunidad es el Talent Day<span class=\"ez-toc-section-end\"><\/span><\/h2>\n\n\n\n<p>En resumen, el&nbsp;<strong>desarrollo profesional de los estudiantes<\/strong>&nbsp;es un camino que empieza mucho antes de la graduaci\u00f3n. Eventos como el&nbsp;<strong>Talent Day<\/strong>&nbsp;son catalizadores que aceleran este proceso, ofreciendo una plataforma inmejorable para conectar con el mundo empresarial. No se trata solo de&nbsp;<strong>c\u00f3mo encontrar trabajo despu\u00e9s de la universidad<\/strong>, sino de encontrar el trabajo adecuado, aquel que encaje con tus pasiones, tus habilidades y tus aspiraciones. La b\u00fasqueda de empleo no tiene por qu\u00e9 ser un proceso solitario y frustrante; con las herramientas adecuadas y los eventos correctos, puede convertirse en una experiencia enriquecedora y llena de oportunidades.<\/p>\n\n\n\n<p>Euncet Business School no solo te forma acad\u00e9micamente, sino que te acompa\u00f1a en tu transici\u00f3n al mundo laboral. A trav\u00e9s de su&nbsp;<a href=\"https:\/\/www.euncet.com\/es\/bolsa-de-trabajo\/\" target=\"_blank\" rel=\"noreferrer noopener\">bolsa de trabajo<\/a>, sus programas de pr\u00e1cticas y eventos como el Talent Day, la escuela se asegura de que sus estudiantes y alumni cuenten con todas las herramientas necesarias para dar el salto profesional con confianza y garant\u00edas.<\/p>\n\n\n\n<p>No dejes tu futuro al azar. Prep\u00e1rate, investiga y ven al&nbsp;<a href=\"https:\/\/www.euncet.com\/es\/talent-day-empresa-y-marketing\/\" target=\"_blank\" rel=\"noreferrer noopener\">Talent Day de Euncet<\/a>&nbsp;el pr\u00f3ximo 10 de marzo. Es tu momento, es tu futuro. \u00a1Empieza a construirlo hoy!<\/p>\n","protected":false},"excerpt":{"rendered":"<p>Las empresas no avanzan solas; avanzan las personas que las forman. Pero en el d\u00eda a d\u00eda de la b\u00fasqueda de empleo, surgen la incertidumbre, el desconocimiento y los bloqueos que afectan al potencial de los reci\u00e9n graduados. Estudiantes con un talento enorme pero sin un canal para mostrarlo, y empresas buscando perfiles que no [&hellip;]<\/p>\n","protected":false},"author":36,"featured_media":67044,"comment_status":"open","ping_status":"open","sticky":false,"template":"","format":"standard","meta":{"_acf_changed":false,"footnotes":""},"categories":[293],"tags":[639],"class_list":["post-67043","post","type-post","status-publish","format-standard","has-post-thumbnail","hentry","category-marketing-comunicacion-y-ventas","tag-talent-day"],"acf":[],"yoast_head":"<!-- This site is optimized with the Yoast SEO plugin v27.5 - https:\/\/yoast.com\/product\/yoast-seo-wordpress\/ -->\n<title>Talent Day \u25b6 descubre tu FUTURO profesional en Euncet<\/title>\n<meta name=\"description\" content=\"\u25b6 Talent Day de Euncet 2026: conecta con empresas, descubre OPORTUNIDADES laborales y empieza a construir tu carrera. \u00a110 de marzo!\" \/>\n<meta name=\"robots\" content=\"index, follow, max-snippet:-1, max-image-preview:large, max-video-preview:-1\" \/>\n<link rel=\"canonical\" href=\"https:\/\/www.euncet.com\/blog\/es\/talent-day-futuro-empieza-euncet\/\" \/>\n<meta property=\"og:locale\" content=\"es_ES\" \/>\n<meta property=\"og:type\" content=\"article\" \/>\n<meta property=\"og:title\" content=\"Talent Day \u25b6 descubre tu FUTURO profesional en Euncet\" \/>\n<meta property=\"og:description\" content=\"\u25b6 Talent Day de Euncet 2026: conecta con empresas, descubre OPORTUNIDADES laborales y empieza a construir tu carrera. \u00a110 de marzo!\" \/>\n<meta property=\"og:url\" content=\"https:\/\/www.euncet.com\/blog\/es\/talent-day-futuro-empieza-euncet\/\" \/>\n<meta property=\"og:site_name\" content=\"Euncet Business School\" \/>\n<meta property=\"article:publisher\" content=\"https:\/\/www.facebook.com\/euncet\" \/>\n<meta property=\"article:published_time\" content=\"2026-03-09T10:33:50+00:00\" \/>\n<meta property=\"article:modified_time\" content=\"2026-03-23T11:17:10+00:00\" \/>\n<meta property=\"og:image\" content=\"https:\/\/www.euncet.com\/blog\/wp-content\/uploads\/2026\/03\/descubre-tu-talento-talent-day-futuro-empieza-1059-scaled.jpg\" \/>\n\t<meta property=\"og:image:width\" content=\"2560\" \/>\n\t<meta property=\"og:image:height\" content=\"1429\" \/>\n\t<meta property=\"og:image:type\" content=\"image\/jpeg\" \/>\n<meta name=\"author\" content=\"Anna Llacher Alsina\" \/>\n<meta name=\"twitter:card\" content=\"summary_large_image\" \/>\n<meta name=\"twitter:creator\" content=\"@euncet\" \/>\n<meta name=\"twitter:site\" content=\"@euncet\" \/>\n<meta name=\"twitter:label1\" content=\"Escrito por\" \/>\n\t<meta name=\"twitter:data1\" content=\"Anna Llacher Alsina\" \/>\n\t<meta name=\"twitter:label2\" content=\"Tiempo de lectura\" \/>\n\t<meta name=\"twitter:data2\" content=\"7 minutos\" \/>\n<script type=\"application\/ld+json\" class=\"yoast-schema-graph\">{\"@context\":\"https:\\\/\\\/schema.org\",\"@graph\":[{\"@type\":\"Article\",\"@id\":\"https:\\\/\\\/www.euncet.com\\\/blog\\\/es\\\/talent-day-futuro-empieza-euncet\\\/#article\",\"isPartOf\":{\"@id\":\"https:\\\/\\\/www.euncet.com\\\/blog\\\/es\\\/talent-day-futuro-empieza-euncet\\\/\"},\"author\":{\"name\":\"Anna Llacher Alsina\",\"@id\":\"https:\\\/\\\/www.euncet.com\\\/blog\\\/es\\\/#\\\/schema\\\/person\\\/e846e3d91e4f5b93d62065ac5fb8d8ea\"},\"headline\":\"Descubre tu talento: Talent Day, donde el futuro empieza\",\"datePublished\":\"2026-03-09T10:33:50+00:00\",\"dateModified\":\"2026-03-23T11:17:10+00:00\",\"mainEntityOfPage\":{\"@id\":\"https:\\\/\\\/www.euncet.com\\\/blog\\\/es\\\/talent-day-futuro-empieza-euncet\\\/\"},\"wordCount\":1512,\"commentCount\":0,\"image\":{\"@id\":\"https:\\\/\\\/www.euncet.com\\\/blog\\\/es\\\/talent-day-futuro-empieza-euncet\\\/#primaryimage\"},\"thumbnailUrl\":\"https:\\\/\\\/www.euncet.com\\\/blog\\\/wp-content\\\/uploads\\\/2026\\\/03\\\/descubre-tu-talento-talent-day-futuro-empieza-1059-scaled.jpg\",\"keywords\":[\"Talent Day\"],\"articleSection\":[\"Marketing y Comunicaci\u00f3n\"],\"inLanguage\":\"es\",\"potentialAction\":[{\"@type\":\"CommentAction\",\"name\":\"Comment\",\"target\":[\"https:\\\/\\\/www.euncet.com\\\/blog\\\/es\\\/talent-day-futuro-empieza-euncet\\\/#respond\"]}]},{\"@type\":\"WebPage\",\"@id\":\"https:\\\/\\\/www.euncet.com\\\/blog\\\/es\\\/talent-day-futuro-empieza-euncet\\\/\",\"url\":\"https:\\\/\\\/www.euncet.com\\\/blog\\\/es\\\/talent-day-futuro-empieza-euncet\\\/\",\"name\":\"Talent Day \u25b6 descubre tu FUTURO profesional en Euncet\",\"isPartOf\":{\"@id\":\"https:\\\/\\\/www.euncet.com\\\/blog\\\/es\\\/#website\"},\"primaryImageOfPage\":{\"@id\":\"https:\\\/\\\/www.euncet.com\\\/blog\\\/es\\\/talent-day-futuro-empieza-euncet\\\/#primaryimage\"},\"image\":{\"@id\":\"https:\\\/\\\/www.euncet.com\\\/blog\\\/es\\\/talent-day-futuro-empieza-euncet\\\/#primaryimage\"},\"thumbnailUrl\":\"https:\\\/\\\/www.euncet.com\\\/blog\\\/wp-content\\\/uploads\\\/2026\\\/03\\\/descubre-tu-talento-talent-day-futuro-empieza-1059-scaled.jpg\",\"datePublished\":\"2026-03-09T10:33:50+00:00\",\"dateModified\":\"2026-03-23T11:17:10+00:00\",\"author\":{\"@id\":\"https:\\\/\\\/www.euncet.com\\\/blog\\\/es\\\/#\\\/schema\\\/person\\\/e846e3d91e4f5b93d62065ac5fb8d8ea\"},\"description\":\"\u25b6 Talent Day de Euncet 2026: conecta con empresas, descubre OPORTUNIDADES laborales y empieza a construir tu carrera. \u00a110 de marzo!\",\"breadcrumb\":{\"@id\":\"https:\\\/\\\/www.euncet.com\\\/blog\\\/es\\\/talent-day-futuro-empieza-euncet\\\/#breadcrumb\"},\"inLanguage\":\"es\",\"potentialAction\":[{\"@type\":\"ReadAction\",\"target\":[\"https:\\\/\\\/www.euncet.com\\\/blog\\\/es\\\/talent-day-futuro-empieza-euncet\\\/\"]}]},{\"@type\":\"ImageObject\",\"inLanguage\":\"es\",\"@id\":\"https:\\\/\\\/www.euncet.com\\\/blog\\\/es\\\/talent-day-futuro-empieza-euncet\\\/#primaryimage\",\"url\":\"https:\\\/\\\/www.euncet.com\\\/blog\\\/wp-content\\\/uploads\\\/2026\\\/03\\\/descubre-tu-talento-talent-day-futuro-empieza-1059-scaled.jpg\",\"contentUrl\":\"https:\\\/\\\/www.euncet.com\\\/blog\\\/wp-content\\\/uploads\\\/2026\\\/03\\\/descubre-tu-talento-talent-day-futuro-empieza-1059-scaled.jpg\",\"width\":2560,\"height\":1429,\"caption\":\"Talent Day\"},{\"@type\":\"BreadcrumbList\",\"@id\":\"https:\\\/\\\/www.euncet.com\\\/blog\\\/es\\\/talent-day-futuro-empieza-euncet\\\/#breadcrumb\",\"itemListElement\":[{\"@type\":\"ListItem\",\"position\":1,\"name\":\"Portada\",\"item\":\"https:\\\/\\\/www.euncet.com\\\/blog\\\/es\\\/\"},{\"@type\":\"ListItem\",\"position\":2,\"name\":\"Descubre tu talento: Talent Day, donde el futuro empieza\"}]},{\"@type\":\"WebSite\",\"@id\":\"https:\\\/\\\/www.euncet.com\\\/blog\\\/es\\\/#website\",\"url\":\"https:\\\/\\\/www.euncet.com\\\/blog\\\/es\\\/\",\"name\":\"Euncet Business School\",\"description\":\"Escuela de negocios\",\"potentialAction\":[{\"@type\":\"SearchAction\",\"target\":{\"@type\":\"EntryPoint\",\"urlTemplate\":\"https:\\\/\\\/www.euncet.com\\\/blog\\\/es\\\/?s={search_term_string}\"},\"query-input\":{\"@type\":\"PropertyValueSpecification\",\"valueRequired\":true,\"valueName\":\"search_term_string\"}}],\"inLanguage\":\"es\"},{\"@type\":\"Person\",\"@id\":\"https:\\\/\\\/www.euncet.com\\\/blog\\\/es\\\/#\\\/schema\\\/person\\\/e846e3d91e4f5b93d62065ac5fb8d8ea\",\"name\":\"Anna Llacher Alsina\",\"image\":{\"@type\":\"ImageObject\",\"inLanguage\":\"es\",\"@id\":\"https:\\\/\\\/www.euncet.com\\\/blog\\\/wp-content\\\/uploads\\\/2025\\\/12\\\/Anna-Llacher_Anna-Llacher-Alsina_300x300-96x96.png\",\"url\":\"https:\\\/\\\/www.euncet.com\\\/blog\\\/wp-content\\\/uploads\\\/2025\\\/12\\\/Anna-Llacher_Anna-Llacher-Alsina_300x300-96x96.png\",\"contentUrl\":\"https:\\\/\\\/www.euncet.com\\\/blog\\\/wp-content\\\/uploads\\\/2025\\\/12\\\/Anna-Llacher_Anna-Llacher-Alsina_300x300-96x96.png\",\"caption\":\"Anna Llacher Alsina\"},\"sameAs\":[\"https:\\\/\\\/www.linkedin.com\\\/in\\\/annallacher\\\/?originalSubdomain=es\"],\"url\":\"https:\\\/\\\/www.euncet.com\\\/blog\\\/es\\\/author\\\/anna-llacher-alsina\\\/\"}]}<\/script>\n<!-- \/ Yoast SEO plugin. -->","yoast_head_json":{"title":"Talent Day \u25b6 descubre tu FUTURO profesional en Euncet","description":"\u25b6 Talent Day de Euncet 2026: conecta con empresas, descubre OPORTUNIDADES laborales y empieza a construir tu carrera. \u00a110 de marzo!","robots":{"index":"index","follow":"follow","max-snippet":"max-snippet:-1","max-image-preview":"max-image-preview:large","max-video-preview":"max-video-preview:-1"},"canonical":"https:\/\/www.euncet.com\/blog\/es\/talent-day-futuro-empieza-euncet\/","og_locale":"es_ES","og_type":"article","og_title":"Talent Day \u25b6 descubre tu FUTURO profesional en Euncet","og_description":"\u25b6 Talent Day de Euncet 2026: conecta con empresas, descubre OPORTUNIDADES laborales y empieza a construir tu carrera. \u00a110 de marzo!","og_url":"https:\/\/www.euncet.com\/blog\/es\/talent-day-futuro-empieza-euncet\/","og_site_name":"Euncet Business School","article_publisher":"https:\/\/www.facebook.com\/euncet","article_published_time":"2026-03-09T10:33:50+00:00","article_modified_time":"2026-03-23T11:17:10+00:00","og_image":[{"width":2560,"height":1429,"url":"https:\/\/www.euncet.com\/blog\/wp-content\/uploads\/2026\/03\/descubre-tu-talento-talent-day-futuro-empieza-1059-scaled.jpg","type":"image\/jpeg"}],"author":"Anna Llacher Alsina","twitter_card":"summary_large_image","twitter_creator":"@euncet","twitter_site":"@euncet","twitter_misc":{"Escrito por":"Anna Llacher Alsina","Tiempo de lectura":"7 minutos"},"schema":{"@context":"https:\/\/schema.org","@graph":[{"@type":"Article","@id":"https:\/\/www.euncet.com\/blog\/es\/talent-day-futuro-empieza-euncet\/#article","isPartOf":{"@id":"https:\/\/www.euncet.com\/blog\/es\/talent-day-futuro-empieza-euncet\/"},"author":{"name":"Anna Llacher Alsina","@id":"https:\/\/www.euncet.com\/blog\/es\/#\/schema\/person\/e846e3d91e4f5b93d62065ac5fb8d8ea"},"headline":"Descubre tu talento: Talent Day, donde el futuro empieza","datePublished":"2026-03-09T10:33:50+00:00","dateModified":"2026-03-23T11:17:10+00:00","mainEntityOfPage":{"@id":"https:\/\/www.euncet.com\/blog\/es\/talent-day-futuro-empieza-euncet\/"},"wordCount":1512,"commentCount":0,"image":{"@id":"https:\/\/www.euncet.com\/blog\/es\/talent-day-futuro-empieza-euncet\/#primaryimage"},"thumbnailUrl":"https:\/\/www.euncet.com\/blog\/wp-content\/uploads\/2026\/03\/descubre-tu-talento-talent-day-futuro-empieza-1059-scaled.jpg","keywords":["Talent Day"],"articleSection":["Marketing y Comunicaci\u00f3n"],"inLanguage":"es","potentialAction":[{"@type":"CommentAction","name":"Comment","target":["https:\/\/www.euncet.com\/blog\/es\/talent-day-futuro-empieza-euncet\/#respond"]}]},{"@type":"WebPage","@id":"https:\/\/www.euncet.com\/blog\/es\/talent-day-futuro-empieza-euncet\/","url":"https:\/\/www.euncet.com\/blog\/es\/talent-day-futuro-empieza-euncet\/","name":"Talent Day \u25b6 descubre tu FUTURO profesional en Euncet","isPartOf":{"@id":"https:\/\/www.euncet.com\/blog\/es\/#website"},"primaryImageOfPage":{"@id":"https:\/\/www.euncet.com\/blog\/es\/talent-day-futuro-empieza-euncet\/#primaryimage"},"image":{"@id":"https:\/\/www.euncet.com\/blog\/es\/talent-day-futuro-empieza-euncet\/#primaryimage"},"thumbnailUrl":"https:\/\/www.euncet.com\/blog\/wp-content\/uploads\/2026\/03\/descubre-tu-talento-talent-day-futuro-empieza-1059-scaled.jpg","datePublished":"2026-03-09T10:33:50+00:00","dateModified":"2026-03-23T11:17:10+00:00","author":{"@id":"https:\/\/www.euncet.com\/blog\/es\/#\/schema\/person\/e846e3d91e4f5b93d62065ac5fb8d8ea"},"description":"\u25b6 Talent Day de Euncet 2026: conecta con empresas, descubre OPORTUNIDADES laborales y empieza a construir tu carrera. \u00a110 de marzo!","breadcrumb":{"@id":"https:\/\/www.euncet.com\/blog\/es\/talent-day-futuro-empieza-euncet\/#breadcrumb"},"inLanguage":"es","potentialAction":[{"@type":"ReadAction","target":["https:\/\/www.euncet.com\/blog\/es\/talent-day-futuro-empieza-euncet\/"]}]},{"@type":"ImageObject","inLanguage":"es","@id":"https:\/\/www.euncet.com\/blog\/es\/talent-day-futuro-empieza-euncet\/#primaryimage","url":"https:\/\/www.euncet.com\/blog\/wp-content\/uploads\/2026\/03\/descubre-tu-talento-talent-day-futuro-empieza-1059-scaled.jpg","contentUrl":"https:\/\/www.euncet.com\/blog\/wp-content\/uploads\/2026\/03\/descubre-tu-talento-talent-day-futuro-empieza-1059-scaled.jpg","width":2560,"height":1429,"caption":"Talent Day"},{"@type":"BreadcrumbList","@id":"https:\/\/www.euncet.com\/blog\/es\/talent-day-futuro-empieza-euncet\/#breadcrumb","itemListElement":[{"@type":"ListItem","position":1,"name":"Portada","item":"https:\/\/www.euncet.com\/blog\/es\/"},{"@type":"ListItem","position":2,"name":"Descubre tu talento: Talent Day, donde el futuro empieza"}]},{"@type":"WebSite","@id":"https:\/\/www.euncet.com\/blog\/es\/#website","url":"https:\/\/www.euncet.com\/blog\/es\/","name":"Euncet Business School","description":"Escuela de negocios","potentialAction":[{"@type":"SearchAction","target":{"@type":"EntryPoint","urlTemplate":"https:\/\/www.euncet.com\/blog\/es\/?s={search_term_string}"},"query-input":{"@type":"PropertyValueSpecification","valueRequired":true,"valueName":"search_term_string"}}],"inLanguage":"es"},{"@type":"Person","@id":"https:\/\/www.euncet.com\/blog\/es\/#\/schema\/person\/e846e3d91e4f5b93d62065ac5fb8d8ea","name":"Anna Llacher Alsina","image":{"@type":"ImageObject","inLanguage":"es","@id":"https:\/\/www.euncet.com\/blog\/wp-content\/uploads\/2025\/12\/Anna-Llacher_Anna-Llacher-Alsina_300x300-96x96.png","url":"https:\/\/www.euncet.com\/blog\/wp-content\/uploads\/2025\/12\/Anna-Llacher_Anna-Llacher-Alsina_300x300-96x96.png","contentUrl":"https:\/\/www.euncet.com\/blog\/wp-content\/uploads\/2025\/12\/Anna-Llacher_Anna-Llacher-Alsina_300x300-96x96.png","caption":"Anna Llacher Alsina"},"sameAs":["https:\/\/www.linkedin.com\/in\/annallacher\/?originalSubdomain=es"],"url":"https:\/\/www.euncet.com\/blog\/es\/author\/anna-llacher-alsina\/"}]}},"_links":{"self":[{"href":"https:\/\/www.euncet.com\/blog\/es\/wp-json\/wp\/v2\/posts\/67043","targetHints":{"allow":["GET"]}}],"collection":[{"href":"https:\/\/www.euncet.com\/blog\/es\/wp-json\/wp\/v2\/posts"}],"about":[{"href":"https:\/\/www.euncet.com\/blog\/es\/wp-json\/wp\/v2\/types\/post"}],"author":[{"embeddable":true,"href":"https:\/\/www.euncet.com\/blog\/es\/wp-json\/wp\/v2\/users\/36"}],"replies":[{"embeddable":true,"href":"https:\/\/www.euncet.com\/blog\/es\/wp-json\/wp\/v2\/comments?post=67043"}],"version-history":[{"count":3,"href":"https:\/\/www.euncet.com\/blog\/es\/wp-json\/wp\/v2\/posts\/67043\/revisions"}],"predecessor-version":[{"id":67100,"href":"https:\/\/www.euncet.com\/blog\/es\/wp-json\/wp\/v2\/posts\/67043\/revisions\/67100"}],"wp:featuredmedia":[{"embeddable":true,"href":"https:\/\/www.euncet.com\/blog\/es\/wp-json\/wp\/v2\/media\/67044"}],"wp:attachment":[{"href":"https:\/\/www.euncet.com\/blog\/es\/wp-json\/wp\/v2\/media?parent=67043"}],"wp:term":[{"taxonomy":"category","embeddable":true,"href":"https:\/\/www.euncet.com\/blog\/es\/wp-json\/wp\/v2\/categories?post=67043"},{"taxonomy":"post_tag","embeddable":true,"href":"https:\/\/www.euncet.com\/blog\/es\/wp-json\/wp\/v2\/tags?post=67043"}],"curies":[{"name":"wp","href":"https:\/\/api.w.org\/{rel}","templated":true}]}}