{"id":67077,"date":"2026-03-17T15:24:44","date_gmt":"2026-03-17T14:24:44","guid":{"rendered":"https:\/\/www.euncet.com\/blog\/emprendimiento-universitario-accelera-carrera\/"},"modified":"2026-04-08T11:19:40","modified_gmt":"2026-04-08T09:19:40","slug":"emprendimiento-universitario-accelera-carrera","status":"publish","type":"post","link":"https:\/\/www.euncet.com\/blog\/es\/emprendimiento-universitario-accelera-carrera\/","title":{"rendered":"El m\u00e9todo que acelera tu carrera profesional desde la universidad"},"content":{"rendered":"<p><span style=\"font-weight: 400;\">Hoy m\u00e1s que nunca, la capacidad de reinventarse es clave para sobrevivir en el mercado. La universidad ya no es solo un lugar donde adquirir conocimientos te\u00f3ricos; es el campo de entrenamiento donde se forjan los profesionales del futuro. Sin embargo, la desconexi\u00f3n entre el mundo acad\u00e9mico y el empresarial puede frenar el potencial de los estudiantes m\u00e1s brillantes. Aqu\u00ed es donde el <\/span><strong><i style=\"font-size: revert; color: initial;\">emprendimiento universitario<\/i><\/strong><span style=\"font-weight: 400;\">, entendido como una mentalidad proactiva y orientada a la acci\u00f3n, act\u00faa como catalizador del cambio, ayudando a desarrollar habilidades estrat\u00e9gicas, reforzar la confianza y construir perfiles profesionales m\u00e1s resilientes, colaborativos y preparados para el alto rendimiento. Y para guiar este proceso, nace Accelera.<\/span><\/p><div id=\"ez-toc-container\" class=\"ez-toc-v2_0_82_2 counter-hierarchy ez-toc-counter ez-toc-custom ez-toc-container-direction\">\n<div class=\"ez-toc-title-container\">\n<p class=\"ez-toc-title\" style=\"cursor:inherit\">\u00cdNDICE DE CONTENIDOS<\/p>\n<span class=\"ez-toc-title-toggle\"><a href=\"#\" class=\"ez-toc-pull-right ez-toc-btn ez-toc-btn-xs ez-toc-btn-default ez-toc-toggle\" aria-label=\"Alternar tabla de contenidos\"><span class=\"ez-toc-js-icon-con\"><span class=\"\"><span class=\"eztoc-hide\" style=\"display:none;\">Toggle<\/span><span class=\"ez-toc-icon-toggle-span\"><svg style=\"fill: #222222;color:#222222\" xmlns=\"http:\/\/www.w3.org\/2000\/svg\" class=\"list-377408\" width=\"20px\" height=\"20px\" viewBox=\"0 0 24 24\" fill=\"none\"><path d=\"M6 6H4v2h2V6zm14 0H8v2h12V6zM4 11h2v2H4v-2zm16 0H8v2h12v-2zM4 16h2v2H4v-2zm16 0H8v2h12v-2z\" fill=\"currentColor\"><\/path><\/svg><svg style=\"fill: #222222;color:#222222\" class=\"arrow-unsorted-368013\" xmlns=\"http:\/\/www.w3.org\/2000\/svg\" width=\"10px\" height=\"10px\" viewBox=\"0 0 24 24\" version=\"1.2\" baseProfile=\"tiny\"><path d=\"M18.2 9.3l-6.2-6.3-6.2 6.3c-.2.2-.3.4-.3.7s.1.5.3.7c.2.2.4.3.7.3h11c.3 0 .5-.1.7-.3.2-.2.3-.5.3-.7s-.1-.5-.3-.7zM5.8 14.7l6.2 6.3 6.2-6.3c.2-.2.3-.5.3-.7s-.1-.5-.3-.7c-.2-.2-.4-.3-.7-.3h-11c-.3 0-.5.1-.7.3-.2.2-.3.5-.3.7s.1.5.3.7z\"\/><\/svg><\/span><\/span><\/span><\/a><\/span><\/div>\n<nav><ul class='ez-toc-list ez-toc-list-level-1 ' ><li class='ez-toc-page-1 ez-toc-heading-level-2'><a class=\"ez-toc-link ez-toc-heading-1\" href=\"https:\/\/www.euncet.com\/blog\/es\/emprendimiento-universitario-accelera-carrera\/#%C2%BFQue_es_Accelera_y_por_que_transformara_tu_paso_por_la_universidad\" >\u00bfQu\u00e9 es Accelera y por qu\u00e9 transformar\u00e1 tu paso por la universidad?<\/a><\/li><li class='ez-toc-page-1 ez-toc-heading-level-2'><a class=\"ez-toc-link ez-toc-heading-2\" href=\"https:\/\/www.euncet.com\/blog\/es\/emprendimiento-universitario-accelera-carrera\/#Los_3_ejes_de_Accelera_Acompanamiento_Conexion_y_Accion\" >Los 3 ejes de Accelera: Acompa\u00f1amiento, Conexi\u00f3n y Acci\u00f3n<\/a><\/li><li class='ez-toc-page-1 ez-toc-heading-level-2'><a class=\"ez-toc-link ez-toc-heading-3\" href=\"https:\/\/www.euncet.com\/blog\/es\/emprendimiento-universitario-accelera-carrera\/#El_Pasaporte_Accelera_tu_curriculum_de_experiencias\" >El Pasaporte Accelera: tu curr\u00edculum de experiencias<\/a><\/li><li class='ez-toc-page-1 ez-toc-heading-level-2'><a class=\"ez-toc-link ez-toc-heading-4\" href=\"https:\/\/www.euncet.com\/blog\/es\/emprendimiento-universitario-accelera-carrera\/#LinkedIn_marca_personal_y_perfil_profesional_digital\" >LinkedIn, marca personal y perfil profesional digital<\/a><\/li><li class='ez-toc-page-1 ez-toc-heading-level-2'><a class=\"ez-toc-link ez-toc-heading-5\" href=\"https:\/\/www.euncet.com\/blog\/es\/emprendimiento-universitario-accelera-carrera\/#El_ecosistema_emprendedor_aprender_de_quienes_ya_lo_han_hecho\" >El ecosistema emprendedor: aprender de quienes ya lo han hecho<\/a><\/li><li class='ez-toc-page-1 ez-toc-heading-level-2'><a class=\"ez-toc-link ez-toc-heading-6\" href=\"https:\/\/www.euncet.com\/blog\/es\/emprendimiento-universitario-accelera-carrera\/#Desarrollo_de_habilidades_blandas_el_factor_diferencial\" >Desarrollo de habilidades blandas: el factor diferencial<\/a><\/li><li class='ez-toc-page-1 ez-toc-heading-level-2'><a class=\"ez-toc-link ez-toc-heading-7\" href=\"https:\/\/www.euncet.com\/blog\/es\/emprendimiento-universitario-accelera-carrera\/#Experiencia_internacional_una_vision_global_para_un_mundo_sin_fronteras\" >Experiencia internacional: una visi\u00f3n global para un mundo sin fronteras<\/a><\/li><li class='ez-toc-page-1 ez-toc-heading-level-2'><a class=\"ez-toc-link ez-toc-heading-8\" href=\"https:\/\/www.euncet.com\/blog\/es\/emprendimiento-universitario-accelera-carrera\/#Conclusion_acelera_tu_futuro_con_Euncet\" >Conclusi\u00f3n: acelera tu futuro con Euncet<\/a><\/li><\/ul><\/nav><\/div>\n\n<article>\n<h2><span class=\"ez-toc-section\" id=\"%C2%BFQue_es_Accelera_y_por_que_transformara_tu_paso_por_la_universidad\"><\/span>\u00bfQu\u00e9 es Accelera y por qu\u00e9 transformar\u00e1 tu paso por la universidad?<span class=\"ez-toc-section-end\"><\/span><\/h2>\n<p><a href=\"https:\/\/www.euncet.com\/es\/euncet-accelera\" target=\"_blank\" rel=\"noopener\"><span style=\"font-weight: 400;\">Accelera <\/span><\/a><span style=\"font-weight: 400;\">es la metodolog\u00eda de emprendimiento transversal de Euncet Business School, un programa dise\u00f1ado para acompa\u00f1ar a los estudiantes de grado desde el primer d\u00eda hasta su graduaci\u00f3n. Su lema, \u00abIdeas Becoming Business\u00bb, resume a la perfecci\u00f3n su filosof\u00eda: transformar el potencial y las ideas de los estudiantes en proyectos y carreras profesionales tangibles. No se trata de una asignatura m\u00e1s, sino de un ecosistema integrado en los estudios que busca construir un doble perfil en cada estudiante: un profesional s\u00f3lido y un emprendedor con iniciativa.<\/span><\/p>\n<p><span style=\"font-weight: 400;\">El programa se estructura en tres ejes fundamentales que se refuerzan mutuamente: Acompa\u00f1amiento, Conexi\u00f3n y Acci\u00f3n:<\/span><\/p>\n<ul>\n<li style=\"font-weight: 400;\" aria-level=\"1\"><span style=\"font-weight: 400;\">El <strong>Acompa\u00f1amiento<\/strong> se materializa en mentor\u00edas personalizadas, orientaci\u00f3n profesional y espacios de autorreflexi\u00f3n.<\/span><\/li>\n<li style=\"font-weight: 400;\" aria-level=\"1\"><span style=\"font-weight: 400;\">La <strong>Conexi\u00f3n<\/strong> se logra a trav\u00e9s de visitas a empresas, masterclasses con profesionales y un networking constante con el ecosistema empresarial real.<\/span><\/li>\n<li style=\"font-weight: 400;\" aria-level=\"1\"><span style=\"font-weight: 400;\">La <strong>Acci\u00f3n<\/strong> es el pilar donde todo cobra sentido: los estudiantes participan en retos, hackathons, proyectos reales y pr\u00e1cticas, aplicando todo lo aprendido en un entorno pr\u00e1ctico y experiencial. Accelera no obliga a crear una startup, pero garantiza que todos los estudiantes entiendan esta opci\u00f3n, puedan probarla y decidan con criterio su propio camino.<\/span><\/li>\n<\/ul>\n<h2><span class=\"ez-toc-section\" id=\"Los_3_ejes_de_Accelera_Acompanamiento_Conexion_y_Accion\"><\/span>Los 3 ejes de Accelera: Acompa\u00f1amiento, Conexi\u00f3n y Acci\u00f3n<span class=\"ez-toc-section-end\"><\/span><\/h2>\n<p>La metodolog\u00eda de Accelera se basa en una combinaci\u00f3n equilibrada de estos tres pilares, asegurando un desarrollo integral del estudiante. A continuaci\u00f3n, desglosamos qu\u00e9 implica cada uno de ellos.<\/p>\n<table class=\"euncet-table\"><caption>\u00a0<\/caption>\n<thead>\n<tr>\n<th>Eje<\/th>\n<th>Descripci\u00f3n<\/th>\n<th>Actividades Clave<\/th>\n<\/tr>\n<\/thead>\n<tbody>\n<tr>\n<td>Acompa\u00f1amiento<\/td>\n<td>El estudiante nunca est\u00e1 solo. Se proporciona orientaci\u00f3n continua para que pueda tomar decisiones con seguridad y construir su propio camino profesional.<\/td>\n<td>Mentor\u00edas grupales y personalizadas, actividades de autoconocimiento, feedback estructurado, herramientas de gesti\u00f3n de carrera.<\/td>\n<\/tr>\n<tr>\n<td>Conexi\u00f3n<\/td>\n<td>Se conecta al estudiante con el mundo real: empresas, profesionales, alumni y el ecosistema emprendedor para que la teor\u00eda cobre sentido.<\/td>\n<td>Visitas a empresas, masterclasses con emprendedores, networking presencial y digital, acceso a estructuras de aceleraci\u00f3n.<\/td>\n<\/tr>\n<tr>\n<td>Acci\u00f3n<\/td>\n<td>Aprender haciendo (learning by doing). Se garantiza que los estudiantes experimenten, creen y apliquen sus conocimientos en proyectos tangibles.<\/td>\n<td>Retos y hackathons, pr\u00e1cticas y TFG aplicados, movilidad internacional, apoyo en el lanzamiento de proyectos propios.<\/td>\n<\/tr>\n<\/tbody>\n<\/table>\n<h2><span class=\"ez-toc-section\" id=\"El_Pasaporte_Accelera_tu_curriculum_de_experiencias\"><\/span>El Pasaporte Accelera: tu curr\u00edculum de experiencias<span class=\"ez-toc-section-end\"><\/span><\/h2>\n<p><span style=\"font-weight: 400;\">Uno de los resultados m\u00e1s tangibles y valiosos del programa es el Pasaporte Accelera. Este documento no es un simple diploma, sino un portfolio verificado que recoge todas las experiencias, competencias y logros del estudiante a lo largo de su paso por Accelera y que \u00e9ste va cumplimentando a medida que participa en las actividades del programa.\u00a0<\/span><\/p>\n<p><span style=\"font-weight: 400;\">Incluye los certificados de habilidades transversales obtenidas (soft skills), la creaci\u00f3n de un perfil profesional digital, la red de contactos profesionales construida, la experiencia demostrable en proyectos reales, el componente internacional y el conocimiento adquirido del ecosistema emprendedor.\u00a0<\/span><\/p>\n<p><span style=\"font-weight: 400;\">En un mercado laboral que valora cada vez m\u00e1s la experiencia pr\u00e1ctica por encima de los t\u00edtulos, el Pasaporte Accelera se convierte en el mejor curr\u00edculum que un reci\u00e9n graduado puede presentar.<\/span><\/p>\n<h2><span class=\"ez-toc-section\" id=\"LinkedIn_marca_personal_y_perfil_profesional_digital\"><\/span>LinkedIn, marca personal y perfil profesional digital<span class=\"ez-toc-section-end\"><\/span><\/h2>\n<p><span style=\"font-weight: 400;\">En la era digital, tu presencia online es tu carta de presentaci\u00f3n. Antes de que un reclutador te conozca en persona, ya habr\u00e1 buscado tu nombre en Google y revisado tu perfil de LinkedIn. Por esta raz\u00f3n, Accelera dedica una atenci\u00f3n especial a la construcci\u00f3n de un perfil profesional digital s\u00f3lido desde los primeros a\u00f1os de carrera. Los estudiantes aprenden a crear y optimizar su perfil de LinkedIn, a comunicar su propuesta de valor de forma clara y atractiva, y a construir una <\/span><a href=\"https:\/\/es.wikipedia.org\/wiki\/Marca_personal\" target=\"_blank\" rel=\"noopener\"><span style=\"font-weight: 400;\">marca personal<\/span><\/a><span style=\"font-weight: 400;\"> coherente que refleje sus competencias, experiencias y aspiraciones.<\/span><\/p>\n<p><span style=\"font-weight: 400;\">Construir una marca personal no es un ejercicio de vanidad, sino una estrategia profesional. Se trata de definir qui\u00e9n eres, qu\u00e9 ofreces y qu\u00e9 te diferencia del resto de candidatos.\u00a0<\/span><\/p>\n<p><span style=\"font-weight: 400;\">Accelera gu\u00eda a los estudiantes en este proceso de autodescubrimiento y posicionamiento, ayud\u00e1ndoles a identificar sus fortalezas, a articular su historia profesional y a proyectarla de forma estrat\u00e9gica tanto en el entorno digital como en el presencial.\u00a0<\/span><\/p>\n<p><span style=\"font-weight: 400;\">El resultado es un estudiante que, al graduarse, no solo tiene un t\u00edtulo y un expediente, sino una identidad profesional definida, una red de contactos que le abre puertas y muy probablemente una idea de negocio definida y reflejada en la creaci\u00f3n de su propia empresa.<\/span><\/p>\n<h2><span class=\"ez-toc-section\" id=\"El_ecosistema_emprendedor_aprender_de_quienes_ya_lo_han_hecho\"><\/span>El ecosistema emprendedor: aprender de quienes ya lo han hecho<span class=\"ez-toc-section-end\"><\/span><\/h2>\n<p><span style=\"font-weight: 400;\">Uno de los aspectos m\u00e1s enriquecedores de Accelera es el acceso directo al ecosistema emprendedor. Los estudiantes no solo aprenden teor\u00eda sobre c\u00f3mo crear una empresa, sino que interact\u00faan con emprendedores reales que comparten sus experiencias, sus aciertos y, lo que es a\u00fan m\u00e1s valioso, sus errores. Las masterclasses con fundadores de <\/span><a href=\"https:\/\/www.euncet.com\/blog\/es\/inversores-startups-ricos-invierten-no-ves\/\" target=\"_blank\" rel=\"noopener\"><span style=\"font-weight: 400;\">startups<\/span><\/a><span style=\"font-weight: 400;\">, las visitas a incubadoras y aceleradoras, y el contacto con inversores y mentores del sector empresarial proporcionan una visi\u00f3n realista y sin filtros de lo que significa emprender.<\/span><\/p>\n<p><span style=\"font-weight: 400;\">Adem\u00e1s, Accelera facilita el acceso a estructuras de aceleraci\u00f3n y apoyo legal para aquellos estudiantes que decidan dar el paso y lanzar su propio proyecto. Esta red de soporte reduce significativamente el riesgo inherente al emprendimiento y aumenta las probabilidades de \u00e9xito. No se trata de emprender por emprender, sino de hacerlo con conocimiento, con una red de apoyo y con las herramientas adecuadas. De esta manera, los estudiantes que eligen el camino emprendedor lo hacen desde una posici\u00f3n de fortaleza, no de improvisaci\u00f3n.<\/span><\/p>\n<h2><span class=\"ez-toc-section\" id=\"Desarrollo_de_habilidades_blandas_el_factor_diferencial\"><\/span>Desarrollo de habilidades blandas: el factor diferencial<span class=\"ez-toc-section-end\"><\/span><\/h2>\n<p><span style=\"font-weight: 400;\">M\u00e1s all\u00e1 de los conocimientos t\u00e9cnicos, el mercado laboral actual demanda profesionales con un s\u00f3lido conjunto de habilidades blandas (<\/span><a href=\"https:\/\/www.euncet.com\/blog\/es\/soft-skills-que-son-importancia\/\" target=\"_blank\" rel=\"noopener\"><span style=\"font-weight: 400;\">soft skills<\/span><\/a><span style=\"font-weight: 400;\">). La capacidad de comunicar eficazmente, trabajar en equipo, resolver problemas complejos, liderar con empat\u00eda o adaptarse al cambio son competencias que marcan la diferencia entre un buen profesional y un l\u00edder. Accelera pone un \u00e9nfasis especial en el desarrollo de estas habilidades a trav\u00e9s de su metodolog\u00eda experiencial.\u00a0<\/span><\/p>\n<p><span style=\"font-weight: 400;\">Los retos en equipo, las presentaciones de proyectos, las sesiones de networking y las mentor\u00edas est\u00e1n dise\u00f1ados no solo para adquirir conocimientos, sino para entrenar y potenciar estas competencias transversales en un entorno seguro y constructivo.<\/span><\/p>\n<p><span style=\"font-weight: 400;\">De hecho, seg\u00fan numerosos estudios, las habilidades blandas son el principal factor que las empresas tienen en cuenta a la hora de contratar y promocionar a sus empleados. Un profesional puede tener un expediente acad\u00e9mico brillante, pero si no sabe colaborar, comunicar sus ideas o gestionar la presi\u00f3n, su impacto en la organizaci\u00f3n ser\u00e1 limitado. Por ello, Accelera integra el desarrollo de estas competencias en cada una de sus actividades, asegurando que los estudiantes de Euncet no solo salgan con un t\u00edtulo, sino con un perfil profesional completo y altamente demandado.<\/span><\/p>\n<h2><span class=\"ez-toc-section\" id=\"Experiencia_internacional_una_vision_global_para_un_mundo_sin_fronteras\"><\/span>Experiencia internacional: una visi\u00f3n global para un mundo sin fronteras<span class=\"ez-toc-section-end\"><\/span><\/h2>\n<p><span style=\"font-weight: 400;\">El componente internacional es otro de los pilares de Accelera. En un mundo globalizado, la capacidad de trabajar en entornos multiculturales y de entender las din\u00e1micas de mercados internacionales es una competencia imprescindible. A trav\u00e9s de programas de movilidad, experiencias internacionales y proyectos con alcance global, los estudiantes de Euncet desarrollan una visi\u00f3n amplia que trasciende las fronteras locales.\u00a0<\/span><\/p>\n<p><span style=\"font-weight: 400;\">Esta exposici\u00f3n internacional no solo enriquece el curr\u00edculum, sino que transforma la mentalidad del estudiante, haci\u00e9ndolo m\u00e1s adaptable, abierto y preparado para competir en un mercado laboral global cada vez m\u00e1s internacionalizado.<\/span><\/p>\n<h2><span class=\"ez-toc-section\" id=\"Conclusion_acelera_tu_futuro_con_Euncet\"><\/span>Conclusi\u00f3n: acelera tu futuro con Euncet<span class=\"ez-toc-section-end\"><\/span><\/h2>\n<p><span style=\"font-weight: 400;\">En definitiva, el emprendimiento universitario, canalizado a trav\u00e9s de una metodolog\u00eda como Accelera, es la respuesta a los desaf\u00edos del mercado laboral del siglo XXI. Las empresas ya no buscan \u00fanicamente t\u00edtulos acad\u00e9micos; buscan profesionales con experiencia demostrable, con capacidad de adaptaci\u00f3n, con una red de contactos s\u00f3lida y con la mentalidad necesaria para afrontar los retos de un entorno en constante evoluci\u00f3n.\u00a0<\/span><\/p>\n<p><span style=\"font-weight: 400;\">Accelera responde a esta demanda con un programa integral que combina el rigor acad\u00e9mico de la UPC con la visi\u00f3n pr\u00e1ctica y empresarial de <\/span><a href=\"https:\/\/www.euncet.com\/es\/\" target=\"_blank\" rel=\"noopener\"><span style=\"font-weight: 400;\">Euncet Business School<\/span><\/a><span style=\"font-weight: 400;\">. Ya no se trata solo de estudiar una carrera, sino de construir una carrera mientras estudias.\u00a0<\/span><\/p>\n<p><span style=\"font-weight: 400;\">Es un cambio de paradigma que pone al estudiante en el centro de su propio desarrollo, d\u00e1ndole las herramientas, las conexiones y el acompa\u00f1amiento necesarios para que pueda dise\u00f1ar y ejecutar su plan profesional con confianza y garant\u00edas de \u00e9xito.<\/span><\/p>\n<p><span style=\"font-weight: 400;\">Si eres un estudiante con inquietudes, con ganas de ir m\u00e1s all\u00e1 de las clases te\u00f3ricas y con la ambici\u00f3n de construir un perfil profesional diferencial, Accelera es tu sitio. Te invitamos a visitar la <\/span><a href=\"https:\/\/www.euncet.com\/es\/euncet-accelera\" target=\"_blank\" rel=\"noopener\"><span style=\"font-weight: 400;\">p\u00e1gina de Euncet Accelera<\/span><\/a><span style=\"font-weight: 400;\"> para conocer todos los detalles de un programa que no solo te dar\u00e1 un t\u00edtulo, sino que te preparar\u00e1 para el futuro.\u00a0<\/span><\/p>\n<p><span style=\"font-weight: 400;\">Tu carrera profesional empieza el primer d\u00eda de clase.\u00a0<\/span><\/p>\n<\/article>\n\n\n<p><\/p>\n","protected":false},"excerpt":{"rendered":"<p>Hoy m\u00e1s que nunca, la capacidad de reinventarse es clave para sobrevivir en el mercado. La universidad ya no es solo un lugar donde adquirir conocimientos te\u00f3ricos; es el campo de entrenamiento donde se forjan los profesionales del futuro. Sin embargo, la desconexi\u00f3n entre el mundo acad\u00e9mico y el empresarial puede frenar el potencial de [&hellip;]<\/p>\n","protected":false},"author":41,"featured_media":67078,"comment_status":"open","ping_status":"open","sticky":false,"template":"","format":"standard","meta":{"_acf_changed":false,"footnotes":""},"categories":[298],"tags":[645],"class_list":["post-67077","post","type-post","status-publish","format-standard","has-post-thumbnail","hentry","category-emprendimiento","tag-emprendimiento-universitario"],"acf":[],"yoast_head":"<!-- This site is optimized with the Yoast SEO plugin v27.5 - https:\/\/yoast.com\/product\/yoast-seo-wordpress\/ -->\n<title>Emprendimiento universitario \u25b6 Acelera tu carrera<\/title>\n<meta name=\"description\" content=\"\u25b6 Descubre Accelera, el m\u00e9todo de Euncet que transforma tu paso por la universidad en una carrera profesional de \u00e9xito.\" \/>\n<meta name=\"robots\" content=\"index, follow, max-snippet:-1, max-image-preview:large, max-video-preview:-1\" \/>\n<link rel=\"canonical\" href=\"https:\/\/www.euncet.com\/blog\/es\/emprendimiento-universitario-accelera-carrera\/\" \/>\n<meta property=\"og:locale\" content=\"es_ES\" \/>\n<meta property=\"og:type\" content=\"article\" \/>\n<meta property=\"og:title\" content=\"Emprendimiento universitario \u25b6 Acelera tu carrera\" \/>\n<meta property=\"og:description\" content=\"\u25b6 Descubre Accelera, el m\u00e9todo de Euncet que transforma tu paso por la universidad en una carrera profesional de \u00e9xito.\" \/>\n<meta property=\"og:url\" content=\"https:\/\/www.euncet.com\/blog\/es\/emprendimiento-universitario-accelera-carrera\/\" \/>\n<meta property=\"og:site_name\" content=\"Euncet Business School\" \/>\n<meta property=\"article:publisher\" content=\"https:\/\/www.facebook.com\/euncet\" \/>\n<meta property=\"article:published_time\" content=\"2026-03-17T14:24:44+00:00\" \/>\n<meta property=\"article:modified_time\" content=\"2026-04-08T09:19:40+00:00\" \/>\n<meta property=\"og:image\" content=\"https:\/\/www.euncet.com\/blog\/wp-content\/uploads\/2026\/03\/metodo-acelera-tu-carrera-profesional-universidad-1059-1030x575.png\" \/>\n\t<meta property=\"og:image:width\" content=\"1030\" \/>\n\t<meta property=\"og:image:height\" content=\"575\" \/>\n\t<meta property=\"og:image:type\" content=\"image\/png\" \/>\n<meta name=\"author\" content=\"Toni Llop\" \/>\n<meta name=\"twitter:card\" content=\"summary_large_image\" \/>\n<meta name=\"twitter:creator\" content=\"@euncet\" \/>\n<meta name=\"twitter:site\" content=\"@euncet\" \/>\n<meta name=\"twitter:label1\" content=\"Escrito por\" \/>\n\t<meta name=\"twitter:data1\" content=\"Toni Llop\" \/>\n\t<meta name=\"twitter:label2\" content=\"Tiempo de lectura\" \/>\n\t<meta name=\"twitter:data2\" content=\"8 minutos\" \/>\n<script type=\"application\/ld+json\" class=\"yoast-schema-graph\">{\"@context\":\"https:\\\/\\\/schema.org\",\"@graph\":[{\"@type\":\"Article\",\"@id\":\"https:\\\/\\\/www.euncet.com\\\/blog\\\/es\\\/emprendimiento-universitario-accelera-carrera\\\/#article\",\"isPartOf\":{\"@id\":\"https:\\\/\\\/www.euncet.com\\\/blog\\\/es\\\/emprendimiento-universitario-accelera-carrera\\\/\"},\"author\":{\"name\":\"Toni Llop\",\"@id\":\"https:\\\/\\\/www.euncet.com\\\/blog\\\/es\\\/#\\\/schema\\\/person\\\/3dcd035d489bb6d81e1a23fad6c7e1e1\"},\"headline\":\"El m\u00e9todo que acelera tu carrera profesional desde la universidad\",\"datePublished\":\"2026-03-17T14:24:44+00:00\",\"dateModified\":\"2026-04-08T09:19:40+00:00\",\"mainEntityOfPage\":{\"@id\":\"https:\\\/\\\/www.euncet.com\\\/blog\\\/es\\\/emprendimiento-universitario-accelera-carrera\\\/\"},\"wordCount\":1645,\"commentCount\":0,\"image\":{\"@id\":\"https:\\\/\\\/www.euncet.com\\\/blog\\\/es\\\/emprendimiento-universitario-accelera-carrera\\\/#primaryimage\"},\"thumbnailUrl\":\"https:\\\/\\\/www.euncet.com\\\/blog\\\/wp-content\\\/uploads\\\/2026\\\/03\\\/metodo-acelera-tu-carrera-profesional-universidad-1059-scaled.png\",\"keywords\":[\"emprendimiento universitario\"],\"articleSection\":[\"Emprendimiento\"],\"inLanguage\":\"es\",\"potentialAction\":[{\"@type\":\"CommentAction\",\"name\":\"Comment\",\"target\":[\"https:\\\/\\\/www.euncet.com\\\/blog\\\/es\\\/emprendimiento-universitario-accelera-carrera\\\/#respond\"]}]},{\"@type\":\"WebPage\",\"@id\":\"https:\\\/\\\/www.euncet.com\\\/blog\\\/es\\\/emprendimiento-universitario-accelera-carrera\\\/\",\"url\":\"https:\\\/\\\/www.euncet.com\\\/blog\\\/es\\\/emprendimiento-universitario-accelera-carrera\\\/\",\"name\":\"Emprendimiento universitario \u25b6 Acelera tu carrera\",\"isPartOf\":{\"@id\":\"https:\\\/\\\/www.euncet.com\\\/blog\\\/es\\\/#website\"},\"primaryImageOfPage\":{\"@id\":\"https:\\\/\\\/www.euncet.com\\\/blog\\\/es\\\/emprendimiento-universitario-accelera-carrera\\\/#primaryimage\"},\"image\":{\"@id\":\"https:\\\/\\\/www.euncet.com\\\/blog\\\/es\\\/emprendimiento-universitario-accelera-carrera\\\/#primaryimage\"},\"thumbnailUrl\":\"https:\\\/\\\/www.euncet.com\\\/blog\\\/wp-content\\\/uploads\\\/2026\\\/03\\\/metodo-acelera-tu-carrera-profesional-universidad-1059-scaled.png\",\"datePublished\":\"2026-03-17T14:24:44+00:00\",\"dateModified\":\"2026-04-08T09:19:40+00:00\",\"author\":{\"@id\":\"https:\\\/\\\/www.euncet.com\\\/blog\\\/es\\\/#\\\/schema\\\/person\\\/3dcd035d489bb6d81e1a23fad6c7e1e1\"},\"description\":\"\u25b6 Descubre Accelera, el m\u00e9todo de Euncet que transforma tu paso por la universidad en una carrera profesional de \u00e9xito.\",\"breadcrumb\":{\"@id\":\"https:\\\/\\\/www.euncet.com\\\/blog\\\/es\\\/emprendimiento-universitario-accelera-carrera\\\/#breadcrumb\"},\"inLanguage\":\"es\",\"potentialAction\":[{\"@type\":\"ReadAction\",\"target\":[\"https:\\\/\\\/www.euncet.com\\\/blog\\\/es\\\/emprendimiento-universitario-accelera-carrera\\\/\"]}]},{\"@type\":\"ImageObject\",\"inLanguage\":\"es\",\"@id\":\"https:\\\/\\\/www.euncet.com\\\/blog\\\/es\\\/emprendimiento-universitario-accelera-carrera\\\/#primaryimage\",\"url\":\"https:\\\/\\\/www.euncet.com\\\/blog\\\/wp-content\\\/uploads\\\/2026\\\/03\\\/metodo-acelera-tu-carrera-profesional-universidad-1059-scaled.png\",\"contentUrl\":\"https:\\\/\\\/www.euncet.com\\\/blog\\\/wp-content\\\/uploads\\\/2026\\\/03\\\/metodo-acelera-tu-carrera-profesional-universidad-1059-scaled.png\",\"width\":2560,\"height\":1429,\"caption\":\"El-metodo-que-acelera-tu-carrera-profesional-desde-la-universidad\"},{\"@type\":\"BreadcrumbList\",\"@id\":\"https:\\\/\\\/www.euncet.com\\\/blog\\\/es\\\/emprendimiento-universitario-accelera-carrera\\\/#breadcrumb\",\"itemListElement\":[{\"@type\":\"ListItem\",\"position\":1,\"name\":\"Portada\",\"item\":\"https:\\\/\\\/www.euncet.com\\\/blog\\\/es\\\/\"},{\"@type\":\"ListItem\",\"position\":2,\"name\":\"El m\u00e9todo que acelera tu carrera profesional desde la universidad\"}]},{\"@type\":\"WebSite\",\"@id\":\"https:\\\/\\\/www.euncet.com\\\/blog\\\/es\\\/#website\",\"url\":\"https:\\\/\\\/www.euncet.com\\\/blog\\\/es\\\/\",\"name\":\"Euncet Business School\",\"description\":\"Escuela de negocios\",\"potentialAction\":[{\"@type\":\"SearchAction\",\"target\":{\"@type\":\"EntryPoint\",\"urlTemplate\":\"https:\\\/\\\/www.euncet.com\\\/blog\\\/es\\\/?s={search_term_string}\"},\"query-input\":{\"@type\":\"PropertyValueSpecification\",\"valueRequired\":true,\"valueName\":\"search_term_string\"}}],\"inLanguage\":\"es\"},{\"@type\":\"Person\",\"@id\":\"https:\\\/\\\/www.euncet.com\\\/blog\\\/es\\\/#\\\/schema\\\/person\\\/3dcd035d489bb6d81e1a23fad6c7e1e1\",\"name\":\"Toni Llop\",\"image\":{\"@type\":\"ImageObject\",\"inLanguage\":\"es\",\"@id\":\"https:\\\/\\\/www.euncet.com\\\/blog\\\/wp-content\\\/uploads\\\/2025\\\/12\\\/imatge-EUNCET_Toni-Llop_300x300-96x96.png\",\"url\":\"https:\\\/\\\/www.euncet.com\\\/blog\\\/wp-content\\\/uploads\\\/2025\\\/12\\\/imatge-EUNCET_Toni-Llop_300x300-96x96.png\",\"contentUrl\":\"https:\\\/\\\/www.euncet.com\\\/blog\\\/wp-content\\\/uploads\\\/2025\\\/12\\\/imatge-EUNCET_Toni-Llop_300x300-96x96.png\",\"caption\":\"Toni Llop\"},\"sameAs\":[\"https:\\\/\\\/www.linkedin.com\\\/in\\\/toni-llop-padilla-15332772\\\/\"],\"url\":\"https:\\\/\\\/www.euncet.com\\\/blog\\\/es\\\/author\\\/toni-llop\\\/\"}]}<\/script>\n<!-- \/ Yoast SEO plugin. -->","yoast_head_json":{"title":"Emprendimiento universitario \u25b6 Acelera tu carrera","description":"\u25b6 Descubre Accelera, el m\u00e9todo de Euncet que transforma tu paso por la universidad en una carrera profesional de \u00e9xito.","robots":{"index":"index","follow":"follow","max-snippet":"max-snippet:-1","max-image-preview":"max-image-preview:large","max-video-preview":"max-video-preview:-1"},"canonical":"https:\/\/www.euncet.com\/blog\/es\/emprendimiento-universitario-accelera-carrera\/","og_locale":"es_ES","og_type":"article","og_title":"Emprendimiento universitario \u25b6 Acelera tu carrera","og_description":"\u25b6 Descubre Accelera, el m\u00e9todo de Euncet que transforma tu paso por la universidad en una carrera profesional de \u00e9xito.","og_url":"https:\/\/www.euncet.com\/blog\/es\/emprendimiento-universitario-accelera-carrera\/","og_site_name":"Euncet Business School","article_publisher":"https:\/\/www.facebook.com\/euncet","article_published_time":"2026-03-17T14:24:44+00:00","article_modified_time":"2026-04-08T09:19:40+00:00","og_image":[{"width":1030,"height":575,"url":"https:\/\/www.euncet.com\/blog\/wp-content\/uploads\/2026\/03\/metodo-acelera-tu-carrera-profesional-universidad-1059-1030x575.png","type":"image\/png"}],"author":"Toni Llop","twitter_card":"summary_large_image","twitter_creator":"@euncet","twitter_site":"@euncet","twitter_misc":{"Escrito por":"Toni Llop","Tiempo de lectura":"8 minutos"},"schema":{"@context":"https:\/\/schema.org","@graph":[{"@type":"Article","@id":"https:\/\/www.euncet.com\/blog\/es\/emprendimiento-universitario-accelera-carrera\/#article","isPartOf":{"@id":"https:\/\/www.euncet.com\/blog\/es\/emprendimiento-universitario-accelera-carrera\/"},"author":{"name":"Toni Llop","@id":"https:\/\/www.euncet.com\/blog\/es\/#\/schema\/person\/3dcd035d489bb6d81e1a23fad6c7e1e1"},"headline":"El m\u00e9todo que acelera tu carrera profesional desde la universidad","datePublished":"2026-03-17T14:24:44+00:00","dateModified":"2026-04-08T09:19:40+00:00","mainEntityOfPage":{"@id":"https:\/\/www.euncet.com\/blog\/es\/emprendimiento-universitario-accelera-carrera\/"},"wordCount":1645,"commentCount":0,"image":{"@id":"https:\/\/www.euncet.com\/blog\/es\/emprendimiento-universitario-accelera-carrera\/#primaryimage"},"thumbnailUrl":"https:\/\/www.euncet.com\/blog\/wp-content\/uploads\/2026\/03\/metodo-acelera-tu-carrera-profesional-universidad-1059-scaled.png","keywords":["emprendimiento universitario"],"articleSection":["Emprendimiento"],"inLanguage":"es","potentialAction":[{"@type":"CommentAction","name":"Comment","target":["https:\/\/www.euncet.com\/blog\/es\/emprendimiento-universitario-accelera-carrera\/#respond"]}]},{"@type":"WebPage","@id":"https:\/\/www.euncet.com\/blog\/es\/emprendimiento-universitario-accelera-carrera\/","url":"https:\/\/www.euncet.com\/blog\/es\/emprendimiento-universitario-accelera-carrera\/","name":"Emprendimiento universitario \u25b6 Acelera tu carrera","isPartOf":{"@id":"https:\/\/www.euncet.com\/blog\/es\/#website"},"primaryImageOfPage":{"@id":"https:\/\/www.euncet.com\/blog\/es\/emprendimiento-universitario-accelera-carrera\/#primaryimage"},"image":{"@id":"https:\/\/www.euncet.com\/blog\/es\/emprendimiento-universitario-accelera-carrera\/#primaryimage"},"thumbnailUrl":"https:\/\/www.euncet.com\/blog\/wp-content\/uploads\/2026\/03\/metodo-acelera-tu-carrera-profesional-universidad-1059-scaled.png","datePublished":"2026-03-17T14:24:44+00:00","dateModified":"2026-04-08T09:19:40+00:00","author":{"@id":"https:\/\/www.euncet.com\/blog\/es\/#\/schema\/person\/3dcd035d489bb6d81e1a23fad6c7e1e1"},"description":"\u25b6 Descubre Accelera, el m\u00e9todo de Euncet que transforma tu paso por la universidad en una carrera profesional de \u00e9xito.","breadcrumb":{"@id":"https:\/\/www.euncet.com\/blog\/es\/emprendimiento-universitario-accelera-carrera\/#breadcrumb"},"inLanguage":"es","potentialAction":[{"@type":"ReadAction","target":["https:\/\/www.euncet.com\/blog\/es\/emprendimiento-universitario-accelera-carrera\/"]}]},{"@type":"ImageObject","inLanguage":"es","@id":"https:\/\/www.euncet.com\/blog\/es\/emprendimiento-universitario-accelera-carrera\/#primaryimage","url":"https:\/\/www.euncet.com\/blog\/wp-content\/uploads\/2026\/03\/metodo-acelera-tu-carrera-profesional-universidad-1059-scaled.png","contentUrl":"https:\/\/www.euncet.com\/blog\/wp-content\/uploads\/2026\/03\/metodo-acelera-tu-carrera-profesional-universidad-1059-scaled.png","width":2560,"height":1429,"caption":"El-metodo-que-acelera-tu-carrera-profesional-desde-la-universidad"},{"@type":"BreadcrumbList","@id":"https:\/\/www.euncet.com\/blog\/es\/emprendimiento-universitario-accelera-carrera\/#breadcrumb","itemListElement":[{"@type":"ListItem","position":1,"name":"Portada","item":"https:\/\/www.euncet.com\/blog\/es\/"},{"@type":"ListItem","position":2,"name":"El m\u00e9todo que acelera tu carrera profesional desde la universidad"}]},{"@type":"WebSite","@id":"https:\/\/www.euncet.com\/blog\/es\/#website","url":"https:\/\/www.euncet.com\/blog\/es\/","name":"Euncet Business School","description":"Escuela de negocios","potentialAction":[{"@type":"SearchAction","target":{"@type":"EntryPoint","urlTemplate":"https:\/\/www.euncet.com\/blog\/es\/?s={search_term_string}"},"query-input":{"@type":"PropertyValueSpecification","valueRequired":true,"valueName":"search_term_string"}}],"inLanguage":"es"},{"@type":"Person","@id":"https:\/\/www.euncet.com\/blog\/es\/#\/schema\/person\/3dcd035d489bb6d81e1a23fad6c7e1e1","name":"Toni Llop","image":{"@type":"ImageObject","inLanguage":"es","@id":"https:\/\/www.euncet.com\/blog\/wp-content\/uploads\/2025\/12\/imatge-EUNCET_Toni-Llop_300x300-96x96.png","url":"https:\/\/www.euncet.com\/blog\/wp-content\/uploads\/2025\/12\/imatge-EUNCET_Toni-Llop_300x300-96x96.png","contentUrl":"https:\/\/www.euncet.com\/blog\/wp-content\/uploads\/2025\/12\/imatge-EUNCET_Toni-Llop_300x300-96x96.png","caption":"Toni Llop"},"sameAs":["https:\/\/www.linkedin.com\/in\/toni-llop-padilla-15332772\/"],"url":"https:\/\/www.euncet.com\/blog\/es\/author\/toni-llop\/"}]}},"_links":{"self":[{"href":"https:\/\/www.euncet.com\/blog\/es\/wp-json\/wp\/v2\/posts\/67077","targetHints":{"allow":["GET"]}}],"collection":[{"href":"https:\/\/www.euncet.com\/blog\/es\/wp-json\/wp\/v2\/posts"}],"about":[{"href":"https:\/\/www.euncet.com\/blog\/es\/wp-json\/wp\/v2\/types\/post"}],"author":[{"embeddable":true,"href":"https:\/\/www.euncet.com\/blog\/es\/wp-json\/wp\/v2\/users\/41"}],"replies":[{"embeddable":true,"href":"https:\/\/www.euncet.com\/blog\/es\/wp-json\/wp\/v2\/comments?post=67077"}],"version-history":[{"count":3,"href":"https:\/\/www.euncet.com\/blog\/es\/wp-json\/wp\/v2\/posts\/67077\/revisions"}],"predecessor-version":[{"id":67197,"href":"https:\/\/www.euncet.com\/blog\/es\/wp-json\/wp\/v2\/posts\/67077\/revisions\/67197"}],"wp:featuredmedia":[{"embeddable":true,"href":"https:\/\/www.euncet.com\/blog\/es\/wp-json\/wp\/v2\/media\/67078"}],"wp:attachment":[{"href":"https:\/\/www.euncet.com\/blog\/es\/wp-json\/wp\/v2\/media?parent=67077"}],"wp:term":[{"taxonomy":"category","embeddable":true,"href":"https:\/\/www.euncet.com\/blog\/es\/wp-json\/wp\/v2\/categories?post=67077"},{"taxonomy":"post_tag","embeddable":true,"href":"https:\/\/www.euncet.com\/blog\/es\/wp-json\/wp\/v2\/tags?post=67077"}],"curies":[{"name":"wp","href":"https:\/\/api.w.org\/{rel}","templated":true}]}}